{"id":622487,"date":"2025-09-02T07:43:21","date_gmt":"2025-09-02T10:43:21","guid":{"rendered":"https:\/\/www.suno.com.br\/noticias\/?p=622487"},"modified":"2025-09-02T07:44:45","modified_gmt":"2025-09-02T10:44:45","slug":"ggrc11-dividendos-setembro-2025","status":"publish","type":"post","link":"https:\/\/www.suno.com.br\/noticias\/ggrc11-dividendos-setembro-2025\/","title":{"rendered":"GGRC11 mant\u00e9m patamar de dividendos; veja valor e quem vai receber"},"content":{"rendered":"<p>O fundo imobili\u00e1rio <strong>GGRC11 <\/strong>anunciou a <a class=\"suno-keyword\" target=\"_blank\" data-force=\"no\" data-priority=\"2\" href=\"https:\/\/www.suno.com.br\/guias\/dividendos\/\" rel=\"noopener\">distribui\u00e7\u00e3o de dividendos<\/a> de R$ 0,10 por cota, referentes aos resultados obtidos em agosto. O dividend yield da distribui\u00e7\u00e3o \u00e9 de 1,02%, considerando o pre\u00e7o de mercado de R$ 9,83 no fechamento da \u00faltima sexta-feira (29).<\/p>\t<div class=\"wrapper-featured-image\">\n\t\t<figure class=\"spotlightImg\">\n\n\t\t\t<picture>\n\t\t\t\t<source media=\"(max-width: 768px)\" srcset=\"https:\/\/files.sunoresearch.com.br\/n\/uploads\/2025\/04\/GGRC11-galpao-400x200.jpeg\">\n\t\t\t\t<img loading=\"lazy\" decoding=\"async\" class=\"newsContent__article__imgCapa lazyloadDisabled \" src=\"https:\/\/files.sunoresearch.com.br\/n\/uploads\/2025\/04\/GGRC11-galpao-800x450.jpeg\" width=\"800\" height=\"450\" alt=\"GGRC11 mant\u00e9m patamar de dividendos; veja valor e quem vai receber\" fetchpriority=high \/>\n\t\t\t<\/picture>\n\n\t\t\t<figcaption class=\"wp-caption-text wp-caption-text--show\">GGRC11 anuncia distribui\u00e7\u00e3o de dividendos para setembro; veja valor e quem recebe. Foto: divulga\u00e7\u00e3o<\/figcaption>\n\t\t<\/figure>\n\t<\/div>\n\n\n\n\n\n\n<p>O pagamento ser\u00e1 feito em 8 de setembro, de acordo com a posi\u00e7\u00e3o dos investidores ao fim do preg\u00e3o desta segunda-feira (1). O valor \u00e9 o mesmo que foi distribu\u00eddo no m\u00eas passado pelo FII que atua no segmento de im\u00f3veis log\u00edsticos, com gest\u00e3o da <strong>Zagros Capital<\/strong>.<\/p>\n\n\n\n<p>Confira abaixo a distribui\u00e7\u00e3o de <strong>dividendos do <a class=\"suno-keyword\" data-force=\"yes\" data-priority=\"2\" href=\"https:\/\/www.suno.com.br\/fundos-imobiliarios\/ggrc11\/\" target=\"_blank\" rel=\"noopener\">GGRC11<\/a><\/strong> dos \u00faltimos 12 meses:<\/p>\n\n\n\n<figure class=\"wp-block-table\"><table class=\"has-fixed-layout\"><tbody><tr><td><strong>Data Com<\/strong><\/td><td><strong>Data de pagamento<\/strong><\/td><td><strong>Valor<\/strong><\/td><\/tr><tr><td>01\/09\/2025<\/td><td>08\/09\/2025<\/td><td>0,10<\/td><\/tr><tr><td>01\/08\/2025<\/td><td>08\/08\/2025<\/td><td>0,10<\/td><\/tr><tr><td>01\/07\/2025<\/td><td>08\/07\/2025<\/td><td>0,105<\/td><\/tr><tr><td>02\/06\/2025<\/td><td>09\/06\/2025<\/td><td>0,10<\/td><\/tr><tr><td>02\/05\/2025<\/td><td>09\/05\/2025<\/td><td>0,10<\/td><\/tr><tr><td>01\/04\/2025<\/td><td>08\/04\/2025<\/td><td>0,10<\/td><\/tr><tr><td>05\/03\/2025<\/td><td>12\/03\/2025<\/td><td>0,10<\/td><\/tr><tr><td>03\/02\/2025<\/td><td>10\/02\/2025<\/td><td>0,095<\/td><\/tr><tr><td>02\/01\/2025<\/td><td>09\/01\/2025<\/td><td>0,095<\/td><\/tr><tr><td>02\/12\/2024<\/td><td>09\/12\/2024<\/td><td>0,10<\/td><\/tr><tr><td>01\/11\/2024<\/td><td>08\/11\/2024<\/td><td>0,10<\/td><\/tr><tr><td>01\/10\/2024<\/td><td>08\/10\/2024<\/td><td>0,10<\/td><\/tr><\/tbody><\/table><\/figure>\n\n\n\n<h2 class=\"wp-block-heading\">GGRC11: saiba mais sobre o fundo<\/h2>\n\n\n\n<p>O GGRC11 tem hoje um patrim\u00f4nio l\u00edquido de R$ 1,685 bilh\u00e3o, ou R$ 11,05 por cota, e vem movimentando seu portf\u00f3lio nos \u00faltimos meses por meio de uma s\u00e9rie de aquisi\u00e7\u00f5es. O fundo registrou em julho um resultado de R$ 12,9 milh\u00f5es e distribuiu R$ 0,10 por cota aos investidores em <strong>dividendos<\/strong>.\u00a0<\/p>\n\n\n\n<p>Al\u00e9m dos n\u00fameros operacionais, o fundo deu in\u00edcio \u00e0 sua 10\u00aa emiss\u00e3o de cotas e divulgou uma carta de inten\u00e7\u00f5es para a aquisi\u00e7\u00e3o de um ativo pertencente ao FII <a class=\"suno-keyword\" data-force=\"yes\" data-priority=\"2\" href=\"https:\/\/www.suno.com.br\/fundos-imobiliarios\/vtlt11\/\" target=\"_blank\" rel=\"noopener\">VTLT11<\/a>, localizado em Quatro Barras (PR) e atualmente locado \u00e0 Renault. A negocia\u00e7\u00e3o depende da aprova\u00e7\u00e3o em AGE (Assembleia Geral Extraordin\u00e1ria) de cotistas do fundo vendedor, que avaliam a proposta em compara\u00e7\u00e3o com a oferta de outra gestora, a Tellus.<\/p>\n\n\n\n<p>A gest\u00e3o informou ainda o pagamento da pen\u00faltima parcela referente ao ativo Air Liquide e a quita\u00e7\u00e3o da \u00faltima parcela do ativo Mills. O <strong>GGRC11<\/strong> tamb\u00e9m recebeu uma consulta para a poss\u00edvel venda de um pacote de ativos a outro fundo imobili\u00e1rio \u2014 mas, segundo a Zagros, ainda n\u00e3o h\u00e1 qualquer decis\u00e3o formal sobre a negocia\u00e7\u00e3o.<\/p>\n","protected":false},"excerpt":{"rendered":"<p>O fundo imobili\u00e1rio GGRC11 anunciou a distribui\u00e7\u00e3o de dividendos de R$ 0,10 por cota, referentes aos resultados obtidos em agosto. O dividend yield da distribui\u00e7\u00e3o \u00e9 de 1,02%, considerando o pre\u00e7o de mercado de R$ 9,83 no fechamento da \u00faltima sexta-feira (29). GGRC11 anuncia distribui\u00e7\u00e3o de dividendos para setembro; veja valor e quem recebe. Foto: [&hellip;]<\/p>\n","protected":false},"author":339,"featured_media":611962,"comment_status":"closed","ping_status":"closed","sticky":false,"template":"","format":"standard","meta":[],"categories":[66],"tags":[295,315,2025],"suno_strategy":[],"class_list":["post-622487","post","type-post","status-publish","format-standard","has-post-thumbnail","hentry","category-fiis","tag-dividendos","tag-fundos-imobiliarios-fiis","tag-ggrc11"],"yoast_head":"<!-- This site is optimized with the Yoast SEO plugin v24.4 - https:\/\/yoast.com\/wordpress\/plugins\/seo\/ -->\n<title>GGRC11 mant\u00e9m dividendos; veja valor e quem vai receber<\/title>\n<meta name=\"robots\" content=\"index, follow, max-snippet:-1, max-image-preview:large, max-video-preview:-1\" \/>\n<link rel=\"canonical\" href=\"https:\/\/www.suno.com.br\/noticias\/ggrc11-dividendos-setembro-2025\/\" \/>\n<meta property=\"og:locale\" content=\"pt_BR\" \/>\n<meta property=\"og:type\" content=\"article\" \/>\n<meta property=\"og:title\" content=\"GGRC11 mant\u00e9m dividendos; veja valor e quem vai receber\" \/>\n<meta property=\"og:description\" content=\"O fundo imobili\u00e1rio GGRC11 anunciou a distribui\u00e7\u00e3o de dividendos de R$ 0,10 por cota, referentes aos resultados obtidos em agosto. O dividend yield da distribui\u00e7\u00e3o \u00e9 de 1,02%, considerando o pre\u00e7o de mercado de R$ 9,83 no fechamento da \u00faltima sexta-feira (29). GGRC11 anuncia distribui\u00e7\u00e3o de dividendos para setembro; veja valor e quem recebe. Foto: [&hellip;]\" \/>\n<meta property=\"og:url\" content=\"https:\/\/www.suno.com.br\/noticias\/ggrc11-dividendos-setembro-2025\/\" \/>\n<meta property=\"og:site_name\" content=\"Suno Not\u00edcias\" \/>\n<meta property=\"article:publisher\" content=\"https:\/\/facebook.com\/sunoresearch\" \/>\n<meta property=\"og:image\" content=\"https:\/\/files.sunoresearch.com.br\/n\/uploads\/2025\/04\/GGRC11-galpao-scaled.jpeg\" \/>\n\t<meta property=\"og:image:width\" content=\"2560\" \/>\n\t<meta property=\"og:image:height\" content=\"1920\" \/>\n\t<meta property=\"og:image:type\" content=\"image\/jpeg\" \/>\n<meta name=\"author\" content=\"Fernando Cesarotti\" \/>\n<meta name=\"twitter:card\" content=\"summary_large_image\" \/>\n<meta name=\"twitter:creator\" content=\"@sunoresearch\" \/>\n<meta name=\"twitter:site\" content=\"@sunoresearch\" \/>\n<meta name=\"twitter:label1\" content=\"Escrito por\" \/>\n\t<meta name=\"twitter:data1\" content=\"Fernando Cesarotti\" \/>\n\t<meta name=\"twitter:label2\" content=\"Est. tempo de leitura\" \/>\n\t<meta name=\"twitter:data2\" content=\"2 minutos\" \/>\n<script type=\"application\/ld+json\" class=\"yoast-schema-graph\">{\"@context\":\"https:\/\/schema.org\",\"@graph\":[{\"@type\":\"NewsArticle\",\"@id\":\"https:\/\/www.suno.com.br\/noticias\/ggrc11-dividendos-setembro-2025\/#article\",\"isPartOf\":{\"@id\":\"https:\/\/www.suno.com.br\/noticias\/ggrc11-dividendos-setembro-2025\/\"},\"author\":{\"name\":\"Fernando Cesarotti\",\"@id\":\"https:\/\/www.suno.com.br\/noticias\/#\/schema\/person\/02171f82e02ec2306ed662847e114507\"},\"headline\":\"GGRC11 mant\u00e9m patamar de dividendos; veja valor e quem vai receber\",\"datePublished\":\"2025-09-02T10:43:21+00:00\",\"dateModified\":\"2025-09-02T10:44:45+00:00\",\"mainEntityOfPage\":{\"@id\":\"https:\/\/www.suno.com.br\/noticias\/ggrc11-dividendos-setembro-2025\/\"},\"wordCount\":323,\"publisher\":{\"@id\":\"https:\/\/www.suno.com.br\/noticias\/#organization\"},\"image\":{\"@id\":\"https:\/\/www.suno.com.br\/noticias\/ggrc11-dividendos-setembro-2025\/#primaryimage\"},\"thumbnailUrl\":\"https:\/\/files.sunoresearch.com.br\/n\/uploads\/2025\/04\/GGRC11-galpao-scaled.jpeg\",\"keywords\":[\"dividendos\",\"Fundos Imobili\u00e1rios (FIIs)\",\"GGRC11\"],\"articleSection\":[\"FIIs\"],\"inLanguage\":\"pt-BR\"},{\"@type\":\"WebPage\",\"@id\":\"https:\/\/www.suno.com.br\/noticias\/ggrc11-dividendos-setembro-2025\/\",\"url\":\"https:\/\/www.suno.com.br\/noticias\/ggrc11-dividendos-setembro-2025\/\",\"name\":\"GGRC11 mant\u00e9m dividendos; veja valor e quem vai receber\",\"isPartOf\":{\"@id\":\"https:\/\/www.suno.com.br\/noticias\/#website\"},\"primaryImageOfPage\":{\"@id\":\"https:\/\/www.suno.com.br\/noticias\/ggrc11-dividendos-setembro-2025\/#primaryimage\"},\"image\":{\"@id\":\"https:\/\/www.suno.com.br\/noticias\/ggrc11-dividendos-setembro-2025\/#primaryimage\"},\"thumbnailUrl\":\"https:\/\/files.sunoresearch.com.br\/n\/uploads\/2025\/04\/GGRC11-galpao-scaled.jpeg\",\"datePublished\":\"2025-09-02T10:43:21+00:00\",\"dateModified\":\"2025-09-02T10:44:45+00:00\",\"breadcrumb\":{\"@id\":\"https:\/\/www.suno.com.br\/noticias\/ggrc11-dividendos-setembro-2025\/#breadcrumb\"},\"inLanguage\":\"pt-BR\",\"potentialAction\":[{\"@type\":\"ReadAction\",\"target\":[\"https:\/\/www.suno.com.br\/noticias\/ggrc11-dividendos-setembro-2025\/\"]}]},{\"@type\":\"ImageObject\",\"inLanguage\":\"pt-BR\",\"@id\":\"https:\/\/www.suno.com.br\/noticias\/ggrc11-dividendos-setembro-2025\/#primaryimage\",\"url\":\"https:\/\/files.sunoresearch.com.br\/n\/uploads\/2025\/04\/GGRC11-galpao-scaled.jpeg\",\"contentUrl\":\"https:\/\/files.sunoresearch.com.br\/n\/uploads\/2025\/04\/GGRC11-galpao-scaled.jpeg\",\"width\":2560,\"height\":1920,\"caption\":\"GGRC11 anuncia distribui\u00e7\u00e3o de dividendos para setembro; veja valor e quem recebe. Foto: divulga\u00e7\u00e3o\"},{\"@type\":\"BreadcrumbList\",\"@id\":\"https:\/\/www.suno.com.br\/noticias\/ggrc11-dividendos-setembro-2025\/#breadcrumb\",\"itemListElement\":[{\"@type\":\"ListItem\",\"position\":1,\"name\":\"Not\u00edcias\",\"item\":\"https:\/\/www.suno.com.br\/noticias\/\"},{\"@type\":\"ListItem\",\"position\":2,\"name\":\"FIIs\",\"item\":\"https:\/\/www.suno.com.br\/noticias\/fiis\/\"},{\"@type\":\"ListItem\",\"position\":3,\"name\":\"GGRC11 mant\u00e9m patamar de dividendos; veja valor e quem vai receber\"}]},{\"@type\":\"WebSite\",\"@id\":\"https:\/\/www.suno.com.br\/noticias\/#website\",\"url\":\"https:\/\/www.suno.com.br\/noticias\/\",\"name\":\"Suno Not\u00edcias\",\"description\":\"Seu portal de informa\u00e7\u00e3o sobre o mundo dos investimentos\",\"publisher\":{\"@id\":\"https:\/\/www.suno.com.br\/noticias\/#organization\"},\"potentialAction\":[{\"@type\":\"SearchAction\",\"target\":{\"@type\":\"EntryPoint\",\"urlTemplate\":\"https:\/\/www.suno.com.br\/noticias\/?s={search_term_string}\"},\"query-input\":{\"@type\":\"PropertyValueSpecification\",\"valueRequired\":true,\"valueName\":\"search_term_string\"}}],\"inLanguage\":\"pt-BR\"},{\"@type\":\"Organization\",\"@id\":\"https:\/\/www.suno.com.br\/noticias\/#organization\",\"name\":\"Suno Not\u00edcias\",\"url\":\"https:\/\/www.suno.com.br\/noticias\/\",\"logo\":{\"@type\":\"ImageObject\",\"inLanguage\":\"pt-BR\",\"@id\":\"https:\/\/www.suno.com.br\/noticias\/#\/schema\/logo\/image\/\",\"url\":\"https:\/\/files.sunoresearch.com.br\/n\/uploads\/2021\/09\/suno-logo.png\",\"contentUrl\":\"https:\/\/files.sunoresearch.com.br\/n\/uploads\/2021\/09\/suno-logo.png\",\"width\":180,\"height\":180,\"caption\":\"Suno Not\u00edcias\"},\"image\":{\"@id\":\"https:\/\/www.suno.com.br\/noticias\/#\/schema\/logo\/image\/\"},\"sameAs\":[\"https:\/\/facebook.com\/sunoresearch\",\"https:\/\/x.com\/sunoresearch\",\"https:\/\/www.instagram.com\/suno\",\"https:\/\/www.linkedin.com\/company\/suno-research\/\",\"https:\/\/www.youtube.com\/c\/sunoresearch\"]},{\"@type\":\"Person\",\"@id\":\"https:\/\/www.suno.com.br\/noticias\/#\/schema\/person\/02171f82e02ec2306ed662847e114507\",\"name\":\"Fernando Cesarotti\",\"image\":{\"@type\":\"ImageObject\",\"inLanguage\":\"pt-BR\",\"@id\":\"https:\/\/www.suno.com.br\/noticias\/#\/schema\/person\/image\/\",\"url\":\"https:\/\/secure.gravatar.com\/avatar\/fc3a37e1dd6249fd3cfdc1702d00d404?s=96&r=g\",\"contentUrl\":\"https:\/\/secure.gravatar.com\/avatar\/fc3a37e1dd6249fd3cfdc1702d00d404?s=96&r=g\",\"caption\":\"Fernando Cesarotti\"},\"description\":\"Jornalista, editor do FIIs.com.br. Graduado pela Unesp, com p\u00f3s-gradua\u00e7\u00e3o em Jornalismo Liter\u00e1rio, com mais de 20 anos de experi\u00eancia em coberturas de economia, pol\u00edtica e esportes. Passagem tamb\u00e9m pelo meio acad\u00eamico, como professor universit\u00e1rio em cursos de Comunica\u00e7\u00e3o e l\u00edder de empresa j\u00fanior.\",\"url\":\"https:\/\/www.suno.com.br\/noticias\/author\/fcesarottigmail-com\/\"}]}<\/script>\n<!-- \/ Yoast SEO plugin. -->","yoast_head_json":{"title":"GGRC11 mant\u00e9m dividendos; veja valor e quem vai receber","robots":{"index":"index","follow":"follow","max-snippet":"max-snippet:-1","max-image-preview":"max-image-preview:large","max-video-preview":"max-video-preview:-1"},"canonical":"https:\/\/www.suno.com.br\/noticias\/ggrc11-dividendos-setembro-2025\/","og_locale":"pt_BR","og_type":"article","og_title":"GGRC11 mant\u00e9m dividendos; veja valor e quem vai receber","og_description":"O fundo imobili\u00e1rio GGRC11 anunciou a distribui\u00e7\u00e3o de dividendos de R$ 0,10 por cota, referentes aos resultados obtidos em agosto. O dividend yield da distribui\u00e7\u00e3o \u00e9 de 1,02%, considerando o pre\u00e7o de mercado de R$ 9,83 no fechamento da \u00faltima sexta-feira (29). GGRC11 anuncia distribui\u00e7\u00e3o de dividendos para setembro; veja valor e quem recebe. Foto: [&hellip;]","og_url":"https:\/\/www.suno.com.br\/noticias\/ggrc11-dividendos-setembro-2025\/","og_site_name":"Suno Not\u00edcias","article_publisher":"https:\/\/facebook.com\/sunoresearch","og_image":[{"width":2560,"height":1920,"url":"https:\/\/files.sunoresearch.com.br\/n\/uploads\/2025\/04\/GGRC11-galpao-scaled.jpeg","type":"image\/jpeg"}],"author":"Fernando Cesarotti","twitter_card":"summary_large_image","twitter_creator":"@sunoresearch","twitter_site":"@sunoresearch","twitter_misc":{"Escrito por":"Fernando Cesarotti","Est. tempo de leitura":"2 minutos"},"schema":{"@context":"https:\/\/schema.org","@graph":[{"@type":"NewsArticle","@id":"https:\/\/www.suno.com.br\/noticias\/ggrc11-dividendos-setembro-2025\/#article","isPartOf":{"@id":"https:\/\/www.suno.com.br\/noticias\/ggrc11-dividendos-setembro-2025\/"},"author":{"name":"Fernando Cesarotti","@id":"https:\/\/www.suno.com.br\/noticias\/#\/schema\/person\/02171f82e02ec2306ed662847e114507"},"headline":"GGRC11 mant\u00e9m patamar de dividendos; veja valor e quem vai receber","datePublished":"2025-09-02T10:43:21+00:00","dateModified":"2025-09-02T10:44:45+00:00","mainEntityOfPage":{"@id":"https:\/\/www.suno.com.br\/noticias\/ggrc11-dividendos-setembro-2025\/"},"wordCount":323,"publisher":{"@id":"https:\/\/www.suno.com.br\/noticias\/#organization"},"image":{"@id":"https:\/\/www.suno.com.br\/noticias\/ggrc11-dividendos-setembro-2025\/#primaryimage"},"thumbnailUrl":"https:\/\/files.sunoresearch.com.br\/n\/uploads\/2025\/04\/GGRC11-galpao-scaled.jpeg","keywords":["dividendos","Fundos Imobili\u00e1rios (FIIs)","GGRC11"],"articleSection":["FIIs"],"inLanguage":"pt-BR"},{"@type":"WebPage","@id":"https:\/\/www.suno.com.br\/noticias\/ggrc11-dividendos-setembro-2025\/","url":"https:\/\/www.suno.com.br\/noticias\/ggrc11-dividendos-setembro-2025\/","name":"GGRC11 mant\u00e9m dividendos; veja valor e quem vai receber","isPartOf":{"@id":"https:\/\/www.suno.com.br\/noticias\/#website"},"primaryImageOfPage":{"@id":"https:\/\/www.suno.com.br\/noticias\/ggrc11-dividendos-setembro-2025\/#primaryimage"},"image":{"@id":"https:\/\/www.suno.com.br\/noticias\/ggrc11-dividendos-setembro-2025\/#primaryimage"},"thumbnailUrl":"https:\/\/files.sunoresearch.com.br\/n\/uploads\/2025\/04\/GGRC11-galpao-scaled.jpeg","datePublished":"2025-09-02T10:43:21+00:00","dateModified":"2025-09-02T10:44:45+00:00","breadcrumb":{"@id":"https:\/\/www.suno.com.br\/noticias\/ggrc11-dividendos-setembro-2025\/#breadcrumb"},"inLanguage":"pt-BR","potentialAction":[{"@type":"ReadAction","target":["https:\/\/www.suno.com.br\/noticias\/ggrc11-dividendos-setembro-2025\/"]}]},{"@type":"ImageObject","inLanguage":"pt-BR","@id":"https:\/\/www.suno.com.br\/noticias\/ggrc11-dividendos-setembro-2025\/#primaryimage","url":"https:\/\/files.sunoresearch.com.br\/n\/uploads\/2025\/04\/GGRC11-galpao-scaled.jpeg","contentUrl":"https:\/\/files.sunoresearch.com.br\/n\/uploads\/2025\/04\/GGRC11-galpao-scaled.jpeg","width":2560,"height":1920,"caption":"GGRC11 anuncia distribui\u00e7\u00e3o de dividendos para setembro; veja valor e quem recebe. Foto: divulga\u00e7\u00e3o"},{"@type":"BreadcrumbList","@id":"https:\/\/www.suno.com.br\/noticias\/ggrc11-dividendos-setembro-2025\/#breadcrumb","itemListElement":[{"@type":"ListItem","position":1,"name":"Not\u00edcias","item":"https:\/\/www.suno.com.br\/noticias\/"},{"@type":"ListItem","position":2,"name":"FIIs","item":"https:\/\/www.suno.com.br\/noticias\/fiis\/"},{"@type":"ListItem","position":3,"name":"GGRC11 mant\u00e9m patamar de dividendos; veja valor e quem vai receber"}]},{"@type":"WebSite","@id":"https:\/\/www.suno.com.br\/noticias\/#website","url":"https:\/\/www.suno.com.br\/noticias\/","name":"Suno Not\u00edcias","description":"Seu portal de informa\u00e7\u00e3o sobre o mundo dos investimentos","publisher":{"@id":"https:\/\/www.suno.com.br\/noticias\/#organization"},"potentialAction":[{"@type":"SearchAction","target":{"@type":"EntryPoint","urlTemplate":"https:\/\/www.suno.com.br\/noticias\/?s={search_term_string}"},"query-input":{"@type":"PropertyValueSpecification","valueRequired":true,"valueName":"search_term_string"}}],"inLanguage":"pt-BR"},{"@type":"Organization","@id":"https:\/\/www.suno.com.br\/noticias\/#organization","name":"Suno Not\u00edcias","url":"https:\/\/www.suno.com.br\/noticias\/","logo":{"@type":"ImageObject","inLanguage":"pt-BR","@id":"https:\/\/www.suno.com.br\/noticias\/#\/schema\/logo\/image\/","url":"https:\/\/files.sunoresearch.com.br\/n\/uploads\/2021\/09\/suno-logo.png","contentUrl":"https:\/\/files.sunoresearch.com.br\/n\/uploads\/2021\/09\/suno-logo.png","width":180,"height":180,"caption":"Suno Not\u00edcias"},"image":{"@id":"https:\/\/www.suno.com.br\/noticias\/#\/schema\/logo\/image\/"},"sameAs":["https:\/\/facebook.com\/sunoresearch","https:\/\/x.com\/sunoresearch","https:\/\/www.instagram.com\/suno","https:\/\/www.linkedin.com\/company\/suno-research\/","https:\/\/www.youtube.com\/c\/sunoresearch"]},{"@type":"Person","@id":"https:\/\/www.suno.com.br\/noticias\/#\/schema\/person\/02171f82e02ec2306ed662847e114507","name":"Fernando Cesarotti","image":{"@type":"ImageObject","inLanguage":"pt-BR","@id":"https:\/\/www.suno.com.br\/noticias\/#\/schema\/person\/image\/","url":"https:\/\/secure.gravatar.com\/avatar\/fc3a37e1dd6249fd3cfdc1702d00d404?s=96&r=g","contentUrl":"https:\/\/secure.gravatar.com\/avatar\/fc3a37e1dd6249fd3cfdc1702d00d404?s=96&r=g","caption":"Fernando Cesarotti"},"description":"Jornalista, editor do FIIs.com.br. Graduado pela Unesp, com p\u00f3s-gradua\u00e7\u00e3o em Jornalismo Liter\u00e1rio, com mais de 20 anos de experi\u00eancia em coberturas de economia, pol\u00edtica e esportes. Passagem tamb\u00e9m pelo meio acad\u00eamico, como professor universit\u00e1rio em cursos de Comunica\u00e7\u00e3o e l\u00edder de empresa j\u00fanior.","url":"https:\/\/www.suno.com.br\/noticias\/author\/fcesarottigmail-com\/"}]}},"default_loop_html":"<div class=\"cardsPage__listCard__boxs\"><div class=\"cardsPage__listCard__boxs__img\"><a href=\"https:\/\/www.suno.com.br\/noticias\/ggrc11-dividendos-setembro-2025\/\"><img class=\"mask\" src=\"https:\/\/www.suno.com.br\/noticias\/wp-content\/themes\/suno\/resources\/images\/spotlight\/spotlight1img\/bg-mask.png\" alt=\"Image Mask\"\/><img src=\"https:\/\/files.sunoresearch.com.br\/n\/uploads\/2025\/04\/GGRC11-galpao-400x200.jpeg\" alt=\"GGRC11 mant\u00e9m patamar de dividendos; veja valor e quem vai receber\"\/><\/a><span class=\"spotlightCategory\"><a href=\"https:\/\/www.suno.com.br\/noticias\/fiis\/\">FIIs<\/a><\/span><\/div><div class=\"cardsPage__listCard__boxs__content\"><a href=\"https:\/\/www.suno.com.br\/noticias\/ggrc11-dividendos-setembro-2025\/\"><h2 class=\"content__title\">GGRC11 mant\u00e9m patamar de dividendos; veja valor e quem vai receber<\/h2><\/a><div class=\"newsContent__article__meta\"><div class=\"newsContent__article__meta__authorBox\"><a href=\"https:\/\/www.suno.com.br\/noticias\/author\/fcesarottigmail-com\/\" class=\"authorBox__avatar noMobi\"><img src=\"https:\/\/files.sunoresearch.com.br\/n\/uploads\/2024\/02\/perfil-150x150.jpg\" alt=\"Fernando Cesarotti\"><\/a><div class=\"authorBox__name\"><span>por\n\t\t\t<a href=\"https:\/\/www.suno.com.br\/noticias\/author\/fcesarottigmail-com\/\"><span itemprop=\"author\">Fernando Cesarotti<\/span><\/a><\/span><time datetime=\"2025-09-02T07:43:21-03:00\" itemprop=\"datePublished\">02\/09\/2025 07:43<\/time><\/div><\/div><\/div><\/div><\/div>","single_layout":"posts","amp_enabled":true,"_links":{"self":[{"href":"https:\/\/www.suno.com.br\/noticias\/wp-json\/wp\/v2\/posts\/622487"}],"collection":[{"href":"https:\/\/www.suno.com.br\/noticias\/wp-json\/wp\/v2\/posts"}],"about":[{"href":"https:\/\/www.suno.com.br\/noticias\/wp-json\/wp\/v2\/types\/post"}],"author":[{"embeddable":true,"href":"https:\/\/www.suno.com.br\/noticias\/wp-json\/wp\/v2\/users\/339"}],"replies":[{"embeddable":true,"href":"https:\/\/www.suno.com.br\/noticias\/wp-json\/wp\/v2\/comments?post=622487"}],"version-history":[{"count":3,"href":"https:\/\/www.suno.com.br\/noticias\/wp-json\/wp\/v2\/posts\/622487\/revisions"}],"predecessor-version":[{"id":622490,"href":"https:\/\/www.suno.com.br\/noticias\/wp-json\/wp\/v2\/posts\/622487\/revisions\/622490"}],"wp:featuredmedia":[{"embeddable":true,"href":"https:\/\/www.suno.com.br\/noticias\/wp-json\/wp\/v2\/media\/611962"}],"wp:attachment":[{"href":"https:\/\/www.suno.com.br\/noticias\/wp-json\/wp\/v2\/media?parent=622487"}],"wp:term":[{"taxonomy":"category","embeddable":true,"href":"https:\/\/www.suno.com.br\/noticias\/wp-json\/wp\/v2\/categories?post=622487"},{"taxonomy":"post_tag","embeddable":true,"href":"https:\/\/www.suno.com.br\/noticias\/wp-json\/wp\/v2\/tags?post=622487"},{"taxonomy":"suno_strategy","embeddable":true,"href":"https:\/\/www.suno.com.br\/noticias\/wp-json\/wp\/v2\/suno_strategy?post=622487"}],"curies":[{"name":"wp","href":"https:\/\/api.w.org\/{rel}","templated":true}]}}