{"id":62218,"date":"2020-04-22T10:27:51","date_gmt":"2020-04-22T13:27:51","guid":{"rendered":"https:\/\/www.suno.com.br\/noticias\/?p=62218"},"modified":"2020-04-22T12:04:54","modified_gmt":"2020-04-22T15:04:54","slug":"coronavirus-alemanha-aprova-primeiro-teste-clinico-de-vacina","status":"publish","type":"post","link":"https:\/\/www.suno.com.br\/noticias\/coronavirus-alemanha-aprova-primeiro-teste-clinico-de-vacina\/","title":{"rendered":"Coronav\u00edrus: Alemanha aprova primeiro teste cl\u00ednico de vacina"},"content":{"rendered":"<p>O governo da Alemanha autorizou nesta quarta-feira (22) a realiza\u00e7\u00e3o dos primeiros testes cl\u00ednicos de uma vacina contra o <a href=\"https:\/\/www.suno.com.br\/noticias\/coronavirus\/\"><strong>novo coronav\u00edrus<\/strong> (covid-19)<\/a>.<\/p>\t<div class=\"wrapper-featured-image\">\n\t\t<figure class=\"spotlightImg\">\n\n\t\t\t<picture>\n\t\t\t\t<source media=\"(max-width: 768px)\" srcset=\"https:\/\/files.sunoresearch.com.br\/n\/uploads\/2020\/03\/5462803e-corona-400x200.webp\">\n\t\t\t\t<img loading=\"lazy\" decoding=\"async\" class=\"newsContent__article__imgCapa lazyloadDisabled newsContent__article__imgCapa--noCaption\" src=\"https:\/\/files.sunoresearch.com.br\/n\/uploads\/2020\/03\/5462803e-corona-800x450.webp\" width=\"800\" height=\"450\" alt=\"Coronav\u00edrus: Alemanha aprova primeiro teste cl\u00ednico de vacina\" fetchpriority=high \/>\n\t\t\t<\/picture>\n\n\t\t\t<figcaption class=\"wp-caption-text wp-caption-text--hide\">coronav\u00edrus<\/figcaption>\n\t\t<\/figure>\n\t<\/div>\n\n\n\n<p>Ao todo, ser\u00e3o 200 volunt\u00e1rios saud\u00e1veis, com idades entre 18 e 55 anos, a testar o prot\u00f3tipo contra o novo coronav\u00edrus. Os testes ser\u00e3o realizados pela BioNTech e Pfizer.<\/p>\n<p><a href=\"https:\/\/lp.suno.com.br\/suno-one\/\">Garanta acesso gratuito \u00e0 eBooks, Minicursos, Artigos e Video Aulas com um \u00fanico cadastro. Clique para saber mais.<\/a><\/p>\n<p>Segundo o Instituto Paul-Ehrlich, \u00f3rg\u00e3o regulamentador do pa\u00eds, a aprova\u00e7\u00e3o foi &#8220;resultado de uma cuidadosa avalia\u00e7\u00e3o&#8221; de risco e benef\u00edcio da vacina. O m\u00e9todo a ser testado faz parte de um programa global de pesquisa.<\/p>\n<p>Os testes ter\u00e3o como objetivo a dose correta a ser aplicada e avalia\u00e7\u00e3o da seguran\u00e7a e a efici\u00eancia do m\u00e9todo preventivo. Trata-se da primeira fase, a segunda ir\u00e1 incluir volunt\u00e1rios com risco maior de serem afetados mais severamente pela covid-19.<\/p>\n<p>&#8220;\u00c9 uma etapa importante no caminho para o desenvolvimento de vacinas seguras e eficazes contra o coronav\u00edrus para a popula\u00e7\u00e3o da Alemanha e fora do pa\u00eds&#8221;, infomou o instituto.<\/p>\n<h2>Coronav\u00edrus reduz atividade global a pior n\u00edvel desde 1929, diz FMI<\/h2>\n<p>A diretora-gerente do <a href=\"https:\/\/www.suno.com.br\/artigos\/fmi\/\">Fundo Monet\u00e1rio Internacional (FMI)<\/a>, Kristalina Georgieva, afirmou na \u00faltima segunda-feira (20) que a pandemia da covid-19 levar\u00e1 a economia global ao menor n\u00edvel desde a <a href=\"https:\/\/www.suno.com.br\/artigos\/a-grande-depressao\/\">Grande Depress\u00e3o<\/a>.<\/p>\n<p>A dirigente da entidade relembrou que &#8220;j\u00e1 h\u00e1 algum tempo que esta \u00e9 uma crise como nenhuma outra&#8221;. Segundo Georgieva, devido ao coronav\u00edrus, o FMI estima que cerca de 170 pa\u00edses v\u00e3o reduzir sua renda per capita. &#8220;Apenas alguns meses atr\u00e1s nossas proje\u00e7\u00f5es mostravam 160 economias com um crescimento na renda per capita&#8221;, afirmou.<\/p>\n<p>Georgieva reitera que a situa\u00e7\u00e3o causada pelo <strong>coronav\u00edrus<\/strong> \u00e9 muito mais complexa em rela\u00e7\u00e3o \u00e0s outras crises, uma vez que lida com sa\u00fade e economia diretamente interligadas. A diretora declarou ainda que o n\u00edvel de incertezas sobre o futuro ainda \u00e9 alto. &#8220;H\u00e1 mais incertezas na medida em que n\u00f3s aprendemos gradualmente como enfrentar o novo v\u00edrus, tornar a conten\u00e7\u00e3o mais efetiva e restaurar as nossas economias&#8221;, afirmou.<\/p>\n\n","protected":false},"excerpt":{"rendered":"<p>O governo da Alemanha autorizou nesta quarta-feira (22) a realiza\u00e7\u00e3o dos primeiros testes cl\u00ednicos de uma vacina contra o novo coronav\u00edrus (covid-19). coronav\u00edrus Ao todo, ser\u00e3o 200 volunt\u00e1rios saud\u00e1veis, com idades entre 18 e 55 anos, a testar o prot\u00f3tipo contra o novo coronav\u00edrus. Os testes ser\u00e3o realizados pela BioNTech e Pfizer. Garanta acesso gratuito [&hellip;]<\/p>\n","protected":false},"author":15,"featured_media":57084,"comment_status":"closed","ping_status":"closed","sticky":false,"template":"","format":"standard","meta":[],"categories":[63],"tags":[856,2487,5255,25002],"suno_strategy":[],"class_list":["post-62218","post","type-post","status-publish","format-standard","has-post-thumbnail","hentry","category-internacional","tag-alemanha","tag-coronavirus","tag-covid-19","tag-vacina"],"yoast_head":"<!-- This site is optimized with the Yoast SEO plugin v24.4 - https:\/\/yoast.com\/wordpress\/plugins\/seo\/ -->\n<title>Coronav\u00edrus: Alemanha aprova primeiro teste cl\u00ednico de vacina<\/title>\n<meta name=\"description\" content=\"O governo da Alemanha autorizou a realiza\u00e7\u00e3o dos primeiros testes cl\u00ednicos de uma vacina contra o novo coronav\u00edrus. Clique aqui e saiba mais\" \/>\n<meta name=\"robots\" content=\"index, follow, max-snippet:-1, max-image-preview:large, max-video-preview:-1\" \/>\n<link rel=\"canonical\" href=\"https:\/\/www.suno.com.br\/noticias\/coronavirus-alemanha-aprova-primeiro-teste-clinico-de-vacina\/\" \/>\n<meta property=\"og:locale\" content=\"pt_BR\" \/>\n<meta property=\"og:type\" content=\"article\" \/>\n<meta property=\"og:title\" content=\"Coronav\u00edrus: Alemanha aprova primeiro teste cl\u00ednico de vacina\" \/>\n<meta property=\"og:description\" content=\"O governo da Alemanha autorizou a realiza\u00e7\u00e3o dos primeiros testes cl\u00ednicos de uma vacina contra o novo coronav\u00edrus. Clique aqui e saiba mais\" \/>\n<meta property=\"og:url\" content=\"https:\/\/www.suno.com.br\/noticias\/coronavirus-alemanha-aprova-primeiro-teste-clinico-de-vacina\/\" \/>\n<meta property=\"og:site_name\" content=\"Suno Not\u00edcias\" \/>\n<meta property=\"article:publisher\" content=\"https:\/\/facebook.com\/sunoresearch\" \/>\n<meta property=\"og:image\" content=\"https:\/\/files.sunoresearch.com.br\/n\/uploads\/2020\/03\/5462803e-corona-1024x581.jpg\" \/>\n\t<meta property=\"og:image:width\" content=\"1024\" \/>\n\t<meta property=\"og:image:height\" content=\"581\" \/>\n\t<meta property=\"og:image:type\" content=\"image\/jpeg\" \/>\n<meta name=\"author\" content=\"Poliana Santos\" \/>\n<meta name=\"twitter:card\" content=\"summary_large_image\" \/>\n<meta name=\"twitter:creator\" content=\"@sunoresearch\" \/>\n<meta name=\"twitter:site\" content=\"@sunoresearch\" \/>\n<meta name=\"twitter:label1\" content=\"Escrito por\" \/>\n\t<meta name=\"twitter:data1\" content=\"Poliana Santos\" \/>\n\t<meta name=\"twitter:label2\" content=\"Est. tempo de leitura\" \/>\n\t<meta name=\"twitter:data2\" content=\"2 minutos\" \/>\n<script type=\"application\/ld+json\" class=\"yoast-schema-graph\">{\"@context\":\"https:\/\/schema.org\",\"@graph\":[{\"@type\":\"NewsArticle\",\"@id\":\"https:\/\/www.suno.com.br\/noticias\/coronavirus-alemanha-aprova-primeiro-teste-clinico-de-vacina\/#article\",\"isPartOf\":{\"@id\":\"https:\/\/www.suno.com.br\/noticias\/coronavirus-alemanha-aprova-primeiro-teste-clinico-de-vacina\/\"},\"author\":{\"name\":\"Poliana Santos\",\"@id\":\"https:\/\/www.suno.com.br\/noticias\/#\/schema\/person\/02ec1f752758247878a2bf4abee1aeda\"},\"headline\":\"Coronav\u00edrus: Alemanha aprova primeiro teste cl\u00ednico de vacina\",\"datePublished\":\"2020-04-22T13:27:51+00:00\",\"dateModified\":\"2020-04-22T15:04:54+00:00\",\"mainEntityOfPage\":{\"@id\":\"https:\/\/www.suno.com.br\/noticias\/coronavirus-alemanha-aprova-primeiro-teste-clinico-de-vacina\/\"},\"wordCount\":383,\"publisher\":{\"@id\":\"https:\/\/www.suno.com.br\/noticias\/#organization\"},\"image\":{\"@id\":\"https:\/\/www.suno.com.br\/noticias\/coronavirus-alemanha-aprova-primeiro-teste-clinico-de-vacina\/#primaryimage\"},\"thumbnailUrl\":\"https:\/\/files.sunoresearch.com.br\/n\/uploads\/2020\/03\/5462803e-corona-jpg.webp\",\"keywords\":[\"Alemanha\",\"coronav\u00edrus\",\"covid-19\",\"vacina\"],\"articleSection\":[\"Internacional\"],\"inLanguage\":\"pt-BR\"},{\"@type\":\"WebPage\",\"@id\":\"https:\/\/www.suno.com.br\/noticias\/coronavirus-alemanha-aprova-primeiro-teste-clinico-de-vacina\/\",\"url\":\"https:\/\/www.suno.com.br\/noticias\/coronavirus-alemanha-aprova-primeiro-teste-clinico-de-vacina\/\",\"name\":\"Coronav\u00edrus: Alemanha aprova primeiro teste cl\u00ednico de vacina\",\"isPartOf\":{\"@id\":\"https:\/\/www.suno.com.br\/noticias\/#website\"},\"primaryImageOfPage\":{\"@id\":\"https:\/\/www.suno.com.br\/noticias\/coronavirus-alemanha-aprova-primeiro-teste-clinico-de-vacina\/#primaryimage\"},\"image\":{\"@id\":\"https:\/\/www.suno.com.br\/noticias\/coronavirus-alemanha-aprova-primeiro-teste-clinico-de-vacina\/#primaryimage\"},\"thumbnailUrl\":\"https:\/\/files.sunoresearch.com.br\/n\/uploads\/2020\/03\/5462803e-corona-jpg.webp\",\"datePublished\":\"2020-04-22T13:27:51+00:00\",\"dateModified\":\"2020-04-22T15:04:54+00:00\",\"description\":\"O governo da Alemanha autorizou a realiza\u00e7\u00e3o dos primeiros testes cl\u00ednicos de uma vacina contra o novo coronav\u00edrus. Clique aqui e saiba mais\",\"breadcrumb\":{\"@id\":\"https:\/\/www.suno.com.br\/noticias\/coronavirus-alemanha-aprova-primeiro-teste-clinico-de-vacina\/#breadcrumb\"},\"inLanguage\":\"pt-BR\",\"potentialAction\":[{\"@type\":\"ReadAction\",\"target\":[\"https:\/\/www.suno.com.br\/noticias\/coronavirus-alemanha-aprova-primeiro-teste-clinico-de-vacina\/\"]}]},{\"@type\":\"ImageObject\",\"inLanguage\":\"pt-BR\",\"@id\":\"https:\/\/www.suno.com.br\/noticias\/coronavirus-alemanha-aprova-primeiro-teste-clinico-de-vacina\/#primaryimage\",\"url\":\"https:\/\/files.sunoresearch.com.br\/n\/uploads\/2020\/03\/5462803e-corona-jpg.webp\",\"contentUrl\":\"https:\/\/files.sunoresearch.com.br\/n\/uploads\/2020\/03\/5462803e-corona-jpg.webp\",\"width\":2183,\"height\":1239,\"caption\":\"coronav\u00edrus\"},{\"@type\":\"BreadcrumbList\",\"@id\":\"https:\/\/www.suno.com.br\/noticias\/coronavirus-alemanha-aprova-primeiro-teste-clinico-de-vacina\/#breadcrumb\",\"itemListElement\":[{\"@type\":\"ListItem\",\"position\":1,\"name\":\"Not\u00edcias\",\"item\":\"https:\/\/www.suno.com.br\/noticias\/\"},{\"@type\":\"ListItem\",\"position\":2,\"name\":\"Internacional\",\"item\":\"https:\/\/www.suno.com.br\/noticias\/internacional\/\"},{\"@type\":\"ListItem\",\"position\":3,\"name\":\"Coronav\u00edrus: Alemanha aprova primeiro teste cl\u00ednico de vacina\"}]},{\"@type\":\"WebSite\",\"@id\":\"https:\/\/www.suno.com.br\/noticias\/#website\",\"url\":\"https:\/\/www.suno.com.br\/noticias\/\",\"name\":\"Suno Not\u00edcias\",\"description\":\"Seu portal de informa\u00e7\u00e3o sobre o mundo dos investimentos\",\"publisher\":{\"@id\":\"https:\/\/www.suno.com.br\/noticias\/#organization\"},\"potentialAction\":[{\"@type\":\"SearchAction\",\"target\":{\"@type\":\"EntryPoint\",\"urlTemplate\":\"https:\/\/www.suno.com.br\/noticias\/?s={search_term_string}\"},\"query-input\":{\"@type\":\"PropertyValueSpecification\",\"valueRequired\":true,\"valueName\":\"search_term_string\"}}],\"inLanguage\":\"pt-BR\"},{\"@type\":\"Organization\",\"@id\":\"https:\/\/www.suno.com.br\/noticias\/#organization\",\"name\":\"Suno Not\u00edcias\",\"url\":\"https:\/\/www.suno.com.br\/noticias\/\",\"logo\":{\"@type\":\"ImageObject\",\"inLanguage\":\"pt-BR\",\"@id\":\"https:\/\/www.suno.com.br\/noticias\/#\/schema\/logo\/image\/\",\"url\":\"https:\/\/files.sunoresearch.com.br\/n\/uploads\/2021\/09\/suno-logo.png\",\"contentUrl\":\"https:\/\/files.sunoresearch.com.br\/n\/uploads\/2021\/09\/suno-logo.png\",\"width\":180,\"height\":180,\"caption\":\"Suno Not\u00edcias\"},\"image\":{\"@id\":\"https:\/\/www.suno.com.br\/noticias\/#\/schema\/logo\/image\/\"},\"sameAs\":[\"https:\/\/facebook.com\/sunoresearch\",\"https:\/\/x.com\/sunoresearch\",\"https:\/\/www.instagram.com\/suno\",\"https:\/\/www.linkedin.com\/company\/suno-research\/\",\"https:\/\/www.youtube.com\/c\/sunoresearch\"]},{\"@type\":\"Person\",\"@id\":\"https:\/\/www.suno.com.br\/noticias\/#\/schema\/person\/02ec1f752758247878a2bf4abee1aeda\",\"name\":\"Poliana Santos\",\"image\":{\"@type\":\"ImageObject\",\"inLanguage\":\"pt-BR\",\"@id\":\"https:\/\/www.suno.com.br\/noticias\/#\/schema\/person\/image\/\",\"url\":\"https:\/\/secure.gravatar.com\/avatar\/0645bd32f23d87b2130f2b2dff1d3f8d?s=96&r=g\",\"contentUrl\":\"https:\/\/secure.gravatar.com\/avatar\/0645bd32f23d87b2130f2b2dff1d3f8d?s=96&r=g\",\"caption\":\"Poliana Santos\"},\"description\":\"Rep\u00f3rter no Suno Not\u00edcias, com cobertura em mercado financeiro, economia, finan\u00e7as pessoais, renda fixa e varejo. Jornalista formada pela Faculdade C\u00e1sper L\u00edbero e possui passagem na R\u00e1dio Gazeta AM com a produ\u00e7\u00e3o de conte\u00fado sobre economia, pol\u00edtica, sa\u00fade, moda e m\u00fasica. Possui certificado de conclus\u00e3o do curso de An\u00e1lise de Balan\u00e7os pela Funda\u00e7\u00e3o Bradesco, Agenda Brasil pela FAAP, Educa\u00e7\u00e3o Pol\u00edtica por Alexandre Garcia e do Tesouro Direto e Mercado de A\u00e7\u00f5es pela B3.\",\"url\":\"https:\/\/www.suno.com.br\/noticias\/author\/poliana-santos\/\"}]}<\/script>\n<!-- \/ Yoast SEO plugin. -->","yoast_head_json":{"title":"Coronav\u00edrus: Alemanha aprova primeiro teste cl\u00ednico de vacina","description":"O governo da Alemanha autorizou a realiza\u00e7\u00e3o dos primeiros testes cl\u00ednicos de uma vacina contra o novo coronav\u00edrus. Clique aqui e saiba mais","robots":{"index":"index","follow":"follow","max-snippet":"max-snippet:-1","max-image-preview":"max-image-preview:large","max-video-preview":"max-video-preview:-1"},"canonical":"https:\/\/www.suno.com.br\/noticias\/coronavirus-alemanha-aprova-primeiro-teste-clinico-de-vacina\/","og_locale":"pt_BR","og_type":"article","og_title":"Coronav\u00edrus: Alemanha aprova primeiro teste cl\u00ednico de vacina","og_description":"O governo da Alemanha autorizou a realiza\u00e7\u00e3o dos primeiros testes cl\u00ednicos de uma vacina contra o novo coronav\u00edrus. Clique aqui e saiba mais","og_url":"https:\/\/www.suno.com.br\/noticias\/coronavirus-alemanha-aprova-primeiro-teste-clinico-de-vacina\/","og_site_name":"Suno Not\u00edcias","article_publisher":"https:\/\/facebook.com\/sunoresearch","og_image":[{"width":1024,"height":581,"url":"https:\/\/files.sunoresearch.com.br\/n\/uploads\/2020\/03\/5462803e-corona-1024x581.jpg","type":"image\/jpeg"}],"author":"Poliana Santos","twitter_card":"summary_large_image","twitter_creator":"@sunoresearch","twitter_site":"@sunoresearch","twitter_misc":{"Escrito por":"Poliana Santos","Est. tempo de leitura":"2 minutos"},"schema":{"@context":"https:\/\/schema.org","@graph":[{"@type":"NewsArticle","@id":"https:\/\/www.suno.com.br\/noticias\/coronavirus-alemanha-aprova-primeiro-teste-clinico-de-vacina\/#article","isPartOf":{"@id":"https:\/\/www.suno.com.br\/noticias\/coronavirus-alemanha-aprova-primeiro-teste-clinico-de-vacina\/"},"author":{"name":"Poliana Santos","@id":"https:\/\/www.suno.com.br\/noticias\/#\/schema\/person\/02ec1f752758247878a2bf4abee1aeda"},"headline":"Coronav\u00edrus: Alemanha aprova primeiro teste cl\u00ednico de vacina","datePublished":"2020-04-22T13:27:51+00:00","dateModified":"2020-04-22T15:04:54+00:00","mainEntityOfPage":{"@id":"https:\/\/www.suno.com.br\/noticias\/coronavirus-alemanha-aprova-primeiro-teste-clinico-de-vacina\/"},"wordCount":383,"publisher":{"@id":"https:\/\/www.suno.com.br\/noticias\/#organization"},"image":{"@id":"https:\/\/www.suno.com.br\/noticias\/coronavirus-alemanha-aprova-primeiro-teste-clinico-de-vacina\/#primaryimage"},"thumbnailUrl":"https:\/\/files.sunoresearch.com.br\/n\/uploads\/2020\/03\/5462803e-corona-jpg.webp","keywords":["Alemanha","coronav\u00edrus","covid-19","vacina"],"articleSection":["Internacional"],"inLanguage":"pt-BR"},{"@type":"WebPage","@id":"https:\/\/www.suno.com.br\/noticias\/coronavirus-alemanha-aprova-primeiro-teste-clinico-de-vacina\/","url":"https:\/\/www.suno.com.br\/noticias\/coronavirus-alemanha-aprova-primeiro-teste-clinico-de-vacina\/","name":"Coronav\u00edrus: Alemanha aprova primeiro teste cl\u00ednico de vacina","isPartOf":{"@id":"https:\/\/www.suno.com.br\/noticias\/#website"},"primaryImageOfPage":{"@id":"https:\/\/www.suno.com.br\/noticias\/coronavirus-alemanha-aprova-primeiro-teste-clinico-de-vacina\/#primaryimage"},"image":{"@id":"https:\/\/www.suno.com.br\/noticias\/coronavirus-alemanha-aprova-primeiro-teste-clinico-de-vacina\/#primaryimage"},"thumbnailUrl":"https:\/\/files.sunoresearch.com.br\/n\/uploads\/2020\/03\/5462803e-corona-jpg.webp","datePublished":"2020-04-22T13:27:51+00:00","dateModified":"2020-04-22T15:04:54+00:00","description":"O governo da Alemanha autorizou a realiza\u00e7\u00e3o dos primeiros testes cl\u00ednicos de uma vacina contra o novo coronav\u00edrus. Clique aqui e saiba mais","breadcrumb":{"@id":"https:\/\/www.suno.com.br\/noticias\/coronavirus-alemanha-aprova-primeiro-teste-clinico-de-vacina\/#breadcrumb"},"inLanguage":"pt-BR","potentialAction":[{"@type":"ReadAction","target":["https:\/\/www.suno.com.br\/noticias\/coronavirus-alemanha-aprova-primeiro-teste-clinico-de-vacina\/"]}]},{"@type":"ImageObject","inLanguage":"pt-BR","@id":"https:\/\/www.suno.com.br\/noticias\/coronavirus-alemanha-aprova-primeiro-teste-clinico-de-vacina\/#primaryimage","url":"https:\/\/files.sunoresearch.com.br\/n\/uploads\/2020\/03\/5462803e-corona-jpg.webp","contentUrl":"https:\/\/files.sunoresearch.com.br\/n\/uploads\/2020\/03\/5462803e-corona-jpg.webp","width":2183,"height":1239,"caption":"coronav\u00edrus"},{"@type":"BreadcrumbList","@id":"https:\/\/www.suno.com.br\/noticias\/coronavirus-alemanha-aprova-primeiro-teste-clinico-de-vacina\/#breadcrumb","itemListElement":[{"@type":"ListItem","position":1,"name":"Not\u00edcias","item":"https:\/\/www.suno.com.br\/noticias\/"},{"@type":"ListItem","position":2,"name":"Internacional","item":"https:\/\/www.suno.com.br\/noticias\/internacional\/"},{"@type":"ListItem","position":3,"name":"Coronav\u00edrus: Alemanha aprova primeiro teste cl\u00ednico de vacina"}]},{"@type":"WebSite","@id":"https:\/\/www.suno.com.br\/noticias\/#website","url":"https:\/\/www.suno.com.br\/noticias\/","name":"Suno Not\u00edcias","description":"Seu portal de informa\u00e7\u00e3o sobre o mundo dos investimentos","publisher":{"@id":"https:\/\/www.suno.com.br\/noticias\/#organization"},"potentialAction":[{"@type":"SearchAction","target":{"@type":"EntryPoint","urlTemplate":"https:\/\/www.suno.com.br\/noticias\/?s={search_term_string}"},"query-input":{"@type":"PropertyValueSpecification","valueRequired":true,"valueName":"search_term_string"}}],"inLanguage":"pt-BR"},{"@type":"Organization","@id":"https:\/\/www.suno.com.br\/noticias\/#organization","name":"Suno Not\u00edcias","url":"https:\/\/www.suno.com.br\/noticias\/","logo":{"@type":"ImageObject","inLanguage":"pt-BR","@id":"https:\/\/www.suno.com.br\/noticias\/#\/schema\/logo\/image\/","url":"https:\/\/files.sunoresearch.com.br\/n\/uploads\/2021\/09\/suno-logo.png","contentUrl":"https:\/\/files.sunoresearch.com.br\/n\/uploads\/2021\/09\/suno-logo.png","width":180,"height":180,"caption":"Suno Not\u00edcias"},"image":{"@id":"https:\/\/www.suno.com.br\/noticias\/#\/schema\/logo\/image\/"},"sameAs":["https:\/\/facebook.com\/sunoresearch","https:\/\/x.com\/sunoresearch","https:\/\/www.instagram.com\/suno","https:\/\/www.linkedin.com\/company\/suno-research\/","https:\/\/www.youtube.com\/c\/sunoresearch"]},{"@type":"Person","@id":"https:\/\/www.suno.com.br\/noticias\/#\/schema\/person\/02ec1f752758247878a2bf4abee1aeda","name":"Poliana Santos","image":{"@type":"ImageObject","inLanguage":"pt-BR","@id":"https:\/\/www.suno.com.br\/noticias\/#\/schema\/person\/image\/","url":"https:\/\/secure.gravatar.com\/avatar\/0645bd32f23d87b2130f2b2dff1d3f8d?s=96&r=g","contentUrl":"https:\/\/secure.gravatar.com\/avatar\/0645bd32f23d87b2130f2b2dff1d3f8d?s=96&r=g","caption":"Poliana Santos"},"description":"Rep\u00f3rter no Suno Not\u00edcias, com cobertura em mercado financeiro, economia, finan\u00e7as pessoais, renda fixa e varejo. Jornalista formada pela Faculdade C\u00e1sper L\u00edbero e possui passagem na R\u00e1dio Gazeta AM com a produ\u00e7\u00e3o de conte\u00fado sobre economia, pol\u00edtica, sa\u00fade, moda e m\u00fasica. Possui certificado de conclus\u00e3o do curso de An\u00e1lise de Balan\u00e7os pela Funda\u00e7\u00e3o Bradesco, Agenda Brasil pela FAAP, Educa\u00e7\u00e3o Pol\u00edtica por Alexandre Garcia e do Tesouro Direto e Mercado de A\u00e7\u00f5es pela B3.","url":"https:\/\/www.suno.com.br\/noticias\/author\/poliana-santos\/"}]}},"default_loop_html":"<div class=\"cardsPage__listCard__boxs\"><div class=\"cardsPage__listCard__boxs__img\"><a href=\"https:\/\/www.suno.com.br\/noticias\/coronavirus-alemanha-aprova-primeiro-teste-clinico-de-vacina\/\"><img class=\"mask\" src=\"https:\/\/www.suno.com.br\/noticias\/wp-content\/themes\/suno\/resources\/images\/spotlight\/spotlight1img\/bg-mask.png\" alt=\"Image Mask\"\/><img src=\"https:\/\/files.sunoresearch.com.br\/n\/uploads\/2020\/03\/5462803e-corona-400x200.webp\" alt=\"Coronav\u00edrus: Alemanha aprova primeiro teste cl\u00ednico de vacina\"\/><\/a><span class=\"spotlightCategory\"><a href=\"https:\/\/www.suno.com.br\/noticias\/internacional\/\">Internacional<\/a><\/span><\/div><div class=\"cardsPage__listCard__boxs__content\"><a href=\"https:\/\/www.suno.com.br\/noticias\/coronavirus-alemanha-aprova-primeiro-teste-clinico-de-vacina\/\"><h2 class=\"content__title\">Coronav\u00edrus: Alemanha aprova primeiro teste cl\u00ednico de vacina<\/h2><\/a><div class=\"newsContent__article__meta\"><div class=\"newsContent__article__meta__authorBox\"><a href=\"https:\/\/www.suno.com.br\/noticias\/author\/poliana-santos\/\" class=\"authorBox__avatar noMobi\"><img src=\"https:\/\/files.sunoresearch.com.br\/n\/uploads\/2020\/08\/7ef34026-whatsapp-image-2020-08-03-at-12.37.57-150x150.webp\" alt=\"Poliana Santos\"><\/a><div class=\"authorBox__name\"><span>por\n\t\t\t<a href=\"https:\/\/www.suno.com.br\/noticias\/author\/poliana-santos\/\"><span itemprop=\"author\">Poliana Santos<\/span><\/a><\/span><time datetime=\"2020-04-22T10:27:51-03:00\" itemprop=\"datePublished\">22\/04\/2020 10:27<\/time><\/div><\/div><\/div><\/div><\/div>","single_layout":"posts","amp_enabled":true,"_links":{"self":[{"href":"https:\/\/www.suno.com.br\/noticias\/wp-json\/wp\/v2\/posts\/62218"}],"collection":[{"href":"https:\/\/www.suno.com.br\/noticias\/wp-json\/wp\/v2\/posts"}],"about":[{"href":"https:\/\/www.suno.com.br\/noticias\/wp-json\/wp\/v2\/types\/post"}],"author":[{"embeddable":true,"href":"https:\/\/www.suno.com.br\/noticias\/wp-json\/wp\/v2\/users\/15"}],"replies":[{"embeddable":true,"href":"https:\/\/www.suno.com.br\/noticias\/wp-json\/wp\/v2\/comments?post=62218"}],"version-history":[{"count":0,"href":"https:\/\/www.suno.com.br\/noticias\/wp-json\/wp\/v2\/posts\/62218\/revisions"}],"wp:featuredmedia":[{"embeddable":true,"href":"https:\/\/www.suno.com.br\/noticias\/wp-json\/wp\/v2\/media\/57084"}],"wp:attachment":[{"href":"https:\/\/www.suno.com.br\/noticias\/wp-json\/wp\/v2\/media?parent=62218"}],"wp:term":[{"taxonomy":"category","embeddable":true,"href":"https:\/\/www.suno.com.br\/noticias\/wp-json\/wp\/v2\/categories?post=62218"},{"taxonomy":"post_tag","embeddable":true,"href":"https:\/\/www.suno.com.br\/noticias\/wp-json\/wp\/v2\/tags?post=62218"},{"taxonomy":"suno_strategy","embeddable":true,"href":"https:\/\/www.suno.com.br\/noticias\/wp-json\/wp\/v2\/suno_strategy?post=62218"}],"curies":[{"name":"wp","href":"https:\/\/api.w.org\/{rel}","templated":true}]}}