{"id":62194,"date":"2020-04-22T09:02:32","date_gmt":"2020-04-22T12:02:32","guid":{"rendered":"https:\/\/www.suno.com.br\/noticias\/?p=62194"},"modified":"2020-04-22T09:02:32","modified_gmt":"2020-04-22T12:02:32","slug":"coronavirus-causara-queda-pib-turismo","status":"publish","type":"post","link":"https:\/\/www.suno.com.br\/noticias\/coronavirus-causara-queda-pib-turismo\/","title":{"rendered":"Coronav\u00edrus causar\u00e1 queda 39% no PIB do turismo, segundo FGV"},"content":{"rendered":"<p>Segundo a Funda\u00e7\u00e3o Getulio Vargas (FGV), o novo <strong>coronav\u00edrus<\/strong> (Covid-19) far\u00e1 com que o <a href=\"https:\/\/www.suno.com.br\/artigos\/pib-produto-interno-bruto\/\">Produto Interno Bruto (PIB)<\/a> do setor de turismo caia 39% em 2020, para R$ 165,5 bilh\u00f5es. No ano que vem, o montante ser\u00e1 de R$ 259,4 bilh\u00f5es, ainda 4% abaixo do registrado em 2019.<\/p>\t<div class=\"wrapper-featured-image\">\n\t\t<figure class=\"spotlightImg\">\n\n\t\t\t<picture>\n\t\t\t\t<source media=\"(max-width: 768px)\" srcset=\"https:\/\/files.sunoresearch.com.br\/n\/uploads\/2020\/04\/faa8691b-turismo-400x200.webp\">\n\t\t\t\t<img loading=\"lazy\" decoding=\"async\" class=\"newsContent__article__imgCapa lazyloadDisabled newsContent__article__imgCapa--noCaption\" src=\"https:\/\/files.sunoresearch.com.br\/n\/uploads\/2020\/04\/faa8691b-turismo-800x450.webp\" width=\"800\" height=\"450\" alt=\"Coronav\u00edrus causar\u00e1 queda 39% no PIB do turismo, segundo FGV\" fetchpriority=high \/>\n\t\t\t<\/picture>\n\n\t\t\t<figcaption class=\"wp-caption-text wp-caption-text--hide\">Infla\u00e7\u00e3o deve subir para a classe m\u00e9dia e mais ricas com alta dos servi\u00e7os, segundo Ipea.<\/figcaption>\n\t\t<\/figure>\n\t<\/div>\n\n\n\n<p>O <strong>setor de turismo<\/strong> inclui atividades de companhias a\u00e9reas at\u00e9 movimentos em bares e restaurantes, uma das \u00e1reas mais impactadas pela pandemia. Uma das medidas de conten\u00e7\u00e3o do coronav\u00edrus no Brasil e no mundo foi o incentivo ao isolamento social, com o intuito de restringir aglomera\u00e7\u00f5es e evitar o cont\u00e1gio da doen\u00e7a.<\/p>\n<p><a href=\"https:\/\/lp.suno.com.br\/suno-one\/\">Garanta acesso ao Suno One, a central de informa\u00e7\u00f5es para quem quer aprender a investir. Acesse gratuitamente clicando aqui.<\/a><\/p>\n<p>Segundo a <strong>FGV<\/strong>, no bi\u00eanio 2020\/2021, a perda total do setor atingir\u00e1 R$ 116,7 bilh\u00f5es, uma retra\u00e7\u00e3o de 21,5% na produ\u00e7\u00e3o total do intervalo. Al\u00e9m disso, para recuperar as perdas deste bi\u00eanio, ser\u00e1 necess\u00e1rio que o setor cres\u00e7a 16,95% por ano em 2022 e 2023.<\/p>\n<p>A expectativa da FGV \u00e9 que o isolamento social no Pa\u00eds dure cerca de tr\u00eas meses. O per\u00edodo de recupera\u00e7\u00e3o no turismo nacional ser\u00e1 de 12 meses, enquanto o internacional poder\u00e1 levar 18 meses.<\/p>\n<p>Os dados citados pela FGV Projetos, do <strong>Instituto Brasileiro de Geografia e Estat\u00edstica (IBGE)<\/strong>, demonstram que o setor de turismo corresponde a 3,71% do PIB do Brasil. \u00c9 composto por diversas \u00e1reas afetadas de diferentes formas pelo isolamento social, como:<\/p>\n<ul>\n<li>Bares e restaurantes<\/li>\n<li>Hot\u00e9is e pousadas<\/li>\n<li>Transporte a\u00e9reo e rodovi\u00e1rio<\/li>\n<li>Aluguel de bens m\u00f3veis (como locadoras de ve\u00edculos)<\/li>\n<li>Atividades de ag\u00eancias e organizadores de viagens<\/li>\n<\/ul>\n<p>De acordo com o estudo, mesmo com o fim do <strong>isolamento social<\/strong>, junto \u00e0 queda de renda da popula\u00e7\u00e3o, as primeiras hip\u00f3teses \u00e9 de que a demanda pelo setor de turismo e dos setores relacionados ser\u00e1 diferente. A procura por viagens estar\u00e1 condicionada \u00e0s condi\u00e7\u00f5es sanit\u00e1rias dos destinos, devido ao temor pelo coronav\u00edrus, tanto no ambiente dom\u00e9stico como no exterior.<\/p>\n<h2>Coronav\u00edrus impactar\u00e1 setor a\u00e9reo at\u00e9 2023<\/h2>\n<p>De acordo com um estudo da Bain &amp; Company, gigante norte-americana do ramo de consultorias, o setor a\u00e9reo dever\u00e1 sofrer os impactos negativos em sua cadeia, causados pelo coronav\u00edrus, at\u00e9 ao menos o fim de 2023.<\/p>\n<p>Segundo a <strong>Bain &amp; Company<\/strong>, o coronav\u00edrus far\u00e1 com que\u00a0fabricantes de aeronaves registrem quedas significativas ao longo dos pr\u00f3ximos cinco anos. No in\u00edcio deste m\u00eas, o CEO da <strong>Boeing <\/strong>(<a href=\"https:\/\/www.suno.com.br\/artigos\/nyse\/\">NYSE<\/a>: BA), Dave Calhoun, afirmou que a pandemia ir\u00e1 impactar a ind\u00fastria aeroespacial global por um bom tempo.<\/p>\n<p>Recentemente, a <a href=\"https:\/\/www.suno.com.br\/acoes\/embr3\/\">Embraer (EMBR3)<\/a>\u00a0lan\u00e7ou uma nova fam\u00edlia de jatos, cuja a principal novidade \u00e9 a economia de combust\u00edvel. Devido \u00e0 baixa demanda por petr\u00f3leo em meio ao <strong>coronav\u00edrus<\/strong>, os <a href=\"https:\/\/www.suno.com.br\/artigos\/cotacao-do-petroleo\/\">pre\u00e7os da commodity<\/a> est\u00e3o na m\u00ednima de anos, o que far\u00e1 com que as novas aeronaves da fabricante brasileira deixem de ser atrativas no momento.<\/p>\n\n","protected":false},"excerpt":{"rendered":"<p>Segundo a Funda\u00e7\u00e3o Getulio Vargas (FGV), o novo coronav\u00edrus (Covid-19) far\u00e1 com que o Produto Interno Bruto (PIB) do setor de turismo caia 39% em 2020, para R$ 165,5 bilh\u00f5es. No ano que vem, o montante ser\u00e1 de R$ 259,4 bilh\u00f5es, ainda 4% abaixo do registrado em 2019. Infla\u00e7\u00e3o deve subir para a classe m\u00e9dia [&hellip;]<\/p>\n","protected":false},"author":24,"featured_media":62201,"comment_status":"closed","ping_status":"closed","sticky":false,"template":"","format":"standard","meta":[],"categories":[62],"tags":[2487,807],"suno_strategy":[],"class_list":["post-62194","post","type-post","status-publish","format-standard","has-post-thumbnail","hentry","category-economia","tag-coronavirus","tag-produto-interno-bruto-pib"],"yoast_head":"<!-- This site is optimized with the Yoast SEO plugin v24.4 - https:\/\/yoast.com\/wordpress\/plugins\/seo\/ -->\n<title>Coronav\u00edrus causar\u00e1 queda 39% no PIB do turismo, segundo FGV<\/title>\n<meta name=\"description\" content=\"Segundo a FGV, o novo coronav\u00edrus (Covid-19) far\u00e1 com que o Produto Interno Bruto (PIB) do setor de turismo caia 39% em 2020. Saiba mais.\" \/>\n<meta name=\"robots\" content=\"index, follow, max-snippet:-1, max-image-preview:large, max-video-preview:-1\" \/>\n<link rel=\"canonical\" href=\"https:\/\/www.suno.com.br\/noticias\/coronavirus-causara-queda-pib-turismo\/\" \/>\n<meta property=\"og:locale\" content=\"pt_BR\" \/>\n<meta property=\"og:type\" content=\"article\" \/>\n<meta property=\"og:title\" content=\"Coronav\u00edrus causar\u00e1 queda 39% no PIB do turismo, segundo FGV\" \/>\n<meta property=\"og:description\" content=\"Segundo a FGV, o novo coronav\u00edrus (Covid-19) far\u00e1 com que o Produto Interno Bruto (PIB) do setor de turismo caia 39% em 2020. Saiba mais.\" \/>\n<meta property=\"og:url\" content=\"https:\/\/www.suno.com.br\/noticias\/coronavirus-causara-queda-pib-turismo\/\" \/>\n<meta property=\"og:site_name\" content=\"Suno Not\u00edcias\" \/>\n<meta property=\"article:publisher\" content=\"https:\/\/facebook.com\/sunoresearch\" \/>\n<meta property=\"og:image\" content=\"https:\/\/files.sunoresearch.com.br\/n\/uploads\/2020\/04\/faa8691b-turismo.jpg\" \/>\n\t<meta property=\"og:image:width\" content=\"1920\" \/>\n\t<meta property=\"og:image:height\" content=\"1080\" \/>\n\t<meta property=\"og:image:type\" content=\"image\/jpeg\" \/>\n<meta name=\"author\" content=\"Jader Lazarini\" \/>\n<meta name=\"twitter:card\" content=\"summary_large_image\" \/>\n<meta name=\"twitter:creator\" content=\"@sunoresearch\" \/>\n<meta name=\"twitter:site\" content=\"@sunoresearch\" \/>\n<meta name=\"twitter:label1\" content=\"Escrito por\" \/>\n\t<meta name=\"twitter:data1\" content=\"Jader Lazarini\" \/>\n\t<meta name=\"twitter:label2\" content=\"Est. tempo de leitura\" \/>\n\t<meta name=\"twitter:data2\" content=\"3 minutos\" \/>\n<script type=\"application\/ld+json\" class=\"yoast-schema-graph\">{\"@context\":\"https:\/\/schema.org\",\"@graph\":[{\"@type\":\"NewsArticle\",\"@id\":\"https:\/\/www.suno.com.br\/noticias\/coronavirus-causara-queda-pib-turismo\/#article\",\"isPartOf\":{\"@id\":\"https:\/\/www.suno.com.br\/noticias\/coronavirus-causara-queda-pib-turismo\/\"},\"author\":{\"name\":\"Jader Lazarini\",\"@id\":\"https:\/\/www.suno.com.br\/noticias\/#\/schema\/person\/918d79de1f0281f01599b93f9ea6e23f\"},\"headline\":\"Coronav\u00edrus causar\u00e1 queda 39% no PIB do turismo, segundo FGV\",\"datePublished\":\"2020-04-22T12:02:32+00:00\",\"mainEntityOfPage\":{\"@id\":\"https:\/\/www.suno.com.br\/noticias\/coronavirus-causara-queda-pib-turismo\/\"},\"wordCount\":516,\"publisher\":{\"@id\":\"https:\/\/www.suno.com.br\/noticias\/#organization\"},\"image\":{\"@id\":\"https:\/\/www.suno.com.br\/noticias\/coronavirus-causara-queda-pib-turismo\/#primaryimage\"},\"thumbnailUrl\":\"https:\/\/files.sunoresearch.com.br\/n\/uploads\/2020\/04\/faa8691b-turismo.jpg\",\"keywords\":[\"coronav\u00edrus\",\"Produto Interno Bruto (PIB)\"],\"articleSection\":[\"Economia\"],\"inLanguage\":\"pt-BR\"},{\"@type\":\"WebPage\",\"@id\":\"https:\/\/www.suno.com.br\/noticias\/coronavirus-causara-queda-pib-turismo\/\",\"url\":\"https:\/\/www.suno.com.br\/noticias\/coronavirus-causara-queda-pib-turismo\/\",\"name\":\"Coronav\u00edrus causar\u00e1 queda 39% no PIB do turismo, segundo FGV\",\"isPartOf\":{\"@id\":\"https:\/\/www.suno.com.br\/noticias\/#website\"},\"primaryImageOfPage\":{\"@id\":\"https:\/\/www.suno.com.br\/noticias\/coronavirus-causara-queda-pib-turismo\/#primaryimage\"},\"image\":{\"@id\":\"https:\/\/www.suno.com.br\/noticias\/coronavirus-causara-queda-pib-turismo\/#primaryimage\"},\"thumbnailUrl\":\"https:\/\/files.sunoresearch.com.br\/n\/uploads\/2020\/04\/faa8691b-turismo.jpg\",\"datePublished\":\"2020-04-22T12:02:32+00:00\",\"description\":\"Segundo a FGV, o novo coronav\u00edrus (Covid-19) far\u00e1 com que o Produto Interno Bruto (PIB) do setor de turismo caia 39% em 2020. Saiba mais.\",\"breadcrumb\":{\"@id\":\"https:\/\/www.suno.com.br\/noticias\/coronavirus-causara-queda-pib-turismo\/#breadcrumb\"},\"inLanguage\":\"pt-BR\",\"potentialAction\":[{\"@type\":\"ReadAction\",\"target\":[\"https:\/\/www.suno.com.br\/noticias\/coronavirus-causara-queda-pib-turismo\/\"]}]},{\"@type\":\"ImageObject\",\"inLanguage\":\"pt-BR\",\"@id\":\"https:\/\/www.suno.com.br\/noticias\/coronavirus-causara-queda-pib-turismo\/#primaryimage\",\"url\":\"https:\/\/files.sunoresearch.com.br\/n\/uploads\/2020\/04\/faa8691b-turismo.jpg\",\"contentUrl\":\"https:\/\/files.sunoresearch.com.br\/n\/uploads\/2020\/04\/faa8691b-turismo.jpg\",\"width\":1920,\"height\":1080,\"caption\":\"Infla\u00e7\u00e3o deve subir para a classe m\u00e9dia e mais ricas com alta dos servi\u00e7os, segundo Ipea.\"},{\"@type\":\"BreadcrumbList\",\"@id\":\"https:\/\/www.suno.com.br\/noticias\/coronavirus-causara-queda-pib-turismo\/#breadcrumb\",\"itemListElement\":[{\"@type\":\"ListItem\",\"position\":1,\"name\":\"Not\u00edcias\",\"item\":\"https:\/\/www.suno.com.br\/noticias\/\"},{\"@type\":\"ListItem\",\"position\":2,\"name\":\"Economia\",\"item\":\"https:\/\/www.suno.com.br\/noticias\/economia\/\"},{\"@type\":\"ListItem\",\"position\":3,\"name\":\"Coronav\u00edrus causar\u00e1 queda 39% no PIB do turismo, segundo FGV\"}]},{\"@type\":\"WebSite\",\"@id\":\"https:\/\/www.suno.com.br\/noticias\/#website\",\"url\":\"https:\/\/www.suno.com.br\/noticias\/\",\"name\":\"Suno Not\u00edcias\",\"description\":\"Seu portal de informa\u00e7\u00e3o sobre o mundo dos investimentos\",\"publisher\":{\"@id\":\"https:\/\/www.suno.com.br\/noticias\/#organization\"},\"potentialAction\":[{\"@type\":\"SearchAction\",\"target\":{\"@type\":\"EntryPoint\",\"urlTemplate\":\"https:\/\/www.suno.com.br\/noticias\/?s={search_term_string}\"},\"query-input\":{\"@type\":\"PropertyValueSpecification\",\"valueRequired\":true,\"valueName\":\"search_term_string\"}}],\"inLanguage\":\"pt-BR\"},{\"@type\":\"Organization\",\"@id\":\"https:\/\/www.suno.com.br\/noticias\/#organization\",\"name\":\"Suno Not\u00edcias\",\"url\":\"https:\/\/www.suno.com.br\/noticias\/\",\"logo\":{\"@type\":\"ImageObject\",\"inLanguage\":\"pt-BR\",\"@id\":\"https:\/\/www.suno.com.br\/noticias\/#\/schema\/logo\/image\/\",\"url\":\"https:\/\/files.sunoresearch.com.br\/n\/uploads\/2021\/09\/suno-logo.png\",\"contentUrl\":\"https:\/\/files.sunoresearch.com.br\/n\/uploads\/2021\/09\/suno-logo.png\",\"width\":180,\"height\":180,\"caption\":\"Suno Not\u00edcias\"},\"image\":{\"@id\":\"https:\/\/www.suno.com.br\/noticias\/#\/schema\/logo\/image\/\"},\"sameAs\":[\"https:\/\/facebook.com\/sunoresearch\",\"https:\/\/x.com\/sunoresearch\",\"https:\/\/www.instagram.com\/suno\",\"https:\/\/www.linkedin.com\/company\/suno-research\/\",\"https:\/\/www.youtube.com\/c\/sunoresearch\"]},{\"@type\":\"Person\",\"@id\":\"https:\/\/www.suno.com.br\/noticias\/#\/schema\/person\/918d79de1f0281f01599b93f9ea6e23f\",\"name\":\"Jader Lazarini\",\"image\":{\"@type\":\"ImageObject\",\"inLanguage\":\"pt-BR\",\"@id\":\"https:\/\/www.suno.com.br\/noticias\/#\/schema\/person\/image\/\",\"url\":\"https:\/\/secure.gravatar.com\/avatar\/3c1ad8caa51589841baeb923fcddea97?s=96&r=g\",\"contentUrl\":\"https:\/\/secure.gravatar.com\/avatar\/3c1ad8caa51589841baeb923fcddea97?s=96&r=g\",\"caption\":\"Jader Lazarini\"},\"description\":\"Jader Lazarini escreve sobre investimentos, finan\u00e7as, economia e neg\u00f3cios. \u00c9 bacharel em Rela\u00e7\u00f5es Internacionais e analista CNPI (2619).\",\"url\":\"https:\/\/www.suno.com.br\/noticias\/author\/jader-lazarini\/\"}]}<\/script>\n<!-- \/ Yoast SEO plugin. -->","yoast_head_json":{"title":"Coronav\u00edrus causar\u00e1 queda 39% no PIB do turismo, segundo FGV","description":"Segundo a FGV, o novo coronav\u00edrus (Covid-19) far\u00e1 com que o Produto Interno Bruto (PIB) do setor de turismo caia 39% em 2020. Saiba mais.","robots":{"index":"index","follow":"follow","max-snippet":"max-snippet:-1","max-image-preview":"max-image-preview:large","max-video-preview":"max-video-preview:-1"},"canonical":"https:\/\/www.suno.com.br\/noticias\/coronavirus-causara-queda-pib-turismo\/","og_locale":"pt_BR","og_type":"article","og_title":"Coronav\u00edrus causar\u00e1 queda 39% no PIB do turismo, segundo FGV","og_description":"Segundo a FGV, o novo coronav\u00edrus (Covid-19) far\u00e1 com que o Produto Interno Bruto (PIB) do setor de turismo caia 39% em 2020. Saiba mais.","og_url":"https:\/\/www.suno.com.br\/noticias\/coronavirus-causara-queda-pib-turismo\/","og_site_name":"Suno Not\u00edcias","article_publisher":"https:\/\/facebook.com\/sunoresearch","og_image":[{"width":1920,"height":1080,"url":"https:\/\/files.sunoresearch.com.br\/n\/uploads\/2020\/04\/faa8691b-turismo.jpg","type":"image\/jpeg"}],"author":"Jader Lazarini","twitter_card":"summary_large_image","twitter_creator":"@sunoresearch","twitter_site":"@sunoresearch","twitter_misc":{"Escrito por":"Jader Lazarini","Est. tempo de leitura":"3 minutos"},"schema":{"@context":"https:\/\/schema.org","@graph":[{"@type":"NewsArticle","@id":"https:\/\/www.suno.com.br\/noticias\/coronavirus-causara-queda-pib-turismo\/#article","isPartOf":{"@id":"https:\/\/www.suno.com.br\/noticias\/coronavirus-causara-queda-pib-turismo\/"},"author":{"name":"Jader Lazarini","@id":"https:\/\/www.suno.com.br\/noticias\/#\/schema\/person\/918d79de1f0281f01599b93f9ea6e23f"},"headline":"Coronav\u00edrus causar\u00e1 queda 39% no PIB do turismo, segundo FGV","datePublished":"2020-04-22T12:02:32+00:00","mainEntityOfPage":{"@id":"https:\/\/www.suno.com.br\/noticias\/coronavirus-causara-queda-pib-turismo\/"},"wordCount":516,"publisher":{"@id":"https:\/\/www.suno.com.br\/noticias\/#organization"},"image":{"@id":"https:\/\/www.suno.com.br\/noticias\/coronavirus-causara-queda-pib-turismo\/#primaryimage"},"thumbnailUrl":"https:\/\/files.sunoresearch.com.br\/n\/uploads\/2020\/04\/faa8691b-turismo.jpg","keywords":["coronav\u00edrus","Produto Interno Bruto (PIB)"],"articleSection":["Economia"],"inLanguage":"pt-BR"},{"@type":"WebPage","@id":"https:\/\/www.suno.com.br\/noticias\/coronavirus-causara-queda-pib-turismo\/","url":"https:\/\/www.suno.com.br\/noticias\/coronavirus-causara-queda-pib-turismo\/","name":"Coronav\u00edrus causar\u00e1 queda 39% no PIB do turismo, segundo FGV","isPartOf":{"@id":"https:\/\/www.suno.com.br\/noticias\/#website"},"primaryImageOfPage":{"@id":"https:\/\/www.suno.com.br\/noticias\/coronavirus-causara-queda-pib-turismo\/#primaryimage"},"image":{"@id":"https:\/\/www.suno.com.br\/noticias\/coronavirus-causara-queda-pib-turismo\/#primaryimage"},"thumbnailUrl":"https:\/\/files.sunoresearch.com.br\/n\/uploads\/2020\/04\/faa8691b-turismo.jpg","datePublished":"2020-04-22T12:02:32+00:00","description":"Segundo a FGV, o novo coronav\u00edrus (Covid-19) far\u00e1 com que o Produto Interno Bruto (PIB) do setor de turismo caia 39% em 2020. Saiba mais.","breadcrumb":{"@id":"https:\/\/www.suno.com.br\/noticias\/coronavirus-causara-queda-pib-turismo\/#breadcrumb"},"inLanguage":"pt-BR","potentialAction":[{"@type":"ReadAction","target":["https:\/\/www.suno.com.br\/noticias\/coronavirus-causara-queda-pib-turismo\/"]}]},{"@type":"ImageObject","inLanguage":"pt-BR","@id":"https:\/\/www.suno.com.br\/noticias\/coronavirus-causara-queda-pib-turismo\/#primaryimage","url":"https:\/\/files.sunoresearch.com.br\/n\/uploads\/2020\/04\/faa8691b-turismo.jpg","contentUrl":"https:\/\/files.sunoresearch.com.br\/n\/uploads\/2020\/04\/faa8691b-turismo.jpg","width":1920,"height":1080,"caption":"Infla\u00e7\u00e3o deve subir para a classe m\u00e9dia e mais ricas com alta dos servi\u00e7os, segundo Ipea."},{"@type":"BreadcrumbList","@id":"https:\/\/www.suno.com.br\/noticias\/coronavirus-causara-queda-pib-turismo\/#breadcrumb","itemListElement":[{"@type":"ListItem","position":1,"name":"Not\u00edcias","item":"https:\/\/www.suno.com.br\/noticias\/"},{"@type":"ListItem","position":2,"name":"Economia","item":"https:\/\/www.suno.com.br\/noticias\/economia\/"},{"@type":"ListItem","position":3,"name":"Coronav\u00edrus causar\u00e1 queda 39% no PIB do turismo, segundo FGV"}]},{"@type":"WebSite","@id":"https:\/\/www.suno.com.br\/noticias\/#website","url":"https:\/\/www.suno.com.br\/noticias\/","name":"Suno Not\u00edcias","description":"Seu portal de informa\u00e7\u00e3o sobre o mundo dos investimentos","publisher":{"@id":"https:\/\/www.suno.com.br\/noticias\/#organization"},"potentialAction":[{"@type":"SearchAction","target":{"@type":"EntryPoint","urlTemplate":"https:\/\/www.suno.com.br\/noticias\/?s={search_term_string}"},"query-input":{"@type":"PropertyValueSpecification","valueRequired":true,"valueName":"search_term_string"}}],"inLanguage":"pt-BR"},{"@type":"Organization","@id":"https:\/\/www.suno.com.br\/noticias\/#organization","name":"Suno Not\u00edcias","url":"https:\/\/www.suno.com.br\/noticias\/","logo":{"@type":"ImageObject","inLanguage":"pt-BR","@id":"https:\/\/www.suno.com.br\/noticias\/#\/schema\/logo\/image\/","url":"https:\/\/files.sunoresearch.com.br\/n\/uploads\/2021\/09\/suno-logo.png","contentUrl":"https:\/\/files.sunoresearch.com.br\/n\/uploads\/2021\/09\/suno-logo.png","width":180,"height":180,"caption":"Suno Not\u00edcias"},"image":{"@id":"https:\/\/www.suno.com.br\/noticias\/#\/schema\/logo\/image\/"},"sameAs":["https:\/\/facebook.com\/sunoresearch","https:\/\/x.com\/sunoresearch","https:\/\/www.instagram.com\/suno","https:\/\/www.linkedin.com\/company\/suno-research\/","https:\/\/www.youtube.com\/c\/sunoresearch"]},{"@type":"Person","@id":"https:\/\/www.suno.com.br\/noticias\/#\/schema\/person\/918d79de1f0281f01599b93f9ea6e23f","name":"Jader Lazarini","image":{"@type":"ImageObject","inLanguage":"pt-BR","@id":"https:\/\/www.suno.com.br\/noticias\/#\/schema\/person\/image\/","url":"https:\/\/secure.gravatar.com\/avatar\/3c1ad8caa51589841baeb923fcddea97?s=96&r=g","contentUrl":"https:\/\/secure.gravatar.com\/avatar\/3c1ad8caa51589841baeb923fcddea97?s=96&r=g","caption":"Jader Lazarini"},"description":"Jader Lazarini escreve sobre investimentos, finan\u00e7as, economia e neg\u00f3cios. \u00c9 bacharel em Rela\u00e7\u00f5es Internacionais e analista CNPI (2619).","url":"https:\/\/www.suno.com.br\/noticias\/author\/jader-lazarini\/"}]}},"default_loop_html":"<div class=\"cardsPage__listCard__boxs\"><div class=\"cardsPage__listCard__boxs__img\"><a href=\"https:\/\/www.suno.com.br\/noticias\/coronavirus-causara-queda-pib-turismo\/\"><img class=\"mask\" src=\"https:\/\/www.suno.com.br\/noticias\/wp-content\/themes\/suno\/resources\/images\/spotlight\/spotlight1img\/bg-mask.png\" alt=\"Image Mask\"\/><img src=\"https:\/\/files.sunoresearch.com.br\/n\/uploads\/2020\/04\/faa8691b-turismo-400x200.webp\" alt=\"Coronav\u00edrus causar\u00e1 queda 39% no PIB do turismo, segundo FGV\"\/><\/a><span class=\"spotlightCategory\"><a href=\"https:\/\/www.suno.com.br\/noticias\/economia\/\">Economia<\/a><\/span><\/div><div class=\"cardsPage__listCard__boxs__content\"><a href=\"https:\/\/www.suno.com.br\/noticias\/coronavirus-causara-queda-pib-turismo\/\"><h2 class=\"content__title\">Coronav\u00edrus causar\u00e1 queda 39% no PIB do turismo, segundo FGV<\/h2><\/a><div class=\"newsContent__article__meta\"><div class=\"newsContent__article__meta__authorBox\"><a href=\"https:\/\/www.suno.com.br\/noticias\/author\/jader-lazarini\/\" class=\"authorBox__avatar noMobi\"><img src=\"https:\/\/files.sunoresearch.com.br\/n\/uploads\/2021\/01\/178e6598-foto-perfil-2-150x150.jpg\" alt=\"Jader Lazarini\"><\/a><div class=\"authorBox__name\"><span>por\n\t\t\t<a href=\"https:\/\/www.suno.com.br\/noticias\/author\/jader-lazarini\/\"><span itemprop=\"author\">Jader Lazarini<\/span><\/a><\/span><time datetime=\"2020-04-22T09:02:32-03:00\" itemprop=\"datePublished\">22\/04\/2020 09:02<\/time><\/div><\/div><\/div><\/div><\/div>","single_layout":"posts","amp_enabled":true,"_links":{"self":[{"href":"https:\/\/www.suno.com.br\/noticias\/wp-json\/wp\/v2\/posts\/62194"}],"collection":[{"href":"https:\/\/www.suno.com.br\/noticias\/wp-json\/wp\/v2\/posts"}],"about":[{"href":"https:\/\/www.suno.com.br\/noticias\/wp-json\/wp\/v2\/types\/post"}],"author":[{"embeddable":true,"href":"https:\/\/www.suno.com.br\/noticias\/wp-json\/wp\/v2\/users\/24"}],"replies":[{"embeddable":true,"href":"https:\/\/www.suno.com.br\/noticias\/wp-json\/wp\/v2\/comments?post=62194"}],"version-history":[{"count":0,"href":"https:\/\/www.suno.com.br\/noticias\/wp-json\/wp\/v2\/posts\/62194\/revisions"}],"wp:featuredmedia":[{"embeddable":true,"href":"https:\/\/www.suno.com.br\/noticias\/wp-json\/wp\/v2\/media\/62201"}],"wp:attachment":[{"href":"https:\/\/www.suno.com.br\/noticias\/wp-json\/wp\/v2\/media?parent=62194"}],"wp:term":[{"taxonomy":"category","embeddable":true,"href":"https:\/\/www.suno.com.br\/noticias\/wp-json\/wp\/v2\/categories?post=62194"},{"taxonomy":"post_tag","embeddable":true,"href":"https:\/\/www.suno.com.br\/noticias\/wp-json\/wp\/v2\/tags?post=62194"},{"taxonomy":"suno_strategy","embeddable":true,"href":"https:\/\/www.suno.com.br\/noticias\/wp-json\/wp\/v2\/suno_strategy?post=62194"}],"curies":[{"name":"wp","href":"https:\/\/api.w.org\/{rel}","templated":true}]}}