{"id":62191,"date":"2020-04-22T09:44:48","date_gmt":"2020-04-22T12:44:48","guid":{"rendered":"https:\/\/www.suno.com.br\/noticias\/?p=62191"},"modified":"2020-04-22T10:15:47","modified_gmt":"2020-04-22T13:15:47","slug":"agenda-do-dia-eneva-petrorio-unidas-irb-mitre-copel","status":"publish","type":"post","link":"https:\/\/www.suno.com.br\/noticias\/agenda-do-dia-eneva-petrorio-unidas-irb-mitre-copel\/","title":{"rendered":"Agenda do Dia: Eneva; PetroRio; Unidas; IRB; Mitre; Copel"},"content":{"rendered":"<p>Os assuntos da <strong>Agenda<\/strong> <strong>do<\/strong> <strong>Dia<\/strong> desta quarta-feira (22) prometem mexer com o mercado interno e o externo.<\/p>\t<div class=\"wrapper-featured-image\">\n\t\t<figure class=\"spotlightImg\">\n\n\t\t\t<picture>\n\t\t\t\t<source media=\"(max-width: 768px)\" srcset=\"https:\/\/files.sunoresearch.com.br\/n\/uploads\/2020\/03\/45673f90-eneva-400x200.webp\">\n\t\t\t\t<img loading=\"lazy\" decoding=\"async\" class=\"newsContent__article__imgCapa lazyloadDisabled newsContent__article__imgCapa--noCaption\" src=\"https:\/\/files.sunoresearch.com.br\/n\/uploads\/2020\/03\/45673f90-eneva-800x450.webp\" width=\"800\" height=\"450\" alt=\"Agenda do Dia: Eneva; PetroRio; Unidas; IRB; Mitre; Copel\" fetchpriority=high \/>\n\t\t\t<\/picture>\n\n\t\t\t<figcaption class=\"wp-caption-text wp-caption-text--hide\">Eneva (ENEV3)<\/figcaption>\n\t\t<\/figure>\n\t<\/div>\n\n\n<p>A <b>Eneva <\/b>comunicou sua desist\u00eancia da fus\u00e3o junto a AES Tiet\u00ea. A <b>PetroRio <\/b>informou que seu quadro diretivo e seu conselho de administra\u00e7\u00e3o sofreram mudan\u00e7as.<\/p>\n\n<p>Al\u00e9m disso, a Agenda do Dia conta tamb\u00e9m com a not\u00edcia sobre a <strong>Unidas, <\/strong>que aprovou a recompra de at\u00e9 20,3 milh\u00f5es de a\u00e7\u00f5es.<\/p>\n<p>Confira os principais pontos da Agenda do Dia:<\/p>\n<h2>Eneva<\/h2>\n<p>A <a href=\"https:\/\/www.suno.com.br\/acoes\/enev3\/\"><strong>Eneva<\/strong> (ENEV3)<\/a> desistiu de continuar com sua proposta de fus\u00e3o junto \u00e0 <a href=\"https:\/\/www.suno.com.br\/acoes\/tiet11\/\">AES Tiet\u00ea (TIET11).<\/a> A informa\u00e7\u00e3o foi divulgada em fato relevante publicado pela empresa na madrugada desta quarta-feira (22). A companhia ressaltou que refuta todos os motivos apresentados no parecer do Conselho de Administra\u00e7\u00e3o da AES Tiet\u00ea para a n\u00e3o continuidade das negocia\u00e7\u00f5es.<\/p>\n<p>No entendimento da Eneva, a opera\u00e7\u00e3o n\u00e3o deveria seguir, nesse momento, em meio a um embate acerca dos direitos dos acionistas titulares de a\u00e7\u00f5es preferenciais da AES Tiet\u00ea e os interesses do acionista controlador da companhia.<\/p>\n<h2>PetroRio<\/h2>\n<p>A <a href=\"https:\/\/www.suno.com.br\/acoes\/prio3\/\">PetroRio (PRIO3)<\/a> anunciou na \u00faltima segunda-feira (20) algumas mudan\u00e7as em seu quadro diretivo, al\u00e9m da elei\u00e7\u00e3o de quatro novos membros para o seu conselho de administra\u00e7\u00e3o.<\/p>\n<p><a href=\"https:\/\/lp.suno.com.br\/suno-one\/\">Garanta acesso gratuito \u00e0 eBooks, Minicursos, Artigos e Video Aulas com um \u00fanico cadastro. Clique para saber mais.<\/a><\/p>\n<p>O novo diretor presidente da PetroRio, eleito pelo conselho da empresa, \u00e9 Roberto Monteiro. Ele substituir\u00e1 Nelson de Queiroz Sequeiros Tanure, que passou a ser o presidente do conselho de administra\u00e7\u00e3o da companhia.<\/p>\n<p>A PetroRio tamb\u00e9m anunciou os quatro novos conselheiros independentes. S\u00e3o eles: M\u00e1rcia Raquel Cordeiro de Azevedo, Felipe Bueno da Silva, Gustavo Rocha Gattass e Felipe Villela Dias.<\/p>\n<h2>Copel<\/h2>\n<p>A <strong><a href=\"https:\/\/www.suno.com.br\/acoes\/cepl3\/\">Copel (CEPL3)<\/a><\/strong> informou na \u00faltima segunda-feira (20) que sua 65\u00ba Assembleia Geral Ordin\u00e1ria de acionistas ir\u00e1 acontecer no dia 28 de abril. A reuni\u00e3o ser\u00e1 presencial e acontecer\u00e1 em uma &#8220;sala ampla&#8221; na sede da empresa, seguindo normas de distanciamento social em decorr\u00eancia da pandemia de coronav\u00edrus.<\/p>\n<p>Entretanto, a companhia ressaltou a prefer\u00eancia pela utiliza\u00e7\u00e3o do boletim de voto a dist\u00e2ncia, para fins de participa\u00e7\u00e3o nesta Assembleia, pois acredita que essa seja a forma mais segura para os acionistas exercerem seu direito de voto no cen\u00e1rio atual.<\/p>\n<h2>Unidas<\/h2>\n<p>O conselho de administra\u00e7\u00e3o da<a href=\"https:\/\/www.suno.com.br\/acoes\/lcam3\/\"><strong> Unidas (LCAM3)<\/strong><\/a> aprovou a recompra de at\u00e9 20,3 milh\u00f5es de a\u00e7\u00f5es. O n\u00famero corresponde a 4% do capital social da empresa. A informa\u00e7\u00e3o foi divulgada na \u00faltima segunda-feira (20).<\/p>\n<p>O plano tem dura\u00e7\u00e3o de 18 meses e tem como objetivo atender ao eventual exerc\u00edcio de op\u00e7\u00f5es no \u00e2mbito dos Planos de Op\u00e7\u00e3o de Compra de A\u00e7\u00f5es e os Planos de Incentivo a Longo Prazo baseados em a\u00e7\u00f5es.<\/p>\n<h2>Mitre<\/h2>\n<p>A <a href=\"https:\/\/www.suno.com.br\/acoes\/mitr3\/\"><strong>Mitre<\/strong> (MITR3)<\/a> divulgou sua pr\u00e9via operacional do primeiro trimestre deste ano, na \u00faltima segunda-feira (20).<\/p>\n<p>O \u00edndice de Vendas Sobre Oferta entre janeiro e mar\u00e7o deve ser de 21,6%. No mesmo per\u00edodo de 2019, o \u00edndice foi de 56,9%. A redu\u00e7\u00e3o, no entanto, n\u00e3o \u00e9 uma surpresa, j\u00e1 que n\u00e3o foram realizados lan\u00e7amentos.<\/p>\n<p>As vendas da empresa tamb\u00e9m foram impactadas pela falta de lan\u00e7amentos por conta das paraliza\u00e7\u00f5es relacionadas ao coronav\u00edrus. Excluindo comiss\u00f5es e distratos, a venda l\u00edquida auferida foi de R$ 33,8 milh\u00f5es no 1T20. A queda foi acentuada, j\u00e1 que no primeiro trimestre do ano passado o valor registrado foi de R$ 81,9 milh\u00f5es.<\/p>\n<h2>IRB Brasil<\/h2>\n<p>A resseguradora <strong><a href=\"https:\/\/www.suno.com.br\/acoes\/irbr3\/\">IRB Brasil (IRBR3)<\/a><\/strong> anunciou na noite da \u00faltima segunda-feira (20) mudan\u00e7as em seu <a href=\"https:\/\/www.suno.com.br\/artigos\/conselho-administracao\/\">Conselho de Administra\u00e7\u00e3o<\/a>. Foram indicados novos membros do \u00f3rg\u00e3o, ap\u00f3s a ren\u00fancia de outros conselheiros.<\/p>\n<p><a href=\"https:\/\/www.suno.com.br\/noticias\/irb-brasil-irbr3-anuncia-mudancas-cda\/\">Saiba mais: IRB Brasil (IRBR3) anuncia mudan\u00e7as em seu Conselho de Administra\u00e7\u00e3o<\/a><\/p>\n<p>Em nota, o IRB Brasil comunicou que recebeu a ren\u00fancia dos membros do CDA: Vinicius Jos\u00e9 de Almeida Albernaz, indicado pelo Bradesco, Alexsandro Broedel Lopes, do Ita\u00fa Unibanco, e de seus suplentes Ivan Luiz Gontijo Junior e Osvaldo do Nascimento.<\/p>\n<p>A <strong>Agenda<\/strong> <strong>do<\/strong> <strong>Dia<\/strong> da <a href=\"https:\/\/www.youtube.com\/channel\/UCWDeEIDAIi_oYKDiqwfGyRg\">Suno<\/a> mostra os principais acontecimentos que prometem movimentar o mercado durante o dia.<\/p>\n\n","protected":false},"excerpt":{"rendered":"<p>Os assuntos da Agenda do Dia desta quarta-feira (22) prometem mexer com o mercado interno e o externo. Eneva (ENEV3) A Eneva comunicou sua desist\u00eancia da fus\u00e3o junto a AES Tiet\u00ea. A PetroRio informou que seu quadro diretivo e seu conselho de administra\u00e7\u00e3o sofreram mudan\u00e7as. Al\u00e9m disso, a Agenda do Dia conta tamb\u00e9m com a [&hellip;]<\/p>\n","protected":false},"author":19,"featured_media":55570,"comment_status":"closed","ping_status":"closed","sticky":false,"template":"","format":"standard","meta":[],"categories":[64],"tags":[347,431,464],"suno_strategy":[],"class_list":["post-62191","post","type-post","status-publish","format-standard","has-post-thumbnail","hentry","category-negocios","tag-aes-tiete-tiet3-tiet4-tiet11","tag-copel-cple3-cple5-cple6","tag-eneva-enev3"],"yoast_head":"<!-- This site is optimized with the Yoast SEO plugin v24.4 - https:\/\/yoast.com\/wordpress\/plugins\/seo\/ -->\n<title>Agenda do Dia: Eneva; PetroRio; Unidas; IRB; Mitre; Copel<\/title>\n<meta name=\"description\" content=\"Agenda do Dia: desist\u00eancia de fus\u00e3o da Eneva com a AES Tiet\u00ea; mudan\u00e7as na diretoria da Petrorio; Unidas; IRB; Mitre; Copel. Saiba mais.\" \/>\n<meta name=\"robots\" content=\"index, follow, max-snippet:-1, max-image-preview:large, max-video-preview:-1\" \/>\n<link rel=\"canonical\" href=\"https:\/\/www.suno.com.br\/noticias\/agenda-do-dia-eneva-petrorio-unidas-irb-mitre-copel\/\" \/>\n<meta property=\"og:locale\" content=\"pt_BR\" \/>\n<meta property=\"og:type\" content=\"article\" \/>\n<meta property=\"og:title\" content=\"Agenda do Dia: Eneva; PetroRio; Unidas; IRB; Mitre; Copel\" \/>\n<meta property=\"og:description\" content=\"Agenda do Dia: desist\u00eancia de fus\u00e3o da Eneva com a AES Tiet\u00ea; mudan\u00e7as na diretoria da Petrorio; Unidas; IRB; Mitre; Copel. Saiba mais.\" \/>\n<meta property=\"og:url\" content=\"https:\/\/www.suno.com.br\/noticias\/agenda-do-dia-eneva-petrorio-unidas-irb-mitre-copel\/\" \/>\n<meta property=\"og:site_name\" content=\"Suno Not\u00edcias\" \/>\n<meta property=\"article:publisher\" content=\"https:\/\/facebook.com\/sunoresearch\" \/>\n<meta property=\"og:image\" content=\"https:\/\/files.sunoresearch.com.br\/n\/uploads\/2020\/03\/45673f90-eneva.jpg\" \/>\n\t<meta property=\"og:image:width\" content=\"1920\" \/>\n\t<meta property=\"og:image:height\" content=\"1080\" \/>\n\t<meta property=\"og:image:type\" content=\"image\/jpeg\" \/>\n<meta name=\"author\" content=\"Juliano Passaro\" \/>\n<meta name=\"twitter:card\" content=\"summary_large_image\" \/>\n<meta name=\"twitter:creator\" content=\"@sunoresearch\" \/>\n<meta name=\"twitter:site\" content=\"@sunoresearch\" \/>\n<meta name=\"twitter:label1\" content=\"Escrito por\" \/>\n\t<meta name=\"twitter:data1\" content=\"Juliano Passaro\" \/>\n\t<meta name=\"twitter:label2\" content=\"Est. tempo de leitura\" \/>\n\t<meta name=\"twitter:data2\" content=\"3 minutos\" \/>\n<script type=\"application\/ld+json\" class=\"yoast-schema-graph\">{\"@context\":\"https:\/\/schema.org\",\"@graph\":[{\"@type\":\"NewsArticle\",\"@id\":\"https:\/\/www.suno.com.br\/noticias\/agenda-do-dia-eneva-petrorio-unidas-irb-mitre-copel\/#article\",\"isPartOf\":{\"@id\":\"https:\/\/www.suno.com.br\/noticias\/agenda-do-dia-eneva-petrorio-unidas-irb-mitre-copel\/\"},\"author\":{\"name\":\"Juliano Passaro\",\"@id\":\"https:\/\/www.suno.com.br\/noticias\/#\/schema\/person\/1db762f78ffd8919a648a63e425953e3\"},\"headline\":\"Agenda do Dia: Eneva; PetroRio; Unidas; IRB; Mitre; Copel\",\"datePublished\":\"2020-04-22T12:44:48+00:00\",\"dateModified\":\"2020-04-22T13:15:47+00:00\",\"mainEntityOfPage\":{\"@id\":\"https:\/\/www.suno.com.br\/noticias\/agenda-do-dia-eneva-petrorio-unidas-irb-mitre-copel\/\"},\"wordCount\":708,\"publisher\":{\"@id\":\"https:\/\/www.suno.com.br\/noticias\/#organization\"},\"image\":{\"@id\":\"https:\/\/www.suno.com.br\/noticias\/agenda-do-dia-eneva-petrorio-unidas-irb-mitre-copel\/#primaryimage\"},\"thumbnailUrl\":\"https:\/\/files.sunoresearch.com.br\/n\/uploads\/2020\/03\/45673f90-eneva-jpg.webp\",\"keywords\":[\"AES Tiet\u00ea (TIET3\/TIET4\/TIET11)\",\"Copel (CPLE3\/CPLE5\/CPLE6)\",\"Eneva (ENEV3)\"],\"articleSection\":[\"Neg\u00f3cios\"],\"inLanguage\":\"pt-BR\"},{\"@type\":\"WebPage\",\"@id\":\"https:\/\/www.suno.com.br\/noticias\/agenda-do-dia-eneva-petrorio-unidas-irb-mitre-copel\/\",\"url\":\"https:\/\/www.suno.com.br\/noticias\/agenda-do-dia-eneva-petrorio-unidas-irb-mitre-copel\/\",\"name\":\"Agenda do Dia: Eneva; PetroRio; Unidas; IRB; Mitre; Copel\",\"isPartOf\":{\"@id\":\"https:\/\/www.suno.com.br\/noticias\/#website\"},\"primaryImageOfPage\":{\"@id\":\"https:\/\/www.suno.com.br\/noticias\/agenda-do-dia-eneva-petrorio-unidas-irb-mitre-copel\/#primaryimage\"},\"image\":{\"@id\":\"https:\/\/www.suno.com.br\/noticias\/agenda-do-dia-eneva-petrorio-unidas-irb-mitre-copel\/#primaryimage\"},\"thumbnailUrl\":\"https:\/\/files.sunoresearch.com.br\/n\/uploads\/2020\/03\/45673f90-eneva-jpg.webp\",\"datePublished\":\"2020-04-22T12:44:48+00:00\",\"dateModified\":\"2020-04-22T13:15:47+00:00\",\"description\":\"Agenda do Dia: desist\u00eancia de fus\u00e3o da Eneva com a AES Tiet\u00ea; mudan\u00e7as na diretoria da Petrorio; Unidas; IRB; Mitre; Copel. Saiba mais.\",\"breadcrumb\":{\"@id\":\"https:\/\/www.suno.com.br\/noticias\/agenda-do-dia-eneva-petrorio-unidas-irb-mitre-copel\/#breadcrumb\"},\"inLanguage\":\"pt-BR\",\"potentialAction\":[{\"@type\":\"ReadAction\",\"target\":[\"https:\/\/www.suno.com.br\/noticias\/agenda-do-dia-eneva-petrorio-unidas-irb-mitre-copel\/\"]}]},{\"@type\":\"ImageObject\",\"inLanguage\":\"pt-BR\",\"@id\":\"https:\/\/www.suno.com.br\/noticias\/agenda-do-dia-eneva-petrorio-unidas-irb-mitre-copel\/#primaryimage\",\"url\":\"https:\/\/files.sunoresearch.com.br\/n\/uploads\/2020\/03\/45673f90-eneva-jpg.webp\",\"contentUrl\":\"https:\/\/files.sunoresearch.com.br\/n\/uploads\/2020\/03\/45673f90-eneva-jpg.webp\",\"width\":1920,\"height\":1080,\"caption\":\"Eneva (ENEV3)\"},{\"@type\":\"BreadcrumbList\",\"@id\":\"https:\/\/www.suno.com.br\/noticias\/agenda-do-dia-eneva-petrorio-unidas-irb-mitre-copel\/#breadcrumb\",\"itemListElement\":[{\"@type\":\"ListItem\",\"position\":1,\"name\":\"Not\u00edcias\",\"item\":\"https:\/\/www.suno.com.br\/noticias\/\"},{\"@type\":\"ListItem\",\"position\":2,\"name\":\"Neg\u00f3cios\",\"item\":\"https:\/\/www.suno.com.br\/noticias\/negocios\/\"},{\"@type\":\"ListItem\",\"position\":3,\"name\":\"Agenda do Dia: Eneva; PetroRio; Unidas; IRB; Mitre; Copel\"}]},{\"@type\":\"WebSite\",\"@id\":\"https:\/\/www.suno.com.br\/noticias\/#website\",\"url\":\"https:\/\/www.suno.com.br\/noticias\/\",\"name\":\"Suno Not\u00edcias\",\"description\":\"Seu portal de informa\u00e7\u00e3o sobre o mundo dos investimentos\",\"publisher\":{\"@id\":\"https:\/\/www.suno.com.br\/noticias\/#organization\"},\"potentialAction\":[{\"@type\":\"SearchAction\",\"target\":{\"@type\":\"EntryPoint\",\"urlTemplate\":\"https:\/\/www.suno.com.br\/noticias\/?s={search_term_string}\"},\"query-input\":{\"@type\":\"PropertyValueSpecification\",\"valueRequired\":true,\"valueName\":\"search_term_string\"}}],\"inLanguage\":\"pt-BR\"},{\"@type\":\"Organization\",\"@id\":\"https:\/\/www.suno.com.br\/noticias\/#organization\",\"name\":\"Suno Not\u00edcias\",\"url\":\"https:\/\/www.suno.com.br\/noticias\/\",\"logo\":{\"@type\":\"ImageObject\",\"inLanguage\":\"pt-BR\",\"@id\":\"https:\/\/www.suno.com.br\/noticias\/#\/schema\/logo\/image\/\",\"url\":\"https:\/\/files.sunoresearch.com.br\/n\/uploads\/2021\/09\/suno-logo.png\",\"contentUrl\":\"https:\/\/files.sunoresearch.com.br\/n\/uploads\/2021\/09\/suno-logo.png\",\"width\":180,\"height\":180,\"caption\":\"Suno Not\u00edcias\"},\"image\":{\"@id\":\"https:\/\/www.suno.com.br\/noticias\/#\/schema\/logo\/image\/\"},\"sameAs\":[\"https:\/\/facebook.com\/sunoresearch\",\"https:\/\/x.com\/sunoresearch\",\"https:\/\/www.instagram.com\/suno\",\"https:\/\/www.linkedin.com\/company\/suno-research\/\",\"https:\/\/www.youtube.com\/c\/sunoresearch\"]},{\"@type\":\"Person\",\"@id\":\"https:\/\/www.suno.com.br\/noticias\/#\/schema\/person\/1db762f78ffd8919a648a63e425953e3\",\"name\":\"Juliano Passaro\",\"image\":{\"@type\":\"ImageObject\",\"inLanguage\":\"pt-BR\",\"@id\":\"https:\/\/www.suno.com.br\/noticias\/#\/schema\/person\/image\/\",\"url\":\"https:\/\/secure.gravatar.com\/avatar\/743d4df28eebf6dcc46b4ad03c319e92?s=96&r=g\",\"contentUrl\":\"https:\/\/secure.gravatar.com\/avatar\/743d4df28eebf6dcc46b4ad03c319e92?s=96&r=g\",\"caption\":\"Juliano Passaro\"},\"description\":\"Juliano Passaro escreve sobre pol\u00edtica, economia e neg\u00f3cios para o portal da Suno Research. Antes da Suno, trabalhou no Portal da Band. \u00c9 formado em jornalismo pela Universidade Presbiteriana Mackenzie.\",\"url\":\"https:\/\/www.suno.com.br\/noticias\/author\/juliano\/\"}]}<\/script>\n<!-- \/ Yoast SEO plugin. -->","yoast_head_json":{"title":"Agenda do Dia: Eneva; PetroRio; Unidas; IRB; Mitre; Copel","description":"Agenda do Dia: desist\u00eancia de fus\u00e3o da Eneva com a AES Tiet\u00ea; mudan\u00e7as na diretoria da Petrorio; Unidas; IRB; Mitre; Copel. Saiba mais.","robots":{"index":"index","follow":"follow","max-snippet":"max-snippet:-1","max-image-preview":"max-image-preview:large","max-video-preview":"max-video-preview:-1"},"canonical":"https:\/\/www.suno.com.br\/noticias\/agenda-do-dia-eneva-petrorio-unidas-irb-mitre-copel\/","og_locale":"pt_BR","og_type":"article","og_title":"Agenda do Dia: Eneva; PetroRio; Unidas; IRB; Mitre; Copel","og_description":"Agenda do Dia: desist\u00eancia de fus\u00e3o da Eneva com a AES Tiet\u00ea; mudan\u00e7as na diretoria da Petrorio; Unidas; IRB; Mitre; Copel. Saiba mais.","og_url":"https:\/\/www.suno.com.br\/noticias\/agenda-do-dia-eneva-petrorio-unidas-irb-mitre-copel\/","og_site_name":"Suno Not\u00edcias","article_publisher":"https:\/\/facebook.com\/sunoresearch","og_image":[{"width":1920,"height":1080,"url":"https:\/\/files.sunoresearch.com.br\/n\/uploads\/2020\/03\/45673f90-eneva.jpg","type":"image\/jpeg"}],"author":"Juliano Passaro","twitter_card":"summary_large_image","twitter_creator":"@sunoresearch","twitter_site":"@sunoresearch","twitter_misc":{"Escrito por":"Juliano Passaro","Est. tempo de leitura":"3 minutos"},"schema":{"@context":"https:\/\/schema.org","@graph":[{"@type":"NewsArticle","@id":"https:\/\/www.suno.com.br\/noticias\/agenda-do-dia-eneva-petrorio-unidas-irb-mitre-copel\/#article","isPartOf":{"@id":"https:\/\/www.suno.com.br\/noticias\/agenda-do-dia-eneva-petrorio-unidas-irb-mitre-copel\/"},"author":{"name":"Juliano Passaro","@id":"https:\/\/www.suno.com.br\/noticias\/#\/schema\/person\/1db762f78ffd8919a648a63e425953e3"},"headline":"Agenda do Dia: Eneva; PetroRio; Unidas; IRB; Mitre; Copel","datePublished":"2020-04-22T12:44:48+00:00","dateModified":"2020-04-22T13:15:47+00:00","mainEntityOfPage":{"@id":"https:\/\/www.suno.com.br\/noticias\/agenda-do-dia-eneva-petrorio-unidas-irb-mitre-copel\/"},"wordCount":708,"publisher":{"@id":"https:\/\/www.suno.com.br\/noticias\/#organization"},"image":{"@id":"https:\/\/www.suno.com.br\/noticias\/agenda-do-dia-eneva-petrorio-unidas-irb-mitre-copel\/#primaryimage"},"thumbnailUrl":"https:\/\/files.sunoresearch.com.br\/n\/uploads\/2020\/03\/45673f90-eneva-jpg.webp","keywords":["AES Tiet\u00ea (TIET3\/TIET4\/TIET11)","Copel (CPLE3\/CPLE5\/CPLE6)","Eneva (ENEV3)"],"articleSection":["Neg\u00f3cios"],"inLanguage":"pt-BR"},{"@type":"WebPage","@id":"https:\/\/www.suno.com.br\/noticias\/agenda-do-dia-eneva-petrorio-unidas-irb-mitre-copel\/","url":"https:\/\/www.suno.com.br\/noticias\/agenda-do-dia-eneva-petrorio-unidas-irb-mitre-copel\/","name":"Agenda do Dia: Eneva; PetroRio; Unidas; IRB; Mitre; Copel","isPartOf":{"@id":"https:\/\/www.suno.com.br\/noticias\/#website"},"primaryImageOfPage":{"@id":"https:\/\/www.suno.com.br\/noticias\/agenda-do-dia-eneva-petrorio-unidas-irb-mitre-copel\/#primaryimage"},"image":{"@id":"https:\/\/www.suno.com.br\/noticias\/agenda-do-dia-eneva-petrorio-unidas-irb-mitre-copel\/#primaryimage"},"thumbnailUrl":"https:\/\/files.sunoresearch.com.br\/n\/uploads\/2020\/03\/45673f90-eneva-jpg.webp","datePublished":"2020-04-22T12:44:48+00:00","dateModified":"2020-04-22T13:15:47+00:00","description":"Agenda do Dia: desist\u00eancia de fus\u00e3o da Eneva com a AES Tiet\u00ea; mudan\u00e7as na diretoria da Petrorio; Unidas; IRB; Mitre; Copel. Saiba mais.","breadcrumb":{"@id":"https:\/\/www.suno.com.br\/noticias\/agenda-do-dia-eneva-petrorio-unidas-irb-mitre-copel\/#breadcrumb"},"inLanguage":"pt-BR","potentialAction":[{"@type":"ReadAction","target":["https:\/\/www.suno.com.br\/noticias\/agenda-do-dia-eneva-petrorio-unidas-irb-mitre-copel\/"]}]},{"@type":"ImageObject","inLanguage":"pt-BR","@id":"https:\/\/www.suno.com.br\/noticias\/agenda-do-dia-eneva-petrorio-unidas-irb-mitre-copel\/#primaryimage","url":"https:\/\/files.sunoresearch.com.br\/n\/uploads\/2020\/03\/45673f90-eneva-jpg.webp","contentUrl":"https:\/\/files.sunoresearch.com.br\/n\/uploads\/2020\/03\/45673f90-eneva-jpg.webp","width":1920,"height":1080,"caption":"Eneva (ENEV3)"},{"@type":"BreadcrumbList","@id":"https:\/\/www.suno.com.br\/noticias\/agenda-do-dia-eneva-petrorio-unidas-irb-mitre-copel\/#breadcrumb","itemListElement":[{"@type":"ListItem","position":1,"name":"Not\u00edcias","item":"https:\/\/www.suno.com.br\/noticias\/"},{"@type":"ListItem","position":2,"name":"Neg\u00f3cios","item":"https:\/\/www.suno.com.br\/noticias\/negocios\/"},{"@type":"ListItem","position":3,"name":"Agenda do Dia: Eneva; PetroRio; Unidas; IRB; Mitre; Copel"}]},{"@type":"WebSite","@id":"https:\/\/www.suno.com.br\/noticias\/#website","url":"https:\/\/www.suno.com.br\/noticias\/","name":"Suno Not\u00edcias","description":"Seu portal de informa\u00e7\u00e3o sobre o mundo dos investimentos","publisher":{"@id":"https:\/\/www.suno.com.br\/noticias\/#organization"},"potentialAction":[{"@type":"SearchAction","target":{"@type":"EntryPoint","urlTemplate":"https:\/\/www.suno.com.br\/noticias\/?s={search_term_string}"},"query-input":{"@type":"PropertyValueSpecification","valueRequired":true,"valueName":"search_term_string"}}],"inLanguage":"pt-BR"},{"@type":"Organization","@id":"https:\/\/www.suno.com.br\/noticias\/#organization","name":"Suno Not\u00edcias","url":"https:\/\/www.suno.com.br\/noticias\/","logo":{"@type":"ImageObject","inLanguage":"pt-BR","@id":"https:\/\/www.suno.com.br\/noticias\/#\/schema\/logo\/image\/","url":"https:\/\/files.sunoresearch.com.br\/n\/uploads\/2021\/09\/suno-logo.png","contentUrl":"https:\/\/files.sunoresearch.com.br\/n\/uploads\/2021\/09\/suno-logo.png","width":180,"height":180,"caption":"Suno Not\u00edcias"},"image":{"@id":"https:\/\/www.suno.com.br\/noticias\/#\/schema\/logo\/image\/"},"sameAs":["https:\/\/facebook.com\/sunoresearch","https:\/\/x.com\/sunoresearch","https:\/\/www.instagram.com\/suno","https:\/\/www.linkedin.com\/company\/suno-research\/","https:\/\/www.youtube.com\/c\/sunoresearch"]},{"@type":"Person","@id":"https:\/\/www.suno.com.br\/noticias\/#\/schema\/person\/1db762f78ffd8919a648a63e425953e3","name":"Juliano Passaro","image":{"@type":"ImageObject","inLanguage":"pt-BR","@id":"https:\/\/www.suno.com.br\/noticias\/#\/schema\/person\/image\/","url":"https:\/\/secure.gravatar.com\/avatar\/743d4df28eebf6dcc46b4ad03c319e92?s=96&r=g","contentUrl":"https:\/\/secure.gravatar.com\/avatar\/743d4df28eebf6dcc46b4ad03c319e92?s=96&r=g","caption":"Juliano Passaro"},"description":"Juliano Passaro escreve sobre pol\u00edtica, economia e neg\u00f3cios para o portal da Suno Research. Antes da Suno, trabalhou no Portal da Band. \u00c9 formado em jornalismo pela Universidade Presbiteriana Mackenzie.","url":"https:\/\/www.suno.com.br\/noticias\/author\/juliano\/"}]}},"default_loop_html":"<div class=\"cardsPage__listCard__boxs\"><div class=\"cardsPage__listCard__boxs__img\"><a href=\"https:\/\/www.suno.com.br\/noticias\/agenda-do-dia-eneva-petrorio-unidas-irb-mitre-copel\/\"><img class=\"mask\" src=\"https:\/\/www.suno.com.br\/noticias\/wp-content\/themes\/suno\/resources\/images\/spotlight\/spotlight1img\/bg-mask.png\" alt=\"Image Mask\"\/><img src=\"https:\/\/files.sunoresearch.com.br\/n\/uploads\/2020\/03\/45673f90-eneva-400x200.webp\" alt=\"Agenda do Dia: Eneva; PetroRio; Unidas; IRB; Mitre; Copel\"\/><\/a><span class=\"spotlightCategory\"><a href=\"https:\/\/www.suno.com.br\/noticias\/negocios\/\">Neg\u00f3cios<\/a><\/span><\/div><div class=\"cardsPage__listCard__boxs__content\"><a href=\"https:\/\/www.suno.com.br\/noticias\/agenda-do-dia-eneva-petrorio-unidas-irb-mitre-copel\/\"><h2 class=\"content__title\">Agenda do Dia: Eneva; PetroRio; Unidas; IRB; Mitre; Copel<\/h2><\/a><div class=\"newsContent__article__meta\"><div class=\"newsContent__article__meta__authorBox\"><a href=\"https:\/\/www.suno.com.br\/noticias\/author\/juliano\/\" class=\"authorBox__avatar noMobi\"><img src=\"https:\/\/files.sunoresearch.com.br\/n\/uploads\/2019\/06\/7cc3efea-whatsapp-image-2019-07-18-at-21.59.33-e1563499821209-150x150.webp\" alt=\"Juliano Passaro\"><\/a><div class=\"authorBox__name\"><span>por\n\t\t\t<a href=\"https:\/\/www.suno.com.br\/noticias\/author\/juliano\/\"><span itemprop=\"author\">Juliano Passaro<\/span><\/a><\/span><time datetime=\"2020-04-22T09:44:48-03:00\" itemprop=\"datePublished\">22\/04\/2020 09:44<\/time><\/div><\/div><\/div><\/div><\/div>","single_layout":"posts","amp_enabled":true,"_links":{"self":[{"href":"https:\/\/www.suno.com.br\/noticias\/wp-json\/wp\/v2\/posts\/62191"}],"collection":[{"href":"https:\/\/www.suno.com.br\/noticias\/wp-json\/wp\/v2\/posts"}],"about":[{"href":"https:\/\/www.suno.com.br\/noticias\/wp-json\/wp\/v2\/types\/post"}],"author":[{"embeddable":true,"href":"https:\/\/www.suno.com.br\/noticias\/wp-json\/wp\/v2\/users\/19"}],"replies":[{"embeddable":true,"href":"https:\/\/www.suno.com.br\/noticias\/wp-json\/wp\/v2\/comments?post=62191"}],"version-history":[{"count":0,"href":"https:\/\/www.suno.com.br\/noticias\/wp-json\/wp\/v2\/posts\/62191\/revisions"}],"wp:featuredmedia":[{"embeddable":true,"href":"https:\/\/www.suno.com.br\/noticias\/wp-json\/wp\/v2\/media\/55570"}],"wp:attachment":[{"href":"https:\/\/www.suno.com.br\/noticias\/wp-json\/wp\/v2\/media?parent=62191"}],"wp:term":[{"taxonomy":"category","embeddable":true,"href":"https:\/\/www.suno.com.br\/noticias\/wp-json\/wp\/v2\/categories?post=62191"},{"taxonomy":"post_tag","embeddable":true,"href":"https:\/\/www.suno.com.br\/noticias\/wp-json\/wp\/v2\/tags?post=62191"},{"taxonomy":"suno_strategy","embeddable":true,"href":"https:\/\/www.suno.com.br\/noticias\/wp-json\/wp\/v2\/suno_strategy?post=62191"}],"curies":[{"name":"wp","href":"https:\/\/api.w.org\/{rel}","templated":true}]}}