{"id":621731,"date":"2025-08-28T12:13:19","date_gmt":"2025-08-28T15:13:19","guid":{"rendered":"https:\/\/www.suno.com.br\/noticias\/?p=621731"},"modified":"2025-10-15T10:41:28","modified_gmt":"2025-10-15T13:41:28","slug":"operacao-pf-contra-pcc-alvos-faria-lima-go","status":"publish","type":"post","link":"https:\/\/www.suno.com.br\/noticias\/operacao-pf-contra-pcc-alvos-faria-lima-go\/","title":{"rendered":"Opera\u00e7\u00e3o da Pol\u00edcia Federal contra PCC atinge alvos na Faria Lima; veja empresas investigadas"},"content":{"rendered":"<p>A Pol\u00edcia Federal deflagrou nesta quinta-feira (28), com apoio da <a class=\"suno-keyword\" data-force=\"no\" data-priority=\"3\" href=\"https:\/\/www.suno.com.br\/artigos\/receita-federal\/\" target=\"_blank\" rel=\"noopener\">Receita Federal<\/a>, uma opera\u00e7\u00e3o de combate ao crime organizado que mira integrantes do Primeiro Comando da Capital (PCC). A <strong>opera\u00e7\u00e3o da PF<\/strong> mobiliza cerca de 1.400 agentes em oito estados e atingiu mais de 40 alvos na regi\u00e3o da Avenida Faria Lima, centro do mercado financeiro de S\u00e3o Paulo.<\/p>\t<div class=\"wrapper-featured-image\">\n\t\t<figure class=\"spotlightImg\">\n\n\t\t\t<picture>\n\t\t\t\t<source media=\"(max-width: 768px)\" srcset=\"https:\/\/files.sunoresearch.com.br\/n\/uploads\/2025\/08\/PF-400x200.webp\">\n\t\t\t\t<img loading=\"lazy\" decoding=\"async\" class=\"newsContent__article__imgCapa lazyloadDisabled \" src=\"https:\/\/files.sunoresearch.com.br\/n\/uploads\/2025\/08\/PF-800x450.webp\" width=\"800\" height=\"450\" alt=\"Opera\u00e7\u00e3o da Pol\u00edcia Federal contra PCC atinge alvos na Faria Lima; veja empresas investigadas\" fetchpriority=high \/>\n\t\t\t<\/picture>\n\n\t\t\t<figcaption class=\"wp-caption-text wp-caption-text--show\">Carro da Pol\u00edcia Federal (Opera\u00e7\u00e3o da PF)<\/figcaption>\n\t\t<\/figure>\n\t<\/div>\n\n\n\n\n\n\n\n\t<p>\n\t\t<a href=\"https:\/\/lp.suno.com.br\/planilha-da-vida-financeira\/\" target=\"_blank\" data-element=\"shortcode-suno-banner\" title=\"Banner SUNO, clique e saiba mais\">\n\t\t\t<picture>\n\t\t\t\t<source media=\"(max-width: 500px)\" srcset=\"https:\/\/files.sunoresearch.com.br\/n\/uploads\/2023\/04\/400x300-Planilha-vida-financeira-true.png\">\n\t\t\t\t<img class=\"newsContent__article__imgCapa newsContent__article__imgCapa--banner\"\n\t\t\t\t\tsrc=\"https:\/\/files.sunoresearch.com.br\/n\/uploads\/2023\/04\/1420x240-Planilha-vida-financeira-true.png\"\n\t\t\t\t\tdata-promo-id=\"106682\"\t\t\t\t\t\t\t\t\t\twidth='1420' height='240'\t\t\t\t\talt=\"https:\/\/files.sunoresearch.com.br\/n\/uploads\/2023\/04\/1420x240-Planilha-vida-financeira-true.png\"\n\t\t\t\t>\n\t\t\t<\/picture>\n\t\t<\/a>\n\t<\/p>\n\n\n\n\n\n<p>A investiga\u00e7\u00e3o apura um esquema bilion\u00e1rio de fraudes no setor de combust\u00edveis, al\u00e9m de lavagem de dinheiro e oculta\u00e7\u00e3o de patrim\u00f4nio por meio de fundos de investimentos e fintechs. De acordo com a Receita Federal, o grupo criminoso teria sonegado mais de R$ 7,6 bilh\u00f5es em impostos.<\/p>\n\n\n\n<p>Al\u00e9m disso, a Receita Federal identificou ainda fundos de investimento com patrim\u00f4nio acumulado na casa dos R$ 30 bilh\u00f5es, que eram controlados pelo PCC. As opera\u00e7\u00f5es aconteciam em S\u00e3o Paulo, por meio de infiltrados na regi\u00e3o da Faria Lima. <\/p>\n\n\n\n<p>Ao todo, s\u00e3o mais de 350 alvos na opera\u00e7\u00e3o da PF, entre <a class=\"suno-keyword\" data-force=\"no\" data-priority=\"2\" href=\"https:\/\/www.suno.com.br\/artigos\/pessoa-fisica\/\" target=\"_blank\" rel=\"noopener\">pessoas f\u00edsicas<\/a> e jur\u00eddicas, suspeitos de crimes contra a ordem econ\u00f4mica, adultera\u00e7\u00e3o de combust\u00edveis, crimes ambientais, <a class=\"suno-keyword\" data-force=\"no\" data-priority=\"1\" href=\"https:\/\/www.suno.com.br\/artigos\/fraude-fiscal\/\" target=\"_blank\" rel=\"noopener\">fraude fiscal<\/a>, estelionato e lavagem de dinheiro. A investiga\u00e7\u00e3o tamb\u00e9m bloqueou bens e valores de empresas ligadas ao esquema.<\/p>\n\n\n\n<h2 class=\"wp-block-heading\">Entenda as opera\u00e7\u00f5es da PF: Quasar, Tank e Carbono Oculto<\/h2>\n\n\n\n<p>A megaopera\u00e7\u00e3o desta quinta-feira integra tr\u00eas grandes frentes de investiga\u00e7\u00e3o: <strong>Quasar<\/strong>, <strong>Tank<\/strong> e <strong>Carbono Oculto<\/strong>. Cada uma delas ataca uma parte do esquema criminoso ligado ao PCC.<\/p>\n\n\n\n<h3 class=\"wp-block-heading\">Opera\u00e7\u00e3o Quasar<\/h3>\n\n\n\n<p>A Opera\u00e7\u00e3o Quasar teve como foco a utiliza\u00e7\u00e3o de fundos de investimento para ocultar patrim\u00f4nio il\u00edcito. As investiga\u00e7\u00f5es identificaram que recursos desviados e provenientes de fraudes fiscais eram aplicados em fundos controlados por empresas ligadas \u00e0 organiza\u00e7\u00e3o criminosa. O esquema permitia que os valores circulassem no sistema financeiro de forma legalizada, mascarando a origem il\u00edcita.<\/p>\n\n\n\n<p>Foram cumpridos 12 mandados de busca e apreens\u00e3o em S\u00e3o Paulo, Campinas e Ribeir\u00e3o Preto. A Justi\u00e7a Federal determinou o sequestro integral de fundos de investimento suspeitos, al\u00e9m do bloqueio de bens e valores at\u00e9 o limite de R$ 1,2 bilh\u00e3o. A opera\u00e7\u00e3o \u00e9 conduzida pela Pol\u00edcia Federal com apoio da Receita Federal.<\/p>\n\n\n\n<h3 class=\"wp-block-heading\">Opera\u00e7\u00e3o Tank<\/h3>\n\n\n\n<p>A Opera\u00e7\u00e3o Tank desarticulou uma rede de lavagem de dinheiro que operava no estado do Paran\u00e1 e em outros pontos do pa\u00eds. Segundo a PF, centenas de empresas, incluindo postos de combust\u00edveis, distribuidoras, holdings, empresas de cobran\u00e7a e at\u00e9 institui\u00e7\u00f5es de pagamento autorizadas pelo Banco Central, eram usadas para movimentar recursos il\u00edcitos.<\/p>\n\n\n\t<p>\n\t\t<a href=\"https:\/\/lp.suno.com.br\/ebook-como-analisar-uma-acao\/\" target=\"_blank\" data-element=\"shortcode-suno-banner\" title=\"Banner SUNO, clique e saiba mais\">\n\t\t\t<picture>\n\t\t\t\t<source media=\"(max-width: 500px)\" srcset=\"https:\/\/files.sunoresearch.com.br\/n\/uploads\/2023\/03\/Ebook-Acoes-Mobile.jpg\">\n\t\t\t\t<img class=\"newsContent__article__imgCapa newsContent__article__imgCapa--banner\"\n\t\t\t\t\tsrc=\"https:\/\/files.sunoresearch.com.br\/n\/uploads\/2023\/03\/Ebook-Acoes-Desktop.jpg\"\n\t\t\t\t\tdata-promo-id=\"378302\"\t\t\t\t\t\t\t\t\t\twidth='1420' height='286'\t\t\t\t\talt=\"https:\/\/files.sunoresearch.com.br\/n\/uploads\/2023\/03\/Ebook-Acoes-Desktop.jpg\"\n\t\t\t\t>\n\t\t\t<\/picture>\n\t\t<\/a>\n\t<\/p>\n\n\n\n\n\n<p>As investiga\u00e7\u00f5es tamb\u00e9m revelaram pr\u00e1ticas de fraude na comercializa\u00e7\u00e3o de combust\u00edveis, como adultera\u00e7\u00e3o de gasolina e emiss\u00e3o de notas fiscais falsas. O grupo criminoso operava desde 2019 e \u00e9 suspeito de ter lavado pelo menos R$ 600 milh\u00f5es, com movimenta\u00e7\u00f5es superiores a R$ 23 bilh\u00f5es.<\/p>\n\n\n\n<p>Ao todo, foram cumpridos 14 mandados de pris\u00e3o e 42 de busca e apreens\u00e3o no Paran\u00e1, em S\u00e3o Paulo e no Rio de Janeiro. Os bens bloqueados somam mais de R$ 1 bilh\u00e3o, atingindo 41 pessoas f\u00edsicas e 255 jur\u00eddicas.<\/p>\n\n\n\n<h3 class=\"wp-block-heading\">Opera\u00e7\u00e3o Carbono Oculto<\/h3>\n\n\n\n<p>A Opera\u00e7\u00e3o Carbono Oculto \u00e9 considerada a maior j\u00e1 realizada no Brasil contra o crime organizado. Ela teve como alvo a cadeia completa do setor de combust\u00edveis, desde a importa\u00e7\u00e3o de insumos qu\u00edmicos at\u00e9 a adultera\u00e7\u00e3o, distribui\u00e7\u00e3o e venda ao consumidor final.<\/p>\n\n\n\n<p>Os investigadores identificaram a atua\u00e7\u00e3o de mais de 300 postos de combust\u00edveis envolvidos em fraudes. A estimativa do setor \u00e9 que cerca de 30% dos postos em S\u00e3o Paulo, aproximadamente 2.500 estabelecimentos, tenham algum n\u00edvel de envolvimento.<\/p>\n\n\n\n<p>Outra frente da Carbono Oculto foi a infiltra\u00e7\u00e3o no mercado financeiro. A Receita Federal apontou a exist\u00eancia de pelo menos 40 fundos de investimento, com patrim\u00f4nio estimado em R$ 30 bilh\u00f5es, que estavam sob o controle da fac\u00e7\u00e3o criminosa. Esses fundos foram usados para oculta\u00e7\u00e3o de patrim\u00f4nio, aquisi\u00e7\u00e3o de empresas, usinas e at\u00e9 terminais portu\u00e1rios.<\/p>\n\n\n\n<p>A Procuradoria-Geral da Fazenda Nacional ingressou com a\u00e7\u00f5es de bloqueio de mais de R$ 1 bilh\u00e3o em bens, incluindo im\u00f3veis e ve\u00edculos. J\u00e1 o Comit\u00ea Interinstitucional de Recupera\u00e7\u00e3o de Ativos de S\u00e3o Paulo deve pedir \u00e0 Justi\u00e7a a reten\u00e7\u00e3o de bens suficientes para recuperar mais de R$ 7 bilh\u00f5es em tributos sonegados.<\/p>\n\n\n\n<p>A <strong>opera\u00e7\u00e3o da PF<\/strong> faz parte de uma for\u00e7a-tarefa nacional, integrada pelo Minist\u00e9rio P\u00fablico de S\u00e3o Paulo, Minist\u00e9rio P\u00fablico Federal, Pol\u00edcias Federal, Civil e Militar de S\u00e3o Paulo. Participam tamb\u00e9m a Receita Federal, Secretaria da Fazenda de S\u00e3o Paulo, Ag\u00eancia Nacional do Petr\u00f3leo e Procuradoria-Geral do Estado.<\/p>\n\n\n\t<p>\n\t\t<a href=\"https:\/\/lp.suno.com.br\/planilha-da-vida-financeira\/\" target=\"_blank\" data-element=\"shortcode-suno-banner\" title=\"Banner SUNO, clique e saiba mais\">\n\t\t\t<picture>\n\t\t\t\t<source media=\"(max-width: 500px)\" srcset=\"https:\/\/files.sunoresearch.com.br\/n\/uploads\/2023\/04\/400x300-Planilha-vida-financeira-true.png\">\n\t\t\t\t<img class=\"newsContent__article__imgCapa newsContent__article__imgCapa--banner\"\n\t\t\t\t\tsrc=\"https:\/\/files.sunoresearch.com.br\/n\/uploads\/2023\/04\/1420x240-Planilha-vida-financeira-true.png\"\n\t\t\t\t\tdata-promo-id=\"383123\"\t\t\t\t\t\t\t\t\t\twidth='1420' height='240'\t\t\t\t\talt=\"https:\/\/files.sunoresearch.com.br\/n\/uploads\/2023\/04\/1420x240-Planilha-vida-financeira-true.png\"\n\t\t\t\t>\n\t\t\t<\/picture>\n\t\t<\/a>\n\t<\/p>\n\n\n","protected":false},"excerpt":{"rendered":"<p>A Pol\u00edcia Federal deflagrou nesta quinta-feira (28), com apoio da Receita Federal, uma opera\u00e7\u00e3o de combate ao crime organizado que mira integrantes do Primeiro Comando da Capital (PCC). A opera\u00e7\u00e3o da PF mobiliza cerca de 1.400 agentes em oito estados e atingiu mais de 40 alvos na regi\u00e3o da Avenida Faria Lima, centro do mercado [&hellip;]<\/p>\n","protected":false},"author":404,"featured_media":621733,"comment_status":"closed","ping_status":"closed","sticky":false,"template":"","format":"standard","meta":[],"categories":[62],"tags":[847],"suno_strategy":[],"class_list":["post-621731","post","type-post","status-publish","format-standard","has-post-thumbnail","hentry","category-economia","tag-receita-federal"],"yoast_head":"<!-- This site is optimized with the Yoast SEO plugin v24.4 - https:\/\/yoast.com\/wordpress\/plugins\/seo\/ -->\n<title>Opera\u00e7\u00e3o da PF contra PCC atinge alvos na Faria Lima<\/title>\n<meta name=\"description\" content=\"A Pol\u00edcia Federal deflagrou, com apoio da Receita Federal, uma opera\u00e7\u00e3o da PF de combate ao crime organizado. Clique e saiba mais!\" \/>\n<meta name=\"robots\" content=\"index, follow, max-snippet:-1, max-image-preview:large, max-video-preview:-1\" \/>\n<link rel=\"canonical\" href=\"https:\/\/www.suno.com.br\/noticias\/operacao-pf-contra-pcc-alvos-faria-lima-go\/\" \/>\n<meta property=\"og:locale\" content=\"pt_BR\" \/>\n<meta property=\"og:type\" content=\"article\" \/>\n<meta property=\"og:title\" content=\"Opera\u00e7\u00e3o da PF contra PCC atinge alvos na Faria Lima\" \/>\n<meta property=\"og:description\" content=\"A Pol\u00edcia Federal deflagrou, com apoio da Receita Federal, uma opera\u00e7\u00e3o da PF de combate ao crime organizado. Clique e saiba mais!\" \/>\n<meta property=\"og:url\" content=\"https:\/\/www.suno.com.br\/noticias\/operacao-pf-contra-pcc-alvos-faria-lima-go\/\" \/>\n<meta property=\"og:site_name\" content=\"Suno Not\u00edcias\" \/>\n<meta property=\"article:publisher\" content=\"https:\/\/facebook.com\/sunoresearch\" \/>\n<meta property=\"og:image\" content=\"https:\/\/files.sunoresearch.com.br\/n\/uploads\/2025\/08\/PF.webp\" \/>\n\t<meta property=\"og:image:width\" content=\"1212\" \/>\n\t<meta property=\"og:image:height\" content=\"909\" \/>\n\t<meta property=\"og:image:type\" content=\"image\/webp\" \/>\n<meta name=\"author\" content=\"Giovanna Oliveira\" \/>\n<meta name=\"twitter:card\" content=\"summary_large_image\" \/>\n<meta name=\"twitter:creator\" content=\"@sunoresearch\" \/>\n<meta name=\"twitter:site\" content=\"@sunoresearch\" \/>\n<meta name=\"twitter:label1\" content=\"Escrito por\" \/>\n\t<meta name=\"twitter:data1\" content=\"Giovanna Oliveira\" \/>\n\t<meta name=\"twitter:label2\" content=\"Est. tempo de leitura\" \/>\n\t<meta name=\"twitter:data2\" content=\"7 minutos\" \/>\n<script type=\"application\/ld+json\" class=\"yoast-schema-graph\">{\"@context\":\"https:\/\/schema.org\",\"@graph\":[{\"@type\":\"NewsArticle\",\"@id\":\"https:\/\/www.suno.com.br\/noticias\/operacao-pf-contra-pcc-alvos-faria-lima-go\/#article\",\"isPartOf\":{\"@id\":\"https:\/\/www.suno.com.br\/noticias\/operacao-pf-contra-pcc-alvos-faria-lima-go\/\"},\"author\":{\"name\":\"Giovanna Oliveira\",\"@id\":\"https:\/\/www.suno.com.br\/noticias\/#\/schema\/person\/506bb13f624e6983050ae5bf648c7a54\"},\"headline\":\"Opera\u00e7\u00e3o da Pol\u00edcia Federal contra PCC atinge alvos na Faria Lima; veja empresas investigadas\",\"datePublished\":\"2025-08-28T15:13:19+00:00\",\"dateModified\":\"2025-10-15T13:41:28+00:00\",\"mainEntityOfPage\":{\"@id\":\"https:\/\/www.suno.com.br\/noticias\/operacao-pf-contra-pcc-alvos-faria-lima-go\/\"},\"wordCount\":822,\"publisher\":{\"@id\":\"https:\/\/www.suno.com.br\/noticias\/#organization\"},\"image\":{\"@id\":\"https:\/\/www.suno.com.br\/noticias\/operacao-pf-contra-pcc-alvos-faria-lima-go\/#primaryimage\"},\"thumbnailUrl\":\"https:\/\/files.sunoresearch.com.br\/n\/uploads\/2025\/08\/PF.webp\",\"keywords\":[\"Receita Federal\"],\"articleSection\":[\"Economia\"],\"inLanguage\":\"pt-BR\"},{\"@type\":\"WebPage\",\"@id\":\"https:\/\/www.suno.com.br\/noticias\/operacao-pf-contra-pcc-alvos-faria-lima-go\/\",\"url\":\"https:\/\/www.suno.com.br\/noticias\/operacao-pf-contra-pcc-alvos-faria-lima-go\/\",\"name\":\"Opera\u00e7\u00e3o da PF contra PCC atinge alvos na Faria Lima\",\"isPartOf\":{\"@id\":\"https:\/\/www.suno.com.br\/noticias\/#website\"},\"primaryImageOfPage\":{\"@id\":\"https:\/\/www.suno.com.br\/noticias\/operacao-pf-contra-pcc-alvos-faria-lima-go\/#primaryimage\"},\"image\":{\"@id\":\"https:\/\/www.suno.com.br\/noticias\/operacao-pf-contra-pcc-alvos-faria-lima-go\/#primaryimage\"},\"thumbnailUrl\":\"https:\/\/files.sunoresearch.com.br\/n\/uploads\/2025\/08\/PF.webp\",\"datePublished\":\"2025-08-28T15:13:19+00:00\",\"dateModified\":\"2025-10-15T13:41:28+00:00\",\"description\":\"A Pol\u00edcia Federal deflagrou, com apoio da Receita Federal, uma opera\u00e7\u00e3o da PF de combate ao crime organizado. Clique e saiba mais!\",\"breadcrumb\":{\"@id\":\"https:\/\/www.suno.com.br\/noticias\/operacao-pf-contra-pcc-alvos-faria-lima-go\/#breadcrumb\"},\"inLanguage\":\"pt-BR\",\"potentialAction\":[{\"@type\":\"ReadAction\",\"target\":[\"https:\/\/www.suno.com.br\/noticias\/operacao-pf-contra-pcc-alvos-faria-lima-go\/\"]}]},{\"@type\":\"ImageObject\",\"inLanguage\":\"pt-BR\",\"@id\":\"https:\/\/www.suno.com.br\/noticias\/operacao-pf-contra-pcc-alvos-faria-lima-go\/#primaryimage\",\"url\":\"https:\/\/files.sunoresearch.com.br\/n\/uploads\/2025\/08\/PF.webp\",\"contentUrl\":\"https:\/\/files.sunoresearch.com.br\/n\/uploads\/2025\/08\/PF.webp\",\"width\":1212,\"height\":909,\"caption\":\"Carro da Pol\u00edcia Federal (Opera\u00e7\u00e3o da PF)\"},{\"@type\":\"BreadcrumbList\",\"@id\":\"https:\/\/www.suno.com.br\/noticias\/operacao-pf-contra-pcc-alvos-faria-lima-go\/#breadcrumb\",\"itemListElement\":[{\"@type\":\"ListItem\",\"position\":1,\"name\":\"Not\u00edcias\",\"item\":\"https:\/\/www.suno.com.br\/noticias\/\"},{\"@type\":\"ListItem\",\"position\":2,\"name\":\"Economia\",\"item\":\"https:\/\/www.suno.com.br\/noticias\/economia\/\"},{\"@type\":\"ListItem\",\"position\":3,\"name\":\"Opera\u00e7\u00e3o da Pol\u00edcia Federal contra PCC atinge alvos na Faria Lima; veja empresas investigadas\"}]},{\"@type\":\"WebSite\",\"@id\":\"https:\/\/www.suno.com.br\/noticias\/#website\",\"url\":\"https:\/\/www.suno.com.br\/noticias\/\",\"name\":\"Suno Not\u00edcias\",\"description\":\"Seu portal de informa\u00e7\u00e3o sobre o mundo dos investimentos\",\"publisher\":{\"@id\":\"https:\/\/www.suno.com.br\/noticias\/#organization\"},\"potentialAction\":[{\"@type\":\"SearchAction\",\"target\":{\"@type\":\"EntryPoint\",\"urlTemplate\":\"https:\/\/www.suno.com.br\/noticias\/?s={search_term_string}\"},\"query-input\":{\"@type\":\"PropertyValueSpecification\",\"valueRequired\":true,\"valueName\":\"search_term_string\"}}],\"inLanguage\":\"pt-BR\"},{\"@type\":\"Organization\",\"@id\":\"https:\/\/www.suno.com.br\/noticias\/#organization\",\"name\":\"Suno Not\u00edcias\",\"url\":\"https:\/\/www.suno.com.br\/noticias\/\",\"logo\":{\"@type\":\"ImageObject\",\"inLanguage\":\"pt-BR\",\"@id\":\"https:\/\/www.suno.com.br\/noticias\/#\/schema\/logo\/image\/\",\"url\":\"https:\/\/files.sunoresearch.com.br\/n\/uploads\/2021\/09\/suno-logo.png\",\"contentUrl\":\"https:\/\/files.sunoresearch.com.br\/n\/uploads\/2021\/09\/suno-logo.png\",\"width\":180,\"height\":180,\"caption\":\"Suno Not\u00edcias\"},\"image\":{\"@id\":\"https:\/\/www.suno.com.br\/noticias\/#\/schema\/logo\/image\/\"},\"sameAs\":[\"https:\/\/facebook.com\/sunoresearch\",\"https:\/\/x.com\/sunoresearch\",\"https:\/\/www.instagram.com\/suno\",\"https:\/\/www.linkedin.com\/company\/suno-research\/\",\"https:\/\/www.youtube.com\/c\/sunoresearch\"]},{\"@type\":\"Person\",\"@id\":\"https:\/\/www.suno.com.br\/noticias\/#\/schema\/person\/506bb13f624e6983050ae5bf648c7a54\",\"name\":\"Giovanna Oliveira\",\"image\":{\"@type\":\"ImageObject\",\"inLanguage\":\"pt-BR\",\"@id\":\"https:\/\/www.suno.com.br\/noticias\/#\/schema\/person\/image\/\",\"url\":\"https:\/\/secure.gravatar.com\/avatar\/8d180e5cea232a9bb3af521589b133fa?s=96&r=g\",\"contentUrl\":\"https:\/\/secure.gravatar.com\/avatar\/8d180e5cea232a9bb3af521589b133fa?s=96&r=g\",\"caption\":\"Giovanna Oliveira\"},\"description\":\"Jornalista com mais de sete anos de experi\u00eancia na cobertura de finan\u00e7as e economia. P\u00f3s-graduada em Neg\u00f3cios e Inova\u00e7\u00e3o (ESPM-SP) e mestranda em Finan\u00e7as (UADE Business School\u2013Buenos Aires).\",\"url\":\"https:\/\/www.suno.com.br\/noticias\/author\/giovannalmd-oliveiragmail-com\/\"}]}<\/script>\n<!-- \/ Yoast SEO plugin. -->","yoast_head_json":{"title":"Opera\u00e7\u00e3o da PF contra PCC atinge alvos na Faria Lima","description":"A Pol\u00edcia Federal deflagrou, com apoio da Receita Federal, uma opera\u00e7\u00e3o da PF de combate ao crime organizado. Clique e saiba mais!","robots":{"index":"index","follow":"follow","max-snippet":"max-snippet:-1","max-image-preview":"max-image-preview:large","max-video-preview":"max-video-preview:-1"},"canonical":"https:\/\/www.suno.com.br\/noticias\/operacao-pf-contra-pcc-alvos-faria-lima-go\/","og_locale":"pt_BR","og_type":"article","og_title":"Opera\u00e7\u00e3o da PF contra PCC atinge alvos na Faria Lima","og_description":"A Pol\u00edcia Federal deflagrou, com apoio da Receita Federal, uma opera\u00e7\u00e3o da PF de combate ao crime organizado. Clique e saiba mais!","og_url":"https:\/\/www.suno.com.br\/noticias\/operacao-pf-contra-pcc-alvos-faria-lima-go\/","og_site_name":"Suno Not\u00edcias","article_publisher":"https:\/\/facebook.com\/sunoresearch","og_image":[{"width":1212,"height":909,"url":"https:\/\/files.sunoresearch.com.br\/n\/uploads\/2025\/08\/PF.webp","type":"image\/webp"}],"author":"Giovanna Oliveira","twitter_card":"summary_large_image","twitter_creator":"@sunoresearch","twitter_site":"@sunoresearch","twitter_misc":{"Escrito por":"Giovanna Oliveira","Est. tempo de leitura":"7 minutos"},"schema":{"@context":"https:\/\/schema.org","@graph":[{"@type":"NewsArticle","@id":"https:\/\/www.suno.com.br\/noticias\/operacao-pf-contra-pcc-alvos-faria-lima-go\/#article","isPartOf":{"@id":"https:\/\/www.suno.com.br\/noticias\/operacao-pf-contra-pcc-alvos-faria-lima-go\/"},"author":{"name":"Giovanna Oliveira","@id":"https:\/\/www.suno.com.br\/noticias\/#\/schema\/person\/506bb13f624e6983050ae5bf648c7a54"},"headline":"Opera\u00e7\u00e3o da Pol\u00edcia Federal contra PCC atinge alvos na Faria Lima; veja empresas investigadas","datePublished":"2025-08-28T15:13:19+00:00","dateModified":"2025-10-15T13:41:28+00:00","mainEntityOfPage":{"@id":"https:\/\/www.suno.com.br\/noticias\/operacao-pf-contra-pcc-alvos-faria-lima-go\/"},"wordCount":822,"publisher":{"@id":"https:\/\/www.suno.com.br\/noticias\/#organization"},"image":{"@id":"https:\/\/www.suno.com.br\/noticias\/operacao-pf-contra-pcc-alvos-faria-lima-go\/#primaryimage"},"thumbnailUrl":"https:\/\/files.sunoresearch.com.br\/n\/uploads\/2025\/08\/PF.webp","keywords":["Receita Federal"],"articleSection":["Economia"],"inLanguage":"pt-BR"},{"@type":"WebPage","@id":"https:\/\/www.suno.com.br\/noticias\/operacao-pf-contra-pcc-alvos-faria-lima-go\/","url":"https:\/\/www.suno.com.br\/noticias\/operacao-pf-contra-pcc-alvos-faria-lima-go\/","name":"Opera\u00e7\u00e3o da PF contra PCC atinge alvos na Faria Lima","isPartOf":{"@id":"https:\/\/www.suno.com.br\/noticias\/#website"},"primaryImageOfPage":{"@id":"https:\/\/www.suno.com.br\/noticias\/operacao-pf-contra-pcc-alvos-faria-lima-go\/#primaryimage"},"image":{"@id":"https:\/\/www.suno.com.br\/noticias\/operacao-pf-contra-pcc-alvos-faria-lima-go\/#primaryimage"},"thumbnailUrl":"https:\/\/files.sunoresearch.com.br\/n\/uploads\/2025\/08\/PF.webp","datePublished":"2025-08-28T15:13:19+00:00","dateModified":"2025-10-15T13:41:28+00:00","description":"A Pol\u00edcia Federal deflagrou, com apoio da Receita Federal, uma opera\u00e7\u00e3o da PF de combate ao crime organizado. Clique e saiba mais!","breadcrumb":{"@id":"https:\/\/www.suno.com.br\/noticias\/operacao-pf-contra-pcc-alvos-faria-lima-go\/#breadcrumb"},"inLanguage":"pt-BR","potentialAction":[{"@type":"ReadAction","target":["https:\/\/www.suno.com.br\/noticias\/operacao-pf-contra-pcc-alvos-faria-lima-go\/"]}]},{"@type":"ImageObject","inLanguage":"pt-BR","@id":"https:\/\/www.suno.com.br\/noticias\/operacao-pf-contra-pcc-alvos-faria-lima-go\/#primaryimage","url":"https:\/\/files.sunoresearch.com.br\/n\/uploads\/2025\/08\/PF.webp","contentUrl":"https:\/\/files.sunoresearch.com.br\/n\/uploads\/2025\/08\/PF.webp","width":1212,"height":909,"caption":"Carro da Pol\u00edcia Federal (Opera\u00e7\u00e3o da PF)"},{"@type":"BreadcrumbList","@id":"https:\/\/www.suno.com.br\/noticias\/operacao-pf-contra-pcc-alvos-faria-lima-go\/#breadcrumb","itemListElement":[{"@type":"ListItem","position":1,"name":"Not\u00edcias","item":"https:\/\/www.suno.com.br\/noticias\/"},{"@type":"ListItem","position":2,"name":"Economia","item":"https:\/\/www.suno.com.br\/noticias\/economia\/"},{"@type":"ListItem","position":3,"name":"Opera\u00e7\u00e3o da Pol\u00edcia Federal contra PCC atinge alvos na Faria Lima; veja empresas investigadas"}]},{"@type":"WebSite","@id":"https:\/\/www.suno.com.br\/noticias\/#website","url":"https:\/\/www.suno.com.br\/noticias\/","name":"Suno Not\u00edcias","description":"Seu portal de informa\u00e7\u00e3o sobre o mundo dos investimentos","publisher":{"@id":"https:\/\/www.suno.com.br\/noticias\/#organization"},"potentialAction":[{"@type":"SearchAction","target":{"@type":"EntryPoint","urlTemplate":"https:\/\/www.suno.com.br\/noticias\/?s={search_term_string}"},"query-input":{"@type":"PropertyValueSpecification","valueRequired":true,"valueName":"search_term_string"}}],"inLanguage":"pt-BR"},{"@type":"Organization","@id":"https:\/\/www.suno.com.br\/noticias\/#organization","name":"Suno Not\u00edcias","url":"https:\/\/www.suno.com.br\/noticias\/","logo":{"@type":"ImageObject","inLanguage":"pt-BR","@id":"https:\/\/www.suno.com.br\/noticias\/#\/schema\/logo\/image\/","url":"https:\/\/files.sunoresearch.com.br\/n\/uploads\/2021\/09\/suno-logo.png","contentUrl":"https:\/\/files.sunoresearch.com.br\/n\/uploads\/2021\/09\/suno-logo.png","width":180,"height":180,"caption":"Suno Not\u00edcias"},"image":{"@id":"https:\/\/www.suno.com.br\/noticias\/#\/schema\/logo\/image\/"},"sameAs":["https:\/\/facebook.com\/sunoresearch","https:\/\/x.com\/sunoresearch","https:\/\/www.instagram.com\/suno","https:\/\/www.linkedin.com\/company\/suno-research\/","https:\/\/www.youtube.com\/c\/sunoresearch"]},{"@type":"Person","@id":"https:\/\/www.suno.com.br\/noticias\/#\/schema\/person\/506bb13f624e6983050ae5bf648c7a54","name":"Giovanna Oliveira","image":{"@type":"ImageObject","inLanguage":"pt-BR","@id":"https:\/\/www.suno.com.br\/noticias\/#\/schema\/person\/image\/","url":"https:\/\/secure.gravatar.com\/avatar\/8d180e5cea232a9bb3af521589b133fa?s=96&r=g","contentUrl":"https:\/\/secure.gravatar.com\/avatar\/8d180e5cea232a9bb3af521589b133fa?s=96&r=g","caption":"Giovanna Oliveira"},"description":"Jornalista com mais de sete anos de experi\u00eancia na cobertura de finan\u00e7as e economia. P\u00f3s-graduada em Neg\u00f3cios e Inova\u00e7\u00e3o (ESPM-SP) e mestranda em Finan\u00e7as (UADE Business School\u2013Buenos Aires).","url":"https:\/\/www.suno.com.br\/noticias\/author\/giovannalmd-oliveiragmail-com\/"}]}},"default_loop_html":"<div class=\"cardsPage__listCard__boxs\"><div class=\"cardsPage__listCard__boxs__img\"><a href=\"https:\/\/www.suno.com.br\/noticias\/operacao-pf-contra-pcc-alvos-faria-lima-go\/\"><img class=\"mask\" src=\"https:\/\/www.suno.com.br\/noticias\/wp-content\/themes\/suno\/resources\/images\/spotlight\/spotlight1img\/bg-mask.png\" alt=\"Image Mask\"\/><img src=\"https:\/\/files.sunoresearch.com.br\/n\/uploads\/2025\/08\/PF-400x200.webp\" alt=\"Opera\u00e7\u00e3o da Pol\u00edcia Federal contra PCC atinge alvos na Faria Lima; veja empresas investigadas\"\/><\/a><span class=\"spotlightCategory\"><a href=\"https:\/\/www.suno.com.br\/noticias\/economia\/\">Economia<\/a><\/span><\/div><div class=\"cardsPage__listCard__boxs__content\"><a href=\"https:\/\/www.suno.com.br\/noticias\/operacao-pf-contra-pcc-alvos-faria-lima-go\/\"><h2 class=\"content__title\">Opera\u00e7\u00e3o da Pol\u00edcia Federal contra PCC atinge alvos na Faria Lima; veja empresas investigadas<\/h2><\/a><div class=\"newsContent__article__meta\"><div class=\"newsContent__article__meta__authorBox\"><a href=\"https:\/\/www.suno.com.br\/noticias\/author\/giovannalmd-oliveiragmail-com\/\" class=\"authorBox__avatar noMobi\"><img src=\"https:\/\/secure.gravatar.com\/avatar\/8d180e5cea232a9bb3af521589b133fa?s=96&#038;r=g\" alt=\"Giovanna Oliveira\"><\/a><div class=\"authorBox__name\"><span>por\n\t\t\t<a href=\"https:\/\/www.suno.com.br\/noticias\/author\/giovannalmd-oliveiragmail-com\/\"><span itemprop=\"author\">Giovanna Oliveira<\/span><\/a><\/span><time datetime=\"2025-08-28T12:13:19-03:00\" itemprop=\"datePublished\">28\/08\/2025 12:13<\/time><\/div><\/div><\/div><\/div><\/div>","single_layout":"posts","amp_enabled":true,"_links":{"self":[{"href":"https:\/\/www.suno.com.br\/noticias\/wp-json\/wp\/v2\/posts\/621731"}],"collection":[{"href":"https:\/\/www.suno.com.br\/noticias\/wp-json\/wp\/v2\/posts"}],"about":[{"href":"https:\/\/www.suno.com.br\/noticias\/wp-json\/wp\/v2\/types\/post"}],"author":[{"embeddable":true,"href":"https:\/\/www.suno.com.br\/noticias\/wp-json\/wp\/v2\/users\/404"}],"replies":[{"embeddable":true,"href":"https:\/\/www.suno.com.br\/noticias\/wp-json\/wp\/v2\/comments?post=621731"}],"version-history":[{"count":3,"href":"https:\/\/www.suno.com.br\/noticias\/wp-json\/wp\/v2\/posts\/621731\/revisions"}],"predecessor-version":[{"id":628748,"href":"https:\/\/www.suno.com.br\/noticias\/wp-json\/wp\/v2\/posts\/621731\/revisions\/628748"}],"wp:featuredmedia":[{"embeddable":true,"href":"https:\/\/www.suno.com.br\/noticias\/wp-json\/wp\/v2\/media\/621733"}],"wp:attachment":[{"href":"https:\/\/www.suno.com.br\/noticias\/wp-json\/wp\/v2\/media?parent=621731"}],"wp:term":[{"taxonomy":"category","embeddable":true,"href":"https:\/\/www.suno.com.br\/noticias\/wp-json\/wp\/v2\/categories?post=621731"},{"taxonomy":"post_tag","embeddable":true,"href":"https:\/\/www.suno.com.br\/noticias\/wp-json\/wp\/v2\/tags?post=621731"},{"taxonomy":"suno_strategy","embeddable":true,"href":"https:\/\/www.suno.com.br\/noticias\/wp-json\/wp\/v2\/suno_strategy?post=621731"}],"curies":[{"name":"wp","href":"https:\/\/api.w.org\/{rel}","templated":true}]}}