{"id":62167,"date":"2020-04-21T16:26:39","date_gmt":"2020-04-21T19:26:39","guid":{"rendered":"https:\/\/www.suno.com.br\/noticias\/?p=62167"},"modified":"2020-04-21T16:26:39","modified_gmt":"2020-04-21T19:26:39","slug":"irb-brasil-irbr3-anuncia-mudancas-cda","status":"publish","type":"post","link":"https:\/\/www.suno.com.br\/noticias\/irb-brasil-irbr3-anuncia-mudancas-cda\/","title":{"rendered":"IRB Brasil (IRBR3) anuncia mudan\u00e7as em seu Conselho de Administra\u00e7\u00e3o"},"content":{"rendered":"<p>A resseguradora <strong><a href=\"https:\/\/www.suno.com.br\/acoes\/irbr3\/\">IRB Brasil (IRBR3)<\/a><\/strong> anunciou na noite da \u00faltima segunda-feira (20) mudan\u00e7as em seu <a href=\"https:\/\/www.suno.com.br\/artigos\/conselho-administracao\/\">Conselho de Administra\u00e7\u00e3o<\/a>. Foram indicados novos membros do \u00f3rg\u00e3o, ap\u00f3s a ren\u00fancia de outros conselheiros.<\/p>\t<div class=\"wrapper-featured-image\">\n\t\t<figure class=\"spotlightImg\">\n\n\t\t\t<picture>\n\t\t\t\t<source media=\"(max-width: 768px)\" srcset=\"https:\/\/files.sunoresearch.com.br\/n\/uploads\/2019\/03\/646bae9c-irb-400x200.webp\">\n\t\t\t\t<img loading=\"lazy\" decoding=\"async\" class=\"newsContent__article__imgCapa lazyloadDisabled newsContent__article__imgCapa--noCaption\" src=\"https:\/\/files.sunoresearch.com.br\/n\/uploads\/2019\/03\/646bae9c-irb-800x450.webp\" width=\"800\" height=\"450\" alt=\"IRB Brasil (IRBR3) anuncia mudan\u00e7as em seu Conselho de Administra\u00e7\u00e3o\" fetchpriority=high \/>\n\t\t\t<\/picture>\n\n\t\t\t<figcaption class=\"wp-caption-text wp-caption-text--hide\">Sede do IRB Brasil (IRBR3)<\/figcaption>\n\t\t<\/figure>\n\t<\/div>\n\n\n\n<p>Em nota, o IRB Brasil comunicou que recebeu a ren\u00fancia dos membros do CDA:<\/p>\n<ul>\n<li>Vinicius Jos\u00e9 de Almeida Albernaz, indicado pelo Bradesco;<\/li>\n<li>Alexsandro Broedel Lopes, do Ita\u00fa Unibanco;<\/li>\n<\/ul>\n<p>e de seus suplentes\u00a0 Ivan Luiz Gontijo Junior e Osvaldo do Nascimento.<\/p>\n<p><a href=\"https:\/\/lp.suno.com.br\/suno-one\/\">Garanta acesso gratuito \u00e0 eBooks, Minicursos, Artigos e Video Aulas com um \u00fanico cadastro. Clique para saber mais.<\/a><\/p>\n<p>O presidente do Conselho e presidente-interino da IRB, Ant\u00f4nio Cassio dos Santos, agradeceu aos conselheiros demission\u00e1rios por seu trabalho.<\/p>\n<p>\u201cAgrade\u00e7o a dedica\u00e7\u00e3o dos membros com quem trabalhei nestas \u00faltimas<br \/>\nsemanas, que facilitaram em muito a minha chegada e participaram comigo<br \/>\nda reformula\u00e7\u00e3o do Conselho e da gest\u00e3o da companhia\u201d, escreveu o presidente no documento divulgado ao mercado.<\/p>\n<p>Para substituir os conselheiros demission\u00e1rios foram nomeados quatro novos membros:<\/p>\n<ul>\n<li>Regina Nunes, s\u00f3cia fundadora da RNA Capital e ex-S&amp;P Global Ratings;<\/li>\n<li>Ivan Passos, ex-MDS Corretora de Seguros, Herco Consultoria, Hannover e SulAm\u00e9rica;<\/li>\n<li>Henrique Luz, ex-s\u00f3cio s\u00eanior e vice-presidente da PWC e presidente do Conselho de Administra\u00e7\u00e3o do Instituto Brasileiro de Governan\u00e7a Corporativa (IBGC)<\/li>\n<li>Marcos Falc\u00e3o, s\u00f3cio fundador da Gama Investimentos e ex-Icatu.<\/li>\n<\/ul>\n<p>Todos os candidatos t\u00eam experi\u00eancia em <strong>Conselhos de Administra\u00e7\u00e3o<\/strong>, e Passos e Falc\u00e3o, inclusive, at\u00e9 j\u00e1 foram membros do CDA da IRB Brasil no passado.<\/p>\n<p><a href=\"https:\/\/www.suno.com.br\/noticias\/irb-400-mi-seguro-cobrir-danos-investidores\/\">Saiba mais: IRB Brasil acumula R$ 400 mi em seguro para cobrir danos a investidores<\/a><\/p>\n<p>Uma <a href=\"https:\/\/www.suno.com.br\/artigos\/assembleia-geral-extraordinaria\/\"><strong>Assembleia Geral Extraordin\u00e1ria<\/strong><\/a> dever\u00e1 ser convocada para aprovar a nomea\u00e7\u00e3o dos novos membros indicados para o Conselho de Administra\u00e7\u00e3o.<\/p>\n<h2>IRB Brasil se prepara a pagar indeniza\u00e7\u00f5es<\/h2>\n<p>A IRB Brasil acumulou R$ 400 milh\u00f5es em contratos de seguro para lidar com as reclama\u00e7\u00f5es de investidores que se sentirem prejudicados pela forte desvaloriza\u00e7\u00e3o dos pap\u00e9is da empresa na Bolsa de Valores neste ano.<\/p>\n<p><a href=\"https:\/\/www.suno.com.br\/noticias\/irb-polemicas-vendida-historia\/\">Veja tamb\u00e9m: IRB (IRBR3): pol\u00eamicas, b\u00f4nus e \u201cshort\u201d marcam hist\u00f3ria recente<\/a><\/p>\n<p>A desvaloriza\u00e7\u00e3o das <a href=\"https:\/\/www.suno.com.br\/nossas-assinaturas\/suno-acoes\/\">a\u00e7\u00f5es<\/a> da IRB j\u00e1 ultrapassou os 74% neste ano. Vale destacar que essa \u00e9 uma das maiores crises que a resseguradora j\u00e1 teve que enfrentar em 80 anos de hist\u00f3ria.<\/p>\n<p>O aumento do limite das ap\u00f3lices detidas pela IRB, de R$ 200 milh\u00f5es, em 2018, para R$ 400 milh\u00f5es coincide com as \u00faltimas not\u00edcias que vieram \u00e0 tona para a empresa, como o questionamento dos resultados da IRB pela Squadra e o caso do suposto investimento de uma empresa de <a href=\"https:\/\/www.suno.com.br\/artigos\/especial-warren-buffett\/\"><strong>Warren Buffet<\/strong><\/a><strong>,<\/strong> a <strong>Berkshire Hathaway,<\/strong> na resseguradora brasileira.<\/p>\n\t<p>\n\t\t<a href=\"https:\/\/lp.suno.com.br\/ao\/servico-especializado-suno-tf\/?utm_source=adwords&#038;utm_medium=search&#038;utm_campaign=search.servico.funilconsultoria&#038;utm_content=1147_responsivo-a&#038;hsa_acc=2326072784&#038;hsa_cam=18022897917&#038;hsa_grp=141470255993&#038;hsa_ad=616145467912&#038;hsa_src=g&#038;hsa_tgt=kwd-303658942458&#038;hsa_kw=gestora+de+investimentos&#038;hsa_mt=b&#038;hsa_net=adwords&#038;hsa_ver=3&#038;gad_source=1&#038;gclid=CjwKCAjw1emzBhB8EiwAHwZZxQMvA3xJVRzLGZ70LmuSzR55X-KvxijSay8c5Hm88Sznnq97j8XbORoC-sMQAvD_BwE\" target=\"_blank\" data-element=\"shortcode-suno-banner\" title=\"Banner SUNO, clique e saiba mais\">\n\t\t\t<picture>\n\t\t\t\t<source media=\"(max-width: 500px)\" srcset=\"https:\/\/files.sunoresearch.com.br\/n\/uploads\/2024\/06\/400x300-Mobile-Artigos-5.png\">\n\t\t\t\t<img class=\"newsContent__article__imgCapa newsContent__article__imgCapa--banner\"\n\t\t\t\t\tsrc=\"https:\/\/files.sunoresearch.com.br\/n\/uploads\/2024\/06\/1420x240-Banner-Artigos-1-_-Banner-Materias-3.png\"\n\t\t\t\t\tdata-promo-id=\"563605\"\t\t\t\t\t\t\t\t\t\twidth='1420' height='240'\t\t\t\t\talt=\"https:\/\/files.sunoresearch.com.br\/n\/uploads\/2024\/06\/1420x240-Banner-Artigos-1-_-Banner-Materias-3.png\"\n\t\t\t\t>\n\t\t\t<\/picture>\n\t\t<\/a>\n\t<\/p>\n\n\n<p>O D&amp;O \u00e9 a ap\u00f3lice (um seguro) de responsabilidade civil que tem como objetivo proteger o patrim\u00f4nio dos gestores da companhia. O recurso tamb\u00e9m serve para cobrir a responsabilidade do administrador diante da sociedade. A pr\u00f3pria <strong>IRB<\/strong> cita que seus acionistas podem ser favorecidos em caso de &#8220;condutas faltosas de seus administradores&#8221;.<\/p>\n\n","protected":false},"excerpt":{"rendered":"<p>A resseguradora IRB Brasil (IRBR3) anunciou na noite da \u00faltima segunda-feira (20) mudan\u00e7as em seu Conselho de Administra\u00e7\u00e3o. Foram indicados novos membros do \u00f3rg\u00e3o, ap\u00f3s a ren\u00fancia de outros conselheiros. Sede do IRB Brasil (IRBR3) Em nota, o IRB Brasil comunicou que recebeu a ren\u00fancia dos membros do CDA: Vinicius Jos\u00e9 de Almeida Albernaz, indicado [&hellip;]<\/p>\n","protected":false},"author":9,"featured_media":17336,"comment_status":"closed","ping_status":"closed","sticky":false,"template":"","format":"standard","meta":[],"categories":[64],"tags":[2721,1813],"suno_strategy":[],"class_list":["post-62167","post","type-post","status-publish","format-standard","has-post-thumbnail","hentry","category-negocios","tag-conselho-de-administracao","tag-irb-brasil-irbr3"],"yoast_head":"<!-- This site is optimized with the Yoast SEO plugin v24.4 - https:\/\/yoast.com\/wordpress\/plugins\/seo\/ -->\n<title>IRB (IRBR3) anuncia mudan\u00e7as em Conselho de Administra\u00e7\u00e3o<\/title>\n<meta name=\"description\" content=\"A IRB (IRBR3) anunciou o ingresso de novos membros no CDA ap\u00f3s os esc\u00e2ndalos que abalaram sua imagem. Clique aqui para saber mais.\" \/>\n<meta name=\"robots\" content=\"index, follow, max-snippet:-1, max-image-preview:large, max-video-preview:-1\" \/>\n<link rel=\"canonical\" href=\"https:\/\/www.suno.com.br\/noticias\/irb-brasil-irbr3-anuncia-mudancas-cda\/\" \/>\n<meta property=\"og:locale\" content=\"pt_BR\" \/>\n<meta property=\"og:type\" content=\"article\" \/>\n<meta property=\"og:title\" content=\"IRB (IRBR3) anuncia mudan\u00e7as em Conselho de Administra\u00e7\u00e3o\" \/>\n<meta property=\"og:description\" content=\"A IRB (IRBR3) anunciou o ingresso de novos membros no CDA ap\u00f3s os esc\u00e2ndalos que abalaram sua imagem. Clique aqui para saber mais.\" \/>\n<meta property=\"og:url\" content=\"https:\/\/www.suno.com.br\/noticias\/irb-brasil-irbr3-anuncia-mudancas-cda\/\" \/>\n<meta property=\"og:site_name\" content=\"Suno Not\u00edcias\" \/>\n<meta property=\"article:publisher\" content=\"https:\/\/facebook.com\/sunoresearch\" \/>\n<meta property=\"og:image\" content=\"https:\/\/files.sunoresearch.com.br\/n\/uploads\/2019\/03\/646bae9c-irb.png\" \/>\n\t<meta property=\"og:image:width\" content=\"810\" \/>\n\t<meta property=\"og:image:height\" content=\"641\" \/>\n\t<meta property=\"og:image:type\" content=\"image\/png\" \/>\n<meta name=\"author\" content=\"Carlo Cauti\" \/>\n<meta name=\"twitter:card\" content=\"summary_large_image\" \/>\n<meta name=\"twitter:creator\" content=\"@sunoresearch\" \/>\n<meta name=\"twitter:site\" content=\"@sunoresearch\" \/>\n<meta name=\"twitter:label1\" content=\"Escrito por\" \/>\n\t<meta name=\"twitter:data1\" content=\"Carlo Cauti\" \/>\n\t<meta name=\"twitter:label2\" content=\"Est. tempo de leitura\" \/>\n\t<meta name=\"twitter:data2\" content=\"3 minutos\" \/>\n<script type=\"application\/ld+json\" class=\"yoast-schema-graph\">{\"@context\":\"https:\/\/schema.org\",\"@graph\":[{\"@type\":\"NewsArticle\",\"@id\":\"https:\/\/www.suno.com.br\/noticias\/irb-brasil-irbr3-anuncia-mudancas-cda\/#article\",\"isPartOf\":{\"@id\":\"https:\/\/www.suno.com.br\/noticias\/irb-brasil-irbr3-anuncia-mudancas-cda\/\"},\"author\":{\"name\":\"Carlo Cauti\",\"@id\":\"https:\/\/www.suno.com.br\/noticias\/#\/schema\/person\/e6e0f723cc177805027f4566c1d5e0c8\"},\"headline\":\"IRB Brasil (IRBR3) anuncia mudan\u00e7as em seu Conselho de Administra\u00e7\u00e3o\",\"datePublished\":\"2020-04-21T19:26:39+00:00\",\"mainEntityOfPage\":{\"@id\":\"https:\/\/www.suno.com.br\/noticias\/irb-brasil-irbr3-anuncia-mudancas-cda\/\"},\"wordCount\":526,\"publisher\":{\"@id\":\"https:\/\/www.suno.com.br\/noticias\/#organization\"},\"image\":{\"@id\":\"https:\/\/www.suno.com.br\/noticias\/irb-brasil-irbr3-anuncia-mudancas-cda\/#primaryimage\"},\"thumbnailUrl\":\"https:\/\/files.sunoresearch.com.br\/n\/uploads\/2019\/03\/646bae9c-irb-png.webp\",\"keywords\":[\"Conselho de Administra\u00e7\u00e3o\",\"IRB Brasil (IRBR3)\"],\"articleSection\":[\"Neg\u00f3cios\"],\"inLanguage\":\"pt-BR\"},{\"@type\":\"WebPage\",\"@id\":\"https:\/\/www.suno.com.br\/noticias\/irb-brasil-irbr3-anuncia-mudancas-cda\/\",\"url\":\"https:\/\/www.suno.com.br\/noticias\/irb-brasil-irbr3-anuncia-mudancas-cda\/\",\"name\":\"IRB (IRBR3) anuncia mudan\u00e7as em Conselho de Administra\u00e7\u00e3o\",\"isPartOf\":{\"@id\":\"https:\/\/www.suno.com.br\/noticias\/#website\"},\"primaryImageOfPage\":{\"@id\":\"https:\/\/www.suno.com.br\/noticias\/irb-brasil-irbr3-anuncia-mudancas-cda\/#primaryimage\"},\"image\":{\"@id\":\"https:\/\/www.suno.com.br\/noticias\/irb-brasil-irbr3-anuncia-mudancas-cda\/#primaryimage\"},\"thumbnailUrl\":\"https:\/\/files.sunoresearch.com.br\/n\/uploads\/2019\/03\/646bae9c-irb-png.webp\",\"datePublished\":\"2020-04-21T19:26:39+00:00\",\"description\":\"A IRB (IRBR3) anunciou o ingresso de novos membros no CDA ap\u00f3s os esc\u00e2ndalos que abalaram sua imagem. Clique aqui para saber mais.\",\"breadcrumb\":{\"@id\":\"https:\/\/www.suno.com.br\/noticias\/irb-brasil-irbr3-anuncia-mudancas-cda\/#breadcrumb\"},\"inLanguage\":\"pt-BR\",\"potentialAction\":[{\"@type\":\"ReadAction\",\"target\":[\"https:\/\/www.suno.com.br\/noticias\/irb-brasil-irbr3-anuncia-mudancas-cda\/\"]}]},{\"@type\":\"ImageObject\",\"inLanguage\":\"pt-BR\",\"@id\":\"https:\/\/www.suno.com.br\/noticias\/irb-brasil-irbr3-anuncia-mudancas-cda\/#primaryimage\",\"url\":\"https:\/\/files.sunoresearch.com.br\/n\/uploads\/2019\/03\/646bae9c-irb-png.webp\",\"contentUrl\":\"https:\/\/files.sunoresearch.com.br\/n\/uploads\/2019\/03\/646bae9c-irb-png.webp\",\"width\":810,\"height\":641,\"caption\":\"Sede do IRB Brasil (IRBR3)\"},{\"@type\":\"BreadcrumbList\",\"@id\":\"https:\/\/www.suno.com.br\/noticias\/irb-brasil-irbr3-anuncia-mudancas-cda\/#breadcrumb\",\"itemListElement\":[{\"@type\":\"ListItem\",\"position\":1,\"name\":\"Not\u00edcias\",\"item\":\"https:\/\/www.suno.com.br\/noticias\/\"},{\"@type\":\"ListItem\",\"position\":2,\"name\":\"Neg\u00f3cios\",\"item\":\"https:\/\/www.suno.com.br\/noticias\/negocios\/\"},{\"@type\":\"ListItem\",\"position\":3,\"name\":\"IRB Brasil (IRBR3) anuncia mudan\u00e7as em seu Conselho de Administra\u00e7\u00e3o\"}]},{\"@type\":\"WebSite\",\"@id\":\"https:\/\/www.suno.com.br\/noticias\/#website\",\"url\":\"https:\/\/www.suno.com.br\/noticias\/\",\"name\":\"Suno Not\u00edcias\",\"description\":\"Seu portal de informa\u00e7\u00e3o sobre o mundo dos investimentos\",\"publisher\":{\"@id\":\"https:\/\/www.suno.com.br\/noticias\/#organization\"},\"potentialAction\":[{\"@type\":\"SearchAction\",\"target\":{\"@type\":\"EntryPoint\",\"urlTemplate\":\"https:\/\/www.suno.com.br\/noticias\/?s={search_term_string}\"},\"query-input\":{\"@type\":\"PropertyValueSpecification\",\"valueRequired\":true,\"valueName\":\"search_term_string\"}}],\"inLanguage\":\"pt-BR\"},{\"@type\":\"Organization\",\"@id\":\"https:\/\/www.suno.com.br\/noticias\/#organization\",\"name\":\"Suno Not\u00edcias\",\"url\":\"https:\/\/www.suno.com.br\/noticias\/\",\"logo\":{\"@type\":\"ImageObject\",\"inLanguage\":\"pt-BR\",\"@id\":\"https:\/\/www.suno.com.br\/noticias\/#\/schema\/logo\/image\/\",\"url\":\"https:\/\/files.sunoresearch.com.br\/n\/uploads\/2021\/09\/suno-logo.png\",\"contentUrl\":\"https:\/\/files.sunoresearch.com.br\/n\/uploads\/2021\/09\/suno-logo.png\",\"width\":180,\"height\":180,\"caption\":\"Suno Not\u00edcias\"},\"image\":{\"@id\":\"https:\/\/www.suno.com.br\/noticias\/#\/schema\/logo\/image\/\"},\"sameAs\":[\"https:\/\/facebook.com\/sunoresearch\",\"https:\/\/x.com\/sunoresearch\",\"https:\/\/www.instagram.com\/suno\",\"https:\/\/www.linkedin.com\/company\/suno-research\/\",\"https:\/\/www.youtube.com\/c\/sunoresearch\"]},{\"@type\":\"Person\",\"@id\":\"https:\/\/www.suno.com.br\/noticias\/#\/schema\/person\/e6e0f723cc177805027f4566c1d5e0c8\",\"name\":\"Carlo Cauti\",\"image\":{\"@type\":\"ImageObject\",\"inLanguage\":\"pt-BR\",\"@id\":\"https:\/\/www.suno.com.br\/noticias\/#\/schema\/person\/image\/\",\"url\":\"https:\/\/secure.gravatar.com\/avatar\/3ada9e0bd164c23abd4792a9606d583c?s=96&r=g\",\"contentUrl\":\"https:\/\/secure.gravatar.com\/avatar\/3ada9e0bd164c23abd4792a9606d583c?s=96&r=g\",\"caption\":\"Carlo Cauti\"},\"description\":\"Editor multim\u00eddia do SUNO Not\u00edcias. Italiano, formado em Ci\u00eancias Pol\u00edticas pela universidade LUISS G. Carli de Roma e mestre cum laude em Rela\u00e7\u00f5es Internacionais, Jornalismo Internacional e de Guerra e em Economia Internacional. Concluiu tamb\u00e9m um MBA em Finan\u00e7as na B3. No Brasil, teve passagem por ve\u00edculos como Estad\u00e3o, Globo, Veja e EXAME. e nas ag\u00eancias de not\u00edcias italianas ANSA e NOVA.\",\"url\":\"https:\/\/www.suno.com.br\/noticias\/author\/carlo-cauti\/\"}]}<\/script>\n<!-- \/ Yoast SEO plugin. -->","yoast_head_json":{"title":"IRB (IRBR3) anuncia mudan\u00e7as em Conselho de Administra\u00e7\u00e3o","description":"A IRB (IRBR3) anunciou o ingresso de novos membros no CDA ap\u00f3s os esc\u00e2ndalos que abalaram sua imagem. Clique aqui para saber mais.","robots":{"index":"index","follow":"follow","max-snippet":"max-snippet:-1","max-image-preview":"max-image-preview:large","max-video-preview":"max-video-preview:-1"},"canonical":"https:\/\/www.suno.com.br\/noticias\/irb-brasil-irbr3-anuncia-mudancas-cda\/","og_locale":"pt_BR","og_type":"article","og_title":"IRB (IRBR3) anuncia mudan\u00e7as em Conselho de Administra\u00e7\u00e3o","og_description":"A IRB (IRBR3) anunciou o ingresso de novos membros no CDA ap\u00f3s os esc\u00e2ndalos que abalaram sua imagem. Clique aqui para saber mais.","og_url":"https:\/\/www.suno.com.br\/noticias\/irb-brasil-irbr3-anuncia-mudancas-cda\/","og_site_name":"Suno Not\u00edcias","article_publisher":"https:\/\/facebook.com\/sunoresearch","og_image":[{"width":810,"height":641,"url":"https:\/\/files.sunoresearch.com.br\/n\/uploads\/2019\/03\/646bae9c-irb.png","type":"image\/png"}],"author":"Carlo Cauti","twitter_card":"summary_large_image","twitter_creator":"@sunoresearch","twitter_site":"@sunoresearch","twitter_misc":{"Escrito por":"Carlo Cauti","Est. tempo de leitura":"3 minutos"},"schema":{"@context":"https:\/\/schema.org","@graph":[{"@type":"NewsArticle","@id":"https:\/\/www.suno.com.br\/noticias\/irb-brasil-irbr3-anuncia-mudancas-cda\/#article","isPartOf":{"@id":"https:\/\/www.suno.com.br\/noticias\/irb-brasil-irbr3-anuncia-mudancas-cda\/"},"author":{"name":"Carlo Cauti","@id":"https:\/\/www.suno.com.br\/noticias\/#\/schema\/person\/e6e0f723cc177805027f4566c1d5e0c8"},"headline":"IRB Brasil (IRBR3) anuncia mudan\u00e7as em seu Conselho de Administra\u00e7\u00e3o","datePublished":"2020-04-21T19:26:39+00:00","mainEntityOfPage":{"@id":"https:\/\/www.suno.com.br\/noticias\/irb-brasil-irbr3-anuncia-mudancas-cda\/"},"wordCount":526,"publisher":{"@id":"https:\/\/www.suno.com.br\/noticias\/#organization"},"image":{"@id":"https:\/\/www.suno.com.br\/noticias\/irb-brasil-irbr3-anuncia-mudancas-cda\/#primaryimage"},"thumbnailUrl":"https:\/\/files.sunoresearch.com.br\/n\/uploads\/2019\/03\/646bae9c-irb-png.webp","keywords":["Conselho de Administra\u00e7\u00e3o","IRB Brasil (IRBR3)"],"articleSection":["Neg\u00f3cios"],"inLanguage":"pt-BR"},{"@type":"WebPage","@id":"https:\/\/www.suno.com.br\/noticias\/irb-brasil-irbr3-anuncia-mudancas-cda\/","url":"https:\/\/www.suno.com.br\/noticias\/irb-brasil-irbr3-anuncia-mudancas-cda\/","name":"IRB (IRBR3) anuncia mudan\u00e7as em Conselho de Administra\u00e7\u00e3o","isPartOf":{"@id":"https:\/\/www.suno.com.br\/noticias\/#website"},"primaryImageOfPage":{"@id":"https:\/\/www.suno.com.br\/noticias\/irb-brasil-irbr3-anuncia-mudancas-cda\/#primaryimage"},"image":{"@id":"https:\/\/www.suno.com.br\/noticias\/irb-brasil-irbr3-anuncia-mudancas-cda\/#primaryimage"},"thumbnailUrl":"https:\/\/files.sunoresearch.com.br\/n\/uploads\/2019\/03\/646bae9c-irb-png.webp","datePublished":"2020-04-21T19:26:39+00:00","description":"A IRB (IRBR3) anunciou o ingresso de novos membros no CDA ap\u00f3s os esc\u00e2ndalos que abalaram sua imagem. Clique aqui para saber mais.","breadcrumb":{"@id":"https:\/\/www.suno.com.br\/noticias\/irb-brasil-irbr3-anuncia-mudancas-cda\/#breadcrumb"},"inLanguage":"pt-BR","potentialAction":[{"@type":"ReadAction","target":["https:\/\/www.suno.com.br\/noticias\/irb-brasil-irbr3-anuncia-mudancas-cda\/"]}]},{"@type":"ImageObject","inLanguage":"pt-BR","@id":"https:\/\/www.suno.com.br\/noticias\/irb-brasil-irbr3-anuncia-mudancas-cda\/#primaryimage","url":"https:\/\/files.sunoresearch.com.br\/n\/uploads\/2019\/03\/646bae9c-irb-png.webp","contentUrl":"https:\/\/files.sunoresearch.com.br\/n\/uploads\/2019\/03\/646bae9c-irb-png.webp","width":810,"height":641,"caption":"Sede do IRB Brasil (IRBR3)"},{"@type":"BreadcrumbList","@id":"https:\/\/www.suno.com.br\/noticias\/irb-brasil-irbr3-anuncia-mudancas-cda\/#breadcrumb","itemListElement":[{"@type":"ListItem","position":1,"name":"Not\u00edcias","item":"https:\/\/www.suno.com.br\/noticias\/"},{"@type":"ListItem","position":2,"name":"Neg\u00f3cios","item":"https:\/\/www.suno.com.br\/noticias\/negocios\/"},{"@type":"ListItem","position":3,"name":"IRB Brasil (IRBR3) anuncia mudan\u00e7as em seu Conselho de Administra\u00e7\u00e3o"}]},{"@type":"WebSite","@id":"https:\/\/www.suno.com.br\/noticias\/#website","url":"https:\/\/www.suno.com.br\/noticias\/","name":"Suno Not\u00edcias","description":"Seu portal de informa\u00e7\u00e3o sobre o mundo dos investimentos","publisher":{"@id":"https:\/\/www.suno.com.br\/noticias\/#organization"},"potentialAction":[{"@type":"SearchAction","target":{"@type":"EntryPoint","urlTemplate":"https:\/\/www.suno.com.br\/noticias\/?s={search_term_string}"},"query-input":{"@type":"PropertyValueSpecification","valueRequired":true,"valueName":"search_term_string"}}],"inLanguage":"pt-BR"},{"@type":"Organization","@id":"https:\/\/www.suno.com.br\/noticias\/#organization","name":"Suno Not\u00edcias","url":"https:\/\/www.suno.com.br\/noticias\/","logo":{"@type":"ImageObject","inLanguage":"pt-BR","@id":"https:\/\/www.suno.com.br\/noticias\/#\/schema\/logo\/image\/","url":"https:\/\/files.sunoresearch.com.br\/n\/uploads\/2021\/09\/suno-logo.png","contentUrl":"https:\/\/files.sunoresearch.com.br\/n\/uploads\/2021\/09\/suno-logo.png","width":180,"height":180,"caption":"Suno Not\u00edcias"},"image":{"@id":"https:\/\/www.suno.com.br\/noticias\/#\/schema\/logo\/image\/"},"sameAs":["https:\/\/facebook.com\/sunoresearch","https:\/\/x.com\/sunoresearch","https:\/\/www.instagram.com\/suno","https:\/\/www.linkedin.com\/company\/suno-research\/","https:\/\/www.youtube.com\/c\/sunoresearch"]},{"@type":"Person","@id":"https:\/\/www.suno.com.br\/noticias\/#\/schema\/person\/e6e0f723cc177805027f4566c1d5e0c8","name":"Carlo Cauti","image":{"@type":"ImageObject","inLanguage":"pt-BR","@id":"https:\/\/www.suno.com.br\/noticias\/#\/schema\/person\/image\/","url":"https:\/\/secure.gravatar.com\/avatar\/3ada9e0bd164c23abd4792a9606d583c?s=96&r=g","contentUrl":"https:\/\/secure.gravatar.com\/avatar\/3ada9e0bd164c23abd4792a9606d583c?s=96&r=g","caption":"Carlo Cauti"},"description":"Editor multim\u00eddia do SUNO Not\u00edcias. Italiano, formado em Ci\u00eancias Pol\u00edticas pela universidade LUISS G. Carli de Roma e mestre cum laude em Rela\u00e7\u00f5es Internacionais, Jornalismo Internacional e de Guerra e em Economia Internacional. Concluiu tamb\u00e9m um MBA em Finan\u00e7as na B3. No Brasil, teve passagem por ve\u00edculos como Estad\u00e3o, Globo, Veja e EXAME. e nas ag\u00eancias de not\u00edcias italianas ANSA e NOVA.","url":"https:\/\/www.suno.com.br\/noticias\/author\/carlo-cauti\/"}]}},"default_loop_html":"<div class=\"cardsPage__listCard__boxs\"><div class=\"cardsPage__listCard__boxs__img\"><a href=\"https:\/\/www.suno.com.br\/noticias\/irb-brasil-irbr3-anuncia-mudancas-cda\/\"><img class=\"mask\" src=\"https:\/\/www.suno.com.br\/noticias\/wp-content\/themes\/suno\/resources\/images\/spotlight\/spotlight1img\/bg-mask.png\" alt=\"Image Mask\"\/><img src=\"https:\/\/files.sunoresearch.com.br\/n\/uploads\/2019\/03\/646bae9c-irb-400x200.webp\" alt=\"IRB Brasil (IRBR3) anuncia mudan\u00e7as em seu Conselho de Administra\u00e7\u00e3o\"\/><\/a><span class=\"spotlightCategory\"><a href=\"https:\/\/www.suno.com.br\/noticias\/negocios\/\">Neg\u00f3cios<\/a><\/span><\/div><div class=\"cardsPage__listCard__boxs__content\"><a href=\"https:\/\/www.suno.com.br\/noticias\/irb-brasil-irbr3-anuncia-mudancas-cda\/\"><h2 class=\"content__title\">IRB Brasil (IRBR3) anuncia mudan\u00e7as em seu Conselho de Administra\u00e7\u00e3o<\/h2><\/a><div class=\"newsContent__article__meta\"><div class=\"newsContent__article__meta__authorBox\"><a href=\"https:\/\/www.suno.com.br\/noticias\/author\/carlo-cauti\/\" class=\"authorBox__avatar noMobi\"><img src=\"https:\/\/files.sunoresearch.com.br\/n\/uploads\/2020\/08\/e3745f9a-perfil-carlo-cauti-150x150.webp\" alt=\"Carlo Cauti\"><\/a><div class=\"authorBox__name\"><span>por\n\t\t\t<a href=\"https:\/\/www.suno.com.br\/noticias\/author\/carlo-cauti\/\"><span itemprop=\"author\">Carlo Cauti<\/span><\/a><\/span><time datetime=\"2020-04-21T16:26:39-03:00\" itemprop=\"datePublished\">21\/04\/2020 16:26<\/time><\/div><\/div><\/div><\/div><\/div>","single_layout":"posts","amp_enabled":true,"_links":{"self":[{"href":"https:\/\/www.suno.com.br\/noticias\/wp-json\/wp\/v2\/posts\/62167"}],"collection":[{"href":"https:\/\/www.suno.com.br\/noticias\/wp-json\/wp\/v2\/posts"}],"about":[{"href":"https:\/\/www.suno.com.br\/noticias\/wp-json\/wp\/v2\/types\/post"}],"author":[{"embeddable":true,"href":"https:\/\/www.suno.com.br\/noticias\/wp-json\/wp\/v2\/users\/9"}],"replies":[{"embeddable":true,"href":"https:\/\/www.suno.com.br\/noticias\/wp-json\/wp\/v2\/comments?post=62167"}],"version-history":[{"count":0,"href":"https:\/\/www.suno.com.br\/noticias\/wp-json\/wp\/v2\/posts\/62167\/revisions"}],"wp:featuredmedia":[{"embeddable":true,"href":"https:\/\/www.suno.com.br\/noticias\/wp-json\/wp\/v2\/media\/17336"}],"wp:attachment":[{"href":"https:\/\/www.suno.com.br\/noticias\/wp-json\/wp\/v2\/media?parent=62167"}],"wp:term":[{"taxonomy":"category","embeddable":true,"href":"https:\/\/www.suno.com.br\/noticias\/wp-json\/wp\/v2\/categories?post=62167"},{"taxonomy":"post_tag","embeddable":true,"href":"https:\/\/www.suno.com.br\/noticias\/wp-json\/wp\/v2\/tags?post=62167"},{"taxonomy":"suno_strategy","embeddable":true,"href":"https:\/\/www.suno.com.br\/noticias\/wp-json\/wp\/v2\/suno_strategy?post=62167"}],"curies":[{"name":"wp","href":"https:\/\/api.w.org\/{rel}","templated":true}]}}