{"id":621338,"date":"2025-08-26T16:43:15","date_gmt":"2025-08-26T19:43:15","guid":{"rendered":"https:\/\/www.suno.com.br\/noticias\/?p=621338"},"modified":"2025-08-26T16:43:21","modified_gmt":"2025-08-26T19:43:21","slug":"eneva-enev3-leilao-energia-mme-go","status":"publish","type":"post","link":"https:\/\/www.suno.com.br\/noticias\/eneva-enev3-leilao-energia-mme-go\/","title":{"rendered":"Eneva (ENEV3) pode ser principal beneficiada de leil\u00e3o do MME; entenda"},"content":{"rendered":"<p>O Santander divulgou nesta ter\u00e7a-feira (26) um relat\u00f3rio com proje\u00e7\u00f5es sobre os impactos do Leil\u00e3o de Reserva de Capacidade (LRCAP) do Minist\u00e9rio de Minas e Energia (MME) para algumas das el\u00e9tricas brasileiras. A casa de an\u00e1lises ressaltou que a <strong>Eneva<\/strong> (<a class=\"suno-keyword\" target=\"_blank\" data-force=\"yes\" data-priority=\"2\" href=\"https:\/\/www.suno.com.br\/analitica\/acoes\/enev3\/\" rel=\"noopener\">ENEV3<\/a>) pode ser a empresa mais beneficiada.<\/p>\t<div class=\"wrapper-featured-image\">\n\t\t<figure class=\"spotlightImg\">\n\n\t\t\t<picture>\n\t\t\t\t<source media=\"(max-width: 768px)\" srcset=\"https:\/\/files.sunoresearch.com.br\/n\/uploads\/2023\/04\/eneva-enev3-400x200.jpg\">\n\t\t\t\t<img loading=\"lazy\" decoding=\"async\" class=\"newsContent__article__imgCapa lazyloadDisabled \" src=\"https:\/\/files.sunoresearch.com.br\/n\/uploads\/2023\/04\/eneva-enev3-800x450.jpg\" width=\"800\" height=\"450\" alt=\"Eneva (ENEV3) pode ser principal beneficiada de leil\u00e3o do MME; entenda\" fetchpriority=high \/>\n\t\t\t<\/picture>\n\n\t\t\t<figcaption class=\"wp-caption-text wp-caption-text--show\">Eneva (ENEV3). Foto: Divulga\u00e7\u00e3o<\/figcaption>\n\t\t<\/figure>\n\t<\/div>\n\n\n\n\n\n\n\n\t<p>\n\t\t<a href=\"https:\/\/lp.suno.com.br\/planilha-da-vida-financeira\/\" target=\"_blank\" data-element=\"shortcode-suno-banner\" title=\"Banner SUNO, clique e saiba mais\">\n\t\t\t<picture>\n\t\t\t\t<source media=\"(max-width: 500px)\" srcset=\"https:\/\/files.sunoresearch.com.br\/n\/uploads\/2023\/04\/400x300-Planilha-vida-financeira-true.png\">\n\t\t\t\t<img class=\"newsContent__article__imgCapa newsContent__article__imgCapa--banner\"\n\t\t\t\t\tsrc=\"https:\/\/files.sunoresearch.com.br\/n\/uploads\/2023\/04\/1420x240-Planilha-vida-financeira-true.png\"\n\t\t\t\t\tdata-promo-id=\"106682\"\t\t\t\t\t\t\t\t\t\twidth='1420' height='240'\t\t\t\t\talt=\"https:\/\/files.sunoresearch.com.br\/n\/uploads\/2023\/04\/1420x240-Planilha-vida-financeira-true.png\"\n\t\t\t\t>\n\t\t\t<\/picture>\n\t\t<\/a>\n\t<\/p>\n\n\n\n\n\n<p>O leil\u00e3o foi anunciado em 22 de agosto pelo MME, que publicou portarias preliminares para o <strong>LRCAP<\/strong> de 2026. O minist\u00e9rio abriu dois per\u00edodos de consulta p\u00fablica para definir as diretrizes da oferta, com prazo at\u00e9 12 de setembro de 2025.<\/p>\n\n\n\n<p>Os documentos preliminares indicam que o primeiro leil\u00e3o, destinado a projetos de g\u00e1s, carv\u00e3o e hidrel\u00e9trico, ser\u00e1 realizado em 13 de mar\u00e7o de 2026. J\u00e1 o segundo, voltado para usinas movidas a \u00f3leo, est\u00e1 agendado para 20 de mar\u00e7o de 2026.<\/p>\n\n\n\n<h2 class=\"wp-block-heading\">Por que a Eneva pode se beneficiar do leil\u00e3o?<\/h2>\n\n\n\n<p>Segundo o relat\u00f3rio do Santander, o leil\u00e3o pode ser transformacional para a Eneva. As diretrizes preliminares permitem a competi\u00e7\u00e3o entre usinas t\u00e9rmicas novas e existentes nos mesmos produtos para 2028, 2029 e 2030.<\/p>\n\n\n\n<p>Esta configura\u00e7\u00e3o aumenta a probabilidade de alta receita fixa para as usinas movidas a g\u00e1s j\u00e1 existentes da Eneva. Entre elas est\u00e3o Parna\u00edba 1, Parna\u00edba 3, Viana 1 e Povoa\u00e7\u00e3o 1.<\/p>\n\n\n\n<p>As diretrizes tamb\u00e9m permitem a participa\u00e7\u00e3o de usinas a carv\u00e3o, inesperadamente criando espa\u00e7o para novos contratos para Itaqui e Pecem 2. O Santander v\u00ea potencial upside de VPL de 11,8% derivado das plantas existentes.<\/p>\n\n\n\n<p>A institui\u00e7\u00e3o ainda destaca oportunidade para contratar novos projetos, especialmente Celse 2. O banco explica que este projeto tem estrutura de baixo custo, j\u00e1 que o projeto original da Celse j\u00e1 carrega uma por\u00e7\u00e3o significativa dos custos de infraestrutura.<\/p>\n\n\n\n<p>&#8220;Estimamos um potencial upside de 1,9% para o Celse 2. Portanto, apenas com os projetos mais competitivos e conhecidos, estimamos 13,7% de potencial upside&#8221;, destacou o Santander.<\/p>\n\n\n\t<p>\n\t\t<a href=\"https:\/\/lp.suno.com.br\/ebook-como-analisar-uma-acao\/\" target=\"_blank\" data-element=\"shortcode-suno-banner\" title=\"Banner SUNO, clique e saiba mais\">\n\t\t\t<picture>\n\t\t\t\t<source media=\"(max-width: 500px)\" srcset=\"https:\/\/files.sunoresearch.com.br\/n\/uploads\/2023\/03\/Ebook-Acoes-Mobile.jpg\">\n\t\t\t\t<img class=\"newsContent__article__imgCapa newsContent__article__imgCapa--banner\"\n\t\t\t\t\tsrc=\"https:\/\/files.sunoresearch.com.br\/n\/uploads\/2023\/03\/Ebook-Acoes-Desktop.jpg\"\n\t\t\t\t\tdata-promo-id=\"378302\"\t\t\t\t\t\t\t\t\t\twidth='1420' height='286'\t\t\t\t\talt=\"https:\/\/files.sunoresearch.com.br\/n\/uploads\/2023\/03\/Ebook-Acoes-Desktop.jpg\"\n\t\t\t\t>\n\t\t\t<\/picture>\n\t\t<\/a>\n\t<\/p>\n\n\n\n\n\n<h2 class=\"wp-block-heading\">Copel e Auren tamb\u00e9m podem ser impactadas<\/h2>\n\n\n\n<p>O relat\u00f3rio n\u00e3o menciona apenas a Eneva como potencial benefici\u00e1ria. Para as geradoras hidrel\u00e9tricas, a portaria preliminar confirmou um produto espec\u00edfico para contrata\u00e7\u00e3o de capacidade hidrel\u00e9trica adicional a partir de 2030.<\/p>\n\n\n\n<p>O documento parece manter condi\u00e7\u00f5es t\u00e9cnicas similares \u00e0s portarias lan\u00e7adas em fevereiro. Isso inclui manter o mesmo n\u00edvel de fatores de disponibilidade de capacidade (FDispCap), que determinam os n\u00edveis de competi\u00e7\u00e3o por regi\u00e3o.<\/p>\n\n\n\n<p>&#8220;Acreditamos que <a class=\"suno-keyword\" target=\"_blank\" data-force=\"yes\" data-priority=\"2\" href=\"https:\/\/www.suno.com.br\/analitica\/acoes\/CPLE6\/\" rel=\"noopener\">Copel (<\/a><a class=\"suno-keyword\" target=\"_blank\" data-force=\"yes\" data-priority=\"2\" href=\"https:\/\/www.suno.com.br\/analitica\/acoes\/cple6\/\" rel=\"noopener\">CPLE6<\/a>) e Auren (AURE3) continuam sendo as hidrel\u00e9tricas mais competitivas para o leil\u00e3o, devido aos maiores FDispCap no Sul e Sudeste&#8221;, afirmou o Santander.<\/p>\n\n\n\n<p>O Santander tamb\u00e9m destacou as recomenda\u00e7\u00f5es para as a\u00e7\u00f5es das empresas que podem se beneficiar no leil\u00e3o.<\/p>\n\n\n\n<p>Para a <strong>Eneva<\/strong> (ENEV3), o banco estabeleceu pre\u00e7o-alvo de R$ 15,57, ante cota\u00e7\u00e3o de R$ 14,97, com recomenda\u00e7\u00e3o &#8220;Outperform&#8221;. A Copel (CPLE6) tamb\u00e9m recebeu rating &#8220;Outperform&#8221;, com pre\u00e7o-alvo de R$ 12,63 versus pre\u00e7o atual de R$ 12,15. J\u00e1 para a Auren (AURE3), o banco adotou posi\u00e7\u00e3o mais cautelosa, com recomenda\u00e7\u00e3o &#8220;Neutral&#8221; e pre\u00e7o-alvo de R$ 9,20, abaixo da cota\u00e7\u00e3o de R$ 10,72.<\/p>\n\n\n\t<p>\n\t\t<a href=\"https:\/\/lp.suno.com.br\/planilha-da-vida-financeira\/\" target=\"_blank\" data-element=\"shortcode-suno-banner\" title=\"Banner SUNO, clique e saiba mais\">\n\t\t\t<picture>\n\t\t\t\t<source media=\"(max-width: 500px)\" srcset=\"https:\/\/files.sunoresearch.com.br\/n\/uploads\/2023\/04\/400x300-Planilha-vida-financeira-true.png\">\n\t\t\t\t<img class=\"newsContent__article__imgCapa newsContent__article__imgCapa--banner\"\n\t\t\t\t\tsrc=\"https:\/\/files.sunoresearch.com.br\/n\/uploads\/2023\/04\/1420x240-Planilha-vida-financeira-true.png\"\n\t\t\t\t\tdata-promo-id=\"383123\"\t\t\t\t\t\t\t\t\t\twidth='1420' height='240'\t\t\t\t\talt=\"https:\/\/files.sunoresearch.com.br\/n\/uploads\/2023\/04\/1420x240-Planilha-vida-financeira-true.png\"\n\t\t\t\t>\n\t\t\t<\/picture>\n\t\t<\/a>\n\t<\/p>\n\n\n","protected":false},"excerpt":{"rendered":"<p>O Santander divulgou nesta ter\u00e7a-feira (26) um relat\u00f3rio com proje\u00e7\u00f5es sobre os impactos do Leil\u00e3o de Reserva de Capacidade (LRCAP) do Minist\u00e9rio de Minas e Energia (MME) para algumas das el\u00e9tricas brasileiras. A casa de an\u00e1lises ressaltou que a Eneva (ENEV3) pode ser a empresa mais beneficiada. Eneva (ENEV3). Foto: Divulga\u00e7\u00e3o O leil\u00e3o foi anunciado [&hellip;]<\/p>\n","protected":false},"author":404,"featured_media":394453,"comment_status":"closed","ping_status":"closed","sticky":false,"template":"","format":"standard","meta":[],"categories":[64],"tags":[106963,431,464],"suno_strategy":[],"class_list":["post-621338","post","type-post","status-publish","format-standard","has-post-thumbnail","hentry","category-negocios","tag-auren-aure3","tag-copel-cple3-cple5-cple6","tag-eneva-enev3"],"yoast_head":"<!-- This site is optimized with the Yoast SEO plugin v24.4 - https:\/\/yoast.com\/wordpress\/plugins\/seo\/ -->\n<title>Eneva (ENEV3) pode ser principal beneficiada de leil\u00e3o do MME<\/title>\n<meta name=\"description\" content=\"Santander aponta Eneva (ENEV3) como principal beneficiada do Leil\u00e3o de Reserva de Capacidade do MME. Clique e saiba mais!\" \/>\n<meta name=\"robots\" content=\"index, follow, max-snippet:-1, max-image-preview:large, max-video-preview:-1\" \/>\n<link rel=\"canonical\" href=\"https:\/\/www.suno.com.br\/noticias\/eneva-enev3-leilao-energia-mme-go\/\" \/>\n<meta property=\"og:locale\" content=\"pt_BR\" \/>\n<meta property=\"og:type\" content=\"article\" \/>\n<meta property=\"og:title\" content=\"Eneva (ENEV3) pode ser principal beneficiada de leil\u00e3o do MME\" \/>\n<meta property=\"og:description\" content=\"Santander aponta Eneva (ENEV3) como principal beneficiada do Leil\u00e3o de Reserva de Capacidade do MME. Clique e saiba mais!\" \/>\n<meta property=\"og:url\" content=\"https:\/\/www.suno.com.br\/noticias\/eneva-enev3-leilao-energia-mme-go\/\" \/>\n<meta property=\"og:site_name\" content=\"Suno Not\u00edcias\" \/>\n<meta property=\"article:publisher\" content=\"https:\/\/facebook.com\/sunoresearch\" \/>\n<meta property=\"og:image\" content=\"https:\/\/files.sunoresearch.com.br\/n\/uploads\/2023\/04\/eneva-enev3.jpg\" \/>\n\t<meta property=\"og:image:width\" content=\"1329\" \/>\n\t<meta property=\"og:image:height\" content=\"800\" \/>\n\t<meta property=\"og:image:type\" content=\"image\/jpeg\" \/>\n<meta name=\"author\" content=\"Giovanna Oliveira\" \/>\n<meta name=\"twitter:card\" content=\"summary_large_image\" \/>\n<meta name=\"twitter:creator\" content=\"@sunoresearch\" \/>\n<meta name=\"twitter:site\" content=\"@sunoresearch\" \/>\n<meta name=\"twitter:label1\" content=\"Escrito por\" \/>\n\t<meta name=\"twitter:data1\" content=\"Giovanna Oliveira\" \/>\n\t<meta name=\"twitter:label2\" content=\"Est. tempo de leitura\" \/>\n\t<meta name=\"twitter:data2\" content=\"3 minutos\" \/>\n<script type=\"application\/ld+json\" class=\"yoast-schema-graph\">{\"@context\":\"https:\/\/schema.org\",\"@graph\":[{\"@type\":\"NewsArticle\",\"@id\":\"https:\/\/www.suno.com.br\/noticias\/eneva-enev3-leilao-energia-mme-go\/#article\",\"isPartOf\":{\"@id\":\"https:\/\/www.suno.com.br\/noticias\/eneva-enev3-leilao-energia-mme-go\/\"},\"author\":{\"name\":\"Giovanna Oliveira\",\"@id\":\"https:\/\/www.suno.com.br\/noticias\/#\/schema\/person\/506bb13f624e6983050ae5bf648c7a54\"},\"headline\":\"Eneva (ENEV3) pode ser principal beneficiada de leil\u00e3o do MME; entenda\",\"datePublished\":\"2025-08-26T19:43:15+00:00\",\"dateModified\":\"2025-08-26T19:43:21+00:00\",\"mainEntityOfPage\":{\"@id\":\"https:\/\/www.suno.com.br\/noticias\/eneva-enev3-leilao-energia-mme-go\/\"},\"wordCount\":536,\"publisher\":{\"@id\":\"https:\/\/www.suno.com.br\/noticias\/#organization\"},\"image\":{\"@id\":\"https:\/\/www.suno.com.br\/noticias\/eneva-enev3-leilao-energia-mme-go\/#primaryimage\"},\"thumbnailUrl\":\"https:\/\/files.sunoresearch.com.br\/n\/uploads\/2023\/04\/eneva-enev3.jpg\",\"keywords\":[\"Auren (AURE3)\",\"Copel (CPLE3\/CPLE5\/CPLE6)\",\"Eneva (ENEV3)\"],\"articleSection\":[\"Neg\u00f3cios\"],\"inLanguage\":\"pt-BR\"},{\"@type\":\"WebPage\",\"@id\":\"https:\/\/www.suno.com.br\/noticias\/eneva-enev3-leilao-energia-mme-go\/\",\"url\":\"https:\/\/www.suno.com.br\/noticias\/eneva-enev3-leilao-energia-mme-go\/\",\"name\":\"Eneva (ENEV3) pode ser principal beneficiada de leil\u00e3o do MME\",\"isPartOf\":{\"@id\":\"https:\/\/www.suno.com.br\/noticias\/#website\"},\"primaryImageOfPage\":{\"@id\":\"https:\/\/www.suno.com.br\/noticias\/eneva-enev3-leilao-energia-mme-go\/#primaryimage\"},\"image\":{\"@id\":\"https:\/\/www.suno.com.br\/noticias\/eneva-enev3-leilao-energia-mme-go\/#primaryimage\"},\"thumbnailUrl\":\"https:\/\/files.sunoresearch.com.br\/n\/uploads\/2023\/04\/eneva-enev3.jpg\",\"datePublished\":\"2025-08-26T19:43:15+00:00\",\"dateModified\":\"2025-08-26T19:43:21+00:00\",\"description\":\"Santander aponta Eneva (ENEV3) como principal beneficiada do Leil\u00e3o de Reserva de Capacidade do MME. Clique e saiba mais!\",\"breadcrumb\":{\"@id\":\"https:\/\/www.suno.com.br\/noticias\/eneva-enev3-leilao-energia-mme-go\/#breadcrumb\"},\"inLanguage\":\"pt-BR\",\"potentialAction\":[{\"@type\":\"ReadAction\",\"target\":[\"https:\/\/www.suno.com.br\/noticias\/eneva-enev3-leilao-energia-mme-go\/\"]}]},{\"@type\":\"ImageObject\",\"inLanguage\":\"pt-BR\",\"@id\":\"https:\/\/www.suno.com.br\/noticias\/eneva-enev3-leilao-energia-mme-go\/#primaryimage\",\"url\":\"https:\/\/files.sunoresearch.com.br\/n\/uploads\/2023\/04\/eneva-enev3.jpg\",\"contentUrl\":\"https:\/\/files.sunoresearch.com.br\/n\/uploads\/2023\/04\/eneva-enev3.jpg\",\"width\":1329,\"height\":800,\"caption\":\"Eneva (ENEV3). Foto: Divulga\u00e7\u00e3o\"},{\"@type\":\"BreadcrumbList\",\"@id\":\"https:\/\/www.suno.com.br\/noticias\/eneva-enev3-leilao-energia-mme-go\/#breadcrumb\",\"itemListElement\":[{\"@type\":\"ListItem\",\"position\":1,\"name\":\"Not\u00edcias\",\"item\":\"https:\/\/www.suno.com.br\/noticias\/\"},{\"@type\":\"ListItem\",\"position\":2,\"name\":\"Neg\u00f3cios\",\"item\":\"https:\/\/www.suno.com.br\/noticias\/negocios\/\"},{\"@type\":\"ListItem\",\"position\":3,\"name\":\"Eneva (ENEV3) pode ser principal beneficiada de leil\u00e3o do MME; entenda\"}]},{\"@type\":\"WebSite\",\"@id\":\"https:\/\/www.suno.com.br\/noticias\/#website\",\"url\":\"https:\/\/www.suno.com.br\/noticias\/\",\"name\":\"Suno Not\u00edcias\",\"description\":\"Seu portal de informa\u00e7\u00e3o sobre o mundo dos investimentos\",\"publisher\":{\"@id\":\"https:\/\/www.suno.com.br\/noticias\/#organization\"},\"potentialAction\":[{\"@type\":\"SearchAction\",\"target\":{\"@type\":\"EntryPoint\",\"urlTemplate\":\"https:\/\/www.suno.com.br\/noticias\/?s={search_term_string}\"},\"query-input\":{\"@type\":\"PropertyValueSpecification\",\"valueRequired\":true,\"valueName\":\"search_term_string\"}}],\"inLanguage\":\"pt-BR\"},{\"@type\":\"Organization\",\"@id\":\"https:\/\/www.suno.com.br\/noticias\/#organization\",\"name\":\"Suno Not\u00edcias\",\"url\":\"https:\/\/www.suno.com.br\/noticias\/\",\"logo\":{\"@type\":\"ImageObject\",\"inLanguage\":\"pt-BR\",\"@id\":\"https:\/\/www.suno.com.br\/noticias\/#\/schema\/logo\/image\/\",\"url\":\"https:\/\/files.sunoresearch.com.br\/n\/uploads\/2021\/09\/suno-logo.png\",\"contentUrl\":\"https:\/\/files.sunoresearch.com.br\/n\/uploads\/2021\/09\/suno-logo.png\",\"width\":180,\"height\":180,\"caption\":\"Suno Not\u00edcias\"},\"image\":{\"@id\":\"https:\/\/www.suno.com.br\/noticias\/#\/schema\/logo\/image\/\"},\"sameAs\":[\"https:\/\/facebook.com\/sunoresearch\",\"https:\/\/x.com\/sunoresearch\",\"https:\/\/www.instagram.com\/suno\",\"https:\/\/www.linkedin.com\/company\/suno-research\/\",\"https:\/\/www.youtube.com\/c\/sunoresearch\"]},{\"@type\":\"Person\",\"@id\":\"https:\/\/www.suno.com.br\/noticias\/#\/schema\/person\/506bb13f624e6983050ae5bf648c7a54\",\"name\":\"Giovanna Oliveira\",\"image\":{\"@type\":\"ImageObject\",\"inLanguage\":\"pt-BR\",\"@id\":\"https:\/\/www.suno.com.br\/noticias\/#\/schema\/person\/image\/\",\"url\":\"https:\/\/secure.gravatar.com\/avatar\/8d180e5cea232a9bb3af521589b133fa?s=96&r=g\",\"contentUrl\":\"https:\/\/secure.gravatar.com\/avatar\/8d180e5cea232a9bb3af521589b133fa?s=96&r=g\",\"caption\":\"Giovanna Oliveira\"},\"description\":\"Jornalista com mais de sete anos de experi\u00eancia na cobertura de finan\u00e7as e economia. P\u00f3s-graduada em Neg\u00f3cios e Inova\u00e7\u00e3o (ESPM-SP) e mestranda em Finan\u00e7as (UADE Business School\u2013Buenos Aires).\",\"url\":\"https:\/\/www.suno.com.br\/noticias\/author\/giovannalmd-oliveiragmail-com\/\"}]}<\/script>\n<!-- \/ Yoast SEO plugin. -->","yoast_head_json":{"title":"Eneva (ENEV3) pode ser principal beneficiada de leil\u00e3o do MME","description":"Santander aponta Eneva (ENEV3) como principal beneficiada do Leil\u00e3o de Reserva de Capacidade do MME. Clique e saiba mais!","robots":{"index":"index","follow":"follow","max-snippet":"max-snippet:-1","max-image-preview":"max-image-preview:large","max-video-preview":"max-video-preview:-1"},"canonical":"https:\/\/www.suno.com.br\/noticias\/eneva-enev3-leilao-energia-mme-go\/","og_locale":"pt_BR","og_type":"article","og_title":"Eneva (ENEV3) pode ser principal beneficiada de leil\u00e3o do MME","og_description":"Santander aponta Eneva (ENEV3) como principal beneficiada do Leil\u00e3o de Reserva de Capacidade do MME. Clique e saiba mais!","og_url":"https:\/\/www.suno.com.br\/noticias\/eneva-enev3-leilao-energia-mme-go\/","og_site_name":"Suno Not\u00edcias","article_publisher":"https:\/\/facebook.com\/sunoresearch","og_image":[{"width":1329,"height":800,"url":"https:\/\/files.sunoresearch.com.br\/n\/uploads\/2023\/04\/eneva-enev3.jpg","type":"image\/jpeg"}],"author":"Giovanna Oliveira","twitter_card":"summary_large_image","twitter_creator":"@sunoresearch","twitter_site":"@sunoresearch","twitter_misc":{"Escrito por":"Giovanna Oliveira","Est. tempo de leitura":"3 minutos"},"schema":{"@context":"https:\/\/schema.org","@graph":[{"@type":"NewsArticle","@id":"https:\/\/www.suno.com.br\/noticias\/eneva-enev3-leilao-energia-mme-go\/#article","isPartOf":{"@id":"https:\/\/www.suno.com.br\/noticias\/eneva-enev3-leilao-energia-mme-go\/"},"author":{"name":"Giovanna Oliveira","@id":"https:\/\/www.suno.com.br\/noticias\/#\/schema\/person\/506bb13f624e6983050ae5bf648c7a54"},"headline":"Eneva (ENEV3) pode ser principal beneficiada de leil\u00e3o do MME; entenda","datePublished":"2025-08-26T19:43:15+00:00","dateModified":"2025-08-26T19:43:21+00:00","mainEntityOfPage":{"@id":"https:\/\/www.suno.com.br\/noticias\/eneva-enev3-leilao-energia-mme-go\/"},"wordCount":536,"publisher":{"@id":"https:\/\/www.suno.com.br\/noticias\/#organization"},"image":{"@id":"https:\/\/www.suno.com.br\/noticias\/eneva-enev3-leilao-energia-mme-go\/#primaryimage"},"thumbnailUrl":"https:\/\/files.sunoresearch.com.br\/n\/uploads\/2023\/04\/eneva-enev3.jpg","keywords":["Auren (AURE3)","Copel (CPLE3\/CPLE5\/CPLE6)","Eneva (ENEV3)"],"articleSection":["Neg\u00f3cios"],"inLanguage":"pt-BR"},{"@type":"WebPage","@id":"https:\/\/www.suno.com.br\/noticias\/eneva-enev3-leilao-energia-mme-go\/","url":"https:\/\/www.suno.com.br\/noticias\/eneva-enev3-leilao-energia-mme-go\/","name":"Eneva (ENEV3) pode ser principal beneficiada de leil\u00e3o do MME","isPartOf":{"@id":"https:\/\/www.suno.com.br\/noticias\/#website"},"primaryImageOfPage":{"@id":"https:\/\/www.suno.com.br\/noticias\/eneva-enev3-leilao-energia-mme-go\/#primaryimage"},"image":{"@id":"https:\/\/www.suno.com.br\/noticias\/eneva-enev3-leilao-energia-mme-go\/#primaryimage"},"thumbnailUrl":"https:\/\/files.sunoresearch.com.br\/n\/uploads\/2023\/04\/eneva-enev3.jpg","datePublished":"2025-08-26T19:43:15+00:00","dateModified":"2025-08-26T19:43:21+00:00","description":"Santander aponta Eneva (ENEV3) como principal beneficiada do Leil\u00e3o de Reserva de Capacidade do MME. Clique e saiba mais!","breadcrumb":{"@id":"https:\/\/www.suno.com.br\/noticias\/eneva-enev3-leilao-energia-mme-go\/#breadcrumb"},"inLanguage":"pt-BR","potentialAction":[{"@type":"ReadAction","target":["https:\/\/www.suno.com.br\/noticias\/eneva-enev3-leilao-energia-mme-go\/"]}]},{"@type":"ImageObject","inLanguage":"pt-BR","@id":"https:\/\/www.suno.com.br\/noticias\/eneva-enev3-leilao-energia-mme-go\/#primaryimage","url":"https:\/\/files.sunoresearch.com.br\/n\/uploads\/2023\/04\/eneva-enev3.jpg","contentUrl":"https:\/\/files.sunoresearch.com.br\/n\/uploads\/2023\/04\/eneva-enev3.jpg","width":1329,"height":800,"caption":"Eneva (ENEV3). Foto: Divulga\u00e7\u00e3o"},{"@type":"BreadcrumbList","@id":"https:\/\/www.suno.com.br\/noticias\/eneva-enev3-leilao-energia-mme-go\/#breadcrumb","itemListElement":[{"@type":"ListItem","position":1,"name":"Not\u00edcias","item":"https:\/\/www.suno.com.br\/noticias\/"},{"@type":"ListItem","position":2,"name":"Neg\u00f3cios","item":"https:\/\/www.suno.com.br\/noticias\/negocios\/"},{"@type":"ListItem","position":3,"name":"Eneva (ENEV3) pode ser principal beneficiada de leil\u00e3o do MME; entenda"}]},{"@type":"WebSite","@id":"https:\/\/www.suno.com.br\/noticias\/#website","url":"https:\/\/www.suno.com.br\/noticias\/","name":"Suno Not\u00edcias","description":"Seu portal de informa\u00e7\u00e3o sobre o mundo dos investimentos","publisher":{"@id":"https:\/\/www.suno.com.br\/noticias\/#organization"},"potentialAction":[{"@type":"SearchAction","target":{"@type":"EntryPoint","urlTemplate":"https:\/\/www.suno.com.br\/noticias\/?s={search_term_string}"},"query-input":{"@type":"PropertyValueSpecification","valueRequired":true,"valueName":"search_term_string"}}],"inLanguage":"pt-BR"},{"@type":"Organization","@id":"https:\/\/www.suno.com.br\/noticias\/#organization","name":"Suno Not\u00edcias","url":"https:\/\/www.suno.com.br\/noticias\/","logo":{"@type":"ImageObject","inLanguage":"pt-BR","@id":"https:\/\/www.suno.com.br\/noticias\/#\/schema\/logo\/image\/","url":"https:\/\/files.sunoresearch.com.br\/n\/uploads\/2021\/09\/suno-logo.png","contentUrl":"https:\/\/files.sunoresearch.com.br\/n\/uploads\/2021\/09\/suno-logo.png","width":180,"height":180,"caption":"Suno Not\u00edcias"},"image":{"@id":"https:\/\/www.suno.com.br\/noticias\/#\/schema\/logo\/image\/"},"sameAs":["https:\/\/facebook.com\/sunoresearch","https:\/\/x.com\/sunoresearch","https:\/\/www.instagram.com\/suno","https:\/\/www.linkedin.com\/company\/suno-research\/","https:\/\/www.youtube.com\/c\/sunoresearch"]},{"@type":"Person","@id":"https:\/\/www.suno.com.br\/noticias\/#\/schema\/person\/506bb13f624e6983050ae5bf648c7a54","name":"Giovanna Oliveira","image":{"@type":"ImageObject","inLanguage":"pt-BR","@id":"https:\/\/www.suno.com.br\/noticias\/#\/schema\/person\/image\/","url":"https:\/\/secure.gravatar.com\/avatar\/8d180e5cea232a9bb3af521589b133fa?s=96&r=g","contentUrl":"https:\/\/secure.gravatar.com\/avatar\/8d180e5cea232a9bb3af521589b133fa?s=96&r=g","caption":"Giovanna Oliveira"},"description":"Jornalista com mais de sete anos de experi\u00eancia na cobertura de finan\u00e7as e economia. P\u00f3s-graduada em Neg\u00f3cios e Inova\u00e7\u00e3o (ESPM-SP) e mestranda em Finan\u00e7as (UADE Business School\u2013Buenos Aires).","url":"https:\/\/www.suno.com.br\/noticias\/author\/giovannalmd-oliveiragmail-com\/"}]}},"default_loop_html":"<div class=\"cardsPage__listCard__boxs\"><div class=\"cardsPage__listCard__boxs__img\"><a href=\"https:\/\/www.suno.com.br\/noticias\/eneva-enev3-leilao-energia-mme-go\/\"><img class=\"mask\" src=\"https:\/\/www.suno.com.br\/noticias\/wp-content\/themes\/suno\/resources\/images\/spotlight\/spotlight1img\/bg-mask.png\" alt=\"Image Mask\"\/><img src=\"https:\/\/files.sunoresearch.com.br\/n\/uploads\/2023\/04\/eneva-enev3-400x200.jpg\" alt=\"Eneva (ENEV3) pode ser principal beneficiada de leil\u00e3o do MME; entenda\"\/><\/a><span class=\"spotlightCategory\"><a href=\"https:\/\/www.suno.com.br\/noticias\/negocios\/\">Neg\u00f3cios<\/a><\/span><\/div><div class=\"cardsPage__listCard__boxs__content\"><a href=\"https:\/\/www.suno.com.br\/noticias\/eneva-enev3-leilao-energia-mme-go\/\"><h2 class=\"content__title\">Eneva (ENEV3) pode ser principal beneficiada de leil\u00e3o do MME; entenda<\/h2><\/a><div class=\"newsContent__article__meta\"><div class=\"newsContent__article__meta__authorBox\"><a href=\"https:\/\/www.suno.com.br\/noticias\/author\/giovannalmd-oliveiragmail-com\/\" class=\"authorBox__avatar noMobi\"><img src=\"https:\/\/secure.gravatar.com\/avatar\/8d180e5cea232a9bb3af521589b133fa?s=96&#038;r=g\" alt=\"Giovanna Oliveira\"><\/a><div class=\"authorBox__name\"><span>por\n\t\t\t<a href=\"https:\/\/www.suno.com.br\/noticias\/author\/giovannalmd-oliveiragmail-com\/\"><span itemprop=\"author\">Giovanna Oliveira<\/span><\/a><\/span><time datetime=\"2025-08-26T16:43:15-03:00\" itemprop=\"datePublished\">26\/08\/2025 16:43<\/time><\/div><\/div><\/div><\/div><\/div>","single_layout":"posts","amp_enabled":true,"_links":{"self":[{"href":"https:\/\/www.suno.com.br\/noticias\/wp-json\/wp\/v2\/posts\/621338"}],"collection":[{"href":"https:\/\/www.suno.com.br\/noticias\/wp-json\/wp\/v2\/posts"}],"about":[{"href":"https:\/\/www.suno.com.br\/noticias\/wp-json\/wp\/v2\/types\/post"}],"author":[{"embeddable":true,"href":"https:\/\/www.suno.com.br\/noticias\/wp-json\/wp\/v2\/users\/404"}],"replies":[{"embeddable":true,"href":"https:\/\/www.suno.com.br\/noticias\/wp-json\/wp\/v2\/comments?post=621338"}],"version-history":[{"count":2,"href":"https:\/\/www.suno.com.br\/noticias\/wp-json\/wp\/v2\/posts\/621338\/revisions"}],"predecessor-version":[{"id":621353,"href":"https:\/\/www.suno.com.br\/noticias\/wp-json\/wp\/v2\/posts\/621338\/revisions\/621353"}],"wp:featuredmedia":[{"embeddable":true,"href":"https:\/\/www.suno.com.br\/noticias\/wp-json\/wp\/v2\/media\/394453"}],"wp:attachment":[{"href":"https:\/\/www.suno.com.br\/noticias\/wp-json\/wp\/v2\/media?parent=621338"}],"wp:term":[{"taxonomy":"category","embeddable":true,"href":"https:\/\/www.suno.com.br\/noticias\/wp-json\/wp\/v2\/categories?post=621338"},{"taxonomy":"post_tag","embeddable":true,"href":"https:\/\/www.suno.com.br\/noticias\/wp-json\/wp\/v2\/tags?post=621338"},{"taxonomy":"suno_strategy","embeddable":true,"href":"https:\/\/www.suno.com.br\/noticias\/wp-json\/wp\/v2\/suno_strategy?post=621338"}],"curies":[{"name":"wp","href":"https:\/\/api.w.org\/{rel}","templated":true}]}}