{"id":620674,"date":"2025-08-21T15:43:29","date_gmt":"2025-08-21T18:43:29","guid":{"rendered":"https:\/\/www.suno.com.br\/noticias\/?p=620674"},"modified":"2025-08-21T15:43:33","modified_gmt":"2025-08-21T18:43:33","slug":"simpar-simh3-acoes-caem-apos-venda-go","status":"publish","type":"post","link":"https:\/\/www.suno.com.br\/noticias\/simpar-simh3-acoes-caem-apos-venda-go\/","title":{"rendered":"Simpar (SIMH3) recua ap\u00f3s venda de subsidi\u00e1ria; analistas avaliam opera\u00e7\u00e3o positivamente"},"content":{"rendered":"<p>As a\u00e7\u00f5es da Simpar (<strong>SIMH3<\/strong>) est\u00e3o operando em queda de mais de 2% na tarde desta quinta-feira (21). O recuo ocorre ap\u00f3s a companhia anunciar nesta semana a venda da subsidi\u00e1ria Ciclus Ambiental para a Aegea Saneamento por R$ 1,1 bilh\u00e3o.<\/p>\t<div class=\"wrapper-featured-image\">\n\t\t<figure class=\"spotlightImg\">\n\n\t\t\t<picture>\n\t\t\t\t<source media=\"(max-width: 768px)\" srcset=\"https:\/\/files.sunoresearch.com.br\/n\/uploads\/2023\/10\/Simpar-400x200.jpg\">\n\t\t\t\t<img loading=\"lazy\" decoding=\"async\" class=\"newsContent__article__imgCapa lazyloadDisabled \" src=\"https:\/\/files.sunoresearch.com.br\/n\/uploads\/2023\/10\/Simpar-800x450.jpg\" width=\"800\" height=\"450\" alt=\"Simpar (SIMH3) recua ap\u00f3s venda de subsidi\u00e1ria; analistas avaliam opera\u00e7\u00e3o positivamente\" fetchpriority=high \/>\n\t\t\t<\/picture>\n\n\t\t\t<figcaption class=\"wp-caption-text wp-caption-text--show\">Simpar SIMH3. Foto: Divulga\u00e7\u00e3o<\/figcaption>\n\t\t<\/figure>\n\t<\/div>\n\n\n\n\n\n\n\n\t<p>\n\t\t<a href=\"https:\/\/lp.suno.com.br\/planilha-da-vida-financeira\/\" target=\"_blank\" data-element=\"shortcode-suno-banner\" title=\"Banner SUNO, clique e saiba mais\">\n\t\t\t<picture>\n\t\t\t\t<source media=\"(max-width: 500px)\" srcset=\"https:\/\/files.sunoresearch.com.br\/n\/uploads\/2023\/04\/400x300-Planilha-vida-financeira-true.png\">\n\t\t\t\t<img class=\"newsContent__article__imgCapa newsContent__article__imgCapa--banner\"\n\t\t\t\t\tsrc=\"https:\/\/files.sunoresearch.com.br\/n\/uploads\/2023\/04\/1420x240-Planilha-vida-financeira-true.png\"\n\t\t\t\t\tdata-promo-id=\"106682\"\t\t\t\t\t\t\t\t\t\twidth='1420' height='240'\t\t\t\t\talt=\"https:\/\/files.sunoresearch.com.br\/n\/uploads\/2023\/04\/1420x240-Planilha-vida-financeira-true.png\"\n\t\t\t\t>\n\t\t\t<\/picture>\n\t\t<\/a>\n\t<\/p>\n\n\n\n\n\n<p>A holding controladora da <a class=\"suno-keyword\" data-force=\"yes\" data-priority=\"2\" href=\"https:\/\/www.suno.com.br\/analitica\/acoes\/JSLG3\/\" target=\"_blank\" rel=\"noopener\"><strong>JSL (JSLG3)<\/strong><\/a>, <a class=\"suno-keyword\" data-force=\"yes\" data-priority=\"2\" href=\"https:\/\/www.suno.com.br\/analitica\/acoes\/MOVI3\/\" target=\"_blank\" rel=\"noopener\"><strong>Movida (MOVI3)<\/strong><\/a>, <strong><a class=\"suno-keyword\" data-force=\"yes\" data-priority=\"2\" href=\"https:\/\/www.suno.com.br\/analitica\/acoes\/vamo3\/\" target=\"_blank\" rel=\"noopener\">Vamos (VAMO3)<\/a> <\/strong>e <strong>Automob (AMOB3) <\/strong>informou que a transa\u00e7\u00e3o envolve uma das suas empresas n\u00e3o-listadas. A Ciclus Ambiental atua h\u00e1 pelo menos duas d\u00e9cadas na gest\u00e3o de res\u00edduos, oferecendo servi\u00e7os como coleta, varri\u00e7\u00e3o e transbordo.<\/p>\n\n\n\n<p>O valor intr\u00ednseco da opera\u00e7\u00e3o (<a class=\"suno-keyword\" target=\"_blank\" data-force=\"no\" data-priority=\"1\" href=\"https:\/\/www.suno.com.br\/artigos\/enterprise-value-valor-da-firma\/\" rel=\"noopener\">enterprise value<\/a>) ultrapassa R$ 1,9 bilh\u00e3o. Isso porque a Ciclus Rio chega ao portf\u00f3lio da Aegea com uma <a class=\"suno-keyword\" target=\"_blank\" data-force=\"no\" data-priority=\"1\" href=\"https:\/\/www.suno.com.br\/artigos\/divida-liquida\/\" rel=\"noopener\">d\u00edvida l\u00edquida<\/a> de R$ 804 milh\u00f5es. A compradora vai ampliar a atua\u00e7\u00e3o na gest\u00e3o de res\u00edduos, iniciada em 2023.<\/p>\n\n\n\n<h2 class=\"wp-block-heading\">Apesar da queda, analistas avaliam venda positivamente<\/h2>\n\n\n\n<p>A XP destacou que a transa\u00e7\u00e3o foi realizada a um valuation atrativo de 9,8 vezes EV\/EBITDA LTM 2T25, contra cerca de 14 vezes do par listado Orizon e aproximadamente 4 vezes da pr\u00f3pria Simpar. <\/p>\n\n\n\n<p>\u201cEm nossa vis\u00e3o, a venda traz uma perspectiva positiva para a holding, pois gera um retorno impl\u00edcito de 30% ao ano para o investimento\u201d, avaliou a casa.<\/p>\n\n\n\n<p>A corretora tamb\u00e9m ressaltou que a opera\u00e7\u00e3o reduz a d\u00edvida l\u00edquida reportada da holding em 37%, para R$ 1,9 bilh\u00e3o, embora com impacto limitado na alavancagem consolidada. Al\u00e9m disso, o valor do patrim\u00f4nio do ativo representa cerca de 30% do <a class=\"suno-keyword\" target=\"_blank\" data-force=\"no\" data-priority=\"1\" href=\"https:\/\/www.suno.com.br\/artigos\/valor-de-mercado\/\" rel=\"noopener\">valor de mercado<\/a> da Simpar.<\/p>\n\n\n\n<p>O Santander seguiu na mesma linha. &#8220;Vemos a not\u00edcia como um desenvolvimento positivo, j\u00e1 que deve apoiar os planos da Simpar de reduzir ainda mais sua estrutura de d\u00edvida por meio da venda de ativos n\u00e3o essenciais, destravando valor\u201d, afirmou o banco em relat\u00f3rio.<\/p>\n\n\n\n<h2 class=\"wp-block-heading\">Santander v\u00ea upside de mais de 68% para SIMH3<\/h2>\n\n\n<p>z\t<p>\n\t\t<a href=\"https:\/\/lp.suno.com.br\/ebook-como-analisar-uma-acao\/\" target=\"_blank\" data-element=\"shortcode-suno-banner\" title=\"Banner SUNO, clique e saiba mais\">\n\t\t\t<picture>\n\t\t\t\t<source media=\"(max-width: 500px)\" srcset=\"https:\/\/files.sunoresearch.com.br\/n\/uploads\/2023\/03\/Ebook-Acoes-Mobile.jpg\">\n\t\t\t\t<img class=\"newsContent__article__imgCapa newsContent__article__imgCapa--banner\"\n\t\t\t\t\tsrc=\"https:\/\/files.sunoresearch.com.br\/n\/uploads\/2023\/03\/Ebook-Acoes-Desktop.jpg\"\n\t\t\t\t\tdata-promo-id=\"378302\"\t\t\t\t\t\t\t\t\t\twidth='1420' height='286'\t\t\t\t\talt=\"https:\/\/files.sunoresearch.com.br\/n\/uploads\/2023\/03\/Ebook-Acoes-Desktop.jpg\"\n\t\t\t\t>\n\t\t\t<\/picture>\n\t\t<\/a>\n\t<\/p>\n\n<\/p>\n\n\n\n<p>O banco destacou que, do ponto de vista da holding, a opera\u00e7\u00e3o deve reduzir a d\u00edvida l\u00edquida para R$ 1,9 bilh\u00e3o. J\u00e1 considerando todo o grupo, a alavancagem deve cair de 3,6 vezes para 3,4 vezes a rela\u00e7\u00e3o d\u00edvida l\u00edquida\/EBITDA.<\/p>\n\n\n\n<p>O Santander tamb\u00e9m ressaltou que o m\u00faltiplo de 9,8 vezes EV\/EBITDA da transa\u00e7\u00e3o est\u00e1 significativamente acima do m\u00faltiplo estimado para a Simpar em 2025, de 3,6 vezes. <\/p>\n\n\n\n<p>O relat\u00f3rio mant\u00e9m recomenda\u00e7\u00e3o outperform para as a\u00e7\u00f5es da Simpar (<strong>SIMH3<\/strong>), com pre\u00e7o-alvo de R$ 7,50 frente \u00e0 cota\u00e7\u00e3o atual, o que implica um potencial de valoriza\u00e7\u00e3o superior a 68%.<\/p>\n\n\n\t<p>\n\t\t<a href=\"https:\/\/lp.suno.com.br\/planilha-da-vida-financeira\/\" target=\"_blank\" data-element=\"shortcode-suno-banner\" title=\"Banner SUNO, clique e saiba mais\">\n\t\t\t<picture>\n\t\t\t\t<source media=\"(max-width: 500px)\" srcset=\"https:\/\/files.sunoresearch.com.br\/n\/uploads\/2023\/04\/400x300-Planilha-vida-financeira-true.png\">\n\t\t\t\t<img class=\"newsContent__article__imgCapa newsContent__article__imgCapa--banner\"\n\t\t\t\t\tsrc=\"https:\/\/files.sunoresearch.com.br\/n\/uploads\/2023\/04\/1420x240-Planilha-vida-financeira-true.png\"\n\t\t\t\t\tdata-promo-id=\"383123\"\t\t\t\t\t\t\t\t\t\twidth='1420' height='240'\t\t\t\t\talt=\"https:\/\/files.sunoresearch.com.br\/n\/uploads\/2023\/04\/1420x240-Planilha-vida-financeira-true.png\"\n\t\t\t\t>\n\t\t\t<\/picture>\n\t\t<\/a>\n\t<\/p>\n\n\n","protected":false},"excerpt":{"rendered":"<p>As a\u00e7\u00f5es da Simpar (SIMH3) est\u00e3o operando em queda de mais de 2% na tarde desta quinta-feira (21). O recuo ocorre ap\u00f3s a companhia anunciar nesta semana a venda da subsidi\u00e1ria Ciclus Ambiental para a Aegea Saneamento por R$ 1,1 bilh\u00e3o. Simpar SIMH3. Foto: Divulga\u00e7\u00e3o A holding controladora da JSL (JSLG3), Movida (MOVI3), Vamos (VAMO3) [&hellip;]<\/p>\n","protected":false},"author":404,"featured_media":478502,"comment_status":"closed","ping_status":"closed","sticky":false,"template":"","format":"standard","meta":[],"categories":[64],"tags":[76282],"suno_strategy":[],"class_list":["post-620674","post","type-post","status-publish","format-standard","has-post-thumbnail","hentry","category-negocios","tag-simpar-simh3"],"yoast_head":"<!-- This site is optimized with the Yoast SEO plugin v24.4 - https:\/\/yoast.com\/wordpress\/plugins\/seo\/ -->\n<title>Simpar (SIMH3) recua ap\u00f3s venda de subsidi\u00e1ria; veja an\u00e1lises<\/title>\n<meta name=\"description\" content=\"A\u00e7\u00f5es da Simpar (SIMH3) caem 2% ap\u00f3s venda da Ciclus Ambiental por R$ 1,1 bi. XP e Santander veem opera\u00e7\u00e3o positiva. Clique e saiba mais!\" \/>\n<meta name=\"robots\" content=\"index, follow, max-snippet:-1, max-image-preview:large, max-video-preview:-1\" \/>\n<link rel=\"canonical\" href=\"https:\/\/www.suno.com.br\/noticias\/simpar-simh3-acoes-caem-apos-venda-go\/\" \/>\n<meta property=\"og:locale\" content=\"pt_BR\" \/>\n<meta property=\"og:type\" content=\"article\" \/>\n<meta property=\"og:title\" content=\"Simpar (SIMH3) recua ap\u00f3s venda de subsidi\u00e1ria; veja an\u00e1lises\" \/>\n<meta property=\"og:description\" content=\"A\u00e7\u00f5es da Simpar (SIMH3) caem 2% ap\u00f3s venda da Ciclus Ambiental por R$ 1,1 bi. XP e Santander veem opera\u00e7\u00e3o positiva. Clique e saiba mais!\" \/>\n<meta property=\"og:url\" content=\"https:\/\/www.suno.com.br\/noticias\/simpar-simh3-acoes-caem-apos-venda-go\/\" \/>\n<meta property=\"og:site_name\" content=\"Suno Not\u00edcias\" \/>\n<meta property=\"article:publisher\" content=\"https:\/\/facebook.com\/sunoresearch\" \/>\n<meta property=\"og:image\" content=\"https:\/\/files.sunoresearch.com.br\/n\/uploads\/2023\/10\/Simpar.jpg\" \/>\n\t<meta property=\"og:image:width\" content=\"1600\" \/>\n\t<meta property=\"og:image:height\" content=\"800\" \/>\n\t<meta property=\"og:image:type\" content=\"image\/jpeg\" \/>\n<meta name=\"author\" content=\"Giovanna Oliveira\" \/>\n<meta name=\"twitter:card\" content=\"summary_large_image\" \/>\n<meta name=\"twitter:creator\" content=\"@sunoresearch\" \/>\n<meta name=\"twitter:site\" content=\"@sunoresearch\" \/>\n<meta name=\"twitter:label1\" content=\"Escrito por\" \/>\n\t<meta name=\"twitter:data1\" content=\"Giovanna Oliveira\" \/>\n\t<meta name=\"twitter:label2\" content=\"Est. tempo de leitura\" \/>\n\t<meta name=\"twitter:data2\" content=\"3 minutos\" \/>\n<script type=\"application\/ld+json\" class=\"yoast-schema-graph\">{\"@context\":\"https:\/\/schema.org\",\"@graph\":[{\"@type\":\"NewsArticle\",\"@id\":\"https:\/\/www.suno.com.br\/noticias\/simpar-simh3-acoes-caem-apos-venda-go\/#article\",\"isPartOf\":{\"@id\":\"https:\/\/www.suno.com.br\/noticias\/simpar-simh3-acoes-caem-apos-venda-go\/\"},\"author\":{\"name\":\"Giovanna Oliveira\",\"@id\":\"https:\/\/www.suno.com.br\/noticias\/#\/schema\/person\/506bb13f624e6983050ae5bf648c7a54\"},\"headline\":\"Simpar (SIMH3) recua ap\u00f3s venda de subsidi\u00e1ria; analistas avaliam opera\u00e7\u00e3o positivamente\",\"datePublished\":\"2025-08-21T18:43:29+00:00\",\"dateModified\":\"2025-08-21T18:43:33+00:00\",\"mainEntityOfPage\":{\"@id\":\"https:\/\/www.suno.com.br\/noticias\/simpar-simh3-acoes-caem-apos-venda-go\/\"},\"wordCount\":448,\"publisher\":{\"@id\":\"https:\/\/www.suno.com.br\/noticias\/#organization\"},\"image\":{\"@id\":\"https:\/\/www.suno.com.br\/noticias\/simpar-simh3-acoes-caem-apos-venda-go\/#primaryimage\"},\"thumbnailUrl\":\"https:\/\/files.sunoresearch.com.br\/n\/uploads\/2023\/10\/Simpar.jpg\",\"keywords\":[\"Simpar (SIMH3)\"],\"articleSection\":[\"Neg\u00f3cios\"],\"inLanguage\":\"pt-BR\"},{\"@type\":\"WebPage\",\"@id\":\"https:\/\/www.suno.com.br\/noticias\/simpar-simh3-acoes-caem-apos-venda-go\/\",\"url\":\"https:\/\/www.suno.com.br\/noticias\/simpar-simh3-acoes-caem-apos-venda-go\/\",\"name\":\"Simpar (SIMH3) recua ap\u00f3s venda de subsidi\u00e1ria; veja an\u00e1lises\",\"isPartOf\":{\"@id\":\"https:\/\/www.suno.com.br\/noticias\/#website\"},\"primaryImageOfPage\":{\"@id\":\"https:\/\/www.suno.com.br\/noticias\/simpar-simh3-acoes-caem-apos-venda-go\/#primaryimage\"},\"image\":{\"@id\":\"https:\/\/www.suno.com.br\/noticias\/simpar-simh3-acoes-caem-apos-venda-go\/#primaryimage\"},\"thumbnailUrl\":\"https:\/\/files.sunoresearch.com.br\/n\/uploads\/2023\/10\/Simpar.jpg\",\"datePublished\":\"2025-08-21T18:43:29+00:00\",\"dateModified\":\"2025-08-21T18:43:33+00:00\",\"description\":\"A\u00e7\u00f5es da Simpar (SIMH3) caem 2% ap\u00f3s venda da Ciclus Ambiental por R$ 1,1 bi. XP e Santander veem opera\u00e7\u00e3o positiva. Clique e saiba mais!\",\"breadcrumb\":{\"@id\":\"https:\/\/www.suno.com.br\/noticias\/simpar-simh3-acoes-caem-apos-venda-go\/#breadcrumb\"},\"inLanguage\":\"pt-BR\",\"potentialAction\":[{\"@type\":\"ReadAction\",\"target\":[\"https:\/\/www.suno.com.br\/noticias\/simpar-simh3-acoes-caem-apos-venda-go\/\"]}]},{\"@type\":\"ImageObject\",\"inLanguage\":\"pt-BR\",\"@id\":\"https:\/\/www.suno.com.br\/noticias\/simpar-simh3-acoes-caem-apos-venda-go\/#primaryimage\",\"url\":\"https:\/\/files.sunoresearch.com.br\/n\/uploads\/2023\/10\/Simpar.jpg\",\"contentUrl\":\"https:\/\/files.sunoresearch.com.br\/n\/uploads\/2023\/10\/Simpar.jpg\",\"width\":1600,\"height\":800,\"caption\":\"Simpar SIMH3. Foto: Divulga\u00e7\u00e3o\"},{\"@type\":\"BreadcrumbList\",\"@id\":\"https:\/\/www.suno.com.br\/noticias\/simpar-simh3-acoes-caem-apos-venda-go\/#breadcrumb\",\"itemListElement\":[{\"@type\":\"ListItem\",\"position\":1,\"name\":\"Not\u00edcias\",\"item\":\"https:\/\/www.suno.com.br\/noticias\/\"},{\"@type\":\"ListItem\",\"position\":2,\"name\":\"Neg\u00f3cios\",\"item\":\"https:\/\/www.suno.com.br\/noticias\/negocios\/\"},{\"@type\":\"ListItem\",\"position\":3,\"name\":\"Simpar (SIMH3) recua ap\u00f3s venda de subsidi\u00e1ria; analistas avaliam opera\u00e7\u00e3o positivamente\"}]},{\"@type\":\"WebSite\",\"@id\":\"https:\/\/www.suno.com.br\/noticias\/#website\",\"url\":\"https:\/\/www.suno.com.br\/noticias\/\",\"name\":\"Suno Not\u00edcias\",\"description\":\"Seu portal de informa\u00e7\u00e3o sobre o mundo dos investimentos\",\"publisher\":{\"@id\":\"https:\/\/www.suno.com.br\/noticias\/#organization\"},\"potentialAction\":[{\"@type\":\"SearchAction\",\"target\":{\"@type\":\"EntryPoint\",\"urlTemplate\":\"https:\/\/www.suno.com.br\/noticias\/?s={search_term_string}\"},\"query-input\":{\"@type\":\"PropertyValueSpecification\",\"valueRequired\":true,\"valueName\":\"search_term_string\"}}],\"inLanguage\":\"pt-BR\"},{\"@type\":\"Organization\",\"@id\":\"https:\/\/www.suno.com.br\/noticias\/#organization\",\"name\":\"Suno Not\u00edcias\",\"url\":\"https:\/\/www.suno.com.br\/noticias\/\",\"logo\":{\"@type\":\"ImageObject\",\"inLanguage\":\"pt-BR\",\"@id\":\"https:\/\/www.suno.com.br\/noticias\/#\/schema\/logo\/image\/\",\"url\":\"https:\/\/files.sunoresearch.com.br\/n\/uploads\/2021\/09\/suno-logo.png\",\"contentUrl\":\"https:\/\/files.sunoresearch.com.br\/n\/uploads\/2021\/09\/suno-logo.png\",\"width\":180,\"height\":180,\"caption\":\"Suno Not\u00edcias\"},\"image\":{\"@id\":\"https:\/\/www.suno.com.br\/noticias\/#\/schema\/logo\/image\/\"},\"sameAs\":[\"https:\/\/facebook.com\/sunoresearch\",\"https:\/\/x.com\/sunoresearch\",\"https:\/\/www.instagram.com\/suno\",\"https:\/\/www.linkedin.com\/company\/suno-research\/\",\"https:\/\/www.youtube.com\/c\/sunoresearch\"]},{\"@type\":\"Person\",\"@id\":\"https:\/\/www.suno.com.br\/noticias\/#\/schema\/person\/506bb13f624e6983050ae5bf648c7a54\",\"name\":\"Giovanna Oliveira\",\"image\":{\"@type\":\"ImageObject\",\"inLanguage\":\"pt-BR\",\"@id\":\"https:\/\/www.suno.com.br\/noticias\/#\/schema\/person\/image\/\",\"url\":\"https:\/\/secure.gravatar.com\/avatar\/8d180e5cea232a9bb3af521589b133fa?s=96&r=g\",\"contentUrl\":\"https:\/\/secure.gravatar.com\/avatar\/8d180e5cea232a9bb3af521589b133fa?s=96&r=g\",\"caption\":\"Giovanna Oliveira\"},\"description\":\"Jornalista com mais de sete anos de experi\u00eancia na cobertura de finan\u00e7as e economia. P\u00f3s-graduada em Neg\u00f3cios e Inova\u00e7\u00e3o (ESPM-SP) e mestranda em Finan\u00e7as (UADE Business School\u2013Buenos Aires).\",\"url\":\"https:\/\/www.suno.com.br\/noticias\/author\/giovannalmd-oliveiragmail-com\/\"}]}<\/script>\n<!-- \/ Yoast SEO plugin. -->","yoast_head_json":{"title":"Simpar (SIMH3) recua ap\u00f3s venda de subsidi\u00e1ria; veja an\u00e1lises","description":"A\u00e7\u00f5es da Simpar (SIMH3) caem 2% ap\u00f3s venda da Ciclus Ambiental por R$ 1,1 bi. XP e Santander veem opera\u00e7\u00e3o positiva. Clique e saiba mais!","robots":{"index":"index","follow":"follow","max-snippet":"max-snippet:-1","max-image-preview":"max-image-preview:large","max-video-preview":"max-video-preview:-1"},"canonical":"https:\/\/www.suno.com.br\/noticias\/simpar-simh3-acoes-caem-apos-venda-go\/","og_locale":"pt_BR","og_type":"article","og_title":"Simpar (SIMH3) recua ap\u00f3s venda de subsidi\u00e1ria; veja an\u00e1lises","og_description":"A\u00e7\u00f5es da Simpar (SIMH3) caem 2% ap\u00f3s venda da Ciclus Ambiental por R$ 1,1 bi. XP e Santander veem opera\u00e7\u00e3o positiva. Clique e saiba mais!","og_url":"https:\/\/www.suno.com.br\/noticias\/simpar-simh3-acoes-caem-apos-venda-go\/","og_site_name":"Suno Not\u00edcias","article_publisher":"https:\/\/facebook.com\/sunoresearch","og_image":[{"width":1600,"height":800,"url":"https:\/\/files.sunoresearch.com.br\/n\/uploads\/2023\/10\/Simpar.jpg","type":"image\/jpeg"}],"author":"Giovanna Oliveira","twitter_card":"summary_large_image","twitter_creator":"@sunoresearch","twitter_site":"@sunoresearch","twitter_misc":{"Escrito por":"Giovanna Oliveira","Est. tempo de leitura":"3 minutos"},"schema":{"@context":"https:\/\/schema.org","@graph":[{"@type":"NewsArticle","@id":"https:\/\/www.suno.com.br\/noticias\/simpar-simh3-acoes-caem-apos-venda-go\/#article","isPartOf":{"@id":"https:\/\/www.suno.com.br\/noticias\/simpar-simh3-acoes-caem-apos-venda-go\/"},"author":{"name":"Giovanna Oliveira","@id":"https:\/\/www.suno.com.br\/noticias\/#\/schema\/person\/506bb13f624e6983050ae5bf648c7a54"},"headline":"Simpar (SIMH3) recua ap\u00f3s venda de subsidi\u00e1ria; analistas avaliam opera\u00e7\u00e3o positivamente","datePublished":"2025-08-21T18:43:29+00:00","dateModified":"2025-08-21T18:43:33+00:00","mainEntityOfPage":{"@id":"https:\/\/www.suno.com.br\/noticias\/simpar-simh3-acoes-caem-apos-venda-go\/"},"wordCount":448,"publisher":{"@id":"https:\/\/www.suno.com.br\/noticias\/#organization"},"image":{"@id":"https:\/\/www.suno.com.br\/noticias\/simpar-simh3-acoes-caem-apos-venda-go\/#primaryimage"},"thumbnailUrl":"https:\/\/files.sunoresearch.com.br\/n\/uploads\/2023\/10\/Simpar.jpg","keywords":["Simpar (SIMH3)"],"articleSection":["Neg\u00f3cios"],"inLanguage":"pt-BR"},{"@type":"WebPage","@id":"https:\/\/www.suno.com.br\/noticias\/simpar-simh3-acoes-caem-apos-venda-go\/","url":"https:\/\/www.suno.com.br\/noticias\/simpar-simh3-acoes-caem-apos-venda-go\/","name":"Simpar (SIMH3) recua ap\u00f3s venda de subsidi\u00e1ria; veja an\u00e1lises","isPartOf":{"@id":"https:\/\/www.suno.com.br\/noticias\/#website"},"primaryImageOfPage":{"@id":"https:\/\/www.suno.com.br\/noticias\/simpar-simh3-acoes-caem-apos-venda-go\/#primaryimage"},"image":{"@id":"https:\/\/www.suno.com.br\/noticias\/simpar-simh3-acoes-caem-apos-venda-go\/#primaryimage"},"thumbnailUrl":"https:\/\/files.sunoresearch.com.br\/n\/uploads\/2023\/10\/Simpar.jpg","datePublished":"2025-08-21T18:43:29+00:00","dateModified":"2025-08-21T18:43:33+00:00","description":"A\u00e7\u00f5es da Simpar (SIMH3) caem 2% ap\u00f3s venda da Ciclus Ambiental por R$ 1,1 bi. XP e Santander veem opera\u00e7\u00e3o positiva. Clique e saiba mais!","breadcrumb":{"@id":"https:\/\/www.suno.com.br\/noticias\/simpar-simh3-acoes-caem-apos-venda-go\/#breadcrumb"},"inLanguage":"pt-BR","potentialAction":[{"@type":"ReadAction","target":["https:\/\/www.suno.com.br\/noticias\/simpar-simh3-acoes-caem-apos-venda-go\/"]}]},{"@type":"ImageObject","inLanguage":"pt-BR","@id":"https:\/\/www.suno.com.br\/noticias\/simpar-simh3-acoes-caem-apos-venda-go\/#primaryimage","url":"https:\/\/files.sunoresearch.com.br\/n\/uploads\/2023\/10\/Simpar.jpg","contentUrl":"https:\/\/files.sunoresearch.com.br\/n\/uploads\/2023\/10\/Simpar.jpg","width":1600,"height":800,"caption":"Simpar SIMH3. Foto: Divulga\u00e7\u00e3o"},{"@type":"BreadcrumbList","@id":"https:\/\/www.suno.com.br\/noticias\/simpar-simh3-acoes-caem-apos-venda-go\/#breadcrumb","itemListElement":[{"@type":"ListItem","position":1,"name":"Not\u00edcias","item":"https:\/\/www.suno.com.br\/noticias\/"},{"@type":"ListItem","position":2,"name":"Neg\u00f3cios","item":"https:\/\/www.suno.com.br\/noticias\/negocios\/"},{"@type":"ListItem","position":3,"name":"Simpar (SIMH3) recua ap\u00f3s venda de subsidi\u00e1ria; analistas avaliam opera\u00e7\u00e3o positivamente"}]},{"@type":"WebSite","@id":"https:\/\/www.suno.com.br\/noticias\/#website","url":"https:\/\/www.suno.com.br\/noticias\/","name":"Suno Not\u00edcias","description":"Seu portal de informa\u00e7\u00e3o sobre o mundo dos investimentos","publisher":{"@id":"https:\/\/www.suno.com.br\/noticias\/#organization"},"potentialAction":[{"@type":"SearchAction","target":{"@type":"EntryPoint","urlTemplate":"https:\/\/www.suno.com.br\/noticias\/?s={search_term_string}"},"query-input":{"@type":"PropertyValueSpecification","valueRequired":true,"valueName":"search_term_string"}}],"inLanguage":"pt-BR"},{"@type":"Organization","@id":"https:\/\/www.suno.com.br\/noticias\/#organization","name":"Suno Not\u00edcias","url":"https:\/\/www.suno.com.br\/noticias\/","logo":{"@type":"ImageObject","inLanguage":"pt-BR","@id":"https:\/\/www.suno.com.br\/noticias\/#\/schema\/logo\/image\/","url":"https:\/\/files.sunoresearch.com.br\/n\/uploads\/2021\/09\/suno-logo.png","contentUrl":"https:\/\/files.sunoresearch.com.br\/n\/uploads\/2021\/09\/suno-logo.png","width":180,"height":180,"caption":"Suno Not\u00edcias"},"image":{"@id":"https:\/\/www.suno.com.br\/noticias\/#\/schema\/logo\/image\/"},"sameAs":["https:\/\/facebook.com\/sunoresearch","https:\/\/x.com\/sunoresearch","https:\/\/www.instagram.com\/suno","https:\/\/www.linkedin.com\/company\/suno-research\/","https:\/\/www.youtube.com\/c\/sunoresearch"]},{"@type":"Person","@id":"https:\/\/www.suno.com.br\/noticias\/#\/schema\/person\/506bb13f624e6983050ae5bf648c7a54","name":"Giovanna Oliveira","image":{"@type":"ImageObject","inLanguage":"pt-BR","@id":"https:\/\/www.suno.com.br\/noticias\/#\/schema\/person\/image\/","url":"https:\/\/secure.gravatar.com\/avatar\/8d180e5cea232a9bb3af521589b133fa?s=96&r=g","contentUrl":"https:\/\/secure.gravatar.com\/avatar\/8d180e5cea232a9bb3af521589b133fa?s=96&r=g","caption":"Giovanna Oliveira"},"description":"Jornalista com mais de sete anos de experi\u00eancia na cobertura de finan\u00e7as e economia. P\u00f3s-graduada em Neg\u00f3cios e Inova\u00e7\u00e3o (ESPM-SP) e mestranda em Finan\u00e7as (UADE Business School\u2013Buenos Aires).","url":"https:\/\/www.suno.com.br\/noticias\/author\/giovannalmd-oliveiragmail-com\/"}]}},"default_loop_html":"<div class=\"cardsPage__listCard__boxs\"><div class=\"cardsPage__listCard__boxs__img\"><a href=\"https:\/\/www.suno.com.br\/noticias\/simpar-simh3-acoes-caem-apos-venda-go\/\"><img class=\"mask\" src=\"https:\/\/www.suno.com.br\/noticias\/wp-content\/themes\/suno\/resources\/images\/spotlight\/spotlight1img\/bg-mask.png\" alt=\"Image Mask\"\/><img src=\"https:\/\/files.sunoresearch.com.br\/n\/uploads\/2023\/10\/Simpar-400x200.jpg\" alt=\"Simpar (SIMH3) recua ap\u00f3s venda de subsidi\u00e1ria; analistas avaliam opera\u00e7\u00e3o positivamente\"\/><\/a><span class=\"spotlightCategory\"><a href=\"https:\/\/www.suno.com.br\/noticias\/negocios\/\">Neg\u00f3cios<\/a><\/span><\/div><div class=\"cardsPage__listCard__boxs__content\"><a href=\"https:\/\/www.suno.com.br\/noticias\/simpar-simh3-acoes-caem-apos-venda-go\/\"><h2 class=\"content__title\">Simpar (SIMH3) recua ap\u00f3s venda de subsidi\u00e1ria; analistas avaliam opera\u00e7\u00e3o positivamente<\/h2><\/a><div class=\"newsContent__article__meta\"><div class=\"newsContent__article__meta__authorBox\"><a href=\"https:\/\/www.suno.com.br\/noticias\/author\/giovannalmd-oliveiragmail-com\/\" class=\"authorBox__avatar noMobi\"><img src=\"https:\/\/secure.gravatar.com\/avatar\/8d180e5cea232a9bb3af521589b133fa?s=96&#038;r=g\" alt=\"Giovanna Oliveira\"><\/a><div class=\"authorBox__name\"><span>por\n\t\t\t<a href=\"https:\/\/www.suno.com.br\/noticias\/author\/giovannalmd-oliveiragmail-com\/\"><span itemprop=\"author\">Giovanna Oliveira<\/span><\/a><\/span><time datetime=\"2025-08-21T15:43:29-03:00\" itemprop=\"datePublished\">21\/08\/2025 15:43<\/time><\/div><\/div><\/div><\/div><\/div>","single_layout":"posts","amp_enabled":true,"_links":{"self":[{"href":"https:\/\/www.suno.com.br\/noticias\/wp-json\/wp\/v2\/posts\/620674"}],"collection":[{"href":"https:\/\/www.suno.com.br\/noticias\/wp-json\/wp\/v2\/posts"}],"about":[{"href":"https:\/\/www.suno.com.br\/noticias\/wp-json\/wp\/v2\/types\/post"}],"author":[{"embeddable":true,"href":"https:\/\/www.suno.com.br\/noticias\/wp-json\/wp\/v2\/users\/404"}],"replies":[{"embeddable":true,"href":"https:\/\/www.suno.com.br\/noticias\/wp-json\/wp\/v2\/comments?post=620674"}],"version-history":[{"count":2,"href":"https:\/\/www.suno.com.br\/noticias\/wp-json\/wp\/v2\/posts\/620674\/revisions"}],"predecessor-version":[{"id":620698,"href":"https:\/\/www.suno.com.br\/noticias\/wp-json\/wp\/v2\/posts\/620674\/revisions\/620698"}],"wp:featuredmedia":[{"embeddable":true,"href":"https:\/\/www.suno.com.br\/noticias\/wp-json\/wp\/v2\/media\/478502"}],"wp:attachment":[{"href":"https:\/\/www.suno.com.br\/noticias\/wp-json\/wp\/v2\/media?parent=620674"}],"wp:term":[{"taxonomy":"category","embeddable":true,"href":"https:\/\/www.suno.com.br\/noticias\/wp-json\/wp\/v2\/categories?post=620674"},{"taxonomy":"post_tag","embeddable":true,"href":"https:\/\/www.suno.com.br\/noticias\/wp-json\/wp\/v2\/tags?post=620674"},{"taxonomy":"suno_strategy","embeddable":true,"href":"https:\/\/www.suno.com.br\/noticias\/wp-json\/wp\/v2\/suno_strategy?post=620674"}],"curies":[{"name":"wp","href":"https:\/\/api.w.org\/{rel}","templated":true}]}}