{"id":62063,"date":"2020-04-20T16:08:56","date_gmt":"2020-04-20T19:08:56","guid":{"rendered":"https:\/\/www.suno.com.br\/noticias\/?p=62063"},"modified":"2020-04-20T16:10:17","modified_gmt":"2020-04-20T19:10:17","slug":"petroleo-chega-cotacao-negativa","status":"publish","type":"post","link":"https:\/\/www.suno.com.br\/noticias\/petroleo-chega-cotacao-negativa\/","title":{"rendered":"Petr\u00f3leo chega a cota\u00e7\u00e3o negativa pela primeira vez na hist\u00f3ria"},"content":{"rendered":"<p>O pre\u00e7o do <strong>petr\u00f3leo<\/strong> nos Estados Unidos chegou ao n\u00edvel negativo nesta segunda-feira (20). A cota\u00e7\u00e3o do <a href=\"https:\/\/www.suno.com.br\/artigos\/wti\/\">West Texas Intermediate (WTI)<\/a>,o petr\u00f3leo bruto de refer\u00eancia para o mercado norte-americano, caiu para o menor n\u00edvel da hist\u00f3ria<\/p>\t<div class=\"wrapper-featured-image\">\n\t\t<figure class=\"spotlightImg\">\n\n\t\t\t<picture>\n\t\t\t\t<source media=\"(max-width: 768px)\" srcset=\"https:\/\/files.sunoresearch.com.br\/n\/uploads\/2019\/07\/bd41d311-petroleo-400x200.webp\">\n\t\t\t\t<img loading=\"lazy\" decoding=\"async\" class=\"newsContent__article__imgCapa lazyloadDisabled newsContent__article__imgCapa--noCaption\" src=\"https:\/\/files.sunoresearch.com.br\/n\/uploads\/2019\/07\/bd41d311-petroleo-jpg.webp\" width=\"800\" height=\"450\" alt=\"Petr\u00f3leo chega a cota\u00e7\u00e3o negativa pela primeira vez na hist\u00f3ria\" fetchpriority=high \/>\n\t\t\t<\/picture>\n\n\t\t\t<figcaption class=\"wp-caption-text wp-caption-text--hide\">Petr\u00f3leo chega a cota\u00e7\u00e3o negativa pela primeira vez na hist\u00f3ria<\/figcaption>\n\t\t<\/figure>\n\t<\/div>\n\n\n\n<p>A <a href=\"https:\/\/www.suno.com.br\/artigos\/cotacao-do-petroleo\/\">cota\u00e7\u00e3o do petr\u00f3leo<\/a> nos <a href=\"https:\/\/www.suno.com.br\/artigos\/mercado-futuro\/\"><strong>contratos futuros<\/strong><\/a> com vencimento em maio chegou a despencar mais de 30% na noite deste domingo, continuou perdendo mais de 90% ao longo do dia, chegando abaixo de US$ 2 por barril, e as 15h30 hor\u00e1rio de Bras\u00edlia alcan\u00e7ou um pre\u00e7o negativo de -US$ 1,59 a unidade com uma queda de 108,70%.<\/p>\n<p><a href=\"https:\/\/lp.suno.com.br\/suno-one\/\">Saiba mais: <span data-sheets-value=\"{&quot;1&quot;:2,&quot;2&quot;:&quot;Garanta acesso ao Suno One, a central de informa\u00e7\u00f5es para quem quer aprender a investir. Acesse gratuitamente clicando aqui.&quot;}\" data-sheets-userformat=\"{&quot;2&quot;:513,&quot;3&quot;:{&quot;1&quot;:0},&quot;12&quot;:0}\">Garanta acesso ao Suno One, a central de informa\u00e7\u00f5es para quem quer aprender a investir. Acesse gratuitamente clicando aqui.<\/span><\/a><\/p>\n<p>A recess\u00e3o global causada pela pandemia de <strong>coronav\u00edrus (covid-19)<\/strong> e o consequente colapso da demanda de energia, junto com a &#8220;<strong>guerra petrol\u00edfera<\/strong>&#8221; entre os pa\u00edses produtores e a satura\u00e7\u00e3o de reservas estrat\u00e9gicas, agora pr\u00f3ximas aos seus limites fisiol\u00f3gicos, provocaram uma tempestade perfeita na curva dos pre\u00e7os.<\/p>\n<p>O pre\u00e7o negativo do <strong>barril<\/strong> de petr\u00f3leo significa que os produtores est\u00e3o pagando para que a <strong>commodity<\/strong> permane\u00e7a estocada, considerando a falta de espa\u00e7o nos dep\u00f3sitos.<\/p>\n<p>As perdas para os contratos futuros para junho foram mais contidas do que para maio. Os contratos do <strong>WTI<\/strong> para junho ca\u00edram 10,95%, cotados a US$ 22,29 por barril. A diferen\u00e7a est\u00e1 no fato de que o contato futuro para maio vence amanh\u00e3, e por isso n\u00e3o reflete mais o valor esperado do petr\u00f3leo bruto mas representa mais a cota\u00e7\u00e3o atual, fortemente influenciada pelo coronav\u00edrus.<\/p>\n<p>Quem assinou o contrato futuro de petr\u00f3leo t\u00eam de encontrar compradores f\u00edsicos at\u00e9 amanh\u00e3, e por isso est\u00e1 jogando o pre\u00e7o para baixo.<\/p>\n<p>Por outro lado, o petr\u00f3leo de refer\u00eancia na Europa, o <strong>Brent,<\/strong> limitou a queda para 7,19%, a US$ 26,06 o barril.<\/p>\n<h2>Queda na demanda de petr\u00f3leo abala pre\u00e7os<\/h2>\n<p>A cota\u00e7\u00e3o negativa do petr\u00f3leo foi provocada pela queda de 30% da demanda por causa da pandemia de coronav\u00edrus. O excesso de petr\u00f3leo no mercado norte-americano lotou as reservas do governo. Na semana passada a Administra\u00e7\u00e3o de Informa\u00e7\u00f5es sobre Energia dos <strong>EUA<\/strong> informou que os estoques de petr\u00f3leo mantidos pelo Executivo subiram 19,25 milh\u00f5es de barris.<\/p>\n\t<p>\n\t\t<a href=\"https:\/\/lp2.suno.com.br\/pv\/eu-invisto-2026\/?utm_source=suno-noticias&#038;utm_medium=banner&#038;utm_campaign=_SNC4CCF8112_\" target=\"_blank\" data-element=\"shortcode-suno-banner\" title=\"Banner SUNO, clique e saiba mais\">\n\t\t\t<picture>\n\t\t\t\t<source media=\"(max-width: 500px)\" srcset=\"https:\/\/files.sunoresearch.com.br\/n\/uploads\/2025\/12\/Banner-Materias-01-Mbl_-400x300-1-png.webp\">\n\t\t\t\t<img class=\"newsContent__article__imgCapa newsContent__article__imgCapa--banner\"\n\t\t\t\t\tsrc=\"https:\/\/files.sunoresearch.com.br\/n\/uploads\/2025\/12\/Banner-Materias-01-Dkp_-1420x240-1-png.webp\"\n\t\t\t\t\tdata-promo-id=\"635514\"\t\t\t\t\t\t\t\t\t\twidth='1420' height='240'\t\t\t\t\talt=\"https:\/\/files.sunoresearch.com.br\/n\/uploads\/2025\/12\/Banner-Materias-01-Dkp_-1420x240-1-png.webp\"\n\t\t\t\t>\n\t\t\t<\/picture>\n\t\t<\/a>\n\t<\/p>\n\n\n<p>A tentativa da <a href=\"https:\/\/www.suno.com.br\/artigos\/opep\/\"><strong>Organiza\u00e7\u00e3o dos Pa\u00edses Exportadores de Petr\u00f3leo (OPEP)<\/strong><\/a> de reduzir a oferta do produto a n\u00edvel mundial n\u00e3o foi suficiente, pois a demanda caiu ainda mais rapidamente.<\/p>\n<p>A pr\u00f3pria <a href=\"https:\/\/www.suno.com.br\/acoes\/petr3\/\"><strong>Petrobras (PETR3<\/strong><\/a>; <a href=\"https:\/\/www.suno.com.br\/acoes\/petr4\/\"><strong>PETR4<\/strong><\/a>) tinha anunciado na \u00faltima semana um corte de 200 mil barris de petr\u00f3leo por dia.<\/p>\n<p>Mas segundo a <strong>Agencia Internacional de Energia<\/strong> (IEA, na sigla em ingl\u00eas), a demanda de petr\u00f3leo em abril deveria recuar 29 milh\u00f5es de barris, e no ano cair de -9-10%.<\/p>\n<p><a href=\"https:\/\/www.suno.com.br\/noticias\/demanda-petroleo-queda-30-aie\/\">Saiba mais: Demanda mundial de petr\u00f3leo vai cair 30% em abril, diz AIE<\/a><\/p>\n<p>Mas a &#8220;guerra petrol\u00edfera&#8221; entre a <strong>Ar\u00e1bia Saudita,<\/strong> que lidera o grupo dos pa\u00edses da <strong>Opep,<\/strong> e a <strong>R\u00fassia,<\/strong> outro grande produtor que n\u00e3o faz parte do cartel, acabou piorando a situa\u00e7\u00e3o.<\/p>\n<p>Os dois pa\u00edses chegaram em um acordo para cortar a produ\u00e7\u00e3o mundial de cerca de 10 milh\u00f5es de barris por dia. Entretanto, esse corte dever\u00e1 ser dividido ao longo do ano, e muitos analistas est\u00e3o duvidosos sobre sua efetiva realiza\u00e7\u00e3o.<\/p>\n<p><a href=\"https:\/\/www.suno.com.br\/noticias\/corte-petroleo-15-20-milhoes\/\">Saiba mais: Petr\u00f3leo: corte dever\u00e1 ser de 15 a 20 milh\u00f5es de barris em maio e junho<\/a><\/p>\n<p>O mercado petrol\u00edfero est\u00e1 em uma situa\u00e7\u00e3o muito ampla de <a href=\"https:\/\/www.suno.com.br\/artigos\/contango\/\"><strong>contango<\/strong> <\/a>(aquela em que o pre\u00e7o \u00e0 vista \u00e9 menor que os pre\u00e7os futuros). Ou seja, os traders devem comprar <strong>petr\u00f3leo<\/strong> \u00e0 vista e armazen\u00e1-lo e depois revend\u00ea-lo no vencimento, aproveitando a tend\u00eancia particularmente acentuada da curva.<\/p>\n\n","protected":false},"excerpt":{"rendered":"<p>O pre\u00e7o do petr\u00f3leo nos Estados Unidos chegou ao n\u00edvel negativo nesta segunda-feira (20). A cota\u00e7\u00e3o do West Texas Intermediate (WTI),o petr\u00f3leo bruto de refer\u00eancia para o mercado norte-americano, caiu para o menor n\u00edvel da hist\u00f3ria Petr\u00f3leo chega a cota\u00e7\u00e3o negativa pela primeira vez na hist\u00f3ria A cota\u00e7\u00e3o do petr\u00f3leo nos contratos futuros com vencimento [&hellip;]<\/p>\n","protected":false},"author":9,"featured_media":29819,"comment_status":"closed","ping_status":"closed","sticky":false,"template":"","format":"standard","meta":[],"categories":[64],"tags":[766],"suno_strategy":[],"class_list":["post-62063","post","type-post","status-publish","format-standard","has-post-thumbnail","hentry","category-negocios","tag-petroleo"],"yoast_head":"<!-- This site is optimized with the Yoast SEO plugin v24.4 - https:\/\/yoast.com\/wordpress\/plugins\/seo\/ -->\n<title>Petr\u00f3leo chega a cota\u00e7\u00e3o negativa pela primeira vez na hist\u00f3ria<\/title>\n<meta name=\"description\" content=\"A cota\u00e7\u00e3o dos futuros do petr\u00f3leo acabou negativa pela primeira vez na hist\u00f3ria por causa do coronav\u00edrus. Clique aqui para saber mais.\" \/>\n<meta name=\"robots\" content=\"index, follow, max-snippet:-1, max-image-preview:large, max-video-preview:-1\" \/>\n<link rel=\"canonical\" href=\"https:\/\/www.suno.com.br\/noticias\/petroleo-chega-cotacao-negativa\/\" \/>\n<meta property=\"og:locale\" content=\"pt_BR\" \/>\n<meta property=\"og:type\" content=\"article\" \/>\n<meta property=\"og:title\" content=\"Petr\u00f3leo chega a cota\u00e7\u00e3o negativa pela primeira vez na hist\u00f3ria\" \/>\n<meta property=\"og:description\" content=\"A cota\u00e7\u00e3o dos futuros do petr\u00f3leo acabou negativa pela primeira vez na hist\u00f3ria por causa do coronav\u00edrus. Clique aqui para saber mais.\" \/>\n<meta property=\"og:url\" content=\"https:\/\/www.suno.com.br\/noticias\/petroleo-chega-cotacao-negativa\/\" \/>\n<meta property=\"og:site_name\" content=\"Suno Not\u00edcias\" \/>\n<meta property=\"article:publisher\" content=\"https:\/\/facebook.com\/sunoresearch\" \/>\n<meta property=\"og:image\" content=\"https:\/\/files.sunoresearch.com.br\/n\/uploads\/2019\/07\/bd41d311-petroleo.jpg\" \/>\n\t<meta property=\"og:image:width\" content=\"620\" \/>\n\t<meta property=\"og:image:height\" content=\"465\" \/>\n\t<meta property=\"og:image:type\" content=\"image\/jpeg\" \/>\n<meta name=\"author\" content=\"Carlo Cauti\" \/>\n<meta name=\"twitter:card\" content=\"summary_large_image\" \/>\n<meta name=\"twitter:creator\" content=\"@sunoresearch\" \/>\n<meta name=\"twitter:site\" content=\"@sunoresearch\" \/>\n<meta name=\"twitter:label1\" content=\"Escrito por\" \/>\n\t<meta name=\"twitter:data1\" content=\"Carlo Cauti\" \/>\n\t<meta name=\"twitter:label2\" content=\"Est. tempo de leitura\" \/>\n\t<meta name=\"twitter:data2\" content=\"3 minutos\" \/>\n<script type=\"application\/ld+json\" class=\"yoast-schema-graph\">{\"@context\":\"https:\/\/schema.org\",\"@graph\":[{\"@type\":\"NewsArticle\",\"@id\":\"https:\/\/www.suno.com.br\/noticias\/petroleo-chega-cotacao-negativa\/#article\",\"isPartOf\":{\"@id\":\"https:\/\/www.suno.com.br\/noticias\/petroleo-chega-cotacao-negativa\/\"},\"author\":{\"name\":\"Carlo Cauti\",\"@id\":\"https:\/\/www.suno.com.br\/noticias\/#\/schema\/person\/e6e0f723cc177805027f4566c1d5e0c8\"},\"headline\":\"Petr\u00f3leo chega a cota\u00e7\u00e3o negativa pela primeira vez na hist\u00f3ria\",\"datePublished\":\"2020-04-20T19:08:56+00:00\",\"dateModified\":\"2020-04-20T19:10:17+00:00\",\"mainEntityOfPage\":{\"@id\":\"https:\/\/www.suno.com.br\/noticias\/petroleo-chega-cotacao-negativa\/\"},\"wordCount\":675,\"publisher\":{\"@id\":\"https:\/\/www.suno.com.br\/noticias\/#organization\"},\"image\":{\"@id\":\"https:\/\/www.suno.com.br\/noticias\/petroleo-chega-cotacao-negativa\/#primaryimage\"},\"thumbnailUrl\":\"https:\/\/files.sunoresearch.com.br\/n\/uploads\/2019\/07\/bd41d311-petroleo-jpg.webp\",\"keywords\":[\"Petr\u00f3leo\"],\"articleSection\":[\"Neg\u00f3cios\"],\"inLanguage\":\"pt-BR\"},{\"@type\":\"WebPage\",\"@id\":\"https:\/\/www.suno.com.br\/noticias\/petroleo-chega-cotacao-negativa\/\",\"url\":\"https:\/\/www.suno.com.br\/noticias\/petroleo-chega-cotacao-negativa\/\",\"name\":\"Petr\u00f3leo chega a cota\u00e7\u00e3o negativa pela primeira vez na hist\u00f3ria\",\"isPartOf\":{\"@id\":\"https:\/\/www.suno.com.br\/noticias\/#website\"},\"primaryImageOfPage\":{\"@id\":\"https:\/\/www.suno.com.br\/noticias\/petroleo-chega-cotacao-negativa\/#primaryimage\"},\"image\":{\"@id\":\"https:\/\/www.suno.com.br\/noticias\/petroleo-chega-cotacao-negativa\/#primaryimage\"},\"thumbnailUrl\":\"https:\/\/files.sunoresearch.com.br\/n\/uploads\/2019\/07\/bd41d311-petroleo-jpg.webp\",\"datePublished\":\"2020-04-20T19:08:56+00:00\",\"dateModified\":\"2020-04-20T19:10:17+00:00\",\"description\":\"A cota\u00e7\u00e3o dos futuros do petr\u00f3leo acabou negativa pela primeira vez na hist\u00f3ria por causa do coronav\u00edrus. Clique aqui para saber mais.\",\"breadcrumb\":{\"@id\":\"https:\/\/www.suno.com.br\/noticias\/petroleo-chega-cotacao-negativa\/#breadcrumb\"},\"inLanguage\":\"pt-BR\",\"potentialAction\":[{\"@type\":\"ReadAction\",\"target\":[\"https:\/\/www.suno.com.br\/noticias\/petroleo-chega-cotacao-negativa\/\"]}]},{\"@type\":\"ImageObject\",\"inLanguage\":\"pt-BR\",\"@id\":\"https:\/\/www.suno.com.br\/noticias\/petroleo-chega-cotacao-negativa\/#primaryimage\",\"url\":\"https:\/\/files.sunoresearch.com.br\/n\/uploads\/2019\/07\/bd41d311-petroleo-jpg.webp\",\"contentUrl\":\"https:\/\/files.sunoresearch.com.br\/n\/uploads\/2019\/07\/bd41d311-petroleo-jpg.webp\",\"width\":620,\"height\":465,\"caption\":\"Petr\u00f3leo chega a cota\u00e7\u00e3o negativa pela primeira vez na hist\u00f3ria\"},{\"@type\":\"BreadcrumbList\",\"@id\":\"https:\/\/www.suno.com.br\/noticias\/petroleo-chega-cotacao-negativa\/#breadcrumb\",\"itemListElement\":[{\"@type\":\"ListItem\",\"position\":1,\"name\":\"Not\u00edcias\",\"item\":\"https:\/\/www.suno.com.br\/noticias\/\"},{\"@type\":\"ListItem\",\"position\":2,\"name\":\"Neg\u00f3cios\",\"item\":\"https:\/\/www.suno.com.br\/noticias\/negocios\/\"},{\"@type\":\"ListItem\",\"position\":3,\"name\":\"Petr\u00f3leo chega a cota\u00e7\u00e3o negativa pela primeira vez na hist\u00f3ria\"}]},{\"@type\":\"WebSite\",\"@id\":\"https:\/\/www.suno.com.br\/noticias\/#website\",\"url\":\"https:\/\/www.suno.com.br\/noticias\/\",\"name\":\"Suno Not\u00edcias\",\"description\":\"Seu portal de informa\u00e7\u00e3o sobre o mundo dos investimentos\",\"publisher\":{\"@id\":\"https:\/\/www.suno.com.br\/noticias\/#organization\"},\"potentialAction\":[{\"@type\":\"SearchAction\",\"target\":{\"@type\":\"EntryPoint\",\"urlTemplate\":\"https:\/\/www.suno.com.br\/noticias\/?s={search_term_string}\"},\"query-input\":{\"@type\":\"PropertyValueSpecification\",\"valueRequired\":true,\"valueName\":\"search_term_string\"}}],\"inLanguage\":\"pt-BR\"},{\"@type\":\"Organization\",\"@id\":\"https:\/\/www.suno.com.br\/noticias\/#organization\",\"name\":\"Suno Not\u00edcias\",\"url\":\"https:\/\/www.suno.com.br\/noticias\/\",\"logo\":{\"@type\":\"ImageObject\",\"inLanguage\":\"pt-BR\",\"@id\":\"https:\/\/www.suno.com.br\/noticias\/#\/schema\/logo\/image\/\",\"url\":\"https:\/\/files.sunoresearch.com.br\/n\/uploads\/2021\/09\/suno-logo.png\",\"contentUrl\":\"https:\/\/files.sunoresearch.com.br\/n\/uploads\/2021\/09\/suno-logo.png\",\"width\":180,\"height\":180,\"caption\":\"Suno Not\u00edcias\"},\"image\":{\"@id\":\"https:\/\/www.suno.com.br\/noticias\/#\/schema\/logo\/image\/\"},\"sameAs\":[\"https:\/\/facebook.com\/sunoresearch\",\"https:\/\/x.com\/sunoresearch\",\"https:\/\/www.instagram.com\/suno\",\"https:\/\/www.linkedin.com\/company\/suno-research\/\",\"https:\/\/www.youtube.com\/c\/sunoresearch\"]},{\"@type\":\"Person\",\"@id\":\"https:\/\/www.suno.com.br\/noticias\/#\/schema\/person\/e6e0f723cc177805027f4566c1d5e0c8\",\"name\":\"Carlo Cauti\",\"image\":{\"@type\":\"ImageObject\",\"inLanguage\":\"pt-BR\",\"@id\":\"https:\/\/www.suno.com.br\/noticias\/#\/schema\/person\/image\/\",\"url\":\"https:\/\/secure.gravatar.com\/avatar\/3ada9e0bd164c23abd4792a9606d583c?s=96&r=g\",\"contentUrl\":\"https:\/\/secure.gravatar.com\/avatar\/3ada9e0bd164c23abd4792a9606d583c?s=96&r=g\",\"caption\":\"Carlo Cauti\"},\"description\":\"Editor multim\u00eddia do SUNO Not\u00edcias. Italiano, formado em Ci\u00eancias Pol\u00edticas pela universidade LUISS G. Carli de Roma e mestre cum laude em Rela\u00e7\u00f5es Internacionais, Jornalismo Internacional e de Guerra e em Economia Internacional. Concluiu tamb\u00e9m um MBA em Finan\u00e7as na B3. No Brasil, teve passagem por ve\u00edculos como Estad\u00e3o, Globo, Veja e EXAME. e nas ag\u00eancias de not\u00edcias italianas ANSA e NOVA.\",\"url\":\"https:\/\/www.suno.com.br\/noticias\/author\/carlo-cauti\/\"}]}<\/script>\n<!-- \/ Yoast SEO plugin. -->","yoast_head_json":{"title":"Petr\u00f3leo chega a cota\u00e7\u00e3o negativa pela primeira vez na hist\u00f3ria","description":"A cota\u00e7\u00e3o dos futuros do petr\u00f3leo acabou negativa pela primeira vez na hist\u00f3ria por causa do coronav\u00edrus. Clique aqui para saber mais.","robots":{"index":"index","follow":"follow","max-snippet":"max-snippet:-1","max-image-preview":"max-image-preview:large","max-video-preview":"max-video-preview:-1"},"canonical":"https:\/\/www.suno.com.br\/noticias\/petroleo-chega-cotacao-negativa\/","og_locale":"pt_BR","og_type":"article","og_title":"Petr\u00f3leo chega a cota\u00e7\u00e3o negativa pela primeira vez na hist\u00f3ria","og_description":"A cota\u00e7\u00e3o dos futuros do petr\u00f3leo acabou negativa pela primeira vez na hist\u00f3ria por causa do coronav\u00edrus. Clique aqui para saber mais.","og_url":"https:\/\/www.suno.com.br\/noticias\/petroleo-chega-cotacao-negativa\/","og_site_name":"Suno Not\u00edcias","article_publisher":"https:\/\/facebook.com\/sunoresearch","og_image":[{"width":620,"height":465,"url":"https:\/\/files.sunoresearch.com.br\/n\/uploads\/2019\/07\/bd41d311-petroleo.jpg","type":"image\/jpeg"}],"author":"Carlo Cauti","twitter_card":"summary_large_image","twitter_creator":"@sunoresearch","twitter_site":"@sunoresearch","twitter_misc":{"Escrito por":"Carlo Cauti","Est. tempo de leitura":"3 minutos"},"schema":{"@context":"https:\/\/schema.org","@graph":[{"@type":"NewsArticle","@id":"https:\/\/www.suno.com.br\/noticias\/petroleo-chega-cotacao-negativa\/#article","isPartOf":{"@id":"https:\/\/www.suno.com.br\/noticias\/petroleo-chega-cotacao-negativa\/"},"author":{"name":"Carlo Cauti","@id":"https:\/\/www.suno.com.br\/noticias\/#\/schema\/person\/e6e0f723cc177805027f4566c1d5e0c8"},"headline":"Petr\u00f3leo chega a cota\u00e7\u00e3o negativa pela primeira vez na hist\u00f3ria","datePublished":"2020-04-20T19:08:56+00:00","dateModified":"2020-04-20T19:10:17+00:00","mainEntityOfPage":{"@id":"https:\/\/www.suno.com.br\/noticias\/petroleo-chega-cotacao-negativa\/"},"wordCount":675,"publisher":{"@id":"https:\/\/www.suno.com.br\/noticias\/#organization"},"image":{"@id":"https:\/\/www.suno.com.br\/noticias\/petroleo-chega-cotacao-negativa\/#primaryimage"},"thumbnailUrl":"https:\/\/files.sunoresearch.com.br\/n\/uploads\/2019\/07\/bd41d311-petroleo-jpg.webp","keywords":["Petr\u00f3leo"],"articleSection":["Neg\u00f3cios"],"inLanguage":"pt-BR"},{"@type":"WebPage","@id":"https:\/\/www.suno.com.br\/noticias\/petroleo-chega-cotacao-negativa\/","url":"https:\/\/www.suno.com.br\/noticias\/petroleo-chega-cotacao-negativa\/","name":"Petr\u00f3leo chega a cota\u00e7\u00e3o negativa pela primeira vez na hist\u00f3ria","isPartOf":{"@id":"https:\/\/www.suno.com.br\/noticias\/#website"},"primaryImageOfPage":{"@id":"https:\/\/www.suno.com.br\/noticias\/petroleo-chega-cotacao-negativa\/#primaryimage"},"image":{"@id":"https:\/\/www.suno.com.br\/noticias\/petroleo-chega-cotacao-negativa\/#primaryimage"},"thumbnailUrl":"https:\/\/files.sunoresearch.com.br\/n\/uploads\/2019\/07\/bd41d311-petroleo-jpg.webp","datePublished":"2020-04-20T19:08:56+00:00","dateModified":"2020-04-20T19:10:17+00:00","description":"A cota\u00e7\u00e3o dos futuros do petr\u00f3leo acabou negativa pela primeira vez na hist\u00f3ria por causa do coronav\u00edrus. Clique aqui para saber mais.","breadcrumb":{"@id":"https:\/\/www.suno.com.br\/noticias\/petroleo-chega-cotacao-negativa\/#breadcrumb"},"inLanguage":"pt-BR","potentialAction":[{"@type":"ReadAction","target":["https:\/\/www.suno.com.br\/noticias\/petroleo-chega-cotacao-negativa\/"]}]},{"@type":"ImageObject","inLanguage":"pt-BR","@id":"https:\/\/www.suno.com.br\/noticias\/petroleo-chega-cotacao-negativa\/#primaryimage","url":"https:\/\/files.sunoresearch.com.br\/n\/uploads\/2019\/07\/bd41d311-petroleo-jpg.webp","contentUrl":"https:\/\/files.sunoresearch.com.br\/n\/uploads\/2019\/07\/bd41d311-petroleo-jpg.webp","width":620,"height":465,"caption":"Petr\u00f3leo chega a cota\u00e7\u00e3o negativa pela primeira vez na hist\u00f3ria"},{"@type":"BreadcrumbList","@id":"https:\/\/www.suno.com.br\/noticias\/petroleo-chega-cotacao-negativa\/#breadcrumb","itemListElement":[{"@type":"ListItem","position":1,"name":"Not\u00edcias","item":"https:\/\/www.suno.com.br\/noticias\/"},{"@type":"ListItem","position":2,"name":"Neg\u00f3cios","item":"https:\/\/www.suno.com.br\/noticias\/negocios\/"},{"@type":"ListItem","position":3,"name":"Petr\u00f3leo chega a cota\u00e7\u00e3o negativa pela primeira vez na hist\u00f3ria"}]},{"@type":"WebSite","@id":"https:\/\/www.suno.com.br\/noticias\/#website","url":"https:\/\/www.suno.com.br\/noticias\/","name":"Suno Not\u00edcias","description":"Seu portal de informa\u00e7\u00e3o sobre o mundo dos investimentos","publisher":{"@id":"https:\/\/www.suno.com.br\/noticias\/#organization"},"potentialAction":[{"@type":"SearchAction","target":{"@type":"EntryPoint","urlTemplate":"https:\/\/www.suno.com.br\/noticias\/?s={search_term_string}"},"query-input":{"@type":"PropertyValueSpecification","valueRequired":true,"valueName":"search_term_string"}}],"inLanguage":"pt-BR"},{"@type":"Organization","@id":"https:\/\/www.suno.com.br\/noticias\/#organization","name":"Suno Not\u00edcias","url":"https:\/\/www.suno.com.br\/noticias\/","logo":{"@type":"ImageObject","inLanguage":"pt-BR","@id":"https:\/\/www.suno.com.br\/noticias\/#\/schema\/logo\/image\/","url":"https:\/\/files.sunoresearch.com.br\/n\/uploads\/2021\/09\/suno-logo.png","contentUrl":"https:\/\/files.sunoresearch.com.br\/n\/uploads\/2021\/09\/suno-logo.png","width":180,"height":180,"caption":"Suno Not\u00edcias"},"image":{"@id":"https:\/\/www.suno.com.br\/noticias\/#\/schema\/logo\/image\/"},"sameAs":["https:\/\/facebook.com\/sunoresearch","https:\/\/x.com\/sunoresearch","https:\/\/www.instagram.com\/suno","https:\/\/www.linkedin.com\/company\/suno-research\/","https:\/\/www.youtube.com\/c\/sunoresearch"]},{"@type":"Person","@id":"https:\/\/www.suno.com.br\/noticias\/#\/schema\/person\/e6e0f723cc177805027f4566c1d5e0c8","name":"Carlo Cauti","image":{"@type":"ImageObject","inLanguage":"pt-BR","@id":"https:\/\/www.suno.com.br\/noticias\/#\/schema\/person\/image\/","url":"https:\/\/secure.gravatar.com\/avatar\/3ada9e0bd164c23abd4792a9606d583c?s=96&r=g","contentUrl":"https:\/\/secure.gravatar.com\/avatar\/3ada9e0bd164c23abd4792a9606d583c?s=96&r=g","caption":"Carlo Cauti"},"description":"Editor multim\u00eddia do SUNO Not\u00edcias. Italiano, formado em Ci\u00eancias Pol\u00edticas pela universidade LUISS G. Carli de Roma e mestre cum laude em Rela\u00e7\u00f5es Internacionais, Jornalismo Internacional e de Guerra e em Economia Internacional. Concluiu tamb\u00e9m um MBA em Finan\u00e7as na B3. No Brasil, teve passagem por ve\u00edculos como Estad\u00e3o, Globo, Veja e EXAME. e nas ag\u00eancias de not\u00edcias italianas ANSA e NOVA.","url":"https:\/\/www.suno.com.br\/noticias\/author\/carlo-cauti\/"}]}},"default_loop_html":"<div class=\"cardsPage__listCard__boxs\"><div class=\"cardsPage__listCard__boxs__img\"><a href=\"https:\/\/www.suno.com.br\/noticias\/petroleo-chega-cotacao-negativa\/\"><img class=\"mask\" src=\"https:\/\/www.suno.com.br\/noticias\/wp-content\/themes\/suno\/resources\/images\/spotlight\/spotlight1img\/bg-mask.png\" alt=\"Image Mask\"\/><img src=\"https:\/\/files.sunoresearch.com.br\/n\/uploads\/2019\/07\/bd41d311-petroleo-400x200.webp\" alt=\"Petr\u00f3leo chega a cota\u00e7\u00e3o negativa pela primeira vez na hist\u00f3ria\"\/><\/a><span class=\"spotlightCategory\"><a href=\"https:\/\/www.suno.com.br\/noticias\/negocios\/\">Neg\u00f3cios<\/a><\/span><\/div><div class=\"cardsPage__listCard__boxs__content\"><a href=\"https:\/\/www.suno.com.br\/noticias\/petroleo-chega-cotacao-negativa\/\"><h2 class=\"content__title\">Petr\u00f3leo chega a cota\u00e7\u00e3o negativa pela primeira vez na hist\u00f3ria<\/h2><\/a><div class=\"newsContent__article__meta\"><div class=\"newsContent__article__meta__authorBox\"><a href=\"https:\/\/www.suno.com.br\/noticias\/author\/carlo-cauti\/\" class=\"authorBox__avatar noMobi\"><img src=\"https:\/\/files.sunoresearch.com.br\/n\/uploads\/2020\/08\/e3745f9a-perfil-carlo-cauti-150x150.webp\" alt=\"Carlo Cauti\"><\/a><div class=\"authorBox__name\"><span>por\n\t\t\t<a href=\"https:\/\/www.suno.com.br\/noticias\/author\/carlo-cauti\/\"><span itemprop=\"author\">Carlo Cauti<\/span><\/a><\/span><time datetime=\"2020-04-20T16:08:56-03:00\" itemprop=\"datePublished\">20\/04\/2020 16:08<\/time><\/div><\/div><\/div><\/div><\/div>","single_layout":"posts","amp_enabled":true,"_links":{"self":[{"href":"https:\/\/www.suno.com.br\/noticias\/wp-json\/wp\/v2\/posts\/62063"}],"collection":[{"href":"https:\/\/www.suno.com.br\/noticias\/wp-json\/wp\/v2\/posts"}],"about":[{"href":"https:\/\/www.suno.com.br\/noticias\/wp-json\/wp\/v2\/types\/post"}],"author":[{"embeddable":true,"href":"https:\/\/www.suno.com.br\/noticias\/wp-json\/wp\/v2\/users\/9"}],"replies":[{"embeddable":true,"href":"https:\/\/www.suno.com.br\/noticias\/wp-json\/wp\/v2\/comments?post=62063"}],"version-history":[{"count":0,"href":"https:\/\/www.suno.com.br\/noticias\/wp-json\/wp\/v2\/posts\/62063\/revisions"}],"wp:featuredmedia":[{"embeddable":true,"href":"https:\/\/www.suno.com.br\/noticias\/wp-json\/wp\/v2\/media\/29819"}],"wp:attachment":[{"href":"https:\/\/www.suno.com.br\/noticias\/wp-json\/wp\/v2\/media?parent=62063"}],"wp:term":[{"taxonomy":"category","embeddable":true,"href":"https:\/\/www.suno.com.br\/noticias\/wp-json\/wp\/v2\/categories?post=62063"},{"taxonomy":"post_tag","embeddable":true,"href":"https:\/\/www.suno.com.br\/noticias\/wp-json\/wp\/v2\/tags?post=62063"},{"taxonomy":"suno_strategy","embeddable":true,"href":"https:\/\/www.suno.com.br\/noticias\/wp-json\/wp\/v2\/suno_strategy?post=62063"}],"curies":[{"name":"wp","href":"https:\/\/api.w.org\/{rel}","templated":true}]}}