{"id":61961,"date":"2020-04-20T07:42:40","date_gmt":"2020-04-20T10:42:40","guid":{"rendered":"https:\/\/www.suno.com.br\/noticias\/?p=61961"},"modified":"2020-04-20T09:51:01","modified_gmt":"2020-04-20T12:51:01","slug":"ccr-ccro3-registra-queda-de-34-na-movimentacao-de-suas-rodovias","status":"publish","type":"post","link":"https:\/\/www.suno.com.br\/noticias\/ccr-ccro3-registra-queda-de-34-na-movimentacao-de-suas-rodovias\/","title":{"rendered":"CCR (CCRO3) registra queda de 34% na movimenta\u00e7\u00e3o de suas rodovias"},"content":{"rendered":"<p>A<a href=\"https:\/\/www.suno.com.br\/acoes\/ccro3\/\"><strong> CCR<\/strong> (CCRO3)<\/a> registrou uma queda de 34,1% no tr\u00e1fego das rodovias operadas por ela na \u00faltima semana em compara\u00e7\u00e3o com o mesmo per\u00edodo de 2019. As informa\u00e7\u00f5es foram divulgadas ao mercado pela empresa na \u00faltima sexta-feira (17).<\/p>\t<div class=\"wrapper-featured-image\">\n\t\t<figure class=\"spotlightImg\">\n\n\t\t\t<picture>\n\t\t\t\t<source media=\"(max-width: 768px)\" srcset=\"https:\/\/files.sunoresearch.com.br\/n\/uploads\/2019\/04\/783c189a-sem_titulo-1_10-400x200.webp\">\n\t\t\t\t<img loading=\"lazy\" decoding=\"async\" class=\"newsContent__article__imgCapa lazyloadDisabled newsContent__article__imgCapa--noCaption\" src=\"https:\/\/files.sunoresearch.com.br\/n\/uploads\/2019\/04\/783c189a-sem_titulo-1_10-800x450.webp\" width=\"800\" height=\"450\" alt=\"CCR (CCRO3) registra queda de 34% na movimenta\u00e7\u00e3o de suas rodovias\" fetchpriority=high \/>\n\t\t\t<\/picture>\n\n\t\t\t<figcaption class=\"wp-caption-text wp-caption-text--hide\">CCR. Foto: Ag\u00eancia Brasil<\/figcaption>\n\t\t<\/figure>\n\t<\/div>\n\n\n\n<p>Desconsiderando a ViaSul, a queda foi de 37,1% no per\u00edodo entre os dias 10 e 16 de abril. O Grupo CCR comunicou que &#8220;segue comprometido com a seguran\u00e7a de seus colaboradores e das comunidades das regi\u00f5es onde atua no combate da pandemia do <a href=\"https:\/\/www.suno.com.br\/noticias\/coronavirus\/\">coronav\u00edrus<\/a>&#8220;.<\/p>\n<p><a href=\"https:\/\/lp.suno.com.br\/suno-one\/\">Garanta acesso ao Suno One, a central de informa\u00e7\u00f5es para quem quer aprender a investir. Acesse gratuitamente clicando aqui.<\/a><\/p>\n<p>A diminui\u00e7\u00e3o, segundo o grupo, se deve as medidas adotadas pelas autoridades em raz\u00e3o da covid-19.<\/p>\n<h2>Resultado da CCR no quarto trimestre de 2019<\/h2>\n<p>O Grupo CCR\u00a0apresentou <a href=\"https:\/\/www.suno.com.br\/artigos\/lucro-liquido\/\">lucro <\/a>de R$ 392,6 milh\u00f5es no quarto trimestre do ano passado. Assim, o preju\u00edzo de R$ 307,1 milh\u00f5es registrado no mesmo per\u00edodo de 2018 foi revertido. O resultado foi divulgado no dia 5 de mar\u00e7o.<\/p>\n<p>O <a href=\"https:\/\/www.suno.com.br\/artigos\/ebitda\/\">Ebitda<\/a> ajustado (lucro antes de juros, impostos, deprecia\u00e7\u00e3o e amortiza\u00e7\u00e3o) saiu 180,4% no \u00faltimo trimestre de 2019, para R$ 1,5 bilh\u00e3o, na compara\u00e7\u00e3o anual.<\/p>\n<p>A <a href=\"https:\/\/www.suno.com.br\/artigos\/o-que-receita-liquida\/\">receita l\u00edquida<\/a> teve alta de 18,4% no \u00faltimo trimestre de 2019 em compara\u00e7\u00e3o ao mesmo per\u00edodo de 2018, para R$ 2,645 bilh\u00f5es. Os dados s\u00e3o ajustados pelo crit\u00e9rio IFRS e levam em conta somente os ativos administrados pelo grupo.<\/p>\n<p>A empresa tamb\u00e9m divulgou dados \u201cmesma base\u201d, que n\u00e3o considera novos neg\u00f3cios, mudan\u00e7as de participa\u00e7\u00f5es e efeitos n\u00e3o recorrentes. Sendo assim, entre outubro e dezembro do ano passado, em rela\u00e7\u00e3o ao \u00faltimo trimestre de 2018, houve queda de 3% no lucro l\u00edquido, para R$ 499,2 milh\u00f5es. O Ebitda avan\u00e7ou 19,6%, para R$ 1,633 bilh\u00e3o. A receita l\u00edquida aumentou 14,4%, atingindo R$ 2,554 bilh\u00f5es.<\/p>\n<p><a href=\"\/\/www.suno.com.br\/noticias\/ccr-registra-queda-214-movimentacao-rodovias\/\">Veja tamb\u00e9m:\u00a0CCR (CCRO3) registra queda de 21,4% na movimenta\u00e7\u00e3o de suas rodovias<\/a><\/p>\n<p>De acordo com Marcus Macedo, l\u00edder de Rela\u00e7\u00f5es com Investidores da CCR, a queda no lucro no crit\u00e9rio mesma base tem influ\u00eancia da proximidade do fim de algumas concess\u00f5es. \u201cA curva de deprecia\u00e7\u00e3o dos ativos \u00e9 maior, apesar do bom resultado operacional\u201d, afirmou o executivo.<\/p>\n<p>Considerando o acumulado de 2019, a CCR registrou queda de 15,2% no lucro l\u00edquido &#8216;mesma base&#8217; em rela\u00e7\u00e3o a 2018, para R$ 1,382 bilh\u00e3o.<\/p>\n<p>O Ebitda de 2019, no mesmo crit\u00e9rio, teve alta de 12,7%, para R$ 5,511 bilh\u00f5es. Tamb\u00e9m em rela\u00e7\u00e3o a 2019, a receita l\u00edquida da <strong>CCR<\/strong> cresceu 8,8%, para R$ 8,656 bilh\u00f5es.<\/p>\n\n","protected":false},"excerpt":{"rendered":"<p>A CCR (CCRO3) registrou uma queda de 34,1% no tr\u00e1fego das rodovias operadas por ela na \u00faltima semana em compara\u00e7\u00e3o com o mesmo per\u00edodo de 2019. As informa\u00e7\u00f5es foram divulgadas ao mercado pela empresa na \u00faltima sexta-feira (17). CCR. Foto: Ag\u00eancia Brasil Desconsiderando a ViaSul, a queda foi de 37,1% no per\u00edodo entre os dias [&hellip;]<\/p>\n","protected":false},"author":15,"featured_media":22622,"comment_status":"closed","ping_status":"closed","sticky":false,"template":"","format":"standard","meta":[],"categories":[64],"tags":[407],"suno_strategy":[],"class_list":["post-61961","post","type-post","status-publish","format-standard","has-post-thumbnail","hentry","category-negocios","tag-ccr-ccro3"],"yoast_head":"<!-- This site is optimized with the Yoast SEO plugin v24.4 - https:\/\/yoast.com\/wordpress\/plugins\/seo\/ -->\n<title>CCR (CCRO3) tem queda de 34% na movimenta\u00e7\u00e3o de suas rodovias<\/title>\n<meta name=\"description\" content=\"A CCR (CCRO3) registrou uma queda de 34,1% no tr\u00e1fego das rodovias operadas por ela, na \u00faltima semana. Clique aqui e saiba mais.\" \/>\n<meta name=\"robots\" content=\"index, follow, max-snippet:-1, max-image-preview:large, max-video-preview:-1\" \/>\n<link rel=\"canonical\" href=\"https:\/\/www.suno.com.br\/noticias\/ccr-ccro3-registra-queda-de-34-na-movimentacao-de-suas-rodovias\/\" \/>\n<meta property=\"og:locale\" content=\"pt_BR\" \/>\n<meta property=\"og:type\" content=\"article\" \/>\n<meta property=\"og:title\" content=\"CCR (CCRO3) tem queda de 34% na movimenta\u00e7\u00e3o de suas rodovias\" \/>\n<meta property=\"og:description\" content=\"A CCR (CCRO3) registrou uma queda de 34,1% no tr\u00e1fego das rodovias operadas por ela, na \u00faltima semana. Clique aqui e saiba mais.\" \/>\n<meta property=\"og:url\" content=\"https:\/\/www.suno.com.br\/noticias\/ccr-ccro3-registra-queda-de-34-na-movimentacao-de-suas-rodovias\/\" \/>\n<meta property=\"og:site_name\" content=\"Suno Not\u00edcias\" \/>\n<meta property=\"article:publisher\" content=\"https:\/\/facebook.com\/sunoresearch\" \/>\n<meta property=\"og:image\" content=\"https:\/\/files.sunoresearch.com.br\/n\/uploads\/2019\/04\/783c189a-sem_titulo-1_10.jpg\" \/>\n\t<meta property=\"og:image:width\" content=\"1140\" \/>\n\t<meta property=\"og:image:height\" content=\"760\" \/>\n\t<meta property=\"og:image:type\" content=\"image\/jpeg\" \/>\n<meta name=\"author\" content=\"Poliana Santos\" \/>\n<meta name=\"twitter:card\" content=\"summary_large_image\" \/>\n<meta name=\"twitter:creator\" content=\"@sunoresearch\" \/>\n<meta name=\"twitter:site\" content=\"@sunoresearch\" \/>\n<meta name=\"twitter:label1\" content=\"Escrito por\" \/>\n\t<meta name=\"twitter:data1\" content=\"Poliana Santos\" \/>\n\t<meta name=\"twitter:label2\" content=\"Est. tempo de leitura\" \/>\n\t<meta name=\"twitter:data2\" content=\"2 minutos\" \/>\n<script type=\"application\/ld+json\" class=\"yoast-schema-graph\">{\"@context\":\"https:\/\/schema.org\",\"@graph\":[{\"@type\":\"NewsArticle\",\"@id\":\"https:\/\/www.suno.com.br\/noticias\/ccr-ccro3-registra-queda-de-34-na-movimentacao-de-suas-rodovias\/#article\",\"isPartOf\":{\"@id\":\"https:\/\/www.suno.com.br\/noticias\/ccr-ccro3-registra-queda-de-34-na-movimentacao-de-suas-rodovias\/\"},\"author\":{\"name\":\"Poliana Santos\",\"@id\":\"https:\/\/www.suno.com.br\/noticias\/#\/schema\/person\/02ec1f752758247878a2bf4abee1aeda\"},\"headline\":\"CCR (CCRO3) registra queda de 34% na movimenta\u00e7\u00e3o de suas rodovias\",\"datePublished\":\"2020-04-20T10:42:40+00:00\",\"dateModified\":\"2020-04-20T12:51:01+00:00\",\"mainEntityOfPage\":{\"@id\":\"https:\/\/www.suno.com.br\/noticias\/ccr-ccro3-registra-queda-de-34-na-movimentacao-de-suas-rodovias\/\"},\"wordCount\":443,\"publisher\":{\"@id\":\"https:\/\/www.suno.com.br\/noticias\/#organization\"},\"image\":{\"@id\":\"https:\/\/www.suno.com.br\/noticias\/ccr-ccro3-registra-queda-de-34-na-movimentacao-de-suas-rodovias\/#primaryimage\"},\"thumbnailUrl\":\"https:\/\/files.sunoresearch.com.br\/n\/uploads\/2019\/04\/783c189a-sem_titulo-1_10-jpg.webp\",\"keywords\":[\"CCR (CCRO3)\"],\"articleSection\":[\"Neg\u00f3cios\"],\"inLanguage\":\"pt-BR\"},{\"@type\":\"WebPage\",\"@id\":\"https:\/\/www.suno.com.br\/noticias\/ccr-ccro3-registra-queda-de-34-na-movimentacao-de-suas-rodovias\/\",\"url\":\"https:\/\/www.suno.com.br\/noticias\/ccr-ccro3-registra-queda-de-34-na-movimentacao-de-suas-rodovias\/\",\"name\":\"CCR (CCRO3) tem queda de 34% na movimenta\u00e7\u00e3o de suas rodovias\",\"isPartOf\":{\"@id\":\"https:\/\/www.suno.com.br\/noticias\/#website\"},\"primaryImageOfPage\":{\"@id\":\"https:\/\/www.suno.com.br\/noticias\/ccr-ccro3-registra-queda-de-34-na-movimentacao-de-suas-rodovias\/#primaryimage\"},\"image\":{\"@id\":\"https:\/\/www.suno.com.br\/noticias\/ccr-ccro3-registra-queda-de-34-na-movimentacao-de-suas-rodovias\/#primaryimage\"},\"thumbnailUrl\":\"https:\/\/files.sunoresearch.com.br\/n\/uploads\/2019\/04\/783c189a-sem_titulo-1_10-jpg.webp\",\"datePublished\":\"2020-04-20T10:42:40+00:00\",\"dateModified\":\"2020-04-20T12:51:01+00:00\",\"description\":\"A CCR (CCRO3) registrou uma queda de 34,1% no tr\u00e1fego das rodovias operadas por ela, na \u00faltima semana. Clique aqui e saiba mais.\",\"breadcrumb\":{\"@id\":\"https:\/\/www.suno.com.br\/noticias\/ccr-ccro3-registra-queda-de-34-na-movimentacao-de-suas-rodovias\/#breadcrumb\"},\"inLanguage\":\"pt-BR\",\"potentialAction\":[{\"@type\":\"ReadAction\",\"target\":[\"https:\/\/www.suno.com.br\/noticias\/ccr-ccro3-registra-queda-de-34-na-movimentacao-de-suas-rodovias\/\"]}]},{\"@type\":\"ImageObject\",\"inLanguage\":\"pt-BR\",\"@id\":\"https:\/\/www.suno.com.br\/noticias\/ccr-ccro3-registra-queda-de-34-na-movimentacao-de-suas-rodovias\/#primaryimage\",\"url\":\"https:\/\/files.sunoresearch.com.br\/n\/uploads\/2019\/04\/783c189a-sem_titulo-1_10-jpg.webp\",\"contentUrl\":\"https:\/\/files.sunoresearch.com.br\/n\/uploads\/2019\/04\/783c189a-sem_titulo-1_10-jpg.webp\",\"width\":1140,\"height\":760,\"caption\":\"CCR. Foto: Ag\u00eancia Brasil\"},{\"@type\":\"BreadcrumbList\",\"@id\":\"https:\/\/www.suno.com.br\/noticias\/ccr-ccro3-registra-queda-de-34-na-movimentacao-de-suas-rodovias\/#breadcrumb\",\"itemListElement\":[{\"@type\":\"ListItem\",\"position\":1,\"name\":\"Not\u00edcias\",\"item\":\"https:\/\/www.suno.com.br\/noticias\/\"},{\"@type\":\"ListItem\",\"position\":2,\"name\":\"Neg\u00f3cios\",\"item\":\"https:\/\/www.suno.com.br\/noticias\/negocios\/\"},{\"@type\":\"ListItem\",\"position\":3,\"name\":\"CCR (CCRO3) registra queda de 34% na movimenta\u00e7\u00e3o de suas rodovias\"}]},{\"@type\":\"WebSite\",\"@id\":\"https:\/\/www.suno.com.br\/noticias\/#website\",\"url\":\"https:\/\/www.suno.com.br\/noticias\/\",\"name\":\"Suno Not\u00edcias\",\"description\":\"Seu portal de informa\u00e7\u00e3o sobre o mundo dos investimentos\",\"publisher\":{\"@id\":\"https:\/\/www.suno.com.br\/noticias\/#organization\"},\"potentialAction\":[{\"@type\":\"SearchAction\",\"target\":{\"@type\":\"EntryPoint\",\"urlTemplate\":\"https:\/\/www.suno.com.br\/noticias\/?s={search_term_string}\"},\"query-input\":{\"@type\":\"PropertyValueSpecification\",\"valueRequired\":true,\"valueName\":\"search_term_string\"}}],\"inLanguage\":\"pt-BR\"},{\"@type\":\"Organization\",\"@id\":\"https:\/\/www.suno.com.br\/noticias\/#organization\",\"name\":\"Suno Not\u00edcias\",\"url\":\"https:\/\/www.suno.com.br\/noticias\/\",\"logo\":{\"@type\":\"ImageObject\",\"inLanguage\":\"pt-BR\",\"@id\":\"https:\/\/www.suno.com.br\/noticias\/#\/schema\/logo\/image\/\",\"url\":\"https:\/\/files.sunoresearch.com.br\/n\/uploads\/2021\/09\/suno-logo.png\",\"contentUrl\":\"https:\/\/files.sunoresearch.com.br\/n\/uploads\/2021\/09\/suno-logo.png\",\"width\":180,\"height\":180,\"caption\":\"Suno Not\u00edcias\"},\"image\":{\"@id\":\"https:\/\/www.suno.com.br\/noticias\/#\/schema\/logo\/image\/\"},\"sameAs\":[\"https:\/\/facebook.com\/sunoresearch\",\"https:\/\/x.com\/sunoresearch\",\"https:\/\/www.instagram.com\/suno\",\"https:\/\/www.linkedin.com\/company\/suno-research\/\",\"https:\/\/www.youtube.com\/c\/sunoresearch\"]},{\"@type\":\"Person\",\"@id\":\"https:\/\/www.suno.com.br\/noticias\/#\/schema\/person\/02ec1f752758247878a2bf4abee1aeda\",\"name\":\"Poliana Santos\",\"image\":{\"@type\":\"ImageObject\",\"inLanguage\":\"pt-BR\",\"@id\":\"https:\/\/www.suno.com.br\/noticias\/#\/schema\/person\/image\/\",\"url\":\"https:\/\/secure.gravatar.com\/avatar\/0645bd32f23d87b2130f2b2dff1d3f8d?s=96&r=g\",\"contentUrl\":\"https:\/\/secure.gravatar.com\/avatar\/0645bd32f23d87b2130f2b2dff1d3f8d?s=96&r=g\",\"caption\":\"Poliana Santos\"},\"description\":\"Rep\u00f3rter no Suno Not\u00edcias, com cobertura em mercado financeiro, economia, finan\u00e7as pessoais, renda fixa e varejo. Jornalista formada pela Faculdade C\u00e1sper L\u00edbero e possui passagem na R\u00e1dio Gazeta AM com a produ\u00e7\u00e3o de conte\u00fado sobre economia, pol\u00edtica, sa\u00fade, moda e m\u00fasica. Possui certificado de conclus\u00e3o do curso de An\u00e1lise de Balan\u00e7os pela Funda\u00e7\u00e3o Bradesco, Agenda Brasil pela FAAP, Educa\u00e7\u00e3o Pol\u00edtica por Alexandre Garcia e do Tesouro Direto e Mercado de A\u00e7\u00f5es pela B3.\",\"url\":\"https:\/\/www.suno.com.br\/noticias\/author\/poliana-santos\/\"}]}<\/script>\n<!-- \/ Yoast SEO plugin. -->","yoast_head_json":{"title":"CCR (CCRO3) tem queda de 34% na movimenta\u00e7\u00e3o de suas rodovias","description":"A CCR (CCRO3) registrou uma queda de 34,1% no tr\u00e1fego das rodovias operadas por ela, na \u00faltima semana. Clique aqui e saiba mais.","robots":{"index":"index","follow":"follow","max-snippet":"max-snippet:-1","max-image-preview":"max-image-preview:large","max-video-preview":"max-video-preview:-1"},"canonical":"https:\/\/www.suno.com.br\/noticias\/ccr-ccro3-registra-queda-de-34-na-movimentacao-de-suas-rodovias\/","og_locale":"pt_BR","og_type":"article","og_title":"CCR (CCRO3) tem queda de 34% na movimenta\u00e7\u00e3o de suas rodovias","og_description":"A CCR (CCRO3) registrou uma queda de 34,1% no tr\u00e1fego das rodovias operadas por ela, na \u00faltima semana. Clique aqui e saiba mais.","og_url":"https:\/\/www.suno.com.br\/noticias\/ccr-ccro3-registra-queda-de-34-na-movimentacao-de-suas-rodovias\/","og_site_name":"Suno Not\u00edcias","article_publisher":"https:\/\/facebook.com\/sunoresearch","og_image":[{"width":1140,"height":760,"url":"https:\/\/files.sunoresearch.com.br\/n\/uploads\/2019\/04\/783c189a-sem_titulo-1_10.jpg","type":"image\/jpeg"}],"author":"Poliana Santos","twitter_card":"summary_large_image","twitter_creator":"@sunoresearch","twitter_site":"@sunoresearch","twitter_misc":{"Escrito por":"Poliana Santos","Est. tempo de leitura":"2 minutos"},"schema":{"@context":"https:\/\/schema.org","@graph":[{"@type":"NewsArticle","@id":"https:\/\/www.suno.com.br\/noticias\/ccr-ccro3-registra-queda-de-34-na-movimentacao-de-suas-rodovias\/#article","isPartOf":{"@id":"https:\/\/www.suno.com.br\/noticias\/ccr-ccro3-registra-queda-de-34-na-movimentacao-de-suas-rodovias\/"},"author":{"name":"Poliana Santos","@id":"https:\/\/www.suno.com.br\/noticias\/#\/schema\/person\/02ec1f752758247878a2bf4abee1aeda"},"headline":"CCR (CCRO3) registra queda de 34% na movimenta\u00e7\u00e3o de suas rodovias","datePublished":"2020-04-20T10:42:40+00:00","dateModified":"2020-04-20T12:51:01+00:00","mainEntityOfPage":{"@id":"https:\/\/www.suno.com.br\/noticias\/ccr-ccro3-registra-queda-de-34-na-movimentacao-de-suas-rodovias\/"},"wordCount":443,"publisher":{"@id":"https:\/\/www.suno.com.br\/noticias\/#organization"},"image":{"@id":"https:\/\/www.suno.com.br\/noticias\/ccr-ccro3-registra-queda-de-34-na-movimentacao-de-suas-rodovias\/#primaryimage"},"thumbnailUrl":"https:\/\/files.sunoresearch.com.br\/n\/uploads\/2019\/04\/783c189a-sem_titulo-1_10-jpg.webp","keywords":["CCR (CCRO3)"],"articleSection":["Neg\u00f3cios"],"inLanguage":"pt-BR"},{"@type":"WebPage","@id":"https:\/\/www.suno.com.br\/noticias\/ccr-ccro3-registra-queda-de-34-na-movimentacao-de-suas-rodovias\/","url":"https:\/\/www.suno.com.br\/noticias\/ccr-ccro3-registra-queda-de-34-na-movimentacao-de-suas-rodovias\/","name":"CCR (CCRO3) tem queda de 34% na movimenta\u00e7\u00e3o de suas rodovias","isPartOf":{"@id":"https:\/\/www.suno.com.br\/noticias\/#website"},"primaryImageOfPage":{"@id":"https:\/\/www.suno.com.br\/noticias\/ccr-ccro3-registra-queda-de-34-na-movimentacao-de-suas-rodovias\/#primaryimage"},"image":{"@id":"https:\/\/www.suno.com.br\/noticias\/ccr-ccro3-registra-queda-de-34-na-movimentacao-de-suas-rodovias\/#primaryimage"},"thumbnailUrl":"https:\/\/files.sunoresearch.com.br\/n\/uploads\/2019\/04\/783c189a-sem_titulo-1_10-jpg.webp","datePublished":"2020-04-20T10:42:40+00:00","dateModified":"2020-04-20T12:51:01+00:00","description":"A CCR (CCRO3) registrou uma queda de 34,1% no tr\u00e1fego das rodovias operadas por ela, na \u00faltima semana. Clique aqui e saiba mais.","breadcrumb":{"@id":"https:\/\/www.suno.com.br\/noticias\/ccr-ccro3-registra-queda-de-34-na-movimentacao-de-suas-rodovias\/#breadcrumb"},"inLanguage":"pt-BR","potentialAction":[{"@type":"ReadAction","target":["https:\/\/www.suno.com.br\/noticias\/ccr-ccro3-registra-queda-de-34-na-movimentacao-de-suas-rodovias\/"]}]},{"@type":"ImageObject","inLanguage":"pt-BR","@id":"https:\/\/www.suno.com.br\/noticias\/ccr-ccro3-registra-queda-de-34-na-movimentacao-de-suas-rodovias\/#primaryimage","url":"https:\/\/files.sunoresearch.com.br\/n\/uploads\/2019\/04\/783c189a-sem_titulo-1_10-jpg.webp","contentUrl":"https:\/\/files.sunoresearch.com.br\/n\/uploads\/2019\/04\/783c189a-sem_titulo-1_10-jpg.webp","width":1140,"height":760,"caption":"CCR. Foto: Ag\u00eancia Brasil"},{"@type":"BreadcrumbList","@id":"https:\/\/www.suno.com.br\/noticias\/ccr-ccro3-registra-queda-de-34-na-movimentacao-de-suas-rodovias\/#breadcrumb","itemListElement":[{"@type":"ListItem","position":1,"name":"Not\u00edcias","item":"https:\/\/www.suno.com.br\/noticias\/"},{"@type":"ListItem","position":2,"name":"Neg\u00f3cios","item":"https:\/\/www.suno.com.br\/noticias\/negocios\/"},{"@type":"ListItem","position":3,"name":"CCR (CCRO3) registra queda de 34% na movimenta\u00e7\u00e3o de suas rodovias"}]},{"@type":"WebSite","@id":"https:\/\/www.suno.com.br\/noticias\/#website","url":"https:\/\/www.suno.com.br\/noticias\/","name":"Suno Not\u00edcias","description":"Seu portal de informa\u00e7\u00e3o sobre o mundo dos investimentos","publisher":{"@id":"https:\/\/www.suno.com.br\/noticias\/#organization"},"potentialAction":[{"@type":"SearchAction","target":{"@type":"EntryPoint","urlTemplate":"https:\/\/www.suno.com.br\/noticias\/?s={search_term_string}"},"query-input":{"@type":"PropertyValueSpecification","valueRequired":true,"valueName":"search_term_string"}}],"inLanguage":"pt-BR"},{"@type":"Organization","@id":"https:\/\/www.suno.com.br\/noticias\/#organization","name":"Suno Not\u00edcias","url":"https:\/\/www.suno.com.br\/noticias\/","logo":{"@type":"ImageObject","inLanguage":"pt-BR","@id":"https:\/\/www.suno.com.br\/noticias\/#\/schema\/logo\/image\/","url":"https:\/\/files.sunoresearch.com.br\/n\/uploads\/2021\/09\/suno-logo.png","contentUrl":"https:\/\/files.sunoresearch.com.br\/n\/uploads\/2021\/09\/suno-logo.png","width":180,"height":180,"caption":"Suno Not\u00edcias"},"image":{"@id":"https:\/\/www.suno.com.br\/noticias\/#\/schema\/logo\/image\/"},"sameAs":["https:\/\/facebook.com\/sunoresearch","https:\/\/x.com\/sunoresearch","https:\/\/www.instagram.com\/suno","https:\/\/www.linkedin.com\/company\/suno-research\/","https:\/\/www.youtube.com\/c\/sunoresearch"]},{"@type":"Person","@id":"https:\/\/www.suno.com.br\/noticias\/#\/schema\/person\/02ec1f752758247878a2bf4abee1aeda","name":"Poliana Santos","image":{"@type":"ImageObject","inLanguage":"pt-BR","@id":"https:\/\/www.suno.com.br\/noticias\/#\/schema\/person\/image\/","url":"https:\/\/secure.gravatar.com\/avatar\/0645bd32f23d87b2130f2b2dff1d3f8d?s=96&r=g","contentUrl":"https:\/\/secure.gravatar.com\/avatar\/0645bd32f23d87b2130f2b2dff1d3f8d?s=96&r=g","caption":"Poliana Santos"},"description":"Rep\u00f3rter no Suno Not\u00edcias, com cobertura em mercado financeiro, economia, finan\u00e7as pessoais, renda fixa e varejo. Jornalista formada pela Faculdade C\u00e1sper L\u00edbero e possui passagem na R\u00e1dio Gazeta AM com a produ\u00e7\u00e3o de conte\u00fado sobre economia, pol\u00edtica, sa\u00fade, moda e m\u00fasica. Possui certificado de conclus\u00e3o do curso de An\u00e1lise de Balan\u00e7os pela Funda\u00e7\u00e3o Bradesco, Agenda Brasil pela FAAP, Educa\u00e7\u00e3o Pol\u00edtica por Alexandre Garcia e do Tesouro Direto e Mercado de A\u00e7\u00f5es pela B3.","url":"https:\/\/www.suno.com.br\/noticias\/author\/poliana-santos\/"}]}},"default_loop_html":"<div class=\"cardsPage__listCard__boxs\"><div class=\"cardsPage__listCard__boxs__img\"><a href=\"https:\/\/www.suno.com.br\/noticias\/ccr-ccro3-registra-queda-de-34-na-movimentacao-de-suas-rodovias\/\"><img class=\"mask\" src=\"https:\/\/www.suno.com.br\/noticias\/wp-content\/themes\/suno\/resources\/images\/spotlight\/spotlight1img\/bg-mask.png\" alt=\"Image Mask\"\/><img src=\"https:\/\/files.sunoresearch.com.br\/n\/uploads\/2019\/04\/783c189a-sem_titulo-1_10-400x200.webp\" alt=\"CCR (CCRO3) registra queda de 34% na movimenta\u00e7\u00e3o de suas rodovias\"\/><\/a><span class=\"spotlightCategory\"><a href=\"https:\/\/www.suno.com.br\/noticias\/negocios\/\">Neg\u00f3cios<\/a><\/span><\/div><div class=\"cardsPage__listCard__boxs__content\"><a href=\"https:\/\/www.suno.com.br\/noticias\/ccr-ccro3-registra-queda-de-34-na-movimentacao-de-suas-rodovias\/\"><h2 class=\"content__title\">CCR (CCRO3) registra queda de 34% na movimenta\u00e7\u00e3o de suas rodovias<\/h2><\/a><div class=\"newsContent__article__meta\"><div class=\"newsContent__article__meta__authorBox\"><a href=\"https:\/\/www.suno.com.br\/noticias\/author\/poliana-santos\/\" class=\"authorBox__avatar noMobi\"><img src=\"https:\/\/files.sunoresearch.com.br\/n\/uploads\/2020\/08\/7ef34026-whatsapp-image-2020-08-03-at-12.37.57-150x150.webp\" alt=\"Poliana Santos\"><\/a><div class=\"authorBox__name\"><span>por\n\t\t\t<a href=\"https:\/\/www.suno.com.br\/noticias\/author\/poliana-santos\/\"><span itemprop=\"author\">Poliana Santos<\/span><\/a><\/span><time datetime=\"2020-04-20T07:42:40-03:00\" itemprop=\"datePublished\">20\/04\/2020 07:42<\/time><\/div><\/div><\/div><\/div><\/div>","single_layout":"posts","amp_enabled":true,"_links":{"self":[{"href":"https:\/\/www.suno.com.br\/noticias\/wp-json\/wp\/v2\/posts\/61961"}],"collection":[{"href":"https:\/\/www.suno.com.br\/noticias\/wp-json\/wp\/v2\/posts"}],"about":[{"href":"https:\/\/www.suno.com.br\/noticias\/wp-json\/wp\/v2\/types\/post"}],"author":[{"embeddable":true,"href":"https:\/\/www.suno.com.br\/noticias\/wp-json\/wp\/v2\/users\/15"}],"replies":[{"embeddable":true,"href":"https:\/\/www.suno.com.br\/noticias\/wp-json\/wp\/v2\/comments?post=61961"}],"version-history":[{"count":0,"href":"https:\/\/www.suno.com.br\/noticias\/wp-json\/wp\/v2\/posts\/61961\/revisions"}],"wp:featuredmedia":[{"embeddable":true,"href":"https:\/\/www.suno.com.br\/noticias\/wp-json\/wp\/v2\/media\/22622"}],"wp:attachment":[{"href":"https:\/\/www.suno.com.br\/noticias\/wp-json\/wp\/v2\/media?parent=61961"}],"wp:term":[{"taxonomy":"category","embeddable":true,"href":"https:\/\/www.suno.com.br\/noticias\/wp-json\/wp\/v2\/categories?post=61961"},{"taxonomy":"post_tag","embeddable":true,"href":"https:\/\/www.suno.com.br\/noticias\/wp-json\/wp\/v2\/tags?post=61961"},{"taxonomy":"suno_strategy","embeddable":true,"href":"https:\/\/www.suno.com.br\/noticias\/wp-json\/wp\/v2\/suno_strategy?post=61961"}],"curies":[{"name":"wp","href":"https:\/\/api.w.org\/{rel}","templated":true}]}}