{"id":61948,"date":"2020-04-19T11:11:39","date_gmt":"2020-04-19T14:11:39","guid":{"rendered":"https:\/\/www.suno.com.br\/noticias\/?p=61948"},"modified":"2021-05-30T23:20:18","modified_gmt":"2021-05-31T02:20:18","slug":"tim-nao-ve-motivos-para-nao-dar-continuidade-compra-da-oi-oibr3","status":"publish","type":"post","link":"https:\/\/www.suno.com.br\/noticias\/tim-nao-ve-motivos-para-nao-dar-continuidade-compra-da-oi-oibr3\/","title":{"rendered":"Oi (OIBR3): TIM n\u00e3o v\u00ea motivos para n\u00e3o dar continuidade \u00e0 compra"},"content":{"rendered":"<p>Segundo a <a href=\"https:\/\/www.suno.com.br\/acoes\/timp3\/\">TIM (TIMP3)<\/a>, mesmo com os impactos econ\u00f4micos do novo coronav\u00edrus (Covid-19), n\u00e3o h\u00e1 raz\u00f5es para n\u00e3o dar continuidade ao processo de compra parcial da <a href=\"https:\/\/www.suno.com.br\/acoes\/oibr3\/\"><strong>Oi <\/strong>(OIBR3)<\/a>. A declara\u00e7\u00e3o foi realizada pelo CEO da companhia, Pietro Labriola, em reuni\u00e3o com os analistas do setor do <a href=\"https:\/\/www.suno.com.br\/acoes\/sanb3\/\">Santander (SANB3)<\/a> na \u00faltima semana.<\/p>\t<div class=\"wrapper-featured-image\">\n\t\t<figure class=\"spotlightImg\">\n\n\t\t\t<picture>\n\t\t\t\t<source media=\"(max-width: 768px)\" srcset=\"https:\/\/files.sunoresearch.com.br\/n\/uploads\/2019\/08\/391f8501-oi-400x200.webp\">\n\t\t\t\t<img loading=\"lazy\" decoding=\"async\" class=\"newsContent__article__imgCapa lazyloadDisabled newsContent__article__imgCapa--noCaption\" src=\"https:\/\/files.sunoresearch.com.br\/n\/uploads\/2019\/08\/391f8501-oi-800x450.webp\" width=\"800\" height=\"450\" alt=\"Oi (OIBR3): TIM n\u00e3o v\u00ea motivos para n\u00e3o dar continuidade \u00e0 compra\" fetchpriority=high \/>\n\t\t\t<\/picture>\n\n\t\t\t<figcaption class=\"wp-caption-text wp-caption-text--hide\">Enel faz proposta de R$ 11,5 bilh\u00f5es por rede de fibra da Oi<\/figcaption>\n\t\t<\/figure>\n\t<\/div>\n\n\n\n<p>Ap\u00f3s a reuni\u00e3o, o banco divulgou um relat\u00f3rio, assinado pela analista Maria Tereza Azevedo, o qual diz que \u201ca administra\u00e7\u00e3o da TIM n\u00e3o v\u00ea um bom motivo para n\u00e3o avan\u00e7ar com a potencial consolida\u00e7\u00e3o do setor neste momento\u201d. Em 11 de mar\u00e7o deste ano, a subsidi\u00e1ria italiana e a <a href=\"https:\/\/www.suno.com.br\/acoes\/vivt3\/\"><strong>Telef\u00f4nica<\/strong> (VIVT3)<\/a>, controladora da Vivo, demonstraram interesse em iniciar as negocia\u00e7\u00f5es para dividirem os ativos da Oi M\u00f3vel.<\/p>\n<p><a href=\"https:\/\/lp.suno.com.br\/suno-one\/\">Garanta acesso ao Suno One, a central de informa\u00e7\u00f5es para quem quer aprender a investir. Acesse gratuitamente clicando aqui.<\/a><\/p>\n<p>Segundo o <a href=\"https:\/\/www.suno.com.br\/artigos\/fato-relevante\/\">fato relevante<\/a>, as companhias ficariam com uma parcela do neg\u00f3cio, caso esse se concretizasse. Al\u00e9m disso, o documento indica como &#8220;a transa\u00e7\u00e3o, se concretizada, criar\u00e1 valor a nossos acionistas e clientes atrav\u00e9s de maior crescimento, gera\u00e7\u00e3o de efici\u00eancias operacionais e melhorias na qualidade do servi\u00e7o. Al\u00e9m disso, contribuir\u00e1 para o desenvolvimento da competitividade do <strong>setor de telecomunica\u00e7\u00f5es<\/strong> brasileiro&#8221;.<\/p>\n<p>\u00c0 \u00e9poca, Labriola disse, em um comunicado interno, que a negocia\u00e7\u00e3o ser\u00e1 longa e sujeita \u00e0 revis\u00e3o dos \u00f3rg\u00e3os reguladores do mercado das telecomunica\u00e7\u00f5es no Brasil.<\/p>\n<p>Segundo especula\u00e7\u00f5es do mercado, a TIM dever\u00e1 ficar com cerca de 60% a 70% dos <a href=\"https:\/\/www.youtube.com\/watch?v=9gY8U1U0OlY\">ativos da Oi M\u00f3vel<\/a> que, de acordo com uma estimativa divulgada pelo banco <strong>Credit Suisse<\/strong> na \u00faltima quarta-feira (15), est\u00e3o avaliados em R$ 15 bilh\u00f5es.<\/p>\n<p>O relat\u00f3rio revela que &#8220;com um forte balan\u00e7o patrimonial, o CEO da TIM espera que uma potencial consolida\u00e7\u00e3o no mercado envolvendo os ativos da Oi (iniciada em mar\u00e7o com o interesse p\u00fablico da TIM\/Vivo) provavelmente aconte\u00e7a em 2020, e ele descarta um cen\u00e1rio de guerra de ofertas\u201d.<\/p>\n<p>Embora n\u00e3o considere que o <a href=\"https:\/\/www.suno.com.br\/noticias\/?s=coronav%C3%ADrus\">coronav\u00edrus<\/a> v\u00e1 fazer com que as negocia\u00e7\u00f5es sobre a <strong>Oi<\/strong> emperrem, Labriola disse ao Santander que os impactos da pandemia depender\u00e3o da amplitude das medidas de isolamento social em prol da conten\u00e7\u00e3o da dissemina\u00e7\u00e3o da doen\u00e7a. No relat\u00f3rio, Azevedo reitera que as atividades do segmento pr\u00e9-pago da empresa ca\u00edram entre 20% e 30% desde o in\u00edcio de mar\u00e7o.<\/p>\n\n","protected":false},"excerpt":{"rendered":"<p>Segundo a TIM (TIMP3), mesmo com os impactos econ\u00f4micos do novo coronav\u00edrus (Covid-19), n\u00e3o h\u00e1 raz\u00f5es para n\u00e3o dar continuidade ao processo de compra parcial da Oi (OIBR3). A declara\u00e7\u00e3o foi realizada pelo CEO da companhia, Pietro Labriola, em reuni\u00e3o com os analistas do setor do Santander (SANB3) na \u00faltima semana. Enel faz proposta de [&hellip;]<\/p>\n","protected":false},"author":24,"featured_media":35803,"comment_status":"closed","ping_status":"closed","sticky":false,"template":"","format":"standard","meta":[],"categories":[64],"tags":[584,659,663],"suno_strategy":[],"class_list":["post-61948","post","type-post","status-publish","format-standard","has-post-thumbnail","hentry","category-negocios","tag-oi-oibr3-oibr4","tag-telefonica-vivt3","tag-tim-tims3"],"yoast_head":"<!-- This site is optimized with the Yoast SEO plugin v24.4 - https:\/\/yoast.com\/wordpress\/plugins\/seo\/ -->\n<title>Oi (OIBR3): TIM n\u00e3o v\u00ea motivos para n\u00e3o dar continuidade \u00e0 compra<\/title>\n<meta name=\"description\" content=\"Segundo a TIM, mesmo com os impactos do coronav\u00edrus, n\u00e3o h\u00e1 raz\u00f5es para n\u00e3o dar continuidade ao processo de compra parcial da Oi. Saiba mais.\" \/>\n<meta name=\"robots\" content=\"index, follow, max-snippet:-1, max-image-preview:large, max-video-preview:-1\" \/>\n<link rel=\"canonical\" href=\"https:\/\/www.suno.com.br\/noticias\/tim-nao-ve-motivos-para-nao-dar-continuidade-compra-da-oi-oibr3\/\" \/>\n<meta property=\"og:locale\" content=\"pt_BR\" \/>\n<meta property=\"og:type\" content=\"article\" \/>\n<meta property=\"og:title\" content=\"Oi (OIBR3): TIM n\u00e3o v\u00ea motivos para n\u00e3o dar continuidade \u00e0 compra\" \/>\n<meta property=\"og:description\" content=\"Segundo a TIM, mesmo com os impactos do coronav\u00edrus, n\u00e3o h\u00e1 raz\u00f5es para n\u00e3o dar continuidade ao processo de compra parcial da Oi. Saiba mais.\" \/>\n<meta property=\"og:url\" content=\"https:\/\/www.suno.com.br\/noticias\/tim-nao-ve-motivos-para-nao-dar-continuidade-compra-da-oi-oibr3\/\" \/>\n<meta property=\"og:site_name\" content=\"Suno Not\u00edcias\" \/>\n<meta property=\"article:publisher\" content=\"https:\/\/facebook.com\/sunoresearch\" \/>\n<meta property=\"og:image\" content=\"https:\/\/files.sunoresearch.com.br\/n\/uploads\/2019\/08\/391f8501-oi.jpg\" \/>\n\t<meta property=\"og:image:width\" content=\"3342\" \/>\n\t<meta property=\"og:image:height\" content=\"2231\" \/>\n\t<meta property=\"og:image:type\" content=\"image\/jpeg\" \/>\n<meta name=\"author\" content=\"Jader Lazarini\" \/>\n<meta name=\"twitter:card\" content=\"summary_large_image\" \/>\n<meta name=\"twitter:creator\" content=\"@sunoresearch\" \/>\n<meta name=\"twitter:site\" content=\"@sunoresearch\" \/>\n<meta name=\"twitter:label1\" content=\"Escrito por\" \/>\n\t<meta name=\"twitter:data1\" content=\"Jader Lazarini\" \/>\n\t<meta name=\"twitter:label2\" content=\"Est. tempo de leitura\" \/>\n\t<meta name=\"twitter:data2\" content=\"2 minutos\" \/>\n<script type=\"application\/ld+json\" class=\"yoast-schema-graph\">{\"@context\":\"https:\/\/schema.org\",\"@graph\":[{\"@type\":\"NewsArticle\",\"@id\":\"https:\/\/www.suno.com.br\/noticias\/tim-nao-ve-motivos-para-nao-dar-continuidade-compra-da-oi-oibr3\/#article\",\"isPartOf\":{\"@id\":\"https:\/\/www.suno.com.br\/noticias\/tim-nao-ve-motivos-para-nao-dar-continuidade-compra-da-oi-oibr3\/\"},\"author\":{\"name\":\"Jader Lazarini\",\"@id\":\"https:\/\/www.suno.com.br\/noticias\/#\/schema\/person\/918d79de1f0281f01599b93f9ea6e23f\"},\"headline\":\"Oi (OIBR3): TIM n\u00e3o v\u00ea motivos para n\u00e3o dar continuidade \u00e0 compra\",\"datePublished\":\"2020-04-19T14:11:39+00:00\",\"dateModified\":\"2021-05-31T02:20:18+00:00\",\"mainEntityOfPage\":{\"@id\":\"https:\/\/www.suno.com.br\/noticias\/tim-nao-ve-motivos-para-nao-dar-continuidade-compra-da-oi-oibr3\/\"},\"wordCount\":442,\"publisher\":{\"@id\":\"https:\/\/www.suno.com.br\/noticias\/#organization\"},\"image\":{\"@id\":\"https:\/\/www.suno.com.br\/noticias\/tim-nao-ve-motivos-para-nao-dar-continuidade-compra-da-oi-oibr3\/#primaryimage\"},\"thumbnailUrl\":\"https:\/\/files.sunoresearch.com.br\/n\/uploads\/2019\/08\/391f8501-oi-scaled.webp\",\"keywords\":[\"Oi (OIBR3\/OIBR4)\",\"Telef\u00f4nica (VIVT3)\",\"TIM (TIMS3)\"],\"articleSection\":[\"Neg\u00f3cios\"],\"inLanguage\":\"pt-BR\"},{\"@type\":\"WebPage\",\"@id\":\"https:\/\/www.suno.com.br\/noticias\/tim-nao-ve-motivos-para-nao-dar-continuidade-compra-da-oi-oibr3\/\",\"url\":\"https:\/\/www.suno.com.br\/noticias\/tim-nao-ve-motivos-para-nao-dar-continuidade-compra-da-oi-oibr3\/\",\"name\":\"Oi (OIBR3): TIM n\u00e3o v\u00ea motivos para n\u00e3o dar continuidade \u00e0 compra\",\"isPartOf\":{\"@id\":\"https:\/\/www.suno.com.br\/noticias\/#website\"},\"primaryImageOfPage\":{\"@id\":\"https:\/\/www.suno.com.br\/noticias\/tim-nao-ve-motivos-para-nao-dar-continuidade-compra-da-oi-oibr3\/#primaryimage\"},\"image\":{\"@id\":\"https:\/\/www.suno.com.br\/noticias\/tim-nao-ve-motivos-para-nao-dar-continuidade-compra-da-oi-oibr3\/#primaryimage\"},\"thumbnailUrl\":\"https:\/\/files.sunoresearch.com.br\/n\/uploads\/2019\/08\/391f8501-oi-scaled.webp\",\"datePublished\":\"2020-04-19T14:11:39+00:00\",\"dateModified\":\"2021-05-31T02:20:18+00:00\",\"description\":\"Segundo a TIM, mesmo com os impactos do coronav\u00edrus, n\u00e3o h\u00e1 raz\u00f5es para n\u00e3o dar continuidade ao processo de compra parcial da Oi. Saiba mais.\",\"breadcrumb\":{\"@id\":\"https:\/\/www.suno.com.br\/noticias\/tim-nao-ve-motivos-para-nao-dar-continuidade-compra-da-oi-oibr3\/#breadcrumb\"},\"inLanguage\":\"pt-BR\",\"potentialAction\":[{\"@type\":\"ReadAction\",\"target\":[\"https:\/\/www.suno.com.br\/noticias\/tim-nao-ve-motivos-para-nao-dar-continuidade-compra-da-oi-oibr3\/\"]}]},{\"@type\":\"ImageObject\",\"inLanguage\":\"pt-BR\",\"@id\":\"https:\/\/www.suno.com.br\/noticias\/tim-nao-ve-motivos-para-nao-dar-continuidade-compra-da-oi-oibr3\/#primaryimage\",\"url\":\"https:\/\/files.sunoresearch.com.br\/n\/uploads\/2019\/08\/391f8501-oi-scaled.webp\",\"contentUrl\":\"https:\/\/files.sunoresearch.com.br\/n\/uploads\/2019\/08\/391f8501-oi-scaled.webp\",\"width\":2560,\"height\":1709,\"caption\":\"Enel faz proposta de R$ 11,5 bilh\u00f5es por rede de fibra da Oi\"},{\"@type\":\"BreadcrumbList\",\"@id\":\"https:\/\/www.suno.com.br\/noticias\/tim-nao-ve-motivos-para-nao-dar-continuidade-compra-da-oi-oibr3\/#breadcrumb\",\"itemListElement\":[{\"@type\":\"ListItem\",\"position\":1,\"name\":\"Not\u00edcias\",\"item\":\"https:\/\/www.suno.com.br\/noticias\/\"},{\"@type\":\"ListItem\",\"position\":2,\"name\":\"Neg\u00f3cios\",\"item\":\"https:\/\/www.suno.com.br\/noticias\/negocios\/\"},{\"@type\":\"ListItem\",\"position\":3,\"name\":\"Oi (OIBR3): TIM n\u00e3o v\u00ea motivos para n\u00e3o dar continuidade \u00e0 compra\"}]},{\"@type\":\"WebSite\",\"@id\":\"https:\/\/www.suno.com.br\/noticias\/#website\",\"url\":\"https:\/\/www.suno.com.br\/noticias\/\",\"name\":\"Suno Not\u00edcias\",\"description\":\"Seu portal de informa\u00e7\u00e3o sobre o mundo dos investimentos\",\"publisher\":{\"@id\":\"https:\/\/www.suno.com.br\/noticias\/#organization\"},\"potentialAction\":[{\"@type\":\"SearchAction\",\"target\":{\"@type\":\"EntryPoint\",\"urlTemplate\":\"https:\/\/www.suno.com.br\/noticias\/?s={search_term_string}\"},\"query-input\":{\"@type\":\"PropertyValueSpecification\",\"valueRequired\":true,\"valueName\":\"search_term_string\"}}],\"inLanguage\":\"pt-BR\"},{\"@type\":\"Organization\",\"@id\":\"https:\/\/www.suno.com.br\/noticias\/#organization\",\"name\":\"Suno Not\u00edcias\",\"url\":\"https:\/\/www.suno.com.br\/noticias\/\",\"logo\":{\"@type\":\"ImageObject\",\"inLanguage\":\"pt-BR\",\"@id\":\"https:\/\/www.suno.com.br\/noticias\/#\/schema\/logo\/image\/\",\"url\":\"https:\/\/files.sunoresearch.com.br\/n\/uploads\/2021\/09\/suno-logo.png\",\"contentUrl\":\"https:\/\/files.sunoresearch.com.br\/n\/uploads\/2021\/09\/suno-logo.png\",\"width\":180,\"height\":180,\"caption\":\"Suno Not\u00edcias\"},\"image\":{\"@id\":\"https:\/\/www.suno.com.br\/noticias\/#\/schema\/logo\/image\/\"},\"sameAs\":[\"https:\/\/facebook.com\/sunoresearch\",\"https:\/\/x.com\/sunoresearch\",\"https:\/\/www.instagram.com\/suno\",\"https:\/\/www.linkedin.com\/company\/suno-research\/\",\"https:\/\/www.youtube.com\/c\/sunoresearch\"]},{\"@type\":\"Person\",\"@id\":\"https:\/\/www.suno.com.br\/noticias\/#\/schema\/person\/918d79de1f0281f01599b93f9ea6e23f\",\"name\":\"Jader Lazarini\",\"image\":{\"@type\":\"ImageObject\",\"inLanguage\":\"pt-BR\",\"@id\":\"https:\/\/www.suno.com.br\/noticias\/#\/schema\/person\/image\/\",\"url\":\"https:\/\/secure.gravatar.com\/avatar\/3c1ad8caa51589841baeb923fcddea97?s=96&r=g\",\"contentUrl\":\"https:\/\/secure.gravatar.com\/avatar\/3c1ad8caa51589841baeb923fcddea97?s=96&r=g\",\"caption\":\"Jader Lazarini\"},\"description\":\"Jader Lazarini escreve sobre investimentos, finan\u00e7as, economia e neg\u00f3cios. \u00c9 bacharel em Rela\u00e7\u00f5es Internacionais e analista CNPI (2619).\",\"url\":\"https:\/\/www.suno.com.br\/noticias\/author\/jader-lazarini\/\"}]}<\/script>\n<!-- \/ Yoast SEO plugin. -->","yoast_head_json":{"title":"Oi (OIBR3): TIM n\u00e3o v\u00ea motivos para n\u00e3o dar continuidade \u00e0 compra","description":"Segundo a TIM, mesmo com os impactos do coronav\u00edrus, n\u00e3o h\u00e1 raz\u00f5es para n\u00e3o dar continuidade ao processo de compra parcial da Oi. Saiba mais.","robots":{"index":"index","follow":"follow","max-snippet":"max-snippet:-1","max-image-preview":"max-image-preview:large","max-video-preview":"max-video-preview:-1"},"canonical":"https:\/\/www.suno.com.br\/noticias\/tim-nao-ve-motivos-para-nao-dar-continuidade-compra-da-oi-oibr3\/","og_locale":"pt_BR","og_type":"article","og_title":"Oi (OIBR3): TIM n\u00e3o v\u00ea motivos para n\u00e3o dar continuidade \u00e0 compra","og_description":"Segundo a TIM, mesmo com os impactos do coronav\u00edrus, n\u00e3o h\u00e1 raz\u00f5es para n\u00e3o dar continuidade ao processo de compra parcial da Oi. Saiba mais.","og_url":"https:\/\/www.suno.com.br\/noticias\/tim-nao-ve-motivos-para-nao-dar-continuidade-compra-da-oi-oibr3\/","og_site_name":"Suno Not\u00edcias","article_publisher":"https:\/\/facebook.com\/sunoresearch","og_image":[{"width":3342,"height":2231,"url":"https:\/\/files.sunoresearch.com.br\/n\/uploads\/2019\/08\/391f8501-oi.jpg","type":"image\/jpeg"}],"author":"Jader Lazarini","twitter_card":"summary_large_image","twitter_creator":"@sunoresearch","twitter_site":"@sunoresearch","twitter_misc":{"Escrito por":"Jader Lazarini","Est. tempo de leitura":"2 minutos"},"schema":{"@context":"https:\/\/schema.org","@graph":[{"@type":"NewsArticle","@id":"https:\/\/www.suno.com.br\/noticias\/tim-nao-ve-motivos-para-nao-dar-continuidade-compra-da-oi-oibr3\/#article","isPartOf":{"@id":"https:\/\/www.suno.com.br\/noticias\/tim-nao-ve-motivos-para-nao-dar-continuidade-compra-da-oi-oibr3\/"},"author":{"name":"Jader Lazarini","@id":"https:\/\/www.suno.com.br\/noticias\/#\/schema\/person\/918d79de1f0281f01599b93f9ea6e23f"},"headline":"Oi (OIBR3): TIM n\u00e3o v\u00ea motivos para n\u00e3o dar continuidade \u00e0 compra","datePublished":"2020-04-19T14:11:39+00:00","dateModified":"2021-05-31T02:20:18+00:00","mainEntityOfPage":{"@id":"https:\/\/www.suno.com.br\/noticias\/tim-nao-ve-motivos-para-nao-dar-continuidade-compra-da-oi-oibr3\/"},"wordCount":442,"publisher":{"@id":"https:\/\/www.suno.com.br\/noticias\/#organization"},"image":{"@id":"https:\/\/www.suno.com.br\/noticias\/tim-nao-ve-motivos-para-nao-dar-continuidade-compra-da-oi-oibr3\/#primaryimage"},"thumbnailUrl":"https:\/\/files.sunoresearch.com.br\/n\/uploads\/2019\/08\/391f8501-oi-scaled.webp","keywords":["Oi (OIBR3\/OIBR4)","Telef\u00f4nica (VIVT3)","TIM (TIMS3)"],"articleSection":["Neg\u00f3cios"],"inLanguage":"pt-BR"},{"@type":"WebPage","@id":"https:\/\/www.suno.com.br\/noticias\/tim-nao-ve-motivos-para-nao-dar-continuidade-compra-da-oi-oibr3\/","url":"https:\/\/www.suno.com.br\/noticias\/tim-nao-ve-motivos-para-nao-dar-continuidade-compra-da-oi-oibr3\/","name":"Oi (OIBR3): TIM n\u00e3o v\u00ea motivos para n\u00e3o dar continuidade \u00e0 compra","isPartOf":{"@id":"https:\/\/www.suno.com.br\/noticias\/#website"},"primaryImageOfPage":{"@id":"https:\/\/www.suno.com.br\/noticias\/tim-nao-ve-motivos-para-nao-dar-continuidade-compra-da-oi-oibr3\/#primaryimage"},"image":{"@id":"https:\/\/www.suno.com.br\/noticias\/tim-nao-ve-motivos-para-nao-dar-continuidade-compra-da-oi-oibr3\/#primaryimage"},"thumbnailUrl":"https:\/\/files.sunoresearch.com.br\/n\/uploads\/2019\/08\/391f8501-oi-scaled.webp","datePublished":"2020-04-19T14:11:39+00:00","dateModified":"2021-05-31T02:20:18+00:00","description":"Segundo a TIM, mesmo com os impactos do coronav\u00edrus, n\u00e3o h\u00e1 raz\u00f5es para n\u00e3o dar continuidade ao processo de compra parcial da Oi. Saiba mais.","breadcrumb":{"@id":"https:\/\/www.suno.com.br\/noticias\/tim-nao-ve-motivos-para-nao-dar-continuidade-compra-da-oi-oibr3\/#breadcrumb"},"inLanguage":"pt-BR","potentialAction":[{"@type":"ReadAction","target":["https:\/\/www.suno.com.br\/noticias\/tim-nao-ve-motivos-para-nao-dar-continuidade-compra-da-oi-oibr3\/"]}]},{"@type":"ImageObject","inLanguage":"pt-BR","@id":"https:\/\/www.suno.com.br\/noticias\/tim-nao-ve-motivos-para-nao-dar-continuidade-compra-da-oi-oibr3\/#primaryimage","url":"https:\/\/files.sunoresearch.com.br\/n\/uploads\/2019\/08\/391f8501-oi-scaled.webp","contentUrl":"https:\/\/files.sunoresearch.com.br\/n\/uploads\/2019\/08\/391f8501-oi-scaled.webp","width":2560,"height":1709,"caption":"Enel faz proposta de R$ 11,5 bilh\u00f5es por rede de fibra da Oi"},{"@type":"BreadcrumbList","@id":"https:\/\/www.suno.com.br\/noticias\/tim-nao-ve-motivos-para-nao-dar-continuidade-compra-da-oi-oibr3\/#breadcrumb","itemListElement":[{"@type":"ListItem","position":1,"name":"Not\u00edcias","item":"https:\/\/www.suno.com.br\/noticias\/"},{"@type":"ListItem","position":2,"name":"Neg\u00f3cios","item":"https:\/\/www.suno.com.br\/noticias\/negocios\/"},{"@type":"ListItem","position":3,"name":"Oi (OIBR3): TIM n\u00e3o v\u00ea motivos para n\u00e3o dar continuidade \u00e0 compra"}]},{"@type":"WebSite","@id":"https:\/\/www.suno.com.br\/noticias\/#website","url":"https:\/\/www.suno.com.br\/noticias\/","name":"Suno Not\u00edcias","description":"Seu portal de informa\u00e7\u00e3o sobre o mundo dos investimentos","publisher":{"@id":"https:\/\/www.suno.com.br\/noticias\/#organization"},"potentialAction":[{"@type":"SearchAction","target":{"@type":"EntryPoint","urlTemplate":"https:\/\/www.suno.com.br\/noticias\/?s={search_term_string}"},"query-input":{"@type":"PropertyValueSpecification","valueRequired":true,"valueName":"search_term_string"}}],"inLanguage":"pt-BR"},{"@type":"Organization","@id":"https:\/\/www.suno.com.br\/noticias\/#organization","name":"Suno Not\u00edcias","url":"https:\/\/www.suno.com.br\/noticias\/","logo":{"@type":"ImageObject","inLanguage":"pt-BR","@id":"https:\/\/www.suno.com.br\/noticias\/#\/schema\/logo\/image\/","url":"https:\/\/files.sunoresearch.com.br\/n\/uploads\/2021\/09\/suno-logo.png","contentUrl":"https:\/\/files.sunoresearch.com.br\/n\/uploads\/2021\/09\/suno-logo.png","width":180,"height":180,"caption":"Suno Not\u00edcias"},"image":{"@id":"https:\/\/www.suno.com.br\/noticias\/#\/schema\/logo\/image\/"},"sameAs":["https:\/\/facebook.com\/sunoresearch","https:\/\/x.com\/sunoresearch","https:\/\/www.instagram.com\/suno","https:\/\/www.linkedin.com\/company\/suno-research\/","https:\/\/www.youtube.com\/c\/sunoresearch"]},{"@type":"Person","@id":"https:\/\/www.suno.com.br\/noticias\/#\/schema\/person\/918d79de1f0281f01599b93f9ea6e23f","name":"Jader Lazarini","image":{"@type":"ImageObject","inLanguage":"pt-BR","@id":"https:\/\/www.suno.com.br\/noticias\/#\/schema\/person\/image\/","url":"https:\/\/secure.gravatar.com\/avatar\/3c1ad8caa51589841baeb923fcddea97?s=96&r=g","contentUrl":"https:\/\/secure.gravatar.com\/avatar\/3c1ad8caa51589841baeb923fcddea97?s=96&r=g","caption":"Jader Lazarini"},"description":"Jader Lazarini escreve sobre investimentos, finan\u00e7as, economia e neg\u00f3cios. \u00c9 bacharel em Rela\u00e7\u00f5es Internacionais e analista CNPI (2619).","url":"https:\/\/www.suno.com.br\/noticias\/author\/jader-lazarini\/"}]}},"default_loop_html":"<div class=\"cardsPage__listCard__boxs\"><div class=\"cardsPage__listCard__boxs__img\"><a href=\"https:\/\/www.suno.com.br\/noticias\/tim-nao-ve-motivos-para-nao-dar-continuidade-compra-da-oi-oibr3\/\"><img class=\"mask\" src=\"https:\/\/www.suno.com.br\/noticias\/wp-content\/themes\/suno\/resources\/images\/spotlight\/spotlight1img\/bg-mask.png\" alt=\"Image Mask\"\/><img src=\"https:\/\/files.sunoresearch.com.br\/n\/uploads\/2019\/08\/391f8501-oi-400x200.webp\" alt=\"Oi (OIBR3): TIM n\u00e3o v\u00ea motivos para n\u00e3o dar continuidade \u00e0 compra\"\/><\/a><span class=\"spotlightCategory\"><a href=\"https:\/\/www.suno.com.br\/noticias\/negocios\/\">Neg\u00f3cios<\/a><\/span><\/div><div class=\"cardsPage__listCard__boxs__content\"><a href=\"https:\/\/www.suno.com.br\/noticias\/tim-nao-ve-motivos-para-nao-dar-continuidade-compra-da-oi-oibr3\/\"><h2 class=\"content__title\">Oi (OIBR3): TIM n\u00e3o v\u00ea motivos para n\u00e3o dar continuidade \u00e0 compra<\/h2><\/a><div class=\"newsContent__article__meta\"><div class=\"newsContent__article__meta__authorBox\"><a href=\"https:\/\/www.suno.com.br\/noticias\/author\/jader-lazarini\/\" class=\"authorBox__avatar noMobi\"><img src=\"https:\/\/files.sunoresearch.com.br\/n\/uploads\/2021\/01\/178e6598-foto-perfil-2-150x150.jpg\" alt=\"Jader Lazarini\"><\/a><div class=\"authorBox__name\"><span>por\n\t\t\t<a href=\"https:\/\/www.suno.com.br\/noticias\/author\/jader-lazarini\/\"><span itemprop=\"author\">Jader Lazarini<\/span><\/a><\/span><time datetime=\"2020-04-19T11:11:39-03:00\" itemprop=\"datePublished\">19\/04\/2020 11:11<\/time><\/div><\/div><\/div><\/div><\/div>","single_layout":"posts","amp_enabled":true,"_links":{"self":[{"href":"https:\/\/www.suno.com.br\/noticias\/wp-json\/wp\/v2\/posts\/61948"}],"collection":[{"href":"https:\/\/www.suno.com.br\/noticias\/wp-json\/wp\/v2\/posts"}],"about":[{"href":"https:\/\/www.suno.com.br\/noticias\/wp-json\/wp\/v2\/types\/post"}],"author":[{"embeddable":true,"href":"https:\/\/www.suno.com.br\/noticias\/wp-json\/wp\/v2\/users\/24"}],"replies":[{"embeddable":true,"href":"https:\/\/www.suno.com.br\/noticias\/wp-json\/wp\/v2\/comments?post=61948"}],"version-history":[{"count":1,"href":"https:\/\/www.suno.com.br\/noticias\/wp-json\/wp\/v2\/posts\/61948\/revisions"}],"predecessor-version":[{"id":152700,"href":"https:\/\/www.suno.com.br\/noticias\/wp-json\/wp\/v2\/posts\/61948\/revisions\/152700"}],"wp:featuredmedia":[{"embeddable":true,"href":"https:\/\/www.suno.com.br\/noticias\/wp-json\/wp\/v2\/media\/35803"}],"wp:attachment":[{"href":"https:\/\/www.suno.com.br\/noticias\/wp-json\/wp\/v2\/media?parent=61948"}],"wp:term":[{"taxonomy":"category","embeddable":true,"href":"https:\/\/www.suno.com.br\/noticias\/wp-json\/wp\/v2\/categories?post=61948"},{"taxonomy":"post_tag","embeddable":true,"href":"https:\/\/www.suno.com.br\/noticias\/wp-json\/wp\/v2\/tags?post=61948"},{"taxonomy":"suno_strategy","embeddable":true,"href":"https:\/\/www.suno.com.br\/noticias\/wp-json\/wp\/v2\/suno_strategy?post=61948"}],"curies":[{"name":"wp","href":"https:\/\/api.w.org\/{rel}","templated":true}]}}