{"id":61937,"date":"2020-04-18T20:11:06","date_gmt":"2020-04-18T23:11:06","guid":{"rendered":"https:\/\/www.suno.com.br\/noticias\/?p=61937"},"modified":"2020-04-18T20:11:06","modified_gmt":"2020-04-18T23:11:06","slug":"vale-corta-metas-producao-coronavirus","status":"publish","type":"post","link":"https:\/\/www.suno.com.br\/noticias\/vale-corta-metas-producao-coronavirus\/","title":{"rendered":"Vale corta metas de produ\u00e7\u00e3o para 2020 por causa do coronav\u00edrus"},"content":{"rendered":"<p>A <a href=\"https:\/\/www.suno.com.br\/acoes\/vale3\/\"><strong>Vale<\/strong> (VALE3<\/a>) informou neste s\u00e1bado (18) que a meta de produ\u00e7\u00e3o de min\u00e9rio de ferro de 2020 foi reduzida entre 310 milh\u00f5es e 330 milh\u00f5es de toneladas. No come\u00e7o do ano a mineradora projetava uma produ\u00e7\u00e3o anual entre 340 milh\u00f5es a 355 milh\u00f5es de toneladas.<\/p>\t<div class=\"wrapper-featured-image\">\n\t\t<figure class=\"spotlightImg\">\n\n\t\t\t<picture>\n\t\t\t\t<source media=\"(max-width: 768px)\" srcset=\"https:\/\/files.sunoresearch.com.br\/n\/uploads\/2019\/05\/38588c8d-valebrumadinho-6b2bd2a39970aaa6ad1180f36ecfec89-1200x600-400x200.webp\">\n\t\t\t\t<img loading=\"lazy\" decoding=\"async\" class=\"newsContent__article__imgCapa lazyloadDisabled newsContent__article__imgCapa--noCaption\" src=\"https:\/\/files.sunoresearch.com.br\/n\/uploads\/2019\/05\/38588c8d-valebrumadinho-6b2bd2a39970aaa6ad1180f36ecfec89-1200x600-800x450.webp\" width=\"800\" height=\"450\" alt=\"Vale corta metas de produ\u00e7\u00e3o para 2020 por causa do coronav\u00edrus\" fetchpriority=high \/>\n\t\t\t<\/picture>\n\n\t\t\t<figcaption class=\"wp-caption-text wp-caption-text--hide\">Destaques no pagamento de dividendos, Vale (VALE3) e Petrobras (PETR4) tiveram maior contribui\u00e7\u00e3o no ano de 2021 - Foto: Divulga\u00e7\u00e3o<\/figcaption>\n\t\t<\/figure>\n\t<\/div>\n\n\n\n<p>A Vale decidiu cortar a produ\u00e7\u00e3o por causa do resultado abaixo do esperado no primeiro trimestre. Al\u00e9m disso, a mineradora prev\u00ea atrasos na retomada de produ\u00e7\u00e3o em minas por causa dos efeitos da pandemia do novo <strong>coronav\u00edrus (covid-19).<\/strong><\/p>\n<p><a href=\"https:\/\/lp.suno.com.br\/suno-one\/\"><span data-sheets-value=\"{&quot;1&quot;:2,&quot;2&quot;:&quot;Garanta acesso ao Suno One, a central de informa\u00e7\u00f5es para quem quer aprender a investir. Acesse gratuitamente clicando aqui.&quot;}\" data-sheets-userformat=\"{&quot;2&quot;:513,&quot;3&quot;:{&quot;1&quot;:0},&quot;12&quot;:0}\">Veja tamb\u00e9m: Garanta acesso ao Suno One, a central de informa\u00e7\u00f5es para quem quer aprender a investir. Acesse gratuitamente clicando aqui.<\/span><\/a><\/p>\n<p>Em seu relat\u00f3rio trimestral, a Vale informou que a produ\u00e7\u00e3o de <strong>min\u00e9rio de ferro<\/strong> chegou a\u00a0 59,6 milh\u00f5es de toneladas entre janeiro e mar\u00e7o. Um valor que registrou uma queda de 18% em rela\u00e7\u00e3o ao ano anterior, e um recuo 23,9% em rela\u00e7\u00e3o ao quarto trimestre, ficando abaixo do guidance da empresa de 63 milh\u00f5es a 68 milh\u00f5es de toneladas respectivamente.<\/p>\n<p>Segundo a mineradora, o volume menor do que o esperado foi provocado principalmente por causa das perdas de 4,5 milh\u00f5es de toneladas no Sistema Norte. Uma contra\u00e7\u00e3o causada por manuten\u00e7\u00e3o n\u00e3o programada em equipamentos da mina gigante S11D, no Par\u00e1, al\u00e9m de condi\u00e7\u00f5es clim\u00e1ticas e restri\u00e7\u00f5es operacionais em Serra Norte.<\/p>\n<p>Uma outra perda, de 1,8 milh\u00e3o de toneladas, foi reportada no primeiro trimestre por causa das fortes chuvas no Sudeste. Assim como uma perda de 2,1 milh\u00f5es de toneladas foi registrada por quest\u00f5es operacionais no Sistema Sudeste, principalmente no Complexo de Itabira.<\/p>\n<p>O aumento gradual da produ\u00e7\u00e3o da mina S11D, que dever\u00e1 produzir cerca de 90 milh\u00f5es de toneladas em 2020, compensou somente em parte essa redu\u00e7\u00e3o da produ\u00e7\u00e3o.<\/p>\n<p>Por sua vez, as vendas de min\u00e9rio de ferro somaram 51,66 milh\u00f5es de toneladas entre janeiro e mar\u00e7o de 2020. Uma queda de 6,8% em rela\u00e7\u00e3o ao mesmo trimestre de 2019 e um recuo de 33,7% na compara\u00e7\u00e3o com o \u00faltimo trimestre de 2019.<\/p>\n<h2>Vale rev\u00ea para baixo a produ\u00e7\u00e3o para 2020<\/h2>\n<p>A produ\u00e7\u00e3o de <strong>pelotas<\/strong> chegou a de 6,9 milh\u00f5es de toneladas no primeiro trimestre, uma redu\u00e7\u00e3o de 26,4% em rela\u00e7\u00e3o ao quarto trimestre e de 43,1% em rela\u00e7\u00e3o ao primeiro trimestre de 2019.<\/p>\n<p><a href=\"https:\/\/www.suno.com.br\/noticias\/vale-registra-queda-producao-minerio\/\">Saiba mais: Vale (VALE3) apresenta queda de 18,2% na produ\u00e7\u00e3o de min\u00e9rio do 1T20<\/a><\/p>\n<p>A Vale tamb\u00e9m revisou para baixo a previs\u00e3o de produ\u00e7\u00e3o de pelotas para 2020, passando de 44 milh\u00f5es de toneladas a um total entre 35 milh\u00f5es a 40 milh\u00f5es de toneladas. Uma redu\u00e7\u00e3o provocada principalmente pela menor disponibilidade de feed de pelotas na planta de Brucutu. Al\u00e9m disso, as incertezas de curto prazo provocadas pela poss\u00edvel contra\u00e7\u00e3o da demanda internacional tamb\u00e9m pesaram na revis\u00e3o.<\/p>\n\t<p>\n\t\t<a href=\"https:\/\/lp.statusinvest.com.br\/ao\/assessoria-status-invest\/\" target=\"_blank\" data-element=\"shortcode-suno-banner\" title=\"Banner SUNO, clique e saiba mais\">\n\t\t\t<picture>\n\t\t\t\t<source media=\"(max-width: 500px)\" srcset=\"https:\/\/files.sunoresearch.com.br\/n\/uploads\/2024\/03\/400x300-Mobile-1.png\">\n\t\t\t\t<img class=\"newsContent__article__imgCapa newsContent__article__imgCapa--banner\"\n\t\t\t\t\tsrc=\"https:\/\/files.sunoresearch.com.br\/n\/uploads\/2024\/03\/1420-x-240-Desktop.png\"\n\t\t\t\t\tdata-promo-id=\"537299\"\t\t\t\t\t\t\t\t\t\twidth='1420' height='250'\t\t\t\t\talt=\"https:\/\/files.sunoresearch.com.br\/n\/uploads\/2024\/03\/1420-x-240-Desktop.png\"\n\t\t\t\t>\n\t\t\t<\/picture>\n\t\t<\/a>\n\t<\/p>\n\n\n<p>No caso da produ\u00e7\u00e3o de min\u00e9rio de ferro, a Vale prev\u00ea\u00a0 uma redu\u00e7\u00e3o por causa de atrasos na retomada de minas como Timbopeba e F\u00e1brica, que ficaram paralisadas por uma revis\u00e3o de seguran\u00e7a ap\u00f3s o rompimento da barragem de <strong>Brumadinho<\/strong> (MG), em janeiro de 2019.<\/p>\n<p>A pandemia de <strong>coronav\u00edrus<\/strong> \u201cvem atrasando os processos de inspe\u00e7\u00f5es, avalia\u00e7\u00f5es e autoriza\u00e7\u00f5es\u201d para a retomada de opera\u00e7\u00f5es, informou a <strong>Vale.<\/strong><\/p>\n\n","protected":false},"excerpt":{"rendered":"<p>A Vale (VALE3) informou neste s\u00e1bado (18) que a meta de produ\u00e7\u00e3o de min\u00e9rio de ferro de 2020 foi reduzida entre 310 milh\u00f5es e 330 milh\u00f5es de toneladas. No come\u00e7o do ano a mineradora projetava uma produ\u00e7\u00e3o anual entre 340 milh\u00f5es a 355 milh\u00f5es de toneladas. Destaques no pagamento de dividendos, Vale (VALE3) e Petrobras [&hellip;]<\/p>\n","protected":false},"author":9,"featured_media":23715,"comment_status":"closed","ping_status":"closed","sticky":false,"template":"","format":"standard","meta":[],"categories":[64],"tags":[825,676],"suno_strategy":[],"class_list":["post-61937","post","type-post","status-publish","format-standard","has-post-thumbnail","hentry","category-negocios","tag-minerio-de-ferro","tag-vale-vale3"],"yoast_head":"<!-- This site is optimized with the Yoast SEO plugin v24.4 - https:\/\/yoast.com\/wordpress\/plugins\/seo\/ -->\n<title>Vale corta metas de produ\u00e7\u00e3o para 2020 por causa do coronav\u00edrus<\/title>\n<meta name=\"description\" content=\"A Vale (VALE3) informou que a meta de produ\u00e7\u00e3o de min\u00e9rio de ferro de 2020 foi reduzida por causa do coronav\u00edrus. Clique aqui e saiba mais.\" \/>\n<meta name=\"robots\" content=\"index, follow, max-snippet:-1, max-image-preview:large, max-video-preview:-1\" \/>\n<link rel=\"canonical\" href=\"https:\/\/www.suno.com.br\/noticias\/vale-corta-metas-producao-coronavirus\/\" \/>\n<meta property=\"og:locale\" content=\"pt_BR\" \/>\n<meta property=\"og:type\" content=\"article\" \/>\n<meta property=\"og:title\" content=\"Vale corta metas de produ\u00e7\u00e3o para 2020 por causa do coronav\u00edrus\" \/>\n<meta property=\"og:description\" content=\"A Vale (VALE3) informou que a meta de produ\u00e7\u00e3o de min\u00e9rio de ferro de 2020 foi reduzida por causa do coronav\u00edrus. Clique aqui e saiba mais.\" \/>\n<meta property=\"og:url\" content=\"https:\/\/www.suno.com.br\/noticias\/vale-corta-metas-producao-coronavirus\/\" \/>\n<meta property=\"og:site_name\" content=\"Suno Not\u00edcias\" \/>\n<meta property=\"article:publisher\" content=\"https:\/\/facebook.com\/sunoresearch\" \/>\n<meta property=\"og:image\" content=\"https:\/\/files.sunoresearch.com.br\/n\/uploads\/2019\/05\/38588c8d-valebrumadinho-6b2bd2a39970aaa6ad1180f36ecfec89-1200x600.jpg\" \/>\n\t<meta property=\"og:image:width\" content=\"1200\" \/>\n\t<meta property=\"og:image:height\" content=\"600\" \/>\n\t<meta property=\"og:image:type\" content=\"image\/jpeg\" \/>\n<meta name=\"author\" content=\"Carlo Cauti\" \/>\n<meta name=\"twitter:card\" content=\"summary_large_image\" \/>\n<meta name=\"twitter:creator\" content=\"@sunoresearch\" \/>\n<meta name=\"twitter:site\" content=\"@sunoresearch\" \/>\n<meta name=\"twitter:label1\" content=\"Escrito por\" \/>\n\t<meta name=\"twitter:data1\" content=\"Carlo Cauti\" \/>\n\t<meta name=\"twitter:label2\" content=\"Est. tempo de leitura\" \/>\n\t<meta name=\"twitter:data2\" content=\"3 minutos\" \/>\n<script type=\"application\/ld+json\" class=\"yoast-schema-graph\">{\"@context\":\"https:\/\/schema.org\",\"@graph\":[{\"@type\":\"NewsArticle\",\"@id\":\"https:\/\/www.suno.com.br\/noticias\/vale-corta-metas-producao-coronavirus\/#article\",\"isPartOf\":{\"@id\":\"https:\/\/www.suno.com.br\/noticias\/vale-corta-metas-producao-coronavirus\/\"},\"author\":{\"name\":\"Carlo Cauti\",\"@id\":\"https:\/\/www.suno.com.br\/noticias\/#\/schema\/person\/e6e0f723cc177805027f4566c1d5e0c8\"},\"headline\":\"Vale corta metas de produ\u00e7\u00e3o para 2020 por causa do coronav\u00edrus\",\"datePublished\":\"2020-04-18T23:11:06+00:00\",\"mainEntityOfPage\":{\"@id\":\"https:\/\/www.suno.com.br\/noticias\/vale-corta-metas-producao-coronavirus\/\"},\"wordCount\":582,\"publisher\":{\"@id\":\"https:\/\/www.suno.com.br\/noticias\/#organization\"},\"image\":{\"@id\":\"https:\/\/www.suno.com.br\/noticias\/vale-corta-metas-producao-coronavirus\/#primaryimage\"},\"thumbnailUrl\":\"https:\/\/files.sunoresearch.com.br\/n\/uploads\/2019\/05\/38588c8d-valebrumadinho-6b2bd2a39970aaa6ad1180f36ecfec89-1200x600-jpg.webp\",\"keywords\":[\"min\u00e9rio de ferro\",\"Vale (VALE3)\"],\"articleSection\":[\"Neg\u00f3cios\"],\"inLanguage\":\"pt-BR\"},{\"@type\":\"WebPage\",\"@id\":\"https:\/\/www.suno.com.br\/noticias\/vale-corta-metas-producao-coronavirus\/\",\"url\":\"https:\/\/www.suno.com.br\/noticias\/vale-corta-metas-producao-coronavirus\/\",\"name\":\"Vale corta metas de produ\u00e7\u00e3o para 2020 por causa do coronav\u00edrus\",\"isPartOf\":{\"@id\":\"https:\/\/www.suno.com.br\/noticias\/#website\"},\"primaryImageOfPage\":{\"@id\":\"https:\/\/www.suno.com.br\/noticias\/vale-corta-metas-producao-coronavirus\/#primaryimage\"},\"image\":{\"@id\":\"https:\/\/www.suno.com.br\/noticias\/vale-corta-metas-producao-coronavirus\/#primaryimage\"},\"thumbnailUrl\":\"https:\/\/files.sunoresearch.com.br\/n\/uploads\/2019\/05\/38588c8d-valebrumadinho-6b2bd2a39970aaa6ad1180f36ecfec89-1200x600-jpg.webp\",\"datePublished\":\"2020-04-18T23:11:06+00:00\",\"description\":\"A Vale (VALE3) informou que a meta de produ\u00e7\u00e3o de min\u00e9rio de ferro de 2020 foi reduzida por causa do coronav\u00edrus. Clique aqui e saiba mais.\",\"breadcrumb\":{\"@id\":\"https:\/\/www.suno.com.br\/noticias\/vale-corta-metas-producao-coronavirus\/#breadcrumb\"},\"inLanguage\":\"pt-BR\",\"potentialAction\":[{\"@type\":\"ReadAction\",\"target\":[\"https:\/\/www.suno.com.br\/noticias\/vale-corta-metas-producao-coronavirus\/\"]}]},{\"@type\":\"ImageObject\",\"inLanguage\":\"pt-BR\",\"@id\":\"https:\/\/www.suno.com.br\/noticias\/vale-corta-metas-producao-coronavirus\/#primaryimage\",\"url\":\"https:\/\/files.sunoresearch.com.br\/n\/uploads\/2019\/05\/38588c8d-valebrumadinho-6b2bd2a39970aaa6ad1180f36ecfec89-1200x600-jpg.webp\",\"contentUrl\":\"https:\/\/files.sunoresearch.com.br\/n\/uploads\/2019\/05\/38588c8d-valebrumadinho-6b2bd2a39970aaa6ad1180f36ecfec89-1200x600-jpg.webp\",\"width\":1200,\"height\":600,\"caption\":\"Destaques no pagamento de dividendos, Vale (VALE3) e Petrobras (PETR4) tiveram maior contribui\u00e7\u00e3o no ano de 2021 - Foto: Divulga\u00e7\u00e3o\"},{\"@type\":\"BreadcrumbList\",\"@id\":\"https:\/\/www.suno.com.br\/noticias\/vale-corta-metas-producao-coronavirus\/#breadcrumb\",\"itemListElement\":[{\"@type\":\"ListItem\",\"position\":1,\"name\":\"Not\u00edcias\",\"item\":\"https:\/\/www.suno.com.br\/noticias\/\"},{\"@type\":\"ListItem\",\"position\":2,\"name\":\"Neg\u00f3cios\",\"item\":\"https:\/\/www.suno.com.br\/noticias\/negocios\/\"},{\"@type\":\"ListItem\",\"position\":3,\"name\":\"Vale corta metas de produ\u00e7\u00e3o para 2020 por causa do coronav\u00edrus\"}]},{\"@type\":\"WebSite\",\"@id\":\"https:\/\/www.suno.com.br\/noticias\/#website\",\"url\":\"https:\/\/www.suno.com.br\/noticias\/\",\"name\":\"Suno Not\u00edcias\",\"description\":\"Seu portal de informa\u00e7\u00e3o sobre o mundo dos investimentos\",\"publisher\":{\"@id\":\"https:\/\/www.suno.com.br\/noticias\/#organization\"},\"potentialAction\":[{\"@type\":\"SearchAction\",\"target\":{\"@type\":\"EntryPoint\",\"urlTemplate\":\"https:\/\/www.suno.com.br\/noticias\/?s={search_term_string}\"},\"query-input\":{\"@type\":\"PropertyValueSpecification\",\"valueRequired\":true,\"valueName\":\"search_term_string\"}}],\"inLanguage\":\"pt-BR\"},{\"@type\":\"Organization\",\"@id\":\"https:\/\/www.suno.com.br\/noticias\/#organization\",\"name\":\"Suno Not\u00edcias\",\"url\":\"https:\/\/www.suno.com.br\/noticias\/\",\"logo\":{\"@type\":\"ImageObject\",\"inLanguage\":\"pt-BR\",\"@id\":\"https:\/\/www.suno.com.br\/noticias\/#\/schema\/logo\/image\/\",\"url\":\"https:\/\/files.sunoresearch.com.br\/n\/uploads\/2021\/09\/suno-logo.png\",\"contentUrl\":\"https:\/\/files.sunoresearch.com.br\/n\/uploads\/2021\/09\/suno-logo.png\",\"width\":180,\"height\":180,\"caption\":\"Suno Not\u00edcias\"},\"image\":{\"@id\":\"https:\/\/www.suno.com.br\/noticias\/#\/schema\/logo\/image\/\"},\"sameAs\":[\"https:\/\/facebook.com\/sunoresearch\",\"https:\/\/x.com\/sunoresearch\",\"https:\/\/www.instagram.com\/suno\",\"https:\/\/www.linkedin.com\/company\/suno-research\/\",\"https:\/\/www.youtube.com\/c\/sunoresearch\"]},{\"@type\":\"Person\",\"@id\":\"https:\/\/www.suno.com.br\/noticias\/#\/schema\/person\/e6e0f723cc177805027f4566c1d5e0c8\",\"name\":\"Carlo Cauti\",\"image\":{\"@type\":\"ImageObject\",\"inLanguage\":\"pt-BR\",\"@id\":\"https:\/\/www.suno.com.br\/noticias\/#\/schema\/person\/image\/\",\"url\":\"https:\/\/secure.gravatar.com\/avatar\/3ada9e0bd164c23abd4792a9606d583c?s=96&r=g\",\"contentUrl\":\"https:\/\/secure.gravatar.com\/avatar\/3ada9e0bd164c23abd4792a9606d583c?s=96&r=g\",\"caption\":\"Carlo Cauti\"},\"description\":\"Editor multim\u00eddia do SUNO Not\u00edcias. Italiano, formado em Ci\u00eancias Pol\u00edticas pela universidade LUISS G. Carli de Roma e mestre cum laude em Rela\u00e7\u00f5es Internacionais, Jornalismo Internacional e de Guerra e em Economia Internacional. Concluiu tamb\u00e9m um MBA em Finan\u00e7as na B3. No Brasil, teve passagem por ve\u00edculos como Estad\u00e3o, Globo, Veja e EXAME. e nas ag\u00eancias de not\u00edcias italianas ANSA e NOVA.\",\"url\":\"https:\/\/www.suno.com.br\/noticias\/author\/carlo-cauti\/\"}]}<\/script>\n<!-- \/ Yoast SEO plugin. -->","yoast_head_json":{"title":"Vale corta metas de produ\u00e7\u00e3o para 2020 por causa do coronav\u00edrus","description":"A Vale (VALE3) informou que a meta de produ\u00e7\u00e3o de min\u00e9rio de ferro de 2020 foi reduzida por causa do coronav\u00edrus. Clique aqui e saiba mais.","robots":{"index":"index","follow":"follow","max-snippet":"max-snippet:-1","max-image-preview":"max-image-preview:large","max-video-preview":"max-video-preview:-1"},"canonical":"https:\/\/www.suno.com.br\/noticias\/vale-corta-metas-producao-coronavirus\/","og_locale":"pt_BR","og_type":"article","og_title":"Vale corta metas de produ\u00e7\u00e3o para 2020 por causa do coronav\u00edrus","og_description":"A Vale (VALE3) informou que a meta de produ\u00e7\u00e3o de min\u00e9rio de ferro de 2020 foi reduzida por causa do coronav\u00edrus. Clique aqui e saiba mais.","og_url":"https:\/\/www.suno.com.br\/noticias\/vale-corta-metas-producao-coronavirus\/","og_site_name":"Suno Not\u00edcias","article_publisher":"https:\/\/facebook.com\/sunoresearch","og_image":[{"width":1200,"height":600,"url":"https:\/\/files.sunoresearch.com.br\/n\/uploads\/2019\/05\/38588c8d-valebrumadinho-6b2bd2a39970aaa6ad1180f36ecfec89-1200x600.jpg","type":"image\/jpeg"}],"author":"Carlo Cauti","twitter_card":"summary_large_image","twitter_creator":"@sunoresearch","twitter_site":"@sunoresearch","twitter_misc":{"Escrito por":"Carlo Cauti","Est. tempo de leitura":"3 minutos"},"schema":{"@context":"https:\/\/schema.org","@graph":[{"@type":"NewsArticle","@id":"https:\/\/www.suno.com.br\/noticias\/vale-corta-metas-producao-coronavirus\/#article","isPartOf":{"@id":"https:\/\/www.suno.com.br\/noticias\/vale-corta-metas-producao-coronavirus\/"},"author":{"name":"Carlo Cauti","@id":"https:\/\/www.suno.com.br\/noticias\/#\/schema\/person\/e6e0f723cc177805027f4566c1d5e0c8"},"headline":"Vale corta metas de produ\u00e7\u00e3o para 2020 por causa do coronav\u00edrus","datePublished":"2020-04-18T23:11:06+00:00","mainEntityOfPage":{"@id":"https:\/\/www.suno.com.br\/noticias\/vale-corta-metas-producao-coronavirus\/"},"wordCount":582,"publisher":{"@id":"https:\/\/www.suno.com.br\/noticias\/#organization"},"image":{"@id":"https:\/\/www.suno.com.br\/noticias\/vale-corta-metas-producao-coronavirus\/#primaryimage"},"thumbnailUrl":"https:\/\/files.sunoresearch.com.br\/n\/uploads\/2019\/05\/38588c8d-valebrumadinho-6b2bd2a39970aaa6ad1180f36ecfec89-1200x600-jpg.webp","keywords":["min\u00e9rio de ferro","Vale (VALE3)"],"articleSection":["Neg\u00f3cios"],"inLanguage":"pt-BR"},{"@type":"WebPage","@id":"https:\/\/www.suno.com.br\/noticias\/vale-corta-metas-producao-coronavirus\/","url":"https:\/\/www.suno.com.br\/noticias\/vale-corta-metas-producao-coronavirus\/","name":"Vale corta metas de produ\u00e7\u00e3o para 2020 por causa do coronav\u00edrus","isPartOf":{"@id":"https:\/\/www.suno.com.br\/noticias\/#website"},"primaryImageOfPage":{"@id":"https:\/\/www.suno.com.br\/noticias\/vale-corta-metas-producao-coronavirus\/#primaryimage"},"image":{"@id":"https:\/\/www.suno.com.br\/noticias\/vale-corta-metas-producao-coronavirus\/#primaryimage"},"thumbnailUrl":"https:\/\/files.sunoresearch.com.br\/n\/uploads\/2019\/05\/38588c8d-valebrumadinho-6b2bd2a39970aaa6ad1180f36ecfec89-1200x600-jpg.webp","datePublished":"2020-04-18T23:11:06+00:00","description":"A Vale (VALE3) informou que a meta de produ\u00e7\u00e3o de min\u00e9rio de ferro de 2020 foi reduzida por causa do coronav\u00edrus. Clique aqui e saiba mais.","breadcrumb":{"@id":"https:\/\/www.suno.com.br\/noticias\/vale-corta-metas-producao-coronavirus\/#breadcrumb"},"inLanguage":"pt-BR","potentialAction":[{"@type":"ReadAction","target":["https:\/\/www.suno.com.br\/noticias\/vale-corta-metas-producao-coronavirus\/"]}]},{"@type":"ImageObject","inLanguage":"pt-BR","@id":"https:\/\/www.suno.com.br\/noticias\/vale-corta-metas-producao-coronavirus\/#primaryimage","url":"https:\/\/files.sunoresearch.com.br\/n\/uploads\/2019\/05\/38588c8d-valebrumadinho-6b2bd2a39970aaa6ad1180f36ecfec89-1200x600-jpg.webp","contentUrl":"https:\/\/files.sunoresearch.com.br\/n\/uploads\/2019\/05\/38588c8d-valebrumadinho-6b2bd2a39970aaa6ad1180f36ecfec89-1200x600-jpg.webp","width":1200,"height":600,"caption":"Destaques no pagamento de dividendos, Vale (VALE3) e Petrobras (PETR4) tiveram maior contribui\u00e7\u00e3o no ano de 2021 - Foto: Divulga\u00e7\u00e3o"},{"@type":"BreadcrumbList","@id":"https:\/\/www.suno.com.br\/noticias\/vale-corta-metas-producao-coronavirus\/#breadcrumb","itemListElement":[{"@type":"ListItem","position":1,"name":"Not\u00edcias","item":"https:\/\/www.suno.com.br\/noticias\/"},{"@type":"ListItem","position":2,"name":"Neg\u00f3cios","item":"https:\/\/www.suno.com.br\/noticias\/negocios\/"},{"@type":"ListItem","position":3,"name":"Vale corta metas de produ\u00e7\u00e3o para 2020 por causa do coronav\u00edrus"}]},{"@type":"WebSite","@id":"https:\/\/www.suno.com.br\/noticias\/#website","url":"https:\/\/www.suno.com.br\/noticias\/","name":"Suno Not\u00edcias","description":"Seu portal de informa\u00e7\u00e3o sobre o mundo dos investimentos","publisher":{"@id":"https:\/\/www.suno.com.br\/noticias\/#organization"},"potentialAction":[{"@type":"SearchAction","target":{"@type":"EntryPoint","urlTemplate":"https:\/\/www.suno.com.br\/noticias\/?s={search_term_string}"},"query-input":{"@type":"PropertyValueSpecification","valueRequired":true,"valueName":"search_term_string"}}],"inLanguage":"pt-BR"},{"@type":"Organization","@id":"https:\/\/www.suno.com.br\/noticias\/#organization","name":"Suno Not\u00edcias","url":"https:\/\/www.suno.com.br\/noticias\/","logo":{"@type":"ImageObject","inLanguage":"pt-BR","@id":"https:\/\/www.suno.com.br\/noticias\/#\/schema\/logo\/image\/","url":"https:\/\/files.sunoresearch.com.br\/n\/uploads\/2021\/09\/suno-logo.png","contentUrl":"https:\/\/files.sunoresearch.com.br\/n\/uploads\/2021\/09\/suno-logo.png","width":180,"height":180,"caption":"Suno Not\u00edcias"},"image":{"@id":"https:\/\/www.suno.com.br\/noticias\/#\/schema\/logo\/image\/"},"sameAs":["https:\/\/facebook.com\/sunoresearch","https:\/\/x.com\/sunoresearch","https:\/\/www.instagram.com\/suno","https:\/\/www.linkedin.com\/company\/suno-research\/","https:\/\/www.youtube.com\/c\/sunoresearch"]},{"@type":"Person","@id":"https:\/\/www.suno.com.br\/noticias\/#\/schema\/person\/e6e0f723cc177805027f4566c1d5e0c8","name":"Carlo Cauti","image":{"@type":"ImageObject","inLanguage":"pt-BR","@id":"https:\/\/www.suno.com.br\/noticias\/#\/schema\/person\/image\/","url":"https:\/\/secure.gravatar.com\/avatar\/3ada9e0bd164c23abd4792a9606d583c?s=96&r=g","contentUrl":"https:\/\/secure.gravatar.com\/avatar\/3ada9e0bd164c23abd4792a9606d583c?s=96&r=g","caption":"Carlo Cauti"},"description":"Editor multim\u00eddia do SUNO Not\u00edcias. Italiano, formado em Ci\u00eancias Pol\u00edticas pela universidade LUISS G. Carli de Roma e mestre cum laude em Rela\u00e7\u00f5es Internacionais, Jornalismo Internacional e de Guerra e em Economia Internacional. Concluiu tamb\u00e9m um MBA em Finan\u00e7as na B3. No Brasil, teve passagem por ve\u00edculos como Estad\u00e3o, Globo, Veja e EXAME. e nas ag\u00eancias de not\u00edcias italianas ANSA e NOVA.","url":"https:\/\/www.suno.com.br\/noticias\/author\/carlo-cauti\/"}]}},"default_loop_html":"<div class=\"cardsPage__listCard__boxs\"><div class=\"cardsPage__listCard__boxs__img\"><a href=\"https:\/\/www.suno.com.br\/noticias\/vale-corta-metas-producao-coronavirus\/\"><img class=\"mask\" src=\"https:\/\/www.suno.com.br\/noticias\/wp-content\/themes\/suno\/resources\/images\/spotlight\/spotlight1img\/bg-mask.png\" alt=\"Image Mask\"\/><img src=\"https:\/\/files.sunoresearch.com.br\/n\/uploads\/2019\/05\/38588c8d-valebrumadinho-6b2bd2a39970aaa6ad1180f36ecfec89-1200x600-400x200.webp\" alt=\"Vale corta metas de produ\u00e7\u00e3o para 2020 por causa do coronav\u00edrus\"\/><\/a><span class=\"spotlightCategory\"><a href=\"https:\/\/www.suno.com.br\/noticias\/negocios\/\">Neg\u00f3cios<\/a><\/span><\/div><div class=\"cardsPage__listCard__boxs__content\"><a href=\"https:\/\/www.suno.com.br\/noticias\/vale-corta-metas-producao-coronavirus\/\"><h2 class=\"content__title\">Vale corta metas de produ\u00e7\u00e3o para 2020 por causa do coronav\u00edrus<\/h2><\/a><div class=\"newsContent__article__meta\"><div class=\"newsContent__article__meta__authorBox\"><a href=\"https:\/\/www.suno.com.br\/noticias\/author\/carlo-cauti\/\" class=\"authorBox__avatar noMobi\"><img src=\"https:\/\/files.sunoresearch.com.br\/n\/uploads\/2020\/08\/e3745f9a-perfil-carlo-cauti-150x150.webp\" alt=\"Carlo Cauti\"><\/a><div class=\"authorBox__name\"><span>por\n\t\t\t<a href=\"https:\/\/www.suno.com.br\/noticias\/author\/carlo-cauti\/\"><span itemprop=\"author\">Carlo Cauti<\/span><\/a><\/span><time datetime=\"2020-04-18T20:11:06-03:00\" itemprop=\"datePublished\">18\/04\/2020 20:11<\/time><\/div><\/div><\/div><\/div><\/div>","single_layout":"posts","amp_enabled":true,"_links":{"self":[{"href":"https:\/\/www.suno.com.br\/noticias\/wp-json\/wp\/v2\/posts\/61937"}],"collection":[{"href":"https:\/\/www.suno.com.br\/noticias\/wp-json\/wp\/v2\/posts"}],"about":[{"href":"https:\/\/www.suno.com.br\/noticias\/wp-json\/wp\/v2\/types\/post"}],"author":[{"embeddable":true,"href":"https:\/\/www.suno.com.br\/noticias\/wp-json\/wp\/v2\/users\/9"}],"replies":[{"embeddable":true,"href":"https:\/\/www.suno.com.br\/noticias\/wp-json\/wp\/v2\/comments?post=61937"}],"version-history":[{"count":0,"href":"https:\/\/www.suno.com.br\/noticias\/wp-json\/wp\/v2\/posts\/61937\/revisions"}],"wp:featuredmedia":[{"embeddable":true,"href":"https:\/\/www.suno.com.br\/noticias\/wp-json\/wp\/v2\/media\/23715"}],"wp:attachment":[{"href":"https:\/\/www.suno.com.br\/noticias\/wp-json\/wp\/v2\/media?parent=61937"}],"wp:term":[{"taxonomy":"category","embeddable":true,"href":"https:\/\/www.suno.com.br\/noticias\/wp-json\/wp\/v2\/categories?post=61937"},{"taxonomy":"post_tag","embeddable":true,"href":"https:\/\/www.suno.com.br\/noticias\/wp-json\/wp\/v2\/tags?post=61937"},{"taxonomy":"suno_strategy","embeddable":true,"href":"https:\/\/www.suno.com.br\/noticias\/wp-json\/wp\/v2\/suno_strategy?post=61937"}],"curies":[{"name":"wp","href":"https:\/\/api.w.org\/{rel}","templated":true}]}}