{"id":61878,"date":"2020-04-19T12:00:55","date_gmt":"2020-04-19T15:00:55","guid":{"rendered":"https:\/\/www.suno.com.br\/noticias\/?p=61878"},"modified":"2020-04-17T18:22:39","modified_gmt":"2020-04-17T21:22:39","slug":"moat-capital-reduz-exposicao-em-bancos-em-meio-a-crise","status":"publish","type":"post","link":"https:\/\/www.suno.com.br\/noticias\/moat-capital-reduz-exposicao-em-bancos-em-meio-a-crise\/","title":{"rendered":"Moat Capital reduz exposi\u00e7\u00e3o em bancos em meio a crise"},"content":{"rendered":"<p>A crise causada pelo <a href=\"https:\/\/www.suno.com.br\/noticias\/tags\/coronavirus\/\">coronav\u00edrus (covid-19)<\/a> causou mudan\u00e7as no portf\u00f3lio dos grandes gestores brasileiros. Na Moat, que possui R$ 4 bilh\u00f5es sob gest\u00e3o, os bancos perderam espa\u00e7o e empresas que estavam at\u00e9 ent\u00e3o esticadas, voltaram a ser objeto de cobi\u00e7a.<\/p>\t<div class=\"wrapper-featured-image\">\n\t\t<figure class=\"spotlightImg\">\n\n\t\t\t<picture>\n\t\t\t\t<source media=\"(max-width: 768px)\" srcset=\"https:\/\/files.sunoresearch.com.br\/n\/uploads\/2019\/07\/0bff64a7-ibovespa-400x200.webp\">\n\t\t\t\t<img loading=\"lazy\" decoding=\"async\" class=\"newsContent__article__imgCapa lazyloadDisabled newsContent__article__imgCapa--noCaption\" src=\"https:\/\/files.sunoresearch.com.br\/n\/uploads\/2019\/07\/0bff64a7-ibovespa-800x450.webp\" width=\"800\" height=\"450\" alt=\"Moat Capital reduz exposi\u00e7\u00e3o em bancos em meio a crise\" fetchpriority=high \/>\n\t\t\t<\/picture>\n\n\t\t\t<figcaption class=\"wp-caption-text wp-caption-text--hide\">O Ibovespa hoje encerrou em alta acompanhando as bolas internacionais<\/figcaption>\n\t\t<\/figure>\n\t<\/div>\n\n\n\n<p>&#8220;Antes da crise, t\u00ednhamos 20% em banco. Hoje, temos 4%. Reduzimos bancos e voltamos a comprar setores, como real estate, consumo, com Via Varejo, e achamos que o mercado veio muito barato&#8221;, disse Adriano Leite, s\u00f3cio da Moat.<\/p>\n<p>Para ele, o portf\u00f3lio com 33 empresas da Moat atualmente permite que<\/p>\n<p>&#8220;A diversifica\u00e7\u00e3o tamb\u00e9m te permite que a tese de investimento permane\u00e7a no tempo que for necess\u00e1rio e tamb\u00e9m porque permite que voc\u00ea esteja errado. Um erro n\u00e3o detona todo um hist\u00f3rico que levei anos para construir&#8221;.<\/p>\n<p><a href=\"https:\/\/www.suno.com.br\/noticias\/entrevistas\/\">Confira tamb\u00e9m: Especial SUNO Not\u00edcias &#8211; Entrevistas com gestores<\/a><\/p>\n<p>Para Leite, um exemplo dessa tese de investimentos ocorre com a <a href=\"https:\/\/www.suno.com.br\/acoes\/oibr3\/\"><strong>Oi (OIBR3)<\/strong><\/a>.<\/p>\n<p>&#8220;Temos um case que a gente gosta, uma posi\u00e7\u00e3o pequena, que \u00e9 Oi. Se ela fosse muito grande na carteira, provavelmente eu n\u00e3o teria mais. Do tamanho que a gente tem, mesmo com quedas grandes, conseguimos carregar. Ent\u00e3o, t\u00e3o ou mais preocupado com acertar o case, tentamos acertar o tamanho&#8221;, concluiu.<\/p>\n<p>Confira a entrevista exclusiva do SUNO Not\u00edcias com Adriano Leite, s\u00f3cio da Moat:<\/p>\n<p><strong>-Me fale um pouco da hist\u00f3ria, filosofia de investimento da Moat e quanto voc\u00eas tem sob gest\u00e3o?<\/strong><br \/>\nCome\u00e7amos em 2015, quando um grupo de s\u00f3cios se juntou para iniciar o neg\u00f3cio. Somos cinco s\u00f3cios e, ao todo, somos 15 pessoas. S\u00e3o dois na gest\u00e3o, seis na an\u00e1lise e mais um analista focado em an\u00e1lise de dados.<\/p>\n<p>Temos cerca de R$ 4 bilh\u00f5es sob gest\u00e3o. Temos cerca de R$ 3,6 bilh\u00f5es no long only, estrat\u00e9gia mais antiga, e R$ 300 milh\u00f5es em long e short e o fundo mais novo, com cerca de um novo, \u00e9 o long biased com R$ 55 milh\u00f5es.<\/p>\n<p>Nosso ponto de partida \u00e9 uma an\u00e1lise fundamentalista para entender a empresa, parte qualitativa, modelagem, \u00e9 meio padr\u00e3o o que fazemos. Onde come\u00e7amos a nossa diferen\u00e7a \u00e9 que somos bem abrangentes na cobertura, sem filtros para an\u00e1lise, n\u00e3o exclu\u00edmos nada, nem problemas de governan\u00e7a corporativa, se \u00e9 estatal ou n\u00e3o, enfim, consideramos tudo desde que tenha uma liquidez razo\u00e1vel, desde que tenha liberdade para entrar e sair.<\/p>\n\t<p>\n\t\t<a href=\"https:\/\/lp.suno.com.br\/ebook-guia-ir\/\" target=\"_blank\" data-element=\"shortcode-suno-banner\" title=\"Banner SUNO, clique e saiba mais\">\n\t\t\t<picture>\n\t\t\t\t<source media=\"(max-width: 500px)\" srcset=\"https:\/\/files.sunoresearch.com.br\/n\/uploads\/2023\/03\/400x300-Ebook-IR.png\">\n\t\t\t\t<img class=\"newsContent__article__imgCapa newsContent__article__imgCapa--banner\"\n\t\t\t\t\tsrc=\"https:\/\/files.sunoresearch.com.br\/n\/uploads\/2023\/03\/1420x240-Ebook-IR.png\"\n\t\t\t\t\tdata-promo-id=\"383124\"\t\t\t\t\t\t\t\t\t\twidth='1420' height='240'\t\t\t\t\talt=\"https:\/\/files.sunoresearch.com.br\/n\/uploads\/2023\/03\/1420x240-Ebook-IR.png\"\n\t\t\t\t>\n\t\t\t<\/picture>\n\t\t<\/a>\n\t<\/p>\n\n\n<p>No final das contas, o que buscamos incansavelmente \u00e9 pegar boas hist\u00f3rias de simetria. Fazemos bastante exerc\u00edcios para ver o que o pre\u00e7o est\u00e1 dizendo para n\u00f3s e tentamos ver o que est\u00e1 muito discrepante. A partir de um determinado momento, se acharmos que a simetria \u00e9 vantajosa, a empresa torna-se candidata a entrar na carteira.<\/p>\n<p>Ent\u00e3o nosso portf\u00f3lio vai ser um conjunto de simetrias e procuramos ter a liquidez e tamb\u00e9m a diversifica\u00e7\u00e3o. Seja em quantidade de posi\u00e7\u00f5es, no long only, dificilmente teremos menos de 20 posi\u00e7\u00f5es. Hoje temos 33 posi\u00e7\u00f5es.<\/p>\n<p><strong>-Quais as vantagens de tanta diversifica\u00e7\u00e3o?<\/strong><br \/>\nA diversifica\u00e7\u00e3o tamb\u00e9m te permite que a tese de investimento permane\u00e7a no tempo que for necess\u00e1rio e tamb\u00e9m porque permite que voc\u00ea esteja errado. Um erro n\u00e3o detona todo um hist\u00f3rico que levei anos para construir.<\/p>\n<p>Temos um case que a gente gosta, uma posi\u00e7\u00e3o pequena, que \u00e9 Oi. Se ela fosse muito grande na carteira, provavelmente eu n\u00e3o teria mais. Do tamanho que a gente tem, mesmo com quedas grandes, conseguimos carregar. Ent\u00e3o, t\u00e3o ou mais preocupado com acertar o case, tentamos acertar o tamanho.<\/p>\n<p>O portf\u00f3lio tamb\u00e9m \u00e9 vivo. Muitas vezes podemos aumentar ou diminuir posi\u00e7\u00f5es. Via Varejo chegamos a ter uma posi\u00e7\u00e3o de 4%, 5%. O papel subiu, vendemos. E agora, com a queda do papel de R$ 16 para R$ 4, come\u00e7amos a comprar e hoje em dia voltou a ser uma posi\u00e7\u00e3o importante do fundo.<\/p>\n<p>\u00c9 como se tiv\u00e9ssemos um card\u00e1pio com v\u00e1rias op\u00e7\u00f5es e, conforme ele entra em promo\u00e7\u00e3o, vamos movendo o portf\u00f3lio.<\/p>\n\t<p>\n\t\t<a href=\"https:\/\/lp.suno.com.br\/nossas-assinaturas\/?utm_campaign=_SNC8166F3A4_\" target=\"_blank\" data-element=\"shortcode-suno-banner\" title=\"Banner SUNO, clique e saiba mais\">\n\t\t\t<picture>\n\t\t\t\t<source media=\"(max-width: 500px)\" srcset=\"https:\/\/files.sunoresearch.com.br\/n\/uploads\/2025\/08\/Artigos-e-Noticias-Banner-Materias-01-Mobile_-400x300-1-png.webp\">\n\t\t\t\t<img class=\"newsContent__article__imgCapa newsContent__article__imgCapa--banner\"\n\t\t\t\t\tsrc=\"https:\/\/files.sunoresearch.com.br\/n\/uploads\/2025\/08\/Artigos-e-Noticias-Banner-Materias-01-Desktop_-1420x240-4-png.webp\"\n\t\t\t\t\tdata-promo-id=\"620371\"\t\t\t\t\t\t\t\t\t\twidth='1420' height='240'\t\t\t\t\talt=\"https:\/\/files.sunoresearch.com.br\/n\/uploads\/2025\/08\/Artigos-e-Noticias-Banner-Materias-01-Desktop_-1420x240-4-png.webp\"\n\t\t\t\t>\n\t\t\t<\/picture>\n\t\t<\/a>\n\t<\/p>\n\n\n<p>Antes da crise, t\u00ednhamos 20% em banco. Hoje, temos 4%. Reduzimos bancos e voltamos a comprar setores, como real estate, consumo, com Via Varejo, e achamos que o mercado veio muito barato, hoje em dia temos 33 pap\u00e9is.<\/p>\n<p><strong>-H\u00e1 algum setor, no momento, em prefer\u00eancia?<\/strong><br \/>\nHoje em dia acho que tem menos um setor espec\u00edfico e acho que \u00e9 mais um conjunto de v\u00e1rias coisas diferentes.<\/p>\n<p>Ent\u00e3o temos uma s\u00e9rie de posi\u00e7\u00f5es em consumo, em real estate, em utilities, distribuidor de combust\u00edvel achamos que estava super largado e voltamos a comprar, ent\u00e3o basicamente o exerc\u00edcio foi analisar balan\u00e7o para ver quem tem oxig\u00eanio para atravessar esse per\u00edodo e, por outro lado, vamos ver se realmente esta muito barato.<\/p>\n<p>O nosso racioc\u00ednio foi escolher duas ou tr\u00eas para diversificar e reduzir um pouco esse risco e, a medida do tempo, vai afunilando de novo a carteira.<\/p>\n<p><strong>-Como voc\u00ea v\u00ea essa crise atual?<\/strong><br \/>\nDe um lado \u00e9 uma coisa muito dif\u00edcil e muito incerta, pois ningu\u00e9m sabe quando as coisas v\u00e3o voltar. Est\u00e3o tendo alguns ensaios na Alemanha, na Espanha, mas ningu\u00e9m sabe ainda direito como vai ser, a velocidade, se ter\u00e1 uma segunda onda. E foi uma porrada muito forte, que nos surpreendeu tamb\u00e9m, n\u00e3o imagin\u00e1vamos que o ocidente ia parar igual a China parou.<\/p>\n<p>\u00c9 uma situa\u00e7\u00e3o muito complicada para tentar fazer grandes adivinha\u00e7\u00f5es. Obviamente, discutimos todo dia sobre, mas o fato \u00e9 que voc\u00ea tem muito pouca precis\u00e3o para muita pouca vari\u00e1vel.<\/p>\n<p>Por outro lado, a \u00fanica certeza \u00e9 o pre\u00e7o da tela. E o pre\u00e7o da tela, de muitas coisas, ele indica que \u00e9 um longo prazo muito tortuoso. Onde come\u00e7a a dar um certo conforto para a gente ir montando posi\u00e7\u00f5es e achar simetria de um mercado como um todo no longo prazo.<\/p>\n\t<p>\n\t\t<a href=\"https:\/\/lp2.suno.com.br\/pv\/eu-invisto-2026\/?utm_source=suno-noticias&#038;utm_medium=banner&#038;utm_campaign=_SNC4CCF8112_\" target=\"_blank\" data-element=\"shortcode-suno-banner\" title=\"Banner SUNO, clique e saiba mais\">\n\t\t\t<picture>\n\t\t\t\t<source media=\"(max-width: 500px)\" srcset=\"https:\/\/files.sunoresearch.com.br\/n\/uploads\/2025\/12\/Banner-Materias-01-Mbl_-400x300-1-png.webp\">\n\t\t\t\t<img class=\"newsContent__article__imgCapa newsContent__article__imgCapa--banner\"\n\t\t\t\t\tsrc=\"https:\/\/files.sunoresearch.com.br\/n\/uploads\/2025\/12\/Banner-Materias-01-Dkp_-1420x240-1-png.webp\"\n\t\t\t\t\tdata-promo-id=\"635514\"\t\t\t\t\t\t\t\t\t\twidth='1420' height='240'\t\t\t\t\talt=\"https:\/\/files.sunoresearch.com.br\/n\/uploads\/2025\/12\/Banner-Materias-01-Dkp_-1420x240-1-png.webp\"\n\t\t\t\t>\n\t\t\t<\/picture>\n\t\t<\/a>\n\t<\/p>\n\n\n<p>Via Varejo chegou ao pre\u00e7o de quando a gest\u00e3o era outra. Estatais tamb\u00e9m. Ent\u00e3o, mesmo que essa epidemia durar tr\u00eas, quatro meses, \u00e9 um horizonte de tempo muito curto para quando voc\u00ea est\u00e1 projetando valor de uma companhia que o grosso est\u00e1 l\u00e1 na frente.<\/p>\n<p>As pessoas perpetuam o curto prazo para o longo prazo. E tem uma outra coisa tamb\u00e9m, que n\u00e3o sabemos exatamente, que voc\u00ea est\u00e1 tendo uma enxurrada de liquidez e achamos bem prov\u00e1vel voc\u00ea ter uma nova rodada de infla\u00e7\u00e3o de ativo.<\/p>\n<p>Ent\u00e3o quando olhamos fundamentos, entendemos que toda a crise chega uma hora que passa, essa rodada fiscal e monet\u00e1ria que estamos vendo, elas no final das contas apontam para uma flecha positiva para o mercado.<\/p>\n<p>O curto prazo ainda est\u00e1 longe de ter uma clareza, mas no longo prazo, temos uma cabe\u00e7a mais otimista, embora ainda haja uma s\u00e9rie de perguntas geopol\u00edticas e mesmo econ\u00f4mica, tem um terreno bastante f\u00e9rtil.<\/p>\n<p>Entrevista com a <strong>Moat Capital<\/strong><\/p>\n\n","protected":false},"excerpt":{"rendered":"<p>A crise causada pelo coronav\u00edrus (covid-19) causou mudan\u00e7as no portf\u00f3lio dos grandes gestores brasileiros. Na Moat, que possui R$ 4 bilh\u00f5es sob gest\u00e3o, os bancos perderam espa\u00e7o e empresas que estavam at\u00e9 ent\u00e3o esticadas, voltaram a ser objeto de cobi\u00e7a. O Ibovespa hoje encerrou em alta acompanhando as bolas internacionais &#8220;Antes da crise, t\u00ednhamos 20% [&hellip;]<\/p>\n","protected":false},"author":27,"featured_media":29631,"comment_status":"closed","ping_status":"closed","sticky":false,"template":"","format":"standard","meta":[],"categories":[1278],"tags":[2165],"suno_strategy":[],"class_list":["post-61878","post","type-post","status-publish","format-standard","has-post-thumbnail","hentry","category-entrevistas","tag-asset"],"yoast_head":"<!-- This site is optimized with the Yoast SEO plugin v24.4 - https:\/\/yoast.com\/wordpress\/plugins\/seo\/ -->\n<title>Moat Capital reduz exposi\u00e7\u00e3o em bancos em meio a crise<\/title>\n<meta name=\"description\" content=\"Gestora Moat optou por reduzir participa\u00e7\u00e3o em bancos listados na B3 e comprou varejo, com Via Varejo na ponta. Clique para ler mais.\" \/>\n<meta name=\"robots\" content=\"index, follow, max-snippet:-1, max-image-preview:large, max-video-preview:-1\" \/>\n<link rel=\"canonical\" href=\"https:\/\/www.suno.com.br\/noticias\/moat-capital-reduz-exposicao-em-bancos-em-meio-a-crise\/\" \/>\n<meta property=\"og:locale\" content=\"pt_BR\" \/>\n<meta property=\"og:type\" content=\"article\" \/>\n<meta property=\"og:title\" content=\"Moat Capital reduz exposi\u00e7\u00e3o em bancos em meio a crise\" \/>\n<meta property=\"og:description\" content=\"Gestora Moat optou por reduzir participa\u00e7\u00e3o em bancos listados na B3 e comprou varejo, com Via Varejo na ponta. Clique para ler mais.\" \/>\n<meta property=\"og:url\" content=\"https:\/\/www.suno.com.br\/noticias\/moat-capital-reduz-exposicao-em-bancos-em-meio-a-crise\/\" \/>\n<meta property=\"og:site_name\" content=\"Suno Not\u00edcias\" \/>\n<meta property=\"article:publisher\" content=\"https:\/\/facebook.com\/sunoresearch\" \/>\n<meta property=\"og:image\" content=\"https:\/\/files.sunoresearch.com.br\/n\/uploads\/2019\/07\/0bff64a7-ibovespa.jpg\" \/>\n\t<meta property=\"og:image:width\" content=\"1200\" \/>\n\t<meta property=\"og:image:height\" content=\"630\" \/>\n\t<meta property=\"og:image:type\" content=\"image\/jpeg\" \/>\n<meta name=\"author\" content=\"Vinicius Pereira\" \/>\n<meta name=\"twitter:card\" content=\"summary_large_image\" \/>\n<meta name=\"twitter:creator\" content=\"@https:\/\/twitter.com\/viniciuspjornal\" \/>\n<meta name=\"twitter:site\" content=\"@sunoresearch\" \/>\n<meta name=\"twitter:label1\" content=\"Escrito por\" \/>\n\t<meta name=\"twitter:data1\" content=\"Vinicius Pereira\" \/>\n\t<meta name=\"twitter:label2\" content=\"Est. tempo de leitura\" \/>\n\t<meta name=\"twitter:data2\" content=\"6 minutos\" \/>\n<script type=\"application\/ld+json\" class=\"yoast-schema-graph\">{\"@context\":\"https:\/\/schema.org\",\"@graph\":[{\"@type\":\"NewsArticle\",\"@id\":\"https:\/\/www.suno.com.br\/noticias\/moat-capital-reduz-exposicao-em-bancos-em-meio-a-crise\/#article\",\"isPartOf\":{\"@id\":\"https:\/\/www.suno.com.br\/noticias\/moat-capital-reduz-exposicao-em-bancos-em-meio-a-crise\/\"},\"author\":{\"name\":\"Vinicius Pereira\",\"@id\":\"https:\/\/www.suno.com.br\/noticias\/#\/schema\/person\/a20761b96e4df7eb57f1f9e41be1dbf3\"},\"headline\":\"Moat Capital reduz exposi\u00e7\u00e3o em bancos em meio a crise\",\"datePublished\":\"2020-04-19T15:00:55+00:00\",\"mainEntityOfPage\":{\"@id\":\"https:\/\/www.suno.com.br\/noticias\/moat-capital-reduz-exposicao-em-bancos-em-meio-a-crise\/\"},\"wordCount\":1222,\"publisher\":{\"@id\":\"https:\/\/www.suno.com.br\/noticias\/#organization\"},\"image\":{\"@id\":\"https:\/\/www.suno.com.br\/noticias\/moat-capital-reduz-exposicao-em-bancos-em-meio-a-crise\/#primaryimage\"},\"thumbnailUrl\":\"https:\/\/files.sunoresearch.com.br\/n\/uploads\/2019\/07\/0bff64a7-ibovespa-jpg.webp\",\"keywords\":[\"Asset\"],\"articleSection\":[\"Entrevistas\"],\"inLanguage\":\"pt-BR\"},{\"@type\":\"WebPage\",\"@id\":\"https:\/\/www.suno.com.br\/noticias\/moat-capital-reduz-exposicao-em-bancos-em-meio-a-crise\/\",\"url\":\"https:\/\/www.suno.com.br\/noticias\/moat-capital-reduz-exposicao-em-bancos-em-meio-a-crise\/\",\"name\":\"Moat Capital reduz exposi\u00e7\u00e3o em bancos em meio a crise\",\"isPartOf\":{\"@id\":\"https:\/\/www.suno.com.br\/noticias\/#website\"},\"primaryImageOfPage\":{\"@id\":\"https:\/\/www.suno.com.br\/noticias\/moat-capital-reduz-exposicao-em-bancos-em-meio-a-crise\/#primaryimage\"},\"image\":{\"@id\":\"https:\/\/www.suno.com.br\/noticias\/moat-capital-reduz-exposicao-em-bancos-em-meio-a-crise\/#primaryimage\"},\"thumbnailUrl\":\"https:\/\/files.sunoresearch.com.br\/n\/uploads\/2019\/07\/0bff64a7-ibovespa-jpg.webp\",\"datePublished\":\"2020-04-19T15:00:55+00:00\",\"description\":\"Gestora Moat optou por reduzir participa\u00e7\u00e3o em bancos listados na B3 e comprou varejo, com Via Varejo na ponta. Clique para ler mais.\",\"breadcrumb\":{\"@id\":\"https:\/\/www.suno.com.br\/noticias\/moat-capital-reduz-exposicao-em-bancos-em-meio-a-crise\/#breadcrumb\"},\"inLanguage\":\"pt-BR\",\"potentialAction\":[{\"@type\":\"ReadAction\",\"target\":[\"https:\/\/www.suno.com.br\/noticias\/moat-capital-reduz-exposicao-em-bancos-em-meio-a-crise\/\"]}]},{\"@type\":\"ImageObject\",\"inLanguage\":\"pt-BR\",\"@id\":\"https:\/\/www.suno.com.br\/noticias\/moat-capital-reduz-exposicao-em-bancos-em-meio-a-crise\/#primaryimage\",\"url\":\"https:\/\/files.sunoresearch.com.br\/n\/uploads\/2019\/07\/0bff64a7-ibovespa-jpg.webp\",\"contentUrl\":\"https:\/\/files.sunoresearch.com.br\/n\/uploads\/2019\/07\/0bff64a7-ibovespa-jpg.webp\",\"width\":1200,\"height\":630,\"caption\":\"O Ibovespa hoje encerrou em alta acompanhando as bolas internacionais\"},{\"@type\":\"BreadcrumbList\",\"@id\":\"https:\/\/www.suno.com.br\/noticias\/moat-capital-reduz-exposicao-em-bancos-em-meio-a-crise\/#breadcrumb\",\"itemListElement\":[{\"@type\":\"ListItem\",\"position\":1,\"name\":\"Not\u00edcias\",\"item\":\"https:\/\/www.suno.com.br\/noticias\/\"},{\"@type\":\"ListItem\",\"position\":2,\"name\":\"Entrevistas\",\"item\":\"https:\/\/www.suno.com.br\/noticias\/entrevistas\/\"},{\"@type\":\"ListItem\",\"position\":3,\"name\":\"Moat Capital reduz exposi\u00e7\u00e3o em bancos em meio a crise\"}]},{\"@type\":\"WebSite\",\"@id\":\"https:\/\/www.suno.com.br\/noticias\/#website\",\"url\":\"https:\/\/www.suno.com.br\/noticias\/\",\"name\":\"Suno Not\u00edcias\",\"description\":\"Seu portal de informa\u00e7\u00e3o sobre o mundo dos investimentos\",\"publisher\":{\"@id\":\"https:\/\/www.suno.com.br\/noticias\/#organization\"},\"potentialAction\":[{\"@type\":\"SearchAction\",\"target\":{\"@type\":\"EntryPoint\",\"urlTemplate\":\"https:\/\/www.suno.com.br\/noticias\/?s={search_term_string}\"},\"query-input\":{\"@type\":\"PropertyValueSpecification\",\"valueRequired\":true,\"valueName\":\"search_term_string\"}}],\"inLanguage\":\"pt-BR\"},{\"@type\":\"Organization\",\"@id\":\"https:\/\/www.suno.com.br\/noticias\/#organization\",\"name\":\"Suno Not\u00edcias\",\"url\":\"https:\/\/www.suno.com.br\/noticias\/\",\"logo\":{\"@type\":\"ImageObject\",\"inLanguage\":\"pt-BR\",\"@id\":\"https:\/\/www.suno.com.br\/noticias\/#\/schema\/logo\/image\/\",\"url\":\"https:\/\/files.sunoresearch.com.br\/n\/uploads\/2021\/09\/suno-logo.png\",\"contentUrl\":\"https:\/\/files.sunoresearch.com.br\/n\/uploads\/2021\/09\/suno-logo.png\",\"width\":180,\"height\":180,\"caption\":\"Suno Not\u00edcias\"},\"image\":{\"@id\":\"https:\/\/www.suno.com.br\/noticias\/#\/schema\/logo\/image\/\"},\"sameAs\":[\"https:\/\/facebook.com\/sunoresearch\",\"https:\/\/x.com\/sunoresearch\",\"https:\/\/www.instagram.com\/suno\",\"https:\/\/www.linkedin.com\/company\/suno-research\/\",\"https:\/\/www.youtube.com\/c\/sunoresearch\"]},{\"@type\":\"Person\",\"@id\":\"https:\/\/www.suno.com.br\/noticias\/#\/schema\/person\/a20761b96e4df7eb57f1f9e41be1dbf3\",\"name\":\"Vinicius Pereira\",\"image\":{\"@type\":\"ImageObject\",\"inLanguage\":\"pt-BR\",\"@id\":\"https:\/\/www.suno.com.br\/noticias\/#\/schema\/person\/image\/\",\"url\":\"https:\/\/secure.gravatar.com\/avatar\/783866b933198f5cc4c5d03fcc8b1301?s=96&r=g\",\"contentUrl\":\"https:\/\/secure.gravatar.com\/avatar\/783866b933198f5cc4c5d03fcc8b1301?s=96&r=g\",\"caption\":\"Vinicius Pereira\"},\"description\":\"Vinicius Pereira foi rep\u00f3rter de economia da Folha de S.Paulo, stringer do jornal no Canad\u00e1 e colaborador de VEJA. J\u00e1 escreveu tamb\u00e9m para BBC Brasil, The Intercept Brasil e UOL. Tem MBA em Informa\u00e7\u00f5es Econ\u00f4mico-Financeiras e Mercado de Capitais pela FIA\/B3.\",\"sameAs\":[\"https:\/\/x.com\/https:\/\/twitter.com\/viniciuspjornal\"],\"url\":\"https:\/\/www.suno.com.br\/noticias\/author\/vinicius-pereira\/\"}]}<\/script>\n<!-- \/ Yoast SEO plugin. -->","yoast_head_json":{"title":"Moat Capital reduz exposi\u00e7\u00e3o em bancos em meio a crise","description":"Gestora Moat optou por reduzir participa\u00e7\u00e3o em bancos listados na B3 e comprou varejo, com Via Varejo na ponta. Clique para ler mais.","robots":{"index":"index","follow":"follow","max-snippet":"max-snippet:-1","max-image-preview":"max-image-preview:large","max-video-preview":"max-video-preview:-1"},"canonical":"https:\/\/www.suno.com.br\/noticias\/moat-capital-reduz-exposicao-em-bancos-em-meio-a-crise\/","og_locale":"pt_BR","og_type":"article","og_title":"Moat Capital reduz exposi\u00e7\u00e3o em bancos em meio a crise","og_description":"Gestora Moat optou por reduzir participa\u00e7\u00e3o em bancos listados na B3 e comprou varejo, com Via Varejo na ponta. Clique para ler mais.","og_url":"https:\/\/www.suno.com.br\/noticias\/moat-capital-reduz-exposicao-em-bancos-em-meio-a-crise\/","og_site_name":"Suno Not\u00edcias","article_publisher":"https:\/\/facebook.com\/sunoresearch","og_image":[{"width":1200,"height":630,"url":"https:\/\/files.sunoresearch.com.br\/n\/uploads\/2019\/07\/0bff64a7-ibovespa.jpg","type":"image\/jpeg"}],"author":"Vinicius Pereira","twitter_card":"summary_large_image","twitter_creator":"@https:\/\/twitter.com\/viniciuspjornal","twitter_site":"@sunoresearch","twitter_misc":{"Escrito por":"Vinicius Pereira","Est. tempo de leitura":"6 minutos"},"schema":{"@context":"https:\/\/schema.org","@graph":[{"@type":"NewsArticle","@id":"https:\/\/www.suno.com.br\/noticias\/moat-capital-reduz-exposicao-em-bancos-em-meio-a-crise\/#article","isPartOf":{"@id":"https:\/\/www.suno.com.br\/noticias\/moat-capital-reduz-exposicao-em-bancos-em-meio-a-crise\/"},"author":{"name":"Vinicius Pereira","@id":"https:\/\/www.suno.com.br\/noticias\/#\/schema\/person\/a20761b96e4df7eb57f1f9e41be1dbf3"},"headline":"Moat Capital reduz exposi\u00e7\u00e3o em bancos em meio a crise","datePublished":"2020-04-19T15:00:55+00:00","mainEntityOfPage":{"@id":"https:\/\/www.suno.com.br\/noticias\/moat-capital-reduz-exposicao-em-bancos-em-meio-a-crise\/"},"wordCount":1222,"publisher":{"@id":"https:\/\/www.suno.com.br\/noticias\/#organization"},"image":{"@id":"https:\/\/www.suno.com.br\/noticias\/moat-capital-reduz-exposicao-em-bancos-em-meio-a-crise\/#primaryimage"},"thumbnailUrl":"https:\/\/files.sunoresearch.com.br\/n\/uploads\/2019\/07\/0bff64a7-ibovespa-jpg.webp","keywords":["Asset"],"articleSection":["Entrevistas"],"inLanguage":"pt-BR"},{"@type":"WebPage","@id":"https:\/\/www.suno.com.br\/noticias\/moat-capital-reduz-exposicao-em-bancos-em-meio-a-crise\/","url":"https:\/\/www.suno.com.br\/noticias\/moat-capital-reduz-exposicao-em-bancos-em-meio-a-crise\/","name":"Moat Capital reduz exposi\u00e7\u00e3o em bancos em meio a crise","isPartOf":{"@id":"https:\/\/www.suno.com.br\/noticias\/#website"},"primaryImageOfPage":{"@id":"https:\/\/www.suno.com.br\/noticias\/moat-capital-reduz-exposicao-em-bancos-em-meio-a-crise\/#primaryimage"},"image":{"@id":"https:\/\/www.suno.com.br\/noticias\/moat-capital-reduz-exposicao-em-bancos-em-meio-a-crise\/#primaryimage"},"thumbnailUrl":"https:\/\/files.sunoresearch.com.br\/n\/uploads\/2019\/07\/0bff64a7-ibovespa-jpg.webp","datePublished":"2020-04-19T15:00:55+00:00","description":"Gestora Moat optou por reduzir participa\u00e7\u00e3o em bancos listados na B3 e comprou varejo, com Via Varejo na ponta. Clique para ler mais.","breadcrumb":{"@id":"https:\/\/www.suno.com.br\/noticias\/moat-capital-reduz-exposicao-em-bancos-em-meio-a-crise\/#breadcrumb"},"inLanguage":"pt-BR","potentialAction":[{"@type":"ReadAction","target":["https:\/\/www.suno.com.br\/noticias\/moat-capital-reduz-exposicao-em-bancos-em-meio-a-crise\/"]}]},{"@type":"ImageObject","inLanguage":"pt-BR","@id":"https:\/\/www.suno.com.br\/noticias\/moat-capital-reduz-exposicao-em-bancos-em-meio-a-crise\/#primaryimage","url":"https:\/\/files.sunoresearch.com.br\/n\/uploads\/2019\/07\/0bff64a7-ibovespa-jpg.webp","contentUrl":"https:\/\/files.sunoresearch.com.br\/n\/uploads\/2019\/07\/0bff64a7-ibovespa-jpg.webp","width":1200,"height":630,"caption":"O Ibovespa hoje encerrou em alta acompanhando as bolas internacionais"},{"@type":"BreadcrumbList","@id":"https:\/\/www.suno.com.br\/noticias\/moat-capital-reduz-exposicao-em-bancos-em-meio-a-crise\/#breadcrumb","itemListElement":[{"@type":"ListItem","position":1,"name":"Not\u00edcias","item":"https:\/\/www.suno.com.br\/noticias\/"},{"@type":"ListItem","position":2,"name":"Entrevistas","item":"https:\/\/www.suno.com.br\/noticias\/entrevistas\/"},{"@type":"ListItem","position":3,"name":"Moat Capital reduz exposi\u00e7\u00e3o em bancos em meio a crise"}]},{"@type":"WebSite","@id":"https:\/\/www.suno.com.br\/noticias\/#website","url":"https:\/\/www.suno.com.br\/noticias\/","name":"Suno Not\u00edcias","description":"Seu portal de informa\u00e7\u00e3o sobre o mundo dos investimentos","publisher":{"@id":"https:\/\/www.suno.com.br\/noticias\/#organization"},"potentialAction":[{"@type":"SearchAction","target":{"@type":"EntryPoint","urlTemplate":"https:\/\/www.suno.com.br\/noticias\/?s={search_term_string}"},"query-input":{"@type":"PropertyValueSpecification","valueRequired":true,"valueName":"search_term_string"}}],"inLanguage":"pt-BR"},{"@type":"Organization","@id":"https:\/\/www.suno.com.br\/noticias\/#organization","name":"Suno Not\u00edcias","url":"https:\/\/www.suno.com.br\/noticias\/","logo":{"@type":"ImageObject","inLanguage":"pt-BR","@id":"https:\/\/www.suno.com.br\/noticias\/#\/schema\/logo\/image\/","url":"https:\/\/files.sunoresearch.com.br\/n\/uploads\/2021\/09\/suno-logo.png","contentUrl":"https:\/\/files.sunoresearch.com.br\/n\/uploads\/2021\/09\/suno-logo.png","width":180,"height":180,"caption":"Suno Not\u00edcias"},"image":{"@id":"https:\/\/www.suno.com.br\/noticias\/#\/schema\/logo\/image\/"},"sameAs":["https:\/\/facebook.com\/sunoresearch","https:\/\/x.com\/sunoresearch","https:\/\/www.instagram.com\/suno","https:\/\/www.linkedin.com\/company\/suno-research\/","https:\/\/www.youtube.com\/c\/sunoresearch"]},{"@type":"Person","@id":"https:\/\/www.suno.com.br\/noticias\/#\/schema\/person\/a20761b96e4df7eb57f1f9e41be1dbf3","name":"Vinicius Pereira","image":{"@type":"ImageObject","inLanguage":"pt-BR","@id":"https:\/\/www.suno.com.br\/noticias\/#\/schema\/person\/image\/","url":"https:\/\/secure.gravatar.com\/avatar\/783866b933198f5cc4c5d03fcc8b1301?s=96&r=g","contentUrl":"https:\/\/secure.gravatar.com\/avatar\/783866b933198f5cc4c5d03fcc8b1301?s=96&r=g","caption":"Vinicius Pereira"},"description":"Vinicius Pereira foi rep\u00f3rter de economia da Folha de S.Paulo, stringer do jornal no Canad\u00e1 e colaborador de VEJA. J\u00e1 escreveu tamb\u00e9m para BBC Brasil, The Intercept Brasil e UOL. Tem MBA em Informa\u00e7\u00f5es Econ\u00f4mico-Financeiras e Mercado de Capitais pela FIA\/B3.","sameAs":["https:\/\/x.com\/https:\/\/twitter.com\/viniciuspjornal"],"url":"https:\/\/www.suno.com.br\/noticias\/author\/vinicius-pereira\/"}]}},"default_loop_html":"<div class=\"cardsPage__listCard__boxs\"><div class=\"cardsPage__listCard__boxs__img\"><a href=\"https:\/\/www.suno.com.br\/noticias\/moat-capital-reduz-exposicao-em-bancos-em-meio-a-crise\/\"><img class=\"mask\" src=\"https:\/\/www.suno.com.br\/noticias\/wp-content\/themes\/suno\/resources\/images\/spotlight\/spotlight1img\/bg-mask.png\" alt=\"Image Mask\"\/><img src=\"https:\/\/files.sunoresearch.com.br\/n\/uploads\/2019\/07\/0bff64a7-ibovespa-400x200.webp\" alt=\"Moat Capital reduz exposi\u00e7\u00e3o em bancos em meio a crise\"\/><\/a><span class=\"spotlightCategory\"><a href=\"https:\/\/www.suno.com.br\/noticias\/entrevistas\/\">Entrevistas<\/a><\/span><\/div><div class=\"cardsPage__listCard__boxs__content\"><a href=\"https:\/\/www.suno.com.br\/noticias\/moat-capital-reduz-exposicao-em-bancos-em-meio-a-crise\/\"><h2 class=\"content__title\">Moat Capital reduz exposi\u00e7\u00e3o em bancos em meio a crise<\/h2><\/a><div class=\"newsContent__article__meta\"><div class=\"newsContent__article__meta__authorBox\"><a href=\"https:\/\/www.suno.com.br\/noticias\/author\/vinicius-pereira\/\" class=\"authorBox__avatar noMobi\"><img src=\"https:\/\/files.sunoresearch.com.br\/n\/uploads\/2020\/08\/77510613-whatsapp-image-2020-08-03-at-13.40.40-150x150.webp\" alt=\"Vinicius Pereira\"><\/a><div class=\"authorBox__name\"><span>por\n\t\t\t<a href=\"https:\/\/www.suno.com.br\/noticias\/author\/vinicius-pereira\/\"><span itemprop=\"author\">Vinicius Pereira<\/span><\/a><\/span><time datetime=\"2020-04-19T12:00:55-03:00\" itemprop=\"datePublished\">19\/04\/2020 12:00<\/time><\/div><\/div><\/div><\/div><\/div>","single_layout":"posts","amp_enabled":true,"_links":{"self":[{"href":"https:\/\/www.suno.com.br\/noticias\/wp-json\/wp\/v2\/posts\/61878"}],"collection":[{"href":"https:\/\/www.suno.com.br\/noticias\/wp-json\/wp\/v2\/posts"}],"about":[{"href":"https:\/\/www.suno.com.br\/noticias\/wp-json\/wp\/v2\/types\/post"}],"author":[{"embeddable":true,"href":"https:\/\/www.suno.com.br\/noticias\/wp-json\/wp\/v2\/users\/27"}],"replies":[{"embeddable":true,"href":"https:\/\/www.suno.com.br\/noticias\/wp-json\/wp\/v2\/comments?post=61878"}],"version-history":[{"count":0,"href":"https:\/\/www.suno.com.br\/noticias\/wp-json\/wp\/v2\/posts\/61878\/revisions"}],"wp:featuredmedia":[{"embeddable":true,"href":"https:\/\/www.suno.com.br\/noticias\/wp-json\/wp\/v2\/media\/29631"}],"wp:attachment":[{"href":"https:\/\/www.suno.com.br\/noticias\/wp-json\/wp\/v2\/media?parent=61878"}],"wp:term":[{"taxonomy":"category","embeddable":true,"href":"https:\/\/www.suno.com.br\/noticias\/wp-json\/wp\/v2\/categories?post=61878"},{"taxonomy":"post_tag","embeddable":true,"href":"https:\/\/www.suno.com.br\/noticias\/wp-json\/wp\/v2\/tags?post=61878"},{"taxonomy":"suno_strategy","embeddable":true,"href":"https:\/\/www.suno.com.br\/noticias\/wp-json\/wp\/v2\/suno_strategy?post=61878"}],"curies":[{"name":"wp","href":"https:\/\/api.w.org\/{rel}","templated":true}]}}