{"id":61863,"date":"2020-04-17T16:41:24","date_gmt":"2020-04-17T19:41:24","guid":{"rendered":"https:\/\/www.suno.com.br\/noticias\/?p=61863"},"modified":"2020-04-17T16:41:24","modified_gmt":"2020-04-17T19:41:24","slug":"moodys-reduz-para-negativa-perspectiva-sobre-setor-bancario-brasileiro","status":"publish","type":"post","link":"https:\/\/www.suno.com.br\/noticias\/moodys-reduz-para-negativa-perspectiva-sobre-setor-bancario-brasileiro\/","title":{"rendered":"Moody&#8217;s reduz para &#8216;negativa&#8217; perspectiva sobre setor banc\u00e1rio brasileiro"},"content":{"rendered":"<p>A <a href=\"https:\/\/www.suno.com.br\/artigos\/agencias-de-rating\/\">ag\u00eancia de classifica\u00e7\u00e3o de riscos<\/a> <strong>Moody&#8217;s<\/strong> reduziu nessa sexta-feira (17), de &#8220;est\u00e1vel&#8221; para &#8220;negativa&#8221; sua perspectiva para o setor banc\u00e1rio brasileiro . A redu\u00e7\u00e3o foi motivada pelos impactos &#8220;sem precedentes&#8221; da pandemia do novo coronav\u00edrus (covid-19).<\/p>\t<div class=\"wrapper-featured-image\">\n\t\t<figure class=\"spotlightImg\">\n\n\t\t\t<picture>\n\t\t\t\t<source media=\"(max-width: 768px)\" srcset=\"https:\/\/files.sunoresearch.com.br\/n\/uploads\/2019\/01\/20456859-moody\u00b4s-400x200.webp\">\n\t\t\t\t<img loading=\"lazy\" decoding=\"async\" class=\"newsContent__article__imgCapa lazyloadDisabled newsContent__article__imgCapa--noCaption\" src=\"https:\/\/files.sunoresearch.com.br\/n\/uploads\/2019\/01\/20456859-moody\u00b4s-800x450.webp\" width=\"800\" height=\"450\" alt=\"Moody&#8217;s reduz para &#8216;negativa&#8217; perspectiva sobre setor banc\u00e1rio brasileiro\" fetchpriority=high \/>\n\t\t\t<\/picture>\n\n\t\t\t<figcaption class=\"wp-caption-text wp-caption-text--hide\">Moody&#039;s (foto: divulga\u00e7\u00e3o)<\/figcaption>\n\t\t<\/figure>\n\t<\/div>\n\n\n\n<p>Al\u00e9m disso os <a href=\"https:\/\/www.suno.com.br\/artigos\/bancos-comerciais\/\">bancos<\/a> assistir\u00e3o a uma redu\u00e7\u00e3o em suas capacidades operacionais nos pr\u00f3ximos 12 a 18 meses, segundo a Moody&#8217;s. Atrav\u00e9s de um relat\u00f3rio enviado aos clientes, a vice-presidente s\u00eanior da ag\u00eania, <strong>Ceres Lisboa<\/strong>, tamb\u00e9m informou que a queda inesperada na economia, o decl\u00ednio da renda familiar, assim como o aumento do <a href=\"https:\/\/www.suno.com.br\/artigos\/indice-de-desemprego\/\"><strong>desemprego<\/strong> <\/a>v\u00e3o pressionar a qualidade de ativos dos bancos e reduzir a capacidade de pagamento dos tomadores de cr\u00e9dito, o que elevar\u00e1 a inadimpl\u00eancia e os custos de cr\u00e9dito.<\/p>\n<p><a href=\"https:\/\/lp.suno.com.br\/suno-one\/\">Garanta acesso gratuito \u00e0 eBooks, Minicursos, Artigos e Video Aulas com um \u00fanico cadastro. Clique para saber mais.\u00a0<\/a><\/p>\n<p>Ademais, indicou que haver\u00e1 uma redu\u00e7\u00e3o na demanda por <a href=\"https:\/\/www.suno.com.br\/artigos\/mercado-de-credito\/\">cr\u00e9dito<\/a> o que eleva as chances dos juros se manterem baixos durante um per\u00edodo maior.<\/p>\n<p>Entretanto, a ag\u00eancia acredita que os projetos adotados pelo governo at\u00e9 agora, para tentar mitigar a <a href=\"https:\/\/www.suno.com.br\/artigos\/crise-economica-oportunidade-ou-ameaca\/\">crise<\/a>, est\u00e3o &#8220;refletindo a disposi\u00e7\u00e3o das autoridades de proteger a <a href=\"https:\/\/www.suno.com.br\/artigos\/seguranca-financeira\/\"><strong>estabilidade financeira<\/strong><\/a>&#8220;. Ainda acrescentou que essas medidas ajudam a manter uma boa liquidez, enquanto os fortes n\u00edveis de capital funcionam como um &#8216;colch\u00e3o&#8217; para que as institui\u00e7\u00f5es suavizem as perdas.<\/p>\n<p>&#8220;A din\u00e2mica de capta\u00e7\u00e3o deve manter-se amplamente baseada em dep\u00f3sitos banc\u00e1rios, uma vez que a avers\u00e3o a risco \u00e9 crescente entre os investidores. Ao mesmo tempo, as necessidades de capital no sistema como um todo diminuir\u00e3o e, em geral, permanecer\u00e3o adequadas para absorver as perdas crescentes&#8221;, salientou em seu relat\u00f3rio.<\/p>\n<h2>Moody&#8217;s prev\u00ea queda de 1,6% do PIB do Brasil em 2020<\/h2>\n<p>Al\u00e9m disso, no \u00faltimo dia 25, a ag\u00eancia informou que prev\u00ea uma queda de 1,6% <a href=\"https:\/\/www.suno.com.br\/artigos\/pib-produto-interno-bruto\/\">Produto Interno Bruto (<strong>PIB<\/strong>)<\/a> do Brasil em 2020.<\/p>\n<p>E tamb\u00e9m revisou para baixo suas proje\u00e7\u00f5es de crescimento para as outras economias que fazem parte do <strong><a href=\"https:\/\/www.suno.com.br\/artigos\/g20\/\">G20<\/a><\/strong>. Segundo o relat\u00f3rio divulgado pela ag\u00eancia, a estimativa \u00e9 que o grupo registre contra\u00e7\u00e3o de 0,5% neste ano, com alta de 3,2% em 2021.<\/p>\n<p>Para a <strong>Moody&#8217;s<\/strong>, os impactos da pandemia do novo far\u00e3o com que as economias do G20 enfrentem \u201cum choque sem precedentes no primeiro semestre de 2020\u201d e salientou que n\u00e3o \u00e9 poss\u00edvel prever os impactos da crise do coronav\u00edrus de forma precisa.<\/p>\n\n","protected":false},"excerpt":{"rendered":"<p>A ag\u00eancia de classifica\u00e7\u00e3o de riscos Moody&#8217;s reduziu nessa sexta-feira (17), de &#8220;est\u00e1vel&#8221; para &#8220;negativa&#8221; sua perspectiva para o setor banc\u00e1rio brasileiro . A redu\u00e7\u00e3o foi motivada pelos impactos &#8220;sem precedentes&#8221; da pandemia do novo coronav\u00edrus (covid-19). Moody&#039;s (foto: divulga\u00e7\u00e3o) Al\u00e9m disso os bancos assistir\u00e3o a uma redu\u00e7\u00e3o em suas capacidades operacionais nos pr\u00f3ximos 12 [&hellip;]<\/p>\n","protected":false},"author":39,"featured_media":13704,"comment_status":"closed","ping_status":"closed","sticky":false,"template":"","format":"standard","meta":[],"categories":[62],"tags":[2487,963],"suno_strategy":[],"class_list":["post-61863","post","type-post","status-publish","format-standard","has-post-thumbnail","hentry","category-economia","tag-coronavirus","tag-moodys"],"yoast_head":"<!-- This site is optimized with the Yoast SEO plugin v24.4 - https:\/\/yoast.com\/wordpress\/plugins\/seo\/ -->\n<title>Moody&#039;s reduz para &#039;negativa&#039; perspectiva sobre setor banc\u00e1rio brasileiro<\/title>\n<meta name=\"description\" content=\"A Moody&#039;s reduziu \u00e0 &quot;negativa&quot; sua perspectiva para o setor banc\u00e1rio brasileiro devido aos impactos da pandemia. Clique aqui para saber mais.\" \/>\n<meta name=\"robots\" content=\"index, follow, max-snippet:-1, max-image-preview:large, max-video-preview:-1\" \/>\n<link rel=\"canonical\" href=\"https:\/\/www.suno.com.br\/noticias\/moodys-reduz-para-negativa-perspectiva-sobre-setor-bancario-brasileiro\/\" \/>\n<meta property=\"og:locale\" content=\"pt_BR\" \/>\n<meta property=\"og:type\" content=\"article\" \/>\n<meta property=\"og:title\" content=\"Moody&#039;s reduz para &#039;negativa&#039; perspectiva sobre setor banc\u00e1rio brasileiro\" \/>\n<meta property=\"og:description\" content=\"A Moody&#039;s reduziu \u00e0 &quot;negativa&quot; sua perspectiva para o setor banc\u00e1rio brasileiro devido aos impactos da pandemia. Clique aqui para saber mais.\" \/>\n<meta property=\"og:url\" content=\"https:\/\/www.suno.com.br\/noticias\/moodys-reduz-para-negativa-perspectiva-sobre-setor-bancario-brasileiro\/\" \/>\n<meta property=\"og:site_name\" content=\"Suno Not\u00edcias\" \/>\n<meta property=\"article:publisher\" content=\"https:\/\/facebook.com\/sunoresearch\" \/>\n<meta property=\"og:image\" content=\"https:\/\/files.sunoresearch.com.br\/n\/uploads\/2019\/01\/20456859-moody\u00b4s.jpg\" \/>\n\t<meta property=\"og:image:width\" content=\"1910\" \/>\n\t<meta property=\"og:image:height\" content=\"1000\" \/>\n\t<meta property=\"og:image:type\" content=\"image\/jpeg\" \/>\n<meta name=\"author\" content=\"Laura Moutinho\" \/>\n<meta name=\"twitter:card\" content=\"summary_large_image\" \/>\n<meta name=\"twitter:creator\" content=\"@sunoresearch\" \/>\n<meta name=\"twitter:site\" content=\"@sunoresearch\" \/>\n<meta name=\"twitter:label1\" content=\"Escrito por\" \/>\n\t<meta name=\"twitter:data1\" content=\"Laura Moutinho\" \/>\n\t<meta name=\"twitter:label2\" content=\"Est. tempo de leitura\" \/>\n\t<meta name=\"twitter:data2\" content=\"2 minutos\" \/>\n<script type=\"application\/ld+json\" class=\"yoast-schema-graph\">{\"@context\":\"https:\/\/schema.org\",\"@graph\":[{\"@type\":\"NewsArticle\",\"@id\":\"https:\/\/www.suno.com.br\/noticias\/moodys-reduz-para-negativa-perspectiva-sobre-setor-bancario-brasileiro\/#article\",\"isPartOf\":{\"@id\":\"https:\/\/www.suno.com.br\/noticias\/moodys-reduz-para-negativa-perspectiva-sobre-setor-bancario-brasileiro\/\"},\"author\":{\"name\":\"Laura Moutinho\",\"@id\":\"https:\/\/www.suno.com.br\/noticias\/#\/schema\/person\/3df0d2808748b74496efe5dbeaef2c72\"},\"headline\":\"Moody&#8217;s reduz para &#8216;negativa&#8217; perspectiva sobre setor banc\u00e1rio brasileiro\",\"datePublished\":\"2020-04-17T19:41:24+00:00\",\"mainEntityOfPage\":{\"@id\":\"https:\/\/www.suno.com.br\/noticias\/moodys-reduz-para-negativa-perspectiva-sobre-setor-bancario-brasileiro\/\"},\"wordCount\":439,\"publisher\":{\"@id\":\"https:\/\/www.suno.com.br\/noticias\/#organization\"},\"image\":{\"@id\":\"https:\/\/www.suno.com.br\/noticias\/moodys-reduz-para-negativa-perspectiva-sobre-setor-bancario-brasileiro\/#primaryimage\"},\"thumbnailUrl\":\"https:\/\/files.sunoresearch.com.br\/n\/uploads\/2019\/01\/20456859-moody\u00b4s-jpg.webp\",\"keywords\":[\"coronav\u00edrus\",\"Moody's\"],\"articleSection\":[\"Economia\"],\"inLanguage\":\"pt-BR\"},{\"@type\":\"WebPage\",\"@id\":\"https:\/\/www.suno.com.br\/noticias\/moodys-reduz-para-negativa-perspectiva-sobre-setor-bancario-brasileiro\/\",\"url\":\"https:\/\/www.suno.com.br\/noticias\/moodys-reduz-para-negativa-perspectiva-sobre-setor-bancario-brasileiro\/\",\"name\":\"Moody's reduz para 'negativa' perspectiva sobre setor banc\u00e1rio brasileiro\",\"isPartOf\":{\"@id\":\"https:\/\/www.suno.com.br\/noticias\/#website\"},\"primaryImageOfPage\":{\"@id\":\"https:\/\/www.suno.com.br\/noticias\/moodys-reduz-para-negativa-perspectiva-sobre-setor-bancario-brasileiro\/#primaryimage\"},\"image\":{\"@id\":\"https:\/\/www.suno.com.br\/noticias\/moodys-reduz-para-negativa-perspectiva-sobre-setor-bancario-brasileiro\/#primaryimage\"},\"thumbnailUrl\":\"https:\/\/files.sunoresearch.com.br\/n\/uploads\/2019\/01\/20456859-moody\u00b4s-jpg.webp\",\"datePublished\":\"2020-04-17T19:41:24+00:00\",\"description\":\"A Moody's reduziu \u00e0 \\\"negativa\\\" sua perspectiva para o setor banc\u00e1rio brasileiro devido aos impactos da pandemia. Clique aqui para saber mais.\",\"breadcrumb\":{\"@id\":\"https:\/\/www.suno.com.br\/noticias\/moodys-reduz-para-negativa-perspectiva-sobre-setor-bancario-brasileiro\/#breadcrumb\"},\"inLanguage\":\"pt-BR\",\"potentialAction\":[{\"@type\":\"ReadAction\",\"target\":[\"https:\/\/www.suno.com.br\/noticias\/moodys-reduz-para-negativa-perspectiva-sobre-setor-bancario-brasileiro\/\"]}]},{\"@type\":\"ImageObject\",\"inLanguage\":\"pt-BR\",\"@id\":\"https:\/\/www.suno.com.br\/noticias\/moodys-reduz-para-negativa-perspectiva-sobre-setor-bancario-brasileiro\/#primaryimage\",\"url\":\"https:\/\/files.sunoresearch.com.br\/n\/uploads\/2019\/01\/20456859-moody\u00b4s-jpg.webp\",\"contentUrl\":\"https:\/\/files.sunoresearch.com.br\/n\/uploads\/2019\/01\/20456859-moody\u00b4s-jpg.webp\",\"width\":1910,\"height\":1000,\"caption\":\"Moody's (foto: divulga\u00e7\u00e3o)\"},{\"@type\":\"BreadcrumbList\",\"@id\":\"https:\/\/www.suno.com.br\/noticias\/moodys-reduz-para-negativa-perspectiva-sobre-setor-bancario-brasileiro\/#breadcrumb\",\"itemListElement\":[{\"@type\":\"ListItem\",\"position\":1,\"name\":\"Not\u00edcias\",\"item\":\"https:\/\/www.suno.com.br\/noticias\/\"},{\"@type\":\"ListItem\",\"position\":2,\"name\":\"Economia\",\"item\":\"https:\/\/www.suno.com.br\/noticias\/economia\/\"},{\"@type\":\"ListItem\",\"position\":3,\"name\":\"Moody&#8217;s reduz para &#8216;negativa&#8217; perspectiva sobre setor banc\u00e1rio brasileiro\"}]},{\"@type\":\"WebSite\",\"@id\":\"https:\/\/www.suno.com.br\/noticias\/#website\",\"url\":\"https:\/\/www.suno.com.br\/noticias\/\",\"name\":\"Suno Not\u00edcias\",\"description\":\"Seu portal de informa\u00e7\u00e3o sobre o mundo dos investimentos\",\"publisher\":{\"@id\":\"https:\/\/www.suno.com.br\/noticias\/#organization\"},\"potentialAction\":[{\"@type\":\"SearchAction\",\"target\":{\"@type\":\"EntryPoint\",\"urlTemplate\":\"https:\/\/www.suno.com.br\/noticias\/?s={search_term_string}\"},\"query-input\":{\"@type\":\"PropertyValueSpecification\",\"valueRequired\":true,\"valueName\":\"search_term_string\"}}],\"inLanguage\":\"pt-BR\"},{\"@type\":\"Organization\",\"@id\":\"https:\/\/www.suno.com.br\/noticias\/#organization\",\"name\":\"Suno Not\u00edcias\",\"url\":\"https:\/\/www.suno.com.br\/noticias\/\",\"logo\":{\"@type\":\"ImageObject\",\"inLanguage\":\"pt-BR\",\"@id\":\"https:\/\/www.suno.com.br\/noticias\/#\/schema\/logo\/image\/\",\"url\":\"https:\/\/files.sunoresearch.com.br\/n\/uploads\/2021\/09\/suno-logo.png\",\"contentUrl\":\"https:\/\/files.sunoresearch.com.br\/n\/uploads\/2021\/09\/suno-logo.png\",\"width\":180,\"height\":180,\"caption\":\"Suno Not\u00edcias\"},\"image\":{\"@id\":\"https:\/\/www.suno.com.br\/noticias\/#\/schema\/logo\/image\/\"},\"sameAs\":[\"https:\/\/facebook.com\/sunoresearch\",\"https:\/\/x.com\/sunoresearch\",\"https:\/\/www.instagram.com\/suno\",\"https:\/\/www.linkedin.com\/company\/suno-research\/\",\"https:\/\/www.youtube.com\/c\/sunoresearch\"]},{\"@type\":\"Person\",\"@id\":\"https:\/\/www.suno.com.br\/noticias\/#\/schema\/person\/3df0d2808748b74496efe5dbeaef2c72\",\"name\":\"Laura Moutinho\",\"image\":{\"@type\":\"ImageObject\",\"inLanguage\":\"pt-BR\",\"@id\":\"https:\/\/www.suno.com.br\/noticias\/#\/schema\/person\/image\/\",\"url\":\"https:\/\/secure.gravatar.com\/avatar\/7571c7c8ca3a6fca5e41384ece5557ff?s=96&r=g\",\"contentUrl\":\"https:\/\/secure.gravatar.com\/avatar\/7571c7c8ca3a6fca5e41384ece5557ff?s=96&r=g\",\"caption\":\"Laura Moutinho\"},\"description\":\"Estagi\u00e1ria na Suno Not\u00edcias, escreve not\u00edcias que afetam o mercado financeiro. Estuda administra\u00e7\u00e3o na Universidade Presbiteriana Mackenzie.\",\"url\":\"https:\/\/www.suno.com.br\/noticias\/author\/laura-moutinho\/\"}]}<\/script>\n<!-- \/ Yoast SEO plugin. -->","yoast_head_json":{"title":"Moody's reduz para 'negativa' perspectiva sobre setor banc\u00e1rio brasileiro","description":"A Moody's reduziu \u00e0 \"negativa\" sua perspectiva para o setor banc\u00e1rio brasileiro devido aos impactos da pandemia. Clique aqui para saber mais.","robots":{"index":"index","follow":"follow","max-snippet":"max-snippet:-1","max-image-preview":"max-image-preview:large","max-video-preview":"max-video-preview:-1"},"canonical":"https:\/\/www.suno.com.br\/noticias\/moodys-reduz-para-negativa-perspectiva-sobre-setor-bancario-brasileiro\/","og_locale":"pt_BR","og_type":"article","og_title":"Moody's reduz para 'negativa' perspectiva sobre setor banc\u00e1rio brasileiro","og_description":"A Moody's reduziu \u00e0 \"negativa\" sua perspectiva para o setor banc\u00e1rio brasileiro devido aos impactos da pandemia. Clique aqui para saber mais.","og_url":"https:\/\/www.suno.com.br\/noticias\/moodys-reduz-para-negativa-perspectiva-sobre-setor-bancario-brasileiro\/","og_site_name":"Suno Not\u00edcias","article_publisher":"https:\/\/facebook.com\/sunoresearch","og_image":[{"width":1910,"height":1000,"url":"https:\/\/files.sunoresearch.com.br\/n\/uploads\/2019\/01\/20456859-moody\u00b4s.jpg","type":"image\/jpeg"}],"author":"Laura Moutinho","twitter_card":"summary_large_image","twitter_creator":"@sunoresearch","twitter_site":"@sunoresearch","twitter_misc":{"Escrito por":"Laura Moutinho","Est. tempo de leitura":"2 minutos"},"schema":{"@context":"https:\/\/schema.org","@graph":[{"@type":"NewsArticle","@id":"https:\/\/www.suno.com.br\/noticias\/moodys-reduz-para-negativa-perspectiva-sobre-setor-bancario-brasileiro\/#article","isPartOf":{"@id":"https:\/\/www.suno.com.br\/noticias\/moodys-reduz-para-negativa-perspectiva-sobre-setor-bancario-brasileiro\/"},"author":{"name":"Laura Moutinho","@id":"https:\/\/www.suno.com.br\/noticias\/#\/schema\/person\/3df0d2808748b74496efe5dbeaef2c72"},"headline":"Moody&#8217;s reduz para &#8216;negativa&#8217; perspectiva sobre setor banc\u00e1rio brasileiro","datePublished":"2020-04-17T19:41:24+00:00","mainEntityOfPage":{"@id":"https:\/\/www.suno.com.br\/noticias\/moodys-reduz-para-negativa-perspectiva-sobre-setor-bancario-brasileiro\/"},"wordCount":439,"publisher":{"@id":"https:\/\/www.suno.com.br\/noticias\/#organization"},"image":{"@id":"https:\/\/www.suno.com.br\/noticias\/moodys-reduz-para-negativa-perspectiva-sobre-setor-bancario-brasileiro\/#primaryimage"},"thumbnailUrl":"https:\/\/files.sunoresearch.com.br\/n\/uploads\/2019\/01\/20456859-moody\u00b4s-jpg.webp","keywords":["coronav\u00edrus","Moody's"],"articleSection":["Economia"],"inLanguage":"pt-BR"},{"@type":"WebPage","@id":"https:\/\/www.suno.com.br\/noticias\/moodys-reduz-para-negativa-perspectiva-sobre-setor-bancario-brasileiro\/","url":"https:\/\/www.suno.com.br\/noticias\/moodys-reduz-para-negativa-perspectiva-sobre-setor-bancario-brasileiro\/","name":"Moody's reduz para 'negativa' perspectiva sobre setor banc\u00e1rio brasileiro","isPartOf":{"@id":"https:\/\/www.suno.com.br\/noticias\/#website"},"primaryImageOfPage":{"@id":"https:\/\/www.suno.com.br\/noticias\/moodys-reduz-para-negativa-perspectiva-sobre-setor-bancario-brasileiro\/#primaryimage"},"image":{"@id":"https:\/\/www.suno.com.br\/noticias\/moodys-reduz-para-negativa-perspectiva-sobre-setor-bancario-brasileiro\/#primaryimage"},"thumbnailUrl":"https:\/\/files.sunoresearch.com.br\/n\/uploads\/2019\/01\/20456859-moody\u00b4s-jpg.webp","datePublished":"2020-04-17T19:41:24+00:00","description":"A Moody's reduziu \u00e0 \"negativa\" sua perspectiva para o setor banc\u00e1rio brasileiro devido aos impactos da pandemia. Clique aqui para saber mais.","breadcrumb":{"@id":"https:\/\/www.suno.com.br\/noticias\/moodys-reduz-para-negativa-perspectiva-sobre-setor-bancario-brasileiro\/#breadcrumb"},"inLanguage":"pt-BR","potentialAction":[{"@type":"ReadAction","target":["https:\/\/www.suno.com.br\/noticias\/moodys-reduz-para-negativa-perspectiva-sobre-setor-bancario-brasileiro\/"]}]},{"@type":"ImageObject","inLanguage":"pt-BR","@id":"https:\/\/www.suno.com.br\/noticias\/moodys-reduz-para-negativa-perspectiva-sobre-setor-bancario-brasileiro\/#primaryimage","url":"https:\/\/files.sunoresearch.com.br\/n\/uploads\/2019\/01\/20456859-moody\u00b4s-jpg.webp","contentUrl":"https:\/\/files.sunoresearch.com.br\/n\/uploads\/2019\/01\/20456859-moody\u00b4s-jpg.webp","width":1910,"height":1000,"caption":"Moody's (foto: divulga\u00e7\u00e3o)"},{"@type":"BreadcrumbList","@id":"https:\/\/www.suno.com.br\/noticias\/moodys-reduz-para-negativa-perspectiva-sobre-setor-bancario-brasileiro\/#breadcrumb","itemListElement":[{"@type":"ListItem","position":1,"name":"Not\u00edcias","item":"https:\/\/www.suno.com.br\/noticias\/"},{"@type":"ListItem","position":2,"name":"Economia","item":"https:\/\/www.suno.com.br\/noticias\/economia\/"},{"@type":"ListItem","position":3,"name":"Moody&#8217;s reduz para &#8216;negativa&#8217; perspectiva sobre setor banc\u00e1rio brasileiro"}]},{"@type":"WebSite","@id":"https:\/\/www.suno.com.br\/noticias\/#website","url":"https:\/\/www.suno.com.br\/noticias\/","name":"Suno Not\u00edcias","description":"Seu portal de informa\u00e7\u00e3o sobre o mundo dos investimentos","publisher":{"@id":"https:\/\/www.suno.com.br\/noticias\/#organization"},"potentialAction":[{"@type":"SearchAction","target":{"@type":"EntryPoint","urlTemplate":"https:\/\/www.suno.com.br\/noticias\/?s={search_term_string}"},"query-input":{"@type":"PropertyValueSpecification","valueRequired":true,"valueName":"search_term_string"}}],"inLanguage":"pt-BR"},{"@type":"Organization","@id":"https:\/\/www.suno.com.br\/noticias\/#organization","name":"Suno Not\u00edcias","url":"https:\/\/www.suno.com.br\/noticias\/","logo":{"@type":"ImageObject","inLanguage":"pt-BR","@id":"https:\/\/www.suno.com.br\/noticias\/#\/schema\/logo\/image\/","url":"https:\/\/files.sunoresearch.com.br\/n\/uploads\/2021\/09\/suno-logo.png","contentUrl":"https:\/\/files.sunoresearch.com.br\/n\/uploads\/2021\/09\/suno-logo.png","width":180,"height":180,"caption":"Suno Not\u00edcias"},"image":{"@id":"https:\/\/www.suno.com.br\/noticias\/#\/schema\/logo\/image\/"},"sameAs":["https:\/\/facebook.com\/sunoresearch","https:\/\/x.com\/sunoresearch","https:\/\/www.instagram.com\/suno","https:\/\/www.linkedin.com\/company\/suno-research\/","https:\/\/www.youtube.com\/c\/sunoresearch"]},{"@type":"Person","@id":"https:\/\/www.suno.com.br\/noticias\/#\/schema\/person\/3df0d2808748b74496efe5dbeaef2c72","name":"Laura Moutinho","image":{"@type":"ImageObject","inLanguage":"pt-BR","@id":"https:\/\/www.suno.com.br\/noticias\/#\/schema\/person\/image\/","url":"https:\/\/secure.gravatar.com\/avatar\/7571c7c8ca3a6fca5e41384ece5557ff?s=96&r=g","contentUrl":"https:\/\/secure.gravatar.com\/avatar\/7571c7c8ca3a6fca5e41384ece5557ff?s=96&r=g","caption":"Laura Moutinho"},"description":"Estagi\u00e1ria na Suno Not\u00edcias, escreve not\u00edcias que afetam o mercado financeiro. Estuda administra\u00e7\u00e3o na Universidade Presbiteriana Mackenzie.","url":"https:\/\/www.suno.com.br\/noticias\/author\/laura-moutinho\/"}]}},"default_loop_html":"<div class=\"cardsPage__listCard__boxs\"><div class=\"cardsPage__listCard__boxs__img\"><a href=\"https:\/\/www.suno.com.br\/noticias\/moodys-reduz-para-negativa-perspectiva-sobre-setor-bancario-brasileiro\/\"><img class=\"mask\" src=\"https:\/\/www.suno.com.br\/noticias\/wp-content\/themes\/suno\/resources\/images\/spotlight\/spotlight1img\/bg-mask.png\" alt=\"Image Mask\"\/><img src=\"https:\/\/files.sunoresearch.com.br\/n\/uploads\/2019\/01\/20456859-moody\u00b4s-400x200.webp\" alt=\"Moody&#8217;s reduz para &#8216;negativa&#8217; perspectiva sobre setor banc\u00e1rio brasileiro\"\/><\/a><span class=\"spotlightCategory\"><a href=\"https:\/\/www.suno.com.br\/noticias\/economia\/\">Economia<\/a><\/span><\/div><div class=\"cardsPage__listCard__boxs__content\"><a href=\"https:\/\/www.suno.com.br\/noticias\/moodys-reduz-para-negativa-perspectiva-sobre-setor-bancario-brasileiro\/\"><h2 class=\"content__title\">Moody&#8217;s reduz para &#8216;negativa&#8217; perspectiva sobre setor banc\u00e1rio brasileiro<\/h2><\/a><div class=\"newsContent__article__meta\"><div class=\"newsContent__article__meta__authorBox\"><a href=\"https:\/\/www.suno.com.br\/noticias\/author\/laura-moutinho\/\" class=\"authorBox__avatar noMobi\"><img src=\"https:\/\/files.sunoresearch.com.br\/n\/uploads\/2020\/08\/531ff69d-whatsapp-image-2020-08-03-at-14.54.38-150x150.webp\" alt=\"Laura Moutinho\"><\/a><div class=\"authorBox__name\"><span>por\n\t\t\t<a href=\"https:\/\/www.suno.com.br\/noticias\/author\/laura-moutinho\/\"><span itemprop=\"author\">Laura Moutinho<\/span><\/a><\/span><time datetime=\"2020-04-17T16:41:24-03:00\" itemprop=\"datePublished\">17\/04\/2020 16:41<\/time><\/div><\/div><\/div><\/div><\/div>","single_layout":"posts","amp_enabled":true,"_links":{"self":[{"href":"https:\/\/www.suno.com.br\/noticias\/wp-json\/wp\/v2\/posts\/61863"}],"collection":[{"href":"https:\/\/www.suno.com.br\/noticias\/wp-json\/wp\/v2\/posts"}],"about":[{"href":"https:\/\/www.suno.com.br\/noticias\/wp-json\/wp\/v2\/types\/post"}],"author":[{"embeddable":true,"href":"https:\/\/www.suno.com.br\/noticias\/wp-json\/wp\/v2\/users\/39"}],"replies":[{"embeddable":true,"href":"https:\/\/www.suno.com.br\/noticias\/wp-json\/wp\/v2\/comments?post=61863"}],"version-history":[{"count":0,"href":"https:\/\/www.suno.com.br\/noticias\/wp-json\/wp\/v2\/posts\/61863\/revisions"}],"wp:featuredmedia":[{"embeddable":true,"href":"https:\/\/www.suno.com.br\/noticias\/wp-json\/wp\/v2\/media\/13704"}],"wp:attachment":[{"href":"https:\/\/www.suno.com.br\/noticias\/wp-json\/wp\/v2\/media?parent=61863"}],"wp:term":[{"taxonomy":"category","embeddable":true,"href":"https:\/\/www.suno.com.br\/noticias\/wp-json\/wp\/v2\/categories?post=61863"},{"taxonomy":"post_tag","embeddable":true,"href":"https:\/\/www.suno.com.br\/noticias\/wp-json\/wp\/v2\/tags?post=61863"},{"taxonomy":"suno_strategy","embeddable":true,"href":"https:\/\/www.suno.com.br\/noticias\/wp-json\/wp\/v2\/suno_strategy?post=61863"}],"curies":[{"name":"wp","href":"https:\/\/api.w.org\/{rel}","templated":true}]}}