{"id":61861,"date":"2020-04-17T15:48:13","date_gmt":"2020-04-17T18:48:13","guid":{"rendered":"https:\/\/www.suno.com.br\/noticias\/?p=61861"},"modified":"2020-04-17T19:34:18","modified_gmt":"2020-04-17T22:34:18","slug":"castello-branco-petrobras-nao-quebra","status":"publish","type":"post","link":"https:\/\/www.suno.com.br\/noticias\/castello-branco-petrobras-nao-quebra\/","title":{"rendered":"Petrobras (PETR4) n\u00e3o vai quebrar, diz Castello Branco"},"content":{"rendered":"<p>O presidente da <strong>Petrobras<\/strong> (<a href=\"https:\/\/www.suno.com.br\/acoes\/petr3\/\">PETR3<\/a>; <a href=\"https:\/\/www.suno.com.br\/acoes\/petr4\/\">PETR4<\/a>), <a href=\"https:\/\/www.suno.com.br\/tudo-sobre\/roberto-castello-branco\/\">Roberto Castello Branco<\/a>, declarou nesta sexta feira (17) que a companhia n\u00e3o ir\u00e1 quebrar, assim como n\u00e3o vai realizar demiss\u00f5es em massa.<\/p>\t<div class=\"wrapper-featured-image\">\n\t\t<figure class=\"spotlightImg\">\n\n\t\t\t<picture>\n\t\t\t\t<source media=\"(max-width: 768px)\" srcset=\"https:\/\/files.sunoresearch.com.br\/n\/uploads\/2019\/10\/6395081a-petrobras-roberto-castello-branco-400x200.webp\">\n\t\t\t\t<img loading=\"lazy\" decoding=\"async\" class=\"newsContent__article__imgCapa lazyloadDisabled newsContent__article__imgCapa--noCaption\" src=\"https:\/\/files.sunoresearch.com.br\/n\/uploads\/2019\/10\/6395081a-petrobras-roberto-castello-branco-800x450.webp\" width=\"800\" height=\"450\" alt=\"Petrobras (PETR4) n\u00e3o vai quebrar, diz Castello Branco\" fetchpriority=high \/>\n\t\t\t<\/picture>\n\n\t\t\t<figcaption class=\"wp-caption-text wp-caption-text--hide\">O presidente da Petrobras (PETR4) disse estar confiante quanto a uma decis\u00e3o favor\u00e1vel \u00e0 companhia no julgamento das refinarias. <\/figcaption>\n\t\t<\/figure>\n\t<\/div>\n\n\n\n<p>\u201cEstamos fazendo tudo que est\u00e1 nos livros de boas pr\u00e1ticas de gest\u00e3o. Cortando custos sem recorrer a demiss\u00f5es. A Petrobras n\u00e3o est\u00e1 demitindo, n\u00e3o tem planos e isso nunca esteve sob considera\u00e7\u00e3o\u201d, afirmou Castelo Branco, em videoconfer\u00eancia com jornalistas.<\/p>\n<p><a href=\"https:\/\/lp.suno.com.br\/suno-one\/\">Suno One: O primeiro passo para alcan\u00e7ar a sua independ\u00eancia financeira<\/a><\/p>\n<p>Alguns sindicatos acusam a Petrobras de promover demiss\u00f5es em massa de empregados. Em resposta, o presidente da estatal afirmou que as acusa\u00e7\u00f5es s\u00e3o falsas, da mesma maneira que \u00e9 falsa a alega\u00e7\u00e3o de que a empresa est\u00e1 cortando a utiliza\u00e7\u00e3o da refinarias para importar mais. \u201cH\u00e1 boatos de que a empresa vai quebrar. A Petrobras n\u00e3o vai quebrar\u201d, reiterou.<\/p>\n<p><a href=\"https:\/\/www.suno.com.br\/noticias\/petrobras-petr4-reduz-producao-de-combustiveis-na-refinarias\/\">Saiba mais: Petrobras (PETR4) reduz produ\u00e7\u00e3o de combust\u00edveis na refinarias<\/a><\/p>\n<p>O executivo afirmou que a Petrobras est\u00e1 negociando com grandes fornecedores para manter a liquidez em caixa. \u201cN\u00e3o estamos fazendo isso com os pequenos, para mant\u00ea-los. E tamb\u00e9m estamos sendo flex\u00edveis com os nossos clientes\u201d, informou o presidente da estatal.<\/p>\n<p>De acordo com Castello Branco, a Petrobras reduziu os pre\u00e7os do combust\u00edveis, em conformidade com o movimento do mercado internacional. No entanto, a pr\u00e1tica n\u00e3o chegou nas bombas e, consequentemente, n\u00e3o chegou aos consumidores. \u201cEsperamos que os revendedores olhem para o lado do consumidor e n\u00e3o para si pr\u00f3prio\u201d, destacou o executivo.<\/p>\n<h2>Petrobras mant\u00e9m corte na produ\u00e7\u00e3o<\/h2>\n<p>O diretor de Explora\u00e7\u00e3o e Produ\u00e7\u00e3o da Petrobras, Carlos Alberto Pereira de Oliveira, afirmou que a companhia manter\u00e1 a redu\u00e7\u00e3o de 200 mil barris por dia (bpd) na produ\u00e7\u00e3o. \u201cEstamos cumprindo o plano. Na produ\u00e7\u00e3o, verificamos a demanda e a possibilidade de reduzir custos para escolher os campos que vamos cortar\u201d, explicou o diretor.<\/p>\n<p><a href=\"https:\/\/www.suno.com.br\/noticias\/petrobras-hiberta-plataformas-reduz-producao\/\">Saiba mais: Petrobras corta 23 mil barris por dia com hiberna\u00e7\u00e3o de 62 plataformas<\/a><\/p>\n<p>A Petrobras colocou 62 plataformas em hiberna\u00e7\u00e3o em campos de \u00e1guas rasas. A medida resultar\u00e1 na redu\u00e7\u00e3o de 23 mil bpd. \u201cEssa \u00e9 uma situa\u00e7\u00e3o moment\u00e2nea. N\u00e3o tem nada pr\u00e9-definido e nem \u00e9 para sempre\u201d, destacou Carlos Alberto.<\/p>\n<p>\u201cO nosso foco \u00e9 manter a liquidez da empresa. Vamos avaliar novas linhas de cr\u00e9ditos se for necess\u00e1rio, por enquanto priorizamos a redu\u00e7\u00e3o de custos&#8221;, ressaltou a diretora Financeira e de Relacionamento com Investidores, Andrea Almeida. A executiva afirmou que a Petrobras est\u00e1 tomando todas as medidas necess\u00e1rias para lidar com a crise. Mas, n\u00e3o h\u00e1 estimativas de m\u00e9dio prazo.<\/p>\n<p>\u201cN\u00e3o sabemos o cen\u00e1rio que estamos vivendo. Vamos desenhando as solu\u00e7\u00f5es conforme o quadro observado. Para os pr\u00f3ximos tr\u00eas meses, tentamos postergar pagamentos para o fim do ano, porque agora h\u00e1 restri\u00e7\u00e3o de demanda\u201d, detalhou a diretora de <strong>Petrobras.<\/strong><\/p>\n\n","protected":false},"excerpt":{"rendered":"<p>O presidente da Petrobras (PETR3; PETR4), Roberto Castello Branco, declarou nesta sexta feira (17) que a companhia n\u00e3o ir\u00e1 quebrar, assim como n\u00e3o vai realizar demiss\u00f5es em massa. O presidente da Petrobras (PETR4) disse estar confiante quanto a uma decis\u00e3o favor\u00e1vel \u00e0 companhia no julgamento das refinarias. \u201cEstamos fazendo tudo que est\u00e1 nos livros de [&hellip;]<\/p>\n","protected":false},"author":35,"featured_media":40333,"comment_status":"closed","ping_status":"closed","sticky":false,"template":"","format":"standard","meta":[],"categories":[64],"tags":[2426,595,946],"suno_strategy":[],"class_list":["post-61861","post","type-post","status-publish","format-standard","has-post-thumbnail","hentry","category-negocios","tag-petr3","tag-petrobras-petr4","tag-roberto-castello-branco"],"yoast_head":"<!-- This site is optimized with the Yoast SEO plugin v24.4 - https:\/\/yoast.com\/wordpress\/plugins\/seo\/ -->\n<title>Petrobras (PETR4) n\u00e3o vai quebrar, diz Castello Branco<\/title>\n<meta name=\"description\" content=\"Castello Branco, presidente da Petrobras (PETR4) afirmou que a companhia n\u00e3o ir\u00e1 quebrar, nem demitir em massa. Clique para saber mais\" \/>\n<meta name=\"robots\" content=\"index, follow, max-snippet:-1, max-image-preview:large, max-video-preview:-1\" \/>\n<link rel=\"canonical\" href=\"https:\/\/www.suno.com.br\/noticias\/castello-branco-petrobras-nao-quebra\/\" \/>\n<meta property=\"og:locale\" content=\"pt_BR\" \/>\n<meta property=\"og:type\" content=\"article\" \/>\n<meta property=\"og:title\" content=\"Petrobras (PETR4) n\u00e3o vai quebrar, diz Castello Branco\" \/>\n<meta property=\"og:description\" content=\"Castello Branco, presidente da Petrobras (PETR4) afirmou que a companhia n\u00e3o ir\u00e1 quebrar, nem demitir em massa. Clique para saber mais\" \/>\n<meta property=\"og:url\" content=\"https:\/\/www.suno.com.br\/noticias\/castello-branco-petrobras-nao-quebra\/\" \/>\n<meta property=\"og:site_name\" content=\"Suno Not\u00edcias\" \/>\n<meta property=\"article:publisher\" content=\"https:\/\/facebook.com\/sunoresearch\" \/>\n<meta property=\"og:image\" content=\"https:\/\/files.sunoresearch.com.br\/n\/uploads\/2019\/10\/6395081a-petrobras-roberto-castello-branco.jpg\" \/>\n\t<meta property=\"og:image:width\" content=\"868\" \/>\n\t<meta property=\"og:image:height\" content=\"644\" \/>\n\t<meta property=\"og:image:type\" content=\"image\/jpeg\" \/>\n<meta name=\"author\" content=\"Arthur Guimar\u00e3es\" \/>\n<meta name=\"twitter:card\" content=\"summary_large_image\" \/>\n<meta name=\"twitter:creator\" content=\"@sunoresearch\" \/>\n<meta name=\"twitter:site\" content=\"@sunoresearch\" \/>\n<meta name=\"twitter:label1\" content=\"Escrito por\" \/>\n\t<meta name=\"twitter:data1\" content=\"Arthur Guimar\u00e3es\" \/>\n\t<meta name=\"twitter:label2\" content=\"Est. tempo de leitura\" \/>\n\t<meta name=\"twitter:data2\" content=\"3 minutos\" \/>\n<script type=\"application\/ld+json\" class=\"yoast-schema-graph\">{\"@context\":\"https:\/\/schema.org\",\"@graph\":[{\"@type\":\"NewsArticle\",\"@id\":\"https:\/\/www.suno.com.br\/noticias\/castello-branco-petrobras-nao-quebra\/#article\",\"isPartOf\":{\"@id\":\"https:\/\/www.suno.com.br\/noticias\/castello-branco-petrobras-nao-quebra\/\"},\"author\":{\"name\":\"Arthur Guimar\u00e3es\",\"@id\":\"https:\/\/www.suno.com.br\/noticias\/#\/schema\/person\/053a750a709a263919a20f976caae91c\"},\"headline\":\"Petrobras (PETR4) n\u00e3o vai quebrar, diz Castello Branco\",\"datePublished\":\"2020-04-17T18:48:13+00:00\",\"dateModified\":\"2020-04-17T22:34:18+00:00\",\"mainEntityOfPage\":{\"@id\":\"https:\/\/www.suno.com.br\/noticias\/castello-branco-petrobras-nao-quebra\/\"},\"wordCount\":513,\"publisher\":{\"@id\":\"https:\/\/www.suno.com.br\/noticias\/#organization\"},\"image\":{\"@id\":\"https:\/\/www.suno.com.br\/noticias\/castello-branco-petrobras-nao-quebra\/#primaryimage\"},\"thumbnailUrl\":\"https:\/\/files.sunoresearch.com.br\/n\/uploads\/2019\/10\/6395081a-petrobras-roberto-castello-branco-jpg.webp\",\"keywords\":[\"PETR3\",\"Petrobras (PETR4)\",\"Roberto Castello Branco\"],\"articleSection\":[\"Neg\u00f3cios\"],\"inLanguage\":\"pt-BR\"},{\"@type\":\"WebPage\",\"@id\":\"https:\/\/www.suno.com.br\/noticias\/castello-branco-petrobras-nao-quebra\/\",\"url\":\"https:\/\/www.suno.com.br\/noticias\/castello-branco-petrobras-nao-quebra\/\",\"name\":\"Petrobras (PETR4) n\u00e3o vai quebrar, diz Castello Branco\",\"isPartOf\":{\"@id\":\"https:\/\/www.suno.com.br\/noticias\/#website\"},\"primaryImageOfPage\":{\"@id\":\"https:\/\/www.suno.com.br\/noticias\/castello-branco-petrobras-nao-quebra\/#primaryimage\"},\"image\":{\"@id\":\"https:\/\/www.suno.com.br\/noticias\/castello-branco-petrobras-nao-quebra\/#primaryimage\"},\"thumbnailUrl\":\"https:\/\/files.sunoresearch.com.br\/n\/uploads\/2019\/10\/6395081a-petrobras-roberto-castello-branco-jpg.webp\",\"datePublished\":\"2020-04-17T18:48:13+00:00\",\"dateModified\":\"2020-04-17T22:34:18+00:00\",\"description\":\"Castello Branco, presidente da Petrobras (PETR4) afirmou que a companhia n\u00e3o ir\u00e1 quebrar, nem demitir em massa. Clique para saber mais\",\"breadcrumb\":{\"@id\":\"https:\/\/www.suno.com.br\/noticias\/castello-branco-petrobras-nao-quebra\/#breadcrumb\"},\"inLanguage\":\"pt-BR\",\"potentialAction\":[{\"@type\":\"ReadAction\",\"target\":[\"https:\/\/www.suno.com.br\/noticias\/castello-branco-petrobras-nao-quebra\/\"]}]},{\"@type\":\"ImageObject\",\"inLanguage\":\"pt-BR\",\"@id\":\"https:\/\/www.suno.com.br\/noticias\/castello-branco-petrobras-nao-quebra\/#primaryimage\",\"url\":\"https:\/\/files.sunoresearch.com.br\/n\/uploads\/2019\/10\/6395081a-petrobras-roberto-castello-branco-jpg.webp\",\"contentUrl\":\"https:\/\/files.sunoresearch.com.br\/n\/uploads\/2019\/10\/6395081a-petrobras-roberto-castello-branco-jpg.webp\",\"width\":868,\"height\":644,\"caption\":\"O presidente da Petrobras (PETR4) disse estar confiante quanto a uma decis\u00e3o favor\u00e1vel \u00e0 companhia no julgamento das refinarias.\"},{\"@type\":\"BreadcrumbList\",\"@id\":\"https:\/\/www.suno.com.br\/noticias\/castello-branco-petrobras-nao-quebra\/#breadcrumb\",\"itemListElement\":[{\"@type\":\"ListItem\",\"position\":1,\"name\":\"Not\u00edcias\",\"item\":\"https:\/\/www.suno.com.br\/noticias\/\"},{\"@type\":\"ListItem\",\"position\":2,\"name\":\"Neg\u00f3cios\",\"item\":\"https:\/\/www.suno.com.br\/noticias\/negocios\/\"},{\"@type\":\"ListItem\",\"position\":3,\"name\":\"Petrobras (PETR4) n\u00e3o vai quebrar, diz Castello Branco\"}]},{\"@type\":\"WebSite\",\"@id\":\"https:\/\/www.suno.com.br\/noticias\/#website\",\"url\":\"https:\/\/www.suno.com.br\/noticias\/\",\"name\":\"Suno Not\u00edcias\",\"description\":\"Seu portal de informa\u00e7\u00e3o sobre o mundo dos investimentos\",\"publisher\":{\"@id\":\"https:\/\/www.suno.com.br\/noticias\/#organization\"},\"potentialAction\":[{\"@type\":\"SearchAction\",\"target\":{\"@type\":\"EntryPoint\",\"urlTemplate\":\"https:\/\/www.suno.com.br\/noticias\/?s={search_term_string}\"},\"query-input\":{\"@type\":\"PropertyValueSpecification\",\"valueRequired\":true,\"valueName\":\"search_term_string\"}}],\"inLanguage\":\"pt-BR\"},{\"@type\":\"Organization\",\"@id\":\"https:\/\/www.suno.com.br\/noticias\/#organization\",\"name\":\"Suno Not\u00edcias\",\"url\":\"https:\/\/www.suno.com.br\/noticias\/\",\"logo\":{\"@type\":\"ImageObject\",\"inLanguage\":\"pt-BR\",\"@id\":\"https:\/\/www.suno.com.br\/noticias\/#\/schema\/logo\/image\/\",\"url\":\"https:\/\/files.sunoresearch.com.br\/n\/uploads\/2021\/09\/suno-logo.png\",\"contentUrl\":\"https:\/\/files.sunoresearch.com.br\/n\/uploads\/2021\/09\/suno-logo.png\",\"width\":180,\"height\":180,\"caption\":\"Suno Not\u00edcias\"},\"image\":{\"@id\":\"https:\/\/www.suno.com.br\/noticias\/#\/schema\/logo\/image\/\"},\"sameAs\":[\"https:\/\/facebook.com\/sunoresearch\",\"https:\/\/x.com\/sunoresearch\",\"https:\/\/www.instagram.com\/suno\",\"https:\/\/www.linkedin.com\/company\/suno-research\/\",\"https:\/\/www.youtube.com\/c\/sunoresearch\"]},{\"@type\":\"Person\",\"@id\":\"https:\/\/www.suno.com.br\/noticias\/#\/schema\/person\/053a750a709a263919a20f976caae91c\",\"name\":\"Arthur Guimar\u00e3es\",\"image\":{\"@type\":\"ImageObject\",\"inLanguage\":\"pt-BR\",\"@id\":\"https:\/\/www.suno.com.br\/noticias\/#\/schema\/person\/image\/\",\"url\":\"https:\/\/secure.gravatar.com\/avatar\/1affd86a11209ae09eb6dd3bcad3e96c?s=96&r=g\",\"contentUrl\":\"https:\/\/secure.gravatar.com\/avatar\/1affd86a11209ae09eb6dd3bcad3e96c?s=96&r=g\",\"caption\":\"Arthur Guimar\u00e3es\"},\"description\":\"Arthur Guimar\u00e3es escreve sobre pol\u00edtica, economia e neg\u00f3cios para o portal de not\u00edcias da Suno Research. Atualmente, \u00e9 estudante de jornalismo pela Faculdade C\u00e1sper L\u00edbero.\",\"url\":\"https:\/\/www.suno.com.br\/noticias\/author\/arthur-guimaraes\/\"}]}<\/script>\n<!-- \/ Yoast SEO plugin. -->","yoast_head_json":{"title":"Petrobras (PETR4) n\u00e3o vai quebrar, diz Castello Branco","description":"Castello Branco, presidente da Petrobras (PETR4) afirmou que a companhia n\u00e3o ir\u00e1 quebrar, nem demitir em massa. Clique para saber mais","robots":{"index":"index","follow":"follow","max-snippet":"max-snippet:-1","max-image-preview":"max-image-preview:large","max-video-preview":"max-video-preview:-1"},"canonical":"https:\/\/www.suno.com.br\/noticias\/castello-branco-petrobras-nao-quebra\/","og_locale":"pt_BR","og_type":"article","og_title":"Petrobras (PETR4) n\u00e3o vai quebrar, diz Castello Branco","og_description":"Castello Branco, presidente da Petrobras (PETR4) afirmou que a companhia n\u00e3o ir\u00e1 quebrar, nem demitir em massa. Clique para saber mais","og_url":"https:\/\/www.suno.com.br\/noticias\/castello-branco-petrobras-nao-quebra\/","og_site_name":"Suno Not\u00edcias","article_publisher":"https:\/\/facebook.com\/sunoresearch","og_image":[{"width":868,"height":644,"url":"https:\/\/files.sunoresearch.com.br\/n\/uploads\/2019\/10\/6395081a-petrobras-roberto-castello-branco.jpg","type":"image\/jpeg"}],"author":"Arthur Guimar\u00e3es","twitter_card":"summary_large_image","twitter_creator":"@sunoresearch","twitter_site":"@sunoresearch","twitter_misc":{"Escrito por":"Arthur Guimar\u00e3es","Est. tempo de leitura":"3 minutos"},"schema":{"@context":"https:\/\/schema.org","@graph":[{"@type":"NewsArticle","@id":"https:\/\/www.suno.com.br\/noticias\/castello-branco-petrobras-nao-quebra\/#article","isPartOf":{"@id":"https:\/\/www.suno.com.br\/noticias\/castello-branco-petrobras-nao-quebra\/"},"author":{"name":"Arthur Guimar\u00e3es","@id":"https:\/\/www.suno.com.br\/noticias\/#\/schema\/person\/053a750a709a263919a20f976caae91c"},"headline":"Petrobras (PETR4) n\u00e3o vai quebrar, diz Castello Branco","datePublished":"2020-04-17T18:48:13+00:00","dateModified":"2020-04-17T22:34:18+00:00","mainEntityOfPage":{"@id":"https:\/\/www.suno.com.br\/noticias\/castello-branco-petrobras-nao-quebra\/"},"wordCount":513,"publisher":{"@id":"https:\/\/www.suno.com.br\/noticias\/#organization"},"image":{"@id":"https:\/\/www.suno.com.br\/noticias\/castello-branco-petrobras-nao-quebra\/#primaryimage"},"thumbnailUrl":"https:\/\/files.sunoresearch.com.br\/n\/uploads\/2019\/10\/6395081a-petrobras-roberto-castello-branco-jpg.webp","keywords":["PETR3","Petrobras (PETR4)","Roberto Castello Branco"],"articleSection":["Neg\u00f3cios"],"inLanguage":"pt-BR"},{"@type":"WebPage","@id":"https:\/\/www.suno.com.br\/noticias\/castello-branco-petrobras-nao-quebra\/","url":"https:\/\/www.suno.com.br\/noticias\/castello-branco-petrobras-nao-quebra\/","name":"Petrobras (PETR4) n\u00e3o vai quebrar, diz Castello Branco","isPartOf":{"@id":"https:\/\/www.suno.com.br\/noticias\/#website"},"primaryImageOfPage":{"@id":"https:\/\/www.suno.com.br\/noticias\/castello-branco-petrobras-nao-quebra\/#primaryimage"},"image":{"@id":"https:\/\/www.suno.com.br\/noticias\/castello-branco-petrobras-nao-quebra\/#primaryimage"},"thumbnailUrl":"https:\/\/files.sunoresearch.com.br\/n\/uploads\/2019\/10\/6395081a-petrobras-roberto-castello-branco-jpg.webp","datePublished":"2020-04-17T18:48:13+00:00","dateModified":"2020-04-17T22:34:18+00:00","description":"Castello Branco, presidente da Petrobras (PETR4) afirmou que a companhia n\u00e3o ir\u00e1 quebrar, nem demitir em massa. Clique para saber mais","breadcrumb":{"@id":"https:\/\/www.suno.com.br\/noticias\/castello-branco-petrobras-nao-quebra\/#breadcrumb"},"inLanguage":"pt-BR","potentialAction":[{"@type":"ReadAction","target":["https:\/\/www.suno.com.br\/noticias\/castello-branco-petrobras-nao-quebra\/"]}]},{"@type":"ImageObject","inLanguage":"pt-BR","@id":"https:\/\/www.suno.com.br\/noticias\/castello-branco-petrobras-nao-quebra\/#primaryimage","url":"https:\/\/files.sunoresearch.com.br\/n\/uploads\/2019\/10\/6395081a-petrobras-roberto-castello-branco-jpg.webp","contentUrl":"https:\/\/files.sunoresearch.com.br\/n\/uploads\/2019\/10\/6395081a-petrobras-roberto-castello-branco-jpg.webp","width":868,"height":644,"caption":"O presidente da Petrobras (PETR4) disse estar confiante quanto a uma decis\u00e3o favor\u00e1vel \u00e0 companhia no julgamento das refinarias."},{"@type":"BreadcrumbList","@id":"https:\/\/www.suno.com.br\/noticias\/castello-branco-petrobras-nao-quebra\/#breadcrumb","itemListElement":[{"@type":"ListItem","position":1,"name":"Not\u00edcias","item":"https:\/\/www.suno.com.br\/noticias\/"},{"@type":"ListItem","position":2,"name":"Neg\u00f3cios","item":"https:\/\/www.suno.com.br\/noticias\/negocios\/"},{"@type":"ListItem","position":3,"name":"Petrobras (PETR4) n\u00e3o vai quebrar, diz Castello Branco"}]},{"@type":"WebSite","@id":"https:\/\/www.suno.com.br\/noticias\/#website","url":"https:\/\/www.suno.com.br\/noticias\/","name":"Suno Not\u00edcias","description":"Seu portal de informa\u00e7\u00e3o sobre o mundo dos investimentos","publisher":{"@id":"https:\/\/www.suno.com.br\/noticias\/#organization"},"potentialAction":[{"@type":"SearchAction","target":{"@type":"EntryPoint","urlTemplate":"https:\/\/www.suno.com.br\/noticias\/?s={search_term_string}"},"query-input":{"@type":"PropertyValueSpecification","valueRequired":true,"valueName":"search_term_string"}}],"inLanguage":"pt-BR"},{"@type":"Organization","@id":"https:\/\/www.suno.com.br\/noticias\/#organization","name":"Suno Not\u00edcias","url":"https:\/\/www.suno.com.br\/noticias\/","logo":{"@type":"ImageObject","inLanguage":"pt-BR","@id":"https:\/\/www.suno.com.br\/noticias\/#\/schema\/logo\/image\/","url":"https:\/\/files.sunoresearch.com.br\/n\/uploads\/2021\/09\/suno-logo.png","contentUrl":"https:\/\/files.sunoresearch.com.br\/n\/uploads\/2021\/09\/suno-logo.png","width":180,"height":180,"caption":"Suno Not\u00edcias"},"image":{"@id":"https:\/\/www.suno.com.br\/noticias\/#\/schema\/logo\/image\/"},"sameAs":["https:\/\/facebook.com\/sunoresearch","https:\/\/x.com\/sunoresearch","https:\/\/www.instagram.com\/suno","https:\/\/www.linkedin.com\/company\/suno-research\/","https:\/\/www.youtube.com\/c\/sunoresearch"]},{"@type":"Person","@id":"https:\/\/www.suno.com.br\/noticias\/#\/schema\/person\/053a750a709a263919a20f976caae91c","name":"Arthur Guimar\u00e3es","image":{"@type":"ImageObject","inLanguage":"pt-BR","@id":"https:\/\/www.suno.com.br\/noticias\/#\/schema\/person\/image\/","url":"https:\/\/secure.gravatar.com\/avatar\/1affd86a11209ae09eb6dd3bcad3e96c?s=96&r=g","contentUrl":"https:\/\/secure.gravatar.com\/avatar\/1affd86a11209ae09eb6dd3bcad3e96c?s=96&r=g","caption":"Arthur Guimar\u00e3es"},"description":"Arthur Guimar\u00e3es escreve sobre pol\u00edtica, economia e neg\u00f3cios para o portal de not\u00edcias da Suno Research. Atualmente, \u00e9 estudante de jornalismo pela Faculdade C\u00e1sper L\u00edbero.","url":"https:\/\/www.suno.com.br\/noticias\/author\/arthur-guimaraes\/"}]}},"default_loop_html":"<div class=\"cardsPage__listCard__boxs\"><div class=\"cardsPage__listCard__boxs__img\"><a href=\"https:\/\/www.suno.com.br\/noticias\/castello-branco-petrobras-nao-quebra\/\"><img class=\"mask\" src=\"https:\/\/www.suno.com.br\/noticias\/wp-content\/themes\/suno\/resources\/images\/spotlight\/spotlight1img\/bg-mask.png\" alt=\"Image Mask\"\/><img src=\"https:\/\/files.sunoresearch.com.br\/n\/uploads\/2019\/10\/6395081a-petrobras-roberto-castello-branco-400x200.webp\" alt=\"Petrobras (PETR4) n\u00e3o vai quebrar, diz Castello Branco\"\/><\/a><span class=\"spotlightCategory\"><a href=\"https:\/\/www.suno.com.br\/noticias\/negocios\/\">Neg\u00f3cios<\/a><\/span><\/div><div class=\"cardsPage__listCard__boxs__content\"><a href=\"https:\/\/www.suno.com.br\/noticias\/castello-branco-petrobras-nao-quebra\/\"><h2 class=\"content__title\">Petrobras (PETR4) n\u00e3o vai quebrar, diz Castello Branco<\/h2><\/a><div class=\"newsContent__article__meta\"><div class=\"newsContent__article__meta__authorBox\"><a href=\"https:\/\/www.suno.com.br\/noticias\/author\/arthur-guimaraes\/\" class=\"authorBox__avatar noMobi\"><img src=\"https:\/\/files.sunoresearch.com.br\/n\/uploads\/2020\/02\/dfb40897-eu-150x150.webp\" alt=\"Arthur Guimar\u00e3es\"><\/a><div class=\"authorBox__name\"><span>por\n\t\t\t<a href=\"https:\/\/www.suno.com.br\/noticias\/author\/arthur-guimaraes\/\"><span itemprop=\"author\">Arthur Guimar\u00e3es<\/span><\/a><\/span><time datetime=\"2020-04-17T15:48:13-03:00\" itemprop=\"datePublished\">17\/04\/2020 15:48<\/time><\/div><\/div><\/div><\/div><\/div>","single_layout":"posts","amp_enabled":true,"_links":{"self":[{"href":"https:\/\/www.suno.com.br\/noticias\/wp-json\/wp\/v2\/posts\/61861"}],"collection":[{"href":"https:\/\/www.suno.com.br\/noticias\/wp-json\/wp\/v2\/posts"}],"about":[{"href":"https:\/\/www.suno.com.br\/noticias\/wp-json\/wp\/v2\/types\/post"}],"author":[{"embeddable":true,"href":"https:\/\/www.suno.com.br\/noticias\/wp-json\/wp\/v2\/users\/35"}],"replies":[{"embeddable":true,"href":"https:\/\/www.suno.com.br\/noticias\/wp-json\/wp\/v2\/comments?post=61861"}],"version-history":[{"count":0,"href":"https:\/\/www.suno.com.br\/noticias\/wp-json\/wp\/v2\/posts\/61861\/revisions"}],"wp:featuredmedia":[{"embeddable":true,"href":"https:\/\/www.suno.com.br\/noticias\/wp-json\/wp\/v2\/media\/40333"}],"wp:attachment":[{"href":"https:\/\/www.suno.com.br\/noticias\/wp-json\/wp\/v2\/media?parent=61861"}],"wp:term":[{"taxonomy":"category","embeddable":true,"href":"https:\/\/www.suno.com.br\/noticias\/wp-json\/wp\/v2\/categories?post=61861"},{"taxonomy":"post_tag","embeddable":true,"href":"https:\/\/www.suno.com.br\/noticias\/wp-json\/wp\/v2\/tags?post=61861"},{"taxonomy":"suno_strategy","embeddable":true,"href":"https:\/\/www.suno.com.br\/noticias\/wp-json\/wp\/v2\/suno_strategy?post=61861"}],"curies":[{"name":"wp","href":"https:\/\/api.w.org\/{rel}","templated":true}]}}