{"id":61824,"date":"2020-04-17T12:08:24","date_gmt":"2020-04-17T15:08:24","guid":{"rendered":"https:\/\/www.suno.com.br\/noticias\/?p=61824"},"modified":"2020-04-17T12:08:24","modified_gmt":"2020-04-17T15:08:24","slug":"petrobras-petr4-reduz-producao-de-combustiveis-na-refinarias","status":"publish","type":"post","link":"https:\/\/www.suno.com.br\/noticias\/petrobras-petr4-reduz-producao-de-combustiveis-na-refinarias\/","title":{"rendered":"Petrobras (PETR4) reduz produ\u00e7\u00e3o de combust\u00edveis na refinarias"},"content":{"rendered":"<p>A produ\u00e7\u00e3o de combust\u00edveis nas refinarias da <a href=\"https:\/\/www.suno.com.br\/acoes\/petr4\/\"><strong>Petrobras<\/strong> <\/a>(<a href=\"https:\/\/www.suno.com.br\/acoes\/petr3\/\">PETR3<\/a>;<a href=\"https:\/\/www.suno.com.br\/acoes\/petr4\/\">PETR4<\/a>) sofreu redu\u00e7\u00e3o e a prioridade agora da petrol\u00edfera estatal \u00e9 a produ\u00e7\u00e3o de G\u00e1s Liquefeito de Petr\u00f3leo (GLP) para abastecer o mercado interno. A Federa\u00e7\u00e3o \u00danica dos Petroleiros (FUP), o sindicato, informou que a queda \u00e9 de 50%.<\/p>\t<div class=\"wrapper-featured-image\">\n\t\t<figure class=\"spotlightImg\">\n\n\t\t\t<picture>\n\t\t\t\t<source media=\"(max-width: 768px)\" srcset=\"https:\/\/files.sunoresearch.com.br\/n\/uploads\/2019\/06\/409f9318-petrobras-400x200.webp\">\n\t\t\t\t<img loading=\"lazy\" decoding=\"async\" class=\"newsContent__article__imgCapa lazyloadDisabled newsContent__article__imgCapa--noCaption\" src=\"https:\/\/files.sunoresearch.com.br\/n\/uploads\/2019\/06\/409f9318-petrobras-jpg.webp\" width=\"800\" height=\"450\" alt=\"Petrobras (PETR4) reduz produ\u00e7\u00e3o de combust\u00edveis na refinarias\" fetchpriority=high \/>\n\t\t\t<\/picture>\n\n\t\t\t<figcaption class=\"wp-caption-text wp-caption-text--hide\">Petrobras (PETR4) elevar\u00e1 em 10% o pre\u00e7o da gasolina em refinarias<\/figcaption>\n\t\t<\/figure>\n\t<\/div>\n\n\n\n<p>&#8220;Em fun\u00e7\u00e3o da mudan\u00e7a do comportamento na vida de todos, houve um grande aumento na procura de GLP, que chegou a faltar, mas na pr\u00f3xima semana deve ter o abastecimento normalizado. Temos a miss\u00e3o de preservar o abastecimento&#8221;, disse o diretor da Ag\u00eancia Nacional do Petr\u00f3leo, G\u00e1s Natural e Biocombust\u00edveis (ANP), Felipe Kury.<\/p>\n<p><a href=\"https:\/\/lp.suno.com.br\/suno-one\/\"><span data-sheets-value=\"{&quot;1&quot;:2,&quot;2&quot;:&quot;Garanta acesso gratuito \u00e0 eBooks, Minicursos, Artigos e Video Aulas com um \u00fanico cadastro. Clique para saber mais.&quot;}\" data-sheets-userformat=\"{&quot;2&quot;:513,&quot;3&quot;:{&quot;1&quot;:0},&quot;12&quot;:0}\">Garanta acesso gratuito \u00e0 eBooks, Minicursos, Artigos e Video Aulas com um \u00fanico cadastro. Clique para saber mais.<\/span><\/a><\/p>\n<p>No entanto, o executivo n\u00e3o informou o tamanho da queda na produ\u00e7\u00e3o nas refinarias, apenas comentou as quedas no consumo, querosene de avia\u00e7\u00e3o (84%), gasolina (35%) e diesel (22%).<\/p>\n<p>A redu\u00e7\u00e3o na produ\u00e7\u00e3o tem causado diversos protestos pelo sindicado que est\u00e1 pedindo nas redes sociais a sa\u00edda do atual presidente da estatal, Roberto Castello Branco. A FUP denuncia a queda de at\u00e9 50% na produ\u00e7\u00e3o nas unidades e culpa a atual pol\u00edtica de pre\u00e7os da empresa, em compara\u00e7\u00e3o com o mercado internacional.<\/p>\n<p>No protesto o sindicato defende:<\/p>\n<ul>\n<li>redu\u00e7\u00e3o nos pre\u00e7os em benef\u00edcio da popula\u00e7\u00e3o<\/li>\n<li>combust\u00edveis de gra\u00e7a ou com subs\u00eddio para ambul\u00e2ncias, bombeiros e ve\u00edculos que est\u00e3o no combate \u00e0 pandemia<\/li>\n<\/ul>\n<p>Por sua vez, a Petrobras informou que a redu\u00e7\u00e3o da produ\u00e7\u00e3o visa reduzir o estoque de derivados que sem demanda n\u00e3o tem mais onde ser acumulado, com a exporta\u00e7\u00e3o tamb\u00e9m limitada pela falta de demanda externa.<\/p>\n<h2>Hiberna\u00e7\u00e3o de 62 plataformas da Petrobras<\/h2>\n<p>A estatal petroleira informou na \u00faltima quarta-feira (16) que iniciou a hiberna\u00e7\u00e3o de 62 plataformas em campos de \u00e1guas rasas. A medida resultar\u00e1 na redu\u00e7\u00e3o de 23 mil barris de petr\u00f3leo por dia (bpd).<\/p>\n<p>A empresa petrol\u00edfera informou, em comunicado, que a decis\u00e3o inclui as bacias de Campos, Sergipe Potiguar e Cear\u00e1. De acordo com a companhia, as plataformas n\u00e3o possuem condi\u00e7\u00f5es econ\u00f4micas para operar com baixos <a href=\"https:\/\/www.suno.com.br\/artigos\/cotacao-do-petroleo\/\">pre\u00e7os do petr\u00f3leo<\/a>.<\/p>\n<p>As cota\u00e7\u00f5es do pre\u00e7o da <a href=\"https:\/\/www.suno.com.br\/artigos\/commodities\/\">commodity<\/a> t\u00eam sido pressionadas, recentemente, devido \u00e0 queda mundial de demanda por petr\u00f3leo. A baixa \u00e9 consequ\u00eancia das medidas para conter a pandemia do novo coronav\u00edrus. A demanda global de petr\u00f3leo dever\u00e1 cair 30% em abril, segundo dados da Ag\u00eancia Internacional de Emergia (AIE).<\/p>\n<p>A <strong>Petrobras<\/strong> destacou que 80% dessas plataformas n\u00e3o s\u00e3o habitadas e que o empregados das unidades habitadas n\u00e3o ser\u00e3o demitidos. A medida, segundo a petroleira, \u201cfaz parte de uma s\u00e9rie de a\u00e7\u00f5es para preservar os empregos e a sustentabilidade da empresa nesta que \u00e9 a pior crise da ind\u00fastria do petr\u00f3leo em cem anos\u201d.<\/p>\n\n","protected":false},"excerpt":{"rendered":"<p>A produ\u00e7\u00e3o de combust\u00edveis nas refinarias da Petrobras (PETR3;PETR4) sofreu redu\u00e7\u00e3o e a prioridade agora da petrol\u00edfera estatal \u00e9 a produ\u00e7\u00e3o de G\u00e1s Liquefeito de Petr\u00f3leo (GLP) para abastecer o mercado interno. A Federa\u00e7\u00e3o \u00danica dos Petroleiros (FUP), o sindicato, informou que a queda \u00e9 de 50%. Petrobras (PETR4) elevar\u00e1 em 10% o pre\u00e7o da [&hellip;]<\/p>\n","protected":false},"author":15,"featured_media":28682,"comment_status":"closed","ping_status":"closed","sticky":false,"template":"","format":"standard","meta":[],"categories":[64],"tags":[2426,595],"suno_strategy":[],"class_list":["post-61824","post","type-post","status-publish","format-standard","has-post-thumbnail","hentry","category-negocios","tag-petr3","tag-petrobras-petr4"],"yoast_head":"<!-- This site is optimized with the Yoast SEO plugin v24.4 - https:\/\/yoast.com\/wordpress\/plugins\/seo\/ -->\n<title>Petrobras (PETR4) reduz produ\u00e7\u00e3o de combust\u00edveis na refinarias<\/title>\n<meta name=\"description\" content=\"A produ\u00e7\u00e3o de combust\u00edveis nas refinarias da Petrobras sofreu redu\u00e7\u00e3o e agora prioriza produ\u00e7\u00e3o de g\u00e1s para abastecer o mercado. Clique aqui\" \/>\n<meta name=\"robots\" content=\"index, follow, max-snippet:-1, max-image-preview:large, max-video-preview:-1\" \/>\n<link rel=\"canonical\" href=\"https:\/\/www.suno.com.br\/noticias\/petrobras-petr4-reduz-producao-de-combustiveis-na-refinarias\/\" \/>\n<meta property=\"og:locale\" content=\"pt_BR\" \/>\n<meta property=\"og:type\" content=\"article\" \/>\n<meta property=\"og:title\" content=\"Petrobras (PETR4) reduz produ\u00e7\u00e3o de combust\u00edveis na refinarias\" \/>\n<meta property=\"og:description\" content=\"A produ\u00e7\u00e3o de combust\u00edveis nas refinarias da Petrobras sofreu redu\u00e7\u00e3o e agora prioriza produ\u00e7\u00e3o de g\u00e1s para abastecer o mercado. Clique aqui\" \/>\n<meta property=\"og:url\" content=\"https:\/\/www.suno.com.br\/noticias\/petrobras-petr4-reduz-producao-de-combustiveis-na-refinarias\/\" \/>\n<meta property=\"og:site_name\" content=\"Suno Not\u00edcias\" \/>\n<meta property=\"article:publisher\" content=\"https:\/\/facebook.com\/sunoresearch\" \/>\n<meta property=\"og:image\" content=\"https:\/\/files.sunoresearch.com.br\/n\/uploads\/2019\/06\/409f9318-petrobras.jpg\" \/>\n\t<meta property=\"og:image:width\" content=\"678\" \/>\n\t<meta property=\"og:image:height\" content=\"381\" \/>\n\t<meta property=\"og:image:type\" content=\"image\/jpeg\" \/>\n<meta name=\"author\" content=\"Poliana Santos\" \/>\n<meta name=\"twitter:card\" content=\"summary_large_image\" \/>\n<meta name=\"twitter:creator\" content=\"@sunoresearch\" \/>\n<meta name=\"twitter:site\" content=\"@sunoresearch\" \/>\n<meta name=\"twitter:label1\" content=\"Escrito por\" \/>\n\t<meta name=\"twitter:data1\" content=\"Poliana Santos\" \/>\n\t<meta name=\"twitter:label2\" content=\"Est. tempo de leitura\" \/>\n\t<meta name=\"twitter:data2\" content=\"3 minutos\" \/>\n<script type=\"application\/ld+json\" class=\"yoast-schema-graph\">{\"@context\":\"https:\/\/schema.org\",\"@graph\":[{\"@type\":\"NewsArticle\",\"@id\":\"https:\/\/www.suno.com.br\/noticias\/petrobras-petr4-reduz-producao-de-combustiveis-na-refinarias\/#article\",\"isPartOf\":{\"@id\":\"https:\/\/www.suno.com.br\/noticias\/petrobras-petr4-reduz-producao-de-combustiveis-na-refinarias\/\"},\"author\":{\"name\":\"Poliana Santos\",\"@id\":\"https:\/\/www.suno.com.br\/noticias\/#\/schema\/person\/02ec1f752758247878a2bf4abee1aeda\"},\"headline\":\"Petrobras (PETR4) reduz produ\u00e7\u00e3o de combust\u00edveis na refinarias\",\"datePublished\":\"2020-04-17T15:08:24+00:00\",\"mainEntityOfPage\":{\"@id\":\"https:\/\/www.suno.com.br\/noticias\/petrobras-petr4-reduz-producao-de-combustiveis-na-refinarias\/\"},\"wordCount\":513,\"publisher\":{\"@id\":\"https:\/\/www.suno.com.br\/noticias\/#organization\"},\"image\":{\"@id\":\"https:\/\/www.suno.com.br\/noticias\/petrobras-petr4-reduz-producao-de-combustiveis-na-refinarias\/#primaryimage\"},\"thumbnailUrl\":\"https:\/\/files.sunoresearch.com.br\/n\/uploads\/2019\/06\/409f9318-petrobras-jpg.webp\",\"keywords\":[\"PETR3\",\"Petrobras (PETR4)\"],\"articleSection\":[\"Neg\u00f3cios\"],\"inLanguage\":\"pt-BR\"},{\"@type\":\"WebPage\",\"@id\":\"https:\/\/www.suno.com.br\/noticias\/petrobras-petr4-reduz-producao-de-combustiveis-na-refinarias\/\",\"url\":\"https:\/\/www.suno.com.br\/noticias\/petrobras-petr4-reduz-producao-de-combustiveis-na-refinarias\/\",\"name\":\"Petrobras (PETR4) reduz produ\u00e7\u00e3o de combust\u00edveis na refinarias\",\"isPartOf\":{\"@id\":\"https:\/\/www.suno.com.br\/noticias\/#website\"},\"primaryImageOfPage\":{\"@id\":\"https:\/\/www.suno.com.br\/noticias\/petrobras-petr4-reduz-producao-de-combustiveis-na-refinarias\/#primaryimage\"},\"image\":{\"@id\":\"https:\/\/www.suno.com.br\/noticias\/petrobras-petr4-reduz-producao-de-combustiveis-na-refinarias\/#primaryimage\"},\"thumbnailUrl\":\"https:\/\/files.sunoresearch.com.br\/n\/uploads\/2019\/06\/409f9318-petrobras-jpg.webp\",\"datePublished\":\"2020-04-17T15:08:24+00:00\",\"description\":\"A produ\u00e7\u00e3o de combust\u00edveis nas refinarias da Petrobras sofreu redu\u00e7\u00e3o e agora prioriza produ\u00e7\u00e3o de g\u00e1s para abastecer o mercado. Clique aqui\",\"breadcrumb\":{\"@id\":\"https:\/\/www.suno.com.br\/noticias\/petrobras-petr4-reduz-producao-de-combustiveis-na-refinarias\/#breadcrumb\"},\"inLanguage\":\"pt-BR\",\"potentialAction\":[{\"@type\":\"ReadAction\",\"target\":[\"https:\/\/www.suno.com.br\/noticias\/petrobras-petr4-reduz-producao-de-combustiveis-na-refinarias\/\"]}]},{\"@type\":\"ImageObject\",\"inLanguage\":\"pt-BR\",\"@id\":\"https:\/\/www.suno.com.br\/noticias\/petrobras-petr4-reduz-producao-de-combustiveis-na-refinarias\/#primaryimage\",\"url\":\"https:\/\/files.sunoresearch.com.br\/n\/uploads\/2019\/06\/409f9318-petrobras-jpg.webp\",\"contentUrl\":\"https:\/\/files.sunoresearch.com.br\/n\/uploads\/2019\/06\/409f9318-petrobras-jpg.webp\",\"width\":678,\"height\":381,\"caption\":\"Petrobras (PETR4) elevar\u00e1 em 10% o pre\u00e7o da gasolina em refinarias\"},{\"@type\":\"BreadcrumbList\",\"@id\":\"https:\/\/www.suno.com.br\/noticias\/petrobras-petr4-reduz-producao-de-combustiveis-na-refinarias\/#breadcrumb\",\"itemListElement\":[{\"@type\":\"ListItem\",\"position\":1,\"name\":\"Not\u00edcias\",\"item\":\"https:\/\/www.suno.com.br\/noticias\/\"},{\"@type\":\"ListItem\",\"position\":2,\"name\":\"Neg\u00f3cios\",\"item\":\"https:\/\/www.suno.com.br\/noticias\/negocios\/\"},{\"@type\":\"ListItem\",\"position\":3,\"name\":\"Petrobras (PETR4) reduz produ\u00e7\u00e3o de combust\u00edveis na refinarias\"}]},{\"@type\":\"WebSite\",\"@id\":\"https:\/\/www.suno.com.br\/noticias\/#website\",\"url\":\"https:\/\/www.suno.com.br\/noticias\/\",\"name\":\"Suno Not\u00edcias\",\"description\":\"Seu portal de informa\u00e7\u00e3o sobre o mundo dos investimentos\",\"publisher\":{\"@id\":\"https:\/\/www.suno.com.br\/noticias\/#organization\"},\"potentialAction\":[{\"@type\":\"SearchAction\",\"target\":{\"@type\":\"EntryPoint\",\"urlTemplate\":\"https:\/\/www.suno.com.br\/noticias\/?s={search_term_string}\"},\"query-input\":{\"@type\":\"PropertyValueSpecification\",\"valueRequired\":true,\"valueName\":\"search_term_string\"}}],\"inLanguage\":\"pt-BR\"},{\"@type\":\"Organization\",\"@id\":\"https:\/\/www.suno.com.br\/noticias\/#organization\",\"name\":\"Suno Not\u00edcias\",\"url\":\"https:\/\/www.suno.com.br\/noticias\/\",\"logo\":{\"@type\":\"ImageObject\",\"inLanguage\":\"pt-BR\",\"@id\":\"https:\/\/www.suno.com.br\/noticias\/#\/schema\/logo\/image\/\",\"url\":\"https:\/\/files.sunoresearch.com.br\/n\/uploads\/2021\/09\/suno-logo.png\",\"contentUrl\":\"https:\/\/files.sunoresearch.com.br\/n\/uploads\/2021\/09\/suno-logo.png\",\"width\":180,\"height\":180,\"caption\":\"Suno Not\u00edcias\"},\"image\":{\"@id\":\"https:\/\/www.suno.com.br\/noticias\/#\/schema\/logo\/image\/\"},\"sameAs\":[\"https:\/\/facebook.com\/sunoresearch\",\"https:\/\/x.com\/sunoresearch\",\"https:\/\/www.instagram.com\/suno\",\"https:\/\/www.linkedin.com\/company\/suno-research\/\",\"https:\/\/www.youtube.com\/c\/sunoresearch\"]},{\"@type\":\"Person\",\"@id\":\"https:\/\/www.suno.com.br\/noticias\/#\/schema\/person\/02ec1f752758247878a2bf4abee1aeda\",\"name\":\"Poliana Santos\",\"image\":{\"@type\":\"ImageObject\",\"inLanguage\":\"pt-BR\",\"@id\":\"https:\/\/www.suno.com.br\/noticias\/#\/schema\/person\/image\/\",\"url\":\"https:\/\/secure.gravatar.com\/avatar\/0645bd32f23d87b2130f2b2dff1d3f8d?s=96&r=g\",\"contentUrl\":\"https:\/\/secure.gravatar.com\/avatar\/0645bd32f23d87b2130f2b2dff1d3f8d?s=96&r=g\",\"caption\":\"Poliana Santos\"},\"description\":\"Rep\u00f3rter no Suno Not\u00edcias, com cobertura em mercado financeiro, economia, finan\u00e7as pessoais, renda fixa e varejo. Jornalista formada pela Faculdade C\u00e1sper L\u00edbero e possui passagem na R\u00e1dio Gazeta AM com a produ\u00e7\u00e3o de conte\u00fado sobre economia, pol\u00edtica, sa\u00fade, moda e m\u00fasica. Possui certificado de conclus\u00e3o do curso de An\u00e1lise de Balan\u00e7os pela Funda\u00e7\u00e3o Bradesco, Agenda Brasil pela FAAP, Educa\u00e7\u00e3o Pol\u00edtica por Alexandre Garcia e do Tesouro Direto e Mercado de A\u00e7\u00f5es pela B3.\",\"url\":\"https:\/\/www.suno.com.br\/noticias\/author\/poliana-santos\/\"}]}<\/script>\n<!-- \/ Yoast SEO plugin. -->","yoast_head_json":{"title":"Petrobras (PETR4) reduz produ\u00e7\u00e3o de combust\u00edveis na refinarias","description":"A produ\u00e7\u00e3o de combust\u00edveis nas refinarias da Petrobras sofreu redu\u00e7\u00e3o e agora prioriza produ\u00e7\u00e3o de g\u00e1s para abastecer o mercado. Clique aqui","robots":{"index":"index","follow":"follow","max-snippet":"max-snippet:-1","max-image-preview":"max-image-preview:large","max-video-preview":"max-video-preview:-1"},"canonical":"https:\/\/www.suno.com.br\/noticias\/petrobras-petr4-reduz-producao-de-combustiveis-na-refinarias\/","og_locale":"pt_BR","og_type":"article","og_title":"Petrobras (PETR4) reduz produ\u00e7\u00e3o de combust\u00edveis na refinarias","og_description":"A produ\u00e7\u00e3o de combust\u00edveis nas refinarias da Petrobras sofreu redu\u00e7\u00e3o e agora prioriza produ\u00e7\u00e3o de g\u00e1s para abastecer o mercado. Clique aqui","og_url":"https:\/\/www.suno.com.br\/noticias\/petrobras-petr4-reduz-producao-de-combustiveis-na-refinarias\/","og_site_name":"Suno Not\u00edcias","article_publisher":"https:\/\/facebook.com\/sunoresearch","og_image":[{"width":678,"height":381,"url":"https:\/\/files.sunoresearch.com.br\/n\/uploads\/2019\/06\/409f9318-petrobras.jpg","type":"image\/jpeg"}],"author":"Poliana Santos","twitter_card":"summary_large_image","twitter_creator":"@sunoresearch","twitter_site":"@sunoresearch","twitter_misc":{"Escrito por":"Poliana Santos","Est. tempo de leitura":"3 minutos"},"schema":{"@context":"https:\/\/schema.org","@graph":[{"@type":"NewsArticle","@id":"https:\/\/www.suno.com.br\/noticias\/petrobras-petr4-reduz-producao-de-combustiveis-na-refinarias\/#article","isPartOf":{"@id":"https:\/\/www.suno.com.br\/noticias\/petrobras-petr4-reduz-producao-de-combustiveis-na-refinarias\/"},"author":{"name":"Poliana Santos","@id":"https:\/\/www.suno.com.br\/noticias\/#\/schema\/person\/02ec1f752758247878a2bf4abee1aeda"},"headline":"Petrobras (PETR4) reduz produ\u00e7\u00e3o de combust\u00edveis na refinarias","datePublished":"2020-04-17T15:08:24+00:00","mainEntityOfPage":{"@id":"https:\/\/www.suno.com.br\/noticias\/petrobras-petr4-reduz-producao-de-combustiveis-na-refinarias\/"},"wordCount":513,"publisher":{"@id":"https:\/\/www.suno.com.br\/noticias\/#organization"},"image":{"@id":"https:\/\/www.suno.com.br\/noticias\/petrobras-petr4-reduz-producao-de-combustiveis-na-refinarias\/#primaryimage"},"thumbnailUrl":"https:\/\/files.sunoresearch.com.br\/n\/uploads\/2019\/06\/409f9318-petrobras-jpg.webp","keywords":["PETR3","Petrobras (PETR4)"],"articleSection":["Neg\u00f3cios"],"inLanguage":"pt-BR"},{"@type":"WebPage","@id":"https:\/\/www.suno.com.br\/noticias\/petrobras-petr4-reduz-producao-de-combustiveis-na-refinarias\/","url":"https:\/\/www.suno.com.br\/noticias\/petrobras-petr4-reduz-producao-de-combustiveis-na-refinarias\/","name":"Petrobras (PETR4) reduz produ\u00e7\u00e3o de combust\u00edveis na refinarias","isPartOf":{"@id":"https:\/\/www.suno.com.br\/noticias\/#website"},"primaryImageOfPage":{"@id":"https:\/\/www.suno.com.br\/noticias\/petrobras-petr4-reduz-producao-de-combustiveis-na-refinarias\/#primaryimage"},"image":{"@id":"https:\/\/www.suno.com.br\/noticias\/petrobras-petr4-reduz-producao-de-combustiveis-na-refinarias\/#primaryimage"},"thumbnailUrl":"https:\/\/files.sunoresearch.com.br\/n\/uploads\/2019\/06\/409f9318-petrobras-jpg.webp","datePublished":"2020-04-17T15:08:24+00:00","description":"A produ\u00e7\u00e3o de combust\u00edveis nas refinarias da Petrobras sofreu redu\u00e7\u00e3o e agora prioriza produ\u00e7\u00e3o de g\u00e1s para abastecer o mercado. Clique aqui","breadcrumb":{"@id":"https:\/\/www.suno.com.br\/noticias\/petrobras-petr4-reduz-producao-de-combustiveis-na-refinarias\/#breadcrumb"},"inLanguage":"pt-BR","potentialAction":[{"@type":"ReadAction","target":["https:\/\/www.suno.com.br\/noticias\/petrobras-petr4-reduz-producao-de-combustiveis-na-refinarias\/"]}]},{"@type":"ImageObject","inLanguage":"pt-BR","@id":"https:\/\/www.suno.com.br\/noticias\/petrobras-petr4-reduz-producao-de-combustiveis-na-refinarias\/#primaryimage","url":"https:\/\/files.sunoresearch.com.br\/n\/uploads\/2019\/06\/409f9318-petrobras-jpg.webp","contentUrl":"https:\/\/files.sunoresearch.com.br\/n\/uploads\/2019\/06\/409f9318-petrobras-jpg.webp","width":678,"height":381,"caption":"Petrobras (PETR4) elevar\u00e1 em 10% o pre\u00e7o da gasolina em refinarias"},{"@type":"BreadcrumbList","@id":"https:\/\/www.suno.com.br\/noticias\/petrobras-petr4-reduz-producao-de-combustiveis-na-refinarias\/#breadcrumb","itemListElement":[{"@type":"ListItem","position":1,"name":"Not\u00edcias","item":"https:\/\/www.suno.com.br\/noticias\/"},{"@type":"ListItem","position":2,"name":"Neg\u00f3cios","item":"https:\/\/www.suno.com.br\/noticias\/negocios\/"},{"@type":"ListItem","position":3,"name":"Petrobras (PETR4) reduz produ\u00e7\u00e3o de combust\u00edveis na refinarias"}]},{"@type":"WebSite","@id":"https:\/\/www.suno.com.br\/noticias\/#website","url":"https:\/\/www.suno.com.br\/noticias\/","name":"Suno Not\u00edcias","description":"Seu portal de informa\u00e7\u00e3o sobre o mundo dos investimentos","publisher":{"@id":"https:\/\/www.suno.com.br\/noticias\/#organization"},"potentialAction":[{"@type":"SearchAction","target":{"@type":"EntryPoint","urlTemplate":"https:\/\/www.suno.com.br\/noticias\/?s={search_term_string}"},"query-input":{"@type":"PropertyValueSpecification","valueRequired":true,"valueName":"search_term_string"}}],"inLanguage":"pt-BR"},{"@type":"Organization","@id":"https:\/\/www.suno.com.br\/noticias\/#organization","name":"Suno Not\u00edcias","url":"https:\/\/www.suno.com.br\/noticias\/","logo":{"@type":"ImageObject","inLanguage":"pt-BR","@id":"https:\/\/www.suno.com.br\/noticias\/#\/schema\/logo\/image\/","url":"https:\/\/files.sunoresearch.com.br\/n\/uploads\/2021\/09\/suno-logo.png","contentUrl":"https:\/\/files.sunoresearch.com.br\/n\/uploads\/2021\/09\/suno-logo.png","width":180,"height":180,"caption":"Suno Not\u00edcias"},"image":{"@id":"https:\/\/www.suno.com.br\/noticias\/#\/schema\/logo\/image\/"},"sameAs":["https:\/\/facebook.com\/sunoresearch","https:\/\/x.com\/sunoresearch","https:\/\/www.instagram.com\/suno","https:\/\/www.linkedin.com\/company\/suno-research\/","https:\/\/www.youtube.com\/c\/sunoresearch"]},{"@type":"Person","@id":"https:\/\/www.suno.com.br\/noticias\/#\/schema\/person\/02ec1f752758247878a2bf4abee1aeda","name":"Poliana Santos","image":{"@type":"ImageObject","inLanguage":"pt-BR","@id":"https:\/\/www.suno.com.br\/noticias\/#\/schema\/person\/image\/","url":"https:\/\/secure.gravatar.com\/avatar\/0645bd32f23d87b2130f2b2dff1d3f8d?s=96&r=g","contentUrl":"https:\/\/secure.gravatar.com\/avatar\/0645bd32f23d87b2130f2b2dff1d3f8d?s=96&r=g","caption":"Poliana Santos"},"description":"Rep\u00f3rter no Suno Not\u00edcias, com cobertura em mercado financeiro, economia, finan\u00e7as pessoais, renda fixa e varejo. Jornalista formada pela Faculdade C\u00e1sper L\u00edbero e possui passagem na R\u00e1dio Gazeta AM com a produ\u00e7\u00e3o de conte\u00fado sobre economia, pol\u00edtica, sa\u00fade, moda e m\u00fasica. Possui certificado de conclus\u00e3o do curso de An\u00e1lise de Balan\u00e7os pela Funda\u00e7\u00e3o Bradesco, Agenda Brasil pela FAAP, Educa\u00e7\u00e3o Pol\u00edtica por Alexandre Garcia e do Tesouro Direto e Mercado de A\u00e7\u00f5es pela B3.","url":"https:\/\/www.suno.com.br\/noticias\/author\/poliana-santos\/"}]}},"default_loop_html":"<div class=\"cardsPage__listCard__boxs\"><div class=\"cardsPage__listCard__boxs__img\"><a href=\"https:\/\/www.suno.com.br\/noticias\/petrobras-petr4-reduz-producao-de-combustiveis-na-refinarias\/\"><img class=\"mask\" src=\"https:\/\/www.suno.com.br\/noticias\/wp-content\/themes\/suno\/resources\/images\/spotlight\/spotlight1img\/bg-mask.png\" alt=\"Image Mask\"\/><img src=\"https:\/\/files.sunoresearch.com.br\/n\/uploads\/2019\/06\/409f9318-petrobras-400x200.webp\" alt=\"Petrobras (PETR4) reduz produ\u00e7\u00e3o de combust\u00edveis na refinarias\"\/><\/a><span class=\"spotlightCategory\"><a href=\"https:\/\/www.suno.com.br\/noticias\/negocios\/\">Neg\u00f3cios<\/a><\/span><\/div><div class=\"cardsPage__listCard__boxs__content\"><a href=\"https:\/\/www.suno.com.br\/noticias\/petrobras-petr4-reduz-producao-de-combustiveis-na-refinarias\/\"><h2 class=\"content__title\">Petrobras (PETR4) reduz produ\u00e7\u00e3o de combust\u00edveis na refinarias<\/h2><\/a><div class=\"newsContent__article__meta\"><div class=\"newsContent__article__meta__authorBox\"><a href=\"https:\/\/www.suno.com.br\/noticias\/author\/poliana-santos\/\" class=\"authorBox__avatar noMobi\"><img src=\"https:\/\/files.sunoresearch.com.br\/n\/uploads\/2020\/08\/7ef34026-whatsapp-image-2020-08-03-at-12.37.57-150x150.webp\" alt=\"Poliana Santos\"><\/a><div class=\"authorBox__name\"><span>por\n\t\t\t<a href=\"https:\/\/www.suno.com.br\/noticias\/author\/poliana-santos\/\"><span itemprop=\"author\">Poliana Santos<\/span><\/a><\/span><time datetime=\"2020-04-17T12:08:24-03:00\" itemprop=\"datePublished\">17\/04\/2020 12:08<\/time><\/div><\/div><\/div><\/div><\/div>","single_layout":"posts","amp_enabled":true,"_links":{"self":[{"href":"https:\/\/www.suno.com.br\/noticias\/wp-json\/wp\/v2\/posts\/61824"}],"collection":[{"href":"https:\/\/www.suno.com.br\/noticias\/wp-json\/wp\/v2\/posts"}],"about":[{"href":"https:\/\/www.suno.com.br\/noticias\/wp-json\/wp\/v2\/types\/post"}],"author":[{"embeddable":true,"href":"https:\/\/www.suno.com.br\/noticias\/wp-json\/wp\/v2\/users\/15"}],"replies":[{"embeddable":true,"href":"https:\/\/www.suno.com.br\/noticias\/wp-json\/wp\/v2\/comments?post=61824"}],"version-history":[{"count":0,"href":"https:\/\/www.suno.com.br\/noticias\/wp-json\/wp\/v2\/posts\/61824\/revisions"}],"wp:featuredmedia":[{"embeddable":true,"href":"https:\/\/www.suno.com.br\/noticias\/wp-json\/wp\/v2\/media\/28682"}],"wp:attachment":[{"href":"https:\/\/www.suno.com.br\/noticias\/wp-json\/wp\/v2\/media?parent=61824"}],"wp:term":[{"taxonomy":"category","embeddable":true,"href":"https:\/\/www.suno.com.br\/noticias\/wp-json\/wp\/v2\/categories?post=61824"},{"taxonomy":"post_tag","embeddable":true,"href":"https:\/\/www.suno.com.br\/noticias\/wp-json\/wp\/v2\/tags?post=61824"},{"taxonomy":"suno_strategy","embeddable":true,"href":"https:\/\/www.suno.com.br\/noticias\/wp-json\/wp\/v2\/suno_strategy?post=61824"}],"curies":[{"name":"wp","href":"https:\/\/api.w.org\/{rel}","templated":true}]}}