{"id":61770,"date":"2020-04-17T07:04:45","date_gmt":"2020-04-17T10:04:45","guid":{"rendered":"https:\/\/www.suno.com.br\/noticias\/?p=61770"},"modified":"2020-04-17T12:23:03","modified_gmt":"2020-04-17T15:23:03","slug":"duratex-fabricas-controlada-itausa-praticamente-paradas","status":"publish","type":"post","link":"https:\/\/www.suno.com.br\/noticias\/duratex-fabricas-controlada-itausa-praticamente-paradas\/","title":{"rendered":"Duratex: f\u00e1bricas da controlada da Ita\u00fasa est\u00e3o &#8216;praticamente paradas&#8217;"},"content":{"rendered":"<p>O presidente da controladora da <a href=\"https:\/\/www.suno.com.br\/acoes\/dtex3\/\"><strong>Duratex<\/strong> (DTEX3)<\/a>, a Ita\u00fasa (ITSA4), Alfredo Set\u00fabal, afirmou na \u00faltima quinta-feira (16) que as f\u00e1bricas da maior empresa nacional de pain\u00e9is de madeira e lou\u00e7as e metais sanit\u00e1rios est\u00e3o &#8220;praticamente paradas&#8221;. A queda na demanda por conta das medidas de restri\u00e7\u00e3o devido ao <a href=\"https:\/\/www.suno.com.br\/noticias\/tags\/covid-19\/\">coronav\u00edrus (Covid-19)<\/a> \u00e9 o fator respons\u00e1vel por tal cen\u00e1rio. As informa\u00e7\u00f5es foram citadas pelo executivo em um debate virtual do Credit Suisse.<\/p>\t<div class=\"wrapper-featured-image\">\n\t\t<figure class=\"spotlightImg\">\n\n\t\t\t<picture>\n\t\t\t\t<source media=\"(max-width: 768px)\" srcset=\"https:\/\/files.sunoresearch.com.br\/n\/uploads\/2019\/10\/0c8a840b-duratex-400x200.webp\">\n\t\t\t\t<img loading=\"lazy\" decoding=\"async\" class=\"newsContent__article__imgCapa lazyloadDisabled newsContent__article__imgCapa--noCaption\" src=\"https:\/\/files.sunoresearch.com.br\/n\/uploads\/2019\/10\/0c8a840b-duratex-800x450.webp\" width=\"800\" height=\"450\" alt=\"Duratex: f\u00e1bricas da controlada da Ita\u00fasa est\u00e3o &#8216;praticamente paradas&#8217;\" fetchpriority=high \/>\n\t\t\t<\/picture>\n\n\t\t\t<figcaption class=\"wp-caption-text wp-caption-text--hide\">Dexco (DXCO3) vai pagar R$ 249 milh\u00f5es em JCP; Veja o valor por a\u00e7\u00e3o e a data de pagamento. Foto: Divulga\u00e7\u00e3o<\/figcaption>\n\t\t<\/figure>\n\t<\/div>\n\n\n\n<p>Como medidas de preven\u00e7\u00e3o em meio a essa pandemia, a Duratex deu f\u00e9rias aos colaboradores da empresa e tem utilizado instrumentos legais para que n\u00e3o haja demiss\u00f5es. \u201cA Duratex produziu at\u00e9 dias atr\u00e1s, fez um bom estoque e est\u00e1 atendendo a demanda. As lojas de materiais de constru\u00e7\u00e3o est\u00e3o abertas, mas a procura evidentemente \u00e9 pequena\u201d disse Set\u00fabal.<\/p>\n<p><a href=\"https:\/\/lp.suno.com.br\/suno-one\/\">Suno One: O primeiro passo para alcan\u00e7ar a sua independ\u00eancia financeira<\/a><\/p>\n<p>O executivo tamb\u00e9m afirmou que as opera\u00e7\u00f5es da Alpargatas, cujo a <strong>Ita\u00fasa<\/strong> tamb\u00e9m \u00e9 controladora, tamb\u00e9m tem sofrido com os impactos do coronav\u00edrus. Apesar de ver sinais negativos na exporta\u00e7\u00e3o \u00e0 Europa, Set\u00fabal disse que na \u00c1sia j\u00e1 h\u00e1 ind\u00edcios de melhora. &#8220;Vemos sinais bastante positivos na \u00c1sia, o que mostra que a atividade na regi\u00e3o come\u00e7ou a se recuperar&#8221;, disse o executivo.<\/p>\n<h2>Vis\u00e3o do presidente da maior acionista da Duratex sobre a economia<\/h2>\n<p>O presidente da Ita\u00fasa ainda afirmou que h\u00e1 espa\u00e7o para um novo corte na taxa de juros e o <a href=\"https:\/\/www.suno.com.br\/artigos\/bacen\/\"><strong>Banco Central (BC)<\/strong> <\/a>est\u00e1 \u201cdemorando muito\u201d para tomar essa decis\u00e3o em meio a crise que j\u00e1 est\u00e1 sendo vivida. \u201cIsso ajudaria muito as empresas que t\u00eam empr\u00e9stimos vinculados \u00e0 <a href=\"https:\/\/www.suno.com.br\/artigos\/taxa-selic\/\">Selic<\/a> e ao CDI a ter mais f\u00f4lego\u201d, afirmou Set\u00fabal.<\/p>\n<h2>Resultados da companhia no 4T19<\/h2>\n<p>Em meados de fevereiro, a Duratex apresentou seu resultado referente ao quarto trimestre de 2019. A companhia anunciou que conseguiu reverter o preju\u00edzo de R$ 141,9 milh\u00f5es no per\u00edodo de outubro a dezembro de 2018, e lucrou R$ 284,7 milh\u00f5es no mesmo intervalo de 2019.<\/p>\n<p>No entanto, a Duratex apresentou uma queda de 6% no <a href=\"https:\/\/www.suno.com.br\/artigos\/lucro-liquido\/\"><strong>lucro l\u00edquido<\/strong><\/a> no acumulado anual. Enquanto em 2018 a empresa teve ganhos na ordem de R$ 431,7 milh\u00f5es, o lucro, no ano passado, foi de R$ 405,7 milh\u00f5es.<\/p>\n<p>O <a href=\"https:\/\/www.suno.com.br\/artigos\/ebitda\/\"><strong>Ebitda<\/strong> (lucro antes de juros, impostos, deprecia\u00e7\u00e3o e amortiza\u00e7\u00e3o) ajustado<\/a>, no quarto trimestre do ano passado, foi de R$ 278,3 milh\u00f5es. A alta foi de 17,5% em compara\u00e7\u00e3o com o mesmo per\u00edodo do ano anterior. Considerando 2019 inteiro, o Ebitda foi de R$ 908,9 milh\u00f5es, alta de 7,1%.<\/p>\n<p>A empresa destaca uma maior efici\u00eancia operacional &#8220;resultando em uma cont\u00ednua melhora da <a href=\"https:\/\/www.suno.com.br\/artigos\/margem-ebitda\/\"><strong>margem Ebitda<\/strong><\/a>, que atingiu 15,3% no quarto trimestre e 15,5% em 2019&#8243;.<\/p>\n<p>A receita l\u00edquida consolidada da <strong>Duratex<\/strong> subiu 17,6% na compara\u00e7\u00e3o trimestral, atingindo R$ 1,4 bilh\u00e3o. O montante leva em conta a parcela referente \u00e0 venda de ativos florestais para a Turvinho Participa\u00e7\u00f5es e a Bracell SP Celulose.<\/p>\n\n","protected":false},"excerpt":{"rendered":"<p>O presidente da controladora da Duratex (DTEX3), a Ita\u00fasa (ITSA4), Alfredo Set\u00fabal, afirmou na \u00faltima quinta-feira (16) que as f\u00e1bricas da maior empresa nacional de pain\u00e9is de madeira e lou\u00e7as e metais sanit\u00e1rios est\u00e3o &#8220;praticamente paradas&#8221;. A queda na demanda por conta das medidas de restri\u00e7\u00e3o devido ao coronav\u00edrus (Covid-19) \u00e9 o fator respons\u00e1vel por [&hellip;]<\/p>\n","protected":false},"author":19,"featured_media":42910,"comment_status":"closed","ping_status":"closed","sticky":false,"template":"","format":"standard","meta":[],"categories":[64],"tags":[451,517],"suno_strategy":[],"class_list":["post-61770","post","type-post","status-publish","format-standard","has-post-thumbnail","hentry","category-negocios","tag-duratex-dtex3","tag-itausa-itsa3-itsa4"],"yoast_head":"<!-- This site is optimized with the Yoast SEO plugin v24.4 - https:\/\/yoast.com\/wordpress\/plugins\/seo\/ -->\n<title>Duratex: f\u00e1bricas da controlada da Ita\u00fasa est\u00e3o &#039;praticamente paradas&#039;<\/title>\n<meta name=\"description\" content=\"O presidente da controladora da Duratex, a Ita\u00fasa, Alfredo Set\u00fabal, afirmou que as f\u00e1bricas da Duratex est\u00e3o &quot;praticamente paradas&quot;.\" \/>\n<meta name=\"robots\" content=\"index, follow, max-snippet:-1, max-image-preview:large, max-video-preview:-1\" \/>\n<link rel=\"canonical\" href=\"https:\/\/www.suno.com.br\/noticias\/duratex-fabricas-controlada-itausa-praticamente-paradas\/\" \/>\n<meta property=\"og:locale\" content=\"pt_BR\" \/>\n<meta property=\"og:type\" content=\"article\" \/>\n<meta property=\"og:title\" content=\"Duratex: f\u00e1bricas da controlada da Ita\u00fasa est\u00e3o &#039;praticamente paradas&#039;\" \/>\n<meta property=\"og:description\" content=\"O presidente da controladora da Duratex, a Ita\u00fasa, Alfredo Set\u00fabal, afirmou que as f\u00e1bricas da Duratex est\u00e3o &quot;praticamente paradas&quot;.\" \/>\n<meta property=\"og:url\" content=\"https:\/\/www.suno.com.br\/noticias\/duratex-fabricas-controlada-itausa-praticamente-paradas\/\" \/>\n<meta property=\"og:site_name\" content=\"Suno Not\u00edcias\" \/>\n<meta property=\"article:publisher\" content=\"https:\/\/facebook.com\/sunoresearch\" \/>\n<meta property=\"og:image\" content=\"https:\/\/files.sunoresearch.com.br\/n\/uploads\/2019\/10\/0c8a840b-duratex.jpg\" \/>\n\t<meta property=\"og:image:width\" content=\"2000\" \/>\n\t<meta property=\"og:image:height\" content=\"1345\" \/>\n\t<meta property=\"og:image:type\" content=\"image\/jpeg\" \/>\n<meta name=\"author\" content=\"Juliano Passaro\" \/>\n<meta name=\"twitter:card\" content=\"summary_large_image\" \/>\n<meta name=\"twitter:creator\" content=\"@sunoresearch\" \/>\n<meta name=\"twitter:site\" content=\"@sunoresearch\" \/>\n<meta name=\"twitter:label1\" content=\"Escrito por\" \/>\n\t<meta name=\"twitter:data1\" content=\"Juliano Passaro\" \/>\n\t<meta name=\"twitter:label2\" content=\"Est. tempo de leitura\" \/>\n\t<meta name=\"twitter:data2\" content=\"3 minutos\" \/>\n<script type=\"application\/ld+json\" class=\"yoast-schema-graph\">{\"@context\":\"https:\/\/schema.org\",\"@graph\":[{\"@type\":\"NewsArticle\",\"@id\":\"https:\/\/www.suno.com.br\/noticias\/duratex-fabricas-controlada-itausa-praticamente-paradas\/#article\",\"isPartOf\":{\"@id\":\"https:\/\/www.suno.com.br\/noticias\/duratex-fabricas-controlada-itausa-praticamente-paradas\/\"},\"author\":{\"name\":\"Juliano Passaro\",\"@id\":\"https:\/\/www.suno.com.br\/noticias\/#\/schema\/person\/1db762f78ffd8919a648a63e425953e3\"},\"headline\":\"Duratex: f\u00e1bricas da controlada da Ita\u00fasa est\u00e3o &#8216;praticamente paradas&#8217;\",\"datePublished\":\"2020-04-17T10:04:45+00:00\",\"dateModified\":\"2020-04-17T15:23:03+00:00\",\"mainEntityOfPage\":{\"@id\":\"https:\/\/www.suno.com.br\/noticias\/duratex-fabricas-controlada-itausa-praticamente-paradas\/\"},\"wordCount\":524,\"publisher\":{\"@id\":\"https:\/\/www.suno.com.br\/noticias\/#organization\"},\"image\":{\"@id\":\"https:\/\/www.suno.com.br\/noticias\/duratex-fabricas-controlada-itausa-praticamente-paradas\/#primaryimage\"},\"thumbnailUrl\":\"https:\/\/files.sunoresearch.com.br\/n\/uploads\/2019\/10\/0c8a840b-duratex-jpg.webp\",\"keywords\":[\"Duratex (DTEX3)\",\"Ita\u00fasa (ITSA3\/ITSA4)\"],\"articleSection\":[\"Neg\u00f3cios\"],\"inLanguage\":\"pt-BR\"},{\"@type\":\"WebPage\",\"@id\":\"https:\/\/www.suno.com.br\/noticias\/duratex-fabricas-controlada-itausa-praticamente-paradas\/\",\"url\":\"https:\/\/www.suno.com.br\/noticias\/duratex-fabricas-controlada-itausa-praticamente-paradas\/\",\"name\":\"Duratex: f\u00e1bricas da controlada da Ita\u00fasa est\u00e3o 'praticamente paradas'\",\"isPartOf\":{\"@id\":\"https:\/\/www.suno.com.br\/noticias\/#website\"},\"primaryImageOfPage\":{\"@id\":\"https:\/\/www.suno.com.br\/noticias\/duratex-fabricas-controlada-itausa-praticamente-paradas\/#primaryimage\"},\"image\":{\"@id\":\"https:\/\/www.suno.com.br\/noticias\/duratex-fabricas-controlada-itausa-praticamente-paradas\/#primaryimage\"},\"thumbnailUrl\":\"https:\/\/files.sunoresearch.com.br\/n\/uploads\/2019\/10\/0c8a840b-duratex-jpg.webp\",\"datePublished\":\"2020-04-17T10:04:45+00:00\",\"dateModified\":\"2020-04-17T15:23:03+00:00\",\"description\":\"O presidente da controladora da Duratex, a Ita\u00fasa, Alfredo Set\u00fabal, afirmou que as f\u00e1bricas da Duratex est\u00e3o \\\"praticamente paradas\\\".\",\"breadcrumb\":{\"@id\":\"https:\/\/www.suno.com.br\/noticias\/duratex-fabricas-controlada-itausa-praticamente-paradas\/#breadcrumb\"},\"inLanguage\":\"pt-BR\",\"potentialAction\":[{\"@type\":\"ReadAction\",\"target\":[\"https:\/\/www.suno.com.br\/noticias\/duratex-fabricas-controlada-itausa-praticamente-paradas\/\"]}]},{\"@type\":\"ImageObject\",\"inLanguage\":\"pt-BR\",\"@id\":\"https:\/\/www.suno.com.br\/noticias\/duratex-fabricas-controlada-itausa-praticamente-paradas\/#primaryimage\",\"url\":\"https:\/\/files.sunoresearch.com.br\/n\/uploads\/2019\/10\/0c8a840b-duratex-jpg.webp\",\"contentUrl\":\"https:\/\/files.sunoresearch.com.br\/n\/uploads\/2019\/10\/0c8a840b-duratex-jpg.webp\",\"width\":2000,\"height\":1345,\"caption\":\"Dexco (DXCO3) vai pagar R$ 249 milh\u00f5es em JCP; Veja o valor por a\u00e7\u00e3o e a data de pagamento. Foto: Divulga\u00e7\u00e3o\"},{\"@type\":\"BreadcrumbList\",\"@id\":\"https:\/\/www.suno.com.br\/noticias\/duratex-fabricas-controlada-itausa-praticamente-paradas\/#breadcrumb\",\"itemListElement\":[{\"@type\":\"ListItem\",\"position\":1,\"name\":\"Not\u00edcias\",\"item\":\"https:\/\/www.suno.com.br\/noticias\/\"},{\"@type\":\"ListItem\",\"position\":2,\"name\":\"Neg\u00f3cios\",\"item\":\"https:\/\/www.suno.com.br\/noticias\/negocios\/\"},{\"@type\":\"ListItem\",\"position\":3,\"name\":\"Duratex: f\u00e1bricas da controlada da Ita\u00fasa est\u00e3o &#8216;praticamente paradas&#8217;\"}]},{\"@type\":\"WebSite\",\"@id\":\"https:\/\/www.suno.com.br\/noticias\/#website\",\"url\":\"https:\/\/www.suno.com.br\/noticias\/\",\"name\":\"Suno Not\u00edcias\",\"description\":\"Seu portal de informa\u00e7\u00e3o sobre o mundo dos investimentos\",\"publisher\":{\"@id\":\"https:\/\/www.suno.com.br\/noticias\/#organization\"},\"potentialAction\":[{\"@type\":\"SearchAction\",\"target\":{\"@type\":\"EntryPoint\",\"urlTemplate\":\"https:\/\/www.suno.com.br\/noticias\/?s={search_term_string}\"},\"query-input\":{\"@type\":\"PropertyValueSpecification\",\"valueRequired\":true,\"valueName\":\"search_term_string\"}}],\"inLanguage\":\"pt-BR\"},{\"@type\":\"Organization\",\"@id\":\"https:\/\/www.suno.com.br\/noticias\/#organization\",\"name\":\"Suno Not\u00edcias\",\"url\":\"https:\/\/www.suno.com.br\/noticias\/\",\"logo\":{\"@type\":\"ImageObject\",\"inLanguage\":\"pt-BR\",\"@id\":\"https:\/\/www.suno.com.br\/noticias\/#\/schema\/logo\/image\/\",\"url\":\"https:\/\/files.sunoresearch.com.br\/n\/uploads\/2021\/09\/suno-logo.png\",\"contentUrl\":\"https:\/\/files.sunoresearch.com.br\/n\/uploads\/2021\/09\/suno-logo.png\",\"width\":180,\"height\":180,\"caption\":\"Suno Not\u00edcias\"},\"image\":{\"@id\":\"https:\/\/www.suno.com.br\/noticias\/#\/schema\/logo\/image\/\"},\"sameAs\":[\"https:\/\/facebook.com\/sunoresearch\",\"https:\/\/x.com\/sunoresearch\",\"https:\/\/www.instagram.com\/suno\",\"https:\/\/www.linkedin.com\/company\/suno-research\/\",\"https:\/\/www.youtube.com\/c\/sunoresearch\"]},{\"@type\":\"Person\",\"@id\":\"https:\/\/www.suno.com.br\/noticias\/#\/schema\/person\/1db762f78ffd8919a648a63e425953e3\",\"name\":\"Juliano Passaro\",\"image\":{\"@type\":\"ImageObject\",\"inLanguage\":\"pt-BR\",\"@id\":\"https:\/\/www.suno.com.br\/noticias\/#\/schema\/person\/image\/\",\"url\":\"https:\/\/secure.gravatar.com\/avatar\/743d4df28eebf6dcc46b4ad03c319e92?s=96&r=g\",\"contentUrl\":\"https:\/\/secure.gravatar.com\/avatar\/743d4df28eebf6dcc46b4ad03c319e92?s=96&r=g\",\"caption\":\"Juliano Passaro\"},\"description\":\"Juliano Passaro escreve sobre pol\u00edtica, economia e neg\u00f3cios para o portal da Suno Research. Antes da Suno, trabalhou no Portal da Band. \u00c9 formado em jornalismo pela Universidade Presbiteriana Mackenzie.\",\"url\":\"https:\/\/www.suno.com.br\/noticias\/author\/juliano\/\"}]}<\/script>\n<!-- \/ Yoast SEO plugin. -->","yoast_head_json":{"title":"Duratex: f\u00e1bricas da controlada da Ita\u00fasa est\u00e3o 'praticamente paradas'","description":"O presidente da controladora da Duratex, a Ita\u00fasa, Alfredo Set\u00fabal, afirmou que as f\u00e1bricas da Duratex est\u00e3o \"praticamente paradas\".","robots":{"index":"index","follow":"follow","max-snippet":"max-snippet:-1","max-image-preview":"max-image-preview:large","max-video-preview":"max-video-preview:-1"},"canonical":"https:\/\/www.suno.com.br\/noticias\/duratex-fabricas-controlada-itausa-praticamente-paradas\/","og_locale":"pt_BR","og_type":"article","og_title":"Duratex: f\u00e1bricas da controlada da Ita\u00fasa est\u00e3o 'praticamente paradas'","og_description":"O presidente da controladora da Duratex, a Ita\u00fasa, Alfredo Set\u00fabal, afirmou que as f\u00e1bricas da Duratex est\u00e3o \"praticamente paradas\".","og_url":"https:\/\/www.suno.com.br\/noticias\/duratex-fabricas-controlada-itausa-praticamente-paradas\/","og_site_name":"Suno Not\u00edcias","article_publisher":"https:\/\/facebook.com\/sunoresearch","og_image":[{"width":2000,"height":1345,"url":"https:\/\/files.sunoresearch.com.br\/n\/uploads\/2019\/10\/0c8a840b-duratex.jpg","type":"image\/jpeg"}],"author":"Juliano Passaro","twitter_card":"summary_large_image","twitter_creator":"@sunoresearch","twitter_site":"@sunoresearch","twitter_misc":{"Escrito por":"Juliano Passaro","Est. tempo de leitura":"3 minutos"},"schema":{"@context":"https:\/\/schema.org","@graph":[{"@type":"NewsArticle","@id":"https:\/\/www.suno.com.br\/noticias\/duratex-fabricas-controlada-itausa-praticamente-paradas\/#article","isPartOf":{"@id":"https:\/\/www.suno.com.br\/noticias\/duratex-fabricas-controlada-itausa-praticamente-paradas\/"},"author":{"name":"Juliano Passaro","@id":"https:\/\/www.suno.com.br\/noticias\/#\/schema\/person\/1db762f78ffd8919a648a63e425953e3"},"headline":"Duratex: f\u00e1bricas da controlada da Ita\u00fasa est\u00e3o &#8216;praticamente paradas&#8217;","datePublished":"2020-04-17T10:04:45+00:00","dateModified":"2020-04-17T15:23:03+00:00","mainEntityOfPage":{"@id":"https:\/\/www.suno.com.br\/noticias\/duratex-fabricas-controlada-itausa-praticamente-paradas\/"},"wordCount":524,"publisher":{"@id":"https:\/\/www.suno.com.br\/noticias\/#organization"},"image":{"@id":"https:\/\/www.suno.com.br\/noticias\/duratex-fabricas-controlada-itausa-praticamente-paradas\/#primaryimage"},"thumbnailUrl":"https:\/\/files.sunoresearch.com.br\/n\/uploads\/2019\/10\/0c8a840b-duratex-jpg.webp","keywords":["Duratex (DTEX3)","Ita\u00fasa (ITSA3\/ITSA4)"],"articleSection":["Neg\u00f3cios"],"inLanguage":"pt-BR"},{"@type":"WebPage","@id":"https:\/\/www.suno.com.br\/noticias\/duratex-fabricas-controlada-itausa-praticamente-paradas\/","url":"https:\/\/www.suno.com.br\/noticias\/duratex-fabricas-controlada-itausa-praticamente-paradas\/","name":"Duratex: f\u00e1bricas da controlada da Ita\u00fasa est\u00e3o 'praticamente paradas'","isPartOf":{"@id":"https:\/\/www.suno.com.br\/noticias\/#website"},"primaryImageOfPage":{"@id":"https:\/\/www.suno.com.br\/noticias\/duratex-fabricas-controlada-itausa-praticamente-paradas\/#primaryimage"},"image":{"@id":"https:\/\/www.suno.com.br\/noticias\/duratex-fabricas-controlada-itausa-praticamente-paradas\/#primaryimage"},"thumbnailUrl":"https:\/\/files.sunoresearch.com.br\/n\/uploads\/2019\/10\/0c8a840b-duratex-jpg.webp","datePublished":"2020-04-17T10:04:45+00:00","dateModified":"2020-04-17T15:23:03+00:00","description":"O presidente da controladora da Duratex, a Ita\u00fasa, Alfredo Set\u00fabal, afirmou que as f\u00e1bricas da Duratex est\u00e3o \"praticamente paradas\".","breadcrumb":{"@id":"https:\/\/www.suno.com.br\/noticias\/duratex-fabricas-controlada-itausa-praticamente-paradas\/#breadcrumb"},"inLanguage":"pt-BR","potentialAction":[{"@type":"ReadAction","target":["https:\/\/www.suno.com.br\/noticias\/duratex-fabricas-controlada-itausa-praticamente-paradas\/"]}]},{"@type":"ImageObject","inLanguage":"pt-BR","@id":"https:\/\/www.suno.com.br\/noticias\/duratex-fabricas-controlada-itausa-praticamente-paradas\/#primaryimage","url":"https:\/\/files.sunoresearch.com.br\/n\/uploads\/2019\/10\/0c8a840b-duratex-jpg.webp","contentUrl":"https:\/\/files.sunoresearch.com.br\/n\/uploads\/2019\/10\/0c8a840b-duratex-jpg.webp","width":2000,"height":1345,"caption":"Dexco (DXCO3) vai pagar R$ 249 milh\u00f5es em JCP; Veja o valor por a\u00e7\u00e3o e a data de pagamento. Foto: Divulga\u00e7\u00e3o"},{"@type":"BreadcrumbList","@id":"https:\/\/www.suno.com.br\/noticias\/duratex-fabricas-controlada-itausa-praticamente-paradas\/#breadcrumb","itemListElement":[{"@type":"ListItem","position":1,"name":"Not\u00edcias","item":"https:\/\/www.suno.com.br\/noticias\/"},{"@type":"ListItem","position":2,"name":"Neg\u00f3cios","item":"https:\/\/www.suno.com.br\/noticias\/negocios\/"},{"@type":"ListItem","position":3,"name":"Duratex: f\u00e1bricas da controlada da Ita\u00fasa est\u00e3o &#8216;praticamente paradas&#8217;"}]},{"@type":"WebSite","@id":"https:\/\/www.suno.com.br\/noticias\/#website","url":"https:\/\/www.suno.com.br\/noticias\/","name":"Suno Not\u00edcias","description":"Seu portal de informa\u00e7\u00e3o sobre o mundo dos investimentos","publisher":{"@id":"https:\/\/www.suno.com.br\/noticias\/#organization"},"potentialAction":[{"@type":"SearchAction","target":{"@type":"EntryPoint","urlTemplate":"https:\/\/www.suno.com.br\/noticias\/?s={search_term_string}"},"query-input":{"@type":"PropertyValueSpecification","valueRequired":true,"valueName":"search_term_string"}}],"inLanguage":"pt-BR"},{"@type":"Organization","@id":"https:\/\/www.suno.com.br\/noticias\/#organization","name":"Suno Not\u00edcias","url":"https:\/\/www.suno.com.br\/noticias\/","logo":{"@type":"ImageObject","inLanguage":"pt-BR","@id":"https:\/\/www.suno.com.br\/noticias\/#\/schema\/logo\/image\/","url":"https:\/\/files.sunoresearch.com.br\/n\/uploads\/2021\/09\/suno-logo.png","contentUrl":"https:\/\/files.sunoresearch.com.br\/n\/uploads\/2021\/09\/suno-logo.png","width":180,"height":180,"caption":"Suno Not\u00edcias"},"image":{"@id":"https:\/\/www.suno.com.br\/noticias\/#\/schema\/logo\/image\/"},"sameAs":["https:\/\/facebook.com\/sunoresearch","https:\/\/x.com\/sunoresearch","https:\/\/www.instagram.com\/suno","https:\/\/www.linkedin.com\/company\/suno-research\/","https:\/\/www.youtube.com\/c\/sunoresearch"]},{"@type":"Person","@id":"https:\/\/www.suno.com.br\/noticias\/#\/schema\/person\/1db762f78ffd8919a648a63e425953e3","name":"Juliano Passaro","image":{"@type":"ImageObject","inLanguage":"pt-BR","@id":"https:\/\/www.suno.com.br\/noticias\/#\/schema\/person\/image\/","url":"https:\/\/secure.gravatar.com\/avatar\/743d4df28eebf6dcc46b4ad03c319e92?s=96&r=g","contentUrl":"https:\/\/secure.gravatar.com\/avatar\/743d4df28eebf6dcc46b4ad03c319e92?s=96&r=g","caption":"Juliano Passaro"},"description":"Juliano Passaro escreve sobre pol\u00edtica, economia e neg\u00f3cios para o portal da Suno Research. Antes da Suno, trabalhou no Portal da Band. \u00c9 formado em jornalismo pela Universidade Presbiteriana Mackenzie.","url":"https:\/\/www.suno.com.br\/noticias\/author\/juliano\/"}]}},"default_loop_html":"<div class=\"cardsPage__listCard__boxs\"><div class=\"cardsPage__listCard__boxs__img\"><a href=\"https:\/\/www.suno.com.br\/noticias\/duratex-fabricas-controlada-itausa-praticamente-paradas\/\"><img class=\"mask\" src=\"https:\/\/www.suno.com.br\/noticias\/wp-content\/themes\/suno\/resources\/images\/spotlight\/spotlight1img\/bg-mask.png\" alt=\"Image Mask\"\/><img src=\"https:\/\/files.sunoresearch.com.br\/n\/uploads\/2019\/10\/0c8a840b-duratex-400x200.webp\" alt=\"Duratex: f\u00e1bricas da controlada da Ita\u00fasa est\u00e3o &#8216;praticamente paradas&#8217;\"\/><\/a><span class=\"spotlightCategory\"><a href=\"https:\/\/www.suno.com.br\/noticias\/negocios\/\">Neg\u00f3cios<\/a><\/span><\/div><div class=\"cardsPage__listCard__boxs__content\"><a href=\"https:\/\/www.suno.com.br\/noticias\/duratex-fabricas-controlada-itausa-praticamente-paradas\/\"><h2 class=\"content__title\">Duratex: f\u00e1bricas da controlada da Ita\u00fasa est\u00e3o &#8216;praticamente paradas&#8217;<\/h2><\/a><div class=\"newsContent__article__meta\"><div class=\"newsContent__article__meta__authorBox\"><a href=\"https:\/\/www.suno.com.br\/noticias\/author\/juliano\/\" class=\"authorBox__avatar noMobi\"><img src=\"https:\/\/files.sunoresearch.com.br\/n\/uploads\/2019\/06\/7cc3efea-whatsapp-image-2019-07-18-at-21.59.33-e1563499821209-150x150.webp\" alt=\"Juliano Passaro\"><\/a><div class=\"authorBox__name\"><span>por\n\t\t\t<a href=\"https:\/\/www.suno.com.br\/noticias\/author\/juliano\/\"><span itemprop=\"author\">Juliano Passaro<\/span><\/a><\/span><time datetime=\"2020-04-17T07:04:45-03:00\" itemprop=\"datePublished\">17\/04\/2020 07:04<\/time><\/div><\/div><\/div><\/div><\/div>","single_layout":"posts","amp_enabled":true,"_links":{"self":[{"href":"https:\/\/www.suno.com.br\/noticias\/wp-json\/wp\/v2\/posts\/61770"}],"collection":[{"href":"https:\/\/www.suno.com.br\/noticias\/wp-json\/wp\/v2\/posts"}],"about":[{"href":"https:\/\/www.suno.com.br\/noticias\/wp-json\/wp\/v2\/types\/post"}],"author":[{"embeddable":true,"href":"https:\/\/www.suno.com.br\/noticias\/wp-json\/wp\/v2\/users\/19"}],"replies":[{"embeddable":true,"href":"https:\/\/www.suno.com.br\/noticias\/wp-json\/wp\/v2\/comments?post=61770"}],"version-history":[{"count":0,"href":"https:\/\/www.suno.com.br\/noticias\/wp-json\/wp\/v2\/posts\/61770\/revisions"}],"wp:featuredmedia":[{"embeddable":true,"href":"https:\/\/www.suno.com.br\/noticias\/wp-json\/wp\/v2\/media\/42910"}],"wp:attachment":[{"href":"https:\/\/www.suno.com.br\/noticias\/wp-json\/wp\/v2\/media?parent=61770"}],"wp:term":[{"taxonomy":"category","embeddable":true,"href":"https:\/\/www.suno.com.br\/noticias\/wp-json\/wp\/v2\/categories?post=61770"},{"taxonomy":"post_tag","embeddable":true,"href":"https:\/\/www.suno.com.br\/noticias\/wp-json\/wp\/v2\/tags?post=61770"},{"taxonomy":"suno_strategy","embeddable":true,"href":"https:\/\/www.suno.com.br\/noticias\/wp-json\/wp\/v2\/suno_strategy?post=61770"}],"curies":[{"name":"wp","href":"https:\/\/api.w.org\/{rel}","templated":true}]}}