{"id":61737,"date":"2020-04-16T19:22:47","date_gmt":"2020-04-16T22:22:47","guid":{"rendered":"https:\/\/www.suno.com.br\/noticias\/?p=61737"},"modified":"2020-12-21T17:23:58","modified_gmt":"2020-12-21T20:23:58","slug":"coronavirus-por-que-na-europa-tem-gente-destruindo-torres-do-5g","status":"publish","type":"post","link":"https:\/\/www.suno.com.br\/noticias\/coronavirus-por-que-na-europa-tem-gente-destruindo-torres-do-5g\/","title":{"rendered":"Coronav\u00edrus: por que na Europa tem gente destruindo torres do 5G"},"content":{"rendered":"<p>A \u00faltima torre de transmiss\u00e3o do 5G foi destru\u00edda perto do hospital de Birmingham, no Reino Unido. Uma antena colocada pr\u00f3xima de um hospital de emerg\u00eancias utilizado para enfrentar o <strong>coronav\u00edrus<\/strong> (covid-19).<\/p>\t<div class=\"wrapper-featured-image\">\n\t\t<figure class=\"spotlightImg\">\n\n\t\t\t<picture>\n\t\t\t\t<source media=\"(max-width: 768px)\" srcset=\"https:\/\/files.sunoresearch.com.br\/n\/uploads\/2020\/04\/ccd1f90b-cell-tower-1547642534gu3-400x200.webp\">\n\t\t\t\t<img loading=\"lazy\" decoding=\"async\" class=\"newsContent__article__imgCapa lazyloadDisabled newsContent__article__imgCapa--noCaption\" src=\"https:\/\/files.sunoresearch.com.br\/n\/uploads\/2020\/04\/ccd1f90b-cell-tower-1547642534gu3-800x450.webp\" width=\"800\" height=\"450\" alt=\"Coronav\u00edrus: por que na Europa tem gente destruindo torres do 5G\" fetchpriority=high \/>\n\t\t\t<\/picture>\n\n\t\t\t<figcaption class=\"wp-caption-text wp-caption-text--hide\">De acordo com o edital original, as empresas deveriam come\u00e7ar a ofertar 5G nas capitais e no Distrito Federal at\u00e9 julho de 2022 - Foto: Pixabay<\/figcaption>\n\t\t<\/figure>\n\t<\/div>\n\n\n\n<p>A infraestrutura foi queimada por seguidores da teoria da conspira\u00e7\u00e3o de que o coronav\u00edrus seria causado por antenas 5G. Uma tese t\u00e3o bizarra quanto amplamente divulgada nas redes sociais. Mas que agora est\u00e1 se transformando em uma verdadeira onda de terrorismo generalizado em toda a Europa, mas principalmente no <strong>Reino Unido<\/strong>.<\/p>\n<p><a href=\"https:\/\/lp.suno.com.br\/suno-one\/\">Suno One: O primeiro passo para alcan\u00e7ar a sua independ\u00eancia financeira<\/a><\/p>\n<p>Cerca de quarenta torres de transmiss\u00e3o do sinal 5G foram queimadas nas \u00faltimas semanas: cerca de vinte foram atacadas apenas no fim de semana da P\u00e1scoa. Em Londres, tr\u00eas adolescentes foram presos sob a acusa\u00e7\u00e3o de inc\u00eandio doloso.<\/p>\n<p>Enquanto isso, dezenas de funcion\u00e1rios que trabalham para empresas de telefonia sofreram ataques f\u00edsicos ou verbais e receberam amea\u00e7as de morte por parte de pessoas que acreditam nessa teoria.<\/p>\n<h2>Teoria ligaria o 5G ao coronav\u00edrus<\/h2>\n<p>Os seguidores dessa bizarra teoria da conspira\u00e7\u00e3o argumentam que <strong>Wuhan<\/strong>, a cidade chinesa epicentro da pandemia de coronav\u00edrus, foi uma das primeiras no mundo a instalar as antenas 5G.<\/p>\n<p>Segundo a tese, a radia\u00e7\u00e3o emitida pelas antenas enfraqueceria o sistema imunol\u00f3gico, inibindo o fluxo de oxig\u00eanio pulm\u00f5es. Entretanto, uma vers\u00e3o mais extrema afirma que o coronav\u00edrus n\u00e3o existiria de verdade, mas seria apenas uma cobertura inventada pelos governos para mascarar outras doen\u00e7as provocadas pelo 5G.<\/p>\n<p>Loucura total, \u00e9 claro. Mas essa teoria est\u00e1 encontrando cada vez mais seguidores. At\u00e9 gra\u00e7as a celebridades. Por exemplo, Amanda Holden, apresentadora do Britain&#8217;s Got Talent, escreveu no Twitter uma peti\u00e7\u00e3o que relacionava o v\u00edrus ao 5G.<\/p>\n<p>No entanto, apesar das muitas pesquisas realizadas, at\u00e9 agora nenhum estudo demonstrou cientificamente que o 5G, dentro dos limites m\u00e1ximos estabelecidos por lei (61 volts\/metro na Uni\u00e3o Europ\u00e9ia), seja prejudicial para a sa\u00fade humana.<\/p>\n<p>A teoria foi repetidamente refutada pelos principais \u00f3rg\u00e3os internacionais respons\u00e1veis por esse setor. Entre eles, a Comiss\u00e3o Internacional de Prote\u00e7\u00e3o contra Radia\u00e7\u00e3o N\u00e3o-Ionizante (Icnirp), que no m\u00eas passado publicou suas \u00faltimas diretrizes sobre campos eletromagn\u00e9ticos (&#8220;em muitos casos, muito cautelosos&#8221;).\u00a0 Ap\u00f3s um estudo de sete anos, o Icnirp salientou n\u00e3o ter encontrado nenhuma evid\u00eancia a esse respeito.<\/p>\n<p>Para tentar conter o p\u00e2nico provocado por essa teoria descabida o YouTube prometeu remover os v\u00eddeos que propagam essa falsa liga\u00e7\u00e3o com o 5G. Enquanto isso, a teoria est\u00e1 se espalhando nas m\u00eddias sociais, gra\u00e7as a auto-nomeados&#8221;especialistas&#8221; que sugerem como atacar as antenas 5G.<\/p>\n<p><a class=\"LinkSuggestion__Link-sc-1mdih4x-2 jZPuuT\" href=\"https:\/\/www.suno.com.br\/noticias\/coronavirus-papel-higienico-pandemia\/\" target=\"_blank\" rel=\"noopener noreferrer\">Saiba mais: Coronav\u00edrus: por que o papel higi\u00eanico desapareceu das prateleiras de meio mundo?<\/a><\/p>\n<p>No entanto, as cren\u00e7as mais obstinadas n\u00e3o conhecem argumentos. Nem mesmo quando est\u00e1 claro que o coronav\u00edrus j\u00e1 se espalhou para (quase) todas as \u00e1reas do mundo, independentemente do n\u00famero de antenas 5G presentes.<\/p>\n<p>Para piorar, at\u00e9 o controverso tabloide brit\u00e2nico Daily Star chegou a publicar no dia 24 de mar\u00e7o um artigo intitulado: &#8220;As redes Wi-Fi 5G podem atuar como um acelerador da doen\u00e7a&#8221;. Pena que era simplesmente um resumo das declara\u00e7\u00f5es de ativistas anti-5G\u00a0 entrevistados, certamente n\u00e3o uma an\u00e1lise s\u00e9ria da situa\u00e7\u00e3o.<\/p>\n<p><a class=\"LinkSuggestion__Link-sc-1mdih4x-2 jZPuuT\" href=\"https:\/\/www.suno.com.br\/noticias\/coronavirus-reino-unido-estimulo-fiscal\/\" target=\"_blank\" rel=\"noopener noreferrer\">Saiba mais: Coronav\u00edrus: Reino Unido anuncia pacote de estimulo fiscal de 30 bi<\/a><\/p>\n<p>Tr\u00eas dias depois o t\u00edtulo foi alterado para &#8220;Coronav\u00edrus: ativistas afirmam de maneira bizarra que o 5G poderia atuar como um acelerador da doen\u00e7a&#8221;. Mas j\u00e1 era tarde demais. Assim, de compartilhamento em compartilhamento nas redes sociais, os ataques contra as antenas se multiplicaram.<\/p>\n<p>O problema \u00e9 que, nesses tempos de quarentena no mundo todo, as comunica\u00e7\u00f5es telef\u00f4nicas s\u00e3o extremamente valiosas. Pois junto com o sinal da internet tamb\u00e9m \u00e9 interrompido o sinal telef\u00f4nico. E as pessoas que n\u00e3o podem estar pr\u00f3ximas de seus familiares por causa do <strong>coronav\u00edrus<\/strong> acabam nem podendo ligar para eles. Gra\u00e7as a aqueles que, a m\u00eddia europeia, j\u00e1 est\u00e1 chamando de &#8220;covidiotas&#8221;.<\/p>\n\n","protected":false},"excerpt":{"rendered":"<p>A \u00faltima torre de transmiss\u00e3o do 5G foi destru\u00edda perto do hospital de Birmingham, no Reino Unido. Uma antena colocada pr\u00f3xima de um hospital de emerg\u00eancias utilizado para enfrentar o coronav\u00edrus (covid-19). De acordo com o edital original, as empresas deveriam come\u00e7ar a ofertar 5G nas capitais e no Distrito Federal at\u00e9 julho de 2022 [&hellip;]<\/p>\n","protected":false},"author":9,"featured_media":61755,"comment_status":"closed","ping_status":"closed","sticky":false,"template":"","format":"standard","meta":[],"categories":[63],"tags":[1236,2487],"suno_strategy":[],"class_list":["post-61737","post","type-post","status-publish","format-standard","has-post-thumbnail","hentry","category-internacional","tag-5g","tag-coronavirus"],"yoast_head":"<!-- This site is optimized with the Yoast SEO plugin v24.4 - https:\/\/yoast.com\/wordpress\/plugins\/seo\/ -->\n<title>Coronav\u00edrus: por que na Europa tem gente destruindo torres do 5G<\/title>\n<meta name=\"description\" content=\"A \u00faltima torre de transmiss\u00e3o do 5G foi destru\u00edda perto do hospital de Birmingham, no Reino Unido. Clique aqui para saber mais\" \/>\n<meta name=\"robots\" content=\"index, follow, max-snippet:-1, max-image-preview:large, max-video-preview:-1\" \/>\n<link rel=\"canonical\" href=\"https:\/\/www.suno.com.br\/noticias\/coronavirus-por-que-na-europa-tem-gente-destruindo-torres-do-5g\/\" \/>\n<meta property=\"og:locale\" content=\"pt_BR\" \/>\n<meta property=\"og:type\" content=\"article\" \/>\n<meta property=\"og:title\" content=\"Coronav\u00edrus: por que na Europa tem gente destruindo torres do 5G\" \/>\n<meta property=\"og:description\" content=\"A \u00faltima torre de transmiss\u00e3o do 5G foi destru\u00edda perto do hospital de Birmingham, no Reino Unido. Clique aqui para saber mais\" \/>\n<meta property=\"og:url\" content=\"https:\/\/www.suno.com.br\/noticias\/coronavirus-por-que-na-europa-tem-gente-destruindo-torres-do-5g\/\" \/>\n<meta property=\"og:site_name\" content=\"Suno Not\u00edcias\" \/>\n<meta property=\"article:publisher\" content=\"https:\/\/facebook.com\/sunoresearch\" \/>\n<meta property=\"og:image\" content=\"https:\/\/files.sunoresearch.com.br\/n\/uploads\/2020\/04\/ccd1f90b-cell-tower-1547642534gu3.jpg\" \/>\n\t<meta property=\"og:image:width\" content=\"1280\" \/>\n\t<meta property=\"og:image:height\" content=\"1920\" \/>\n\t<meta property=\"og:image:type\" content=\"image\/jpeg\" \/>\n<meta name=\"author\" content=\"Carlo Cauti\" \/>\n<meta name=\"twitter:card\" content=\"summary_large_image\" \/>\n<meta name=\"twitter:creator\" content=\"@sunoresearch\" \/>\n<meta name=\"twitter:site\" content=\"@sunoresearch\" \/>\n<meta name=\"twitter:label1\" content=\"Escrito por\" \/>\n\t<meta name=\"twitter:data1\" content=\"Carlo Cauti\" \/>\n\t<meta name=\"twitter:label2\" content=\"Est. tempo de leitura\" \/>\n\t<meta name=\"twitter:data2\" content=\"4 minutos\" \/>\n<script type=\"application\/ld+json\" class=\"yoast-schema-graph\">{\"@context\":\"https:\/\/schema.org\",\"@graph\":[{\"@type\":\"NewsArticle\",\"@id\":\"https:\/\/www.suno.com.br\/noticias\/coronavirus-por-que-na-europa-tem-gente-destruindo-torres-do-5g\/#article\",\"isPartOf\":{\"@id\":\"https:\/\/www.suno.com.br\/noticias\/coronavirus-por-que-na-europa-tem-gente-destruindo-torres-do-5g\/\"},\"author\":{\"name\":\"Carlo Cauti\",\"@id\":\"https:\/\/www.suno.com.br\/noticias\/#\/schema\/person\/e6e0f723cc177805027f4566c1d5e0c8\"},\"headline\":\"Coronav\u00edrus: por que na Europa tem gente destruindo torres do 5G\",\"datePublished\":\"2020-04-16T22:22:47+00:00\",\"dateModified\":\"2020-12-21T20:23:58+00:00\",\"mainEntityOfPage\":{\"@id\":\"https:\/\/www.suno.com.br\/noticias\/coronavirus-por-que-na-europa-tem-gente-destruindo-torres-do-5g\/\"},\"wordCount\":731,\"publisher\":{\"@id\":\"https:\/\/www.suno.com.br\/noticias\/#organization\"},\"image\":{\"@id\":\"https:\/\/www.suno.com.br\/noticias\/coronavirus-por-que-na-europa-tem-gente-destruindo-torres-do-5g\/#primaryimage\"},\"thumbnailUrl\":\"https:\/\/files.sunoresearch.com.br\/n\/uploads\/2020\/04\/ccd1f90b-cell-tower-1547642534gu3-jpg.webp\",\"keywords\":[\"5G\",\"coronav\u00edrus\"],\"articleSection\":[\"Internacional\"],\"inLanguage\":\"pt-BR\"},{\"@type\":\"WebPage\",\"@id\":\"https:\/\/www.suno.com.br\/noticias\/coronavirus-por-que-na-europa-tem-gente-destruindo-torres-do-5g\/\",\"url\":\"https:\/\/www.suno.com.br\/noticias\/coronavirus-por-que-na-europa-tem-gente-destruindo-torres-do-5g\/\",\"name\":\"Coronav\u00edrus: por que na Europa tem gente destruindo torres do 5G\",\"isPartOf\":{\"@id\":\"https:\/\/www.suno.com.br\/noticias\/#website\"},\"primaryImageOfPage\":{\"@id\":\"https:\/\/www.suno.com.br\/noticias\/coronavirus-por-que-na-europa-tem-gente-destruindo-torres-do-5g\/#primaryimage\"},\"image\":{\"@id\":\"https:\/\/www.suno.com.br\/noticias\/coronavirus-por-que-na-europa-tem-gente-destruindo-torres-do-5g\/#primaryimage\"},\"thumbnailUrl\":\"https:\/\/files.sunoresearch.com.br\/n\/uploads\/2020\/04\/ccd1f90b-cell-tower-1547642534gu3-jpg.webp\",\"datePublished\":\"2020-04-16T22:22:47+00:00\",\"dateModified\":\"2020-12-21T20:23:58+00:00\",\"description\":\"A \u00faltima torre de transmiss\u00e3o do 5G foi destru\u00edda perto do hospital de Birmingham, no Reino Unido. Clique aqui para saber mais\",\"breadcrumb\":{\"@id\":\"https:\/\/www.suno.com.br\/noticias\/coronavirus-por-que-na-europa-tem-gente-destruindo-torres-do-5g\/#breadcrumb\"},\"inLanguage\":\"pt-BR\",\"potentialAction\":[{\"@type\":\"ReadAction\",\"target\":[\"https:\/\/www.suno.com.br\/noticias\/coronavirus-por-que-na-europa-tem-gente-destruindo-torres-do-5g\/\"]}]},{\"@type\":\"ImageObject\",\"inLanguage\":\"pt-BR\",\"@id\":\"https:\/\/www.suno.com.br\/noticias\/coronavirus-por-que-na-europa-tem-gente-destruindo-torres-do-5g\/#primaryimage\",\"url\":\"https:\/\/files.sunoresearch.com.br\/n\/uploads\/2020\/04\/ccd1f90b-cell-tower-1547642534gu3-jpg.webp\",\"contentUrl\":\"https:\/\/files.sunoresearch.com.br\/n\/uploads\/2020\/04\/ccd1f90b-cell-tower-1547642534gu3-jpg.webp\",\"width\":1280,\"height\":1920,\"caption\":\"De acordo com o edital original, as empresas deveriam come\u00e7ar a ofertar 5G nas capitais e no Distrito Federal at\u00e9 julho de 2022 - Foto: Pixabay\"},{\"@type\":\"BreadcrumbList\",\"@id\":\"https:\/\/www.suno.com.br\/noticias\/coronavirus-por-que-na-europa-tem-gente-destruindo-torres-do-5g\/#breadcrumb\",\"itemListElement\":[{\"@type\":\"ListItem\",\"position\":1,\"name\":\"Not\u00edcias\",\"item\":\"https:\/\/www.suno.com.br\/noticias\/\"},{\"@type\":\"ListItem\",\"position\":2,\"name\":\"Internacional\",\"item\":\"https:\/\/www.suno.com.br\/noticias\/internacional\/\"},{\"@type\":\"ListItem\",\"position\":3,\"name\":\"Coronav\u00edrus: por que na Europa tem gente destruindo torres do 5G\"}]},{\"@type\":\"WebSite\",\"@id\":\"https:\/\/www.suno.com.br\/noticias\/#website\",\"url\":\"https:\/\/www.suno.com.br\/noticias\/\",\"name\":\"Suno Not\u00edcias\",\"description\":\"Seu portal de informa\u00e7\u00e3o sobre o mundo dos investimentos\",\"publisher\":{\"@id\":\"https:\/\/www.suno.com.br\/noticias\/#organization\"},\"potentialAction\":[{\"@type\":\"SearchAction\",\"target\":{\"@type\":\"EntryPoint\",\"urlTemplate\":\"https:\/\/www.suno.com.br\/noticias\/?s={search_term_string}\"},\"query-input\":{\"@type\":\"PropertyValueSpecification\",\"valueRequired\":true,\"valueName\":\"search_term_string\"}}],\"inLanguage\":\"pt-BR\"},{\"@type\":\"Organization\",\"@id\":\"https:\/\/www.suno.com.br\/noticias\/#organization\",\"name\":\"Suno Not\u00edcias\",\"url\":\"https:\/\/www.suno.com.br\/noticias\/\",\"logo\":{\"@type\":\"ImageObject\",\"inLanguage\":\"pt-BR\",\"@id\":\"https:\/\/www.suno.com.br\/noticias\/#\/schema\/logo\/image\/\",\"url\":\"https:\/\/files.sunoresearch.com.br\/n\/uploads\/2021\/09\/suno-logo.png\",\"contentUrl\":\"https:\/\/files.sunoresearch.com.br\/n\/uploads\/2021\/09\/suno-logo.png\",\"width\":180,\"height\":180,\"caption\":\"Suno Not\u00edcias\"},\"image\":{\"@id\":\"https:\/\/www.suno.com.br\/noticias\/#\/schema\/logo\/image\/\"},\"sameAs\":[\"https:\/\/facebook.com\/sunoresearch\",\"https:\/\/x.com\/sunoresearch\",\"https:\/\/www.instagram.com\/suno\",\"https:\/\/www.linkedin.com\/company\/suno-research\/\",\"https:\/\/www.youtube.com\/c\/sunoresearch\"]},{\"@type\":\"Person\",\"@id\":\"https:\/\/www.suno.com.br\/noticias\/#\/schema\/person\/e6e0f723cc177805027f4566c1d5e0c8\",\"name\":\"Carlo Cauti\",\"image\":{\"@type\":\"ImageObject\",\"inLanguage\":\"pt-BR\",\"@id\":\"https:\/\/www.suno.com.br\/noticias\/#\/schema\/person\/image\/\",\"url\":\"https:\/\/secure.gravatar.com\/avatar\/3ada9e0bd164c23abd4792a9606d583c?s=96&r=g\",\"contentUrl\":\"https:\/\/secure.gravatar.com\/avatar\/3ada9e0bd164c23abd4792a9606d583c?s=96&r=g\",\"caption\":\"Carlo Cauti\"},\"description\":\"Editor multim\u00eddia do SUNO Not\u00edcias. Italiano, formado em Ci\u00eancias Pol\u00edticas pela universidade LUISS G. Carli de Roma e mestre cum laude em Rela\u00e7\u00f5es Internacionais, Jornalismo Internacional e de Guerra e em Economia Internacional. Concluiu tamb\u00e9m um MBA em Finan\u00e7as na B3. No Brasil, teve passagem por ve\u00edculos como Estad\u00e3o, Globo, Veja e EXAME. e nas ag\u00eancias de not\u00edcias italianas ANSA e NOVA.\",\"url\":\"https:\/\/www.suno.com.br\/noticias\/author\/carlo-cauti\/\"}]}<\/script>\n<!-- \/ Yoast SEO plugin. -->","yoast_head_json":{"title":"Coronav\u00edrus: por que na Europa tem gente destruindo torres do 5G","description":"A \u00faltima torre de transmiss\u00e3o do 5G foi destru\u00edda perto do hospital de Birmingham, no Reino Unido. Clique aqui para saber mais","robots":{"index":"index","follow":"follow","max-snippet":"max-snippet:-1","max-image-preview":"max-image-preview:large","max-video-preview":"max-video-preview:-1"},"canonical":"https:\/\/www.suno.com.br\/noticias\/coronavirus-por-que-na-europa-tem-gente-destruindo-torres-do-5g\/","og_locale":"pt_BR","og_type":"article","og_title":"Coronav\u00edrus: por que na Europa tem gente destruindo torres do 5G","og_description":"A \u00faltima torre de transmiss\u00e3o do 5G foi destru\u00edda perto do hospital de Birmingham, no Reino Unido. Clique aqui para saber mais","og_url":"https:\/\/www.suno.com.br\/noticias\/coronavirus-por-que-na-europa-tem-gente-destruindo-torres-do-5g\/","og_site_name":"Suno Not\u00edcias","article_publisher":"https:\/\/facebook.com\/sunoresearch","og_image":[{"width":1280,"height":1920,"url":"https:\/\/files.sunoresearch.com.br\/n\/uploads\/2020\/04\/ccd1f90b-cell-tower-1547642534gu3.jpg","type":"image\/jpeg"}],"author":"Carlo Cauti","twitter_card":"summary_large_image","twitter_creator":"@sunoresearch","twitter_site":"@sunoresearch","twitter_misc":{"Escrito por":"Carlo Cauti","Est. tempo de leitura":"4 minutos"},"schema":{"@context":"https:\/\/schema.org","@graph":[{"@type":"NewsArticle","@id":"https:\/\/www.suno.com.br\/noticias\/coronavirus-por-que-na-europa-tem-gente-destruindo-torres-do-5g\/#article","isPartOf":{"@id":"https:\/\/www.suno.com.br\/noticias\/coronavirus-por-que-na-europa-tem-gente-destruindo-torres-do-5g\/"},"author":{"name":"Carlo Cauti","@id":"https:\/\/www.suno.com.br\/noticias\/#\/schema\/person\/e6e0f723cc177805027f4566c1d5e0c8"},"headline":"Coronav\u00edrus: por que na Europa tem gente destruindo torres do 5G","datePublished":"2020-04-16T22:22:47+00:00","dateModified":"2020-12-21T20:23:58+00:00","mainEntityOfPage":{"@id":"https:\/\/www.suno.com.br\/noticias\/coronavirus-por-que-na-europa-tem-gente-destruindo-torres-do-5g\/"},"wordCount":731,"publisher":{"@id":"https:\/\/www.suno.com.br\/noticias\/#organization"},"image":{"@id":"https:\/\/www.suno.com.br\/noticias\/coronavirus-por-que-na-europa-tem-gente-destruindo-torres-do-5g\/#primaryimage"},"thumbnailUrl":"https:\/\/files.sunoresearch.com.br\/n\/uploads\/2020\/04\/ccd1f90b-cell-tower-1547642534gu3-jpg.webp","keywords":["5G","coronav\u00edrus"],"articleSection":["Internacional"],"inLanguage":"pt-BR"},{"@type":"WebPage","@id":"https:\/\/www.suno.com.br\/noticias\/coronavirus-por-que-na-europa-tem-gente-destruindo-torres-do-5g\/","url":"https:\/\/www.suno.com.br\/noticias\/coronavirus-por-que-na-europa-tem-gente-destruindo-torres-do-5g\/","name":"Coronav\u00edrus: por que na Europa tem gente destruindo torres do 5G","isPartOf":{"@id":"https:\/\/www.suno.com.br\/noticias\/#website"},"primaryImageOfPage":{"@id":"https:\/\/www.suno.com.br\/noticias\/coronavirus-por-que-na-europa-tem-gente-destruindo-torres-do-5g\/#primaryimage"},"image":{"@id":"https:\/\/www.suno.com.br\/noticias\/coronavirus-por-que-na-europa-tem-gente-destruindo-torres-do-5g\/#primaryimage"},"thumbnailUrl":"https:\/\/files.sunoresearch.com.br\/n\/uploads\/2020\/04\/ccd1f90b-cell-tower-1547642534gu3-jpg.webp","datePublished":"2020-04-16T22:22:47+00:00","dateModified":"2020-12-21T20:23:58+00:00","description":"A \u00faltima torre de transmiss\u00e3o do 5G foi destru\u00edda perto do hospital de Birmingham, no Reino Unido. Clique aqui para saber mais","breadcrumb":{"@id":"https:\/\/www.suno.com.br\/noticias\/coronavirus-por-que-na-europa-tem-gente-destruindo-torres-do-5g\/#breadcrumb"},"inLanguage":"pt-BR","potentialAction":[{"@type":"ReadAction","target":["https:\/\/www.suno.com.br\/noticias\/coronavirus-por-que-na-europa-tem-gente-destruindo-torres-do-5g\/"]}]},{"@type":"ImageObject","inLanguage":"pt-BR","@id":"https:\/\/www.suno.com.br\/noticias\/coronavirus-por-que-na-europa-tem-gente-destruindo-torres-do-5g\/#primaryimage","url":"https:\/\/files.sunoresearch.com.br\/n\/uploads\/2020\/04\/ccd1f90b-cell-tower-1547642534gu3-jpg.webp","contentUrl":"https:\/\/files.sunoresearch.com.br\/n\/uploads\/2020\/04\/ccd1f90b-cell-tower-1547642534gu3-jpg.webp","width":1280,"height":1920,"caption":"De acordo com o edital original, as empresas deveriam come\u00e7ar a ofertar 5G nas capitais e no Distrito Federal at\u00e9 julho de 2022 - Foto: Pixabay"},{"@type":"BreadcrumbList","@id":"https:\/\/www.suno.com.br\/noticias\/coronavirus-por-que-na-europa-tem-gente-destruindo-torres-do-5g\/#breadcrumb","itemListElement":[{"@type":"ListItem","position":1,"name":"Not\u00edcias","item":"https:\/\/www.suno.com.br\/noticias\/"},{"@type":"ListItem","position":2,"name":"Internacional","item":"https:\/\/www.suno.com.br\/noticias\/internacional\/"},{"@type":"ListItem","position":3,"name":"Coronav\u00edrus: por que na Europa tem gente destruindo torres do 5G"}]},{"@type":"WebSite","@id":"https:\/\/www.suno.com.br\/noticias\/#website","url":"https:\/\/www.suno.com.br\/noticias\/","name":"Suno Not\u00edcias","description":"Seu portal de informa\u00e7\u00e3o sobre o mundo dos investimentos","publisher":{"@id":"https:\/\/www.suno.com.br\/noticias\/#organization"},"potentialAction":[{"@type":"SearchAction","target":{"@type":"EntryPoint","urlTemplate":"https:\/\/www.suno.com.br\/noticias\/?s={search_term_string}"},"query-input":{"@type":"PropertyValueSpecification","valueRequired":true,"valueName":"search_term_string"}}],"inLanguage":"pt-BR"},{"@type":"Organization","@id":"https:\/\/www.suno.com.br\/noticias\/#organization","name":"Suno Not\u00edcias","url":"https:\/\/www.suno.com.br\/noticias\/","logo":{"@type":"ImageObject","inLanguage":"pt-BR","@id":"https:\/\/www.suno.com.br\/noticias\/#\/schema\/logo\/image\/","url":"https:\/\/files.sunoresearch.com.br\/n\/uploads\/2021\/09\/suno-logo.png","contentUrl":"https:\/\/files.sunoresearch.com.br\/n\/uploads\/2021\/09\/suno-logo.png","width":180,"height":180,"caption":"Suno Not\u00edcias"},"image":{"@id":"https:\/\/www.suno.com.br\/noticias\/#\/schema\/logo\/image\/"},"sameAs":["https:\/\/facebook.com\/sunoresearch","https:\/\/x.com\/sunoresearch","https:\/\/www.instagram.com\/suno","https:\/\/www.linkedin.com\/company\/suno-research\/","https:\/\/www.youtube.com\/c\/sunoresearch"]},{"@type":"Person","@id":"https:\/\/www.suno.com.br\/noticias\/#\/schema\/person\/e6e0f723cc177805027f4566c1d5e0c8","name":"Carlo Cauti","image":{"@type":"ImageObject","inLanguage":"pt-BR","@id":"https:\/\/www.suno.com.br\/noticias\/#\/schema\/person\/image\/","url":"https:\/\/secure.gravatar.com\/avatar\/3ada9e0bd164c23abd4792a9606d583c?s=96&r=g","contentUrl":"https:\/\/secure.gravatar.com\/avatar\/3ada9e0bd164c23abd4792a9606d583c?s=96&r=g","caption":"Carlo Cauti"},"description":"Editor multim\u00eddia do SUNO Not\u00edcias. Italiano, formado em Ci\u00eancias Pol\u00edticas pela universidade LUISS G. Carli de Roma e mestre cum laude em Rela\u00e7\u00f5es Internacionais, Jornalismo Internacional e de Guerra e em Economia Internacional. Concluiu tamb\u00e9m um MBA em Finan\u00e7as na B3. No Brasil, teve passagem por ve\u00edculos como Estad\u00e3o, Globo, Veja e EXAME. e nas ag\u00eancias de not\u00edcias italianas ANSA e NOVA.","url":"https:\/\/www.suno.com.br\/noticias\/author\/carlo-cauti\/"}]}},"default_loop_html":"<div class=\"cardsPage__listCard__boxs\"><div class=\"cardsPage__listCard__boxs__img\"><a href=\"https:\/\/www.suno.com.br\/noticias\/coronavirus-por-que-na-europa-tem-gente-destruindo-torres-do-5g\/\"><img class=\"mask\" src=\"https:\/\/www.suno.com.br\/noticias\/wp-content\/themes\/suno\/resources\/images\/spotlight\/spotlight1img\/bg-mask.png\" alt=\"Image Mask\"\/><img src=\"https:\/\/files.sunoresearch.com.br\/n\/uploads\/2020\/04\/ccd1f90b-cell-tower-1547642534gu3-400x200.webp\" alt=\"Coronav\u00edrus: por que na Europa tem gente destruindo torres do 5G\"\/><\/a><span class=\"spotlightCategory\"><a href=\"https:\/\/www.suno.com.br\/noticias\/internacional\/\">Internacional<\/a><\/span><\/div><div class=\"cardsPage__listCard__boxs__content\"><a href=\"https:\/\/www.suno.com.br\/noticias\/coronavirus-por-que-na-europa-tem-gente-destruindo-torres-do-5g\/\"><h2 class=\"content__title\">Coronav\u00edrus: por que na Europa tem gente destruindo torres do 5G<\/h2><\/a><div class=\"newsContent__article__meta\"><div class=\"newsContent__article__meta__authorBox\"><a href=\"https:\/\/www.suno.com.br\/noticias\/author\/carlo-cauti\/\" class=\"authorBox__avatar noMobi\"><img src=\"https:\/\/files.sunoresearch.com.br\/n\/uploads\/2020\/08\/e3745f9a-perfil-carlo-cauti-150x150.webp\" alt=\"Carlo Cauti\"><\/a><div class=\"authorBox__name\"><span>por\n\t\t\t<a href=\"https:\/\/www.suno.com.br\/noticias\/author\/carlo-cauti\/\"><span itemprop=\"author\">Carlo Cauti<\/span><\/a><\/span><time datetime=\"2020-04-16T19:22:47-03:00\" itemprop=\"datePublished\">16\/04\/2020 19:22<\/time><\/div><\/div><\/div><\/div><\/div>","single_layout":"posts","amp_enabled":true,"_links":{"self":[{"href":"https:\/\/www.suno.com.br\/noticias\/wp-json\/wp\/v2\/posts\/61737"}],"collection":[{"href":"https:\/\/www.suno.com.br\/noticias\/wp-json\/wp\/v2\/posts"}],"about":[{"href":"https:\/\/www.suno.com.br\/noticias\/wp-json\/wp\/v2\/types\/post"}],"author":[{"embeddable":true,"href":"https:\/\/www.suno.com.br\/noticias\/wp-json\/wp\/v2\/users\/9"}],"replies":[{"embeddable":true,"href":"https:\/\/www.suno.com.br\/noticias\/wp-json\/wp\/v2\/comments?post=61737"}],"version-history":[{"count":0,"href":"https:\/\/www.suno.com.br\/noticias\/wp-json\/wp\/v2\/posts\/61737\/revisions"}],"wp:featuredmedia":[{"embeddable":true,"href":"https:\/\/www.suno.com.br\/noticias\/wp-json\/wp\/v2\/media\/61755"}],"wp:attachment":[{"href":"https:\/\/www.suno.com.br\/noticias\/wp-json\/wp\/v2\/media?parent=61737"}],"wp:term":[{"taxonomy":"category","embeddable":true,"href":"https:\/\/www.suno.com.br\/noticias\/wp-json\/wp\/v2\/categories?post=61737"},{"taxonomy":"post_tag","embeddable":true,"href":"https:\/\/www.suno.com.br\/noticias\/wp-json\/wp\/v2\/tags?post=61737"},{"taxonomy":"suno_strategy","embeddable":true,"href":"https:\/\/www.suno.com.br\/noticias\/wp-json\/wp\/v2\/suno_strategy?post=61737"}],"curies":[{"name":"wp","href":"https:\/\/api.w.org\/{rel}","templated":true}]}}