{"id":61572,"date":"2020-04-15T18:15:17","date_gmt":"2020-04-15T21:15:17","guid":{"rendered":"https:\/\/www.suno.com.br\/noticias\/?p=61572"},"modified":"2020-04-15T18:15:17","modified_gmt":"2020-04-15T21:15:17","slug":"demanda-petroleo-queda-30-aie","status":"publish","type":"post","link":"https:\/\/www.suno.com.br\/noticias\/demanda-petroleo-queda-30-aie\/","title":{"rendered":"Demanda mundial de petr\u00f3leo vai cair 30% em abril, diz AIE"},"content":{"rendered":"<p>A demanda mundial de <strong>petr\u00f3leo<\/strong> dever\u00e1 desabar de 30% em abril. Essa \u00e9 a previs\u00e3o da Ag\u00eancia Internacional de Emergia (AIE), em seu relat\u00f3rio divulgado nesta quarta-feira (15).<\/p>\t<div class=\"wrapper-featured-image\">\n\t\t<figure class=\"spotlightImg\">\n\n\t\t\t<picture>\n\t\t\t\t<source media=\"(max-width: 768px)\" srcset=\"https:\/\/files.sunoresearch.com.br\/n\/uploads\/2019\/10\/b051e236-petroleo-400x200.webp\">\n\t\t\t\t<img loading=\"lazy\" decoding=\"async\" class=\"newsContent__article__imgCapa lazyloadDisabled newsContent__article__imgCapa--noCaption\" src=\"https:\/\/files.sunoresearch.com.br\/n\/uploads\/2019\/10\/b051e236-petroleo-800x450.webp\" width=\"800\" height=\"450\" alt=\"Demanda mundial de petr\u00f3leo vai cair 30% em abril, diz AIE\" fetchpriority=high \/>\n\t\t\t<\/picture>\n\n\t\t\t<figcaption class=\"wp-caption-text wp-caption-text--hide\">Os contratos futuros do petr\u00f3leo operam em forte queda nesta quarta, pressionados pelo aumento da oferta pelo avan\u00e7o da pandemia. <\/figcaption>\n\t\t<\/figure>\n\t<\/div>\n\n\n\n<p>A an\u00e1lise da AIE &#8211; cujo t\u00edtulo \u00e9 &#8220;<span style=\"font-size: 1.21429rem;\">Back from the brink&#8221; (de volta ao precip\u00edcio, na tradu\u00e7\u00e3o em portugu\u00eas) <\/span>foi publicada logo ap\u00f3s o acordo hist\u00f3rico entre a <a href=\"https:\/\/www.suno.com.br\/artigos\/opep\/\"><strong>Organiza\u00e7\u00e3o dos Pa\u00edses Exportadores de Petr\u00f3leo (OPEP)<\/strong><\/a> e os pa\u00edses aliados no formato OPEP+ e do <strong><a href=\"https:\/\/www.suno.com.br\/artigos\/g20\/\">G20<\/a>,<\/strong> no \u00faltimo domingo (12).<\/p>\n<p><a href=\"https:\/\/lp.suno.com.br\/suno-one\/\">Saiba mais: <span data-sheets-value=\"{&quot;1&quot;:2,&quot;2&quot;:&quot;Garanta acesso ao Suno One, a central de informa\u00e7\u00f5es para quem quer aprender a investir. Acesse gratuitamente clicando aqui.&quot;}\" data-sheets-userformat=\"{&quot;2&quot;:513,&quot;3&quot;:{&quot;1&quot;:0},&quot;12&quot;:0}\">Garanta acesso ao Suno One, a central de informa\u00e7\u00f5es para quem quer aprender a investir. Acesse gratuitamente clicando aqui.<\/span><\/a><\/p>\n<p>Segundo a entidade, 187 pa\u00edses no mundo est\u00e3o enfrentando quarentenas ou at\u00e9 &#8220;lockdown&#8221;, e por isso as perspectivas do <a href=\"https:\/\/www.suno.com.br\/artigos\/cotacao-do-petroleo\/\">setor petrol\u00edfero<\/a> ser\u00e3o negativas. A estimativa \u00e9 que, ao longo de 2020, a queda na demanda seja de 9,3 milh\u00f5es de barris por dia, ou seja 9-10% a menos do que nos anos anteriores.<\/p>\n<p>Obviamente, para os consumidores, os problemas dos produtores se transformam em vantagens, principalmente gra\u00e7as aos pre\u00e7os mais baixos de combust\u00edveis como gasolina e diesel. <span style=\"font-size: 1.21429rem;\">Mas essa queda \u00e9 reduzida pelo peso dos impostos, que geralmente representam 50% do pre\u00e7o final.<\/span><\/p>\n<p>Por outro lado, a p\u00e9ssima situa\u00e7\u00e3o das contas p\u00fablicas e das balan\u00e7as comerciais dos pa\u00edses produtores de petr\u00f3leo e g\u00e1s tamb\u00e9m se traduz em uma queda na demanda por produtos provenientes de pa\u00edses consumidores e uma redu\u00e7\u00e3o nos investimentos.<\/p>\n<p>Al\u00e9m disso, condi\u00e7\u00e3o de quarentena onde est\u00e3o confinados 4 bilh\u00f5es de pessoas impede que essa grande parte da popula\u00e7\u00e3o mundial possa desfrutar dos efeitos econ\u00f4micos da redu\u00e7\u00e3o de pre\u00e7os da gasolina e do diesel.<\/p>\n\t<p>\n\t\t<a href=\"https:\/\/lp.suno.com.br\/pv\/sr-premium\/trial-1-real\/\" target=\"_blank\" data-element=\"shortcode-suno-banner\" title=\"Banner SUNO, clique e saiba mais\">\n\t\t\t<picture>\n\t\t\t\t<source media=\"(max-width: 500px)\" srcset=\"https:\/\/files.sunoresearch.com.br\/n\/uploads\/2024\/04\/400x300-Banner-Home-2.png\">\n\t\t\t\t<img class=\"newsContent__article__imgCapa newsContent__article__imgCapa--banner\"\n\t\t\t\t\tsrc=\"https:\/\/files.sunoresearch.com.br\/n\/uploads\/2024\/04\/1420x240-Banner-Home-2.png\"\n\t\t\t\t\tdata-promo-id=\"541556\"\t\t\t\t\t\t\t\t\t\twidth='1420' height='240'\t\t\t\t\talt=\"https:\/\/files.sunoresearch.com.br\/n\/uploads\/2024\/04\/1420x240-Banner-Home-2.png\"\n\t\t\t\t>\n\t\t\t<\/picture>\n\t\t<\/a>\n\t<\/p>\n\n\n<p>O mesmo vale para as atividades das ind\u00fastrias, principalmente as qu\u00edmicas, totalmente paradas por causa da interrup\u00e7\u00e3o na produ\u00e7\u00e3o. Assim como para a avia\u00e7\u00e3o. Todos esses setores s\u00e3o grandes consumidores de combust\u00edveis. O bloqueio dos investimentos por parte de todas as companhias petrol\u00edferas mundiais, coloca tamb\u00e9m toda uma cadeia produtiva e milh\u00f5es de trabalhadores em situa\u00e7\u00e3o complicada.<\/p>\n<h2>Corte na produ\u00e7\u00e3o de petr\u00f3leo insuficiente<\/h2>\n<p>Segundo a AIE, as medidas anunciadas pelo cartel dos pa\u00edses exportadores de petr\u00f3leo e por seus aliados, junto com o grupo dos pa\u00edses mais industrializados do mundo (que inclui o Brasil),\u00a0 n\u00e3o poder\u00e3o reequilibrar o mercado no curto prazo.<\/p>\n<p><a href=\"https:\/\/www.suno.com.br\/noticias\/corte-petroleo-15-20-milhoes\/\">Saiba mais: Petr\u00f3leo: corte dever\u00e1 ser de 15 a 20 milh\u00f5es de barris em maio e junho<\/a><\/p>\n<p>O corte na produ\u00e7\u00e3o de 9,7 milh\u00f5es de barris por dia ser\u00e1 apenas suficiente para reduzir o pico de excesso de oferta e a tend\u00eancia de reabastecimento dos estoques, permitindo que os produtores absorvam a parte mais dif\u00edcil da crise.<\/p>\n<p>Nos pr\u00f3ximos meses, todavia, a queda prevista na demanda mundial ser\u00e1 enorme: em abril, a expectativa da entidade \u00e9 de atingir 29 milh\u00f5es de barris por dia, enquanto em maio poder\u00e1 ser de 26 milh\u00f5es de barris. Basicamente o mesmo n\u00edvel de1995. A demanda mundial antes da pandemia de coronav\u00edrus era de cerca de 100 milh\u00f5es de barris por dia.<\/p>\n<p><a href=\"https:\/\/www.suno.com.br\/noticias\/petroleo-opep-pressiona-brasil\/\">Saiba mais: Petr\u00f3leo: Opep pressiona Brasil a cortar produ\u00e7\u00e3o da commodity<\/a><\/p>\n<p>Durante todo o segundo semestre, a queda na demanda de <strong>petr\u00f3leo<\/strong> est\u00e1 prevista em 23,1 milh\u00f5es de barris e a recupera\u00e7\u00e3o ser\u00e1 gradual. Em junho, ser\u00e3o 15 milh\u00f5es de barris por dia. Em dezembro, ainda deve permanecer abaixo de 2,7 milh\u00f5es de barris por dia.<\/p>\n\n","protected":false},"excerpt":{"rendered":"<p>A demanda mundial de petr\u00f3leo dever\u00e1 desabar de 30% em abril. Essa \u00e9 a previs\u00e3o da Ag\u00eancia Internacional de Emergia (AIE), em seu relat\u00f3rio divulgado nesta quarta-feira (15). Os contratos futuros do petr\u00f3leo operam em forte queda nesta quarta, pressionados pelo aumento da oferta pelo avan\u00e7o da pandemia. A an\u00e1lise da AIE &#8211; cujo t\u00edtulo [&hellip;]<\/p>\n","protected":false},"author":9,"featured_media":41641,"comment_status":"closed","ping_status":"closed","sticky":false,"template":"","format":"standard","meta":[],"categories":[63],"tags":[2426,595,766,597],"suno_strategy":[],"class_list":["post-61572","post","type-post","status-publish","format-standard","has-post-thumbnail","hentry","category-internacional","tag-petr3","tag-petrobras-petr4","tag-petroleo","tag-petrorio-prio3"],"yoast_head":"<!-- This site is optimized with the Yoast SEO plugin v24.4 - https:\/\/yoast.com\/wordpress\/plugins\/seo\/ -->\n<title>Demanda mundial de petr\u00f3leo vai cair 30% em abril, diz AIE<\/title>\n<meta name=\"description\" content=\"A demanda mundial de petr\u00f3leo dever\u00e1 desabar de 30% em abril, segundo Ag\u00eancia Internacional de Emergia (AIE). Clique para saber mais\" \/>\n<meta name=\"robots\" content=\"index, follow, max-snippet:-1, max-image-preview:large, max-video-preview:-1\" \/>\n<link rel=\"canonical\" href=\"https:\/\/www.suno.com.br\/noticias\/demanda-petroleo-queda-30-aie\/\" \/>\n<meta property=\"og:locale\" content=\"pt_BR\" \/>\n<meta property=\"og:type\" content=\"article\" \/>\n<meta property=\"og:title\" content=\"Demanda mundial de petr\u00f3leo vai cair 30% em abril, diz AIE\" \/>\n<meta property=\"og:description\" content=\"A demanda mundial de petr\u00f3leo dever\u00e1 desabar de 30% em abril, segundo Ag\u00eancia Internacional de Emergia (AIE). Clique para saber mais\" \/>\n<meta property=\"og:url\" content=\"https:\/\/www.suno.com.br\/noticias\/demanda-petroleo-queda-30-aie\/\" \/>\n<meta property=\"og:site_name\" content=\"Suno Not\u00edcias\" \/>\n<meta property=\"article:publisher\" content=\"https:\/\/facebook.com\/sunoresearch\" \/>\n<meta property=\"og:image\" content=\"https:\/\/files.sunoresearch.com.br\/n\/uploads\/2019\/10\/b051e236-petroleo.jpg\" \/>\n\t<meta property=\"og:image:width\" content=\"1182\" \/>\n\t<meta property=\"og:image:height\" content=\"800\" \/>\n\t<meta property=\"og:image:type\" content=\"image\/jpeg\" \/>\n<meta name=\"author\" content=\"Carlo Cauti\" \/>\n<meta name=\"twitter:card\" content=\"summary_large_image\" \/>\n<meta name=\"twitter:creator\" content=\"@sunoresearch\" \/>\n<meta name=\"twitter:site\" content=\"@sunoresearch\" \/>\n<meta name=\"twitter:label1\" content=\"Escrito por\" \/>\n\t<meta name=\"twitter:data1\" content=\"Carlo Cauti\" \/>\n\t<meta name=\"twitter:label2\" content=\"Est. tempo de leitura\" \/>\n\t<meta name=\"twitter:data2\" content=\"3 minutos\" \/>\n<script type=\"application\/ld+json\" class=\"yoast-schema-graph\">{\"@context\":\"https:\/\/schema.org\",\"@graph\":[{\"@type\":\"NewsArticle\",\"@id\":\"https:\/\/www.suno.com.br\/noticias\/demanda-petroleo-queda-30-aie\/#article\",\"isPartOf\":{\"@id\":\"https:\/\/www.suno.com.br\/noticias\/demanda-petroleo-queda-30-aie\/\"},\"author\":{\"name\":\"Carlo Cauti\",\"@id\":\"https:\/\/www.suno.com.br\/noticias\/#\/schema\/person\/e6e0f723cc177805027f4566c1d5e0c8\"},\"headline\":\"Demanda mundial de petr\u00f3leo vai cair 30% em abril, diz AIE\",\"datePublished\":\"2020-04-15T21:15:17+00:00\",\"mainEntityOfPage\":{\"@id\":\"https:\/\/www.suno.com.br\/noticias\/demanda-petroleo-queda-30-aie\/\"},\"wordCount\":621,\"publisher\":{\"@id\":\"https:\/\/www.suno.com.br\/noticias\/#organization\"},\"image\":{\"@id\":\"https:\/\/www.suno.com.br\/noticias\/demanda-petroleo-queda-30-aie\/#primaryimage\"},\"thumbnailUrl\":\"https:\/\/files.sunoresearch.com.br\/n\/uploads\/2019\/10\/b051e236-petroleo-jpg.webp\",\"keywords\":[\"PETR3\",\"Petrobras (PETR4)\",\"Petr\u00f3leo\",\"PetroRio (PRIO3)\"],\"articleSection\":[\"Internacional\"],\"inLanguage\":\"pt-BR\"},{\"@type\":\"WebPage\",\"@id\":\"https:\/\/www.suno.com.br\/noticias\/demanda-petroleo-queda-30-aie\/\",\"url\":\"https:\/\/www.suno.com.br\/noticias\/demanda-petroleo-queda-30-aie\/\",\"name\":\"Demanda mundial de petr\u00f3leo vai cair 30% em abril, diz AIE\",\"isPartOf\":{\"@id\":\"https:\/\/www.suno.com.br\/noticias\/#website\"},\"primaryImageOfPage\":{\"@id\":\"https:\/\/www.suno.com.br\/noticias\/demanda-petroleo-queda-30-aie\/#primaryimage\"},\"image\":{\"@id\":\"https:\/\/www.suno.com.br\/noticias\/demanda-petroleo-queda-30-aie\/#primaryimage\"},\"thumbnailUrl\":\"https:\/\/files.sunoresearch.com.br\/n\/uploads\/2019\/10\/b051e236-petroleo-jpg.webp\",\"datePublished\":\"2020-04-15T21:15:17+00:00\",\"description\":\"A demanda mundial de petr\u00f3leo dever\u00e1 desabar de 30% em abril, segundo Ag\u00eancia Internacional de Emergia (AIE). Clique para saber mais\",\"breadcrumb\":{\"@id\":\"https:\/\/www.suno.com.br\/noticias\/demanda-petroleo-queda-30-aie\/#breadcrumb\"},\"inLanguage\":\"pt-BR\",\"potentialAction\":[{\"@type\":\"ReadAction\",\"target\":[\"https:\/\/www.suno.com.br\/noticias\/demanda-petroleo-queda-30-aie\/\"]}]},{\"@type\":\"ImageObject\",\"inLanguage\":\"pt-BR\",\"@id\":\"https:\/\/www.suno.com.br\/noticias\/demanda-petroleo-queda-30-aie\/#primaryimage\",\"url\":\"https:\/\/files.sunoresearch.com.br\/n\/uploads\/2019\/10\/b051e236-petroleo-jpg.webp\",\"contentUrl\":\"https:\/\/files.sunoresearch.com.br\/n\/uploads\/2019\/10\/b051e236-petroleo-jpg.webp\",\"width\":1182,\"height\":800,\"caption\":\"Os contratos futuros do petr\u00f3leo operam em forte queda nesta quarta, pressionados pelo aumento da oferta pelo avan\u00e7o da pandemia.\"},{\"@type\":\"BreadcrumbList\",\"@id\":\"https:\/\/www.suno.com.br\/noticias\/demanda-petroleo-queda-30-aie\/#breadcrumb\",\"itemListElement\":[{\"@type\":\"ListItem\",\"position\":1,\"name\":\"Not\u00edcias\",\"item\":\"https:\/\/www.suno.com.br\/noticias\/\"},{\"@type\":\"ListItem\",\"position\":2,\"name\":\"Internacional\",\"item\":\"https:\/\/www.suno.com.br\/noticias\/internacional\/\"},{\"@type\":\"ListItem\",\"position\":3,\"name\":\"Demanda mundial de petr\u00f3leo vai cair 30% em abril, diz AIE\"}]},{\"@type\":\"WebSite\",\"@id\":\"https:\/\/www.suno.com.br\/noticias\/#website\",\"url\":\"https:\/\/www.suno.com.br\/noticias\/\",\"name\":\"Suno Not\u00edcias\",\"description\":\"Seu portal de informa\u00e7\u00e3o sobre o mundo dos investimentos\",\"publisher\":{\"@id\":\"https:\/\/www.suno.com.br\/noticias\/#organization\"},\"potentialAction\":[{\"@type\":\"SearchAction\",\"target\":{\"@type\":\"EntryPoint\",\"urlTemplate\":\"https:\/\/www.suno.com.br\/noticias\/?s={search_term_string}\"},\"query-input\":{\"@type\":\"PropertyValueSpecification\",\"valueRequired\":true,\"valueName\":\"search_term_string\"}}],\"inLanguage\":\"pt-BR\"},{\"@type\":\"Organization\",\"@id\":\"https:\/\/www.suno.com.br\/noticias\/#organization\",\"name\":\"Suno Not\u00edcias\",\"url\":\"https:\/\/www.suno.com.br\/noticias\/\",\"logo\":{\"@type\":\"ImageObject\",\"inLanguage\":\"pt-BR\",\"@id\":\"https:\/\/www.suno.com.br\/noticias\/#\/schema\/logo\/image\/\",\"url\":\"https:\/\/files.sunoresearch.com.br\/n\/uploads\/2021\/09\/suno-logo.png\",\"contentUrl\":\"https:\/\/files.sunoresearch.com.br\/n\/uploads\/2021\/09\/suno-logo.png\",\"width\":180,\"height\":180,\"caption\":\"Suno Not\u00edcias\"},\"image\":{\"@id\":\"https:\/\/www.suno.com.br\/noticias\/#\/schema\/logo\/image\/\"},\"sameAs\":[\"https:\/\/facebook.com\/sunoresearch\",\"https:\/\/x.com\/sunoresearch\",\"https:\/\/www.instagram.com\/suno\",\"https:\/\/www.linkedin.com\/company\/suno-research\/\",\"https:\/\/www.youtube.com\/c\/sunoresearch\"]},{\"@type\":\"Person\",\"@id\":\"https:\/\/www.suno.com.br\/noticias\/#\/schema\/person\/e6e0f723cc177805027f4566c1d5e0c8\",\"name\":\"Carlo Cauti\",\"image\":{\"@type\":\"ImageObject\",\"inLanguage\":\"pt-BR\",\"@id\":\"https:\/\/www.suno.com.br\/noticias\/#\/schema\/person\/image\/\",\"url\":\"https:\/\/secure.gravatar.com\/avatar\/3ada9e0bd164c23abd4792a9606d583c?s=96&r=g\",\"contentUrl\":\"https:\/\/secure.gravatar.com\/avatar\/3ada9e0bd164c23abd4792a9606d583c?s=96&r=g\",\"caption\":\"Carlo Cauti\"},\"description\":\"Editor multim\u00eddia do SUNO Not\u00edcias. Italiano, formado em Ci\u00eancias Pol\u00edticas pela universidade LUISS G. Carli de Roma e mestre cum laude em Rela\u00e7\u00f5es Internacionais, Jornalismo Internacional e de Guerra e em Economia Internacional. Concluiu tamb\u00e9m um MBA em Finan\u00e7as na B3. No Brasil, teve passagem por ve\u00edculos como Estad\u00e3o, Globo, Veja e EXAME. e nas ag\u00eancias de not\u00edcias italianas ANSA e NOVA.\",\"url\":\"https:\/\/www.suno.com.br\/noticias\/author\/carlo-cauti\/\"}]}<\/script>\n<!-- \/ Yoast SEO plugin. -->","yoast_head_json":{"title":"Demanda mundial de petr\u00f3leo vai cair 30% em abril, diz AIE","description":"A demanda mundial de petr\u00f3leo dever\u00e1 desabar de 30% em abril, segundo Ag\u00eancia Internacional de Emergia (AIE). Clique para saber mais","robots":{"index":"index","follow":"follow","max-snippet":"max-snippet:-1","max-image-preview":"max-image-preview:large","max-video-preview":"max-video-preview:-1"},"canonical":"https:\/\/www.suno.com.br\/noticias\/demanda-petroleo-queda-30-aie\/","og_locale":"pt_BR","og_type":"article","og_title":"Demanda mundial de petr\u00f3leo vai cair 30% em abril, diz AIE","og_description":"A demanda mundial de petr\u00f3leo dever\u00e1 desabar de 30% em abril, segundo Ag\u00eancia Internacional de Emergia (AIE). Clique para saber mais","og_url":"https:\/\/www.suno.com.br\/noticias\/demanda-petroleo-queda-30-aie\/","og_site_name":"Suno Not\u00edcias","article_publisher":"https:\/\/facebook.com\/sunoresearch","og_image":[{"width":1182,"height":800,"url":"https:\/\/files.sunoresearch.com.br\/n\/uploads\/2019\/10\/b051e236-petroleo.jpg","type":"image\/jpeg"}],"author":"Carlo Cauti","twitter_card":"summary_large_image","twitter_creator":"@sunoresearch","twitter_site":"@sunoresearch","twitter_misc":{"Escrito por":"Carlo Cauti","Est. tempo de leitura":"3 minutos"},"schema":{"@context":"https:\/\/schema.org","@graph":[{"@type":"NewsArticle","@id":"https:\/\/www.suno.com.br\/noticias\/demanda-petroleo-queda-30-aie\/#article","isPartOf":{"@id":"https:\/\/www.suno.com.br\/noticias\/demanda-petroleo-queda-30-aie\/"},"author":{"name":"Carlo Cauti","@id":"https:\/\/www.suno.com.br\/noticias\/#\/schema\/person\/e6e0f723cc177805027f4566c1d5e0c8"},"headline":"Demanda mundial de petr\u00f3leo vai cair 30% em abril, diz AIE","datePublished":"2020-04-15T21:15:17+00:00","mainEntityOfPage":{"@id":"https:\/\/www.suno.com.br\/noticias\/demanda-petroleo-queda-30-aie\/"},"wordCount":621,"publisher":{"@id":"https:\/\/www.suno.com.br\/noticias\/#organization"},"image":{"@id":"https:\/\/www.suno.com.br\/noticias\/demanda-petroleo-queda-30-aie\/#primaryimage"},"thumbnailUrl":"https:\/\/files.sunoresearch.com.br\/n\/uploads\/2019\/10\/b051e236-petroleo-jpg.webp","keywords":["PETR3","Petrobras (PETR4)","Petr\u00f3leo","PetroRio (PRIO3)"],"articleSection":["Internacional"],"inLanguage":"pt-BR"},{"@type":"WebPage","@id":"https:\/\/www.suno.com.br\/noticias\/demanda-petroleo-queda-30-aie\/","url":"https:\/\/www.suno.com.br\/noticias\/demanda-petroleo-queda-30-aie\/","name":"Demanda mundial de petr\u00f3leo vai cair 30% em abril, diz AIE","isPartOf":{"@id":"https:\/\/www.suno.com.br\/noticias\/#website"},"primaryImageOfPage":{"@id":"https:\/\/www.suno.com.br\/noticias\/demanda-petroleo-queda-30-aie\/#primaryimage"},"image":{"@id":"https:\/\/www.suno.com.br\/noticias\/demanda-petroleo-queda-30-aie\/#primaryimage"},"thumbnailUrl":"https:\/\/files.sunoresearch.com.br\/n\/uploads\/2019\/10\/b051e236-petroleo-jpg.webp","datePublished":"2020-04-15T21:15:17+00:00","description":"A demanda mundial de petr\u00f3leo dever\u00e1 desabar de 30% em abril, segundo Ag\u00eancia Internacional de Emergia (AIE). Clique para saber mais","breadcrumb":{"@id":"https:\/\/www.suno.com.br\/noticias\/demanda-petroleo-queda-30-aie\/#breadcrumb"},"inLanguage":"pt-BR","potentialAction":[{"@type":"ReadAction","target":["https:\/\/www.suno.com.br\/noticias\/demanda-petroleo-queda-30-aie\/"]}]},{"@type":"ImageObject","inLanguage":"pt-BR","@id":"https:\/\/www.suno.com.br\/noticias\/demanda-petroleo-queda-30-aie\/#primaryimage","url":"https:\/\/files.sunoresearch.com.br\/n\/uploads\/2019\/10\/b051e236-petroleo-jpg.webp","contentUrl":"https:\/\/files.sunoresearch.com.br\/n\/uploads\/2019\/10\/b051e236-petroleo-jpg.webp","width":1182,"height":800,"caption":"Os contratos futuros do petr\u00f3leo operam em forte queda nesta quarta, pressionados pelo aumento da oferta pelo avan\u00e7o da pandemia."},{"@type":"BreadcrumbList","@id":"https:\/\/www.suno.com.br\/noticias\/demanda-petroleo-queda-30-aie\/#breadcrumb","itemListElement":[{"@type":"ListItem","position":1,"name":"Not\u00edcias","item":"https:\/\/www.suno.com.br\/noticias\/"},{"@type":"ListItem","position":2,"name":"Internacional","item":"https:\/\/www.suno.com.br\/noticias\/internacional\/"},{"@type":"ListItem","position":3,"name":"Demanda mundial de petr\u00f3leo vai cair 30% em abril, diz AIE"}]},{"@type":"WebSite","@id":"https:\/\/www.suno.com.br\/noticias\/#website","url":"https:\/\/www.suno.com.br\/noticias\/","name":"Suno Not\u00edcias","description":"Seu portal de informa\u00e7\u00e3o sobre o mundo dos investimentos","publisher":{"@id":"https:\/\/www.suno.com.br\/noticias\/#organization"},"potentialAction":[{"@type":"SearchAction","target":{"@type":"EntryPoint","urlTemplate":"https:\/\/www.suno.com.br\/noticias\/?s={search_term_string}"},"query-input":{"@type":"PropertyValueSpecification","valueRequired":true,"valueName":"search_term_string"}}],"inLanguage":"pt-BR"},{"@type":"Organization","@id":"https:\/\/www.suno.com.br\/noticias\/#organization","name":"Suno Not\u00edcias","url":"https:\/\/www.suno.com.br\/noticias\/","logo":{"@type":"ImageObject","inLanguage":"pt-BR","@id":"https:\/\/www.suno.com.br\/noticias\/#\/schema\/logo\/image\/","url":"https:\/\/files.sunoresearch.com.br\/n\/uploads\/2021\/09\/suno-logo.png","contentUrl":"https:\/\/files.sunoresearch.com.br\/n\/uploads\/2021\/09\/suno-logo.png","width":180,"height":180,"caption":"Suno Not\u00edcias"},"image":{"@id":"https:\/\/www.suno.com.br\/noticias\/#\/schema\/logo\/image\/"},"sameAs":["https:\/\/facebook.com\/sunoresearch","https:\/\/x.com\/sunoresearch","https:\/\/www.instagram.com\/suno","https:\/\/www.linkedin.com\/company\/suno-research\/","https:\/\/www.youtube.com\/c\/sunoresearch"]},{"@type":"Person","@id":"https:\/\/www.suno.com.br\/noticias\/#\/schema\/person\/e6e0f723cc177805027f4566c1d5e0c8","name":"Carlo Cauti","image":{"@type":"ImageObject","inLanguage":"pt-BR","@id":"https:\/\/www.suno.com.br\/noticias\/#\/schema\/person\/image\/","url":"https:\/\/secure.gravatar.com\/avatar\/3ada9e0bd164c23abd4792a9606d583c?s=96&r=g","contentUrl":"https:\/\/secure.gravatar.com\/avatar\/3ada9e0bd164c23abd4792a9606d583c?s=96&r=g","caption":"Carlo Cauti"},"description":"Editor multim\u00eddia do SUNO Not\u00edcias. Italiano, formado em Ci\u00eancias Pol\u00edticas pela universidade LUISS G. Carli de Roma e mestre cum laude em Rela\u00e7\u00f5es Internacionais, Jornalismo Internacional e de Guerra e em Economia Internacional. Concluiu tamb\u00e9m um MBA em Finan\u00e7as na B3. No Brasil, teve passagem por ve\u00edculos como Estad\u00e3o, Globo, Veja e EXAME. e nas ag\u00eancias de not\u00edcias italianas ANSA e NOVA.","url":"https:\/\/www.suno.com.br\/noticias\/author\/carlo-cauti\/"}]}},"default_loop_html":"<div class=\"cardsPage__listCard__boxs\"><div class=\"cardsPage__listCard__boxs__img\"><a href=\"https:\/\/www.suno.com.br\/noticias\/demanda-petroleo-queda-30-aie\/\"><img class=\"mask\" src=\"https:\/\/www.suno.com.br\/noticias\/wp-content\/themes\/suno\/resources\/images\/spotlight\/spotlight1img\/bg-mask.png\" alt=\"Image Mask\"\/><img src=\"https:\/\/files.sunoresearch.com.br\/n\/uploads\/2019\/10\/b051e236-petroleo-400x200.webp\" alt=\"Demanda mundial de petr\u00f3leo vai cair 30% em abril, diz AIE\"\/><\/a><span class=\"spotlightCategory\"><a href=\"https:\/\/www.suno.com.br\/noticias\/internacional\/\">Internacional<\/a><\/span><\/div><div class=\"cardsPage__listCard__boxs__content\"><a href=\"https:\/\/www.suno.com.br\/noticias\/demanda-petroleo-queda-30-aie\/\"><h2 class=\"content__title\">Demanda mundial de petr\u00f3leo vai cair 30% em abril, diz AIE<\/h2><\/a><div class=\"newsContent__article__meta\"><div class=\"newsContent__article__meta__authorBox\"><a href=\"https:\/\/www.suno.com.br\/noticias\/author\/carlo-cauti\/\" class=\"authorBox__avatar noMobi\"><img src=\"https:\/\/files.sunoresearch.com.br\/n\/uploads\/2020\/08\/e3745f9a-perfil-carlo-cauti-150x150.webp\" alt=\"Carlo Cauti\"><\/a><div class=\"authorBox__name\"><span>por\n\t\t\t<a href=\"https:\/\/www.suno.com.br\/noticias\/author\/carlo-cauti\/\"><span itemprop=\"author\">Carlo Cauti<\/span><\/a><\/span><time datetime=\"2020-04-15T18:15:17-03:00\" itemprop=\"datePublished\">15\/04\/2020 18:15<\/time><\/div><\/div><\/div><\/div><\/div>","single_layout":"posts","amp_enabled":true,"_links":{"self":[{"href":"https:\/\/www.suno.com.br\/noticias\/wp-json\/wp\/v2\/posts\/61572"}],"collection":[{"href":"https:\/\/www.suno.com.br\/noticias\/wp-json\/wp\/v2\/posts"}],"about":[{"href":"https:\/\/www.suno.com.br\/noticias\/wp-json\/wp\/v2\/types\/post"}],"author":[{"embeddable":true,"href":"https:\/\/www.suno.com.br\/noticias\/wp-json\/wp\/v2\/users\/9"}],"replies":[{"embeddable":true,"href":"https:\/\/www.suno.com.br\/noticias\/wp-json\/wp\/v2\/comments?post=61572"}],"version-history":[{"count":0,"href":"https:\/\/www.suno.com.br\/noticias\/wp-json\/wp\/v2\/posts\/61572\/revisions"}],"wp:featuredmedia":[{"embeddable":true,"href":"https:\/\/www.suno.com.br\/noticias\/wp-json\/wp\/v2\/media\/41641"}],"wp:attachment":[{"href":"https:\/\/www.suno.com.br\/noticias\/wp-json\/wp\/v2\/media?parent=61572"}],"wp:term":[{"taxonomy":"category","embeddable":true,"href":"https:\/\/www.suno.com.br\/noticias\/wp-json\/wp\/v2\/categories?post=61572"},{"taxonomy":"post_tag","embeddable":true,"href":"https:\/\/www.suno.com.br\/noticias\/wp-json\/wp\/v2\/tags?post=61572"},{"taxonomy":"suno_strategy","embeddable":true,"href":"https:\/\/www.suno.com.br\/noticias\/wp-json\/wp\/v2\/suno_strategy?post=61572"}],"curies":[{"name":"wp","href":"https:\/\/api.w.org\/{rel}","templated":true}]}}