{"id":614334,"date":"2025-07-16T19:45:25","date_gmt":"2025-07-16T22:45:25","guid":{"rendered":"https:\/\/www.suno.com.br\/noticias\/?p=614334"},"modified":"2025-07-16T19:52:55","modified_gmt":"2025-07-16T22:52:55","slug":"fundo-imobiliario-brof11-transacao-imovel-minas","status":"publish","type":"post","link":"https:\/\/www.suno.com.br\/noticias\/fundo-imobiliario-brof11-transacao-imovel-minas\/","title":{"rendered":"Fundo imobili\u00e1rio vendeu im\u00f3vel em Minas? Entenda transa\u00e7\u00e3o do BROF11"},"content":{"rendered":"<p>O <strong>fundo imobili\u00e1rio<\/strong> BROF11 anunciou que far\u00e1 a baixa cont\u00e1bil do Edif\u00edcio \u00c1guas Claras, um dos im\u00f3veis de seu portf\u00f3lio, localizado em Nova Lima (MG). Na pr\u00e1tica, \u00e9 como se o FII tivesse realizado a venda do im\u00f3vel, ocupado pela <a class=\"suno-keyword\" target=\"_blank\" data-force=\"yes\" data-priority=\"2\" href=\"https:\/\/www.suno.com.br\/analitica\/acoes\/VALE3\/\" rel=\"noopener\">Vale (VALE3)<\/a> com contrato at\u00e9 junho de 2035.<\/p>\t<div class=\"wrapper-featured-image\">\n\t\t<figure class=\"spotlightImg\">\n\n\t\t\t<picture>\n\t\t\t\t<source media=\"(max-width: 768px)\" srcset=\"https:\/\/files.sunoresearch.com.br\/n\/uploads\/2025\/07\/BROF11-Aguas-Claras-1-400x200.jpg\">\n\t\t\t\t<img loading=\"lazy\" decoding=\"async\" class=\"newsContent__article__imgCapa lazyloadDisabled \" src=\"https:\/\/files.sunoresearch.com.br\/n\/uploads\/2025\/07\/BROF11-Aguas-Claras-1-800x450.jpg\" width=\"800\" height=\"450\" alt=\"Fundo imobili\u00e1rio vendeu im\u00f3vel em Minas? Entenda transa\u00e7\u00e3o do BROF11\" fetchpriority=high \/>\n\t\t\t<\/picture>\n\n\t\t\t<figcaption class=\"wp-caption-text wp-caption-text--show\">Edif\u00edcio \u00c1guas Claras - Foto: Divulga\u00e7\u00e3o<\/figcaption>\n\t\t<\/figure>\n\t<\/div>\n\n\n\n\n\n\t<p>\n\t\t<a href=\"https:\/\/lp.suno.com.br\/planilha-da-vida-financeira\/\" target=\"_blank\" data-element=\"shortcode-suno-banner\" title=\"Banner SUNO, clique e saiba mais\">\n\t\t\t<picture>\n\t\t\t\t<source media=\"(max-width: 500px)\" srcset=\"https:\/\/files.sunoresearch.com.br\/n\/uploads\/2023\/04\/400x300-Planilha-vida-financeira-true.png\">\n\t\t\t\t<img class=\"newsContent__article__imgCapa newsContent__article__imgCapa--banner\"\n\t\t\t\t\tsrc=\"https:\/\/files.sunoresearch.com.br\/n\/uploads\/2023\/04\/1420x240-Planilha-vida-financeira-true.png\"\n\t\t\t\t\tdata-promo-id=\"383123\"\t\t\t\t\t\t\t\t\t\twidth='1420' height='240'\t\t\t\t\talt=\"https:\/\/files.sunoresearch.com.br\/n\/uploads\/2023\/04\/1420x240-Planilha-vida-financeira-true.png\"\n\t\t\t\t>\n\t\t\t<\/picture>\n\t\t<\/a>\n\t<\/p>\n\n\n\n\n\n<p>A gest\u00e3o, realizada pela BGR Asset, informou ter recebido na segunda-feira (14) R$ 44 milh\u00f5es como <a class=\"suno-keyword\" target=\"_blank\" data-force=\"no\" data-priority=\"1\" href=\"https:\/\/www.suno.com.br\/artigos\/antecipacao-recebiveis\/\" rel=\"noopener\">antecipa\u00e7\u00e3o de receb\u00edveis<\/a> referentes ao contrato, num acordo celebrado com o <a class=\"suno-keyword\" target=\"_blank\" data-force=\"yes\" data-priority=\"2\" href=\"https:\/\/www.suno.com.br\/analitica\/acoes\/BBDC4\/\" rel=\"noopener\">Bradesco (BBDC4)<\/a>. O montante \u00e9 pr\u00f3ximo do valor cont\u00e1bil do ativo, de R$ 45,124 milh\u00f5es.<\/p>\n\n\n\n<p>O acordo celebrado com a mineradora, na semana passada, prev\u00ea um aluguel mensal de R$ 612,5 mil, com reajustes anuais preestabelecidos. A Vale assume todos os riscos e benef\u00edcios inerentes \u00e0 titularidade e \u00e0 posse, ficando respons\u00e1vel por manuten\u00e7\u00e3o, conserva\u00e7\u00e3o, opera\u00e7\u00e3o e pagamento de taxas e tributos, e tem o direito de exercer a op\u00e7\u00e3o de compra ao fim do contrato.<\/p>\n\n\n\n<p>A gest\u00e3o do <strong>BROF11 <\/strong>informa que os recursos ser\u00e3o usados de acordo com a <a class=\"suno-keyword\" target=\"_blank\" data-force=\"no\" data-priority=\"1\" href=\"https:\/\/www.suno.com.br\/artigos\/politica-de-investimentos\/\" rel=\"noopener\">pol\u00edtica de investimentos<\/a> do fundo, e que a transa\u00e7\u00e3o deixa um impacto negativo de caixa de R$ 1.074.704, ou R$ 0,0926 por cota.<\/p>\n\n\n\t<p>\n\t\t<a href=\"\" target=\"_blank\" data-element=\"shortcode-suno-banner\" title=\"Banner SUNO, clique e saiba mais\">\n\t\t\t<picture>\n\t\t\t\t<source media=\"(max-width: 500px)\" srcset=\"\">\n\t\t\t\t<img class=\"newsContent__article__imgCapa newsContent__article__imgCapa--banner\"\n\t\t\t\t\tsrc=\"\"\n\t\t\t\t\tdata-promo-id=\"77014\"\t\t\t\t\t\t\t\t\t\t\t\t\t\t\talt=\"\"\n\t\t\t\t>\n\t\t\t<\/picture>\n\t\t<\/a>\n\t<\/p>\n\n\n\n\n\n<p>A transa\u00e7\u00e3o aparentemente foi bem recebida pelo mercado, j\u00e1 que o BROF11 fechou no preg\u00e3o desta quarta-feira (16) com uma das principais altas entre os FIIs componentes do IFIX: subiu 1,37%, a R$ 53,22, sua cota\u00e7\u00e3o m\u00e1xima do ano.<\/p>\n\n\n\n<h2 class=\"wp-block-heading\">Fundo imobili\u00e1rio anuncia <a class=\"suno-keyword\" target=\"_blank\" data-force=\"no\" data-priority=\"1\" href=\"https:\/\/www.suno.com.br\/guias\/dividendos\/\" rel=\"noopener\">dividendos<\/a>: conhe\u00e7a mais sobre o BROF11<\/h2>\n\n\n\n<p>O BROF11 anunciou nesta quarta-feira (16) dividendos de R$ 0,62 por cota, o maior em dois anos. O dividend yield ficou em 1,19%, considerando o pre\u00e7o de R$ 51,98 no fechamento de 30 de junho, e o pagamento ser\u00e1 realizado no dia 23.<\/p>\n\n\n\n<p>Para os pr\u00f3ximos meses, a proje\u00e7\u00e3o da gestora para os dividendos do BROF11 est\u00e1 entre R$ 0,52 e R$ 0,56 por cota.<\/p>\n\n\n\n<p>O BROF11 det\u00e9m, ainda, a propriedade de outros dois im\u00f3veis, al\u00e9m do \u00c1guas Claras: o Passeio Corporate, no Rio, e o E-Tower, em S\u00e3o Paulo, este por meio da posse das cotas do <strong>fundo imobili\u00e1rio<\/strong> BETW11. Ao todo, a \u00e1rea bruta loc\u00e1vel do fundo ficar\u00e1 em cerca de 90 mil metros quadrados ap\u00f3s a conclus\u00e3o do neg\u00f3cio.<\/p>\n\n\n\t<p>\n\t\t<a href=\"https:\/\/lp.suno.com.br\/minicurso-investindo-fiis\/\" target=\"_blank\" data-element=\"shortcode-suno-banner\" title=\"Banner SUNO, clique e saiba mais\">\n\t\t\t<picture>\n\t\t\t\t<source media=\"(max-width: 500px)\" srcset=\"https:\/\/files.sunoresearch.com.br\/n\/uploads\/2023\/03\/400x300-Minicurso-FIIS.png\">\n\t\t\t\t<img class=\"newsContent__article__imgCapa newsContent__article__imgCapa--banner\"\n\t\t\t\t\tsrc=\"https:\/\/files.sunoresearch.com.br\/n\/uploads\/2023\/03\/1420x240-Minicurso-FIIS.png\"\n\t\t\t\t\tdata-promo-id=\"383125\"\t\t\t\t\t\t\t\t\t\twidth='1420' height='240'\t\t\t\t\talt=\"https:\/\/files.sunoresearch.com.br\/n\/uploads\/2023\/03\/1420x240-Minicurso-FIIS.png\"\n\t\t\t\t>\n\t\t\t<\/picture>\n\t\t<\/a>\n\t<\/p>\n\n\n","protected":false},"excerpt":{"rendered":"<p>O fundo imobili\u00e1rio BROF11 anunciou que far\u00e1 a baixa cont\u00e1bil do Edif\u00edcio \u00c1guas Claras, um dos im\u00f3veis de seu portf\u00f3lio, localizado em Nova Lima (MG). Na pr\u00e1tica, \u00e9 como se o FII tivesse realizado a venda do im\u00f3vel, ocupado pela Vale (VALE3) com contrato at\u00e9 junho de 2035. Edif\u00edcio \u00c1guas Claras &#8211; Foto: Divulga\u00e7\u00e3o A [&hellip;]<\/p>\n","protected":false},"author":339,"featured_media":614335,"comment_status":"closed","ping_status":"closed","sticky":false,"template":"","format":"standard","meta":[],"categories":[66],"tags":[315],"suno_strategy":[],"class_list":["post-614334","post","type-post","status-publish","format-standard","has-post-thumbnail","hentry","category-fiis","tag-fundos-imobiliarios-fiis"],"yoast_head":"<!-- This site is optimized with the Yoast SEO plugin v24.4 - https:\/\/yoast.com\/wordpress\/plugins\/seo\/ -->\n<title>Fundo imobili\u00e1rio vendeu im\u00f3vel em Minas? Entenda o caso<\/title>\n<meta name=\"description\" content=\"Fundo imobili\u00e1rio BROF11 anunciou que far\u00e1 baixa cont\u00e1bil do Edif\u00edcio \u00c1guas Claras, localizado em Nova Lima (MG).\" \/>\n<meta name=\"robots\" content=\"index, follow, max-snippet:-1, max-image-preview:large, max-video-preview:-1\" \/>\n<link rel=\"canonical\" href=\"https:\/\/www.suno.com.br\/noticias\/fundo-imobiliario-brof11-transacao-imovel-minas\/\" \/>\n<meta property=\"og:locale\" content=\"pt_BR\" \/>\n<meta property=\"og:type\" content=\"article\" \/>\n<meta property=\"og:title\" content=\"Fundo imobili\u00e1rio vendeu im\u00f3vel em Minas? Entenda o caso\" \/>\n<meta property=\"og:description\" content=\"Fundo imobili\u00e1rio BROF11 anunciou que far\u00e1 baixa cont\u00e1bil do Edif\u00edcio \u00c1guas Claras, localizado em Nova Lima (MG).\" \/>\n<meta property=\"og:url\" content=\"https:\/\/www.suno.com.br\/noticias\/fundo-imobiliario-brof11-transacao-imovel-minas\/\" \/>\n<meta property=\"og:site_name\" content=\"Suno Not\u00edcias\" \/>\n<meta property=\"article:publisher\" content=\"https:\/\/facebook.com\/sunoresearch\" \/>\n<meta property=\"og:image\" content=\"https:\/\/files.sunoresearch.com.br\/n\/uploads\/2025\/07\/BROF11-Aguas-Claras-1.jpg\" \/>\n\t<meta property=\"og:image:width\" content=\"1311\" \/>\n\t<meta property=\"og:image:height\" content=\"773\" \/>\n\t<meta property=\"og:image:type\" content=\"image\/jpeg\" \/>\n<meta name=\"author\" content=\"Fernando Cesarotti\" \/>\n<meta name=\"twitter:card\" content=\"summary_large_image\" \/>\n<meta name=\"twitter:creator\" content=\"@sunoresearch\" \/>\n<meta name=\"twitter:site\" content=\"@sunoresearch\" \/>\n<meta name=\"twitter:label1\" content=\"Escrito por\" \/>\n\t<meta name=\"twitter:data1\" content=\"Fernando Cesarotti\" \/>\n\t<meta name=\"twitter:label2\" content=\"Est. tempo de leitura\" \/>\n\t<meta name=\"twitter:data2\" content=\"3 minutos\" \/>\n<script type=\"application\/ld+json\" class=\"yoast-schema-graph\">{\"@context\":\"https:\/\/schema.org\",\"@graph\":[{\"@type\":\"NewsArticle\",\"@id\":\"https:\/\/www.suno.com.br\/noticias\/fundo-imobiliario-brof11-transacao-imovel-minas\/#article\",\"isPartOf\":{\"@id\":\"https:\/\/www.suno.com.br\/noticias\/fundo-imobiliario-brof11-transacao-imovel-minas\/\"},\"author\":{\"name\":\"Fernando Cesarotti\",\"@id\":\"https:\/\/www.suno.com.br\/noticias\/#\/schema\/person\/02171f82e02ec2306ed662847e114507\"},\"headline\":\"Fundo imobili\u00e1rio vendeu im\u00f3vel em Minas? Entenda transa\u00e7\u00e3o do BROF11\",\"datePublished\":\"2025-07-16T22:45:25+00:00\",\"dateModified\":\"2025-07-16T22:52:55+00:00\",\"mainEntityOfPage\":{\"@id\":\"https:\/\/www.suno.com.br\/noticias\/fundo-imobiliario-brof11-transacao-imovel-minas\/\"},\"wordCount\":399,\"publisher\":{\"@id\":\"https:\/\/www.suno.com.br\/noticias\/#organization\"},\"image\":{\"@id\":\"https:\/\/www.suno.com.br\/noticias\/fundo-imobiliario-brof11-transacao-imovel-minas\/#primaryimage\"},\"thumbnailUrl\":\"https:\/\/files.sunoresearch.com.br\/n\/uploads\/2025\/07\/BROF11-Aguas-Claras-1.jpg\",\"keywords\":[\"Fundos Imobili\u00e1rios (FIIs)\"],\"articleSection\":[\"FIIs\"],\"inLanguage\":\"pt-BR\"},{\"@type\":\"WebPage\",\"@id\":\"https:\/\/www.suno.com.br\/noticias\/fundo-imobiliario-brof11-transacao-imovel-minas\/\",\"url\":\"https:\/\/www.suno.com.br\/noticias\/fundo-imobiliario-brof11-transacao-imovel-minas\/\",\"name\":\"Fundo imobili\u00e1rio vendeu im\u00f3vel em Minas? Entenda o caso\",\"isPartOf\":{\"@id\":\"https:\/\/www.suno.com.br\/noticias\/#website\"},\"primaryImageOfPage\":{\"@id\":\"https:\/\/www.suno.com.br\/noticias\/fundo-imobiliario-brof11-transacao-imovel-minas\/#primaryimage\"},\"image\":{\"@id\":\"https:\/\/www.suno.com.br\/noticias\/fundo-imobiliario-brof11-transacao-imovel-minas\/#primaryimage\"},\"thumbnailUrl\":\"https:\/\/files.sunoresearch.com.br\/n\/uploads\/2025\/07\/BROF11-Aguas-Claras-1.jpg\",\"datePublished\":\"2025-07-16T22:45:25+00:00\",\"dateModified\":\"2025-07-16T22:52:55+00:00\",\"description\":\"Fundo imobili\u00e1rio BROF11 anunciou que far\u00e1 baixa cont\u00e1bil do Edif\u00edcio \u00c1guas Claras, localizado em Nova Lima (MG).\",\"breadcrumb\":{\"@id\":\"https:\/\/www.suno.com.br\/noticias\/fundo-imobiliario-brof11-transacao-imovel-minas\/#breadcrumb\"},\"inLanguage\":\"pt-BR\",\"potentialAction\":[{\"@type\":\"ReadAction\",\"target\":[\"https:\/\/www.suno.com.br\/noticias\/fundo-imobiliario-brof11-transacao-imovel-minas\/\"]}]},{\"@type\":\"ImageObject\",\"inLanguage\":\"pt-BR\",\"@id\":\"https:\/\/www.suno.com.br\/noticias\/fundo-imobiliario-brof11-transacao-imovel-minas\/#primaryimage\",\"url\":\"https:\/\/files.sunoresearch.com.br\/n\/uploads\/2025\/07\/BROF11-Aguas-Claras-1.jpg\",\"contentUrl\":\"https:\/\/files.sunoresearch.com.br\/n\/uploads\/2025\/07\/BROF11-Aguas-Claras-1.jpg\",\"width\":1311,\"height\":773,\"caption\":\"Edif\u00edcio \u00c1guas Claras - Foto: Divulga\u00e7\u00e3o\"},{\"@type\":\"BreadcrumbList\",\"@id\":\"https:\/\/www.suno.com.br\/noticias\/fundo-imobiliario-brof11-transacao-imovel-minas\/#breadcrumb\",\"itemListElement\":[{\"@type\":\"ListItem\",\"position\":1,\"name\":\"Not\u00edcias\",\"item\":\"https:\/\/www.suno.com.br\/noticias\/\"},{\"@type\":\"ListItem\",\"position\":2,\"name\":\"FIIs\",\"item\":\"https:\/\/www.suno.com.br\/noticias\/fiis\/\"},{\"@type\":\"ListItem\",\"position\":3,\"name\":\"Fundo imobili\u00e1rio vendeu im\u00f3vel em Minas? Entenda transa\u00e7\u00e3o do BROF11\"}]},{\"@type\":\"WebSite\",\"@id\":\"https:\/\/www.suno.com.br\/noticias\/#website\",\"url\":\"https:\/\/www.suno.com.br\/noticias\/\",\"name\":\"Suno Not\u00edcias\",\"description\":\"Seu portal de informa\u00e7\u00e3o sobre o mundo dos investimentos\",\"publisher\":{\"@id\":\"https:\/\/www.suno.com.br\/noticias\/#organization\"},\"potentialAction\":[{\"@type\":\"SearchAction\",\"target\":{\"@type\":\"EntryPoint\",\"urlTemplate\":\"https:\/\/www.suno.com.br\/noticias\/?s={search_term_string}\"},\"query-input\":{\"@type\":\"PropertyValueSpecification\",\"valueRequired\":true,\"valueName\":\"search_term_string\"}}],\"inLanguage\":\"pt-BR\"},{\"@type\":\"Organization\",\"@id\":\"https:\/\/www.suno.com.br\/noticias\/#organization\",\"name\":\"Suno Not\u00edcias\",\"url\":\"https:\/\/www.suno.com.br\/noticias\/\",\"logo\":{\"@type\":\"ImageObject\",\"inLanguage\":\"pt-BR\",\"@id\":\"https:\/\/www.suno.com.br\/noticias\/#\/schema\/logo\/image\/\",\"url\":\"https:\/\/files.sunoresearch.com.br\/n\/uploads\/2021\/09\/suno-logo.png\",\"contentUrl\":\"https:\/\/files.sunoresearch.com.br\/n\/uploads\/2021\/09\/suno-logo.png\",\"width\":180,\"height\":180,\"caption\":\"Suno Not\u00edcias\"},\"image\":{\"@id\":\"https:\/\/www.suno.com.br\/noticias\/#\/schema\/logo\/image\/\"},\"sameAs\":[\"https:\/\/facebook.com\/sunoresearch\",\"https:\/\/x.com\/sunoresearch\",\"https:\/\/www.instagram.com\/suno\",\"https:\/\/www.linkedin.com\/company\/suno-research\/\",\"https:\/\/www.youtube.com\/c\/sunoresearch\"]},{\"@type\":\"Person\",\"@id\":\"https:\/\/www.suno.com.br\/noticias\/#\/schema\/person\/02171f82e02ec2306ed662847e114507\",\"name\":\"Fernando Cesarotti\",\"image\":{\"@type\":\"ImageObject\",\"inLanguage\":\"pt-BR\",\"@id\":\"https:\/\/www.suno.com.br\/noticias\/#\/schema\/person\/image\/\",\"url\":\"https:\/\/secure.gravatar.com\/avatar\/fc3a37e1dd6249fd3cfdc1702d00d404?s=96&r=g\",\"contentUrl\":\"https:\/\/secure.gravatar.com\/avatar\/fc3a37e1dd6249fd3cfdc1702d00d404?s=96&r=g\",\"caption\":\"Fernando Cesarotti\"},\"description\":\"Jornalista, editor do FIIs.com.br. Graduado pela Unesp, com p\u00f3s-gradua\u00e7\u00e3o em Jornalismo Liter\u00e1rio, com mais de 20 anos de experi\u00eancia em coberturas de economia, pol\u00edtica e esportes. Passagem tamb\u00e9m pelo meio acad\u00eamico, como professor universit\u00e1rio em cursos de Comunica\u00e7\u00e3o e l\u00edder de empresa j\u00fanior.\",\"url\":\"https:\/\/www.suno.com.br\/noticias\/author\/fcesarottigmail-com\/\"}]}<\/script>\n<!-- \/ Yoast SEO plugin. -->","yoast_head_json":{"title":"Fundo imobili\u00e1rio vendeu im\u00f3vel em Minas? Entenda o caso","description":"Fundo imobili\u00e1rio BROF11 anunciou que far\u00e1 baixa cont\u00e1bil do Edif\u00edcio \u00c1guas Claras, localizado em Nova Lima (MG).","robots":{"index":"index","follow":"follow","max-snippet":"max-snippet:-1","max-image-preview":"max-image-preview:large","max-video-preview":"max-video-preview:-1"},"canonical":"https:\/\/www.suno.com.br\/noticias\/fundo-imobiliario-brof11-transacao-imovel-minas\/","og_locale":"pt_BR","og_type":"article","og_title":"Fundo imobili\u00e1rio vendeu im\u00f3vel em Minas? Entenda o caso","og_description":"Fundo imobili\u00e1rio BROF11 anunciou que far\u00e1 baixa cont\u00e1bil do Edif\u00edcio \u00c1guas Claras, localizado em Nova Lima (MG).","og_url":"https:\/\/www.suno.com.br\/noticias\/fundo-imobiliario-brof11-transacao-imovel-minas\/","og_site_name":"Suno Not\u00edcias","article_publisher":"https:\/\/facebook.com\/sunoresearch","og_image":[{"width":1311,"height":773,"url":"https:\/\/files.sunoresearch.com.br\/n\/uploads\/2025\/07\/BROF11-Aguas-Claras-1.jpg","type":"image\/jpeg"}],"author":"Fernando Cesarotti","twitter_card":"summary_large_image","twitter_creator":"@sunoresearch","twitter_site":"@sunoresearch","twitter_misc":{"Escrito por":"Fernando Cesarotti","Est. tempo de leitura":"3 minutos"},"schema":{"@context":"https:\/\/schema.org","@graph":[{"@type":"NewsArticle","@id":"https:\/\/www.suno.com.br\/noticias\/fundo-imobiliario-brof11-transacao-imovel-minas\/#article","isPartOf":{"@id":"https:\/\/www.suno.com.br\/noticias\/fundo-imobiliario-brof11-transacao-imovel-minas\/"},"author":{"name":"Fernando Cesarotti","@id":"https:\/\/www.suno.com.br\/noticias\/#\/schema\/person\/02171f82e02ec2306ed662847e114507"},"headline":"Fundo imobili\u00e1rio vendeu im\u00f3vel em Minas? Entenda transa\u00e7\u00e3o do BROF11","datePublished":"2025-07-16T22:45:25+00:00","dateModified":"2025-07-16T22:52:55+00:00","mainEntityOfPage":{"@id":"https:\/\/www.suno.com.br\/noticias\/fundo-imobiliario-brof11-transacao-imovel-minas\/"},"wordCount":399,"publisher":{"@id":"https:\/\/www.suno.com.br\/noticias\/#organization"},"image":{"@id":"https:\/\/www.suno.com.br\/noticias\/fundo-imobiliario-brof11-transacao-imovel-minas\/#primaryimage"},"thumbnailUrl":"https:\/\/files.sunoresearch.com.br\/n\/uploads\/2025\/07\/BROF11-Aguas-Claras-1.jpg","keywords":["Fundos Imobili\u00e1rios (FIIs)"],"articleSection":["FIIs"],"inLanguage":"pt-BR"},{"@type":"WebPage","@id":"https:\/\/www.suno.com.br\/noticias\/fundo-imobiliario-brof11-transacao-imovel-minas\/","url":"https:\/\/www.suno.com.br\/noticias\/fundo-imobiliario-brof11-transacao-imovel-minas\/","name":"Fundo imobili\u00e1rio vendeu im\u00f3vel em Minas? Entenda o caso","isPartOf":{"@id":"https:\/\/www.suno.com.br\/noticias\/#website"},"primaryImageOfPage":{"@id":"https:\/\/www.suno.com.br\/noticias\/fundo-imobiliario-brof11-transacao-imovel-minas\/#primaryimage"},"image":{"@id":"https:\/\/www.suno.com.br\/noticias\/fundo-imobiliario-brof11-transacao-imovel-minas\/#primaryimage"},"thumbnailUrl":"https:\/\/files.sunoresearch.com.br\/n\/uploads\/2025\/07\/BROF11-Aguas-Claras-1.jpg","datePublished":"2025-07-16T22:45:25+00:00","dateModified":"2025-07-16T22:52:55+00:00","description":"Fundo imobili\u00e1rio BROF11 anunciou que far\u00e1 baixa cont\u00e1bil do Edif\u00edcio \u00c1guas Claras, localizado em Nova Lima (MG).","breadcrumb":{"@id":"https:\/\/www.suno.com.br\/noticias\/fundo-imobiliario-brof11-transacao-imovel-minas\/#breadcrumb"},"inLanguage":"pt-BR","potentialAction":[{"@type":"ReadAction","target":["https:\/\/www.suno.com.br\/noticias\/fundo-imobiliario-brof11-transacao-imovel-minas\/"]}]},{"@type":"ImageObject","inLanguage":"pt-BR","@id":"https:\/\/www.suno.com.br\/noticias\/fundo-imobiliario-brof11-transacao-imovel-minas\/#primaryimage","url":"https:\/\/files.sunoresearch.com.br\/n\/uploads\/2025\/07\/BROF11-Aguas-Claras-1.jpg","contentUrl":"https:\/\/files.sunoresearch.com.br\/n\/uploads\/2025\/07\/BROF11-Aguas-Claras-1.jpg","width":1311,"height":773,"caption":"Edif\u00edcio \u00c1guas Claras - Foto: Divulga\u00e7\u00e3o"},{"@type":"BreadcrumbList","@id":"https:\/\/www.suno.com.br\/noticias\/fundo-imobiliario-brof11-transacao-imovel-minas\/#breadcrumb","itemListElement":[{"@type":"ListItem","position":1,"name":"Not\u00edcias","item":"https:\/\/www.suno.com.br\/noticias\/"},{"@type":"ListItem","position":2,"name":"FIIs","item":"https:\/\/www.suno.com.br\/noticias\/fiis\/"},{"@type":"ListItem","position":3,"name":"Fundo imobili\u00e1rio vendeu im\u00f3vel em Minas? Entenda transa\u00e7\u00e3o do BROF11"}]},{"@type":"WebSite","@id":"https:\/\/www.suno.com.br\/noticias\/#website","url":"https:\/\/www.suno.com.br\/noticias\/","name":"Suno Not\u00edcias","description":"Seu portal de informa\u00e7\u00e3o sobre o mundo dos investimentos","publisher":{"@id":"https:\/\/www.suno.com.br\/noticias\/#organization"},"potentialAction":[{"@type":"SearchAction","target":{"@type":"EntryPoint","urlTemplate":"https:\/\/www.suno.com.br\/noticias\/?s={search_term_string}"},"query-input":{"@type":"PropertyValueSpecification","valueRequired":true,"valueName":"search_term_string"}}],"inLanguage":"pt-BR"},{"@type":"Organization","@id":"https:\/\/www.suno.com.br\/noticias\/#organization","name":"Suno Not\u00edcias","url":"https:\/\/www.suno.com.br\/noticias\/","logo":{"@type":"ImageObject","inLanguage":"pt-BR","@id":"https:\/\/www.suno.com.br\/noticias\/#\/schema\/logo\/image\/","url":"https:\/\/files.sunoresearch.com.br\/n\/uploads\/2021\/09\/suno-logo.png","contentUrl":"https:\/\/files.sunoresearch.com.br\/n\/uploads\/2021\/09\/suno-logo.png","width":180,"height":180,"caption":"Suno Not\u00edcias"},"image":{"@id":"https:\/\/www.suno.com.br\/noticias\/#\/schema\/logo\/image\/"},"sameAs":["https:\/\/facebook.com\/sunoresearch","https:\/\/x.com\/sunoresearch","https:\/\/www.instagram.com\/suno","https:\/\/www.linkedin.com\/company\/suno-research\/","https:\/\/www.youtube.com\/c\/sunoresearch"]},{"@type":"Person","@id":"https:\/\/www.suno.com.br\/noticias\/#\/schema\/person\/02171f82e02ec2306ed662847e114507","name":"Fernando Cesarotti","image":{"@type":"ImageObject","inLanguage":"pt-BR","@id":"https:\/\/www.suno.com.br\/noticias\/#\/schema\/person\/image\/","url":"https:\/\/secure.gravatar.com\/avatar\/fc3a37e1dd6249fd3cfdc1702d00d404?s=96&r=g","contentUrl":"https:\/\/secure.gravatar.com\/avatar\/fc3a37e1dd6249fd3cfdc1702d00d404?s=96&r=g","caption":"Fernando Cesarotti"},"description":"Jornalista, editor do FIIs.com.br. Graduado pela Unesp, com p\u00f3s-gradua\u00e7\u00e3o em Jornalismo Liter\u00e1rio, com mais de 20 anos de experi\u00eancia em coberturas de economia, pol\u00edtica e esportes. Passagem tamb\u00e9m pelo meio acad\u00eamico, como professor universit\u00e1rio em cursos de Comunica\u00e7\u00e3o e l\u00edder de empresa j\u00fanior.","url":"https:\/\/www.suno.com.br\/noticias\/author\/fcesarottigmail-com\/"}]}},"default_loop_html":"<div class=\"cardsPage__listCard__boxs\"><div class=\"cardsPage__listCard__boxs__img\"><a href=\"https:\/\/www.suno.com.br\/noticias\/fundo-imobiliario-brof11-transacao-imovel-minas\/\"><img class=\"mask\" src=\"https:\/\/www.suno.com.br\/noticias\/wp-content\/themes\/suno\/resources\/images\/spotlight\/spotlight1img\/bg-mask.png\" alt=\"Image Mask\"\/><img src=\"https:\/\/files.sunoresearch.com.br\/n\/uploads\/2025\/07\/BROF11-Aguas-Claras-1-400x200.jpg\" alt=\"Fundo imobili\u00e1rio vendeu im\u00f3vel em Minas? Entenda transa\u00e7\u00e3o do BROF11\"\/><\/a><span class=\"spotlightCategory\"><a href=\"https:\/\/www.suno.com.br\/noticias\/fiis\/\">FIIs<\/a><\/span><\/div><div class=\"cardsPage__listCard__boxs__content\"><a href=\"https:\/\/www.suno.com.br\/noticias\/fundo-imobiliario-brof11-transacao-imovel-minas\/\"><h2 class=\"content__title\">Fundo imobili\u00e1rio vendeu im\u00f3vel em Minas? Entenda transa\u00e7\u00e3o do BROF11<\/h2><\/a><div class=\"newsContent__article__meta\"><div class=\"newsContent__article__meta__authorBox\"><a href=\"https:\/\/www.suno.com.br\/noticias\/author\/fcesarottigmail-com\/\" class=\"authorBox__avatar noMobi\"><img src=\"https:\/\/files.sunoresearch.com.br\/n\/uploads\/2024\/02\/perfil-150x150.jpg\" alt=\"Fernando Cesarotti\"><\/a><div class=\"authorBox__name\"><span>por\n\t\t\t<a href=\"https:\/\/www.suno.com.br\/noticias\/author\/fcesarottigmail-com\/\"><span itemprop=\"author\">Fernando Cesarotti<\/span><\/a><\/span><time datetime=\"2025-07-16T19:45:25-03:00\" itemprop=\"datePublished\">16\/07\/2025 19:45<\/time><\/div><\/div><\/div><\/div><\/div>","single_layout":"posts","amp_enabled":true,"_links":{"self":[{"href":"https:\/\/www.suno.com.br\/noticias\/wp-json\/wp\/v2\/posts\/614334"}],"collection":[{"href":"https:\/\/www.suno.com.br\/noticias\/wp-json\/wp\/v2\/posts"}],"about":[{"href":"https:\/\/www.suno.com.br\/noticias\/wp-json\/wp\/v2\/types\/post"}],"author":[{"embeddable":true,"href":"https:\/\/www.suno.com.br\/noticias\/wp-json\/wp\/v2\/users\/339"}],"replies":[{"embeddable":true,"href":"https:\/\/www.suno.com.br\/noticias\/wp-json\/wp\/v2\/comments?post=614334"}],"version-history":[{"count":1,"href":"https:\/\/www.suno.com.br\/noticias\/wp-json\/wp\/v2\/posts\/614334\/revisions"}],"predecessor-version":[{"id":614336,"href":"https:\/\/www.suno.com.br\/noticias\/wp-json\/wp\/v2\/posts\/614334\/revisions\/614336"}],"wp:featuredmedia":[{"embeddable":true,"href":"https:\/\/www.suno.com.br\/noticias\/wp-json\/wp\/v2\/media\/614335"}],"wp:attachment":[{"href":"https:\/\/www.suno.com.br\/noticias\/wp-json\/wp\/v2\/media?parent=614334"}],"wp:term":[{"taxonomy":"category","embeddable":true,"href":"https:\/\/www.suno.com.br\/noticias\/wp-json\/wp\/v2\/categories?post=614334"},{"taxonomy":"post_tag","embeddable":true,"href":"https:\/\/www.suno.com.br\/noticias\/wp-json\/wp\/v2\/tags?post=614334"},{"taxonomy":"suno_strategy","embeddable":true,"href":"https:\/\/www.suno.com.br\/noticias\/wp-json\/wp\/v2\/suno_strategy?post=614334"}],"curies":[{"name":"wp","href":"https:\/\/api.w.org\/{rel}","templated":true}]}}