{"id":6142,"date":"2018-11-08T12:30:32","date_gmt":"2018-11-08T14:30:32","guid":{"rendered":"https:\/\/www.suno.com.br\/noticias\/?p=6142"},"modified":"2018-11-08T12:30:32","modified_gmt":"2018-11-08T14:30:32","slug":"balanco-da-brf-trimestre","status":"publish","type":"post","link":"https:\/\/www.suno.com.br\/noticias\/balanco-da-brf-trimestre\/","title":{"rendered":"Balan\u00e7o da BRF registra preju\u00edzo de R$ 812 milh\u00f5es no terceiro trimestre"},"content":{"rendered":"<p>A balan\u00e7o da BRF, divulgado nesta quinta-feira (8), registrou um preju\u00edzo de 812 milh\u00f5es de reais no terceiro trimestre de 2018, enquanto no mesmo per\u00edodo de 2017 havia sido registrado o n\u00famero positivo de 138 milh\u00f5es reais.<\/p>\t<div class=\"wrapper-featured-image\">\n\t\t<figure class=\"spotlightImg\">\n\n\t\t\t<picture>\n\t\t\t\t<source media=\"(max-width: 768px)\" srcset=\"https:\/\/files.sunoresearch.com.br\/n\/uploads\/2018\/10\/5475cc2a-brf-400x200.webp\">\n\t\t\t\t<img loading=\"lazy\" decoding=\"async\" class=\"newsContent__article__imgCapa lazyloadDisabled newsContent__article__imgCapa--noCaption\" src=\"https:\/\/files.sunoresearch.com.br\/n\/uploads\/2018\/10\/5475cc2a-brf-png.webp\" width=\"800\" height=\"450\" alt=\"Balan\u00e7o da BRF registra preju\u00edzo de R$ 812 milh\u00f5es no terceiro trimestre\" fetchpriority=high \/>\n\t\t\t<\/picture>\n\n\t\t\t<figcaption class=\"wp-caption-text wp-caption-text--hide\"><\/figcaption>\n\t\t<\/figure>\n\t<\/div>\n\n\n<p>Por\u00e9m, o <strong>balan\u00e7o da BRF\u00a0<\/strong>do terceiro trimestre apresentou uma perda menor em 44,6% se comparado com o segundo trimestre deste ano, per\u00edodo que a negativa foi de 1,466 bilh\u00e3o de reais.<\/p>\n<p>O resultado financeiro l\u00edquido apresentou uma despesa de 507 milh\u00f5es de reais no per\u00edodo, valor 44,6% superior a mesma \u00e9poca de 2017, por\u00e9m, menor em 21,1% que o segundo trimestre deste ano.<\/p>\n<p>J\u00e1 o endividamento l\u00edquido do grupo apresentou uma alta de 4% na compara\u00e7\u00e3o com o trimestre anterior, chegando a 16,3 bilh\u00f5es de reais.<\/p>\n<p>Por sua vez, a receita l\u00edquida teve um crescimento de 0,4% na compara\u00e7\u00e3o anual, ficando em 8,8 bilh\u00f5es de reais.<\/p>\n<p>O Ebtida foi 35,7% menor na compara\u00e7\u00e3o com o restante do ano, ficando em 604 milh\u00f5es de reais. Contudo a margem de 6,9% foi 3,9 pontos percentuais menor que o mesmo per\u00edodo de 2017.<\/p>\n<p>No relat\u00f3rio a multinacional apontou que o resultado do balan\u00e7o foi afetado, principalmente, pelo aumento no pre\u00e7o dos gr\u00e3os e no crescimento das despesas com vendas. Tamb\u00e9m foi destacado os efeitos da greve dos caminhoneiros.<\/p>\n<p>A BRF ainda salientou que a reestrutura\u00e7\u00e3o que a empresa passa e as despesas com \u00e0 Opera\u00e7\u00e3o Carne Fraca\/ Trapa\u00e7a tiveram influ\u00eancia nos valores apresentados.<\/p>\n<p>Contudo o <strong>balan\u00e7o da BRF\u00a0<\/strong>refletia em seus pap\u00e9is na bolsa. Por volta das 12h07, os t\u00edtulos do grupo eram negociados a 21,54 reais, enquanto suas a\u00e7\u00f5es caiam -3,10%.<\/p>\n","protected":false},"excerpt":{"rendered":"<p>A balan\u00e7o da BRF, divulgado nesta quinta-feira (8), registrou um preju\u00edzo de 812 milh\u00f5es de reais no terceiro trimestre de 2018, enquanto no mesmo per\u00edodo de 2017 havia sido registrado o n\u00famero positivo de 138 milh\u00f5es reais. Por\u00e9m, o balan\u00e7o da BRF\u00a0do terceiro trimestre apresentou uma perda menor em 44,6% se comparado com o segundo [&hellip;]<\/p>\n","protected":false},"author":7,"featured_media":5040,"comment_status":"closed","ping_status":"closed","sticky":false,"template":"","format":"standard","meta":[],"categories":[64],"tags":[397],"suno_strategy":[],"class_list":["post-6142","post","type-post","status-publish","format-standard","has-post-thumbnail","hentry","category-negocios","tag-brf-brfs3"],"yoast_head":"<!-- This site is optimized with the Yoast SEO plugin v24.4 - https:\/\/yoast.com\/wordpress\/plugins\/seo\/ -->\n<title>Balan\u00e7o da BRF registra preju\u00edzo de R$ 812 milh\u00f5es no terceiro trimestre<\/title>\n<meta name=\"description\" content=\"Contudo o balan\u00e7o da BRF\u00a0do terceiro trimestre apresentou uma perda 44,6% menor na compara\u00e7\u00e3o com o 2\u00b0trimestre. Clique para saber mais.\" \/>\n<meta name=\"robots\" content=\"index, follow, max-snippet:-1, max-image-preview:large, max-video-preview:-1\" \/>\n<link rel=\"canonical\" href=\"https:\/\/www.suno.com.br\/noticias\/balanco-da-brf-trimestre\/\" \/>\n<meta property=\"og:locale\" content=\"pt_BR\" \/>\n<meta property=\"og:type\" content=\"article\" \/>\n<meta property=\"og:title\" content=\"Balan\u00e7o da BRF registra preju\u00edzo de R$ 812 milh\u00f5es no terceiro trimestre\" \/>\n<meta property=\"og:description\" content=\"Contudo o balan\u00e7o da BRF\u00a0do terceiro trimestre apresentou uma perda 44,6% menor na compara\u00e7\u00e3o com o 2\u00b0trimestre. Clique para saber mais.\" \/>\n<meta property=\"og:url\" content=\"https:\/\/www.suno.com.br\/noticias\/balanco-da-brf-trimestre\/\" \/>\n<meta property=\"og:site_name\" content=\"Suno Not\u00edcias\" \/>\n<meta property=\"article:publisher\" content=\"https:\/\/facebook.com\/sunoresearch\" \/>\n<meta property=\"article:author\" content=\"https:\/\/www.linkedin.com\/in\/mateus-vasconcellos-4b3542123\/\" \/>\n<meta property=\"og:image\" content=\"https:\/\/files.sunoresearch.com.br\/n\/uploads\/2018\/10\/5475cc2a-brf.png\" \/>\n\t<meta property=\"og:image:width\" content=\"791\" \/>\n\t<meta property=\"og:image:height\" content=\"404\" \/>\n\t<meta property=\"og:image:type\" content=\"image\/png\" \/>\n<meta name=\"author\" content=\"Mateus Vasconcellos\" \/>\n<meta name=\"twitter:card\" content=\"summary_large_image\" \/>\n<meta name=\"twitter:creator\" content=\"@sunoresearch\" \/>\n<meta name=\"twitter:site\" content=\"@sunoresearch\" \/>\n<meta name=\"twitter:label1\" content=\"Escrito por\" \/>\n\t<meta name=\"twitter:data1\" content=\"Mateus Vasconcellos\" \/>\n\t<meta name=\"twitter:label2\" content=\"Est. tempo de leitura\" \/>\n\t<meta name=\"twitter:data2\" content=\"1 minuto\" \/>\n<script type=\"application\/ld+json\" class=\"yoast-schema-graph\">{\"@context\":\"https:\/\/schema.org\",\"@graph\":[{\"@type\":\"NewsArticle\",\"@id\":\"https:\/\/www.suno.com.br\/noticias\/balanco-da-brf-trimestre\/#article\",\"isPartOf\":{\"@id\":\"https:\/\/www.suno.com.br\/noticias\/balanco-da-brf-trimestre\/\"},\"author\":{\"name\":\"Mateus Vasconcellos\",\"@id\":\"https:\/\/www.suno.com.br\/noticias\/#\/schema\/person\/ff5cc30ec6c0b55b6d3f3cfc4378b74e\"},\"headline\":\"Balan\u00e7o da BRF registra preju\u00edzo de R$ 812 milh\u00f5es no terceiro trimestre\",\"datePublished\":\"2018-11-08T14:30:32+00:00\",\"mainEntityOfPage\":{\"@id\":\"https:\/\/www.suno.com.br\/noticias\/balanco-da-brf-trimestre\/\"},\"wordCount\":295,\"publisher\":{\"@id\":\"https:\/\/www.suno.com.br\/noticias\/#organization\"},\"image\":{\"@id\":\"https:\/\/www.suno.com.br\/noticias\/balanco-da-brf-trimestre\/#primaryimage\"},\"thumbnailUrl\":\"https:\/\/files.sunoresearch.com.br\/n\/uploads\/2018\/10\/5475cc2a-brf-png.webp\",\"keywords\":[\"BRF (BRFS3)\"],\"articleSection\":[\"Neg\u00f3cios\"],\"inLanguage\":\"pt-BR\"},{\"@type\":\"WebPage\",\"@id\":\"https:\/\/www.suno.com.br\/noticias\/balanco-da-brf-trimestre\/\",\"url\":\"https:\/\/www.suno.com.br\/noticias\/balanco-da-brf-trimestre\/\",\"name\":\"Balan\u00e7o da BRF registra preju\u00edzo de R$ 812 milh\u00f5es no terceiro trimestre\",\"isPartOf\":{\"@id\":\"https:\/\/www.suno.com.br\/noticias\/#website\"},\"primaryImageOfPage\":{\"@id\":\"https:\/\/www.suno.com.br\/noticias\/balanco-da-brf-trimestre\/#primaryimage\"},\"image\":{\"@id\":\"https:\/\/www.suno.com.br\/noticias\/balanco-da-brf-trimestre\/#primaryimage\"},\"thumbnailUrl\":\"https:\/\/files.sunoresearch.com.br\/n\/uploads\/2018\/10\/5475cc2a-brf-png.webp\",\"datePublished\":\"2018-11-08T14:30:32+00:00\",\"description\":\"Contudo o balan\u00e7o da BRF\u00a0do terceiro trimestre apresentou uma perda 44,6% menor na compara\u00e7\u00e3o com o 2\u00b0trimestre. Clique para saber mais.\",\"breadcrumb\":{\"@id\":\"https:\/\/www.suno.com.br\/noticias\/balanco-da-brf-trimestre\/#breadcrumb\"},\"inLanguage\":\"pt-BR\",\"potentialAction\":[{\"@type\":\"ReadAction\",\"target\":[\"https:\/\/www.suno.com.br\/noticias\/balanco-da-brf-trimestre\/\"]}]},{\"@type\":\"ImageObject\",\"inLanguage\":\"pt-BR\",\"@id\":\"https:\/\/www.suno.com.br\/noticias\/balanco-da-brf-trimestre\/#primaryimage\",\"url\":\"https:\/\/files.sunoresearch.com.br\/n\/uploads\/2018\/10\/5475cc2a-brf-png.webp\",\"contentUrl\":\"https:\/\/files.sunoresearch.com.br\/n\/uploads\/2018\/10\/5475cc2a-brf-png.webp\",\"width\":791,\"height\":404,\"caption\":\"Balan\u00e7o da BRF\"},{\"@type\":\"BreadcrumbList\",\"@id\":\"https:\/\/www.suno.com.br\/noticias\/balanco-da-brf-trimestre\/#breadcrumb\",\"itemListElement\":[{\"@type\":\"ListItem\",\"position\":1,\"name\":\"Not\u00edcias\",\"item\":\"https:\/\/www.suno.com.br\/noticias\/\"},{\"@type\":\"ListItem\",\"position\":2,\"name\":\"Neg\u00f3cios\",\"item\":\"https:\/\/www.suno.com.br\/noticias\/negocios\/\"},{\"@type\":\"ListItem\",\"position\":3,\"name\":\"Balan\u00e7o da BRF registra preju\u00edzo de R$ 812 milh\u00f5es no terceiro trimestre\"}]},{\"@type\":\"WebSite\",\"@id\":\"https:\/\/www.suno.com.br\/noticias\/#website\",\"url\":\"https:\/\/www.suno.com.br\/noticias\/\",\"name\":\"Suno Not\u00edcias\",\"description\":\"Seu portal de informa\u00e7\u00e3o sobre o mundo dos investimentos\",\"publisher\":{\"@id\":\"https:\/\/www.suno.com.br\/noticias\/#organization\"},\"potentialAction\":[{\"@type\":\"SearchAction\",\"target\":{\"@type\":\"EntryPoint\",\"urlTemplate\":\"https:\/\/www.suno.com.br\/noticias\/?s={search_term_string}\"},\"query-input\":{\"@type\":\"PropertyValueSpecification\",\"valueRequired\":true,\"valueName\":\"search_term_string\"}}],\"inLanguage\":\"pt-BR\"},{\"@type\":\"Organization\",\"@id\":\"https:\/\/www.suno.com.br\/noticias\/#organization\",\"name\":\"Suno Not\u00edcias\",\"url\":\"https:\/\/www.suno.com.br\/noticias\/\",\"logo\":{\"@type\":\"ImageObject\",\"inLanguage\":\"pt-BR\",\"@id\":\"https:\/\/www.suno.com.br\/noticias\/#\/schema\/logo\/image\/\",\"url\":\"https:\/\/files.sunoresearch.com.br\/n\/uploads\/2021\/09\/suno-logo.png\",\"contentUrl\":\"https:\/\/files.sunoresearch.com.br\/n\/uploads\/2021\/09\/suno-logo.png\",\"width\":180,\"height\":180,\"caption\":\"Suno Not\u00edcias\"},\"image\":{\"@id\":\"https:\/\/www.suno.com.br\/noticias\/#\/schema\/logo\/image\/\"},\"sameAs\":[\"https:\/\/facebook.com\/sunoresearch\",\"https:\/\/x.com\/sunoresearch\",\"https:\/\/www.instagram.com\/suno\",\"https:\/\/www.linkedin.com\/company\/suno-research\/\",\"https:\/\/www.youtube.com\/c\/sunoresearch\"]},{\"@type\":\"Person\",\"@id\":\"https:\/\/www.suno.com.br\/noticias\/#\/schema\/person\/ff5cc30ec6c0b55b6d3f3cfc4378b74e\",\"name\":\"Mateus Vasconcellos\",\"image\":{\"@type\":\"ImageObject\",\"inLanguage\":\"pt-BR\",\"@id\":\"https:\/\/www.suno.com.br\/noticias\/#\/schema\/person\/image\/\",\"url\":\"https:\/\/secure.gravatar.com\/avatar\/8d725238a0ef7530bdf58578a222f948?s=96&r=g\",\"contentUrl\":\"https:\/\/secure.gravatar.com\/avatar\/8d725238a0ef7530bdf58578a222f948?s=96&r=g\",\"caption\":\"Mateus Vasconcellos\"},\"description\":\"Formado em jornalismo pela Universidade Presbiteriana Mackenzie, Mateus Vasconcellos escreve sobre o mercado financeiro para o portal de not\u00edcias da Suno Research. Antes da Suno, teve passagem pelo Observat\u00f3rio do Terceiro Setor e \u00e9 vencedor do 7\u00b0 Pr\u00eamio Jovem Jornalista Fernando Pacheco Jord\u00e3o.\",\"sameAs\":[\"https:\/\/www.suno.com.br\",\"https:\/\/www.linkedin.com\/in\/mateus-vasconcellos-4b3542123\/\"],\"url\":\"https:\/\/www.suno.com.br\/noticias\/author\/mateus-vasconcellos\/\"}]}<\/script>\n<!-- \/ Yoast SEO plugin. -->","yoast_head_json":{"title":"Balan\u00e7o da BRF registra preju\u00edzo de R$ 812 milh\u00f5es no terceiro trimestre","description":"Contudo o balan\u00e7o da BRF\u00a0do terceiro trimestre apresentou uma perda 44,6% menor na compara\u00e7\u00e3o com o 2\u00b0trimestre. Clique para saber mais.","robots":{"index":"index","follow":"follow","max-snippet":"max-snippet:-1","max-image-preview":"max-image-preview:large","max-video-preview":"max-video-preview:-1"},"canonical":"https:\/\/www.suno.com.br\/noticias\/balanco-da-brf-trimestre\/","og_locale":"pt_BR","og_type":"article","og_title":"Balan\u00e7o da BRF registra preju\u00edzo de R$ 812 milh\u00f5es no terceiro trimestre","og_description":"Contudo o balan\u00e7o da BRF\u00a0do terceiro trimestre apresentou uma perda 44,6% menor na compara\u00e7\u00e3o com o 2\u00b0trimestre. Clique para saber mais.","og_url":"https:\/\/www.suno.com.br\/noticias\/balanco-da-brf-trimestre\/","og_site_name":"Suno Not\u00edcias","article_publisher":"https:\/\/facebook.com\/sunoresearch","article_author":"https:\/\/www.linkedin.com\/in\/mateus-vasconcellos-4b3542123\/","og_image":[{"width":791,"height":404,"url":"https:\/\/files.sunoresearch.com.br\/n\/uploads\/2018\/10\/5475cc2a-brf.png","type":"image\/png"}],"author":"Mateus Vasconcellos","twitter_card":"summary_large_image","twitter_creator":"@sunoresearch","twitter_site":"@sunoresearch","twitter_misc":{"Escrito por":"Mateus Vasconcellos","Est. tempo de leitura":"1 minuto"},"schema":{"@context":"https:\/\/schema.org","@graph":[{"@type":"NewsArticle","@id":"https:\/\/www.suno.com.br\/noticias\/balanco-da-brf-trimestre\/#article","isPartOf":{"@id":"https:\/\/www.suno.com.br\/noticias\/balanco-da-brf-trimestre\/"},"author":{"name":"Mateus Vasconcellos","@id":"https:\/\/www.suno.com.br\/noticias\/#\/schema\/person\/ff5cc30ec6c0b55b6d3f3cfc4378b74e"},"headline":"Balan\u00e7o da BRF registra preju\u00edzo de R$ 812 milh\u00f5es no terceiro trimestre","datePublished":"2018-11-08T14:30:32+00:00","mainEntityOfPage":{"@id":"https:\/\/www.suno.com.br\/noticias\/balanco-da-brf-trimestre\/"},"wordCount":295,"publisher":{"@id":"https:\/\/www.suno.com.br\/noticias\/#organization"},"image":{"@id":"https:\/\/www.suno.com.br\/noticias\/balanco-da-brf-trimestre\/#primaryimage"},"thumbnailUrl":"https:\/\/files.sunoresearch.com.br\/n\/uploads\/2018\/10\/5475cc2a-brf-png.webp","keywords":["BRF (BRFS3)"],"articleSection":["Neg\u00f3cios"],"inLanguage":"pt-BR"},{"@type":"WebPage","@id":"https:\/\/www.suno.com.br\/noticias\/balanco-da-brf-trimestre\/","url":"https:\/\/www.suno.com.br\/noticias\/balanco-da-brf-trimestre\/","name":"Balan\u00e7o da BRF registra preju\u00edzo de R$ 812 milh\u00f5es no terceiro trimestre","isPartOf":{"@id":"https:\/\/www.suno.com.br\/noticias\/#website"},"primaryImageOfPage":{"@id":"https:\/\/www.suno.com.br\/noticias\/balanco-da-brf-trimestre\/#primaryimage"},"image":{"@id":"https:\/\/www.suno.com.br\/noticias\/balanco-da-brf-trimestre\/#primaryimage"},"thumbnailUrl":"https:\/\/files.sunoresearch.com.br\/n\/uploads\/2018\/10\/5475cc2a-brf-png.webp","datePublished":"2018-11-08T14:30:32+00:00","description":"Contudo o balan\u00e7o da BRF\u00a0do terceiro trimestre apresentou uma perda 44,6% menor na compara\u00e7\u00e3o com o 2\u00b0trimestre. Clique para saber mais.","breadcrumb":{"@id":"https:\/\/www.suno.com.br\/noticias\/balanco-da-brf-trimestre\/#breadcrumb"},"inLanguage":"pt-BR","potentialAction":[{"@type":"ReadAction","target":["https:\/\/www.suno.com.br\/noticias\/balanco-da-brf-trimestre\/"]}]},{"@type":"ImageObject","inLanguage":"pt-BR","@id":"https:\/\/www.suno.com.br\/noticias\/balanco-da-brf-trimestre\/#primaryimage","url":"https:\/\/files.sunoresearch.com.br\/n\/uploads\/2018\/10\/5475cc2a-brf-png.webp","contentUrl":"https:\/\/files.sunoresearch.com.br\/n\/uploads\/2018\/10\/5475cc2a-brf-png.webp","width":791,"height":404,"caption":"Balan\u00e7o da BRF"},{"@type":"BreadcrumbList","@id":"https:\/\/www.suno.com.br\/noticias\/balanco-da-brf-trimestre\/#breadcrumb","itemListElement":[{"@type":"ListItem","position":1,"name":"Not\u00edcias","item":"https:\/\/www.suno.com.br\/noticias\/"},{"@type":"ListItem","position":2,"name":"Neg\u00f3cios","item":"https:\/\/www.suno.com.br\/noticias\/negocios\/"},{"@type":"ListItem","position":3,"name":"Balan\u00e7o da BRF registra preju\u00edzo de R$ 812 milh\u00f5es no terceiro trimestre"}]},{"@type":"WebSite","@id":"https:\/\/www.suno.com.br\/noticias\/#website","url":"https:\/\/www.suno.com.br\/noticias\/","name":"Suno Not\u00edcias","description":"Seu portal de informa\u00e7\u00e3o sobre o mundo dos investimentos","publisher":{"@id":"https:\/\/www.suno.com.br\/noticias\/#organization"},"potentialAction":[{"@type":"SearchAction","target":{"@type":"EntryPoint","urlTemplate":"https:\/\/www.suno.com.br\/noticias\/?s={search_term_string}"},"query-input":{"@type":"PropertyValueSpecification","valueRequired":true,"valueName":"search_term_string"}}],"inLanguage":"pt-BR"},{"@type":"Organization","@id":"https:\/\/www.suno.com.br\/noticias\/#organization","name":"Suno Not\u00edcias","url":"https:\/\/www.suno.com.br\/noticias\/","logo":{"@type":"ImageObject","inLanguage":"pt-BR","@id":"https:\/\/www.suno.com.br\/noticias\/#\/schema\/logo\/image\/","url":"https:\/\/files.sunoresearch.com.br\/n\/uploads\/2021\/09\/suno-logo.png","contentUrl":"https:\/\/files.sunoresearch.com.br\/n\/uploads\/2021\/09\/suno-logo.png","width":180,"height":180,"caption":"Suno Not\u00edcias"},"image":{"@id":"https:\/\/www.suno.com.br\/noticias\/#\/schema\/logo\/image\/"},"sameAs":["https:\/\/facebook.com\/sunoresearch","https:\/\/x.com\/sunoresearch","https:\/\/www.instagram.com\/suno","https:\/\/www.linkedin.com\/company\/suno-research\/","https:\/\/www.youtube.com\/c\/sunoresearch"]},{"@type":"Person","@id":"https:\/\/www.suno.com.br\/noticias\/#\/schema\/person\/ff5cc30ec6c0b55b6d3f3cfc4378b74e","name":"Mateus Vasconcellos","image":{"@type":"ImageObject","inLanguage":"pt-BR","@id":"https:\/\/www.suno.com.br\/noticias\/#\/schema\/person\/image\/","url":"https:\/\/secure.gravatar.com\/avatar\/8d725238a0ef7530bdf58578a222f948?s=96&r=g","contentUrl":"https:\/\/secure.gravatar.com\/avatar\/8d725238a0ef7530bdf58578a222f948?s=96&r=g","caption":"Mateus Vasconcellos"},"description":"Formado em jornalismo pela Universidade Presbiteriana Mackenzie, Mateus Vasconcellos escreve sobre o mercado financeiro para o portal de not\u00edcias da Suno Research. Antes da Suno, teve passagem pelo Observat\u00f3rio do Terceiro Setor e \u00e9 vencedor do 7\u00b0 Pr\u00eamio Jovem Jornalista Fernando Pacheco Jord\u00e3o.","sameAs":["https:\/\/www.suno.com.br","https:\/\/www.linkedin.com\/in\/mateus-vasconcellos-4b3542123\/"],"url":"https:\/\/www.suno.com.br\/noticias\/author\/mateus-vasconcellos\/"}]}},"default_loop_html":"<div class=\"cardsPage__listCard__boxs\"><div class=\"cardsPage__listCard__boxs__img\"><a href=\"https:\/\/www.suno.com.br\/noticias\/balanco-da-brf-trimestre\/\"><img class=\"mask\" src=\"https:\/\/www.suno.com.br\/noticias\/wp-content\/themes\/suno\/resources\/images\/spotlight\/spotlight1img\/bg-mask.png\" alt=\"Image Mask\"\/><img src=\"https:\/\/files.sunoresearch.com.br\/n\/uploads\/2018\/10\/5475cc2a-brf-400x200.webp\" alt=\"Balan\u00e7o da BRF registra preju\u00edzo de R$ 812 milh\u00f5es no terceiro trimestre\"\/><\/a><span class=\"spotlightCategory\"><a href=\"https:\/\/www.suno.com.br\/noticias\/negocios\/\">Neg\u00f3cios<\/a><\/span><\/div><div class=\"cardsPage__listCard__boxs__content\"><a href=\"https:\/\/www.suno.com.br\/noticias\/balanco-da-brf-trimestre\/\"><h2 class=\"content__title\">Balan\u00e7o da BRF registra preju\u00edzo de R$ 812 milh\u00f5es no terceiro trimestre<\/h2><\/a><div class=\"newsContent__article__meta\"><div class=\"newsContent__article__meta__authorBox\"><a href=\"https:\/\/www.suno.com.br\/noticias\/author\/mateus-vasconcellos\/\" class=\"authorBox__avatar noMobi\"><img src=\"https:\/\/secure.gravatar.com\/avatar\/8d725238a0ef7530bdf58578a222f948?s=96&#038;r=g\" alt=\"Mateus Vasconcellos\"><\/a><div class=\"authorBox__name\"><span>por\n\t\t\t<a href=\"https:\/\/www.suno.com.br\/noticias\/author\/mateus-vasconcellos\/\"><span itemprop=\"author\">Mateus Vasconcellos<\/span><\/a><\/span><time datetime=\"2018-11-08T12:30:32-02:00\" itemprop=\"datePublished\">08\/11\/2018 12:30<\/time><\/div><\/div><\/div><\/div><\/div>","single_layout":"posts","amp_enabled":true,"_links":{"self":[{"href":"https:\/\/www.suno.com.br\/noticias\/wp-json\/wp\/v2\/posts\/6142"}],"collection":[{"href":"https:\/\/www.suno.com.br\/noticias\/wp-json\/wp\/v2\/posts"}],"about":[{"href":"https:\/\/www.suno.com.br\/noticias\/wp-json\/wp\/v2\/types\/post"}],"author":[{"embeddable":true,"href":"https:\/\/www.suno.com.br\/noticias\/wp-json\/wp\/v2\/users\/7"}],"replies":[{"embeddable":true,"href":"https:\/\/www.suno.com.br\/noticias\/wp-json\/wp\/v2\/comments?post=6142"}],"version-history":[{"count":0,"href":"https:\/\/www.suno.com.br\/noticias\/wp-json\/wp\/v2\/posts\/6142\/revisions"}],"wp:featuredmedia":[{"embeddable":true,"href":"https:\/\/www.suno.com.br\/noticias\/wp-json\/wp\/v2\/media\/5040"}],"wp:attachment":[{"href":"https:\/\/www.suno.com.br\/noticias\/wp-json\/wp\/v2\/media?parent=6142"}],"wp:term":[{"taxonomy":"category","embeddable":true,"href":"https:\/\/www.suno.com.br\/noticias\/wp-json\/wp\/v2\/categories?post=6142"},{"taxonomy":"post_tag","embeddable":true,"href":"https:\/\/www.suno.com.br\/noticias\/wp-json\/wp\/v2\/tags?post=6142"},{"taxonomy":"suno_strategy","embeddable":true,"href":"https:\/\/www.suno.com.br\/noticias\/wp-json\/wp\/v2\/suno_strategy?post=6142"}],"curies":[{"name":"wp","href":"https:\/\/api.w.org\/{rel}","templated":true}]}}