{"id":61372,"date":"2020-04-14T11:37:01","date_gmt":"2020-04-14T14:37:01","guid":{"rendered":"https:\/\/www.suno.com.br\/noticias\/?p=61372"},"modified":"2020-04-14T11:37:01","modified_gmt":"2020-04-14T14:37:01","slug":"ibovespa-braskem-brkm5-sobe-forte-e-se-destaca-em-dia-positivo","status":"publish","type":"post","link":"https:\/\/www.suno.com.br\/noticias\/ibovespa-braskem-brkm5-sobe-forte-e-se-destaca-em-dia-positivo\/","title":{"rendered":"Ibovespa: Braskem (BRKM5) sobe forte e se destaca em dia positivo"},"content":{"rendered":"<p>As a\u00e7\u00f5es da <a href=\"https:\/\/www.suno.com.br\/acoes\/brkm5\/\"><strong>Braskem (BRKM5) <\/strong><\/a>\u00a0lideram as alta no <strong>Ibovespa<\/strong>, o principal \u00edndice acion\u00e1rio da <a href=\"https:\/\/www.suno.com.br\/artigos\/tag\/b3\/\">bolsa de valores de S\u00e3o Paulo (B3)<\/a> para cima nesta ter\u00e7a-feira (14).<\/p>\t<div class=\"wrapper-featured-image\">\n\t\t<figure class=\"spotlightImg\">\n\n\t\t\t<picture>\n\t\t\t\t<source media=\"(max-width: 768px)\" srcset=\"https:\/\/files.sunoresearch.com.br\/n\/uploads\/2019\/06\/647b7fd9-braskem-400x200.webp\">\n\t\t\t\t<img loading=\"lazy\" decoding=\"async\" class=\"newsContent__article__imgCapa lazyloadDisabled newsContent__article__imgCapa--noCaption\" src=\"https:\/\/files.sunoresearch.com.br\/n\/uploads\/2019\/06\/647b7fd9-braskem-800x450.webp\" width=\"800\" height=\"450\" alt=\"Ibovespa: Braskem (BRKM5) sobe forte e se destaca em dia positivo\" fetchpriority=high \/>\n\t\t\t<\/picture>\n\n\t\t\t<figcaption class=\"wp-caption-text wp-caption-text--hide\">Braskem: Superior Tribunal de Justi\u00e7a libera R$ 2,6 bi de dividendos<\/figcaption>\n\t\t<\/figure>\n\t<\/div>\n\n\n\n<p>Pr\u00f3ximo das 12h00 (de Bras\u00edlia), as a\u00e7\u00f5es da companhia tinham alta de 14,81%, cotadas a R$ 19,30. J\u00e1 o Ibovespa subia 3,12%, aos 81.292 pontos.<\/p>\n<p>O mercado segue otimista com os novos dados acerca da China, onde as exporta\u00e7\u00f5es ca\u00edram 6,6% e as importa\u00e7\u00f5es 0,9% no m\u00eas de mar\u00e7o. A previs\u00e3o dos economistas era de que cairiam 14% e 9,5%, respectivamente.<\/p>\n<p><a href=\"https:\/\/lp.suno.com.br\/suno-one\/\">Garanta acesso gratuito \u00e0 eBooks, Minicursos, Artigos e Video Aulas com um \u00fanico cadastro. Clique para saber mais.<\/a><\/p>\n<p>O super\u00e1vit comercial global do pa\u00eds atingiu US$ 19,9 bilh\u00f5es em mar\u00e7o, comparado com o d\u00e9ficit de US$ 7,09 bilh\u00f5es de janeiro a fevereiro. A expectativa dos economistas era de um super\u00e1vit de US$ 21 bilh\u00f5es.<\/p>\n<h2>Braskem tem recomenda\u00e7\u00e3o elevada e sobe no Ibovespa<\/h2>\n<p>As a\u00e7\u00f5es da Braskem lideram as altas do Ibovespa nesta ter\u00e7a ap\u00f3s o Morgan Stanley anunciar que elevou a recomenda\u00e7\u00e3o da empresa para desempenho &#8220;acima da m\u00e9dia&#8221;.<\/p>\n<p>De acordo com a an\u00e1lise, os investidores podem encontrar, no momento, um bom ponto de entrada na empresa, que, <a href=\"https:\/\/www.suno.com.br\/noticias\/braskem-processo-maceio\/\">ap\u00f3s problemas em Alagoas<\/a> e uma <a href=\"https:\/\/www.suno.com.br\/noticias\/confira-empresas-desvalorizaram-2019\/\">forte desvaloriza\u00e7\u00e3o no mercado<\/a>, pode voltar a cota\u00e7\u00f5es anteriores.<\/p>\n\t<p>\n\t\t<a href=\"https:\/\/lps.suno.com.br\/asset\/newsletter\/\" target=\"_blank\" data-element=\"shortcode-suno-banner\" title=\"Banner SUNO, clique e saiba mais\">\n\t\t\t<picture>\n\t\t\t\t<source media=\"(max-width: 500px)\" srcset=\"https:\/\/files.sunoresearch.com.br\/n\/uploads\/2023\/04\/400x300-Mobile-Artigos-4.jpg\">\n\t\t\t\t<img class=\"newsContent__article__imgCapa newsContent__article__imgCapa--banner\"\n\t\t\t\t\tsrc=\"https:\/\/files.sunoresearch.com.br\/n\/uploads\/2023\/04\/1420x240-Banner-Artigos-1-_-Banner-Materias-1.jpg\"\n\t\t\t\t\tdata-promo-id=\"386700\"\t\t\t\t\t\t\t\t\t\twidth='1420' height='240'\t\t\t\t\talt=\"https:\/\/files.sunoresearch.com.br\/n\/uploads\/2023\/04\/1420x240-Banner-Artigos-1-_-Banner-Materias-1.jpg\"\n\t\t\t\t>\n\t\t\t<\/picture>\n\t\t<\/a>\n\t<\/p>\n\n\n<p>Al\u00e9m da Braskem, CVC e Via Varejo s\u00e3o duas das companhias que mais sofreram com a derrocada da Bolsa causada pelo temor dos agentes do mercado em rela\u00e7\u00e3o aos impactos do coronav\u00edrus (covid-19) na economia.<\/p>\n<p>Nesta ter\u00e7a, por\u00e9m, a\u00e7\u00f5es da <a href=\"https:\/\/www.suno.com.br\/acoes\/cvcb3\/\"><strong>CVC (CVCB3)<\/strong> <\/a>e da <a href=\"https:\/\/www.suno.com.br\/acoes\/vvar3\/\"><strong>Via Varejo (VVAR3)<\/strong> <\/a>tamb\u00e9m sobem forte e s\u00e3o dois dos destaques do <strong>Ibovespa<\/strong>.<\/p>\n\n","protected":false},"excerpt":{"rendered":"<p>As a\u00e7\u00f5es da Braskem (BRKM5) \u00a0lideram as alta no Ibovespa, o principal \u00edndice acion\u00e1rio da bolsa de valores de S\u00e3o Paulo (B3) para cima nesta ter\u00e7a-feira (14). Braskem: Superior Tribunal de Justi\u00e7a libera R$ 2,6 bi de dividendos Pr\u00f3ximo das 12h00 (de Bras\u00edlia), as a\u00e7\u00f5es da companhia tinham alta de 14,81%, cotadas a R$ 19,30. [&hellip;]<\/p>\n","protected":false},"author":27,"featured_media":27141,"comment_status":"closed","ping_status":"closed","sticky":false,"template":"","format":"standard","meta":[],"categories":[60],"tags":[1937,395,721],"suno_strategy":[],"class_list":["post-61372","post","type-post","status-publish","format-standard","has-post-thumbnail","hentry","category-mercado","tag-bolsa-de-valores-de-sao-paulo-b3","tag-braskem-brkm3-brkm5-brkm6","tag-ibovespa"],"yoast_head":"<!-- This site is optimized with the Yoast SEO plugin v24.4 - https:\/\/yoast.com\/wordpress\/plugins\/seo\/ -->\n<title>Ibovespa: Braskem (BRKM5) sobe forte e se destaca em alta do \u00edndice<\/title>\n<meta name=\"description\" content=\"As a\u00e7\u00f5es da Braskem (BRKM5) sobem forte ap\u00f3s recomenda\u00e7\u00e3o e lideram as altas do Ibovespa, o principal \u00edndice de a\u00e7\u00f5es. Clique para ler.\" \/>\n<meta name=\"robots\" content=\"index, follow, max-snippet:-1, max-image-preview:large, max-video-preview:-1\" \/>\n<link rel=\"canonical\" href=\"https:\/\/www.suno.com.br\/noticias\/ibovespa-braskem-brkm5-sobe-forte-e-se-destaca-em-dia-positivo\/\" \/>\n<meta property=\"og:locale\" content=\"pt_BR\" \/>\n<meta property=\"og:type\" content=\"article\" \/>\n<meta property=\"og:title\" content=\"Ibovespa: Braskem (BRKM5) sobe forte e se destaca em alta do \u00edndice\" \/>\n<meta property=\"og:description\" content=\"As a\u00e7\u00f5es da Braskem (BRKM5) sobem forte ap\u00f3s recomenda\u00e7\u00e3o e lideram as altas do Ibovespa, o principal \u00edndice de a\u00e7\u00f5es. Clique para ler.\" \/>\n<meta property=\"og:url\" content=\"https:\/\/www.suno.com.br\/noticias\/ibovespa-braskem-brkm5-sobe-forte-e-se-destaca-em-dia-positivo\/\" \/>\n<meta property=\"og:site_name\" content=\"Suno Not\u00edcias\" \/>\n<meta property=\"article:publisher\" content=\"https:\/\/facebook.com\/sunoresearch\" \/>\n<meta property=\"og:image\" content=\"https:\/\/files.sunoresearch.com.br\/n\/uploads\/2019\/06\/647b7fd9-braskem.jpg\" \/>\n\t<meta property=\"og:image:width\" content=\"890\" \/>\n\t<meta property=\"og:image:height\" content=\"500\" \/>\n\t<meta property=\"og:image:type\" content=\"image\/jpeg\" \/>\n<meta name=\"author\" content=\"Vinicius Pereira\" \/>\n<meta name=\"twitter:card\" content=\"summary_large_image\" \/>\n<meta name=\"twitter:creator\" content=\"@https:\/\/twitter.com\/viniciuspjornal\" \/>\n<meta name=\"twitter:site\" content=\"@sunoresearch\" \/>\n<meta name=\"twitter:label1\" content=\"Escrito por\" \/>\n\t<meta name=\"twitter:data1\" content=\"Vinicius Pereira\" \/>\n\t<meta name=\"twitter:label2\" content=\"Est. tempo de leitura\" \/>\n\t<meta name=\"twitter:data2\" content=\"2 minutos\" \/>\n<script type=\"application\/ld+json\" class=\"yoast-schema-graph\">{\"@context\":\"https:\/\/schema.org\",\"@graph\":[{\"@type\":\"NewsArticle\",\"@id\":\"https:\/\/www.suno.com.br\/noticias\/ibovespa-braskem-brkm5-sobe-forte-e-se-destaca-em-dia-positivo\/#article\",\"isPartOf\":{\"@id\":\"https:\/\/www.suno.com.br\/noticias\/ibovespa-braskem-brkm5-sobe-forte-e-se-destaca-em-dia-positivo\/\"},\"author\":{\"name\":\"Vinicius Pereira\",\"@id\":\"https:\/\/www.suno.com.br\/noticias\/#\/schema\/person\/a20761b96e4df7eb57f1f9e41be1dbf3\"},\"headline\":\"Ibovespa: Braskem (BRKM5) sobe forte e se destaca em dia positivo\",\"datePublished\":\"2020-04-14T14:37:01+00:00\",\"mainEntityOfPage\":{\"@id\":\"https:\/\/www.suno.com.br\/noticias\/ibovespa-braskem-brkm5-sobe-forte-e-se-destaca-em-dia-positivo\/\"},\"wordCount\":317,\"publisher\":{\"@id\":\"https:\/\/www.suno.com.br\/noticias\/#organization\"},\"image\":{\"@id\":\"https:\/\/www.suno.com.br\/noticias\/ibovespa-braskem-brkm5-sobe-forte-e-se-destaca-em-dia-positivo\/#primaryimage\"},\"thumbnailUrl\":\"https:\/\/files.sunoresearch.com.br\/n\/uploads\/2019\/06\/647b7fd9-braskem-jpg.webp\",\"keywords\":[\"Bolsa de Valores de S\u00e3o Paulo (B3)\",\"Braskem (BRKM3\/BRKM5\/BRKM6)\",\"Ibovespa\"],\"articleSection\":[\"Mercado\"],\"inLanguage\":\"pt-BR\"},{\"@type\":\"WebPage\",\"@id\":\"https:\/\/www.suno.com.br\/noticias\/ibovespa-braskem-brkm5-sobe-forte-e-se-destaca-em-dia-positivo\/\",\"url\":\"https:\/\/www.suno.com.br\/noticias\/ibovespa-braskem-brkm5-sobe-forte-e-se-destaca-em-dia-positivo\/\",\"name\":\"Ibovespa: Braskem (BRKM5) sobe forte e se destaca em alta do \u00edndice\",\"isPartOf\":{\"@id\":\"https:\/\/www.suno.com.br\/noticias\/#website\"},\"primaryImageOfPage\":{\"@id\":\"https:\/\/www.suno.com.br\/noticias\/ibovespa-braskem-brkm5-sobe-forte-e-se-destaca-em-dia-positivo\/#primaryimage\"},\"image\":{\"@id\":\"https:\/\/www.suno.com.br\/noticias\/ibovespa-braskem-brkm5-sobe-forte-e-se-destaca-em-dia-positivo\/#primaryimage\"},\"thumbnailUrl\":\"https:\/\/files.sunoresearch.com.br\/n\/uploads\/2019\/06\/647b7fd9-braskem-jpg.webp\",\"datePublished\":\"2020-04-14T14:37:01+00:00\",\"description\":\"As a\u00e7\u00f5es da Braskem (BRKM5) sobem forte ap\u00f3s recomenda\u00e7\u00e3o e lideram as altas do Ibovespa, o principal \u00edndice de a\u00e7\u00f5es. Clique para ler.\",\"breadcrumb\":{\"@id\":\"https:\/\/www.suno.com.br\/noticias\/ibovespa-braskem-brkm5-sobe-forte-e-se-destaca-em-dia-positivo\/#breadcrumb\"},\"inLanguage\":\"pt-BR\",\"potentialAction\":[{\"@type\":\"ReadAction\",\"target\":[\"https:\/\/www.suno.com.br\/noticias\/ibovespa-braskem-brkm5-sobe-forte-e-se-destaca-em-dia-positivo\/\"]}]},{\"@type\":\"ImageObject\",\"inLanguage\":\"pt-BR\",\"@id\":\"https:\/\/www.suno.com.br\/noticias\/ibovespa-braskem-brkm5-sobe-forte-e-se-destaca-em-dia-positivo\/#primaryimage\",\"url\":\"https:\/\/files.sunoresearch.com.br\/n\/uploads\/2019\/06\/647b7fd9-braskem-jpg.webp\",\"contentUrl\":\"https:\/\/files.sunoresearch.com.br\/n\/uploads\/2019\/06\/647b7fd9-braskem-jpg.webp\",\"width\":890,\"height\":500,\"caption\":\"Braskem: Superior Tribunal de Justi\u00e7a libera R$ 2,6 bi de dividendos\"},{\"@type\":\"BreadcrumbList\",\"@id\":\"https:\/\/www.suno.com.br\/noticias\/ibovespa-braskem-brkm5-sobe-forte-e-se-destaca-em-dia-positivo\/#breadcrumb\",\"itemListElement\":[{\"@type\":\"ListItem\",\"position\":1,\"name\":\"Not\u00edcias\",\"item\":\"https:\/\/www.suno.com.br\/noticias\/\"},{\"@type\":\"ListItem\",\"position\":2,\"name\":\"Mercado\",\"item\":\"https:\/\/www.suno.com.br\/noticias\/mercado\/\"},{\"@type\":\"ListItem\",\"position\":3,\"name\":\"Ibovespa: Braskem (BRKM5) sobe forte e se destaca em dia positivo\"}]},{\"@type\":\"WebSite\",\"@id\":\"https:\/\/www.suno.com.br\/noticias\/#website\",\"url\":\"https:\/\/www.suno.com.br\/noticias\/\",\"name\":\"Suno Not\u00edcias\",\"description\":\"Seu portal de informa\u00e7\u00e3o sobre o mundo dos investimentos\",\"publisher\":{\"@id\":\"https:\/\/www.suno.com.br\/noticias\/#organization\"},\"potentialAction\":[{\"@type\":\"SearchAction\",\"target\":{\"@type\":\"EntryPoint\",\"urlTemplate\":\"https:\/\/www.suno.com.br\/noticias\/?s={search_term_string}\"},\"query-input\":{\"@type\":\"PropertyValueSpecification\",\"valueRequired\":true,\"valueName\":\"search_term_string\"}}],\"inLanguage\":\"pt-BR\"},{\"@type\":\"Organization\",\"@id\":\"https:\/\/www.suno.com.br\/noticias\/#organization\",\"name\":\"Suno Not\u00edcias\",\"url\":\"https:\/\/www.suno.com.br\/noticias\/\",\"logo\":{\"@type\":\"ImageObject\",\"inLanguage\":\"pt-BR\",\"@id\":\"https:\/\/www.suno.com.br\/noticias\/#\/schema\/logo\/image\/\",\"url\":\"https:\/\/files.sunoresearch.com.br\/n\/uploads\/2021\/09\/suno-logo.png\",\"contentUrl\":\"https:\/\/files.sunoresearch.com.br\/n\/uploads\/2021\/09\/suno-logo.png\",\"width\":180,\"height\":180,\"caption\":\"Suno Not\u00edcias\"},\"image\":{\"@id\":\"https:\/\/www.suno.com.br\/noticias\/#\/schema\/logo\/image\/\"},\"sameAs\":[\"https:\/\/facebook.com\/sunoresearch\",\"https:\/\/x.com\/sunoresearch\",\"https:\/\/www.instagram.com\/suno\",\"https:\/\/www.linkedin.com\/company\/suno-research\/\",\"https:\/\/www.youtube.com\/c\/sunoresearch\"]},{\"@type\":\"Person\",\"@id\":\"https:\/\/www.suno.com.br\/noticias\/#\/schema\/person\/a20761b96e4df7eb57f1f9e41be1dbf3\",\"name\":\"Vinicius Pereira\",\"image\":{\"@type\":\"ImageObject\",\"inLanguage\":\"pt-BR\",\"@id\":\"https:\/\/www.suno.com.br\/noticias\/#\/schema\/person\/image\/\",\"url\":\"https:\/\/secure.gravatar.com\/avatar\/783866b933198f5cc4c5d03fcc8b1301?s=96&r=g\",\"contentUrl\":\"https:\/\/secure.gravatar.com\/avatar\/783866b933198f5cc4c5d03fcc8b1301?s=96&r=g\",\"caption\":\"Vinicius Pereira\"},\"description\":\"Vinicius Pereira foi rep\u00f3rter de economia da Folha de S.Paulo, stringer do jornal no Canad\u00e1 e colaborador de VEJA. J\u00e1 escreveu tamb\u00e9m para BBC Brasil, The Intercept Brasil e UOL. Tem MBA em Informa\u00e7\u00f5es Econ\u00f4mico-Financeiras e Mercado de Capitais pela FIA\/B3.\",\"sameAs\":[\"https:\/\/x.com\/https:\/\/twitter.com\/viniciuspjornal\"],\"url\":\"https:\/\/www.suno.com.br\/noticias\/author\/vinicius-pereira\/\"}]}<\/script>\n<!-- \/ Yoast SEO plugin. -->","yoast_head_json":{"title":"Ibovespa: Braskem (BRKM5) sobe forte e se destaca em alta do \u00edndice","description":"As a\u00e7\u00f5es da Braskem (BRKM5) sobem forte ap\u00f3s recomenda\u00e7\u00e3o e lideram as altas do Ibovespa, o principal \u00edndice de a\u00e7\u00f5es. Clique para ler.","robots":{"index":"index","follow":"follow","max-snippet":"max-snippet:-1","max-image-preview":"max-image-preview:large","max-video-preview":"max-video-preview:-1"},"canonical":"https:\/\/www.suno.com.br\/noticias\/ibovespa-braskem-brkm5-sobe-forte-e-se-destaca-em-dia-positivo\/","og_locale":"pt_BR","og_type":"article","og_title":"Ibovespa: Braskem (BRKM5) sobe forte e se destaca em alta do \u00edndice","og_description":"As a\u00e7\u00f5es da Braskem (BRKM5) sobem forte ap\u00f3s recomenda\u00e7\u00e3o e lideram as altas do Ibovespa, o principal \u00edndice de a\u00e7\u00f5es. Clique para ler.","og_url":"https:\/\/www.suno.com.br\/noticias\/ibovespa-braskem-brkm5-sobe-forte-e-se-destaca-em-dia-positivo\/","og_site_name":"Suno Not\u00edcias","article_publisher":"https:\/\/facebook.com\/sunoresearch","og_image":[{"width":890,"height":500,"url":"https:\/\/files.sunoresearch.com.br\/n\/uploads\/2019\/06\/647b7fd9-braskem.jpg","type":"image\/jpeg"}],"author":"Vinicius Pereira","twitter_card":"summary_large_image","twitter_creator":"@https:\/\/twitter.com\/viniciuspjornal","twitter_site":"@sunoresearch","twitter_misc":{"Escrito por":"Vinicius Pereira","Est. tempo de leitura":"2 minutos"},"schema":{"@context":"https:\/\/schema.org","@graph":[{"@type":"NewsArticle","@id":"https:\/\/www.suno.com.br\/noticias\/ibovespa-braskem-brkm5-sobe-forte-e-se-destaca-em-dia-positivo\/#article","isPartOf":{"@id":"https:\/\/www.suno.com.br\/noticias\/ibovespa-braskem-brkm5-sobe-forte-e-se-destaca-em-dia-positivo\/"},"author":{"name":"Vinicius Pereira","@id":"https:\/\/www.suno.com.br\/noticias\/#\/schema\/person\/a20761b96e4df7eb57f1f9e41be1dbf3"},"headline":"Ibovespa: Braskem (BRKM5) sobe forte e se destaca em dia positivo","datePublished":"2020-04-14T14:37:01+00:00","mainEntityOfPage":{"@id":"https:\/\/www.suno.com.br\/noticias\/ibovespa-braskem-brkm5-sobe-forte-e-se-destaca-em-dia-positivo\/"},"wordCount":317,"publisher":{"@id":"https:\/\/www.suno.com.br\/noticias\/#organization"},"image":{"@id":"https:\/\/www.suno.com.br\/noticias\/ibovespa-braskem-brkm5-sobe-forte-e-se-destaca-em-dia-positivo\/#primaryimage"},"thumbnailUrl":"https:\/\/files.sunoresearch.com.br\/n\/uploads\/2019\/06\/647b7fd9-braskem-jpg.webp","keywords":["Bolsa de Valores de S\u00e3o Paulo (B3)","Braskem (BRKM3\/BRKM5\/BRKM6)","Ibovespa"],"articleSection":["Mercado"],"inLanguage":"pt-BR"},{"@type":"WebPage","@id":"https:\/\/www.suno.com.br\/noticias\/ibovespa-braskem-brkm5-sobe-forte-e-se-destaca-em-dia-positivo\/","url":"https:\/\/www.suno.com.br\/noticias\/ibovespa-braskem-brkm5-sobe-forte-e-se-destaca-em-dia-positivo\/","name":"Ibovespa: Braskem (BRKM5) sobe forte e se destaca em alta do \u00edndice","isPartOf":{"@id":"https:\/\/www.suno.com.br\/noticias\/#website"},"primaryImageOfPage":{"@id":"https:\/\/www.suno.com.br\/noticias\/ibovespa-braskem-brkm5-sobe-forte-e-se-destaca-em-dia-positivo\/#primaryimage"},"image":{"@id":"https:\/\/www.suno.com.br\/noticias\/ibovespa-braskem-brkm5-sobe-forte-e-se-destaca-em-dia-positivo\/#primaryimage"},"thumbnailUrl":"https:\/\/files.sunoresearch.com.br\/n\/uploads\/2019\/06\/647b7fd9-braskem-jpg.webp","datePublished":"2020-04-14T14:37:01+00:00","description":"As a\u00e7\u00f5es da Braskem (BRKM5) sobem forte ap\u00f3s recomenda\u00e7\u00e3o e lideram as altas do Ibovespa, o principal \u00edndice de a\u00e7\u00f5es. Clique para ler.","breadcrumb":{"@id":"https:\/\/www.suno.com.br\/noticias\/ibovespa-braskem-brkm5-sobe-forte-e-se-destaca-em-dia-positivo\/#breadcrumb"},"inLanguage":"pt-BR","potentialAction":[{"@type":"ReadAction","target":["https:\/\/www.suno.com.br\/noticias\/ibovespa-braskem-brkm5-sobe-forte-e-se-destaca-em-dia-positivo\/"]}]},{"@type":"ImageObject","inLanguage":"pt-BR","@id":"https:\/\/www.suno.com.br\/noticias\/ibovespa-braskem-brkm5-sobe-forte-e-se-destaca-em-dia-positivo\/#primaryimage","url":"https:\/\/files.sunoresearch.com.br\/n\/uploads\/2019\/06\/647b7fd9-braskem-jpg.webp","contentUrl":"https:\/\/files.sunoresearch.com.br\/n\/uploads\/2019\/06\/647b7fd9-braskem-jpg.webp","width":890,"height":500,"caption":"Braskem: Superior Tribunal de Justi\u00e7a libera R$ 2,6 bi de dividendos"},{"@type":"BreadcrumbList","@id":"https:\/\/www.suno.com.br\/noticias\/ibovespa-braskem-brkm5-sobe-forte-e-se-destaca-em-dia-positivo\/#breadcrumb","itemListElement":[{"@type":"ListItem","position":1,"name":"Not\u00edcias","item":"https:\/\/www.suno.com.br\/noticias\/"},{"@type":"ListItem","position":2,"name":"Mercado","item":"https:\/\/www.suno.com.br\/noticias\/mercado\/"},{"@type":"ListItem","position":3,"name":"Ibovespa: Braskem (BRKM5) sobe forte e se destaca em dia positivo"}]},{"@type":"WebSite","@id":"https:\/\/www.suno.com.br\/noticias\/#website","url":"https:\/\/www.suno.com.br\/noticias\/","name":"Suno Not\u00edcias","description":"Seu portal de informa\u00e7\u00e3o sobre o mundo dos investimentos","publisher":{"@id":"https:\/\/www.suno.com.br\/noticias\/#organization"},"potentialAction":[{"@type":"SearchAction","target":{"@type":"EntryPoint","urlTemplate":"https:\/\/www.suno.com.br\/noticias\/?s={search_term_string}"},"query-input":{"@type":"PropertyValueSpecification","valueRequired":true,"valueName":"search_term_string"}}],"inLanguage":"pt-BR"},{"@type":"Organization","@id":"https:\/\/www.suno.com.br\/noticias\/#organization","name":"Suno Not\u00edcias","url":"https:\/\/www.suno.com.br\/noticias\/","logo":{"@type":"ImageObject","inLanguage":"pt-BR","@id":"https:\/\/www.suno.com.br\/noticias\/#\/schema\/logo\/image\/","url":"https:\/\/files.sunoresearch.com.br\/n\/uploads\/2021\/09\/suno-logo.png","contentUrl":"https:\/\/files.sunoresearch.com.br\/n\/uploads\/2021\/09\/suno-logo.png","width":180,"height":180,"caption":"Suno Not\u00edcias"},"image":{"@id":"https:\/\/www.suno.com.br\/noticias\/#\/schema\/logo\/image\/"},"sameAs":["https:\/\/facebook.com\/sunoresearch","https:\/\/x.com\/sunoresearch","https:\/\/www.instagram.com\/suno","https:\/\/www.linkedin.com\/company\/suno-research\/","https:\/\/www.youtube.com\/c\/sunoresearch"]},{"@type":"Person","@id":"https:\/\/www.suno.com.br\/noticias\/#\/schema\/person\/a20761b96e4df7eb57f1f9e41be1dbf3","name":"Vinicius Pereira","image":{"@type":"ImageObject","inLanguage":"pt-BR","@id":"https:\/\/www.suno.com.br\/noticias\/#\/schema\/person\/image\/","url":"https:\/\/secure.gravatar.com\/avatar\/783866b933198f5cc4c5d03fcc8b1301?s=96&r=g","contentUrl":"https:\/\/secure.gravatar.com\/avatar\/783866b933198f5cc4c5d03fcc8b1301?s=96&r=g","caption":"Vinicius Pereira"},"description":"Vinicius Pereira foi rep\u00f3rter de economia da Folha de S.Paulo, stringer do jornal no Canad\u00e1 e colaborador de VEJA. J\u00e1 escreveu tamb\u00e9m para BBC Brasil, The Intercept Brasil e UOL. Tem MBA em Informa\u00e7\u00f5es Econ\u00f4mico-Financeiras e Mercado de Capitais pela FIA\/B3.","sameAs":["https:\/\/x.com\/https:\/\/twitter.com\/viniciuspjornal"],"url":"https:\/\/www.suno.com.br\/noticias\/author\/vinicius-pereira\/"}]}},"default_loop_html":"<div class=\"cardsPage__listCard__boxs\"><div class=\"cardsPage__listCard__boxs__img\"><a href=\"https:\/\/www.suno.com.br\/noticias\/ibovespa-braskem-brkm5-sobe-forte-e-se-destaca-em-dia-positivo\/\"><img class=\"mask\" src=\"https:\/\/www.suno.com.br\/noticias\/wp-content\/themes\/suno\/resources\/images\/spotlight\/spotlight1img\/bg-mask.png\" alt=\"Image Mask\"\/><img src=\"https:\/\/files.sunoresearch.com.br\/n\/uploads\/2019\/06\/647b7fd9-braskem-400x200.webp\" alt=\"Ibovespa: Braskem (BRKM5) sobe forte e se destaca em dia positivo\"\/><\/a><span class=\"spotlightCategory\"><a href=\"https:\/\/www.suno.com.br\/noticias\/mercado\/\">Mercado<\/a><\/span><\/div><div class=\"cardsPage__listCard__boxs__content\"><a href=\"https:\/\/www.suno.com.br\/noticias\/ibovespa-braskem-brkm5-sobe-forte-e-se-destaca-em-dia-positivo\/\"><h2 class=\"content__title\">Ibovespa: Braskem (BRKM5) sobe forte e se destaca em dia positivo<\/h2><\/a><div class=\"newsContent__article__meta\"><div class=\"newsContent__article__meta__authorBox\"><a href=\"https:\/\/www.suno.com.br\/noticias\/author\/vinicius-pereira\/\" class=\"authorBox__avatar noMobi\"><img src=\"https:\/\/files.sunoresearch.com.br\/n\/uploads\/2020\/08\/77510613-whatsapp-image-2020-08-03-at-13.40.40-150x150.webp\" alt=\"Vinicius Pereira\"><\/a><div class=\"authorBox__name\"><span>por\n\t\t\t<a href=\"https:\/\/www.suno.com.br\/noticias\/author\/vinicius-pereira\/\"><span itemprop=\"author\">Vinicius Pereira<\/span><\/a><\/span><time datetime=\"2020-04-14T11:37:01-03:00\" itemprop=\"datePublished\">14\/04\/2020 11:37<\/time><\/div><\/div><\/div><\/div><\/div>","single_layout":"posts","amp_enabled":true,"_links":{"self":[{"href":"https:\/\/www.suno.com.br\/noticias\/wp-json\/wp\/v2\/posts\/61372"}],"collection":[{"href":"https:\/\/www.suno.com.br\/noticias\/wp-json\/wp\/v2\/posts"}],"about":[{"href":"https:\/\/www.suno.com.br\/noticias\/wp-json\/wp\/v2\/types\/post"}],"author":[{"embeddable":true,"href":"https:\/\/www.suno.com.br\/noticias\/wp-json\/wp\/v2\/users\/27"}],"replies":[{"embeddable":true,"href":"https:\/\/www.suno.com.br\/noticias\/wp-json\/wp\/v2\/comments?post=61372"}],"version-history":[{"count":0,"href":"https:\/\/www.suno.com.br\/noticias\/wp-json\/wp\/v2\/posts\/61372\/revisions"}],"wp:featuredmedia":[{"embeddable":true,"href":"https:\/\/www.suno.com.br\/noticias\/wp-json\/wp\/v2\/media\/27141"}],"wp:attachment":[{"href":"https:\/\/www.suno.com.br\/noticias\/wp-json\/wp\/v2\/media?parent=61372"}],"wp:term":[{"taxonomy":"category","embeddable":true,"href":"https:\/\/www.suno.com.br\/noticias\/wp-json\/wp\/v2\/categories?post=61372"},{"taxonomy":"post_tag","embeddable":true,"href":"https:\/\/www.suno.com.br\/noticias\/wp-json\/wp\/v2\/tags?post=61372"},{"taxonomy":"suno_strategy","embeddable":true,"href":"https:\/\/www.suno.com.br\/noticias\/wp-json\/wp\/v2\/suno_strategy?post=61372"}],"curies":[{"name":"wp","href":"https:\/\/api.w.org\/{rel}","templated":true}]}}