{"id":61371,"date":"2020-04-14T11:59:16","date_gmt":"2020-04-14T14:59:16","guid":{"rendered":"https:\/\/www.suno.com.br\/noticias\/?p=61371"},"modified":"2021-05-30T21:14:56","modified_gmt":"2021-05-31T00:14:56","slug":"yduqs-yduq3-aquisicao-adtalem-cade","status":"publish","type":"post","link":"https:\/\/www.suno.com.br\/noticias\/yduqs-yduq3-aquisicao-adtalem-cade\/","title":{"rendered":"Aquisi\u00e7\u00e3o da Adtalem pela Yduqs (YDUQ3) \u00e9 aprovada pelo Cade"},"content":{"rendered":"<p>A <strong>Est\u00e1cio Participa\u00e7\u00f5es (<a href=\"https:\/\/www.suno.com.br\/acoes\/yduq3\/\">Yduqs<\/a>)<\/strong>, em fato relevante divulgado nesta ter\u00e7a-feira (14), afirmou que o <a href=\"https:\/\/www.suno.com.br\/artigos\/cade\/\">Conselho de Administra\u00e7\u00e3o e Defesa Econ\u00f4mica (CADE)<\/a> aprovou, sem restri\u00e7\u00f5es, a aquisi\u00e7\u00e3o da <strong>Adtalem Global Education Inc no Brasil<\/strong>, por R$ 1,92 bilh\u00e3o.<\/p>\t<div class=\"wrapper-featured-image\">\n\t\t<figure class=\"spotlightImg\">\n\n\t\t\t<picture>\n\t\t\t\t<source media=\"(max-width: 768px)\" srcset=\"https:\/\/files.sunoresearch.com.br\/n\/uploads\/2019\/08\/34feca2f-unidade-da-esta\u0301cio-em-vic\u0327osa-mg-instituic\u0327a\u0303o-carioca-chegou-a-600-polos-de-ead-400x200.webp\">\n\t\t\t\t<img loading=\"lazy\" decoding=\"async\" class=\"newsContent__article__imgCapa lazyloadDisabled newsContent__article__imgCapa--noCaption\" src=\"https:\/\/files.sunoresearch.com.br\/n\/uploads\/2019\/08\/34feca2f-unidade-da-esta\u0301cio-em-vic\u0327osa-mg-instituic\u0327a\u0303o-carioca-chegou-a-600-polos-de-ead-800x450.webp\" width=\"800\" height=\"450\" alt=\"Aquisi\u00e7\u00e3o da Adtalem pela Yduqs (YDUQ3) \u00e9 aprovada pelo Cade\" fetchpriority=high \/>\n\t\t\t<\/picture>\n\n\t\t\t<figcaption class=\"wp-caption-text wp-caption-text--hide\"><\/figcaption>\n\t\t<\/figure>\n\t<\/div>\n\n\n\n<p>A <a href=\"https:\/\/www.suno.com.br\/acoes\/yduq3\/\"><strong>Yduqs (YDUQ3)<\/strong><\/a> informou ainda que h\u00e1 algumas condi\u00e7\u00f5es que ainda n\u00e3o foram fechadas para a conclus\u00e3o efetiva da transa\u00e7\u00e3o. &#8220;A transfer\u00eancia efetiva da participa\u00e7\u00e3o para a companhia e a liquida\u00e7\u00e3o financeira do valor da transa\u00e7\u00e3o ainda est\u00e3o sujeitas ao cumprimento de outras condi\u00e7\u00f5es precedentes comumente aplic\u00e1veis a este tipo de opera\u00e7\u00e3o&#8221;, comunicou a empresa.<\/p>\n<p><a href=\"https:\/\/lp.suno.com.br\/suno-one\/\">Garanta acesso gratuito \u00e0 eBooks, Minicursos, Artigos e Video Aulas com um \u00fanico cadastro. Clique para saber mais.<\/a><\/p>\n<p>A Adtalem est\u00e1 no top 10 de maiores empresas de ensino superior do setor privado no Brasil. A companhia conta com 102 mil alunos matriculados. Dessa forma, a base de alunos da Yduqs deve subir para 678 mil.<\/p>\n<p>A aquisi\u00e7\u00e3o, de acordo com a Yduqs, tem o objetivo de:<\/p>\n<ul>\n<li>ampliar a oferta de educa\u00e7\u00e3o<\/li>\n<li>acelerar o crescimento<\/li>\n<li>complementar o portf\u00f3lio da Yduqs<\/li>\n<li>expandir o Ensino a Dist\u00e2ncia (EAD)<\/li>\n<li>fortalecer a marca nas regi\u00f5es do Norte e Nordeste<\/li>\n<\/ul>\n<h2>Negocia\u00e7\u00e3o entre Yduqs e Adtalem antes do aval do Cade<\/h2>\n<p><span style=\"font-weight: 400;\">A informa\u00e7\u00e3o sobre a aquisi\u00e7\u00e3o da <strong>Wyden<\/strong>, do grupo Adtalem, por R$1,9 bilh\u00e3o, pela Yduqs foi publicada em outubro de 2019.<\/span><\/p>\n<p>&#8220;A transa\u00e7\u00e3o consiste na aquisi\u00e7\u00e3o de 100% das a\u00e7\u00f5es da Adtalem pelo valor de R$ 1,92 bilh\u00e3o, acrescido da posi\u00e7\u00e3o l\u00edquida pro forma do caixa da companhia de R$ 305 milh\u00f5es&#8221;, informou a dona da<strong> Est\u00e1cio <\/strong>\u00e0 \u00e9poca.<\/p>\n<p>Al\u00e9m disso, a Yduqs ressaltou que a conclus\u00e3o da transa\u00e7\u00e3o dependia apenas do aval do<a href=\"https:\/\/www.suno.com.br\/artigos\/cade\/\"> Conselho Administrativo de Defesa Econ\u00f4mica (CADE)<\/a>.<\/p>\n\t<p>\n\t\t<a href=\"https:\/\/lp.suno.com.br\/asset\/suno-fundo-infra-estrutura-snid11\/\" target=\"_blank\" data-element=\"shortcode-suno-banner\" title=\"Banner SUNO, clique e saiba mais\">\n\t\t\t<picture>\n\t\t\t\t<source media=\"(max-width: 500px)\" srcset=\"https:\/\/files.sunoresearch.com.br\/n\/uploads\/2024\/01\/400x300-Banner-Home-1-SNID-AO.png\">\n\t\t\t\t<img class=\"newsContent__article__imgCapa newsContent__article__imgCapa--banner\"\n\t\t\t\t\tsrc=\"https:\/\/files.sunoresearch.com.br\/n\/uploads\/2024\/01\/1420x240-Banner-Home-1-SNID-AO.png\"\n\t\t\t\t\tdata-promo-id=\"364419\"\t\t\t\t\t\t\t\t\t\twidth='1420' height='240'\t\t\t\t\talt=\"https:\/\/files.sunoresearch.com.br\/n\/uploads\/2024\/01\/1420x240-Banner-Home-1-SNID-AO.png\"\n\t\t\t\t>\n\t\t\t<\/picture>\n\t\t<\/a>\n\t<\/p>\n\n\n<p>As institui\u00e7\u00f5es de ensino superior e cursos preparat\u00f3rios da Adtalem s\u00e3o as seguintes:<\/p>\n<ul>\n<li><strong>Ibmec;<\/strong><\/li>\n<li>UniMetroCamp;<\/li>\n<li>Faci;<\/li>\n<li>Marta Falc\u00e3o;<\/li>\n<li>Facimp;<\/li>\n<li>UniRuy;<\/li>\n<li>UniFavip;<\/li>\n<li>UniFVB;<\/li>\n<li>UniFanor;<\/li>\n<li>Dam\u00e1sio;<\/li>\n<li>Med;<\/li>\n<li>Curso Clio.<\/li>\n<\/ul>\n<p>A <strong>Yduqs<\/strong> informou que dar\u00e1 mais informa\u00e7\u00f5es ao mercado sobre a negocia\u00e7\u00e3o, caso haja novidades na opera\u00e7\u00e3o.<\/p>\n","protected":false},"excerpt":{"rendered":"<p>A Est\u00e1cio Participa\u00e7\u00f5es (Yduqs), em fato relevante divulgado nesta ter\u00e7a-feira (14), afirmou que o Conselho de Administra\u00e7\u00e3o e Defesa Econ\u00f4mica (CADE) aprovou, sem restri\u00e7\u00f5es, a aquisi\u00e7\u00e3o da Adtalem Global Education Inc no Brasil, por R$ 1,92 bilh\u00e3o. A Yduqs (YDUQ3) informou ainda que h\u00e1 algumas condi\u00e7\u00f5es que ainda n\u00e3o foram fechadas para a conclus\u00e3o efetiva [&hellip;]<\/p>\n","protected":false},"author":19,"featured_media":33881,"comment_status":"closed","ping_status":"closed","sticky":false,"template":"","format":"standard","meta":[],"categories":[64],"tags":[2363],"suno_strategy":[],"class_list":["post-61371","post","type-post","status-publish","format-standard","has-post-thumbnail","hentry","category-negocios","tag-yduqs-yduq3"],"yoast_head":"<!-- This site is optimized with the Yoast SEO plugin v24.4 - https:\/\/yoast.com\/wordpress\/plugins\/seo\/ -->\n<title>Yduqs (YDUQ3): Aquisi\u00e7\u00e3o da Adtalem \u00e9 aprovada pelo Cade<\/title>\n<meta name=\"description\" content=\"A Est\u00e1cio Participa\u00e7\u00f5es (Yduqs) afirmou que o Cade aprovou a aquisi\u00e7\u00e3o da Adtalem Global Education Inc no Brasil, por R$ 1,92 bilh\u00e3o.\" \/>\n<meta name=\"robots\" content=\"index, follow, max-snippet:-1, max-image-preview:large, max-video-preview:-1\" \/>\n<link rel=\"canonical\" href=\"https:\/\/www.suno.com.br\/noticias\/yduqs-yduq3-aquisicao-adtalem-cade\/\" \/>\n<meta property=\"og:locale\" content=\"pt_BR\" \/>\n<meta property=\"og:type\" content=\"article\" \/>\n<meta property=\"og:title\" content=\"Yduqs (YDUQ3): Aquisi\u00e7\u00e3o da Adtalem \u00e9 aprovada pelo Cade\" \/>\n<meta property=\"og:description\" content=\"A Est\u00e1cio Participa\u00e7\u00f5es (Yduqs) afirmou que o Cade aprovou a aquisi\u00e7\u00e3o da Adtalem Global Education Inc no Brasil, por R$ 1,92 bilh\u00e3o.\" \/>\n<meta property=\"og:url\" content=\"https:\/\/www.suno.com.br\/noticias\/yduqs-yduq3-aquisicao-adtalem-cade\/\" \/>\n<meta property=\"og:site_name\" content=\"Suno Not\u00edcias\" \/>\n<meta property=\"article:publisher\" content=\"https:\/\/facebook.com\/sunoresearch\" \/>\n<meta property=\"og:image\" content=\"https:\/\/files.sunoresearch.com.br\/n\/uploads\/2019\/08\/34feca2f-unidade-da-esta\u0301cio-em-vic\u0327osa-mg-instituic\u0327a\u0303o-carioca-chegou-a-600-polos-de-ead.jpg\" \/>\n\t<meta property=\"og:image:width\" content=\"1089\" \/>\n\t<meta property=\"og:image:height\" content=\"637\" \/>\n\t<meta property=\"og:image:type\" content=\"image\/jpeg\" \/>\n<meta name=\"author\" content=\"Juliano Passaro\" \/>\n<meta name=\"twitter:card\" content=\"summary_large_image\" \/>\n<meta name=\"twitter:creator\" content=\"@sunoresearch\" \/>\n<meta name=\"twitter:site\" content=\"@sunoresearch\" \/>\n<meta name=\"twitter:label1\" content=\"Escrito por\" \/>\n\t<meta name=\"twitter:data1\" content=\"Juliano Passaro\" \/>\n\t<meta name=\"twitter:label2\" content=\"Est. tempo de leitura\" \/>\n\t<meta name=\"twitter:data2\" content=\"2 minutos\" \/>\n<script type=\"application\/ld+json\" class=\"yoast-schema-graph\">{\"@context\":\"https:\/\/schema.org\",\"@graph\":[{\"@type\":\"NewsArticle\",\"@id\":\"https:\/\/www.suno.com.br\/noticias\/yduqs-yduq3-aquisicao-adtalem-cade\/#article\",\"isPartOf\":{\"@id\":\"https:\/\/www.suno.com.br\/noticias\/yduqs-yduq3-aquisicao-adtalem-cade\/\"},\"author\":{\"name\":\"Juliano Passaro\",\"@id\":\"https:\/\/www.suno.com.br\/noticias\/#\/schema\/person\/1db762f78ffd8919a648a63e425953e3\"},\"headline\":\"Aquisi\u00e7\u00e3o da Adtalem pela Yduqs (YDUQ3) \u00e9 aprovada pelo Cade\",\"datePublished\":\"2020-04-14T14:59:16+00:00\",\"dateModified\":\"2021-05-31T00:14:56+00:00\",\"mainEntityOfPage\":{\"@id\":\"https:\/\/www.suno.com.br\/noticias\/yduqs-yduq3-aquisicao-adtalem-cade\/\"},\"wordCount\":374,\"publisher\":{\"@id\":\"https:\/\/www.suno.com.br\/noticias\/#organization\"},\"image\":{\"@id\":\"https:\/\/www.suno.com.br\/noticias\/yduqs-yduq3-aquisicao-adtalem-cade\/#primaryimage\"},\"thumbnailUrl\":\"https:\/\/files.sunoresearch.com.br\/n\/uploads\/2019\/08\/34feca2f-unidade-da-esta\u0301cio-em-vic\u0327osa-mg-instituic\u0327a\u0303o-carioca-chegou-a-600-polos-de-ead-jpg.webp\",\"keywords\":[\"Yduqs (YDUQ3)\"],\"articleSection\":[\"Neg\u00f3cios\"],\"inLanguage\":\"pt-BR\"},{\"@type\":\"WebPage\",\"@id\":\"https:\/\/www.suno.com.br\/noticias\/yduqs-yduq3-aquisicao-adtalem-cade\/\",\"url\":\"https:\/\/www.suno.com.br\/noticias\/yduqs-yduq3-aquisicao-adtalem-cade\/\",\"name\":\"Yduqs (YDUQ3): Aquisi\u00e7\u00e3o da Adtalem \u00e9 aprovada pelo Cade\",\"isPartOf\":{\"@id\":\"https:\/\/www.suno.com.br\/noticias\/#website\"},\"primaryImageOfPage\":{\"@id\":\"https:\/\/www.suno.com.br\/noticias\/yduqs-yduq3-aquisicao-adtalem-cade\/#primaryimage\"},\"image\":{\"@id\":\"https:\/\/www.suno.com.br\/noticias\/yduqs-yduq3-aquisicao-adtalem-cade\/#primaryimage\"},\"thumbnailUrl\":\"https:\/\/files.sunoresearch.com.br\/n\/uploads\/2019\/08\/34feca2f-unidade-da-esta\u0301cio-em-vic\u0327osa-mg-instituic\u0327a\u0303o-carioca-chegou-a-600-polos-de-ead-jpg.webp\",\"datePublished\":\"2020-04-14T14:59:16+00:00\",\"dateModified\":\"2021-05-31T00:14:56+00:00\",\"description\":\"A Est\u00e1cio Participa\u00e7\u00f5es (Yduqs) afirmou que o Cade aprovou a aquisi\u00e7\u00e3o da Adtalem Global Education Inc no Brasil, por R$ 1,92 bilh\u00e3o.\",\"breadcrumb\":{\"@id\":\"https:\/\/www.suno.com.br\/noticias\/yduqs-yduq3-aquisicao-adtalem-cade\/#breadcrumb\"},\"inLanguage\":\"pt-BR\",\"potentialAction\":[{\"@type\":\"ReadAction\",\"target\":[\"https:\/\/www.suno.com.br\/noticias\/yduqs-yduq3-aquisicao-adtalem-cade\/\"]}]},{\"@type\":\"ImageObject\",\"inLanguage\":\"pt-BR\",\"@id\":\"https:\/\/www.suno.com.br\/noticias\/yduqs-yduq3-aquisicao-adtalem-cade\/#primaryimage\",\"url\":\"https:\/\/files.sunoresearch.com.br\/n\/uploads\/2019\/08\/34feca2f-unidade-da-esta\u0301cio-em-vic\u0327osa-mg-instituic\u0327a\u0303o-carioca-chegou-a-600-polos-de-ead-jpg.webp\",\"contentUrl\":\"https:\/\/files.sunoresearch.com.br\/n\/uploads\/2019\/08\/34feca2f-unidade-da-esta\u0301cio-em-vic\u0327osa-mg-instituic\u0327a\u0303o-carioca-chegou-a-600-polos-de-ead-jpg.webp\",\"width\":1089,\"height\":637,\"caption\":\"Yduqs - Est\u00e1cio\"},{\"@type\":\"BreadcrumbList\",\"@id\":\"https:\/\/www.suno.com.br\/noticias\/yduqs-yduq3-aquisicao-adtalem-cade\/#breadcrumb\",\"itemListElement\":[{\"@type\":\"ListItem\",\"position\":1,\"name\":\"Not\u00edcias\",\"item\":\"https:\/\/www.suno.com.br\/noticias\/\"},{\"@type\":\"ListItem\",\"position\":2,\"name\":\"Neg\u00f3cios\",\"item\":\"https:\/\/www.suno.com.br\/noticias\/negocios\/\"},{\"@type\":\"ListItem\",\"position\":3,\"name\":\"Aquisi\u00e7\u00e3o da Adtalem pela Yduqs (YDUQ3) \u00e9 aprovada pelo Cade\"}]},{\"@type\":\"WebSite\",\"@id\":\"https:\/\/www.suno.com.br\/noticias\/#website\",\"url\":\"https:\/\/www.suno.com.br\/noticias\/\",\"name\":\"Suno Not\u00edcias\",\"description\":\"Seu portal de informa\u00e7\u00e3o sobre o mundo dos investimentos\",\"publisher\":{\"@id\":\"https:\/\/www.suno.com.br\/noticias\/#organization\"},\"potentialAction\":[{\"@type\":\"SearchAction\",\"target\":{\"@type\":\"EntryPoint\",\"urlTemplate\":\"https:\/\/www.suno.com.br\/noticias\/?s={search_term_string}\"},\"query-input\":{\"@type\":\"PropertyValueSpecification\",\"valueRequired\":true,\"valueName\":\"search_term_string\"}}],\"inLanguage\":\"pt-BR\"},{\"@type\":\"Organization\",\"@id\":\"https:\/\/www.suno.com.br\/noticias\/#organization\",\"name\":\"Suno Not\u00edcias\",\"url\":\"https:\/\/www.suno.com.br\/noticias\/\",\"logo\":{\"@type\":\"ImageObject\",\"inLanguage\":\"pt-BR\",\"@id\":\"https:\/\/www.suno.com.br\/noticias\/#\/schema\/logo\/image\/\",\"url\":\"https:\/\/files.sunoresearch.com.br\/n\/uploads\/2021\/09\/suno-logo.png\",\"contentUrl\":\"https:\/\/files.sunoresearch.com.br\/n\/uploads\/2021\/09\/suno-logo.png\",\"width\":180,\"height\":180,\"caption\":\"Suno Not\u00edcias\"},\"image\":{\"@id\":\"https:\/\/www.suno.com.br\/noticias\/#\/schema\/logo\/image\/\"},\"sameAs\":[\"https:\/\/facebook.com\/sunoresearch\",\"https:\/\/x.com\/sunoresearch\",\"https:\/\/www.instagram.com\/suno\",\"https:\/\/www.linkedin.com\/company\/suno-research\/\",\"https:\/\/www.youtube.com\/c\/sunoresearch\"]},{\"@type\":\"Person\",\"@id\":\"https:\/\/www.suno.com.br\/noticias\/#\/schema\/person\/1db762f78ffd8919a648a63e425953e3\",\"name\":\"Juliano Passaro\",\"image\":{\"@type\":\"ImageObject\",\"inLanguage\":\"pt-BR\",\"@id\":\"https:\/\/www.suno.com.br\/noticias\/#\/schema\/person\/image\/\",\"url\":\"https:\/\/secure.gravatar.com\/avatar\/743d4df28eebf6dcc46b4ad03c319e92?s=96&r=g\",\"contentUrl\":\"https:\/\/secure.gravatar.com\/avatar\/743d4df28eebf6dcc46b4ad03c319e92?s=96&r=g\",\"caption\":\"Juliano Passaro\"},\"description\":\"Juliano Passaro escreve sobre pol\u00edtica, economia e neg\u00f3cios para o portal da Suno Research. Antes da Suno, trabalhou no Portal da Band. \u00c9 formado em jornalismo pela Universidade Presbiteriana Mackenzie.\",\"url\":\"https:\/\/www.suno.com.br\/noticias\/author\/juliano\/\"}]}<\/script>\n<!-- \/ Yoast SEO plugin. -->","yoast_head_json":{"title":"Yduqs (YDUQ3): Aquisi\u00e7\u00e3o da Adtalem \u00e9 aprovada pelo Cade","description":"A Est\u00e1cio Participa\u00e7\u00f5es (Yduqs) afirmou que o Cade aprovou a aquisi\u00e7\u00e3o da Adtalem Global Education Inc no Brasil, por R$ 1,92 bilh\u00e3o.","robots":{"index":"index","follow":"follow","max-snippet":"max-snippet:-1","max-image-preview":"max-image-preview:large","max-video-preview":"max-video-preview:-1"},"canonical":"https:\/\/www.suno.com.br\/noticias\/yduqs-yduq3-aquisicao-adtalem-cade\/","og_locale":"pt_BR","og_type":"article","og_title":"Yduqs (YDUQ3): Aquisi\u00e7\u00e3o da Adtalem \u00e9 aprovada pelo Cade","og_description":"A Est\u00e1cio Participa\u00e7\u00f5es (Yduqs) afirmou que o Cade aprovou a aquisi\u00e7\u00e3o da Adtalem Global Education Inc no Brasil, por R$ 1,92 bilh\u00e3o.","og_url":"https:\/\/www.suno.com.br\/noticias\/yduqs-yduq3-aquisicao-adtalem-cade\/","og_site_name":"Suno Not\u00edcias","article_publisher":"https:\/\/facebook.com\/sunoresearch","og_image":[{"width":1089,"height":637,"url":"https:\/\/files.sunoresearch.com.br\/n\/uploads\/2019\/08\/34feca2f-unidade-da-esta\u0301cio-em-vic\u0327osa-mg-instituic\u0327a\u0303o-carioca-chegou-a-600-polos-de-ead.jpg","type":"image\/jpeg"}],"author":"Juliano Passaro","twitter_card":"summary_large_image","twitter_creator":"@sunoresearch","twitter_site":"@sunoresearch","twitter_misc":{"Escrito por":"Juliano Passaro","Est. tempo de leitura":"2 minutos"},"schema":{"@context":"https:\/\/schema.org","@graph":[{"@type":"NewsArticle","@id":"https:\/\/www.suno.com.br\/noticias\/yduqs-yduq3-aquisicao-adtalem-cade\/#article","isPartOf":{"@id":"https:\/\/www.suno.com.br\/noticias\/yduqs-yduq3-aquisicao-adtalem-cade\/"},"author":{"name":"Juliano Passaro","@id":"https:\/\/www.suno.com.br\/noticias\/#\/schema\/person\/1db762f78ffd8919a648a63e425953e3"},"headline":"Aquisi\u00e7\u00e3o da Adtalem pela Yduqs (YDUQ3) \u00e9 aprovada pelo Cade","datePublished":"2020-04-14T14:59:16+00:00","dateModified":"2021-05-31T00:14:56+00:00","mainEntityOfPage":{"@id":"https:\/\/www.suno.com.br\/noticias\/yduqs-yduq3-aquisicao-adtalem-cade\/"},"wordCount":374,"publisher":{"@id":"https:\/\/www.suno.com.br\/noticias\/#organization"},"image":{"@id":"https:\/\/www.suno.com.br\/noticias\/yduqs-yduq3-aquisicao-adtalem-cade\/#primaryimage"},"thumbnailUrl":"https:\/\/files.sunoresearch.com.br\/n\/uploads\/2019\/08\/34feca2f-unidade-da-esta\u0301cio-em-vic\u0327osa-mg-instituic\u0327a\u0303o-carioca-chegou-a-600-polos-de-ead-jpg.webp","keywords":["Yduqs (YDUQ3)"],"articleSection":["Neg\u00f3cios"],"inLanguage":"pt-BR"},{"@type":"WebPage","@id":"https:\/\/www.suno.com.br\/noticias\/yduqs-yduq3-aquisicao-adtalem-cade\/","url":"https:\/\/www.suno.com.br\/noticias\/yduqs-yduq3-aquisicao-adtalem-cade\/","name":"Yduqs (YDUQ3): Aquisi\u00e7\u00e3o da Adtalem \u00e9 aprovada pelo Cade","isPartOf":{"@id":"https:\/\/www.suno.com.br\/noticias\/#website"},"primaryImageOfPage":{"@id":"https:\/\/www.suno.com.br\/noticias\/yduqs-yduq3-aquisicao-adtalem-cade\/#primaryimage"},"image":{"@id":"https:\/\/www.suno.com.br\/noticias\/yduqs-yduq3-aquisicao-adtalem-cade\/#primaryimage"},"thumbnailUrl":"https:\/\/files.sunoresearch.com.br\/n\/uploads\/2019\/08\/34feca2f-unidade-da-esta\u0301cio-em-vic\u0327osa-mg-instituic\u0327a\u0303o-carioca-chegou-a-600-polos-de-ead-jpg.webp","datePublished":"2020-04-14T14:59:16+00:00","dateModified":"2021-05-31T00:14:56+00:00","description":"A Est\u00e1cio Participa\u00e7\u00f5es (Yduqs) afirmou que o Cade aprovou a aquisi\u00e7\u00e3o da Adtalem Global Education Inc no Brasil, por R$ 1,92 bilh\u00e3o.","breadcrumb":{"@id":"https:\/\/www.suno.com.br\/noticias\/yduqs-yduq3-aquisicao-adtalem-cade\/#breadcrumb"},"inLanguage":"pt-BR","potentialAction":[{"@type":"ReadAction","target":["https:\/\/www.suno.com.br\/noticias\/yduqs-yduq3-aquisicao-adtalem-cade\/"]}]},{"@type":"ImageObject","inLanguage":"pt-BR","@id":"https:\/\/www.suno.com.br\/noticias\/yduqs-yduq3-aquisicao-adtalem-cade\/#primaryimage","url":"https:\/\/files.sunoresearch.com.br\/n\/uploads\/2019\/08\/34feca2f-unidade-da-esta\u0301cio-em-vic\u0327osa-mg-instituic\u0327a\u0303o-carioca-chegou-a-600-polos-de-ead-jpg.webp","contentUrl":"https:\/\/files.sunoresearch.com.br\/n\/uploads\/2019\/08\/34feca2f-unidade-da-esta\u0301cio-em-vic\u0327osa-mg-instituic\u0327a\u0303o-carioca-chegou-a-600-polos-de-ead-jpg.webp","width":1089,"height":637,"caption":"Yduqs - Est\u00e1cio"},{"@type":"BreadcrumbList","@id":"https:\/\/www.suno.com.br\/noticias\/yduqs-yduq3-aquisicao-adtalem-cade\/#breadcrumb","itemListElement":[{"@type":"ListItem","position":1,"name":"Not\u00edcias","item":"https:\/\/www.suno.com.br\/noticias\/"},{"@type":"ListItem","position":2,"name":"Neg\u00f3cios","item":"https:\/\/www.suno.com.br\/noticias\/negocios\/"},{"@type":"ListItem","position":3,"name":"Aquisi\u00e7\u00e3o da Adtalem pela Yduqs (YDUQ3) \u00e9 aprovada pelo Cade"}]},{"@type":"WebSite","@id":"https:\/\/www.suno.com.br\/noticias\/#website","url":"https:\/\/www.suno.com.br\/noticias\/","name":"Suno Not\u00edcias","description":"Seu portal de informa\u00e7\u00e3o sobre o mundo dos investimentos","publisher":{"@id":"https:\/\/www.suno.com.br\/noticias\/#organization"},"potentialAction":[{"@type":"SearchAction","target":{"@type":"EntryPoint","urlTemplate":"https:\/\/www.suno.com.br\/noticias\/?s={search_term_string}"},"query-input":{"@type":"PropertyValueSpecification","valueRequired":true,"valueName":"search_term_string"}}],"inLanguage":"pt-BR"},{"@type":"Organization","@id":"https:\/\/www.suno.com.br\/noticias\/#organization","name":"Suno Not\u00edcias","url":"https:\/\/www.suno.com.br\/noticias\/","logo":{"@type":"ImageObject","inLanguage":"pt-BR","@id":"https:\/\/www.suno.com.br\/noticias\/#\/schema\/logo\/image\/","url":"https:\/\/files.sunoresearch.com.br\/n\/uploads\/2021\/09\/suno-logo.png","contentUrl":"https:\/\/files.sunoresearch.com.br\/n\/uploads\/2021\/09\/suno-logo.png","width":180,"height":180,"caption":"Suno Not\u00edcias"},"image":{"@id":"https:\/\/www.suno.com.br\/noticias\/#\/schema\/logo\/image\/"},"sameAs":["https:\/\/facebook.com\/sunoresearch","https:\/\/x.com\/sunoresearch","https:\/\/www.instagram.com\/suno","https:\/\/www.linkedin.com\/company\/suno-research\/","https:\/\/www.youtube.com\/c\/sunoresearch"]},{"@type":"Person","@id":"https:\/\/www.suno.com.br\/noticias\/#\/schema\/person\/1db762f78ffd8919a648a63e425953e3","name":"Juliano Passaro","image":{"@type":"ImageObject","inLanguage":"pt-BR","@id":"https:\/\/www.suno.com.br\/noticias\/#\/schema\/person\/image\/","url":"https:\/\/secure.gravatar.com\/avatar\/743d4df28eebf6dcc46b4ad03c319e92?s=96&r=g","contentUrl":"https:\/\/secure.gravatar.com\/avatar\/743d4df28eebf6dcc46b4ad03c319e92?s=96&r=g","caption":"Juliano Passaro"},"description":"Juliano Passaro escreve sobre pol\u00edtica, economia e neg\u00f3cios para o portal da Suno Research. Antes da Suno, trabalhou no Portal da Band. \u00c9 formado em jornalismo pela Universidade Presbiteriana Mackenzie.","url":"https:\/\/www.suno.com.br\/noticias\/author\/juliano\/"}]}},"default_loop_html":"<div class=\"cardsPage__listCard__boxs\"><div class=\"cardsPage__listCard__boxs__img\"><a href=\"https:\/\/www.suno.com.br\/noticias\/yduqs-yduq3-aquisicao-adtalem-cade\/\"><img class=\"mask\" src=\"https:\/\/www.suno.com.br\/noticias\/wp-content\/themes\/suno\/resources\/images\/spotlight\/spotlight1img\/bg-mask.png\" alt=\"Image Mask\"\/><img src=\"https:\/\/files.sunoresearch.com.br\/n\/uploads\/2019\/08\/34feca2f-unidade-da-esta\u0301cio-em-vic\u0327osa-mg-instituic\u0327a\u0303o-carioca-chegou-a-600-polos-de-ead-400x200.webp\" alt=\"Aquisi\u00e7\u00e3o da Adtalem pela Yduqs (YDUQ3) \u00e9 aprovada pelo Cade\"\/><\/a><span class=\"spotlightCategory\"><a href=\"https:\/\/www.suno.com.br\/noticias\/negocios\/\">Neg\u00f3cios<\/a><\/span><\/div><div class=\"cardsPage__listCard__boxs__content\"><a href=\"https:\/\/www.suno.com.br\/noticias\/yduqs-yduq3-aquisicao-adtalem-cade\/\"><h2 class=\"content__title\">Aquisi\u00e7\u00e3o da Adtalem pela Yduqs (YDUQ3) \u00e9 aprovada pelo Cade<\/h2><\/a><div class=\"newsContent__article__meta\"><div class=\"newsContent__article__meta__authorBox\"><a href=\"https:\/\/www.suno.com.br\/noticias\/author\/juliano\/\" class=\"authorBox__avatar noMobi\"><img src=\"https:\/\/files.sunoresearch.com.br\/n\/uploads\/2019\/06\/7cc3efea-whatsapp-image-2019-07-18-at-21.59.33-e1563499821209-150x150.webp\" alt=\"Juliano Passaro\"><\/a><div class=\"authorBox__name\"><span>por\n\t\t\t<a href=\"https:\/\/www.suno.com.br\/noticias\/author\/juliano\/\"><span itemprop=\"author\">Juliano Passaro<\/span><\/a><\/span><time datetime=\"2020-04-14T11:59:16-03:00\" itemprop=\"datePublished\">14\/04\/2020 11:59<\/time><\/div><\/div><\/div><\/div><\/div>","single_layout":"posts","amp_enabled":true,"_links":{"self":[{"href":"https:\/\/www.suno.com.br\/noticias\/wp-json\/wp\/v2\/posts\/61371"}],"collection":[{"href":"https:\/\/www.suno.com.br\/noticias\/wp-json\/wp\/v2\/posts"}],"about":[{"href":"https:\/\/www.suno.com.br\/noticias\/wp-json\/wp\/v2\/types\/post"}],"author":[{"embeddable":true,"href":"https:\/\/www.suno.com.br\/noticias\/wp-json\/wp\/v2\/users\/19"}],"replies":[{"embeddable":true,"href":"https:\/\/www.suno.com.br\/noticias\/wp-json\/wp\/v2\/comments?post=61371"}],"version-history":[{"count":1,"href":"https:\/\/www.suno.com.br\/noticias\/wp-json\/wp\/v2\/posts\/61371\/revisions"}],"predecessor-version":[{"id":152621,"href":"https:\/\/www.suno.com.br\/noticias\/wp-json\/wp\/v2\/posts\/61371\/revisions\/152621"}],"wp:featuredmedia":[{"embeddable":true,"href":"https:\/\/www.suno.com.br\/noticias\/wp-json\/wp\/v2\/media\/33881"}],"wp:attachment":[{"href":"https:\/\/www.suno.com.br\/noticias\/wp-json\/wp\/v2\/media?parent=61371"}],"wp:term":[{"taxonomy":"category","embeddable":true,"href":"https:\/\/www.suno.com.br\/noticias\/wp-json\/wp\/v2\/categories?post=61371"},{"taxonomy":"post_tag","embeddable":true,"href":"https:\/\/www.suno.com.br\/noticias\/wp-json\/wp\/v2\/tags?post=61371"},{"taxonomy":"suno_strategy","embeddable":true,"href":"https:\/\/www.suno.com.br\/noticias\/wp-json\/wp\/v2\/suno_strategy?post=61371"}],"curies":[{"name":"wp","href":"https:\/\/api.w.org\/{rel}","templated":true}]}}