{"id":613455,"date":"2025-07-10T18:34:23","date_gmt":"2025-07-10T21:34:23","guid":{"rendered":"https:\/\/www.suno.com.br\/noticias\/?p=613455"},"modified":"2025-07-10T18:34:26","modified_gmt":"2025-07-10T21:34:26","slug":"tarifas-eua-setores-prejudicados-mt","status":"publish","type":"post","link":"https:\/\/www.suno.com.br\/noticias\/tarifas-eua-setores-prejudicados-mt\/","title":{"rendered":"Quem perde mais com as tarifas de Trump? BTG revela setores em alerta no Brasil"},"content":{"rendered":"<p>O an\u00fancio de <strong>tarifas<\/strong> de 50% sobre produtos brasileiros feito pelo governo dos Estados Unidos pode n\u00e3o abalar o PIB nacional de forma generalizada, mas traz riscos significativos para setores espec\u00edficos da economia. \u00c9 o que aponta o relat\u00f3rio \u201cEstrat\u00e9gia Brasil\u201d, publicado pelo BTG Pactual nesta quinta-feira (10).<\/p>\t<div class=\"wrapper-featured-image\">\n\t\t<figure class=\"spotlightImg\">\n\n\t\t\t<picture>\n\t\t\t\t<source media=\"(max-width: 768px)\" srcset=\"https:\/\/files.sunoresearch.com.br\/n\/uploads\/2019\/01\/cropped-c25c7004-producao-celulose-400x200.jpg\">\n\t\t\t\t<img loading=\"lazy\" decoding=\"async\" class=\"newsContent__article__imgCapa lazyloadDisabled \" src=\"https:\/\/files.sunoresearch.com.br\/n\/uploads\/2019\/01\/cropped-c25c7004-producao-celulose.jpg\" width=\"800\" height=\"450\" alt=\"Quem perde mais com as tarifas de Trump? BTG revela setores em alerta no Brasil\" fetchpriority=high \/>\n\t\t\t<\/picture>\n\n\t\t\t<figcaption class=\"wp-caption-text wp-caption-text--show\">Suzano e Embraer lideram lista de setores mais afetados com tarifas, diz BTG\nFoto: Amanda Oliveira\/GOVBA<\/figcaption>\n\t\t<\/figure>\n\t<\/div>\n\n\n\n\n\n\t<p>\n\t\t<a href=\"\" target=\"_blank\" data-element=\"shortcode-suno-banner\" title=\"Banner SUNO, clique e saiba mais\">\n\t\t\t<picture>\n\t\t\t\t<source media=\"(max-width: 500px)\" srcset=\"\">\n\t\t\t\t<img class=\"newsContent__article__imgCapa newsContent__article__imgCapa--banner\"\n\t\t\t\t\tsrc=\"\"\n\t\t\t\t\tdata-promo-id=\"526845\"\t\t\t\t\t\t\t\t\t\t\t\t\t\t\talt=\"\"\n\t\t\t\t>\n\t\t\t<\/picture>\n\t\t<\/a>\n\t<\/p>\n\n\n\n\n\n<p>Assinado pelos analistas Carlos Sequeira, Leonardo Correa, Iana Ferr\u00e3o, Antonio Junqueira, Luiza Paparounis, Osni Carfi, Tcha Chan, Bruno Henriques, Lucas Marquiori, Luiz Carvalho e Thiago Duarte, o documento destaca que o impacto macroecon\u00f4mico deve ser \u201climitado\u201d, mas alerta que \u201ccertos setores ou produtos podem ser afetados de forma desproporcional\u201d.<\/p>\n\n\n\n<p>Segundo o BTG, entre os segmentos mais vulner\u00e1veis est\u00e3o o de <strong>celulose<\/strong>, com destaque para a Suzano, o de <strong>bens de capital e transporte<\/strong>, especialmente a Embraer, al\u00e9m de partes do setor <strong>qu\u00edmico e petroqu\u00edmico<\/strong>.<\/p>\n\n\n\n<p>\u201cA capacidade da empresa de redirecionar esses volumes \u00e9 o principal desafio, dada a demanda global ainda fraca\u201d, escreveram os analistas sobre a Suzano, cuja receita da Am\u00e9rica do Norte representa cerca de 19% do total. J\u00e1 a Klabin, com menos de 5% da receita vinda dos EUA, deve sofrer impacto m\u00ednimo.<\/p>\n\n\n\n<p>No caso da <strong>Embraer<\/strong>, o cen\u00e1rio \u00e9 mais sens\u00edvel. \u201cSe a <strong>tarifa<\/strong> adicional de 50% sobre a produ\u00e7\u00e3o brasileira for de fato implementada, isso ser\u00e1, inevitavelmente, uma m\u00e1 not\u00edcia para a Embraer, cuja exposi\u00e7\u00e3o \u00e0 regi\u00e3o \u00e9 significativa\u201d, diz o BTG. Os EUA representam 60% das vendas da companhia, especialmente na avia\u00e7\u00e3o executiva com os jatos Praetor, montados no Brasil.<\/p>\n\n\n\n<p>O setor <strong>petroqu\u00edmico<\/strong>, segundo os analistas liderados por Luiz Carvalho, tamb\u00e9m tende a ser penalizado. O BTG destaca o d\u00e9ficit da <a class=\"suno-keyword\" target=\"_blank\" data-force=\"no\" data-priority=\"2\" href=\"https:\/\/www.suno.com.br\/artigos\/balanca-comercial\/\" rel=\"noopener\">balan\u00e7a comercial<\/a> do Brasil nesse segmento, o que pode tornar a situa\u00e7\u00e3o mais delicada frente \u00e0 nova <strong>tarifa\u00e7\u00e3o<\/strong>.<\/p>\n\n\n\n<p>Ainda entre os produtos afetados, o relat\u00f3rio cita <strong>etanol<\/strong>, com cerca de 17,3% das exporta\u00e7\u00f5es brasileiras indo para os EUA, e <strong>caf\u00e9<\/strong>, com 16,7%. Embora menos relevantes no total do com\u00e9rcio exterior, s\u00e3o nichos com impacto concentrado.<\/p>\n\n\n\n<p>Entre os setores de <strong>materiais b\u00e1sicos<\/strong>, os impactos s\u00e3o variados. O BTG avalia que empresas como Usiminas, CSN e CBA t\u00eam exposi\u00e7\u00e3o limitada, enquanto a Gerdau \u00e9 vista como \u201cvencedora relativa\u201d, por ter mais de 50% do EBITDA gerado nos EUA sem depender de exporta\u00e7\u00f5es.<\/p>\n\n\n\n<p>No setor de <strong>alimentos e agroneg\u00f3cio<\/strong>, os efeitos s\u00e3o considerados menores. \u201cApesar do aumento expressivo das <strong>tarifas<\/strong> sobre produtos brasileiros nos EUA, acreditamos que o impacto nas empresas sob nossa cobertura deve ser relativamente limitado\u201d, diz o relat\u00f3rio. Marfrig e Minerva t\u00eam entre 2% e 5% da receita atrelada aos EUA, e JBS e BRF praticamente n\u00e3o t\u00eam exposi\u00e7\u00e3o direta.<\/p>\n\n\n\n<p>Embora os EUA sejam o destino de cerca de 13% das exporta\u00e7\u00f5es brasileiras de \u00f3leo e combust\u00edveis, o BTG considera que a natureza l\u00edquida global do petr\u00f3leo e a log\u00edstica nacional permitem redirecionar os volumes para outros mercados, como China e Europa. Para a Petrobras, que destinou apenas 4% de suas exporta\u00e7\u00f5es de petr\u00f3leo ao mercado americano no 1T25, o impacto \u00e9 considerado m\u00ednimo.<\/p>\n\n\n\n<p>A leitura do BTG \u00e9 de que as empresas mais prejudicadas ser\u00e3o aquelas com alta exposi\u00e7\u00e3o ao mercado americano e menos flexibilidade para adaptar suas opera\u00e7\u00f5es diante das novas <strong>tarifas<\/strong>.<\/p>\n\n\n\t<p>\n\t\t<a href=\"https:\/\/lp.suno.com.br\/asset\/fundos\/suno-fiagro-snag11\/\" target=\"_blank\" data-element=\"shortcode-suno-banner\" title=\"Banner SUNO, clique e saiba mais\">\n\t\t\t<picture>\n\t\t\t\t<source media=\"(max-width: 500px)\" srcset=\"https:\/\/files.sunoresearch.com.br\/n\/uploads\/2024\/03\/400x300-Mobile-Artigos-1_SNAG.png\">\n\t\t\t\t<img class=\"newsContent__article__imgCapa newsContent__article__imgCapa--banner\"\n\t\t\t\t\tsrc=\"https:\/\/files.sunoresearch.com.br\/n\/uploads\/2024\/03\/1420x240-Banner-Artigos-1-_-Banner-Materias-1_SNAG.png\"\n\t\t\t\t\tdata-promo-id=\"364416\"\t\t\t\t\t\t\t\t\t\twidth='1420' height='240'\t\t\t\t\talt=\"https:\/\/files.sunoresearch.com.br\/n\/uploads\/2024\/03\/1420x240-Banner-Artigos-1-_-Banner-Materias-1_SNAG.png\"\n\t\t\t\t>\n\t\t\t<\/picture>\n\t\t<\/a>\n\t<\/p>\n\n\n","protected":false},"excerpt":{"rendered":"<p>O an\u00fancio de tarifas de 50% sobre produtos brasileiros feito pelo governo dos Estados Unidos pode n\u00e3o abalar o PIB nacional de forma generalizada, mas traz riscos significativos para setores espec\u00edficos da economia. \u00c9 o que aponta o relat\u00f3rio \u201cEstrat\u00e9gia Brasil\u201d, publicado pelo BTG Pactual nesta quinta-feira (10). Suzano e Embraer lideram lista de setores [&hellip;]<\/p>\n","protected":false},"author":402,"featured_media":328203,"comment_status":"closed","ping_status":"closed","sticky":false,"template":"","format":"standard","meta":[],"categories":[60],"tags":[399,460,648],"suno_strategy":[],"class_list":["post-613455","post","type-post","status-publish","format-standard","has-post-thumbnail","hentry","category-mercado","tag-btg-pactual-bpac11-bpac3-bpac5","tag-embraer-embr3","tag-suzano-suzb3"],"yoast_head":"<!-- This site is optimized with the Yoast SEO plugin v24.4 - https:\/\/yoast.com\/wordpress\/plugins\/seo\/ -->\n<title>Tarifas dos EUA: BTG revela setores mais prejudicados<\/title>\n<meta name=\"description\" content=\"Suzano, Embraer e petroqu\u00edmicas est\u00e3o entre os setores mais prejudicados pelas tarifas dos EUA, segundo relat\u00f3rio do BTG Pactual.\" \/>\n<meta name=\"robots\" content=\"index, follow, max-snippet:-1, max-image-preview:large, max-video-preview:-1\" \/>\n<link rel=\"canonical\" href=\"https:\/\/www.suno.com.br\/noticias\/tarifas-eua-setores-prejudicados-mt\/\" \/>\n<meta property=\"og:locale\" content=\"pt_BR\" \/>\n<meta property=\"og:type\" content=\"article\" \/>\n<meta property=\"og:title\" content=\"Tarifas dos EUA: BTG revela setores mais prejudicados\" \/>\n<meta property=\"og:description\" content=\"Suzano, Embraer e petroqu\u00edmicas est\u00e3o entre os setores mais prejudicados pelas tarifas dos EUA, segundo relat\u00f3rio do BTG Pactual.\" \/>\n<meta property=\"og:url\" content=\"https:\/\/www.suno.com.br\/noticias\/tarifas-eua-setores-prejudicados-mt\/\" \/>\n<meta property=\"og:site_name\" content=\"Suno Not\u00edcias\" \/>\n<meta property=\"article:publisher\" content=\"https:\/\/facebook.com\/sunoresearch\" \/>\n<meta property=\"og:image\" content=\"https:\/\/files.sunoresearch.com.br\/n\/uploads\/2019\/01\/cropped-c25c7004-producao-celulose.jpg\" \/>\n\t<meta property=\"og:image:width\" content=\"640\" \/>\n\t<meta property=\"og:image:height\" content=\"853\" \/>\n\t<meta property=\"og:image:type\" content=\"image\/jpeg\" \/>\n<meta name=\"author\" content=\"Ma\u00edra Telles\" \/>\n<meta name=\"twitter:card\" content=\"summary_large_image\" \/>\n<meta name=\"twitter:creator\" content=\"@sunoresearch\" \/>\n<meta name=\"twitter:site\" content=\"@sunoresearch\" \/>\n<meta name=\"twitter:label1\" content=\"Escrito por\" \/>\n\t<meta name=\"twitter:data1\" content=\"Ma\u00edra Telles\" \/>\n\t<meta name=\"twitter:label2\" content=\"Est. tempo de leitura\" \/>\n\t<meta name=\"twitter:data2\" content=\"4 minutos\" \/>\n<script type=\"application\/ld+json\" class=\"yoast-schema-graph\">{\"@context\":\"https:\/\/schema.org\",\"@graph\":[{\"@type\":\"NewsArticle\",\"@id\":\"https:\/\/www.suno.com.br\/noticias\/tarifas-eua-setores-prejudicados-mt\/#article\",\"isPartOf\":{\"@id\":\"https:\/\/www.suno.com.br\/noticias\/tarifas-eua-setores-prejudicados-mt\/\"},\"author\":{\"name\":\"Ma\u00edra Telles\",\"@id\":\"https:\/\/www.suno.com.br\/noticias\/#\/schema\/person\/0a8b51292bb96ee5f104094c0907eaef\"},\"headline\":\"Quem perde mais com as tarifas de Trump? BTG revela setores em alerta no Brasil\",\"datePublished\":\"2025-07-10T21:34:23+00:00\",\"dateModified\":\"2025-07-10T21:34:26+00:00\",\"mainEntityOfPage\":{\"@id\":\"https:\/\/www.suno.com.br\/noticias\/tarifas-eua-setores-prejudicados-mt\/\"},\"wordCount\":572,\"publisher\":{\"@id\":\"https:\/\/www.suno.com.br\/noticias\/#organization\"},\"image\":{\"@id\":\"https:\/\/www.suno.com.br\/noticias\/tarifas-eua-setores-prejudicados-mt\/#primaryimage\"},\"thumbnailUrl\":\"https:\/\/files.sunoresearch.com.br\/n\/uploads\/2019\/01\/cropped-c25c7004-producao-celulose.jpg\",\"keywords\":[\"BTG Pactual (BPAC11\/BPAC3\/BPAC5)\",\"Embraer (EMBR3)\",\"Suzano (SUZB3)\"],\"articleSection\":[\"Mercado\"],\"inLanguage\":\"pt-BR\"},{\"@type\":\"WebPage\",\"@id\":\"https:\/\/www.suno.com.br\/noticias\/tarifas-eua-setores-prejudicados-mt\/\",\"url\":\"https:\/\/www.suno.com.br\/noticias\/tarifas-eua-setores-prejudicados-mt\/\",\"name\":\"Tarifas dos EUA: BTG revela setores mais prejudicados\",\"isPartOf\":{\"@id\":\"https:\/\/www.suno.com.br\/noticias\/#website\"},\"primaryImageOfPage\":{\"@id\":\"https:\/\/www.suno.com.br\/noticias\/tarifas-eua-setores-prejudicados-mt\/#primaryimage\"},\"image\":{\"@id\":\"https:\/\/www.suno.com.br\/noticias\/tarifas-eua-setores-prejudicados-mt\/#primaryimage\"},\"thumbnailUrl\":\"https:\/\/files.sunoresearch.com.br\/n\/uploads\/2019\/01\/cropped-c25c7004-producao-celulose.jpg\",\"datePublished\":\"2025-07-10T21:34:23+00:00\",\"dateModified\":\"2025-07-10T21:34:26+00:00\",\"description\":\"Suzano, Embraer e petroqu\u00edmicas est\u00e3o entre os setores mais prejudicados pelas tarifas dos EUA, segundo relat\u00f3rio do BTG Pactual.\",\"breadcrumb\":{\"@id\":\"https:\/\/www.suno.com.br\/noticias\/tarifas-eua-setores-prejudicados-mt\/#breadcrumb\"},\"inLanguage\":\"pt-BR\",\"potentialAction\":[{\"@type\":\"ReadAction\",\"target\":[\"https:\/\/www.suno.com.br\/noticias\/tarifas-eua-setores-prejudicados-mt\/\"]}]},{\"@type\":\"ImageObject\",\"inLanguage\":\"pt-BR\",\"@id\":\"https:\/\/www.suno.com.br\/noticias\/tarifas-eua-setores-prejudicados-mt\/#primaryimage\",\"url\":\"https:\/\/files.sunoresearch.com.br\/n\/uploads\/2019\/01\/cropped-c25c7004-producao-celulose.jpg\",\"contentUrl\":\"https:\/\/files.sunoresearch.com.br\/n\/uploads\/2019\/01\/cropped-c25c7004-producao-celulose.jpg\",\"width\":640,\"height\":853,\"caption\":\"Suzano e Embraer lideram lista de setores mais afetados com tarifas, diz BTG Foto: Amanda Oliveira\/GOVBA\"},{\"@type\":\"BreadcrumbList\",\"@id\":\"https:\/\/www.suno.com.br\/noticias\/tarifas-eua-setores-prejudicados-mt\/#breadcrumb\",\"itemListElement\":[{\"@type\":\"ListItem\",\"position\":1,\"name\":\"Not\u00edcias\",\"item\":\"https:\/\/www.suno.com.br\/noticias\/\"},{\"@type\":\"ListItem\",\"position\":2,\"name\":\"Mercado\",\"item\":\"https:\/\/www.suno.com.br\/noticias\/mercado\/\"},{\"@type\":\"ListItem\",\"position\":3,\"name\":\"Quem perde mais com as tarifas de Trump? BTG revela setores em alerta no Brasil\"}]},{\"@type\":\"WebSite\",\"@id\":\"https:\/\/www.suno.com.br\/noticias\/#website\",\"url\":\"https:\/\/www.suno.com.br\/noticias\/\",\"name\":\"Suno Not\u00edcias\",\"description\":\"Seu portal de informa\u00e7\u00e3o sobre o mundo dos investimentos\",\"publisher\":{\"@id\":\"https:\/\/www.suno.com.br\/noticias\/#organization\"},\"potentialAction\":[{\"@type\":\"SearchAction\",\"target\":{\"@type\":\"EntryPoint\",\"urlTemplate\":\"https:\/\/www.suno.com.br\/noticias\/?s={search_term_string}\"},\"query-input\":{\"@type\":\"PropertyValueSpecification\",\"valueRequired\":true,\"valueName\":\"search_term_string\"}}],\"inLanguage\":\"pt-BR\"},{\"@type\":\"Organization\",\"@id\":\"https:\/\/www.suno.com.br\/noticias\/#organization\",\"name\":\"Suno Not\u00edcias\",\"url\":\"https:\/\/www.suno.com.br\/noticias\/\",\"logo\":{\"@type\":\"ImageObject\",\"inLanguage\":\"pt-BR\",\"@id\":\"https:\/\/www.suno.com.br\/noticias\/#\/schema\/logo\/image\/\",\"url\":\"https:\/\/files.sunoresearch.com.br\/n\/uploads\/2021\/09\/suno-logo.png\",\"contentUrl\":\"https:\/\/files.sunoresearch.com.br\/n\/uploads\/2021\/09\/suno-logo.png\",\"width\":180,\"height\":180,\"caption\":\"Suno Not\u00edcias\"},\"image\":{\"@id\":\"https:\/\/www.suno.com.br\/noticias\/#\/schema\/logo\/image\/\"},\"sameAs\":[\"https:\/\/facebook.com\/sunoresearch\",\"https:\/\/x.com\/sunoresearch\",\"https:\/\/www.instagram.com\/suno\",\"https:\/\/www.linkedin.com\/company\/suno-research\/\",\"https:\/\/www.youtube.com\/c\/sunoresearch\"]},{\"@type\":\"Person\",\"@id\":\"https:\/\/www.suno.com.br\/noticias\/#\/schema\/person\/0a8b51292bb96ee5f104094c0907eaef\",\"name\":\"Ma\u00edra Telles\",\"image\":{\"@type\":\"ImageObject\",\"inLanguage\":\"pt-BR\",\"@id\":\"https:\/\/www.suno.com.br\/noticias\/#\/schema\/person\/image\/\",\"url\":\"https:\/\/secure.gravatar.com\/avatar\/8d13691eab6abc1d1050b62a4c2a6116?s=96&r=g\",\"contentUrl\":\"https:\/\/secure.gravatar.com\/avatar\/8d13691eab6abc1d1050b62a4c2a6116?s=96&r=g\",\"caption\":\"Ma\u00edra Telles\"},\"description\":\"Jornalista com passagem por reda\u00e7\u00f5es como ESPN, especializa\u00e7\u00e3o em marketing digital e em gest\u00e3o de crise. Com foco no mercado financeiro e no setor agropecu\u00e1rio, desenvolve conte\u00fados estrat\u00e9gicos e especializados para m\u00faltiplas plataformas, unindo an\u00e1lise de investimentos e neg\u00f3cios\",\"url\":\"https:\/\/www.suno.com.br\/noticias\/author\/mairaftellesgmail-com\/\"}]}<\/script>\n<!-- \/ Yoast SEO plugin. -->","yoast_head_json":{"title":"Tarifas dos EUA: BTG revela setores mais prejudicados","description":"Suzano, Embraer e petroqu\u00edmicas est\u00e3o entre os setores mais prejudicados pelas tarifas dos EUA, segundo relat\u00f3rio do BTG Pactual.","robots":{"index":"index","follow":"follow","max-snippet":"max-snippet:-1","max-image-preview":"max-image-preview:large","max-video-preview":"max-video-preview:-1"},"canonical":"https:\/\/www.suno.com.br\/noticias\/tarifas-eua-setores-prejudicados-mt\/","og_locale":"pt_BR","og_type":"article","og_title":"Tarifas dos EUA: BTG revela setores mais prejudicados","og_description":"Suzano, Embraer e petroqu\u00edmicas est\u00e3o entre os setores mais prejudicados pelas tarifas dos EUA, segundo relat\u00f3rio do BTG Pactual.","og_url":"https:\/\/www.suno.com.br\/noticias\/tarifas-eua-setores-prejudicados-mt\/","og_site_name":"Suno Not\u00edcias","article_publisher":"https:\/\/facebook.com\/sunoresearch","og_image":[{"width":640,"height":853,"url":"https:\/\/files.sunoresearch.com.br\/n\/uploads\/2019\/01\/cropped-c25c7004-producao-celulose.jpg","type":"image\/jpeg"}],"author":"Ma\u00edra Telles","twitter_card":"summary_large_image","twitter_creator":"@sunoresearch","twitter_site":"@sunoresearch","twitter_misc":{"Escrito por":"Ma\u00edra Telles","Est. tempo de leitura":"4 minutos"},"schema":{"@context":"https:\/\/schema.org","@graph":[{"@type":"NewsArticle","@id":"https:\/\/www.suno.com.br\/noticias\/tarifas-eua-setores-prejudicados-mt\/#article","isPartOf":{"@id":"https:\/\/www.suno.com.br\/noticias\/tarifas-eua-setores-prejudicados-mt\/"},"author":{"name":"Ma\u00edra Telles","@id":"https:\/\/www.suno.com.br\/noticias\/#\/schema\/person\/0a8b51292bb96ee5f104094c0907eaef"},"headline":"Quem perde mais com as tarifas de Trump? BTG revela setores em alerta no Brasil","datePublished":"2025-07-10T21:34:23+00:00","dateModified":"2025-07-10T21:34:26+00:00","mainEntityOfPage":{"@id":"https:\/\/www.suno.com.br\/noticias\/tarifas-eua-setores-prejudicados-mt\/"},"wordCount":572,"publisher":{"@id":"https:\/\/www.suno.com.br\/noticias\/#organization"},"image":{"@id":"https:\/\/www.suno.com.br\/noticias\/tarifas-eua-setores-prejudicados-mt\/#primaryimage"},"thumbnailUrl":"https:\/\/files.sunoresearch.com.br\/n\/uploads\/2019\/01\/cropped-c25c7004-producao-celulose.jpg","keywords":["BTG Pactual (BPAC11\/BPAC3\/BPAC5)","Embraer (EMBR3)","Suzano (SUZB3)"],"articleSection":["Mercado"],"inLanguage":"pt-BR"},{"@type":"WebPage","@id":"https:\/\/www.suno.com.br\/noticias\/tarifas-eua-setores-prejudicados-mt\/","url":"https:\/\/www.suno.com.br\/noticias\/tarifas-eua-setores-prejudicados-mt\/","name":"Tarifas dos EUA: BTG revela setores mais prejudicados","isPartOf":{"@id":"https:\/\/www.suno.com.br\/noticias\/#website"},"primaryImageOfPage":{"@id":"https:\/\/www.suno.com.br\/noticias\/tarifas-eua-setores-prejudicados-mt\/#primaryimage"},"image":{"@id":"https:\/\/www.suno.com.br\/noticias\/tarifas-eua-setores-prejudicados-mt\/#primaryimage"},"thumbnailUrl":"https:\/\/files.sunoresearch.com.br\/n\/uploads\/2019\/01\/cropped-c25c7004-producao-celulose.jpg","datePublished":"2025-07-10T21:34:23+00:00","dateModified":"2025-07-10T21:34:26+00:00","description":"Suzano, Embraer e petroqu\u00edmicas est\u00e3o entre os setores mais prejudicados pelas tarifas dos EUA, segundo relat\u00f3rio do BTG Pactual.","breadcrumb":{"@id":"https:\/\/www.suno.com.br\/noticias\/tarifas-eua-setores-prejudicados-mt\/#breadcrumb"},"inLanguage":"pt-BR","potentialAction":[{"@type":"ReadAction","target":["https:\/\/www.suno.com.br\/noticias\/tarifas-eua-setores-prejudicados-mt\/"]}]},{"@type":"ImageObject","inLanguage":"pt-BR","@id":"https:\/\/www.suno.com.br\/noticias\/tarifas-eua-setores-prejudicados-mt\/#primaryimage","url":"https:\/\/files.sunoresearch.com.br\/n\/uploads\/2019\/01\/cropped-c25c7004-producao-celulose.jpg","contentUrl":"https:\/\/files.sunoresearch.com.br\/n\/uploads\/2019\/01\/cropped-c25c7004-producao-celulose.jpg","width":640,"height":853,"caption":"Suzano e Embraer lideram lista de setores mais afetados com tarifas, diz BTG Foto: Amanda Oliveira\/GOVBA"},{"@type":"BreadcrumbList","@id":"https:\/\/www.suno.com.br\/noticias\/tarifas-eua-setores-prejudicados-mt\/#breadcrumb","itemListElement":[{"@type":"ListItem","position":1,"name":"Not\u00edcias","item":"https:\/\/www.suno.com.br\/noticias\/"},{"@type":"ListItem","position":2,"name":"Mercado","item":"https:\/\/www.suno.com.br\/noticias\/mercado\/"},{"@type":"ListItem","position":3,"name":"Quem perde mais com as tarifas de Trump? BTG revela setores em alerta no Brasil"}]},{"@type":"WebSite","@id":"https:\/\/www.suno.com.br\/noticias\/#website","url":"https:\/\/www.suno.com.br\/noticias\/","name":"Suno Not\u00edcias","description":"Seu portal de informa\u00e7\u00e3o sobre o mundo dos investimentos","publisher":{"@id":"https:\/\/www.suno.com.br\/noticias\/#organization"},"potentialAction":[{"@type":"SearchAction","target":{"@type":"EntryPoint","urlTemplate":"https:\/\/www.suno.com.br\/noticias\/?s={search_term_string}"},"query-input":{"@type":"PropertyValueSpecification","valueRequired":true,"valueName":"search_term_string"}}],"inLanguage":"pt-BR"},{"@type":"Organization","@id":"https:\/\/www.suno.com.br\/noticias\/#organization","name":"Suno Not\u00edcias","url":"https:\/\/www.suno.com.br\/noticias\/","logo":{"@type":"ImageObject","inLanguage":"pt-BR","@id":"https:\/\/www.suno.com.br\/noticias\/#\/schema\/logo\/image\/","url":"https:\/\/files.sunoresearch.com.br\/n\/uploads\/2021\/09\/suno-logo.png","contentUrl":"https:\/\/files.sunoresearch.com.br\/n\/uploads\/2021\/09\/suno-logo.png","width":180,"height":180,"caption":"Suno Not\u00edcias"},"image":{"@id":"https:\/\/www.suno.com.br\/noticias\/#\/schema\/logo\/image\/"},"sameAs":["https:\/\/facebook.com\/sunoresearch","https:\/\/x.com\/sunoresearch","https:\/\/www.instagram.com\/suno","https:\/\/www.linkedin.com\/company\/suno-research\/","https:\/\/www.youtube.com\/c\/sunoresearch"]},{"@type":"Person","@id":"https:\/\/www.suno.com.br\/noticias\/#\/schema\/person\/0a8b51292bb96ee5f104094c0907eaef","name":"Ma\u00edra Telles","image":{"@type":"ImageObject","inLanguage":"pt-BR","@id":"https:\/\/www.suno.com.br\/noticias\/#\/schema\/person\/image\/","url":"https:\/\/secure.gravatar.com\/avatar\/8d13691eab6abc1d1050b62a4c2a6116?s=96&r=g","contentUrl":"https:\/\/secure.gravatar.com\/avatar\/8d13691eab6abc1d1050b62a4c2a6116?s=96&r=g","caption":"Ma\u00edra Telles"},"description":"Jornalista com passagem por reda\u00e7\u00f5es como ESPN, especializa\u00e7\u00e3o em marketing digital e em gest\u00e3o de crise. Com foco no mercado financeiro e no setor agropecu\u00e1rio, desenvolve conte\u00fados estrat\u00e9gicos e especializados para m\u00faltiplas plataformas, unindo an\u00e1lise de investimentos e neg\u00f3cios","url":"https:\/\/www.suno.com.br\/noticias\/author\/mairaftellesgmail-com\/"}]}},"default_loop_html":"<div class=\"cardsPage__listCard__boxs\"><div class=\"cardsPage__listCard__boxs__img\"><a href=\"https:\/\/www.suno.com.br\/noticias\/tarifas-eua-setores-prejudicados-mt\/\"><img class=\"mask\" src=\"https:\/\/www.suno.com.br\/noticias\/wp-content\/themes\/suno\/resources\/images\/spotlight\/spotlight1img\/bg-mask.png\" alt=\"Image Mask\"\/><img src=\"https:\/\/files.sunoresearch.com.br\/n\/uploads\/2019\/01\/cropped-c25c7004-producao-celulose-400x200.jpg\" alt=\"Quem perde mais com as tarifas de Trump? BTG revela setores em alerta no Brasil\"\/><\/a><span class=\"spotlightCategory\"><a href=\"https:\/\/www.suno.com.br\/noticias\/mercado\/\">Mercado<\/a><\/span><\/div><div class=\"cardsPage__listCard__boxs__content\"><a href=\"https:\/\/www.suno.com.br\/noticias\/tarifas-eua-setores-prejudicados-mt\/\"><h2 class=\"content__title\">Quem perde mais com as tarifas de Trump? BTG revela setores em alerta no Brasil<\/h2><\/a><div class=\"newsContent__article__meta\"><div class=\"newsContent__article__meta__authorBox\"><a href=\"https:\/\/www.suno.com.br\/noticias\/author\/mairaftellesgmail-com\/\" class=\"authorBox__avatar noMobi\"><img src=\"https:\/\/secure.gravatar.com\/avatar\/8d13691eab6abc1d1050b62a4c2a6116?s=96&#038;r=g\" alt=\"Ma\u00edra Telles\"><\/a><div class=\"authorBox__name\"><span>por\n\t\t\t<a href=\"https:\/\/www.suno.com.br\/noticias\/author\/mairaftellesgmail-com\/\"><span itemprop=\"author\">Ma\u00edra Telles<\/span><\/a><\/span><time datetime=\"2025-07-10T18:34:23-03:00\" itemprop=\"datePublished\">10\/07\/2025 18:34<\/time><\/div><\/div><\/div><\/div><\/div>","single_layout":"posts","amp_enabled":true,"_links":{"self":[{"href":"https:\/\/www.suno.com.br\/noticias\/wp-json\/wp\/v2\/posts\/613455"}],"collection":[{"href":"https:\/\/www.suno.com.br\/noticias\/wp-json\/wp\/v2\/posts"}],"about":[{"href":"https:\/\/www.suno.com.br\/noticias\/wp-json\/wp\/v2\/types\/post"}],"author":[{"embeddable":true,"href":"https:\/\/www.suno.com.br\/noticias\/wp-json\/wp\/v2\/users\/402"}],"replies":[{"embeddable":true,"href":"https:\/\/www.suno.com.br\/noticias\/wp-json\/wp\/v2\/comments?post=613455"}],"version-history":[{"count":1,"href":"https:\/\/www.suno.com.br\/noticias\/wp-json\/wp\/v2\/posts\/613455\/revisions"}],"predecessor-version":[{"id":613459,"href":"https:\/\/www.suno.com.br\/noticias\/wp-json\/wp\/v2\/posts\/613455\/revisions\/613459"}],"wp:featuredmedia":[{"embeddable":true,"href":"https:\/\/www.suno.com.br\/noticias\/wp-json\/wp\/v2\/media\/328203"}],"wp:attachment":[{"href":"https:\/\/www.suno.com.br\/noticias\/wp-json\/wp\/v2\/media?parent=613455"}],"wp:term":[{"taxonomy":"category","embeddable":true,"href":"https:\/\/www.suno.com.br\/noticias\/wp-json\/wp\/v2\/categories?post=613455"},{"taxonomy":"post_tag","embeddable":true,"href":"https:\/\/www.suno.com.br\/noticias\/wp-json\/wp\/v2\/tags?post=613455"},{"taxonomy":"suno_strategy","embeddable":true,"href":"https:\/\/www.suno.com.br\/noticias\/wp-json\/wp\/v2\/suno_strategy?post=613455"}],"curies":[{"name":"wp","href":"https:\/\/api.w.org\/{rel}","templated":true}]}}