{"id":61320,"date":"2020-04-14T07:51:51","date_gmt":"2020-04-14T10:51:51","guid":{"rendered":"https:\/\/www.suno.com.br\/noticias\/?p=61320"},"modified":"2020-04-15T16:08:41","modified_gmt":"2020-04-15T19:08:41","slug":"azul-azul4-controlador-vende-participacao","status":"publish","type":"post","link":"https:\/\/www.suno.com.br\/noticias\/azul-azul4-controlador-vende-participacao\/","title":{"rendered":"Azul (AZUL4): controlador vende metade de sua participa\u00e7\u00e3o"},"content":{"rendered":"<p>A <a href=\"https:\/\/www.suno.com.br\/acoes\/azul4\/\"><strong>Azul<\/strong> (AZUL4)<\/a> informou, ap\u00f3s o fechamento do mercado da \u00faltima ter\u00e7a-feira (13), que seu controlador e fundador, <a href=\"https:\/\/www.suno.com.br\/tudo-sobre\/david-neeleman\/\">David Neeleman<\/a>, diminuiu em quase 50% sua participa\u00e7\u00e3o na companhia. A informa\u00e7\u00e3o foi divulgada por meio de um formul\u00e1rio consolidado enviado \u00e0 <a href=\"https:\/\/www.suno.com.br\/artigos\/cvm\/\">Comiss\u00e3o de Valores Mobili\u00e1rios (CVM)<\/a>.<\/p>\t<div class=\"wrapper-featured-image\">\n\t\t<figure class=\"spotlightImg\">\n\n\t\t\t<picture>\n\t\t\t\t<source media=\"(max-width: 768px)\" srcset=\"https:\/\/files.sunoresearch.com.br\/n\/uploads\/2020\/04\/ac0c1ea4-azul-400x200.webp\">\n\t\t\t\t<img loading=\"lazy\" decoding=\"async\" class=\"newsContent__article__imgCapa lazyloadDisabled newsContent__article__imgCapa--noCaption\" src=\"https:\/\/files.sunoresearch.com.br\/n\/uploads\/2020\/04\/ac0c1ea4-azul-800x450.webp\" width=\"800\" height=\"450\" alt=\"Azul (AZUL4): controlador vende metade de sua participa\u00e7\u00e3o\" fetchpriority=high \/>\n\t\t\t<\/picture>\n\n\t\t\t<figcaption class=\"wp-caption-text wp-caption-text--hide\">A Agenda do Dia desta segunda destaca mais um dia cheio de resultados corporativos do terceiro trimestre, al\u00e9m da estreia do Pix.<\/figcaption>\n\t\t<\/figure>\n\t<\/div>\n\n\n\n<p>De acordo com a companhia, o executivo vendeu 9,3 milh\u00f5es de<a href=\"https:\/\/www.suno.com.br\/artigos\/acoes-preferenciais\/\"><strong> a\u00e7\u00f5es preferenciais<\/strong> (PNs)<\/a>, cortando seu total de 11,4 milh\u00f5es de PNs para 2,11 milh\u00f5es de PNs. Neeleman, que tamb\u00e9m det\u00e9m participa\u00e7\u00e3o na JetBlue Airways, criou a Azul em 2008, a qual come\u00e7ou a operar em janeiro do ano seguinte.<\/p>\n<p><span data-sheets-value=\"{&quot;1&quot;:2,&quot;2&quot;:&quot;Na Suno One voc\u00ea aprende como fazer o seu dinheiro para trabalhar para voc\u00ea. Cadastre-se agora.&quot;}\" data-sheets-userformat=\"{&quot;2&quot;:513,&quot;3&quot;:{&quot;1&quot;:0},&quot;12&quot;:0}\"><a href=\"https:\/\/lp.suno.com.br\/suno-one\/\">Na Suno One voc\u00ea aprende como fazer o seu dinheiro para trabalhar para voc\u00ea. Cadastre-se agora<\/a>.<\/span><\/p>\n<p>As vendas dos pap\u00e9is pelo executivo foram realizadas entre os dias 12 e 18 de mar\u00e7o, atingindo pre\u00e7os de R$ 10,60 a R$ 20,28. O maior volume financeiro foi transacionado no dia 16 de mar\u00e7o, quando <strong>Neeleman<\/strong>, por meio da corretora do Citigroup, vendeu 2,75 milh\u00f5es de a\u00e7\u00f5es preferenciais a um pre\u00e7o de R$ 17,16, movimentando R$ 47,20 milh\u00f5es.<\/p>\n<p>Ao todo, o executivo levantou R$ 155,53 milh\u00f5es com as vendas das a\u00e7\u00f5es da Azul. O executivo passou a se desfazer de sua posi\u00e7\u00e3o acion\u00e1ria quando os pap\u00e9is da companhia a\u00e9rea j\u00e1 haviam sofrido uma forte desvaloriza\u00e7\u00e3o devido \u00e0 crise do novo <strong>coronav\u00edrus<\/strong> (Covid-19).<\/p>\n\t<p>\n\t\t<a href=\"https:\/\/lp.suno.com.br\/nossas-assinaturas\/?utm_campaign=_SNC8166F3A4_\" target=\"_blank\" data-element=\"shortcode-suno-banner\" title=\"Banner SUNO, clique e saiba mais\">\n\t\t\t<picture>\n\t\t\t\t<source media=\"(max-width: 500px)\" srcset=\"https:\/\/files.sunoresearch.com.br\/n\/uploads\/2025\/08\/Artigos-e-Noticias-Banner-Materias-01-Mobile_-400x300-1-png.webp\">\n\t\t\t\t<img class=\"newsContent__article__imgCapa newsContent__article__imgCapa--banner\"\n\t\t\t\t\tsrc=\"https:\/\/files.sunoresearch.com.br\/n\/uploads\/2025\/08\/Artigos-e-Noticias-Banner-Materias-01-Desktop_-1420x240-4-png.webp\"\n\t\t\t\t\tdata-promo-id=\"620371\"\t\t\t\t\t\t\t\t\t\twidth='1420' height='240'\t\t\t\t\talt=\"https:\/\/files.sunoresearch.com.br\/n\/uploads\/2025\/08\/Artigos-e-Noticias-Banner-Materias-01-Desktop_-1420x240-4-png.webp\"\n\t\t\t\t>\n\t\t\t<\/picture>\n\t\t<\/a>\n\t<\/p>\n\n\n<p>Em 28 de janeiro deste ano, as a\u00e7\u00f5es da empresa fecharam o preg\u00e3o a R$ 62,41. J\u00e1 no dia 18 de mar\u00e7o, as a\u00e7\u00f5es eram cotadas a R$ 10,35, uma queda de mais de 83%. Na \u00faltima segunda-feira, no entanto, os pap\u00e9is fecharam a R$ 16,15.<\/p>\n<p>De acordo com o site &#8220;Brazil Journal&#8221;, gestores que acompanham a empresa afirmam que existem tr\u00eas explica\u00e7\u00f5es poss\u00edveis para a venda das a\u00e7\u00f5es do executivo:<\/p>\n<ul>\n<li>Neeleman acredita que a empresa n\u00e3o ir\u00e1 sobreviver;<\/li>\n<li>O executivo teme ser dilu\u00eddo no pacote de ajuda do <strong>BNDES<\/strong>, ou;<\/li>\n<li>Pode ter tido problemas de liquidez na pessoa f\u00edsica.<\/li>\n<\/ul>\n<p>Neeleman, entretanto, ainda mant\u00e9m o controle da Azul atrav\u00e9s das <a href=\"https:\/\/www.suno.com.br\/artigos\/acoes-ordinarias\/\"><strong>a\u00e7\u00f5es ordin\u00e1rias<\/strong> (ON)<\/a>, as que proporcionam direito a voto. O executivo possui 622 milh\u00f5es de pap\u00e9is ordin\u00e1rios.<\/p>\n<p><a href=\"https:\/\/www.suno.com.br\/noticias\/azul-azul4-tem-queda-de-24-no-trafego-de-passageiros-em-marco\/\">Confira: Azul tem queda de 24% no tr\u00e1fego de passageiros em mar\u00e7o<\/a><\/p>\n<p>Em termos de poder econ\u00f4mico, cada a\u00e7\u00e3o preferencial vale 75 a\u00e7\u00f5es ordin\u00e1rias. Dessa forma, Neeleman possui 8 milh\u00f5es de a\u00e7\u00f5es preferenciais equivalentes, na forma de a\u00e7\u00f5es ordin\u00e1rias. Esse montante, somado \u00e0s 11,4 milh\u00f5es de a\u00e7\u00f5es preferenciais originais, atingiam as 19 milh\u00f5es de &#8220;a\u00e7\u00f5es preferenciais ajustadas&#8221;, conforme diz a companhia.<\/p>\n<p>Dessa forma, ap\u00f3s vender 9,3 milh\u00f5es das preferenciais, Neeleman det\u00e9m uma participa\u00e7\u00e3o de 3,05% do capital total da Azul, ante 5,8% detidos anteriormente.<\/p>\n<h2>Azul esclarece venda das a\u00e7\u00f5es<\/h2>\n<p>Em comunicado divulgado ao mercado nessa ter\u00e7a-feira (14) a companhia esclareceu que n\u00e3o ouve altera\u00e7\u00e3o na posi\u00e7\u00e3o das a\u00e7\u00f5es votantes detidas por Neeleman, totalizando<br \/>\n622.406.638 a\u00e7\u00f5es ordin\u00e1rias.<\/p>\n<p>O documento informou que o acionista controlador havia feito um empr\u00e9stimo pessoal em 2019 no valor de US$ 30 milh\u00f5es (cerca de R$ 150 milh\u00f5es) e usou como garantia algumas de suas a\u00e7\u00f5es da Azul, pois por &#8220;acreditar em seu potencial&#8221; n\u00e3o tinha a inten\u00e7\u00e3o de vender os pap\u00e9is.<\/p>\n<p>Entretanto, os impactos do coronav\u00edrus geraram uma margem no empr\u00e9stimo e devido a rapidez dos efeitos e o fato de ele ter outros investimentos no setor sem <a href=\"https:\/\/www.suno.com.br\/artigos\/liquidez-geral\/\">liquidez<\/a>, n\u00e3o houve tempo h\u00e1bil para que levantasse a liquidez adequada.<\/p>\n<p>Desse modo, os bancos custodiantes acabaram por executar a garantia, mas Neeleman afirmou que n\u00e3o vendeu de maneira ativa nenhuma a\u00e7\u00e3o da <strong>Azul<\/strong>.<\/p>\n\n","protected":false},"excerpt":{"rendered":"<p>A Azul (AZUL4) informou, ap\u00f3s o fechamento do mercado da \u00faltima ter\u00e7a-feira (13), que seu controlador e fundador, David Neeleman, diminuiu em quase 50% sua participa\u00e7\u00e3o na companhia. A informa\u00e7\u00e3o foi divulgada por meio de um formul\u00e1rio consolidado enviado \u00e0 Comiss\u00e3o de Valores Mobili\u00e1rios (CVM). A Agenda do Dia desta segunda destaca mais um dia [&hellip;]<\/p>\n","protected":false},"author":24,"featured_media":61324,"comment_status":"closed","ping_status":"closed","sticky":false,"template":"","format":"standard","meta":[],"categories":[64],"tags":[1596,106932],"suno_strategy":[],"class_list":["post-61320","post","type-post","status-publish","format-standard","has-post-thumbnail","hentry","category-negocios","tag-acoes-preferenciais","tag-azul-azul4"],"yoast_head":"<!-- This site is optimized with the Yoast SEO plugin v24.4 - https:\/\/yoast.com\/wordpress\/plugins\/seo\/ -->\n<title>Azul (AZUL4): controlador vende metade de sua participa\u00e7\u00e3o<\/title>\n<meta name=\"description\" content=\"A Azul informou, na \u00faltima ter\u00e7a-feira, que seu controlador e fundador, David Neeleman, diminuiu sua participa\u00e7\u00e3o na companhia. Saiba mais.\" \/>\n<meta name=\"robots\" content=\"index, follow, max-snippet:-1, max-image-preview:large, max-video-preview:-1\" \/>\n<link rel=\"canonical\" href=\"https:\/\/www.suno.com.br\/noticias\/azul-azul4-controlador-vende-participacao\/\" \/>\n<meta property=\"og:locale\" content=\"pt_BR\" \/>\n<meta property=\"og:type\" content=\"article\" \/>\n<meta property=\"og:title\" content=\"Azul (AZUL4): controlador vende metade de sua participa\u00e7\u00e3o\" \/>\n<meta property=\"og:description\" content=\"A Azul informou, na \u00faltima ter\u00e7a-feira, que seu controlador e fundador, David Neeleman, diminuiu sua participa\u00e7\u00e3o na companhia. Saiba mais.\" \/>\n<meta property=\"og:url\" content=\"https:\/\/www.suno.com.br\/noticias\/azul-azul4-controlador-vende-participacao\/\" \/>\n<meta property=\"og:site_name\" content=\"Suno Not\u00edcias\" \/>\n<meta property=\"article:publisher\" content=\"https:\/\/facebook.com\/sunoresearch\" \/>\n<meta property=\"og:image\" content=\"https:\/\/files.sunoresearch.com.br\/n\/uploads\/2020\/04\/ac0c1ea4-azul.jpg\" \/>\n\t<meta property=\"og:image:width\" content=\"1200\" \/>\n\t<meta property=\"og:image:height\" content=\"800\" \/>\n\t<meta property=\"og:image:type\" content=\"image\/jpeg\" \/>\n<meta name=\"author\" content=\"Jader Lazarini\" \/>\n<meta name=\"twitter:card\" content=\"summary_large_image\" \/>\n<meta name=\"twitter:creator\" content=\"@sunoresearch\" \/>\n<meta name=\"twitter:site\" content=\"@sunoresearch\" \/>\n<meta name=\"twitter:label1\" content=\"Escrito por\" \/>\n\t<meta name=\"twitter:data1\" content=\"Jader Lazarini\" \/>\n\t<meta name=\"twitter:label2\" content=\"Est. tempo de leitura\" \/>\n\t<meta name=\"twitter:data2\" content=\"3 minutos\" \/>\n<script type=\"application\/ld+json\" class=\"yoast-schema-graph\">{\"@context\":\"https:\/\/schema.org\",\"@graph\":[{\"@type\":\"NewsArticle\",\"@id\":\"https:\/\/www.suno.com.br\/noticias\/azul-azul4-controlador-vende-participacao\/#article\",\"isPartOf\":{\"@id\":\"https:\/\/www.suno.com.br\/noticias\/azul-azul4-controlador-vende-participacao\/\"},\"author\":{\"name\":\"Jader Lazarini\",\"@id\":\"https:\/\/www.suno.com.br\/noticias\/#\/schema\/person\/918d79de1f0281f01599b93f9ea6e23f\"},\"headline\":\"Azul (AZUL4): controlador vende metade de sua participa\u00e7\u00e3o\",\"datePublished\":\"2020-04-14T10:51:51+00:00\",\"dateModified\":\"2020-04-15T19:08:41+00:00\",\"mainEntityOfPage\":{\"@id\":\"https:\/\/www.suno.com.br\/noticias\/azul-azul4-controlador-vende-participacao\/\"},\"wordCount\":639,\"publisher\":{\"@id\":\"https:\/\/www.suno.com.br\/noticias\/#organization\"},\"image\":{\"@id\":\"https:\/\/www.suno.com.br\/noticias\/azul-azul4-controlador-vende-participacao\/#primaryimage\"},\"thumbnailUrl\":\"https:\/\/files.sunoresearch.com.br\/n\/uploads\/2020\/04\/ac0c1ea4-azul-jpg.webp\",\"keywords\":[\"a\u00e7\u00f5es preferenciais\",\"Azul (AZUL4)\"],\"articleSection\":[\"Neg\u00f3cios\"],\"inLanguage\":\"pt-BR\"},{\"@type\":\"WebPage\",\"@id\":\"https:\/\/www.suno.com.br\/noticias\/azul-azul4-controlador-vende-participacao\/\",\"url\":\"https:\/\/www.suno.com.br\/noticias\/azul-azul4-controlador-vende-participacao\/\",\"name\":\"Azul (AZUL4): controlador vende metade de sua participa\u00e7\u00e3o\",\"isPartOf\":{\"@id\":\"https:\/\/www.suno.com.br\/noticias\/#website\"},\"primaryImageOfPage\":{\"@id\":\"https:\/\/www.suno.com.br\/noticias\/azul-azul4-controlador-vende-participacao\/#primaryimage\"},\"image\":{\"@id\":\"https:\/\/www.suno.com.br\/noticias\/azul-azul4-controlador-vende-participacao\/#primaryimage\"},\"thumbnailUrl\":\"https:\/\/files.sunoresearch.com.br\/n\/uploads\/2020\/04\/ac0c1ea4-azul-jpg.webp\",\"datePublished\":\"2020-04-14T10:51:51+00:00\",\"dateModified\":\"2020-04-15T19:08:41+00:00\",\"description\":\"A Azul informou, na \u00faltima ter\u00e7a-feira, que seu controlador e fundador, David Neeleman, diminuiu sua participa\u00e7\u00e3o na companhia. Saiba mais.\",\"breadcrumb\":{\"@id\":\"https:\/\/www.suno.com.br\/noticias\/azul-azul4-controlador-vende-participacao\/#breadcrumb\"},\"inLanguage\":\"pt-BR\",\"potentialAction\":[{\"@type\":\"ReadAction\",\"target\":[\"https:\/\/www.suno.com.br\/noticias\/azul-azul4-controlador-vende-participacao\/\"]}]},{\"@type\":\"ImageObject\",\"inLanguage\":\"pt-BR\",\"@id\":\"https:\/\/www.suno.com.br\/noticias\/azul-azul4-controlador-vende-participacao\/#primaryimage\",\"url\":\"https:\/\/files.sunoresearch.com.br\/n\/uploads\/2020\/04\/ac0c1ea4-azul-jpg.webp\",\"contentUrl\":\"https:\/\/files.sunoresearch.com.br\/n\/uploads\/2020\/04\/ac0c1ea4-azul-jpg.webp\",\"width\":1200,\"height\":800,\"caption\":\"A Agenda do Dia desta segunda destaca mais um dia cheio de resultados corporativos do terceiro trimestre, al\u00e9m da estreia do Pix.\"},{\"@type\":\"BreadcrumbList\",\"@id\":\"https:\/\/www.suno.com.br\/noticias\/azul-azul4-controlador-vende-participacao\/#breadcrumb\",\"itemListElement\":[{\"@type\":\"ListItem\",\"position\":1,\"name\":\"Not\u00edcias\",\"item\":\"https:\/\/www.suno.com.br\/noticias\/\"},{\"@type\":\"ListItem\",\"position\":2,\"name\":\"Neg\u00f3cios\",\"item\":\"https:\/\/www.suno.com.br\/noticias\/negocios\/\"},{\"@type\":\"ListItem\",\"position\":3,\"name\":\"Azul (AZUL4): controlador vende metade de sua participa\u00e7\u00e3o\"}]},{\"@type\":\"WebSite\",\"@id\":\"https:\/\/www.suno.com.br\/noticias\/#website\",\"url\":\"https:\/\/www.suno.com.br\/noticias\/\",\"name\":\"Suno Not\u00edcias\",\"description\":\"Seu portal de informa\u00e7\u00e3o sobre o mundo dos investimentos\",\"publisher\":{\"@id\":\"https:\/\/www.suno.com.br\/noticias\/#organization\"},\"potentialAction\":[{\"@type\":\"SearchAction\",\"target\":{\"@type\":\"EntryPoint\",\"urlTemplate\":\"https:\/\/www.suno.com.br\/noticias\/?s={search_term_string}\"},\"query-input\":{\"@type\":\"PropertyValueSpecification\",\"valueRequired\":true,\"valueName\":\"search_term_string\"}}],\"inLanguage\":\"pt-BR\"},{\"@type\":\"Organization\",\"@id\":\"https:\/\/www.suno.com.br\/noticias\/#organization\",\"name\":\"Suno Not\u00edcias\",\"url\":\"https:\/\/www.suno.com.br\/noticias\/\",\"logo\":{\"@type\":\"ImageObject\",\"inLanguage\":\"pt-BR\",\"@id\":\"https:\/\/www.suno.com.br\/noticias\/#\/schema\/logo\/image\/\",\"url\":\"https:\/\/files.sunoresearch.com.br\/n\/uploads\/2021\/09\/suno-logo.png\",\"contentUrl\":\"https:\/\/files.sunoresearch.com.br\/n\/uploads\/2021\/09\/suno-logo.png\",\"width\":180,\"height\":180,\"caption\":\"Suno Not\u00edcias\"},\"image\":{\"@id\":\"https:\/\/www.suno.com.br\/noticias\/#\/schema\/logo\/image\/\"},\"sameAs\":[\"https:\/\/facebook.com\/sunoresearch\",\"https:\/\/x.com\/sunoresearch\",\"https:\/\/www.instagram.com\/suno\",\"https:\/\/www.linkedin.com\/company\/suno-research\/\",\"https:\/\/www.youtube.com\/c\/sunoresearch\"]},{\"@type\":\"Person\",\"@id\":\"https:\/\/www.suno.com.br\/noticias\/#\/schema\/person\/918d79de1f0281f01599b93f9ea6e23f\",\"name\":\"Jader Lazarini\",\"image\":{\"@type\":\"ImageObject\",\"inLanguage\":\"pt-BR\",\"@id\":\"https:\/\/www.suno.com.br\/noticias\/#\/schema\/person\/image\/\",\"url\":\"https:\/\/secure.gravatar.com\/avatar\/3c1ad8caa51589841baeb923fcddea97?s=96&r=g\",\"contentUrl\":\"https:\/\/secure.gravatar.com\/avatar\/3c1ad8caa51589841baeb923fcddea97?s=96&r=g\",\"caption\":\"Jader Lazarini\"},\"description\":\"Jader Lazarini escreve sobre investimentos, finan\u00e7as, economia e neg\u00f3cios. \u00c9 bacharel em Rela\u00e7\u00f5es Internacionais e analista CNPI (2619).\",\"url\":\"https:\/\/www.suno.com.br\/noticias\/author\/jader-lazarini\/\"}]}<\/script>\n<!-- \/ Yoast SEO plugin. -->","yoast_head_json":{"title":"Azul (AZUL4): controlador vende metade de sua participa\u00e7\u00e3o","description":"A Azul informou, na \u00faltima ter\u00e7a-feira, que seu controlador e fundador, David Neeleman, diminuiu sua participa\u00e7\u00e3o na companhia. Saiba mais.","robots":{"index":"index","follow":"follow","max-snippet":"max-snippet:-1","max-image-preview":"max-image-preview:large","max-video-preview":"max-video-preview:-1"},"canonical":"https:\/\/www.suno.com.br\/noticias\/azul-azul4-controlador-vende-participacao\/","og_locale":"pt_BR","og_type":"article","og_title":"Azul (AZUL4): controlador vende metade de sua participa\u00e7\u00e3o","og_description":"A Azul informou, na \u00faltima ter\u00e7a-feira, que seu controlador e fundador, David Neeleman, diminuiu sua participa\u00e7\u00e3o na companhia. Saiba mais.","og_url":"https:\/\/www.suno.com.br\/noticias\/azul-azul4-controlador-vende-participacao\/","og_site_name":"Suno Not\u00edcias","article_publisher":"https:\/\/facebook.com\/sunoresearch","og_image":[{"width":1200,"height":800,"url":"https:\/\/files.sunoresearch.com.br\/n\/uploads\/2020\/04\/ac0c1ea4-azul.jpg","type":"image\/jpeg"}],"author":"Jader Lazarini","twitter_card":"summary_large_image","twitter_creator":"@sunoresearch","twitter_site":"@sunoresearch","twitter_misc":{"Escrito por":"Jader Lazarini","Est. tempo de leitura":"3 minutos"},"schema":{"@context":"https:\/\/schema.org","@graph":[{"@type":"NewsArticle","@id":"https:\/\/www.suno.com.br\/noticias\/azul-azul4-controlador-vende-participacao\/#article","isPartOf":{"@id":"https:\/\/www.suno.com.br\/noticias\/azul-azul4-controlador-vende-participacao\/"},"author":{"name":"Jader Lazarini","@id":"https:\/\/www.suno.com.br\/noticias\/#\/schema\/person\/918d79de1f0281f01599b93f9ea6e23f"},"headline":"Azul (AZUL4): controlador vende metade de sua participa\u00e7\u00e3o","datePublished":"2020-04-14T10:51:51+00:00","dateModified":"2020-04-15T19:08:41+00:00","mainEntityOfPage":{"@id":"https:\/\/www.suno.com.br\/noticias\/azul-azul4-controlador-vende-participacao\/"},"wordCount":639,"publisher":{"@id":"https:\/\/www.suno.com.br\/noticias\/#organization"},"image":{"@id":"https:\/\/www.suno.com.br\/noticias\/azul-azul4-controlador-vende-participacao\/#primaryimage"},"thumbnailUrl":"https:\/\/files.sunoresearch.com.br\/n\/uploads\/2020\/04\/ac0c1ea4-azul-jpg.webp","keywords":["a\u00e7\u00f5es preferenciais","Azul (AZUL4)"],"articleSection":["Neg\u00f3cios"],"inLanguage":"pt-BR"},{"@type":"WebPage","@id":"https:\/\/www.suno.com.br\/noticias\/azul-azul4-controlador-vende-participacao\/","url":"https:\/\/www.suno.com.br\/noticias\/azul-azul4-controlador-vende-participacao\/","name":"Azul (AZUL4): controlador vende metade de sua participa\u00e7\u00e3o","isPartOf":{"@id":"https:\/\/www.suno.com.br\/noticias\/#website"},"primaryImageOfPage":{"@id":"https:\/\/www.suno.com.br\/noticias\/azul-azul4-controlador-vende-participacao\/#primaryimage"},"image":{"@id":"https:\/\/www.suno.com.br\/noticias\/azul-azul4-controlador-vende-participacao\/#primaryimage"},"thumbnailUrl":"https:\/\/files.sunoresearch.com.br\/n\/uploads\/2020\/04\/ac0c1ea4-azul-jpg.webp","datePublished":"2020-04-14T10:51:51+00:00","dateModified":"2020-04-15T19:08:41+00:00","description":"A Azul informou, na \u00faltima ter\u00e7a-feira, que seu controlador e fundador, David Neeleman, diminuiu sua participa\u00e7\u00e3o na companhia. Saiba mais.","breadcrumb":{"@id":"https:\/\/www.suno.com.br\/noticias\/azul-azul4-controlador-vende-participacao\/#breadcrumb"},"inLanguage":"pt-BR","potentialAction":[{"@type":"ReadAction","target":["https:\/\/www.suno.com.br\/noticias\/azul-azul4-controlador-vende-participacao\/"]}]},{"@type":"ImageObject","inLanguage":"pt-BR","@id":"https:\/\/www.suno.com.br\/noticias\/azul-azul4-controlador-vende-participacao\/#primaryimage","url":"https:\/\/files.sunoresearch.com.br\/n\/uploads\/2020\/04\/ac0c1ea4-azul-jpg.webp","contentUrl":"https:\/\/files.sunoresearch.com.br\/n\/uploads\/2020\/04\/ac0c1ea4-azul-jpg.webp","width":1200,"height":800,"caption":"A Agenda do Dia desta segunda destaca mais um dia cheio de resultados corporativos do terceiro trimestre, al\u00e9m da estreia do Pix."},{"@type":"BreadcrumbList","@id":"https:\/\/www.suno.com.br\/noticias\/azul-azul4-controlador-vende-participacao\/#breadcrumb","itemListElement":[{"@type":"ListItem","position":1,"name":"Not\u00edcias","item":"https:\/\/www.suno.com.br\/noticias\/"},{"@type":"ListItem","position":2,"name":"Neg\u00f3cios","item":"https:\/\/www.suno.com.br\/noticias\/negocios\/"},{"@type":"ListItem","position":3,"name":"Azul (AZUL4): controlador vende metade de sua participa\u00e7\u00e3o"}]},{"@type":"WebSite","@id":"https:\/\/www.suno.com.br\/noticias\/#website","url":"https:\/\/www.suno.com.br\/noticias\/","name":"Suno Not\u00edcias","description":"Seu portal de informa\u00e7\u00e3o sobre o mundo dos investimentos","publisher":{"@id":"https:\/\/www.suno.com.br\/noticias\/#organization"},"potentialAction":[{"@type":"SearchAction","target":{"@type":"EntryPoint","urlTemplate":"https:\/\/www.suno.com.br\/noticias\/?s={search_term_string}"},"query-input":{"@type":"PropertyValueSpecification","valueRequired":true,"valueName":"search_term_string"}}],"inLanguage":"pt-BR"},{"@type":"Organization","@id":"https:\/\/www.suno.com.br\/noticias\/#organization","name":"Suno Not\u00edcias","url":"https:\/\/www.suno.com.br\/noticias\/","logo":{"@type":"ImageObject","inLanguage":"pt-BR","@id":"https:\/\/www.suno.com.br\/noticias\/#\/schema\/logo\/image\/","url":"https:\/\/files.sunoresearch.com.br\/n\/uploads\/2021\/09\/suno-logo.png","contentUrl":"https:\/\/files.sunoresearch.com.br\/n\/uploads\/2021\/09\/suno-logo.png","width":180,"height":180,"caption":"Suno Not\u00edcias"},"image":{"@id":"https:\/\/www.suno.com.br\/noticias\/#\/schema\/logo\/image\/"},"sameAs":["https:\/\/facebook.com\/sunoresearch","https:\/\/x.com\/sunoresearch","https:\/\/www.instagram.com\/suno","https:\/\/www.linkedin.com\/company\/suno-research\/","https:\/\/www.youtube.com\/c\/sunoresearch"]},{"@type":"Person","@id":"https:\/\/www.suno.com.br\/noticias\/#\/schema\/person\/918d79de1f0281f01599b93f9ea6e23f","name":"Jader Lazarini","image":{"@type":"ImageObject","inLanguage":"pt-BR","@id":"https:\/\/www.suno.com.br\/noticias\/#\/schema\/person\/image\/","url":"https:\/\/secure.gravatar.com\/avatar\/3c1ad8caa51589841baeb923fcddea97?s=96&r=g","contentUrl":"https:\/\/secure.gravatar.com\/avatar\/3c1ad8caa51589841baeb923fcddea97?s=96&r=g","caption":"Jader Lazarini"},"description":"Jader Lazarini escreve sobre investimentos, finan\u00e7as, economia e neg\u00f3cios. \u00c9 bacharel em Rela\u00e7\u00f5es Internacionais e analista CNPI (2619).","url":"https:\/\/www.suno.com.br\/noticias\/author\/jader-lazarini\/"}]}},"default_loop_html":"<div class=\"cardsPage__listCard__boxs\"><div class=\"cardsPage__listCard__boxs__img\"><a href=\"https:\/\/www.suno.com.br\/noticias\/azul-azul4-controlador-vende-participacao\/\"><img class=\"mask\" src=\"https:\/\/www.suno.com.br\/noticias\/wp-content\/themes\/suno\/resources\/images\/spotlight\/spotlight1img\/bg-mask.png\" alt=\"Image Mask\"\/><img src=\"https:\/\/files.sunoresearch.com.br\/n\/uploads\/2020\/04\/ac0c1ea4-azul-400x200.webp\" alt=\"Azul (AZUL4): controlador vende metade de sua participa\u00e7\u00e3o\"\/><\/a><span class=\"spotlightCategory\"><a href=\"https:\/\/www.suno.com.br\/noticias\/negocios\/\">Neg\u00f3cios<\/a><\/span><\/div><div class=\"cardsPage__listCard__boxs__content\"><a href=\"https:\/\/www.suno.com.br\/noticias\/azul-azul4-controlador-vende-participacao\/\"><h2 class=\"content__title\">Azul (AZUL4): controlador vende metade de sua participa\u00e7\u00e3o<\/h2><\/a><div class=\"newsContent__article__meta\"><div class=\"newsContent__article__meta__authorBox\"><a href=\"https:\/\/www.suno.com.br\/noticias\/author\/jader-lazarini\/\" class=\"authorBox__avatar noMobi\"><img src=\"https:\/\/files.sunoresearch.com.br\/n\/uploads\/2021\/01\/178e6598-foto-perfil-2-150x150.jpg\" alt=\"Jader Lazarini\"><\/a><div class=\"authorBox__name\"><span>por\n\t\t\t<a href=\"https:\/\/www.suno.com.br\/noticias\/author\/jader-lazarini\/\"><span itemprop=\"author\">Jader Lazarini<\/span><\/a><\/span><time datetime=\"2020-04-14T07:51:51-03:00\" itemprop=\"datePublished\">14\/04\/2020 07:51<\/time><\/div><\/div><\/div><\/div><\/div>","single_layout":"posts","amp_enabled":true,"_links":{"self":[{"href":"https:\/\/www.suno.com.br\/noticias\/wp-json\/wp\/v2\/posts\/61320"}],"collection":[{"href":"https:\/\/www.suno.com.br\/noticias\/wp-json\/wp\/v2\/posts"}],"about":[{"href":"https:\/\/www.suno.com.br\/noticias\/wp-json\/wp\/v2\/types\/post"}],"author":[{"embeddable":true,"href":"https:\/\/www.suno.com.br\/noticias\/wp-json\/wp\/v2\/users\/24"}],"replies":[{"embeddable":true,"href":"https:\/\/www.suno.com.br\/noticias\/wp-json\/wp\/v2\/comments?post=61320"}],"version-history":[{"count":0,"href":"https:\/\/www.suno.com.br\/noticias\/wp-json\/wp\/v2\/posts\/61320\/revisions"}],"wp:featuredmedia":[{"embeddable":true,"href":"https:\/\/www.suno.com.br\/noticias\/wp-json\/wp\/v2\/media\/61324"}],"wp:attachment":[{"href":"https:\/\/www.suno.com.br\/noticias\/wp-json\/wp\/v2\/media?parent=61320"}],"wp:term":[{"taxonomy":"category","embeddable":true,"href":"https:\/\/www.suno.com.br\/noticias\/wp-json\/wp\/v2\/categories?post=61320"},{"taxonomy":"post_tag","embeddable":true,"href":"https:\/\/www.suno.com.br\/noticias\/wp-json\/wp\/v2\/tags?post=61320"},{"taxonomy":"suno_strategy","embeddable":true,"href":"https:\/\/www.suno.com.br\/noticias\/wp-json\/wp\/v2\/suno_strategy?post=61320"}],"curies":[{"name":"wp","href":"https:\/\/api.w.org\/{rel}","templated":true}]}}