{"id":613091,"date":"2025-07-09T18:28:43","date_gmt":"2025-07-09T21:28:43","guid":{"rendered":"https:\/\/www.suno.com.br\/noticias\/?p=613091"},"modified":"2025-07-09T20:18:06","modified_gmt":"2025-07-09T23:18:06","slug":"trump-tarifa-50-por-cento-brasil","status":"publish","type":"post","link":"https:\/\/www.suno.com.br\/noticias\/trump-tarifa-50-por-cento-brasil\/","title":{"rendered":"Trump anuncia tarifa de 50% sobre importa\u00e7\u00f5es do Brasil; veja os desdobramentos"},"content":{"rendered":"<p>O presidente dos Estados Unidos, Donald<strong> Trump<\/strong>, anunciou nesta quarta-feira (9) a imposi\u00e7\u00e3o de uma tarifa de 50% sobre todos os produtos exportados do Brasil para os EUA. A medida entra em vigor em 1\u00ba de agosto de 2025 e ser\u00e1 aplicada al\u00e9m das tarifas setoriais j\u00e1 existentes, como as que incidem sobre a\u00e7o e alum\u00ednio.<\/p><div class=\"videoFull \">\n\t\t\t<div class=\"videoWrapper yt-lazyload center\"\n\t\t\t\tdata-width=\"960\"\n\t\t\t\tdata-height=\"540\"\n\t\t\t\tdata-id=\"Z6WSxULsM_8\"\n\t\t\t\tdata-alt=\"V\u00eddeo do YouTube - clique para reproduzir\"\n\t\t\t\tdata-logo=\"3\"\n\t\t\t\tdata-imagequality=\"maxres\">\n\t\t\t<\/div>\n\t\t<\/div><script type=\"application\/ld+json\">{\"@context\":\"https:\/\/schema.org\",\"@type\":\"VideoObject\",\"name\":\"URGENTE: Trump anuncia tarifa de 50% para Brasil\",\"description\":\"\ud83d\udea8 Relat\u00f3rio EXTRAORDIN\u00c1RIO detalhando todos os impactos dessa nova tarifa sobre o Brasil. Como impacta os seus investimentos? Confira: https:\/\/lp.suno.com.br\/cl\/impacto-tarifas-trump\/?utm_campaign=_SNCF68C3F8B_live_tarifa&utm_source=youtube.suno&utm_medium=video \ud83d\ude80 \ud835\uddd4\ud835\ude01\ud835\uddf6\ud835\ude03\ud835\uddf2 \ud835\uddfc \ud835\uddfa\ud835\uddfc\ud835\uddf1\ud835\uddfc \ud835\udde7\ud835\ude02\ud835\uddff\ud835\uddef\ud835\uddfc \ud835\udfed\ud835\udfed\ud835\ude05 \ud835\uddee\ud835\uddf4\ud835\uddfc\ud835\uddff\ud835\uddee \ud835\uddf2 \ud835\uddfd\ud835\uddff\ud835\uddf2\ud835\uddfd\ud835\uddee\ud835\uddff\ud835\uddf2-\ud835\ude00\ud835\uddf2 \ud835\uddfd\ud835\uddff\ud835\uddee \ud835\ude03\ud835\uddf6\ud835\uddff\ud835\uddee\ud835\uddff \ud835\ude02\ud835\uddfa \ud835\uddf6\ud835\uddfb\ud835\ude03\ud835\uddf2\ud835\ude00\ud835\ude01\ud835\uddf6\ud835\uddf1\ud835\uddfc\ud835\uddff \ud835\uddf1\ud835\uddf2 \ud835\ude03\ud835\uddf2\ud835\uddff\ud835\uddf1\ud835\uddee\ud835\uddf1\ud835\uddf2. Cadastre-se no grupo vip gratuito: https:\/\/lp.suno.com.br\/cl\/semana-do-assinante-2025\/?utm_campaign=_SNC35A97F94_semana_do_assinante&utm_source=youtube.baroni&utm_medium=bio \ud83d\udcb0 \ud835\udde0\ud835\uddd4\ud835\udde7\ud835\uddd8\ud835\udde5\ud835\udddc\ud835\uddd4\ud835\udddc\ud835\udde6 \ud835\uddda\ud835\udde5\ud835\uddd4\ud835\udde7\ud835\udde8\ud835\udddc\u0301\ud835\udde7\ud835\udde2\ud835\udde6 \ud835\udde6\ud835\udde2\ud835\uddd5\ud835\udde5\ud835\uddd8 \ud835\udddc\ud835\udde1\ud835\udde9\ud835\uddd8\ud835\udde6\ud835\udde7\ud835\udddc\ud835\udde0\ud835\uddd8\ud835\udde1\ud835\udde7\ud835\udde2\ud835\udde6 \u2b07\ufe0f (\ud835\uddda\ud835\udde5\ud835\uddd4\u0301\ud835\udde7\ud835\udddc\ud835\udde6) \ud83d\udcf0 \ud835\uddda\ud835\uddff\ud835\ude02\ud835\uddfd\ud835\uddfc \ud835\uddf1\ud835\uddf2 \ud835\uddfb\ud835\uddfc\ud835\ude01\ud835\uddf6\u0301\ud835\uddf0\ud835\uddf6\ud835\uddee\ud835\ude00 \ud835\uddfb\ud835\uddfc \ud835\uddea\ud835\uddf5\ud835\uddee\ud835\ude01\ud835\ude00\ud835\uddd4\ud835\uddfd\ud835\uddfd: https:\/\/lp.suno.com.br\/ao\/cadastro-whatsapp\/?utm_campaign=_SNCCFC3BB99_live_copom&utm_source=youtube.baroni&utm_medium=live\u2026\",\"duration\":\"PT55M55S\",\"embedUrl\":\"https:\/\/www.youtube.com\/embed\/Z6WSxULsM_8\",\"regionsAllowed\":\"en-US\",\"interactionStatistic\":{\"@type\":\"InteractionCounter\",\"interactionType\":{\"@type\":\"WatchAction\"},\"userInteractionCount\":6411},\"thumbnailUrl\":\"https:\/\/i.ytimg.com\/vi\/Z6WSxULsM_8\/default.jpg\",\"uploadDate\":\"2025-07-09T23:06:16Z\"}<\/script>\n\n\n\n\n\t<p>\n\t\t<a href=\"https:\/\/lp.suno.com.br\/planilha-da-vida-financeira\/\" target=\"_blank\" data-element=\"shortcode-suno-banner\" title=\"Banner SUNO, clique e saiba mais\">\n\t\t\t<picture>\n\t\t\t\t<source media=\"(max-width: 500px)\" srcset=\"https:\/\/files.sunoresearch.com.br\/n\/uploads\/2023\/04\/400x300-Planilha-vida-financeira-true.png\">\n\t\t\t\t<img class=\"newsContent__article__imgCapa newsContent__article__imgCapa--banner\"\n\t\t\t\t\tsrc=\"https:\/\/files.sunoresearch.com.br\/n\/uploads\/2023\/04\/1420x240-Planilha-vida-financeira-true.png\"\n\t\t\t\t\tdata-promo-id=\"106682\"\t\t\t\t\t\t\t\t\t\twidth='1420' height='240'\t\t\t\t\talt=\"https:\/\/files.sunoresearch.com.br\/n\/uploads\/2023\/04\/1420x240-Planilha-vida-financeira-true.png\"\n\t\t\t\t>\n\t\t\t<\/picture>\n\t\t<\/a>\n\t<\/p>\n\n\n\n\n\n<p>A decis\u00e3o sobre a <strong>tarifa dos EUA sobre o Brasil<\/strong> foi comunicada por meio de uma carta enviada ao presidente Luiz In\u00e1cio Lula da Silva (PT), publicada na rede Truth Social no fim da tarde. No texto, Trump alegou que a rela\u00e7\u00e3o comercial entre os dois pa\u00edses \u00e9 &#8220;injusta&#8221; e conectou a tarifa \u00e0 atua\u00e7\u00e3o do Supremo Tribunal Federal (STF) no julgamento do ex-presidente Jair Bolsonaro (PL), atualmente r\u00e9u por tentativa de golpe de Estado.<\/p>\n\n\n\n<p>\u201cEsse julgamento n\u00e3o deveria estar acontecendo. \u00c9 uma ca\u00e7a \u00e0s bruxas que deve acabar IMEDIATAMENTE!\u201d, escreveu Trump. Ele tamb\u00e9m afirmou que o STF teria emitido \u201ccentenas de ordens de censura secretas e ilegais\u201d a plataformas de m\u00eddias sociais dos EUA, amea\u00e7ando-as com multas milion\u00e1rias.<\/p>\n\n\n\n<p>Al\u00e9m disso, Trump acusou o Brasil de promover \u201cataques insidiosos contra elei\u00e7\u00f5es livres\u201d e criticou <strong>barreiras tarif\u00e1rias<\/strong> e n\u00e3o tarif\u00e1rias que, segundo ele, geram d\u00e9ficits comerciais insustent\u00e1veis para os EUA.<\/p>\n\n\n\n<h2 class=\"wp-block-heading\">Amea\u00e7a de retalia\u00e7\u00e3o em caso de resposta brasileira<\/h2>\n\n\n\n<p>Na carta, Trump advertiu que qualquer tentativa de retalia\u00e7\u00e3o do Brasil levar\u00e1 a uma escalada tarif\u00e1ria:<\/p>\n\n\n\n<p>\u201cSe por qualquer motivo voc\u00eas decidirem aumentar suas <strong>tarifas<\/strong>, qualquer que seja o n\u00famero que escolherem para aument\u00e1-las, ser\u00e1 somado aos 50% que cobraremos.\u201d<\/p>\n\n\n\n<p>O republicano tamb\u00e9m sugeriu que empresas brasileiras poderiam evitar a tarifa ao transferir sua produ\u00e7\u00e3o para os EUA, prometendo rapidez na aprova\u00e7\u00e3o de opera\u00e7\u00f5es no territ\u00f3rio americano.<\/p>\n\n\n\n<h2 class=\"wp-block-heading\">Investiga\u00e7\u00e3o formal e contexto geopol\u00edtico<\/h2>\n\n\n\n<p>Trump afirmou ainda que orientar\u00e1 o Representante de Com\u00e9rcio dos EUA (USTR), Jamieson Greer, a iniciar uma investiga\u00e7\u00e3o formal contra o Brasil com base na Se\u00e7\u00e3o 301 da Lei de Com\u00e9rcio norte-americana \u2014 instrumento usado para justificar san\u00e7\u00f5es unilaterais contra pr\u00e1ticas comerciais consideradas desleais.<\/p>\n\n\n\n<p>A<strong> tarifa contra o Brasil <\/strong>ocorre em meio a um movimento mais amplo de Trump, que tem amea\u00e7ado sobretaxar pa\u00edses do Brics que, segundo ele, n\u00e3o se alinham aos \u201cinteresses comerciais dos EUA\u201d. Em abril, os produtos brasileiros j\u00e1 haviam sido inclu\u00eddos em um tarifa\u00e7o de 10%.<\/p>\n\n\n\n<h2 class=\"wp-block-heading\">Rea\u00e7\u00e3o do governo brasileiro<\/h2>\n\n\n\n<p>O presidente Luiz In\u00e1cio Lula da Silva afirmou, em resposta, que o Brasil &#8220;n\u00e3o aceitar\u00e1 ser tutelado por ningu\u00e9m&#8221; e que responder\u00e1 \u00e0 tarifa de 50% imposta por Donald Trump com base na Lei da Reciprocidade Econ\u00f4mica. <\/p>\n\n\n\n<p>Segundo Lula, &#8220;o Brasil \u00e9 um pa\u00eds soberano com institui\u00e7\u00f5es independentes&#8221;. Ele tamb\u00e9m rebateu as cr\u00edticas de Trump ao julgamento de Jair Bolsonaro, dizendo que &#8220;o processo judicial contra aqueles que planejaram o golpe de Estado \u00e9 de compet\u00eancia apenas da Justi\u00e7a brasileira e n\u00e3o est\u00e1 sujeito a nenhum tipo de inger\u00eancia ou amea\u00e7a que fira a independ\u00eancia das institui\u00e7\u00f5es nacionais&#8221;.<\/p>\n\n\n\n<p>O vice-presidente e ministro do Desenvolvimento, Ind\u00fastria, Com\u00e9rcio e Servi\u00e7os, Geraldo Alckmin, classificou a medida como injusta:<\/p>\n\n\n\n<p>\u201cEu n\u00e3o vejo nenhuma raz\u00e3o para aumento de tarifa em rela\u00e7\u00e3o ao Brasil. O Brasil n\u00e3o \u00e9 problema para os Estados Unidos. \u00c9 uma medida que prejudica a pr\u00f3pria economia americana.\u201d<\/p>\n\n\n\n<p>O governo brasileiro ainda avalia como responder e n\u00e3o descarta levar o caso \u00e0 Organiza\u00e7\u00e3o Mundial do Com\u00e9rcio (OMC).<\/p>\n\n\n\n<h2 class=\"wp-block-heading\">Parecer da Suno: risco de retalia\u00e7\u00e3o e oportunidades na reprecifica\u00e7\u00e3o de ativos<\/h2>\n\n\n\n<p><br>Em comunicado divulgado nesta quarta-feira (9), a Suno avaliou que a tarifa de 50% anunciada pelos EUA sobre produtos brasileiros surpreendeu o mercado. A medida foi considerada at\u00edpica, especialmente porque o Brasil havia sido inclu\u00eddo inicialmente em uma lista com tarifa de 10%, anunciada no Liberation Day, e seguia em tratativas para evitar uma eleva\u00e7\u00e3o. Al\u00e9m disso, os EUA mant\u00eam super\u00e1vit na<strong> balan\u00e7a comercial <\/strong>com o Brasil.<\/p>\n\n\n\n<p>\u201cEmbora as exporta\u00e7\u00f5es brasileiras para os EUA representem cerca de 2% do PIB, setores com maior depend\u00eancia desse mercado devem sentir os efeitos com mais intensidade\u201d, afirmam o economista-chefe da Suno, Gustavo Sung, e o CIO da Suno Wealth, Jo\u00e3o Arthur Almeida.<\/p>\n\n\n\n<p>Atualmente, os <strong>Estados Unidos<\/strong> s\u00e3o o segundo maior parceiro comercial do Brasil, concentrando cerca de 12% das exporta\u00e7\u00f5es, atr\u00e1s apenas da China (29%). No curto prazo, a Suno avalia que a decis\u00e3o tende a gerar repercuss\u00f5es negativas sobre a bolsa brasileira, com impacto direto em empresas exportadoras.<\/p>\n\n\n\n<p>A Suno destacou tr\u00eas desdobramentos que merecem aten\u00e7\u00e3o nas pr\u00f3ximas semanas:<\/p>\n\n\n\n<p><strong>Rea\u00e7\u00e3o do governo brasileiro<\/strong>: uma eventual retalia\u00e7\u00e3o, com aumento de tarifas sobre importa\u00e7\u00f5es americanas, pode pressionar os custos de produ\u00e7\u00e3o de empresas nacionais \u2014 especialmente nos setores que dependem de insumos como m\u00e1quinas, motores e equipamentos. A infla\u00e7\u00e3o tamb\u00e9m pode ser afetada. O governo americano j\u00e1 indicou que responder\u00e1 com eleva\u00e7\u00f5es adicionais, caso o Brasil adote medidas retaliat\u00f3rias.<\/p>\n\n\n\n<p><strong>Janela de negocia\u00e7\u00e3o at\u00e9 1\u00ba de agosto:<\/strong> tecnicamente aberta, mas com chance reduzida de avan\u00e7o diante do tom pol\u00edtico da carta de Trump ao governo brasileiro.<\/p>\n\n\n\n<p><strong>Reprecifica\u00e7\u00e3o de ativos ligados ao setor externo<\/strong>: a volatilidade no mercado pode gerar oportunidades pontuais em ativos excessivamente descontados.<\/p>\n\n\n\n<p>\u201cNa Suno, estamos acompanhando a situa\u00e7\u00e3o de perto. Se necess\u00e1rio, ajustaremos nossas recomenda\u00e7\u00f5es e estrat\u00e9gias de portf\u00f3lio com base em fundamentos\u201d, conclui o comunicado sobre a tarifa de <strong>Trump<\/strong>.<\/p>\n\n\n\n\n\t<p>\n\t\t<a href=\"https:\/\/lp.suno.com.br\/planilha-da-vida-financeira\/\" target=\"_blank\" data-element=\"shortcode-suno-banner\" title=\"Banner SUNO, clique e saiba mais\">\n\t\t\t<picture>\n\t\t\t\t<source media=\"(max-width: 500px)\" srcset=\"https:\/\/files.sunoresearch.com.br\/n\/uploads\/2023\/04\/400x300-Planilha-vida-financeira-true.png\">\n\t\t\t\t<img class=\"newsContent__article__imgCapa newsContent__article__imgCapa--banner\"\n\t\t\t\t\tsrc=\"https:\/\/files.sunoresearch.com.br\/n\/uploads\/2023\/04\/1420x240-Planilha-vida-financeira-true.png\"\n\t\t\t\t\tdata-promo-id=\"383123\"\t\t\t\t\t\t\t\t\t\twidth='1420' height='240'\t\t\t\t\talt=\"https:\/\/files.sunoresearch.com.br\/n\/uploads\/2023\/04\/1420x240-Planilha-vida-financeira-true.png\"\n\t\t\t\t>\n\t\t\t<\/picture>\n\t\t<\/a>\n\t<\/p>\n\n\n","protected":false},"excerpt":{"rendered":"<p>O presidente dos Estados Unidos, Donald Trump, anunciou nesta quarta-feira (9) a imposi\u00e7\u00e3o de uma tarifa de 50% sobre todos os produtos exportados do Brasil para os EUA. A medida entra em vigor em 1\u00ba de agosto de 2025 e ser\u00e1 aplicada al\u00e9m das tarifas setoriais j\u00e1 existentes, como as que incidem sobre a\u00e7o e [&hellip;]<\/p>\n","protected":false},"author":43,"featured_media":154524,"comment_status":"closed","ping_status":"closed","sticky":false,"template":"","format":"standard","meta":[],"categories":[64],"tags":[],"suno_strategy":[],"class_list":["post-613091","post","type-post","status-publish","format-standard","has-post-thumbnail","hentry","category-negocios"],"yoast_head":"<!-- This site is optimized with the Yoast SEO plugin v24.4 - https:\/\/yoast.com\/wordpress\/plugins\/seo\/ -->\n<title>Trump anuncia tarifa de 50% sobre importa\u00e7\u00f5es do Brasil; veja os desdobramentos<\/title>\n<meta name=\"description\" content=\"O presidente dos Estados Unidos, Donald Trump, anunciou a imposi\u00e7\u00e3o de uma tarifa de 50% sobre todos os produtos importados do Brasil.\" \/>\n<meta name=\"robots\" content=\"index, follow, max-snippet:-1, max-image-preview:large, max-video-preview:-1\" \/>\n<link rel=\"canonical\" href=\"https:\/\/www.suno.com.br\/noticias\/trump-tarifa-50-por-cento-brasil\/\" \/>\n<meta property=\"og:locale\" content=\"pt_BR\" \/>\n<meta property=\"og:type\" content=\"article\" \/>\n<meta property=\"og:title\" content=\"Trump anuncia tarifa de 50% sobre importa\u00e7\u00f5es do Brasil; veja os desdobramentos\" \/>\n<meta property=\"og:description\" content=\"O presidente dos Estados Unidos, Donald Trump, anunciou a imposi\u00e7\u00e3o de uma tarifa de 50% sobre todos os produtos importados do Brasil.\" \/>\n<meta property=\"og:url\" content=\"https:\/\/www.suno.com.br\/noticias\/trump-tarifa-50-por-cento-brasil\/\" \/>\n<meta property=\"og:site_name\" content=\"Suno Not\u00edcias\" \/>\n<meta property=\"article:publisher\" content=\"https:\/\/facebook.com\/sunoresearch\" \/>\n<meta property=\"article:author\" content=\"https:\/\/www.facebook.com\/sunonoticias\/\" \/>\n<meta property=\"og:image\" content=\"https:\/\/files.sunoresearch.com.br\/n\/uploads\/2021\/06\/4156e6be-whatsapp-image-2021-06-04-at-14.26.18-1.jpg\" \/>\n\t<meta property=\"og:image:width\" content=\"1200\" \/>\n\t<meta property=\"og:image:height\" content=\"700\" \/>\n\t<meta property=\"og:image:type\" content=\"image\/jpeg\" \/>\n<meta name=\"author\" content=\"Reda\u00e7\u00e3o Suno Not\u00edcias\" \/>\n<meta name=\"twitter:card\" content=\"summary_large_image\" \/>\n<meta name=\"twitter:creator\" content=\"@https:\/\/twitter.com\/sunoresearch\" \/>\n<meta name=\"twitter:site\" content=\"@sunoresearch\" \/>\n<meta name=\"twitter:label1\" content=\"Escrito por\" \/>\n\t<meta name=\"twitter:data1\" content=\"Reda\u00e7\u00e3o Suno Not\u00edcias\" \/>\n\t<meta name=\"twitter:label2\" content=\"Est. tempo de leitura\" \/>\n\t<meta name=\"twitter:data2\" content=\"5 minutos\" \/>\n<script type=\"application\/ld+json\" class=\"yoast-schema-graph\">{\"@context\":\"https:\/\/schema.org\",\"@graph\":[{\"@type\":\"NewsArticle\",\"@id\":\"https:\/\/www.suno.com.br\/noticias\/trump-tarifa-50-por-cento-brasil\/#article\",\"isPartOf\":{\"@id\":\"https:\/\/www.suno.com.br\/noticias\/trump-tarifa-50-por-cento-brasil\/\"},\"author\":{\"name\":\"Reda\u00e7\u00e3o Suno Not\u00edcias\",\"@id\":\"https:\/\/www.suno.com.br\/noticias\/#\/schema\/person\/c1b1bd3727fa852bd045e9dbff3673ea\"},\"headline\":\"Trump anuncia tarifa de 50% sobre importa\u00e7\u00f5es do Brasil; veja os desdobramentos\",\"datePublished\":\"2025-07-09T21:28:43+00:00\",\"dateModified\":\"2025-07-09T23:18:06+00:00\",\"mainEntityOfPage\":{\"@id\":\"https:\/\/www.suno.com.br\/noticias\/trump-tarifa-50-por-cento-brasil\/\"},\"wordCount\":961,\"publisher\":{\"@id\":\"https:\/\/www.suno.com.br\/noticias\/#organization\"},\"image\":{\"@id\":\"https:\/\/www.suno.com.br\/noticias\/trump-tarifa-50-por-cento-brasil\/#primaryimage\"},\"thumbnailUrl\":\"https:\/\/files.sunoresearch.com.br\/n\/uploads\/2021\/06\/4156e6be-whatsapp-image-2021-06-04-at-14.26.18-1-jpg.webp\",\"articleSection\":[\"Neg\u00f3cios\"],\"inLanguage\":\"pt-BR\"},{\"@type\":\"WebPage\",\"@id\":\"https:\/\/www.suno.com.br\/noticias\/trump-tarifa-50-por-cento-brasil\/\",\"url\":\"https:\/\/www.suno.com.br\/noticias\/trump-tarifa-50-por-cento-brasil\/\",\"name\":\"Trump anuncia tarifa de 50% sobre importa\u00e7\u00f5es do Brasil; veja os desdobramentos\",\"isPartOf\":{\"@id\":\"https:\/\/www.suno.com.br\/noticias\/#website\"},\"primaryImageOfPage\":{\"@id\":\"https:\/\/www.suno.com.br\/noticias\/trump-tarifa-50-por-cento-brasil\/#primaryimage\"},\"image\":{\"@id\":\"https:\/\/www.suno.com.br\/noticias\/trump-tarifa-50-por-cento-brasil\/#primaryimage\"},\"thumbnailUrl\":\"https:\/\/files.sunoresearch.com.br\/n\/uploads\/2021\/06\/4156e6be-whatsapp-image-2021-06-04-at-14.26.18-1-jpg.webp\",\"datePublished\":\"2025-07-09T21:28:43+00:00\",\"dateModified\":\"2025-07-09T23:18:06+00:00\",\"description\":\"O presidente dos Estados Unidos, Donald Trump, anunciou a imposi\u00e7\u00e3o de uma tarifa de 50% sobre todos os produtos importados do Brasil.\",\"breadcrumb\":{\"@id\":\"https:\/\/www.suno.com.br\/noticias\/trump-tarifa-50-por-cento-brasil\/#breadcrumb\"},\"inLanguage\":\"pt-BR\",\"potentialAction\":[{\"@type\":\"ReadAction\",\"target\":[\"https:\/\/www.suno.com.br\/noticias\/trump-tarifa-50-por-cento-brasil\/\"]}]},{\"@type\":\"ImageObject\",\"inLanguage\":\"pt-BR\",\"@id\":\"https:\/\/www.suno.com.br\/noticias\/trump-tarifa-50-por-cento-brasil\/#primaryimage\",\"url\":\"https:\/\/files.sunoresearch.com.br\/n\/uploads\/2021\/06\/4156e6be-whatsapp-image-2021-06-04-at-14.26.18-1-jpg.webp\",\"contentUrl\":\"https:\/\/files.sunoresearch.com.br\/n\/uploads\/2021\/06\/4156e6be-whatsapp-image-2021-06-04-at-14.26.18-1-jpg.webp\",\"width\":1200,\"height\":700,\"caption\":\"Trump. Foto: Reprodu\u00e7\u00e3o Instagram\"},{\"@type\":\"BreadcrumbList\",\"@id\":\"https:\/\/www.suno.com.br\/noticias\/trump-tarifa-50-por-cento-brasil\/#breadcrumb\",\"itemListElement\":[{\"@type\":\"ListItem\",\"position\":1,\"name\":\"Not\u00edcias\",\"item\":\"https:\/\/www.suno.com.br\/noticias\/\"},{\"@type\":\"ListItem\",\"position\":2,\"name\":\"Neg\u00f3cios\",\"item\":\"https:\/\/www.suno.com.br\/noticias\/negocios\/\"},{\"@type\":\"ListItem\",\"position\":3,\"name\":\"Trump anuncia tarifa de 50% sobre importa\u00e7\u00f5es do Brasil; veja os desdobramentos\"}]},{\"@type\":\"WebSite\",\"@id\":\"https:\/\/www.suno.com.br\/noticias\/#website\",\"url\":\"https:\/\/www.suno.com.br\/noticias\/\",\"name\":\"Suno Not\u00edcias\",\"description\":\"Seu portal de informa\u00e7\u00e3o sobre o mundo dos investimentos\",\"publisher\":{\"@id\":\"https:\/\/www.suno.com.br\/noticias\/#organization\"},\"potentialAction\":[{\"@type\":\"SearchAction\",\"target\":{\"@type\":\"EntryPoint\",\"urlTemplate\":\"https:\/\/www.suno.com.br\/noticias\/?s={search_term_string}\"},\"query-input\":{\"@type\":\"PropertyValueSpecification\",\"valueRequired\":true,\"valueName\":\"search_term_string\"}}],\"inLanguage\":\"pt-BR\"},{\"@type\":\"Organization\",\"@id\":\"https:\/\/www.suno.com.br\/noticias\/#organization\",\"name\":\"Suno Not\u00edcias\",\"url\":\"https:\/\/www.suno.com.br\/noticias\/\",\"logo\":{\"@type\":\"ImageObject\",\"inLanguage\":\"pt-BR\",\"@id\":\"https:\/\/www.suno.com.br\/noticias\/#\/schema\/logo\/image\/\",\"url\":\"https:\/\/files.sunoresearch.com.br\/n\/uploads\/2021\/09\/suno-logo.png\",\"contentUrl\":\"https:\/\/files.sunoresearch.com.br\/n\/uploads\/2021\/09\/suno-logo.png\",\"width\":180,\"height\":180,\"caption\":\"Suno Not\u00edcias\"},\"image\":{\"@id\":\"https:\/\/www.suno.com.br\/noticias\/#\/schema\/logo\/image\/\"},\"sameAs\":[\"https:\/\/facebook.com\/sunoresearch\",\"https:\/\/x.com\/sunoresearch\",\"https:\/\/www.instagram.com\/suno\",\"https:\/\/www.linkedin.com\/company\/suno-research\/\",\"https:\/\/www.youtube.com\/c\/sunoresearch\"]},{\"@type\":\"Person\",\"@id\":\"https:\/\/www.suno.com.br\/noticias\/#\/schema\/person\/c1b1bd3727fa852bd045e9dbff3673ea\",\"name\":\"Reda\u00e7\u00e3o Suno Not\u00edcias\",\"image\":{\"@type\":\"ImageObject\",\"inLanguage\":\"pt-BR\",\"@id\":\"https:\/\/www.suno.com.br\/noticias\/#\/schema\/person\/image\/\",\"url\":\"https:\/\/secure.gravatar.com\/avatar\/b8104b9b5a71985d5238ee59fbe418af?s=96&r=g\",\"contentUrl\":\"https:\/\/secure.gravatar.com\/avatar\/b8104b9b5a71985d5238ee59fbe418af?s=96&r=g\",\"caption\":\"Reda\u00e7\u00e3o Suno Not\u00edcias\"},\"description\":\"O Suno Not\u00edcias \u00e9 um portal de informa\u00e7\u00f5es sobre Mercado Financeiro, Pol\u00edtica, Neg\u00f3cios, Economia e Finan\u00e7as Pessoais.\",\"sameAs\":[\"https:\/\/www.suno.com.br\/noticias\",\"https:\/\/www.facebook.com\/sunonoticias\/\",\"https:\/\/www.instagram.com\/sunonoticias\/\",\"https:\/\/x.com\/https:\/\/twitter.com\/sunoresearch\",\"https:\/\/www.youtube.com\/sunonoticias\"],\"url\":\"https:\/\/www.suno.com.br\/noticias\/author\/redacao-suno\/\"}]}<\/script>\n<!-- \/ Yoast SEO plugin. -->","yoast_head_json":{"title":"Trump anuncia tarifa de 50% sobre importa\u00e7\u00f5es do Brasil; veja os desdobramentos","description":"O presidente dos Estados Unidos, Donald Trump, anunciou a imposi\u00e7\u00e3o de uma tarifa de 50% sobre todos os produtos importados do Brasil.","robots":{"index":"index","follow":"follow","max-snippet":"max-snippet:-1","max-image-preview":"max-image-preview:large","max-video-preview":"max-video-preview:-1"},"canonical":"https:\/\/www.suno.com.br\/noticias\/trump-tarifa-50-por-cento-brasil\/","og_locale":"pt_BR","og_type":"article","og_title":"Trump anuncia tarifa de 50% sobre importa\u00e7\u00f5es do Brasil; veja os desdobramentos","og_description":"O presidente dos Estados Unidos, Donald Trump, anunciou a imposi\u00e7\u00e3o de uma tarifa de 50% sobre todos os produtos importados do Brasil.","og_url":"https:\/\/www.suno.com.br\/noticias\/trump-tarifa-50-por-cento-brasil\/","og_site_name":"Suno Not\u00edcias","article_publisher":"https:\/\/facebook.com\/sunoresearch","article_author":"https:\/\/www.facebook.com\/sunonoticias\/","og_image":[{"width":1200,"height":700,"url":"https:\/\/files.sunoresearch.com.br\/n\/uploads\/2021\/06\/4156e6be-whatsapp-image-2021-06-04-at-14.26.18-1.jpg","type":"image\/jpeg"}],"author":"Reda\u00e7\u00e3o Suno Not\u00edcias","twitter_card":"summary_large_image","twitter_creator":"@https:\/\/twitter.com\/sunoresearch","twitter_site":"@sunoresearch","twitter_misc":{"Escrito por":"Reda\u00e7\u00e3o Suno Not\u00edcias","Est. tempo de leitura":"5 minutos"},"schema":{"@context":"https:\/\/schema.org","@graph":[{"@type":"NewsArticle","@id":"https:\/\/www.suno.com.br\/noticias\/trump-tarifa-50-por-cento-brasil\/#article","isPartOf":{"@id":"https:\/\/www.suno.com.br\/noticias\/trump-tarifa-50-por-cento-brasil\/"},"author":{"name":"Reda\u00e7\u00e3o Suno Not\u00edcias","@id":"https:\/\/www.suno.com.br\/noticias\/#\/schema\/person\/c1b1bd3727fa852bd045e9dbff3673ea"},"headline":"Trump anuncia tarifa de 50% sobre importa\u00e7\u00f5es do Brasil; veja os desdobramentos","datePublished":"2025-07-09T21:28:43+00:00","dateModified":"2025-07-09T23:18:06+00:00","mainEntityOfPage":{"@id":"https:\/\/www.suno.com.br\/noticias\/trump-tarifa-50-por-cento-brasil\/"},"wordCount":961,"publisher":{"@id":"https:\/\/www.suno.com.br\/noticias\/#organization"},"image":{"@id":"https:\/\/www.suno.com.br\/noticias\/trump-tarifa-50-por-cento-brasil\/#primaryimage"},"thumbnailUrl":"https:\/\/files.sunoresearch.com.br\/n\/uploads\/2021\/06\/4156e6be-whatsapp-image-2021-06-04-at-14.26.18-1-jpg.webp","articleSection":["Neg\u00f3cios"],"inLanguage":"pt-BR"},{"@type":"WebPage","@id":"https:\/\/www.suno.com.br\/noticias\/trump-tarifa-50-por-cento-brasil\/","url":"https:\/\/www.suno.com.br\/noticias\/trump-tarifa-50-por-cento-brasil\/","name":"Trump anuncia tarifa de 50% sobre importa\u00e7\u00f5es do Brasil; veja os desdobramentos","isPartOf":{"@id":"https:\/\/www.suno.com.br\/noticias\/#website"},"primaryImageOfPage":{"@id":"https:\/\/www.suno.com.br\/noticias\/trump-tarifa-50-por-cento-brasil\/#primaryimage"},"image":{"@id":"https:\/\/www.suno.com.br\/noticias\/trump-tarifa-50-por-cento-brasil\/#primaryimage"},"thumbnailUrl":"https:\/\/files.sunoresearch.com.br\/n\/uploads\/2021\/06\/4156e6be-whatsapp-image-2021-06-04-at-14.26.18-1-jpg.webp","datePublished":"2025-07-09T21:28:43+00:00","dateModified":"2025-07-09T23:18:06+00:00","description":"O presidente dos Estados Unidos, Donald Trump, anunciou a imposi\u00e7\u00e3o de uma tarifa de 50% sobre todos os produtos importados do Brasil.","breadcrumb":{"@id":"https:\/\/www.suno.com.br\/noticias\/trump-tarifa-50-por-cento-brasil\/#breadcrumb"},"inLanguage":"pt-BR","potentialAction":[{"@type":"ReadAction","target":["https:\/\/www.suno.com.br\/noticias\/trump-tarifa-50-por-cento-brasil\/"]}]},{"@type":"ImageObject","inLanguage":"pt-BR","@id":"https:\/\/www.suno.com.br\/noticias\/trump-tarifa-50-por-cento-brasil\/#primaryimage","url":"https:\/\/files.sunoresearch.com.br\/n\/uploads\/2021\/06\/4156e6be-whatsapp-image-2021-06-04-at-14.26.18-1-jpg.webp","contentUrl":"https:\/\/files.sunoresearch.com.br\/n\/uploads\/2021\/06\/4156e6be-whatsapp-image-2021-06-04-at-14.26.18-1-jpg.webp","width":1200,"height":700,"caption":"Trump. Foto: Reprodu\u00e7\u00e3o Instagram"},{"@type":"BreadcrumbList","@id":"https:\/\/www.suno.com.br\/noticias\/trump-tarifa-50-por-cento-brasil\/#breadcrumb","itemListElement":[{"@type":"ListItem","position":1,"name":"Not\u00edcias","item":"https:\/\/www.suno.com.br\/noticias\/"},{"@type":"ListItem","position":2,"name":"Neg\u00f3cios","item":"https:\/\/www.suno.com.br\/noticias\/negocios\/"},{"@type":"ListItem","position":3,"name":"Trump anuncia tarifa de 50% sobre importa\u00e7\u00f5es do Brasil; veja os desdobramentos"}]},{"@type":"WebSite","@id":"https:\/\/www.suno.com.br\/noticias\/#website","url":"https:\/\/www.suno.com.br\/noticias\/","name":"Suno Not\u00edcias","description":"Seu portal de informa\u00e7\u00e3o sobre o mundo dos investimentos","publisher":{"@id":"https:\/\/www.suno.com.br\/noticias\/#organization"},"potentialAction":[{"@type":"SearchAction","target":{"@type":"EntryPoint","urlTemplate":"https:\/\/www.suno.com.br\/noticias\/?s={search_term_string}"},"query-input":{"@type":"PropertyValueSpecification","valueRequired":true,"valueName":"search_term_string"}}],"inLanguage":"pt-BR"},{"@type":"Organization","@id":"https:\/\/www.suno.com.br\/noticias\/#organization","name":"Suno Not\u00edcias","url":"https:\/\/www.suno.com.br\/noticias\/","logo":{"@type":"ImageObject","inLanguage":"pt-BR","@id":"https:\/\/www.suno.com.br\/noticias\/#\/schema\/logo\/image\/","url":"https:\/\/files.sunoresearch.com.br\/n\/uploads\/2021\/09\/suno-logo.png","contentUrl":"https:\/\/files.sunoresearch.com.br\/n\/uploads\/2021\/09\/suno-logo.png","width":180,"height":180,"caption":"Suno Not\u00edcias"},"image":{"@id":"https:\/\/www.suno.com.br\/noticias\/#\/schema\/logo\/image\/"},"sameAs":["https:\/\/facebook.com\/sunoresearch","https:\/\/x.com\/sunoresearch","https:\/\/www.instagram.com\/suno","https:\/\/www.linkedin.com\/company\/suno-research\/","https:\/\/www.youtube.com\/c\/sunoresearch"]},{"@type":"Person","@id":"https:\/\/www.suno.com.br\/noticias\/#\/schema\/person\/c1b1bd3727fa852bd045e9dbff3673ea","name":"Reda\u00e7\u00e3o Suno Not\u00edcias","image":{"@type":"ImageObject","inLanguage":"pt-BR","@id":"https:\/\/www.suno.com.br\/noticias\/#\/schema\/person\/image\/","url":"https:\/\/secure.gravatar.com\/avatar\/b8104b9b5a71985d5238ee59fbe418af?s=96&r=g","contentUrl":"https:\/\/secure.gravatar.com\/avatar\/b8104b9b5a71985d5238ee59fbe418af?s=96&r=g","caption":"Reda\u00e7\u00e3o Suno Not\u00edcias"},"description":"O Suno Not\u00edcias \u00e9 um portal de informa\u00e7\u00f5es sobre Mercado Financeiro, Pol\u00edtica, Neg\u00f3cios, Economia e Finan\u00e7as Pessoais.","sameAs":["https:\/\/www.suno.com.br\/noticias","https:\/\/www.facebook.com\/sunonoticias\/","https:\/\/www.instagram.com\/sunonoticias\/","https:\/\/x.com\/https:\/\/twitter.com\/sunoresearch","https:\/\/www.youtube.com\/sunonoticias"],"url":"https:\/\/www.suno.com.br\/noticias\/author\/redacao-suno\/"}]}},"default_loop_html":"<div class=\"cardsPage__listCard__boxs\"><div class=\"cardsPage__listCard__boxs__img\"><a href=\"https:\/\/www.suno.com.br\/noticias\/trump-tarifa-50-por-cento-brasil\/\"><img class=\"mask\" src=\"https:\/\/www.suno.com.br\/noticias\/wp-content\/themes\/suno\/resources\/images\/spotlight\/spotlight1img\/bg-mask.png\" alt=\"Image Mask\"\/><img src=\"https:\/\/files.sunoresearch.com.br\/n\/uploads\/2021\/06\/4156e6be-whatsapp-image-2021-06-04-at-14.26.18-1-400x200.webp\" alt=\"Trump anuncia tarifa de 50% sobre importa\u00e7\u00f5es do Brasil; veja os desdobramentos\"\/><\/a><span class=\"spotlightCategory\"><a href=\"https:\/\/www.suno.com.br\/noticias\/negocios\/\">Neg\u00f3cios<\/a><\/span><\/div><div class=\"cardsPage__listCard__boxs__content\"><a href=\"https:\/\/www.suno.com.br\/noticias\/trump-tarifa-50-por-cento-brasil\/\"><h2 class=\"content__title\">Trump anuncia tarifa de 50% sobre importa\u00e7\u00f5es do Brasil; veja os desdobramentos<\/h2><\/a><div class=\"newsContent__article__meta\"><div class=\"newsContent__article__meta__authorBox\"><a href=\"https:\/\/www.suno.com.br\/noticias\/author\/redacao-suno\/\" class=\"authorBox__avatar noMobi\"><img src=\"https:\/\/files.sunoresearch.com.br\/n\/uploads\/2020\/08\/0ace682d-redacao-1-150x150.webp\" alt=\"Reda\u00e7\u00e3o Suno Not\u00edcias\"><\/a><div class=\"authorBox__name\"><span>por\n\t\t\t<a href=\"https:\/\/www.suno.com.br\/noticias\/author\/redacao-suno\/\"><span itemprop=\"author\">Reda\u00e7\u00e3o Suno Not\u00edcias<\/span><\/a><\/span><time datetime=\"2025-07-09T18:28:43-03:00\" itemprop=\"datePublished\">09\/07\/2025 18:28<\/time><\/div><\/div><\/div><\/div><\/div>","single_layout":"posts","amp_enabled":true,"_links":{"self":[{"href":"https:\/\/www.suno.com.br\/noticias\/wp-json\/wp\/v2\/posts\/613091"}],"collection":[{"href":"https:\/\/www.suno.com.br\/noticias\/wp-json\/wp\/v2\/posts"}],"about":[{"href":"https:\/\/www.suno.com.br\/noticias\/wp-json\/wp\/v2\/types\/post"}],"author":[{"embeddable":true,"href":"https:\/\/www.suno.com.br\/noticias\/wp-json\/wp\/v2\/users\/43"}],"replies":[{"embeddable":true,"href":"https:\/\/www.suno.com.br\/noticias\/wp-json\/wp\/v2\/comments?post=613091"}],"version-history":[{"count":2,"href":"https:\/\/www.suno.com.br\/noticias\/wp-json\/wp\/v2\/posts\/613091\/revisions"}],"predecessor-version":[{"id":613111,"href":"https:\/\/www.suno.com.br\/noticias\/wp-json\/wp\/v2\/posts\/613091\/revisions\/613111"}],"wp:featuredmedia":[{"embeddable":true,"href":"https:\/\/www.suno.com.br\/noticias\/wp-json\/wp\/v2\/media\/154524"}],"wp:attachment":[{"href":"https:\/\/www.suno.com.br\/noticias\/wp-json\/wp\/v2\/media?parent=613091"}],"wp:term":[{"taxonomy":"category","embeddable":true,"href":"https:\/\/www.suno.com.br\/noticias\/wp-json\/wp\/v2\/categories?post=613091"},{"taxonomy":"post_tag","embeddable":true,"href":"https:\/\/www.suno.com.br\/noticias\/wp-json\/wp\/v2\/tags?post=613091"},{"taxonomy":"suno_strategy","embeddable":true,"href":"https:\/\/www.suno.com.br\/noticias\/wp-json\/wp\/v2\/suno_strategy?post=613091"}],"curies":[{"name":"wp","href":"https:\/\/api.w.org\/{rel}","templated":true}]}}