{"id":612794,"date":"2025-07-08T10:33:06","date_gmt":"2025-07-08T13:33:06","guid":{"rendered":"https:\/\/www.suno.com.br\/noticias\/?p=612794"},"modified":"2025-07-08T10:33:09","modified_gmt":"2025-07-08T13:33:09","slug":"salario-minimo-2025-valor-2026-go","status":"publish","type":"post","link":"https:\/\/www.suno.com.br\/noticias\/salario-minimo-2025-valor-2026-go\/","title":{"rendered":"Sal\u00e1rio m\u00ednimo 2025: veja qual \u00e9 o valor atual e quanto deve ser em 2026"},"content":{"rendered":"<p>O <strong>sal\u00e1rio m\u00ednimo 2025<\/strong> foi reajustado para R$ 1.518 em todo o territ\u00f3rio nacional. O valor est\u00e1 em vigor desde 1\u00ba de janeiro, conforme previsto na <a class=\"suno-keyword\" target=\"_blank\" data-force=\"no\" data-priority=\"2\" href=\"https:\/\/www.suno.com.br\/artigos\/lei-orcamentaria-anual\/\" rel=\"noopener\">Lei Or\u00e7ament\u00e1ria Anual<\/a> sancionada pelo governo federal. Os pagamentos com o novo valor come\u00e7aram a ser feitos em fevereiro.<\/p>\t<div class=\"wrapper-featured-image\">\n\t\t<figure class=\"spotlightImg\">\n\n\t\t\t<picture>\n\t\t\t\t<source media=\"(max-width: 768px)\" srcset=\"https:\/\/files.sunoresearch.com.br\/n\/uploads\/2023\/10\/salario-minimo-400x200.jpg\">\n\t\t\t\t<img loading=\"lazy\" decoding=\"async\" class=\"newsContent__article__imgCapa lazyloadDisabled \" src=\"https:\/\/files.sunoresearch.com.br\/n\/uploads\/2023\/10\/salario-minimo-800x450.jpg\" width=\"800\" height=\"450\" alt=\"Sal\u00e1rio m\u00ednimo 2025: veja qual \u00e9 o valor atual e quanto deve ser em 2026\" fetchpriority=high \/>\n\t\t\t<\/picture>\n\n\t\t\t<figcaption class=\"wp-caption-text wp-caption-text--show\">sal\u00e1rio m\u00ednimo 2025. Foto: Pixabay<\/figcaption>\n\t\t<\/figure>\n\t<\/div>\n\n\n\n\n\n\n\n\t<p>\n\t\t<a href=\"https:\/\/lp.suno.com.br\/planilha-da-vida-financeira\/\" target=\"_blank\" data-element=\"shortcode-suno-banner\" title=\"Banner SUNO, clique e saiba mais\">\n\t\t\t<picture>\n\t\t\t\t<source media=\"(max-width: 500px)\" srcset=\"https:\/\/files.sunoresearch.com.br\/n\/uploads\/2023\/04\/400x300-Planilha-vida-financeira-true.png\">\n\t\t\t\t<img class=\"newsContent__article__imgCapa newsContent__article__imgCapa--banner\"\n\t\t\t\t\tsrc=\"https:\/\/files.sunoresearch.com.br\/n\/uploads\/2023\/04\/1420x240-Planilha-vida-financeira-true.png\"\n\t\t\t\t\tdata-promo-id=\"106682\"\t\t\t\t\t\t\t\t\t\twidth='1420' height='240'\t\t\t\t\talt=\"https:\/\/files.sunoresearch.com.br\/n\/uploads\/2023\/04\/1420x240-Planilha-vida-financeira-true.png\"\n\t\t\t\t>\n\t\t\t<\/picture>\n\t\t<\/a>\n\t<\/p>\n\n\n\n\n\n<p>Esse valor representa um acr\u00e9scimo de R$ 106 em rela\u00e7\u00e3o ao piso anterior, que era de R$ 1.412. O reajuste corresponde a 7,5%, percentual superior \u00e0 infla\u00e7\u00e3o do per\u00edodo. A atualiza\u00e7\u00e3o impacta sal\u00e1rios, aposentadorias e benef\u00edcios sociais vinculados ao piso nacional.<\/p>\n\n\n\n<h2 class=\"wp-block-heading\">Quanto \u00e9 o sal\u00e1rio m\u00ednimo em S\u00e3o Paulo?<\/h2>\n\n\n\n<p>Desde 1\u00ba de julho, est\u00e1 em vigor o novo sal\u00e1rio m\u00ednimo estadual para trabalhadores de S\u00e3o Paulo. O piso paulista foi reajustado para R$ 1.804, valor R$ 286 acima do m\u00ednimo nacional. A medida foi aprovada pela Assembleia Legislativa em maio.<\/p>\n\n\n\n<p>O aumento foi de 10% em rela\u00e7\u00e3o ao valor anterior e representa um ganho real de aproximadamente 5%, segundo o governo estadual. O novo piso se aplica a categorias profissionais que n\u00e3o possuem sal\u00e1rio m\u00ednimo regional definido por conven\u00e7\u00e3o.<\/p>\n\n\n\t<p>\n\t\t<a href=\"https:\/\/lp.suno.com.br\/ebook-como-analisar-uma-acao\/\" target=\"_blank\" data-element=\"shortcode-suno-banner\" title=\"Banner SUNO, clique e saiba mais\">\n\t\t\t<picture>\n\t\t\t\t<source media=\"(max-width: 500px)\" srcset=\"https:\/\/files.sunoresearch.com.br\/n\/uploads\/2023\/03\/Ebook-Acoes-Mobile.jpg\">\n\t\t\t\t<img class=\"newsContent__article__imgCapa newsContent__article__imgCapa--banner\"\n\t\t\t\t\tsrc=\"https:\/\/files.sunoresearch.com.br\/n\/uploads\/2023\/03\/Ebook-Acoes-Desktop.jpg\"\n\t\t\t\t\tdata-promo-id=\"378302\"\t\t\t\t\t\t\t\t\t\twidth='1420' height='286'\t\t\t\t\talt=\"https:\/\/files.sunoresearch.com.br\/n\/uploads\/2023\/03\/Ebook-Acoes-Desktop.jpg\"\n\t\t\t\t>\n\t\t\t<\/picture>\n\t\t<\/a>\n\t<\/p>\n\n\n\n\n\n<h2 class=\"wp-block-heading\">Quanto ser\u00e1 o sal\u00e1rio m\u00ednimo  em 2026?<\/h2>\n\n\n\n<p>O governo federal projeta que o <strong>sal\u00e1rio m\u00ednimo 2026<\/strong> ser\u00e1 de R$ 1.630. A estimativa consta no Projeto de Lei de Diretrizes Or\u00e7ament\u00e1rias (PLDO) enviado ao Congresso. O reajuste previsto representa uma alta de 7,37% em rela\u00e7\u00e3o ao valor atual.<\/p>\n\n\n\n<p>Para os anos seguintes, o PLDO indica os seguintes valores: R$ 1.724 em 2027, R$ 1.823 em 2028 e R$ 1.925 em 2029. Esses n\u00fameros s\u00e3o calculados com base na nova pol\u00edtica permanente de valoriza\u00e7\u00e3o do sal\u00e1rio m\u00ednimo, que considera infla\u00e7\u00e3o e crescimento do PIB.<\/p>\n\n\n\n<p>O <strong>valor do sal\u00e1rio m\u00ednimo<\/strong> serve como refer\u00eancia para trabalhadores com jornada de 44 horas semanais, aposentados e benefici\u00e1rios de programas sociais.<\/p>\n\n\n\n<p>A pr\u00f3xima atualiza\u00e7\u00e3o do piso nacional est\u00e1 prevista para janeiro de 2026, conforme determina a legisla\u00e7\u00e3o. A nova pol\u00edtica de valoriza\u00e7\u00e3o do m\u00ednimo considera o INPC acumulado no ano anterior, somado \u00e0 varia\u00e7\u00e3o do PIB de dois anos antes.<\/p>\n\n\n\n<p>O <strong>sal\u00e1rio m\u00ednimo 2025<\/strong> continua servindo como refer\u00eancia para o c\u00e1lculo de benef\u00edcios, enquanto o novo valor depende da aprova\u00e7\u00e3o do or\u00e7amento e da confirma\u00e7\u00e3o dos <a class=\"suno-keyword\" target=\"_blank\" data-force=\"no\" data-priority=\"1\" href=\"https:\/\/www.suno.com.br\/artigos\/indicadores-economicos\/\" rel=\"noopener\">indicadores econ\u00f4micos<\/a> projetados.<\/p>\n\n\n\t<p>\n\t\t<a href=\"https:\/\/lp.suno.com.br\/planilha-da-vida-financeira\/\" target=\"_blank\" data-element=\"shortcode-suno-banner\" title=\"Banner SUNO, clique e saiba mais\">\n\t\t\t<picture>\n\t\t\t\t<source media=\"(max-width: 500px)\" srcset=\"https:\/\/files.sunoresearch.com.br\/n\/uploads\/2023\/04\/400x300-Planilha-vida-financeira-true.png\">\n\t\t\t\t<img class=\"newsContent__article__imgCapa newsContent__article__imgCapa--banner\"\n\t\t\t\t\tsrc=\"https:\/\/files.sunoresearch.com.br\/n\/uploads\/2023\/04\/1420x240-Planilha-vida-financeira-true.png\"\n\t\t\t\t\tdata-promo-id=\"383123\"\t\t\t\t\t\t\t\t\t\twidth='1420' height='240'\t\t\t\t\talt=\"https:\/\/files.sunoresearch.com.br\/n\/uploads\/2023\/04\/1420x240-Planilha-vida-financeira-true.png\"\n\t\t\t\t>\n\t\t\t<\/picture>\n\t\t<\/a>\n\t<\/p>\n\n\n","protected":false},"excerpt":{"rendered":"<p>O sal\u00e1rio m\u00ednimo 2025 foi reajustado para R$ 1.518 em todo o territ\u00f3rio nacional. O valor est\u00e1 em vigor desde 1\u00ba de janeiro, conforme previsto na Lei Or\u00e7ament\u00e1ria Anual sancionada pelo governo federal. Os pagamentos com o novo valor come\u00e7aram a ser feitos em fevereiro. sal\u00e1rio m\u00ednimo 2025. Foto: Pixabay Esse valor representa um acr\u00e9scimo [&hellip;]<\/p>\n","protected":false},"author":404,"featured_media":466374,"comment_status":"closed","ping_status":"closed","sticky":false,"template":"","format":"standard","meta":[],"categories":[62],"tags":[1824],"suno_strategy":[],"class_list":["post-612794","post","type-post","status-publish","format-standard","has-post-thumbnail","hentry","category-economia","tag-salario-minimo"],"yoast_head":"<!-- This site is optimized with the Yoast SEO plugin v24.4 - https:\/\/yoast.com\/wordpress\/plugins\/seo\/ -->\n<title>Sal\u00e1rio m\u00ednimo 2025: veja valor atual e previs\u00e3o para 2026<\/title>\n<meta name=\"description\" content=\"O sal\u00e1rio m\u00ednimo 2025 \u00e9 de R$ 1.518 no Brasil e R$ 1.804 em S\u00e3o Paulo. Veja a previs\u00e3o do governo para o valor do sal\u00e1rio m\u00ednimo em 2026.\" \/>\n<meta name=\"robots\" content=\"index, follow, max-snippet:-1, max-image-preview:large, max-video-preview:-1\" \/>\n<link rel=\"canonical\" href=\"https:\/\/www.suno.com.br\/noticias\/salario-minimo-2025-valor-2026-go\/\" \/>\n<meta property=\"og:locale\" content=\"pt_BR\" \/>\n<meta property=\"og:type\" content=\"article\" \/>\n<meta property=\"og:title\" content=\"Sal\u00e1rio m\u00ednimo 2025: veja valor atual e previs\u00e3o para 2026\" \/>\n<meta property=\"og:description\" content=\"O sal\u00e1rio m\u00ednimo 2025 \u00e9 de R$ 1.518 no Brasil e R$ 1.804 em S\u00e3o Paulo. Veja a previs\u00e3o do governo para o valor do sal\u00e1rio m\u00ednimo em 2026.\" \/>\n<meta property=\"og:url\" content=\"https:\/\/www.suno.com.br\/noticias\/salario-minimo-2025-valor-2026-go\/\" \/>\n<meta property=\"og:site_name\" content=\"Suno Not\u00edcias\" \/>\n<meta property=\"article:publisher\" content=\"https:\/\/facebook.com\/sunoresearch\" \/>\n<meta property=\"og:image\" content=\"https:\/\/files.sunoresearch.com.br\/n\/uploads\/2023\/10\/salario-minimo.jpg\" \/>\n\t<meta property=\"og:image:width\" content=\"1280\" \/>\n\t<meta property=\"og:image:height\" content=\"853\" \/>\n\t<meta property=\"og:image:type\" content=\"image\/jpeg\" \/>\n<meta name=\"author\" content=\"Giovanna Oliveira\" \/>\n<meta name=\"twitter:card\" content=\"summary_large_image\" \/>\n<meta name=\"twitter:creator\" content=\"@sunoresearch\" \/>\n<meta name=\"twitter:site\" content=\"@sunoresearch\" \/>\n<meta name=\"twitter:label1\" content=\"Escrito por\" \/>\n\t<meta name=\"twitter:data1\" content=\"Giovanna Oliveira\" \/>\n\t<meta name=\"twitter:label2\" content=\"Est. tempo de leitura\" \/>\n\t<meta name=\"twitter:data2\" content=\"3 minutos\" \/>\n<script type=\"application\/ld+json\" class=\"yoast-schema-graph\">{\"@context\":\"https:\/\/schema.org\",\"@graph\":[{\"@type\":\"NewsArticle\",\"@id\":\"https:\/\/www.suno.com.br\/noticias\/salario-minimo-2025-valor-2026-go\/#article\",\"isPartOf\":{\"@id\":\"https:\/\/www.suno.com.br\/noticias\/salario-minimo-2025-valor-2026-go\/\"},\"author\":{\"name\":\"Giovanna Oliveira\",\"@id\":\"https:\/\/www.suno.com.br\/noticias\/#\/schema\/person\/506bb13f624e6983050ae5bf648c7a54\"},\"headline\":\"Sal\u00e1rio m\u00ednimo 2025: veja qual \u00e9 o valor atual e quanto deve ser em 2026\",\"datePublished\":\"2025-07-08T13:33:06+00:00\",\"dateModified\":\"2025-07-08T13:33:09+00:00\",\"mainEntityOfPage\":{\"@id\":\"https:\/\/www.suno.com.br\/noticias\/salario-minimo-2025-valor-2026-go\/\"},\"wordCount\":411,\"publisher\":{\"@id\":\"https:\/\/www.suno.com.br\/noticias\/#organization\"},\"image\":{\"@id\":\"https:\/\/www.suno.com.br\/noticias\/salario-minimo-2025-valor-2026-go\/#primaryimage\"},\"thumbnailUrl\":\"https:\/\/files.sunoresearch.com.br\/n\/uploads\/2023\/10\/salario-minimo.jpg\",\"keywords\":[\"sal\u00e1rio m\u00ednimo\"],\"articleSection\":[\"Economia\"],\"inLanguage\":\"pt-BR\"},{\"@type\":\"WebPage\",\"@id\":\"https:\/\/www.suno.com.br\/noticias\/salario-minimo-2025-valor-2026-go\/\",\"url\":\"https:\/\/www.suno.com.br\/noticias\/salario-minimo-2025-valor-2026-go\/\",\"name\":\"Sal\u00e1rio m\u00ednimo 2025: veja valor atual e previs\u00e3o para 2026\",\"isPartOf\":{\"@id\":\"https:\/\/www.suno.com.br\/noticias\/#website\"},\"primaryImageOfPage\":{\"@id\":\"https:\/\/www.suno.com.br\/noticias\/salario-minimo-2025-valor-2026-go\/#primaryimage\"},\"image\":{\"@id\":\"https:\/\/www.suno.com.br\/noticias\/salario-minimo-2025-valor-2026-go\/#primaryimage\"},\"thumbnailUrl\":\"https:\/\/files.sunoresearch.com.br\/n\/uploads\/2023\/10\/salario-minimo.jpg\",\"datePublished\":\"2025-07-08T13:33:06+00:00\",\"dateModified\":\"2025-07-08T13:33:09+00:00\",\"description\":\"O sal\u00e1rio m\u00ednimo 2025 \u00e9 de R$ 1.518 no Brasil e R$ 1.804 em S\u00e3o Paulo. Veja a previs\u00e3o do governo para o valor do sal\u00e1rio m\u00ednimo em 2026.\",\"breadcrumb\":{\"@id\":\"https:\/\/www.suno.com.br\/noticias\/salario-minimo-2025-valor-2026-go\/#breadcrumb\"},\"inLanguage\":\"pt-BR\",\"potentialAction\":[{\"@type\":\"ReadAction\",\"target\":[\"https:\/\/www.suno.com.br\/noticias\/salario-minimo-2025-valor-2026-go\/\"]}]},{\"@type\":\"ImageObject\",\"inLanguage\":\"pt-BR\",\"@id\":\"https:\/\/www.suno.com.br\/noticias\/salario-minimo-2025-valor-2026-go\/#primaryimage\",\"url\":\"https:\/\/files.sunoresearch.com.br\/n\/uploads\/2023\/10\/salario-minimo.jpg\",\"contentUrl\":\"https:\/\/files.sunoresearch.com.br\/n\/uploads\/2023\/10\/salario-minimo.jpg\",\"width\":1280,\"height\":853,\"caption\":\"sal\u00e1rio m\u00ednimo 2025. Foto: Pixabay\"},{\"@type\":\"BreadcrumbList\",\"@id\":\"https:\/\/www.suno.com.br\/noticias\/salario-minimo-2025-valor-2026-go\/#breadcrumb\",\"itemListElement\":[{\"@type\":\"ListItem\",\"position\":1,\"name\":\"Not\u00edcias\",\"item\":\"https:\/\/www.suno.com.br\/noticias\/\"},{\"@type\":\"ListItem\",\"position\":2,\"name\":\"Economia\",\"item\":\"https:\/\/www.suno.com.br\/noticias\/economia\/\"},{\"@type\":\"ListItem\",\"position\":3,\"name\":\"Sal\u00e1rio m\u00ednimo 2025: veja qual \u00e9 o valor atual e quanto deve ser em 2026\"}]},{\"@type\":\"WebSite\",\"@id\":\"https:\/\/www.suno.com.br\/noticias\/#website\",\"url\":\"https:\/\/www.suno.com.br\/noticias\/\",\"name\":\"Suno Not\u00edcias\",\"description\":\"Seu portal de informa\u00e7\u00e3o sobre o mundo dos investimentos\",\"publisher\":{\"@id\":\"https:\/\/www.suno.com.br\/noticias\/#organization\"},\"potentialAction\":[{\"@type\":\"SearchAction\",\"target\":{\"@type\":\"EntryPoint\",\"urlTemplate\":\"https:\/\/www.suno.com.br\/noticias\/?s={search_term_string}\"},\"query-input\":{\"@type\":\"PropertyValueSpecification\",\"valueRequired\":true,\"valueName\":\"search_term_string\"}}],\"inLanguage\":\"pt-BR\"},{\"@type\":\"Organization\",\"@id\":\"https:\/\/www.suno.com.br\/noticias\/#organization\",\"name\":\"Suno Not\u00edcias\",\"url\":\"https:\/\/www.suno.com.br\/noticias\/\",\"logo\":{\"@type\":\"ImageObject\",\"inLanguage\":\"pt-BR\",\"@id\":\"https:\/\/www.suno.com.br\/noticias\/#\/schema\/logo\/image\/\",\"url\":\"https:\/\/files.sunoresearch.com.br\/n\/uploads\/2021\/09\/suno-logo.png\",\"contentUrl\":\"https:\/\/files.sunoresearch.com.br\/n\/uploads\/2021\/09\/suno-logo.png\",\"width\":180,\"height\":180,\"caption\":\"Suno Not\u00edcias\"},\"image\":{\"@id\":\"https:\/\/www.suno.com.br\/noticias\/#\/schema\/logo\/image\/\"},\"sameAs\":[\"https:\/\/facebook.com\/sunoresearch\",\"https:\/\/x.com\/sunoresearch\",\"https:\/\/www.instagram.com\/suno\",\"https:\/\/www.linkedin.com\/company\/suno-research\/\",\"https:\/\/www.youtube.com\/c\/sunoresearch\"]},{\"@type\":\"Person\",\"@id\":\"https:\/\/www.suno.com.br\/noticias\/#\/schema\/person\/506bb13f624e6983050ae5bf648c7a54\",\"name\":\"Giovanna Oliveira\",\"image\":{\"@type\":\"ImageObject\",\"inLanguage\":\"pt-BR\",\"@id\":\"https:\/\/www.suno.com.br\/noticias\/#\/schema\/person\/image\/\",\"url\":\"https:\/\/secure.gravatar.com\/avatar\/8d180e5cea232a9bb3af521589b133fa?s=96&r=g\",\"contentUrl\":\"https:\/\/secure.gravatar.com\/avatar\/8d180e5cea232a9bb3af521589b133fa?s=96&r=g\",\"caption\":\"Giovanna Oliveira\"},\"description\":\"Jornalista com mais de sete anos de experi\u00eancia na cobertura de finan\u00e7as e economia. P\u00f3s-graduada em Neg\u00f3cios e Inova\u00e7\u00e3o (ESPM-SP) e mestranda em Finan\u00e7as (UADE Business School\u2013Buenos Aires).\",\"url\":\"https:\/\/www.suno.com.br\/noticias\/author\/giovannalmd-oliveiragmail-com\/\"}]}<\/script>\n<!-- \/ Yoast SEO plugin. -->","yoast_head_json":{"title":"Sal\u00e1rio m\u00ednimo 2025: veja valor atual e previs\u00e3o para 2026","description":"O sal\u00e1rio m\u00ednimo 2025 \u00e9 de R$ 1.518 no Brasil e R$ 1.804 em S\u00e3o Paulo. Veja a previs\u00e3o do governo para o valor do sal\u00e1rio m\u00ednimo em 2026.","robots":{"index":"index","follow":"follow","max-snippet":"max-snippet:-1","max-image-preview":"max-image-preview:large","max-video-preview":"max-video-preview:-1"},"canonical":"https:\/\/www.suno.com.br\/noticias\/salario-minimo-2025-valor-2026-go\/","og_locale":"pt_BR","og_type":"article","og_title":"Sal\u00e1rio m\u00ednimo 2025: veja valor atual e previs\u00e3o para 2026","og_description":"O sal\u00e1rio m\u00ednimo 2025 \u00e9 de R$ 1.518 no Brasil e R$ 1.804 em S\u00e3o Paulo. Veja a previs\u00e3o do governo para o valor do sal\u00e1rio m\u00ednimo em 2026.","og_url":"https:\/\/www.suno.com.br\/noticias\/salario-minimo-2025-valor-2026-go\/","og_site_name":"Suno Not\u00edcias","article_publisher":"https:\/\/facebook.com\/sunoresearch","og_image":[{"width":1280,"height":853,"url":"https:\/\/files.sunoresearch.com.br\/n\/uploads\/2023\/10\/salario-minimo.jpg","type":"image\/jpeg"}],"author":"Giovanna Oliveira","twitter_card":"summary_large_image","twitter_creator":"@sunoresearch","twitter_site":"@sunoresearch","twitter_misc":{"Escrito por":"Giovanna Oliveira","Est. tempo de leitura":"3 minutos"},"schema":{"@context":"https:\/\/schema.org","@graph":[{"@type":"NewsArticle","@id":"https:\/\/www.suno.com.br\/noticias\/salario-minimo-2025-valor-2026-go\/#article","isPartOf":{"@id":"https:\/\/www.suno.com.br\/noticias\/salario-minimo-2025-valor-2026-go\/"},"author":{"name":"Giovanna Oliveira","@id":"https:\/\/www.suno.com.br\/noticias\/#\/schema\/person\/506bb13f624e6983050ae5bf648c7a54"},"headline":"Sal\u00e1rio m\u00ednimo 2025: veja qual \u00e9 o valor atual e quanto deve ser em 2026","datePublished":"2025-07-08T13:33:06+00:00","dateModified":"2025-07-08T13:33:09+00:00","mainEntityOfPage":{"@id":"https:\/\/www.suno.com.br\/noticias\/salario-minimo-2025-valor-2026-go\/"},"wordCount":411,"publisher":{"@id":"https:\/\/www.suno.com.br\/noticias\/#organization"},"image":{"@id":"https:\/\/www.suno.com.br\/noticias\/salario-minimo-2025-valor-2026-go\/#primaryimage"},"thumbnailUrl":"https:\/\/files.sunoresearch.com.br\/n\/uploads\/2023\/10\/salario-minimo.jpg","keywords":["sal\u00e1rio m\u00ednimo"],"articleSection":["Economia"],"inLanguage":"pt-BR"},{"@type":"WebPage","@id":"https:\/\/www.suno.com.br\/noticias\/salario-minimo-2025-valor-2026-go\/","url":"https:\/\/www.suno.com.br\/noticias\/salario-minimo-2025-valor-2026-go\/","name":"Sal\u00e1rio m\u00ednimo 2025: veja valor atual e previs\u00e3o para 2026","isPartOf":{"@id":"https:\/\/www.suno.com.br\/noticias\/#website"},"primaryImageOfPage":{"@id":"https:\/\/www.suno.com.br\/noticias\/salario-minimo-2025-valor-2026-go\/#primaryimage"},"image":{"@id":"https:\/\/www.suno.com.br\/noticias\/salario-minimo-2025-valor-2026-go\/#primaryimage"},"thumbnailUrl":"https:\/\/files.sunoresearch.com.br\/n\/uploads\/2023\/10\/salario-minimo.jpg","datePublished":"2025-07-08T13:33:06+00:00","dateModified":"2025-07-08T13:33:09+00:00","description":"O sal\u00e1rio m\u00ednimo 2025 \u00e9 de R$ 1.518 no Brasil e R$ 1.804 em S\u00e3o Paulo. Veja a previs\u00e3o do governo para o valor do sal\u00e1rio m\u00ednimo em 2026.","breadcrumb":{"@id":"https:\/\/www.suno.com.br\/noticias\/salario-minimo-2025-valor-2026-go\/#breadcrumb"},"inLanguage":"pt-BR","potentialAction":[{"@type":"ReadAction","target":["https:\/\/www.suno.com.br\/noticias\/salario-minimo-2025-valor-2026-go\/"]}]},{"@type":"ImageObject","inLanguage":"pt-BR","@id":"https:\/\/www.suno.com.br\/noticias\/salario-minimo-2025-valor-2026-go\/#primaryimage","url":"https:\/\/files.sunoresearch.com.br\/n\/uploads\/2023\/10\/salario-minimo.jpg","contentUrl":"https:\/\/files.sunoresearch.com.br\/n\/uploads\/2023\/10\/salario-minimo.jpg","width":1280,"height":853,"caption":"sal\u00e1rio m\u00ednimo 2025. Foto: Pixabay"},{"@type":"BreadcrumbList","@id":"https:\/\/www.suno.com.br\/noticias\/salario-minimo-2025-valor-2026-go\/#breadcrumb","itemListElement":[{"@type":"ListItem","position":1,"name":"Not\u00edcias","item":"https:\/\/www.suno.com.br\/noticias\/"},{"@type":"ListItem","position":2,"name":"Economia","item":"https:\/\/www.suno.com.br\/noticias\/economia\/"},{"@type":"ListItem","position":3,"name":"Sal\u00e1rio m\u00ednimo 2025: veja qual \u00e9 o valor atual e quanto deve ser em 2026"}]},{"@type":"WebSite","@id":"https:\/\/www.suno.com.br\/noticias\/#website","url":"https:\/\/www.suno.com.br\/noticias\/","name":"Suno Not\u00edcias","description":"Seu portal de informa\u00e7\u00e3o sobre o mundo dos investimentos","publisher":{"@id":"https:\/\/www.suno.com.br\/noticias\/#organization"},"potentialAction":[{"@type":"SearchAction","target":{"@type":"EntryPoint","urlTemplate":"https:\/\/www.suno.com.br\/noticias\/?s={search_term_string}"},"query-input":{"@type":"PropertyValueSpecification","valueRequired":true,"valueName":"search_term_string"}}],"inLanguage":"pt-BR"},{"@type":"Organization","@id":"https:\/\/www.suno.com.br\/noticias\/#organization","name":"Suno Not\u00edcias","url":"https:\/\/www.suno.com.br\/noticias\/","logo":{"@type":"ImageObject","inLanguage":"pt-BR","@id":"https:\/\/www.suno.com.br\/noticias\/#\/schema\/logo\/image\/","url":"https:\/\/files.sunoresearch.com.br\/n\/uploads\/2021\/09\/suno-logo.png","contentUrl":"https:\/\/files.sunoresearch.com.br\/n\/uploads\/2021\/09\/suno-logo.png","width":180,"height":180,"caption":"Suno Not\u00edcias"},"image":{"@id":"https:\/\/www.suno.com.br\/noticias\/#\/schema\/logo\/image\/"},"sameAs":["https:\/\/facebook.com\/sunoresearch","https:\/\/x.com\/sunoresearch","https:\/\/www.instagram.com\/suno","https:\/\/www.linkedin.com\/company\/suno-research\/","https:\/\/www.youtube.com\/c\/sunoresearch"]},{"@type":"Person","@id":"https:\/\/www.suno.com.br\/noticias\/#\/schema\/person\/506bb13f624e6983050ae5bf648c7a54","name":"Giovanna Oliveira","image":{"@type":"ImageObject","inLanguage":"pt-BR","@id":"https:\/\/www.suno.com.br\/noticias\/#\/schema\/person\/image\/","url":"https:\/\/secure.gravatar.com\/avatar\/8d180e5cea232a9bb3af521589b133fa?s=96&r=g","contentUrl":"https:\/\/secure.gravatar.com\/avatar\/8d180e5cea232a9bb3af521589b133fa?s=96&r=g","caption":"Giovanna Oliveira"},"description":"Jornalista com mais de sete anos de experi\u00eancia na cobertura de finan\u00e7as e economia. P\u00f3s-graduada em Neg\u00f3cios e Inova\u00e7\u00e3o (ESPM-SP) e mestranda em Finan\u00e7as (UADE Business School\u2013Buenos Aires).","url":"https:\/\/www.suno.com.br\/noticias\/author\/giovannalmd-oliveiragmail-com\/"}]}},"default_loop_html":"<div class=\"cardsPage__listCard__boxs\"><div class=\"cardsPage__listCard__boxs__img\"><a href=\"https:\/\/www.suno.com.br\/noticias\/salario-minimo-2025-valor-2026-go\/\"><img class=\"mask\" src=\"https:\/\/www.suno.com.br\/noticias\/wp-content\/themes\/suno\/resources\/images\/spotlight\/spotlight1img\/bg-mask.png\" alt=\"Image Mask\"\/><img src=\"https:\/\/files.sunoresearch.com.br\/n\/uploads\/2023\/10\/salario-minimo-400x200.jpg\" alt=\"Sal\u00e1rio m\u00ednimo 2025: veja qual \u00e9 o valor atual e quanto deve ser em 2026\"\/><\/a><span class=\"spotlightCategory\"><a href=\"https:\/\/www.suno.com.br\/noticias\/economia\/\">Economia<\/a><\/span><\/div><div class=\"cardsPage__listCard__boxs__content\"><a href=\"https:\/\/www.suno.com.br\/noticias\/salario-minimo-2025-valor-2026-go\/\"><h2 class=\"content__title\">Sal\u00e1rio m\u00ednimo 2025: veja qual \u00e9 o valor atual e quanto deve ser em 2026<\/h2><\/a><div class=\"newsContent__article__meta\"><div class=\"newsContent__article__meta__authorBox\"><a href=\"https:\/\/www.suno.com.br\/noticias\/author\/giovannalmd-oliveiragmail-com\/\" class=\"authorBox__avatar noMobi\"><img src=\"https:\/\/secure.gravatar.com\/avatar\/8d180e5cea232a9bb3af521589b133fa?s=96&#038;r=g\" alt=\"Giovanna Oliveira\"><\/a><div class=\"authorBox__name\"><span>por\n\t\t\t<a href=\"https:\/\/www.suno.com.br\/noticias\/author\/giovannalmd-oliveiragmail-com\/\"><span itemprop=\"author\">Giovanna Oliveira<\/span><\/a><\/span><time datetime=\"2025-07-08T10:33:06-03:00\" itemprop=\"datePublished\">08\/07\/2025 10:33<\/time><\/div><\/div><\/div><\/div><\/div>","single_layout":"posts","amp_enabled":true,"_links":{"self":[{"href":"https:\/\/www.suno.com.br\/noticias\/wp-json\/wp\/v2\/posts\/612794"}],"collection":[{"href":"https:\/\/www.suno.com.br\/noticias\/wp-json\/wp\/v2\/posts"}],"about":[{"href":"https:\/\/www.suno.com.br\/noticias\/wp-json\/wp\/v2\/types\/post"}],"author":[{"embeddable":true,"href":"https:\/\/www.suno.com.br\/noticias\/wp-json\/wp\/v2\/users\/404"}],"replies":[{"embeddable":true,"href":"https:\/\/www.suno.com.br\/noticias\/wp-json\/wp\/v2\/comments?post=612794"}],"version-history":[{"count":2,"href":"https:\/\/www.suno.com.br\/noticias\/wp-json\/wp\/v2\/posts\/612794\/revisions"}],"predecessor-version":[{"id":612799,"href":"https:\/\/www.suno.com.br\/noticias\/wp-json\/wp\/v2\/posts\/612794\/revisions\/612799"}],"wp:featuredmedia":[{"embeddable":true,"href":"https:\/\/www.suno.com.br\/noticias\/wp-json\/wp\/v2\/media\/466374"}],"wp:attachment":[{"href":"https:\/\/www.suno.com.br\/noticias\/wp-json\/wp\/v2\/media?parent=612794"}],"wp:term":[{"taxonomy":"category","embeddable":true,"href":"https:\/\/www.suno.com.br\/noticias\/wp-json\/wp\/v2\/categories?post=612794"},{"taxonomy":"post_tag","embeddable":true,"href":"https:\/\/www.suno.com.br\/noticias\/wp-json\/wp\/v2\/tags?post=612794"},{"taxonomy":"suno_strategy","embeddable":true,"href":"https:\/\/www.suno.com.br\/noticias\/wp-json\/wp\/v2\/suno_strategy?post=612794"}],"curies":[{"name":"wp","href":"https:\/\/api.w.org\/{rel}","templated":true}]}}