{"id":61252,"date":"2020-04-13T15:57:52","date_gmt":"2020-04-13T18:57:52","guid":{"rendered":"https:\/\/www.suno.com.br\/noticias\/?p=61252"},"modified":"2020-04-13T16:01:34","modified_gmt":"2020-04-13T19:01:34","slug":"amazon-libera-venda-nao-essenciais","status":"publish","type":"post","link":"https:\/\/www.suno.com.br\/noticias\/amazon-libera-venda-nao-essenciais\/","title":{"rendered":"Amazon volta a autorizar venda de artigos n\u00e3o essenciais na plataforma"},"content":{"rendered":"<p>A <strong>Amazon<\/strong> voltar\u00e1 a permitir nesta semana a venda de itens n\u00e3o essenciais em sua plataforma. A decis\u00e3o aponta para um atendimento mais amplo \u00e0s necessidades do consumidores.<\/p>\t<div class=\"wrapper-featured-image\">\n\t\t<figure class=\"spotlightImg\">\n\n\t\t\t<picture>\n\t\t\t\t<source media=\"(max-width: 768px)\" srcset=\"https:\/\/files.sunoresearch.com.br\/n\/uploads\/2019\/09\/1e7afb9f-amazon-1-400x200.webp\">\n\t\t\t\t<img loading=\"lazy\" decoding=\"async\" class=\"newsContent__article__imgCapa lazyloadDisabled newsContent__article__imgCapa--noCaption\" src=\"https:\/\/files.sunoresearch.com.br\/n\/uploads\/2019\/09\/1e7afb9f-amazon-1-800x450.webp\" width=\"800\" height=\"450\" alt=\"Amazon volta a autorizar venda de artigos n\u00e3o essenciais na plataforma\" fetchpriority=high \/>\n\t\t\t<\/picture>\n\n\t\t\t<figcaption class=\"wp-caption-text wp-caption-text--hide\">Amazon <\/figcaption>\n\t\t<\/figure>\n\t<\/div>\n\n\n\n<p>A companhia havia estipulado maior prioridade para a venda de produtos considerados essenciais, como produtos de limpeza, itens de assist\u00eancia m\u00e9dica e alimentos. A <strong>Amazon<\/strong> interrompeu o envio de produtos que n\u00e3o correspondiam \u00e0s necessidades de compra geradas pela <a href=\"https:\/\/www.suno.com.br\/noticias\/tags\/coronavirus\/\">pandemia do novo coronav\u00edrus (covid-19)<\/a>.<\/p>\n<p><a href=\"https:\/\/lp.suno.com.br\/suno-one\/\">Saiba mais: <span data-sheets-value=\"{&quot;1&quot;:2,&quot;2&quot;:&quot;Na Suno One voc\u00ea aprende como fazer o seu dinheiro para trabalhar para voc\u00ea. Cadastre-se agora.&quot;}\" data-sheets-userformat=\"{&quot;2&quot;:513,&quot;3&quot;:{&quot;1&quot;:0},&quot;12&quot;:0}\">Na Suno One voc\u00ea aprende como fazer o seu dinheiro para trabalhar para voc\u00ea. Cadastre-se agora.<\/span><\/a><\/p>\n<p>\u201cNo fim desta semana, permitiremos mais produtos em nossos centros de atendimento\u201d, informou uma porta-voz da Amazon. \u201cOs produtos ser\u00e3o limitados pela quantidade para permitir que continuemos priorizando e protegendo os funcion\u00e1rios, al\u00e9m de garantir que a maioria dos parceiros de vendas possa enviar mercadorias para nossas instala\u00e7\u00f5es\u201d.<\/p>\n<p><a href=\"https:\/\/www.suno.com.br\/noticias\/ceo-da-amazon-doa-us-100-mi-para-auxiliar-familias-carentes\/\">Saiba mais: CEO da Amazon doa US$ 100 mi para auxiliar fam\u00edlias carentes<\/a><\/p>\n<p>A medida causou repercuss\u00e3o entre os que vendem como terceiros na plataforma. Terceiros s\u00e3o respons\u00e1veis pela parcela de 58% da vendas realizadas pela Amazon.<\/p>\n<p>A empresa recebeu milhares de pedidos durante as medidas de isolamento social para a redu\u00e7\u00e3o da dissemina\u00e7\u00e3o do novo coronav\u00edrus. Dessa forma, sua rede de distribui\u00e7\u00e3o tem se esfor\u00e7ado para nivelar a <a href=\"https:\/\/www.suno.com.br\/artigos\/oferta-demanda\/\">demanda e o tempo de entrega de pedidos<\/a>. Em programa por assinatura Prime, o prazo para entrega era de um dia ou menos, no entanto em algumas cidades o per\u00edodo chegou a at\u00e9 um m\u00eas.<\/p>\n<h2>Amazon contrata 75 mil funcion\u00e1rios<\/h2>\n<p>A Amazon anunciou nesta segunda-feira (13) que estava contratando 75 mil <strong>empregados adicionais,<\/strong> com o objetivo de atender a demanda. A gigante do varejo online contratou no \u00faltimo m\u00eas mais de 100 mil funcion\u00e1rios em regime de per\u00edodo integral e meio per\u00edodo em centros.<\/p>\n<p>Os novos contratados foram alocados em centros de distribui\u00e7\u00e3o e em sua rede de distribui\u00e7\u00e3o nos Estados Unidos. Rec\u00e9m-chegados j\u00e1 correspondem a um quinto dos sal\u00e1rios da Amazon.<\/p>\n\t<p>\n\t\t<a href=\"https:\/\/lp.suno.com.br\/minicurso-investindo-fiis\/\" target=\"_blank\" data-element=\"shortcode-suno-banner\" title=\"Banner SUNO, clique e saiba mais\">\n\t\t\t<picture>\n\t\t\t\t<source media=\"(max-width: 500px)\" srcset=\"https:\/\/files.sunoresearch.com.br\/n\/uploads\/2023\/03\/400x300-Minicurso-FIIS.png\">\n\t\t\t\t<img class=\"newsContent__article__imgCapa newsContent__article__imgCapa--banner\"\n\t\t\t\t\tsrc=\"https:\/\/files.sunoresearch.com.br\/n\/uploads\/2023\/03\/1420x240-Minicurso-FIIS.png\"\n\t\t\t\t\tdata-promo-id=\"383125\"\t\t\t\t\t\t\t\t\t\twidth='1420' height='240'\t\t\t\t\talt=\"https:\/\/files.sunoresearch.com.br\/n\/uploads\/2023\/03\/1420x240-Minicurso-FIIS.png\"\n\t\t\t\t>\n\t\t\t<\/picture>\n\t\t<\/a>\n\t<\/p>\n\n\n<p>Vendedores de produtos considerados n\u00e3o essenciais, n\u00e3o relacionados \u00e0 sa\u00fade, bem-estar e limpeza, poder\u00e3o enviar itens para a Amazon ainda nesta semana. Entretanto, h\u00e1 um limite para a quantidade de artigos que poder\u00e3o ser encaminhados. A medida visa manter espa\u00e7o nos centros de distribui\u00e7\u00e3o para bens essenciais.<\/p>\n<p><a class=\"row-title\" href=\"https:\/\/www.suno.com.br\/noticias\/wp-admin\/post.php?post=54078&amp;action=edit\" aria-label=\"\u201cAmazon inaugura supermercado sem caixas registradoras nos EUA\u201d (Editar)\">Leia mais: Amazon inaugura supermercado sem caixas registradoras nos EUA<\/a><\/p>\n<p>Conforme informa\u00e7\u00f5es de fonte, as contrata\u00e7\u00f5es adicionais ir\u00e3o ajudar a companhia na venda de produtos considerados n\u00e3o essenciais. Com o ritmo acelerado de contrata\u00e7\u00e3o, enquanto muitas empresas est\u00e3o demitindo funcion\u00e1rios, a <strong>Amazon<\/strong> se tornou um dos maiores empregadores durante a pandemia.<\/p>\n\n<p>&nbsp;<\/p>\n","protected":false},"excerpt":{"rendered":"<p>A Amazon voltar\u00e1 a permitir nesta semana a venda de itens n\u00e3o essenciais em sua plataforma. A decis\u00e3o aponta para um atendimento mais amplo \u00e0s necessidades do consumidores. Amazon A companhia havia estipulado maior prioridade para a venda de produtos considerados essenciais, como produtos de limpeza, itens de assist\u00eancia m\u00e9dica e alimentos. A Amazon interrompeu [&hellip;]<\/p>\n","protected":false},"author":35,"featured_media":37073,"comment_status":"closed","ping_status":"closed","sticky":false,"template":"","format":"standard","meta":[],"categories":[64],"tags":[694,1978,2487],"suno_strategy":[],"class_list":["post-61252","post","type-post","status-publish","format-standard","has-post-thumbnail","hentry","category-negocios","tag-amazon-amzo34","tag-amazon-prime","tag-coronavirus"],"yoast_head":"<!-- This site is optimized with the Yoast SEO plugin v24.4 - https:\/\/yoast.com\/wordpress\/plugins\/seo\/ -->\n<title>Amazon volta a autorizar venda de artigos n\u00e3o essenciais na plataforma<\/title>\n<meta name=\"description\" content=\"A Amazon havia interrompido o envio de produtos que n\u00e3o correspondiam \u00e0s necessidades geradas pela pandemia. Clique para saber mais\" \/>\n<meta name=\"robots\" content=\"index, follow, max-snippet:-1, max-image-preview:large, max-video-preview:-1\" \/>\n<link rel=\"canonical\" href=\"https:\/\/www.suno.com.br\/noticias\/amazon-libera-venda-nao-essenciais\/\" \/>\n<meta property=\"og:locale\" content=\"pt_BR\" \/>\n<meta property=\"og:type\" content=\"article\" \/>\n<meta property=\"og:title\" content=\"Amazon volta a autorizar venda de artigos n\u00e3o essenciais na plataforma\" \/>\n<meta property=\"og:description\" content=\"A Amazon havia interrompido o envio de produtos que n\u00e3o correspondiam \u00e0s necessidades geradas pela pandemia. Clique para saber mais\" \/>\n<meta property=\"og:url\" content=\"https:\/\/www.suno.com.br\/noticias\/amazon-libera-venda-nao-essenciais\/\" \/>\n<meta property=\"og:site_name\" content=\"Suno Not\u00edcias\" \/>\n<meta property=\"article:publisher\" content=\"https:\/\/facebook.com\/sunoresearch\" \/>\n<meta property=\"og:image\" content=\"https:\/\/files.sunoresearch.com.br\/n\/uploads\/2019\/09\/1e7afb9f-amazon-1.jpg\" \/>\n\t<meta property=\"og:image:width\" content=\"1280\" \/>\n\t<meta property=\"og:image:height\" content=\"720\" \/>\n\t<meta property=\"og:image:type\" content=\"image\/jpeg\" \/>\n<meta name=\"author\" content=\"Arthur Guimar\u00e3es\" \/>\n<meta name=\"twitter:card\" content=\"summary_large_image\" \/>\n<meta name=\"twitter:creator\" content=\"@sunoresearch\" \/>\n<meta name=\"twitter:site\" content=\"@sunoresearch\" \/>\n<meta name=\"twitter:label1\" content=\"Escrito por\" \/>\n\t<meta name=\"twitter:data1\" content=\"Arthur Guimar\u00e3es\" \/>\n\t<meta name=\"twitter:label2\" content=\"Est. tempo de leitura\" \/>\n\t<meta name=\"twitter:data2\" content=\"2 minutos\" \/>\n<script type=\"application\/ld+json\" class=\"yoast-schema-graph\">{\"@context\":\"https:\/\/schema.org\",\"@graph\":[{\"@type\":\"NewsArticle\",\"@id\":\"https:\/\/www.suno.com.br\/noticias\/amazon-libera-venda-nao-essenciais\/#article\",\"isPartOf\":{\"@id\":\"https:\/\/www.suno.com.br\/noticias\/amazon-libera-venda-nao-essenciais\/\"},\"author\":{\"name\":\"Arthur Guimar\u00e3es\",\"@id\":\"https:\/\/www.suno.com.br\/noticias\/#\/schema\/person\/053a750a709a263919a20f976caae91c\"},\"headline\":\"Amazon volta a autorizar venda de artigos n\u00e3o essenciais na plataforma\",\"datePublished\":\"2020-04-13T18:57:52+00:00\",\"dateModified\":\"2020-04-13T19:01:34+00:00\",\"mainEntityOfPage\":{\"@id\":\"https:\/\/www.suno.com.br\/noticias\/amazon-libera-venda-nao-essenciais\/\"},\"wordCount\":478,\"publisher\":{\"@id\":\"https:\/\/www.suno.com.br\/noticias\/#organization\"},\"image\":{\"@id\":\"https:\/\/www.suno.com.br\/noticias\/amazon-libera-venda-nao-essenciais\/#primaryimage\"},\"thumbnailUrl\":\"https:\/\/files.sunoresearch.com.br\/n\/uploads\/2019\/09\/1e7afb9f-amazon-1-jpg.webp\",\"keywords\":[\"Amazon (AMZO34)\",\"Amazon Prime\",\"coronav\u00edrus\"],\"articleSection\":[\"Neg\u00f3cios\"],\"inLanguage\":\"pt-BR\"},{\"@type\":\"WebPage\",\"@id\":\"https:\/\/www.suno.com.br\/noticias\/amazon-libera-venda-nao-essenciais\/\",\"url\":\"https:\/\/www.suno.com.br\/noticias\/amazon-libera-venda-nao-essenciais\/\",\"name\":\"Amazon volta a autorizar venda de artigos n\u00e3o essenciais na plataforma\",\"isPartOf\":{\"@id\":\"https:\/\/www.suno.com.br\/noticias\/#website\"},\"primaryImageOfPage\":{\"@id\":\"https:\/\/www.suno.com.br\/noticias\/amazon-libera-venda-nao-essenciais\/#primaryimage\"},\"image\":{\"@id\":\"https:\/\/www.suno.com.br\/noticias\/amazon-libera-venda-nao-essenciais\/#primaryimage\"},\"thumbnailUrl\":\"https:\/\/files.sunoresearch.com.br\/n\/uploads\/2019\/09\/1e7afb9f-amazon-1-jpg.webp\",\"datePublished\":\"2020-04-13T18:57:52+00:00\",\"dateModified\":\"2020-04-13T19:01:34+00:00\",\"description\":\"A Amazon havia interrompido o envio de produtos que n\u00e3o correspondiam \u00e0s necessidades geradas pela pandemia. Clique para saber mais\",\"breadcrumb\":{\"@id\":\"https:\/\/www.suno.com.br\/noticias\/amazon-libera-venda-nao-essenciais\/#breadcrumb\"},\"inLanguage\":\"pt-BR\",\"potentialAction\":[{\"@type\":\"ReadAction\",\"target\":[\"https:\/\/www.suno.com.br\/noticias\/amazon-libera-venda-nao-essenciais\/\"]}]},{\"@type\":\"ImageObject\",\"inLanguage\":\"pt-BR\",\"@id\":\"https:\/\/www.suno.com.br\/noticias\/amazon-libera-venda-nao-essenciais\/#primaryimage\",\"url\":\"https:\/\/files.sunoresearch.com.br\/n\/uploads\/2019\/09\/1e7afb9f-amazon-1-jpg.webp\",\"contentUrl\":\"https:\/\/files.sunoresearch.com.br\/n\/uploads\/2019\/09\/1e7afb9f-amazon-1-jpg.webp\",\"width\":1280,\"height\":720,\"caption\":\"Amazon\"},{\"@type\":\"BreadcrumbList\",\"@id\":\"https:\/\/www.suno.com.br\/noticias\/amazon-libera-venda-nao-essenciais\/#breadcrumb\",\"itemListElement\":[{\"@type\":\"ListItem\",\"position\":1,\"name\":\"Not\u00edcias\",\"item\":\"https:\/\/www.suno.com.br\/noticias\/\"},{\"@type\":\"ListItem\",\"position\":2,\"name\":\"Neg\u00f3cios\",\"item\":\"https:\/\/www.suno.com.br\/noticias\/negocios\/\"},{\"@type\":\"ListItem\",\"position\":3,\"name\":\"Amazon volta a autorizar venda de artigos n\u00e3o essenciais na plataforma\"}]},{\"@type\":\"WebSite\",\"@id\":\"https:\/\/www.suno.com.br\/noticias\/#website\",\"url\":\"https:\/\/www.suno.com.br\/noticias\/\",\"name\":\"Suno Not\u00edcias\",\"description\":\"Seu portal de informa\u00e7\u00e3o sobre o mundo dos investimentos\",\"publisher\":{\"@id\":\"https:\/\/www.suno.com.br\/noticias\/#organization\"},\"potentialAction\":[{\"@type\":\"SearchAction\",\"target\":{\"@type\":\"EntryPoint\",\"urlTemplate\":\"https:\/\/www.suno.com.br\/noticias\/?s={search_term_string}\"},\"query-input\":{\"@type\":\"PropertyValueSpecification\",\"valueRequired\":true,\"valueName\":\"search_term_string\"}}],\"inLanguage\":\"pt-BR\"},{\"@type\":\"Organization\",\"@id\":\"https:\/\/www.suno.com.br\/noticias\/#organization\",\"name\":\"Suno Not\u00edcias\",\"url\":\"https:\/\/www.suno.com.br\/noticias\/\",\"logo\":{\"@type\":\"ImageObject\",\"inLanguage\":\"pt-BR\",\"@id\":\"https:\/\/www.suno.com.br\/noticias\/#\/schema\/logo\/image\/\",\"url\":\"https:\/\/files.sunoresearch.com.br\/n\/uploads\/2021\/09\/suno-logo.png\",\"contentUrl\":\"https:\/\/files.sunoresearch.com.br\/n\/uploads\/2021\/09\/suno-logo.png\",\"width\":180,\"height\":180,\"caption\":\"Suno Not\u00edcias\"},\"image\":{\"@id\":\"https:\/\/www.suno.com.br\/noticias\/#\/schema\/logo\/image\/\"},\"sameAs\":[\"https:\/\/facebook.com\/sunoresearch\",\"https:\/\/x.com\/sunoresearch\",\"https:\/\/www.instagram.com\/suno\",\"https:\/\/www.linkedin.com\/company\/suno-research\/\",\"https:\/\/www.youtube.com\/c\/sunoresearch\"]},{\"@type\":\"Person\",\"@id\":\"https:\/\/www.suno.com.br\/noticias\/#\/schema\/person\/053a750a709a263919a20f976caae91c\",\"name\":\"Arthur Guimar\u00e3es\",\"image\":{\"@type\":\"ImageObject\",\"inLanguage\":\"pt-BR\",\"@id\":\"https:\/\/www.suno.com.br\/noticias\/#\/schema\/person\/image\/\",\"url\":\"https:\/\/secure.gravatar.com\/avatar\/1affd86a11209ae09eb6dd3bcad3e96c?s=96&r=g\",\"contentUrl\":\"https:\/\/secure.gravatar.com\/avatar\/1affd86a11209ae09eb6dd3bcad3e96c?s=96&r=g\",\"caption\":\"Arthur Guimar\u00e3es\"},\"description\":\"Arthur Guimar\u00e3es escreve sobre pol\u00edtica, economia e neg\u00f3cios para o portal de not\u00edcias da Suno Research. Atualmente, \u00e9 estudante de jornalismo pela Faculdade C\u00e1sper L\u00edbero.\",\"url\":\"https:\/\/www.suno.com.br\/noticias\/author\/arthur-guimaraes\/\"}]}<\/script>\n<!-- \/ Yoast SEO plugin. -->","yoast_head_json":{"title":"Amazon volta a autorizar venda de artigos n\u00e3o essenciais na plataforma","description":"A Amazon havia interrompido o envio de produtos que n\u00e3o correspondiam \u00e0s necessidades geradas pela pandemia. Clique para saber mais","robots":{"index":"index","follow":"follow","max-snippet":"max-snippet:-1","max-image-preview":"max-image-preview:large","max-video-preview":"max-video-preview:-1"},"canonical":"https:\/\/www.suno.com.br\/noticias\/amazon-libera-venda-nao-essenciais\/","og_locale":"pt_BR","og_type":"article","og_title":"Amazon volta a autorizar venda de artigos n\u00e3o essenciais na plataforma","og_description":"A Amazon havia interrompido o envio de produtos que n\u00e3o correspondiam \u00e0s necessidades geradas pela pandemia. Clique para saber mais","og_url":"https:\/\/www.suno.com.br\/noticias\/amazon-libera-venda-nao-essenciais\/","og_site_name":"Suno Not\u00edcias","article_publisher":"https:\/\/facebook.com\/sunoresearch","og_image":[{"width":1280,"height":720,"url":"https:\/\/files.sunoresearch.com.br\/n\/uploads\/2019\/09\/1e7afb9f-amazon-1.jpg","type":"image\/jpeg"}],"author":"Arthur Guimar\u00e3es","twitter_card":"summary_large_image","twitter_creator":"@sunoresearch","twitter_site":"@sunoresearch","twitter_misc":{"Escrito por":"Arthur Guimar\u00e3es","Est. tempo de leitura":"2 minutos"},"schema":{"@context":"https:\/\/schema.org","@graph":[{"@type":"NewsArticle","@id":"https:\/\/www.suno.com.br\/noticias\/amazon-libera-venda-nao-essenciais\/#article","isPartOf":{"@id":"https:\/\/www.suno.com.br\/noticias\/amazon-libera-venda-nao-essenciais\/"},"author":{"name":"Arthur Guimar\u00e3es","@id":"https:\/\/www.suno.com.br\/noticias\/#\/schema\/person\/053a750a709a263919a20f976caae91c"},"headline":"Amazon volta a autorizar venda de artigos n\u00e3o essenciais na plataforma","datePublished":"2020-04-13T18:57:52+00:00","dateModified":"2020-04-13T19:01:34+00:00","mainEntityOfPage":{"@id":"https:\/\/www.suno.com.br\/noticias\/amazon-libera-venda-nao-essenciais\/"},"wordCount":478,"publisher":{"@id":"https:\/\/www.suno.com.br\/noticias\/#organization"},"image":{"@id":"https:\/\/www.suno.com.br\/noticias\/amazon-libera-venda-nao-essenciais\/#primaryimage"},"thumbnailUrl":"https:\/\/files.sunoresearch.com.br\/n\/uploads\/2019\/09\/1e7afb9f-amazon-1-jpg.webp","keywords":["Amazon (AMZO34)","Amazon Prime","coronav\u00edrus"],"articleSection":["Neg\u00f3cios"],"inLanguage":"pt-BR"},{"@type":"WebPage","@id":"https:\/\/www.suno.com.br\/noticias\/amazon-libera-venda-nao-essenciais\/","url":"https:\/\/www.suno.com.br\/noticias\/amazon-libera-venda-nao-essenciais\/","name":"Amazon volta a autorizar venda de artigos n\u00e3o essenciais na plataforma","isPartOf":{"@id":"https:\/\/www.suno.com.br\/noticias\/#website"},"primaryImageOfPage":{"@id":"https:\/\/www.suno.com.br\/noticias\/amazon-libera-venda-nao-essenciais\/#primaryimage"},"image":{"@id":"https:\/\/www.suno.com.br\/noticias\/amazon-libera-venda-nao-essenciais\/#primaryimage"},"thumbnailUrl":"https:\/\/files.sunoresearch.com.br\/n\/uploads\/2019\/09\/1e7afb9f-amazon-1-jpg.webp","datePublished":"2020-04-13T18:57:52+00:00","dateModified":"2020-04-13T19:01:34+00:00","description":"A Amazon havia interrompido o envio de produtos que n\u00e3o correspondiam \u00e0s necessidades geradas pela pandemia. Clique para saber mais","breadcrumb":{"@id":"https:\/\/www.suno.com.br\/noticias\/amazon-libera-venda-nao-essenciais\/#breadcrumb"},"inLanguage":"pt-BR","potentialAction":[{"@type":"ReadAction","target":["https:\/\/www.suno.com.br\/noticias\/amazon-libera-venda-nao-essenciais\/"]}]},{"@type":"ImageObject","inLanguage":"pt-BR","@id":"https:\/\/www.suno.com.br\/noticias\/amazon-libera-venda-nao-essenciais\/#primaryimage","url":"https:\/\/files.sunoresearch.com.br\/n\/uploads\/2019\/09\/1e7afb9f-amazon-1-jpg.webp","contentUrl":"https:\/\/files.sunoresearch.com.br\/n\/uploads\/2019\/09\/1e7afb9f-amazon-1-jpg.webp","width":1280,"height":720,"caption":"Amazon"},{"@type":"BreadcrumbList","@id":"https:\/\/www.suno.com.br\/noticias\/amazon-libera-venda-nao-essenciais\/#breadcrumb","itemListElement":[{"@type":"ListItem","position":1,"name":"Not\u00edcias","item":"https:\/\/www.suno.com.br\/noticias\/"},{"@type":"ListItem","position":2,"name":"Neg\u00f3cios","item":"https:\/\/www.suno.com.br\/noticias\/negocios\/"},{"@type":"ListItem","position":3,"name":"Amazon volta a autorizar venda de artigos n\u00e3o essenciais na plataforma"}]},{"@type":"WebSite","@id":"https:\/\/www.suno.com.br\/noticias\/#website","url":"https:\/\/www.suno.com.br\/noticias\/","name":"Suno Not\u00edcias","description":"Seu portal de informa\u00e7\u00e3o sobre o mundo dos investimentos","publisher":{"@id":"https:\/\/www.suno.com.br\/noticias\/#organization"},"potentialAction":[{"@type":"SearchAction","target":{"@type":"EntryPoint","urlTemplate":"https:\/\/www.suno.com.br\/noticias\/?s={search_term_string}"},"query-input":{"@type":"PropertyValueSpecification","valueRequired":true,"valueName":"search_term_string"}}],"inLanguage":"pt-BR"},{"@type":"Organization","@id":"https:\/\/www.suno.com.br\/noticias\/#organization","name":"Suno Not\u00edcias","url":"https:\/\/www.suno.com.br\/noticias\/","logo":{"@type":"ImageObject","inLanguage":"pt-BR","@id":"https:\/\/www.suno.com.br\/noticias\/#\/schema\/logo\/image\/","url":"https:\/\/files.sunoresearch.com.br\/n\/uploads\/2021\/09\/suno-logo.png","contentUrl":"https:\/\/files.sunoresearch.com.br\/n\/uploads\/2021\/09\/suno-logo.png","width":180,"height":180,"caption":"Suno Not\u00edcias"},"image":{"@id":"https:\/\/www.suno.com.br\/noticias\/#\/schema\/logo\/image\/"},"sameAs":["https:\/\/facebook.com\/sunoresearch","https:\/\/x.com\/sunoresearch","https:\/\/www.instagram.com\/suno","https:\/\/www.linkedin.com\/company\/suno-research\/","https:\/\/www.youtube.com\/c\/sunoresearch"]},{"@type":"Person","@id":"https:\/\/www.suno.com.br\/noticias\/#\/schema\/person\/053a750a709a263919a20f976caae91c","name":"Arthur Guimar\u00e3es","image":{"@type":"ImageObject","inLanguage":"pt-BR","@id":"https:\/\/www.suno.com.br\/noticias\/#\/schema\/person\/image\/","url":"https:\/\/secure.gravatar.com\/avatar\/1affd86a11209ae09eb6dd3bcad3e96c?s=96&r=g","contentUrl":"https:\/\/secure.gravatar.com\/avatar\/1affd86a11209ae09eb6dd3bcad3e96c?s=96&r=g","caption":"Arthur Guimar\u00e3es"},"description":"Arthur Guimar\u00e3es escreve sobre pol\u00edtica, economia e neg\u00f3cios para o portal de not\u00edcias da Suno Research. Atualmente, \u00e9 estudante de jornalismo pela Faculdade C\u00e1sper L\u00edbero.","url":"https:\/\/www.suno.com.br\/noticias\/author\/arthur-guimaraes\/"}]}},"default_loop_html":"<div class=\"cardsPage__listCard__boxs\"><div class=\"cardsPage__listCard__boxs__img\"><a href=\"https:\/\/www.suno.com.br\/noticias\/amazon-libera-venda-nao-essenciais\/\"><img class=\"mask\" src=\"https:\/\/www.suno.com.br\/noticias\/wp-content\/themes\/suno\/resources\/images\/spotlight\/spotlight1img\/bg-mask.png\" alt=\"Image Mask\"\/><img src=\"https:\/\/files.sunoresearch.com.br\/n\/uploads\/2019\/09\/1e7afb9f-amazon-1-400x200.webp\" alt=\"Amazon volta a autorizar venda de artigos n\u00e3o essenciais na plataforma\"\/><\/a><span class=\"spotlightCategory\"><a href=\"https:\/\/www.suno.com.br\/noticias\/negocios\/\">Neg\u00f3cios<\/a><\/span><\/div><div class=\"cardsPage__listCard__boxs__content\"><a href=\"https:\/\/www.suno.com.br\/noticias\/amazon-libera-venda-nao-essenciais\/\"><h2 class=\"content__title\">Amazon volta a autorizar venda de artigos n\u00e3o essenciais na plataforma<\/h2><\/a><div class=\"newsContent__article__meta\"><div class=\"newsContent__article__meta__authorBox\"><a href=\"https:\/\/www.suno.com.br\/noticias\/author\/arthur-guimaraes\/\" class=\"authorBox__avatar noMobi\"><img src=\"https:\/\/files.sunoresearch.com.br\/n\/uploads\/2020\/02\/dfb40897-eu-150x150.webp\" alt=\"Arthur Guimar\u00e3es\"><\/a><div class=\"authorBox__name\"><span>por\n\t\t\t<a href=\"https:\/\/www.suno.com.br\/noticias\/author\/arthur-guimaraes\/\"><span itemprop=\"author\">Arthur Guimar\u00e3es<\/span><\/a><\/span><time datetime=\"2020-04-13T15:57:52-03:00\" itemprop=\"datePublished\">13\/04\/2020 15:57<\/time><\/div><\/div><\/div><\/div><\/div>","single_layout":"posts","amp_enabled":true,"_links":{"self":[{"href":"https:\/\/www.suno.com.br\/noticias\/wp-json\/wp\/v2\/posts\/61252"}],"collection":[{"href":"https:\/\/www.suno.com.br\/noticias\/wp-json\/wp\/v2\/posts"}],"about":[{"href":"https:\/\/www.suno.com.br\/noticias\/wp-json\/wp\/v2\/types\/post"}],"author":[{"embeddable":true,"href":"https:\/\/www.suno.com.br\/noticias\/wp-json\/wp\/v2\/users\/35"}],"replies":[{"embeddable":true,"href":"https:\/\/www.suno.com.br\/noticias\/wp-json\/wp\/v2\/comments?post=61252"}],"version-history":[{"count":0,"href":"https:\/\/www.suno.com.br\/noticias\/wp-json\/wp\/v2\/posts\/61252\/revisions"}],"wp:featuredmedia":[{"embeddable":true,"href":"https:\/\/www.suno.com.br\/noticias\/wp-json\/wp\/v2\/media\/37073"}],"wp:attachment":[{"href":"https:\/\/www.suno.com.br\/noticias\/wp-json\/wp\/v2\/media?parent=61252"}],"wp:term":[{"taxonomy":"category","embeddable":true,"href":"https:\/\/www.suno.com.br\/noticias\/wp-json\/wp\/v2\/categories?post=61252"},{"taxonomy":"post_tag","embeddable":true,"href":"https:\/\/www.suno.com.br\/noticias\/wp-json\/wp\/v2\/tags?post=61252"},{"taxonomy":"suno_strategy","embeddable":true,"href":"https:\/\/www.suno.com.br\/noticias\/wp-json\/wp\/v2\/suno_strategy?post=61252"}],"curies":[{"name":"wp","href":"https:\/\/api.w.org\/{rel}","templated":true}]}}