{"id":612363,"date":"2025-07-04T11:55:43","date_gmt":"2025-07-04T14:55:43","guid":{"rendered":"https:\/\/www.suno.com.br\/noticias\/?p=612363"},"modified":"2025-07-04T11:57:07","modified_gmt":"2025-07-04T14:57:07","slug":"homem-mais-rico-do-mundo-2025-go","status":"publish","type":"post","link":"https:\/\/www.suno.com.br\/noticias\/homem-mais-rico-do-mundo-2025-go\/","title":{"rendered":"CEO da Oracle passa Zuckerberg e vira 2\u00ba homem mais rico do mundo; confira a lista"},"content":{"rendered":"<p>O empres\u00e1rio <a class=\"suno-keyword\" data-force=\"no\" data-priority=\"2\" href=\"https:\/\/www.suno.com.br\/tudo-sobre\/larry-ellison\/\" target=\"_blank\" rel=\"noopener\">Larry Ellison<\/a>, fundador da Oracle, subiu para a segunda posi\u00e7\u00e3o na lista da Forbes e se tornou o segundo <strong>homem mais rico do mundo<\/strong>, atr\u00e1s apenas de Elon Musk. A mudan\u00e7a no ranking foi impulsionada por uma valoriza\u00e7\u00e3o expressiva das a\u00e7\u00f5es da Oracle (<a href=\"https:\/\/statusinvest.com.br\/bdrs\/orcl34\">ORCL34<\/a>), que subiram 32% em junho.<\/p>\t<div class=\"wrapper-featured-image\">\n\t\t<figure class=\"spotlightImg\">\n\n\t\t\t<picture>\n\t\t\t\t<source media=\"(max-width: 768px)\" srcset=\"https:\/\/files.sunoresearch.com.br\/n\/uploads\/2025\/07\/Adobe-Express-file-400x200.webp\">\n\t\t\t\t<img loading=\"lazy\" decoding=\"async\" class=\"newsContent__article__imgCapa lazyloadDisabled \" src=\"https:\/\/files.sunoresearch.com.br\/n\/uploads\/2025\/07\/Adobe-Express-file-800x450.webp\" width=\"800\" height=\"450\" alt=\"CEO da Oracle passa Zuckerberg e vira 2\u00ba homem mais rico do mundo; confira a lista\" fetchpriority=high \/>\n\t\t\t<\/picture>\n\n\t\t\t<figcaption class=\"wp-caption-text wp-caption-text--show\">Larry Ellison (segundo homem mais rico do mundo). Foto: Divulga\u00e7\u00e3o\/Oracle<\/figcaption>\n\t\t<\/figure>\n\t<\/div>\n\n\n\n\n\n\n\n\t<p>\n\t\t<a href=\"https:\/\/lp.suno.com.br\/planilha-da-vida-financeira\/\" target=\"_blank\" data-element=\"shortcode-suno-banner\" title=\"Banner SUNO, clique e saiba mais\">\n\t\t\t<picture>\n\t\t\t\t<source media=\"(max-width: 500px)\" srcset=\"https:\/\/files.sunoresearch.com.br\/n\/uploads\/2023\/04\/400x300-Planilha-vida-financeira-true.png\">\n\t\t\t\t<img class=\"newsContent__article__imgCapa newsContent__article__imgCapa--banner\"\n\t\t\t\t\tsrc=\"https:\/\/files.sunoresearch.com.br\/n\/uploads\/2023\/04\/1420x240-Planilha-vida-financeira-true.png\"\n\t\t\t\t\tdata-promo-id=\"106682\"\t\t\t\t\t\t\t\t\t\twidth='1420' height='240'\t\t\t\t\talt=\"https:\/\/files.sunoresearch.com.br\/n\/uploads\/2023\/04\/1420x240-Planilha-vida-financeira-true.png\"\n\t\t\t\t>\n\t\t\t<\/picture>\n\t\t<\/a>\n\t<\/p>\n\n\n\n\n\n<p>Com isso, o patrim\u00f4nio l\u00edquido de Ellison atingiu US$ 262 bilh\u00f5es, ultrapassando os US$ 255 bilh\u00f5es de Mark Zuckerberg, que caiu para a terceira posi\u00e7\u00e3o. Elon Musk, fundador da Tesla e da SpaceX, segue na lideran\u00e7a com US$ 406,5 bilh\u00f5es, mesmo ap\u00f3s perder US$ 16 bilh\u00f5es no m\u00eas passado.<\/p>\n\n\n\n<h2 class=\"wp-block-heading\">Quem \u00e9 o CEO da Oracle, segundo homem mais rico do mundo<\/h2>\n\n\n\n<p>Larry Ellison, de 80 anos, \u00e9 cofundador, presidente e diretor de tecnologia da Oracle, uma das maiores empresas de software do planeta. Nascido no Bronx, em Nova York, e criado por tios adotivos em Chicago, o executivo abandonou a faculdade duas vezes antes de se mudar para a Calif\u00f3rnia e iniciar sua carreira no setor de tecnologia.<\/p>\n\n\n\n<p>Ap\u00f3s passagens por empresas como Wells Fargo e Amdahl, Ellison fundou a Software Development Laboratories em 1977 ao lado de Bob Miner e Ed Oates. O projeto evoluiu e se transformou na Oracle, que revolucionou o setor com o desenvolvimento de bancos de dados relacionais para uso comercial.<\/p>\n\n\n\n<p>A Oracle ainda \u00e9 a principal fonte da riqueza de Ellison, que det\u00e9m cerca de 40% das a\u00e7\u00f5es da empresa. Os bons resultados financeiros do segundo trimestre de 2025, com lucros e receitas acima do esperado, contribu\u00edram para a valoriza\u00e7\u00e3o recente dos pap\u00e9is e impulsionaram sua fortuna.<\/p>\n\n\n\t<p>\n\t\t<a href=\"https:\/\/lp.suno.com.br\/ebook-como-analisar-uma-acao\/\" target=\"_blank\" data-element=\"shortcode-suno-banner\" title=\"Banner SUNO, clique e saiba mais\">\n\t\t\t<picture>\n\t\t\t\t<source media=\"(max-width: 500px)\" srcset=\"https:\/\/files.sunoresearch.com.br\/n\/uploads\/2023\/03\/Ebook-Acoes-Mobile.jpg\">\n\t\t\t\t<img class=\"newsContent__article__imgCapa newsContent__article__imgCapa--banner\"\n\t\t\t\t\tsrc=\"https:\/\/files.sunoresearch.com.br\/n\/uploads\/2023\/03\/Ebook-Acoes-Desktop.jpg\"\n\t\t\t\t\tdata-promo-id=\"378302\"\t\t\t\t\t\t\t\t\t\twidth='1420' height='286'\t\t\t\t\talt=\"https:\/\/files.sunoresearch.com.br\/n\/uploads\/2023\/03\/Ebook-Acoes-Desktop.jpg\"\n\t\t\t\t>\n\t\t\t<\/picture>\n\t\t<\/a>\n\t<\/p>\n\n\n\n\n\n<h2 class=\"wp-block-heading\">Lista dos homens mais ricos do mundo, segundo a Forbes<\/h2>\n\n\n\n<p>A lideran\u00e7a do ranking global segue com Elon Musk, apontado como <strong><a href=\"https:\/\/www.suno.com.br\/artigos\/homem-mais-rico-do-mundo\/\">quem \u00e9 o homem mais rico do mundo<\/a><\/strong> desde maio de 2024. Segundo a Forbes, ele tem uma fortuna estimada em mais de US$ 400 bilh\u00f5es, mesmo com a perda parcial de valor em junho.<\/p>\n\n\n\n<p>O levantamento da revista tamb\u00e9m mostra a for\u00e7a de nomes ligados \u00e0 tecnologia na lista dos <strong>homens mais ricos do mundo<\/strong>, com destaques para fundadores de empresas como Meta, Amazon, Google, Microsoft e Nvidia.<\/p>\n\n\n\n<p>Veja abaixo a lista completa das 10 <strong>pessoas mais ricas do mundo<\/strong>, segundo a Forbes:<\/p>\n\n\n\n<ol class=\"wp-block-list\">\n<li><strong>Elon Musk<\/strong> \u2013 US$ 406,5 bilh\u00f5es<\/li>\n\n\n\n<li><strong>Larry Ellison<\/strong> \u2013 US$ 261,9 bilh\u00f5es<\/li>\n\n\n\n<li><strong>Mark Zuckerberg<\/strong> \u2013 US$ 255,1 bilh\u00f5es<\/li>\n\n\n\n<li><strong>Jeff Bezos<\/strong> \u2013 US$ 233,2 bilh\u00f5es<\/li>\n\n\n\n<li><strong>Warren Buffett<\/strong> \u2013 US$ 151,6 bilh\u00f5es<\/li>\n\n\n\n<li><strong>Larry Page<\/strong> \u2013 US$ 145,9 bilh\u00f5es<\/li>\n\n\n\n<li><strong>Steve Ballmer<\/strong> \u2013 US$ 141,2 bilh\u00f5es<\/li>\n\n\n\n<li><strong>Sergey Brin<\/strong> \u2013 US$ 139,5 bilh\u00f5es<\/li>\n\n\n\n<li><strong>Bernard Arnault<\/strong> \u2013 US$ 138,4 bilh\u00f5es<\/li>\n\n\n\n<li><strong>Jensen Huang<\/strong> \u2013 US$ 137,6 bilh\u00f5es<\/li>\n<\/ol>\n\n\n\n<p>Vale destacar que todos os nomes presentes no ranking s\u00e3o homens, e cada um possui fortuna superior a US$ 137 bilh\u00f5es. Somados, os patrim\u00f4nios dos dez <strong>homens mais ricos do mundo <\/strong>ultrapassam US$ 2 trilh\u00f5es, o equivalente a cerca de R$ 11 trilh\u00f5es.<\/p>\n\n\n\t<p>\n\t\t<a href=\"https:\/\/lp.suno.com.br\/planilha-da-vida-financeira\/\" target=\"_blank\" data-element=\"shortcode-suno-banner\" title=\"Banner SUNO, clique e saiba mais\">\n\t\t\t<picture>\n\t\t\t\t<source media=\"(max-width: 500px)\" srcset=\"https:\/\/files.sunoresearch.com.br\/n\/uploads\/2023\/04\/400x300-Planilha-vida-financeira-true.png\">\n\t\t\t\t<img class=\"newsContent__article__imgCapa newsContent__article__imgCapa--banner\"\n\t\t\t\t\tsrc=\"https:\/\/files.sunoresearch.com.br\/n\/uploads\/2023\/04\/1420x240-Planilha-vida-financeira-true.png\"\n\t\t\t\t\tdata-promo-id=\"383123\"\t\t\t\t\t\t\t\t\t\twidth='1420' height='240'\t\t\t\t\talt=\"https:\/\/files.sunoresearch.com.br\/n\/uploads\/2023\/04\/1420x240-Planilha-vida-financeira-true.png\"\n\t\t\t\t>\n\t\t\t<\/picture>\n\t\t<\/a>\n\t<\/p>\n\n\n","protected":false},"excerpt":{"rendered":"<p>O empres\u00e1rio Larry Ellison, fundador da Oracle, subiu para a segunda posi\u00e7\u00e3o na lista da Forbes e se tornou o segundo homem mais rico do mundo, atr\u00e1s apenas de Elon Musk. A mudan\u00e7a no ranking foi impulsionada por uma valoriza\u00e7\u00e3o expressiva das a\u00e7\u00f5es da Oracle (ORCL34), que subiram 32% em junho. Larry Ellison (segundo homem [&hellip;]<\/p>\n","protected":false},"author":43,"featured_media":612365,"comment_status":"closed","ping_status":"closed","sticky":false,"template":"","format":"standard","meta":[],"categories":[64],"tags":[726,1239,93478,2747],"suno_strategy":[],"class_list":["post-612363","post","type-post","status-publish","format-standard","has-post-thumbnail","hentry","category-negocios","tag-elon-musk","tag-mark-zuckerberg","tag-oracle-orcl34","tag-rico"],"yoast_head":"<!-- This site is optimized with the Yoast SEO plugin v24.4 - https:\/\/yoast.com\/wordpress\/plugins\/seo\/ -->\n<title>Homem mais rico do mundo: CEO da Oracle sobe ao 2\u00ba lugar<\/title>\n<meta name=\"description\" content=\"CEO da Oracle se torna o segundo homem mais rico do mundo, atr\u00e1s apenas de Elon Musk. Veja a lista completa dos bilion\u00e1rios segundo a Forbes.\" \/>\n<meta name=\"robots\" content=\"index, follow, max-snippet:-1, max-image-preview:large, max-video-preview:-1\" \/>\n<link rel=\"canonical\" href=\"https:\/\/www.suno.com.br\/noticias\/homem-mais-rico-do-mundo-2025-go\/\" \/>\n<meta property=\"og:locale\" content=\"pt_BR\" \/>\n<meta property=\"og:type\" content=\"article\" \/>\n<meta property=\"og:title\" content=\"Homem mais rico do mundo: CEO da Oracle sobe ao 2\u00ba lugar\" \/>\n<meta property=\"og:description\" content=\"CEO da Oracle se torna o segundo homem mais rico do mundo, atr\u00e1s apenas de Elon Musk. Veja a lista completa dos bilion\u00e1rios segundo a Forbes.\" \/>\n<meta property=\"og:url\" content=\"https:\/\/www.suno.com.br\/noticias\/homem-mais-rico-do-mundo-2025-go\/\" \/>\n<meta property=\"og:site_name\" content=\"Suno Not\u00edcias\" \/>\n<meta property=\"article:publisher\" content=\"https:\/\/facebook.com\/sunoresearch\" \/>\n<meta property=\"article:author\" content=\"https:\/\/www.facebook.com\/sunonoticias\/\" \/>\n<meta property=\"og:image\" content=\"https:\/\/files.sunoresearch.com.br\/n\/uploads\/2025\/07\/Adobe-Express-file.webp\" \/>\n\t<meta property=\"og:image:width\" content=\"1290\" \/>\n\t<meta property=\"og:image:height\" content=\"675\" \/>\n\t<meta property=\"og:image:type\" content=\"image\/webp\" \/>\n<meta name=\"author\" content=\"Reda\u00e7\u00e3o Suno Not\u00edcias\" \/>\n<meta name=\"twitter:card\" content=\"summary_large_image\" \/>\n<meta name=\"twitter:creator\" content=\"@https:\/\/twitter.com\/sunoresearch\" \/>\n<meta name=\"twitter:site\" content=\"@sunoresearch\" \/>\n<meta name=\"twitter:label1\" content=\"Escrito por\" \/>\n\t<meta name=\"twitter:data1\" content=\"Reda\u00e7\u00e3o Suno Not\u00edcias\" \/>\n\t<meta name=\"twitter:label2\" content=\"Est. tempo de leitura\" \/>\n\t<meta name=\"twitter:data2\" content=\"3 minutos\" \/>\n<script type=\"application\/ld+json\" class=\"yoast-schema-graph\">{\"@context\":\"https:\/\/schema.org\",\"@graph\":[{\"@type\":\"NewsArticle\",\"@id\":\"https:\/\/www.suno.com.br\/noticias\/homem-mais-rico-do-mundo-2025-go\/#article\",\"isPartOf\":{\"@id\":\"https:\/\/www.suno.com.br\/noticias\/homem-mais-rico-do-mundo-2025-go\/\"},\"author\":{\"name\":\"Reda\u00e7\u00e3o Suno Not\u00edcias\",\"@id\":\"https:\/\/www.suno.com.br\/noticias\/#\/schema\/person\/c1b1bd3727fa852bd045e9dbff3673ea\"},\"headline\":\"CEO da Oracle passa Zuckerberg e vira 2\u00ba homem mais rico do mundo; confira a lista\",\"datePublished\":\"2025-07-04T14:55:43+00:00\",\"dateModified\":\"2025-07-04T14:57:07+00:00\",\"mainEntityOfPage\":{\"@id\":\"https:\/\/www.suno.com.br\/noticias\/homem-mais-rico-do-mundo-2025-go\/\"},\"wordCount\":498,\"publisher\":{\"@id\":\"https:\/\/www.suno.com.br\/noticias\/#organization\"},\"image\":{\"@id\":\"https:\/\/www.suno.com.br\/noticias\/homem-mais-rico-do-mundo-2025-go\/#primaryimage\"},\"thumbnailUrl\":\"https:\/\/files.sunoresearch.com.br\/n\/uploads\/2025\/07\/Adobe-Express-file.webp\",\"keywords\":[\"Elon Musk\",\"Mark Zuckerberg\",\"Oracle (ORCL34)\",\"Rico\"],\"articleSection\":[\"Neg\u00f3cios\"],\"inLanguage\":\"pt-BR\"},{\"@type\":\"WebPage\",\"@id\":\"https:\/\/www.suno.com.br\/noticias\/homem-mais-rico-do-mundo-2025-go\/\",\"url\":\"https:\/\/www.suno.com.br\/noticias\/homem-mais-rico-do-mundo-2025-go\/\",\"name\":\"Homem mais rico do mundo: CEO da Oracle sobe ao 2\u00ba lugar\",\"isPartOf\":{\"@id\":\"https:\/\/www.suno.com.br\/noticias\/#website\"},\"primaryImageOfPage\":{\"@id\":\"https:\/\/www.suno.com.br\/noticias\/homem-mais-rico-do-mundo-2025-go\/#primaryimage\"},\"image\":{\"@id\":\"https:\/\/www.suno.com.br\/noticias\/homem-mais-rico-do-mundo-2025-go\/#primaryimage\"},\"thumbnailUrl\":\"https:\/\/files.sunoresearch.com.br\/n\/uploads\/2025\/07\/Adobe-Express-file.webp\",\"datePublished\":\"2025-07-04T14:55:43+00:00\",\"dateModified\":\"2025-07-04T14:57:07+00:00\",\"description\":\"CEO da Oracle se torna o segundo homem mais rico do mundo, atr\u00e1s apenas de Elon Musk. Veja a lista completa dos bilion\u00e1rios segundo a Forbes.\",\"breadcrumb\":{\"@id\":\"https:\/\/www.suno.com.br\/noticias\/homem-mais-rico-do-mundo-2025-go\/#breadcrumb\"},\"inLanguage\":\"pt-BR\",\"potentialAction\":[{\"@type\":\"ReadAction\",\"target\":[\"https:\/\/www.suno.com.br\/noticias\/homem-mais-rico-do-mundo-2025-go\/\"]}]},{\"@type\":\"ImageObject\",\"inLanguage\":\"pt-BR\",\"@id\":\"https:\/\/www.suno.com.br\/noticias\/homem-mais-rico-do-mundo-2025-go\/#primaryimage\",\"url\":\"https:\/\/files.sunoresearch.com.br\/n\/uploads\/2025\/07\/Adobe-Express-file.webp\",\"contentUrl\":\"https:\/\/files.sunoresearch.com.br\/n\/uploads\/2025\/07\/Adobe-Express-file.webp\",\"width\":1290,\"height\":675,\"caption\":\"Larry Ellison (segundo homem mais rico do mundo). Foto: Divulga\u00e7\u00e3o\/Oracle\"},{\"@type\":\"BreadcrumbList\",\"@id\":\"https:\/\/www.suno.com.br\/noticias\/homem-mais-rico-do-mundo-2025-go\/#breadcrumb\",\"itemListElement\":[{\"@type\":\"ListItem\",\"position\":1,\"name\":\"Not\u00edcias\",\"item\":\"https:\/\/www.suno.com.br\/noticias\/\"},{\"@type\":\"ListItem\",\"position\":2,\"name\":\"Neg\u00f3cios\",\"item\":\"https:\/\/www.suno.com.br\/noticias\/negocios\/\"},{\"@type\":\"ListItem\",\"position\":3,\"name\":\"CEO da Oracle passa Zuckerberg e vira 2\u00ba homem mais rico do mundo; confira a lista\"}]},{\"@type\":\"WebSite\",\"@id\":\"https:\/\/www.suno.com.br\/noticias\/#website\",\"url\":\"https:\/\/www.suno.com.br\/noticias\/\",\"name\":\"Suno Not\u00edcias\",\"description\":\"Seu portal de informa\u00e7\u00e3o sobre o mundo dos investimentos\",\"publisher\":{\"@id\":\"https:\/\/www.suno.com.br\/noticias\/#organization\"},\"potentialAction\":[{\"@type\":\"SearchAction\",\"target\":{\"@type\":\"EntryPoint\",\"urlTemplate\":\"https:\/\/www.suno.com.br\/noticias\/?s={search_term_string}\"},\"query-input\":{\"@type\":\"PropertyValueSpecification\",\"valueRequired\":true,\"valueName\":\"search_term_string\"}}],\"inLanguage\":\"pt-BR\"},{\"@type\":\"Organization\",\"@id\":\"https:\/\/www.suno.com.br\/noticias\/#organization\",\"name\":\"Suno Not\u00edcias\",\"url\":\"https:\/\/www.suno.com.br\/noticias\/\",\"logo\":{\"@type\":\"ImageObject\",\"inLanguage\":\"pt-BR\",\"@id\":\"https:\/\/www.suno.com.br\/noticias\/#\/schema\/logo\/image\/\",\"url\":\"https:\/\/files.sunoresearch.com.br\/n\/uploads\/2021\/09\/suno-logo.png\",\"contentUrl\":\"https:\/\/files.sunoresearch.com.br\/n\/uploads\/2021\/09\/suno-logo.png\",\"width\":180,\"height\":180,\"caption\":\"Suno Not\u00edcias\"},\"image\":{\"@id\":\"https:\/\/www.suno.com.br\/noticias\/#\/schema\/logo\/image\/\"},\"sameAs\":[\"https:\/\/facebook.com\/sunoresearch\",\"https:\/\/x.com\/sunoresearch\",\"https:\/\/www.instagram.com\/suno\",\"https:\/\/www.linkedin.com\/company\/suno-research\/\",\"https:\/\/www.youtube.com\/c\/sunoresearch\"]},{\"@type\":\"Person\",\"@id\":\"https:\/\/www.suno.com.br\/noticias\/#\/schema\/person\/c1b1bd3727fa852bd045e9dbff3673ea\",\"name\":\"Reda\u00e7\u00e3o Suno Not\u00edcias\",\"image\":{\"@type\":\"ImageObject\",\"inLanguage\":\"pt-BR\",\"@id\":\"https:\/\/www.suno.com.br\/noticias\/#\/schema\/person\/image\/\",\"url\":\"https:\/\/secure.gravatar.com\/avatar\/b8104b9b5a71985d5238ee59fbe418af?s=96&r=g\",\"contentUrl\":\"https:\/\/secure.gravatar.com\/avatar\/b8104b9b5a71985d5238ee59fbe418af?s=96&r=g\",\"caption\":\"Reda\u00e7\u00e3o Suno Not\u00edcias\"},\"description\":\"O Suno Not\u00edcias \u00e9 um portal de informa\u00e7\u00f5es sobre Mercado Financeiro, Pol\u00edtica, Neg\u00f3cios, Economia e Finan\u00e7as Pessoais.\",\"sameAs\":[\"https:\/\/www.suno.com.br\/noticias\",\"https:\/\/www.facebook.com\/sunonoticias\/\",\"https:\/\/www.instagram.com\/sunonoticias\/\",\"https:\/\/x.com\/https:\/\/twitter.com\/sunoresearch\",\"https:\/\/www.youtube.com\/sunonoticias\"],\"url\":\"https:\/\/www.suno.com.br\/noticias\/author\/redacao-suno\/\"}]}<\/script>\n<!-- \/ Yoast SEO plugin. -->","yoast_head_json":{"title":"Homem mais rico do mundo: CEO da Oracle sobe ao 2\u00ba lugar","description":"CEO da Oracle se torna o segundo homem mais rico do mundo, atr\u00e1s apenas de Elon Musk. Veja a lista completa dos bilion\u00e1rios segundo a Forbes.","robots":{"index":"index","follow":"follow","max-snippet":"max-snippet:-1","max-image-preview":"max-image-preview:large","max-video-preview":"max-video-preview:-1"},"canonical":"https:\/\/www.suno.com.br\/noticias\/homem-mais-rico-do-mundo-2025-go\/","og_locale":"pt_BR","og_type":"article","og_title":"Homem mais rico do mundo: CEO da Oracle sobe ao 2\u00ba lugar","og_description":"CEO da Oracle se torna o segundo homem mais rico do mundo, atr\u00e1s apenas de Elon Musk. Veja a lista completa dos bilion\u00e1rios segundo a Forbes.","og_url":"https:\/\/www.suno.com.br\/noticias\/homem-mais-rico-do-mundo-2025-go\/","og_site_name":"Suno Not\u00edcias","article_publisher":"https:\/\/facebook.com\/sunoresearch","article_author":"https:\/\/www.facebook.com\/sunonoticias\/","og_image":[{"width":1290,"height":675,"url":"https:\/\/files.sunoresearch.com.br\/n\/uploads\/2025\/07\/Adobe-Express-file.webp","type":"image\/webp"}],"author":"Reda\u00e7\u00e3o Suno Not\u00edcias","twitter_card":"summary_large_image","twitter_creator":"@https:\/\/twitter.com\/sunoresearch","twitter_site":"@sunoresearch","twitter_misc":{"Escrito por":"Reda\u00e7\u00e3o Suno Not\u00edcias","Est. tempo de leitura":"3 minutos"},"schema":{"@context":"https:\/\/schema.org","@graph":[{"@type":"NewsArticle","@id":"https:\/\/www.suno.com.br\/noticias\/homem-mais-rico-do-mundo-2025-go\/#article","isPartOf":{"@id":"https:\/\/www.suno.com.br\/noticias\/homem-mais-rico-do-mundo-2025-go\/"},"author":{"name":"Reda\u00e7\u00e3o Suno Not\u00edcias","@id":"https:\/\/www.suno.com.br\/noticias\/#\/schema\/person\/c1b1bd3727fa852bd045e9dbff3673ea"},"headline":"CEO da Oracle passa Zuckerberg e vira 2\u00ba homem mais rico do mundo; confira a lista","datePublished":"2025-07-04T14:55:43+00:00","dateModified":"2025-07-04T14:57:07+00:00","mainEntityOfPage":{"@id":"https:\/\/www.suno.com.br\/noticias\/homem-mais-rico-do-mundo-2025-go\/"},"wordCount":498,"publisher":{"@id":"https:\/\/www.suno.com.br\/noticias\/#organization"},"image":{"@id":"https:\/\/www.suno.com.br\/noticias\/homem-mais-rico-do-mundo-2025-go\/#primaryimage"},"thumbnailUrl":"https:\/\/files.sunoresearch.com.br\/n\/uploads\/2025\/07\/Adobe-Express-file.webp","keywords":["Elon Musk","Mark Zuckerberg","Oracle (ORCL34)","Rico"],"articleSection":["Neg\u00f3cios"],"inLanguage":"pt-BR"},{"@type":"WebPage","@id":"https:\/\/www.suno.com.br\/noticias\/homem-mais-rico-do-mundo-2025-go\/","url":"https:\/\/www.suno.com.br\/noticias\/homem-mais-rico-do-mundo-2025-go\/","name":"Homem mais rico do mundo: CEO da Oracle sobe ao 2\u00ba lugar","isPartOf":{"@id":"https:\/\/www.suno.com.br\/noticias\/#website"},"primaryImageOfPage":{"@id":"https:\/\/www.suno.com.br\/noticias\/homem-mais-rico-do-mundo-2025-go\/#primaryimage"},"image":{"@id":"https:\/\/www.suno.com.br\/noticias\/homem-mais-rico-do-mundo-2025-go\/#primaryimage"},"thumbnailUrl":"https:\/\/files.sunoresearch.com.br\/n\/uploads\/2025\/07\/Adobe-Express-file.webp","datePublished":"2025-07-04T14:55:43+00:00","dateModified":"2025-07-04T14:57:07+00:00","description":"CEO da Oracle se torna o segundo homem mais rico do mundo, atr\u00e1s apenas de Elon Musk. Veja a lista completa dos bilion\u00e1rios segundo a Forbes.","breadcrumb":{"@id":"https:\/\/www.suno.com.br\/noticias\/homem-mais-rico-do-mundo-2025-go\/#breadcrumb"},"inLanguage":"pt-BR","potentialAction":[{"@type":"ReadAction","target":["https:\/\/www.suno.com.br\/noticias\/homem-mais-rico-do-mundo-2025-go\/"]}]},{"@type":"ImageObject","inLanguage":"pt-BR","@id":"https:\/\/www.suno.com.br\/noticias\/homem-mais-rico-do-mundo-2025-go\/#primaryimage","url":"https:\/\/files.sunoresearch.com.br\/n\/uploads\/2025\/07\/Adobe-Express-file.webp","contentUrl":"https:\/\/files.sunoresearch.com.br\/n\/uploads\/2025\/07\/Adobe-Express-file.webp","width":1290,"height":675,"caption":"Larry Ellison (segundo homem mais rico do mundo). Foto: Divulga\u00e7\u00e3o\/Oracle"},{"@type":"BreadcrumbList","@id":"https:\/\/www.suno.com.br\/noticias\/homem-mais-rico-do-mundo-2025-go\/#breadcrumb","itemListElement":[{"@type":"ListItem","position":1,"name":"Not\u00edcias","item":"https:\/\/www.suno.com.br\/noticias\/"},{"@type":"ListItem","position":2,"name":"Neg\u00f3cios","item":"https:\/\/www.suno.com.br\/noticias\/negocios\/"},{"@type":"ListItem","position":3,"name":"CEO da Oracle passa Zuckerberg e vira 2\u00ba homem mais rico do mundo; confira a lista"}]},{"@type":"WebSite","@id":"https:\/\/www.suno.com.br\/noticias\/#website","url":"https:\/\/www.suno.com.br\/noticias\/","name":"Suno Not\u00edcias","description":"Seu portal de informa\u00e7\u00e3o sobre o mundo dos investimentos","publisher":{"@id":"https:\/\/www.suno.com.br\/noticias\/#organization"},"potentialAction":[{"@type":"SearchAction","target":{"@type":"EntryPoint","urlTemplate":"https:\/\/www.suno.com.br\/noticias\/?s={search_term_string}"},"query-input":{"@type":"PropertyValueSpecification","valueRequired":true,"valueName":"search_term_string"}}],"inLanguage":"pt-BR"},{"@type":"Organization","@id":"https:\/\/www.suno.com.br\/noticias\/#organization","name":"Suno Not\u00edcias","url":"https:\/\/www.suno.com.br\/noticias\/","logo":{"@type":"ImageObject","inLanguage":"pt-BR","@id":"https:\/\/www.suno.com.br\/noticias\/#\/schema\/logo\/image\/","url":"https:\/\/files.sunoresearch.com.br\/n\/uploads\/2021\/09\/suno-logo.png","contentUrl":"https:\/\/files.sunoresearch.com.br\/n\/uploads\/2021\/09\/suno-logo.png","width":180,"height":180,"caption":"Suno Not\u00edcias"},"image":{"@id":"https:\/\/www.suno.com.br\/noticias\/#\/schema\/logo\/image\/"},"sameAs":["https:\/\/facebook.com\/sunoresearch","https:\/\/x.com\/sunoresearch","https:\/\/www.instagram.com\/suno","https:\/\/www.linkedin.com\/company\/suno-research\/","https:\/\/www.youtube.com\/c\/sunoresearch"]},{"@type":"Person","@id":"https:\/\/www.suno.com.br\/noticias\/#\/schema\/person\/c1b1bd3727fa852bd045e9dbff3673ea","name":"Reda\u00e7\u00e3o Suno Not\u00edcias","image":{"@type":"ImageObject","inLanguage":"pt-BR","@id":"https:\/\/www.suno.com.br\/noticias\/#\/schema\/person\/image\/","url":"https:\/\/secure.gravatar.com\/avatar\/b8104b9b5a71985d5238ee59fbe418af?s=96&r=g","contentUrl":"https:\/\/secure.gravatar.com\/avatar\/b8104b9b5a71985d5238ee59fbe418af?s=96&r=g","caption":"Reda\u00e7\u00e3o Suno Not\u00edcias"},"description":"O Suno Not\u00edcias \u00e9 um portal de informa\u00e7\u00f5es sobre Mercado Financeiro, Pol\u00edtica, Neg\u00f3cios, Economia e Finan\u00e7as Pessoais.","sameAs":["https:\/\/www.suno.com.br\/noticias","https:\/\/www.facebook.com\/sunonoticias\/","https:\/\/www.instagram.com\/sunonoticias\/","https:\/\/x.com\/https:\/\/twitter.com\/sunoresearch","https:\/\/www.youtube.com\/sunonoticias"],"url":"https:\/\/www.suno.com.br\/noticias\/author\/redacao-suno\/"}]}},"default_loop_html":"<div class=\"cardsPage__listCard__boxs\"><div class=\"cardsPage__listCard__boxs__img\"><a href=\"https:\/\/www.suno.com.br\/noticias\/homem-mais-rico-do-mundo-2025-go\/\"><img class=\"mask\" src=\"https:\/\/www.suno.com.br\/noticias\/wp-content\/themes\/suno\/resources\/images\/spotlight\/spotlight1img\/bg-mask.png\" alt=\"Image Mask\"\/><img src=\"https:\/\/files.sunoresearch.com.br\/n\/uploads\/2025\/07\/Adobe-Express-file-400x200.webp\" alt=\"CEO da Oracle passa Zuckerberg e vira 2\u00ba homem mais rico do mundo; confira a lista\"\/><\/a><span class=\"spotlightCategory\"><a href=\"https:\/\/www.suno.com.br\/noticias\/negocios\/\">Neg\u00f3cios<\/a><\/span><\/div><div class=\"cardsPage__listCard__boxs__content\"><a href=\"https:\/\/www.suno.com.br\/noticias\/homem-mais-rico-do-mundo-2025-go\/\"><h2 class=\"content__title\">CEO da Oracle passa Zuckerberg e vira 2\u00ba homem mais rico do mundo; confira a lista<\/h2><\/a><div class=\"newsContent__article__meta\"><div class=\"newsContent__article__meta__authorBox\"><a href=\"https:\/\/www.suno.com.br\/noticias\/author\/redacao-suno\/\" class=\"authorBox__avatar noMobi\"><img src=\"https:\/\/files.sunoresearch.com.br\/n\/uploads\/2020\/08\/0ace682d-redacao-1-150x150.webp\" alt=\"Reda\u00e7\u00e3o Suno Not\u00edcias\"><\/a><div class=\"authorBox__name\"><span>por\n\t\t\t<a href=\"https:\/\/www.suno.com.br\/noticias\/author\/redacao-suno\/\"><span itemprop=\"author\">Reda\u00e7\u00e3o Suno Not\u00edcias<\/span><\/a><\/span><time datetime=\"2025-07-04T11:55:43-03:00\" itemprop=\"datePublished\">04\/07\/2025 11:55<\/time><\/div><\/div><\/div><\/div><\/div>","single_layout":"posts","amp_enabled":true,"_links":{"self":[{"href":"https:\/\/www.suno.com.br\/noticias\/wp-json\/wp\/v2\/posts\/612363"}],"collection":[{"href":"https:\/\/www.suno.com.br\/noticias\/wp-json\/wp\/v2\/posts"}],"about":[{"href":"https:\/\/www.suno.com.br\/noticias\/wp-json\/wp\/v2\/types\/post"}],"author":[{"embeddable":true,"href":"https:\/\/www.suno.com.br\/noticias\/wp-json\/wp\/v2\/users\/43"}],"replies":[{"embeddable":true,"href":"https:\/\/www.suno.com.br\/noticias\/wp-json\/wp\/v2\/comments?post=612363"}],"version-history":[{"count":2,"href":"https:\/\/www.suno.com.br\/noticias\/wp-json\/wp\/v2\/posts\/612363\/revisions"}],"predecessor-version":[{"id":612367,"href":"https:\/\/www.suno.com.br\/noticias\/wp-json\/wp\/v2\/posts\/612363\/revisions\/612367"}],"wp:featuredmedia":[{"embeddable":true,"href":"https:\/\/www.suno.com.br\/noticias\/wp-json\/wp\/v2\/media\/612365"}],"wp:attachment":[{"href":"https:\/\/www.suno.com.br\/noticias\/wp-json\/wp\/v2\/media?parent=612363"}],"wp:term":[{"taxonomy":"category","embeddable":true,"href":"https:\/\/www.suno.com.br\/noticias\/wp-json\/wp\/v2\/categories?post=612363"},{"taxonomy":"post_tag","embeddable":true,"href":"https:\/\/www.suno.com.br\/noticias\/wp-json\/wp\/v2\/tags?post=612363"},{"taxonomy":"suno_strategy","embeddable":true,"href":"https:\/\/www.suno.com.br\/noticias\/wp-json\/wp\/v2\/suno_strategy?post=612363"}],"curies":[{"name":"wp","href":"https:\/\/api.w.org\/{rel}","templated":true}]}}