{"id":61217,"date":"2020-04-13T11:31:09","date_gmt":"2020-04-13T14:31:09","guid":{"rendered":"https:\/\/www.suno.com.br\/noticias\/?p=61217"},"modified":"2020-04-13T11:31:09","modified_gmt":"2020-04-13T14:31:09","slug":"unidas-lcam3-anuncia-aquisicao-da-zetta-frotas-por-r-25-milhoes","status":"publish","type":"post","link":"https:\/\/www.suno.com.br\/noticias\/unidas-lcam3-anuncia-aquisicao-da-zetta-frotas-por-r-25-milhoes\/","title":{"rendered":"Unidas (LCAM3) anuncia aquisi\u00e7\u00e3o da Zetta Frotas por R$ 25 milh\u00f5es"},"content":{"rendered":"<p>A <strong><a href=\"https:\/\/www.suno.com.br\/acoes\/lcam3\/\">Unidas (LCAM3)<\/a><\/strong> comunicou a compra da <strong>Zetta Frotas<\/strong> por R$ 25 milh\u00f5es, nesta segunda-feira (13). O valor foi pago \u00e0 vista. Al\u00e9m do valor em dinheiro, a negocia\u00e7\u00e3o inclui a transfer\u00eancia de 2 milh\u00f5es de a\u00e7\u00f5es da empresa.<\/p>\t<div class=\"wrapper-featured-image\">\n\t\t<figure class=\"spotlightImg\">\n\n\t\t\t<picture>\n\t\t\t\t<source media=\"(max-width: 768px)\" srcset=\"https:\/\/files.sunoresearch.com.br\/n\/uploads\/2020\/04\/42ab25c7-unidas-400x200.webp\">\n\t\t\t\t<img loading=\"lazy\" decoding=\"async\" class=\"newsContent__article__imgCapa lazyloadDisabled newsContent__article__imgCapa--noCaption\" src=\"https:\/\/files.sunoresearch.com.br\/n\/uploads\/2020\/04\/42ab25c7-unidas-jpg.webp\" width=\"800\" height=\"450\" alt=\"Unidas (LCAM3) anuncia aquisi\u00e7\u00e3o da Zetta Frotas por R$ 25 milh\u00f5es\" fetchpriority=high \/>\n\t\t\t<\/picture>\n\n\t\t\t<figcaption class=\"wp-caption-text wp-caption-text--hide\">Unidas (LCAM3)<\/figcaption>\n\t\t<\/figure>\n\t<\/div>\n\n\n\n<p>A opera\u00e7\u00e3o ainda pode ser verificada pelo <a href=\"https:\/\/www.suno.com.br\/artigos\/cade\/\"><strong>Conselho Administrativo de Defesa Econ\u00f4mica (CADE)<\/strong><\/a>.\u00a0A ideia da Unidas com essa negocia\u00e7\u00e3o \u00e9 ampliar sua frota de ve\u00edculos e melhorar o setor de terceiriza\u00e7\u00e3o de frotas.<\/p>\n<p><a href=\"https:\/\/lp.suno.com.br\/suno-one\/\">Garanta acesso ao Suno One, a central de informa\u00e7\u00f5es para quem quer aprender a investir. Acesse gratuitamente clicando aqui.<\/a><\/p>\n<p>A Unidas tamb\u00e9m pretende entrar em novos segmento com a cria\u00e7\u00e3o da subdivis\u00e3o denominada &#8220;Unidas Ve\u00edculos Especiais&#8221;.<\/p>\n<p>A Zetta \u00e9 um companhia de terceiriza\u00e7\u00e3o de frotas de ve\u00edculos especiais, como: ve\u00edculos adaptados, UTIs M\u00f3veis, ve\u00edculos de resgate, carros f\u00fanenres e viaturas policiais. A empresa possui 22 anos de experi\u00eancia nesse mercado e encerrou o ano passado com receita l\u00edquida de R$ 102,8 milh\u00f5es.<\/p>\n<p>O lucro l\u00edquido da empresa foi de R$ 7,7 milh\u00f5es e o lucro antes de juros, impostos, deprecia\u00e7\u00f5es e amortiza\u00e7\u00f5es ficou em R$ 40,1 milh\u00f5es. A Zetta est\u00e1 presente em oito estados do Pa\u00eds.<\/p>\n<h2>Contrata\u00e7\u00e3o de empr\u00e9stimos da Unidas<\/h2>\n<p>O <a href=\"https:\/\/www.suno.com.br\/artigos\/conselho-administracao\/\">Conselho de Administra\u00e7\u00e3o<\/a> da Unidas tamb\u00e9m aprovou a contrata\u00e7\u00e3o de R$ 300 milh\u00f5es em empr\u00e9stimos, que ter\u00e1 prazo de tr\u00eas anos e custo de CDI mais 3%. O objetivo \u00e9 refor\u00e7ar o caixa da empresa e refinanciar as d\u00edvidas.<\/p>\n<h2>Cancelamento da Assembleia Geral da locadora de ve\u00edculos<\/h2>\n<p>A Unidas anunciou, no dia 7 de abril, o cancelamento da <a href=\"https:\/\/www.suno.com.br\/artigos\/assembleia-geral-ordinaria\/\">Assembleia Geral Ordin\u00e1ria<\/a> <a href=\"https:\/\/www.suno.com.br\/artigos\/assembleia-geral-extraordinaria\/\">e Extraordin\u00e1ria (AGOE)<\/a> que estava prevista para o dia 27 de abril, em raz\u00e3o da pandemia do novo coronav\u00edrus (Covid-19). A informa\u00e7\u00e3o foi divulgada por meio de um fato relevante.<\/p>\n<p>Assim, segundo a companhia, ficam sem efeito o edital de convoca\u00e7\u00e3o, os boletins de voto \u00e0 dist\u00e2ncia e a proposta da administra\u00e7\u00e3o que seria exposta no decorrer da AGOE.<\/p>\n<p>A <strong>Unidas<\/strong> ressalta na nota que &#8220;tem acompanhado todas as orienta\u00e7\u00f5es das autoridades de sa\u00fade competentes, incluindo o Minist\u00e9rio da Sa\u00fade e a Organiza\u00e7\u00e3o Mundial da Sa\u00fade (OMS), buscando atuar da melhor maneira poss\u00edvel, preservando a continuidade dos seus neg\u00f3cios e protegendo a sa\u00fade de seus colaboradores, clientes e acionistas\u201d.<\/p>\n\n","protected":false},"excerpt":{"rendered":"<p>A Unidas (LCAM3) comunicou a compra da Zetta Frotas por R$ 25 milh\u00f5es, nesta segunda-feira (13). O valor foi pago \u00e0 vista. Al\u00e9m do valor em dinheiro, a negocia\u00e7\u00e3o inclui a transfer\u00eancia de 2 milh\u00f5es de a\u00e7\u00f5es da empresa. Unidas (LCAM3) A opera\u00e7\u00e3o ainda pode ser verificada pelo Conselho Administrativo de Defesa Econ\u00f4mica (CADE).\u00a0A ideia [&hellip;]<\/p>\n","protected":false},"author":19,"featured_media":60794,"comment_status":"closed","ping_status":"closed","sticky":false,"template":"","format":"standard","meta":[],"categories":[64],"tags":[1061],"suno_strategy":[],"class_list":["post-61217","post","type-post","status-publish","format-standard","has-post-thumbnail","hentry","category-negocios","tag-unidas-lcam3"],"yoast_head":"<!-- This site is optimized with the Yoast SEO plugin v24.4 - https:\/\/yoast.com\/wordpress\/plugins\/seo\/ -->\n<title>Unidas (LCAM3) anuncia aquisi\u00e7\u00e3o da Zetta Frotas por R$ 25 milh\u00f5es<\/title>\n<meta name=\"description\" content=\"A Unidas (LCAM3) comunicou a compra da Zetta Frotas por R$ 25 milh\u00f5es, nesta segunda-feira (13). Clique aqui para saber mais.\" \/>\n<meta name=\"robots\" content=\"index, follow, max-snippet:-1, max-image-preview:large, max-video-preview:-1\" \/>\n<link rel=\"canonical\" href=\"https:\/\/www.suno.com.br\/noticias\/unidas-lcam3-anuncia-aquisicao-da-zetta-frotas-por-r-25-milhoes\/\" \/>\n<meta property=\"og:locale\" content=\"pt_BR\" \/>\n<meta property=\"og:type\" content=\"article\" \/>\n<meta property=\"og:title\" content=\"Unidas (LCAM3) anuncia aquisi\u00e7\u00e3o da Zetta Frotas por R$ 25 milh\u00f5es\" \/>\n<meta property=\"og:description\" content=\"A Unidas (LCAM3) comunicou a compra da Zetta Frotas por R$ 25 milh\u00f5es, nesta segunda-feira (13). Clique aqui para saber mais.\" \/>\n<meta property=\"og:url\" content=\"https:\/\/www.suno.com.br\/noticias\/unidas-lcam3-anuncia-aquisicao-da-zetta-frotas-por-r-25-milhoes\/\" \/>\n<meta property=\"og:site_name\" content=\"Suno Not\u00edcias\" \/>\n<meta property=\"article:publisher\" content=\"https:\/\/facebook.com\/sunoresearch\" \/>\n<meta property=\"og:image\" content=\"https:\/\/files.sunoresearch.com.br\/n\/uploads\/2020\/04\/42ab25c7-unidas.jpg\" \/>\n\t<meta property=\"og:image:width\" content=\"512\" \/>\n\t<meta property=\"og:image:height\" content=\"384\" \/>\n\t<meta property=\"og:image:type\" content=\"image\/jpeg\" \/>\n<meta name=\"author\" content=\"Juliano Passaro\" \/>\n<meta name=\"twitter:card\" content=\"summary_large_image\" \/>\n<meta name=\"twitter:creator\" content=\"@sunoresearch\" \/>\n<meta name=\"twitter:site\" content=\"@sunoresearch\" \/>\n<meta name=\"twitter:label1\" content=\"Escrito por\" \/>\n\t<meta name=\"twitter:data1\" content=\"Juliano Passaro\" \/>\n\t<meta name=\"twitter:label2\" content=\"Est. tempo de leitura\" \/>\n\t<meta name=\"twitter:data2\" content=\"2 minutos\" \/>\n<script type=\"application\/ld+json\" class=\"yoast-schema-graph\">{\"@context\":\"https:\/\/schema.org\",\"@graph\":[{\"@type\":\"NewsArticle\",\"@id\":\"https:\/\/www.suno.com.br\/noticias\/unidas-lcam3-anuncia-aquisicao-da-zetta-frotas-por-r-25-milhoes\/#article\",\"isPartOf\":{\"@id\":\"https:\/\/www.suno.com.br\/noticias\/unidas-lcam3-anuncia-aquisicao-da-zetta-frotas-por-r-25-milhoes\/\"},\"author\":{\"name\":\"Juliano Passaro\",\"@id\":\"https:\/\/www.suno.com.br\/noticias\/#\/schema\/person\/1db762f78ffd8919a648a63e425953e3\"},\"headline\":\"Unidas (LCAM3) anuncia aquisi\u00e7\u00e3o da Zetta Frotas por R$ 25 milh\u00f5es\",\"datePublished\":\"2020-04-13T14:31:09+00:00\",\"mainEntityOfPage\":{\"@id\":\"https:\/\/www.suno.com.br\/noticias\/unidas-lcam3-anuncia-aquisicao-da-zetta-frotas-por-r-25-milhoes\/\"},\"wordCount\":428,\"publisher\":{\"@id\":\"https:\/\/www.suno.com.br\/noticias\/#organization\"},\"image\":{\"@id\":\"https:\/\/www.suno.com.br\/noticias\/unidas-lcam3-anuncia-aquisicao-da-zetta-frotas-por-r-25-milhoes\/#primaryimage\"},\"thumbnailUrl\":\"https:\/\/files.sunoresearch.com.br\/n\/uploads\/2020\/04\/42ab25c7-unidas-jpg.webp\",\"keywords\":[\"Unidas (LCAM3)\"],\"articleSection\":[\"Neg\u00f3cios\"],\"inLanguage\":\"pt-BR\"},{\"@type\":\"WebPage\",\"@id\":\"https:\/\/www.suno.com.br\/noticias\/unidas-lcam3-anuncia-aquisicao-da-zetta-frotas-por-r-25-milhoes\/\",\"url\":\"https:\/\/www.suno.com.br\/noticias\/unidas-lcam3-anuncia-aquisicao-da-zetta-frotas-por-r-25-milhoes\/\",\"name\":\"Unidas (LCAM3) anuncia aquisi\u00e7\u00e3o da Zetta Frotas por R$ 25 milh\u00f5es\",\"isPartOf\":{\"@id\":\"https:\/\/www.suno.com.br\/noticias\/#website\"},\"primaryImageOfPage\":{\"@id\":\"https:\/\/www.suno.com.br\/noticias\/unidas-lcam3-anuncia-aquisicao-da-zetta-frotas-por-r-25-milhoes\/#primaryimage\"},\"image\":{\"@id\":\"https:\/\/www.suno.com.br\/noticias\/unidas-lcam3-anuncia-aquisicao-da-zetta-frotas-por-r-25-milhoes\/#primaryimage\"},\"thumbnailUrl\":\"https:\/\/files.sunoresearch.com.br\/n\/uploads\/2020\/04\/42ab25c7-unidas-jpg.webp\",\"datePublished\":\"2020-04-13T14:31:09+00:00\",\"description\":\"A Unidas (LCAM3) comunicou a compra da Zetta Frotas por R$ 25 milh\u00f5es, nesta segunda-feira (13). Clique aqui para saber mais.\",\"breadcrumb\":{\"@id\":\"https:\/\/www.suno.com.br\/noticias\/unidas-lcam3-anuncia-aquisicao-da-zetta-frotas-por-r-25-milhoes\/#breadcrumb\"},\"inLanguage\":\"pt-BR\",\"potentialAction\":[{\"@type\":\"ReadAction\",\"target\":[\"https:\/\/www.suno.com.br\/noticias\/unidas-lcam3-anuncia-aquisicao-da-zetta-frotas-por-r-25-milhoes\/\"]}]},{\"@type\":\"ImageObject\",\"inLanguage\":\"pt-BR\",\"@id\":\"https:\/\/www.suno.com.br\/noticias\/unidas-lcam3-anuncia-aquisicao-da-zetta-frotas-por-r-25-milhoes\/#primaryimage\",\"url\":\"https:\/\/files.sunoresearch.com.br\/n\/uploads\/2020\/04\/42ab25c7-unidas-jpg.webp\",\"contentUrl\":\"https:\/\/files.sunoresearch.com.br\/n\/uploads\/2020\/04\/42ab25c7-unidas-jpg.webp\",\"width\":512,\"height\":384,\"caption\":\"Unidas (LCAM3)\"},{\"@type\":\"BreadcrumbList\",\"@id\":\"https:\/\/www.suno.com.br\/noticias\/unidas-lcam3-anuncia-aquisicao-da-zetta-frotas-por-r-25-milhoes\/#breadcrumb\",\"itemListElement\":[{\"@type\":\"ListItem\",\"position\":1,\"name\":\"Not\u00edcias\",\"item\":\"https:\/\/www.suno.com.br\/noticias\/\"},{\"@type\":\"ListItem\",\"position\":2,\"name\":\"Neg\u00f3cios\",\"item\":\"https:\/\/www.suno.com.br\/noticias\/negocios\/\"},{\"@type\":\"ListItem\",\"position\":3,\"name\":\"Unidas (LCAM3) anuncia aquisi\u00e7\u00e3o da Zetta Frotas por R$ 25 milh\u00f5es\"}]},{\"@type\":\"WebSite\",\"@id\":\"https:\/\/www.suno.com.br\/noticias\/#website\",\"url\":\"https:\/\/www.suno.com.br\/noticias\/\",\"name\":\"Suno Not\u00edcias\",\"description\":\"Seu portal de informa\u00e7\u00e3o sobre o mundo dos investimentos\",\"publisher\":{\"@id\":\"https:\/\/www.suno.com.br\/noticias\/#organization\"},\"potentialAction\":[{\"@type\":\"SearchAction\",\"target\":{\"@type\":\"EntryPoint\",\"urlTemplate\":\"https:\/\/www.suno.com.br\/noticias\/?s={search_term_string}\"},\"query-input\":{\"@type\":\"PropertyValueSpecification\",\"valueRequired\":true,\"valueName\":\"search_term_string\"}}],\"inLanguage\":\"pt-BR\"},{\"@type\":\"Organization\",\"@id\":\"https:\/\/www.suno.com.br\/noticias\/#organization\",\"name\":\"Suno Not\u00edcias\",\"url\":\"https:\/\/www.suno.com.br\/noticias\/\",\"logo\":{\"@type\":\"ImageObject\",\"inLanguage\":\"pt-BR\",\"@id\":\"https:\/\/www.suno.com.br\/noticias\/#\/schema\/logo\/image\/\",\"url\":\"https:\/\/files.sunoresearch.com.br\/n\/uploads\/2021\/09\/suno-logo.png\",\"contentUrl\":\"https:\/\/files.sunoresearch.com.br\/n\/uploads\/2021\/09\/suno-logo.png\",\"width\":180,\"height\":180,\"caption\":\"Suno Not\u00edcias\"},\"image\":{\"@id\":\"https:\/\/www.suno.com.br\/noticias\/#\/schema\/logo\/image\/\"},\"sameAs\":[\"https:\/\/facebook.com\/sunoresearch\",\"https:\/\/x.com\/sunoresearch\",\"https:\/\/www.instagram.com\/suno\",\"https:\/\/www.linkedin.com\/company\/suno-research\/\",\"https:\/\/www.youtube.com\/c\/sunoresearch\"]},{\"@type\":\"Person\",\"@id\":\"https:\/\/www.suno.com.br\/noticias\/#\/schema\/person\/1db762f78ffd8919a648a63e425953e3\",\"name\":\"Juliano Passaro\",\"image\":{\"@type\":\"ImageObject\",\"inLanguage\":\"pt-BR\",\"@id\":\"https:\/\/www.suno.com.br\/noticias\/#\/schema\/person\/image\/\",\"url\":\"https:\/\/secure.gravatar.com\/avatar\/743d4df28eebf6dcc46b4ad03c319e92?s=96&r=g\",\"contentUrl\":\"https:\/\/secure.gravatar.com\/avatar\/743d4df28eebf6dcc46b4ad03c319e92?s=96&r=g\",\"caption\":\"Juliano Passaro\"},\"description\":\"Juliano Passaro escreve sobre pol\u00edtica, economia e neg\u00f3cios para o portal da Suno Research. Antes da Suno, trabalhou no Portal da Band. \u00c9 formado em jornalismo pela Universidade Presbiteriana Mackenzie.\",\"url\":\"https:\/\/www.suno.com.br\/noticias\/author\/juliano\/\"}]}<\/script>\n<!-- \/ Yoast SEO plugin. -->","yoast_head_json":{"title":"Unidas (LCAM3) anuncia aquisi\u00e7\u00e3o da Zetta Frotas por R$ 25 milh\u00f5es","description":"A Unidas (LCAM3) comunicou a compra da Zetta Frotas por R$ 25 milh\u00f5es, nesta segunda-feira (13). Clique aqui para saber mais.","robots":{"index":"index","follow":"follow","max-snippet":"max-snippet:-1","max-image-preview":"max-image-preview:large","max-video-preview":"max-video-preview:-1"},"canonical":"https:\/\/www.suno.com.br\/noticias\/unidas-lcam3-anuncia-aquisicao-da-zetta-frotas-por-r-25-milhoes\/","og_locale":"pt_BR","og_type":"article","og_title":"Unidas (LCAM3) anuncia aquisi\u00e7\u00e3o da Zetta Frotas por R$ 25 milh\u00f5es","og_description":"A Unidas (LCAM3) comunicou a compra da Zetta Frotas por R$ 25 milh\u00f5es, nesta segunda-feira (13). Clique aqui para saber mais.","og_url":"https:\/\/www.suno.com.br\/noticias\/unidas-lcam3-anuncia-aquisicao-da-zetta-frotas-por-r-25-milhoes\/","og_site_name":"Suno Not\u00edcias","article_publisher":"https:\/\/facebook.com\/sunoresearch","og_image":[{"width":512,"height":384,"url":"https:\/\/files.sunoresearch.com.br\/n\/uploads\/2020\/04\/42ab25c7-unidas.jpg","type":"image\/jpeg"}],"author":"Juliano Passaro","twitter_card":"summary_large_image","twitter_creator":"@sunoresearch","twitter_site":"@sunoresearch","twitter_misc":{"Escrito por":"Juliano Passaro","Est. tempo de leitura":"2 minutos"},"schema":{"@context":"https:\/\/schema.org","@graph":[{"@type":"NewsArticle","@id":"https:\/\/www.suno.com.br\/noticias\/unidas-lcam3-anuncia-aquisicao-da-zetta-frotas-por-r-25-milhoes\/#article","isPartOf":{"@id":"https:\/\/www.suno.com.br\/noticias\/unidas-lcam3-anuncia-aquisicao-da-zetta-frotas-por-r-25-milhoes\/"},"author":{"name":"Juliano Passaro","@id":"https:\/\/www.suno.com.br\/noticias\/#\/schema\/person\/1db762f78ffd8919a648a63e425953e3"},"headline":"Unidas (LCAM3) anuncia aquisi\u00e7\u00e3o da Zetta Frotas por R$ 25 milh\u00f5es","datePublished":"2020-04-13T14:31:09+00:00","mainEntityOfPage":{"@id":"https:\/\/www.suno.com.br\/noticias\/unidas-lcam3-anuncia-aquisicao-da-zetta-frotas-por-r-25-milhoes\/"},"wordCount":428,"publisher":{"@id":"https:\/\/www.suno.com.br\/noticias\/#organization"},"image":{"@id":"https:\/\/www.suno.com.br\/noticias\/unidas-lcam3-anuncia-aquisicao-da-zetta-frotas-por-r-25-milhoes\/#primaryimage"},"thumbnailUrl":"https:\/\/files.sunoresearch.com.br\/n\/uploads\/2020\/04\/42ab25c7-unidas-jpg.webp","keywords":["Unidas (LCAM3)"],"articleSection":["Neg\u00f3cios"],"inLanguage":"pt-BR"},{"@type":"WebPage","@id":"https:\/\/www.suno.com.br\/noticias\/unidas-lcam3-anuncia-aquisicao-da-zetta-frotas-por-r-25-milhoes\/","url":"https:\/\/www.suno.com.br\/noticias\/unidas-lcam3-anuncia-aquisicao-da-zetta-frotas-por-r-25-milhoes\/","name":"Unidas (LCAM3) anuncia aquisi\u00e7\u00e3o da Zetta Frotas por R$ 25 milh\u00f5es","isPartOf":{"@id":"https:\/\/www.suno.com.br\/noticias\/#website"},"primaryImageOfPage":{"@id":"https:\/\/www.suno.com.br\/noticias\/unidas-lcam3-anuncia-aquisicao-da-zetta-frotas-por-r-25-milhoes\/#primaryimage"},"image":{"@id":"https:\/\/www.suno.com.br\/noticias\/unidas-lcam3-anuncia-aquisicao-da-zetta-frotas-por-r-25-milhoes\/#primaryimage"},"thumbnailUrl":"https:\/\/files.sunoresearch.com.br\/n\/uploads\/2020\/04\/42ab25c7-unidas-jpg.webp","datePublished":"2020-04-13T14:31:09+00:00","description":"A Unidas (LCAM3) comunicou a compra da Zetta Frotas por R$ 25 milh\u00f5es, nesta segunda-feira (13). Clique aqui para saber mais.","breadcrumb":{"@id":"https:\/\/www.suno.com.br\/noticias\/unidas-lcam3-anuncia-aquisicao-da-zetta-frotas-por-r-25-milhoes\/#breadcrumb"},"inLanguage":"pt-BR","potentialAction":[{"@type":"ReadAction","target":["https:\/\/www.suno.com.br\/noticias\/unidas-lcam3-anuncia-aquisicao-da-zetta-frotas-por-r-25-milhoes\/"]}]},{"@type":"ImageObject","inLanguage":"pt-BR","@id":"https:\/\/www.suno.com.br\/noticias\/unidas-lcam3-anuncia-aquisicao-da-zetta-frotas-por-r-25-milhoes\/#primaryimage","url":"https:\/\/files.sunoresearch.com.br\/n\/uploads\/2020\/04\/42ab25c7-unidas-jpg.webp","contentUrl":"https:\/\/files.sunoresearch.com.br\/n\/uploads\/2020\/04\/42ab25c7-unidas-jpg.webp","width":512,"height":384,"caption":"Unidas (LCAM3)"},{"@type":"BreadcrumbList","@id":"https:\/\/www.suno.com.br\/noticias\/unidas-lcam3-anuncia-aquisicao-da-zetta-frotas-por-r-25-milhoes\/#breadcrumb","itemListElement":[{"@type":"ListItem","position":1,"name":"Not\u00edcias","item":"https:\/\/www.suno.com.br\/noticias\/"},{"@type":"ListItem","position":2,"name":"Neg\u00f3cios","item":"https:\/\/www.suno.com.br\/noticias\/negocios\/"},{"@type":"ListItem","position":3,"name":"Unidas (LCAM3) anuncia aquisi\u00e7\u00e3o da Zetta Frotas por R$ 25 milh\u00f5es"}]},{"@type":"WebSite","@id":"https:\/\/www.suno.com.br\/noticias\/#website","url":"https:\/\/www.suno.com.br\/noticias\/","name":"Suno Not\u00edcias","description":"Seu portal de informa\u00e7\u00e3o sobre o mundo dos investimentos","publisher":{"@id":"https:\/\/www.suno.com.br\/noticias\/#organization"},"potentialAction":[{"@type":"SearchAction","target":{"@type":"EntryPoint","urlTemplate":"https:\/\/www.suno.com.br\/noticias\/?s={search_term_string}"},"query-input":{"@type":"PropertyValueSpecification","valueRequired":true,"valueName":"search_term_string"}}],"inLanguage":"pt-BR"},{"@type":"Organization","@id":"https:\/\/www.suno.com.br\/noticias\/#organization","name":"Suno Not\u00edcias","url":"https:\/\/www.suno.com.br\/noticias\/","logo":{"@type":"ImageObject","inLanguage":"pt-BR","@id":"https:\/\/www.suno.com.br\/noticias\/#\/schema\/logo\/image\/","url":"https:\/\/files.sunoresearch.com.br\/n\/uploads\/2021\/09\/suno-logo.png","contentUrl":"https:\/\/files.sunoresearch.com.br\/n\/uploads\/2021\/09\/suno-logo.png","width":180,"height":180,"caption":"Suno Not\u00edcias"},"image":{"@id":"https:\/\/www.suno.com.br\/noticias\/#\/schema\/logo\/image\/"},"sameAs":["https:\/\/facebook.com\/sunoresearch","https:\/\/x.com\/sunoresearch","https:\/\/www.instagram.com\/suno","https:\/\/www.linkedin.com\/company\/suno-research\/","https:\/\/www.youtube.com\/c\/sunoresearch"]},{"@type":"Person","@id":"https:\/\/www.suno.com.br\/noticias\/#\/schema\/person\/1db762f78ffd8919a648a63e425953e3","name":"Juliano Passaro","image":{"@type":"ImageObject","inLanguage":"pt-BR","@id":"https:\/\/www.suno.com.br\/noticias\/#\/schema\/person\/image\/","url":"https:\/\/secure.gravatar.com\/avatar\/743d4df28eebf6dcc46b4ad03c319e92?s=96&r=g","contentUrl":"https:\/\/secure.gravatar.com\/avatar\/743d4df28eebf6dcc46b4ad03c319e92?s=96&r=g","caption":"Juliano Passaro"},"description":"Juliano Passaro escreve sobre pol\u00edtica, economia e neg\u00f3cios para o portal da Suno Research. Antes da Suno, trabalhou no Portal da Band. \u00c9 formado em jornalismo pela Universidade Presbiteriana Mackenzie.","url":"https:\/\/www.suno.com.br\/noticias\/author\/juliano\/"}]}},"default_loop_html":"<div class=\"cardsPage__listCard__boxs\"><div class=\"cardsPage__listCard__boxs__img\"><a href=\"https:\/\/www.suno.com.br\/noticias\/unidas-lcam3-anuncia-aquisicao-da-zetta-frotas-por-r-25-milhoes\/\"><img class=\"mask\" src=\"https:\/\/www.suno.com.br\/noticias\/wp-content\/themes\/suno\/resources\/images\/spotlight\/spotlight1img\/bg-mask.png\" alt=\"Image Mask\"\/><img src=\"https:\/\/files.sunoresearch.com.br\/n\/uploads\/2020\/04\/42ab25c7-unidas-400x200.webp\" alt=\"Unidas (LCAM3) anuncia aquisi\u00e7\u00e3o da Zetta Frotas por R$ 25 milh\u00f5es\"\/><\/a><span class=\"spotlightCategory\"><a href=\"https:\/\/www.suno.com.br\/noticias\/negocios\/\">Neg\u00f3cios<\/a><\/span><\/div><div class=\"cardsPage__listCard__boxs__content\"><a href=\"https:\/\/www.suno.com.br\/noticias\/unidas-lcam3-anuncia-aquisicao-da-zetta-frotas-por-r-25-milhoes\/\"><h2 class=\"content__title\">Unidas (LCAM3) anuncia aquisi\u00e7\u00e3o da Zetta Frotas por R$ 25 milh\u00f5es<\/h2><\/a><div class=\"newsContent__article__meta\"><div class=\"newsContent__article__meta__authorBox\"><a href=\"https:\/\/www.suno.com.br\/noticias\/author\/juliano\/\" class=\"authorBox__avatar noMobi\"><img src=\"https:\/\/files.sunoresearch.com.br\/n\/uploads\/2019\/06\/7cc3efea-whatsapp-image-2019-07-18-at-21.59.33-e1563499821209-150x150.webp\" alt=\"Juliano Passaro\"><\/a><div class=\"authorBox__name\"><span>por\n\t\t\t<a href=\"https:\/\/www.suno.com.br\/noticias\/author\/juliano\/\"><span itemprop=\"author\">Juliano Passaro<\/span><\/a><\/span><time datetime=\"2020-04-13T11:31:09-03:00\" itemprop=\"datePublished\">13\/04\/2020 11:31<\/time><\/div><\/div><\/div><\/div><\/div>","single_layout":"posts","amp_enabled":true,"_links":{"self":[{"href":"https:\/\/www.suno.com.br\/noticias\/wp-json\/wp\/v2\/posts\/61217"}],"collection":[{"href":"https:\/\/www.suno.com.br\/noticias\/wp-json\/wp\/v2\/posts"}],"about":[{"href":"https:\/\/www.suno.com.br\/noticias\/wp-json\/wp\/v2\/types\/post"}],"author":[{"embeddable":true,"href":"https:\/\/www.suno.com.br\/noticias\/wp-json\/wp\/v2\/users\/19"}],"replies":[{"embeddable":true,"href":"https:\/\/www.suno.com.br\/noticias\/wp-json\/wp\/v2\/comments?post=61217"}],"version-history":[{"count":0,"href":"https:\/\/www.suno.com.br\/noticias\/wp-json\/wp\/v2\/posts\/61217\/revisions"}],"wp:featuredmedia":[{"embeddable":true,"href":"https:\/\/www.suno.com.br\/noticias\/wp-json\/wp\/v2\/media\/60794"}],"wp:attachment":[{"href":"https:\/\/www.suno.com.br\/noticias\/wp-json\/wp\/v2\/media?parent=61217"}],"wp:term":[{"taxonomy":"category","embeddable":true,"href":"https:\/\/www.suno.com.br\/noticias\/wp-json\/wp\/v2\/categories?post=61217"},{"taxonomy":"post_tag","embeddable":true,"href":"https:\/\/www.suno.com.br\/noticias\/wp-json\/wp\/v2\/tags?post=61217"},{"taxonomy":"suno_strategy","embeddable":true,"href":"https:\/\/www.suno.com.br\/noticias\/wp-json\/wp\/v2\/suno_strategy?post=61217"}],"curies":[{"name":"wp","href":"https:\/\/api.w.org\/{rel}","templated":true}]}}