{"id":61128,"date":"2020-04-09T19:48:25","date_gmt":"2020-04-09T22:48:25","guid":{"rendered":"https:\/\/www.suno.com.br\/noticias\/?p=61128"},"modified":"2020-04-09T19:48:25","modified_gmt":"2020-04-09T22:48:25","slug":"petroleo-cai-acordo-opep","status":"publish","type":"post","link":"https:\/\/www.suno.com.br\/noticias\/petroleo-cai-acordo-opep\/","title":{"rendered":"Petr\u00f3leo registra forte queda; investidores argumentam corte insuficiente"},"content":{"rendered":"<p>Os pre\u00e7os do <strong>petr\u00f3leo<\/strong> registraram forte queda nesta quinta-feira (9). O mercado questionou o acordo entre a <a href=\"https:\/\/www.suno.com.br\/artigos\/opep\/\">Organiza\u00e7\u00e3o dos Pa\u00edses Exportadores de Petr\u00f3leo (Opep)<\/a> e seus aliados de corte de produ\u00e7\u00e3o.<\/p>\t<div class=\"wrapper-featured-image\">\n\t\t<figure class=\"spotlightImg\">\n\n\t\t\t<picture>\n\t\t\t\t<source media=\"(max-width: 768px)\" srcset=\"https:\/\/files.sunoresearch.com.br\/n\/uploads\/2020\/04\/18c0cbe5-petroleo-400x200.webp\">\n\t\t\t\t<img loading=\"lazy\" decoding=\"async\" class=\"newsContent__article__imgCapa lazyloadDisabled newsContent__article__imgCapa--noCaption\" src=\"https:\/\/files.sunoresearch.com.br\/n\/uploads\/2020\/04\/18c0cbe5-petroleo-800x450.webp\" width=\"800\" height=\"450\" alt=\"Petr\u00f3leo registra forte queda; investidores argumentam corte insuficiente\" fetchpriority=high \/>\n\t\t\t<\/picture>\n\n\t\t\t<figcaption class=\"wp-caption-text wp-caption-text--hide\">Petr\u00f3leo. Foto: Pixabay<\/figcaption>\n\t\t<\/figure>\n\t<\/div>\n\n\n\n<p>Os investidores objetou \u00e0 oferta de corte da produ\u00e7\u00e3o di\u00e1ria de <strong>petr\u00f3leo,<\/strong> argumentando que a medida n\u00e3o seria suficiente para reverter a queda da <a href=\"https:\/\/www.suno.com.br\/artigos\/commodities\/\">commodity<\/a>. Dessa forma, a decis\u00e3o n\u00e3o responderia adequadamente ao colapso global de demanda por combust\u00edveis, em raz\u00e3o da pandemia do novo coronav\u00edrus.<\/p>\n<p><a href=\"https:\/\/lp.suno.com.br\/suno-one\/\">Saiba mais: <span data-sheets-value=\"{&quot;1&quot;:2,&quot;2&quot;:&quot;Garanta acesso ao Suno One, a central de informa\u00e7\u00f5es para quem quer aprender a investir. Acesse gratuitamente clicando aqui.&quot;}\" data-sheets-userformat=\"{&quot;2&quot;:513,&quot;3&quot;:{&quot;1&quot;:0},&quot;12&quot;:0}\">Garanta acesso ao Suno One, a central de informa\u00e7\u00f5es para quem quer aprender a investir. Acesse gratuitamente clicando aqui.<\/span><\/a><\/p>\n<p>\u201cO colapso nos pre\u00e7os do petr\u00f3leo \u00e9 um resultado da realidade de que embora a Opep esteja cortando conforme esperado, simplesmente h\u00e1 petr\u00f3leo de mais no espa\u00e7o f\u00edsico para venda, com poucos oleodutos para transport\u00e1-lo e pouqu\u00edssimos compradores para receb\u00ea-lo\u201d, afirmou o especialista em energia da United ICAP, Scott Shelton.<\/p>\n<h2>Redu\u00e7\u00e3o da produ\u00e7\u00e3o de \u00f3leo<\/h2>\n<p>A Opep+, grupo na sua configura\u00e7\u00e3o que re\u00fane os pa\u00edses da Organiza\u00e7\u00e3o e seus aliados, como R\u00fassia e Noruega; confirmaram nesta quinta-feira (9) que devem realizar um corte na produ\u00e7\u00e3o em 10 milh\u00f5es de barris por dia (bpd).<\/p>\n<p><a href=\"https:\/\/www.suno.com.br\/noticias\/crise-do-petroleo-impacto-no-mercado\/\">Saiba mais: Entenda a atual crise do petr\u00f3leo e seu impacto no mercado<\/a><\/p>\n<p>A Opep+ informou que a redu\u00e7\u00e3o come\u00e7ar\u00e1 em maio e valer\u00e1 por um per\u00edodo de dois meses. O grupo ainda acrescentou que, entre julho e dezembro, a diminui\u00e7\u00e3o passar\u00e1 8 milh\u00f5es de bpd. Entre janeiro de 2021 e abril de 2020, os cortes ser\u00e3o reduzidos a 6 milh\u00f5es de bpd.<\/p>\n\t<p>\n\t\t<a href=\"https:\/\/lp.suno.com.br\/ao\/cadastro-whatsapp\/\" target=\"_blank\" data-element=\"shortcode-suno-banner\" title=\"Banner SUNO, clique e saiba mais\">\n\t\t\t<picture>\n\t\t\t\t<source media=\"(max-width: 500px)\" srcset=\"https:\/\/files.sunoresearch.com.br\/n\/uploads\/2024\/02\/400x300-Mobile-Artigos-7.png\">\n\t\t\t\t<img class=\"newsContent__article__imgCapa newsContent__article__imgCapa--banner\"\n\t\t\t\t\tsrc=\"https:\/\/files.sunoresearch.com.br\/n\/uploads\/2024\/01\/1420x240-Banner-Artigos-1-_-Banner-Materias-8.png\"\n\t\t\t\t\tdata-promo-id=\"517344\"\t\t\t\t\t\t\t\t\t\twidth='1420' height='240'\t\t\t\t\talt=\"https:\/\/files.sunoresearch.com.br\/n\/uploads\/2024\/01\/1420x240-Banner-Artigos-1-_-Banner-Materias-8.png\"\n\t\t\t\t>\n\t\t\t<\/picture>\n\t\t<\/a>\n\t<\/p>\n\n\n<p>A Organiza\u00e7\u00e3o informou que realizar\u00e1 uma nova videoconfer\u00eancia no dia 10 de junho, a fim de avaliar o mercado. A Opep+ n\u00e3o citou as condi\u00e7\u00f5es para redu\u00e7\u00e3o de bombeamento a pa\u00edses fora do cartel internacional.<\/p>\n<h2>Queda no pre\u00e7o do petr\u00f3leo<\/h2>\n<p>Os <a href=\"https:\/\/www.suno.com.br\/artigos\/cotacao-do-petroleo\/\">pre\u00e7os do petr\u00f3leo<\/a> abriram em alta, mas oscilaram negativamente ap\u00f3s o anuncio da Opep+. \u201cO mercado precificou muita expectativa nos \u00faltimos dias\u201d, declarou John Kilduff, s\u00f3cio do fundo de hedge Again Capital.<\/p>\n<p><a href=\"https:\/\/www.suno.com.br\/noticias\/petroleo-opep-pressiona-brasil\/\">Saiba mais: Petr\u00f3leo: Opep pressiona Brasil a cortar produ\u00e7\u00e3o da commodity<\/a><\/p>\n<p>Os contratos futuros do <strong>petr\u00f3leo<\/strong> Brent encerraram em baixa de 4,1%, a US$ 31,48 por barril, uma queda US$ 1,36. Ao mesmo tempo, o pre\u00e7o do barril dos Estados Unidos recuou 9,3%, para 22,76 d\u00f3lares, varia\u00e7\u00e3o de US$ 2,33. Esses foram os n\u00edveis mais baixos de fechamento para ambos os contratos em uma semana.<\/p>\n\n","protected":false},"excerpt":{"rendered":"<p>Os pre\u00e7os do petr\u00f3leo registraram forte queda nesta quinta-feira (9). O mercado questionou o acordo entre a Organiza\u00e7\u00e3o dos Pa\u00edses Exportadores de Petr\u00f3leo (Opep) e seus aliados de corte de produ\u00e7\u00e3o. Petr\u00f3leo. Foto: Pixabay Os investidores objetou \u00e0 oferta de corte da produ\u00e7\u00e3o di\u00e1ria de petr\u00f3leo, argumentando que a medida n\u00e3o seria suficiente para reverter [&hellip;]<\/p>\n","protected":false},"author":35,"featured_media":60136,"comment_status":"closed","ping_status":"closed","sticky":false,"template":"","format":"standard","meta":[],"categories":[60],"tags":[811,766,866],"suno_strategy":[],"class_list":["post-61128","post","type-post","status-publish","format-standard","has-post-thumbnail","hentry","category-mercado","tag-opep","tag-petroleo","tag-russia"],"yoast_head":"<!-- This site is optimized with the Yoast SEO plugin v24.4 - https:\/\/yoast.com\/wordpress\/plugins\/seo\/ -->\n<title>Petr\u00f3leo registra forte queda; investidores argumentam corte insuficiente<\/title>\n<meta name=\"description\" content=\"O petr\u00f3leo registrou forte queda nesta quinta-feira (9). O mercado questionou o acordo da Opep+ de corte de produ\u00e7\u00e3o. Clique para saber mais\" \/>\n<meta name=\"robots\" content=\"index, follow, max-snippet:-1, max-image-preview:large, max-video-preview:-1\" \/>\n<link rel=\"canonical\" href=\"https:\/\/www.suno.com.br\/noticias\/petroleo-cai-acordo-opep\/\" \/>\n<meta property=\"og:locale\" content=\"pt_BR\" \/>\n<meta property=\"og:type\" content=\"article\" \/>\n<meta property=\"og:title\" content=\"Petr\u00f3leo registra forte queda; investidores argumentam corte insuficiente\" \/>\n<meta property=\"og:description\" content=\"O petr\u00f3leo registrou forte queda nesta quinta-feira (9). O mercado questionou o acordo da Opep+ de corte de produ\u00e7\u00e3o. Clique para saber mais\" \/>\n<meta property=\"og:url\" content=\"https:\/\/www.suno.com.br\/noticias\/petroleo-cai-acordo-opep\/\" \/>\n<meta property=\"og:site_name\" content=\"Suno Not\u00edcias\" \/>\n<meta property=\"article:publisher\" content=\"https:\/\/facebook.com\/sunoresearch\" \/>\n<meta property=\"og:image\" content=\"https:\/\/files.sunoresearch.com.br\/n\/uploads\/2020\/04\/18c0cbe5-petroleo.jpg\" \/>\n\t<meta property=\"og:image:width\" content=\"1500\" \/>\n\t<meta property=\"og:image:height\" content=\"975\" \/>\n\t<meta property=\"og:image:type\" content=\"image\/jpeg\" \/>\n<meta name=\"author\" content=\"Arthur Guimar\u00e3es\" \/>\n<meta name=\"twitter:card\" content=\"summary_large_image\" \/>\n<meta name=\"twitter:creator\" content=\"@sunoresearch\" \/>\n<meta name=\"twitter:site\" content=\"@sunoresearch\" \/>\n<meta name=\"twitter:label1\" content=\"Escrito por\" \/>\n\t<meta name=\"twitter:data1\" content=\"Arthur Guimar\u00e3es\" \/>\n\t<meta name=\"twitter:label2\" content=\"Est. tempo de leitura\" \/>\n\t<meta name=\"twitter:data2\" content=\"2 minutos\" \/>\n<script type=\"application\/ld+json\" class=\"yoast-schema-graph\">{\"@context\":\"https:\/\/schema.org\",\"@graph\":[{\"@type\":\"NewsArticle\",\"@id\":\"https:\/\/www.suno.com.br\/noticias\/petroleo-cai-acordo-opep\/#article\",\"isPartOf\":{\"@id\":\"https:\/\/www.suno.com.br\/noticias\/petroleo-cai-acordo-opep\/\"},\"author\":{\"name\":\"Arthur Guimar\u00e3es\",\"@id\":\"https:\/\/www.suno.com.br\/noticias\/#\/schema\/person\/053a750a709a263919a20f976caae91c\"},\"headline\":\"Petr\u00f3leo registra forte queda; investidores argumentam corte insuficiente\",\"datePublished\":\"2020-04-09T22:48:25+00:00\",\"mainEntityOfPage\":{\"@id\":\"https:\/\/www.suno.com.br\/noticias\/petroleo-cai-acordo-opep\/\"},\"wordCount\":456,\"publisher\":{\"@id\":\"https:\/\/www.suno.com.br\/noticias\/#organization\"},\"image\":{\"@id\":\"https:\/\/www.suno.com.br\/noticias\/petroleo-cai-acordo-opep\/#primaryimage\"},\"thumbnailUrl\":\"https:\/\/files.sunoresearch.com.br\/n\/uploads\/2020\/04\/18c0cbe5-petroleo-jpg.webp\",\"keywords\":[\"OPEP\",\"Petr\u00f3leo\",\"R\u00fassia\"],\"articleSection\":[\"Mercado\"],\"inLanguage\":\"pt-BR\"},{\"@type\":\"WebPage\",\"@id\":\"https:\/\/www.suno.com.br\/noticias\/petroleo-cai-acordo-opep\/\",\"url\":\"https:\/\/www.suno.com.br\/noticias\/petroleo-cai-acordo-opep\/\",\"name\":\"Petr\u00f3leo registra forte queda; investidores argumentam corte insuficiente\",\"isPartOf\":{\"@id\":\"https:\/\/www.suno.com.br\/noticias\/#website\"},\"primaryImageOfPage\":{\"@id\":\"https:\/\/www.suno.com.br\/noticias\/petroleo-cai-acordo-opep\/#primaryimage\"},\"image\":{\"@id\":\"https:\/\/www.suno.com.br\/noticias\/petroleo-cai-acordo-opep\/#primaryimage\"},\"thumbnailUrl\":\"https:\/\/files.sunoresearch.com.br\/n\/uploads\/2020\/04\/18c0cbe5-petroleo-jpg.webp\",\"datePublished\":\"2020-04-09T22:48:25+00:00\",\"description\":\"O petr\u00f3leo registrou forte queda nesta quinta-feira (9). O mercado questionou o acordo da Opep+ de corte de produ\u00e7\u00e3o. Clique para saber mais\",\"breadcrumb\":{\"@id\":\"https:\/\/www.suno.com.br\/noticias\/petroleo-cai-acordo-opep\/#breadcrumb\"},\"inLanguage\":\"pt-BR\",\"potentialAction\":[{\"@type\":\"ReadAction\",\"target\":[\"https:\/\/www.suno.com.br\/noticias\/petroleo-cai-acordo-opep\/\"]}]},{\"@type\":\"ImageObject\",\"inLanguage\":\"pt-BR\",\"@id\":\"https:\/\/www.suno.com.br\/noticias\/petroleo-cai-acordo-opep\/#primaryimage\",\"url\":\"https:\/\/files.sunoresearch.com.br\/n\/uploads\/2020\/04\/18c0cbe5-petroleo-jpg.webp\",\"contentUrl\":\"https:\/\/files.sunoresearch.com.br\/n\/uploads\/2020\/04\/18c0cbe5-petroleo-jpg.webp\",\"width\":1500,\"height\":975,\"caption\":\"Petr\u00f3leo. Foto: Pixabay\"},{\"@type\":\"BreadcrumbList\",\"@id\":\"https:\/\/www.suno.com.br\/noticias\/petroleo-cai-acordo-opep\/#breadcrumb\",\"itemListElement\":[{\"@type\":\"ListItem\",\"position\":1,\"name\":\"Not\u00edcias\",\"item\":\"https:\/\/www.suno.com.br\/noticias\/\"},{\"@type\":\"ListItem\",\"position\":2,\"name\":\"Mercado\",\"item\":\"https:\/\/www.suno.com.br\/noticias\/mercado\/\"},{\"@type\":\"ListItem\",\"position\":3,\"name\":\"Petr\u00f3leo registra forte queda; investidores argumentam corte insuficiente\"}]},{\"@type\":\"WebSite\",\"@id\":\"https:\/\/www.suno.com.br\/noticias\/#website\",\"url\":\"https:\/\/www.suno.com.br\/noticias\/\",\"name\":\"Suno Not\u00edcias\",\"description\":\"Seu portal de informa\u00e7\u00e3o sobre o mundo dos investimentos\",\"publisher\":{\"@id\":\"https:\/\/www.suno.com.br\/noticias\/#organization\"},\"potentialAction\":[{\"@type\":\"SearchAction\",\"target\":{\"@type\":\"EntryPoint\",\"urlTemplate\":\"https:\/\/www.suno.com.br\/noticias\/?s={search_term_string}\"},\"query-input\":{\"@type\":\"PropertyValueSpecification\",\"valueRequired\":true,\"valueName\":\"search_term_string\"}}],\"inLanguage\":\"pt-BR\"},{\"@type\":\"Organization\",\"@id\":\"https:\/\/www.suno.com.br\/noticias\/#organization\",\"name\":\"Suno Not\u00edcias\",\"url\":\"https:\/\/www.suno.com.br\/noticias\/\",\"logo\":{\"@type\":\"ImageObject\",\"inLanguage\":\"pt-BR\",\"@id\":\"https:\/\/www.suno.com.br\/noticias\/#\/schema\/logo\/image\/\",\"url\":\"https:\/\/files.sunoresearch.com.br\/n\/uploads\/2021\/09\/suno-logo.png\",\"contentUrl\":\"https:\/\/files.sunoresearch.com.br\/n\/uploads\/2021\/09\/suno-logo.png\",\"width\":180,\"height\":180,\"caption\":\"Suno Not\u00edcias\"},\"image\":{\"@id\":\"https:\/\/www.suno.com.br\/noticias\/#\/schema\/logo\/image\/\"},\"sameAs\":[\"https:\/\/facebook.com\/sunoresearch\",\"https:\/\/x.com\/sunoresearch\",\"https:\/\/www.instagram.com\/suno\",\"https:\/\/www.linkedin.com\/company\/suno-research\/\",\"https:\/\/www.youtube.com\/c\/sunoresearch\"]},{\"@type\":\"Person\",\"@id\":\"https:\/\/www.suno.com.br\/noticias\/#\/schema\/person\/053a750a709a263919a20f976caae91c\",\"name\":\"Arthur Guimar\u00e3es\",\"image\":{\"@type\":\"ImageObject\",\"inLanguage\":\"pt-BR\",\"@id\":\"https:\/\/www.suno.com.br\/noticias\/#\/schema\/person\/image\/\",\"url\":\"https:\/\/secure.gravatar.com\/avatar\/1affd86a11209ae09eb6dd3bcad3e96c?s=96&r=g\",\"contentUrl\":\"https:\/\/secure.gravatar.com\/avatar\/1affd86a11209ae09eb6dd3bcad3e96c?s=96&r=g\",\"caption\":\"Arthur Guimar\u00e3es\"},\"description\":\"Arthur Guimar\u00e3es escreve sobre pol\u00edtica, economia e neg\u00f3cios para o portal de not\u00edcias da Suno Research. Atualmente, \u00e9 estudante de jornalismo pela Faculdade C\u00e1sper L\u00edbero.\",\"url\":\"https:\/\/www.suno.com.br\/noticias\/author\/arthur-guimaraes\/\"}]}<\/script>\n<!-- \/ Yoast SEO plugin. -->","yoast_head_json":{"title":"Petr\u00f3leo registra forte queda; investidores argumentam corte insuficiente","description":"O petr\u00f3leo registrou forte queda nesta quinta-feira (9). O mercado questionou o acordo da Opep+ de corte de produ\u00e7\u00e3o. Clique para saber mais","robots":{"index":"index","follow":"follow","max-snippet":"max-snippet:-1","max-image-preview":"max-image-preview:large","max-video-preview":"max-video-preview:-1"},"canonical":"https:\/\/www.suno.com.br\/noticias\/petroleo-cai-acordo-opep\/","og_locale":"pt_BR","og_type":"article","og_title":"Petr\u00f3leo registra forte queda; investidores argumentam corte insuficiente","og_description":"O petr\u00f3leo registrou forte queda nesta quinta-feira (9). O mercado questionou o acordo da Opep+ de corte de produ\u00e7\u00e3o. Clique para saber mais","og_url":"https:\/\/www.suno.com.br\/noticias\/petroleo-cai-acordo-opep\/","og_site_name":"Suno Not\u00edcias","article_publisher":"https:\/\/facebook.com\/sunoresearch","og_image":[{"width":1500,"height":975,"url":"https:\/\/files.sunoresearch.com.br\/n\/uploads\/2020\/04\/18c0cbe5-petroleo.jpg","type":"image\/jpeg"}],"author":"Arthur Guimar\u00e3es","twitter_card":"summary_large_image","twitter_creator":"@sunoresearch","twitter_site":"@sunoresearch","twitter_misc":{"Escrito por":"Arthur Guimar\u00e3es","Est. tempo de leitura":"2 minutos"},"schema":{"@context":"https:\/\/schema.org","@graph":[{"@type":"NewsArticle","@id":"https:\/\/www.suno.com.br\/noticias\/petroleo-cai-acordo-opep\/#article","isPartOf":{"@id":"https:\/\/www.suno.com.br\/noticias\/petroleo-cai-acordo-opep\/"},"author":{"name":"Arthur Guimar\u00e3es","@id":"https:\/\/www.suno.com.br\/noticias\/#\/schema\/person\/053a750a709a263919a20f976caae91c"},"headline":"Petr\u00f3leo registra forte queda; investidores argumentam corte insuficiente","datePublished":"2020-04-09T22:48:25+00:00","mainEntityOfPage":{"@id":"https:\/\/www.suno.com.br\/noticias\/petroleo-cai-acordo-opep\/"},"wordCount":456,"publisher":{"@id":"https:\/\/www.suno.com.br\/noticias\/#organization"},"image":{"@id":"https:\/\/www.suno.com.br\/noticias\/petroleo-cai-acordo-opep\/#primaryimage"},"thumbnailUrl":"https:\/\/files.sunoresearch.com.br\/n\/uploads\/2020\/04\/18c0cbe5-petroleo-jpg.webp","keywords":["OPEP","Petr\u00f3leo","R\u00fassia"],"articleSection":["Mercado"],"inLanguage":"pt-BR"},{"@type":"WebPage","@id":"https:\/\/www.suno.com.br\/noticias\/petroleo-cai-acordo-opep\/","url":"https:\/\/www.suno.com.br\/noticias\/petroleo-cai-acordo-opep\/","name":"Petr\u00f3leo registra forte queda; investidores argumentam corte insuficiente","isPartOf":{"@id":"https:\/\/www.suno.com.br\/noticias\/#website"},"primaryImageOfPage":{"@id":"https:\/\/www.suno.com.br\/noticias\/petroleo-cai-acordo-opep\/#primaryimage"},"image":{"@id":"https:\/\/www.suno.com.br\/noticias\/petroleo-cai-acordo-opep\/#primaryimage"},"thumbnailUrl":"https:\/\/files.sunoresearch.com.br\/n\/uploads\/2020\/04\/18c0cbe5-petroleo-jpg.webp","datePublished":"2020-04-09T22:48:25+00:00","description":"O petr\u00f3leo registrou forte queda nesta quinta-feira (9). O mercado questionou o acordo da Opep+ de corte de produ\u00e7\u00e3o. Clique para saber mais","breadcrumb":{"@id":"https:\/\/www.suno.com.br\/noticias\/petroleo-cai-acordo-opep\/#breadcrumb"},"inLanguage":"pt-BR","potentialAction":[{"@type":"ReadAction","target":["https:\/\/www.suno.com.br\/noticias\/petroleo-cai-acordo-opep\/"]}]},{"@type":"ImageObject","inLanguage":"pt-BR","@id":"https:\/\/www.suno.com.br\/noticias\/petroleo-cai-acordo-opep\/#primaryimage","url":"https:\/\/files.sunoresearch.com.br\/n\/uploads\/2020\/04\/18c0cbe5-petroleo-jpg.webp","contentUrl":"https:\/\/files.sunoresearch.com.br\/n\/uploads\/2020\/04\/18c0cbe5-petroleo-jpg.webp","width":1500,"height":975,"caption":"Petr\u00f3leo. Foto: Pixabay"},{"@type":"BreadcrumbList","@id":"https:\/\/www.suno.com.br\/noticias\/petroleo-cai-acordo-opep\/#breadcrumb","itemListElement":[{"@type":"ListItem","position":1,"name":"Not\u00edcias","item":"https:\/\/www.suno.com.br\/noticias\/"},{"@type":"ListItem","position":2,"name":"Mercado","item":"https:\/\/www.suno.com.br\/noticias\/mercado\/"},{"@type":"ListItem","position":3,"name":"Petr\u00f3leo registra forte queda; investidores argumentam corte insuficiente"}]},{"@type":"WebSite","@id":"https:\/\/www.suno.com.br\/noticias\/#website","url":"https:\/\/www.suno.com.br\/noticias\/","name":"Suno Not\u00edcias","description":"Seu portal de informa\u00e7\u00e3o sobre o mundo dos investimentos","publisher":{"@id":"https:\/\/www.suno.com.br\/noticias\/#organization"},"potentialAction":[{"@type":"SearchAction","target":{"@type":"EntryPoint","urlTemplate":"https:\/\/www.suno.com.br\/noticias\/?s={search_term_string}"},"query-input":{"@type":"PropertyValueSpecification","valueRequired":true,"valueName":"search_term_string"}}],"inLanguage":"pt-BR"},{"@type":"Organization","@id":"https:\/\/www.suno.com.br\/noticias\/#organization","name":"Suno Not\u00edcias","url":"https:\/\/www.suno.com.br\/noticias\/","logo":{"@type":"ImageObject","inLanguage":"pt-BR","@id":"https:\/\/www.suno.com.br\/noticias\/#\/schema\/logo\/image\/","url":"https:\/\/files.sunoresearch.com.br\/n\/uploads\/2021\/09\/suno-logo.png","contentUrl":"https:\/\/files.sunoresearch.com.br\/n\/uploads\/2021\/09\/suno-logo.png","width":180,"height":180,"caption":"Suno Not\u00edcias"},"image":{"@id":"https:\/\/www.suno.com.br\/noticias\/#\/schema\/logo\/image\/"},"sameAs":["https:\/\/facebook.com\/sunoresearch","https:\/\/x.com\/sunoresearch","https:\/\/www.instagram.com\/suno","https:\/\/www.linkedin.com\/company\/suno-research\/","https:\/\/www.youtube.com\/c\/sunoresearch"]},{"@type":"Person","@id":"https:\/\/www.suno.com.br\/noticias\/#\/schema\/person\/053a750a709a263919a20f976caae91c","name":"Arthur Guimar\u00e3es","image":{"@type":"ImageObject","inLanguage":"pt-BR","@id":"https:\/\/www.suno.com.br\/noticias\/#\/schema\/person\/image\/","url":"https:\/\/secure.gravatar.com\/avatar\/1affd86a11209ae09eb6dd3bcad3e96c?s=96&r=g","contentUrl":"https:\/\/secure.gravatar.com\/avatar\/1affd86a11209ae09eb6dd3bcad3e96c?s=96&r=g","caption":"Arthur Guimar\u00e3es"},"description":"Arthur Guimar\u00e3es escreve sobre pol\u00edtica, economia e neg\u00f3cios para o portal de not\u00edcias da Suno Research. Atualmente, \u00e9 estudante de jornalismo pela Faculdade C\u00e1sper L\u00edbero.","url":"https:\/\/www.suno.com.br\/noticias\/author\/arthur-guimaraes\/"}]}},"default_loop_html":"<div class=\"cardsPage__listCard__boxs\"><div class=\"cardsPage__listCard__boxs__img\"><a href=\"https:\/\/www.suno.com.br\/noticias\/petroleo-cai-acordo-opep\/\"><img class=\"mask\" src=\"https:\/\/www.suno.com.br\/noticias\/wp-content\/themes\/suno\/resources\/images\/spotlight\/spotlight1img\/bg-mask.png\" alt=\"Image Mask\"\/><img src=\"https:\/\/files.sunoresearch.com.br\/n\/uploads\/2020\/04\/18c0cbe5-petroleo-400x200.webp\" alt=\"Petr\u00f3leo registra forte queda; investidores argumentam corte insuficiente\"\/><\/a><span class=\"spotlightCategory\"><a href=\"https:\/\/www.suno.com.br\/noticias\/mercado\/\">Mercado<\/a><\/span><\/div><div class=\"cardsPage__listCard__boxs__content\"><a href=\"https:\/\/www.suno.com.br\/noticias\/petroleo-cai-acordo-opep\/\"><h2 class=\"content__title\">Petr\u00f3leo registra forte queda; investidores argumentam corte insuficiente<\/h2><\/a><div class=\"newsContent__article__meta\"><div class=\"newsContent__article__meta__authorBox\"><a href=\"https:\/\/www.suno.com.br\/noticias\/author\/arthur-guimaraes\/\" class=\"authorBox__avatar noMobi\"><img src=\"https:\/\/files.sunoresearch.com.br\/n\/uploads\/2020\/02\/dfb40897-eu-150x150.webp\" alt=\"Arthur Guimar\u00e3es\"><\/a><div class=\"authorBox__name\"><span>por\n\t\t\t<a href=\"https:\/\/www.suno.com.br\/noticias\/author\/arthur-guimaraes\/\"><span itemprop=\"author\">Arthur Guimar\u00e3es<\/span><\/a><\/span><time datetime=\"2020-04-09T19:48:25-03:00\" itemprop=\"datePublished\">09\/04\/2020 19:48<\/time><\/div><\/div><\/div><\/div><\/div>","single_layout":"posts","amp_enabled":true,"_links":{"self":[{"href":"https:\/\/www.suno.com.br\/noticias\/wp-json\/wp\/v2\/posts\/61128"}],"collection":[{"href":"https:\/\/www.suno.com.br\/noticias\/wp-json\/wp\/v2\/posts"}],"about":[{"href":"https:\/\/www.suno.com.br\/noticias\/wp-json\/wp\/v2\/types\/post"}],"author":[{"embeddable":true,"href":"https:\/\/www.suno.com.br\/noticias\/wp-json\/wp\/v2\/users\/35"}],"replies":[{"embeddable":true,"href":"https:\/\/www.suno.com.br\/noticias\/wp-json\/wp\/v2\/comments?post=61128"}],"version-history":[{"count":0,"href":"https:\/\/www.suno.com.br\/noticias\/wp-json\/wp\/v2\/posts\/61128\/revisions"}],"wp:featuredmedia":[{"embeddable":true,"href":"https:\/\/www.suno.com.br\/noticias\/wp-json\/wp\/v2\/media\/60136"}],"wp:attachment":[{"href":"https:\/\/www.suno.com.br\/noticias\/wp-json\/wp\/v2\/media?parent=61128"}],"wp:term":[{"taxonomy":"category","embeddable":true,"href":"https:\/\/www.suno.com.br\/noticias\/wp-json\/wp\/v2\/categories?post=61128"},{"taxonomy":"post_tag","embeddable":true,"href":"https:\/\/www.suno.com.br\/noticias\/wp-json\/wp\/v2\/tags?post=61128"},{"taxonomy":"suno_strategy","embeddable":true,"href":"https:\/\/www.suno.com.br\/noticias\/wp-json\/wp\/v2\/suno_strategy?post=61128"}],"curies":[{"name":"wp","href":"https:\/\/api.w.org\/{rel}","templated":true}]}}