{"id":61100,"date":"2020-04-09T17:50:56","date_gmt":"2020-04-09T20:50:56","guid":{"rendered":"https:\/\/www.suno.com.br\/noticias\/?p=61100"},"modified":"2020-04-09T18:00:57","modified_gmt":"2020-04-09T21:00:57","slug":"ibovespa-fecha-queda-09042020","status":"publish","type":"post","link":"https:\/\/www.suno.com.br\/noticias\/ibovespa-fecha-queda-09042020\/","title":{"rendered":"Ibovespa inverte e fecha em queda de 1,2% no \u00faltimo preg\u00e3o da semana"},"content":{"rendered":"<p>O <a href=\"https:\/\/www.suno.com.br\/artigos\/ibovespa\/\"><strong>Ibovespa<\/strong><\/a> encerrou as negocia\u00e7\u00f5es desta quinta-feira (9) em queda de 1,2% a <span class=\"chart-info-val ng-binding\">77.681,94<\/span> pontos. O principal \u00edndice da <a href=\"https:\/\/www.suno.com.br\/artigos\/b3\/\">bolsa de valores de S\u00e3o Paulo (B3)<\/a> reverteu os ganhos do \u00ednicio do dia e fechou em baixa no \u00faltimo preg\u00e3o da semana.<\/p>\t<div class=\"wrapper-featured-image\">\n\t\t<figure class=\"spotlightImg\">\n\n\t\t\t<picture>\n\t\t\t\t<source media=\"(max-width: 768px)\" srcset=\"https:\/\/files.sunoresearch.com.br\/n\/uploads\/2020\/03\/64c4f589-queda-400x200.webp\">\n\t\t\t\t<img loading=\"lazy\" decoding=\"async\" class=\"newsContent__article__imgCapa lazyloadDisabled newsContent__article__imgCapa--noCaption\" src=\"https:\/\/files.sunoresearch.com.br\/n\/uploads\/2020\/03\/64c4f589-queda-800x450.webp\" width=\"800\" height=\"450\" alt=\"Ibovespa inverte e fecha em queda de 1,2% no \u00faltimo preg\u00e3o da semana\" fetchpriority=high \/>\n\t\t\t<\/picture>\n\n\t\t\t<figcaption class=\"wp-caption-text wp-caption-text--hide\">Opini\u00e3o: coronav\u00edrus provocar\u00e1 nova crise econ\u00f4mica, veja os 10 sinais<\/figcaption>\n\t\t<\/figure>\n\t<\/div>\n\n\n\n<p>No acumulado semanal, entretanto, o \u00edndice encerrou em alta de 11,7%, registrando recupera\u00e7\u00e3o parcial. O <strong>Ibovespa<\/strong> abriu em alta nesta quinta-feira, no entanto, ap\u00f3s anuncio da <a href=\"https:\/\/www.suno.com.br\/artigos\/opep+\/\">Organiza\u00e7\u00e3o dos Pa\u00edses\u00a0 Exportadores de Petr\u00f3leo e seus aliados (Opep+)<\/a>, perdeu for\u00e7a e inverteu a dire\u00e7\u00e3o.<\/p>\n<p>O \u00edndice foi puxado pelos pap\u00e9is da <strong>Petrobras (<a href=\"https:\/\/www.suno.com.br\/acoes\/petr3\/\">PETR3<\/a>; <a href=\"https:\/\/www.suno.com.br\/acoes\/petr4\/\">PETR4<\/a>)<\/strong> que, no mesmo sentido do Ibovespa, registrou queda ap\u00f3s a decis\u00e3o do cartel internacional.<\/p>\n<p>Os investidores n\u00e3o viram com bons olhos a medida da Organiza\u00e7\u00e3o, que chegou a conclus\u00e3o de reduzir a produ\u00e7\u00e3o de petr\u00f3leo em 10 milh\u00f5es de barris entre maio e junho. A medida foi vista como insuficiente para impulsionar o pre\u00e7o da <a href=\"https:\/\/www.suno.com.br\/artigos\/commodities\/\">commodity<\/a> a n\u00edveis mais altos.<\/p>\n<p>Al\u00e9m disso, confira as not\u00edcias que movimentaram o mercado brasileiro nesta quinta-feira:<\/p>\n<ul>\n<li>R\u00fassia e Ar\u00e1bia Saudita chegam a princ\u00edpio de acordo<\/li>\n<li>Klabin anuncia aumento de capital de subsidi\u00e1ria<\/li>\n<li>Guararapes anuncia refor\u00e7o de caixa de R$ 1 bi<\/li>\n<\/ul>\n<h2>R\u00fassia e Ar\u00e1bia Saudita chegam a princ\u00edpio de acordo<\/h2>\n<p>A R\u00fassia e a Ar\u00e1bia Saudita chegaram nesta quarta-feira (9) a um princ\u00edpio de acordo para cortar a produ\u00e7\u00e3o de <strong>petr\u00f3leo<\/strong> da Opep+ em 10 milh\u00f5es de barris por dia (bpd).<\/p>\n<p>Os pa\u00edses membros do grupo se reuniram no in\u00edcio desta quinta-feira para deliberar sobre os termos da produ\u00e7\u00e3o de <strong>petr\u00f3leo.<\/strong> Segundo apontam fontes da Dow Jones Newswires, a <strong>R\u00fassia<\/strong> e <strong>Ar\u00e1bia Saudita<\/strong> conseguiram afastar as diverg\u00eancias que haviam impedido o avan\u00e7o das negocia\u00e7\u00e3o deste o in\u00edcio de mar\u00e7o.<\/p>\n<p><a href=\"https:\/\/www.suno.com.br\/noticias\/opep-acordo-producao-petroleo\/\">Saiba mais: Petr\u00f3leo: R\u00fassia e Ar\u00e1bia Saudita chegam a princ\u00edpio de acordo<\/a><\/p>\n<p>Conforme esbo\u00e7os dos acordo, a Ar\u00e1bia Saudita concordaria em reduzir de petr\u00f3leo em quatro milh\u00f5es de barris por dia, a parti do m\u00eas de abril. Do outro lado, os russos aceitariam um corte nas extra\u00e7\u00f5es de dois milh\u00f5es de barris di\u00e1rios. O volume restante corresponderia a cota dos demais integrantes da Organiza\u00e7\u00e3o.<\/p>\n<h2>Klabin anuncia aumento de capital de subsidi\u00e1ria<\/h2>\n<p>A <a href=\"https:\/\/www.suno.com.br\/acoes\/klbn11\/\"><strong>Klabin<\/strong> (KLBN11)<\/a> informou, na \u00faltima quarta-feira (8), que ir\u00e1 aumentar o capital de sua subsidi\u00e1ria Sapopemba Reflorestadora S.A. no equivalente a R$ 81 milh\u00f5es. A informa\u00e7\u00e3o foi divulgada por meio de um comunicado ao mercado.<\/p>\n<p><a href=\"https:\/\/www.suno.com.br\/noticias\/klabin-klbn11-anuncia-aumento-de-capital-de-subsidiaria\/\">Saiba mais: Klabin (KLBN11) anuncia aumento de capital de subsidi\u00e1ria<\/a><\/p>\n<p>Segundo a Klabin, o acordo foi fechado entre a empresa e uma <strong>Timber Investment Management Organization (TIMO)<\/strong>. A Klabin realizar\u00e1 um aporte adicional de tr\u00eas mil hectares de florestas plantadas.\u00a0 J\u00e1 a TIMO contribuir\u00e1 com o montante de R$ 245 milh\u00f5es em caixa.<\/p>\n<p>Os recursos adicionais inclu\u00eddos pela TIMO ir\u00e3o financiar a compra de cerca de seis mil hectares \u00fateis, al\u00e9m de investimentos necess\u00e1rios na forma\u00e7\u00e3o de florestas e <a href=\"https:\/\/www.suno.com.br\/artigos\/capital-giro\/\">capital de giro<\/a> para a subsidi\u00e1ria. A parceria tem efetuado a compra de \u00e1reas para a expans\u00e3o florestal no Estado do Paran\u00e1 em prazo menor do que o cronograma original, anunciado em julho do ano passado.<\/p>\n\t<p>\n\t\t<a href=\"https:\/\/lp.suno.com.br\/4-emissao-snel11\/\" target=\"_blank\" data-element=\"shortcode-suno-banner\" title=\"Banner SUNO, clique e saiba mais\">\n\t\t\t<picture>\n\t\t\t\t<source media=\"(max-width: 500px)\" srcset=\"https:\/\/files.sunoresearch.com.br\/n\/uploads\/2025\/07\/400x300-Mobile-Artigos-7.webp\">\n\t\t\t\t<img class=\"newsContent__article__imgCapa newsContent__article__imgCapa--banner\"\n\t\t\t\t\tsrc=\"https:\/\/files.sunoresearch.com.br\/n\/uploads\/2025\/07\/1420x240-Banner-Artigos-1-_-Banner-Materias-5.webp\"\n\t\t\t\t\tdata-promo-id=\"364417\"\t\t\t\t\t\t\t\t\t\twidth='1420' height='240'\t\t\t\t\talt=\"https:\/\/files.sunoresearch.com.br\/n\/uploads\/2025\/07\/1420x240-Banner-Artigos-1-_-Banner-Materias-5.webp\"\n\t\t\t\t>\n\t\t\t<\/picture>\n\t\t<\/a>\n\t<\/p>\n\n\n<p>A Klabin diz que &#8220;o modelo adotado para a expans\u00e3o de base florestal refor\u00e7a o compromisso da empresa com a cria\u00e7\u00e3o de valor para seus acionistas e equil\u00edbrio de sua estrutura de capital&#8221;.<\/p>\n<h2>Guararapes anuncia refor\u00e7o de caixa de R$ 1 bi<\/h2>\n<p>O <a href=\"https:\/\/www.suno.com.br\/acoes\/guar3\/\"><strong>Grupo Guararapes (GUAR3)<\/strong><\/a>, dono da <strong>Riachuelo<\/strong>, tamb\u00e9m anunciou na \u00faltima quarta-feira, que, por meio de linhas de cr\u00e9dito j\u00e1 existentes com institui\u00e7\u00f5es financeiras, ir\u00e1 refor\u00e7ar sua posi\u00e7\u00e3o de caixa. Junto com a emiss\u00e3o de notas promiss\u00f3rias, o valor da opera\u00e7\u00e3o deve ser de at\u00e9 R$ 1 bilh\u00e3o.<\/p>\n<p>Em Assembleia Geral Extraordin\u00e1ria, a empresa aprovou a capta\u00e7\u00e3o de R$ 300 milh\u00f5es em notas promiss\u00f3rias. Ser\u00e3o emitidas 60 notas promiss\u00f3rias comerciais, em s\u00e9rie \u00fanica, com valor nominal unit\u00e1rio de R$ 5 milh\u00f5es.<\/p>\n<p><a href=\"https:\/\/www.suno.com.br\/noticias\/guararapes-guar3-reforco-caixa-1bi\/\">Saiba mais: Guararapes (GUAR3) anuncia refor\u00e7o de caixa de R$ 1 bi<\/a><\/p>\n<p>A Riachuelo comunicou, em mar\u00e7o, a suspens\u00e3o de suas opera\u00e7\u00f5es em 323 lojas no Pa\u00eds. O objetivo com a medida \u00e9 colabora para a conten\u00e7\u00e3o do avan\u00e7o da pandemia de coronav\u00edrus.<\/p>\n<h2>Maiores altas e baixas do Ibovespa<\/h2>\n<p>ALTAS:<\/p>\n<ul>\n<li>CVCB3 +10,21% R$ 12,95<\/li>\n<li>ECOR3 +5,63% R$ 10,70<\/li>\n<li>ELET3 +5,29% R$ 25,26<\/li>\n<li>ELET6 +5,16% R$ 28,34<\/li>\n<li>BPAC11 +4,66% R$ 41,75<\/li>\n<\/ul>\n<p>BAIXAS:<\/p>\n<ul>\n<li>SUZB3 -6,74% R$ 35,40<\/li>\n<li>BTOW3 -5,96% R$ 57,73<\/li>\n<li>RENT3 -5,49% R$ 30,15<\/li>\n<li>BRML3 -5,03% R$ 9,45<\/li>\n<li>QUAL3 -4,6% R$ 24,05<\/li>\n<\/ul>\n<h2>Bolsas no exterior<\/h2>\n<ul>\n<li>Londres (<a href=\"https:\/\/www.suno.com.br\/artigos\/ftse-100\/\">FTSE 100<\/a>): +2,90% &#8211; <span class=\"r-iSXouG_hu_mU\" data-rtid=\"iSXouG_hu_mU\"><span class=\"IsqQVc NprOob\">5.842,66<\/span><\/span><\/li>\n<li>Frankfurt (<a href=\"https:\/\/www.suno.com.br\/artigos\/dax-30\/\">DAX 30)<\/a>: +2,24% &#8211;\u00a0<span class=\"r-iN__bSUS4fGg\" data-rtid=\"iN__bSUS4fGg\"><span class=\"IsqQVc NprOob\">10.564,74<\/span><\/span><\/li>\n<li>Paris (<a href=\"https:\/\/www.suno.com.br\/artigos\/cac-40\/\">CAC 40<\/a>): +1,44% &#8211;\u00a0<span class=\"r-iddrvW1eCU_0\" data-rtid=\"iddrvW1eCU_0\"><span class=\"IsqQVc NprOob\">4.506,85<\/span><\/span><\/li>\n<li>Xangai (SSEC): +0,37% &#8211;\u00a0<span class=\"r-i9AjQjIpLYdc\" data-rtid=\"i9AjQjIpLYdc\"><span class=\"IsqQVc NprOob\">2.825,90<\/span><\/span><\/li>\n<li>Hong Kong (<a href=\"https:\/\/www.suno.com.br\/artigos\/hang-seng\/\">Hang Seng<\/a>): +1,38% &#8211;\u00a0<span class=\"r-ijixSwfBIxT8\" data-rtid=\"ijixSwfBIxT8\"><span class=\"IsqQVc NprOob\">24.300,33<\/span><\/span><\/li>\n<li>T\u00f3quio (<a href=\"https:\/\/www.suno.com.br\/artigos\/nikkei-225\/\">Nikkei 225<\/a>): -0,039% &#8211;\u00a0<span class=\"r-iafGLrjPscjc\" data-rtid=\"iafGLrjPscjc\"><span class=\"IsqQVc NprOob\">19.345,77<\/span><\/span><\/li>\n<li>Nova York (<a href=\"https:\/\/www.suno.com.br\/artigos\/sp-500\/\">S&amp;P 500<\/a>): +1,45% &#8211;\u00a0<span class=\"r-iaYnNnswxUk8\" data-rtid=\"iaYnNnswxUk8\"><span class=\"IsqQVc NprOob\">2.789,82<\/span><\/span><\/li>\n<\/ul>\n<h2>\u00daltima cota\u00e7\u00e3o do Ibovespa<\/h2>\n<p>Na sess\u00e3o da \u00faltima quarta-feira, o <strong>Ibovespa<\/strong> encerrou com uma alta de 2,97%, a <span class=\"chart-info-val ng-binding\">78.624,61<\/span>\u00a0pontos.<\/p>\n\n","protected":false},"excerpt":{"rendered":"<p>O Ibovespa encerrou as negocia\u00e7\u00f5es desta quinta-feira (9) em queda de 1,2% a 77.681,94 pontos. O principal \u00edndice da bolsa de valores de S\u00e3o Paulo (B3) reverteu os ganhos do \u00ednicio do dia e fechou em baixa no \u00faltimo preg\u00e3o da semana. Opini\u00e3o: coronav\u00edrus provocar\u00e1 nova crise econ\u00f4mica, veja os 10 sinais No acumulado semanal, [&hellip;]<\/p>\n","protected":false},"author":35,"featured_media":55350,"comment_status":"closed","ping_status":"closed","sticky":false,"template":"","format":"standard","meta":[],"categories":[60],"tags":[494,721,529,595,766],"suno_strategy":[],"class_list":["post-61100","post","type-post","status-publish","format-standard","has-post-thumbnail","hentry","category-mercado","tag-guararapes-guar3","tag-ibovespa","tag-klabin-klbn11-klbn3-klbn4","tag-petrobras-petr4","tag-petroleo"],"yoast_head":"<!-- This site is optimized with the Yoast SEO plugin v24.4 - https:\/\/yoast.com\/wordpress\/plugins\/seo\/ -->\n<title>Ibovespa inverte e fecha em queda de 1,2% no \u00faltimo preg\u00e3o da semana<\/title>\n<meta name=\"description\" content=\"O Ibovespa reverteu os ganhos do \u00ednicio do dia e encerrou as negocia\u00e7\u00f5es em queda de 1,2% a 77.681,94 pontos. Clique para saber mais\" \/>\n<meta name=\"robots\" content=\"index, follow, max-snippet:-1, max-image-preview:large, max-video-preview:-1\" \/>\n<link rel=\"canonical\" href=\"https:\/\/www.suno.com.br\/noticias\/ibovespa-fecha-queda-09042020\/\" \/>\n<meta property=\"og:locale\" content=\"pt_BR\" \/>\n<meta property=\"og:type\" content=\"article\" \/>\n<meta property=\"og:title\" content=\"Ibovespa inverte e fecha em queda de 1,2% no \u00faltimo preg\u00e3o da semana\" \/>\n<meta property=\"og:description\" content=\"O Ibovespa reverteu os ganhos do \u00ednicio do dia e encerrou as negocia\u00e7\u00f5es em queda de 1,2% a 77.681,94 pontos. Clique para saber mais\" \/>\n<meta property=\"og:url\" content=\"https:\/\/www.suno.com.br\/noticias\/ibovespa-fecha-queda-09042020\/\" \/>\n<meta property=\"og:site_name\" content=\"Suno Not\u00edcias\" \/>\n<meta property=\"article:publisher\" content=\"https:\/\/facebook.com\/sunoresearch\" \/>\n<meta property=\"og:image\" content=\"https:\/\/files.sunoresearch.com.br\/n\/uploads\/2020\/03\/64c4f589-queda.jpg\" \/>\n\t<meta property=\"og:image:width\" content=\"900\" \/>\n\t<meta property=\"og:image:height\" content=\"601\" \/>\n\t<meta property=\"og:image:type\" content=\"image\/jpeg\" \/>\n<meta name=\"author\" content=\"Arthur Guimar\u00e3es\" \/>\n<meta name=\"twitter:card\" content=\"summary_large_image\" \/>\n<meta name=\"twitter:creator\" content=\"@sunoresearch\" \/>\n<meta name=\"twitter:site\" content=\"@sunoresearch\" \/>\n<meta name=\"twitter:label1\" content=\"Escrito por\" \/>\n\t<meta name=\"twitter:data1\" content=\"Arthur Guimar\u00e3es\" \/>\n\t<meta name=\"twitter:label2\" content=\"Est. tempo de leitura\" \/>\n\t<meta name=\"twitter:data2\" content=\"4 minutos\" \/>\n<script type=\"application\/ld+json\" class=\"yoast-schema-graph\">{\"@context\":\"https:\/\/schema.org\",\"@graph\":[{\"@type\":\"NewsArticle\",\"@id\":\"https:\/\/www.suno.com.br\/noticias\/ibovespa-fecha-queda-09042020\/#article\",\"isPartOf\":{\"@id\":\"https:\/\/www.suno.com.br\/noticias\/ibovespa-fecha-queda-09042020\/\"},\"author\":{\"name\":\"Arthur Guimar\u00e3es\",\"@id\":\"https:\/\/www.suno.com.br\/noticias\/#\/schema\/person\/053a750a709a263919a20f976caae91c\"},\"headline\":\"Ibovespa inverte e fecha em queda de 1,2% no \u00faltimo preg\u00e3o da semana\",\"datePublished\":\"2020-04-09T20:50:56+00:00\",\"dateModified\":\"2020-04-09T21:00:57+00:00\",\"mainEntityOfPage\":{\"@id\":\"https:\/\/www.suno.com.br\/noticias\/ibovespa-fecha-queda-09042020\/\"},\"wordCount\":863,\"publisher\":{\"@id\":\"https:\/\/www.suno.com.br\/noticias\/#organization\"},\"image\":{\"@id\":\"https:\/\/www.suno.com.br\/noticias\/ibovespa-fecha-queda-09042020\/#primaryimage\"},\"thumbnailUrl\":\"https:\/\/files.sunoresearch.com.br\/n\/uploads\/2020\/03\/64c4f589-queda-jpg.webp\",\"keywords\":[\"Guararapes (GUAR3)\",\"Ibovespa\",\"Klabin (KLBN11\/KLBN3\/KLBN4)\",\"Petrobras (PETR4)\",\"Petr\u00f3leo\"],\"articleSection\":[\"Mercado\"],\"inLanguage\":\"pt-BR\"},{\"@type\":\"WebPage\",\"@id\":\"https:\/\/www.suno.com.br\/noticias\/ibovespa-fecha-queda-09042020\/\",\"url\":\"https:\/\/www.suno.com.br\/noticias\/ibovespa-fecha-queda-09042020\/\",\"name\":\"Ibovespa inverte e fecha em queda de 1,2% no \u00faltimo preg\u00e3o da semana\",\"isPartOf\":{\"@id\":\"https:\/\/www.suno.com.br\/noticias\/#website\"},\"primaryImageOfPage\":{\"@id\":\"https:\/\/www.suno.com.br\/noticias\/ibovespa-fecha-queda-09042020\/#primaryimage\"},\"image\":{\"@id\":\"https:\/\/www.suno.com.br\/noticias\/ibovespa-fecha-queda-09042020\/#primaryimage\"},\"thumbnailUrl\":\"https:\/\/files.sunoresearch.com.br\/n\/uploads\/2020\/03\/64c4f589-queda-jpg.webp\",\"datePublished\":\"2020-04-09T20:50:56+00:00\",\"dateModified\":\"2020-04-09T21:00:57+00:00\",\"description\":\"O Ibovespa reverteu os ganhos do \u00ednicio do dia e encerrou as negocia\u00e7\u00f5es em queda de 1,2% a 77.681,94 pontos. Clique para saber mais\",\"breadcrumb\":{\"@id\":\"https:\/\/www.suno.com.br\/noticias\/ibovespa-fecha-queda-09042020\/#breadcrumb\"},\"inLanguage\":\"pt-BR\",\"potentialAction\":[{\"@type\":\"ReadAction\",\"target\":[\"https:\/\/www.suno.com.br\/noticias\/ibovespa-fecha-queda-09042020\/\"]}]},{\"@type\":\"ImageObject\",\"inLanguage\":\"pt-BR\",\"@id\":\"https:\/\/www.suno.com.br\/noticias\/ibovespa-fecha-queda-09042020\/#primaryimage\",\"url\":\"https:\/\/files.sunoresearch.com.br\/n\/uploads\/2020\/03\/64c4f589-queda-jpg.webp\",\"contentUrl\":\"https:\/\/files.sunoresearch.com.br\/n\/uploads\/2020\/03\/64c4f589-queda-jpg.webp\",\"width\":900,\"height\":601,\"caption\":\"Opini\u00e3o: coronav\u00edrus provocar\u00e1 nova crise econ\u00f4mica, veja os 10 sinais\"},{\"@type\":\"BreadcrumbList\",\"@id\":\"https:\/\/www.suno.com.br\/noticias\/ibovespa-fecha-queda-09042020\/#breadcrumb\",\"itemListElement\":[{\"@type\":\"ListItem\",\"position\":1,\"name\":\"Not\u00edcias\",\"item\":\"https:\/\/www.suno.com.br\/noticias\/\"},{\"@type\":\"ListItem\",\"position\":2,\"name\":\"Mercado\",\"item\":\"https:\/\/www.suno.com.br\/noticias\/mercado\/\"},{\"@type\":\"ListItem\",\"position\":3,\"name\":\"Ibovespa inverte e fecha em queda de 1,2% no \u00faltimo preg\u00e3o da semana\"}]},{\"@type\":\"WebSite\",\"@id\":\"https:\/\/www.suno.com.br\/noticias\/#website\",\"url\":\"https:\/\/www.suno.com.br\/noticias\/\",\"name\":\"Suno Not\u00edcias\",\"description\":\"Seu portal de informa\u00e7\u00e3o sobre o mundo dos investimentos\",\"publisher\":{\"@id\":\"https:\/\/www.suno.com.br\/noticias\/#organization\"},\"potentialAction\":[{\"@type\":\"SearchAction\",\"target\":{\"@type\":\"EntryPoint\",\"urlTemplate\":\"https:\/\/www.suno.com.br\/noticias\/?s={search_term_string}\"},\"query-input\":{\"@type\":\"PropertyValueSpecification\",\"valueRequired\":true,\"valueName\":\"search_term_string\"}}],\"inLanguage\":\"pt-BR\"},{\"@type\":\"Organization\",\"@id\":\"https:\/\/www.suno.com.br\/noticias\/#organization\",\"name\":\"Suno Not\u00edcias\",\"url\":\"https:\/\/www.suno.com.br\/noticias\/\",\"logo\":{\"@type\":\"ImageObject\",\"inLanguage\":\"pt-BR\",\"@id\":\"https:\/\/www.suno.com.br\/noticias\/#\/schema\/logo\/image\/\",\"url\":\"https:\/\/files.sunoresearch.com.br\/n\/uploads\/2021\/09\/suno-logo.png\",\"contentUrl\":\"https:\/\/files.sunoresearch.com.br\/n\/uploads\/2021\/09\/suno-logo.png\",\"width\":180,\"height\":180,\"caption\":\"Suno Not\u00edcias\"},\"image\":{\"@id\":\"https:\/\/www.suno.com.br\/noticias\/#\/schema\/logo\/image\/\"},\"sameAs\":[\"https:\/\/facebook.com\/sunoresearch\",\"https:\/\/x.com\/sunoresearch\",\"https:\/\/www.instagram.com\/suno\",\"https:\/\/www.linkedin.com\/company\/suno-research\/\",\"https:\/\/www.youtube.com\/c\/sunoresearch\"]},{\"@type\":\"Person\",\"@id\":\"https:\/\/www.suno.com.br\/noticias\/#\/schema\/person\/053a750a709a263919a20f976caae91c\",\"name\":\"Arthur Guimar\u00e3es\",\"image\":{\"@type\":\"ImageObject\",\"inLanguage\":\"pt-BR\",\"@id\":\"https:\/\/www.suno.com.br\/noticias\/#\/schema\/person\/image\/\",\"url\":\"https:\/\/secure.gravatar.com\/avatar\/1affd86a11209ae09eb6dd3bcad3e96c?s=96&r=g\",\"contentUrl\":\"https:\/\/secure.gravatar.com\/avatar\/1affd86a11209ae09eb6dd3bcad3e96c?s=96&r=g\",\"caption\":\"Arthur Guimar\u00e3es\"},\"description\":\"Arthur Guimar\u00e3es escreve sobre pol\u00edtica, economia e neg\u00f3cios para o portal de not\u00edcias da Suno Research. Atualmente, \u00e9 estudante de jornalismo pela Faculdade C\u00e1sper L\u00edbero.\",\"url\":\"https:\/\/www.suno.com.br\/noticias\/author\/arthur-guimaraes\/\"}]}<\/script>\n<!-- \/ Yoast SEO plugin. -->","yoast_head_json":{"title":"Ibovespa inverte e fecha em queda de 1,2% no \u00faltimo preg\u00e3o da semana","description":"O Ibovespa reverteu os ganhos do \u00ednicio do dia e encerrou as negocia\u00e7\u00f5es em queda de 1,2% a 77.681,94 pontos. Clique para saber mais","robots":{"index":"index","follow":"follow","max-snippet":"max-snippet:-1","max-image-preview":"max-image-preview:large","max-video-preview":"max-video-preview:-1"},"canonical":"https:\/\/www.suno.com.br\/noticias\/ibovespa-fecha-queda-09042020\/","og_locale":"pt_BR","og_type":"article","og_title":"Ibovespa inverte e fecha em queda de 1,2% no \u00faltimo preg\u00e3o da semana","og_description":"O Ibovespa reverteu os ganhos do \u00ednicio do dia e encerrou as negocia\u00e7\u00f5es em queda de 1,2% a 77.681,94 pontos. Clique para saber mais","og_url":"https:\/\/www.suno.com.br\/noticias\/ibovespa-fecha-queda-09042020\/","og_site_name":"Suno Not\u00edcias","article_publisher":"https:\/\/facebook.com\/sunoresearch","og_image":[{"width":900,"height":601,"url":"https:\/\/files.sunoresearch.com.br\/n\/uploads\/2020\/03\/64c4f589-queda.jpg","type":"image\/jpeg"}],"author":"Arthur Guimar\u00e3es","twitter_card":"summary_large_image","twitter_creator":"@sunoresearch","twitter_site":"@sunoresearch","twitter_misc":{"Escrito por":"Arthur Guimar\u00e3es","Est. tempo de leitura":"4 minutos"},"schema":{"@context":"https:\/\/schema.org","@graph":[{"@type":"NewsArticle","@id":"https:\/\/www.suno.com.br\/noticias\/ibovespa-fecha-queda-09042020\/#article","isPartOf":{"@id":"https:\/\/www.suno.com.br\/noticias\/ibovespa-fecha-queda-09042020\/"},"author":{"name":"Arthur Guimar\u00e3es","@id":"https:\/\/www.suno.com.br\/noticias\/#\/schema\/person\/053a750a709a263919a20f976caae91c"},"headline":"Ibovespa inverte e fecha em queda de 1,2% no \u00faltimo preg\u00e3o da semana","datePublished":"2020-04-09T20:50:56+00:00","dateModified":"2020-04-09T21:00:57+00:00","mainEntityOfPage":{"@id":"https:\/\/www.suno.com.br\/noticias\/ibovespa-fecha-queda-09042020\/"},"wordCount":863,"publisher":{"@id":"https:\/\/www.suno.com.br\/noticias\/#organization"},"image":{"@id":"https:\/\/www.suno.com.br\/noticias\/ibovespa-fecha-queda-09042020\/#primaryimage"},"thumbnailUrl":"https:\/\/files.sunoresearch.com.br\/n\/uploads\/2020\/03\/64c4f589-queda-jpg.webp","keywords":["Guararapes (GUAR3)","Ibovespa","Klabin (KLBN11\/KLBN3\/KLBN4)","Petrobras (PETR4)","Petr\u00f3leo"],"articleSection":["Mercado"],"inLanguage":"pt-BR"},{"@type":"WebPage","@id":"https:\/\/www.suno.com.br\/noticias\/ibovespa-fecha-queda-09042020\/","url":"https:\/\/www.suno.com.br\/noticias\/ibovespa-fecha-queda-09042020\/","name":"Ibovespa inverte e fecha em queda de 1,2% no \u00faltimo preg\u00e3o da semana","isPartOf":{"@id":"https:\/\/www.suno.com.br\/noticias\/#website"},"primaryImageOfPage":{"@id":"https:\/\/www.suno.com.br\/noticias\/ibovespa-fecha-queda-09042020\/#primaryimage"},"image":{"@id":"https:\/\/www.suno.com.br\/noticias\/ibovespa-fecha-queda-09042020\/#primaryimage"},"thumbnailUrl":"https:\/\/files.sunoresearch.com.br\/n\/uploads\/2020\/03\/64c4f589-queda-jpg.webp","datePublished":"2020-04-09T20:50:56+00:00","dateModified":"2020-04-09T21:00:57+00:00","description":"O Ibovespa reverteu os ganhos do \u00ednicio do dia e encerrou as negocia\u00e7\u00f5es em queda de 1,2% a 77.681,94 pontos. Clique para saber mais","breadcrumb":{"@id":"https:\/\/www.suno.com.br\/noticias\/ibovespa-fecha-queda-09042020\/#breadcrumb"},"inLanguage":"pt-BR","potentialAction":[{"@type":"ReadAction","target":["https:\/\/www.suno.com.br\/noticias\/ibovespa-fecha-queda-09042020\/"]}]},{"@type":"ImageObject","inLanguage":"pt-BR","@id":"https:\/\/www.suno.com.br\/noticias\/ibovespa-fecha-queda-09042020\/#primaryimage","url":"https:\/\/files.sunoresearch.com.br\/n\/uploads\/2020\/03\/64c4f589-queda-jpg.webp","contentUrl":"https:\/\/files.sunoresearch.com.br\/n\/uploads\/2020\/03\/64c4f589-queda-jpg.webp","width":900,"height":601,"caption":"Opini\u00e3o: coronav\u00edrus provocar\u00e1 nova crise econ\u00f4mica, veja os 10 sinais"},{"@type":"BreadcrumbList","@id":"https:\/\/www.suno.com.br\/noticias\/ibovespa-fecha-queda-09042020\/#breadcrumb","itemListElement":[{"@type":"ListItem","position":1,"name":"Not\u00edcias","item":"https:\/\/www.suno.com.br\/noticias\/"},{"@type":"ListItem","position":2,"name":"Mercado","item":"https:\/\/www.suno.com.br\/noticias\/mercado\/"},{"@type":"ListItem","position":3,"name":"Ibovespa inverte e fecha em queda de 1,2% no \u00faltimo preg\u00e3o da semana"}]},{"@type":"WebSite","@id":"https:\/\/www.suno.com.br\/noticias\/#website","url":"https:\/\/www.suno.com.br\/noticias\/","name":"Suno Not\u00edcias","description":"Seu portal de informa\u00e7\u00e3o sobre o mundo dos investimentos","publisher":{"@id":"https:\/\/www.suno.com.br\/noticias\/#organization"},"potentialAction":[{"@type":"SearchAction","target":{"@type":"EntryPoint","urlTemplate":"https:\/\/www.suno.com.br\/noticias\/?s={search_term_string}"},"query-input":{"@type":"PropertyValueSpecification","valueRequired":true,"valueName":"search_term_string"}}],"inLanguage":"pt-BR"},{"@type":"Organization","@id":"https:\/\/www.suno.com.br\/noticias\/#organization","name":"Suno Not\u00edcias","url":"https:\/\/www.suno.com.br\/noticias\/","logo":{"@type":"ImageObject","inLanguage":"pt-BR","@id":"https:\/\/www.suno.com.br\/noticias\/#\/schema\/logo\/image\/","url":"https:\/\/files.sunoresearch.com.br\/n\/uploads\/2021\/09\/suno-logo.png","contentUrl":"https:\/\/files.sunoresearch.com.br\/n\/uploads\/2021\/09\/suno-logo.png","width":180,"height":180,"caption":"Suno Not\u00edcias"},"image":{"@id":"https:\/\/www.suno.com.br\/noticias\/#\/schema\/logo\/image\/"},"sameAs":["https:\/\/facebook.com\/sunoresearch","https:\/\/x.com\/sunoresearch","https:\/\/www.instagram.com\/suno","https:\/\/www.linkedin.com\/company\/suno-research\/","https:\/\/www.youtube.com\/c\/sunoresearch"]},{"@type":"Person","@id":"https:\/\/www.suno.com.br\/noticias\/#\/schema\/person\/053a750a709a263919a20f976caae91c","name":"Arthur Guimar\u00e3es","image":{"@type":"ImageObject","inLanguage":"pt-BR","@id":"https:\/\/www.suno.com.br\/noticias\/#\/schema\/person\/image\/","url":"https:\/\/secure.gravatar.com\/avatar\/1affd86a11209ae09eb6dd3bcad3e96c?s=96&r=g","contentUrl":"https:\/\/secure.gravatar.com\/avatar\/1affd86a11209ae09eb6dd3bcad3e96c?s=96&r=g","caption":"Arthur Guimar\u00e3es"},"description":"Arthur Guimar\u00e3es escreve sobre pol\u00edtica, economia e neg\u00f3cios para o portal de not\u00edcias da Suno Research. Atualmente, \u00e9 estudante de jornalismo pela Faculdade C\u00e1sper L\u00edbero.","url":"https:\/\/www.suno.com.br\/noticias\/author\/arthur-guimaraes\/"}]}},"default_loop_html":"<div class=\"cardsPage__listCard__boxs\"><div class=\"cardsPage__listCard__boxs__img\"><a href=\"https:\/\/www.suno.com.br\/noticias\/ibovespa-fecha-queda-09042020\/\"><img class=\"mask\" src=\"https:\/\/www.suno.com.br\/noticias\/wp-content\/themes\/suno\/resources\/images\/spotlight\/spotlight1img\/bg-mask.png\" alt=\"Image Mask\"\/><img src=\"https:\/\/files.sunoresearch.com.br\/n\/uploads\/2020\/03\/64c4f589-queda-400x200.webp\" alt=\"Ibovespa inverte e fecha em queda de 1,2% no \u00faltimo preg\u00e3o da semana\"\/><\/a><span class=\"spotlightCategory\"><a href=\"https:\/\/www.suno.com.br\/noticias\/mercado\/\">Mercado<\/a><\/span><\/div><div class=\"cardsPage__listCard__boxs__content\"><a href=\"https:\/\/www.suno.com.br\/noticias\/ibovespa-fecha-queda-09042020\/\"><h2 class=\"content__title\">Ibovespa inverte e fecha em queda de 1,2% no \u00faltimo preg\u00e3o da semana<\/h2><\/a><div class=\"newsContent__article__meta\"><div class=\"newsContent__article__meta__authorBox\"><a href=\"https:\/\/www.suno.com.br\/noticias\/author\/arthur-guimaraes\/\" class=\"authorBox__avatar noMobi\"><img src=\"https:\/\/files.sunoresearch.com.br\/n\/uploads\/2020\/02\/dfb40897-eu-150x150.webp\" alt=\"Arthur Guimar\u00e3es\"><\/a><div class=\"authorBox__name\"><span>por\n\t\t\t<a href=\"https:\/\/www.suno.com.br\/noticias\/author\/arthur-guimaraes\/\"><span itemprop=\"author\">Arthur Guimar\u00e3es<\/span><\/a><\/span><time datetime=\"2020-04-09T17:50:56-03:00\" itemprop=\"datePublished\">09\/04\/2020 17:50<\/time><\/div><\/div><\/div><\/div><\/div>","single_layout":"posts","amp_enabled":true,"_links":{"self":[{"href":"https:\/\/www.suno.com.br\/noticias\/wp-json\/wp\/v2\/posts\/61100"}],"collection":[{"href":"https:\/\/www.suno.com.br\/noticias\/wp-json\/wp\/v2\/posts"}],"about":[{"href":"https:\/\/www.suno.com.br\/noticias\/wp-json\/wp\/v2\/types\/post"}],"author":[{"embeddable":true,"href":"https:\/\/www.suno.com.br\/noticias\/wp-json\/wp\/v2\/users\/35"}],"replies":[{"embeddable":true,"href":"https:\/\/www.suno.com.br\/noticias\/wp-json\/wp\/v2\/comments?post=61100"}],"version-history":[{"count":0,"href":"https:\/\/www.suno.com.br\/noticias\/wp-json\/wp\/v2\/posts\/61100\/revisions"}],"wp:featuredmedia":[{"embeddable":true,"href":"https:\/\/www.suno.com.br\/noticias\/wp-json\/wp\/v2\/media\/55350"}],"wp:attachment":[{"href":"https:\/\/www.suno.com.br\/noticias\/wp-json\/wp\/v2\/media?parent=61100"}],"wp:term":[{"taxonomy":"category","embeddable":true,"href":"https:\/\/www.suno.com.br\/noticias\/wp-json\/wp\/v2\/categories?post=61100"},{"taxonomy":"post_tag","embeddable":true,"href":"https:\/\/www.suno.com.br\/noticias\/wp-json\/wp\/v2\/tags?post=61100"},{"taxonomy":"suno_strategy","embeddable":true,"href":"https:\/\/www.suno.com.br\/noticias\/wp-json\/wp\/v2\/suno_strategy?post=61100"}],"curies":[{"name":"wp","href":"https:\/\/api.w.org\/{rel}","templated":true}]}}