{"id":61085,"date":"2020-04-09T17:11:03","date_gmt":"2020-04-09T20:11:03","guid":{"rendered":"https:\/\/www.suno.com.br\/noticias\/?p=61085"},"modified":"2020-04-09T17:11:03","modified_gmt":"2020-04-09T20:11:03","slug":"bc-visa-titulos-privados","status":"publish","type":"post","link":"https:\/\/www.suno.com.br\/noticias\/bc-visa-titulos-privados\/","title":{"rendered":"BC ambiciona R$ 972,9 bilh\u00f5es da compra de t\u00edtulos privados"},"content":{"rendered":"<p>O <a href=\"https:\/\/www.suno.com.br\/artigos\/bacen\/\"><strong>Banco Central (BC)<\/strong><\/a> objetiva a autoriza\u00e7\u00e3o da Proposta de Emenda a Constitui\u00e7\u00e3o (PEC), do Or\u00e7amento de Guerra, para a compra de t\u00edtulos provados de R$ 972,9 bilh\u00f5es.<\/p>\t<div class=\"wrapper-featured-image\">\n\t\t<figure class=\"spotlightImg\">\n\n\t\t\t<picture>\n\t\t\t\t<source media=\"(max-width: 768px)\" srcset=\"https:\/\/files.sunoresearch.com.br\/n\/uploads\/2019\/05\/426d8237-presidente-do-banco-central-400x200.webp\">\n\t\t\t\t<img loading=\"lazy\" decoding=\"async\" class=\"newsContent__article__imgCapa lazyloadDisabled newsContent__article__imgCapa--noCaption\" src=\"https:\/\/files.sunoresearch.com.br\/n\/uploads\/2019\/05\/426d8237-presidente-do-banco-central-800x450.webp\" width=\"800\" height=\"450\" alt=\"BC ambiciona R$ 972,9 bilh\u00f5es da compra de t\u00edtulos privados\" fetchpriority=high \/>\n\t\t\t<\/picture>\n\n\t\t\t<figcaption class=\"wp-caption-text wp-caption-text--hide\">BC ambiciona R$ 972,9 bilh\u00f5es da compra de t\u00edtulos privados<\/figcaption>\n\t\t<\/figure>\n\t<\/div>\n\n\n\n<p>O presidente do <strong>BC,<\/strong> <a href=\"https:\/\/www.suno.com.br\/tudo-sobre\/roberto-campos-neto\/\">Roberto Campos Neto<\/a>, para angariar apoio dos senadores para aprova\u00e7\u00e3o do projeto, que autorizaria a autarquia monet\u00e1ria comprar t\u00edtulos privados e p\u00fablicos para garantir liquidez ao mercado financeiro. O texto foi aprovado na C\u00e2mara dos Deputados e segue para o aval no Senado Federal.<\/p>\n<p>Campos Neto realizou uma apresenta\u00e7\u00e3o aos senadores de 14 slides de \u201cCombate aos efeitos da Covid-19. Novos instrumentos para o BC\u201d. Em sua exposi\u00e7\u00e3o, o executivo procurou mostrar aos parlamentares o &#8220;novo\u00a0 instrumento do BC&#8221;, a permiss\u00e3o de negocia\u00e7\u00e3o de t\u00edtulos privados. O presidente deu exemplos de outros pa\u00edses, como os Estados Unidos, que tem programa de compra de ativos de empresas n\u00e3o financeiras.<\/p>\n\t<p>\n\t\t<a href=\"https:\/\/lp.suno.com.br\/asset\/fundos\/suno-fic-fia\/\" target=\"_blank\" data-element=\"shortcode-suno-banner\" title=\"Banner SUNO, clique e saiba mais\">\n\t\t\t<picture>\n\t\t\t\t<source media=\"(max-width: 500px)\" srcset=\"https:\/\/files.sunoresearch.com.br\/n\/uploads\/2023\/10\/SUNO-FIC-FIA-400x300-Mobile-Artigos-5.png\">\n\t\t\t\t<img class=\"newsContent__article__imgCapa newsContent__article__imgCapa--banner\"\n\t\t\t\t\tsrc=\"https:\/\/files.sunoresearch.com.br\/n\/uploads\/2023\/10\/SUNO-FIC-FIA-1420x240-Banner-Artigos-1-_-Banner-Materias-4.png\"\n\t\t\t\t\tdata-promo-id=\"478742\"\t\t\t\t\t\t\t\t\t\twidth='2840' height='480'\t\t\t\t\talt=\"https:\/\/files.sunoresearch.com.br\/n\/uploads\/2023\/10\/SUNO-FIC-FIA-1420x240-Banner-Artigos-1-_-Banner-Materias-4.png\"\n\t\t\t\t>\n\t\t\t<\/picture>\n\t\t<\/a>\n\t<\/p>\n\n\n<p>As <a href=\"https:\/\/www.suno.com.br\/artigos\/debentures-conversiveis\/\">deb\u00eantures<\/a> correspondem a 49,1% do volume total, com R$ 477,6 bilh\u00f5es, segundo dados referentes ao m\u00eas de mar\u00e7o divulgados pelo presidente da autarquia. Em sua fala, Campos Neto comunicou que o novo instrumento \u00e9 a garantia que cr\u00e9dito chegar\u00e1 ao tomador final. A apresenta\u00e7\u00e3o foi divulgada pela assessoria de imprensa da autoridade monet\u00e1ria.<\/p>\n<p>Al\u00e9m das deb\u00eantures, tamb\u00e9m entram no alvo do novo instrumento do BC:<\/p>\n<ul>\n<li>c\u00e9dulas de cr\u00e9dito imobili\u00e1rio (CCI);<\/li>\n<li>certificados de receb\u00edveis imobili\u00e1rios (CRI);<\/li>\n<li>certificados de receb\u00edveis agr\u00edcolas (CRA);<\/li>\n<li>notas comerciais;<\/li>\n<li>c\u00e9dulas de cr\u00e9dito banc\u00e1rio (CCB);<\/li>\n<li>fundos de direitos credit\u00f3rios.<\/li>\n<\/ul>\n<p>A medida s\u00e3o prev\u00ea a compra de ativos na bolsa e de cotas de fundos de investimentos, informou Campos Neto.<\/p>\n<h2>Posi\u00e7\u00e3o do BC frente a crise do coronav\u00edrus<\/h2>\n<p>O presidente do BC, tamb\u00e9m revelou o impacto da pandemia do novo <strong>coronav\u00edrus<\/strong> no mercado financeiro.\u00a0 A crise, por exemplo, provocou a sa\u00edda de capital de n\u00e3o residentes de economias emergentes. Em sua apresenta\u00e7\u00e3o, Campos Neto, ainda declarou que a perda do valor de ativos em bolsa em d\u00f3lar no Brasil chegou ao n\u00edvel de 51%.<\/p>\n<p>Al\u00e9m disso, o executivo informou que as medidas adotadas pelo BC injetaram R$ 1,218 trilh\u00e3o de <a href=\"https:\/\/www.suno.com.br\/artigos\/liquidez\/\">liquidez no mercado<\/a> nesta ano, cerca de 16,17% do <a href=\"https:\/\/www.suno.com.br\/artigos\/pib-produto-interno-bruto\/\">Produto Interno Bruto (PIB)<\/a>. Campos Neto tamb\u00e9m citou<\/p>\n<ul>\n<li>a\u00e7\u00f5es de libera\u00e7\u00e3o de capital;<\/li>\n<li>a linha de <a href=\"https:\/\/www.suno.com.br\/artigos\/swap-cambial\/\">swap cambial<\/a> de d\u00f3lar com o <a href=\"https:\/\/www.suno.com.br\/artigos\/fed\/\">Federal Reserve (Fed)<\/a>;<\/li>\n<li>a cria\u00e7\u00e3o de linha emergencial de cr\u00e9dito para financiamento de folha de pagamento por empresas com faturamento entre R$ 360 mil e R$ 10 milh\u00f5es ao ano.<\/li>\n<\/ul>\n<p>Segundo o presidente do <strong>BC,<\/strong> todas essas medidas deram suporte e estabilidade \u00e0 liquidez e ao cr\u00e9dito no Pa\u00eds.<\/p>\n\n","protected":false},"excerpt":{"rendered":"<p>O Banco Central (BC) objetiva a autoriza\u00e7\u00e3o da Proposta de Emenda a Constitui\u00e7\u00e3o (PEC), do Or\u00e7amento de Guerra, para a compra de t\u00edtulos provados de R$ 972,9 bilh\u00f5es. BC ambiciona R$ 972,9 bilh\u00f5es da compra de t\u00edtulos privados O presidente do BC, Roberto Campos Neto, para angariar apoio dos senadores para aprova\u00e7\u00e3o do projeto, que [&hellip;]<\/p>\n","protected":false},"author":35,"featured_media":24812,"comment_status":"closed","ping_status":"closed","sticky":false,"template":"","format":"standard","meta":[],"categories":[60],"tags":[1842,1113],"suno_strategy":[],"class_list":["post-61085","post","type-post","status-publish","format-standard","has-post-thumbnail","hentry","category-mercado","tag-banco-central-bc","tag-roberto-campos-neto"],"yoast_head":"<!-- This site is optimized with the Yoast SEO plugin v24.4 - https:\/\/yoast.com\/wordpress\/plugins\/seo\/ -->\n<title>BC ambiciona R$ 972,9 bilh\u00f5es da compra de t\u00edtulos privados<\/title>\n<meta name=\"description\" content=\"O BC objetiva a autoriza\u00e7\u00e3o da PEC do Or\u00e7amento de Guerra para a compra de t\u00edtulos provados de R$ 972,9 bilh\u00f5es.Clique para saber mais\" \/>\n<meta name=\"robots\" content=\"index, follow, max-snippet:-1, max-image-preview:large, max-video-preview:-1\" \/>\n<link rel=\"canonical\" href=\"https:\/\/www.suno.com.br\/noticias\/bc-visa-titulos-privados\/\" \/>\n<meta property=\"og:locale\" content=\"pt_BR\" \/>\n<meta property=\"og:type\" content=\"article\" \/>\n<meta property=\"og:title\" content=\"BC ambiciona R$ 972,9 bilh\u00f5es da compra de t\u00edtulos privados\" \/>\n<meta property=\"og:description\" content=\"O BC objetiva a autoriza\u00e7\u00e3o da PEC do Or\u00e7amento de Guerra para a compra de t\u00edtulos provados de R$ 972,9 bilh\u00f5es.Clique para saber mais\" \/>\n<meta property=\"og:url\" content=\"https:\/\/www.suno.com.br\/noticias\/bc-visa-titulos-privados\/\" \/>\n<meta property=\"og:site_name\" content=\"Suno Not\u00edcias\" \/>\n<meta property=\"article:publisher\" content=\"https:\/\/facebook.com\/sunoresearch\" \/>\n<meta property=\"og:image\" content=\"https:\/\/files.sunoresearch.com.br\/n\/uploads\/2019\/05\/426d8237-presidente-do-banco-central.jpg\" \/>\n\t<meta property=\"og:image:width\" content=\"1140\" \/>\n\t<meta property=\"og:image:height\" content=\"760\" \/>\n\t<meta property=\"og:image:type\" content=\"image\/jpeg\" \/>\n<meta name=\"author\" content=\"Arthur Guimar\u00e3es\" \/>\n<meta name=\"twitter:card\" content=\"summary_large_image\" \/>\n<meta name=\"twitter:creator\" content=\"@sunoresearch\" \/>\n<meta name=\"twitter:site\" content=\"@sunoresearch\" \/>\n<meta name=\"twitter:label1\" content=\"Escrito por\" \/>\n\t<meta name=\"twitter:data1\" content=\"Arthur Guimar\u00e3es\" \/>\n\t<meta name=\"twitter:label2\" content=\"Est. tempo de leitura\" \/>\n\t<meta name=\"twitter:data2\" content=\"2 minutos\" \/>\n<script type=\"application\/ld+json\" class=\"yoast-schema-graph\">{\"@context\":\"https:\/\/schema.org\",\"@graph\":[{\"@type\":\"NewsArticle\",\"@id\":\"https:\/\/www.suno.com.br\/noticias\/bc-visa-titulos-privados\/#article\",\"isPartOf\":{\"@id\":\"https:\/\/www.suno.com.br\/noticias\/bc-visa-titulos-privados\/\"},\"author\":{\"name\":\"Arthur Guimar\u00e3es\",\"@id\":\"https:\/\/www.suno.com.br\/noticias\/#\/schema\/person\/053a750a709a263919a20f976caae91c\"},\"headline\":\"BC ambiciona R$ 972,9 bilh\u00f5es da compra de t\u00edtulos privados\",\"datePublished\":\"2020-04-09T20:11:03+00:00\",\"mainEntityOfPage\":{\"@id\":\"https:\/\/www.suno.com.br\/noticias\/bc-visa-titulos-privados\/\"},\"wordCount\":482,\"publisher\":{\"@id\":\"https:\/\/www.suno.com.br\/noticias\/#organization\"},\"image\":{\"@id\":\"https:\/\/www.suno.com.br\/noticias\/bc-visa-titulos-privados\/#primaryimage\"},\"thumbnailUrl\":\"https:\/\/files.sunoresearch.com.br\/n\/uploads\/2019\/05\/426d8237-presidente-do-banco-central-jpg.webp\",\"keywords\":[\"Banco Central (BC)\",\"Roberto Campos Neto\"],\"articleSection\":[\"Mercado\"],\"inLanguage\":\"pt-BR\"},{\"@type\":\"WebPage\",\"@id\":\"https:\/\/www.suno.com.br\/noticias\/bc-visa-titulos-privados\/\",\"url\":\"https:\/\/www.suno.com.br\/noticias\/bc-visa-titulos-privados\/\",\"name\":\"BC ambiciona R$ 972,9 bilh\u00f5es da compra de t\u00edtulos privados\",\"isPartOf\":{\"@id\":\"https:\/\/www.suno.com.br\/noticias\/#website\"},\"primaryImageOfPage\":{\"@id\":\"https:\/\/www.suno.com.br\/noticias\/bc-visa-titulos-privados\/#primaryimage\"},\"image\":{\"@id\":\"https:\/\/www.suno.com.br\/noticias\/bc-visa-titulos-privados\/#primaryimage\"},\"thumbnailUrl\":\"https:\/\/files.sunoresearch.com.br\/n\/uploads\/2019\/05\/426d8237-presidente-do-banco-central-jpg.webp\",\"datePublished\":\"2020-04-09T20:11:03+00:00\",\"description\":\"O BC objetiva a autoriza\u00e7\u00e3o da PEC do Or\u00e7amento de Guerra para a compra de t\u00edtulos provados de R$ 972,9 bilh\u00f5es.Clique para saber mais\",\"breadcrumb\":{\"@id\":\"https:\/\/www.suno.com.br\/noticias\/bc-visa-titulos-privados\/#breadcrumb\"},\"inLanguage\":\"pt-BR\",\"potentialAction\":[{\"@type\":\"ReadAction\",\"target\":[\"https:\/\/www.suno.com.br\/noticias\/bc-visa-titulos-privados\/\"]}]},{\"@type\":\"ImageObject\",\"inLanguage\":\"pt-BR\",\"@id\":\"https:\/\/www.suno.com.br\/noticias\/bc-visa-titulos-privados\/#primaryimage\",\"url\":\"https:\/\/files.sunoresearch.com.br\/n\/uploads\/2019\/05\/426d8237-presidente-do-banco-central-jpg.webp\",\"contentUrl\":\"https:\/\/files.sunoresearch.com.br\/n\/uploads\/2019\/05\/426d8237-presidente-do-banco-central-jpg.webp\",\"width\":1140,\"height\":760,\"caption\":\"BC ambiciona R$ 972,9 bilh\u00f5es da compra de t\u00edtulos privados\"},{\"@type\":\"BreadcrumbList\",\"@id\":\"https:\/\/www.suno.com.br\/noticias\/bc-visa-titulos-privados\/#breadcrumb\",\"itemListElement\":[{\"@type\":\"ListItem\",\"position\":1,\"name\":\"Not\u00edcias\",\"item\":\"https:\/\/www.suno.com.br\/noticias\/\"},{\"@type\":\"ListItem\",\"position\":2,\"name\":\"Mercado\",\"item\":\"https:\/\/www.suno.com.br\/noticias\/mercado\/\"},{\"@type\":\"ListItem\",\"position\":3,\"name\":\"BC ambiciona R$ 972,9 bilh\u00f5es da compra de t\u00edtulos privados\"}]},{\"@type\":\"WebSite\",\"@id\":\"https:\/\/www.suno.com.br\/noticias\/#website\",\"url\":\"https:\/\/www.suno.com.br\/noticias\/\",\"name\":\"Suno Not\u00edcias\",\"description\":\"Seu portal de informa\u00e7\u00e3o sobre o mundo dos investimentos\",\"publisher\":{\"@id\":\"https:\/\/www.suno.com.br\/noticias\/#organization\"},\"potentialAction\":[{\"@type\":\"SearchAction\",\"target\":{\"@type\":\"EntryPoint\",\"urlTemplate\":\"https:\/\/www.suno.com.br\/noticias\/?s={search_term_string}\"},\"query-input\":{\"@type\":\"PropertyValueSpecification\",\"valueRequired\":true,\"valueName\":\"search_term_string\"}}],\"inLanguage\":\"pt-BR\"},{\"@type\":\"Organization\",\"@id\":\"https:\/\/www.suno.com.br\/noticias\/#organization\",\"name\":\"Suno Not\u00edcias\",\"url\":\"https:\/\/www.suno.com.br\/noticias\/\",\"logo\":{\"@type\":\"ImageObject\",\"inLanguage\":\"pt-BR\",\"@id\":\"https:\/\/www.suno.com.br\/noticias\/#\/schema\/logo\/image\/\",\"url\":\"https:\/\/files.sunoresearch.com.br\/n\/uploads\/2021\/09\/suno-logo.png\",\"contentUrl\":\"https:\/\/files.sunoresearch.com.br\/n\/uploads\/2021\/09\/suno-logo.png\",\"width\":180,\"height\":180,\"caption\":\"Suno Not\u00edcias\"},\"image\":{\"@id\":\"https:\/\/www.suno.com.br\/noticias\/#\/schema\/logo\/image\/\"},\"sameAs\":[\"https:\/\/facebook.com\/sunoresearch\",\"https:\/\/x.com\/sunoresearch\",\"https:\/\/www.instagram.com\/suno\",\"https:\/\/www.linkedin.com\/company\/suno-research\/\",\"https:\/\/www.youtube.com\/c\/sunoresearch\"]},{\"@type\":\"Person\",\"@id\":\"https:\/\/www.suno.com.br\/noticias\/#\/schema\/person\/053a750a709a263919a20f976caae91c\",\"name\":\"Arthur Guimar\u00e3es\",\"image\":{\"@type\":\"ImageObject\",\"inLanguage\":\"pt-BR\",\"@id\":\"https:\/\/www.suno.com.br\/noticias\/#\/schema\/person\/image\/\",\"url\":\"https:\/\/secure.gravatar.com\/avatar\/1affd86a11209ae09eb6dd3bcad3e96c?s=96&r=g\",\"contentUrl\":\"https:\/\/secure.gravatar.com\/avatar\/1affd86a11209ae09eb6dd3bcad3e96c?s=96&r=g\",\"caption\":\"Arthur Guimar\u00e3es\"},\"description\":\"Arthur Guimar\u00e3es escreve sobre pol\u00edtica, economia e neg\u00f3cios para o portal de not\u00edcias da Suno Research. Atualmente, \u00e9 estudante de jornalismo pela Faculdade C\u00e1sper L\u00edbero.\",\"url\":\"https:\/\/www.suno.com.br\/noticias\/author\/arthur-guimaraes\/\"}]}<\/script>\n<!-- \/ Yoast SEO plugin. -->","yoast_head_json":{"title":"BC ambiciona R$ 972,9 bilh\u00f5es da compra de t\u00edtulos privados","description":"O BC objetiva a autoriza\u00e7\u00e3o da PEC do Or\u00e7amento de Guerra para a compra de t\u00edtulos provados de R$ 972,9 bilh\u00f5es.Clique para saber mais","robots":{"index":"index","follow":"follow","max-snippet":"max-snippet:-1","max-image-preview":"max-image-preview:large","max-video-preview":"max-video-preview:-1"},"canonical":"https:\/\/www.suno.com.br\/noticias\/bc-visa-titulos-privados\/","og_locale":"pt_BR","og_type":"article","og_title":"BC ambiciona R$ 972,9 bilh\u00f5es da compra de t\u00edtulos privados","og_description":"O BC objetiva a autoriza\u00e7\u00e3o da PEC do Or\u00e7amento de Guerra para a compra de t\u00edtulos provados de R$ 972,9 bilh\u00f5es.Clique para saber mais","og_url":"https:\/\/www.suno.com.br\/noticias\/bc-visa-titulos-privados\/","og_site_name":"Suno Not\u00edcias","article_publisher":"https:\/\/facebook.com\/sunoresearch","og_image":[{"width":1140,"height":760,"url":"https:\/\/files.sunoresearch.com.br\/n\/uploads\/2019\/05\/426d8237-presidente-do-banco-central.jpg","type":"image\/jpeg"}],"author":"Arthur Guimar\u00e3es","twitter_card":"summary_large_image","twitter_creator":"@sunoresearch","twitter_site":"@sunoresearch","twitter_misc":{"Escrito por":"Arthur Guimar\u00e3es","Est. tempo de leitura":"2 minutos"},"schema":{"@context":"https:\/\/schema.org","@graph":[{"@type":"NewsArticle","@id":"https:\/\/www.suno.com.br\/noticias\/bc-visa-titulos-privados\/#article","isPartOf":{"@id":"https:\/\/www.suno.com.br\/noticias\/bc-visa-titulos-privados\/"},"author":{"name":"Arthur Guimar\u00e3es","@id":"https:\/\/www.suno.com.br\/noticias\/#\/schema\/person\/053a750a709a263919a20f976caae91c"},"headline":"BC ambiciona R$ 972,9 bilh\u00f5es da compra de t\u00edtulos privados","datePublished":"2020-04-09T20:11:03+00:00","mainEntityOfPage":{"@id":"https:\/\/www.suno.com.br\/noticias\/bc-visa-titulos-privados\/"},"wordCount":482,"publisher":{"@id":"https:\/\/www.suno.com.br\/noticias\/#organization"},"image":{"@id":"https:\/\/www.suno.com.br\/noticias\/bc-visa-titulos-privados\/#primaryimage"},"thumbnailUrl":"https:\/\/files.sunoresearch.com.br\/n\/uploads\/2019\/05\/426d8237-presidente-do-banco-central-jpg.webp","keywords":["Banco Central (BC)","Roberto Campos Neto"],"articleSection":["Mercado"],"inLanguage":"pt-BR"},{"@type":"WebPage","@id":"https:\/\/www.suno.com.br\/noticias\/bc-visa-titulos-privados\/","url":"https:\/\/www.suno.com.br\/noticias\/bc-visa-titulos-privados\/","name":"BC ambiciona R$ 972,9 bilh\u00f5es da compra de t\u00edtulos privados","isPartOf":{"@id":"https:\/\/www.suno.com.br\/noticias\/#website"},"primaryImageOfPage":{"@id":"https:\/\/www.suno.com.br\/noticias\/bc-visa-titulos-privados\/#primaryimage"},"image":{"@id":"https:\/\/www.suno.com.br\/noticias\/bc-visa-titulos-privados\/#primaryimage"},"thumbnailUrl":"https:\/\/files.sunoresearch.com.br\/n\/uploads\/2019\/05\/426d8237-presidente-do-banco-central-jpg.webp","datePublished":"2020-04-09T20:11:03+00:00","description":"O BC objetiva a autoriza\u00e7\u00e3o da PEC do Or\u00e7amento de Guerra para a compra de t\u00edtulos provados de R$ 972,9 bilh\u00f5es.Clique para saber mais","breadcrumb":{"@id":"https:\/\/www.suno.com.br\/noticias\/bc-visa-titulos-privados\/#breadcrumb"},"inLanguage":"pt-BR","potentialAction":[{"@type":"ReadAction","target":["https:\/\/www.suno.com.br\/noticias\/bc-visa-titulos-privados\/"]}]},{"@type":"ImageObject","inLanguage":"pt-BR","@id":"https:\/\/www.suno.com.br\/noticias\/bc-visa-titulos-privados\/#primaryimage","url":"https:\/\/files.sunoresearch.com.br\/n\/uploads\/2019\/05\/426d8237-presidente-do-banco-central-jpg.webp","contentUrl":"https:\/\/files.sunoresearch.com.br\/n\/uploads\/2019\/05\/426d8237-presidente-do-banco-central-jpg.webp","width":1140,"height":760,"caption":"BC ambiciona R$ 972,9 bilh\u00f5es da compra de t\u00edtulos privados"},{"@type":"BreadcrumbList","@id":"https:\/\/www.suno.com.br\/noticias\/bc-visa-titulos-privados\/#breadcrumb","itemListElement":[{"@type":"ListItem","position":1,"name":"Not\u00edcias","item":"https:\/\/www.suno.com.br\/noticias\/"},{"@type":"ListItem","position":2,"name":"Mercado","item":"https:\/\/www.suno.com.br\/noticias\/mercado\/"},{"@type":"ListItem","position":3,"name":"BC ambiciona R$ 972,9 bilh\u00f5es da compra de t\u00edtulos privados"}]},{"@type":"WebSite","@id":"https:\/\/www.suno.com.br\/noticias\/#website","url":"https:\/\/www.suno.com.br\/noticias\/","name":"Suno Not\u00edcias","description":"Seu portal de informa\u00e7\u00e3o sobre o mundo dos investimentos","publisher":{"@id":"https:\/\/www.suno.com.br\/noticias\/#organization"},"potentialAction":[{"@type":"SearchAction","target":{"@type":"EntryPoint","urlTemplate":"https:\/\/www.suno.com.br\/noticias\/?s={search_term_string}"},"query-input":{"@type":"PropertyValueSpecification","valueRequired":true,"valueName":"search_term_string"}}],"inLanguage":"pt-BR"},{"@type":"Organization","@id":"https:\/\/www.suno.com.br\/noticias\/#organization","name":"Suno Not\u00edcias","url":"https:\/\/www.suno.com.br\/noticias\/","logo":{"@type":"ImageObject","inLanguage":"pt-BR","@id":"https:\/\/www.suno.com.br\/noticias\/#\/schema\/logo\/image\/","url":"https:\/\/files.sunoresearch.com.br\/n\/uploads\/2021\/09\/suno-logo.png","contentUrl":"https:\/\/files.sunoresearch.com.br\/n\/uploads\/2021\/09\/suno-logo.png","width":180,"height":180,"caption":"Suno Not\u00edcias"},"image":{"@id":"https:\/\/www.suno.com.br\/noticias\/#\/schema\/logo\/image\/"},"sameAs":["https:\/\/facebook.com\/sunoresearch","https:\/\/x.com\/sunoresearch","https:\/\/www.instagram.com\/suno","https:\/\/www.linkedin.com\/company\/suno-research\/","https:\/\/www.youtube.com\/c\/sunoresearch"]},{"@type":"Person","@id":"https:\/\/www.suno.com.br\/noticias\/#\/schema\/person\/053a750a709a263919a20f976caae91c","name":"Arthur Guimar\u00e3es","image":{"@type":"ImageObject","inLanguage":"pt-BR","@id":"https:\/\/www.suno.com.br\/noticias\/#\/schema\/person\/image\/","url":"https:\/\/secure.gravatar.com\/avatar\/1affd86a11209ae09eb6dd3bcad3e96c?s=96&r=g","contentUrl":"https:\/\/secure.gravatar.com\/avatar\/1affd86a11209ae09eb6dd3bcad3e96c?s=96&r=g","caption":"Arthur Guimar\u00e3es"},"description":"Arthur Guimar\u00e3es escreve sobre pol\u00edtica, economia e neg\u00f3cios para o portal de not\u00edcias da Suno Research. Atualmente, \u00e9 estudante de jornalismo pela Faculdade C\u00e1sper L\u00edbero.","url":"https:\/\/www.suno.com.br\/noticias\/author\/arthur-guimaraes\/"}]}},"default_loop_html":"<div class=\"cardsPage__listCard__boxs\"><div class=\"cardsPage__listCard__boxs__img\"><a href=\"https:\/\/www.suno.com.br\/noticias\/bc-visa-titulos-privados\/\"><img class=\"mask\" src=\"https:\/\/www.suno.com.br\/noticias\/wp-content\/themes\/suno\/resources\/images\/spotlight\/spotlight1img\/bg-mask.png\" alt=\"Image Mask\"\/><img src=\"https:\/\/files.sunoresearch.com.br\/n\/uploads\/2019\/05\/426d8237-presidente-do-banco-central-400x200.webp\" alt=\"BC ambiciona R$ 972,9 bilh\u00f5es da compra de t\u00edtulos privados\"\/><\/a><span class=\"spotlightCategory\"><a href=\"https:\/\/www.suno.com.br\/noticias\/mercado\/\">Mercado<\/a><\/span><\/div><div class=\"cardsPage__listCard__boxs__content\"><a href=\"https:\/\/www.suno.com.br\/noticias\/bc-visa-titulos-privados\/\"><h2 class=\"content__title\">BC ambiciona R$ 972,9 bilh\u00f5es da compra de t\u00edtulos privados<\/h2><\/a><div class=\"newsContent__article__meta\"><div class=\"newsContent__article__meta__authorBox\"><a href=\"https:\/\/www.suno.com.br\/noticias\/author\/arthur-guimaraes\/\" class=\"authorBox__avatar noMobi\"><img src=\"https:\/\/files.sunoresearch.com.br\/n\/uploads\/2020\/02\/dfb40897-eu-150x150.webp\" alt=\"Arthur Guimar\u00e3es\"><\/a><div class=\"authorBox__name\"><span>por\n\t\t\t<a href=\"https:\/\/www.suno.com.br\/noticias\/author\/arthur-guimaraes\/\"><span itemprop=\"author\">Arthur Guimar\u00e3es<\/span><\/a><\/span><time datetime=\"2020-04-09T17:11:03-03:00\" itemprop=\"datePublished\">09\/04\/2020 17:11<\/time><\/div><\/div><\/div><\/div><\/div>","single_layout":"posts","amp_enabled":true,"_links":{"self":[{"href":"https:\/\/www.suno.com.br\/noticias\/wp-json\/wp\/v2\/posts\/61085"}],"collection":[{"href":"https:\/\/www.suno.com.br\/noticias\/wp-json\/wp\/v2\/posts"}],"about":[{"href":"https:\/\/www.suno.com.br\/noticias\/wp-json\/wp\/v2\/types\/post"}],"author":[{"embeddable":true,"href":"https:\/\/www.suno.com.br\/noticias\/wp-json\/wp\/v2\/users\/35"}],"replies":[{"embeddable":true,"href":"https:\/\/www.suno.com.br\/noticias\/wp-json\/wp\/v2\/comments?post=61085"}],"version-history":[{"count":0,"href":"https:\/\/www.suno.com.br\/noticias\/wp-json\/wp\/v2\/posts\/61085\/revisions"}],"wp:featuredmedia":[{"embeddable":true,"href":"https:\/\/www.suno.com.br\/noticias\/wp-json\/wp\/v2\/media\/24812"}],"wp:attachment":[{"href":"https:\/\/www.suno.com.br\/noticias\/wp-json\/wp\/v2\/media?parent=61085"}],"wp:term":[{"taxonomy":"category","embeddable":true,"href":"https:\/\/www.suno.com.br\/noticias\/wp-json\/wp\/v2\/categories?post=61085"},{"taxonomy":"post_tag","embeddable":true,"href":"https:\/\/www.suno.com.br\/noticias\/wp-json\/wp\/v2\/tags?post=61085"},{"taxonomy":"suno_strategy","embeddable":true,"href":"https:\/\/www.suno.com.br\/noticias\/wp-json\/wp\/v2\/suno_strategy?post=61085"}],"curies":[{"name":"wp","href":"https:\/\/api.w.org\/{rel}","templated":true}]}}