{"id":610118,"date":"2025-06-20T10:51:17","date_gmt":"2025-06-20T13:51:17","guid":{"rendered":"https:\/\/www.suno.com.br\/noticias\/?p=610118"},"modified":"2025-06-20T10:52:05","modified_gmt":"2025-06-20T13:52:05","slug":"fundo-imobiliario-rbrl11-mantem-vacancia-zerada-prorroga-contrato-inquilino","status":"publish","type":"post","link":"https:\/\/www.suno.com.br\/noticias\/fundo-imobiliario-rbrl11-mantem-vacancia-zerada-prorroga-contrato-inquilino\/","title":{"rendered":"RBRL11 mant\u00e9m vac\u00e2ncia zerada e prorroga contrato com inquilino por 5 anos"},"content":{"rendered":"<p>O fundo imobili\u00e1rio<strong> <a class=\"suno-keyword\" target=\"_blank\" data-force=\"yes\" data-priority=\"2\" href=\"https:\/\/www.suno.com.br\/fundos-imobiliarios\/rbrl11\/\" rel=\"noopener\">RBRL11<\/a> <\/strong>encerrou o m\u00eas de maio de 2025 com um lucro de R$ 4,491 milh\u00f5es, apresentando um ligeiro avan\u00e7o frente aos R$ 4,461 milh\u00f5es registrados em abril.<\/p>\t<div class=\"wrapper-featured-image\">\n\t\t<figure class=\"spotlightImg\">\n\n\t\t\t<picture>\n\t\t\t\t<source media=\"(max-width: 768px)\" srcset=\"https:\/\/files.sunoresearch.com.br\/n\/uploads\/2023\/01\/10-400x200.jpg\">\n\t\t\t\t<img loading=\"lazy\" decoding=\"async\" class=\"newsContent__article__imgCapa lazyloadDisabled \" src=\"https:\/\/files.sunoresearch.com.br\/n\/uploads\/2023\/01\/10-800x450.jpg\" width=\"800\" height=\"450\" alt=\"RBRL11 mant\u00e9m vac\u00e2ncia zerada e prorroga contrato com inquilino por 5 anos\" fetchpriority=high \/>\n\t\t\t<\/picture>\n\n\t\t\t<figcaption class=\"wp-caption-text wp-caption-text--show\">BRCO11 divulga novo acordo de loca\u00e7\u00e3o por 5 anos; confira o impacto na receita. Foto: Unsplash<\/figcaption>\n\t\t<\/figure>\n\t<\/div>\n\n\n\n\n\n\t<p>\n\t\t<a href=\"https:\/\/lp.suno.com.br\/minicurso-investindo-fiis\/\" target=\"_blank\" data-element=\"shortcode-suno-banner\" title=\"Banner SUNO, clique e saiba mais\">\n\t\t\t<picture>\n\t\t\t\t<source media=\"(max-width: 500px)\" srcset=\"https:\/\/files.sunoresearch.com.br\/n\/uploads\/2023\/03\/400x300-Minicurso-FIIS.png\">\n\t\t\t\t<img class=\"newsContent__article__imgCapa newsContent__article__imgCapa--banner\"\n\t\t\t\t\tsrc=\"https:\/\/files.sunoresearch.com.br\/n\/uploads\/2023\/03\/1420x240-Minicurso-FIIS.png\"\n\t\t\t\t\tdata-promo-id=\"383125\"\t\t\t\t\t\t\t\t\t\twidth='1420' height='240'\t\t\t\t\talt=\"https:\/\/files.sunoresearch.com.br\/n\/uploads\/2023\/03\/1420x240-Minicurso-FIIS.png\"\n\t\t\t\t>\n\t\t\t<\/picture>\n\t\t<\/a>\n\t<\/p>\n\n\n\n\n\n<p>Durante o per\u00edodo, o fundo RBRL11 apurou uma <a class=\"suno-keyword\" target=\"_blank\" data-force=\"no\" data-priority=\"1\" href=\"https:\/\/www.suno.com.br\/artigos\/receita-total\/\" rel=\"noopener\">receita total<\/a> de R$ 5,819 milh\u00f5es, que, ap\u00f3s a dedu\u00e7\u00e3o das despesas, que somaram R$ 1,328 milh\u00e3o, resultou no lucro reportado.<\/p>\n\n\n\n<p>Dentro das despesas, um dos destaques s\u00e3o os gastos com <a class=\"suno-keyword\" target=\"_blank\" data-force=\"no\" data-priority=\"1\" href=\"https:\/\/www.suno.com.br\/artigos\/taxa-de-administracao\/\" rel=\"noopener\">taxa de administra\u00e7\u00e3o<\/a> e gest\u00e3o, que totalizaram R$ 439,97 mil, al\u00e9m das <a class=\"suno-keyword\" target=\"_blank\" data-force=\"no\" data-priority=\"1\" href=\"https:\/\/www.suno.com.br\/artigos\/despesas-financeiras\/\" rel=\"noopener\">despesas financeiras<\/a> no valor de R$ 499 mil. As demais despesas complementares fecharam em R$ 494,9 mil.<\/p>\n\n\n\t<div data-element=\"shortcode-read-more\" class=\"knowMore\">\n\t\t\t\t<span class=\"knowMore__title\">Leia mais<\/span>\n\t\t\t\t<a class=\"knowMore__link\" href=\"https:\/\/www.suno.com.br\/noticias\/hgre11-anuncia-resultado-maior-dividendos-aumentar-proximo-mes\/\">\n\t\t\tHGRE11 anuncia resultado 163% maior; dividendos v\u00e3o aumentar no pr\u00f3ximo m\u00eas?\t\t<\/a>\n\t<\/div>\n\n\n\n\n<p>Em rela\u00e7\u00e3o aos proventos, o <strong>FII RBRL11<\/strong> distribuiu R$ 0,75 por cota, o que representou um pagamento total de R$ 5,015 milh\u00f5es aos cotistas.<\/p>\n\n\n\n<p>Com base no valor de fechamento da cota em maio, que foi de R$ 80,31, o dividend yield anualizado ficou na casa dos 11,80%.<\/p>\n\n\n\n<h2 class=\"wp-block-heading\"><a><\/a>RBRL11 mant\u00e9m sua vac\u00e2ncia zerada e prorroga contrato com inquilino por 5 anos<\/h2>\n\n\n\n<p>O portf\u00f3lio do fundo continua sem qualquer tipo de vac\u00e2ncia, nem f\u00edsica nem financeira, mantendo todos os contratos ativos e com os inquilinos adimplentes. A <a class=\"suno-keyword\" target=\"_blank\" data-force=\"no\" data-priority=\"1\" href=\"https:\/\/www.suno.com.br\/artigos\/indicadores-estrutura-capital\/\" rel=\"noopener\">estrutura de capital<\/a> segue equilibrada, o que traz para a gest\u00e3o proje\u00e7\u00f5es positivas para os pr\u00f3ximos meses.<\/p>\n\n\n\n<p>Em maio, dois contratos de loca\u00e7\u00e3o tiveram reajustes inflacion\u00e1rios com base no IPCA, que acumulou 5,83%. Esse ajuste impactar\u00e1 as receitas a partir de junho de 2025, adicionando R$ 0,01 por cota \u00e0 receita recorrente do <strong>fundo imobili\u00e1rio RBRL11<\/strong>.<\/p>\n\n\n\n<p>O m\u00eas tamb\u00e9m foi marcado por movimenta\u00e7\u00f5es importantes no galp\u00e3o Extrema II, localizado em Minas Gerais. A Amaro, que ocupava o m\u00f3dulo A3, com uma \u00e1rea de 5.453,03 m\u00b2, realizou a rescis\u00e3o antecipada do seu contrato de loca\u00e7\u00e3o.<\/p>\n\n\n\n<p>A vac\u00e2ncia n\u00e3o chegou a se concretizar, pois imediatamente a Mimo, j\u00e1 inquilina do m\u00f3dulo A2 (5.438,55 m\u00b2) no mesmo im\u00f3vel, absorveu o espa\u00e7o desocupado.<\/p>\n\n\n\n<p>Essa transi\u00e7\u00e3o foi realizada em condi\u00e7\u00f5es favor\u00e1veis ao fundo, uma vez que o novo contrato com a Mimo foi firmado com um valor de aluguel ligeiramente superior ao que era pago pela Amaro. Dessa forma, n\u00e3o houve qualquer efeito negativo no <a class=\"suno-keyword\" target=\"_blank\" data-force=\"no\" data-priority=\"2\" href=\"https:\/\/www.suno.com.br\/artigos\/fluxo-de-caixa\/\" rel=\"noopener\">fluxo de caixa<\/a> do <strong>fundo RBRL11<\/strong>.<\/p>\n\n\n\n<p>O acordo firmado com a Mimo n\u00e3o se limitou apenas \u00e0 expans\u00e3o da \u00e1rea locada. O prazo contratual tamb\u00e9m foi prorrogado, se estendendo por um per\u00edodo de mais 60 meses, com t\u00e9rmino agora previsto para agosto de 2030, a contar do vencimento anterior.<\/p>\n\n\n\n<p>O<strong> RBRL11<\/strong> lembra que o galp\u00e3o Extrema II j\u00e1 havia passado por uma opera\u00e7\u00e3o similar no primeiro trimestre de 2025, quando a empresa Vulcabras assumiu uma \u00e1rea de 10 mil m\u00b2.<\/p>\n\n\n\t<p>\n\t\t<a href=\"https:\/\/lp.suno.com.br\/ebook-investindo-em-dividendos\/\" target=\"_blank\" data-element=\"shortcode-suno-banner\" title=\"Banner SUNO, clique e saiba mais\">\n\t\t\t<picture>\n\t\t\t\t<source media=\"(max-width: 500px)\" srcset=\"https:\/\/files.sunoresearch.com.br\/n\/uploads\/2023\/03\/400x300-Dividendos.png\">\n\t\t\t\t<img class=\"newsContent__article__imgCapa newsContent__article__imgCapa--banner\"\n\t\t\t\t\tsrc=\"https:\/\/files.sunoresearch.com.br\/n\/uploads\/2023\/03\/1420x240-Dividendos.png\"\n\t\t\t\t\tdata-promo-id=\"383163\"\t\t\t\t\t\t\t\t\t\twidth='1420' height='240'\t\t\t\t\talt=\"https:\/\/files.sunoresearch.com.br\/n\/uploads\/2023\/03\/1420x240-Dividendos.png\"\n\t\t\t\t>\n\t\t\t<\/picture>\n\t\t<\/a>\n\t<\/p>\n\n\n","protected":false},"excerpt":{"rendered":"<p>O fundo imobili\u00e1rio RBRL11 encerrou o m\u00eas de maio de 2025 com um lucro de R$ 4,491 milh\u00f5es, apresentando um ligeiro avan\u00e7o frente aos R$ 4,461 milh\u00f5es registrados em abril. BRCO11 divulga novo acordo de loca\u00e7\u00e3o por 5 anos; confira o impacto na receita. Foto: Unsplash Durante o per\u00edodo, o fundo RBRL11 apurou uma receita [&hellip;]<\/p>\n","protected":false},"author":43,"featured_media":340798,"comment_status":"closed","ping_status":"closed","sticky":false,"template":"","format":"standard","meta":[],"categories":[66],"tags":[105849],"suno_strategy":[],"class_list":["post-610118","post","type-post","status-publish","format-standard","has-post-thumbnail","hentry","category-fiis","tag-rbrl11"],"yoast_head":"<!-- This site is optimized with the Yoast SEO plugin v24.4 - https:\/\/yoast.com\/wordpress\/plugins\/seo\/ -->\n<title>FII com vac\u00e2ncia zerada prorroga contrato por 5 anos; veja qual<\/title>\n<meta name=\"description\" content=\"Um fundo imobili\u00e1rio manteve sua vac\u00e2ncia zerada e prorrogou um contrato de loca\u00e7\u00e3o com um inquilino por 5 anos. Veja qual FII.\" \/>\n<meta name=\"robots\" content=\"index, follow, max-snippet:-1, max-image-preview:large, max-video-preview:-1\" \/>\n<link rel=\"canonical\" href=\"https:\/\/www.suno.com.br\/noticias\/fundo-imobiliario-rbrl11-mantem-vacancia-zerada-prorroga-contrato-inquilino\/\" \/>\n<meta property=\"og:locale\" content=\"pt_BR\" \/>\n<meta property=\"og:type\" content=\"article\" \/>\n<meta property=\"og:title\" content=\"FII com vac\u00e2ncia zerada prorroga contrato por 5 anos; veja qual\" \/>\n<meta property=\"og:description\" content=\"Um fundo imobili\u00e1rio manteve sua vac\u00e2ncia zerada e prorrogou um contrato de loca\u00e7\u00e3o com um inquilino por 5 anos. Veja qual FII.\" \/>\n<meta property=\"og:url\" content=\"https:\/\/www.suno.com.br\/noticias\/fundo-imobiliario-rbrl11-mantem-vacancia-zerada-prorroga-contrato-inquilino\/\" \/>\n<meta property=\"og:site_name\" content=\"Suno Not\u00edcias\" \/>\n<meta property=\"article:publisher\" content=\"https:\/\/facebook.com\/sunoresearch\" \/>\n<meta property=\"article:author\" content=\"https:\/\/www.facebook.com\/sunonoticias\/\" \/>\n<meta property=\"og:image\" content=\"https:\/\/files.sunoresearch.com.br\/n\/uploads\/2023\/01\/10-scaled.jpg\" \/>\n\t<meta property=\"og:image:width\" content=\"2560\" \/>\n\t<meta property=\"og:image:height\" content=\"1707\" \/>\n\t<meta property=\"og:image:type\" content=\"image\/jpeg\" \/>\n<meta name=\"author\" content=\"Reda\u00e7\u00e3o Suno Not\u00edcias\" \/>\n<meta name=\"twitter:card\" content=\"summary_large_image\" \/>\n<meta name=\"twitter:creator\" content=\"@https:\/\/twitter.com\/sunoresearch\" \/>\n<meta name=\"twitter:site\" content=\"@sunoresearch\" \/>\n<meta name=\"twitter:label1\" content=\"Escrito por\" \/>\n\t<meta name=\"twitter:data1\" content=\"Reda\u00e7\u00e3o Suno Not\u00edcias\" \/>\n\t<meta name=\"twitter:label2\" content=\"Est. tempo de leitura\" \/>\n\t<meta name=\"twitter:data2\" content=\"3 minutos\" \/>\n<script type=\"application\/ld+json\" class=\"yoast-schema-graph\">{\"@context\":\"https:\/\/schema.org\",\"@graph\":[{\"@type\":\"NewsArticle\",\"@id\":\"https:\/\/www.suno.com.br\/noticias\/fundo-imobiliario-rbrl11-mantem-vacancia-zerada-prorroga-contrato-inquilino\/#article\",\"isPartOf\":{\"@id\":\"https:\/\/www.suno.com.br\/noticias\/fundo-imobiliario-rbrl11-mantem-vacancia-zerada-prorroga-contrato-inquilino\/\"},\"author\":{\"name\":\"Reda\u00e7\u00e3o Suno Not\u00edcias\",\"@id\":\"https:\/\/www.suno.com.br\/noticias\/#\/schema\/person\/c1b1bd3727fa852bd045e9dbff3673ea\"},\"headline\":\"RBRL11 mant\u00e9m vac\u00e2ncia zerada e prorroga contrato com inquilino por 5 anos\",\"datePublished\":\"2025-06-20T13:51:17+00:00\",\"dateModified\":\"2025-06-20T13:52:05+00:00\",\"mainEntityOfPage\":{\"@id\":\"https:\/\/www.suno.com.br\/noticias\/fundo-imobiliario-rbrl11-mantem-vacancia-zerada-prorroga-contrato-inquilino\/\"},\"wordCount\":469,\"publisher\":{\"@id\":\"https:\/\/www.suno.com.br\/noticias\/#organization\"},\"image\":{\"@id\":\"https:\/\/www.suno.com.br\/noticias\/fundo-imobiliario-rbrl11-mantem-vacancia-zerada-prorroga-contrato-inquilino\/#primaryimage\"},\"thumbnailUrl\":\"https:\/\/files.sunoresearch.com.br\/n\/uploads\/2023\/01\/10-scaled.jpg\",\"keywords\":[\"RBRL11\"],\"articleSection\":[\"FIIs\"],\"inLanguage\":\"pt-BR\"},{\"@type\":\"WebPage\",\"@id\":\"https:\/\/www.suno.com.br\/noticias\/fundo-imobiliario-rbrl11-mantem-vacancia-zerada-prorroga-contrato-inquilino\/\",\"url\":\"https:\/\/www.suno.com.br\/noticias\/fundo-imobiliario-rbrl11-mantem-vacancia-zerada-prorroga-contrato-inquilino\/\",\"name\":\"FII com vac\u00e2ncia zerada prorroga contrato por 5 anos; veja qual\",\"isPartOf\":{\"@id\":\"https:\/\/www.suno.com.br\/noticias\/#website\"},\"primaryImageOfPage\":{\"@id\":\"https:\/\/www.suno.com.br\/noticias\/fundo-imobiliario-rbrl11-mantem-vacancia-zerada-prorroga-contrato-inquilino\/#primaryimage\"},\"image\":{\"@id\":\"https:\/\/www.suno.com.br\/noticias\/fundo-imobiliario-rbrl11-mantem-vacancia-zerada-prorroga-contrato-inquilino\/#primaryimage\"},\"thumbnailUrl\":\"https:\/\/files.sunoresearch.com.br\/n\/uploads\/2023\/01\/10-scaled.jpg\",\"datePublished\":\"2025-06-20T13:51:17+00:00\",\"dateModified\":\"2025-06-20T13:52:05+00:00\",\"description\":\"Um fundo imobili\u00e1rio manteve sua vac\u00e2ncia zerada e prorrogou um contrato de loca\u00e7\u00e3o com um inquilino por 5 anos. Veja qual FII.\",\"breadcrumb\":{\"@id\":\"https:\/\/www.suno.com.br\/noticias\/fundo-imobiliario-rbrl11-mantem-vacancia-zerada-prorroga-contrato-inquilino\/#breadcrumb\"},\"inLanguage\":\"pt-BR\",\"potentialAction\":[{\"@type\":\"ReadAction\",\"target\":[\"https:\/\/www.suno.com.br\/noticias\/fundo-imobiliario-rbrl11-mantem-vacancia-zerada-prorroga-contrato-inquilino\/\"]}]},{\"@type\":\"ImageObject\",\"inLanguage\":\"pt-BR\",\"@id\":\"https:\/\/www.suno.com.br\/noticias\/fundo-imobiliario-rbrl11-mantem-vacancia-zerada-prorroga-contrato-inquilino\/#primaryimage\",\"url\":\"https:\/\/files.sunoresearch.com.br\/n\/uploads\/2023\/01\/10-scaled.jpg\",\"contentUrl\":\"https:\/\/files.sunoresearch.com.br\/n\/uploads\/2023\/01\/10-scaled.jpg\",\"width\":2560,\"height\":1707,\"caption\":\"BRCO11 divulga novo acordo de loca\u00e7\u00e3o por 5 anos; confira o impacto na receita. Foto: Unsplash\"},{\"@type\":\"BreadcrumbList\",\"@id\":\"https:\/\/www.suno.com.br\/noticias\/fundo-imobiliario-rbrl11-mantem-vacancia-zerada-prorroga-contrato-inquilino\/#breadcrumb\",\"itemListElement\":[{\"@type\":\"ListItem\",\"position\":1,\"name\":\"Not\u00edcias\",\"item\":\"https:\/\/www.suno.com.br\/noticias\/\"},{\"@type\":\"ListItem\",\"position\":2,\"name\":\"FIIs\",\"item\":\"https:\/\/www.suno.com.br\/noticias\/fiis\/\"},{\"@type\":\"ListItem\",\"position\":3,\"name\":\"RBRL11 mant\u00e9m vac\u00e2ncia zerada e prorroga contrato com inquilino por 5 anos\"}]},{\"@type\":\"WebSite\",\"@id\":\"https:\/\/www.suno.com.br\/noticias\/#website\",\"url\":\"https:\/\/www.suno.com.br\/noticias\/\",\"name\":\"Suno Not\u00edcias\",\"description\":\"Seu portal de informa\u00e7\u00e3o sobre o mundo dos investimentos\",\"publisher\":{\"@id\":\"https:\/\/www.suno.com.br\/noticias\/#organization\"},\"potentialAction\":[{\"@type\":\"SearchAction\",\"target\":{\"@type\":\"EntryPoint\",\"urlTemplate\":\"https:\/\/www.suno.com.br\/noticias\/?s={search_term_string}\"},\"query-input\":{\"@type\":\"PropertyValueSpecification\",\"valueRequired\":true,\"valueName\":\"search_term_string\"}}],\"inLanguage\":\"pt-BR\"},{\"@type\":\"Organization\",\"@id\":\"https:\/\/www.suno.com.br\/noticias\/#organization\",\"name\":\"Suno Not\u00edcias\",\"url\":\"https:\/\/www.suno.com.br\/noticias\/\",\"logo\":{\"@type\":\"ImageObject\",\"inLanguage\":\"pt-BR\",\"@id\":\"https:\/\/www.suno.com.br\/noticias\/#\/schema\/logo\/image\/\",\"url\":\"https:\/\/files.sunoresearch.com.br\/n\/uploads\/2021\/09\/suno-logo.png\",\"contentUrl\":\"https:\/\/files.sunoresearch.com.br\/n\/uploads\/2021\/09\/suno-logo.png\",\"width\":180,\"height\":180,\"caption\":\"Suno Not\u00edcias\"},\"image\":{\"@id\":\"https:\/\/www.suno.com.br\/noticias\/#\/schema\/logo\/image\/\"},\"sameAs\":[\"https:\/\/facebook.com\/sunoresearch\",\"https:\/\/x.com\/sunoresearch\",\"https:\/\/www.instagram.com\/suno\",\"https:\/\/www.linkedin.com\/company\/suno-research\/\",\"https:\/\/www.youtube.com\/c\/sunoresearch\"]},{\"@type\":\"Person\",\"@id\":\"https:\/\/www.suno.com.br\/noticias\/#\/schema\/person\/c1b1bd3727fa852bd045e9dbff3673ea\",\"name\":\"Reda\u00e7\u00e3o Suno Not\u00edcias\",\"image\":{\"@type\":\"ImageObject\",\"inLanguage\":\"pt-BR\",\"@id\":\"https:\/\/www.suno.com.br\/noticias\/#\/schema\/person\/image\/\",\"url\":\"https:\/\/secure.gravatar.com\/avatar\/b8104b9b5a71985d5238ee59fbe418af?s=96&r=g\",\"contentUrl\":\"https:\/\/secure.gravatar.com\/avatar\/b8104b9b5a71985d5238ee59fbe418af?s=96&r=g\",\"caption\":\"Reda\u00e7\u00e3o Suno Not\u00edcias\"},\"description\":\"O Suno Not\u00edcias \u00e9 um portal de informa\u00e7\u00f5es sobre Mercado Financeiro, Pol\u00edtica, Neg\u00f3cios, Economia e Finan\u00e7as Pessoais.\",\"sameAs\":[\"https:\/\/www.suno.com.br\/noticias\",\"https:\/\/www.facebook.com\/sunonoticias\/\",\"https:\/\/www.instagram.com\/sunonoticias\/\",\"https:\/\/x.com\/https:\/\/twitter.com\/sunoresearch\",\"https:\/\/www.youtube.com\/sunonoticias\"],\"url\":\"https:\/\/www.suno.com.br\/noticias\/author\/redacao-suno\/\"}]}<\/script>\n<!-- \/ Yoast SEO plugin. -->","yoast_head_json":{"title":"FII com vac\u00e2ncia zerada prorroga contrato por 5 anos; veja qual","description":"Um fundo imobili\u00e1rio manteve sua vac\u00e2ncia zerada e prorrogou um contrato de loca\u00e7\u00e3o com um inquilino por 5 anos. Veja qual FII.","robots":{"index":"index","follow":"follow","max-snippet":"max-snippet:-1","max-image-preview":"max-image-preview:large","max-video-preview":"max-video-preview:-1"},"canonical":"https:\/\/www.suno.com.br\/noticias\/fundo-imobiliario-rbrl11-mantem-vacancia-zerada-prorroga-contrato-inquilino\/","og_locale":"pt_BR","og_type":"article","og_title":"FII com vac\u00e2ncia zerada prorroga contrato por 5 anos; veja qual","og_description":"Um fundo imobili\u00e1rio manteve sua vac\u00e2ncia zerada e prorrogou um contrato de loca\u00e7\u00e3o com um inquilino por 5 anos. Veja qual FII.","og_url":"https:\/\/www.suno.com.br\/noticias\/fundo-imobiliario-rbrl11-mantem-vacancia-zerada-prorroga-contrato-inquilino\/","og_site_name":"Suno Not\u00edcias","article_publisher":"https:\/\/facebook.com\/sunoresearch","article_author":"https:\/\/www.facebook.com\/sunonoticias\/","og_image":[{"width":2560,"height":1707,"url":"https:\/\/files.sunoresearch.com.br\/n\/uploads\/2023\/01\/10-scaled.jpg","type":"image\/jpeg"}],"author":"Reda\u00e7\u00e3o Suno Not\u00edcias","twitter_card":"summary_large_image","twitter_creator":"@https:\/\/twitter.com\/sunoresearch","twitter_site":"@sunoresearch","twitter_misc":{"Escrito por":"Reda\u00e7\u00e3o Suno Not\u00edcias","Est. tempo de leitura":"3 minutos"},"schema":{"@context":"https:\/\/schema.org","@graph":[{"@type":"NewsArticle","@id":"https:\/\/www.suno.com.br\/noticias\/fundo-imobiliario-rbrl11-mantem-vacancia-zerada-prorroga-contrato-inquilino\/#article","isPartOf":{"@id":"https:\/\/www.suno.com.br\/noticias\/fundo-imobiliario-rbrl11-mantem-vacancia-zerada-prorroga-contrato-inquilino\/"},"author":{"name":"Reda\u00e7\u00e3o Suno Not\u00edcias","@id":"https:\/\/www.suno.com.br\/noticias\/#\/schema\/person\/c1b1bd3727fa852bd045e9dbff3673ea"},"headline":"RBRL11 mant\u00e9m vac\u00e2ncia zerada e prorroga contrato com inquilino por 5 anos","datePublished":"2025-06-20T13:51:17+00:00","dateModified":"2025-06-20T13:52:05+00:00","mainEntityOfPage":{"@id":"https:\/\/www.suno.com.br\/noticias\/fundo-imobiliario-rbrl11-mantem-vacancia-zerada-prorroga-contrato-inquilino\/"},"wordCount":469,"publisher":{"@id":"https:\/\/www.suno.com.br\/noticias\/#organization"},"image":{"@id":"https:\/\/www.suno.com.br\/noticias\/fundo-imobiliario-rbrl11-mantem-vacancia-zerada-prorroga-contrato-inquilino\/#primaryimage"},"thumbnailUrl":"https:\/\/files.sunoresearch.com.br\/n\/uploads\/2023\/01\/10-scaled.jpg","keywords":["RBRL11"],"articleSection":["FIIs"],"inLanguage":"pt-BR"},{"@type":"WebPage","@id":"https:\/\/www.suno.com.br\/noticias\/fundo-imobiliario-rbrl11-mantem-vacancia-zerada-prorroga-contrato-inquilino\/","url":"https:\/\/www.suno.com.br\/noticias\/fundo-imobiliario-rbrl11-mantem-vacancia-zerada-prorroga-contrato-inquilino\/","name":"FII com vac\u00e2ncia zerada prorroga contrato por 5 anos; veja qual","isPartOf":{"@id":"https:\/\/www.suno.com.br\/noticias\/#website"},"primaryImageOfPage":{"@id":"https:\/\/www.suno.com.br\/noticias\/fundo-imobiliario-rbrl11-mantem-vacancia-zerada-prorroga-contrato-inquilino\/#primaryimage"},"image":{"@id":"https:\/\/www.suno.com.br\/noticias\/fundo-imobiliario-rbrl11-mantem-vacancia-zerada-prorroga-contrato-inquilino\/#primaryimage"},"thumbnailUrl":"https:\/\/files.sunoresearch.com.br\/n\/uploads\/2023\/01\/10-scaled.jpg","datePublished":"2025-06-20T13:51:17+00:00","dateModified":"2025-06-20T13:52:05+00:00","description":"Um fundo imobili\u00e1rio manteve sua vac\u00e2ncia zerada e prorrogou um contrato de loca\u00e7\u00e3o com um inquilino por 5 anos. Veja qual FII.","breadcrumb":{"@id":"https:\/\/www.suno.com.br\/noticias\/fundo-imobiliario-rbrl11-mantem-vacancia-zerada-prorroga-contrato-inquilino\/#breadcrumb"},"inLanguage":"pt-BR","potentialAction":[{"@type":"ReadAction","target":["https:\/\/www.suno.com.br\/noticias\/fundo-imobiliario-rbrl11-mantem-vacancia-zerada-prorroga-contrato-inquilino\/"]}]},{"@type":"ImageObject","inLanguage":"pt-BR","@id":"https:\/\/www.suno.com.br\/noticias\/fundo-imobiliario-rbrl11-mantem-vacancia-zerada-prorroga-contrato-inquilino\/#primaryimage","url":"https:\/\/files.sunoresearch.com.br\/n\/uploads\/2023\/01\/10-scaled.jpg","contentUrl":"https:\/\/files.sunoresearch.com.br\/n\/uploads\/2023\/01\/10-scaled.jpg","width":2560,"height":1707,"caption":"BRCO11 divulga novo acordo de loca\u00e7\u00e3o por 5 anos; confira o impacto na receita. Foto: Unsplash"},{"@type":"BreadcrumbList","@id":"https:\/\/www.suno.com.br\/noticias\/fundo-imobiliario-rbrl11-mantem-vacancia-zerada-prorroga-contrato-inquilino\/#breadcrumb","itemListElement":[{"@type":"ListItem","position":1,"name":"Not\u00edcias","item":"https:\/\/www.suno.com.br\/noticias\/"},{"@type":"ListItem","position":2,"name":"FIIs","item":"https:\/\/www.suno.com.br\/noticias\/fiis\/"},{"@type":"ListItem","position":3,"name":"RBRL11 mant\u00e9m vac\u00e2ncia zerada e prorroga contrato com inquilino por 5 anos"}]},{"@type":"WebSite","@id":"https:\/\/www.suno.com.br\/noticias\/#website","url":"https:\/\/www.suno.com.br\/noticias\/","name":"Suno Not\u00edcias","description":"Seu portal de informa\u00e7\u00e3o sobre o mundo dos investimentos","publisher":{"@id":"https:\/\/www.suno.com.br\/noticias\/#organization"},"potentialAction":[{"@type":"SearchAction","target":{"@type":"EntryPoint","urlTemplate":"https:\/\/www.suno.com.br\/noticias\/?s={search_term_string}"},"query-input":{"@type":"PropertyValueSpecification","valueRequired":true,"valueName":"search_term_string"}}],"inLanguage":"pt-BR"},{"@type":"Organization","@id":"https:\/\/www.suno.com.br\/noticias\/#organization","name":"Suno Not\u00edcias","url":"https:\/\/www.suno.com.br\/noticias\/","logo":{"@type":"ImageObject","inLanguage":"pt-BR","@id":"https:\/\/www.suno.com.br\/noticias\/#\/schema\/logo\/image\/","url":"https:\/\/files.sunoresearch.com.br\/n\/uploads\/2021\/09\/suno-logo.png","contentUrl":"https:\/\/files.sunoresearch.com.br\/n\/uploads\/2021\/09\/suno-logo.png","width":180,"height":180,"caption":"Suno Not\u00edcias"},"image":{"@id":"https:\/\/www.suno.com.br\/noticias\/#\/schema\/logo\/image\/"},"sameAs":["https:\/\/facebook.com\/sunoresearch","https:\/\/x.com\/sunoresearch","https:\/\/www.instagram.com\/suno","https:\/\/www.linkedin.com\/company\/suno-research\/","https:\/\/www.youtube.com\/c\/sunoresearch"]},{"@type":"Person","@id":"https:\/\/www.suno.com.br\/noticias\/#\/schema\/person\/c1b1bd3727fa852bd045e9dbff3673ea","name":"Reda\u00e7\u00e3o Suno Not\u00edcias","image":{"@type":"ImageObject","inLanguage":"pt-BR","@id":"https:\/\/www.suno.com.br\/noticias\/#\/schema\/person\/image\/","url":"https:\/\/secure.gravatar.com\/avatar\/b8104b9b5a71985d5238ee59fbe418af?s=96&r=g","contentUrl":"https:\/\/secure.gravatar.com\/avatar\/b8104b9b5a71985d5238ee59fbe418af?s=96&r=g","caption":"Reda\u00e7\u00e3o Suno Not\u00edcias"},"description":"O Suno Not\u00edcias \u00e9 um portal de informa\u00e7\u00f5es sobre Mercado Financeiro, Pol\u00edtica, Neg\u00f3cios, Economia e Finan\u00e7as Pessoais.","sameAs":["https:\/\/www.suno.com.br\/noticias","https:\/\/www.facebook.com\/sunonoticias\/","https:\/\/www.instagram.com\/sunonoticias\/","https:\/\/x.com\/https:\/\/twitter.com\/sunoresearch","https:\/\/www.youtube.com\/sunonoticias"],"url":"https:\/\/www.suno.com.br\/noticias\/author\/redacao-suno\/"}]}},"default_loop_html":"<div class=\"cardsPage__listCard__boxs\"><div class=\"cardsPage__listCard__boxs__img\"><a href=\"https:\/\/www.suno.com.br\/noticias\/fundo-imobiliario-rbrl11-mantem-vacancia-zerada-prorroga-contrato-inquilino\/\"><img class=\"mask\" src=\"https:\/\/www.suno.com.br\/noticias\/wp-content\/themes\/suno\/resources\/images\/spotlight\/spotlight1img\/bg-mask.png\" alt=\"Image Mask\"\/><img src=\"https:\/\/files.sunoresearch.com.br\/n\/uploads\/2023\/01\/10-400x200.jpg\" alt=\"RBRL11 mant\u00e9m vac\u00e2ncia zerada e prorroga contrato com inquilino por 5 anos\"\/><\/a><span class=\"spotlightCategory\"><a href=\"https:\/\/www.suno.com.br\/noticias\/fiis\/\">FIIs<\/a><\/span><\/div><div class=\"cardsPage__listCard__boxs__content\"><a href=\"https:\/\/www.suno.com.br\/noticias\/fundo-imobiliario-rbrl11-mantem-vacancia-zerada-prorroga-contrato-inquilino\/\"><h2 class=\"content__title\">RBRL11 mant\u00e9m vac\u00e2ncia zerada e prorroga contrato com inquilino por 5 anos<\/h2><\/a><div class=\"newsContent__article__meta\"><div class=\"newsContent__article__meta__authorBox\"><a href=\"https:\/\/www.suno.com.br\/noticias\/author\/redacao-suno\/\" class=\"authorBox__avatar noMobi\"><img src=\"https:\/\/files.sunoresearch.com.br\/n\/uploads\/2020\/08\/0ace682d-redacao-1-150x150.webp\" alt=\"Reda\u00e7\u00e3o Suno Not\u00edcias\"><\/a><div class=\"authorBox__name\"><span>por\n\t\t\t<a href=\"https:\/\/www.suno.com.br\/noticias\/author\/redacao-suno\/\"><span itemprop=\"author\">Reda\u00e7\u00e3o Suno Not\u00edcias<\/span><\/a><\/span><time datetime=\"2025-06-20T10:51:17-03:00\" itemprop=\"datePublished\">20\/06\/2025 10:51<\/time><\/div><\/div><\/div><\/div><\/div>","single_layout":"posts","amp_enabled":true,"_links":{"self":[{"href":"https:\/\/www.suno.com.br\/noticias\/wp-json\/wp\/v2\/posts\/610118"}],"collection":[{"href":"https:\/\/www.suno.com.br\/noticias\/wp-json\/wp\/v2\/posts"}],"about":[{"href":"https:\/\/www.suno.com.br\/noticias\/wp-json\/wp\/v2\/types\/post"}],"author":[{"embeddable":true,"href":"https:\/\/www.suno.com.br\/noticias\/wp-json\/wp\/v2\/users\/43"}],"replies":[{"embeddable":true,"href":"https:\/\/www.suno.com.br\/noticias\/wp-json\/wp\/v2\/comments?post=610118"}],"version-history":[{"count":3,"href":"https:\/\/www.suno.com.br\/noticias\/wp-json\/wp\/v2\/posts\/610118\/revisions"}],"predecessor-version":[{"id":610121,"href":"https:\/\/www.suno.com.br\/noticias\/wp-json\/wp\/v2\/posts\/610118\/revisions\/610121"}],"wp:featuredmedia":[{"embeddable":true,"href":"https:\/\/www.suno.com.br\/noticias\/wp-json\/wp\/v2\/media\/340798"}],"wp:attachment":[{"href":"https:\/\/www.suno.com.br\/noticias\/wp-json\/wp\/v2\/media?parent=610118"}],"wp:term":[{"taxonomy":"category","embeddable":true,"href":"https:\/\/www.suno.com.br\/noticias\/wp-json\/wp\/v2\/categories?post=610118"},{"taxonomy":"post_tag","embeddable":true,"href":"https:\/\/www.suno.com.br\/noticias\/wp-json\/wp\/v2\/tags?post=610118"},{"taxonomy":"suno_strategy","embeddable":true,"href":"https:\/\/www.suno.com.br\/noticias\/wp-json\/wp\/v2\/suno_strategy?post=610118"}],"curies":[{"name":"wp","href":"https:\/\/api.w.org\/{rel}","templated":true}]}}