{"id":60997,"date":"2020-04-11T11:00:36","date_gmt":"2020-04-11T14:00:36","guid":{"rendered":"https:\/\/www.suno.com.br\/noticias\/?p=60997"},"modified":"2020-04-11T10:33:42","modified_gmt":"2020-04-11T13:33:42","slug":"coronavirus-setor-eletrico-supermercados-e-proteina-devem-sofrer-menos","status":"publish","type":"post","link":"https:\/\/www.suno.com.br\/noticias\/coronavirus-setor-eletrico-supermercados-e-proteina-devem-sofrer-menos\/","title":{"rendered":"Coronav\u00edrus: setor el\u00e9trico, supermercados e prote\u00edna devem sofrer menos"},"content":{"rendered":"<p>Se h\u00e1 um consenso entre especialistas em meio a crise causada pelo <a href=\"https:\/\/www.suno.com.br\/noticias\/tags\/coronavirus\/\"><strong>coronav\u00edrus (covid-19)<\/strong> <\/a>\u00e9 de que todos os setores produtivos da economia ser\u00e3o afetados.<\/p>\t<div class=\"wrapper-featured-image\">\n\t\t<figure class=\"spotlightImg\">\n\n\t\t\t<picture>\n\t\t\t\t<source media=\"(max-width: 768px)\" srcset=\"https:\/\/files.sunoresearch.com.br\/n\/uploads\/2020\/02\/37cd5ae4-ibovespa-400x200.webp\">\n\t\t\t\t<img loading=\"lazy\" decoding=\"async\" class=\"newsContent__article__imgCapa lazyloadDisabled newsContent__article__imgCapa--noCaption\" src=\"https:\/\/files.sunoresearch.com.br\/n\/uploads\/2020\/02\/37cd5ae4-ibovespa-800x450.webp\" width=\"800\" height=\"450\" alt=\"Coronav\u00edrus: setor el\u00e9trico, supermercados e prote\u00edna devem sofrer menos\" fetchpriority=high \/>\n\t\t\t<\/picture>\n\n\t\t\t<figcaption class=\"wp-caption-text wp-caption-text--hide\">IBOVESPA<\/figcaption>\n\t\t<\/figure>\n\t<\/div>\n\n\n\n<p>Dado a queda brusca na demanda, n\u00e3o h\u00e1 um setor que n\u00e3o sentir\u00e1 qualquer impacto em suas receitas, que, assim, tamb\u00e9m dever\u00e1 refletir no pre\u00e7o dos ativos listados na <a href=\"https:\/\/www.suno.com.br\/artigos\/b3\/\">bolsa de valores de S\u00e3o Paulo (B3)<\/a>.<\/p>\n<p>O grande desafio, portanto, \u00e9 encontrar oportunidades em companhias que sofram menos. O SUNO Not\u00edcias consultou especialistas para listar empresas e setores que sangrar\u00e3o menos em meio a pandemia.<\/p>\n<p>Segundo eles, os setores el\u00e9trico, de prote\u00edna e de supermercados dever\u00e3o sofrer menos com a queda na demanda causada pelo alastramento do coronav\u00edrus.<\/p>\n<h2>Energia pode suspender dividendo, mas n\u00e3o sofrer\u00e1<\/h2>\n<p>Considerado um dos setores com menos volatilidade na Bolsa, gra\u00e7as a previsibilidade de contratos e de uma certa estabilidade na demanda, o setor el\u00e9trico\u00a0 n\u00e3o deve sofrer tanto em meio a crise.<\/p>\n<p>Para o\u00a0analista da Mirae Asset, Pedro Galdi, h\u00e1 a possibilidade de as empresas de energia cortarem os dividendos pagos aos acionistas. Isso, contudo, n\u00e3o retira o interesse nas companhias.<\/p>\n<p><a href=\"https:\/\/www.suno.com.br\/noticias\/coronavirus-confira-as-empresas-da-b3-com-mais-caixa-do-que-valor-de-mercado\/\">Veja tamb\u00e9m: Confira as empresas da B3 com mais caixa do que valor de mercado<\/a><\/p>\n<p>&#8220;As empresas desse setor s\u00e3o as melhores pagadoras de dividendos, nas j\u00e1 est\u00e3o repensando nisto para poupar caixa. Os dividendos devem voltar ano que vem&#8221;, disse o analista.<\/p>\n<p>Segundo o especialista em investimentos do Suno Research, Jo\u00e3o Arthur Almeida, h\u00e1 uma caracter\u00edstica especial para que a empresa do setor el\u00e9trico sofra menos na crise: ter o endividamento sob controle.<\/p>\n\t<p>\n\t\t<a href=\"https:\/\/lp.suno.com.br\/ebook-gratuito-investindo-no-exterior\/\" target=\"_blank\" data-element=\"shortcode-suno-banner\" title=\"Banner SUNO, clique e saiba mais\">\n\t\t\t<picture>\n\t\t\t\t<source media=\"(max-width: 500px)\" srcset=\"https:\/\/files.sunoresearch.com.br\/n\/uploads\/2023\/03\/400x300-Investindo-no-exterior.png\">\n\t\t\t\t<img class=\"newsContent__article__imgCapa newsContent__article__imgCapa--banner\"\n\t\t\t\t\tsrc=\"https:\/\/files.sunoresearch.com.br\/n\/uploads\/2023\/03\/1420x240-Investindo-no-exterior.png\"\n\t\t\t\t\tdata-promo-id=\"383161\"\t\t\t\t\t\t\t\t\t\twidth='1420' height='240'\t\t\t\t\talt=\"https:\/\/files.sunoresearch.com.br\/n\/uploads\/2023\/03\/1420x240-Investindo-no-exterior.png\"\n\t\t\t\t>\n\t\t\t<\/picture>\n\t\t<\/a>\n\t<\/p>\n\n\n<p><span style=\"font-weight: 400;\">&#8220;Energia \u00e9 um pouco menos sens\u00edvel ao PIB. Mas tende tamb\u00e9m a ser um dos setores menos afetados, sendo que a empresa nesse setor precisa ter o endividamento l\u00edquido controlado&#8221;, afirmou. Segundo Almeida, <a href=\"https:\/\/www.suno.com.br\/acoes\/enbr3\/\"><strong>Energias do Brasil (ENBR3)<\/strong><\/a> e <a href=\"https:\/\/www.suno.com.br\/acoes\/egie3\/\"><strong>Engie (EGIE3)<\/strong><\/a> s\u00e3o duas companhias que chamam a aten\u00e7\u00e3o no setor.<\/span><\/p>\n<h2>Setor de prote\u00ednas pode se recuperar gra\u00e7as a China<\/h2>\n<p>Outro setor que pode fugir da crise causada pelo coronav\u00edrus \u00e9 o de prote\u00ednas. Com a China deve se recuperar antes dos demais pa\u00edses, o consumo de alimentos ir\u00e1 se normalizar mais rapidamente por l\u00e1.<\/p>\n<p>&#8220;A retomada da China \u00e9 um importante vetor para as empresas de prote\u00ednas&#8221;, afirmou Pedro Galdi. De acordo com o especialista, al\u00e9m disso, o consumo no Brasil tamb\u00e9m deve sofrer menos que os demais.<\/p>\n<p>Assim, o setor de prote\u00ednas da B3, que conta com <a href=\"https:\/\/www.suno.com.br\/acoes\/mrfg3\/\"><strong>Marfrig (MRFG3)<\/strong><\/a>, <a href=\"https:\/\/www.suno.com.br\/acoes\/beef3\/\"><strong>Minerva (BEEF3)<\/strong><\/a>, <a href=\"https:\/\/www.suno.com.br\/acoes\/brfs3\/\"><strong>BRF (BRFS3)<\/strong><\/a> e <a href=\"https:\/\/www.suno.com.br\/acoes\/jbss3\/\"><strong>JBS (JBSS3)<\/strong><\/a>, por exemplo, deve se beneficiar dessa recupera\u00e7\u00e3o antecipada chinesa somado ao consumo interno.<\/p>\n<h2>Supermercados tiveram boom com coronav\u00edrus<\/h2>\n<p>O brasileiro mais observador reparou que, com a chegada do coronav\u00edrus no Pa\u00eds, a popula\u00e7\u00e3o correu aos supermercados para fazer compras.<\/p>\n\t<p>\n\t\t<a href=\"https:\/\/lp.suno.com.br\/4-emissao-snel11\/\" target=\"_blank\" data-element=\"shortcode-suno-banner\" title=\"Banner SUNO, clique e saiba mais\">\n\t\t\t<picture>\n\t\t\t\t<source media=\"(max-width: 500px)\" srcset=\"https:\/\/files.sunoresearch.com.br\/n\/uploads\/2025\/07\/400x300-Mobile-Artigos-7.webp\">\n\t\t\t\t<img class=\"newsContent__article__imgCapa newsContent__article__imgCapa--banner\"\n\t\t\t\t\tsrc=\"https:\/\/files.sunoresearch.com.br\/n\/uploads\/2025\/07\/1420x240-Banner-Artigos-1-_-Banner-Materias-5.webp\"\n\t\t\t\t\tdata-promo-id=\"364417\"\t\t\t\t\t\t\t\t\t\twidth='1420' height='240'\t\t\t\t\talt=\"https:\/\/files.sunoresearch.com.br\/n\/uploads\/2025\/07\/1420x240-Banner-Artigos-1-_-Banner-Materias-5.webp\"\n\t\t\t\t>\n\t\t\t<\/picture>\n\t\t<\/a>\n\t<\/p>\n\n\n<p>Esse boom pode n\u00e3o perdurar por muito tempo, mas deve auxiliar os resultados. Al\u00e9m disso, caso o lockdown permane\u00e7a, o setor deve continuar vendendo itens b\u00e1sicos \u00e0 popula\u00e7\u00e3o.<\/p>\n<p><span style=\"font-weight: 400;\">&#8220;Redes de supermercados temos um grande aumento das vendas, de at\u00e9 100%, dado o desespero das pessoas. Ent\u00e3o, o setor tende a n\u00e3o sofrer muito caso n\u00e3o se perpetue&#8221;, disse Jo\u00e3o Arthur.<\/span><\/p>\n<p>De acordo com o especialista, <a href=\"https:\/\/www.suno.com.br\/acoes\/pcar3\/\"><strong>P\u00e3o de A\u00e7\u00facar (PCAR3)<\/strong><\/a> e <strong><a href=\"https:\/\/www.suno.com.br\/acoes\/crfb3\/\">Carrefour (CRFB3)<\/a>\u00a0<\/strong>podem se destacar no momento, em meio a crise do <strong>coronav\u00edrus<\/strong>.<\/p>\n\n","protected":false},"excerpt":{"rendered":"<p>Se h\u00e1 um consenso entre especialistas em meio a crise causada pelo coronav\u00edrus (covid-19) \u00e9 de que todos os setores produtivos da economia ser\u00e3o afetados. IBOVESPA Dado a queda brusca na demanda, n\u00e3o h\u00e1 um setor que n\u00e3o sentir\u00e1 qualquer impacto em suas receitas, que, assim, tamb\u00e9m dever\u00e1 refletir no pre\u00e7o dos ativos listados na [&hellip;]<\/p>\n","protected":false},"author":27,"featured_media":54134,"comment_status":"closed","ping_status":"closed","sticky":false,"template":"","format":"standard","meta":[],"categories":[60],"tags":[309,1937,2487,5255],"suno_strategy":[],"class_list":["post-60997","post","type-post","status-publish","format-standard","has-post-thumbnail","hentry","category-mercado","tag-bolsa-de-valores","tag-bolsa-de-valores-de-sao-paulo-b3","tag-coronavirus","tag-covid-19"],"yoast_head":"<!-- This site is optimized with the Yoast SEO plugin v24.4 - https:\/\/yoast.com\/wordpress\/plugins\/seo\/ -->\n<title>Coronav\u00edrus: setor el\u00e9trico, supermercados e prote\u00edna devem sofrer menos<\/title>\n<meta name=\"description\" content=\"Com a chegada do coronav\u00edrus (covid-19), o SUNO Not\u00edcias listou quais setores podem sofrer menos na Bolsa de S\u00e3o Paulo. Clique para ler mais.\" \/>\n<meta name=\"robots\" content=\"index, follow, max-snippet:-1, max-image-preview:large, max-video-preview:-1\" \/>\n<link rel=\"canonical\" href=\"https:\/\/www.suno.com.br\/noticias\/coronavirus-setor-eletrico-supermercados-e-proteina-devem-sofrer-menos\/\" \/>\n<meta property=\"og:locale\" content=\"pt_BR\" \/>\n<meta property=\"og:type\" content=\"article\" \/>\n<meta property=\"og:title\" content=\"Coronav\u00edrus: setor el\u00e9trico, supermercados e prote\u00edna devem sofrer menos\" \/>\n<meta property=\"og:description\" content=\"Com a chegada do coronav\u00edrus (covid-19), o SUNO Not\u00edcias listou quais setores podem sofrer menos na Bolsa de S\u00e3o Paulo. Clique para ler mais.\" \/>\n<meta property=\"og:url\" content=\"https:\/\/www.suno.com.br\/noticias\/coronavirus-setor-eletrico-supermercados-e-proteina-devem-sofrer-menos\/\" \/>\n<meta property=\"og:site_name\" content=\"Suno Not\u00edcias\" \/>\n<meta property=\"article:publisher\" content=\"https:\/\/facebook.com\/sunoresearch\" \/>\n<meta property=\"og:image\" content=\"https:\/\/files.sunoresearch.com.br\/n\/uploads\/2020\/02\/37cd5ae4-ibovespa.jpg\" \/>\n\t<meta property=\"og:image:width\" content=\"1380\" \/>\n\t<meta property=\"og:image:height\" content=\"920\" \/>\n\t<meta property=\"og:image:type\" content=\"image\/jpeg\" \/>\n<meta name=\"author\" content=\"Vinicius Pereira\" \/>\n<meta name=\"twitter:card\" content=\"summary_large_image\" \/>\n<meta name=\"twitter:creator\" content=\"@https:\/\/twitter.com\/viniciuspjornal\" \/>\n<meta name=\"twitter:site\" content=\"@sunoresearch\" \/>\n<meta name=\"twitter:label1\" content=\"Escrito por\" \/>\n\t<meta name=\"twitter:data1\" content=\"Vinicius Pereira\" \/>\n\t<meta name=\"twitter:label2\" content=\"Est. tempo de leitura\" \/>\n\t<meta name=\"twitter:data2\" content=\"3 minutos\" \/>\n<script type=\"application\/ld+json\" class=\"yoast-schema-graph\">{\"@context\":\"https:\/\/schema.org\",\"@graph\":[{\"@type\":\"NewsArticle\",\"@id\":\"https:\/\/www.suno.com.br\/noticias\/coronavirus-setor-eletrico-supermercados-e-proteina-devem-sofrer-menos\/#article\",\"isPartOf\":{\"@id\":\"https:\/\/www.suno.com.br\/noticias\/coronavirus-setor-eletrico-supermercados-e-proteina-devem-sofrer-menos\/\"},\"author\":{\"name\":\"Vinicius Pereira\",\"@id\":\"https:\/\/www.suno.com.br\/noticias\/#\/schema\/person\/a20761b96e4df7eb57f1f9e41be1dbf3\"},\"headline\":\"Coronav\u00edrus: setor el\u00e9trico, supermercados e prote\u00edna devem sofrer menos\",\"datePublished\":\"2020-04-11T14:00:36+00:00\",\"mainEntityOfPage\":{\"@id\":\"https:\/\/www.suno.com.br\/noticias\/coronavirus-setor-eletrico-supermercados-e-proteina-devem-sofrer-menos\/\"},\"wordCount\":598,\"publisher\":{\"@id\":\"https:\/\/www.suno.com.br\/noticias\/#organization\"},\"image\":{\"@id\":\"https:\/\/www.suno.com.br\/noticias\/coronavirus-setor-eletrico-supermercados-e-proteina-devem-sofrer-menos\/#primaryimage\"},\"thumbnailUrl\":\"https:\/\/files.sunoresearch.com.br\/n\/uploads\/2020\/02\/37cd5ae4-ibovespa-jpg.webp\",\"keywords\":[\"Bolsa de Valores\",\"Bolsa de Valores de S\u00e3o Paulo (B3)\",\"coronav\u00edrus\",\"covid-19\"],\"articleSection\":[\"Mercado\"],\"inLanguage\":\"pt-BR\"},{\"@type\":\"WebPage\",\"@id\":\"https:\/\/www.suno.com.br\/noticias\/coronavirus-setor-eletrico-supermercados-e-proteina-devem-sofrer-menos\/\",\"url\":\"https:\/\/www.suno.com.br\/noticias\/coronavirus-setor-eletrico-supermercados-e-proteina-devem-sofrer-menos\/\",\"name\":\"Coronav\u00edrus: setor el\u00e9trico, supermercados e prote\u00edna devem sofrer menos\",\"isPartOf\":{\"@id\":\"https:\/\/www.suno.com.br\/noticias\/#website\"},\"primaryImageOfPage\":{\"@id\":\"https:\/\/www.suno.com.br\/noticias\/coronavirus-setor-eletrico-supermercados-e-proteina-devem-sofrer-menos\/#primaryimage\"},\"image\":{\"@id\":\"https:\/\/www.suno.com.br\/noticias\/coronavirus-setor-eletrico-supermercados-e-proteina-devem-sofrer-menos\/#primaryimage\"},\"thumbnailUrl\":\"https:\/\/files.sunoresearch.com.br\/n\/uploads\/2020\/02\/37cd5ae4-ibovespa-jpg.webp\",\"datePublished\":\"2020-04-11T14:00:36+00:00\",\"description\":\"Com a chegada do coronav\u00edrus (covid-19), o SUNO Not\u00edcias listou quais setores podem sofrer menos na Bolsa de S\u00e3o Paulo. Clique para ler mais.\",\"breadcrumb\":{\"@id\":\"https:\/\/www.suno.com.br\/noticias\/coronavirus-setor-eletrico-supermercados-e-proteina-devem-sofrer-menos\/#breadcrumb\"},\"inLanguage\":\"pt-BR\",\"potentialAction\":[{\"@type\":\"ReadAction\",\"target\":[\"https:\/\/www.suno.com.br\/noticias\/coronavirus-setor-eletrico-supermercados-e-proteina-devem-sofrer-menos\/\"]}]},{\"@type\":\"ImageObject\",\"inLanguage\":\"pt-BR\",\"@id\":\"https:\/\/www.suno.com.br\/noticias\/coronavirus-setor-eletrico-supermercados-e-proteina-devem-sofrer-menos\/#primaryimage\",\"url\":\"https:\/\/files.sunoresearch.com.br\/n\/uploads\/2020\/02\/37cd5ae4-ibovespa-jpg.webp\",\"contentUrl\":\"https:\/\/files.sunoresearch.com.br\/n\/uploads\/2020\/02\/37cd5ae4-ibovespa-jpg.webp\",\"width\":1380,\"height\":920,\"caption\":\"IBOVESPA\"},{\"@type\":\"BreadcrumbList\",\"@id\":\"https:\/\/www.suno.com.br\/noticias\/coronavirus-setor-eletrico-supermercados-e-proteina-devem-sofrer-menos\/#breadcrumb\",\"itemListElement\":[{\"@type\":\"ListItem\",\"position\":1,\"name\":\"Not\u00edcias\",\"item\":\"https:\/\/www.suno.com.br\/noticias\/\"},{\"@type\":\"ListItem\",\"position\":2,\"name\":\"Mercado\",\"item\":\"https:\/\/www.suno.com.br\/noticias\/mercado\/\"},{\"@type\":\"ListItem\",\"position\":3,\"name\":\"Coronav\u00edrus: setor el\u00e9trico, supermercados e prote\u00edna devem sofrer menos\"}]},{\"@type\":\"WebSite\",\"@id\":\"https:\/\/www.suno.com.br\/noticias\/#website\",\"url\":\"https:\/\/www.suno.com.br\/noticias\/\",\"name\":\"Suno Not\u00edcias\",\"description\":\"Seu portal de informa\u00e7\u00e3o sobre o mundo dos investimentos\",\"publisher\":{\"@id\":\"https:\/\/www.suno.com.br\/noticias\/#organization\"},\"potentialAction\":[{\"@type\":\"SearchAction\",\"target\":{\"@type\":\"EntryPoint\",\"urlTemplate\":\"https:\/\/www.suno.com.br\/noticias\/?s={search_term_string}\"},\"query-input\":{\"@type\":\"PropertyValueSpecification\",\"valueRequired\":true,\"valueName\":\"search_term_string\"}}],\"inLanguage\":\"pt-BR\"},{\"@type\":\"Organization\",\"@id\":\"https:\/\/www.suno.com.br\/noticias\/#organization\",\"name\":\"Suno Not\u00edcias\",\"url\":\"https:\/\/www.suno.com.br\/noticias\/\",\"logo\":{\"@type\":\"ImageObject\",\"inLanguage\":\"pt-BR\",\"@id\":\"https:\/\/www.suno.com.br\/noticias\/#\/schema\/logo\/image\/\",\"url\":\"https:\/\/files.sunoresearch.com.br\/n\/uploads\/2021\/09\/suno-logo.png\",\"contentUrl\":\"https:\/\/files.sunoresearch.com.br\/n\/uploads\/2021\/09\/suno-logo.png\",\"width\":180,\"height\":180,\"caption\":\"Suno Not\u00edcias\"},\"image\":{\"@id\":\"https:\/\/www.suno.com.br\/noticias\/#\/schema\/logo\/image\/\"},\"sameAs\":[\"https:\/\/facebook.com\/sunoresearch\",\"https:\/\/x.com\/sunoresearch\",\"https:\/\/www.instagram.com\/suno\",\"https:\/\/www.linkedin.com\/company\/suno-research\/\",\"https:\/\/www.youtube.com\/c\/sunoresearch\"]},{\"@type\":\"Person\",\"@id\":\"https:\/\/www.suno.com.br\/noticias\/#\/schema\/person\/a20761b96e4df7eb57f1f9e41be1dbf3\",\"name\":\"Vinicius Pereira\",\"image\":{\"@type\":\"ImageObject\",\"inLanguage\":\"pt-BR\",\"@id\":\"https:\/\/www.suno.com.br\/noticias\/#\/schema\/person\/image\/\",\"url\":\"https:\/\/secure.gravatar.com\/avatar\/783866b933198f5cc4c5d03fcc8b1301?s=96&r=g\",\"contentUrl\":\"https:\/\/secure.gravatar.com\/avatar\/783866b933198f5cc4c5d03fcc8b1301?s=96&r=g\",\"caption\":\"Vinicius Pereira\"},\"description\":\"Vinicius Pereira foi rep\u00f3rter de economia da Folha de S.Paulo, stringer do jornal no Canad\u00e1 e colaborador de VEJA. J\u00e1 escreveu tamb\u00e9m para BBC Brasil, The Intercept Brasil e UOL. Tem MBA em Informa\u00e7\u00f5es Econ\u00f4mico-Financeiras e Mercado de Capitais pela FIA\/B3.\",\"sameAs\":[\"https:\/\/x.com\/https:\/\/twitter.com\/viniciuspjornal\"],\"url\":\"https:\/\/www.suno.com.br\/noticias\/author\/vinicius-pereira\/\"}]}<\/script>\n<!-- \/ Yoast SEO plugin. -->","yoast_head_json":{"title":"Coronav\u00edrus: setor el\u00e9trico, supermercados e prote\u00edna devem sofrer menos","description":"Com a chegada do coronav\u00edrus (covid-19), o SUNO Not\u00edcias listou quais setores podem sofrer menos na Bolsa de S\u00e3o Paulo. Clique para ler mais.","robots":{"index":"index","follow":"follow","max-snippet":"max-snippet:-1","max-image-preview":"max-image-preview:large","max-video-preview":"max-video-preview:-1"},"canonical":"https:\/\/www.suno.com.br\/noticias\/coronavirus-setor-eletrico-supermercados-e-proteina-devem-sofrer-menos\/","og_locale":"pt_BR","og_type":"article","og_title":"Coronav\u00edrus: setor el\u00e9trico, supermercados e prote\u00edna devem sofrer menos","og_description":"Com a chegada do coronav\u00edrus (covid-19), o SUNO Not\u00edcias listou quais setores podem sofrer menos na Bolsa de S\u00e3o Paulo. Clique para ler mais.","og_url":"https:\/\/www.suno.com.br\/noticias\/coronavirus-setor-eletrico-supermercados-e-proteina-devem-sofrer-menos\/","og_site_name":"Suno Not\u00edcias","article_publisher":"https:\/\/facebook.com\/sunoresearch","og_image":[{"width":1380,"height":920,"url":"https:\/\/files.sunoresearch.com.br\/n\/uploads\/2020\/02\/37cd5ae4-ibovespa.jpg","type":"image\/jpeg"}],"author":"Vinicius Pereira","twitter_card":"summary_large_image","twitter_creator":"@https:\/\/twitter.com\/viniciuspjornal","twitter_site":"@sunoresearch","twitter_misc":{"Escrito por":"Vinicius Pereira","Est. tempo de leitura":"3 minutos"},"schema":{"@context":"https:\/\/schema.org","@graph":[{"@type":"NewsArticle","@id":"https:\/\/www.suno.com.br\/noticias\/coronavirus-setor-eletrico-supermercados-e-proteina-devem-sofrer-menos\/#article","isPartOf":{"@id":"https:\/\/www.suno.com.br\/noticias\/coronavirus-setor-eletrico-supermercados-e-proteina-devem-sofrer-menos\/"},"author":{"name":"Vinicius Pereira","@id":"https:\/\/www.suno.com.br\/noticias\/#\/schema\/person\/a20761b96e4df7eb57f1f9e41be1dbf3"},"headline":"Coronav\u00edrus: setor el\u00e9trico, supermercados e prote\u00edna devem sofrer menos","datePublished":"2020-04-11T14:00:36+00:00","mainEntityOfPage":{"@id":"https:\/\/www.suno.com.br\/noticias\/coronavirus-setor-eletrico-supermercados-e-proteina-devem-sofrer-menos\/"},"wordCount":598,"publisher":{"@id":"https:\/\/www.suno.com.br\/noticias\/#organization"},"image":{"@id":"https:\/\/www.suno.com.br\/noticias\/coronavirus-setor-eletrico-supermercados-e-proteina-devem-sofrer-menos\/#primaryimage"},"thumbnailUrl":"https:\/\/files.sunoresearch.com.br\/n\/uploads\/2020\/02\/37cd5ae4-ibovespa-jpg.webp","keywords":["Bolsa de Valores","Bolsa de Valores de S\u00e3o Paulo (B3)","coronav\u00edrus","covid-19"],"articleSection":["Mercado"],"inLanguage":"pt-BR"},{"@type":"WebPage","@id":"https:\/\/www.suno.com.br\/noticias\/coronavirus-setor-eletrico-supermercados-e-proteina-devem-sofrer-menos\/","url":"https:\/\/www.suno.com.br\/noticias\/coronavirus-setor-eletrico-supermercados-e-proteina-devem-sofrer-menos\/","name":"Coronav\u00edrus: setor el\u00e9trico, supermercados e prote\u00edna devem sofrer menos","isPartOf":{"@id":"https:\/\/www.suno.com.br\/noticias\/#website"},"primaryImageOfPage":{"@id":"https:\/\/www.suno.com.br\/noticias\/coronavirus-setor-eletrico-supermercados-e-proteina-devem-sofrer-menos\/#primaryimage"},"image":{"@id":"https:\/\/www.suno.com.br\/noticias\/coronavirus-setor-eletrico-supermercados-e-proteina-devem-sofrer-menos\/#primaryimage"},"thumbnailUrl":"https:\/\/files.sunoresearch.com.br\/n\/uploads\/2020\/02\/37cd5ae4-ibovespa-jpg.webp","datePublished":"2020-04-11T14:00:36+00:00","description":"Com a chegada do coronav\u00edrus (covid-19), o SUNO Not\u00edcias listou quais setores podem sofrer menos na Bolsa de S\u00e3o Paulo. Clique para ler mais.","breadcrumb":{"@id":"https:\/\/www.suno.com.br\/noticias\/coronavirus-setor-eletrico-supermercados-e-proteina-devem-sofrer-menos\/#breadcrumb"},"inLanguage":"pt-BR","potentialAction":[{"@type":"ReadAction","target":["https:\/\/www.suno.com.br\/noticias\/coronavirus-setor-eletrico-supermercados-e-proteina-devem-sofrer-menos\/"]}]},{"@type":"ImageObject","inLanguage":"pt-BR","@id":"https:\/\/www.suno.com.br\/noticias\/coronavirus-setor-eletrico-supermercados-e-proteina-devem-sofrer-menos\/#primaryimage","url":"https:\/\/files.sunoresearch.com.br\/n\/uploads\/2020\/02\/37cd5ae4-ibovespa-jpg.webp","contentUrl":"https:\/\/files.sunoresearch.com.br\/n\/uploads\/2020\/02\/37cd5ae4-ibovespa-jpg.webp","width":1380,"height":920,"caption":"IBOVESPA"},{"@type":"BreadcrumbList","@id":"https:\/\/www.suno.com.br\/noticias\/coronavirus-setor-eletrico-supermercados-e-proteina-devem-sofrer-menos\/#breadcrumb","itemListElement":[{"@type":"ListItem","position":1,"name":"Not\u00edcias","item":"https:\/\/www.suno.com.br\/noticias\/"},{"@type":"ListItem","position":2,"name":"Mercado","item":"https:\/\/www.suno.com.br\/noticias\/mercado\/"},{"@type":"ListItem","position":3,"name":"Coronav\u00edrus: setor el\u00e9trico, supermercados e prote\u00edna devem sofrer menos"}]},{"@type":"WebSite","@id":"https:\/\/www.suno.com.br\/noticias\/#website","url":"https:\/\/www.suno.com.br\/noticias\/","name":"Suno Not\u00edcias","description":"Seu portal de informa\u00e7\u00e3o sobre o mundo dos investimentos","publisher":{"@id":"https:\/\/www.suno.com.br\/noticias\/#organization"},"potentialAction":[{"@type":"SearchAction","target":{"@type":"EntryPoint","urlTemplate":"https:\/\/www.suno.com.br\/noticias\/?s={search_term_string}"},"query-input":{"@type":"PropertyValueSpecification","valueRequired":true,"valueName":"search_term_string"}}],"inLanguage":"pt-BR"},{"@type":"Organization","@id":"https:\/\/www.suno.com.br\/noticias\/#organization","name":"Suno Not\u00edcias","url":"https:\/\/www.suno.com.br\/noticias\/","logo":{"@type":"ImageObject","inLanguage":"pt-BR","@id":"https:\/\/www.suno.com.br\/noticias\/#\/schema\/logo\/image\/","url":"https:\/\/files.sunoresearch.com.br\/n\/uploads\/2021\/09\/suno-logo.png","contentUrl":"https:\/\/files.sunoresearch.com.br\/n\/uploads\/2021\/09\/suno-logo.png","width":180,"height":180,"caption":"Suno Not\u00edcias"},"image":{"@id":"https:\/\/www.suno.com.br\/noticias\/#\/schema\/logo\/image\/"},"sameAs":["https:\/\/facebook.com\/sunoresearch","https:\/\/x.com\/sunoresearch","https:\/\/www.instagram.com\/suno","https:\/\/www.linkedin.com\/company\/suno-research\/","https:\/\/www.youtube.com\/c\/sunoresearch"]},{"@type":"Person","@id":"https:\/\/www.suno.com.br\/noticias\/#\/schema\/person\/a20761b96e4df7eb57f1f9e41be1dbf3","name":"Vinicius Pereira","image":{"@type":"ImageObject","inLanguage":"pt-BR","@id":"https:\/\/www.suno.com.br\/noticias\/#\/schema\/person\/image\/","url":"https:\/\/secure.gravatar.com\/avatar\/783866b933198f5cc4c5d03fcc8b1301?s=96&r=g","contentUrl":"https:\/\/secure.gravatar.com\/avatar\/783866b933198f5cc4c5d03fcc8b1301?s=96&r=g","caption":"Vinicius Pereira"},"description":"Vinicius Pereira foi rep\u00f3rter de economia da Folha de S.Paulo, stringer do jornal no Canad\u00e1 e colaborador de VEJA. J\u00e1 escreveu tamb\u00e9m para BBC Brasil, The Intercept Brasil e UOL. Tem MBA em Informa\u00e7\u00f5es Econ\u00f4mico-Financeiras e Mercado de Capitais pela FIA\/B3.","sameAs":["https:\/\/x.com\/https:\/\/twitter.com\/viniciuspjornal"],"url":"https:\/\/www.suno.com.br\/noticias\/author\/vinicius-pereira\/"}]}},"default_loop_html":"<div class=\"cardsPage__listCard__boxs\"><div class=\"cardsPage__listCard__boxs__img\"><a href=\"https:\/\/www.suno.com.br\/noticias\/coronavirus-setor-eletrico-supermercados-e-proteina-devem-sofrer-menos\/\"><img class=\"mask\" src=\"https:\/\/www.suno.com.br\/noticias\/wp-content\/themes\/suno\/resources\/images\/spotlight\/spotlight1img\/bg-mask.png\" alt=\"Image Mask\"\/><img src=\"https:\/\/files.sunoresearch.com.br\/n\/uploads\/2020\/02\/37cd5ae4-ibovespa-400x200.webp\" alt=\"Coronav\u00edrus: setor el\u00e9trico, supermercados e prote\u00edna devem sofrer menos\"\/><\/a><span class=\"spotlightCategory\"><a href=\"https:\/\/www.suno.com.br\/noticias\/mercado\/\">Mercado<\/a><\/span><\/div><div class=\"cardsPage__listCard__boxs__content\"><a href=\"https:\/\/www.suno.com.br\/noticias\/coronavirus-setor-eletrico-supermercados-e-proteina-devem-sofrer-menos\/\"><h2 class=\"content__title\">Coronav\u00edrus: setor el\u00e9trico, supermercados e prote\u00edna devem sofrer menos<\/h2><\/a><div class=\"newsContent__article__meta\"><div class=\"newsContent__article__meta__authorBox\"><a href=\"https:\/\/www.suno.com.br\/noticias\/author\/vinicius-pereira\/\" class=\"authorBox__avatar noMobi\"><img src=\"https:\/\/files.sunoresearch.com.br\/n\/uploads\/2020\/08\/77510613-whatsapp-image-2020-08-03-at-13.40.40-150x150.webp\" alt=\"Vinicius Pereira\"><\/a><div class=\"authorBox__name\"><span>por\n\t\t\t<a href=\"https:\/\/www.suno.com.br\/noticias\/author\/vinicius-pereira\/\"><span itemprop=\"author\">Vinicius Pereira<\/span><\/a><\/span><time datetime=\"2020-04-11T11:00:36-03:00\" itemprop=\"datePublished\">11\/04\/2020 11:00<\/time><\/div><\/div><\/div><\/div><\/div>","single_layout":"posts","amp_enabled":true,"_links":{"self":[{"href":"https:\/\/www.suno.com.br\/noticias\/wp-json\/wp\/v2\/posts\/60997"}],"collection":[{"href":"https:\/\/www.suno.com.br\/noticias\/wp-json\/wp\/v2\/posts"}],"about":[{"href":"https:\/\/www.suno.com.br\/noticias\/wp-json\/wp\/v2\/types\/post"}],"author":[{"embeddable":true,"href":"https:\/\/www.suno.com.br\/noticias\/wp-json\/wp\/v2\/users\/27"}],"replies":[{"embeddable":true,"href":"https:\/\/www.suno.com.br\/noticias\/wp-json\/wp\/v2\/comments?post=60997"}],"version-history":[{"count":0,"href":"https:\/\/www.suno.com.br\/noticias\/wp-json\/wp\/v2\/posts\/60997\/revisions"}],"wp:featuredmedia":[{"embeddable":true,"href":"https:\/\/www.suno.com.br\/noticias\/wp-json\/wp\/v2\/media\/54134"}],"wp:attachment":[{"href":"https:\/\/www.suno.com.br\/noticias\/wp-json\/wp\/v2\/media?parent=60997"}],"wp:term":[{"taxonomy":"category","embeddable":true,"href":"https:\/\/www.suno.com.br\/noticias\/wp-json\/wp\/v2\/categories?post=60997"},{"taxonomy":"post_tag","embeddable":true,"href":"https:\/\/www.suno.com.br\/noticias\/wp-json\/wp\/v2\/tags?post=60997"},{"taxonomy":"suno_strategy","embeddable":true,"href":"https:\/\/www.suno.com.br\/noticias\/wp-json\/wp\/v2\/suno_strategy?post=60997"}],"curies":[{"name":"wp","href":"https:\/\/api.w.org\/{rel}","templated":true}]}}