{"id":60988,"date":"2020-04-09T08:07:26","date_gmt":"2020-04-09T11:07:26","guid":{"rendered":"https:\/\/www.suno.com.br\/noticias\/?p=60988"},"modified":"2020-04-09T08:07:26","modified_gmt":"2020-04-09T11:07:26","slug":"klabin-klbn11-anuncia-aumento-de-capital-de-subsidiaria","status":"publish","type":"post","link":"https:\/\/www.suno.com.br\/noticias\/klabin-klbn11-anuncia-aumento-de-capital-de-subsidiaria\/","title":{"rendered":"Klabin (KLBN11) anuncia aumento de capital de subsidi\u00e1ria"},"content":{"rendered":"<p>A <a href=\"https:\/\/www.suno.com.br\/acoes\/klbn11\/\"><strong>Klabin<\/strong> (KLBN11)<\/a> informou, na \u00faltima quarta-feira (8), que ir\u00e1 aumentar o capital de sua subsidi\u00e1ria Sapopemba Reflorestadora S.A. no equivalente a R$ 81 milh\u00f5es. A informa\u00e7\u00e3o foi divulgada por meio de um comunicado ao mercado.<\/p>\t<div class=\"wrapper-featured-image\">\n\t\t<figure class=\"spotlightImg\">\n\n\t\t\t<picture>\n\t\t\t\t<source media=\"(max-width: 768px)\" srcset=\"https:\/\/files.sunoresearch.com.br\/n\/uploads\/2019\/10\/21c044e4-klabin-400x200.webp\">\n\t\t\t\t<img loading=\"lazy\" decoding=\"async\" class=\"newsContent__article__imgCapa lazyloadDisabled newsContent__article__imgCapa--noCaption\" src=\"https:\/\/files.sunoresearch.com.br\/n\/uploads\/2019\/10\/21c044e4-klabin-800x450.webp\" width=\"800\" height=\"450\" alt=\"Klabin (KLBN11) anuncia aumento de capital de subsidi\u00e1ria\" fetchpriority=high \/>\n\t\t\t<\/picture>\n\n\t\t\t<figcaption class=\"wp-caption-text wp-caption-text--hide\">Klabin (KLBN11) teve aumento da receita em conjunto com retra\u00e7\u00e3o da d\u00edvida<\/figcaption>\n\t\t<\/figure>\n\t<\/div>\n\n\n\n<p>Segundo a Klabin, o acordo foi fechado entre a empresa e uma <strong>Timber Investment Management Organization (TIMO)<\/strong>. A Klabin realizar\u00e1 um aporte adicional de tr\u00eas mil hectares de florestas plantadas.\u00a0 J\u00e1 a TIMO contribuir\u00e1 com o montante de R$ 245 milh\u00f5es em caixa.<\/p>\n<p>Os recursos adicionais inclu\u00eddos pela TIMO ir\u00e3o financiar a compra de cerca de seis mil hectares \u00fateis, al\u00e9m de investimentos necess\u00e1rios na forma\u00e7\u00e3o de florestas e <a href=\"https:\/\/www.suno.com.br\/artigos\/capital-giro\/\">capital de giro<\/a> para a subsidi\u00e1ria. A parceria tem efetuado a compra de \u00e1reas para a expans\u00e3o florestal no Estado do Paran\u00e1 em prazo menor do que o cronograma original, anunciado em julho do ano passado.<\/p>\n<p>Os termos no acordo permanecem os mesmos os quais foram estabelecidos na forma\u00e7\u00e3o da <strong>Sapopemba Reflorestadora<\/strong>, sem altera\u00e7\u00f5es na participa\u00e7\u00e3o societ\u00e1ria.<\/p>\n\t<p>\n\t\t<a href=\"https:\/\/lp.suno.com.br\/ebook-10-livros\/\" target=\"_blank\" data-element=\"shortcode-suno-banner\" title=\"Banner SUNO, clique e saiba mais\">\n\t\t\t<picture>\n\t\t\t\t<source media=\"(max-width: 500px)\" srcset=\"https:\/\/files.sunoresearch.com.br\/n\/uploads\/2023\/03\/400x300-10-livros.png\">\n\t\t\t\t<img class=\"newsContent__article__imgCapa newsContent__article__imgCapa--banner\"\n\t\t\t\t\tsrc=\"https:\/\/files.sunoresearch.com.br\/n\/uploads\/2023\/03\/1420x240-10-livros.png\"\n\t\t\t\t\tdata-promo-id=\"383159\"\t\t\t\t\t\t\t\t\t\twidth='1420' height='240'\t\t\t\t\talt=\"https:\/\/files.sunoresearch.com.br\/n\/uploads\/2023\/03\/1420x240-10-livros.png\"\n\t\t\t\t>\n\t\t\t<\/picture>\n\t\t<\/a>\n\t<\/p>\n\n\n<p>A companhia, no entanto, ressalta que a transa\u00e7\u00e3o est\u00e1 &#8220;sujeita ao cumprimento de determinadas condi\u00e7\u00f5es suspensivas usuais em opera\u00e7\u00f5es dessa natureza&#8221;, como a aprova\u00e7\u00e3o pelo <a href=\"https:\/\/www.suno.com.br\/artigos\/cade\/\">Conselho Administrativo de Defesa Econ\u00f4mica (<strong>CADE<\/strong>)<\/a>.<\/p>\n<p>A Klabin diz que &#8220;o modelo adotado para a expans\u00e3o de base florestal refor\u00e7a o compromisso da empresa com a cria\u00e7\u00e3o de valor para seus acionistas e equil\u00edbrio de sua estrutura de capital&#8221;.<\/p>\n<h2>Klabin adquire neg\u00f3cio de embalagens da International Paper<\/h2>\n<p>A Klabin comunicou ao mercado, no dia 29 de mar\u00e7o, que adquiriu a unidade de pap\u00e9is para embalagens e papel\u00e3o ondulado da <strong>International Paper<\/strong> no Brasil. O valor da transa\u00e7\u00e3o ficou na casa dos R$ 330 milh\u00f5es.<\/p>\n<p><a href=\"https:\/\/www.suno.com.br\/noticias\/suzano-suzb3-incorporara-s-participacoes-para-reter-custos\/\">Confira: Suzano incorporar\u00e1 S. Participa\u00e7\u00f5es para reter custos<\/a><\/p>\n<p>A companhia salientou que o neg\u00f3cio foi pago com recursos pr\u00f3prios e ter\u00e1 impacto imaterial na alavancagem financeira da empresa. Do valor total da opera\u00e7\u00e3o, aproximadamente R$ 280 milh\u00f5es ser\u00e3o pagos imediatamente e o restante (R$ 50 milh\u00f5es) ap\u00f3s um ano.<\/p>\n<p><a href=\"https:\/\/www.youtube.com\/watch?v=9rULZ1GQWD0\">A gigante do setor de produ\u00e7\u00e3o de papel<\/a> tamb\u00e9m informa que a unidade de neg\u00f3cio tem capacidade para produzir 305 mil toneladas por ano e suas vendas equivaleram a 6,6% do <a href=\"https:\/\/www.suno.com.br\/artigos\/market-share\/\">market share<\/a> do mercado brasileiro no ano de 2018.<\/p>\n<p>De acordo com o comunicado da <strong>Klabin<\/strong>, a sinergia de neg\u00f3cios com a International Paper ir\u00e1 fortalecer a lideran\u00e7a da empresa no mercado.<\/p>\n\n","protected":false},"excerpt":{"rendered":"<p>A Klabin (KLBN11) informou, na \u00faltima quarta-feira (8), que ir\u00e1 aumentar o capital de sua subsidi\u00e1ria Sapopemba Reflorestadora S.A. no equivalente a R$ 81 milh\u00f5es. A informa\u00e7\u00e3o foi divulgada por meio de um comunicado ao mercado. Klabin (KLBN11) teve aumento da receita em conjunto com retra\u00e7\u00e3o da d\u00edvida Segundo a Klabin, o acordo foi fechado [&hellip;]<\/p>\n","protected":false},"author":24,"featured_media":42604,"comment_status":"closed","ping_status":"closed","sticky":false,"template":"","format":"standard","meta":[],"categories":[64],"tags":[1438,529],"suno_strategy":[],"class_list":["post-60988","post","type-post","status-publish","format-standard","has-post-thumbnail","hentry","category-negocios","tag-aumento-de-capital","tag-klabin-klbn11-klbn3-klbn4"],"yoast_head":"<!-- This site is optimized with the Yoast SEO plugin v24.4 - https:\/\/yoast.com\/wordpress\/plugins\/seo\/ -->\n<title>Klabin (KLBN11) anuncia aumento de capital de subsidi\u00e1ria<\/title>\n<meta name=\"description\" content=\"A Klabin informou, na \u00faltima quarta-feira (8), que ir\u00e1 aumentar o capital de sua subsidi\u00e1ria Sapopemba Reflorestadora S.A. Saiba mais.\" \/>\n<meta name=\"robots\" content=\"index, follow, max-snippet:-1, max-image-preview:large, max-video-preview:-1\" \/>\n<link rel=\"canonical\" href=\"https:\/\/www.suno.com.br\/noticias\/klabin-klbn11-anuncia-aumento-de-capital-de-subsidiaria\/\" \/>\n<meta property=\"og:locale\" content=\"pt_BR\" \/>\n<meta property=\"og:type\" content=\"article\" \/>\n<meta property=\"og:title\" content=\"Klabin (KLBN11) anuncia aumento de capital de subsidi\u00e1ria\" \/>\n<meta property=\"og:description\" content=\"A Klabin informou, na \u00faltima quarta-feira (8), que ir\u00e1 aumentar o capital de sua subsidi\u00e1ria Sapopemba Reflorestadora S.A. Saiba mais.\" \/>\n<meta property=\"og:url\" content=\"https:\/\/www.suno.com.br\/noticias\/klabin-klbn11-anuncia-aumento-de-capital-de-subsidiaria\/\" \/>\n<meta property=\"og:site_name\" content=\"Suno Not\u00edcias\" \/>\n<meta property=\"article:publisher\" content=\"https:\/\/facebook.com\/sunoresearch\" \/>\n<meta property=\"og:image\" content=\"https:\/\/files.sunoresearch.com.br\/n\/uploads\/2019\/10\/21c044e4-klabin.jpg\" \/>\n\t<meta property=\"og:image:width\" content=\"1334\" \/>\n\t<meta property=\"og:image:height\" content=\"1001\" \/>\n\t<meta property=\"og:image:type\" content=\"image\/jpeg\" \/>\n<meta name=\"author\" content=\"Jader Lazarini\" \/>\n<meta name=\"twitter:card\" content=\"summary_large_image\" \/>\n<meta name=\"twitter:creator\" content=\"@sunoresearch\" \/>\n<meta name=\"twitter:site\" content=\"@sunoresearch\" \/>\n<meta name=\"twitter:label1\" content=\"Escrito por\" \/>\n\t<meta name=\"twitter:data1\" content=\"Jader Lazarini\" \/>\n\t<meta name=\"twitter:label2\" content=\"Est. tempo de leitura\" \/>\n\t<meta name=\"twitter:data2\" content=\"2 minutos\" \/>\n<script type=\"application\/ld+json\" class=\"yoast-schema-graph\">{\"@context\":\"https:\/\/schema.org\",\"@graph\":[{\"@type\":\"NewsArticle\",\"@id\":\"https:\/\/www.suno.com.br\/noticias\/klabin-klbn11-anuncia-aumento-de-capital-de-subsidiaria\/#article\",\"isPartOf\":{\"@id\":\"https:\/\/www.suno.com.br\/noticias\/klabin-klbn11-anuncia-aumento-de-capital-de-subsidiaria\/\"},\"author\":{\"name\":\"Jader Lazarini\",\"@id\":\"https:\/\/www.suno.com.br\/noticias\/#\/schema\/person\/918d79de1f0281f01599b93f9ea6e23f\"},\"headline\":\"Klabin (KLBN11) anuncia aumento de capital de subsidi\u00e1ria\",\"datePublished\":\"2020-04-09T11:07:26+00:00\",\"mainEntityOfPage\":{\"@id\":\"https:\/\/www.suno.com.br\/noticias\/klabin-klbn11-anuncia-aumento-de-capital-de-subsidiaria\/\"},\"wordCount\":438,\"publisher\":{\"@id\":\"https:\/\/www.suno.com.br\/noticias\/#organization\"},\"image\":{\"@id\":\"https:\/\/www.suno.com.br\/noticias\/klabin-klbn11-anuncia-aumento-de-capital-de-subsidiaria\/#primaryimage\"},\"thumbnailUrl\":\"https:\/\/files.sunoresearch.com.br\/n\/uploads\/2019\/10\/21c044e4-klabin-jpg.webp\",\"keywords\":[\"aumento de capital\",\"Klabin (KLBN11\/KLBN3\/KLBN4)\"],\"articleSection\":[\"Neg\u00f3cios\"],\"inLanguage\":\"pt-BR\"},{\"@type\":\"WebPage\",\"@id\":\"https:\/\/www.suno.com.br\/noticias\/klabin-klbn11-anuncia-aumento-de-capital-de-subsidiaria\/\",\"url\":\"https:\/\/www.suno.com.br\/noticias\/klabin-klbn11-anuncia-aumento-de-capital-de-subsidiaria\/\",\"name\":\"Klabin (KLBN11) anuncia aumento de capital de subsidi\u00e1ria\",\"isPartOf\":{\"@id\":\"https:\/\/www.suno.com.br\/noticias\/#website\"},\"primaryImageOfPage\":{\"@id\":\"https:\/\/www.suno.com.br\/noticias\/klabin-klbn11-anuncia-aumento-de-capital-de-subsidiaria\/#primaryimage\"},\"image\":{\"@id\":\"https:\/\/www.suno.com.br\/noticias\/klabin-klbn11-anuncia-aumento-de-capital-de-subsidiaria\/#primaryimage\"},\"thumbnailUrl\":\"https:\/\/files.sunoresearch.com.br\/n\/uploads\/2019\/10\/21c044e4-klabin-jpg.webp\",\"datePublished\":\"2020-04-09T11:07:26+00:00\",\"description\":\"A Klabin informou, na \u00faltima quarta-feira (8), que ir\u00e1 aumentar o capital de sua subsidi\u00e1ria Sapopemba Reflorestadora S.A. Saiba mais.\",\"breadcrumb\":{\"@id\":\"https:\/\/www.suno.com.br\/noticias\/klabin-klbn11-anuncia-aumento-de-capital-de-subsidiaria\/#breadcrumb\"},\"inLanguage\":\"pt-BR\",\"potentialAction\":[{\"@type\":\"ReadAction\",\"target\":[\"https:\/\/www.suno.com.br\/noticias\/klabin-klbn11-anuncia-aumento-de-capital-de-subsidiaria\/\"]}]},{\"@type\":\"ImageObject\",\"inLanguage\":\"pt-BR\",\"@id\":\"https:\/\/www.suno.com.br\/noticias\/klabin-klbn11-anuncia-aumento-de-capital-de-subsidiaria\/#primaryimage\",\"url\":\"https:\/\/files.sunoresearch.com.br\/n\/uploads\/2019\/10\/21c044e4-klabin-jpg.webp\",\"contentUrl\":\"https:\/\/files.sunoresearch.com.br\/n\/uploads\/2019\/10\/21c044e4-klabin-jpg.webp\",\"width\":1334,\"height\":1001,\"caption\":\"Klabin (KLBN11) teve aumento da receita em conjunto com retra\u00e7\u00e3o da d\u00edvida\"},{\"@type\":\"BreadcrumbList\",\"@id\":\"https:\/\/www.suno.com.br\/noticias\/klabin-klbn11-anuncia-aumento-de-capital-de-subsidiaria\/#breadcrumb\",\"itemListElement\":[{\"@type\":\"ListItem\",\"position\":1,\"name\":\"Not\u00edcias\",\"item\":\"https:\/\/www.suno.com.br\/noticias\/\"},{\"@type\":\"ListItem\",\"position\":2,\"name\":\"Neg\u00f3cios\",\"item\":\"https:\/\/www.suno.com.br\/noticias\/negocios\/\"},{\"@type\":\"ListItem\",\"position\":3,\"name\":\"Klabin (KLBN11) anuncia aumento de capital de subsidi\u00e1ria\"}]},{\"@type\":\"WebSite\",\"@id\":\"https:\/\/www.suno.com.br\/noticias\/#website\",\"url\":\"https:\/\/www.suno.com.br\/noticias\/\",\"name\":\"Suno Not\u00edcias\",\"description\":\"Seu portal de informa\u00e7\u00e3o sobre o mundo dos investimentos\",\"publisher\":{\"@id\":\"https:\/\/www.suno.com.br\/noticias\/#organization\"},\"potentialAction\":[{\"@type\":\"SearchAction\",\"target\":{\"@type\":\"EntryPoint\",\"urlTemplate\":\"https:\/\/www.suno.com.br\/noticias\/?s={search_term_string}\"},\"query-input\":{\"@type\":\"PropertyValueSpecification\",\"valueRequired\":true,\"valueName\":\"search_term_string\"}}],\"inLanguage\":\"pt-BR\"},{\"@type\":\"Organization\",\"@id\":\"https:\/\/www.suno.com.br\/noticias\/#organization\",\"name\":\"Suno Not\u00edcias\",\"url\":\"https:\/\/www.suno.com.br\/noticias\/\",\"logo\":{\"@type\":\"ImageObject\",\"inLanguage\":\"pt-BR\",\"@id\":\"https:\/\/www.suno.com.br\/noticias\/#\/schema\/logo\/image\/\",\"url\":\"https:\/\/files.sunoresearch.com.br\/n\/uploads\/2021\/09\/suno-logo.png\",\"contentUrl\":\"https:\/\/files.sunoresearch.com.br\/n\/uploads\/2021\/09\/suno-logo.png\",\"width\":180,\"height\":180,\"caption\":\"Suno Not\u00edcias\"},\"image\":{\"@id\":\"https:\/\/www.suno.com.br\/noticias\/#\/schema\/logo\/image\/\"},\"sameAs\":[\"https:\/\/facebook.com\/sunoresearch\",\"https:\/\/x.com\/sunoresearch\",\"https:\/\/www.instagram.com\/suno\",\"https:\/\/www.linkedin.com\/company\/suno-research\/\",\"https:\/\/www.youtube.com\/c\/sunoresearch\"]},{\"@type\":\"Person\",\"@id\":\"https:\/\/www.suno.com.br\/noticias\/#\/schema\/person\/918d79de1f0281f01599b93f9ea6e23f\",\"name\":\"Jader Lazarini\",\"image\":{\"@type\":\"ImageObject\",\"inLanguage\":\"pt-BR\",\"@id\":\"https:\/\/www.suno.com.br\/noticias\/#\/schema\/person\/image\/\",\"url\":\"https:\/\/secure.gravatar.com\/avatar\/3c1ad8caa51589841baeb923fcddea97?s=96&r=g\",\"contentUrl\":\"https:\/\/secure.gravatar.com\/avatar\/3c1ad8caa51589841baeb923fcddea97?s=96&r=g\",\"caption\":\"Jader Lazarini\"},\"description\":\"Jader Lazarini escreve sobre investimentos, finan\u00e7as, economia e neg\u00f3cios. \u00c9 bacharel em Rela\u00e7\u00f5es Internacionais e analista CNPI (2619).\",\"url\":\"https:\/\/www.suno.com.br\/noticias\/author\/jader-lazarini\/\"}]}<\/script>\n<!-- \/ Yoast SEO plugin. -->","yoast_head_json":{"title":"Klabin (KLBN11) anuncia aumento de capital de subsidi\u00e1ria","description":"A Klabin informou, na \u00faltima quarta-feira (8), que ir\u00e1 aumentar o capital de sua subsidi\u00e1ria Sapopemba Reflorestadora S.A. Saiba mais.","robots":{"index":"index","follow":"follow","max-snippet":"max-snippet:-1","max-image-preview":"max-image-preview:large","max-video-preview":"max-video-preview:-1"},"canonical":"https:\/\/www.suno.com.br\/noticias\/klabin-klbn11-anuncia-aumento-de-capital-de-subsidiaria\/","og_locale":"pt_BR","og_type":"article","og_title":"Klabin (KLBN11) anuncia aumento de capital de subsidi\u00e1ria","og_description":"A Klabin informou, na \u00faltima quarta-feira (8), que ir\u00e1 aumentar o capital de sua subsidi\u00e1ria Sapopemba Reflorestadora S.A. Saiba mais.","og_url":"https:\/\/www.suno.com.br\/noticias\/klabin-klbn11-anuncia-aumento-de-capital-de-subsidiaria\/","og_site_name":"Suno Not\u00edcias","article_publisher":"https:\/\/facebook.com\/sunoresearch","og_image":[{"width":1334,"height":1001,"url":"https:\/\/files.sunoresearch.com.br\/n\/uploads\/2019\/10\/21c044e4-klabin.jpg","type":"image\/jpeg"}],"author":"Jader Lazarini","twitter_card":"summary_large_image","twitter_creator":"@sunoresearch","twitter_site":"@sunoresearch","twitter_misc":{"Escrito por":"Jader Lazarini","Est. tempo de leitura":"2 minutos"},"schema":{"@context":"https:\/\/schema.org","@graph":[{"@type":"NewsArticle","@id":"https:\/\/www.suno.com.br\/noticias\/klabin-klbn11-anuncia-aumento-de-capital-de-subsidiaria\/#article","isPartOf":{"@id":"https:\/\/www.suno.com.br\/noticias\/klabin-klbn11-anuncia-aumento-de-capital-de-subsidiaria\/"},"author":{"name":"Jader Lazarini","@id":"https:\/\/www.suno.com.br\/noticias\/#\/schema\/person\/918d79de1f0281f01599b93f9ea6e23f"},"headline":"Klabin (KLBN11) anuncia aumento de capital de subsidi\u00e1ria","datePublished":"2020-04-09T11:07:26+00:00","mainEntityOfPage":{"@id":"https:\/\/www.suno.com.br\/noticias\/klabin-klbn11-anuncia-aumento-de-capital-de-subsidiaria\/"},"wordCount":438,"publisher":{"@id":"https:\/\/www.suno.com.br\/noticias\/#organization"},"image":{"@id":"https:\/\/www.suno.com.br\/noticias\/klabin-klbn11-anuncia-aumento-de-capital-de-subsidiaria\/#primaryimage"},"thumbnailUrl":"https:\/\/files.sunoresearch.com.br\/n\/uploads\/2019\/10\/21c044e4-klabin-jpg.webp","keywords":["aumento de capital","Klabin (KLBN11\/KLBN3\/KLBN4)"],"articleSection":["Neg\u00f3cios"],"inLanguage":"pt-BR"},{"@type":"WebPage","@id":"https:\/\/www.suno.com.br\/noticias\/klabin-klbn11-anuncia-aumento-de-capital-de-subsidiaria\/","url":"https:\/\/www.suno.com.br\/noticias\/klabin-klbn11-anuncia-aumento-de-capital-de-subsidiaria\/","name":"Klabin (KLBN11) anuncia aumento de capital de subsidi\u00e1ria","isPartOf":{"@id":"https:\/\/www.suno.com.br\/noticias\/#website"},"primaryImageOfPage":{"@id":"https:\/\/www.suno.com.br\/noticias\/klabin-klbn11-anuncia-aumento-de-capital-de-subsidiaria\/#primaryimage"},"image":{"@id":"https:\/\/www.suno.com.br\/noticias\/klabin-klbn11-anuncia-aumento-de-capital-de-subsidiaria\/#primaryimage"},"thumbnailUrl":"https:\/\/files.sunoresearch.com.br\/n\/uploads\/2019\/10\/21c044e4-klabin-jpg.webp","datePublished":"2020-04-09T11:07:26+00:00","description":"A Klabin informou, na \u00faltima quarta-feira (8), que ir\u00e1 aumentar o capital de sua subsidi\u00e1ria Sapopemba Reflorestadora S.A. Saiba mais.","breadcrumb":{"@id":"https:\/\/www.suno.com.br\/noticias\/klabin-klbn11-anuncia-aumento-de-capital-de-subsidiaria\/#breadcrumb"},"inLanguage":"pt-BR","potentialAction":[{"@type":"ReadAction","target":["https:\/\/www.suno.com.br\/noticias\/klabin-klbn11-anuncia-aumento-de-capital-de-subsidiaria\/"]}]},{"@type":"ImageObject","inLanguage":"pt-BR","@id":"https:\/\/www.suno.com.br\/noticias\/klabin-klbn11-anuncia-aumento-de-capital-de-subsidiaria\/#primaryimage","url":"https:\/\/files.sunoresearch.com.br\/n\/uploads\/2019\/10\/21c044e4-klabin-jpg.webp","contentUrl":"https:\/\/files.sunoresearch.com.br\/n\/uploads\/2019\/10\/21c044e4-klabin-jpg.webp","width":1334,"height":1001,"caption":"Klabin (KLBN11) teve aumento da receita em conjunto com retra\u00e7\u00e3o da d\u00edvida"},{"@type":"BreadcrumbList","@id":"https:\/\/www.suno.com.br\/noticias\/klabin-klbn11-anuncia-aumento-de-capital-de-subsidiaria\/#breadcrumb","itemListElement":[{"@type":"ListItem","position":1,"name":"Not\u00edcias","item":"https:\/\/www.suno.com.br\/noticias\/"},{"@type":"ListItem","position":2,"name":"Neg\u00f3cios","item":"https:\/\/www.suno.com.br\/noticias\/negocios\/"},{"@type":"ListItem","position":3,"name":"Klabin (KLBN11) anuncia aumento de capital de subsidi\u00e1ria"}]},{"@type":"WebSite","@id":"https:\/\/www.suno.com.br\/noticias\/#website","url":"https:\/\/www.suno.com.br\/noticias\/","name":"Suno Not\u00edcias","description":"Seu portal de informa\u00e7\u00e3o sobre o mundo dos investimentos","publisher":{"@id":"https:\/\/www.suno.com.br\/noticias\/#organization"},"potentialAction":[{"@type":"SearchAction","target":{"@type":"EntryPoint","urlTemplate":"https:\/\/www.suno.com.br\/noticias\/?s={search_term_string}"},"query-input":{"@type":"PropertyValueSpecification","valueRequired":true,"valueName":"search_term_string"}}],"inLanguage":"pt-BR"},{"@type":"Organization","@id":"https:\/\/www.suno.com.br\/noticias\/#organization","name":"Suno Not\u00edcias","url":"https:\/\/www.suno.com.br\/noticias\/","logo":{"@type":"ImageObject","inLanguage":"pt-BR","@id":"https:\/\/www.suno.com.br\/noticias\/#\/schema\/logo\/image\/","url":"https:\/\/files.sunoresearch.com.br\/n\/uploads\/2021\/09\/suno-logo.png","contentUrl":"https:\/\/files.sunoresearch.com.br\/n\/uploads\/2021\/09\/suno-logo.png","width":180,"height":180,"caption":"Suno Not\u00edcias"},"image":{"@id":"https:\/\/www.suno.com.br\/noticias\/#\/schema\/logo\/image\/"},"sameAs":["https:\/\/facebook.com\/sunoresearch","https:\/\/x.com\/sunoresearch","https:\/\/www.instagram.com\/suno","https:\/\/www.linkedin.com\/company\/suno-research\/","https:\/\/www.youtube.com\/c\/sunoresearch"]},{"@type":"Person","@id":"https:\/\/www.suno.com.br\/noticias\/#\/schema\/person\/918d79de1f0281f01599b93f9ea6e23f","name":"Jader Lazarini","image":{"@type":"ImageObject","inLanguage":"pt-BR","@id":"https:\/\/www.suno.com.br\/noticias\/#\/schema\/person\/image\/","url":"https:\/\/secure.gravatar.com\/avatar\/3c1ad8caa51589841baeb923fcddea97?s=96&r=g","contentUrl":"https:\/\/secure.gravatar.com\/avatar\/3c1ad8caa51589841baeb923fcddea97?s=96&r=g","caption":"Jader Lazarini"},"description":"Jader Lazarini escreve sobre investimentos, finan\u00e7as, economia e neg\u00f3cios. \u00c9 bacharel em Rela\u00e7\u00f5es Internacionais e analista CNPI (2619).","url":"https:\/\/www.suno.com.br\/noticias\/author\/jader-lazarini\/"}]}},"default_loop_html":"<div class=\"cardsPage__listCard__boxs\"><div class=\"cardsPage__listCard__boxs__img\"><a href=\"https:\/\/www.suno.com.br\/noticias\/klabin-klbn11-anuncia-aumento-de-capital-de-subsidiaria\/\"><img class=\"mask\" src=\"https:\/\/www.suno.com.br\/noticias\/wp-content\/themes\/suno\/resources\/images\/spotlight\/spotlight1img\/bg-mask.png\" alt=\"Image Mask\"\/><img src=\"https:\/\/files.sunoresearch.com.br\/n\/uploads\/2019\/10\/21c044e4-klabin-400x200.webp\" alt=\"Klabin (KLBN11) anuncia aumento de capital de subsidi\u00e1ria\"\/><\/a><span class=\"spotlightCategory\"><a href=\"https:\/\/www.suno.com.br\/noticias\/negocios\/\">Neg\u00f3cios<\/a><\/span><\/div><div class=\"cardsPage__listCard__boxs__content\"><a href=\"https:\/\/www.suno.com.br\/noticias\/klabin-klbn11-anuncia-aumento-de-capital-de-subsidiaria\/\"><h2 class=\"content__title\">Klabin (KLBN11) anuncia aumento de capital de subsidi\u00e1ria<\/h2><\/a><div class=\"newsContent__article__meta\"><div class=\"newsContent__article__meta__authorBox\"><a href=\"https:\/\/www.suno.com.br\/noticias\/author\/jader-lazarini\/\" class=\"authorBox__avatar noMobi\"><img src=\"https:\/\/files.sunoresearch.com.br\/n\/uploads\/2021\/01\/178e6598-foto-perfil-2-150x150.jpg\" alt=\"Jader Lazarini\"><\/a><div class=\"authorBox__name\"><span>por\n\t\t\t<a href=\"https:\/\/www.suno.com.br\/noticias\/author\/jader-lazarini\/\"><span itemprop=\"author\">Jader Lazarini<\/span><\/a><\/span><time datetime=\"2020-04-09T08:07:26-03:00\" itemprop=\"datePublished\">09\/04\/2020 08:07<\/time><\/div><\/div><\/div><\/div><\/div>","single_layout":"posts","amp_enabled":true,"_links":{"self":[{"href":"https:\/\/www.suno.com.br\/noticias\/wp-json\/wp\/v2\/posts\/60988"}],"collection":[{"href":"https:\/\/www.suno.com.br\/noticias\/wp-json\/wp\/v2\/posts"}],"about":[{"href":"https:\/\/www.suno.com.br\/noticias\/wp-json\/wp\/v2\/types\/post"}],"author":[{"embeddable":true,"href":"https:\/\/www.suno.com.br\/noticias\/wp-json\/wp\/v2\/users\/24"}],"replies":[{"embeddable":true,"href":"https:\/\/www.suno.com.br\/noticias\/wp-json\/wp\/v2\/comments?post=60988"}],"version-history":[{"count":0,"href":"https:\/\/www.suno.com.br\/noticias\/wp-json\/wp\/v2\/posts\/60988\/revisions"}],"wp:featuredmedia":[{"embeddable":true,"href":"https:\/\/www.suno.com.br\/noticias\/wp-json\/wp\/v2\/media\/42604"}],"wp:attachment":[{"href":"https:\/\/www.suno.com.br\/noticias\/wp-json\/wp\/v2\/media?parent=60988"}],"wp:term":[{"taxonomy":"category","embeddable":true,"href":"https:\/\/www.suno.com.br\/noticias\/wp-json\/wp\/v2\/categories?post=60988"},{"taxonomy":"post_tag","embeddable":true,"href":"https:\/\/www.suno.com.br\/noticias\/wp-json\/wp\/v2\/tags?post=60988"},{"taxonomy":"suno_strategy","embeddable":true,"href":"https:\/\/www.suno.com.br\/noticias\/wp-json\/wp\/v2\/suno_strategy?post=60988"}],"curies":[{"name":"wp","href":"https:\/\/api.w.org\/{rel}","templated":true}]}}