{"id":60961,"date":"2020-04-08T20:56:05","date_gmt":"2020-04-08T23:56:05","guid":{"rendered":"https:\/\/www.suno.com.br\/noticias\/?p=60961"},"modified":"2020-04-08T20:56:05","modified_gmt":"2020-04-08T23:56:05","slug":"itausa-cancela-assembleia-geral","status":"publish","type":"post","link":"https:\/\/www.suno.com.br\/noticias\/itausa-cancela-assembleia-geral\/","title":{"rendered":"Ita\u00fasa (ITSA4) cancela assembleia geral em raz\u00e3o do coronav\u00edrus"},"content":{"rendered":"<p>A<strong><a href=\"https:\/\/www.suno.com.br\/acoes\/itsa3\/\">\u00a0<\/a>Ita\u00fasa (<a href=\"https:\/\/www.suno.com.br\/acoes\/itsa4\/\">ITSA4<\/a>; <a href=\"https:\/\/www.suno.com.br\/acoes\/itsa3\/\">ITSA3<\/a>)<\/strong> anunciou o cancelamento de sua assembleia geral. A informa\u00e7\u00e3o foi divulgada nesta quarta-feira (8) por meio de fato relevante.<\/p>\t<div class=\"wrapper-featured-image\">\n\t\t<figure class=\"spotlightImg\">\n\n\t\t\t<picture>\n\t\t\t\t<source media=\"(max-width: 768px)\" srcset=\"https:\/\/files.sunoresearch.com.br\/n\/uploads\/2019\/05\/7744ecce-ita\u00fasa-400x200.webp\">\n\t\t\t\t<img loading=\"lazy\" decoding=\"async\" class=\"newsContent__article__imgCapa lazyloadDisabled newsContent__article__imgCapa--noCaption\" src=\"https:\/\/files.sunoresearch.com.br\/n\/uploads\/2019\/05\/7744ecce-ita\u00fasa-800x450.webp\" width=\"800\" height=\"450\" alt=\"Ita\u00fasa (ITSA4) cancela assembleia geral em raz\u00e3o do coronav\u00edrus\" fetchpriority=high \/>\n\t\t\t<\/picture>\n\n\t\t\t<figcaption class=\"wp-caption-text wp-caption-text--hide\">Ita\u00fasa (ITSA4) <\/figcaption>\n\t\t<\/figure>\n\t<\/div>\n\n\n\n<p>A reuni\u00e3o estava prevista para o pr\u00f3ximo dia 24 de abril e foi cancelada pelo Conselho de Administra\u00e7\u00e3o da <strong>Ita\u00fasa.<\/strong> A decis\u00e3o foi tomada em conformidade com o disposto na Medida Provis\u00f3ria n\u00ba 931\/20 e na Delibera\u00e7\u00e3o CVM n\u00ba 849\/20, que prorrogaram o prazo para a realiza\u00e7\u00e3o das Assembleias Gerais Ordin\u00e1rias (AGO).<\/p>\n<p>\u201cO conselho de administra\u00e7\u00e3o da companhia decidiu aguardar a edi\u00e7\u00e3o da instru\u00e7\u00e3o da <a href=\"https:\/\/www.suno.com.br\/artigos\/cvm\/\"><strong>Comiss\u00e3o de Valores Mobili\u00e1rios (CVM)<\/strong><\/a>, prevista para os pr\u00f3ximos dias, para ent\u00e3o deliberar sobre a nova data de realiza\u00e7\u00e3o da assembleia ora cancelada\u201d, informou a empresa.<\/p>\n<h2>Instru\u00e7\u00f5es da CVM<\/h2>\n<p>Devido \u00e0 situa\u00e7\u00e3o de exce\u00e7\u00e3o da pandemia do novo coronav\u00edrus (covid-19) , a CVM flexibilizou as regras para assembleias gerais. Dessa forma, em raz\u00e3o das medidas de isolamento social e das restri\u00e7\u00f5es \u00e0 circula\u00e7\u00e3o pessoas, a entidade publicou um documento estabelecendo orienta\u00e7\u00f5es para assembleias.<\/p>\n\t<p>\n\t\t<a href=\"https:\/\/lp.suno.com.br\/4-emissao-snel11\/\" target=\"_blank\" data-element=\"shortcode-suno-banner\" title=\"Banner SUNO, clique e saiba mais\">\n\t\t\t<picture>\n\t\t\t\t<source media=\"(max-width: 500px)\" srcset=\"https:\/\/files.sunoresearch.com.br\/n\/uploads\/2025\/07\/400x300-Mobile-Artigos-7.webp\">\n\t\t\t\t<img class=\"newsContent__article__imgCapa newsContent__article__imgCapa--banner\"\n\t\t\t\t\tsrc=\"https:\/\/files.sunoresearch.com.br\/n\/uploads\/2025\/07\/1420x240-Banner-Artigos-1-_-Banner-Materias-5.webp\"\n\t\t\t\t\tdata-promo-id=\"364417\"\t\t\t\t\t\t\t\t\t\twidth='1420' height='240'\t\t\t\t\talt=\"https:\/\/files.sunoresearch.com.br\/n\/uploads\/2025\/07\/1420x240-Banner-Artigos-1-_-Banner-Materias-5.webp\"\n\t\t\t\t>\n\t\t\t<\/picture>\n\t\t<\/a>\n\t<\/p>\n\n\n<p>A entidade fornece instru\u00e7\u00f5es para a realiza\u00e7\u00e3o de assembleias inteiramente por meios digitais. Desse modo, o Conselho de Administra\u00e7\u00e3o decidiu por aguardar a edi\u00e7\u00e3o da delibera\u00e7\u00e3o da CVM, para ent\u00e3o estabelecer um nova data para a Assembleia. As orienta\u00e7\u00f5es tem previs\u00e3o de serem divulgadas nos pr\u00f3ximos dias.<\/p>\n<p><a href=\"https:\/\/www.suno.com.br\/noticias\/itausa-registra-crescimento-lucro-2019\/\">Saiba mais: Ita\u00fasa (ITSA4) registra crescimento de 9,3% no lucro l\u00edquido em 2019<\/a><\/p>\n<p>A <strong>Ita\u00fasa<\/strong> comunicou que ir\u00e1 divulgar o novo edital de convoca\u00e7\u00e3o da Assembleia, assim como a documenta\u00e7\u00e3o referente \u00e0 reuni\u00e3o, ap\u00f3s a defini\u00e7\u00e3o da nova data. A holding detentora do Ita\u00fa Unibanco, Duratex e Alpargatas, refor\u00e7ou que manter\u00e1 os acionistas devidamente informados sobre as decis\u00f5es da companhia.<\/p>\n<h2>Ita\u00fasa registra alta de 9,3% no lucro l\u00edquido de 2019<\/h2>\n<p>No total do ano passado, a Ita\u00fasa registrou um crescimento do <a href=\"https:\/\/www.suno.com.br\/artigos\/lucro-liquido\/\"><strong>lucro l\u00edquido<\/strong><\/a> de 9,3%. Um valor que alcan\u00e7ou os R$ 10,3 bilh\u00f5es contra R$ 9,43 bilh\u00f5es. No \u00faltimo trimestre do ano esse crescimento foi de 37,6%, passando de R$ 2,5 bilh\u00f5es para R$ 3,4 bilh\u00f5es.<\/p>\n<p><a href=\"https:\/\/www.suno.com.br\/noticias\/itausa-registra-crescimento-lucro-2019\/\">Saiba mais: Ita\u00fasa (ITSA4) registra crescimento de 9,3% no lucro l\u00edquido em 2019<\/a><\/p>\n<p>No caso do <a href=\"https:\/\/www.suno.com.br\/artigos\/balanco-patrimonial\/\"><strong>balan\u00e7o patrimonial<\/strong><\/a> da <a href=\"https:\/\/www.suno.com.br\/artigos\/holding\/\"><strong>holding<\/strong><\/a>, os ativos totais da Ita\u00fasa registraram um crescimento de apenas 0,3%, passando de R$ 58,377 bilh\u00f5es em 2018 para R$ 58,571 bilh\u00f5es em 2019. Um crescimento parecido ao do patrim\u00f4nio l\u00edquido, que passou de R$ 55,143 bilh\u00f5es para R$ 55,232 bilh\u00f5es.<\/p>\n<p>Por sua vez, a capitaliza\u00e7\u00e3o de mercado da <strong>Ita\u00fasa<\/strong> cresceu 16,6%, passando de R$ 101,601 bilh\u00f5es para R$ 118,508 bilh\u00f5es.<\/p>\n\n","protected":false},"excerpt":{"rendered":"<p>A\u00a0Ita\u00fasa (ITSA4; ITSA3) anunciou o cancelamento de sua assembleia geral. A informa\u00e7\u00e3o foi divulgada nesta quarta-feira (8) por meio de fato relevante. Ita\u00fasa (ITSA4) A reuni\u00e3o estava prevista para o pr\u00f3ximo dia 24 de abril e foi cancelada pelo Conselho de Administra\u00e7\u00e3o da Ita\u00fasa. A decis\u00e3o foi tomada em conformidade com o disposto na Medida [&hellip;]<\/p>\n","protected":false},"author":35,"featured_media":24392,"comment_status":"closed","ping_status":"closed","sticky":false,"template":"","format":"standard","meta":[],"categories":[64],"tags":[17221,517,1607],"suno_strategy":[],"class_list":["post-60961","post","type-post","status-publish","format-standard","has-post-thumbnail","hentry","category-negocios","tag-assembleia-geral","tag-itausa-itsa3-itsa4","tag-resultado-das-empresas"],"yoast_head":"<!-- This site is optimized with the Yoast SEO plugin v24.4 - https:\/\/yoast.com\/wordpress\/plugins\/seo\/ -->\n<title>Ita\u00fasa (ITSA4) cancela assembleia geral em raz\u00e3o do coronav\u00edrus<\/title>\n<meta name=\"description\" content=\"A\u00a0Ita\u00fasa (ITSA4) anunciou o cancelamento de sua assembleia geral, prevista para o pr\u00f3ximo dia 24 de abril. Clique para saber mais\" \/>\n<meta name=\"robots\" content=\"index, follow, max-snippet:-1, max-image-preview:large, max-video-preview:-1\" \/>\n<link rel=\"canonical\" href=\"https:\/\/www.suno.com.br\/noticias\/itausa-cancela-assembleia-geral\/\" \/>\n<meta property=\"og:locale\" content=\"pt_BR\" \/>\n<meta property=\"og:type\" content=\"article\" \/>\n<meta property=\"og:title\" content=\"Ita\u00fasa (ITSA4) cancela assembleia geral em raz\u00e3o do coronav\u00edrus\" \/>\n<meta property=\"og:description\" content=\"A\u00a0Ita\u00fasa (ITSA4) anunciou o cancelamento de sua assembleia geral, prevista para o pr\u00f3ximo dia 24 de abril. Clique para saber mais\" \/>\n<meta property=\"og:url\" content=\"https:\/\/www.suno.com.br\/noticias\/itausa-cancela-assembleia-geral\/\" \/>\n<meta property=\"og:site_name\" content=\"Suno Not\u00edcias\" \/>\n<meta property=\"article:publisher\" content=\"https:\/\/facebook.com\/sunoresearch\" \/>\n<meta property=\"og:image\" content=\"https:\/\/files.sunoresearch.com.br\/n\/uploads\/2019\/05\/7744ecce-ita\u00fasa.jpg\" \/>\n\t<meta property=\"og:image:width\" content=\"939\" \/>\n\t<meta property=\"og:image:height\" content=\"500\" \/>\n\t<meta property=\"og:image:type\" content=\"image\/jpeg\" \/>\n<meta name=\"author\" content=\"Arthur Guimar\u00e3es\" \/>\n<meta name=\"twitter:card\" content=\"summary_large_image\" \/>\n<meta name=\"twitter:creator\" content=\"@sunoresearch\" \/>\n<meta name=\"twitter:site\" content=\"@sunoresearch\" \/>\n<meta name=\"twitter:label1\" content=\"Escrito por\" \/>\n\t<meta name=\"twitter:data1\" content=\"Arthur Guimar\u00e3es\" \/>\n\t<meta name=\"twitter:label2\" content=\"Est. tempo de leitura\" \/>\n\t<meta name=\"twitter:data2\" content=\"2 minutos\" \/>\n<script type=\"application\/ld+json\" class=\"yoast-schema-graph\">{\"@context\":\"https:\/\/schema.org\",\"@graph\":[{\"@type\":\"NewsArticle\",\"@id\":\"https:\/\/www.suno.com.br\/noticias\/itausa-cancela-assembleia-geral\/#article\",\"isPartOf\":{\"@id\":\"https:\/\/www.suno.com.br\/noticias\/itausa-cancela-assembleia-geral\/\"},\"author\":{\"name\":\"Arthur Guimar\u00e3es\",\"@id\":\"https:\/\/www.suno.com.br\/noticias\/#\/schema\/person\/053a750a709a263919a20f976caae91c\"},\"headline\":\"Ita\u00fasa (ITSA4) cancela assembleia geral em raz\u00e3o do coronav\u00edrus\",\"datePublished\":\"2020-04-08T23:56:05+00:00\",\"mainEntityOfPage\":{\"@id\":\"https:\/\/www.suno.com.br\/noticias\/itausa-cancela-assembleia-geral\/\"},\"wordCount\":467,\"publisher\":{\"@id\":\"https:\/\/www.suno.com.br\/noticias\/#organization\"},\"image\":{\"@id\":\"https:\/\/www.suno.com.br\/noticias\/itausa-cancela-assembleia-geral\/#primaryimage\"},\"thumbnailUrl\":\"https:\/\/files.sunoresearch.com.br\/n\/uploads\/2019\/05\/7744ecce-ita\u00fasa-jpg.webp\",\"keywords\":[\"Assembleia Geral\",\"Ita\u00fasa (ITSA3\/ITSA4)\",\"Resultado das empresas\"],\"articleSection\":[\"Neg\u00f3cios\"],\"inLanguage\":\"pt-BR\"},{\"@type\":\"WebPage\",\"@id\":\"https:\/\/www.suno.com.br\/noticias\/itausa-cancela-assembleia-geral\/\",\"url\":\"https:\/\/www.suno.com.br\/noticias\/itausa-cancela-assembleia-geral\/\",\"name\":\"Ita\u00fasa (ITSA4) cancela assembleia geral em raz\u00e3o do coronav\u00edrus\",\"isPartOf\":{\"@id\":\"https:\/\/www.suno.com.br\/noticias\/#website\"},\"primaryImageOfPage\":{\"@id\":\"https:\/\/www.suno.com.br\/noticias\/itausa-cancela-assembleia-geral\/#primaryimage\"},\"image\":{\"@id\":\"https:\/\/www.suno.com.br\/noticias\/itausa-cancela-assembleia-geral\/#primaryimage\"},\"thumbnailUrl\":\"https:\/\/files.sunoresearch.com.br\/n\/uploads\/2019\/05\/7744ecce-ita\u00fasa-jpg.webp\",\"datePublished\":\"2020-04-08T23:56:05+00:00\",\"description\":\"A\u00a0Ita\u00fasa (ITSA4) anunciou o cancelamento de sua assembleia geral, prevista para o pr\u00f3ximo dia 24 de abril. Clique para saber mais\",\"breadcrumb\":{\"@id\":\"https:\/\/www.suno.com.br\/noticias\/itausa-cancela-assembleia-geral\/#breadcrumb\"},\"inLanguage\":\"pt-BR\",\"potentialAction\":[{\"@type\":\"ReadAction\",\"target\":[\"https:\/\/www.suno.com.br\/noticias\/itausa-cancela-assembleia-geral\/\"]}]},{\"@type\":\"ImageObject\",\"inLanguage\":\"pt-BR\",\"@id\":\"https:\/\/www.suno.com.br\/noticias\/itausa-cancela-assembleia-geral\/#primaryimage\",\"url\":\"https:\/\/files.sunoresearch.com.br\/n\/uploads\/2019\/05\/7744ecce-ita\u00fasa-jpg.webp\",\"contentUrl\":\"https:\/\/files.sunoresearch.com.br\/n\/uploads\/2019\/05\/7744ecce-ita\u00fasa-jpg.webp\",\"width\":939,\"height\":500,\"caption\":\"Ita\u00fasa (ITSA4)\"},{\"@type\":\"BreadcrumbList\",\"@id\":\"https:\/\/www.suno.com.br\/noticias\/itausa-cancela-assembleia-geral\/#breadcrumb\",\"itemListElement\":[{\"@type\":\"ListItem\",\"position\":1,\"name\":\"Not\u00edcias\",\"item\":\"https:\/\/www.suno.com.br\/noticias\/\"},{\"@type\":\"ListItem\",\"position\":2,\"name\":\"Neg\u00f3cios\",\"item\":\"https:\/\/www.suno.com.br\/noticias\/negocios\/\"},{\"@type\":\"ListItem\",\"position\":3,\"name\":\"Ita\u00fasa (ITSA4) cancela assembleia geral em raz\u00e3o do coronav\u00edrus\"}]},{\"@type\":\"WebSite\",\"@id\":\"https:\/\/www.suno.com.br\/noticias\/#website\",\"url\":\"https:\/\/www.suno.com.br\/noticias\/\",\"name\":\"Suno Not\u00edcias\",\"description\":\"Seu portal de informa\u00e7\u00e3o sobre o mundo dos investimentos\",\"publisher\":{\"@id\":\"https:\/\/www.suno.com.br\/noticias\/#organization\"},\"potentialAction\":[{\"@type\":\"SearchAction\",\"target\":{\"@type\":\"EntryPoint\",\"urlTemplate\":\"https:\/\/www.suno.com.br\/noticias\/?s={search_term_string}\"},\"query-input\":{\"@type\":\"PropertyValueSpecification\",\"valueRequired\":true,\"valueName\":\"search_term_string\"}}],\"inLanguage\":\"pt-BR\"},{\"@type\":\"Organization\",\"@id\":\"https:\/\/www.suno.com.br\/noticias\/#organization\",\"name\":\"Suno Not\u00edcias\",\"url\":\"https:\/\/www.suno.com.br\/noticias\/\",\"logo\":{\"@type\":\"ImageObject\",\"inLanguage\":\"pt-BR\",\"@id\":\"https:\/\/www.suno.com.br\/noticias\/#\/schema\/logo\/image\/\",\"url\":\"https:\/\/files.sunoresearch.com.br\/n\/uploads\/2021\/09\/suno-logo.png\",\"contentUrl\":\"https:\/\/files.sunoresearch.com.br\/n\/uploads\/2021\/09\/suno-logo.png\",\"width\":180,\"height\":180,\"caption\":\"Suno Not\u00edcias\"},\"image\":{\"@id\":\"https:\/\/www.suno.com.br\/noticias\/#\/schema\/logo\/image\/\"},\"sameAs\":[\"https:\/\/facebook.com\/sunoresearch\",\"https:\/\/x.com\/sunoresearch\",\"https:\/\/www.instagram.com\/suno\",\"https:\/\/www.linkedin.com\/company\/suno-research\/\",\"https:\/\/www.youtube.com\/c\/sunoresearch\"]},{\"@type\":\"Person\",\"@id\":\"https:\/\/www.suno.com.br\/noticias\/#\/schema\/person\/053a750a709a263919a20f976caae91c\",\"name\":\"Arthur Guimar\u00e3es\",\"image\":{\"@type\":\"ImageObject\",\"inLanguage\":\"pt-BR\",\"@id\":\"https:\/\/www.suno.com.br\/noticias\/#\/schema\/person\/image\/\",\"url\":\"https:\/\/secure.gravatar.com\/avatar\/1affd86a11209ae09eb6dd3bcad3e96c?s=96&r=g\",\"contentUrl\":\"https:\/\/secure.gravatar.com\/avatar\/1affd86a11209ae09eb6dd3bcad3e96c?s=96&r=g\",\"caption\":\"Arthur Guimar\u00e3es\"},\"description\":\"Arthur Guimar\u00e3es escreve sobre pol\u00edtica, economia e neg\u00f3cios para o portal de not\u00edcias da Suno Research. Atualmente, \u00e9 estudante de jornalismo pela Faculdade C\u00e1sper L\u00edbero.\",\"url\":\"https:\/\/www.suno.com.br\/noticias\/author\/arthur-guimaraes\/\"}]}<\/script>\n<!-- \/ Yoast SEO plugin. -->","yoast_head_json":{"title":"Ita\u00fasa (ITSA4) cancela assembleia geral em raz\u00e3o do coronav\u00edrus","description":"A\u00a0Ita\u00fasa (ITSA4) anunciou o cancelamento de sua assembleia geral, prevista para o pr\u00f3ximo dia 24 de abril. Clique para saber mais","robots":{"index":"index","follow":"follow","max-snippet":"max-snippet:-1","max-image-preview":"max-image-preview:large","max-video-preview":"max-video-preview:-1"},"canonical":"https:\/\/www.suno.com.br\/noticias\/itausa-cancela-assembleia-geral\/","og_locale":"pt_BR","og_type":"article","og_title":"Ita\u00fasa (ITSA4) cancela assembleia geral em raz\u00e3o do coronav\u00edrus","og_description":"A\u00a0Ita\u00fasa (ITSA4) anunciou o cancelamento de sua assembleia geral, prevista para o pr\u00f3ximo dia 24 de abril. Clique para saber mais","og_url":"https:\/\/www.suno.com.br\/noticias\/itausa-cancela-assembleia-geral\/","og_site_name":"Suno Not\u00edcias","article_publisher":"https:\/\/facebook.com\/sunoresearch","og_image":[{"width":939,"height":500,"url":"https:\/\/files.sunoresearch.com.br\/n\/uploads\/2019\/05\/7744ecce-ita\u00fasa.jpg","type":"image\/jpeg"}],"author":"Arthur Guimar\u00e3es","twitter_card":"summary_large_image","twitter_creator":"@sunoresearch","twitter_site":"@sunoresearch","twitter_misc":{"Escrito por":"Arthur Guimar\u00e3es","Est. tempo de leitura":"2 minutos"},"schema":{"@context":"https:\/\/schema.org","@graph":[{"@type":"NewsArticle","@id":"https:\/\/www.suno.com.br\/noticias\/itausa-cancela-assembleia-geral\/#article","isPartOf":{"@id":"https:\/\/www.suno.com.br\/noticias\/itausa-cancela-assembleia-geral\/"},"author":{"name":"Arthur Guimar\u00e3es","@id":"https:\/\/www.suno.com.br\/noticias\/#\/schema\/person\/053a750a709a263919a20f976caae91c"},"headline":"Ita\u00fasa (ITSA4) cancela assembleia geral em raz\u00e3o do coronav\u00edrus","datePublished":"2020-04-08T23:56:05+00:00","mainEntityOfPage":{"@id":"https:\/\/www.suno.com.br\/noticias\/itausa-cancela-assembleia-geral\/"},"wordCount":467,"publisher":{"@id":"https:\/\/www.suno.com.br\/noticias\/#organization"},"image":{"@id":"https:\/\/www.suno.com.br\/noticias\/itausa-cancela-assembleia-geral\/#primaryimage"},"thumbnailUrl":"https:\/\/files.sunoresearch.com.br\/n\/uploads\/2019\/05\/7744ecce-ita\u00fasa-jpg.webp","keywords":["Assembleia Geral","Ita\u00fasa (ITSA3\/ITSA4)","Resultado das empresas"],"articleSection":["Neg\u00f3cios"],"inLanguage":"pt-BR"},{"@type":"WebPage","@id":"https:\/\/www.suno.com.br\/noticias\/itausa-cancela-assembleia-geral\/","url":"https:\/\/www.suno.com.br\/noticias\/itausa-cancela-assembleia-geral\/","name":"Ita\u00fasa (ITSA4) cancela assembleia geral em raz\u00e3o do coronav\u00edrus","isPartOf":{"@id":"https:\/\/www.suno.com.br\/noticias\/#website"},"primaryImageOfPage":{"@id":"https:\/\/www.suno.com.br\/noticias\/itausa-cancela-assembleia-geral\/#primaryimage"},"image":{"@id":"https:\/\/www.suno.com.br\/noticias\/itausa-cancela-assembleia-geral\/#primaryimage"},"thumbnailUrl":"https:\/\/files.sunoresearch.com.br\/n\/uploads\/2019\/05\/7744ecce-ita\u00fasa-jpg.webp","datePublished":"2020-04-08T23:56:05+00:00","description":"A\u00a0Ita\u00fasa (ITSA4) anunciou o cancelamento de sua assembleia geral, prevista para o pr\u00f3ximo dia 24 de abril. Clique para saber mais","breadcrumb":{"@id":"https:\/\/www.suno.com.br\/noticias\/itausa-cancela-assembleia-geral\/#breadcrumb"},"inLanguage":"pt-BR","potentialAction":[{"@type":"ReadAction","target":["https:\/\/www.suno.com.br\/noticias\/itausa-cancela-assembleia-geral\/"]}]},{"@type":"ImageObject","inLanguage":"pt-BR","@id":"https:\/\/www.suno.com.br\/noticias\/itausa-cancela-assembleia-geral\/#primaryimage","url":"https:\/\/files.sunoresearch.com.br\/n\/uploads\/2019\/05\/7744ecce-ita\u00fasa-jpg.webp","contentUrl":"https:\/\/files.sunoresearch.com.br\/n\/uploads\/2019\/05\/7744ecce-ita\u00fasa-jpg.webp","width":939,"height":500,"caption":"Ita\u00fasa (ITSA4)"},{"@type":"BreadcrumbList","@id":"https:\/\/www.suno.com.br\/noticias\/itausa-cancela-assembleia-geral\/#breadcrumb","itemListElement":[{"@type":"ListItem","position":1,"name":"Not\u00edcias","item":"https:\/\/www.suno.com.br\/noticias\/"},{"@type":"ListItem","position":2,"name":"Neg\u00f3cios","item":"https:\/\/www.suno.com.br\/noticias\/negocios\/"},{"@type":"ListItem","position":3,"name":"Ita\u00fasa (ITSA4) cancela assembleia geral em raz\u00e3o do coronav\u00edrus"}]},{"@type":"WebSite","@id":"https:\/\/www.suno.com.br\/noticias\/#website","url":"https:\/\/www.suno.com.br\/noticias\/","name":"Suno Not\u00edcias","description":"Seu portal de informa\u00e7\u00e3o sobre o mundo dos investimentos","publisher":{"@id":"https:\/\/www.suno.com.br\/noticias\/#organization"},"potentialAction":[{"@type":"SearchAction","target":{"@type":"EntryPoint","urlTemplate":"https:\/\/www.suno.com.br\/noticias\/?s={search_term_string}"},"query-input":{"@type":"PropertyValueSpecification","valueRequired":true,"valueName":"search_term_string"}}],"inLanguage":"pt-BR"},{"@type":"Organization","@id":"https:\/\/www.suno.com.br\/noticias\/#organization","name":"Suno Not\u00edcias","url":"https:\/\/www.suno.com.br\/noticias\/","logo":{"@type":"ImageObject","inLanguage":"pt-BR","@id":"https:\/\/www.suno.com.br\/noticias\/#\/schema\/logo\/image\/","url":"https:\/\/files.sunoresearch.com.br\/n\/uploads\/2021\/09\/suno-logo.png","contentUrl":"https:\/\/files.sunoresearch.com.br\/n\/uploads\/2021\/09\/suno-logo.png","width":180,"height":180,"caption":"Suno Not\u00edcias"},"image":{"@id":"https:\/\/www.suno.com.br\/noticias\/#\/schema\/logo\/image\/"},"sameAs":["https:\/\/facebook.com\/sunoresearch","https:\/\/x.com\/sunoresearch","https:\/\/www.instagram.com\/suno","https:\/\/www.linkedin.com\/company\/suno-research\/","https:\/\/www.youtube.com\/c\/sunoresearch"]},{"@type":"Person","@id":"https:\/\/www.suno.com.br\/noticias\/#\/schema\/person\/053a750a709a263919a20f976caae91c","name":"Arthur Guimar\u00e3es","image":{"@type":"ImageObject","inLanguage":"pt-BR","@id":"https:\/\/www.suno.com.br\/noticias\/#\/schema\/person\/image\/","url":"https:\/\/secure.gravatar.com\/avatar\/1affd86a11209ae09eb6dd3bcad3e96c?s=96&r=g","contentUrl":"https:\/\/secure.gravatar.com\/avatar\/1affd86a11209ae09eb6dd3bcad3e96c?s=96&r=g","caption":"Arthur Guimar\u00e3es"},"description":"Arthur Guimar\u00e3es escreve sobre pol\u00edtica, economia e neg\u00f3cios para o portal de not\u00edcias da Suno Research. Atualmente, \u00e9 estudante de jornalismo pela Faculdade C\u00e1sper L\u00edbero.","url":"https:\/\/www.suno.com.br\/noticias\/author\/arthur-guimaraes\/"}]}},"default_loop_html":"<div class=\"cardsPage__listCard__boxs\"><div class=\"cardsPage__listCard__boxs__img\"><a href=\"https:\/\/www.suno.com.br\/noticias\/itausa-cancela-assembleia-geral\/\"><img class=\"mask\" src=\"https:\/\/www.suno.com.br\/noticias\/wp-content\/themes\/suno\/resources\/images\/spotlight\/spotlight1img\/bg-mask.png\" alt=\"Image Mask\"\/><img src=\"https:\/\/files.sunoresearch.com.br\/n\/uploads\/2019\/05\/7744ecce-ita\u00fasa-400x200.webp\" alt=\"Ita\u00fasa (ITSA4) cancela assembleia geral em raz\u00e3o do coronav\u00edrus\"\/><\/a><span class=\"spotlightCategory\"><a href=\"https:\/\/www.suno.com.br\/noticias\/negocios\/\">Neg\u00f3cios<\/a><\/span><\/div><div class=\"cardsPage__listCard__boxs__content\"><a href=\"https:\/\/www.suno.com.br\/noticias\/itausa-cancela-assembleia-geral\/\"><h2 class=\"content__title\">Ita\u00fasa (ITSA4) cancela assembleia geral em raz\u00e3o do coronav\u00edrus<\/h2><\/a><div class=\"newsContent__article__meta\"><div class=\"newsContent__article__meta__authorBox\"><a href=\"https:\/\/www.suno.com.br\/noticias\/author\/arthur-guimaraes\/\" class=\"authorBox__avatar noMobi\"><img src=\"https:\/\/files.sunoresearch.com.br\/n\/uploads\/2020\/02\/dfb40897-eu-150x150.webp\" alt=\"Arthur Guimar\u00e3es\"><\/a><div class=\"authorBox__name\"><span>por\n\t\t\t<a href=\"https:\/\/www.suno.com.br\/noticias\/author\/arthur-guimaraes\/\"><span itemprop=\"author\">Arthur Guimar\u00e3es<\/span><\/a><\/span><time datetime=\"2020-04-08T20:56:05-03:00\" itemprop=\"datePublished\">08\/04\/2020 20:56<\/time><\/div><\/div><\/div><\/div><\/div>","single_layout":"posts","amp_enabled":true,"_links":{"self":[{"href":"https:\/\/www.suno.com.br\/noticias\/wp-json\/wp\/v2\/posts\/60961"}],"collection":[{"href":"https:\/\/www.suno.com.br\/noticias\/wp-json\/wp\/v2\/posts"}],"about":[{"href":"https:\/\/www.suno.com.br\/noticias\/wp-json\/wp\/v2\/types\/post"}],"author":[{"embeddable":true,"href":"https:\/\/www.suno.com.br\/noticias\/wp-json\/wp\/v2\/users\/35"}],"replies":[{"embeddable":true,"href":"https:\/\/www.suno.com.br\/noticias\/wp-json\/wp\/v2\/comments?post=60961"}],"version-history":[{"count":0,"href":"https:\/\/www.suno.com.br\/noticias\/wp-json\/wp\/v2\/posts\/60961\/revisions"}],"wp:featuredmedia":[{"embeddable":true,"href":"https:\/\/www.suno.com.br\/noticias\/wp-json\/wp\/v2\/media\/24392"}],"wp:attachment":[{"href":"https:\/\/www.suno.com.br\/noticias\/wp-json\/wp\/v2\/media?parent=60961"}],"wp:term":[{"taxonomy":"category","embeddable":true,"href":"https:\/\/www.suno.com.br\/noticias\/wp-json\/wp\/v2\/categories?post=60961"},{"taxonomy":"post_tag","embeddable":true,"href":"https:\/\/www.suno.com.br\/noticias\/wp-json\/wp\/v2\/tags?post=60961"},{"taxonomy":"suno_strategy","embeddable":true,"href":"https:\/\/www.suno.com.br\/noticias\/wp-json\/wp\/v2\/suno_strategy?post=60961"}],"curies":[{"name":"wp","href":"https:\/\/api.w.org\/{rel}","templated":true}]}}