{"id":609399,"date":"2025-06-12T00:52:15","date_gmt":"2025-06-12T03:52:15","guid":{"rendered":"https:\/\/www.suno.com.br\/noticias\/?p=609399"},"modified":"2025-06-12T12:04:51","modified_gmt":"2025-06-12T15:04:51","slug":"iof-governo-anuncia-medidas-alternativas-veja-o-que-muda","status":"publish","type":"post","link":"https:\/\/www.suno.com.br\/noticias\/iof-governo-anuncia-medidas-alternativas-veja-o-que-muda\/","title":{"rendered":"Tributa\u00e7\u00e3o de dividendos de FIIs e Fiagros; veja o que vai mudar no IR dos investimentos"},"content":{"rendered":"<p class=\"has-text-align-left\">O governo federal publicou, na noite desta quarta-feira (11), um conjunto de medidas relacionadas a ajustar o decreto que previa aumento do Imposto sobre Opera\u00e7\u00f5es Financeiras (IOF). As mudan\u00e7as foram realizadas via decreto e Medida Provis\u00f3ria, que reformam a tributa\u00e7\u00e3o de investimento, unificando as al\u00edquotas de Imposto de Renda (IR) em 17,5% para aplica\u00e7\u00f5es de renda fixa e vari\u00e1vel e acabando com a isen\u00e7\u00e3o de t\u00edtulos como LCI, LCA, CRI e CRA e dividendos de <strong>FIIs e Fiagros<\/strong>, que agora pagar\u00e3o 5% de IR.<\/p>\t<div class=\"wrapper-featured-image\">\n\t\t<figure class=\"spotlightImg\">\n\n\t\t\t<picture>\n\t\t\t\t<source media=\"(max-width: 768px)\" srcset=\"https:\/\/files.sunoresearch.com.br\/n\/uploads\/2025\/06\/FIIs-captacao-emissoes-5-400x200.jpg\">\n\t\t\t\t<img loading=\"lazy\" decoding=\"async\" class=\"newsContent__article__imgCapa lazyloadDisabled \" src=\"https:\/\/files.sunoresearch.com.br\/n\/uploads\/2025\/06\/FIIs-captacao-emissoes-5-800x450.jpg\" width=\"800\" height=\"450\" alt=\"Tributa\u00e7\u00e3o de dividendos de FIIs e Fiagros; veja o que vai mudar no IR dos investimentos\" fetchpriority=high \/>\n\t\t\t<\/picture>\n\n\t\t\t<figcaption class=\"wp-caption-text wp-caption-text--show\">RBRP11 j\u00e1 divulgou quanto vai pagar de dividendos em agosto. Foto: iStock<\/figcaption>\n\t\t<\/figure>\n\t<\/div>\n\n\n<p class=\"has-text-align-left\">O governo federal publicou, na noite desta quarta-feira (11), um conjunto de medidas relacionadas a ajustar o decreto que previa aumento do Imposto sobre Opera\u00e7\u00f5es Financeiras (IOF). As mudan\u00e7as foram realizadas via decreto e Medida Provis\u00f3ria, que reformam a tributa\u00e7\u00e3o de investimento, unificando as al\u00edquotas de Imposto de Renda (IR) em 17,5% para aplica\u00e7\u00f5es de renda fixa e vari\u00e1vel e acabando com a isen\u00e7\u00e3o de t\u00edtulos como LCI, LCA, CRI e CRA e dividendos de <strong>FIIs e Fiagros<\/strong>, que agora pagar\u00e3o 5% de IR.<\/p>\n\n\n\n<figure class=\"wp-block-embed is-type-video is-provider-youtube wp-block-embed-youtube wp-embed-aspect-16-9 wp-has-aspect-ratio\"><div class=\"wp-block-embed__wrapper\">\n<iframe loading=\"lazy\" title=\"NOVA MP QUER TAXAR FIIS EM 5%: O que fazer com os seus investimentos diante dos\u00a0novos\u00a0fatos?\" width=\"1080\" height=\"608\" src=\"https:\/\/www.youtube.com\/embed\/XeZYaVLRKQM?feature=oembed\" frameborder=\"0\" allow=\"accelerometer; autoplay; clipboard-write; encrypted-media; gyroscope; picture-in-picture; web-share\" referrerpolicy=\"strict-origin-when-cross-origin\" allowfullscreen><\/iframe>\n<\/div><\/figure>\n\n\n\n<p class=\"has-text-align-left\">As mudan\u00e7as s\u00f3 come\u00e7am a valer a partir de 2026, a menos que sejam recha\u00e7adas pelo Congresso ou \u201ccaduquem\u201d no prazo de 120 dias. Veja como a proposta impacta cada tipo de investimento:<\/p>\n\n\n\t<p>\n\t\t<a href=\"https:\/\/lp.suno.com.br\/planilha-da-vida-financeira\/\" target=\"_blank\" data-element=\"shortcode-suno-banner\" title=\"Banner SUNO, clique e saiba mais\">\n\t\t\t<picture>\n\t\t\t\t<source media=\"(max-width: 500px)\" srcset=\"https:\/\/files.sunoresearch.com.br\/n\/uploads\/2023\/04\/400x300-Planilha-vida-financeira-true.png\">\n\t\t\t\t<img class=\"newsContent__article__imgCapa newsContent__article__imgCapa--banner\"\n\t\t\t\t\tsrc=\"https:\/\/files.sunoresearch.com.br\/n\/uploads\/2023\/04\/1420x240-Planilha-vida-financeira-true.png\"\n\t\t\t\t\tdata-promo-id=\"383123\"\t\t\t\t\t\t\t\t\t\twidth='1420' height='240'\t\t\t\t\talt=\"https:\/\/files.sunoresearch.com.br\/n\/uploads\/2023\/04\/1420x240-Planilha-vida-financeira-true.png\"\n\t\t\t\t>\n\t\t\t<\/picture>\n\t\t<\/a>\n\t<\/p>\n\n\n\n\n\n\n\n\n\n<p>Uma das principais mudan\u00e7as \u00e9 a ado\u00e7\u00e3o de uma al\u00edquota de 5% de Imposto de Renda sobre&nbsp;t\u00edtulos de renda fixa que eram isentos de tributa\u00e7\u00e3o e servem para financiar o agroneg\u00f3cio, o mercado imobili\u00e1rio&nbsp;e o setor de infraestrutura. S\u00e3o eles:<\/p>\n\n\n\n<ul class=\"wp-block-list\">\n<li>Certificados de Receb\u00edveis do Agroneg\u00f3cio (CRA);<\/li>\n\n\n\n<li>Certificados de Receb\u00edveis Imobili\u00e1rios (CRI);<\/li>\n\n\n\n<li>Deb\u00eantures incentivadas;<\/li>\n\n\n\n<li>Letra de Cr\u00e9dito do Agroneg\u00f3cio (LCA);<\/li>\n\n\n\n<li>Letra de Cr\u00e9dito Imobili\u00e1rio (LCI).<\/li>\n<\/ul>\n\n\n\n<p>Outra medida \u00e9 o fim da al\u00edquota fixa do risco sacado. Fica apenas a di\u00e1ria, de 0,0082%, o que significa redu\u00e7\u00e3o de 80% na tributa\u00e7\u00e3o, segundo o governo.<\/p>\n\n\n\n<h2 class=\"wp-block-heading\" id=\"h-fiis-e-fiagros\">FIIs e Fiagros<\/h2>\n\n\n\n<p>Hoje, FIIs e Fiagros s\u00e3o isentos de IR sobre os dividendos distribu\u00eddos aos cotistas, desde que sigam alguns requisitos, como ter mais de 50 cotistas e negocia\u00e7\u00e3o em bolsa. Com a mudan\u00e7a, os investidores ter\u00e3o de pagar 5% sobre os proventos pagos a partir de 2026. J\u00e1 os t\u00edtulos mantidos por fundos de papel, como CRIs e CRAs, ficam isentos do tributo.<\/p>\n\n\n\n<ul class=\"wp-block-list\">\n<li>Atual: isen\u00e7\u00e3o sobre dividendos e 20% sobre ganho de capital<\/li>\n\n\n\n<li>Depois da MP: 5% de IR sobre dividendos e 17,5% sobre ganhos de capital, a partir de 2026<\/li>\n<\/ul>\n\n\n\n<h2 class=\"wp-block-heading\" id=\"h-fi-infra\">FI-Infra<\/h2>\n\n\n\n<p>Os fundos de infraestrutura (FI-Infra) hoje s\u00e3o isentos na distribui\u00e7\u00e3o de proventos e no ganho de capital com a venda da cota. A MP n\u00e3o menciona esses fundos especificamente, mas diz que ativos ligados a projetos de infraestrutura (incluindo rendimentos auferidos por meio de fundos), seguem a mesma regra dos demais t\u00edtulos isentos. Ou seja, com a aplica\u00e7\u00e3o de 5% de IR sobre a negocia\u00e7\u00e3o de cotas e dividendos.<\/p>\n\n\n\n<ul class=\"wp-block-list\">\n<li>Atual: isen\u00e7\u00e3o total de IR para pessoa f\u00edsica, no dividendo e na cota<\/li>\n\n\n\n<li>Depois da MP: 5% de IR sobre dividendos e ganhos de capital a partir de 2026<\/li>\n<\/ul>\n\n\n\n<h2 class=\"wp-block-heading\" id=\"h-cdbs-tesouro-direto-e-debentures\">Renda fixa<\/h2>\n\n\n\n<p>A MP implementa uma al\u00edquota \u00fanica de 17,5% para investimentos em renda fixa, como CDBs, Tesouro Direto e deb\u00eantures. Hoje, elas s\u00e3o tributadas conforme o prazo de aplica\u00e7\u00e3o, com uma al\u00edquota regressiva que vai de 22,5% (at\u00e9 180 dias) at\u00e9 15% (acima de 720 dias), mas com a mudan\u00e7a, s\u00e3o tributadas independente do prazo de vencimento.<\/p>\n\n\n\n<p>Os fundos de renda fixa e multimercados tamb\u00e9m devem ter a tributa\u00e7\u00e3o unificada em 17,5%, em vez do sistema de al\u00edquotas regressivas.<\/p>\n\n\n\n<h2 class=\"wp-block-heading\">A\u00e7\u00f5es e Fundos de investimentos em a\u00e7\u00f5es<\/h2>\n\n\n\n<p>A proposta para a tributa\u00e7\u00e3o de lucros obtidos com a\u00e7\u00f5es \u00e9 unificar a cobran\u00e7a para 17,5% para todos os ganhos, em vez do formato atual, que tributa 15% em opera\u00e7\u00f5es comuns e 20% para day trade.<\/p>\n\n\n\n<p>Ainda n\u00e3o se sabe se a isen\u00e7\u00e3o para negocia\u00e7\u00f5es abaixo de R$ 20 mil por m\u00eas ser\u00e1 ou n\u00e3o mantida. N\u00e3o h\u00e1 informa\u00e7\u00f5es sobre tributa\u00e7\u00e3o de dividendos, mas o governo confirmou que vai propor aumento o IIR retido no pagamento de Juros sobre o Capital Pr\u00f3prio (JCP), que seria alterado de 15% para 20%.<\/p>\n\n\n\n<h2 class=\"wp-block-heading\" id=\"h-criptomoedas\">Criptomoedas<\/h2>\n\n\n\n<p>A MP do governo deve acabar com a isen\u00e7\u00e3o para ativos digitais de forma geral, criando uma cobran\u00e7a de 17,5% sobre ganho de capital em todas as opera\u00e7\u00f5es. Hoje em dia, investidores de criptomoedas s\u00e3o isentos para ganho de capital de at\u00e9 R$ 35 mil por m\u00eas. <\/p>\n\n\n\n<h2 class=\"wp-block-heading\">IOF sobre planos de previd\u00eancia: o que muda?<\/h2>\n\n\n\n<p>No caso dos planos de <a class=\"suno-keyword\" target=\"_blank\" data-force=\"no\" data-priority=\"2\" href=\"https:\/\/www.suno.com.br\/artigos\/previdencia-privada\/\" rel=\"noopener\">previd\u00eancia privada<\/a> no formato VGBL, o IOF sobre nos aportes passa a incidir, at\u00e9 o fim deste ano, somente sobre o valor que exceder R$ 300 mil.&nbsp;Fica flexibilizada a exig\u00eancia de verifica\u00e7\u00e3o global dos aportes em diferentes entidades, para evitar problemas operacionais nas entidades seguradoras.&nbsp;<\/p>\n\n\n\t<p>\n\t\t<a href=\"\" target=\"_blank\" data-element=\"shortcode-suno-banner\" title=\"Banner SUNO, clique e saiba mais\">\n\t\t\t<picture>\n\t\t\t\t<source media=\"(max-width: 500px)\" srcset=\"\">\n\t\t\t\t<img class=\"newsContent__article__imgCapa newsContent__article__imgCapa--banner\"\n\t\t\t\t\tsrc=\"\"\n\t\t\t\t\tdata-promo-id=\"240038\"\t\t\t\t\t\t\t\t\t\t\t\t\t\t\talt=\"\"\n\t\t\t\t>\n\t\t\t<\/picture>\n\t\t<\/a>\n\t<\/p>\n\n\n\n\n\n<p>A partir de 1\u00ba de janeiro do ano que vem, o IOF nos aportes em VGBL passa a incidir sobre o valor que exceder R$ 600 mil. As contribui\u00e7\u00f5es patronais passam a ser isentas de IOF.&nbsp;<\/p>\n\n\n\n<p>O governo tamb\u00e9m optou por adotar uma al\u00edquota \u00fanica de 17,5% de Imposto de Renda sobre os rendimentos de aplica\u00e7\u00f5es. <\/p>\n\n\n\n<p>Como Haddad havia antecipado desde o in\u00edcio desta semana, a tributa\u00e7\u00e3o sobre o faturamento das bets (apostas esportivas) ser\u00e1 elevada de 12% para 18%. N\u00e3o h\u00e1 mudan\u00e7a para os pr\u00eamios pagos ao apostador e para o Imposto de Renda e a <a class=\"suno-keyword\" target=\"_blank\" data-force=\"no\" data-priority=\"2\" href=\"https:\/\/www.suno.com.br\/artigos\/csll\/\" rel=\"noopener\">Contribui\u00e7\u00e3o Social sobre o Lucro L\u00edquido (CSLL)<\/a> que s\u00e3o cobrados das empresas.&nbsp;<\/p>\n\n\n\n<p>Outras medidas incluem a inser\u00e7\u00e3o&nbsp;do programa P\u00e9-de-Meia no piso constitucional da educa\u00e7\u00e3o; mudan\u00e7a nas regras do Atestmed (servi\u00e7o digital do INSS para solicita\u00e7\u00e3o de benef\u00edcios por incapacidade tempor\u00e1ria), sujei\u00e7\u00e3o \u00e0 dota\u00e7\u00e3o or\u00e7ament\u00e1ria da compensa\u00e7\u00e3o financeira entre o Regime Geral de Previd\u00eancia Social e os regimes de previd\u00eancia dos servidores p\u00fablicos; em rela\u00e7\u00e3o ao Seguro Defeso, ajustes nos crit\u00e9rios de acesso e sujei\u00e7\u00e3o \u00e0 dota\u00e7\u00e3o or\u00e7ament\u00e1ria<\/p>\n\n\n\n<p>O governo havia anunciado os aumentos iniciais do IOF com a inten\u00e7\u00e3o de arrecadar mais R$ 20 bilh\u00f5es neste ano, no mesmo dia em que informou um bloqueio e um contingenciamento do Or\u00e7amento de cerca de R$ 30 bilh\u00f5es. As duas medidas tinham o objetivo de levar as contas p\u00fablicas ao cumprimento da <a class=\"suno-keyword\" target=\"_blank\" data-force=\"no\" data-priority=\"1\" href=\"https:\/\/www.suno.com.br\/artigos\/meta-fiscal\/\" rel=\"noopener\">meta fiscal<\/a> deste ano, de acordo com a lei do arcabou\u00e7o fiscal. <\/p>\n\n\n\n<p>A medida, no entanto, sofreu resist\u00eancia do mercado financeiro e do Congresso Nacional, o que levou o governo a&nbsp;negociar uma MP alternativa&nbsp;ao decreto do <strong>IOF<\/strong>.&nbsp;Sem essa alternativa, segundo o Minist\u00e9rio da Fazenda, o governo teria que contingenciar mais gastos federais neste ano, o que impactaria ainda mais o funcionamento da m\u00e1quina p\u00fablica, atingindo as emendas parlamentares propostas por deputados e senadores.<\/p>\n\n\n\n<p class=\"newsProviderSignature\"><em>Com Ag\u00eancia Brasil<\/em><\/p>\n\n\n\t<p>\n\t\t<a href=\"https:\/\/lp.suno.com.br\/ebook-gratuito-investindo-no-exterior\/\" target=\"_blank\" data-element=\"shortcode-suno-banner\" title=\"Banner SUNO, clique e saiba mais\">\n\t\t\t<picture>\n\t\t\t\t<source media=\"(max-width: 500px)\" srcset=\"https:\/\/files.sunoresearch.com.br\/n\/uploads\/2023\/03\/400x300-Investindo-no-exterior.png\">\n\t\t\t\t<img class=\"newsContent__article__imgCapa newsContent__article__imgCapa--banner\"\n\t\t\t\t\tsrc=\"https:\/\/files.sunoresearch.com.br\/n\/uploads\/2023\/03\/1420x240-Investindo-no-exterior.png\"\n\t\t\t\t\tdata-promo-id=\"383161\"\t\t\t\t\t\t\t\t\t\twidth='1420' height='240'\t\t\t\t\talt=\"https:\/\/files.sunoresearch.com.br\/n\/uploads\/2023\/03\/1420x240-Investindo-no-exterior.png\"\n\t\t\t\t>\n\t\t\t<\/picture>\n\t\t<\/a>\n\t<\/p>\n\n\n","protected":false},"excerpt":{"rendered":"<p>O governo federal publicou, na noite desta quarta-feira (11), um conjunto de medidas relacionadas a ajustar o decreto que previa aumento do Imposto sobre Opera\u00e7\u00f5es Financeiras (IOF). As mudan\u00e7as foram realizadas via decreto e Medida Provis\u00f3ria, que reformam a tributa\u00e7\u00e3o de investimento, unificando as al\u00edquotas de Imposto de Renda (IR) em 17,5% para aplica\u00e7\u00f5es de [&hellip;]<\/p>\n","protected":false},"author":43,"featured_media":609402,"comment_status":"closed","ping_status":"closed","sticky":false,"template":"","format":"standard","meta":[],"categories":[62],"tags":[303,704],"suno_strategy":[],"class_list":["post-609399","post","type-post","status-publish","format-standard","has-post-thumbnail","hentry","category-economia","tag-imposto-de-renda","tag-impostos"],"yoast_head":"<!-- This site is optimized with the Yoast SEO plugin v24.4 - https:\/\/yoast.com\/wordpress\/plugins\/seo\/ -->\n<title>Veja o que vai mudar no IR dos investimentos<\/title>\n<meta name=\"description\" content=\"Governo federal publicou, na noite desta quarta-feira (11), medidas para ajustar o decreto que previa aumento do IOF.\" \/>\n<meta name=\"robots\" content=\"index, follow, max-snippet:-1, max-image-preview:large, max-video-preview:-1\" \/>\n<link rel=\"canonical\" href=\"https:\/\/www.suno.com.br\/noticias\/iof-governo-anuncia-medidas-alternativas-veja-o-que-muda\/\" \/>\n<meta property=\"og:locale\" content=\"pt_BR\" \/>\n<meta property=\"og:type\" content=\"article\" \/>\n<meta property=\"og:title\" content=\"Veja o que vai mudar no IR dos investimentos\" \/>\n<meta property=\"og:description\" content=\"Governo federal publicou, na noite desta quarta-feira (11), medidas para ajustar o decreto que previa aumento do IOF.\" \/>\n<meta property=\"og:url\" content=\"https:\/\/www.suno.com.br\/noticias\/iof-governo-anuncia-medidas-alternativas-veja-o-que-muda\/\" \/>\n<meta property=\"og:site_name\" content=\"Suno Not\u00edcias\" \/>\n<meta property=\"article:publisher\" content=\"https:\/\/facebook.com\/sunoresearch\" \/>\n<meta property=\"article:author\" content=\"https:\/\/www.facebook.com\/sunonoticias\/\" \/>\n<meta property=\"og:image\" content=\"https:\/\/files.sunoresearch.com.br\/n\/uploads\/2025\/06\/FIIs-captacao-emissoes-5.jpg\" \/>\n\t<meta property=\"og:image:width\" content=\"1365\" \/>\n\t<meta property=\"og:image:height\" content=\"768\" \/>\n\t<meta property=\"og:image:type\" content=\"image\/jpeg\" \/>\n<meta name=\"author\" content=\"Reda\u00e7\u00e3o Suno Not\u00edcias\" \/>\n<meta name=\"twitter:card\" content=\"summary_large_image\" \/>\n<meta name=\"twitter:creator\" content=\"@https:\/\/twitter.com\/sunoresearch\" \/>\n<meta name=\"twitter:site\" content=\"@sunoresearch\" \/>\n<meta name=\"twitter:label1\" content=\"Escrito por\" \/>\n\t<meta name=\"twitter:data1\" content=\"Reda\u00e7\u00e3o Suno Not\u00edcias\" \/>\n\t<meta name=\"twitter:label2\" content=\"Est. tempo de leitura\" \/>\n\t<meta name=\"twitter:data2\" content=\"6 minutos\" \/>\n<script type=\"application\/ld+json\" class=\"yoast-schema-graph\">{\"@context\":\"https:\/\/schema.org\",\"@graph\":[{\"@type\":\"NewsArticle\",\"@id\":\"https:\/\/www.suno.com.br\/noticias\/iof-governo-anuncia-medidas-alternativas-veja-o-que-muda\/#article\",\"isPartOf\":{\"@id\":\"https:\/\/www.suno.com.br\/noticias\/iof-governo-anuncia-medidas-alternativas-veja-o-que-muda\/\"},\"author\":{\"name\":\"Reda\u00e7\u00e3o Suno Not\u00edcias\",\"@id\":\"https:\/\/www.suno.com.br\/noticias\/#\/schema\/person\/c1b1bd3727fa852bd045e9dbff3673ea\"},\"headline\":\"Tributa\u00e7\u00e3o de dividendos de FIIs e Fiagros; veja o que vai mudar no IR dos investimentos\",\"datePublished\":\"2025-06-12T03:52:15+00:00\",\"dateModified\":\"2025-06-12T15:04:51+00:00\",\"mainEntityOfPage\":{\"@id\":\"https:\/\/www.suno.com.br\/noticias\/iof-governo-anuncia-medidas-alternativas-veja-o-que-muda\/\"},\"wordCount\":1187,\"publisher\":{\"@id\":\"https:\/\/www.suno.com.br\/noticias\/#organization\"},\"image\":{\"@id\":\"https:\/\/www.suno.com.br\/noticias\/iof-governo-anuncia-medidas-alternativas-veja-o-que-muda\/#primaryimage\"},\"thumbnailUrl\":\"https:\/\/files.sunoresearch.com.br\/n\/uploads\/2025\/06\/FIIs-captacao-emissoes-5.jpg\",\"keywords\":[\"Imposto de Renda\",\"impostos\"],\"articleSection\":[\"Economia\"],\"inLanguage\":\"pt-BR\"},{\"@type\":\"WebPage\",\"@id\":\"https:\/\/www.suno.com.br\/noticias\/iof-governo-anuncia-medidas-alternativas-veja-o-que-muda\/\",\"url\":\"https:\/\/www.suno.com.br\/noticias\/iof-governo-anuncia-medidas-alternativas-veja-o-que-muda\/\",\"name\":\"Veja o que vai mudar no IR dos investimentos\",\"isPartOf\":{\"@id\":\"https:\/\/www.suno.com.br\/noticias\/#website\"},\"primaryImageOfPage\":{\"@id\":\"https:\/\/www.suno.com.br\/noticias\/iof-governo-anuncia-medidas-alternativas-veja-o-que-muda\/#primaryimage\"},\"image\":{\"@id\":\"https:\/\/www.suno.com.br\/noticias\/iof-governo-anuncia-medidas-alternativas-veja-o-que-muda\/#primaryimage\"},\"thumbnailUrl\":\"https:\/\/files.sunoresearch.com.br\/n\/uploads\/2025\/06\/FIIs-captacao-emissoes-5.jpg\",\"datePublished\":\"2025-06-12T03:52:15+00:00\",\"dateModified\":\"2025-06-12T15:04:51+00:00\",\"description\":\"Governo federal publicou, na noite desta quarta-feira (11), medidas para ajustar o decreto que previa aumento do IOF.\",\"breadcrumb\":{\"@id\":\"https:\/\/www.suno.com.br\/noticias\/iof-governo-anuncia-medidas-alternativas-veja-o-que-muda\/#breadcrumb\"},\"inLanguage\":\"pt-BR\",\"potentialAction\":[{\"@type\":\"ReadAction\",\"target\":[\"https:\/\/www.suno.com.br\/noticias\/iof-governo-anuncia-medidas-alternativas-veja-o-que-muda\/\"]}]},{\"@type\":\"ImageObject\",\"inLanguage\":\"pt-BR\",\"@id\":\"https:\/\/www.suno.com.br\/noticias\/iof-governo-anuncia-medidas-alternativas-veja-o-que-muda\/#primaryimage\",\"url\":\"https:\/\/files.sunoresearch.com.br\/n\/uploads\/2025\/06\/FIIs-captacao-emissoes-5.jpg\",\"contentUrl\":\"https:\/\/files.sunoresearch.com.br\/n\/uploads\/2025\/06\/FIIs-captacao-emissoes-5.jpg\",\"width\":1365,\"height\":768,\"caption\":\"RBRP11 j\u00e1 divulgou quanto vai pagar de dividendos em agosto. Foto: iStock\"},{\"@type\":\"BreadcrumbList\",\"@id\":\"https:\/\/www.suno.com.br\/noticias\/iof-governo-anuncia-medidas-alternativas-veja-o-que-muda\/#breadcrumb\",\"itemListElement\":[{\"@type\":\"ListItem\",\"position\":1,\"name\":\"Not\u00edcias\",\"item\":\"https:\/\/www.suno.com.br\/noticias\/\"},{\"@type\":\"ListItem\",\"position\":2,\"name\":\"Economia\",\"item\":\"https:\/\/www.suno.com.br\/noticias\/economia\/\"},{\"@type\":\"ListItem\",\"position\":3,\"name\":\"Tributa\u00e7\u00e3o de dividendos de FIIs e Fiagros; veja o que vai mudar no IR dos investimentos\"}]},{\"@type\":\"WebSite\",\"@id\":\"https:\/\/www.suno.com.br\/noticias\/#website\",\"url\":\"https:\/\/www.suno.com.br\/noticias\/\",\"name\":\"Suno Not\u00edcias\",\"description\":\"Seu portal de informa\u00e7\u00e3o sobre o mundo dos investimentos\",\"publisher\":{\"@id\":\"https:\/\/www.suno.com.br\/noticias\/#organization\"},\"potentialAction\":[{\"@type\":\"SearchAction\",\"target\":{\"@type\":\"EntryPoint\",\"urlTemplate\":\"https:\/\/www.suno.com.br\/noticias\/?s={search_term_string}\"},\"query-input\":{\"@type\":\"PropertyValueSpecification\",\"valueRequired\":true,\"valueName\":\"search_term_string\"}}],\"inLanguage\":\"pt-BR\"},{\"@type\":\"Organization\",\"@id\":\"https:\/\/www.suno.com.br\/noticias\/#organization\",\"name\":\"Suno Not\u00edcias\",\"url\":\"https:\/\/www.suno.com.br\/noticias\/\",\"logo\":{\"@type\":\"ImageObject\",\"inLanguage\":\"pt-BR\",\"@id\":\"https:\/\/www.suno.com.br\/noticias\/#\/schema\/logo\/image\/\",\"url\":\"https:\/\/files.sunoresearch.com.br\/n\/uploads\/2021\/09\/suno-logo.png\",\"contentUrl\":\"https:\/\/files.sunoresearch.com.br\/n\/uploads\/2021\/09\/suno-logo.png\",\"width\":180,\"height\":180,\"caption\":\"Suno Not\u00edcias\"},\"image\":{\"@id\":\"https:\/\/www.suno.com.br\/noticias\/#\/schema\/logo\/image\/\"},\"sameAs\":[\"https:\/\/facebook.com\/sunoresearch\",\"https:\/\/x.com\/sunoresearch\",\"https:\/\/www.instagram.com\/suno\",\"https:\/\/www.linkedin.com\/company\/suno-research\/\",\"https:\/\/www.youtube.com\/c\/sunoresearch\"]},{\"@type\":\"Person\",\"@id\":\"https:\/\/www.suno.com.br\/noticias\/#\/schema\/person\/c1b1bd3727fa852bd045e9dbff3673ea\",\"name\":\"Reda\u00e7\u00e3o Suno Not\u00edcias\",\"image\":{\"@type\":\"ImageObject\",\"inLanguage\":\"pt-BR\",\"@id\":\"https:\/\/www.suno.com.br\/noticias\/#\/schema\/person\/image\/\",\"url\":\"https:\/\/secure.gravatar.com\/avatar\/b8104b9b5a71985d5238ee59fbe418af?s=96&r=g\",\"contentUrl\":\"https:\/\/secure.gravatar.com\/avatar\/b8104b9b5a71985d5238ee59fbe418af?s=96&r=g\",\"caption\":\"Reda\u00e7\u00e3o Suno Not\u00edcias\"},\"description\":\"O Suno Not\u00edcias \u00e9 um portal de informa\u00e7\u00f5es sobre Mercado Financeiro, Pol\u00edtica, Neg\u00f3cios, Economia e Finan\u00e7as Pessoais.\",\"sameAs\":[\"https:\/\/www.suno.com.br\/noticias\",\"https:\/\/www.facebook.com\/sunonoticias\/\",\"https:\/\/www.instagram.com\/sunonoticias\/\",\"https:\/\/x.com\/https:\/\/twitter.com\/sunoresearch\",\"https:\/\/www.youtube.com\/sunonoticias\"],\"url\":\"https:\/\/www.suno.com.br\/noticias\/author\/redacao-suno\/\"}]}<\/script>\n<!-- \/ Yoast SEO plugin. -->","yoast_head_json":{"title":"Veja o que vai mudar no IR dos investimentos","description":"Governo federal publicou, na noite desta quarta-feira (11), medidas para ajustar o decreto que previa aumento do IOF.","robots":{"index":"index","follow":"follow","max-snippet":"max-snippet:-1","max-image-preview":"max-image-preview:large","max-video-preview":"max-video-preview:-1"},"canonical":"https:\/\/www.suno.com.br\/noticias\/iof-governo-anuncia-medidas-alternativas-veja-o-que-muda\/","og_locale":"pt_BR","og_type":"article","og_title":"Veja o que vai mudar no IR dos investimentos","og_description":"Governo federal publicou, na noite desta quarta-feira (11), medidas para ajustar o decreto que previa aumento do IOF.","og_url":"https:\/\/www.suno.com.br\/noticias\/iof-governo-anuncia-medidas-alternativas-veja-o-que-muda\/","og_site_name":"Suno Not\u00edcias","article_publisher":"https:\/\/facebook.com\/sunoresearch","article_author":"https:\/\/www.facebook.com\/sunonoticias\/","og_image":[{"width":1365,"height":768,"url":"https:\/\/files.sunoresearch.com.br\/n\/uploads\/2025\/06\/FIIs-captacao-emissoes-5.jpg","type":"image\/jpeg"}],"author":"Reda\u00e7\u00e3o Suno Not\u00edcias","twitter_card":"summary_large_image","twitter_creator":"@https:\/\/twitter.com\/sunoresearch","twitter_site":"@sunoresearch","twitter_misc":{"Escrito por":"Reda\u00e7\u00e3o Suno Not\u00edcias","Est. tempo de leitura":"6 minutos"},"schema":{"@context":"https:\/\/schema.org","@graph":[{"@type":"NewsArticle","@id":"https:\/\/www.suno.com.br\/noticias\/iof-governo-anuncia-medidas-alternativas-veja-o-que-muda\/#article","isPartOf":{"@id":"https:\/\/www.suno.com.br\/noticias\/iof-governo-anuncia-medidas-alternativas-veja-o-que-muda\/"},"author":{"name":"Reda\u00e7\u00e3o Suno Not\u00edcias","@id":"https:\/\/www.suno.com.br\/noticias\/#\/schema\/person\/c1b1bd3727fa852bd045e9dbff3673ea"},"headline":"Tributa\u00e7\u00e3o de dividendos de FIIs e Fiagros; veja o que vai mudar no IR dos investimentos","datePublished":"2025-06-12T03:52:15+00:00","dateModified":"2025-06-12T15:04:51+00:00","mainEntityOfPage":{"@id":"https:\/\/www.suno.com.br\/noticias\/iof-governo-anuncia-medidas-alternativas-veja-o-que-muda\/"},"wordCount":1187,"publisher":{"@id":"https:\/\/www.suno.com.br\/noticias\/#organization"},"image":{"@id":"https:\/\/www.suno.com.br\/noticias\/iof-governo-anuncia-medidas-alternativas-veja-o-que-muda\/#primaryimage"},"thumbnailUrl":"https:\/\/files.sunoresearch.com.br\/n\/uploads\/2025\/06\/FIIs-captacao-emissoes-5.jpg","keywords":["Imposto de Renda","impostos"],"articleSection":["Economia"],"inLanguage":"pt-BR"},{"@type":"WebPage","@id":"https:\/\/www.suno.com.br\/noticias\/iof-governo-anuncia-medidas-alternativas-veja-o-que-muda\/","url":"https:\/\/www.suno.com.br\/noticias\/iof-governo-anuncia-medidas-alternativas-veja-o-que-muda\/","name":"Veja o que vai mudar no IR dos investimentos","isPartOf":{"@id":"https:\/\/www.suno.com.br\/noticias\/#website"},"primaryImageOfPage":{"@id":"https:\/\/www.suno.com.br\/noticias\/iof-governo-anuncia-medidas-alternativas-veja-o-que-muda\/#primaryimage"},"image":{"@id":"https:\/\/www.suno.com.br\/noticias\/iof-governo-anuncia-medidas-alternativas-veja-o-que-muda\/#primaryimage"},"thumbnailUrl":"https:\/\/files.sunoresearch.com.br\/n\/uploads\/2025\/06\/FIIs-captacao-emissoes-5.jpg","datePublished":"2025-06-12T03:52:15+00:00","dateModified":"2025-06-12T15:04:51+00:00","description":"Governo federal publicou, na noite desta quarta-feira (11), medidas para ajustar o decreto que previa aumento do IOF.","breadcrumb":{"@id":"https:\/\/www.suno.com.br\/noticias\/iof-governo-anuncia-medidas-alternativas-veja-o-que-muda\/#breadcrumb"},"inLanguage":"pt-BR","potentialAction":[{"@type":"ReadAction","target":["https:\/\/www.suno.com.br\/noticias\/iof-governo-anuncia-medidas-alternativas-veja-o-que-muda\/"]}]},{"@type":"ImageObject","inLanguage":"pt-BR","@id":"https:\/\/www.suno.com.br\/noticias\/iof-governo-anuncia-medidas-alternativas-veja-o-que-muda\/#primaryimage","url":"https:\/\/files.sunoresearch.com.br\/n\/uploads\/2025\/06\/FIIs-captacao-emissoes-5.jpg","contentUrl":"https:\/\/files.sunoresearch.com.br\/n\/uploads\/2025\/06\/FIIs-captacao-emissoes-5.jpg","width":1365,"height":768,"caption":"RBRP11 j\u00e1 divulgou quanto vai pagar de dividendos em agosto. Foto: iStock"},{"@type":"BreadcrumbList","@id":"https:\/\/www.suno.com.br\/noticias\/iof-governo-anuncia-medidas-alternativas-veja-o-que-muda\/#breadcrumb","itemListElement":[{"@type":"ListItem","position":1,"name":"Not\u00edcias","item":"https:\/\/www.suno.com.br\/noticias\/"},{"@type":"ListItem","position":2,"name":"Economia","item":"https:\/\/www.suno.com.br\/noticias\/economia\/"},{"@type":"ListItem","position":3,"name":"Tributa\u00e7\u00e3o de dividendos de FIIs e Fiagros; veja o que vai mudar no IR dos investimentos"}]},{"@type":"WebSite","@id":"https:\/\/www.suno.com.br\/noticias\/#website","url":"https:\/\/www.suno.com.br\/noticias\/","name":"Suno Not\u00edcias","description":"Seu portal de informa\u00e7\u00e3o sobre o mundo dos investimentos","publisher":{"@id":"https:\/\/www.suno.com.br\/noticias\/#organization"},"potentialAction":[{"@type":"SearchAction","target":{"@type":"EntryPoint","urlTemplate":"https:\/\/www.suno.com.br\/noticias\/?s={search_term_string}"},"query-input":{"@type":"PropertyValueSpecification","valueRequired":true,"valueName":"search_term_string"}}],"inLanguage":"pt-BR"},{"@type":"Organization","@id":"https:\/\/www.suno.com.br\/noticias\/#organization","name":"Suno Not\u00edcias","url":"https:\/\/www.suno.com.br\/noticias\/","logo":{"@type":"ImageObject","inLanguage":"pt-BR","@id":"https:\/\/www.suno.com.br\/noticias\/#\/schema\/logo\/image\/","url":"https:\/\/files.sunoresearch.com.br\/n\/uploads\/2021\/09\/suno-logo.png","contentUrl":"https:\/\/files.sunoresearch.com.br\/n\/uploads\/2021\/09\/suno-logo.png","width":180,"height":180,"caption":"Suno Not\u00edcias"},"image":{"@id":"https:\/\/www.suno.com.br\/noticias\/#\/schema\/logo\/image\/"},"sameAs":["https:\/\/facebook.com\/sunoresearch","https:\/\/x.com\/sunoresearch","https:\/\/www.instagram.com\/suno","https:\/\/www.linkedin.com\/company\/suno-research\/","https:\/\/www.youtube.com\/c\/sunoresearch"]},{"@type":"Person","@id":"https:\/\/www.suno.com.br\/noticias\/#\/schema\/person\/c1b1bd3727fa852bd045e9dbff3673ea","name":"Reda\u00e7\u00e3o Suno Not\u00edcias","image":{"@type":"ImageObject","inLanguage":"pt-BR","@id":"https:\/\/www.suno.com.br\/noticias\/#\/schema\/person\/image\/","url":"https:\/\/secure.gravatar.com\/avatar\/b8104b9b5a71985d5238ee59fbe418af?s=96&r=g","contentUrl":"https:\/\/secure.gravatar.com\/avatar\/b8104b9b5a71985d5238ee59fbe418af?s=96&r=g","caption":"Reda\u00e7\u00e3o Suno Not\u00edcias"},"description":"O Suno Not\u00edcias \u00e9 um portal de informa\u00e7\u00f5es sobre Mercado Financeiro, Pol\u00edtica, Neg\u00f3cios, Economia e Finan\u00e7as Pessoais.","sameAs":["https:\/\/www.suno.com.br\/noticias","https:\/\/www.facebook.com\/sunonoticias\/","https:\/\/www.instagram.com\/sunonoticias\/","https:\/\/x.com\/https:\/\/twitter.com\/sunoresearch","https:\/\/www.youtube.com\/sunonoticias"],"url":"https:\/\/www.suno.com.br\/noticias\/author\/redacao-suno\/"}]}},"default_loop_html":"<div class=\"cardsPage__listCard__boxs\"><div class=\"cardsPage__listCard__boxs__img\"><a href=\"https:\/\/www.suno.com.br\/noticias\/iof-governo-anuncia-medidas-alternativas-veja-o-que-muda\/\"><img class=\"mask\" src=\"https:\/\/www.suno.com.br\/noticias\/wp-content\/themes\/suno\/resources\/images\/spotlight\/spotlight1img\/bg-mask.png\" alt=\"Image Mask\"\/><img src=\"https:\/\/files.sunoresearch.com.br\/n\/uploads\/2025\/06\/FIIs-captacao-emissoes-5-400x200.jpg\" alt=\"Tributa\u00e7\u00e3o de dividendos de FIIs e Fiagros; veja o que vai mudar no IR dos investimentos\"\/><\/a><span class=\"spotlightCategory\"><a href=\"https:\/\/www.suno.com.br\/noticias\/economia\/\">Economia<\/a><\/span><\/div><div class=\"cardsPage__listCard__boxs__content\"><a href=\"https:\/\/www.suno.com.br\/noticias\/iof-governo-anuncia-medidas-alternativas-veja-o-que-muda\/\"><h2 class=\"content__title\">Tributa\u00e7\u00e3o de dividendos de FIIs e Fiagros; veja o que vai mudar no IR dos investimentos<\/h2><\/a><div class=\"newsContent__article__meta\"><div class=\"newsContent__article__meta__authorBox\"><a href=\"https:\/\/www.suno.com.br\/noticias\/author\/redacao-suno\/\" class=\"authorBox__avatar noMobi\"><img src=\"https:\/\/files.sunoresearch.com.br\/n\/uploads\/2020\/08\/0ace682d-redacao-1-150x150.webp\" alt=\"Reda\u00e7\u00e3o Suno Not\u00edcias\"><\/a><div class=\"authorBox__name\"><span>por\n\t\t\t<a href=\"https:\/\/www.suno.com.br\/noticias\/author\/redacao-suno\/\"><span itemprop=\"author\">Reda\u00e7\u00e3o Suno Not\u00edcias<\/span><\/a><\/span><time datetime=\"2025-06-12T00:52:15-03:00\" itemprop=\"datePublished\">12\/06\/2025 00:52<\/time><\/div><\/div><\/div><\/div><\/div>","single_layout":"posts","amp_enabled":true,"_links":{"self":[{"href":"https:\/\/www.suno.com.br\/noticias\/wp-json\/wp\/v2\/posts\/609399"}],"collection":[{"href":"https:\/\/www.suno.com.br\/noticias\/wp-json\/wp\/v2\/posts"}],"about":[{"href":"https:\/\/www.suno.com.br\/noticias\/wp-json\/wp\/v2\/types\/post"}],"author":[{"embeddable":true,"href":"https:\/\/www.suno.com.br\/noticias\/wp-json\/wp\/v2\/users\/43"}],"replies":[{"embeddable":true,"href":"https:\/\/www.suno.com.br\/noticias\/wp-json\/wp\/v2\/comments?post=609399"}],"version-history":[{"count":3,"href":"https:\/\/www.suno.com.br\/noticias\/wp-json\/wp\/v2\/posts\/609399\/revisions"}],"predecessor-version":[{"id":609486,"href":"https:\/\/www.suno.com.br\/noticias\/wp-json\/wp\/v2\/posts\/609399\/revisions\/609486"}],"wp:featuredmedia":[{"embeddable":true,"href":"https:\/\/www.suno.com.br\/noticias\/wp-json\/wp\/v2\/media\/609402"}],"wp:attachment":[{"href":"https:\/\/www.suno.com.br\/noticias\/wp-json\/wp\/v2\/media?parent=609399"}],"wp:term":[{"taxonomy":"category","embeddable":true,"href":"https:\/\/www.suno.com.br\/noticias\/wp-json\/wp\/v2\/categories?post=609399"},{"taxonomy":"post_tag","embeddable":true,"href":"https:\/\/www.suno.com.br\/noticias\/wp-json\/wp\/v2\/tags?post=609399"},{"taxonomy":"suno_strategy","embeddable":true,"href":"https:\/\/www.suno.com.br\/noticias\/wp-json\/wp\/v2\/suno_strategy?post=609399"}],"curies":[{"name":"wp","href":"https:\/\/api.w.org\/{rel}","templated":true}]}}