{"id":60928,"date":"2020-04-08T16:22:37","date_gmt":"2020-04-08T19:22:37","guid":{"rendered":"https:\/\/www.suno.com.br\/noticias\/?p=60928"},"modified":"2020-04-08T16:22:37","modified_gmt":"2020-04-08T19:22:37","slug":"volume-de-aluguel-de-acoes-bate-recorde-em-marco","status":"publish","type":"post","link":"https:\/\/www.suno.com.br\/noticias\/volume-de-aluguel-de-acoes-bate-recorde-em-marco\/","title":{"rendered":"Volume de aluguel de a\u00e7\u00f5es bate recorde em mar\u00e7o"},"content":{"rendered":"<p>Em mar\u00e7o o estoque financeiro do Banco de t\u00edtulos da <a href=\"https:\/\/www.suno.com.br\/artigos\/cblc\/\">Companhia Brasileira de Liquida\u00e7\u00e3o e Cust\u00f3dia<\/a> (BTC) apresentou uma queda de 18,8% ficando em R$ 59,4 bilh\u00f5es, segundo a Econom\u00e1tica. A queda pode ter rela\u00e7\u00e3o com a redu\u00e7\u00e3o no <strong><a href=\"https:\/\/www.suno.com.br\/artigos\/aluguel-de-acoes\/\">aluguel de a\u00e7\u00f5es<\/a>,<\/strong> j\u00e1 que muitos investidores venderam seus t\u00edtulos com as dr\u00e1sticas quedas na <a href=\"https:\/\/www.suno.com.br\/noticias\/tags\/bolsa-de-valores\/\">Bolsa<\/a> causadas pelo novo coronav\u00edrus (covid-19).<\/p>\t<div class=\"wrapper-featured-image\">\n\t\t<figure class=\"spotlightImg\">\n\n\t\t\t<picture>\n\t\t\t\t<source media=\"(max-width: 768px)\" srcset=\"https:\/\/files.sunoresearch.com.br\/n\/uploads\/2019\/11\/1455ff4f-bolsa-400x200.webp\">\n\t\t\t\t<img loading=\"lazy\" decoding=\"async\" class=\"newsContent__article__imgCapa lazyloadDisabled newsContent__article__imgCapa--noCaption\" src=\"https:\/\/files.sunoresearch.com.br\/n\/uploads\/2019\/11\/1455ff4f-bolsa-800x450.webp\" width=\"800\" height=\"450\" alt=\"Volume de aluguel de a\u00e7\u00f5es bate recorde em mar\u00e7o\" fetchpriority=high \/>\n\t\t\t<\/picture>\n\n\t\t\t<figcaption class=\"wp-caption-text wp-caption-text--hide\">S&amp;P Global reduz proje\u00e7\u00f5es para mercados emergentes <\/figcaption>\n\t\t<\/figure>\n\t<\/div>\n\n\n\n<p>Al\u00e9m do aluguel de a\u00e7\u00f5es, outro fator que influenciou a queda do estoque do <strong>BTC<\/strong> foi a baixa nos valores das pr\u00f3prias a\u00e7\u00f5es que reduziram o volume movimentado.<\/p>\n<p>Ademais, em fevereiro o estoque havia batido um recorde de R$ 73,2 bilh\u00f5es, antes do <a href=\"https:\/\/www.suno.com.br\/artigos\/ibovespa\/\">Ibovespa<\/a> cair 29,9% em mar\u00e7o.<\/p>\n<p><a href=\"https:\/\/www.suno.com.br\/noticias\/wp-admin\/post.php?post=45411&amp;action=edit\">Saiba mais: B3 lan\u00e7a novo sistema para aluguel de a\u00e7\u00f5es<\/a><\/p>\n<p>Entretanto, os dados divulgados mostram que o volume de contratos efetuados em mar\u00e7o bateu um recorde com aproximadamente 273,3 mil contratos, assim como o valor financeiro, que chegou a R$ 110,04 bilh\u00f5es.<\/p>\n<p>Quando comparado com os valores de fevereiro, o valor m\u00e9dio por contrato caiu 21,09%, chegando a R$ 402,7 mil. A Econom\u00e1tica salientou que a queda tem influ\u00eancia direta da desvaloriza\u00e7\u00e3o das <a href=\"https:\/\/www.suno.com.br\/nossas-assinaturas\/suno-acoes\/\">a\u00e7\u00f5es<\/a> no m\u00eas de mar\u00e7o.<\/p>\n<p>Al\u00e9m disso, as cinco a\u00e7\u00f5es com maiores taxas em um dia de tomador foram:<\/p>\n<ul>\n<li><a href=\"https:\/\/www.suno.com.br\/acoes\/arzz3\/\">Arezzo (ARZZ3<\/a>), com 49,8% ao ano;<\/li>\n<li><a href=\"https:\/\/www.suno.com.br\/acoes\/goll4\/\">Gol (GOLL4)<\/a>, com 34,62% ao ano;<\/li>\n<li><a href=\"https:\/\/www.suno.com.br\/acoes\/eztc3\/\">Eztec (EZTC3)<\/a>, com 30,52% ano ano;<\/li>\n<li><a href=\"https:\/\/www.suno.com.br\/acoes\/csna3\/\">Sid Nacional (CSNA3<\/a>), com 22,43% ao ano;<\/li>\n<li><a href=\"https:\/\/www.suno.com.br\/acoes\/even3\/\">Even (EVEN3)<\/a>, com 17,05% ao ano.<\/li>\n<\/ul>\n\t<p>\n\t\t<a href=\"https:\/\/lp.suno.com.br\/ao\/cadastro-whatsapp\/\" target=\"_blank\" data-element=\"shortcode-suno-banner\" title=\"Banner SUNO, clique e saiba mais\">\n\t\t\t<picture>\n\t\t\t\t<source media=\"(max-width: 500px)\" srcset=\"https:\/\/files.sunoresearch.com.br\/n\/uploads\/2024\/02\/400x300-Mobile-Artigos-7.png\">\n\t\t\t\t<img class=\"newsContent__article__imgCapa newsContent__article__imgCapa--banner\"\n\t\t\t\t\tsrc=\"https:\/\/files.sunoresearch.com.br\/n\/uploads\/2024\/01\/1420x240-Banner-Artigos-1-_-Banner-Materias-8.png\"\n\t\t\t\t\tdata-promo-id=\"517344\"\t\t\t\t\t\t\t\t\t\twidth='1420' height='240'\t\t\t\t\talt=\"https:\/\/files.sunoresearch.com.br\/n\/uploads\/2024\/01\/1420x240-Banner-Artigos-1-_-Banner-Materias-8.png\"\n\t\t\t\t>\n\t\t\t<\/picture>\n\t\t<\/a>\n\t<\/p>\n\n\n<p>Em rela\u00e7\u00e3o aos ativos, o <a href=\"https:\/\/www.suno.com.br\/artigos\/etf-fundos-de-indice\/\">ETF<\/a> do Ibovespa (<a href=\"https:\/\/www.suno.com.br\/artigos\/bova11\/\">BOVA11<\/a>) tem o maior estoque de aluguel, somando R$ 4,5 bilh\u00f5es enquanto\u00a0 no dia 16 de mar\u00e7o alcan\u00e7ou o maior estoque de aluguel referente aos \u00faltimos doze meses, chegando a R$ 6,3 bilh\u00f5es. Entretanto, o per\u00edodo necess\u00e1rio para zerar as posi\u00e7\u00f5es de estoque de aluguel s\u00e3o tr\u00eas dias.<\/p>\n<p>A <a href=\"https:\/\/www.suno.com.br\/acoes\/vale3\/\"><strong>Vale<\/strong> (VALE3)<\/a> ocupa a segunda posi\u00e7\u00e3o do ranking de ativos com maiores estoques de aluguel, com volume de R$ 3,9 bilh\u00f5es. J\u00e1 a <a href=\"https:\/\/www.suno.com.br\/acoes\/petr4\/\"><strong>Petrobras<\/strong> (PETR4<\/a>) \u00e9 o terceiro ativo com maior estoque, com R$ 3,3 bilh\u00f5es, necessitando de dois dias para zerar as posi\u00e7\u00f5es.<\/p>\n<h2>O que \u00e9 aluguel de a\u00e7\u00f5es<\/h2>\n<p>O <strong>aluguel de a\u00e7\u00f5es<\/strong> \u00e9 uma opera\u00e7\u00e3o que consiste em emprestar as a\u00e7\u00f5es que est\u00e3o em sua posse para outros investidores. Por ser um aluguel, essa transfer\u00eancia ocorre em troca de taxas geralmente definidas pelos donos dos pap\u00e9is.<\/p>\n\n","protected":false},"excerpt":{"rendered":"<p>Em mar\u00e7o o estoque financeiro do Banco de t\u00edtulos da Companhia Brasileira de Liquida\u00e7\u00e3o e Cust\u00f3dia (BTC) apresentou uma queda de 18,8% ficando em R$ 59,4 bilh\u00f5es, segundo a Econom\u00e1tica. A queda pode ter rela\u00e7\u00e3o com a redu\u00e7\u00e3o no aluguel de a\u00e7\u00f5es, j\u00e1 que muitos investidores venderam seus t\u00edtulos com as dr\u00e1sticas quedas na Bolsa [&hellip;]<\/p>\n","protected":false},"author":39,"featured_media":46064,"comment_status":"closed","ping_status":"closed","sticky":false,"template":"","format":"standard","meta":[],"categories":[60],"tags":[7363,6450],"suno_strategy":[],"class_list":["post-60928","post","type-post","status-publish","format-standard","has-post-thumbnail","hentry","category-mercado","tag-aluguel-de-acoes","tag-economatica"],"yoast_head":"<!-- This site is optimized with the Yoast SEO plugin v24.4 - https:\/\/yoast.com\/wordpress\/plugins\/seo\/ -->\n<title>Volume de aluguel de a\u00e7\u00f5es bate recorde em mar\u00e7o<\/title>\n<meta name=\"description\" content=\"O estoque do Banco de t\u00edtulos da CBLC caiu 18,8% e queda pode ter rela\u00e7\u00e3o com a redu\u00e7\u00e3o no aluguel de a\u00e7\u00f5es. Clique aqui para saber mais\" \/>\n<meta name=\"robots\" content=\"index, follow, max-snippet:-1, max-image-preview:large, max-video-preview:-1\" \/>\n<link rel=\"canonical\" href=\"https:\/\/www.suno.com.br\/noticias\/volume-de-aluguel-de-acoes-bate-recorde-em-marco\/\" \/>\n<meta property=\"og:locale\" content=\"pt_BR\" \/>\n<meta property=\"og:type\" content=\"article\" \/>\n<meta property=\"og:title\" content=\"Volume de aluguel de a\u00e7\u00f5es bate recorde em mar\u00e7o\" \/>\n<meta property=\"og:description\" content=\"O estoque do Banco de t\u00edtulos da CBLC caiu 18,8% e queda pode ter rela\u00e7\u00e3o com a redu\u00e7\u00e3o no aluguel de a\u00e7\u00f5es. Clique aqui para saber mais\" \/>\n<meta property=\"og:url\" content=\"https:\/\/www.suno.com.br\/noticias\/volume-de-aluguel-de-acoes-bate-recorde-em-marco\/\" \/>\n<meta property=\"og:site_name\" content=\"Suno Not\u00edcias\" \/>\n<meta property=\"article:publisher\" content=\"https:\/\/facebook.com\/sunoresearch\" \/>\n<meta property=\"og:image\" content=\"https:\/\/files.sunoresearch.com.br\/n\/uploads\/2019\/11\/1455ff4f-bolsa.jpg\" \/>\n\t<meta property=\"og:image:width\" content=\"1200\" \/>\n\t<meta property=\"og:image:height\" content=\"900\" \/>\n\t<meta property=\"og:image:type\" content=\"image\/jpeg\" \/>\n<meta name=\"author\" content=\"Laura Moutinho\" \/>\n<meta name=\"twitter:card\" content=\"summary_large_image\" \/>\n<meta name=\"twitter:creator\" content=\"@sunoresearch\" \/>\n<meta name=\"twitter:site\" content=\"@sunoresearch\" \/>\n<meta name=\"twitter:label1\" content=\"Escrito por\" \/>\n\t<meta name=\"twitter:data1\" content=\"Laura Moutinho\" \/>\n\t<meta name=\"twitter:label2\" content=\"Est. tempo de leitura\" \/>\n\t<meta name=\"twitter:data2\" content=\"2 minutos\" \/>\n<script type=\"application\/ld+json\" class=\"yoast-schema-graph\">{\"@context\":\"https:\/\/schema.org\",\"@graph\":[{\"@type\":\"NewsArticle\",\"@id\":\"https:\/\/www.suno.com.br\/noticias\/volume-de-aluguel-de-acoes-bate-recorde-em-marco\/#article\",\"isPartOf\":{\"@id\":\"https:\/\/www.suno.com.br\/noticias\/volume-de-aluguel-de-acoes-bate-recorde-em-marco\/\"},\"author\":{\"name\":\"Laura Moutinho\",\"@id\":\"https:\/\/www.suno.com.br\/noticias\/#\/schema\/person\/3df0d2808748b74496efe5dbeaef2c72\"},\"headline\":\"Volume de aluguel de a\u00e7\u00f5es bate recorde em mar\u00e7o\",\"datePublished\":\"2020-04-08T19:22:37+00:00\",\"mainEntityOfPage\":{\"@id\":\"https:\/\/www.suno.com.br\/noticias\/volume-de-aluguel-de-acoes-bate-recorde-em-marco\/\"},\"wordCount\":429,\"publisher\":{\"@id\":\"https:\/\/www.suno.com.br\/noticias\/#organization\"},\"image\":{\"@id\":\"https:\/\/www.suno.com.br\/noticias\/volume-de-aluguel-de-acoes-bate-recorde-em-marco\/#primaryimage\"},\"thumbnailUrl\":\"https:\/\/files.sunoresearch.com.br\/n\/uploads\/2019\/11\/1455ff4f-bolsa-jpg.webp\",\"keywords\":[\"aluguel de a\u00e7\u00f5es\",\"Econom\u00e1tica\"],\"articleSection\":[\"Mercado\"],\"inLanguage\":\"pt-BR\"},{\"@type\":\"WebPage\",\"@id\":\"https:\/\/www.suno.com.br\/noticias\/volume-de-aluguel-de-acoes-bate-recorde-em-marco\/\",\"url\":\"https:\/\/www.suno.com.br\/noticias\/volume-de-aluguel-de-acoes-bate-recorde-em-marco\/\",\"name\":\"Volume de aluguel de a\u00e7\u00f5es bate recorde em mar\u00e7o\",\"isPartOf\":{\"@id\":\"https:\/\/www.suno.com.br\/noticias\/#website\"},\"primaryImageOfPage\":{\"@id\":\"https:\/\/www.suno.com.br\/noticias\/volume-de-aluguel-de-acoes-bate-recorde-em-marco\/#primaryimage\"},\"image\":{\"@id\":\"https:\/\/www.suno.com.br\/noticias\/volume-de-aluguel-de-acoes-bate-recorde-em-marco\/#primaryimage\"},\"thumbnailUrl\":\"https:\/\/files.sunoresearch.com.br\/n\/uploads\/2019\/11\/1455ff4f-bolsa-jpg.webp\",\"datePublished\":\"2020-04-08T19:22:37+00:00\",\"description\":\"O estoque do Banco de t\u00edtulos da CBLC caiu 18,8% e queda pode ter rela\u00e7\u00e3o com a redu\u00e7\u00e3o no aluguel de a\u00e7\u00f5es. Clique aqui para saber mais\",\"breadcrumb\":{\"@id\":\"https:\/\/www.suno.com.br\/noticias\/volume-de-aluguel-de-acoes-bate-recorde-em-marco\/#breadcrumb\"},\"inLanguage\":\"pt-BR\",\"potentialAction\":[{\"@type\":\"ReadAction\",\"target\":[\"https:\/\/www.suno.com.br\/noticias\/volume-de-aluguel-de-acoes-bate-recorde-em-marco\/\"]}]},{\"@type\":\"ImageObject\",\"inLanguage\":\"pt-BR\",\"@id\":\"https:\/\/www.suno.com.br\/noticias\/volume-de-aluguel-de-acoes-bate-recorde-em-marco\/#primaryimage\",\"url\":\"https:\/\/files.sunoresearch.com.br\/n\/uploads\/2019\/11\/1455ff4f-bolsa-jpg.webp\",\"contentUrl\":\"https:\/\/files.sunoresearch.com.br\/n\/uploads\/2019\/11\/1455ff4f-bolsa-jpg.webp\",\"width\":1200,\"height\":900,\"caption\":\"S&P Global reduz proje\u00e7\u00f5es para mercados emergentes\"},{\"@type\":\"BreadcrumbList\",\"@id\":\"https:\/\/www.suno.com.br\/noticias\/volume-de-aluguel-de-acoes-bate-recorde-em-marco\/#breadcrumb\",\"itemListElement\":[{\"@type\":\"ListItem\",\"position\":1,\"name\":\"Not\u00edcias\",\"item\":\"https:\/\/www.suno.com.br\/noticias\/\"},{\"@type\":\"ListItem\",\"position\":2,\"name\":\"Mercado\",\"item\":\"https:\/\/www.suno.com.br\/noticias\/mercado\/\"},{\"@type\":\"ListItem\",\"position\":3,\"name\":\"Volume de aluguel de a\u00e7\u00f5es bate recorde em mar\u00e7o\"}]},{\"@type\":\"WebSite\",\"@id\":\"https:\/\/www.suno.com.br\/noticias\/#website\",\"url\":\"https:\/\/www.suno.com.br\/noticias\/\",\"name\":\"Suno Not\u00edcias\",\"description\":\"Seu portal de informa\u00e7\u00e3o sobre o mundo dos investimentos\",\"publisher\":{\"@id\":\"https:\/\/www.suno.com.br\/noticias\/#organization\"},\"potentialAction\":[{\"@type\":\"SearchAction\",\"target\":{\"@type\":\"EntryPoint\",\"urlTemplate\":\"https:\/\/www.suno.com.br\/noticias\/?s={search_term_string}\"},\"query-input\":{\"@type\":\"PropertyValueSpecification\",\"valueRequired\":true,\"valueName\":\"search_term_string\"}}],\"inLanguage\":\"pt-BR\"},{\"@type\":\"Organization\",\"@id\":\"https:\/\/www.suno.com.br\/noticias\/#organization\",\"name\":\"Suno Not\u00edcias\",\"url\":\"https:\/\/www.suno.com.br\/noticias\/\",\"logo\":{\"@type\":\"ImageObject\",\"inLanguage\":\"pt-BR\",\"@id\":\"https:\/\/www.suno.com.br\/noticias\/#\/schema\/logo\/image\/\",\"url\":\"https:\/\/files.sunoresearch.com.br\/n\/uploads\/2021\/09\/suno-logo.png\",\"contentUrl\":\"https:\/\/files.sunoresearch.com.br\/n\/uploads\/2021\/09\/suno-logo.png\",\"width\":180,\"height\":180,\"caption\":\"Suno Not\u00edcias\"},\"image\":{\"@id\":\"https:\/\/www.suno.com.br\/noticias\/#\/schema\/logo\/image\/\"},\"sameAs\":[\"https:\/\/facebook.com\/sunoresearch\",\"https:\/\/x.com\/sunoresearch\",\"https:\/\/www.instagram.com\/suno\",\"https:\/\/www.linkedin.com\/company\/suno-research\/\",\"https:\/\/www.youtube.com\/c\/sunoresearch\"]},{\"@type\":\"Person\",\"@id\":\"https:\/\/www.suno.com.br\/noticias\/#\/schema\/person\/3df0d2808748b74496efe5dbeaef2c72\",\"name\":\"Laura Moutinho\",\"image\":{\"@type\":\"ImageObject\",\"inLanguage\":\"pt-BR\",\"@id\":\"https:\/\/www.suno.com.br\/noticias\/#\/schema\/person\/image\/\",\"url\":\"https:\/\/secure.gravatar.com\/avatar\/7571c7c8ca3a6fca5e41384ece5557ff?s=96&r=g\",\"contentUrl\":\"https:\/\/secure.gravatar.com\/avatar\/7571c7c8ca3a6fca5e41384ece5557ff?s=96&r=g\",\"caption\":\"Laura Moutinho\"},\"description\":\"Estagi\u00e1ria na Suno Not\u00edcias, escreve not\u00edcias que afetam o mercado financeiro. Estuda administra\u00e7\u00e3o na Universidade Presbiteriana Mackenzie.\",\"url\":\"https:\/\/www.suno.com.br\/noticias\/author\/laura-moutinho\/\"}]}<\/script>\n<!-- \/ Yoast SEO plugin. -->","yoast_head_json":{"title":"Volume de aluguel de a\u00e7\u00f5es bate recorde em mar\u00e7o","description":"O estoque do Banco de t\u00edtulos da CBLC caiu 18,8% e queda pode ter rela\u00e7\u00e3o com a redu\u00e7\u00e3o no aluguel de a\u00e7\u00f5es. Clique aqui para saber mais","robots":{"index":"index","follow":"follow","max-snippet":"max-snippet:-1","max-image-preview":"max-image-preview:large","max-video-preview":"max-video-preview:-1"},"canonical":"https:\/\/www.suno.com.br\/noticias\/volume-de-aluguel-de-acoes-bate-recorde-em-marco\/","og_locale":"pt_BR","og_type":"article","og_title":"Volume de aluguel de a\u00e7\u00f5es bate recorde em mar\u00e7o","og_description":"O estoque do Banco de t\u00edtulos da CBLC caiu 18,8% e queda pode ter rela\u00e7\u00e3o com a redu\u00e7\u00e3o no aluguel de a\u00e7\u00f5es. Clique aqui para saber mais","og_url":"https:\/\/www.suno.com.br\/noticias\/volume-de-aluguel-de-acoes-bate-recorde-em-marco\/","og_site_name":"Suno Not\u00edcias","article_publisher":"https:\/\/facebook.com\/sunoresearch","og_image":[{"width":1200,"height":900,"url":"https:\/\/files.sunoresearch.com.br\/n\/uploads\/2019\/11\/1455ff4f-bolsa.jpg","type":"image\/jpeg"}],"author":"Laura Moutinho","twitter_card":"summary_large_image","twitter_creator":"@sunoresearch","twitter_site":"@sunoresearch","twitter_misc":{"Escrito por":"Laura Moutinho","Est. tempo de leitura":"2 minutos"},"schema":{"@context":"https:\/\/schema.org","@graph":[{"@type":"NewsArticle","@id":"https:\/\/www.suno.com.br\/noticias\/volume-de-aluguel-de-acoes-bate-recorde-em-marco\/#article","isPartOf":{"@id":"https:\/\/www.suno.com.br\/noticias\/volume-de-aluguel-de-acoes-bate-recorde-em-marco\/"},"author":{"name":"Laura Moutinho","@id":"https:\/\/www.suno.com.br\/noticias\/#\/schema\/person\/3df0d2808748b74496efe5dbeaef2c72"},"headline":"Volume de aluguel de a\u00e7\u00f5es bate recorde em mar\u00e7o","datePublished":"2020-04-08T19:22:37+00:00","mainEntityOfPage":{"@id":"https:\/\/www.suno.com.br\/noticias\/volume-de-aluguel-de-acoes-bate-recorde-em-marco\/"},"wordCount":429,"publisher":{"@id":"https:\/\/www.suno.com.br\/noticias\/#organization"},"image":{"@id":"https:\/\/www.suno.com.br\/noticias\/volume-de-aluguel-de-acoes-bate-recorde-em-marco\/#primaryimage"},"thumbnailUrl":"https:\/\/files.sunoresearch.com.br\/n\/uploads\/2019\/11\/1455ff4f-bolsa-jpg.webp","keywords":["aluguel de a\u00e7\u00f5es","Econom\u00e1tica"],"articleSection":["Mercado"],"inLanguage":"pt-BR"},{"@type":"WebPage","@id":"https:\/\/www.suno.com.br\/noticias\/volume-de-aluguel-de-acoes-bate-recorde-em-marco\/","url":"https:\/\/www.suno.com.br\/noticias\/volume-de-aluguel-de-acoes-bate-recorde-em-marco\/","name":"Volume de aluguel de a\u00e7\u00f5es bate recorde em mar\u00e7o","isPartOf":{"@id":"https:\/\/www.suno.com.br\/noticias\/#website"},"primaryImageOfPage":{"@id":"https:\/\/www.suno.com.br\/noticias\/volume-de-aluguel-de-acoes-bate-recorde-em-marco\/#primaryimage"},"image":{"@id":"https:\/\/www.suno.com.br\/noticias\/volume-de-aluguel-de-acoes-bate-recorde-em-marco\/#primaryimage"},"thumbnailUrl":"https:\/\/files.sunoresearch.com.br\/n\/uploads\/2019\/11\/1455ff4f-bolsa-jpg.webp","datePublished":"2020-04-08T19:22:37+00:00","description":"O estoque do Banco de t\u00edtulos da CBLC caiu 18,8% e queda pode ter rela\u00e7\u00e3o com a redu\u00e7\u00e3o no aluguel de a\u00e7\u00f5es. Clique aqui para saber mais","breadcrumb":{"@id":"https:\/\/www.suno.com.br\/noticias\/volume-de-aluguel-de-acoes-bate-recorde-em-marco\/#breadcrumb"},"inLanguage":"pt-BR","potentialAction":[{"@type":"ReadAction","target":["https:\/\/www.suno.com.br\/noticias\/volume-de-aluguel-de-acoes-bate-recorde-em-marco\/"]}]},{"@type":"ImageObject","inLanguage":"pt-BR","@id":"https:\/\/www.suno.com.br\/noticias\/volume-de-aluguel-de-acoes-bate-recorde-em-marco\/#primaryimage","url":"https:\/\/files.sunoresearch.com.br\/n\/uploads\/2019\/11\/1455ff4f-bolsa-jpg.webp","contentUrl":"https:\/\/files.sunoresearch.com.br\/n\/uploads\/2019\/11\/1455ff4f-bolsa-jpg.webp","width":1200,"height":900,"caption":"S&P Global reduz proje\u00e7\u00f5es para mercados emergentes"},{"@type":"BreadcrumbList","@id":"https:\/\/www.suno.com.br\/noticias\/volume-de-aluguel-de-acoes-bate-recorde-em-marco\/#breadcrumb","itemListElement":[{"@type":"ListItem","position":1,"name":"Not\u00edcias","item":"https:\/\/www.suno.com.br\/noticias\/"},{"@type":"ListItem","position":2,"name":"Mercado","item":"https:\/\/www.suno.com.br\/noticias\/mercado\/"},{"@type":"ListItem","position":3,"name":"Volume de aluguel de a\u00e7\u00f5es bate recorde em mar\u00e7o"}]},{"@type":"WebSite","@id":"https:\/\/www.suno.com.br\/noticias\/#website","url":"https:\/\/www.suno.com.br\/noticias\/","name":"Suno Not\u00edcias","description":"Seu portal de informa\u00e7\u00e3o sobre o mundo dos investimentos","publisher":{"@id":"https:\/\/www.suno.com.br\/noticias\/#organization"},"potentialAction":[{"@type":"SearchAction","target":{"@type":"EntryPoint","urlTemplate":"https:\/\/www.suno.com.br\/noticias\/?s={search_term_string}"},"query-input":{"@type":"PropertyValueSpecification","valueRequired":true,"valueName":"search_term_string"}}],"inLanguage":"pt-BR"},{"@type":"Organization","@id":"https:\/\/www.suno.com.br\/noticias\/#organization","name":"Suno Not\u00edcias","url":"https:\/\/www.suno.com.br\/noticias\/","logo":{"@type":"ImageObject","inLanguage":"pt-BR","@id":"https:\/\/www.suno.com.br\/noticias\/#\/schema\/logo\/image\/","url":"https:\/\/files.sunoresearch.com.br\/n\/uploads\/2021\/09\/suno-logo.png","contentUrl":"https:\/\/files.sunoresearch.com.br\/n\/uploads\/2021\/09\/suno-logo.png","width":180,"height":180,"caption":"Suno Not\u00edcias"},"image":{"@id":"https:\/\/www.suno.com.br\/noticias\/#\/schema\/logo\/image\/"},"sameAs":["https:\/\/facebook.com\/sunoresearch","https:\/\/x.com\/sunoresearch","https:\/\/www.instagram.com\/suno","https:\/\/www.linkedin.com\/company\/suno-research\/","https:\/\/www.youtube.com\/c\/sunoresearch"]},{"@type":"Person","@id":"https:\/\/www.suno.com.br\/noticias\/#\/schema\/person\/3df0d2808748b74496efe5dbeaef2c72","name":"Laura Moutinho","image":{"@type":"ImageObject","inLanguage":"pt-BR","@id":"https:\/\/www.suno.com.br\/noticias\/#\/schema\/person\/image\/","url":"https:\/\/secure.gravatar.com\/avatar\/7571c7c8ca3a6fca5e41384ece5557ff?s=96&r=g","contentUrl":"https:\/\/secure.gravatar.com\/avatar\/7571c7c8ca3a6fca5e41384ece5557ff?s=96&r=g","caption":"Laura Moutinho"},"description":"Estagi\u00e1ria na Suno Not\u00edcias, escreve not\u00edcias que afetam o mercado financeiro. Estuda administra\u00e7\u00e3o na Universidade Presbiteriana Mackenzie.","url":"https:\/\/www.suno.com.br\/noticias\/author\/laura-moutinho\/"}]}},"default_loop_html":"<div class=\"cardsPage__listCard__boxs\"><div class=\"cardsPage__listCard__boxs__img\"><a href=\"https:\/\/www.suno.com.br\/noticias\/volume-de-aluguel-de-acoes-bate-recorde-em-marco\/\"><img class=\"mask\" src=\"https:\/\/www.suno.com.br\/noticias\/wp-content\/themes\/suno\/resources\/images\/spotlight\/spotlight1img\/bg-mask.png\" alt=\"Image Mask\"\/><img src=\"https:\/\/files.sunoresearch.com.br\/n\/uploads\/2019\/11\/1455ff4f-bolsa-400x200.webp\" alt=\"Volume de aluguel de a\u00e7\u00f5es bate recorde em mar\u00e7o\"\/><\/a><span class=\"spotlightCategory\"><a href=\"https:\/\/www.suno.com.br\/noticias\/mercado\/\">Mercado<\/a><\/span><\/div><div class=\"cardsPage__listCard__boxs__content\"><a href=\"https:\/\/www.suno.com.br\/noticias\/volume-de-aluguel-de-acoes-bate-recorde-em-marco\/\"><h2 class=\"content__title\">Volume de aluguel de a\u00e7\u00f5es bate recorde em mar\u00e7o<\/h2><\/a><div class=\"newsContent__article__meta\"><div class=\"newsContent__article__meta__authorBox\"><a href=\"https:\/\/www.suno.com.br\/noticias\/author\/laura-moutinho\/\" class=\"authorBox__avatar noMobi\"><img src=\"https:\/\/files.sunoresearch.com.br\/n\/uploads\/2020\/08\/531ff69d-whatsapp-image-2020-08-03-at-14.54.38-150x150.webp\" alt=\"Laura Moutinho\"><\/a><div class=\"authorBox__name\"><span>por\n\t\t\t<a href=\"https:\/\/www.suno.com.br\/noticias\/author\/laura-moutinho\/\"><span itemprop=\"author\">Laura Moutinho<\/span><\/a><\/span><time datetime=\"2020-04-08T16:22:37-03:00\" itemprop=\"datePublished\">08\/04\/2020 16:22<\/time><\/div><\/div><\/div><\/div><\/div>","single_layout":"posts","amp_enabled":true,"_links":{"self":[{"href":"https:\/\/www.suno.com.br\/noticias\/wp-json\/wp\/v2\/posts\/60928"}],"collection":[{"href":"https:\/\/www.suno.com.br\/noticias\/wp-json\/wp\/v2\/posts"}],"about":[{"href":"https:\/\/www.suno.com.br\/noticias\/wp-json\/wp\/v2\/types\/post"}],"author":[{"embeddable":true,"href":"https:\/\/www.suno.com.br\/noticias\/wp-json\/wp\/v2\/users\/39"}],"replies":[{"embeddable":true,"href":"https:\/\/www.suno.com.br\/noticias\/wp-json\/wp\/v2\/comments?post=60928"}],"version-history":[{"count":0,"href":"https:\/\/www.suno.com.br\/noticias\/wp-json\/wp\/v2\/posts\/60928\/revisions"}],"wp:featuredmedia":[{"embeddable":true,"href":"https:\/\/www.suno.com.br\/noticias\/wp-json\/wp\/v2\/media\/46064"}],"wp:attachment":[{"href":"https:\/\/www.suno.com.br\/noticias\/wp-json\/wp\/v2\/media?parent=60928"}],"wp:term":[{"taxonomy":"category","embeddable":true,"href":"https:\/\/www.suno.com.br\/noticias\/wp-json\/wp\/v2\/categories?post=60928"},{"taxonomy":"post_tag","embeddable":true,"href":"https:\/\/www.suno.com.br\/noticias\/wp-json\/wp\/v2\/tags?post=60928"},{"taxonomy":"suno_strategy","embeddable":true,"href":"https:\/\/www.suno.com.br\/noticias\/wp-json\/wp\/v2\/suno_strategy?post=60928"}],"curies":[{"name":"wp","href":"https:\/\/api.w.org\/{rel}","templated":true}]}}