{"id":60868,"date":"2020-04-08T08:13:07","date_gmt":"2020-04-08T11:13:07","guid":{"rendered":"https:\/\/www.suno.com.br\/noticias\/?p=60868"},"modified":"2020-04-08T19:38:02","modified_gmt":"2020-04-08T22:38:02","slug":"magazine-luiza-mglu3-combate-ao-coronavirus","status":"publish","type":"post","link":"https:\/\/www.suno.com.br\/noticias\/magazine-luiza-mglu3-combate-ao-coronavirus\/","title":{"rendered":"Magazine Luiza (MGLU3) anuncia medidas de combate ao coronav\u00edrus"},"content":{"rendered":"<p>O <a href=\"https:\/\/www.suno.com.br\/acoes\/mglu3\/\"><strong>Magazine Luiza<\/strong> (MGLU3)<\/a> anunciou, na \u00faltima ter\u00e7a-feira (7), algumas medidas, de curto e longo prazo, em combate \u00e0 &#8220;situa\u00e7\u00e3o sem precedentes&#8221; gerada pela pandemia do novo coronav\u00edrus (Covid-19). As informa\u00e7\u00f5es foram divulgadas por meio de um comunicado ao mercado.<\/p>\t<div class=\"wrapper-featured-image\">\n\t\t<figure class=\"spotlightImg\">\n\n\t\t\t<picture>\n\t\t\t\t<source media=\"(max-width: 768px)\" srcset=\"https:\/\/files.sunoresearch.com.br\/n\/uploads\/2020\/04\/23d0426a-magazine-luiza-400x200.webp\">\n\t\t\t\t<img loading=\"lazy\" decoding=\"async\" class=\"newsContent__article__imgCapa lazyloadDisabled newsContent__article__imgCapa--noCaption\" src=\"https:\/\/files.sunoresearch.com.br\/n\/uploads\/2020\/04\/23d0426a-magazine-luiza-800x450.webp\" width=\"800\" height=\"450\" alt=\"Magazine Luiza (MGLU3) anuncia medidas de combate ao coronav\u00edrus\" fetchpriority=high \/>\n\t\t\t<\/picture>\n\n\t\t\t<figcaption class=\"wp-caption-text wp-caption-text--hide\">Magazine Luiza (MGLU3). Cr\u00e9ditos: Divulga\u00e7\u00e3o<\/figcaption>\n\t\t<\/figure>\n\t<\/div>\n\n\n\n<p>A companhia informa que, neste momento, possui tr\u00eas prioridades: a sa\u00fade dos seus colaboradores e clientes, a seguran\u00e7a deles, e a continuidade da opera\u00e7\u00e3o com manuten\u00e7\u00e3o de empregos. O Magazine Luiza, no entanto, salienta que nenhum dos objetivos ser\u00e1 cumprido se o primeiro deles n\u00e3o for amparado.<\/p>\n<p>A gigante varejista informou que, regida pela <strong>Medida Provis\u00f3ria<\/strong> (MP) 931, adiou a data das <a href=\"https:\/\/www.suno.com.br\/artigos\/assembleia-geral-extraordinaria\/\">Assembleias Gerais Ordin\u00e1ria e Extraordin\u00e1ria<\/a>, deste m\u00eas para o final de julho. Al\u00e9m disso, o balan\u00e7o trimestral, que estava previsto para ser divulgado no dia 7 de maio, ser\u00e1 publicado no final do mesmo m\u00eas, junto a uma an\u00e1lise financeira adicional sobre os eventuais impactos causados pela dissemina\u00e7\u00e3o do coronav\u00edrus.<\/p>\n<p>O Magalu anunciou que, embora possua uma posi\u00e7\u00e3o de caixa e receb\u00edveis &#8220;robusta&#8221;, de aproximadamente R$ 7 bilh\u00f5es, o seu Conselho de Administra\u00e7\u00e3o aprovou a capta\u00e7\u00e3o de recursos <a href=\"https:\/\/www.suno.com.br\/artigos\/o-que-sao-debentures\/\">por meio de <strong>deb\u00eantures<\/strong><\/a>. Ser\u00e3o levantados R$ 800 milh\u00f5es para &#8220;preservar ao m\u00e1ximo o <a href=\"https:\/\/www.suno.com.br\/artigos\/regime-caixa\/\"><strong>caixa da empresa<\/strong><\/a>, tanto por n\u00e3o termos uma vis\u00e3o clara da dimens\u00e3o e da extens\u00e3o da atual crise, quanto para estarmos financeiramente preparados para a retomada econ\u00f4mica e as oportunidades de neg\u00f3cios que surgir\u00e3o com ela&#8221;.<\/p>\n\t<p>\n\t\t<a href=\"https:\/\/lp.statusinvest.com.br\/ao\/assessoria-status-invest\/\" target=\"_blank\" data-element=\"shortcode-suno-banner\" title=\"Banner SUNO, clique e saiba mais\">\n\t\t\t<picture>\n\t\t\t\t<source media=\"(max-width: 500px)\" srcset=\"https:\/\/files.sunoresearch.com.br\/n\/uploads\/2024\/03\/400x300-Mobile.png\">\n\t\t\t\t<img class=\"newsContent__article__imgCapa newsContent__article__imgCapa--banner\"\n\t\t\t\t\tsrc=\"https:\/\/files.sunoresearch.com.br\/n\/uploads\/2024\/03\/1420x240-Desktop.png\"\n\t\t\t\t\tdata-promo-id=\"537248\"\t\t\t\t\t\t\t\t\t\twidth='1400' height='240'\t\t\t\t\talt=\"https:\/\/files.sunoresearch.com.br\/n\/uploads\/2024\/03\/1420x240-Desktop.png\"\n\t\t\t\t>\n\t\t\t<\/picture>\n\t\t<\/a>\n\t<\/p>\n\n\n<p>Al\u00e9m disso, com o objetivo de reduzir despesas e custos, a companhia informou que cortou 80% do sal\u00e1rio de seus dois principais executivos, o CEO Frederico Trajano, e seu vice-presidente de opera\u00e7\u00f5es. As remunera\u00e7\u00f5es dos 12 diretores-executivos tamb\u00e9m foram reduzidos em 50%, assim como para os sete membros do <a href=\"https:\/\/www.suno.com.br\/artigos\/conselho-administracao\/\">Conselho de Administra\u00e7\u00e3o<\/a>. Os demais diretores tiveram seus sal\u00e1rios cortados em 25%.<\/p>\n<p>O Magalu informou que para cumprir o objetivo de n\u00e3o realizar demiss\u00f5es por conta da crise do Covid-19, poder\u00e1 utilizar a MP 936, publicada em 1\u00ba de abril, que prev\u00ea a suspens\u00e3o de contratos de trabalho por at\u00e9 60 dias. Os sal\u00e1rios ser\u00e3o pagos parcialmente, com redu\u00e7\u00e3o proporcional da jornada de trabalho por at\u00e9 tr\u00eas meses.<\/p>\n<p>No m\u00eas passado, <a href=\"https:\/\/www.suno.com.br\/noticias\/magazine-luiza-mglu3-fecha-todas-lojas-fisicas\/\">ap\u00f3s anunciar o fechamento de todas as suas lojas f\u00edsicas<\/a>, o Magazine Luiza deu f\u00e9rias antecipadas e remuneradas a mais de 20 mil colaboradores. Entretanto, n\u00e3o h\u00e1 qualquer ind\u00edcio de quando esses lojas voltar\u00e3o a suas atividades normais.<\/p>\n<p>Al\u00e9m das f\u00e9rias, a empresa est\u00e1 pagando o dobro do &#8216;aux\u00edlio-creche&#8217; aos seus funcion\u00e1rios, para aumentar a remunera\u00e7\u00e3o das equipes de log\u00edstica e distribui\u00e7\u00e3o da varejista.<\/p>\n<p>De acordo com o Magalu, os vendedores das lojas que n\u00e3o forem reabertas, poder\u00e3o trabalhar devido ao aplicativo de vendas, que a empresa implantou em 2016.<\/p>\n<p><a href=\"https:\/\/www.suno.com.br\/noticias\/banco-inter-bidi4-magazine-luiza-mglu3-parceria\/\">Confira: Banco Inter (BIDI4) e Magazine Luiza (MGLU3) fecham parceria<\/a><\/p>\n<p>A varejista informou tamb\u00e9m que manteve a meta de fazer com que os mais de 25 milh\u00f5es de clientes encontrem &#8220;tudo o que desejarem, na hora e no local que escolherem, em um de nossos canais digitais&#8221; e que nada foi alterado devido \u00e0 <a href=\"https:\/\/www.youtube.com\/watch?v=0snRYzfHan0&amp;t=2s\">pandemia<\/a>, com exce\u00e7\u00e3o da velocidade da execu\u00e7\u00e3o do plano, apoiado pelo oferecimento de frete gr\u00e1tis.<\/p>\n<p>&#8220;Nossas entregas feitas em at\u00e9 48 horas, que hoje representam 74% do total, devem crescer significativamente daqui para a frente&#8221;, anunciou o Magazine Luiza na nota, citando seu modelo de &#8220;<em>ship from store<\/em>&#8220;, que envolve a distribui\u00e7\u00e3o dos produtos comprados nos meios digitais e entregues a partir de lojas f\u00edsicas.<\/p>\n<p>Por fim, o\u00a0<strong>Magazine Luiza\u00a0<\/strong>disse estrar renegociando os contratos com seus fornecedores, buscando diminuir os custos e estender os prazos.<\/p>\n\n","protected":false},"excerpt":{"rendered":"<p>O Magazine Luiza (MGLU3) anunciou, na \u00faltima ter\u00e7a-feira (7), algumas medidas, de curto e longo prazo, em combate \u00e0 &#8220;situa\u00e7\u00e3o sem precedentes&#8221; gerada pela pandemia do novo coronav\u00edrus (Covid-19). As informa\u00e7\u00f5es foram divulgadas por meio de um comunicado ao mercado. Magazine Luiza (MGLU3). Cr\u00e9ditos: Divulga\u00e7\u00e3o A companhia informa que, neste momento, possui tr\u00eas prioridades: a [&hellip;]<\/p>\n","protected":false},"author":24,"featured_media":60033,"comment_status":"closed","ping_status":"closed","sticky":false,"template":"","format":"standard","meta":[],"categories":[64],"tags":[2487,548],"suno_strategy":[],"class_list":["post-60868","post","type-post","status-publish","format-standard","has-post-thumbnail","hentry","category-negocios","tag-coronavirus","tag-magazine-luiza-mglu3"],"yoast_head":"<!-- This site is optimized with the Yoast SEO plugin v24.4 - https:\/\/yoast.com\/wordpress\/plugins\/seo\/ -->\n<title>Magazine Luiza (MGLU3) anuncia medidas de combate ao coronav\u00edrus<\/title>\n<meta name=\"description\" content=\"O Magazine Luiza (MGLU3) anunciou, na \u00faltima ter\u00e7a-feira (8), algumas medidas, de curto e longo prazo, em combate ao coronav\u00edrus. Saiba mais.\" \/>\n<meta name=\"robots\" content=\"index, follow, max-snippet:-1, max-image-preview:large, max-video-preview:-1\" \/>\n<link rel=\"canonical\" href=\"https:\/\/www.suno.com.br\/noticias\/magazine-luiza-mglu3-combate-ao-coronavirus\/\" \/>\n<meta property=\"og:locale\" content=\"pt_BR\" \/>\n<meta property=\"og:type\" content=\"article\" \/>\n<meta property=\"og:title\" content=\"Magazine Luiza (MGLU3) anuncia medidas de combate ao coronav\u00edrus\" \/>\n<meta property=\"og:description\" content=\"O Magazine Luiza (MGLU3) anunciou, na \u00faltima ter\u00e7a-feira (8), algumas medidas, de curto e longo prazo, em combate ao coronav\u00edrus. Saiba mais.\" \/>\n<meta property=\"og:url\" content=\"https:\/\/www.suno.com.br\/noticias\/magazine-luiza-mglu3-combate-ao-coronavirus\/\" \/>\n<meta property=\"og:site_name\" content=\"Suno Not\u00edcias\" \/>\n<meta property=\"article:publisher\" content=\"https:\/\/facebook.com\/sunoresearch\" \/>\n<meta property=\"og:image\" content=\"https:\/\/files.sunoresearch.com.br\/n\/uploads\/2020\/04\/23d0426a-magazine-luiza.jpg\" \/>\n\t<meta property=\"og:image:width\" content=\"1600\" \/>\n\t<meta property=\"og:image:height\" content=\"890\" \/>\n\t<meta property=\"og:image:type\" content=\"image\/jpeg\" \/>\n<meta name=\"author\" content=\"Jader Lazarini\" \/>\n<meta name=\"twitter:card\" content=\"summary_large_image\" \/>\n<meta name=\"twitter:creator\" content=\"@sunoresearch\" \/>\n<meta name=\"twitter:site\" content=\"@sunoresearch\" \/>\n<meta name=\"twitter:label1\" content=\"Escrito por\" \/>\n\t<meta name=\"twitter:data1\" content=\"Jader Lazarini\" \/>\n\t<meta name=\"twitter:label2\" content=\"Est. tempo de leitura\" \/>\n\t<meta name=\"twitter:data2\" content=\"3 minutos\" \/>\n<script type=\"application\/ld+json\" class=\"yoast-schema-graph\">{\"@context\":\"https:\/\/schema.org\",\"@graph\":[{\"@type\":\"NewsArticle\",\"@id\":\"https:\/\/www.suno.com.br\/noticias\/magazine-luiza-mglu3-combate-ao-coronavirus\/#article\",\"isPartOf\":{\"@id\":\"https:\/\/www.suno.com.br\/noticias\/magazine-luiza-mglu3-combate-ao-coronavirus\/\"},\"author\":{\"name\":\"Jader Lazarini\",\"@id\":\"https:\/\/www.suno.com.br\/noticias\/#\/schema\/person\/918d79de1f0281f01599b93f9ea6e23f\"},\"headline\":\"Magazine Luiza (MGLU3) anuncia medidas de combate ao coronav\u00edrus\",\"datePublished\":\"2020-04-08T11:13:07+00:00\",\"dateModified\":\"2020-04-08T22:38:02+00:00\",\"mainEntityOfPage\":{\"@id\":\"https:\/\/www.suno.com.br\/noticias\/magazine-luiza-mglu3-combate-ao-coronavirus\/\"},\"wordCount\":655,\"publisher\":{\"@id\":\"https:\/\/www.suno.com.br\/noticias\/#organization\"},\"image\":{\"@id\":\"https:\/\/www.suno.com.br\/noticias\/magazine-luiza-mglu3-combate-ao-coronavirus\/#primaryimage\"},\"thumbnailUrl\":\"https:\/\/files.sunoresearch.com.br\/n\/uploads\/2020\/04\/23d0426a-magazine-luiza-jpg.webp\",\"keywords\":[\"coronav\u00edrus\",\"Magazine Luiza (MGLU3)\"],\"articleSection\":[\"Neg\u00f3cios\"],\"inLanguage\":\"pt-BR\"},{\"@type\":\"WebPage\",\"@id\":\"https:\/\/www.suno.com.br\/noticias\/magazine-luiza-mglu3-combate-ao-coronavirus\/\",\"url\":\"https:\/\/www.suno.com.br\/noticias\/magazine-luiza-mglu3-combate-ao-coronavirus\/\",\"name\":\"Magazine Luiza (MGLU3) anuncia medidas de combate ao coronav\u00edrus\",\"isPartOf\":{\"@id\":\"https:\/\/www.suno.com.br\/noticias\/#website\"},\"primaryImageOfPage\":{\"@id\":\"https:\/\/www.suno.com.br\/noticias\/magazine-luiza-mglu3-combate-ao-coronavirus\/#primaryimage\"},\"image\":{\"@id\":\"https:\/\/www.suno.com.br\/noticias\/magazine-luiza-mglu3-combate-ao-coronavirus\/#primaryimage\"},\"thumbnailUrl\":\"https:\/\/files.sunoresearch.com.br\/n\/uploads\/2020\/04\/23d0426a-magazine-luiza-jpg.webp\",\"datePublished\":\"2020-04-08T11:13:07+00:00\",\"dateModified\":\"2020-04-08T22:38:02+00:00\",\"description\":\"O Magazine Luiza (MGLU3) anunciou, na \u00faltima ter\u00e7a-feira (8), algumas medidas, de curto e longo prazo, em combate ao coronav\u00edrus. Saiba mais.\",\"breadcrumb\":{\"@id\":\"https:\/\/www.suno.com.br\/noticias\/magazine-luiza-mglu3-combate-ao-coronavirus\/#breadcrumb\"},\"inLanguage\":\"pt-BR\",\"potentialAction\":[{\"@type\":\"ReadAction\",\"target\":[\"https:\/\/www.suno.com.br\/noticias\/magazine-luiza-mglu3-combate-ao-coronavirus\/\"]}]},{\"@type\":\"ImageObject\",\"inLanguage\":\"pt-BR\",\"@id\":\"https:\/\/www.suno.com.br\/noticias\/magazine-luiza-mglu3-combate-ao-coronavirus\/#primaryimage\",\"url\":\"https:\/\/files.sunoresearch.com.br\/n\/uploads\/2020\/04\/23d0426a-magazine-luiza-jpg.webp\",\"contentUrl\":\"https:\/\/files.sunoresearch.com.br\/n\/uploads\/2020\/04\/23d0426a-magazine-luiza-jpg.webp\",\"width\":1600,\"height\":890,\"caption\":\"Magazine Luiza (MGLU3). Cr\u00e9ditos: Divulga\u00e7\u00e3o\"},{\"@type\":\"BreadcrumbList\",\"@id\":\"https:\/\/www.suno.com.br\/noticias\/magazine-luiza-mglu3-combate-ao-coronavirus\/#breadcrumb\",\"itemListElement\":[{\"@type\":\"ListItem\",\"position\":1,\"name\":\"Not\u00edcias\",\"item\":\"https:\/\/www.suno.com.br\/noticias\/\"},{\"@type\":\"ListItem\",\"position\":2,\"name\":\"Neg\u00f3cios\",\"item\":\"https:\/\/www.suno.com.br\/noticias\/negocios\/\"},{\"@type\":\"ListItem\",\"position\":3,\"name\":\"Magazine Luiza (MGLU3) anuncia medidas de combate ao coronav\u00edrus\"}]},{\"@type\":\"WebSite\",\"@id\":\"https:\/\/www.suno.com.br\/noticias\/#website\",\"url\":\"https:\/\/www.suno.com.br\/noticias\/\",\"name\":\"Suno Not\u00edcias\",\"description\":\"Seu portal de informa\u00e7\u00e3o sobre o mundo dos investimentos\",\"publisher\":{\"@id\":\"https:\/\/www.suno.com.br\/noticias\/#organization\"},\"potentialAction\":[{\"@type\":\"SearchAction\",\"target\":{\"@type\":\"EntryPoint\",\"urlTemplate\":\"https:\/\/www.suno.com.br\/noticias\/?s={search_term_string}\"},\"query-input\":{\"@type\":\"PropertyValueSpecification\",\"valueRequired\":true,\"valueName\":\"search_term_string\"}}],\"inLanguage\":\"pt-BR\"},{\"@type\":\"Organization\",\"@id\":\"https:\/\/www.suno.com.br\/noticias\/#organization\",\"name\":\"Suno Not\u00edcias\",\"url\":\"https:\/\/www.suno.com.br\/noticias\/\",\"logo\":{\"@type\":\"ImageObject\",\"inLanguage\":\"pt-BR\",\"@id\":\"https:\/\/www.suno.com.br\/noticias\/#\/schema\/logo\/image\/\",\"url\":\"https:\/\/files.sunoresearch.com.br\/n\/uploads\/2021\/09\/suno-logo.png\",\"contentUrl\":\"https:\/\/files.sunoresearch.com.br\/n\/uploads\/2021\/09\/suno-logo.png\",\"width\":180,\"height\":180,\"caption\":\"Suno Not\u00edcias\"},\"image\":{\"@id\":\"https:\/\/www.suno.com.br\/noticias\/#\/schema\/logo\/image\/\"},\"sameAs\":[\"https:\/\/facebook.com\/sunoresearch\",\"https:\/\/x.com\/sunoresearch\",\"https:\/\/www.instagram.com\/suno\",\"https:\/\/www.linkedin.com\/company\/suno-research\/\",\"https:\/\/www.youtube.com\/c\/sunoresearch\"]},{\"@type\":\"Person\",\"@id\":\"https:\/\/www.suno.com.br\/noticias\/#\/schema\/person\/918d79de1f0281f01599b93f9ea6e23f\",\"name\":\"Jader Lazarini\",\"image\":{\"@type\":\"ImageObject\",\"inLanguage\":\"pt-BR\",\"@id\":\"https:\/\/www.suno.com.br\/noticias\/#\/schema\/person\/image\/\",\"url\":\"https:\/\/secure.gravatar.com\/avatar\/3c1ad8caa51589841baeb923fcddea97?s=96&r=g\",\"contentUrl\":\"https:\/\/secure.gravatar.com\/avatar\/3c1ad8caa51589841baeb923fcddea97?s=96&r=g\",\"caption\":\"Jader Lazarini\"},\"description\":\"Jader Lazarini escreve sobre investimentos, finan\u00e7as, economia e neg\u00f3cios. \u00c9 bacharel em Rela\u00e7\u00f5es Internacionais e analista CNPI (2619).\",\"url\":\"https:\/\/www.suno.com.br\/noticias\/author\/jader-lazarini\/\"}]}<\/script>\n<!-- \/ Yoast SEO plugin. -->","yoast_head_json":{"title":"Magazine Luiza (MGLU3) anuncia medidas de combate ao coronav\u00edrus","description":"O Magazine Luiza (MGLU3) anunciou, na \u00faltima ter\u00e7a-feira (8), algumas medidas, de curto e longo prazo, em combate ao coronav\u00edrus. Saiba mais.","robots":{"index":"index","follow":"follow","max-snippet":"max-snippet:-1","max-image-preview":"max-image-preview:large","max-video-preview":"max-video-preview:-1"},"canonical":"https:\/\/www.suno.com.br\/noticias\/magazine-luiza-mglu3-combate-ao-coronavirus\/","og_locale":"pt_BR","og_type":"article","og_title":"Magazine Luiza (MGLU3) anuncia medidas de combate ao coronav\u00edrus","og_description":"O Magazine Luiza (MGLU3) anunciou, na \u00faltima ter\u00e7a-feira (8), algumas medidas, de curto e longo prazo, em combate ao coronav\u00edrus. Saiba mais.","og_url":"https:\/\/www.suno.com.br\/noticias\/magazine-luiza-mglu3-combate-ao-coronavirus\/","og_site_name":"Suno Not\u00edcias","article_publisher":"https:\/\/facebook.com\/sunoresearch","og_image":[{"width":1600,"height":890,"url":"https:\/\/files.sunoresearch.com.br\/n\/uploads\/2020\/04\/23d0426a-magazine-luiza.jpg","type":"image\/jpeg"}],"author":"Jader Lazarini","twitter_card":"summary_large_image","twitter_creator":"@sunoresearch","twitter_site":"@sunoresearch","twitter_misc":{"Escrito por":"Jader Lazarini","Est. tempo de leitura":"3 minutos"},"schema":{"@context":"https:\/\/schema.org","@graph":[{"@type":"NewsArticle","@id":"https:\/\/www.suno.com.br\/noticias\/magazine-luiza-mglu3-combate-ao-coronavirus\/#article","isPartOf":{"@id":"https:\/\/www.suno.com.br\/noticias\/magazine-luiza-mglu3-combate-ao-coronavirus\/"},"author":{"name":"Jader Lazarini","@id":"https:\/\/www.suno.com.br\/noticias\/#\/schema\/person\/918d79de1f0281f01599b93f9ea6e23f"},"headline":"Magazine Luiza (MGLU3) anuncia medidas de combate ao coronav\u00edrus","datePublished":"2020-04-08T11:13:07+00:00","dateModified":"2020-04-08T22:38:02+00:00","mainEntityOfPage":{"@id":"https:\/\/www.suno.com.br\/noticias\/magazine-luiza-mglu3-combate-ao-coronavirus\/"},"wordCount":655,"publisher":{"@id":"https:\/\/www.suno.com.br\/noticias\/#organization"},"image":{"@id":"https:\/\/www.suno.com.br\/noticias\/magazine-luiza-mglu3-combate-ao-coronavirus\/#primaryimage"},"thumbnailUrl":"https:\/\/files.sunoresearch.com.br\/n\/uploads\/2020\/04\/23d0426a-magazine-luiza-jpg.webp","keywords":["coronav\u00edrus","Magazine Luiza (MGLU3)"],"articleSection":["Neg\u00f3cios"],"inLanguage":"pt-BR"},{"@type":"WebPage","@id":"https:\/\/www.suno.com.br\/noticias\/magazine-luiza-mglu3-combate-ao-coronavirus\/","url":"https:\/\/www.suno.com.br\/noticias\/magazine-luiza-mglu3-combate-ao-coronavirus\/","name":"Magazine Luiza (MGLU3) anuncia medidas de combate ao coronav\u00edrus","isPartOf":{"@id":"https:\/\/www.suno.com.br\/noticias\/#website"},"primaryImageOfPage":{"@id":"https:\/\/www.suno.com.br\/noticias\/magazine-luiza-mglu3-combate-ao-coronavirus\/#primaryimage"},"image":{"@id":"https:\/\/www.suno.com.br\/noticias\/magazine-luiza-mglu3-combate-ao-coronavirus\/#primaryimage"},"thumbnailUrl":"https:\/\/files.sunoresearch.com.br\/n\/uploads\/2020\/04\/23d0426a-magazine-luiza-jpg.webp","datePublished":"2020-04-08T11:13:07+00:00","dateModified":"2020-04-08T22:38:02+00:00","description":"O Magazine Luiza (MGLU3) anunciou, na \u00faltima ter\u00e7a-feira (8), algumas medidas, de curto e longo prazo, em combate ao coronav\u00edrus. Saiba mais.","breadcrumb":{"@id":"https:\/\/www.suno.com.br\/noticias\/magazine-luiza-mglu3-combate-ao-coronavirus\/#breadcrumb"},"inLanguage":"pt-BR","potentialAction":[{"@type":"ReadAction","target":["https:\/\/www.suno.com.br\/noticias\/magazine-luiza-mglu3-combate-ao-coronavirus\/"]}]},{"@type":"ImageObject","inLanguage":"pt-BR","@id":"https:\/\/www.suno.com.br\/noticias\/magazine-luiza-mglu3-combate-ao-coronavirus\/#primaryimage","url":"https:\/\/files.sunoresearch.com.br\/n\/uploads\/2020\/04\/23d0426a-magazine-luiza-jpg.webp","contentUrl":"https:\/\/files.sunoresearch.com.br\/n\/uploads\/2020\/04\/23d0426a-magazine-luiza-jpg.webp","width":1600,"height":890,"caption":"Magazine Luiza (MGLU3). Cr\u00e9ditos: Divulga\u00e7\u00e3o"},{"@type":"BreadcrumbList","@id":"https:\/\/www.suno.com.br\/noticias\/magazine-luiza-mglu3-combate-ao-coronavirus\/#breadcrumb","itemListElement":[{"@type":"ListItem","position":1,"name":"Not\u00edcias","item":"https:\/\/www.suno.com.br\/noticias\/"},{"@type":"ListItem","position":2,"name":"Neg\u00f3cios","item":"https:\/\/www.suno.com.br\/noticias\/negocios\/"},{"@type":"ListItem","position":3,"name":"Magazine Luiza (MGLU3) anuncia medidas de combate ao coronav\u00edrus"}]},{"@type":"WebSite","@id":"https:\/\/www.suno.com.br\/noticias\/#website","url":"https:\/\/www.suno.com.br\/noticias\/","name":"Suno Not\u00edcias","description":"Seu portal de informa\u00e7\u00e3o sobre o mundo dos investimentos","publisher":{"@id":"https:\/\/www.suno.com.br\/noticias\/#organization"},"potentialAction":[{"@type":"SearchAction","target":{"@type":"EntryPoint","urlTemplate":"https:\/\/www.suno.com.br\/noticias\/?s={search_term_string}"},"query-input":{"@type":"PropertyValueSpecification","valueRequired":true,"valueName":"search_term_string"}}],"inLanguage":"pt-BR"},{"@type":"Organization","@id":"https:\/\/www.suno.com.br\/noticias\/#organization","name":"Suno Not\u00edcias","url":"https:\/\/www.suno.com.br\/noticias\/","logo":{"@type":"ImageObject","inLanguage":"pt-BR","@id":"https:\/\/www.suno.com.br\/noticias\/#\/schema\/logo\/image\/","url":"https:\/\/files.sunoresearch.com.br\/n\/uploads\/2021\/09\/suno-logo.png","contentUrl":"https:\/\/files.sunoresearch.com.br\/n\/uploads\/2021\/09\/suno-logo.png","width":180,"height":180,"caption":"Suno Not\u00edcias"},"image":{"@id":"https:\/\/www.suno.com.br\/noticias\/#\/schema\/logo\/image\/"},"sameAs":["https:\/\/facebook.com\/sunoresearch","https:\/\/x.com\/sunoresearch","https:\/\/www.instagram.com\/suno","https:\/\/www.linkedin.com\/company\/suno-research\/","https:\/\/www.youtube.com\/c\/sunoresearch"]},{"@type":"Person","@id":"https:\/\/www.suno.com.br\/noticias\/#\/schema\/person\/918d79de1f0281f01599b93f9ea6e23f","name":"Jader Lazarini","image":{"@type":"ImageObject","inLanguage":"pt-BR","@id":"https:\/\/www.suno.com.br\/noticias\/#\/schema\/person\/image\/","url":"https:\/\/secure.gravatar.com\/avatar\/3c1ad8caa51589841baeb923fcddea97?s=96&r=g","contentUrl":"https:\/\/secure.gravatar.com\/avatar\/3c1ad8caa51589841baeb923fcddea97?s=96&r=g","caption":"Jader Lazarini"},"description":"Jader Lazarini escreve sobre investimentos, finan\u00e7as, economia e neg\u00f3cios. \u00c9 bacharel em Rela\u00e7\u00f5es Internacionais e analista CNPI (2619).","url":"https:\/\/www.suno.com.br\/noticias\/author\/jader-lazarini\/"}]}},"default_loop_html":"<div class=\"cardsPage__listCard__boxs\"><div class=\"cardsPage__listCard__boxs__img\"><a href=\"https:\/\/www.suno.com.br\/noticias\/magazine-luiza-mglu3-combate-ao-coronavirus\/\"><img class=\"mask\" src=\"https:\/\/www.suno.com.br\/noticias\/wp-content\/themes\/suno\/resources\/images\/spotlight\/spotlight1img\/bg-mask.png\" alt=\"Image Mask\"\/><img src=\"https:\/\/files.sunoresearch.com.br\/n\/uploads\/2020\/04\/23d0426a-magazine-luiza-400x200.webp\" alt=\"Magazine Luiza (MGLU3) anuncia medidas de combate ao coronav\u00edrus\"\/><\/a><span class=\"spotlightCategory\"><a href=\"https:\/\/www.suno.com.br\/noticias\/negocios\/\">Neg\u00f3cios<\/a><\/span><\/div><div class=\"cardsPage__listCard__boxs__content\"><a href=\"https:\/\/www.suno.com.br\/noticias\/magazine-luiza-mglu3-combate-ao-coronavirus\/\"><h2 class=\"content__title\">Magazine Luiza (MGLU3) anuncia medidas de combate ao coronav\u00edrus<\/h2><\/a><div class=\"newsContent__article__meta\"><div class=\"newsContent__article__meta__authorBox\"><a href=\"https:\/\/www.suno.com.br\/noticias\/author\/jader-lazarini\/\" class=\"authorBox__avatar noMobi\"><img src=\"https:\/\/files.sunoresearch.com.br\/n\/uploads\/2021\/01\/178e6598-foto-perfil-2-150x150.jpg\" alt=\"Jader Lazarini\"><\/a><div class=\"authorBox__name\"><span>por\n\t\t\t<a href=\"https:\/\/www.suno.com.br\/noticias\/author\/jader-lazarini\/\"><span itemprop=\"author\">Jader Lazarini<\/span><\/a><\/span><time datetime=\"2020-04-08T08:13:07-03:00\" itemprop=\"datePublished\">08\/04\/2020 08:13<\/time><\/div><\/div><\/div><\/div><\/div>","single_layout":"posts","amp_enabled":true,"_links":{"self":[{"href":"https:\/\/www.suno.com.br\/noticias\/wp-json\/wp\/v2\/posts\/60868"}],"collection":[{"href":"https:\/\/www.suno.com.br\/noticias\/wp-json\/wp\/v2\/posts"}],"about":[{"href":"https:\/\/www.suno.com.br\/noticias\/wp-json\/wp\/v2\/types\/post"}],"author":[{"embeddable":true,"href":"https:\/\/www.suno.com.br\/noticias\/wp-json\/wp\/v2\/users\/24"}],"replies":[{"embeddable":true,"href":"https:\/\/www.suno.com.br\/noticias\/wp-json\/wp\/v2\/comments?post=60868"}],"version-history":[{"count":0,"href":"https:\/\/www.suno.com.br\/noticias\/wp-json\/wp\/v2\/posts\/60868\/revisions"}],"wp:featuredmedia":[{"embeddable":true,"href":"https:\/\/www.suno.com.br\/noticias\/wp-json\/wp\/v2\/media\/60033"}],"wp:attachment":[{"href":"https:\/\/www.suno.com.br\/noticias\/wp-json\/wp\/v2\/media?parent=60868"}],"wp:term":[{"taxonomy":"category","embeddable":true,"href":"https:\/\/www.suno.com.br\/noticias\/wp-json\/wp\/v2\/categories?post=60868"},{"taxonomy":"post_tag","embeddable":true,"href":"https:\/\/www.suno.com.br\/noticias\/wp-json\/wp\/v2\/tags?post=60868"},{"taxonomy":"suno_strategy","embeddable":true,"href":"https:\/\/www.suno.com.br\/noticias\/wp-json\/wp\/v2\/suno_strategy?post=60868"}],"curies":[{"name":"wp","href":"https:\/\/api.w.org\/{rel}","templated":true}]}}