{"id":60835,"date":"2020-04-07T18:54:21","date_gmt":"2020-04-07T21:54:21","guid":{"rendered":"https:\/\/www.suno.com.br\/noticias\/?p=60835"},"modified":"2020-04-07T18:54:21","modified_gmt":"2020-04-07T21:54:21","slug":"banco-pan-cheque-especial","status":"publish","type":"post","link":"https:\/\/www.suno.com.br\/noticias\/banco-pan-cheque-especial\/","title":{"rendered":"Banco PAN (BPAN4) reduz taxa do cheque especial para 4% ao m\u00eas"},"content":{"rendered":"<p>O <a href=\"https:\/\/www.suno.com.br\/acoes\/bpan4\/\"><strong>Banco PAN<\/strong> (BPAN4)<\/a> anunciou nesta ter\u00e7a-feira (7) a redu\u00e7\u00e3o da taxa do <a href=\"https:\/\/www.suno.com.br\/artigos\/cheque-especial\/\">cheque especial<\/a> para 4%, ante, no m\u00e1ximo, 8% ao m\u00eas. O novo valor para os meses de abril e maio, para clientes com conta digital ou com cart\u00e3o de cr\u00e9dito PAN.<\/p>\t<div class=\"wrapper-featured-image\">\n\t\t<figure class=\"spotlightImg\">\n\n\t\t\t<picture>\n\t\t\t\t<source media=\"(max-width: 768px)\" srcset=\"https:\/\/files.sunoresearch.com.br\/n\/uploads\/2019\/07\/3457f294-banco-pan-400x200.webp\">\n\t\t\t\t<img loading=\"lazy\" decoding=\"async\" class=\"newsContent__article__imgCapa lazyloadDisabled newsContent__article__imgCapa--noCaption\" src=\"https:\/\/files.sunoresearch.com.br\/n\/uploads\/2019\/07\/3457f294-banco-pan-jpg.webp\" width=\"800\" height=\"450\" alt=\"Banco PAN (BPAN4) reduz taxa do cheque especial para 4% ao m\u00eas\" fetchpriority=high \/>\n\t\t\t<\/picture>\n\n\t\t\t<figcaption class=\"wp-caption-text wp-caption-text--hide\">Banco Pan (BPAN4) lidera ranking de reclama\u00e7\u00f5es do Banco Central <\/figcaption>\n\t\t<\/figure>\n\t<\/div>\n\n\n\n<p>O <a href=\"https:\/\/www.suno.com.br\/artigos\/bacen\/\">Banco Central (BC)<\/a> havia limitado em janeiro os juros cobrados no cheque especial ao teto de 8% ao m\u00eas. No entanto, em vista das preocupa\u00e7\u00f5es com a crise do novo coronav\u00edrus (covid-19), o <strong>Banco PAN<\/strong> decidiu cortar o percentual.<\/p>\n<p><a href=\"https:\/\/www.suno.com.br\/noticias\/banco-pan-lancamento-conta-digital\/\">Saiba mais: Banco Pan anuncia lan\u00e7amento de conta digital focada em classes C, D e E<\/a><\/p>\n<p>No mesmo sentido, a Caixa Econ\u00f4mica Federal tamb\u00e9m resolveu por reduzir a taxa no cheque especial. O banco estatal foi al\u00e9m e cortou, no final de mar\u00e7o, de 4,25% para 2,9% ao m\u00eas.<\/p>\n<p>Al\u00e9m disso, o Banco ir\u00e1 conceder um pacote em dobro para todas as transa\u00e7\u00f5es realizadas em conta corrente, gratuitamente. Dessa forma, est\u00e3o contemplados:<\/p>\n<ul>\n<li>Transfer\u00eancias;<\/li>\n<li>Saques;<\/li>\n<li>Dep\u00f3sitos por boleto<\/li>\n<\/ul>\n<p>A institui\u00e7\u00e3o tamb\u00e9m garantir\u00e1 a extens\u00e3o do prazo de parcelamento da fatura do cart\u00e3o de cr\u00e9dito para o per\u00edodo de at\u00e9 24 meses. Tamb\u00e9m, os pontos acumulados no programa de recompensas do PAN Mais + que teriam prazo de vencimento para abril e maio poder\u00e3o ser utilizados at\u00e9 junho.<\/p>\n<p><a href=\"https:\/\/www.suno.com.br\/noticias\/banco-pan-bpan4-pagara-r-32-milhoes-em-dividendos\/\">Saiba mais: Banco Pan (BPAN4) pagar\u00e1 R$ 3,2 milh\u00f5es em dividendos<\/a><\/p>\n<p>\u201cEssa \u00e9 uma maneira de ajudar nossos clientes. Somos especialistas em cr\u00e9dito e servi\u00e7os financeiros para as classes CDE e sabemos da import\u00e2ncia dessas medidas nesse momento\u201d, afirmou em nota o diretor de banco digital e meios de pagamento do PAN, Diogo Ciuffo.<\/p>\n<h2>Medidas do Banco PAN para usu\u00e1rios do INSS<\/h2>\n<p>Para aposentados e pensionistas do <strong>Instituto Nacional de Seguran\u00e7a Social (INSS)<\/strong>, o Banco PAN flexibilizou as condi\u00e7\u00f5es de <a href=\"https:\/\/www.suno.com.br\/artigos\/emprestimo-bancario\/\">contrata\u00e7\u00e3o de empr\u00e9stimo<\/a> e cart\u00e3o consignado. O teto da taxa cobrada sobre empr\u00e9stimos caiu de 2,08%, para 1,8% ao m\u00eas. No que tange ao cart\u00e3o de cr\u00e9dito consignado, o percentual foi reduzido a 2,7%, ante 3% ao m\u00eas. O prazo m\u00e1ximo para pagamento do empr\u00e9stimo tamb\u00e9m foi ampliado: foi de 84 para 72 meses.<\/p>\n\t<p>\n\t\t<a href=\"https:\/\/lp.suno.com.br\/asset\/fundos\/suno-fic-fia\/\" target=\"_blank\" data-element=\"shortcode-suno-banner\" title=\"Banner SUNO, clique e saiba mais\">\n\t\t\t<picture>\n\t\t\t\t<source media=\"(max-width: 500px)\" srcset=\"https:\/\/files.sunoresearch.com.br\/n\/uploads\/2023\/10\/SUNO-FIC-FIA-400x300-Mobile-Artigos-5.png\">\n\t\t\t\t<img class=\"newsContent__article__imgCapa newsContent__article__imgCapa--banner\"\n\t\t\t\t\tsrc=\"https:\/\/files.sunoresearch.com.br\/n\/uploads\/2023\/10\/SUNO-FIC-FIA-1420x240-Banner-Artigos-1-_-Banner-Materias-4.png\"\n\t\t\t\t\tdata-promo-id=\"478742\"\t\t\t\t\t\t\t\t\t\twidth='2840' height='480'\t\t\t\t\talt=\"https:\/\/files.sunoresearch.com.br\/n\/uploads\/2023\/10\/SUNO-FIC-FIA-1420x240-Banner-Artigos-1-_-Banner-Materias-4.png\"\n\t\t\t\t>\n\t\t\t<\/picture>\n\t\t<\/a>\n\t<\/p>\n\n\n<p>O diretor comercial do <strong>Banco PAN,<\/strong> Alex Gon\u00e7alves, salientou que \u201cos aposentados utilizam estes recursos principalmente para pagar d\u00edvidas mais caras e gastos com a sa\u00fade, o que refor\u00e7a a import\u00e2ncia das medidas nesse momento de crise\u201d.<\/p>\n\n","protected":false},"excerpt":{"rendered":"<p>O Banco PAN (BPAN4) anunciou nesta ter\u00e7a-feira (7) a redu\u00e7\u00e3o da taxa do cheque especial para 4%, ante, no m\u00e1ximo, 8% ao m\u00eas. O novo valor para os meses de abril e maio, para clientes com conta digital ou com cart\u00e3o de cr\u00e9dito PAN. Banco Pan (BPAN4) lidera ranking de reclama\u00e7\u00f5es do Banco Central O [&hellip;]<\/p>\n","protected":false},"author":35,"featured_media":31164,"comment_status":"closed","ping_status":"closed","sticky":false,"template":"","format":"standard","meta":[],"categories":[64],"tags":[370,1199,1789,1867],"suno_strategy":[],"class_list":["post-60835","post","type-post","status-publish","format-standard","has-post-thumbnail","hentry","category-negocios","tag-banco-pan-bpan4","tag-caixa-economica-federal-cef","tag-cheque-especial","tag-emprestimos"],"yoast_head":"<!-- This site is optimized with the Yoast SEO plugin v24.4 - https:\/\/yoast.com\/wordpress\/plugins\/seo\/ -->\n<title>Banco PAN (BPAN4) reduz taxa do cheque especial para 4% ao m\u00eas<\/title>\n<meta name=\"description\" content=\"O Banco PAN (BPAN4) reduziu a taxa do cheque especial para 4%, ante, no m\u00e1ximo, 8% ao m\u00eas, para abril e maio. Clique para saber mais\" \/>\n<meta name=\"robots\" content=\"index, follow, max-snippet:-1, max-image-preview:large, max-video-preview:-1\" \/>\n<link rel=\"canonical\" href=\"https:\/\/www.suno.com.br\/noticias\/banco-pan-cheque-especial\/\" \/>\n<meta property=\"og:locale\" content=\"pt_BR\" \/>\n<meta property=\"og:type\" content=\"article\" \/>\n<meta property=\"og:title\" content=\"Banco PAN (BPAN4) reduz taxa do cheque especial para 4% ao m\u00eas\" \/>\n<meta property=\"og:description\" content=\"O Banco PAN (BPAN4) reduziu a taxa do cheque especial para 4%, ante, no m\u00e1ximo, 8% ao m\u00eas, para abril e maio. Clique para saber mais\" \/>\n<meta property=\"og:url\" content=\"https:\/\/www.suno.com.br\/noticias\/banco-pan-cheque-especial\/\" \/>\n<meta property=\"og:site_name\" content=\"Suno Not\u00edcias\" \/>\n<meta property=\"article:publisher\" content=\"https:\/\/facebook.com\/sunoresearch\" \/>\n<meta property=\"og:image\" content=\"https:\/\/files.sunoresearch.com.br\/n\/uploads\/2019\/07\/3457f294-banco-pan.jpg\" \/>\n\t<meta property=\"og:image:width\" content=\"600\" \/>\n\t<meta property=\"og:image:height\" content=\"400\" \/>\n\t<meta property=\"og:image:type\" content=\"image\/jpeg\" \/>\n<meta name=\"author\" content=\"Arthur Guimar\u00e3es\" \/>\n<meta name=\"twitter:card\" content=\"summary_large_image\" \/>\n<meta name=\"twitter:creator\" content=\"@sunoresearch\" \/>\n<meta name=\"twitter:site\" content=\"@sunoresearch\" \/>\n<meta name=\"twitter:label1\" content=\"Escrito por\" \/>\n\t<meta name=\"twitter:data1\" content=\"Arthur Guimar\u00e3es\" \/>\n\t<meta name=\"twitter:label2\" content=\"Est. tempo de leitura\" \/>\n\t<meta name=\"twitter:data2\" content=\"2 minutos\" \/>\n<script type=\"application\/ld+json\" class=\"yoast-schema-graph\">{\"@context\":\"https:\/\/schema.org\",\"@graph\":[{\"@type\":\"NewsArticle\",\"@id\":\"https:\/\/www.suno.com.br\/noticias\/banco-pan-cheque-especial\/#article\",\"isPartOf\":{\"@id\":\"https:\/\/www.suno.com.br\/noticias\/banco-pan-cheque-especial\/\"},\"author\":{\"name\":\"Arthur Guimar\u00e3es\",\"@id\":\"https:\/\/www.suno.com.br\/noticias\/#\/schema\/person\/053a750a709a263919a20f976caae91c\"},\"headline\":\"Banco PAN (BPAN4) reduz taxa do cheque especial para 4% ao m\u00eas\",\"datePublished\":\"2020-04-07T21:54:21+00:00\",\"mainEntityOfPage\":{\"@id\":\"https:\/\/www.suno.com.br\/noticias\/banco-pan-cheque-especial\/\"},\"wordCount\":439,\"publisher\":{\"@id\":\"https:\/\/www.suno.com.br\/noticias\/#organization\"},\"image\":{\"@id\":\"https:\/\/www.suno.com.br\/noticias\/banco-pan-cheque-especial\/#primaryimage\"},\"thumbnailUrl\":\"https:\/\/files.sunoresearch.com.br\/n\/uploads\/2019\/07\/3457f294-banco-pan-jpg.webp\",\"keywords\":[\"Banco Pan (BPAN4)\",\"Caixa Econ\u00f4mica Federal (CEF)\",\"cheque especial\",\"empr\u00e9stimos\"],\"articleSection\":[\"Neg\u00f3cios\"],\"inLanguage\":\"pt-BR\"},{\"@type\":\"WebPage\",\"@id\":\"https:\/\/www.suno.com.br\/noticias\/banco-pan-cheque-especial\/\",\"url\":\"https:\/\/www.suno.com.br\/noticias\/banco-pan-cheque-especial\/\",\"name\":\"Banco PAN (BPAN4) reduz taxa do cheque especial para 4% ao m\u00eas\",\"isPartOf\":{\"@id\":\"https:\/\/www.suno.com.br\/noticias\/#website\"},\"primaryImageOfPage\":{\"@id\":\"https:\/\/www.suno.com.br\/noticias\/banco-pan-cheque-especial\/#primaryimage\"},\"image\":{\"@id\":\"https:\/\/www.suno.com.br\/noticias\/banco-pan-cheque-especial\/#primaryimage\"},\"thumbnailUrl\":\"https:\/\/files.sunoresearch.com.br\/n\/uploads\/2019\/07\/3457f294-banco-pan-jpg.webp\",\"datePublished\":\"2020-04-07T21:54:21+00:00\",\"description\":\"O Banco PAN (BPAN4) reduziu a taxa do cheque especial para 4%, ante, no m\u00e1ximo, 8% ao m\u00eas, para abril e maio. Clique para saber mais\",\"breadcrumb\":{\"@id\":\"https:\/\/www.suno.com.br\/noticias\/banco-pan-cheque-especial\/#breadcrumb\"},\"inLanguage\":\"pt-BR\",\"potentialAction\":[{\"@type\":\"ReadAction\",\"target\":[\"https:\/\/www.suno.com.br\/noticias\/banco-pan-cheque-especial\/\"]}]},{\"@type\":\"ImageObject\",\"inLanguage\":\"pt-BR\",\"@id\":\"https:\/\/www.suno.com.br\/noticias\/banco-pan-cheque-especial\/#primaryimage\",\"url\":\"https:\/\/files.sunoresearch.com.br\/n\/uploads\/2019\/07\/3457f294-banco-pan-jpg.webp\",\"contentUrl\":\"https:\/\/files.sunoresearch.com.br\/n\/uploads\/2019\/07\/3457f294-banco-pan-jpg.webp\",\"width\":600,\"height\":400,\"caption\":\"Banco Pan (BPAN4) lidera ranking de reclama\u00e7\u00f5es do Banco Central\"},{\"@type\":\"BreadcrumbList\",\"@id\":\"https:\/\/www.suno.com.br\/noticias\/banco-pan-cheque-especial\/#breadcrumb\",\"itemListElement\":[{\"@type\":\"ListItem\",\"position\":1,\"name\":\"Not\u00edcias\",\"item\":\"https:\/\/www.suno.com.br\/noticias\/\"},{\"@type\":\"ListItem\",\"position\":2,\"name\":\"Neg\u00f3cios\",\"item\":\"https:\/\/www.suno.com.br\/noticias\/negocios\/\"},{\"@type\":\"ListItem\",\"position\":3,\"name\":\"Banco PAN (BPAN4) reduz taxa do cheque especial para 4% ao m\u00eas\"}]},{\"@type\":\"WebSite\",\"@id\":\"https:\/\/www.suno.com.br\/noticias\/#website\",\"url\":\"https:\/\/www.suno.com.br\/noticias\/\",\"name\":\"Suno Not\u00edcias\",\"description\":\"Seu portal de informa\u00e7\u00e3o sobre o mundo dos investimentos\",\"publisher\":{\"@id\":\"https:\/\/www.suno.com.br\/noticias\/#organization\"},\"potentialAction\":[{\"@type\":\"SearchAction\",\"target\":{\"@type\":\"EntryPoint\",\"urlTemplate\":\"https:\/\/www.suno.com.br\/noticias\/?s={search_term_string}\"},\"query-input\":{\"@type\":\"PropertyValueSpecification\",\"valueRequired\":true,\"valueName\":\"search_term_string\"}}],\"inLanguage\":\"pt-BR\"},{\"@type\":\"Organization\",\"@id\":\"https:\/\/www.suno.com.br\/noticias\/#organization\",\"name\":\"Suno Not\u00edcias\",\"url\":\"https:\/\/www.suno.com.br\/noticias\/\",\"logo\":{\"@type\":\"ImageObject\",\"inLanguage\":\"pt-BR\",\"@id\":\"https:\/\/www.suno.com.br\/noticias\/#\/schema\/logo\/image\/\",\"url\":\"https:\/\/files.sunoresearch.com.br\/n\/uploads\/2021\/09\/suno-logo.png\",\"contentUrl\":\"https:\/\/files.sunoresearch.com.br\/n\/uploads\/2021\/09\/suno-logo.png\",\"width\":180,\"height\":180,\"caption\":\"Suno Not\u00edcias\"},\"image\":{\"@id\":\"https:\/\/www.suno.com.br\/noticias\/#\/schema\/logo\/image\/\"},\"sameAs\":[\"https:\/\/facebook.com\/sunoresearch\",\"https:\/\/x.com\/sunoresearch\",\"https:\/\/www.instagram.com\/suno\",\"https:\/\/www.linkedin.com\/company\/suno-research\/\",\"https:\/\/www.youtube.com\/c\/sunoresearch\"]},{\"@type\":\"Person\",\"@id\":\"https:\/\/www.suno.com.br\/noticias\/#\/schema\/person\/053a750a709a263919a20f976caae91c\",\"name\":\"Arthur Guimar\u00e3es\",\"image\":{\"@type\":\"ImageObject\",\"inLanguage\":\"pt-BR\",\"@id\":\"https:\/\/www.suno.com.br\/noticias\/#\/schema\/person\/image\/\",\"url\":\"https:\/\/secure.gravatar.com\/avatar\/1affd86a11209ae09eb6dd3bcad3e96c?s=96&r=g\",\"contentUrl\":\"https:\/\/secure.gravatar.com\/avatar\/1affd86a11209ae09eb6dd3bcad3e96c?s=96&r=g\",\"caption\":\"Arthur Guimar\u00e3es\"},\"description\":\"Arthur Guimar\u00e3es escreve sobre pol\u00edtica, economia e neg\u00f3cios para o portal de not\u00edcias da Suno Research. Atualmente, \u00e9 estudante de jornalismo pela Faculdade C\u00e1sper L\u00edbero.\",\"url\":\"https:\/\/www.suno.com.br\/noticias\/author\/arthur-guimaraes\/\"}]}<\/script>\n<!-- \/ Yoast SEO plugin. -->","yoast_head_json":{"title":"Banco PAN (BPAN4) reduz taxa do cheque especial para 4% ao m\u00eas","description":"O Banco PAN (BPAN4) reduziu a taxa do cheque especial para 4%, ante, no m\u00e1ximo, 8% ao m\u00eas, para abril e maio. Clique para saber mais","robots":{"index":"index","follow":"follow","max-snippet":"max-snippet:-1","max-image-preview":"max-image-preview:large","max-video-preview":"max-video-preview:-1"},"canonical":"https:\/\/www.suno.com.br\/noticias\/banco-pan-cheque-especial\/","og_locale":"pt_BR","og_type":"article","og_title":"Banco PAN (BPAN4) reduz taxa do cheque especial para 4% ao m\u00eas","og_description":"O Banco PAN (BPAN4) reduziu a taxa do cheque especial para 4%, ante, no m\u00e1ximo, 8% ao m\u00eas, para abril e maio. Clique para saber mais","og_url":"https:\/\/www.suno.com.br\/noticias\/banco-pan-cheque-especial\/","og_site_name":"Suno Not\u00edcias","article_publisher":"https:\/\/facebook.com\/sunoresearch","og_image":[{"width":600,"height":400,"url":"https:\/\/files.sunoresearch.com.br\/n\/uploads\/2019\/07\/3457f294-banco-pan.jpg","type":"image\/jpeg"}],"author":"Arthur Guimar\u00e3es","twitter_card":"summary_large_image","twitter_creator":"@sunoresearch","twitter_site":"@sunoresearch","twitter_misc":{"Escrito por":"Arthur Guimar\u00e3es","Est. tempo de leitura":"2 minutos"},"schema":{"@context":"https:\/\/schema.org","@graph":[{"@type":"NewsArticle","@id":"https:\/\/www.suno.com.br\/noticias\/banco-pan-cheque-especial\/#article","isPartOf":{"@id":"https:\/\/www.suno.com.br\/noticias\/banco-pan-cheque-especial\/"},"author":{"name":"Arthur Guimar\u00e3es","@id":"https:\/\/www.suno.com.br\/noticias\/#\/schema\/person\/053a750a709a263919a20f976caae91c"},"headline":"Banco PAN (BPAN4) reduz taxa do cheque especial para 4% ao m\u00eas","datePublished":"2020-04-07T21:54:21+00:00","mainEntityOfPage":{"@id":"https:\/\/www.suno.com.br\/noticias\/banco-pan-cheque-especial\/"},"wordCount":439,"publisher":{"@id":"https:\/\/www.suno.com.br\/noticias\/#organization"},"image":{"@id":"https:\/\/www.suno.com.br\/noticias\/banco-pan-cheque-especial\/#primaryimage"},"thumbnailUrl":"https:\/\/files.sunoresearch.com.br\/n\/uploads\/2019\/07\/3457f294-banco-pan-jpg.webp","keywords":["Banco Pan (BPAN4)","Caixa Econ\u00f4mica Federal (CEF)","cheque especial","empr\u00e9stimos"],"articleSection":["Neg\u00f3cios"],"inLanguage":"pt-BR"},{"@type":"WebPage","@id":"https:\/\/www.suno.com.br\/noticias\/banco-pan-cheque-especial\/","url":"https:\/\/www.suno.com.br\/noticias\/banco-pan-cheque-especial\/","name":"Banco PAN (BPAN4) reduz taxa do cheque especial para 4% ao m\u00eas","isPartOf":{"@id":"https:\/\/www.suno.com.br\/noticias\/#website"},"primaryImageOfPage":{"@id":"https:\/\/www.suno.com.br\/noticias\/banco-pan-cheque-especial\/#primaryimage"},"image":{"@id":"https:\/\/www.suno.com.br\/noticias\/banco-pan-cheque-especial\/#primaryimage"},"thumbnailUrl":"https:\/\/files.sunoresearch.com.br\/n\/uploads\/2019\/07\/3457f294-banco-pan-jpg.webp","datePublished":"2020-04-07T21:54:21+00:00","description":"O Banco PAN (BPAN4) reduziu a taxa do cheque especial para 4%, ante, no m\u00e1ximo, 8% ao m\u00eas, para abril e maio. Clique para saber mais","breadcrumb":{"@id":"https:\/\/www.suno.com.br\/noticias\/banco-pan-cheque-especial\/#breadcrumb"},"inLanguage":"pt-BR","potentialAction":[{"@type":"ReadAction","target":["https:\/\/www.suno.com.br\/noticias\/banco-pan-cheque-especial\/"]}]},{"@type":"ImageObject","inLanguage":"pt-BR","@id":"https:\/\/www.suno.com.br\/noticias\/banco-pan-cheque-especial\/#primaryimage","url":"https:\/\/files.sunoresearch.com.br\/n\/uploads\/2019\/07\/3457f294-banco-pan-jpg.webp","contentUrl":"https:\/\/files.sunoresearch.com.br\/n\/uploads\/2019\/07\/3457f294-banco-pan-jpg.webp","width":600,"height":400,"caption":"Banco Pan (BPAN4) lidera ranking de reclama\u00e7\u00f5es do Banco Central"},{"@type":"BreadcrumbList","@id":"https:\/\/www.suno.com.br\/noticias\/banco-pan-cheque-especial\/#breadcrumb","itemListElement":[{"@type":"ListItem","position":1,"name":"Not\u00edcias","item":"https:\/\/www.suno.com.br\/noticias\/"},{"@type":"ListItem","position":2,"name":"Neg\u00f3cios","item":"https:\/\/www.suno.com.br\/noticias\/negocios\/"},{"@type":"ListItem","position":3,"name":"Banco PAN (BPAN4) reduz taxa do cheque especial para 4% ao m\u00eas"}]},{"@type":"WebSite","@id":"https:\/\/www.suno.com.br\/noticias\/#website","url":"https:\/\/www.suno.com.br\/noticias\/","name":"Suno Not\u00edcias","description":"Seu portal de informa\u00e7\u00e3o sobre o mundo dos investimentos","publisher":{"@id":"https:\/\/www.suno.com.br\/noticias\/#organization"},"potentialAction":[{"@type":"SearchAction","target":{"@type":"EntryPoint","urlTemplate":"https:\/\/www.suno.com.br\/noticias\/?s={search_term_string}"},"query-input":{"@type":"PropertyValueSpecification","valueRequired":true,"valueName":"search_term_string"}}],"inLanguage":"pt-BR"},{"@type":"Organization","@id":"https:\/\/www.suno.com.br\/noticias\/#organization","name":"Suno Not\u00edcias","url":"https:\/\/www.suno.com.br\/noticias\/","logo":{"@type":"ImageObject","inLanguage":"pt-BR","@id":"https:\/\/www.suno.com.br\/noticias\/#\/schema\/logo\/image\/","url":"https:\/\/files.sunoresearch.com.br\/n\/uploads\/2021\/09\/suno-logo.png","contentUrl":"https:\/\/files.sunoresearch.com.br\/n\/uploads\/2021\/09\/suno-logo.png","width":180,"height":180,"caption":"Suno Not\u00edcias"},"image":{"@id":"https:\/\/www.suno.com.br\/noticias\/#\/schema\/logo\/image\/"},"sameAs":["https:\/\/facebook.com\/sunoresearch","https:\/\/x.com\/sunoresearch","https:\/\/www.instagram.com\/suno","https:\/\/www.linkedin.com\/company\/suno-research\/","https:\/\/www.youtube.com\/c\/sunoresearch"]},{"@type":"Person","@id":"https:\/\/www.suno.com.br\/noticias\/#\/schema\/person\/053a750a709a263919a20f976caae91c","name":"Arthur Guimar\u00e3es","image":{"@type":"ImageObject","inLanguage":"pt-BR","@id":"https:\/\/www.suno.com.br\/noticias\/#\/schema\/person\/image\/","url":"https:\/\/secure.gravatar.com\/avatar\/1affd86a11209ae09eb6dd3bcad3e96c?s=96&r=g","contentUrl":"https:\/\/secure.gravatar.com\/avatar\/1affd86a11209ae09eb6dd3bcad3e96c?s=96&r=g","caption":"Arthur Guimar\u00e3es"},"description":"Arthur Guimar\u00e3es escreve sobre pol\u00edtica, economia e neg\u00f3cios para o portal de not\u00edcias da Suno Research. Atualmente, \u00e9 estudante de jornalismo pela Faculdade C\u00e1sper L\u00edbero.","url":"https:\/\/www.suno.com.br\/noticias\/author\/arthur-guimaraes\/"}]}},"default_loop_html":"<div class=\"cardsPage__listCard__boxs\"><div class=\"cardsPage__listCard__boxs__img\"><a href=\"https:\/\/www.suno.com.br\/noticias\/banco-pan-cheque-especial\/\"><img class=\"mask\" src=\"https:\/\/www.suno.com.br\/noticias\/wp-content\/themes\/suno\/resources\/images\/spotlight\/spotlight1img\/bg-mask.png\" alt=\"Image Mask\"\/><img src=\"https:\/\/files.sunoresearch.com.br\/n\/uploads\/2019\/07\/3457f294-banco-pan-400x200.webp\" alt=\"Banco PAN (BPAN4) reduz taxa do cheque especial para 4% ao m\u00eas\"\/><\/a><span class=\"spotlightCategory\"><a href=\"https:\/\/www.suno.com.br\/noticias\/negocios\/\">Neg\u00f3cios<\/a><\/span><\/div><div class=\"cardsPage__listCard__boxs__content\"><a href=\"https:\/\/www.suno.com.br\/noticias\/banco-pan-cheque-especial\/\"><h2 class=\"content__title\">Banco PAN (BPAN4) reduz taxa do cheque especial para 4% ao m\u00eas<\/h2><\/a><div class=\"newsContent__article__meta\"><div class=\"newsContent__article__meta__authorBox\"><a href=\"https:\/\/www.suno.com.br\/noticias\/author\/arthur-guimaraes\/\" class=\"authorBox__avatar noMobi\"><img src=\"https:\/\/files.sunoresearch.com.br\/n\/uploads\/2020\/02\/dfb40897-eu-150x150.webp\" alt=\"Arthur Guimar\u00e3es\"><\/a><div class=\"authorBox__name\"><span>por\n\t\t\t<a href=\"https:\/\/www.suno.com.br\/noticias\/author\/arthur-guimaraes\/\"><span itemprop=\"author\">Arthur Guimar\u00e3es<\/span><\/a><\/span><time datetime=\"2020-04-07T18:54:21-03:00\" itemprop=\"datePublished\">07\/04\/2020 18:54<\/time><\/div><\/div><\/div><\/div><\/div>","single_layout":"posts","amp_enabled":true,"_links":{"self":[{"href":"https:\/\/www.suno.com.br\/noticias\/wp-json\/wp\/v2\/posts\/60835"}],"collection":[{"href":"https:\/\/www.suno.com.br\/noticias\/wp-json\/wp\/v2\/posts"}],"about":[{"href":"https:\/\/www.suno.com.br\/noticias\/wp-json\/wp\/v2\/types\/post"}],"author":[{"embeddable":true,"href":"https:\/\/www.suno.com.br\/noticias\/wp-json\/wp\/v2\/users\/35"}],"replies":[{"embeddable":true,"href":"https:\/\/www.suno.com.br\/noticias\/wp-json\/wp\/v2\/comments?post=60835"}],"version-history":[{"count":0,"href":"https:\/\/www.suno.com.br\/noticias\/wp-json\/wp\/v2\/posts\/60835\/revisions"}],"wp:featuredmedia":[{"embeddable":true,"href":"https:\/\/www.suno.com.br\/noticias\/wp-json\/wp\/v2\/media\/31164"}],"wp:attachment":[{"href":"https:\/\/www.suno.com.br\/noticias\/wp-json\/wp\/v2\/media?parent=60835"}],"wp:term":[{"taxonomy":"category","embeddable":true,"href":"https:\/\/www.suno.com.br\/noticias\/wp-json\/wp\/v2\/categories?post=60835"},{"taxonomy":"post_tag","embeddable":true,"href":"https:\/\/www.suno.com.br\/noticias\/wp-json\/wp\/v2\/tags?post=60835"},{"taxonomy":"suno_strategy","embeddable":true,"href":"https:\/\/www.suno.com.br\/noticias\/wp-json\/wp\/v2\/suno_strategy?post=60835"}],"curies":[{"name":"wp","href":"https:\/\/api.w.org\/{rel}","templated":true}]}}