{"id":60797,"date":"2020-04-07T16:17:31","date_gmt":"2020-04-07T19:17:31","guid":{"rendered":"https:\/\/www.suno.com.br\/noticias\/?p=60797"},"modified":"2020-04-07T16:17:31","modified_gmt":"2020-04-07T19:17:31","slug":"varejovarejo-perdeu-cerca-de-r-533-bi-com-pandemia-de-coronavirus","status":"publish","type":"post","link":"https:\/\/www.suno.com.br\/noticias\/varejovarejo-perdeu-cerca-de-r-533-bi-com-pandemia-de-coronavirus\/","title":{"rendered":"Varejo perdeu cerca de R$ 53,3 bi com pandemia de coronav\u00edrus"},"content":{"rendered":"<p>A Confedera\u00e7\u00e3o Nacional do Com\u00e9rcio (CNC) fez um estudo apontando que o <strong>varejo<\/strong> do Brasil\u00a0 j\u00e1 perdeu cerca de R$ 53,3 bilh\u00f5es, referente a produtos n\u00e3o essenciais, desde o in\u00edcio do isolamento social para combater a pandemia do novo coronav\u00edrus (covid-19). A informa\u00e7\u00e3o foi divulgada nessa ter\u00e7a-feira (7).<\/p>\t<div class=\"wrapper-featured-image\">\n\t\t<figure class=\"spotlightImg\">\n\n\t\t\t<picture>\n\t\t\t\t<source media=\"(max-width: 768px)\" srcset=\"https:\/\/files.sunoresearch.com.br\/n\/uploads\/2018\/10\/4c8c262a-confianca-no-comercio-400x200.webp\">\n\t\t\t\t<img loading=\"lazy\" decoding=\"async\" class=\"newsContent__article__imgCapa lazyloadDisabled newsContent__article__imgCapa--noCaption\" src=\"https:\/\/files.sunoresearch.com.br\/n\/uploads\/2018\/10\/4c8c262a-confianca-no-comercio-800x450.webp\" width=\"800\" height=\"450\" alt=\"Varejo perdeu cerca de R$ 53,3 bi com pandemia de coronav\u00edrus\" fetchpriority=high \/>\n\t\t\t<\/picture>\n\n\t\t\t<figcaption class=\"wp-caption-text wp-caption-text--hide\"><\/figcaption>\n\t\t<\/figure>\n\t<\/div>\n\n\n\n<p>Em compara\u00e7\u00e3o com o mesmo per\u00edodo do ano passado, o varejo brasileiro apresentou uma retra\u00e7\u00e3o de 46,6%. O economista-chefe da <strong>CNC,<\/strong> Fabio Bentes, informou que &#8220;foi praticamente a metade da receita de vendas obtida no mesmo per\u00edodo do ano passado at\u00e9 hoje, 7 de abril&#8221;.<\/p>\n<p>A pesquisa tamb\u00e9m foi coordenada por Bentes, que estudou os efeitos causados\u00a0 pela paralisa\u00e7\u00f5es dos com\u00e9rcios de produtos n\u00e3o essenciais no varejo, em 10 estados brasileiros. Al\u00e9m disso, ele considerou para o estudo:<\/p>\n<ul>\n<li>O per\u00edodo em que o isolamento social entrou em vigor;<\/li>\n<li>Os setores mais afetados pela paralisa\u00e7\u00e3o dos com\u00e9rcios;<\/li>\n<li>A venda m\u00e9dia por dia, em compara\u00e7\u00e3o com o ano anterior.<\/li>\n<\/ul>\n<p>Ele concluiu que &#8220;o varejo neste ano j\u00e1 era&#8221;.<\/p>\n<p>Os estudos apontaram que S\u00e3o Paulo foi o estado brasileiro que mais apresentou perdas, onde as lojas de bens n\u00e3o essenciais perderam cerca de R$ 25,64, ou seja, ganhou 48,5% a menos que em 2019 na mesma \u00e9poca do ano.<\/p>\n<p><a class=\"row-title\" href=\"https:\/\/www.suno.com.br\/noticias\/wp-admin\/post.php?post=59271&amp;action=edit\" aria-label=\"\u201cVarejo tem queda de quase 50% com surto de coronav\u00edrus\u201d (Editar)\">Saiba mais Varejo tem queda de quase 50% com surto de coronav\u00edrus<\/a><\/p>\n<p>Ademais, confira os estados que mais deixaram de ganhar com o varejo, devido a pandemia, at\u00e9 agora:<\/p>\n<ul>\n<li>Minas Gerais, perdeu cerca de R$ 8,34 bilh\u00f5es;<\/li>\n<li>Rio de Janeiro, deixou de lucrar cerca de R$ 6,75 bilh\u00f5es;<\/li>\n<li>Santa Catarina, quarto estado que mais deixou de ganhar, acumulou um total de R$ 4,8 bilh\u00f5es em perdas.<\/li>\n<\/ul>\n<p>Entretanto, o economista chefe informou que a retra\u00e7\u00e3o total no ano ainda \u00e9 dif\u00edcil de prever, pois ainda n\u00e3o se faz conhecido o tamanho do problema e como ficar\u00e1 a confian\u00e7a dos consumidores, nem como ser\u00e1 em rela\u00e7\u00e3o aos empregos.<\/p>\n\t<p>\n\t\t<a href=\"https:\/\/lp.suno.com.br\/ebook-gratuito-investindo-no-exterior\/\" target=\"_blank\" data-element=\"shortcode-suno-banner\" title=\"Banner SUNO, clique e saiba mais\">\n\t\t\t<picture>\n\t\t\t\t<source media=\"(max-width: 500px)\" srcset=\"https:\/\/files.sunoresearch.com.br\/n\/uploads\/2023\/03\/400x300-Investindo-no-exterior.png\">\n\t\t\t\t<img class=\"newsContent__article__imgCapa newsContent__article__imgCapa--banner\"\n\t\t\t\t\tsrc=\"https:\/\/files.sunoresearch.com.br\/n\/uploads\/2023\/03\/1420x240-Investindo-no-exterior.png\"\n\t\t\t\t\tdata-promo-id=\"383161\"\t\t\t\t\t\t\t\t\t\twidth='1420' height='240'\t\t\t\t\talt=\"https:\/\/files.sunoresearch.com.br\/n\/uploads\/2023\/03\/1420x240-Investindo-no-exterior.png\"\n\t\t\t\t>\n\t\t\t<\/picture>\n\t\t<\/a>\n\t<\/p>\n\n\n<p>Sobre o e-commerce, Bentes salientou que esse n\u00e3o conseguir\u00e1 compensar as perdas, no curto prazo, devido a baixa circula\u00e7\u00e3o de consumidores. Al\u00e9m disso, mesmo antes da pandemia, as vendas online somavam apenas 5% do varejo total.<\/p>\n<p><a class=\"row-title\" href=\"https:\/\/www.suno.com.br\/noticias\/wp-admin\/post.php?post=58570&amp;action=edit\" aria-label=\"\u201cCoronav\u00edrus causar\u00e1 perda de R$ 23,3 bilh\u00f5es no com\u00e9rcio, diz CNC\u201d (Editar)\">Saiba mais: Coronav\u00edrus causar\u00e1 perda de R$ 23,3 bilh\u00f5es no com\u00e9rcio, diz CNC<\/a><\/p>\n<p>Em contrapartida, os com\u00e9rcios essenciais, tais como farm\u00e1cias e supermercados, apresentaram uma menor queda nas vendas pois, segundo Bentes, se as pessoas tiverem metade da renda usual, n\u00e3o comprar\u00e3o um carro.<\/p>\n<h2>Varejo brasileiro perde R$ 25,3 bilh\u00f5es em mar\u00e7o<\/h2>\n<p>A CNC informou, no \u00faltimo dia 24, que apenas na segunda quinzena de mar\u00e7o, o com\u00e9rcio de S\u00e3o Paulo, Rio de Janeiro, Minas Gerais e Bras\u00edlia perderia R$ 25,3 bilh\u00f5es devido ao novo <strong>coronav\u00edrus.<\/strong><\/p>\n<p>Essas quatro regi\u00f5es correspondem a 52% do faturamento anual de todo o setor. Em <strong>S\u00e3o Paulo<\/strong>, por exemplo, os efeitos do coronav\u00edrus poder\u00e3o gerar perdas de R$ 15,67 bilh\u00f5es ao setor.<\/p>\n<p>Entretanto, a confedera\u00e7\u00e3o informou que &#8220;projetar a gravidade e a extens\u00e3o da atual crise sobre a economia e, mais especificamente, sobre o <strong>varejo<\/strong> esbarra na dificuldade de se estimar, neste momento, a magnitude da pandemia de coronav\u00edrus no pa\u00eds&#8221;.<\/p>\n\n","protected":false},"excerpt":{"rendered":"<p>A Confedera\u00e7\u00e3o Nacional do Com\u00e9rcio (CNC) fez um estudo apontando que o varejo do Brasil\u00a0 j\u00e1 perdeu cerca de R$ 53,3 bilh\u00f5es, referente a produtos n\u00e3o essenciais, desde o in\u00edcio do isolamento social para combater a pandemia do novo coronav\u00edrus (covid-19). A informa\u00e7\u00e3o foi divulgada nessa ter\u00e7a-feira (7). Em compara\u00e7\u00e3o com o mesmo per\u00edodo do [&hellip;]<\/p>\n","protected":false},"author":39,"featured_media":5671,"comment_status":"closed","ping_status":"closed","sticky":false,"template":"","format":"standard","meta":[],"categories":[62],"tags":[1289,2487,803],"suno_strategy":[],"class_list":["post-60797","post","type-post","status-publish","format-standard","has-post-thumbnail","hentry","category-economia","tag-cnc","tag-coronavirus","tag-varejo"],"yoast_head":"<!-- This site is optimized with the Yoast SEO plugin v24.4 - https:\/\/yoast.com\/wordpress\/plugins\/seo\/ -->\n<title>Varejo perdeu cerca de R$ 53,3 bi com pandemia de coronav\u00edrus<\/title>\n<meta name=\"description\" content=\"A CNC informou que o varejo do Brasil\u00a0perdeu cerca de R$ 53,3 bilh\u00f5es por causa da pandemia de coronav\u00edrus. Clique aqui para saber mais\" \/>\n<meta name=\"robots\" content=\"index, follow, max-snippet:-1, max-image-preview:large, max-video-preview:-1\" \/>\n<link rel=\"canonical\" href=\"https:\/\/www.suno.com.br\/noticias\/varejovarejo-perdeu-cerca-de-r-533-bi-com-pandemia-de-coronavirus\/\" \/>\n<meta property=\"og:locale\" content=\"pt_BR\" \/>\n<meta property=\"og:type\" content=\"article\" \/>\n<meta property=\"og:title\" content=\"Varejo perdeu cerca de R$ 53,3 bi com pandemia de coronav\u00edrus\" \/>\n<meta property=\"og:description\" content=\"A CNC informou que o varejo do Brasil\u00a0perdeu cerca de R$ 53,3 bilh\u00f5es por causa da pandemia de coronav\u00edrus. Clique aqui para saber mais\" \/>\n<meta property=\"og:url\" content=\"https:\/\/www.suno.com.br\/noticias\/varejovarejo-perdeu-cerca-de-r-533-bi-com-pandemia-de-coronavirus\/\" \/>\n<meta property=\"og:site_name\" content=\"Suno Not\u00edcias\" \/>\n<meta property=\"article:publisher\" content=\"https:\/\/facebook.com\/sunoresearch\" \/>\n<meta property=\"og:image\" content=\"https:\/\/files.sunoresearch.com.br\/n\/uploads\/2018\/10\/4c8c262a-confianca-no-comercio.jpg\" \/>\n\t<meta property=\"og:image:width\" content=\"1920\" \/>\n\t<meta property=\"og:image:height\" content=\"1279\" \/>\n\t<meta property=\"og:image:type\" content=\"image\/jpeg\" \/>\n<meta name=\"author\" content=\"Laura Moutinho\" \/>\n<meta name=\"twitter:card\" content=\"summary_large_image\" \/>\n<meta name=\"twitter:creator\" content=\"@sunoresearch\" \/>\n<meta name=\"twitter:site\" content=\"@sunoresearch\" \/>\n<meta name=\"twitter:label1\" content=\"Escrito por\" \/>\n\t<meta name=\"twitter:data1\" content=\"Laura Moutinho\" \/>\n\t<meta name=\"twitter:label2\" content=\"Est. tempo de leitura\" \/>\n\t<meta name=\"twitter:data2\" content=\"3 minutos\" \/>\n<script type=\"application\/ld+json\" class=\"yoast-schema-graph\">{\"@context\":\"https:\/\/schema.org\",\"@graph\":[{\"@type\":\"NewsArticle\",\"@id\":\"https:\/\/www.suno.com.br\/noticias\/varejovarejo-perdeu-cerca-de-r-533-bi-com-pandemia-de-coronavirus\/#article\",\"isPartOf\":{\"@id\":\"https:\/\/www.suno.com.br\/noticias\/varejovarejo-perdeu-cerca-de-r-533-bi-com-pandemia-de-coronavirus\/\"},\"author\":{\"name\":\"Laura Moutinho\",\"@id\":\"https:\/\/www.suno.com.br\/noticias\/#\/schema\/person\/3df0d2808748b74496efe5dbeaef2c72\"},\"headline\":\"Varejo perdeu cerca de R$ 53,3 bi com pandemia de coronav\u00edrus\",\"datePublished\":\"2020-04-07T19:17:31+00:00\",\"mainEntityOfPage\":{\"@id\":\"https:\/\/www.suno.com.br\/noticias\/varejovarejo-perdeu-cerca-de-r-533-bi-com-pandemia-de-coronavirus\/\"},\"wordCount\":564,\"publisher\":{\"@id\":\"https:\/\/www.suno.com.br\/noticias\/#organization\"},\"image\":{\"@id\":\"https:\/\/www.suno.com.br\/noticias\/varejovarejo-perdeu-cerca-de-r-533-bi-com-pandemia-de-coronavirus\/#primaryimage\"},\"thumbnailUrl\":\"https:\/\/files.sunoresearch.com.br\/n\/uploads\/2018\/10\/4c8c262a-confianca-no-comercio-jpg.webp\",\"keywords\":[\"CNC\",\"coronav\u00edrus\",\"varejo\"],\"articleSection\":[\"Economia\"],\"inLanguage\":\"pt-BR\"},{\"@type\":\"WebPage\",\"@id\":\"https:\/\/www.suno.com.br\/noticias\/varejovarejo-perdeu-cerca-de-r-533-bi-com-pandemia-de-coronavirus\/\",\"url\":\"https:\/\/www.suno.com.br\/noticias\/varejovarejo-perdeu-cerca-de-r-533-bi-com-pandemia-de-coronavirus\/\",\"name\":\"Varejo perdeu cerca de R$ 53,3 bi com pandemia de coronav\u00edrus\",\"isPartOf\":{\"@id\":\"https:\/\/www.suno.com.br\/noticias\/#website\"},\"primaryImageOfPage\":{\"@id\":\"https:\/\/www.suno.com.br\/noticias\/varejovarejo-perdeu-cerca-de-r-533-bi-com-pandemia-de-coronavirus\/#primaryimage\"},\"image\":{\"@id\":\"https:\/\/www.suno.com.br\/noticias\/varejovarejo-perdeu-cerca-de-r-533-bi-com-pandemia-de-coronavirus\/#primaryimage\"},\"thumbnailUrl\":\"https:\/\/files.sunoresearch.com.br\/n\/uploads\/2018\/10\/4c8c262a-confianca-no-comercio-jpg.webp\",\"datePublished\":\"2020-04-07T19:17:31+00:00\",\"description\":\"A CNC informou que o varejo do Brasil\u00a0perdeu cerca de R$ 53,3 bilh\u00f5es por causa da pandemia de coronav\u00edrus. Clique aqui para saber mais\",\"breadcrumb\":{\"@id\":\"https:\/\/www.suno.com.br\/noticias\/varejovarejo-perdeu-cerca-de-r-533-bi-com-pandemia-de-coronavirus\/#breadcrumb\"},\"inLanguage\":\"pt-BR\",\"potentialAction\":[{\"@type\":\"ReadAction\",\"target\":[\"https:\/\/www.suno.com.br\/noticias\/varejovarejo-perdeu-cerca-de-r-533-bi-com-pandemia-de-coronavirus\/\"]}]},{\"@type\":\"ImageObject\",\"inLanguage\":\"pt-BR\",\"@id\":\"https:\/\/www.suno.com.br\/noticias\/varejovarejo-perdeu-cerca-de-r-533-bi-com-pandemia-de-coronavirus\/#primaryimage\",\"url\":\"https:\/\/files.sunoresearch.com.br\/n\/uploads\/2018\/10\/4c8c262a-confianca-no-comercio-jpg.webp\",\"contentUrl\":\"https:\/\/files.sunoresearch.com.br\/n\/uploads\/2018\/10\/4c8c262a-confianca-no-comercio-jpg.webp\",\"width\":1920,\"height\":1279,\"caption\":\"com\u00e9rcio\"},{\"@type\":\"BreadcrumbList\",\"@id\":\"https:\/\/www.suno.com.br\/noticias\/varejovarejo-perdeu-cerca-de-r-533-bi-com-pandemia-de-coronavirus\/#breadcrumb\",\"itemListElement\":[{\"@type\":\"ListItem\",\"position\":1,\"name\":\"Not\u00edcias\",\"item\":\"https:\/\/www.suno.com.br\/noticias\/\"},{\"@type\":\"ListItem\",\"position\":2,\"name\":\"Economia\",\"item\":\"https:\/\/www.suno.com.br\/noticias\/economia\/\"},{\"@type\":\"ListItem\",\"position\":3,\"name\":\"Varejo perdeu cerca de R$ 53,3 bi com pandemia de coronav\u00edrus\"}]},{\"@type\":\"WebSite\",\"@id\":\"https:\/\/www.suno.com.br\/noticias\/#website\",\"url\":\"https:\/\/www.suno.com.br\/noticias\/\",\"name\":\"Suno Not\u00edcias\",\"description\":\"Seu portal de informa\u00e7\u00e3o sobre o mundo dos investimentos\",\"publisher\":{\"@id\":\"https:\/\/www.suno.com.br\/noticias\/#organization\"},\"potentialAction\":[{\"@type\":\"SearchAction\",\"target\":{\"@type\":\"EntryPoint\",\"urlTemplate\":\"https:\/\/www.suno.com.br\/noticias\/?s={search_term_string}\"},\"query-input\":{\"@type\":\"PropertyValueSpecification\",\"valueRequired\":true,\"valueName\":\"search_term_string\"}}],\"inLanguage\":\"pt-BR\"},{\"@type\":\"Organization\",\"@id\":\"https:\/\/www.suno.com.br\/noticias\/#organization\",\"name\":\"Suno Not\u00edcias\",\"url\":\"https:\/\/www.suno.com.br\/noticias\/\",\"logo\":{\"@type\":\"ImageObject\",\"inLanguage\":\"pt-BR\",\"@id\":\"https:\/\/www.suno.com.br\/noticias\/#\/schema\/logo\/image\/\",\"url\":\"https:\/\/files.sunoresearch.com.br\/n\/uploads\/2021\/09\/suno-logo.png\",\"contentUrl\":\"https:\/\/files.sunoresearch.com.br\/n\/uploads\/2021\/09\/suno-logo.png\",\"width\":180,\"height\":180,\"caption\":\"Suno Not\u00edcias\"},\"image\":{\"@id\":\"https:\/\/www.suno.com.br\/noticias\/#\/schema\/logo\/image\/\"},\"sameAs\":[\"https:\/\/facebook.com\/sunoresearch\",\"https:\/\/x.com\/sunoresearch\",\"https:\/\/www.instagram.com\/suno\",\"https:\/\/www.linkedin.com\/company\/suno-research\/\",\"https:\/\/www.youtube.com\/c\/sunoresearch\"]},{\"@type\":\"Person\",\"@id\":\"https:\/\/www.suno.com.br\/noticias\/#\/schema\/person\/3df0d2808748b74496efe5dbeaef2c72\",\"name\":\"Laura Moutinho\",\"image\":{\"@type\":\"ImageObject\",\"inLanguage\":\"pt-BR\",\"@id\":\"https:\/\/www.suno.com.br\/noticias\/#\/schema\/person\/image\/\",\"url\":\"https:\/\/secure.gravatar.com\/avatar\/7571c7c8ca3a6fca5e41384ece5557ff?s=96&r=g\",\"contentUrl\":\"https:\/\/secure.gravatar.com\/avatar\/7571c7c8ca3a6fca5e41384ece5557ff?s=96&r=g\",\"caption\":\"Laura Moutinho\"},\"description\":\"Estagi\u00e1ria na Suno Not\u00edcias, escreve not\u00edcias que afetam o mercado financeiro. Estuda administra\u00e7\u00e3o na Universidade Presbiteriana Mackenzie.\",\"url\":\"https:\/\/www.suno.com.br\/noticias\/author\/laura-moutinho\/\"}]}<\/script>\n<!-- \/ Yoast SEO plugin. -->","yoast_head_json":{"title":"Varejo perdeu cerca de R$ 53,3 bi com pandemia de coronav\u00edrus","description":"A CNC informou que o varejo do Brasil\u00a0perdeu cerca de R$ 53,3 bilh\u00f5es por causa da pandemia de coronav\u00edrus. Clique aqui para saber mais","robots":{"index":"index","follow":"follow","max-snippet":"max-snippet:-1","max-image-preview":"max-image-preview:large","max-video-preview":"max-video-preview:-1"},"canonical":"https:\/\/www.suno.com.br\/noticias\/varejovarejo-perdeu-cerca-de-r-533-bi-com-pandemia-de-coronavirus\/","og_locale":"pt_BR","og_type":"article","og_title":"Varejo perdeu cerca de R$ 53,3 bi com pandemia de coronav\u00edrus","og_description":"A CNC informou que o varejo do Brasil\u00a0perdeu cerca de R$ 53,3 bilh\u00f5es por causa da pandemia de coronav\u00edrus. Clique aqui para saber mais","og_url":"https:\/\/www.suno.com.br\/noticias\/varejovarejo-perdeu-cerca-de-r-533-bi-com-pandemia-de-coronavirus\/","og_site_name":"Suno Not\u00edcias","article_publisher":"https:\/\/facebook.com\/sunoresearch","og_image":[{"width":1920,"height":1279,"url":"https:\/\/files.sunoresearch.com.br\/n\/uploads\/2018\/10\/4c8c262a-confianca-no-comercio.jpg","type":"image\/jpeg"}],"author":"Laura Moutinho","twitter_card":"summary_large_image","twitter_creator":"@sunoresearch","twitter_site":"@sunoresearch","twitter_misc":{"Escrito por":"Laura Moutinho","Est. tempo de leitura":"3 minutos"},"schema":{"@context":"https:\/\/schema.org","@graph":[{"@type":"NewsArticle","@id":"https:\/\/www.suno.com.br\/noticias\/varejovarejo-perdeu-cerca-de-r-533-bi-com-pandemia-de-coronavirus\/#article","isPartOf":{"@id":"https:\/\/www.suno.com.br\/noticias\/varejovarejo-perdeu-cerca-de-r-533-bi-com-pandemia-de-coronavirus\/"},"author":{"name":"Laura Moutinho","@id":"https:\/\/www.suno.com.br\/noticias\/#\/schema\/person\/3df0d2808748b74496efe5dbeaef2c72"},"headline":"Varejo perdeu cerca de R$ 53,3 bi com pandemia de coronav\u00edrus","datePublished":"2020-04-07T19:17:31+00:00","mainEntityOfPage":{"@id":"https:\/\/www.suno.com.br\/noticias\/varejovarejo-perdeu-cerca-de-r-533-bi-com-pandemia-de-coronavirus\/"},"wordCount":564,"publisher":{"@id":"https:\/\/www.suno.com.br\/noticias\/#organization"},"image":{"@id":"https:\/\/www.suno.com.br\/noticias\/varejovarejo-perdeu-cerca-de-r-533-bi-com-pandemia-de-coronavirus\/#primaryimage"},"thumbnailUrl":"https:\/\/files.sunoresearch.com.br\/n\/uploads\/2018\/10\/4c8c262a-confianca-no-comercio-jpg.webp","keywords":["CNC","coronav\u00edrus","varejo"],"articleSection":["Economia"],"inLanguage":"pt-BR"},{"@type":"WebPage","@id":"https:\/\/www.suno.com.br\/noticias\/varejovarejo-perdeu-cerca-de-r-533-bi-com-pandemia-de-coronavirus\/","url":"https:\/\/www.suno.com.br\/noticias\/varejovarejo-perdeu-cerca-de-r-533-bi-com-pandemia-de-coronavirus\/","name":"Varejo perdeu cerca de R$ 53,3 bi com pandemia de coronav\u00edrus","isPartOf":{"@id":"https:\/\/www.suno.com.br\/noticias\/#website"},"primaryImageOfPage":{"@id":"https:\/\/www.suno.com.br\/noticias\/varejovarejo-perdeu-cerca-de-r-533-bi-com-pandemia-de-coronavirus\/#primaryimage"},"image":{"@id":"https:\/\/www.suno.com.br\/noticias\/varejovarejo-perdeu-cerca-de-r-533-bi-com-pandemia-de-coronavirus\/#primaryimage"},"thumbnailUrl":"https:\/\/files.sunoresearch.com.br\/n\/uploads\/2018\/10\/4c8c262a-confianca-no-comercio-jpg.webp","datePublished":"2020-04-07T19:17:31+00:00","description":"A CNC informou que o varejo do Brasil\u00a0perdeu cerca de R$ 53,3 bilh\u00f5es por causa da pandemia de coronav\u00edrus. Clique aqui para saber mais","breadcrumb":{"@id":"https:\/\/www.suno.com.br\/noticias\/varejovarejo-perdeu-cerca-de-r-533-bi-com-pandemia-de-coronavirus\/#breadcrumb"},"inLanguage":"pt-BR","potentialAction":[{"@type":"ReadAction","target":["https:\/\/www.suno.com.br\/noticias\/varejovarejo-perdeu-cerca-de-r-533-bi-com-pandemia-de-coronavirus\/"]}]},{"@type":"ImageObject","inLanguage":"pt-BR","@id":"https:\/\/www.suno.com.br\/noticias\/varejovarejo-perdeu-cerca-de-r-533-bi-com-pandemia-de-coronavirus\/#primaryimage","url":"https:\/\/files.sunoresearch.com.br\/n\/uploads\/2018\/10\/4c8c262a-confianca-no-comercio-jpg.webp","contentUrl":"https:\/\/files.sunoresearch.com.br\/n\/uploads\/2018\/10\/4c8c262a-confianca-no-comercio-jpg.webp","width":1920,"height":1279,"caption":"com\u00e9rcio"},{"@type":"BreadcrumbList","@id":"https:\/\/www.suno.com.br\/noticias\/varejovarejo-perdeu-cerca-de-r-533-bi-com-pandemia-de-coronavirus\/#breadcrumb","itemListElement":[{"@type":"ListItem","position":1,"name":"Not\u00edcias","item":"https:\/\/www.suno.com.br\/noticias\/"},{"@type":"ListItem","position":2,"name":"Economia","item":"https:\/\/www.suno.com.br\/noticias\/economia\/"},{"@type":"ListItem","position":3,"name":"Varejo perdeu cerca de R$ 53,3 bi com pandemia de coronav\u00edrus"}]},{"@type":"WebSite","@id":"https:\/\/www.suno.com.br\/noticias\/#website","url":"https:\/\/www.suno.com.br\/noticias\/","name":"Suno Not\u00edcias","description":"Seu portal de informa\u00e7\u00e3o sobre o mundo dos investimentos","publisher":{"@id":"https:\/\/www.suno.com.br\/noticias\/#organization"},"potentialAction":[{"@type":"SearchAction","target":{"@type":"EntryPoint","urlTemplate":"https:\/\/www.suno.com.br\/noticias\/?s={search_term_string}"},"query-input":{"@type":"PropertyValueSpecification","valueRequired":true,"valueName":"search_term_string"}}],"inLanguage":"pt-BR"},{"@type":"Organization","@id":"https:\/\/www.suno.com.br\/noticias\/#organization","name":"Suno Not\u00edcias","url":"https:\/\/www.suno.com.br\/noticias\/","logo":{"@type":"ImageObject","inLanguage":"pt-BR","@id":"https:\/\/www.suno.com.br\/noticias\/#\/schema\/logo\/image\/","url":"https:\/\/files.sunoresearch.com.br\/n\/uploads\/2021\/09\/suno-logo.png","contentUrl":"https:\/\/files.sunoresearch.com.br\/n\/uploads\/2021\/09\/suno-logo.png","width":180,"height":180,"caption":"Suno Not\u00edcias"},"image":{"@id":"https:\/\/www.suno.com.br\/noticias\/#\/schema\/logo\/image\/"},"sameAs":["https:\/\/facebook.com\/sunoresearch","https:\/\/x.com\/sunoresearch","https:\/\/www.instagram.com\/suno","https:\/\/www.linkedin.com\/company\/suno-research\/","https:\/\/www.youtube.com\/c\/sunoresearch"]},{"@type":"Person","@id":"https:\/\/www.suno.com.br\/noticias\/#\/schema\/person\/3df0d2808748b74496efe5dbeaef2c72","name":"Laura Moutinho","image":{"@type":"ImageObject","inLanguage":"pt-BR","@id":"https:\/\/www.suno.com.br\/noticias\/#\/schema\/person\/image\/","url":"https:\/\/secure.gravatar.com\/avatar\/7571c7c8ca3a6fca5e41384ece5557ff?s=96&r=g","contentUrl":"https:\/\/secure.gravatar.com\/avatar\/7571c7c8ca3a6fca5e41384ece5557ff?s=96&r=g","caption":"Laura Moutinho"},"description":"Estagi\u00e1ria na Suno Not\u00edcias, escreve not\u00edcias que afetam o mercado financeiro. Estuda administra\u00e7\u00e3o na Universidade Presbiteriana Mackenzie.","url":"https:\/\/www.suno.com.br\/noticias\/author\/laura-moutinho\/"}]}},"default_loop_html":"<div class=\"cardsPage__listCard__boxs\"><div class=\"cardsPage__listCard__boxs__img\"><a href=\"https:\/\/www.suno.com.br\/noticias\/varejovarejo-perdeu-cerca-de-r-533-bi-com-pandemia-de-coronavirus\/\"><img class=\"mask\" src=\"https:\/\/www.suno.com.br\/noticias\/wp-content\/themes\/suno\/resources\/images\/spotlight\/spotlight1img\/bg-mask.png\" alt=\"Image Mask\"\/><img src=\"https:\/\/files.sunoresearch.com.br\/n\/uploads\/2018\/10\/4c8c262a-confianca-no-comercio-400x200.webp\" alt=\"Varejo perdeu cerca de R$ 53,3 bi com pandemia de coronav\u00edrus\"\/><\/a><span class=\"spotlightCategory\"><a href=\"https:\/\/www.suno.com.br\/noticias\/economia\/\">Economia<\/a><\/span><\/div><div class=\"cardsPage__listCard__boxs__content\"><a href=\"https:\/\/www.suno.com.br\/noticias\/varejovarejo-perdeu-cerca-de-r-533-bi-com-pandemia-de-coronavirus\/\"><h2 class=\"content__title\">Varejo perdeu cerca de R$ 53,3 bi com pandemia de coronav\u00edrus<\/h2><\/a><div class=\"newsContent__article__meta\"><div class=\"newsContent__article__meta__authorBox\"><a href=\"https:\/\/www.suno.com.br\/noticias\/author\/laura-moutinho\/\" class=\"authorBox__avatar noMobi\"><img src=\"https:\/\/files.sunoresearch.com.br\/n\/uploads\/2020\/08\/531ff69d-whatsapp-image-2020-08-03-at-14.54.38-150x150.webp\" alt=\"Laura Moutinho\"><\/a><div class=\"authorBox__name\"><span>por\n\t\t\t<a href=\"https:\/\/www.suno.com.br\/noticias\/author\/laura-moutinho\/\"><span itemprop=\"author\">Laura Moutinho<\/span><\/a><\/span><time datetime=\"2020-04-07T16:17:31-03:00\" itemprop=\"datePublished\">07\/04\/2020 16:17<\/time><\/div><\/div><\/div><\/div><\/div>","single_layout":"posts","amp_enabled":true,"_links":{"self":[{"href":"https:\/\/www.suno.com.br\/noticias\/wp-json\/wp\/v2\/posts\/60797"}],"collection":[{"href":"https:\/\/www.suno.com.br\/noticias\/wp-json\/wp\/v2\/posts"}],"about":[{"href":"https:\/\/www.suno.com.br\/noticias\/wp-json\/wp\/v2\/types\/post"}],"author":[{"embeddable":true,"href":"https:\/\/www.suno.com.br\/noticias\/wp-json\/wp\/v2\/users\/39"}],"replies":[{"embeddable":true,"href":"https:\/\/www.suno.com.br\/noticias\/wp-json\/wp\/v2\/comments?post=60797"}],"version-history":[{"count":0,"href":"https:\/\/www.suno.com.br\/noticias\/wp-json\/wp\/v2\/posts\/60797\/revisions"}],"wp:featuredmedia":[{"embeddable":true,"href":"https:\/\/www.suno.com.br\/noticias\/wp-json\/wp\/v2\/media\/5671"}],"wp:attachment":[{"href":"https:\/\/www.suno.com.br\/noticias\/wp-json\/wp\/v2\/media?parent=60797"}],"wp:term":[{"taxonomy":"category","embeddable":true,"href":"https:\/\/www.suno.com.br\/noticias\/wp-json\/wp\/v2\/categories?post=60797"},{"taxonomy":"post_tag","embeddable":true,"href":"https:\/\/www.suno.com.br\/noticias\/wp-json\/wp\/v2\/tags?post=60797"},{"taxonomy":"suno_strategy","embeddable":true,"href":"https:\/\/www.suno.com.br\/noticias\/wp-json\/wp\/v2\/suno_strategy?post=60797"}],"curies":[{"name":"wp","href":"https:\/\/api.w.org\/{rel}","templated":true}]}}