{"id":60766,"date":"2020-04-07T12:19:46","date_gmt":"2020-04-07T15:19:46","guid":{"rendered":"https:\/\/www.suno.com.br\/noticias\/?p=60766"},"modified":"2020-04-07T12:19:46","modified_gmt":"2020-04-07T15:19:46","slug":"azul-azul4-tem-queda-de-24-no-trafego-de-passageiros-em-marco","status":"publish","type":"post","link":"https:\/\/www.suno.com.br\/noticias\/azul-azul4-tem-queda-de-24-no-trafego-de-passageiros-em-marco\/","title":{"rendered":"Azul (AZUL4) tem queda de 24% no tr\u00e1fego de passageiros em mar\u00e7o"},"content":{"rendered":"<p>A <a href=\"https:\/\/www.suno.com.br\/acoes\/azul4\/\"><strong>Azul<\/strong> (AZUL4)<\/a> informou nesta ter\u00e7a-feira (7) que o <strong>tr\u00e1fego de passageiros<\/strong> diminuiu 24,6% em mar\u00e7o de 2020, comparado com o mesmo per\u00edodo no ano anterior. Essa redu\u00e7\u00e3o, segundo a companhia a\u00e9rea, \u00e9 devido a <a href=\"https:\/\/www.suno.com.br\/noticias\/coronavirus\/\">pandemia do <strong>novo coronav\u00edrus<\/strong> (covid-19)<\/a>.<\/p>\t<div class=\"wrapper-featured-image\">\n\t\t<figure class=\"spotlightImg\">\n\n\t\t\t<picture>\n\t\t\t\t<source media=\"(max-width: 768px)\" srcset=\"https:\/\/files.sunoresearch.com.br\/n\/uploads\/2019\/08\/e22b3a1c-azul2-400x200.webp\">\n\t\t\t\t<img loading=\"lazy\" decoding=\"async\" class=\"newsContent__article__imgCapa lazyloadDisabled newsContent__article__imgCapa--noCaption\" src=\"https:\/\/files.sunoresearch.com.br\/n\/uploads\/2019\/08\/e22b3a1c-azul2-800x450.webp\" width=\"800\" height=\"450\" alt=\"Azul (AZUL4) tem queda de 24% no tr\u00e1fego de passageiros em mar\u00e7o\" fetchpriority=high \/>\n\t\t\t<\/picture>\n\n\t\t\t<figcaption class=\"wp-caption-text wp-caption-text--hide\">Azul<\/figcaption>\n\t\t<\/figure>\n\t<\/div>\n\n\n\n<p>A oferta de assentos da Azul tamb\u00e9m registrou recuo de 17,2% em mar\u00e7o deste ano, resultando em uma taxa de ocupa\u00e7\u00e3o de 73,5%, correspondente a 7,3 pontos percentuais abaixo que o mesmo per\u00edodo em 2019.<\/p>\n<p>&#8220;Durante as duas primeiras semanas de mar\u00e7o, n\u00f3s vimos tend\u00eancias saud\u00e1veis de demanda, com o tr\u00e1fego de passageiros aumentando 20% na compara\u00e7\u00e3o anual. Desde ent\u00e3o, reagimos rapidamente \u00e0s mudan\u00e7as no mercado decorrentes da pandemia do covid-19, com capacidade total caindo mais de 50% ano contra ano nas \u00faltimas duas semanas do m\u00eas&#8221;, disse o CEO da companhia John Rodgerson.<\/p>\n<p>&#8220;De 25 de mar\u00e7o a 30 de abril, esperamos operar 70 voos diretos por dia para 25 cidades, o que representa uma redu\u00e7\u00e3o de 90% da capacidade total em rela\u00e7\u00e3o ao ano passado&#8221;, completou Rodgerson.<\/p>\n<h2>Cade aprova compra da TwoFlex pela Azul<\/h2>\n<p>No dia 27 de mar\u00e7o, a\u00a0Superintend\u00eancia-Geral do <a href=\"https:\/\/www.suno.com.br\/artigos\/cade\/\">Conselho Administrativo de Defesa Econ\u00f4mica (Cade)<\/a> aprovou compra da companhia de t\u00e1xi a\u00e9reo TwoFlex pela Azul.<\/p>\n<p>De acordo com o Cade, a compra da TwoFlex n\u00e3o afetar\u00e1 a competitividade com outras empresas, como a <a href=\"https:\/\/www.suno.com.br\/acoes\/goll4\/\">Gol (GOLL4)<\/a>\u00a0e a Latam, que s\u00e3o as principais concorrentes da Azul no Brasil. Isso porque a negocia\u00e7\u00e3o envolve menos de 20% do mercado a\u00e9reo nacional.<\/p>\n<p><a href=\"https:\/\/www.suno.com.br\/nossas-assinaturas\/suno-premium\/\">Bolsa em queda livre!? Aproveita as maiores oportunidades da bolsa brasileira com nosso acesso Suno Premium.<\/a><\/p>\n<p>O \u00f3rg\u00e3o antitruste salientou, no entanto, que a negocia\u00e7\u00e3o aumentar\u00e1 a atua\u00e7\u00e3o da companhia no segmento de avia\u00e7\u00e3o nacional.<\/p>\n\t<p>\n\t\t<a href=\"https:\/\/lp.statusinvest.com.br\/cl\/carteira-automatizada\/\" target=\"_blank\" data-element=\"shortcode-suno-banner\" title=\"Banner SUNO, clique e saiba mais\">\n\t\t\t<picture>\n\t\t\t\t<source media=\"(max-width: 500px)\" srcset=\"https:\/\/files.sunoresearch.com.br\/n\/uploads\/2024\/02\/400x300-Mobile.png\">\n\t\t\t\t<img class=\"newsContent__article__imgCapa newsContent__article__imgCapa--banner\"\n\t\t\t\t\tsrc=\"https:\/\/files.sunoresearch.com.br\/n\/uploads\/2024\/02\/1420x240-Desktop.png\"\n\t\t\t\t\tdata-promo-id=\"518879\"\t\t\t\t\t\t\t\t\t\twidth='1420' height='240'\t\t\t\t\talt=\"https:\/\/files.sunoresearch.com.br\/n\/uploads\/2024\/02\/1420x240-Desktop.png\"\n\t\t\t\t>\n\t\t\t<\/picture>\n\t\t<\/a>\n\t<\/p>\n\n\n<p>A aquisi\u00e7\u00e3o da TwoFlex pela companhia a\u00e9rea foi anunciada em janeiro deste ano. O valor da compra foi de R$ 123 milh\u00f5es. Com a aquisi\u00e7\u00e3o, a Azul contar\u00e1 com 36 novos destinos regionais que eram operados pela empresa de t\u00e1xi a\u00e9reo.<\/p>\n<p>&#8220;A companhia tamb\u00e9m conta com 14 hor\u00e1rios di\u00e1rios de partidas e chegadas na pista auxiliar de Congonhas, o principal terminal dom\u00e9stico do pa\u00eds. Sua frota \u00e9 composta por 17 aeronaves Cessna Caravan pr\u00f3prias, um turbo\u00e9lice regional monomotor com capacidade para nove passageiros&#8221;, informou a <strong>Azul<\/strong>, em nota, sobre a TwoFlex.<\/p>\n\n","protected":false},"excerpt":{"rendered":"<p>A Azul (AZUL4) informou nesta ter\u00e7a-feira (7) que o tr\u00e1fego de passageiros diminuiu 24,6% em mar\u00e7o de 2020, comparado com o mesmo per\u00edodo no ano anterior. Essa redu\u00e7\u00e3o, segundo a companhia a\u00e9rea, \u00e9 devido a pandemia do novo coronav\u00edrus (covid-19). Azul A oferta de assentos da Azul tamb\u00e9m registrou recuo de 17,2% em mar\u00e7o deste [&hellip;]<\/p>\n","protected":false},"author":15,"featured_media":35869,"comment_status":"closed","ping_status":"closed","sticky":false,"template":"","format":"standard","meta":[],"categories":[64],"tags":[106932,2487],"suno_strategy":[],"class_list":["post-60766","post","type-post","status-publish","format-standard","has-post-thumbnail","hentry","category-negocios","tag-azul-azul4","tag-coronavirus"],"yoast_head":"<!-- This site is optimized with the Yoast SEO plugin v24.4 - https:\/\/yoast.com\/wordpress\/plugins\/seo\/ -->\n<title>Azul (AZUL4) tem queda de 24% no traf\u00e9go de passageiros em mar\u00e7o<\/title>\n<meta name=\"description\" content=\"A Azul (AZUL4) informou que o tr\u00e1fego de passageiros diminuiu 24,6% em mar\u00e7o de 2020, em rela\u00e7\u00e3o a mar\u00e7o de 2019 . Clique aqui e saiba mais\" \/>\n<meta name=\"robots\" content=\"index, follow, max-snippet:-1, max-image-preview:large, max-video-preview:-1\" \/>\n<link rel=\"canonical\" href=\"https:\/\/www.suno.com.br\/noticias\/azul-azul4-tem-queda-de-24-no-trafego-de-passageiros-em-marco\/\" \/>\n<meta property=\"og:locale\" content=\"pt_BR\" \/>\n<meta property=\"og:type\" content=\"article\" \/>\n<meta property=\"og:title\" content=\"Azul (AZUL4) tem queda de 24% no traf\u00e9go de passageiros em mar\u00e7o\" \/>\n<meta property=\"og:description\" content=\"A Azul (AZUL4) informou que o tr\u00e1fego de passageiros diminuiu 24,6% em mar\u00e7o de 2020, em rela\u00e7\u00e3o a mar\u00e7o de 2019 . Clique aqui e saiba mais\" \/>\n<meta property=\"og:url\" content=\"https:\/\/www.suno.com.br\/noticias\/azul-azul4-tem-queda-de-24-no-trafego-de-passageiros-em-marco\/\" \/>\n<meta property=\"og:site_name\" content=\"Suno Not\u00edcias\" \/>\n<meta property=\"article:publisher\" content=\"https:\/\/facebook.com\/sunoresearch\" \/>\n<meta property=\"og:image\" content=\"https:\/\/files.sunoresearch.com.br\/n\/uploads\/2019\/08\/e22b3a1c-azul2.jpg\" \/>\n\t<meta property=\"og:image:width\" content=\"1086\" \/>\n\t<meta property=\"og:image:height\" content=\"652\" \/>\n\t<meta property=\"og:image:type\" content=\"image\/jpeg\" \/>\n<meta name=\"author\" content=\"Poliana Santos\" \/>\n<meta name=\"twitter:card\" content=\"summary_large_image\" \/>\n<meta name=\"twitter:creator\" content=\"@sunoresearch\" \/>\n<meta name=\"twitter:site\" content=\"@sunoresearch\" \/>\n<meta name=\"twitter:label1\" content=\"Escrito por\" \/>\n\t<meta name=\"twitter:data1\" content=\"Poliana Santos\" \/>\n\t<meta name=\"twitter:label2\" content=\"Est. tempo de leitura\" \/>\n\t<meta name=\"twitter:data2\" content=\"2 minutos\" \/>\n<script type=\"application\/ld+json\" class=\"yoast-schema-graph\">{\"@context\":\"https:\/\/schema.org\",\"@graph\":[{\"@type\":\"NewsArticle\",\"@id\":\"https:\/\/www.suno.com.br\/noticias\/azul-azul4-tem-queda-de-24-no-trafego-de-passageiros-em-marco\/#article\",\"isPartOf\":{\"@id\":\"https:\/\/www.suno.com.br\/noticias\/azul-azul4-tem-queda-de-24-no-trafego-de-passageiros-em-marco\/\"},\"author\":{\"name\":\"Poliana Santos\",\"@id\":\"https:\/\/www.suno.com.br\/noticias\/#\/schema\/person\/02ec1f752758247878a2bf4abee1aeda\"},\"headline\":\"Azul (AZUL4) tem queda de 24% no tr\u00e1fego de passageiros em mar\u00e7o\",\"datePublished\":\"2020-04-07T15:19:46+00:00\",\"mainEntityOfPage\":{\"@id\":\"https:\/\/www.suno.com.br\/noticias\/azul-azul4-tem-queda-de-24-no-trafego-de-passageiros-em-marco\/\"},\"wordCount\":421,\"publisher\":{\"@id\":\"https:\/\/www.suno.com.br\/noticias\/#organization\"},\"image\":{\"@id\":\"https:\/\/www.suno.com.br\/noticias\/azul-azul4-tem-queda-de-24-no-trafego-de-passageiros-em-marco\/#primaryimage\"},\"thumbnailUrl\":\"https:\/\/files.sunoresearch.com.br\/n\/uploads\/2019\/08\/e22b3a1c-azul2-jpg.webp\",\"keywords\":[\"Azul (AZUL4)\",\"coronav\u00edrus\"],\"articleSection\":[\"Neg\u00f3cios\"],\"inLanguage\":\"pt-BR\"},{\"@type\":\"WebPage\",\"@id\":\"https:\/\/www.suno.com.br\/noticias\/azul-azul4-tem-queda-de-24-no-trafego-de-passageiros-em-marco\/\",\"url\":\"https:\/\/www.suno.com.br\/noticias\/azul-azul4-tem-queda-de-24-no-trafego-de-passageiros-em-marco\/\",\"name\":\"Azul (AZUL4) tem queda de 24% no traf\u00e9go de passageiros em mar\u00e7o\",\"isPartOf\":{\"@id\":\"https:\/\/www.suno.com.br\/noticias\/#website\"},\"primaryImageOfPage\":{\"@id\":\"https:\/\/www.suno.com.br\/noticias\/azul-azul4-tem-queda-de-24-no-trafego-de-passageiros-em-marco\/#primaryimage\"},\"image\":{\"@id\":\"https:\/\/www.suno.com.br\/noticias\/azul-azul4-tem-queda-de-24-no-trafego-de-passageiros-em-marco\/#primaryimage\"},\"thumbnailUrl\":\"https:\/\/files.sunoresearch.com.br\/n\/uploads\/2019\/08\/e22b3a1c-azul2-jpg.webp\",\"datePublished\":\"2020-04-07T15:19:46+00:00\",\"description\":\"A Azul (AZUL4) informou que o tr\u00e1fego de passageiros diminuiu 24,6% em mar\u00e7o de 2020, em rela\u00e7\u00e3o a mar\u00e7o de 2019 . Clique aqui e saiba mais\",\"breadcrumb\":{\"@id\":\"https:\/\/www.suno.com.br\/noticias\/azul-azul4-tem-queda-de-24-no-trafego-de-passageiros-em-marco\/#breadcrumb\"},\"inLanguage\":\"pt-BR\",\"potentialAction\":[{\"@type\":\"ReadAction\",\"target\":[\"https:\/\/www.suno.com.br\/noticias\/azul-azul4-tem-queda-de-24-no-trafego-de-passageiros-em-marco\/\"]}]},{\"@type\":\"ImageObject\",\"inLanguage\":\"pt-BR\",\"@id\":\"https:\/\/www.suno.com.br\/noticias\/azul-azul4-tem-queda-de-24-no-trafego-de-passageiros-em-marco\/#primaryimage\",\"url\":\"https:\/\/files.sunoresearch.com.br\/n\/uploads\/2019\/08\/e22b3a1c-azul2-jpg.webp\",\"contentUrl\":\"https:\/\/files.sunoresearch.com.br\/n\/uploads\/2019\/08\/e22b3a1c-azul2-jpg.webp\",\"width\":1086,\"height\":652,\"caption\":\"Azul\"},{\"@type\":\"BreadcrumbList\",\"@id\":\"https:\/\/www.suno.com.br\/noticias\/azul-azul4-tem-queda-de-24-no-trafego-de-passageiros-em-marco\/#breadcrumb\",\"itemListElement\":[{\"@type\":\"ListItem\",\"position\":1,\"name\":\"Not\u00edcias\",\"item\":\"https:\/\/www.suno.com.br\/noticias\/\"},{\"@type\":\"ListItem\",\"position\":2,\"name\":\"Neg\u00f3cios\",\"item\":\"https:\/\/www.suno.com.br\/noticias\/negocios\/\"},{\"@type\":\"ListItem\",\"position\":3,\"name\":\"Azul (AZUL4) tem queda de 24% no tr\u00e1fego de passageiros em mar\u00e7o\"}]},{\"@type\":\"WebSite\",\"@id\":\"https:\/\/www.suno.com.br\/noticias\/#website\",\"url\":\"https:\/\/www.suno.com.br\/noticias\/\",\"name\":\"Suno Not\u00edcias\",\"description\":\"Seu portal de informa\u00e7\u00e3o sobre o mundo dos investimentos\",\"publisher\":{\"@id\":\"https:\/\/www.suno.com.br\/noticias\/#organization\"},\"potentialAction\":[{\"@type\":\"SearchAction\",\"target\":{\"@type\":\"EntryPoint\",\"urlTemplate\":\"https:\/\/www.suno.com.br\/noticias\/?s={search_term_string}\"},\"query-input\":{\"@type\":\"PropertyValueSpecification\",\"valueRequired\":true,\"valueName\":\"search_term_string\"}}],\"inLanguage\":\"pt-BR\"},{\"@type\":\"Organization\",\"@id\":\"https:\/\/www.suno.com.br\/noticias\/#organization\",\"name\":\"Suno Not\u00edcias\",\"url\":\"https:\/\/www.suno.com.br\/noticias\/\",\"logo\":{\"@type\":\"ImageObject\",\"inLanguage\":\"pt-BR\",\"@id\":\"https:\/\/www.suno.com.br\/noticias\/#\/schema\/logo\/image\/\",\"url\":\"https:\/\/files.sunoresearch.com.br\/n\/uploads\/2021\/09\/suno-logo.png\",\"contentUrl\":\"https:\/\/files.sunoresearch.com.br\/n\/uploads\/2021\/09\/suno-logo.png\",\"width\":180,\"height\":180,\"caption\":\"Suno Not\u00edcias\"},\"image\":{\"@id\":\"https:\/\/www.suno.com.br\/noticias\/#\/schema\/logo\/image\/\"},\"sameAs\":[\"https:\/\/facebook.com\/sunoresearch\",\"https:\/\/x.com\/sunoresearch\",\"https:\/\/www.instagram.com\/suno\",\"https:\/\/www.linkedin.com\/company\/suno-research\/\",\"https:\/\/www.youtube.com\/c\/sunoresearch\"]},{\"@type\":\"Person\",\"@id\":\"https:\/\/www.suno.com.br\/noticias\/#\/schema\/person\/02ec1f752758247878a2bf4abee1aeda\",\"name\":\"Poliana Santos\",\"image\":{\"@type\":\"ImageObject\",\"inLanguage\":\"pt-BR\",\"@id\":\"https:\/\/www.suno.com.br\/noticias\/#\/schema\/person\/image\/\",\"url\":\"https:\/\/secure.gravatar.com\/avatar\/0645bd32f23d87b2130f2b2dff1d3f8d?s=96&r=g\",\"contentUrl\":\"https:\/\/secure.gravatar.com\/avatar\/0645bd32f23d87b2130f2b2dff1d3f8d?s=96&r=g\",\"caption\":\"Poliana Santos\"},\"description\":\"Rep\u00f3rter no Suno Not\u00edcias, com cobertura em mercado financeiro, economia, finan\u00e7as pessoais, renda fixa e varejo. Jornalista formada pela Faculdade C\u00e1sper L\u00edbero e possui passagem na R\u00e1dio Gazeta AM com a produ\u00e7\u00e3o de conte\u00fado sobre economia, pol\u00edtica, sa\u00fade, moda e m\u00fasica. Possui certificado de conclus\u00e3o do curso de An\u00e1lise de Balan\u00e7os pela Funda\u00e7\u00e3o Bradesco, Agenda Brasil pela FAAP, Educa\u00e7\u00e3o Pol\u00edtica por Alexandre Garcia e do Tesouro Direto e Mercado de A\u00e7\u00f5es pela B3.\",\"url\":\"https:\/\/www.suno.com.br\/noticias\/author\/poliana-santos\/\"}]}<\/script>\n<!-- \/ Yoast SEO plugin. -->","yoast_head_json":{"title":"Azul (AZUL4) tem queda de 24% no traf\u00e9go de passageiros em mar\u00e7o","description":"A Azul (AZUL4) informou que o tr\u00e1fego de passageiros diminuiu 24,6% em mar\u00e7o de 2020, em rela\u00e7\u00e3o a mar\u00e7o de 2019 . Clique aqui e saiba mais","robots":{"index":"index","follow":"follow","max-snippet":"max-snippet:-1","max-image-preview":"max-image-preview:large","max-video-preview":"max-video-preview:-1"},"canonical":"https:\/\/www.suno.com.br\/noticias\/azul-azul4-tem-queda-de-24-no-trafego-de-passageiros-em-marco\/","og_locale":"pt_BR","og_type":"article","og_title":"Azul (AZUL4) tem queda de 24% no traf\u00e9go de passageiros em mar\u00e7o","og_description":"A Azul (AZUL4) informou que o tr\u00e1fego de passageiros diminuiu 24,6% em mar\u00e7o de 2020, em rela\u00e7\u00e3o a mar\u00e7o de 2019 . Clique aqui e saiba mais","og_url":"https:\/\/www.suno.com.br\/noticias\/azul-azul4-tem-queda-de-24-no-trafego-de-passageiros-em-marco\/","og_site_name":"Suno Not\u00edcias","article_publisher":"https:\/\/facebook.com\/sunoresearch","og_image":[{"width":1086,"height":652,"url":"https:\/\/files.sunoresearch.com.br\/n\/uploads\/2019\/08\/e22b3a1c-azul2.jpg","type":"image\/jpeg"}],"author":"Poliana Santos","twitter_card":"summary_large_image","twitter_creator":"@sunoresearch","twitter_site":"@sunoresearch","twitter_misc":{"Escrito por":"Poliana Santos","Est. tempo de leitura":"2 minutos"},"schema":{"@context":"https:\/\/schema.org","@graph":[{"@type":"NewsArticle","@id":"https:\/\/www.suno.com.br\/noticias\/azul-azul4-tem-queda-de-24-no-trafego-de-passageiros-em-marco\/#article","isPartOf":{"@id":"https:\/\/www.suno.com.br\/noticias\/azul-azul4-tem-queda-de-24-no-trafego-de-passageiros-em-marco\/"},"author":{"name":"Poliana Santos","@id":"https:\/\/www.suno.com.br\/noticias\/#\/schema\/person\/02ec1f752758247878a2bf4abee1aeda"},"headline":"Azul (AZUL4) tem queda de 24% no tr\u00e1fego de passageiros em mar\u00e7o","datePublished":"2020-04-07T15:19:46+00:00","mainEntityOfPage":{"@id":"https:\/\/www.suno.com.br\/noticias\/azul-azul4-tem-queda-de-24-no-trafego-de-passageiros-em-marco\/"},"wordCount":421,"publisher":{"@id":"https:\/\/www.suno.com.br\/noticias\/#organization"},"image":{"@id":"https:\/\/www.suno.com.br\/noticias\/azul-azul4-tem-queda-de-24-no-trafego-de-passageiros-em-marco\/#primaryimage"},"thumbnailUrl":"https:\/\/files.sunoresearch.com.br\/n\/uploads\/2019\/08\/e22b3a1c-azul2-jpg.webp","keywords":["Azul (AZUL4)","coronav\u00edrus"],"articleSection":["Neg\u00f3cios"],"inLanguage":"pt-BR"},{"@type":"WebPage","@id":"https:\/\/www.suno.com.br\/noticias\/azul-azul4-tem-queda-de-24-no-trafego-de-passageiros-em-marco\/","url":"https:\/\/www.suno.com.br\/noticias\/azul-azul4-tem-queda-de-24-no-trafego-de-passageiros-em-marco\/","name":"Azul (AZUL4) tem queda de 24% no traf\u00e9go de passageiros em mar\u00e7o","isPartOf":{"@id":"https:\/\/www.suno.com.br\/noticias\/#website"},"primaryImageOfPage":{"@id":"https:\/\/www.suno.com.br\/noticias\/azul-azul4-tem-queda-de-24-no-trafego-de-passageiros-em-marco\/#primaryimage"},"image":{"@id":"https:\/\/www.suno.com.br\/noticias\/azul-azul4-tem-queda-de-24-no-trafego-de-passageiros-em-marco\/#primaryimage"},"thumbnailUrl":"https:\/\/files.sunoresearch.com.br\/n\/uploads\/2019\/08\/e22b3a1c-azul2-jpg.webp","datePublished":"2020-04-07T15:19:46+00:00","description":"A Azul (AZUL4) informou que o tr\u00e1fego de passageiros diminuiu 24,6% em mar\u00e7o de 2020, em rela\u00e7\u00e3o a mar\u00e7o de 2019 . Clique aqui e saiba mais","breadcrumb":{"@id":"https:\/\/www.suno.com.br\/noticias\/azul-azul4-tem-queda-de-24-no-trafego-de-passageiros-em-marco\/#breadcrumb"},"inLanguage":"pt-BR","potentialAction":[{"@type":"ReadAction","target":["https:\/\/www.suno.com.br\/noticias\/azul-azul4-tem-queda-de-24-no-trafego-de-passageiros-em-marco\/"]}]},{"@type":"ImageObject","inLanguage":"pt-BR","@id":"https:\/\/www.suno.com.br\/noticias\/azul-azul4-tem-queda-de-24-no-trafego-de-passageiros-em-marco\/#primaryimage","url":"https:\/\/files.sunoresearch.com.br\/n\/uploads\/2019\/08\/e22b3a1c-azul2-jpg.webp","contentUrl":"https:\/\/files.sunoresearch.com.br\/n\/uploads\/2019\/08\/e22b3a1c-azul2-jpg.webp","width":1086,"height":652,"caption":"Azul"},{"@type":"BreadcrumbList","@id":"https:\/\/www.suno.com.br\/noticias\/azul-azul4-tem-queda-de-24-no-trafego-de-passageiros-em-marco\/#breadcrumb","itemListElement":[{"@type":"ListItem","position":1,"name":"Not\u00edcias","item":"https:\/\/www.suno.com.br\/noticias\/"},{"@type":"ListItem","position":2,"name":"Neg\u00f3cios","item":"https:\/\/www.suno.com.br\/noticias\/negocios\/"},{"@type":"ListItem","position":3,"name":"Azul (AZUL4) tem queda de 24% no tr\u00e1fego de passageiros em mar\u00e7o"}]},{"@type":"WebSite","@id":"https:\/\/www.suno.com.br\/noticias\/#website","url":"https:\/\/www.suno.com.br\/noticias\/","name":"Suno Not\u00edcias","description":"Seu portal de informa\u00e7\u00e3o sobre o mundo dos investimentos","publisher":{"@id":"https:\/\/www.suno.com.br\/noticias\/#organization"},"potentialAction":[{"@type":"SearchAction","target":{"@type":"EntryPoint","urlTemplate":"https:\/\/www.suno.com.br\/noticias\/?s={search_term_string}"},"query-input":{"@type":"PropertyValueSpecification","valueRequired":true,"valueName":"search_term_string"}}],"inLanguage":"pt-BR"},{"@type":"Organization","@id":"https:\/\/www.suno.com.br\/noticias\/#organization","name":"Suno Not\u00edcias","url":"https:\/\/www.suno.com.br\/noticias\/","logo":{"@type":"ImageObject","inLanguage":"pt-BR","@id":"https:\/\/www.suno.com.br\/noticias\/#\/schema\/logo\/image\/","url":"https:\/\/files.sunoresearch.com.br\/n\/uploads\/2021\/09\/suno-logo.png","contentUrl":"https:\/\/files.sunoresearch.com.br\/n\/uploads\/2021\/09\/suno-logo.png","width":180,"height":180,"caption":"Suno Not\u00edcias"},"image":{"@id":"https:\/\/www.suno.com.br\/noticias\/#\/schema\/logo\/image\/"},"sameAs":["https:\/\/facebook.com\/sunoresearch","https:\/\/x.com\/sunoresearch","https:\/\/www.instagram.com\/suno","https:\/\/www.linkedin.com\/company\/suno-research\/","https:\/\/www.youtube.com\/c\/sunoresearch"]},{"@type":"Person","@id":"https:\/\/www.suno.com.br\/noticias\/#\/schema\/person\/02ec1f752758247878a2bf4abee1aeda","name":"Poliana Santos","image":{"@type":"ImageObject","inLanguage":"pt-BR","@id":"https:\/\/www.suno.com.br\/noticias\/#\/schema\/person\/image\/","url":"https:\/\/secure.gravatar.com\/avatar\/0645bd32f23d87b2130f2b2dff1d3f8d?s=96&r=g","contentUrl":"https:\/\/secure.gravatar.com\/avatar\/0645bd32f23d87b2130f2b2dff1d3f8d?s=96&r=g","caption":"Poliana Santos"},"description":"Rep\u00f3rter no Suno Not\u00edcias, com cobertura em mercado financeiro, economia, finan\u00e7as pessoais, renda fixa e varejo. Jornalista formada pela Faculdade C\u00e1sper L\u00edbero e possui passagem na R\u00e1dio Gazeta AM com a produ\u00e7\u00e3o de conte\u00fado sobre economia, pol\u00edtica, sa\u00fade, moda e m\u00fasica. Possui certificado de conclus\u00e3o do curso de An\u00e1lise de Balan\u00e7os pela Funda\u00e7\u00e3o Bradesco, Agenda Brasil pela FAAP, Educa\u00e7\u00e3o Pol\u00edtica por Alexandre Garcia e do Tesouro Direto e Mercado de A\u00e7\u00f5es pela B3.","url":"https:\/\/www.suno.com.br\/noticias\/author\/poliana-santos\/"}]}},"default_loop_html":"<div class=\"cardsPage__listCard__boxs\"><div class=\"cardsPage__listCard__boxs__img\"><a href=\"https:\/\/www.suno.com.br\/noticias\/azul-azul4-tem-queda-de-24-no-trafego-de-passageiros-em-marco\/\"><img class=\"mask\" src=\"https:\/\/www.suno.com.br\/noticias\/wp-content\/themes\/suno\/resources\/images\/spotlight\/spotlight1img\/bg-mask.png\" alt=\"Image Mask\"\/><img src=\"https:\/\/files.sunoresearch.com.br\/n\/uploads\/2019\/08\/e22b3a1c-azul2-400x200.webp\" alt=\"Azul (AZUL4) tem queda de 24% no tr\u00e1fego de passageiros em mar\u00e7o\"\/><\/a><span class=\"spotlightCategory\"><a href=\"https:\/\/www.suno.com.br\/noticias\/negocios\/\">Neg\u00f3cios<\/a><\/span><\/div><div class=\"cardsPage__listCard__boxs__content\"><a href=\"https:\/\/www.suno.com.br\/noticias\/azul-azul4-tem-queda-de-24-no-trafego-de-passageiros-em-marco\/\"><h2 class=\"content__title\">Azul (AZUL4) tem queda de 24% no tr\u00e1fego de passageiros em mar\u00e7o<\/h2><\/a><div class=\"newsContent__article__meta\"><div class=\"newsContent__article__meta__authorBox\"><a href=\"https:\/\/www.suno.com.br\/noticias\/author\/poliana-santos\/\" class=\"authorBox__avatar noMobi\"><img src=\"https:\/\/files.sunoresearch.com.br\/n\/uploads\/2020\/08\/7ef34026-whatsapp-image-2020-08-03-at-12.37.57-150x150.webp\" alt=\"Poliana Santos\"><\/a><div class=\"authorBox__name\"><span>por\n\t\t\t<a href=\"https:\/\/www.suno.com.br\/noticias\/author\/poliana-santos\/\"><span itemprop=\"author\">Poliana Santos<\/span><\/a><\/span><time datetime=\"2020-04-07T12:19:46-03:00\" itemprop=\"datePublished\">07\/04\/2020 12:19<\/time><\/div><\/div><\/div><\/div><\/div>","single_layout":"posts","amp_enabled":true,"_links":{"self":[{"href":"https:\/\/www.suno.com.br\/noticias\/wp-json\/wp\/v2\/posts\/60766"}],"collection":[{"href":"https:\/\/www.suno.com.br\/noticias\/wp-json\/wp\/v2\/posts"}],"about":[{"href":"https:\/\/www.suno.com.br\/noticias\/wp-json\/wp\/v2\/types\/post"}],"author":[{"embeddable":true,"href":"https:\/\/www.suno.com.br\/noticias\/wp-json\/wp\/v2\/users\/15"}],"replies":[{"embeddable":true,"href":"https:\/\/www.suno.com.br\/noticias\/wp-json\/wp\/v2\/comments?post=60766"}],"version-history":[{"count":0,"href":"https:\/\/www.suno.com.br\/noticias\/wp-json\/wp\/v2\/posts\/60766\/revisions"}],"wp:featuredmedia":[{"embeddable":true,"href":"https:\/\/www.suno.com.br\/noticias\/wp-json\/wp\/v2\/media\/35869"}],"wp:attachment":[{"href":"https:\/\/www.suno.com.br\/noticias\/wp-json\/wp\/v2\/media?parent=60766"}],"wp:term":[{"taxonomy":"category","embeddable":true,"href":"https:\/\/www.suno.com.br\/noticias\/wp-json\/wp\/v2\/categories?post=60766"},{"taxonomy":"post_tag","embeddable":true,"href":"https:\/\/www.suno.com.br\/noticias\/wp-json\/wp\/v2\/tags?post=60766"},{"taxonomy":"suno_strategy","embeddable":true,"href":"https:\/\/www.suno.com.br\/noticias\/wp-json\/wp\/v2\/suno_strategy?post=60766"}],"curies":[{"name":"wp","href":"https:\/\/api.w.org\/{rel}","templated":true}]}}