{"id":607444,"date":"2025-05-29T17:45:10","date_gmt":"2025-05-29T20:45:10","guid":{"rendered":"https:\/\/www.suno.com.br\/noticias\/?p=607444"},"modified":"2025-05-29T18:35:43","modified_gmt":"2025-05-29T21:35:43","slug":"fundo-imobiliario-rect11-adia-amortizacao-de-cri","status":"publish","type":"post","link":"https:\/\/www.suno.com.br\/noticias\/fundo-imobiliario-rect11-adia-amortizacao-de-cri\/","title":{"rendered":"Fundo imobili\u00e1rio ganha f\u00f4lego: RECT11 adia amortiza\u00e7\u00e3o de CRI e foca em recupera\u00e7\u00e3o"},"content":{"rendered":"<p>O <strong>fundo imobili\u00e1rio<\/strong> <a class=\"suno-keyword\" target=\"_blank\" data-force=\"yes\" data-priority=\"2\" href=\"https:\/\/www.suno.com.br\/fundos-imobiliarios\/rect11\/\" rel=\"noopener\">RECT11<\/a> conseguiu um f\u00f4lego importante de <a class=\"suno-keyword\" target=\"_blank\" data-force=\"no\" data-priority=\"1\" href=\"https:\/\/www.suno.com.br\/artigos\/curto-prazo\/\" rel=\"noopener\">curto prazo<\/a> em seu fluxo de caixa, ao aprovar mudan\u00e7as relevantes nas condi\u00e7\u00f5es de pagamento dos <a class=\"suno-keyword\" target=\"_blank\" data-force=\"no\" data-priority=\"1\" href=\"https:\/\/www.suno.com.br\/artigos\/certificados-recebiveis-imobiliarios\/\" rel=\"noopener\">Certificados de Receb\u00edveis Imobili\u00e1rios<\/a> (CRIs) vinculados \u00e0 aquisi\u00e7\u00e3o do Edif\u00edcio Barra da Tijuca Corporate, no Rio de Janeiro.<\/p>\t<div class=\"wrapper-featured-image\">\n\t\t<figure class=\"spotlightImg\">\n\n\t\t\t<picture>\n\t\t\t\t<source media=\"(max-width: 768px)\" srcset=\"https:\/\/files.sunoresearch.com.br\/n\/uploads\/2025\/05\/FIIs-IFIX-predios-pb-2-400x200.jpg\">\n\t\t\t\t<img loading=\"lazy\" decoding=\"async\" class=\"newsContent__article__imgCapa lazyloadDisabled \" src=\"https:\/\/files.sunoresearch.com.br\/n\/uploads\/2025\/05\/FIIs-IFIX-predios-pb-2-800x450.jpg\" width=\"800\" height=\"450\" alt=\"Fundo imobili\u00e1rio ganha f\u00f4lego: RECT11 adia amortiza\u00e7\u00e3o de CRI e foca em recupera\u00e7\u00e3o\" fetchpriority=high \/>\n\t\t\t<\/picture>\n\n\t\t\t<figcaption class=\"wp-caption-text wp-caption-text--show\">Foto: Freepik<\/figcaption>\n\t\t<\/figure>\n\t<\/div>\n\n\n\n\n\n\t<p>\n\t\t<a href=\"https:\/\/lp.suno.com.br\/planilha-da-vida-financeira\/\" target=\"_blank\" data-element=\"shortcode-suno-banner\" title=\"Banner SUNO, clique e saiba mais\">\n\t\t\t<picture>\n\t\t\t\t<source media=\"(max-width: 500px)\" srcset=\"https:\/\/files.sunoresearch.com.br\/n\/uploads\/2023\/04\/400x300-Planilha-vida-financeira-true.png\">\n\t\t\t\t<img class=\"newsContent__article__imgCapa newsContent__article__imgCapa--banner\"\n\t\t\t\t\tsrc=\"https:\/\/files.sunoresearch.com.br\/n\/uploads\/2023\/04\/1420x240-Planilha-vida-financeira-true.png\"\n\t\t\t\t\tdata-promo-id=\"383123\"\t\t\t\t\t\t\t\t\t\twidth='1420' height='240'\t\t\t\t\talt=\"https:\/\/files.sunoresearch.com.br\/n\/uploads\/2023\/04\/1420x240-Planilha-vida-financeira-true.png\"\n\t\t\t\t>\n\t\t\t<\/picture>\n\t\t<\/a>\n\t<\/p>\n\n\n\n\n\n<p>A proposta foi aprovada pelos credores em assembleia e prev\u00ea uma car\u00eancia de 12 meses para o pagamento da amortiza\u00e7\u00e3o dos <strong>CRIs<\/strong>, contada a partir de julho de 2025. Durante esse per\u00edodo, o fundo continuar\u00e1 realizando pagamentos mensais de R$ 1,395 milh\u00e3o, valor que ser\u00e1 corrigido mensalmente pelo IPCA, referentes aos juros e \u00e0 atualiza\u00e7\u00e3o monet\u00e1ria dos pap\u00e9is.<\/p>\n\n\n\n<p>A decis\u00e3o renova um processo que vem desde julho de 2024, quando o FII j\u00e1 havia obtido dos credores a permiss\u00e3o para suspender o pagamento das amortiza\u00e7\u00f5es por 12 meses. A d\u00edvida principal referente aos CRIs do Barra Corporate \u00e9 de R$ 75,5 milh\u00f5es, segundo o \u00faltimo relat\u00f3rio gerencial divulgado pelo fundo, no dia 8 de maio.<\/p>\n\n\n\n<p>Outra mudan\u00e7a relevante foi a decis\u00e3o de direcionar metade da remunera\u00e7\u00e3o da <a class=\"suno-keyword\" target=\"_blank\" data-force=\"no\" data-priority=\"1\" href=\"https:\/\/www.suno.com.br\/artigos\/consultoria-investimentos\/\" rel=\"noopener\">consultoria de investimentos<\/a>, quantia que passaria a ser retida a partir do m\u00eas passado, para abater R$ 4 milh\u00f5es do <a class=\"suno-keyword\" target=\"_blank\" data-force=\"no\" data-priority=\"1\" href=\"https:\/\/www.suno.com.br\/artigos\/saldo-devedor\/\" rel=\"noopener\">saldo devedor<\/a> de uma das s\u00e9ries do mesmo CRI. Esse valor ser\u00e1 pago em quatro parcelas trimestrais de R\\$ 1 milh\u00e3o cada, nos meses de julho e outubro de 2025, e janeiro e abril de 2026.<\/p>\n\n\n\n<p>As altera\u00e7\u00f5es aprovadas podem proporcionar maior f\u00f4lego financeiro ao RECT11 no curto prazo. A REC, gestora do FII, informou que seguir\u00e1 empenhada na loca\u00e7\u00e3o dos espa\u00e7os vagos e no esfor\u00e7o de venda de ativos.<\/p>\n\n\n\t<p>\n\t\t<a href=\"https:\/\/lp.suno.com.br\/plataforma-de-controle-de-investimentos\/\" target=\"_blank\" data-element=\"shortcode-suno-banner\" title=\"Banner SUNO, clique e saiba mais\">\n\t\t\t<picture>\n\t\t\t\t<source media=\"(max-width: 500px)\" srcset=\"https:\/\/files.sunoresearch.com.br\/n\/uploads\/2023\/03\/400x300-Controle-de-Investimentos.png\">\n\t\t\t\t<img class=\"newsContent__article__imgCapa newsContent__article__imgCapa--banner\"\n\t\t\t\t\tsrc=\"https:\/\/files.sunoresearch.com.br\/n\/uploads\/2023\/03\/1420x240-Controle-de-Investimentos.png\"\n\t\t\t\t\tdata-promo-id=\"383162\"\t\t\t\t\t\t\t\t\t\twidth='1420' height='240'\t\t\t\t\talt=\"https:\/\/files.sunoresearch.com.br\/n\/uploads\/2023\/03\/1420x240-Controle-de-Investimentos.png\"\n\t\t\t\t>\n\t\t\t<\/picture>\n\t\t<\/a>\n\t<\/p>\n\n\n\n\n\n<p>Tamb\u00e9m nesta semana, o fundo anunciou a renova\u00e7\u00e3o antecipada de contrato por 60 meses com a Amil, empresa do setor de sa\u00fade suplementar, num espa\u00e7o de 3.899,27 metros quadrados que inclui uma loja e tr\u00eas escrit\u00f3rios no edif\u00edcio Emiliano Corporate, em Curitiba (PR). O acordo venceria neste ano e foi renovado at\u00e9 30 de novembro de 2030. Segundo a gest\u00e3o,\u00a0n\u00e3o haver\u00e1 impacto inicial na distribui\u00e7\u00e3o de dividendos.<\/p>\n\n\n\n<h2 class=\"wp-block-heading\">Fundo imobili\u00e1rio RECT11: saiba mais sobre o fundo<\/h2>\n\n\n\n<p>O <strong>RECT11 <\/strong>\u00e9 um dos FIIs mais descontados em rela\u00e7\u00e3o ao <a class=\"suno-keyword\" data-force=\"no\" data-priority=\"1\" href=\"https:\/\/www.suno.com.br\/artigos\/valor-patrimonial\/\" target=\"_blank\" rel=\"noopener\">valor patrimonial<\/a>, considerando os principais ativos do mercado de fundos imobili\u00e1rios. Com nove edif\u00edcios em seu portf\u00f3lio, e uma \u00e1rea bruta loc\u00e1vel (ABL) total de 91.342 metros quadrados, sua vac\u00e2ncia est\u00e1 em cerca de 10%.<\/p>\n\n\n\n<p>O patrim\u00f4nio l\u00edquido do fundo \u00e9 de R$ 777,1 milh\u00f5es, ou R$ 90,96, e o fundo fechou o preg\u00e3o de quarta-feira (28) negociado a R$ 33,04, com um desconto aproximado de 63%. Desde o come\u00e7o do m\u00eas, o FII foi retirado da <a class=\"suno-keyword\" data-force=\"no\" data-priority=\"1\" href=\"https:\/\/www.suno.com.br\/artigos\/carteira-teorica\/\" target=\"_blank\" rel=\"noopener\">carteira te\u00f3rica<\/a> do <strong>IFIX<\/strong>, que re\u00fane os principais fundos do mercado, para o per\u00edodo entre maio e agosto.<\/p>\n\n\n\n<p>A complexidade da situa\u00e7\u00e3o financeira de curto prazo j\u00e1 era conhecida. No relat\u00f3rio gerencial divulgado em 8 de maio, a gest\u00e3o j\u00e1 informava que buscaria uma nova suspens\u00e3o das amortiza\u00e7\u00f5es, que seria a \u00fanica op\u00e7\u00e3o para quitar a d\u00edvida sem que o <strong>fundo imobili\u00e1rio<\/strong> RECT11 tenha que se desfazer de um de seus ativos.<\/p>\n\n\n\t<p>\n\t\t<a href=\"https:\/\/lp.suno.com.br\/ebook-investindo-em-fiis\/\" target=\"_blank\" data-element=\"shortcode-suno-banner\" title=\"Banner SUNO, clique e saiba mais\">\n\t\t\t<picture>\n\t\t\t\t<source media=\"(max-width: 500px)\" srcset=\"https:\/\/files.sunoresearch.com.br\/n\/uploads\/2023\/07\/Ebook-Fundos-Imobiliarios-Mobile.jpg\">\n\t\t\t\t<img class=\"newsContent__article__imgCapa newsContent__article__imgCapa--banner\"\n\t\t\t\t\tsrc=\"https:\/\/files.sunoresearch.com.br\/n\/uploads\/2023\/07\/Ebook-Fundos-Imobiliarios-Desktop.jpg\"\n\t\t\t\t\tdata-promo-id=\"378301\"\t\t\t\t\t\t\t\t\t\twidth='1420' height='286'\t\t\t\t\talt=\"https:\/\/files.sunoresearch.com.br\/n\/uploads\/2023\/07\/Ebook-Fundos-Imobiliarios-Desktop.jpg\"\n\t\t\t\t>\n\t\t\t<\/picture>\n\t\t<\/a>\n\t<\/p>\n\n\n","protected":false},"excerpt":{"rendered":"<p>O fundo imobili\u00e1rio RECT11 conseguiu um f\u00f4lego importante de curto prazo em seu fluxo de caixa, ao aprovar mudan\u00e7as relevantes nas condi\u00e7\u00f5es de pagamento dos Certificados de Receb\u00edveis Imobili\u00e1rios (CRIs) vinculados \u00e0 aquisi\u00e7\u00e3o do Edif\u00edcio Barra da Tijuca Corporate, no Rio de Janeiro. Foto: Freepik A proposta foi aprovada pelos credores em assembleia e prev\u00ea [&hellip;]<\/p>\n","protected":false},"author":339,"featured_media":607448,"comment_status":"closed","ping_status":"closed","sticky":false,"template":"","format":"standard","meta":[],"categories":[66],"tags":[315,105962],"suno_strategy":[],"class_list":["post-607444","post","type-post","status-publish","format-standard","has-post-thumbnail","hentry","category-fiis","tag-fundos-imobiliarios-fiis","tag-rect11"],"yoast_head":"<!-- This site is optimized with the Yoast SEO plugin v24.4 - https:\/\/yoast.com\/wordpress\/plugins\/seo\/ -->\n<title>Fundo imobili\u00e1rio ganha f\u00f4lego: RECT11 adia amortiza\u00e7\u00e3o de CRI<\/title>\n<meta name=\"description\" content=\"Fundo imobili\u00e1rio RECT11 aprovou adiamento por mais 12 meses das amortiza\u00e7\u00f5es do CRI Barra da Tijuca Corporate.\" \/>\n<meta name=\"robots\" content=\"index, follow, max-snippet:-1, max-image-preview:large, max-video-preview:-1\" \/>\n<link rel=\"canonical\" href=\"https:\/\/www.suno.com.br\/noticias\/fundo-imobiliario-rect11-adia-amortizacao-de-cri\/\" \/>\n<meta property=\"og:locale\" content=\"pt_BR\" \/>\n<meta property=\"og:type\" content=\"article\" \/>\n<meta property=\"og:title\" content=\"Fundo imobili\u00e1rio ganha f\u00f4lego: RECT11 adia amortiza\u00e7\u00e3o de CRI\" \/>\n<meta property=\"og:description\" content=\"Fundo imobili\u00e1rio RECT11 aprovou adiamento por mais 12 meses das amortiza\u00e7\u00f5es do CRI Barra da Tijuca Corporate.\" \/>\n<meta property=\"og:url\" content=\"https:\/\/www.suno.com.br\/noticias\/fundo-imobiliario-rect11-adia-amortizacao-de-cri\/\" \/>\n<meta property=\"og:site_name\" content=\"Suno Not\u00edcias\" \/>\n<meta property=\"article:publisher\" content=\"https:\/\/facebook.com\/sunoresearch\" \/>\n<meta property=\"og:image\" content=\"https:\/\/files.sunoresearch.com.br\/n\/uploads\/2025\/05\/FIIs-IFIX-predios-pb-2.jpg\" \/>\n\t<meta property=\"og:image:width\" content=\"1280\" \/>\n\t<meta property=\"og:image:height\" content=\"853\" \/>\n\t<meta property=\"og:image:type\" content=\"image\/jpeg\" \/>\n<meta name=\"author\" content=\"Fernando Cesarotti\" \/>\n<meta name=\"twitter:card\" content=\"summary_large_image\" \/>\n<meta name=\"twitter:creator\" content=\"@sunoresearch\" \/>\n<meta name=\"twitter:site\" content=\"@sunoresearch\" \/>\n<meta name=\"twitter:label1\" content=\"Escrito por\" \/>\n\t<meta name=\"twitter:data1\" content=\"Fernando Cesarotti\" \/>\n\t<meta name=\"twitter:label2\" content=\"Est. tempo de leitura\" \/>\n\t<meta name=\"twitter:data2\" content=\"3 minutos\" \/>\n<script type=\"application\/ld+json\" class=\"yoast-schema-graph\">{\"@context\":\"https:\/\/schema.org\",\"@graph\":[{\"@type\":\"NewsArticle\",\"@id\":\"https:\/\/www.suno.com.br\/noticias\/fundo-imobiliario-rect11-adia-amortizacao-de-cri\/#article\",\"isPartOf\":{\"@id\":\"https:\/\/www.suno.com.br\/noticias\/fundo-imobiliario-rect11-adia-amortizacao-de-cri\/\"},\"author\":{\"name\":\"Fernando Cesarotti\",\"@id\":\"https:\/\/www.suno.com.br\/noticias\/#\/schema\/person\/02171f82e02ec2306ed662847e114507\"},\"headline\":\"Fundo imobili\u00e1rio ganha f\u00f4lego: RECT11 adia amortiza\u00e7\u00e3o de CRI e foca em recupera\u00e7\u00e3o\",\"datePublished\":\"2025-05-29T20:45:10+00:00\",\"dateModified\":\"2025-05-29T21:35:43+00:00\",\"mainEntityOfPage\":{\"@id\":\"https:\/\/www.suno.com.br\/noticias\/fundo-imobiliario-rect11-adia-amortizacao-de-cri\/\"},\"wordCount\":561,\"publisher\":{\"@id\":\"https:\/\/www.suno.com.br\/noticias\/#organization\"},\"image\":{\"@id\":\"https:\/\/www.suno.com.br\/noticias\/fundo-imobiliario-rect11-adia-amortizacao-de-cri\/#primaryimage\"},\"thumbnailUrl\":\"https:\/\/files.sunoresearch.com.br\/n\/uploads\/2025\/05\/FIIs-IFIX-predios-pb-2.jpg\",\"keywords\":[\"Fundos Imobili\u00e1rios (FIIs)\",\"RECT11\"],\"articleSection\":[\"FIIs\"],\"inLanguage\":\"pt-BR\"},{\"@type\":\"WebPage\",\"@id\":\"https:\/\/www.suno.com.br\/noticias\/fundo-imobiliario-rect11-adia-amortizacao-de-cri\/\",\"url\":\"https:\/\/www.suno.com.br\/noticias\/fundo-imobiliario-rect11-adia-amortizacao-de-cri\/\",\"name\":\"Fundo imobili\u00e1rio ganha f\u00f4lego: RECT11 adia amortiza\u00e7\u00e3o de CRI\",\"isPartOf\":{\"@id\":\"https:\/\/www.suno.com.br\/noticias\/#website\"},\"primaryImageOfPage\":{\"@id\":\"https:\/\/www.suno.com.br\/noticias\/fundo-imobiliario-rect11-adia-amortizacao-de-cri\/#primaryimage\"},\"image\":{\"@id\":\"https:\/\/www.suno.com.br\/noticias\/fundo-imobiliario-rect11-adia-amortizacao-de-cri\/#primaryimage\"},\"thumbnailUrl\":\"https:\/\/files.sunoresearch.com.br\/n\/uploads\/2025\/05\/FIIs-IFIX-predios-pb-2.jpg\",\"datePublished\":\"2025-05-29T20:45:10+00:00\",\"dateModified\":\"2025-05-29T21:35:43+00:00\",\"description\":\"Fundo imobili\u00e1rio RECT11 aprovou adiamento por mais 12 meses das amortiza\u00e7\u00f5es do CRI Barra da Tijuca Corporate.\",\"breadcrumb\":{\"@id\":\"https:\/\/www.suno.com.br\/noticias\/fundo-imobiliario-rect11-adia-amortizacao-de-cri\/#breadcrumb\"},\"inLanguage\":\"pt-BR\",\"potentialAction\":[{\"@type\":\"ReadAction\",\"target\":[\"https:\/\/www.suno.com.br\/noticias\/fundo-imobiliario-rect11-adia-amortizacao-de-cri\/\"]}]},{\"@type\":\"ImageObject\",\"inLanguage\":\"pt-BR\",\"@id\":\"https:\/\/www.suno.com.br\/noticias\/fundo-imobiliario-rect11-adia-amortizacao-de-cri\/#primaryimage\",\"url\":\"https:\/\/files.sunoresearch.com.br\/n\/uploads\/2025\/05\/FIIs-IFIX-predios-pb-2.jpg\",\"contentUrl\":\"https:\/\/files.sunoresearch.com.br\/n\/uploads\/2025\/05\/FIIs-IFIX-predios-pb-2.jpg\",\"width\":1280,\"height\":853,\"caption\":\"Foto: Freepik\"},{\"@type\":\"BreadcrumbList\",\"@id\":\"https:\/\/www.suno.com.br\/noticias\/fundo-imobiliario-rect11-adia-amortizacao-de-cri\/#breadcrumb\",\"itemListElement\":[{\"@type\":\"ListItem\",\"position\":1,\"name\":\"Not\u00edcias\",\"item\":\"https:\/\/www.suno.com.br\/noticias\/\"},{\"@type\":\"ListItem\",\"position\":2,\"name\":\"FIIs\",\"item\":\"https:\/\/www.suno.com.br\/noticias\/fiis\/\"},{\"@type\":\"ListItem\",\"position\":3,\"name\":\"Fundo imobili\u00e1rio ganha f\u00f4lego: RECT11 adia amortiza\u00e7\u00e3o de CRI e foca em recupera\u00e7\u00e3o\"}]},{\"@type\":\"WebSite\",\"@id\":\"https:\/\/www.suno.com.br\/noticias\/#website\",\"url\":\"https:\/\/www.suno.com.br\/noticias\/\",\"name\":\"Suno Not\u00edcias\",\"description\":\"Seu portal de informa\u00e7\u00e3o sobre o mundo dos investimentos\",\"publisher\":{\"@id\":\"https:\/\/www.suno.com.br\/noticias\/#organization\"},\"potentialAction\":[{\"@type\":\"SearchAction\",\"target\":{\"@type\":\"EntryPoint\",\"urlTemplate\":\"https:\/\/www.suno.com.br\/noticias\/?s={search_term_string}\"},\"query-input\":{\"@type\":\"PropertyValueSpecification\",\"valueRequired\":true,\"valueName\":\"search_term_string\"}}],\"inLanguage\":\"pt-BR\"},{\"@type\":\"Organization\",\"@id\":\"https:\/\/www.suno.com.br\/noticias\/#organization\",\"name\":\"Suno Not\u00edcias\",\"url\":\"https:\/\/www.suno.com.br\/noticias\/\",\"logo\":{\"@type\":\"ImageObject\",\"inLanguage\":\"pt-BR\",\"@id\":\"https:\/\/www.suno.com.br\/noticias\/#\/schema\/logo\/image\/\",\"url\":\"https:\/\/files.sunoresearch.com.br\/n\/uploads\/2021\/09\/suno-logo.png\",\"contentUrl\":\"https:\/\/files.sunoresearch.com.br\/n\/uploads\/2021\/09\/suno-logo.png\",\"width\":180,\"height\":180,\"caption\":\"Suno Not\u00edcias\"},\"image\":{\"@id\":\"https:\/\/www.suno.com.br\/noticias\/#\/schema\/logo\/image\/\"},\"sameAs\":[\"https:\/\/facebook.com\/sunoresearch\",\"https:\/\/x.com\/sunoresearch\",\"https:\/\/www.instagram.com\/suno\",\"https:\/\/www.linkedin.com\/company\/suno-research\/\",\"https:\/\/www.youtube.com\/c\/sunoresearch\"]},{\"@type\":\"Person\",\"@id\":\"https:\/\/www.suno.com.br\/noticias\/#\/schema\/person\/02171f82e02ec2306ed662847e114507\",\"name\":\"Fernando Cesarotti\",\"image\":{\"@type\":\"ImageObject\",\"inLanguage\":\"pt-BR\",\"@id\":\"https:\/\/www.suno.com.br\/noticias\/#\/schema\/person\/image\/\",\"url\":\"https:\/\/secure.gravatar.com\/avatar\/fc3a37e1dd6249fd3cfdc1702d00d404?s=96&r=g\",\"contentUrl\":\"https:\/\/secure.gravatar.com\/avatar\/fc3a37e1dd6249fd3cfdc1702d00d404?s=96&r=g\",\"caption\":\"Fernando Cesarotti\"},\"description\":\"Jornalista, editor do FIIs.com.br. Graduado pela Unesp, com p\u00f3s-gradua\u00e7\u00e3o em Jornalismo Liter\u00e1rio, com mais de 20 anos de experi\u00eancia em coberturas de economia, pol\u00edtica e esportes. Passagem tamb\u00e9m pelo meio acad\u00eamico, como professor universit\u00e1rio em cursos de Comunica\u00e7\u00e3o e l\u00edder de empresa j\u00fanior.\",\"url\":\"https:\/\/www.suno.com.br\/noticias\/author\/fcesarottigmail-com\/\"}]}<\/script>\n<!-- \/ Yoast SEO plugin. -->","yoast_head_json":{"title":"Fundo imobili\u00e1rio ganha f\u00f4lego: RECT11 adia amortiza\u00e7\u00e3o de CRI","description":"Fundo imobili\u00e1rio RECT11 aprovou adiamento por mais 12 meses das amortiza\u00e7\u00f5es do CRI Barra da Tijuca Corporate.","robots":{"index":"index","follow":"follow","max-snippet":"max-snippet:-1","max-image-preview":"max-image-preview:large","max-video-preview":"max-video-preview:-1"},"canonical":"https:\/\/www.suno.com.br\/noticias\/fundo-imobiliario-rect11-adia-amortizacao-de-cri\/","og_locale":"pt_BR","og_type":"article","og_title":"Fundo imobili\u00e1rio ganha f\u00f4lego: RECT11 adia amortiza\u00e7\u00e3o de CRI","og_description":"Fundo imobili\u00e1rio RECT11 aprovou adiamento por mais 12 meses das amortiza\u00e7\u00f5es do CRI Barra da Tijuca Corporate.","og_url":"https:\/\/www.suno.com.br\/noticias\/fundo-imobiliario-rect11-adia-amortizacao-de-cri\/","og_site_name":"Suno Not\u00edcias","article_publisher":"https:\/\/facebook.com\/sunoresearch","og_image":[{"width":1280,"height":853,"url":"https:\/\/files.sunoresearch.com.br\/n\/uploads\/2025\/05\/FIIs-IFIX-predios-pb-2.jpg","type":"image\/jpeg"}],"author":"Fernando Cesarotti","twitter_card":"summary_large_image","twitter_creator":"@sunoresearch","twitter_site":"@sunoresearch","twitter_misc":{"Escrito por":"Fernando Cesarotti","Est. tempo de leitura":"3 minutos"},"schema":{"@context":"https:\/\/schema.org","@graph":[{"@type":"NewsArticle","@id":"https:\/\/www.suno.com.br\/noticias\/fundo-imobiliario-rect11-adia-amortizacao-de-cri\/#article","isPartOf":{"@id":"https:\/\/www.suno.com.br\/noticias\/fundo-imobiliario-rect11-adia-amortizacao-de-cri\/"},"author":{"name":"Fernando Cesarotti","@id":"https:\/\/www.suno.com.br\/noticias\/#\/schema\/person\/02171f82e02ec2306ed662847e114507"},"headline":"Fundo imobili\u00e1rio ganha f\u00f4lego: RECT11 adia amortiza\u00e7\u00e3o de CRI e foca em recupera\u00e7\u00e3o","datePublished":"2025-05-29T20:45:10+00:00","dateModified":"2025-05-29T21:35:43+00:00","mainEntityOfPage":{"@id":"https:\/\/www.suno.com.br\/noticias\/fundo-imobiliario-rect11-adia-amortizacao-de-cri\/"},"wordCount":561,"publisher":{"@id":"https:\/\/www.suno.com.br\/noticias\/#organization"},"image":{"@id":"https:\/\/www.suno.com.br\/noticias\/fundo-imobiliario-rect11-adia-amortizacao-de-cri\/#primaryimage"},"thumbnailUrl":"https:\/\/files.sunoresearch.com.br\/n\/uploads\/2025\/05\/FIIs-IFIX-predios-pb-2.jpg","keywords":["Fundos Imobili\u00e1rios (FIIs)","RECT11"],"articleSection":["FIIs"],"inLanguage":"pt-BR"},{"@type":"WebPage","@id":"https:\/\/www.suno.com.br\/noticias\/fundo-imobiliario-rect11-adia-amortizacao-de-cri\/","url":"https:\/\/www.suno.com.br\/noticias\/fundo-imobiliario-rect11-adia-amortizacao-de-cri\/","name":"Fundo imobili\u00e1rio ganha f\u00f4lego: RECT11 adia amortiza\u00e7\u00e3o de CRI","isPartOf":{"@id":"https:\/\/www.suno.com.br\/noticias\/#website"},"primaryImageOfPage":{"@id":"https:\/\/www.suno.com.br\/noticias\/fundo-imobiliario-rect11-adia-amortizacao-de-cri\/#primaryimage"},"image":{"@id":"https:\/\/www.suno.com.br\/noticias\/fundo-imobiliario-rect11-adia-amortizacao-de-cri\/#primaryimage"},"thumbnailUrl":"https:\/\/files.sunoresearch.com.br\/n\/uploads\/2025\/05\/FIIs-IFIX-predios-pb-2.jpg","datePublished":"2025-05-29T20:45:10+00:00","dateModified":"2025-05-29T21:35:43+00:00","description":"Fundo imobili\u00e1rio RECT11 aprovou adiamento por mais 12 meses das amortiza\u00e7\u00f5es do CRI Barra da Tijuca Corporate.","breadcrumb":{"@id":"https:\/\/www.suno.com.br\/noticias\/fundo-imobiliario-rect11-adia-amortizacao-de-cri\/#breadcrumb"},"inLanguage":"pt-BR","potentialAction":[{"@type":"ReadAction","target":["https:\/\/www.suno.com.br\/noticias\/fundo-imobiliario-rect11-adia-amortizacao-de-cri\/"]}]},{"@type":"ImageObject","inLanguage":"pt-BR","@id":"https:\/\/www.suno.com.br\/noticias\/fundo-imobiliario-rect11-adia-amortizacao-de-cri\/#primaryimage","url":"https:\/\/files.sunoresearch.com.br\/n\/uploads\/2025\/05\/FIIs-IFIX-predios-pb-2.jpg","contentUrl":"https:\/\/files.sunoresearch.com.br\/n\/uploads\/2025\/05\/FIIs-IFIX-predios-pb-2.jpg","width":1280,"height":853,"caption":"Foto: Freepik"},{"@type":"BreadcrumbList","@id":"https:\/\/www.suno.com.br\/noticias\/fundo-imobiliario-rect11-adia-amortizacao-de-cri\/#breadcrumb","itemListElement":[{"@type":"ListItem","position":1,"name":"Not\u00edcias","item":"https:\/\/www.suno.com.br\/noticias\/"},{"@type":"ListItem","position":2,"name":"FIIs","item":"https:\/\/www.suno.com.br\/noticias\/fiis\/"},{"@type":"ListItem","position":3,"name":"Fundo imobili\u00e1rio ganha f\u00f4lego: RECT11 adia amortiza\u00e7\u00e3o de CRI e foca em recupera\u00e7\u00e3o"}]},{"@type":"WebSite","@id":"https:\/\/www.suno.com.br\/noticias\/#website","url":"https:\/\/www.suno.com.br\/noticias\/","name":"Suno Not\u00edcias","description":"Seu portal de informa\u00e7\u00e3o sobre o mundo dos investimentos","publisher":{"@id":"https:\/\/www.suno.com.br\/noticias\/#organization"},"potentialAction":[{"@type":"SearchAction","target":{"@type":"EntryPoint","urlTemplate":"https:\/\/www.suno.com.br\/noticias\/?s={search_term_string}"},"query-input":{"@type":"PropertyValueSpecification","valueRequired":true,"valueName":"search_term_string"}}],"inLanguage":"pt-BR"},{"@type":"Organization","@id":"https:\/\/www.suno.com.br\/noticias\/#organization","name":"Suno Not\u00edcias","url":"https:\/\/www.suno.com.br\/noticias\/","logo":{"@type":"ImageObject","inLanguage":"pt-BR","@id":"https:\/\/www.suno.com.br\/noticias\/#\/schema\/logo\/image\/","url":"https:\/\/files.sunoresearch.com.br\/n\/uploads\/2021\/09\/suno-logo.png","contentUrl":"https:\/\/files.sunoresearch.com.br\/n\/uploads\/2021\/09\/suno-logo.png","width":180,"height":180,"caption":"Suno Not\u00edcias"},"image":{"@id":"https:\/\/www.suno.com.br\/noticias\/#\/schema\/logo\/image\/"},"sameAs":["https:\/\/facebook.com\/sunoresearch","https:\/\/x.com\/sunoresearch","https:\/\/www.instagram.com\/suno","https:\/\/www.linkedin.com\/company\/suno-research\/","https:\/\/www.youtube.com\/c\/sunoresearch"]},{"@type":"Person","@id":"https:\/\/www.suno.com.br\/noticias\/#\/schema\/person\/02171f82e02ec2306ed662847e114507","name":"Fernando Cesarotti","image":{"@type":"ImageObject","inLanguage":"pt-BR","@id":"https:\/\/www.suno.com.br\/noticias\/#\/schema\/person\/image\/","url":"https:\/\/secure.gravatar.com\/avatar\/fc3a37e1dd6249fd3cfdc1702d00d404?s=96&r=g","contentUrl":"https:\/\/secure.gravatar.com\/avatar\/fc3a37e1dd6249fd3cfdc1702d00d404?s=96&r=g","caption":"Fernando Cesarotti"},"description":"Jornalista, editor do FIIs.com.br. Graduado pela Unesp, com p\u00f3s-gradua\u00e7\u00e3o em Jornalismo Liter\u00e1rio, com mais de 20 anos de experi\u00eancia em coberturas de economia, pol\u00edtica e esportes. Passagem tamb\u00e9m pelo meio acad\u00eamico, como professor universit\u00e1rio em cursos de Comunica\u00e7\u00e3o e l\u00edder de empresa j\u00fanior.","url":"https:\/\/www.suno.com.br\/noticias\/author\/fcesarottigmail-com\/"}]}},"default_loop_html":"<div class=\"cardsPage__listCard__boxs\"><div class=\"cardsPage__listCard__boxs__img\"><a href=\"https:\/\/www.suno.com.br\/noticias\/fundo-imobiliario-rect11-adia-amortizacao-de-cri\/\"><img class=\"mask\" src=\"https:\/\/www.suno.com.br\/noticias\/wp-content\/themes\/suno\/resources\/images\/spotlight\/spotlight1img\/bg-mask.png\" alt=\"Image Mask\"\/><img src=\"https:\/\/files.sunoresearch.com.br\/n\/uploads\/2025\/05\/FIIs-IFIX-predios-pb-2-400x200.jpg\" alt=\"Fundo imobili\u00e1rio ganha f\u00f4lego: RECT11 adia amortiza\u00e7\u00e3o de CRI e foca em recupera\u00e7\u00e3o\"\/><\/a><span class=\"spotlightCategory\"><a href=\"https:\/\/www.suno.com.br\/noticias\/fiis\/\">FIIs<\/a><\/span><\/div><div class=\"cardsPage__listCard__boxs__content\"><a href=\"https:\/\/www.suno.com.br\/noticias\/fundo-imobiliario-rect11-adia-amortizacao-de-cri\/\"><h2 class=\"content__title\">Fundo imobili\u00e1rio ganha f\u00f4lego: RECT11 adia amortiza\u00e7\u00e3o de CRI e foca em recupera\u00e7\u00e3o<\/h2><\/a><div class=\"newsContent__article__meta\"><div class=\"newsContent__article__meta__authorBox\"><a href=\"https:\/\/www.suno.com.br\/noticias\/author\/fcesarottigmail-com\/\" class=\"authorBox__avatar noMobi\"><img src=\"https:\/\/files.sunoresearch.com.br\/n\/uploads\/2024\/02\/perfil-150x150.jpg\" alt=\"Fernando Cesarotti\"><\/a><div class=\"authorBox__name\"><span>por\n\t\t\t<a href=\"https:\/\/www.suno.com.br\/noticias\/author\/fcesarottigmail-com\/\"><span itemprop=\"author\">Fernando Cesarotti<\/span><\/a><\/span><time datetime=\"2025-05-29T17:45:10-03:00\" itemprop=\"datePublished\">29\/05\/2025 17:45<\/time><\/div><\/div><\/div><\/div><\/div>","single_layout":"posts","amp_enabled":true,"_links":{"self":[{"href":"https:\/\/www.suno.com.br\/noticias\/wp-json\/wp\/v2\/posts\/607444"}],"collection":[{"href":"https:\/\/www.suno.com.br\/noticias\/wp-json\/wp\/v2\/posts"}],"about":[{"href":"https:\/\/www.suno.com.br\/noticias\/wp-json\/wp\/v2\/types\/post"}],"author":[{"embeddable":true,"href":"https:\/\/www.suno.com.br\/noticias\/wp-json\/wp\/v2\/users\/339"}],"replies":[{"embeddable":true,"href":"https:\/\/www.suno.com.br\/noticias\/wp-json\/wp\/v2\/comments?post=607444"}],"version-history":[{"count":3,"href":"https:\/\/www.suno.com.br\/noticias\/wp-json\/wp\/v2\/posts\/607444\/revisions"}],"predecessor-version":[{"id":607461,"href":"https:\/\/www.suno.com.br\/noticias\/wp-json\/wp\/v2\/posts\/607444\/revisions\/607461"}],"wp:featuredmedia":[{"embeddable":true,"href":"https:\/\/www.suno.com.br\/noticias\/wp-json\/wp\/v2\/media\/607448"}],"wp:attachment":[{"href":"https:\/\/www.suno.com.br\/noticias\/wp-json\/wp\/v2\/media?parent=607444"}],"wp:term":[{"taxonomy":"category","embeddable":true,"href":"https:\/\/www.suno.com.br\/noticias\/wp-json\/wp\/v2\/categories?post=607444"},{"taxonomy":"post_tag","embeddable":true,"href":"https:\/\/www.suno.com.br\/noticias\/wp-json\/wp\/v2\/tags?post=607444"},{"taxonomy":"suno_strategy","embeddable":true,"href":"https:\/\/www.suno.com.br\/noticias\/wp-json\/wp\/v2\/suno_strategy?post=607444"}],"curies":[{"name":"wp","href":"https:\/\/api.w.org\/{rel}","templated":true}]}}