{"id":607377,"date":"2025-05-29T12:12:16","date_gmt":"2025-05-29T15:12:16","guid":{"rendered":"https:\/\/www.suno.com.br\/noticias\/?p=607377"},"modified":"2025-05-29T12:13:00","modified_gmt":"2025-05-29T15:13:00","slug":"emprego-formal-recorde-trimestre-abril-ibge","status":"publish","type":"post","link":"https:\/\/www.suno.com.br\/noticias\/emprego-formal-recorde-trimestre-abril-ibge\/","title":{"rendered":"Emprego formal bate recorde para trimestre encerrado em abril, diz IBGE"},"content":{"rendered":"<p>O contingente de trabalhadores com <strong>emprego <\/strong>formal no setor privado atingiu patamar recorde para o trimestre de fevereiro a abril de 2025, com 39,6 milh\u00f5es de trabalhadores com registro em carteira, crescimento de 0,8% em rela\u00e7\u00e3o ao trimestre anterior e de 3,8% ante igual trimestre do ano passado. Os dados s\u00e3o da PNAD Cont\u00ednua Mensal, divulgada nesta quinta-feira (29) pelo IBGE.&nbsp;&nbsp;&nbsp;&nbsp;<\/p>\t<div class=\"wrapper-featured-image\">\n\t\t<figure class=\"spotlightImg\">\n\n\t\t\t<picture>\n\t\t\t\t<source media=\"(max-width: 768px)\" srcset=\"https:\/\/files.sunoresearch.com.br\/n\/uploads\/2023\/05\/cropped-dinheiro-trabalho-400x200.jpg\">\n\t\t\t\t<img loading=\"lazy\" decoding=\"async\" class=\"newsContent__article__imgCapa lazyloadDisabled \" src=\"https:\/\/files.sunoresearch.com.br\/n\/uploads\/2023\/05\/cropped-dinheiro-trabalho.jpg\" width=\"800\" height=\"450\" alt=\"Emprego formal bate recorde para trimestre encerrado em abril, diz IBGE\" fetchpriority=high \/>\n\t\t\t<\/picture>\n\n\t\t\t<figcaption class=\"wp-caption-text wp-caption-text--show\">Carteira de trabalho - Foto: iStock<\/figcaption>\n\t\t<\/figure>\n\t<\/div>\n\n\n\n\n\n\t<p>\n\t\t<a href=\"https:\/\/lp.suno.com.br\/ebook-como-analisar-uma-acao\/\" target=\"_blank\" data-element=\"shortcode-suno-banner\" title=\"Banner SUNO, clique e saiba mais\">\n\t\t\t<picture>\n\t\t\t\t<source media=\"(max-width: 500px)\" srcset=\"https:\/\/files.sunoresearch.com.br\/n\/uploads\/2023\/03\/Ebook-Acoes-Mobile.jpg\">\n\t\t\t\t<img class=\"newsContent__article__imgCapa newsContent__article__imgCapa--banner\"\n\t\t\t\t\tsrc=\"https:\/\/files.sunoresearch.com.br\/n\/uploads\/2023\/03\/Ebook-Acoes-Desktop.jpg\"\n\t\t\t\t\tdata-promo-id=\"378302\"\t\t\t\t\t\t\t\t\t\twidth='1420' height='286'\t\t\t\t\talt=\"https:\/\/files.sunoresearch.com.br\/n\/uploads\/2023\/03\/Ebook-Acoes-Desktop.jpg\"\n\t\t\t\t>\n\t\t\t<\/picture>\n\t\t<\/a>\n\t<\/p>\n\n\n\n\n\n<p>No mesmo per\u00edodo, a taxa de desocupa\u00e7\u00e3o no Brasil foi de 6,6%, mostrando estabilidade em rela\u00e7\u00e3o ao trimestre de novembro de 2024 a janeiro de 2025 (6,5%) e queda de 1,0 ponto percentual (p.p.) frente ao mesmo trimestre do ano anterior.&nbsp;<\/p>\n\n\n\n<p>A taxa composta de subutiliza\u00e7\u00e3o da <strong>for\u00e7a de trabalho <\/strong>(percentual de pessoas desocupadas, subocupadas por insufici\u00eancia de horas trabalhadas e na for\u00e7a de trabalho potencial em rela\u00e7\u00e3o \u00e0 for\u00e7a de trabalho ampliada) ficou em 15,4%, resultado tamb\u00e9m considerado est\u00e1vel na compara\u00e7\u00e3o trimestral (15,5%). Na compara\u00e7\u00e3o anual, houve queda de 2,0 p.p.<\/p>\n\n\n\n<p>De fevereiro a abril de 2025, cerca de 7,3 milh\u00f5es de pessoas estavam desocupadas no pa\u00eds. Frente ao trimestre m\u00f3vel anterior (novembro de 2024 a janeiro de 2025), no qual 7,2 milh\u00f5es de pessoas n\u00e3o tinham ocupa\u00e7\u00e3o, esse indicador ficou praticamente est\u00e1vel. Por outro lado, na compara\u00e7\u00e3o com igual trimestre do ano anterior, quando existiam 8,2 milh\u00f5es de pessoas desocupadas, houve recuo de 11,5%, uma redu\u00e7\u00e3o de 941 mil pessoas desocupadas na for\u00e7a de trabalho.<\/p>\n\n\n\n<p>A quantidade de pessoas ocupadas no trimestre encerrado em abril deste ano era de aproximadamente 103,3 milh\u00f5es, significando estabilidade em rela\u00e7\u00e3o ao trimestre anterior. Na compara\u00e7\u00e3o anual, quando havia no Brasil 100,8 milh\u00f5es de pessoas ocupadas, ocorreu alta de 2,4% (mais 2,5 milh\u00f5es de pessoas). <\/p>\n\n\n\t<p>\n\t\t<a href=\"\" target=\"_blank\" data-element=\"shortcode-suno-banner\" title=\"Banner SUNO, clique e saiba mais\">\n\t\t\t<picture>\n\t\t\t\t<source media=\"(max-width: 500px)\" srcset=\"\">\n\t\t\t\t<img class=\"newsContent__article__imgCapa newsContent__article__imgCapa--banner\"\n\t\t\t\t\tsrc=\"\"\n\t\t\t\t\tdata-promo-id=\"240038\"\t\t\t\t\t\t\t\t\t\t\t\t\t\t\talt=\"\"\n\t\t\t\t>\n\t\t\t<\/picture>\n\t\t<\/a>\n\t<\/p>\n\n\n\n\n\n<p>O n\u00edvel da ocupa\u00e7\u00e3o (percentual de pessoas ocupadas na popula\u00e7\u00e3o em idade de trabalhar), por sua vez, atingiu 58,2%, ficando est\u00e1vel ante o trimestre de novembro de 2024 a janeiro de 2025 (58,2%). Comparado ao mesmo trimestre do ano anterior (57,3%), esse indicador teve varia\u00e7\u00e3o positiva de 0,9 p.p.&nbsp;&nbsp;&nbsp;&nbsp;&nbsp;&nbsp;&nbsp;&nbsp;&nbsp;&nbsp;<\/p>\n\n\n\n<h2 class=\"wp-block-heading\">Emprego: taxa de informalidade cai para 37,9%&nbsp;<\/h2>\n\n\n\n<p>A <strong>taxa de informalidade <\/strong>(propor\u00e7\u00e3o de trabalhadores informais na popula\u00e7\u00e3o ocupada) foi de 37,9%, equivalente a 39,2 milh\u00f5es de trabalhadores informais. Esse \u00edndice foi inferior ao verificado tanto no trimestre m\u00f3vel anterior (38,3%), como no mesmo trimestre de 2024 (38,7%).<\/p>\n\n\n\n<p>A queda na informalidade \u00e9 consequ\u00eancia da estabilidade do contingente de trabalhadores sem carteira assinada (13,7 milh\u00f5es), acompanhada da estabilidade do n\u00famero de trabalhadores por conta pr\u00f3pria (26,0 milh\u00f5es) na compara\u00e7\u00e3o trimestral e aumento de 2,1% no confronto anual.&nbsp;<\/p>\n\n\n\n<p>O <strong>rendimento real <\/strong>habitual de todos os trabalhos chegou a R$ 3.426 no trimestre de fevereiro a abril de 2025, resultado est\u00e1vel, e registrou crescimento de 3,2% quando comparado ao mesmo trimestre do ano anterior. J\u00e1 a massa de rendimento real habitual (a soma das remunera\u00e7\u00f5es de todos os trabalhadores) atingiu R$ 349,4 bilh\u00f5es, novo recorde, ficando est\u00e1vel no trimestre e aumentando 5,9% (mais R$ 19,5 bilh\u00f5es) no ano.&nbsp;<\/p>\n\n\n\n<p>\u201cO <a class=\"suno-keyword\" target=\"_blank\" data-force=\"no\" data-priority=\"2\" href=\"https:\/\/www.suno.com.br\/artigos\/mercado-de-trabalho\/\" rel=\"noopener\">mercado de trabalho<\/a> segue aquecido, mas com sinais de desacelera\u00e7\u00e3o no ritmo de gera\u00e7\u00e3o de vagas. A cria\u00e7\u00e3o de <strong>empregos formais<\/strong> e a alta nos rendimentos reais s\u00e3o pontos positivos, mas a subutiliza\u00e7\u00e3o ainda elevada mostra que h\u00e1 folgas no mercado\u201d, opina Sidney Lima, Analista CNPI da Ouro Preto Investimentos.<\/p>\n\n\n\t<p>\n\t\t<a href=\"https:\/\/lp.suno.com.br\/planilha-da-vida-financeira\/\" target=\"_blank\" data-element=\"shortcode-suno-banner\" title=\"Banner SUNO, clique e saiba mais\">\n\t\t\t<picture>\n\t\t\t\t<source media=\"(max-width: 500px)\" srcset=\"https:\/\/files.sunoresearch.com.br\/n\/uploads\/2023\/04\/400x300-Planilha-vida-financeira-true.png\">\n\t\t\t\t<img class=\"newsContent__article__imgCapa newsContent__article__imgCapa--banner\"\n\t\t\t\t\tsrc=\"https:\/\/files.sunoresearch.com.br\/n\/uploads\/2023\/04\/1420x240-Planilha-vida-financeira-true.png\"\n\t\t\t\t\tdata-promo-id=\"383123\"\t\t\t\t\t\t\t\t\t\twidth='1420' height='240'\t\t\t\t\talt=\"https:\/\/files.sunoresearch.com.br\/n\/uploads\/2023\/04\/1420x240-Planilha-vida-financeira-true.png\"\n\t\t\t\t>\n\t\t\t<\/picture>\n\t\t<\/a>\n\t<\/p>\n\n\n","protected":false},"excerpt":{"rendered":"<p>O contingente de trabalhadores com emprego formal no setor privado atingiu patamar recorde para o trimestre de fevereiro a abril de 2025, com 39,6 milh\u00f5es de trabalhadores com registro em carteira, crescimento de 0,8% em rela\u00e7\u00e3o ao trimestre anterior e de 3,8% ante igual trimestre do ano passado. Os dados s\u00e3o da PNAD Cont\u00ednua Mensal, [&hellip;]<\/p>\n","protected":false},"author":339,"featured_media":464772,"comment_status":"closed","ping_status":"closed","sticky":false,"template":"","format":"standard","meta":[],"categories":[62],"tags":[1796,821],"suno_strategy":[],"class_list":["post-607377","post","type-post","status-publish","format-standard","has-post-thumbnail","hentry","category-economia","tag-emprego","tag-ibge"],"yoast_head":"<!-- This site is optimized with the Yoast SEO plugin v24.4 - https:\/\/yoast.com\/wordpress\/plugins\/seo\/ -->\n<title>Emprego formal bate recorde para trimestre encerrado em abril<\/title>\n<meta name=\"description\" content=\"O contingente de trabalhadores com emprego formal no setor privado atingiu patamar recorde para o trimestre de fevereiro a abril de 2025\" \/>\n<meta name=\"robots\" content=\"index, follow, max-snippet:-1, max-image-preview:large, max-video-preview:-1\" \/>\n<link rel=\"canonical\" href=\"https:\/\/www.suno.com.br\/noticias\/emprego-formal-recorde-trimestre-abril-ibge\/\" \/>\n<meta property=\"og:locale\" content=\"pt_BR\" \/>\n<meta property=\"og:type\" content=\"article\" \/>\n<meta property=\"og:title\" content=\"Emprego formal bate recorde para trimestre encerrado em abril\" \/>\n<meta property=\"og:description\" content=\"O contingente de trabalhadores com emprego formal no setor privado atingiu patamar recorde para o trimestre de fevereiro a abril de 2025\" \/>\n<meta property=\"og:url\" content=\"https:\/\/www.suno.com.br\/noticias\/emprego-formal-recorde-trimestre-abril-ibge\/\" \/>\n<meta property=\"og:site_name\" content=\"Suno Not\u00edcias\" \/>\n<meta property=\"article:publisher\" content=\"https:\/\/facebook.com\/sunoresearch\" \/>\n<meta property=\"og:image\" content=\"https:\/\/files.sunoresearch.com.br\/n\/uploads\/2023\/05\/cropped-dinheiro-trabalho.jpg\" \/>\n\t<meta property=\"og:image:width\" content=\"640\" \/>\n\t<meta property=\"og:image:height\" content=\"853\" \/>\n\t<meta property=\"og:image:type\" content=\"image\/jpeg\" \/>\n<meta name=\"author\" content=\"Fernando Cesarotti\" \/>\n<meta name=\"twitter:card\" content=\"summary_large_image\" \/>\n<meta name=\"twitter:creator\" content=\"@sunoresearch\" \/>\n<meta name=\"twitter:site\" content=\"@sunoresearch\" \/>\n<meta name=\"twitter:label1\" content=\"Escrito por\" \/>\n\t<meta name=\"twitter:data1\" content=\"Fernando Cesarotti\" \/>\n\t<meta name=\"twitter:label2\" content=\"Est. tempo de leitura\" \/>\n\t<meta name=\"twitter:data2\" content=\"4 minutos\" \/>\n<script type=\"application\/ld+json\" class=\"yoast-schema-graph\">{\"@context\":\"https:\/\/schema.org\",\"@graph\":[{\"@type\":\"NewsArticle\",\"@id\":\"https:\/\/www.suno.com.br\/noticias\/emprego-formal-recorde-trimestre-abril-ibge\/#article\",\"isPartOf\":{\"@id\":\"https:\/\/www.suno.com.br\/noticias\/emprego-formal-recorde-trimestre-abril-ibge\/\"},\"author\":{\"name\":\"Fernando Cesarotti\",\"@id\":\"https:\/\/www.suno.com.br\/noticias\/#\/schema\/person\/02171f82e02ec2306ed662847e114507\"},\"headline\":\"Emprego formal bate recorde para trimestre encerrado em abril, diz IBGE\",\"datePublished\":\"2025-05-29T15:12:16+00:00\",\"dateModified\":\"2025-05-29T15:13:00+00:00\",\"mainEntityOfPage\":{\"@id\":\"https:\/\/www.suno.com.br\/noticias\/emprego-formal-recorde-trimestre-abril-ibge\/\"},\"wordCount\":579,\"publisher\":{\"@id\":\"https:\/\/www.suno.com.br\/noticias\/#organization\"},\"image\":{\"@id\":\"https:\/\/www.suno.com.br\/noticias\/emprego-formal-recorde-trimestre-abril-ibge\/#primaryimage\"},\"thumbnailUrl\":\"https:\/\/files.sunoresearch.com.br\/n\/uploads\/2023\/05\/cropped-dinheiro-trabalho.jpg\",\"keywords\":[\"Emprego\",\"IBGE\"],\"articleSection\":[\"Economia\"],\"inLanguage\":\"pt-BR\"},{\"@type\":\"WebPage\",\"@id\":\"https:\/\/www.suno.com.br\/noticias\/emprego-formal-recorde-trimestre-abril-ibge\/\",\"url\":\"https:\/\/www.suno.com.br\/noticias\/emprego-formal-recorde-trimestre-abril-ibge\/\",\"name\":\"Emprego formal bate recorde para trimestre encerrado em abril\",\"isPartOf\":{\"@id\":\"https:\/\/www.suno.com.br\/noticias\/#website\"},\"primaryImageOfPage\":{\"@id\":\"https:\/\/www.suno.com.br\/noticias\/emprego-formal-recorde-trimestre-abril-ibge\/#primaryimage\"},\"image\":{\"@id\":\"https:\/\/www.suno.com.br\/noticias\/emprego-formal-recorde-trimestre-abril-ibge\/#primaryimage\"},\"thumbnailUrl\":\"https:\/\/files.sunoresearch.com.br\/n\/uploads\/2023\/05\/cropped-dinheiro-trabalho.jpg\",\"datePublished\":\"2025-05-29T15:12:16+00:00\",\"dateModified\":\"2025-05-29T15:13:00+00:00\",\"description\":\"O contingente de trabalhadores com emprego formal no setor privado atingiu patamar recorde para o trimestre de fevereiro a abril de 2025\",\"breadcrumb\":{\"@id\":\"https:\/\/www.suno.com.br\/noticias\/emprego-formal-recorde-trimestre-abril-ibge\/#breadcrumb\"},\"inLanguage\":\"pt-BR\",\"potentialAction\":[{\"@type\":\"ReadAction\",\"target\":[\"https:\/\/www.suno.com.br\/noticias\/emprego-formal-recorde-trimestre-abril-ibge\/\"]}]},{\"@type\":\"ImageObject\",\"inLanguage\":\"pt-BR\",\"@id\":\"https:\/\/www.suno.com.br\/noticias\/emprego-formal-recorde-trimestre-abril-ibge\/#primaryimage\",\"url\":\"https:\/\/files.sunoresearch.com.br\/n\/uploads\/2023\/05\/cropped-dinheiro-trabalho.jpg\",\"contentUrl\":\"https:\/\/files.sunoresearch.com.br\/n\/uploads\/2023\/05\/cropped-dinheiro-trabalho.jpg\",\"width\":640,\"height\":853,\"caption\":\"Carteira de trabalho - Foto: iStock\"},{\"@type\":\"BreadcrumbList\",\"@id\":\"https:\/\/www.suno.com.br\/noticias\/emprego-formal-recorde-trimestre-abril-ibge\/#breadcrumb\",\"itemListElement\":[{\"@type\":\"ListItem\",\"position\":1,\"name\":\"Not\u00edcias\",\"item\":\"https:\/\/www.suno.com.br\/noticias\/\"},{\"@type\":\"ListItem\",\"position\":2,\"name\":\"Economia\",\"item\":\"https:\/\/www.suno.com.br\/noticias\/economia\/\"},{\"@type\":\"ListItem\",\"position\":3,\"name\":\"Emprego formal bate recorde para trimestre encerrado em abril, diz IBGE\"}]},{\"@type\":\"WebSite\",\"@id\":\"https:\/\/www.suno.com.br\/noticias\/#website\",\"url\":\"https:\/\/www.suno.com.br\/noticias\/\",\"name\":\"Suno Not\u00edcias\",\"description\":\"Seu portal de informa\u00e7\u00e3o sobre o mundo dos investimentos\",\"publisher\":{\"@id\":\"https:\/\/www.suno.com.br\/noticias\/#organization\"},\"potentialAction\":[{\"@type\":\"SearchAction\",\"target\":{\"@type\":\"EntryPoint\",\"urlTemplate\":\"https:\/\/www.suno.com.br\/noticias\/?s={search_term_string}\"},\"query-input\":{\"@type\":\"PropertyValueSpecification\",\"valueRequired\":true,\"valueName\":\"search_term_string\"}}],\"inLanguage\":\"pt-BR\"},{\"@type\":\"Organization\",\"@id\":\"https:\/\/www.suno.com.br\/noticias\/#organization\",\"name\":\"Suno Not\u00edcias\",\"url\":\"https:\/\/www.suno.com.br\/noticias\/\",\"logo\":{\"@type\":\"ImageObject\",\"inLanguage\":\"pt-BR\",\"@id\":\"https:\/\/www.suno.com.br\/noticias\/#\/schema\/logo\/image\/\",\"url\":\"https:\/\/files.sunoresearch.com.br\/n\/uploads\/2021\/09\/suno-logo.png\",\"contentUrl\":\"https:\/\/files.sunoresearch.com.br\/n\/uploads\/2021\/09\/suno-logo.png\",\"width\":180,\"height\":180,\"caption\":\"Suno Not\u00edcias\"},\"image\":{\"@id\":\"https:\/\/www.suno.com.br\/noticias\/#\/schema\/logo\/image\/\"},\"sameAs\":[\"https:\/\/facebook.com\/sunoresearch\",\"https:\/\/x.com\/sunoresearch\",\"https:\/\/www.instagram.com\/suno\",\"https:\/\/www.linkedin.com\/company\/suno-research\/\",\"https:\/\/www.youtube.com\/c\/sunoresearch\"]},{\"@type\":\"Person\",\"@id\":\"https:\/\/www.suno.com.br\/noticias\/#\/schema\/person\/02171f82e02ec2306ed662847e114507\",\"name\":\"Fernando Cesarotti\",\"image\":{\"@type\":\"ImageObject\",\"inLanguage\":\"pt-BR\",\"@id\":\"https:\/\/www.suno.com.br\/noticias\/#\/schema\/person\/image\/\",\"url\":\"https:\/\/secure.gravatar.com\/avatar\/fc3a37e1dd6249fd3cfdc1702d00d404?s=96&r=g\",\"contentUrl\":\"https:\/\/secure.gravatar.com\/avatar\/fc3a37e1dd6249fd3cfdc1702d00d404?s=96&r=g\",\"caption\":\"Fernando Cesarotti\"},\"description\":\"Jornalista, editor do FIIs.com.br. Graduado pela Unesp, com p\u00f3s-gradua\u00e7\u00e3o em Jornalismo Liter\u00e1rio, com mais de 20 anos de experi\u00eancia em coberturas de economia, pol\u00edtica e esportes. Passagem tamb\u00e9m pelo meio acad\u00eamico, como professor universit\u00e1rio em cursos de Comunica\u00e7\u00e3o e l\u00edder de empresa j\u00fanior.\",\"url\":\"https:\/\/www.suno.com.br\/noticias\/author\/fcesarottigmail-com\/\"}]}<\/script>\n<!-- \/ Yoast SEO plugin. -->","yoast_head_json":{"title":"Emprego formal bate recorde para trimestre encerrado em abril","description":"O contingente de trabalhadores com emprego formal no setor privado atingiu patamar recorde para o trimestre de fevereiro a abril de 2025","robots":{"index":"index","follow":"follow","max-snippet":"max-snippet:-1","max-image-preview":"max-image-preview:large","max-video-preview":"max-video-preview:-1"},"canonical":"https:\/\/www.suno.com.br\/noticias\/emprego-formal-recorde-trimestre-abril-ibge\/","og_locale":"pt_BR","og_type":"article","og_title":"Emprego formal bate recorde para trimestre encerrado em abril","og_description":"O contingente de trabalhadores com emprego formal no setor privado atingiu patamar recorde para o trimestre de fevereiro a abril de 2025","og_url":"https:\/\/www.suno.com.br\/noticias\/emprego-formal-recorde-trimestre-abril-ibge\/","og_site_name":"Suno Not\u00edcias","article_publisher":"https:\/\/facebook.com\/sunoresearch","og_image":[{"width":640,"height":853,"url":"https:\/\/files.sunoresearch.com.br\/n\/uploads\/2023\/05\/cropped-dinheiro-trabalho.jpg","type":"image\/jpeg"}],"author":"Fernando Cesarotti","twitter_card":"summary_large_image","twitter_creator":"@sunoresearch","twitter_site":"@sunoresearch","twitter_misc":{"Escrito por":"Fernando Cesarotti","Est. tempo de leitura":"4 minutos"},"schema":{"@context":"https:\/\/schema.org","@graph":[{"@type":"NewsArticle","@id":"https:\/\/www.suno.com.br\/noticias\/emprego-formal-recorde-trimestre-abril-ibge\/#article","isPartOf":{"@id":"https:\/\/www.suno.com.br\/noticias\/emprego-formal-recorde-trimestre-abril-ibge\/"},"author":{"name":"Fernando Cesarotti","@id":"https:\/\/www.suno.com.br\/noticias\/#\/schema\/person\/02171f82e02ec2306ed662847e114507"},"headline":"Emprego formal bate recorde para trimestre encerrado em abril, diz IBGE","datePublished":"2025-05-29T15:12:16+00:00","dateModified":"2025-05-29T15:13:00+00:00","mainEntityOfPage":{"@id":"https:\/\/www.suno.com.br\/noticias\/emprego-formal-recorde-trimestre-abril-ibge\/"},"wordCount":579,"publisher":{"@id":"https:\/\/www.suno.com.br\/noticias\/#organization"},"image":{"@id":"https:\/\/www.suno.com.br\/noticias\/emprego-formal-recorde-trimestre-abril-ibge\/#primaryimage"},"thumbnailUrl":"https:\/\/files.sunoresearch.com.br\/n\/uploads\/2023\/05\/cropped-dinheiro-trabalho.jpg","keywords":["Emprego","IBGE"],"articleSection":["Economia"],"inLanguage":"pt-BR"},{"@type":"WebPage","@id":"https:\/\/www.suno.com.br\/noticias\/emprego-formal-recorde-trimestre-abril-ibge\/","url":"https:\/\/www.suno.com.br\/noticias\/emprego-formal-recorde-trimestre-abril-ibge\/","name":"Emprego formal bate recorde para trimestre encerrado em abril","isPartOf":{"@id":"https:\/\/www.suno.com.br\/noticias\/#website"},"primaryImageOfPage":{"@id":"https:\/\/www.suno.com.br\/noticias\/emprego-formal-recorde-trimestre-abril-ibge\/#primaryimage"},"image":{"@id":"https:\/\/www.suno.com.br\/noticias\/emprego-formal-recorde-trimestre-abril-ibge\/#primaryimage"},"thumbnailUrl":"https:\/\/files.sunoresearch.com.br\/n\/uploads\/2023\/05\/cropped-dinheiro-trabalho.jpg","datePublished":"2025-05-29T15:12:16+00:00","dateModified":"2025-05-29T15:13:00+00:00","description":"O contingente de trabalhadores com emprego formal no setor privado atingiu patamar recorde para o trimestre de fevereiro a abril de 2025","breadcrumb":{"@id":"https:\/\/www.suno.com.br\/noticias\/emprego-formal-recorde-trimestre-abril-ibge\/#breadcrumb"},"inLanguage":"pt-BR","potentialAction":[{"@type":"ReadAction","target":["https:\/\/www.suno.com.br\/noticias\/emprego-formal-recorde-trimestre-abril-ibge\/"]}]},{"@type":"ImageObject","inLanguage":"pt-BR","@id":"https:\/\/www.suno.com.br\/noticias\/emprego-formal-recorde-trimestre-abril-ibge\/#primaryimage","url":"https:\/\/files.sunoresearch.com.br\/n\/uploads\/2023\/05\/cropped-dinheiro-trabalho.jpg","contentUrl":"https:\/\/files.sunoresearch.com.br\/n\/uploads\/2023\/05\/cropped-dinheiro-trabalho.jpg","width":640,"height":853,"caption":"Carteira de trabalho - Foto: iStock"},{"@type":"BreadcrumbList","@id":"https:\/\/www.suno.com.br\/noticias\/emprego-formal-recorde-trimestre-abril-ibge\/#breadcrumb","itemListElement":[{"@type":"ListItem","position":1,"name":"Not\u00edcias","item":"https:\/\/www.suno.com.br\/noticias\/"},{"@type":"ListItem","position":2,"name":"Economia","item":"https:\/\/www.suno.com.br\/noticias\/economia\/"},{"@type":"ListItem","position":3,"name":"Emprego formal bate recorde para trimestre encerrado em abril, diz IBGE"}]},{"@type":"WebSite","@id":"https:\/\/www.suno.com.br\/noticias\/#website","url":"https:\/\/www.suno.com.br\/noticias\/","name":"Suno Not\u00edcias","description":"Seu portal de informa\u00e7\u00e3o sobre o mundo dos investimentos","publisher":{"@id":"https:\/\/www.suno.com.br\/noticias\/#organization"},"potentialAction":[{"@type":"SearchAction","target":{"@type":"EntryPoint","urlTemplate":"https:\/\/www.suno.com.br\/noticias\/?s={search_term_string}"},"query-input":{"@type":"PropertyValueSpecification","valueRequired":true,"valueName":"search_term_string"}}],"inLanguage":"pt-BR"},{"@type":"Organization","@id":"https:\/\/www.suno.com.br\/noticias\/#organization","name":"Suno Not\u00edcias","url":"https:\/\/www.suno.com.br\/noticias\/","logo":{"@type":"ImageObject","inLanguage":"pt-BR","@id":"https:\/\/www.suno.com.br\/noticias\/#\/schema\/logo\/image\/","url":"https:\/\/files.sunoresearch.com.br\/n\/uploads\/2021\/09\/suno-logo.png","contentUrl":"https:\/\/files.sunoresearch.com.br\/n\/uploads\/2021\/09\/suno-logo.png","width":180,"height":180,"caption":"Suno Not\u00edcias"},"image":{"@id":"https:\/\/www.suno.com.br\/noticias\/#\/schema\/logo\/image\/"},"sameAs":["https:\/\/facebook.com\/sunoresearch","https:\/\/x.com\/sunoresearch","https:\/\/www.instagram.com\/suno","https:\/\/www.linkedin.com\/company\/suno-research\/","https:\/\/www.youtube.com\/c\/sunoresearch"]},{"@type":"Person","@id":"https:\/\/www.suno.com.br\/noticias\/#\/schema\/person\/02171f82e02ec2306ed662847e114507","name":"Fernando Cesarotti","image":{"@type":"ImageObject","inLanguage":"pt-BR","@id":"https:\/\/www.suno.com.br\/noticias\/#\/schema\/person\/image\/","url":"https:\/\/secure.gravatar.com\/avatar\/fc3a37e1dd6249fd3cfdc1702d00d404?s=96&r=g","contentUrl":"https:\/\/secure.gravatar.com\/avatar\/fc3a37e1dd6249fd3cfdc1702d00d404?s=96&r=g","caption":"Fernando Cesarotti"},"description":"Jornalista, editor do FIIs.com.br. Graduado pela Unesp, com p\u00f3s-gradua\u00e7\u00e3o em Jornalismo Liter\u00e1rio, com mais de 20 anos de experi\u00eancia em coberturas de economia, pol\u00edtica e esportes. Passagem tamb\u00e9m pelo meio acad\u00eamico, como professor universit\u00e1rio em cursos de Comunica\u00e7\u00e3o e l\u00edder de empresa j\u00fanior.","url":"https:\/\/www.suno.com.br\/noticias\/author\/fcesarottigmail-com\/"}]}},"default_loop_html":"<div class=\"cardsPage__listCard__boxs\"><div class=\"cardsPage__listCard__boxs__img\"><a href=\"https:\/\/www.suno.com.br\/noticias\/emprego-formal-recorde-trimestre-abril-ibge\/\"><img class=\"mask\" src=\"https:\/\/www.suno.com.br\/noticias\/wp-content\/themes\/suno\/resources\/images\/spotlight\/spotlight1img\/bg-mask.png\" alt=\"Image Mask\"\/><img src=\"https:\/\/files.sunoresearch.com.br\/n\/uploads\/2023\/05\/cropped-dinheiro-trabalho-400x200.jpg\" alt=\"Emprego formal bate recorde para trimestre encerrado em abril, diz IBGE\"\/><\/a><span class=\"spotlightCategory\"><a href=\"https:\/\/www.suno.com.br\/noticias\/economia\/\">Economia<\/a><\/span><\/div><div class=\"cardsPage__listCard__boxs__content\"><a href=\"https:\/\/www.suno.com.br\/noticias\/emprego-formal-recorde-trimestre-abril-ibge\/\"><h2 class=\"content__title\">Emprego formal bate recorde para trimestre encerrado em abril, diz IBGE<\/h2><\/a><div class=\"newsContent__article__meta\"><div class=\"newsContent__article__meta__authorBox\"><a href=\"https:\/\/www.suno.com.br\/noticias\/author\/fcesarottigmail-com\/\" class=\"authorBox__avatar noMobi\"><img src=\"https:\/\/files.sunoresearch.com.br\/n\/uploads\/2024\/02\/perfil-150x150.jpg\" alt=\"Fernando Cesarotti\"><\/a><div class=\"authorBox__name\"><span>por\n\t\t\t<a href=\"https:\/\/www.suno.com.br\/noticias\/author\/fcesarottigmail-com\/\"><span itemprop=\"author\">Fernando Cesarotti<\/span><\/a><\/span><time datetime=\"2025-05-29T12:12:16-03:00\" itemprop=\"datePublished\">29\/05\/2025 12:12<\/time><\/div><\/div><\/div><\/div><\/div>","single_layout":"posts","amp_enabled":true,"_links":{"self":[{"href":"https:\/\/www.suno.com.br\/noticias\/wp-json\/wp\/v2\/posts\/607377"}],"collection":[{"href":"https:\/\/www.suno.com.br\/noticias\/wp-json\/wp\/v2\/posts"}],"about":[{"href":"https:\/\/www.suno.com.br\/noticias\/wp-json\/wp\/v2\/types\/post"}],"author":[{"embeddable":true,"href":"https:\/\/www.suno.com.br\/noticias\/wp-json\/wp\/v2\/users\/339"}],"replies":[{"embeddable":true,"href":"https:\/\/www.suno.com.br\/noticias\/wp-json\/wp\/v2\/comments?post=607377"}],"version-history":[{"count":1,"href":"https:\/\/www.suno.com.br\/noticias\/wp-json\/wp\/v2\/posts\/607377\/revisions"}],"predecessor-version":[{"id":607380,"href":"https:\/\/www.suno.com.br\/noticias\/wp-json\/wp\/v2\/posts\/607377\/revisions\/607380"}],"wp:featuredmedia":[{"embeddable":true,"href":"https:\/\/www.suno.com.br\/noticias\/wp-json\/wp\/v2\/media\/464772"}],"wp:attachment":[{"href":"https:\/\/www.suno.com.br\/noticias\/wp-json\/wp\/v2\/media?parent=607377"}],"wp:term":[{"taxonomy":"category","embeddable":true,"href":"https:\/\/www.suno.com.br\/noticias\/wp-json\/wp\/v2\/categories?post=607377"},{"taxonomy":"post_tag","embeddable":true,"href":"https:\/\/www.suno.com.br\/noticias\/wp-json\/wp\/v2\/tags?post=607377"},{"taxonomy":"suno_strategy","embeddable":true,"href":"https:\/\/www.suno.com.br\/noticias\/wp-json\/wp\/v2\/suno_strategy?post=607377"}],"curies":[{"name":"wp","href":"https:\/\/api.w.org\/{rel}","templated":true}]}}