{"id":607243,"date":"2025-05-29T10:49:30","date_gmt":"2025-05-29T13:49:30","guid":{"rendered":"https:\/\/www.suno.com.br\/noticias\/?p=607243"},"modified":"2025-05-29T10:49:38","modified_gmt":"2025-05-29T13:49:38","slug":"imposto-de-renda-como-declarar-acoes","status":"publish","type":"post","link":"https:\/\/www.suno.com.br\/noticias\/imposto-de-renda-como-declarar-acoes\/","title":{"rendered":"Imposto de Renda: prazo vence amanh\u00e3 (30); veja como declarar suas a\u00e7\u00f5es"},"content":{"rendered":"<p>O prazo de declara\u00e7\u00f5es do <strong>Imposto de Renda <\/strong><a class=\"suno-keyword\" data-force=\"no\" data-priority=\"1\" href=\"https:\/\/www.suno.com.br\/artigos\/pessoa-fisica\/\" target=\"_blank\" rel=\"noopener\">Pessoa F\u00edsica<\/a> est\u00e1 chegando ao fim e \u00e9 importante manter todas as informa\u00e7\u00f5es corretas para n\u00e3o ficar retido na <a class=\"suno-keyword\" data-force=\"no\" data-priority=\"1\" href=\"https:\/\/www.suno.com.br\/artigos\/malha-fina\/\" target=\"_blank\" rel=\"noopener\">Malha Fina<\/a> ou enfrentar dificuldades em caso de restitui\u00e7\u00e3o. Se voc\u00ea investe em a\u00e7\u00f5es precisa dedicar uma aten\u00e7\u00e3o especial ao declarar, pois h\u00e1 muitas modalidades de investimentos e cada uma delas possui suas particularidades.<\/p>\t<div class=\"wrapper-featured-image\">\n\t\t<figure class=\"spotlightImg\">\n\n\t\t\t<picture>\n\t\t\t\t<source media=\"(max-width: 768px)\" srcset=\"https:\/\/files.sunoresearch.com.br\/n\/uploads\/2023\/05\/irpf-restituicao-400x200.jpg\">\n\t\t\t\t<img loading=\"lazy\" decoding=\"async\" class=\"newsContent__article__imgCapa lazyloadDisabled \" src=\"https:\/\/files.sunoresearch.com.br\/n\/uploads\/2023\/05\/irpf-restituicao-800x450.jpg\" width=\"800\" height=\"450\" alt=\"Imposto de Renda: prazo vence amanh\u00e3 (30); veja como declarar suas a\u00e7\u00f5es\" fetchpriority=high \/>\n\t\t\t<\/picture>\n\n\t\t\t<figcaption class=\"wp-caption-text wp-caption-text--show\">Imposto de Renda 2024 - Foto: iStock<\/figcaption>\n\t\t<\/figure>\n\t<\/div>\n\n\n\n\n\n\t<p>\n\t\t<a href=\"https:\/\/lp.suno.com.br\/planilha-da-vida-financeira\/\" target=\"_blank\" data-element=\"shortcode-suno-banner\" title=\"Banner SUNO, clique e saiba mais\">\n\t\t\t<picture>\n\t\t\t\t<source media=\"(max-width: 500px)\" srcset=\"https:\/\/files.sunoresearch.com.br\/n\/uploads\/2023\/04\/400x300-Planilha-vida-financeira-true.png\">\n\t\t\t\t<img class=\"newsContent__article__imgCapa newsContent__article__imgCapa--banner\"\n\t\t\t\t\tsrc=\"https:\/\/files.sunoresearch.com.br\/n\/uploads\/2023\/04\/1420x240-Planilha-vida-financeira-true.png\"\n\t\t\t\t\tdata-promo-id=\"106682\"\t\t\t\t\t\t\t\t\t\twidth='1420' height='240'\t\t\t\t\talt=\"https:\/\/files.sunoresearch.com.br\/n\/uploads\/2023\/04\/1420x240-Planilha-vida-financeira-true.png\"\n\t\t\t\t>\n\t\t\t<\/picture>\n\t\t<\/a>\n\t<\/p>\n\n\n\n\n\n<p>N\u00e3o houve mudan\u00e7as nas regras sobre <strong>como declarar a\u00e7\u00f5es no Imposto de Renda<\/strong> de 2025, o que j\u00e1 representa um al\u00edvio para quem j\u00e1 conhece os procedimentos feitos em anos anteriores. De qualquer forma, \u00e9 importante ficar atento aos m\u00ednimos detalhes para evitar dores de cabe\u00e7a no futuro. Confira abaixo tudo o que voc\u00ea precisa saber sobre como declarar a\u00e7\u00f5es no Imposto de Renda 2025.<\/p>\n\n\n\n<h2 class=\"wp-block-heading\">Quem precisa declarar o IR<\/h2>\n\n\n\n<p>Deve fazer a declara\u00e7\u00e3o do Imposto de Renda todo cidad\u00e3o que obteve <a class=\"suno-keyword\" data-force=\"no\" data-priority=\"1\" href=\"https:\/\/www.suno.com.br\/artigos\/rendimentos-tributaveis\/\" target=\"_blank\" rel=\"noopener\">rendimentos tribut\u00e1veis<\/a> acima de R$ 30.639,90 em 2024, quem teve rendimentos isentos e n\u00e3o tribut\u00e1veis superiores a R$ 200 mil ou registrou <a class=\"suno-keyword\" data-force=\"no\" data-priority=\"1\" href=\"https:\/\/www.suno.com.br\/artigos\/o-que-receita-bruta\/\" target=\"_blank\" rel=\"noopener\">receita bruta<\/a> em valor superior a R$ 153.199,50 na atividade rural. Tamb\u00e9m dever declarar toda pessoa que realizou opera\u00e7\u00f5es de compra ou venda superiores a R$ 40 mil na Bolsa de Valores.<\/p>\n\n\n\n<p>O mesmo acontece com quem obteve, em qualquer m\u00eas, <a class=\"suno-keyword\" target=\"_blank\" data-force=\"no\" data-priority=\"1\" href=\"https:\/\/www.suno.com.br\/artigos\/ganho-de-capital\/\" rel=\"noopener\">ganho de capital<\/a> na venda de bens ou direitos, sujeito a imposto; pretenda compensar preju\u00edzos da atividade rural deste ou de anos anteriores com as receitas deste ou de anos futuros; optou pela isen\u00e7\u00e3o de imposto sobre o ganho de capital na venda de im\u00f3veis residenciais, seguido de aquisi\u00e7\u00e3o de outro, no prazo de 180 dias. Quem possui bens ou direitos acima de R$ 800 mil ou \u00e9 novo residente no Brasil tamb\u00e9m precisa declarar.<\/p>\n\n\n\n<p>O <strong>prazo do Imposto de Renda<\/strong> para a declara\u00e7\u00e3o deste ano se encerra \u00e0s 23h59 da sexta-feira, 30 de maio. Quem entregar ap\u00f3s esta data est\u00e1 sujeito a penalidades, como multa de 1% ao m\u00eas sobre o imposto devido ou o valor m\u00ednimo de R$ 165,74.<\/p>\n\n\n\t<p>\n\t\t<a href=\"https:\/\/lp.suno.com.br\/ebook-como-analisar-uma-acao\/\" target=\"_blank\" data-element=\"shortcode-suno-banner\" title=\"Banner SUNO, clique e saiba mais\">\n\t\t\t<picture>\n\t\t\t\t<source media=\"(max-width: 500px)\" srcset=\"https:\/\/files.sunoresearch.com.br\/n\/uploads\/2023\/03\/Ebook-Acoes-Mobile.jpg\">\n\t\t\t\t<img class=\"newsContent__article__imgCapa newsContent__article__imgCapa--banner\"\n\t\t\t\t\tsrc=\"https:\/\/files.sunoresearch.com.br\/n\/uploads\/2023\/03\/Ebook-Acoes-Desktop.jpg\"\n\t\t\t\t\tdata-promo-id=\"378302\"\t\t\t\t\t\t\t\t\t\twidth='1420' height='286'\t\t\t\t\talt=\"https:\/\/files.sunoresearch.com.br\/n\/uploads\/2023\/03\/Ebook-Acoes-Desktop.jpg\"\n\t\t\t\t>\n\t\t\t<\/picture>\n\t\t<\/a>\n\t<\/p>\n\n\n\n\n\n<h2 class=\"wp-block-heading\">Declarando a\u00e7\u00f5es no Imposto de Renda<\/h2>\n\n\n\n<p>Saber como declarar o Imposto de Renda sobre <strong>investimentos em a\u00e7\u00f5es <\/strong>e demais ativos \u00e9 extremamente importante para evitar problemas com a <a class=\"suno-keyword\" data-force=\"no\" data-priority=\"3\" href=\"https:\/\/www.suno.com.br\/artigos\/receita-federal\/\" target=\"_blank\" rel=\"noopener\">Receita Federal<\/a>.<\/p>\n\n\n\n<p>No caso de investidores na Bolsa de Valores houve algumas mudan\u00e7as em rela\u00e7\u00e3o \u00e0 declara\u00e7\u00e3o em 2023. At\u00e9 o ano retrasado, todas as pessoas que tivessem operado quaisquer valores na Bolsa de Valores eram obrigadas a declarar, mesmo n\u00e3o estando enquadrados nas outras regras de obrigatoriedade.<\/p>\n\n\n\n<p>Hoje, no entanto, apenas os investidores que venderam pelo menos R$ 40 mil em a\u00e7\u00f5es no ano anterior ou tiveram rendimentos tribut\u00e1veis precisam declarar suas vendas, doa\u00e7\u00f5es e transmiss\u00f5es por heran\u00e7a de ativos na Bolsa.<\/p>\n\n\n\t<p>\n\t\t<a href=\"https:\/\/lp.suno.com.br\/plataforma-de-controle-de-investimentos\/\" target=\"_blank\" data-element=\"shortcode-suno-banner\" title=\"Banner SUNO, clique e saiba mais\">\n\t\t\t<picture>\n\t\t\t\t<source media=\"(max-width: 500px)\" srcset=\"https:\/\/files.sunoresearch.com.br\/n\/uploads\/2023\/03\/400x300-Controle-de-Investimentos.png\">\n\t\t\t\t<img class=\"newsContent__article__imgCapa newsContent__article__imgCapa--banner\"\n\t\t\t\t\tsrc=\"https:\/\/files.sunoresearch.com.br\/n\/uploads\/2023\/03\/1420x240-Controle-de-Investimentos.png\"\n\t\t\t\t\tdata-promo-id=\"383162\"\t\t\t\t\t\t\t\t\t\twidth='1420' height='240'\t\t\t\t\talt=\"https:\/\/files.sunoresearch.com.br\/n\/uploads\/2023\/03\/1420x240-Controle-de-Investimentos.png\"\n\t\t\t\t>\n\t\t\t<\/picture>\n\t\t<\/a>\n\t<\/p>\n\n\n\n\n\n<h2 class=\"wp-block-heading\">Conhecendo as categorias<\/h2>\n\n\n\n<p>Antes de mais nada \u00e9 importante conhecer as categorias de declara\u00e7\u00e3o de investimentos do IR, para n\u00e3o incorrer em nenhum erro. S\u00e3o elas:<\/p>\n\n\n\n<p>&#8211; Declara\u00e7\u00e3o de Bens e Direito em A\u00e7\u00f5es<br>&#8211; Declara\u00e7\u00e3o de Bens e Direito de Cotas de FIIs<br>&#8211; Declara\u00e7\u00e3o de Rendimentos (<a class=\"suno-keyword\" target=\"_blank\" data-force=\"no\" data-priority=\"1\" href=\"https:\/\/www.suno.com.br\/guias\/dividendos\/\" rel=\"noopener\">dividendos<\/a> e JPC) das a\u00e7\u00f5es e FIIs<br>&#8211; Declara\u00e7\u00e3o de Ganho de Capital ILucros) ou preju\u00edzo com vendas de a\u00e7\u00f5es e cotas de FIIs<\/p>\n\n\n\n<p>Ao iniciar o processo de declara\u00e7\u00e3o \u00e9 preciso obter o programa de preenchimento e envio da Receita Federal, que pode ser obtido pelo site da pr\u00f3pria Receita na Internet.<\/p>\n\n\n\n<p>Ap\u00f3s a sua devida instala\u00e7\u00e3o e preenchimento do CPF, \u00e9 preciso declarar a posi\u00e7\u00e3o existente em ativos e demais investimentos no 31 de dezembro do ano anterior ao da declara\u00e7\u00e3o.<\/p>\n\n\n\n<p>Dito isso, em resumo, o procedimento para declarar investimentos no Imposto de Renda ir\u00e1 variar conforme o ativo e o rendimento obtido.<\/p>\n\n\n\n<p>Vale dizer que o preju\u00edzo tamb\u00e9m deve ser informado na declara\u00e7\u00e3o anual no mesmo menu que informa o ganho de capital.<\/p>\n\n\n\t<p>\n\t\t<a href=\"https:\/\/lp.suno.com.br\/planilha-da-vida-financeira\/\" target=\"_blank\" data-element=\"shortcode-suno-banner\" title=\"Banner SUNO, clique e saiba mais\">\n\t\t\t<picture>\n\t\t\t\t<source media=\"(max-width: 500px)\" srcset=\"https:\/\/files.sunoresearch.com.br\/n\/uploads\/2023\/04\/400x300-Planilha-vida-financeira-true.png\">\n\t\t\t\t<img class=\"newsContent__article__imgCapa newsContent__article__imgCapa--banner\"\n\t\t\t\t\tsrc=\"https:\/\/files.sunoresearch.com.br\/n\/uploads\/2023\/04\/1420x240-Planilha-vida-financeira-true.png\"\n\t\t\t\t\tdata-promo-id=\"383123\"\t\t\t\t\t\t\t\t\t\twidth='1420' height='240'\t\t\t\t\talt=\"https:\/\/files.sunoresearch.com.br\/n\/uploads\/2023\/04\/1420x240-Planilha-vida-financeira-true.png\"\n\t\t\t\t>\n\t\t\t<\/picture>\n\t\t<\/a>\n\t<\/p>\n\n\n\n\n\n<p>Para declarar opera\u00e7\u00f5es na B3 no sistema de Imposto de Renda da Receita Federal, siga o passo a passo abaixo:<\/p>\n\n\n\n<ol class=\"wp-block-list\">\n<li>Acesse o programa da Receita Federal ou use o portal e-CAC;<\/li>\n\n\n\n<li>V\u00e1 at\u00e9 a aba \u201c<a class=\"suno-keyword\" data-force=\"no\" data-priority=\"2\" href=\"https:\/\/www.suno.com.br\/artigos\/renda-variavel-7-dicas\/\" target=\"_blank\" rel=\"noopener\">Renda Vari\u00e1vel<\/a>\u201d e selecione a op\u00e7\u00e3o \u201cOpera\u00e7\u00f5es Comuns \/ Day Trade\u201d;<\/li>\n\n\n\n<li>Informe os lucros e preju\u00edzos mensais, separando opera\u00e7\u00f5es normais e Day Trade;<\/li>\n<\/ol>\n\n\n\n<p>Em seguida \u00e9 necess\u00e1rio declarar a posse de a\u00e7\u00f5es no campo \u201cBens e Direitos\u201d, informando quantidade, <a class=\"suno-keyword\" target=\"_blank\" data-force=\"no\" data-priority=\"1\" href=\"https:\/\/www.suno.com.br\/artigos\/preco-medio\/\" rel=\"noopener\">pre\u00e7o m\u00e9dio<\/a> e c\u00f3digo da a\u00e7\u00e3o. Confira o nosso passo a passo a seguir:<\/p>\n\n\n\n<ol class=\"wp-block-list\">\n<li>Na ficha \u201cBens e Direitos\u201d, clique no bot\u00e3o \u201cNovo\u201d para incluir uma nova posi\u00e7\u00e3o ou \u201cEditar\u201d para modificar uma posi\u00e7\u00e3o j\u00e1 lan\u00e7ada.<\/li>\n\n\n\n<li>No item \u201cC\u00f3digo\u201d, selecione a op\u00e7\u00e3o \u201c31 \u2013 A\u00e7\u00f5es (inclusive as provenientes de linha telef\u00f4nica).\u201d<\/li>\n\n\n\n<li>No item \u201cLocaliza\u00e7\u00e3o (Pa\u00eds)\u201d, selecionar a op\u00e7\u00e3o \u201c105 \u2013 Brasil<\/li>\n\n\n\n<li>No item \u201cDiscrimina\u00e7\u00e3o\u201d, especifique a (i) quantidade a\u00e7\u00f5es; (ii) o nome da empresa\/ticker papel e CNPJ; (iii) adicionalmente pode-se especificar a corretora utilizada para a compra.<\/li>\n\n\n\n<li>No item \u201cSitua\u00e7\u00e3o em 31\/12\/2023\u201d: Se as A\u00e7\u00f5es foram adquiridas no ano de 2024, este campo deve ser mantido zerado, se foram adquiridas em anos anteriores a 2024, ent\u00e3o o valor do campo deve ser preenchido a partir da declara\u00e7\u00e3o anterior.<\/li>\n\n\n\n<li>No item \u201cSitua\u00e7\u00e3o em 31\/12\/2024\u201d, preencher com o valor do custo de aquisi\u00e7\u00e3o total atualizado at\u00e9 a data 31\/12.<\/li>\n<\/ol>\n\n\n\t<p>\n\t\t<a href=\"https:\/\/lp.suno.com.br\/planilha-da-vida-financeira\/\" target=\"_blank\" data-element=\"shortcode-suno-banner\" title=\"Banner SUNO, clique e saiba mais\">\n\t\t\t<picture>\n\t\t\t\t<source media=\"(max-width: 500px)\" srcset=\"https:\/\/files.sunoresearch.com.br\/n\/uploads\/2023\/04\/400x300-Planilha-vida-financeira-true.png\">\n\t\t\t\t<img class=\"newsContent__article__imgCapa newsContent__article__imgCapa--banner\"\n\t\t\t\t\tsrc=\"https:\/\/files.sunoresearch.com.br\/n\/uploads\/2023\/04\/1420x240-Planilha-vida-financeira-true.png\"\n\t\t\t\t\tdata-promo-id=\"383123\"\t\t\t\t\t\t\t\t\t\twidth='1420' height='240'\t\t\t\t\talt=\"https:\/\/files.sunoresearch.com.br\/n\/uploads\/2023\/04\/1420x240-Planilha-vida-financeira-true.png\"\n\t\t\t\t>\n\t\t\t<\/picture>\n\t\t<\/a>\n\t<\/p>\n\n\n\n\n\n<h2 class=\"wp-block-heading\">Imposto de Renda: calculando o ganho l\u00edquido<\/h2>\n\n\n\n<p>Embora seja poss\u00edvel contratar os servi\u00e7os de corretoras para fazer o c\u00e1lculo do ganho l\u00edquido, o pr\u00f3prio investidor pode se incumbir desta tarefa seguindo o seguinte c\u00e1lculo.<\/p>\n\n\n\n<p>Lucro L\u00edquido da Opera\u00e7\u00e3o = (Valor da Venda \u2013 Custo operacional da Venda) \u2013 (Valor da Compra + Taxas).<\/p>\n\n\n\n<p>As despesas com corretagem podem e devem ser abatidas do lucro. No entanto, lembre-se, que caso a <a class=\"suno-keyword\" data-force=\"no\" data-priority=\"1\" href=\"https:\/\/www.suno.com.br\/artigos\/nota-de-corretagem\/\" target=\"_blank\" rel=\"noopener\">nota de corretagem<\/a> conte com duas opera\u00e7\u00f5es, as despesas de corretagem precisam ser rateadas entre os pap\u00e9is.<\/p>\n\n\n\t<p>\n\t\t<a href=\"https:\/\/lp.suno.com.br\/planilha-da-vida-financeira\/\" target=\"_blank\" data-element=\"shortcode-suno-banner\" title=\"Banner SUNO, clique e saiba mais\">\n\t\t\t<picture>\n\t\t\t\t<source media=\"(max-width: 500px)\" srcset=\"https:\/\/files.sunoresearch.com.br\/n\/uploads\/2023\/04\/400x300-Planilha-vida-financeira-true.png\">\n\t\t\t\t<img class=\"newsContent__article__imgCapa newsContent__article__imgCapa--banner\"\n\t\t\t\t\tsrc=\"https:\/\/files.sunoresearch.com.br\/n\/uploads\/2023\/04\/1420x240-Planilha-vida-financeira-true.png\"\n\t\t\t\t\tdata-promo-id=\"383123\"\t\t\t\t\t\t\t\t\t\twidth='1420' height='240'\t\t\t\t\talt=\"https:\/\/files.sunoresearch.com.br\/n\/uploads\/2023\/04\/1420x240-Planilha-vida-financeira-true.png\"\n\t\t\t\t>\n\t\t\t<\/picture>\n\t\t<\/a>\n\t<\/p>\n\n\n","protected":false},"excerpt":{"rendered":"<p>O prazo de declara\u00e7\u00f5es do Imposto de Renda Pessoa F\u00edsica est\u00e1 chegando ao fim e \u00e9 importante manter todas as informa\u00e7\u00f5es corretas para n\u00e3o ficar retido na Malha Fina ou enfrentar dificuldades em caso de restitui\u00e7\u00e3o. Se voc\u00ea investe em a\u00e7\u00f5es precisa dedicar uma aten\u00e7\u00e3o especial ao declarar, pois h\u00e1 muitas modalidades de investimentos e [&hellip;]<\/p>\n","protected":false},"author":377,"featured_media":408589,"comment_status":"closed","ping_status":"closed","sticky":false,"template":"","format":"standard","meta":[],"categories":[64],"tags":[303,847],"suno_strategy":[],"class_list":["post-607243","post","type-post","status-publish","format-standard","has-post-thumbnail","hentry","category-negocios","tag-imposto-de-renda","tag-receita-federal"],"yoast_head":"<!-- This site is optimized with the Yoast SEO plugin v24.4 - https:\/\/yoast.com\/wordpress\/plugins\/seo\/ -->\n<title>Imposto de Renda: prazo vence sexta (30); como declarar a\u00e7\u00f5es?<\/title>\n<meta name=\"description\" content=\"Confirma os passos necess\u00e1rios para declarar seus investimentos em a\u00e7\u00f5es para o Imposto de Renda Pessoa F\u00edsica 2025\" \/>\n<meta name=\"robots\" content=\"index, follow, max-snippet:-1, max-image-preview:large, max-video-preview:-1\" \/>\n<link rel=\"canonical\" href=\"https:\/\/www.suno.com.br\/noticias\/imposto-de-renda-como-declarar-acoes\/\" \/>\n<meta property=\"og:locale\" content=\"pt_BR\" \/>\n<meta property=\"og:type\" content=\"article\" \/>\n<meta property=\"og:title\" content=\"Imposto de Renda: prazo vence sexta (30); como declarar a\u00e7\u00f5es?\" \/>\n<meta property=\"og:description\" content=\"Confirma os passos necess\u00e1rios para declarar seus investimentos em a\u00e7\u00f5es para o Imposto de Renda Pessoa F\u00edsica 2025\" \/>\n<meta property=\"og:url\" content=\"https:\/\/www.suno.com.br\/noticias\/imposto-de-renda-como-declarar-acoes\/\" \/>\n<meta property=\"og:site_name\" content=\"Suno Not\u00edcias\" \/>\n<meta property=\"article:publisher\" content=\"https:\/\/facebook.com\/sunoresearch\" \/>\n<meta property=\"og:image\" content=\"https:\/\/files.sunoresearch.com.br\/n\/uploads\/2023\/05\/irpf-restituicao.jpg\" \/>\n\t<meta property=\"og:image:width\" content=\"1200\" \/>\n\t<meta property=\"og:image:height\" content=\"800\" \/>\n\t<meta property=\"og:image:type\" content=\"image\/jpeg\" \/>\n<meta name=\"author\" content=\"F\u00e1bio Mendes do Nascimento\" \/>\n<meta name=\"twitter:card\" content=\"summary_large_image\" \/>\n<meta name=\"twitter:creator\" content=\"@sunoresearch\" \/>\n<meta name=\"twitter:site\" content=\"@sunoresearch\" \/>\n<meta name=\"twitter:label1\" content=\"Escrito por\" \/>\n\t<meta name=\"twitter:data1\" content=\"F\u00e1bio Mendes do Nascimento\" \/>\n\t<meta name=\"twitter:label2\" content=\"Est. tempo de leitura\" \/>\n\t<meta name=\"twitter:data2\" content=\"6 minutos\" \/>\n<script type=\"application\/ld+json\" class=\"yoast-schema-graph\">{\"@context\":\"https:\/\/schema.org\",\"@graph\":[{\"@type\":\"NewsArticle\",\"@id\":\"https:\/\/www.suno.com.br\/noticias\/imposto-de-renda-como-declarar-acoes\/#article\",\"isPartOf\":{\"@id\":\"https:\/\/www.suno.com.br\/noticias\/imposto-de-renda-como-declarar-acoes\/\"},\"author\":{\"name\":\"F\u00e1bio Mendes do Nascimento\",\"@id\":\"https:\/\/www.suno.com.br\/noticias\/#\/schema\/person\/1c784a30f1a51d526ba332d9e9865e89\"},\"headline\":\"Imposto de Renda: prazo vence amanh\u00e3 (30); veja como declarar suas a\u00e7\u00f5es\",\"datePublished\":\"2025-05-29T13:49:30+00:00\",\"dateModified\":\"2025-05-29T13:49:38+00:00\",\"mainEntityOfPage\":{\"@id\":\"https:\/\/www.suno.com.br\/noticias\/imposto-de-renda-como-declarar-acoes\/\"},\"wordCount\":1014,\"publisher\":{\"@id\":\"https:\/\/www.suno.com.br\/noticias\/#organization\"},\"image\":{\"@id\":\"https:\/\/www.suno.com.br\/noticias\/imposto-de-renda-como-declarar-acoes\/#primaryimage\"},\"thumbnailUrl\":\"https:\/\/files.sunoresearch.com.br\/n\/uploads\/2023\/05\/irpf-restituicao.jpg\",\"keywords\":[\"Imposto de Renda\",\"Receita Federal\"],\"articleSection\":[\"Neg\u00f3cios\"],\"inLanguage\":\"pt-BR\"},{\"@type\":\"WebPage\",\"@id\":\"https:\/\/www.suno.com.br\/noticias\/imposto-de-renda-como-declarar-acoes\/\",\"url\":\"https:\/\/www.suno.com.br\/noticias\/imposto-de-renda-como-declarar-acoes\/\",\"name\":\"Imposto de Renda: prazo vence sexta (30); como declarar a\u00e7\u00f5es?\",\"isPartOf\":{\"@id\":\"https:\/\/www.suno.com.br\/noticias\/#website\"},\"primaryImageOfPage\":{\"@id\":\"https:\/\/www.suno.com.br\/noticias\/imposto-de-renda-como-declarar-acoes\/#primaryimage\"},\"image\":{\"@id\":\"https:\/\/www.suno.com.br\/noticias\/imposto-de-renda-como-declarar-acoes\/#primaryimage\"},\"thumbnailUrl\":\"https:\/\/files.sunoresearch.com.br\/n\/uploads\/2023\/05\/irpf-restituicao.jpg\",\"datePublished\":\"2025-05-29T13:49:30+00:00\",\"dateModified\":\"2025-05-29T13:49:38+00:00\",\"description\":\"Confirma os passos necess\u00e1rios para declarar seus investimentos em a\u00e7\u00f5es para o Imposto de Renda Pessoa F\u00edsica 2025\",\"breadcrumb\":{\"@id\":\"https:\/\/www.suno.com.br\/noticias\/imposto-de-renda-como-declarar-acoes\/#breadcrumb\"},\"inLanguage\":\"pt-BR\",\"potentialAction\":[{\"@type\":\"ReadAction\",\"target\":[\"https:\/\/www.suno.com.br\/noticias\/imposto-de-renda-como-declarar-acoes\/\"]}]},{\"@type\":\"ImageObject\",\"inLanguage\":\"pt-BR\",\"@id\":\"https:\/\/www.suno.com.br\/noticias\/imposto-de-renda-como-declarar-acoes\/#primaryimage\",\"url\":\"https:\/\/files.sunoresearch.com.br\/n\/uploads\/2023\/05\/irpf-restituicao.jpg\",\"contentUrl\":\"https:\/\/files.sunoresearch.com.br\/n\/uploads\/2023\/05\/irpf-restituicao.jpg\",\"width\":1200,\"height\":800,\"caption\":\"Imposto de Renda 2024 - Foto: iStock\"},{\"@type\":\"BreadcrumbList\",\"@id\":\"https:\/\/www.suno.com.br\/noticias\/imposto-de-renda-como-declarar-acoes\/#breadcrumb\",\"itemListElement\":[{\"@type\":\"ListItem\",\"position\":1,\"name\":\"Not\u00edcias\",\"item\":\"https:\/\/www.suno.com.br\/noticias\/\"},{\"@type\":\"ListItem\",\"position\":2,\"name\":\"Neg\u00f3cios\",\"item\":\"https:\/\/www.suno.com.br\/noticias\/negocios\/\"},{\"@type\":\"ListItem\",\"position\":3,\"name\":\"Imposto de Renda: prazo vence amanh\u00e3 (30); veja como declarar suas a\u00e7\u00f5es\"}]},{\"@type\":\"WebSite\",\"@id\":\"https:\/\/www.suno.com.br\/noticias\/#website\",\"url\":\"https:\/\/www.suno.com.br\/noticias\/\",\"name\":\"Suno Not\u00edcias\",\"description\":\"Seu portal de informa\u00e7\u00e3o sobre o mundo dos investimentos\",\"publisher\":{\"@id\":\"https:\/\/www.suno.com.br\/noticias\/#organization\"},\"potentialAction\":[{\"@type\":\"SearchAction\",\"target\":{\"@type\":\"EntryPoint\",\"urlTemplate\":\"https:\/\/www.suno.com.br\/noticias\/?s={search_term_string}\"},\"query-input\":{\"@type\":\"PropertyValueSpecification\",\"valueRequired\":true,\"valueName\":\"search_term_string\"}}],\"inLanguage\":\"pt-BR\"},{\"@type\":\"Organization\",\"@id\":\"https:\/\/www.suno.com.br\/noticias\/#organization\",\"name\":\"Suno Not\u00edcias\",\"url\":\"https:\/\/www.suno.com.br\/noticias\/\",\"logo\":{\"@type\":\"ImageObject\",\"inLanguage\":\"pt-BR\",\"@id\":\"https:\/\/www.suno.com.br\/noticias\/#\/schema\/logo\/image\/\",\"url\":\"https:\/\/files.sunoresearch.com.br\/n\/uploads\/2021\/09\/suno-logo.png\",\"contentUrl\":\"https:\/\/files.sunoresearch.com.br\/n\/uploads\/2021\/09\/suno-logo.png\",\"width\":180,\"height\":180,\"caption\":\"Suno Not\u00edcias\"},\"image\":{\"@id\":\"https:\/\/www.suno.com.br\/noticias\/#\/schema\/logo\/image\/\"},\"sameAs\":[\"https:\/\/facebook.com\/sunoresearch\",\"https:\/\/x.com\/sunoresearch\",\"https:\/\/www.instagram.com\/suno\",\"https:\/\/www.linkedin.com\/company\/suno-research\/\",\"https:\/\/www.youtube.com\/c\/sunoresearch\"]},{\"@type\":\"Person\",\"@id\":\"https:\/\/www.suno.com.br\/noticias\/#\/schema\/person\/1c784a30f1a51d526ba332d9e9865e89\",\"name\":\"F\u00e1bio Mendes do Nascimento\",\"image\":{\"@type\":\"ImageObject\",\"inLanguage\":\"pt-BR\",\"@id\":\"https:\/\/www.suno.com.br\/noticias\/#\/schema\/person\/image\/\",\"url\":\"https:\/\/secure.gravatar.com\/avatar\/c405941bfde08b613fd06fbdefe26fe1?s=96&r=g\",\"contentUrl\":\"https:\/\/secure.gravatar.com\/avatar\/c405941bfde08b613fd06fbdefe26fe1?s=96&r=g\",\"caption\":\"F\u00e1bio Mendes do Nascimento\"},\"url\":\"https:\/\/www.suno.com.br\/noticias\/author\/fabionascimentoyahoo-com\/\"}]}<\/script>\n<!-- \/ Yoast SEO plugin. -->","yoast_head_json":{"title":"Imposto de Renda: prazo vence sexta (30); como declarar a\u00e7\u00f5es?","description":"Confirma os passos necess\u00e1rios para declarar seus investimentos em a\u00e7\u00f5es para o Imposto de Renda Pessoa F\u00edsica 2025","robots":{"index":"index","follow":"follow","max-snippet":"max-snippet:-1","max-image-preview":"max-image-preview:large","max-video-preview":"max-video-preview:-1"},"canonical":"https:\/\/www.suno.com.br\/noticias\/imposto-de-renda-como-declarar-acoes\/","og_locale":"pt_BR","og_type":"article","og_title":"Imposto de Renda: prazo vence sexta (30); como declarar a\u00e7\u00f5es?","og_description":"Confirma os passos necess\u00e1rios para declarar seus investimentos em a\u00e7\u00f5es para o Imposto de Renda Pessoa F\u00edsica 2025","og_url":"https:\/\/www.suno.com.br\/noticias\/imposto-de-renda-como-declarar-acoes\/","og_site_name":"Suno Not\u00edcias","article_publisher":"https:\/\/facebook.com\/sunoresearch","og_image":[{"width":1200,"height":800,"url":"https:\/\/files.sunoresearch.com.br\/n\/uploads\/2023\/05\/irpf-restituicao.jpg","type":"image\/jpeg"}],"author":"F\u00e1bio Mendes do Nascimento","twitter_card":"summary_large_image","twitter_creator":"@sunoresearch","twitter_site":"@sunoresearch","twitter_misc":{"Escrito por":"F\u00e1bio Mendes do Nascimento","Est. tempo de leitura":"6 minutos"},"schema":{"@context":"https:\/\/schema.org","@graph":[{"@type":"NewsArticle","@id":"https:\/\/www.suno.com.br\/noticias\/imposto-de-renda-como-declarar-acoes\/#article","isPartOf":{"@id":"https:\/\/www.suno.com.br\/noticias\/imposto-de-renda-como-declarar-acoes\/"},"author":{"name":"F\u00e1bio Mendes do Nascimento","@id":"https:\/\/www.suno.com.br\/noticias\/#\/schema\/person\/1c784a30f1a51d526ba332d9e9865e89"},"headline":"Imposto de Renda: prazo vence amanh\u00e3 (30); veja como declarar suas a\u00e7\u00f5es","datePublished":"2025-05-29T13:49:30+00:00","dateModified":"2025-05-29T13:49:38+00:00","mainEntityOfPage":{"@id":"https:\/\/www.suno.com.br\/noticias\/imposto-de-renda-como-declarar-acoes\/"},"wordCount":1014,"publisher":{"@id":"https:\/\/www.suno.com.br\/noticias\/#organization"},"image":{"@id":"https:\/\/www.suno.com.br\/noticias\/imposto-de-renda-como-declarar-acoes\/#primaryimage"},"thumbnailUrl":"https:\/\/files.sunoresearch.com.br\/n\/uploads\/2023\/05\/irpf-restituicao.jpg","keywords":["Imposto de Renda","Receita Federal"],"articleSection":["Neg\u00f3cios"],"inLanguage":"pt-BR"},{"@type":"WebPage","@id":"https:\/\/www.suno.com.br\/noticias\/imposto-de-renda-como-declarar-acoes\/","url":"https:\/\/www.suno.com.br\/noticias\/imposto-de-renda-como-declarar-acoes\/","name":"Imposto de Renda: prazo vence sexta (30); como declarar a\u00e7\u00f5es?","isPartOf":{"@id":"https:\/\/www.suno.com.br\/noticias\/#website"},"primaryImageOfPage":{"@id":"https:\/\/www.suno.com.br\/noticias\/imposto-de-renda-como-declarar-acoes\/#primaryimage"},"image":{"@id":"https:\/\/www.suno.com.br\/noticias\/imposto-de-renda-como-declarar-acoes\/#primaryimage"},"thumbnailUrl":"https:\/\/files.sunoresearch.com.br\/n\/uploads\/2023\/05\/irpf-restituicao.jpg","datePublished":"2025-05-29T13:49:30+00:00","dateModified":"2025-05-29T13:49:38+00:00","description":"Confirma os passos necess\u00e1rios para declarar seus investimentos em a\u00e7\u00f5es para o Imposto de Renda Pessoa F\u00edsica 2025","breadcrumb":{"@id":"https:\/\/www.suno.com.br\/noticias\/imposto-de-renda-como-declarar-acoes\/#breadcrumb"},"inLanguage":"pt-BR","potentialAction":[{"@type":"ReadAction","target":["https:\/\/www.suno.com.br\/noticias\/imposto-de-renda-como-declarar-acoes\/"]}]},{"@type":"ImageObject","inLanguage":"pt-BR","@id":"https:\/\/www.suno.com.br\/noticias\/imposto-de-renda-como-declarar-acoes\/#primaryimage","url":"https:\/\/files.sunoresearch.com.br\/n\/uploads\/2023\/05\/irpf-restituicao.jpg","contentUrl":"https:\/\/files.sunoresearch.com.br\/n\/uploads\/2023\/05\/irpf-restituicao.jpg","width":1200,"height":800,"caption":"Imposto de Renda 2024 - Foto: iStock"},{"@type":"BreadcrumbList","@id":"https:\/\/www.suno.com.br\/noticias\/imposto-de-renda-como-declarar-acoes\/#breadcrumb","itemListElement":[{"@type":"ListItem","position":1,"name":"Not\u00edcias","item":"https:\/\/www.suno.com.br\/noticias\/"},{"@type":"ListItem","position":2,"name":"Neg\u00f3cios","item":"https:\/\/www.suno.com.br\/noticias\/negocios\/"},{"@type":"ListItem","position":3,"name":"Imposto de Renda: prazo vence amanh\u00e3 (30); veja como declarar suas a\u00e7\u00f5es"}]},{"@type":"WebSite","@id":"https:\/\/www.suno.com.br\/noticias\/#website","url":"https:\/\/www.suno.com.br\/noticias\/","name":"Suno Not\u00edcias","description":"Seu portal de informa\u00e7\u00e3o sobre o mundo dos investimentos","publisher":{"@id":"https:\/\/www.suno.com.br\/noticias\/#organization"},"potentialAction":[{"@type":"SearchAction","target":{"@type":"EntryPoint","urlTemplate":"https:\/\/www.suno.com.br\/noticias\/?s={search_term_string}"},"query-input":{"@type":"PropertyValueSpecification","valueRequired":true,"valueName":"search_term_string"}}],"inLanguage":"pt-BR"},{"@type":"Organization","@id":"https:\/\/www.suno.com.br\/noticias\/#organization","name":"Suno Not\u00edcias","url":"https:\/\/www.suno.com.br\/noticias\/","logo":{"@type":"ImageObject","inLanguage":"pt-BR","@id":"https:\/\/www.suno.com.br\/noticias\/#\/schema\/logo\/image\/","url":"https:\/\/files.sunoresearch.com.br\/n\/uploads\/2021\/09\/suno-logo.png","contentUrl":"https:\/\/files.sunoresearch.com.br\/n\/uploads\/2021\/09\/suno-logo.png","width":180,"height":180,"caption":"Suno Not\u00edcias"},"image":{"@id":"https:\/\/www.suno.com.br\/noticias\/#\/schema\/logo\/image\/"},"sameAs":["https:\/\/facebook.com\/sunoresearch","https:\/\/x.com\/sunoresearch","https:\/\/www.instagram.com\/suno","https:\/\/www.linkedin.com\/company\/suno-research\/","https:\/\/www.youtube.com\/c\/sunoresearch"]},{"@type":"Person","@id":"https:\/\/www.suno.com.br\/noticias\/#\/schema\/person\/1c784a30f1a51d526ba332d9e9865e89","name":"F\u00e1bio Mendes do Nascimento","image":{"@type":"ImageObject","inLanguage":"pt-BR","@id":"https:\/\/www.suno.com.br\/noticias\/#\/schema\/person\/image\/","url":"https:\/\/secure.gravatar.com\/avatar\/c405941bfde08b613fd06fbdefe26fe1?s=96&r=g","contentUrl":"https:\/\/secure.gravatar.com\/avatar\/c405941bfde08b613fd06fbdefe26fe1?s=96&r=g","caption":"F\u00e1bio Mendes do Nascimento"},"url":"https:\/\/www.suno.com.br\/noticias\/author\/fabionascimentoyahoo-com\/"}]}},"default_loop_html":"<div class=\"cardsPage__listCard__boxs\"><div class=\"cardsPage__listCard__boxs__img\"><a href=\"https:\/\/www.suno.com.br\/noticias\/imposto-de-renda-como-declarar-acoes\/\"><img class=\"mask\" src=\"https:\/\/www.suno.com.br\/noticias\/wp-content\/themes\/suno\/resources\/images\/spotlight\/spotlight1img\/bg-mask.png\" alt=\"Image Mask\"\/><img src=\"https:\/\/files.sunoresearch.com.br\/n\/uploads\/2023\/05\/irpf-restituicao-400x200.jpg\" alt=\"Imposto de Renda: prazo vence amanh\u00e3 (30); veja como declarar suas a\u00e7\u00f5es\"\/><\/a><span class=\"spotlightCategory\"><a href=\"https:\/\/www.suno.com.br\/noticias\/negocios\/\">Neg\u00f3cios<\/a><\/span><\/div><div class=\"cardsPage__listCard__boxs__content\"><a href=\"https:\/\/www.suno.com.br\/noticias\/imposto-de-renda-como-declarar-acoes\/\"><h2 class=\"content__title\">Imposto de Renda: prazo vence amanh\u00e3 (30); veja como declarar suas a\u00e7\u00f5es<\/h2><\/a><div class=\"newsContent__article__meta\"><div class=\"newsContent__article__meta__authorBox\"><a href=\"https:\/\/www.suno.com.br\/noticias\/author\/fabionascimentoyahoo-com\/\" class=\"authorBox__avatar noMobi\"><img src=\"https:\/\/secure.gravatar.com\/avatar\/c405941bfde08b613fd06fbdefe26fe1?s=96&#038;r=g\" alt=\"F\u00e1bio Mendes do Nascimento\"><\/a><div class=\"authorBox__name\"><span>por\n\t\t\t<a href=\"https:\/\/www.suno.com.br\/noticias\/author\/fabionascimentoyahoo-com\/\"><span itemprop=\"author\">F\u00e1bio Mendes do Nascimento<\/span><\/a><\/span><time datetime=\"2025-05-29T10:49:30-03:00\" itemprop=\"datePublished\">29\/05\/2025 10:49<\/time><\/div><\/div><\/div><\/div><\/div>","single_layout":"posts","amp_enabled":true,"_links":{"self":[{"href":"https:\/\/www.suno.com.br\/noticias\/wp-json\/wp\/v2\/posts\/607243"}],"collection":[{"href":"https:\/\/www.suno.com.br\/noticias\/wp-json\/wp\/v2\/posts"}],"about":[{"href":"https:\/\/www.suno.com.br\/noticias\/wp-json\/wp\/v2\/types\/post"}],"author":[{"embeddable":true,"href":"https:\/\/www.suno.com.br\/noticias\/wp-json\/wp\/v2\/users\/377"}],"replies":[{"embeddable":true,"href":"https:\/\/www.suno.com.br\/noticias\/wp-json\/wp\/v2\/comments?post=607243"}],"version-history":[{"count":2,"href":"https:\/\/www.suno.com.br\/noticias\/wp-json\/wp\/v2\/posts\/607243\/revisions"}],"predecessor-version":[{"id":607357,"href":"https:\/\/www.suno.com.br\/noticias\/wp-json\/wp\/v2\/posts\/607243\/revisions\/607357"}],"wp:featuredmedia":[{"embeddable":true,"href":"https:\/\/www.suno.com.br\/noticias\/wp-json\/wp\/v2\/media\/408589"}],"wp:attachment":[{"href":"https:\/\/www.suno.com.br\/noticias\/wp-json\/wp\/v2\/media?parent=607243"}],"wp:term":[{"taxonomy":"category","embeddable":true,"href":"https:\/\/www.suno.com.br\/noticias\/wp-json\/wp\/v2\/categories?post=607243"},{"taxonomy":"post_tag","embeddable":true,"href":"https:\/\/www.suno.com.br\/noticias\/wp-json\/wp\/v2\/tags?post=607243"},{"taxonomy":"suno_strategy","embeddable":true,"href":"https:\/\/www.suno.com.br\/noticias\/wp-json\/wp\/v2\/suno_strategy?post=607243"}],"curies":[{"name":"wp","href":"https:\/\/api.w.org\/{rel}","templated":true}]}}