{"id":60697,"date":"2020-04-07T08:36:38","date_gmt":"2020-04-07T11:36:38","guid":{"rendered":"https:\/\/www.suno.com.br\/noticias\/?p=60697"},"modified":"2021-06-14T00:28:03","modified_gmt":"2021-06-14T03:28:03","slug":"agenda-do-dia-jbs-lojas-americanas-cielo-renner-embraer","status":"publish","type":"post","link":"https:\/\/www.suno.com.br\/noticias\/agenda-do-dia-jbs-lojas-americanas-cielo-renner-embraer\/","title":{"rendered":"Agenda do Dia: JBS; Renner; Lojas Americanas; Cielo; Embraer"},"content":{"rendered":"<p>Os assuntos da <strong>Agenda<\/strong> <strong>do<\/strong> <strong>Dia<\/strong> desta ter\u00e7a-feira (7) prometem mexer com o mercado interno e o externo.<\/p>\t<div class=\"wrapper-featured-image\">\n\t\t<figure class=\"spotlightImg\">\n\n\t\t\t<picture>\n\t\t\t\t<source media=\"(max-width: 768px)\" srcset=\"https:\/\/files.sunoresearch.com.br\/n\/uploads\/2019\/08\/31692225-jbs-400x200.webp\">\n\t\t\t\t<img loading=\"lazy\" decoding=\"async\" class=\"newsContent__article__imgCapa lazyloadDisabled newsContent__article__imgCapa--noCaption\" src=\"https:\/\/files.sunoresearch.com.br\/n\/uploads\/2019\/08\/31692225-jbs-800x450.webp\" width=\"800\" height=\"450\" alt=\"Agenda do Dia: JBS; Renner; Lojas Americanas; Cielo; Embraer\" fetchpriority=high \/>\n\t\t\t<\/picture>\n\n\t\t\t<figcaption class=\"wp-caption-text wp-caption-text--hide\">JBS (JBSS32). Foto: Divulga\u00e7\u00e3o<\/figcaption>\n\t\t<\/figure>\n\t<\/div>\n\n\n<p>A <b>JBS <\/b>anunciou a aquisi\u00e7\u00e3o, por meio de sua subsidi\u00e1ria, da empresa <strong>Empire Packing Company<\/strong>. J\u00e1 a <b>Renner <\/b>anunciou que seu conselho de administra\u00e7\u00e3o aprovou uma emiss\u00e3o de deb\u00eantures simples.<\/p>\n\n<p>Al\u00e9m disso, a Agenda do Dia conta tamb\u00e9m com a not\u00edcia sobre o <strong>Lojas Americanas, <\/strong>que criou um comit\u00ea de crise para mitigar os efeitos do coronav\u00edrus na sociedade e em seus neg\u00f3cios.<\/p>\n<p>Confira os principais pontos da Agenda do Dia:<\/p>\n<h2>JBS<\/h2>\n<p>A <a href=\"https:\/\/www.suno.com.br\/acoes\/jbss3\/\"><strong>JBS<\/strong><strong>(JBSS3)<\/strong><\/a> comunicou, via fato relevante, na \u00faltima segunda-feira (6), que sua subsidi\u00e1ria JBS USA concluiu a aquisi\u00e7\u00e3o de participa\u00e7\u00e3o acion\u00e1ria da Empire Packing Company.<\/p>\n<p>A opera\u00e7\u00e3o ficou em torno de US$ 238 milh\u00f5es (R$ 1,14 bilh\u00e3o, na cota\u00e7\u00e3o de fevereiro).<\/p>\n<h2>Renner<\/h2>\n<p>A <a href=\"https:\/\/www.suno.com.br\/acoes\/lren3\/\"><strong>Lojas<\/strong> <strong>Renner (LREN3)<\/strong><\/a> ir\u00e1 fazer a d\u00e9cima emiss\u00e3o de deb\u00eantures simples, n\u00e3o convers\u00edveis em a\u00e7\u00f5es, no total de R$ 500 milh\u00f5es.<\/p>\n<p>De acordo com a varejista, os recursos dever\u00e3o ser utilizados para refor\u00e7ar o capital de giro e fortalecer o caixa estrat\u00e9gico da companhia. As deb\u00eantures ser\u00e3o emitidas no dia 13 de abril e tem vencimento programado de 365 dias, a partir da data de emiss\u00e3o.<\/p>\n<h2>Cielo<\/h2>\n<p>A <a href=\"https:\/\/www.suno.com.br\/acoes\/ciel3\/\"><strong>Cielo<\/strong> (CIEL3)<\/a> informou ao mercado, por meio de um fato relevante, que devido ao cen\u00e1rio de evolu\u00e7\u00e3o da pandemia de <a href=\"https:\/\/www.suno.com.br\/noticias\/tags\/coronavirus\/\"><strong>coronav\u00edrus (Covid-19)<\/strong><\/a>, o <a href=\"https:\/\/www.suno.com.br\/artigos\/conselho-administracao\/\">conselho de administra\u00e7\u00e3o<\/a> da empresa decidiu cancelar as assembleias gerais ordin\u00e1ria e extraordin\u00e1ria. Os eventos estavam marcados para o dia 17 de abril. As informa\u00e7\u00f5es foram comunicadas na \u00faltima segunda-feira (6).<\/p>\n<p><a href=\"https:\/\/www.suno.com.br\/noticias\/cielo-ciel3-cancela-assembleia-geral-coronavirus\/\">Saiba mais: Cielo (CIEL3) cancela assembleia geral por conta do avan\u00e7o do coronav\u00edrus<\/a><\/p>\n<h2>Lojas Americanas<\/h2>\n<p>Tamb\u00e9m na \u00faltima segunda-feira (6), a <strong>Lojas Americanas (<a href=\"https:\/\/www.suno.com.br\/acoes\/lame4\/\">LAME4<\/a>)<\/strong> comunicou a cria\u00e7\u00e3o, por parte da empresa, de um comit\u00ea de crise. O objetivo, com isso, \u00e9 monitorar de perto a situa\u00e7\u00e3o do coronav\u00edrus e pensar em a\u00e7\u00f5es que possam ser tomadas para diminuir o impacto da doen\u00e7a.<\/p>\n<p><a href=\"https:\/\/www.suno.com.br\/nossas-assinaturas\/suno-premium\/\">Saiba mais: Bolsa em queda livre!? Aproveita as maiores oportunidades da bolsa brasileira com nosso acesso Suno Premium<\/a><\/p>\n<p>Como uma das medidas tomadas pela empresa, est\u00e1 a prioridade na distribui\u00e7\u00e3o de produtos considerados essenciais na preven\u00e7\u00e3o do Covid-19. \u201cEstamos priorizando e ampliando o sortimento de itens essenciais oferecido em nossas lojas, como \u00e1lcool em gel, itens de higiene pessoal, materiais de limpeza, alimentos e bebidas\u201d, informou a Lojas Americanas.<\/p>\n<h2>Embraer<\/h2>\n<p>A <a href=\"https:\/\/www.suno.com.br\/acoes\/embr3\/\"><strong>Embraer (EMBR3)<\/strong>\u00a0<\/a>apresentou, tamb\u00e9m na \u00faltima segunda, propostas para redu\u00e7\u00e3o de 25% dos sal\u00e1rios e da jornada de trabalho de seus funcion\u00e1rios das \u00e1reas de engenharia e de linhas de produ\u00e7\u00e3o. As provid\u00eancias foram tomadas para diminuir os efeitos da crise da <a href=\"https:\/\/www.suno.com.br\/noticias\/coronavirus\/\">pandemia do <strong>novo coronav\u00edrus<\/strong> (covid-19)<\/a>.<\/p>\n<p>Al\u00e9m disso, a fabricante de aeronaves brasileira pretende suspender temporariamente os contratos de trabalho (layoff) por dois meses.<\/p>\n<p>A <strong>Agenda<\/strong> <strong>do<\/strong> <strong>Dia<\/strong> da <a href=\"https:\/\/www.youtube.com\/channel\/UCWDeEIDAIi_oYKDiqwfGyRg\">Suno<\/a> mostra os principais acontecimentos que prometem movimentar o mercado durante o dia.<\/p>\n\n","protected":false},"excerpt":{"rendered":"<p>Os assuntos da Agenda do Dia desta ter\u00e7a-feira (7) prometem mexer com o mercado interno e o externo. JBS (JBSS32). Foto: Divulga\u00e7\u00e3o A JBS anunciou a aquisi\u00e7\u00e3o, por meio de sua subsidi\u00e1ria, da empresa Empire Packing Company. J\u00e1 a Renner anunciou que seu conselho de administra\u00e7\u00e3o aprovou uma emiss\u00e3o de deb\u00eantures simples. Al\u00e9m disso, a [&hellip;]<\/p>\n","protected":false},"author":19,"featured_media":34192,"comment_status":"closed","ping_status":"closed","sticky":false,"template":"","format":"standard","meta":[],"categories":[64],"tags":[1980,423,521,539],"suno_strategy":[],"class_list":["post-60697","post","type-post","status-publish","format-standard","has-post-thumbnail","hentry","category-negocios","tag-agenda-do-dia","tag-cielo-ciel3","tag-jbs-jbss3","tag-lojas-americanas-lame3-lame4"],"yoast_head":"<!-- This site is optimized with the Yoast SEO plugin v24.4 - https:\/\/yoast.com\/wordpress\/plugins\/seo\/ -->\n<title>Agenda do Dia: JBS; Renner; Lojas Americanas; Cielo; Embraer<\/title>\n<meta name=\"description\" content=\"Agenda do Dia: neg\u00f3cio da JBS nos EUA; deb\u00eantures da Renner; comit\u00ea de crise da Lojas Americanas; Cielo; Embraer. Clique e saiba mais.\" \/>\n<meta name=\"robots\" content=\"index, follow, max-snippet:-1, max-image-preview:large, max-video-preview:-1\" \/>\n<link rel=\"canonical\" href=\"https:\/\/www.suno.com.br\/noticias\/agenda-do-dia-jbs-lojas-americanas-cielo-renner-embraer\/\" \/>\n<meta property=\"og:locale\" content=\"pt_BR\" \/>\n<meta property=\"og:type\" content=\"article\" \/>\n<meta property=\"og:title\" content=\"Agenda do Dia: JBS; Renner; Lojas Americanas; Cielo; Embraer\" \/>\n<meta property=\"og:description\" content=\"Agenda do Dia: neg\u00f3cio da JBS nos EUA; deb\u00eantures da Renner; comit\u00ea de crise da Lojas Americanas; Cielo; Embraer. Clique e saiba mais.\" \/>\n<meta property=\"og:url\" content=\"https:\/\/www.suno.com.br\/noticias\/agenda-do-dia-jbs-lojas-americanas-cielo-renner-embraer\/\" \/>\n<meta property=\"og:site_name\" content=\"Suno Not\u00edcias\" \/>\n<meta property=\"article:publisher\" content=\"https:\/\/facebook.com\/sunoresearch\" \/>\n<meta property=\"og:image\" content=\"https:\/\/files.sunoresearch.com.br\/n\/uploads\/2019\/08\/31692225-jbs.jpeg\" \/>\n\t<meta property=\"og:image:width\" content=\"1920\" \/>\n\t<meta property=\"og:image:height\" content=\"1000\" \/>\n\t<meta property=\"og:image:type\" content=\"image\/jpeg\" \/>\n<meta name=\"author\" content=\"Juliano Passaro\" \/>\n<meta name=\"twitter:card\" content=\"summary_large_image\" \/>\n<meta name=\"twitter:creator\" content=\"@sunoresearch\" \/>\n<meta name=\"twitter:site\" content=\"@sunoresearch\" \/>\n<meta name=\"twitter:label1\" content=\"Escrito por\" \/>\n\t<meta name=\"twitter:data1\" content=\"Juliano Passaro\" \/>\n\t<meta name=\"twitter:label2\" content=\"Est. tempo de leitura\" \/>\n\t<meta name=\"twitter:data2\" content=\"3 minutos\" \/>\n<script type=\"application\/ld+json\" class=\"yoast-schema-graph\">{\"@context\":\"https:\/\/schema.org\",\"@graph\":[{\"@type\":\"NewsArticle\",\"@id\":\"https:\/\/www.suno.com.br\/noticias\/agenda-do-dia-jbs-lojas-americanas-cielo-renner-embraer\/#article\",\"isPartOf\":{\"@id\":\"https:\/\/www.suno.com.br\/noticias\/agenda-do-dia-jbs-lojas-americanas-cielo-renner-embraer\/\"},\"author\":{\"name\":\"Juliano Passaro\",\"@id\":\"https:\/\/www.suno.com.br\/noticias\/#\/schema\/person\/1db762f78ffd8919a648a63e425953e3\"},\"headline\":\"Agenda do Dia: JBS; Renner; Lojas Americanas; Cielo; Embraer\",\"datePublished\":\"2020-04-07T11:36:38+00:00\",\"dateModified\":\"2021-06-14T03:28:03+00:00\",\"mainEntityOfPage\":{\"@id\":\"https:\/\/www.suno.com.br\/noticias\/agenda-do-dia-jbs-lojas-americanas-cielo-renner-embraer\/\"},\"wordCount\":534,\"publisher\":{\"@id\":\"https:\/\/www.suno.com.br\/noticias\/#organization\"},\"image\":{\"@id\":\"https:\/\/www.suno.com.br\/noticias\/agenda-do-dia-jbs-lojas-americanas-cielo-renner-embraer\/#primaryimage\"},\"thumbnailUrl\":\"https:\/\/files.sunoresearch.com.br\/n\/uploads\/2019\/08\/31692225-jbs-jpeg.webp\",\"keywords\":[\"agenda do dia\",\"Cielo (CIEL3)\",\"JBS (JBSS3)\",\"Lojas Americanas (LAME3\/LAME4)\"],\"articleSection\":[\"Neg\u00f3cios\"],\"inLanguage\":\"pt-BR\"},{\"@type\":\"WebPage\",\"@id\":\"https:\/\/www.suno.com.br\/noticias\/agenda-do-dia-jbs-lojas-americanas-cielo-renner-embraer\/\",\"url\":\"https:\/\/www.suno.com.br\/noticias\/agenda-do-dia-jbs-lojas-americanas-cielo-renner-embraer\/\",\"name\":\"Agenda do Dia: JBS; Renner; Lojas Americanas; Cielo; Embraer\",\"isPartOf\":{\"@id\":\"https:\/\/www.suno.com.br\/noticias\/#website\"},\"primaryImageOfPage\":{\"@id\":\"https:\/\/www.suno.com.br\/noticias\/agenda-do-dia-jbs-lojas-americanas-cielo-renner-embraer\/#primaryimage\"},\"image\":{\"@id\":\"https:\/\/www.suno.com.br\/noticias\/agenda-do-dia-jbs-lojas-americanas-cielo-renner-embraer\/#primaryimage\"},\"thumbnailUrl\":\"https:\/\/files.sunoresearch.com.br\/n\/uploads\/2019\/08\/31692225-jbs-jpeg.webp\",\"datePublished\":\"2020-04-07T11:36:38+00:00\",\"dateModified\":\"2021-06-14T03:28:03+00:00\",\"description\":\"Agenda do Dia: neg\u00f3cio da JBS nos EUA; deb\u00eantures da Renner; comit\u00ea de crise da Lojas Americanas; Cielo; Embraer. Clique e saiba mais.\",\"breadcrumb\":{\"@id\":\"https:\/\/www.suno.com.br\/noticias\/agenda-do-dia-jbs-lojas-americanas-cielo-renner-embraer\/#breadcrumb\"},\"inLanguage\":\"pt-BR\",\"potentialAction\":[{\"@type\":\"ReadAction\",\"target\":[\"https:\/\/www.suno.com.br\/noticias\/agenda-do-dia-jbs-lojas-americanas-cielo-renner-embraer\/\"]}]},{\"@type\":\"ImageObject\",\"inLanguage\":\"pt-BR\",\"@id\":\"https:\/\/www.suno.com.br\/noticias\/agenda-do-dia-jbs-lojas-americanas-cielo-renner-embraer\/#primaryimage\",\"url\":\"https:\/\/files.sunoresearch.com.br\/n\/uploads\/2019\/08\/31692225-jbs-jpeg.webp\",\"contentUrl\":\"https:\/\/files.sunoresearch.com.br\/n\/uploads\/2019\/08\/31692225-jbs-jpeg.webp\",\"width\":1920,\"height\":1000,\"caption\":\"JBS (JBSS32). Foto: Divulga\u00e7\u00e3o\"},{\"@type\":\"BreadcrumbList\",\"@id\":\"https:\/\/www.suno.com.br\/noticias\/agenda-do-dia-jbs-lojas-americanas-cielo-renner-embraer\/#breadcrumb\",\"itemListElement\":[{\"@type\":\"ListItem\",\"position\":1,\"name\":\"Not\u00edcias\",\"item\":\"https:\/\/www.suno.com.br\/noticias\/\"},{\"@type\":\"ListItem\",\"position\":2,\"name\":\"Neg\u00f3cios\",\"item\":\"https:\/\/www.suno.com.br\/noticias\/negocios\/\"},{\"@type\":\"ListItem\",\"position\":3,\"name\":\"Agenda do Dia: JBS; Renner; Lojas Americanas; Cielo; Embraer\"}]},{\"@type\":\"WebSite\",\"@id\":\"https:\/\/www.suno.com.br\/noticias\/#website\",\"url\":\"https:\/\/www.suno.com.br\/noticias\/\",\"name\":\"Suno Not\u00edcias\",\"description\":\"Seu portal de informa\u00e7\u00e3o sobre o mundo dos investimentos\",\"publisher\":{\"@id\":\"https:\/\/www.suno.com.br\/noticias\/#organization\"},\"potentialAction\":[{\"@type\":\"SearchAction\",\"target\":{\"@type\":\"EntryPoint\",\"urlTemplate\":\"https:\/\/www.suno.com.br\/noticias\/?s={search_term_string}\"},\"query-input\":{\"@type\":\"PropertyValueSpecification\",\"valueRequired\":true,\"valueName\":\"search_term_string\"}}],\"inLanguage\":\"pt-BR\"},{\"@type\":\"Organization\",\"@id\":\"https:\/\/www.suno.com.br\/noticias\/#organization\",\"name\":\"Suno Not\u00edcias\",\"url\":\"https:\/\/www.suno.com.br\/noticias\/\",\"logo\":{\"@type\":\"ImageObject\",\"inLanguage\":\"pt-BR\",\"@id\":\"https:\/\/www.suno.com.br\/noticias\/#\/schema\/logo\/image\/\",\"url\":\"https:\/\/files.sunoresearch.com.br\/n\/uploads\/2021\/09\/suno-logo.png\",\"contentUrl\":\"https:\/\/files.sunoresearch.com.br\/n\/uploads\/2021\/09\/suno-logo.png\",\"width\":180,\"height\":180,\"caption\":\"Suno Not\u00edcias\"},\"image\":{\"@id\":\"https:\/\/www.suno.com.br\/noticias\/#\/schema\/logo\/image\/\"},\"sameAs\":[\"https:\/\/facebook.com\/sunoresearch\",\"https:\/\/x.com\/sunoresearch\",\"https:\/\/www.instagram.com\/suno\",\"https:\/\/www.linkedin.com\/company\/suno-research\/\",\"https:\/\/www.youtube.com\/c\/sunoresearch\"]},{\"@type\":\"Person\",\"@id\":\"https:\/\/www.suno.com.br\/noticias\/#\/schema\/person\/1db762f78ffd8919a648a63e425953e3\",\"name\":\"Juliano Passaro\",\"image\":{\"@type\":\"ImageObject\",\"inLanguage\":\"pt-BR\",\"@id\":\"https:\/\/www.suno.com.br\/noticias\/#\/schema\/person\/image\/\",\"url\":\"https:\/\/secure.gravatar.com\/avatar\/743d4df28eebf6dcc46b4ad03c319e92?s=96&r=g\",\"contentUrl\":\"https:\/\/secure.gravatar.com\/avatar\/743d4df28eebf6dcc46b4ad03c319e92?s=96&r=g\",\"caption\":\"Juliano Passaro\"},\"description\":\"Juliano Passaro escreve sobre pol\u00edtica, economia e neg\u00f3cios para o portal da Suno Research. Antes da Suno, trabalhou no Portal da Band. \u00c9 formado em jornalismo pela Universidade Presbiteriana Mackenzie.\",\"url\":\"https:\/\/www.suno.com.br\/noticias\/author\/juliano\/\"}]}<\/script>\n<!-- \/ Yoast SEO plugin. -->","yoast_head_json":{"title":"Agenda do Dia: JBS; Renner; Lojas Americanas; Cielo; Embraer","description":"Agenda do Dia: neg\u00f3cio da JBS nos EUA; deb\u00eantures da Renner; comit\u00ea de crise da Lojas Americanas; Cielo; Embraer. Clique e saiba mais.","robots":{"index":"index","follow":"follow","max-snippet":"max-snippet:-1","max-image-preview":"max-image-preview:large","max-video-preview":"max-video-preview:-1"},"canonical":"https:\/\/www.suno.com.br\/noticias\/agenda-do-dia-jbs-lojas-americanas-cielo-renner-embraer\/","og_locale":"pt_BR","og_type":"article","og_title":"Agenda do Dia: JBS; Renner; Lojas Americanas; Cielo; Embraer","og_description":"Agenda do Dia: neg\u00f3cio da JBS nos EUA; deb\u00eantures da Renner; comit\u00ea de crise da Lojas Americanas; Cielo; Embraer. Clique e saiba mais.","og_url":"https:\/\/www.suno.com.br\/noticias\/agenda-do-dia-jbs-lojas-americanas-cielo-renner-embraer\/","og_site_name":"Suno Not\u00edcias","article_publisher":"https:\/\/facebook.com\/sunoresearch","og_image":[{"width":1920,"height":1000,"url":"https:\/\/files.sunoresearch.com.br\/n\/uploads\/2019\/08\/31692225-jbs.jpeg","type":"image\/jpeg"}],"author":"Juliano Passaro","twitter_card":"summary_large_image","twitter_creator":"@sunoresearch","twitter_site":"@sunoresearch","twitter_misc":{"Escrito por":"Juliano Passaro","Est. tempo de leitura":"3 minutos"},"schema":{"@context":"https:\/\/schema.org","@graph":[{"@type":"NewsArticle","@id":"https:\/\/www.suno.com.br\/noticias\/agenda-do-dia-jbs-lojas-americanas-cielo-renner-embraer\/#article","isPartOf":{"@id":"https:\/\/www.suno.com.br\/noticias\/agenda-do-dia-jbs-lojas-americanas-cielo-renner-embraer\/"},"author":{"name":"Juliano Passaro","@id":"https:\/\/www.suno.com.br\/noticias\/#\/schema\/person\/1db762f78ffd8919a648a63e425953e3"},"headline":"Agenda do Dia: JBS; Renner; Lojas Americanas; Cielo; Embraer","datePublished":"2020-04-07T11:36:38+00:00","dateModified":"2021-06-14T03:28:03+00:00","mainEntityOfPage":{"@id":"https:\/\/www.suno.com.br\/noticias\/agenda-do-dia-jbs-lojas-americanas-cielo-renner-embraer\/"},"wordCount":534,"publisher":{"@id":"https:\/\/www.suno.com.br\/noticias\/#organization"},"image":{"@id":"https:\/\/www.suno.com.br\/noticias\/agenda-do-dia-jbs-lojas-americanas-cielo-renner-embraer\/#primaryimage"},"thumbnailUrl":"https:\/\/files.sunoresearch.com.br\/n\/uploads\/2019\/08\/31692225-jbs-jpeg.webp","keywords":["agenda do dia","Cielo (CIEL3)","JBS (JBSS3)","Lojas Americanas (LAME3\/LAME4)"],"articleSection":["Neg\u00f3cios"],"inLanguage":"pt-BR"},{"@type":"WebPage","@id":"https:\/\/www.suno.com.br\/noticias\/agenda-do-dia-jbs-lojas-americanas-cielo-renner-embraer\/","url":"https:\/\/www.suno.com.br\/noticias\/agenda-do-dia-jbs-lojas-americanas-cielo-renner-embraer\/","name":"Agenda do Dia: JBS; Renner; Lojas Americanas; Cielo; Embraer","isPartOf":{"@id":"https:\/\/www.suno.com.br\/noticias\/#website"},"primaryImageOfPage":{"@id":"https:\/\/www.suno.com.br\/noticias\/agenda-do-dia-jbs-lojas-americanas-cielo-renner-embraer\/#primaryimage"},"image":{"@id":"https:\/\/www.suno.com.br\/noticias\/agenda-do-dia-jbs-lojas-americanas-cielo-renner-embraer\/#primaryimage"},"thumbnailUrl":"https:\/\/files.sunoresearch.com.br\/n\/uploads\/2019\/08\/31692225-jbs-jpeg.webp","datePublished":"2020-04-07T11:36:38+00:00","dateModified":"2021-06-14T03:28:03+00:00","description":"Agenda do Dia: neg\u00f3cio da JBS nos EUA; deb\u00eantures da Renner; comit\u00ea de crise da Lojas Americanas; Cielo; Embraer. Clique e saiba mais.","breadcrumb":{"@id":"https:\/\/www.suno.com.br\/noticias\/agenda-do-dia-jbs-lojas-americanas-cielo-renner-embraer\/#breadcrumb"},"inLanguage":"pt-BR","potentialAction":[{"@type":"ReadAction","target":["https:\/\/www.suno.com.br\/noticias\/agenda-do-dia-jbs-lojas-americanas-cielo-renner-embraer\/"]}]},{"@type":"ImageObject","inLanguage":"pt-BR","@id":"https:\/\/www.suno.com.br\/noticias\/agenda-do-dia-jbs-lojas-americanas-cielo-renner-embraer\/#primaryimage","url":"https:\/\/files.sunoresearch.com.br\/n\/uploads\/2019\/08\/31692225-jbs-jpeg.webp","contentUrl":"https:\/\/files.sunoresearch.com.br\/n\/uploads\/2019\/08\/31692225-jbs-jpeg.webp","width":1920,"height":1000,"caption":"JBS (JBSS32). Foto: Divulga\u00e7\u00e3o"},{"@type":"BreadcrumbList","@id":"https:\/\/www.suno.com.br\/noticias\/agenda-do-dia-jbs-lojas-americanas-cielo-renner-embraer\/#breadcrumb","itemListElement":[{"@type":"ListItem","position":1,"name":"Not\u00edcias","item":"https:\/\/www.suno.com.br\/noticias\/"},{"@type":"ListItem","position":2,"name":"Neg\u00f3cios","item":"https:\/\/www.suno.com.br\/noticias\/negocios\/"},{"@type":"ListItem","position":3,"name":"Agenda do Dia: JBS; Renner; Lojas Americanas; Cielo; Embraer"}]},{"@type":"WebSite","@id":"https:\/\/www.suno.com.br\/noticias\/#website","url":"https:\/\/www.suno.com.br\/noticias\/","name":"Suno Not\u00edcias","description":"Seu portal de informa\u00e7\u00e3o sobre o mundo dos investimentos","publisher":{"@id":"https:\/\/www.suno.com.br\/noticias\/#organization"},"potentialAction":[{"@type":"SearchAction","target":{"@type":"EntryPoint","urlTemplate":"https:\/\/www.suno.com.br\/noticias\/?s={search_term_string}"},"query-input":{"@type":"PropertyValueSpecification","valueRequired":true,"valueName":"search_term_string"}}],"inLanguage":"pt-BR"},{"@type":"Organization","@id":"https:\/\/www.suno.com.br\/noticias\/#organization","name":"Suno Not\u00edcias","url":"https:\/\/www.suno.com.br\/noticias\/","logo":{"@type":"ImageObject","inLanguage":"pt-BR","@id":"https:\/\/www.suno.com.br\/noticias\/#\/schema\/logo\/image\/","url":"https:\/\/files.sunoresearch.com.br\/n\/uploads\/2021\/09\/suno-logo.png","contentUrl":"https:\/\/files.sunoresearch.com.br\/n\/uploads\/2021\/09\/suno-logo.png","width":180,"height":180,"caption":"Suno Not\u00edcias"},"image":{"@id":"https:\/\/www.suno.com.br\/noticias\/#\/schema\/logo\/image\/"},"sameAs":["https:\/\/facebook.com\/sunoresearch","https:\/\/x.com\/sunoresearch","https:\/\/www.instagram.com\/suno","https:\/\/www.linkedin.com\/company\/suno-research\/","https:\/\/www.youtube.com\/c\/sunoresearch"]},{"@type":"Person","@id":"https:\/\/www.suno.com.br\/noticias\/#\/schema\/person\/1db762f78ffd8919a648a63e425953e3","name":"Juliano Passaro","image":{"@type":"ImageObject","inLanguage":"pt-BR","@id":"https:\/\/www.suno.com.br\/noticias\/#\/schema\/person\/image\/","url":"https:\/\/secure.gravatar.com\/avatar\/743d4df28eebf6dcc46b4ad03c319e92?s=96&r=g","contentUrl":"https:\/\/secure.gravatar.com\/avatar\/743d4df28eebf6dcc46b4ad03c319e92?s=96&r=g","caption":"Juliano Passaro"},"description":"Juliano Passaro escreve sobre pol\u00edtica, economia e neg\u00f3cios para o portal da Suno Research. Antes da Suno, trabalhou no Portal da Band. \u00c9 formado em jornalismo pela Universidade Presbiteriana Mackenzie.","url":"https:\/\/www.suno.com.br\/noticias\/author\/juliano\/"}]}},"default_loop_html":"<div class=\"cardsPage__listCard__boxs\"><div class=\"cardsPage__listCard__boxs__img\"><a href=\"https:\/\/www.suno.com.br\/noticias\/agenda-do-dia-jbs-lojas-americanas-cielo-renner-embraer\/\"><img class=\"mask\" src=\"https:\/\/www.suno.com.br\/noticias\/wp-content\/themes\/suno\/resources\/images\/spotlight\/spotlight1img\/bg-mask.png\" alt=\"Image Mask\"\/><img src=\"https:\/\/files.sunoresearch.com.br\/n\/uploads\/2019\/08\/31692225-jbs-400x200.webp\" alt=\"Agenda do Dia: JBS; Renner; Lojas Americanas; Cielo; Embraer\"\/><\/a><span class=\"spotlightCategory\"><a href=\"https:\/\/www.suno.com.br\/noticias\/negocios\/\">Neg\u00f3cios<\/a><\/span><\/div><div class=\"cardsPage__listCard__boxs__content\"><a href=\"https:\/\/www.suno.com.br\/noticias\/agenda-do-dia-jbs-lojas-americanas-cielo-renner-embraer\/\"><h2 class=\"content__title\">Agenda do Dia: JBS; Renner; Lojas Americanas; Cielo; Embraer<\/h2><\/a><div class=\"newsContent__article__meta\"><div class=\"newsContent__article__meta__authorBox\"><a href=\"https:\/\/www.suno.com.br\/noticias\/author\/juliano\/\" class=\"authorBox__avatar noMobi\"><img src=\"https:\/\/files.sunoresearch.com.br\/n\/uploads\/2019\/06\/7cc3efea-whatsapp-image-2019-07-18-at-21.59.33-e1563499821209-150x150.webp\" alt=\"Juliano Passaro\"><\/a><div class=\"authorBox__name\"><span>por\n\t\t\t<a href=\"https:\/\/www.suno.com.br\/noticias\/author\/juliano\/\"><span itemprop=\"author\">Juliano Passaro<\/span><\/a><\/span><time datetime=\"2020-04-07T08:36:38-03:00\" itemprop=\"datePublished\">07\/04\/2020 08:36<\/time><\/div><\/div><\/div><\/div><\/div>","single_layout":"posts","amp_enabled":true,"_links":{"self":[{"href":"https:\/\/www.suno.com.br\/noticias\/wp-json\/wp\/v2\/posts\/60697"}],"collection":[{"href":"https:\/\/www.suno.com.br\/noticias\/wp-json\/wp\/v2\/posts"}],"about":[{"href":"https:\/\/www.suno.com.br\/noticias\/wp-json\/wp\/v2\/types\/post"}],"author":[{"embeddable":true,"href":"https:\/\/www.suno.com.br\/noticias\/wp-json\/wp\/v2\/users\/19"}],"replies":[{"embeddable":true,"href":"https:\/\/www.suno.com.br\/noticias\/wp-json\/wp\/v2\/comments?post=60697"}],"version-history":[{"count":1,"href":"https:\/\/www.suno.com.br\/noticias\/wp-json\/wp\/v2\/posts\/60697\/revisions"}],"predecessor-version":[{"id":157614,"href":"https:\/\/www.suno.com.br\/noticias\/wp-json\/wp\/v2\/posts\/60697\/revisions\/157614"}],"wp:featuredmedia":[{"embeddable":true,"href":"https:\/\/www.suno.com.br\/noticias\/wp-json\/wp\/v2\/media\/34192"}],"wp:attachment":[{"href":"https:\/\/www.suno.com.br\/noticias\/wp-json\/wp\/v2\/media?parent=60697"}],"wp:term":[{"taxonomy":"category","embeddable":true,"href":"https:\/\/www.suno.com.br\/noticias\/wp-json\/wp\/v2\/categories?post=60697"},{"taxonomy":"post_tag","embeddable":true,"href":"https:\/\/www.suno.com.br\/noticias\/wp-json\/wp\/v2\/tags?post=60697"},{"taxonomy":"suno_strategy","embeddable":true,"href":"https:\/\/www.suno.com.br\/noticias\/wp-json\/wp\/v2\/suno_strategy?post=60697"}],"curies":[{"name":"wp","href":"https:\/\/api.w.org\/{rel}","templated":true}]}}