{"id":60693,"date":"2020-04-07T07:07:04","date_gmt":"2020-04-07T10:07:04","guid":{"rendered":"https:\/\/www.suno.com.br\/noticias\/?p=60693"},"modified":"2020-04-07T07:07:49","modified_gmt":"2020-04-07T10:07:49","slug":"cielo-ciel3-cancela-assembleia-geral-coronavirus","status":"publish","type":"post","link":"https:\/\/www.suno.com.br\/noticias\/cielo-ciel3-cancela-assembleia-geral-coronavirus\/","title":{"rendered":"Cielo (CIEL3) cancela assembleia geral por conta do avan\u00e7o do coronav\u00edrus"},"content":{"rendered":"<p>A <a href=\"https:\/\/www.suno.com.br\/acoes\/ciel3\/\"><strong>Cielo<\/strong> (CIEL3)<\/a> informou ao mercado, por meio de um fato relevante, que devido ao cen\u00e1rio de evolu\u00e7\u00e3o da pandemia de <a href=\"https:\/\/www.suno.com.br\/noticias\/tags\/coronavirus\/\"><strong>coronav\u00edrus (Covid-19)<\/strong><\/a>, o <a href=\"https:\/\/www.suno.com.br\/artigos\/conselho-administracao\/\">conselho de administra\u00e7\u00e3o<\/a> da empresa decidiu cancelar as assembleias gerais ordin\u00e1ria e extraordin\u00e1ria. Os eventos estavam marcados para o dia 17 de abril. As informa\u00e7\u00f5es foram comunicadas na \u00faltima segunda-feira (6).<\/p>\t<div class=\"wrapper-featured-image\">\n\t\t<figure class=\"spotlightImg\">\n\n\t\t\t<picture>\n\t\t\t\t<source media=\"(max-width: 768px)\" srcset=\"https:\/\/files.sunoresearch.com.br\/n\/uploads\/2019\/04\/34b840a9-cielo-divulga\u00e7\u00e3o-corte-blog-400x200.webp\">\n\t\t\t\t<img loading=\"lazy\" decoding=\"async\" class=\"newsContent__article__imgCapa lazyloadDisabled newsContent__article__imgCapa--noCaption\" src=\"https:\/\/files.sunoresearch.com.br\/n\/uploads\/2019\/04\/34b840a9-cielo-divulga\u00e7\u00e3o-corte-blog-jpg.webp\" width=\"800\" height=\"450\" alt=\"Cielo (CIEL3) cancela assembleia geral por conta do avan\u00e7o do coronav\u00edrus\" fetchpriority=high \/>\n\t\t\t<\/picture>\n\n\t\t\t<figcaption class=\"wp-caption-text wp-caption-text--hide\">Cielo (divulga\u00e7\u00e3o)<\/figcaption>\n\t\t<\/figure>\n\t<\/div>\n\n\n\n<p>A Cielo informou que a decis\u00e3o foi tomada com o intuito de preservar a sa\u00fade e a integridade de seus acionistas, colaboradores e a comunidade em que atua, estando de acordo com as recomenda\u00e7\u00f5es da <strong>Organiza\u00e7\u00e3o Mundial da Sa\u00fade (OMS)<\/strong> e das autoridades brasileiras.<\/p>\n<p><a href=\"https:\/\/www.suno.com.br\/nossas-assinaturas\/suno-premium\/\">Bolsa em queda livre!? Aproveita as maiores oportunidades da bolsa brasileira com nosso acesso Suno Premium<\/a><\/p>\n<p>&#8220;O Conselho de Administra\u00e7\u00e3o segue monitorando o tema e, oportunamente, deliberar\u00e1 sobre a nova data para realiza\u00e7\u00e3o das Assembleias, ora canceladas, em conformidade com os prazos previstos na legisla\u00e7\u00e3o e na regulamenta\u00e7\u00e3o&#8221;, informou a companhia.<\/p>\n\t<p>\n\t\t<a href=\"https:\/\/lp.suno.com.br\/asset\/fundos\/suno-fiagro-snag11\/\" target=\"_blank\" data-element=\"shortcode-suno-banner\" title=\"Banner SUNO, clique e saiba mais\">\n\t\t\t<picture>\n\t\t\t\t<source media=\"(max-width: 500px)\" srcset=\"https:\/\/files.sunoresearch.com.br\/n\/uploads\/2024\/03\/400x300-Mobile-Artigos-1_SNAG.png\">\n\t\t\t\t<img class=\"newsContent__article__imgCapa newsContent__article__imgCapa--banner\"\n\t\t\t\t\tsrc=\"https:\/\/files.sunoresearch.com.br\/n\/uploads\/2024\/03\/1420x240-Banner-Artigos-1-_-Banner-Materias-1_SNAG.png\"\n\t\t\t\t\tdata-promo-id=\"364416\"\t\t\t\t\t\t\t\t\t\twidth='1420' height='240'\t\t\t\t\talt=\"https:\/\/files.sunoresearch.com.br\/n\/uploads\/2024\/03\/1420x240-Banner-Artigos-1-_-Banner-Materias-1_SNAG.png\"\n\t\t\t\t>\n\t\t\t<\/picture>\n\t\t<\/a>\n\t<\/p>\n\n\n<h2>Acordo da Cielo para possibilitar compra de bitcoins via cart\u00e3o de cr\u00e9dito<\/h2>\n<p>A Cielo anunciou um acordo, no \u00faltimo s\u00e1bado (4), que torna poss\u00edvel a compra de <a href=\"https:\/\/www.suno.com.br\/artigos\/btc\/\">bitcoins<\/a> por meio de cart\u00f5es de cr\u00e9dito. As opera\u00e7\u00f5es s\u00e3o realizadas com a tecnologia da Bitfy e a companhia de servi\u00e7os financeiros.<\/p>\n<p>Atualmente, j\u00e1 \u00e9 poss\u00edvel realizar a compra de <strong>bitcoin<\/strong> por meio de transfer\u00eancia banc\u00e1ria<strong>, <\/strong>onde o cliente paga uma taxa de 1,5% pelo servi\u00e7o. No caso do <strong>cart\u00e3o de cr\u00e9dito<\/strong>, a taxa subir\u00e1 para 6%, devido aos gastos investidos para manter o fluxo de opera\u00e7\u00f5es.<\/p>\n<p>&#8220;O diferencial \u00e9 que, hoje, o cliente s\u00f3 pode comprar a <strong>critomoeda<\/strong> em hor\u00e1rio comercial, pagando na hora. No cart\u00e3o de cr\u00e9dito, ele poder\u00e1 comprar, 24 horas por dia, 7 dias por semana e pagar no vencimento da fatura&#8221;, detalhou o CEO da <strong>Bitfy<\/strong>, em mat\u00e9ria publicada pelo jornal &#8220;Valor Econ\u00f4mico&#8221; .<\/p>\n<p>A opera\u00e7\u00e3o foi possibilitada pelo desenvolvimento do 3DS.20. O protocolo traz mais seguran\u00e7a para transa\u00e7\u00f5es realizadas com cart\u00f5es feitos a dist\u00e2ncia, como pela internet. Com o desenvolvimento dessa ferramenta, \u00e9 poss\u00edvel coletar um maior volume de informa\u00e7\u00f5es do cliente no momento da opera\u00e7\u00e3o.<\/p>\n<p>Vale destacar que n\u00e3o s\u00e3o todos os cart\u00f5es de cr\u00e9dito que est\u00e3o habilitados para opera\u00e7\u00f5es na plataforma da <strong>Cielo.<\/strong> Por enquanto, o servi\u00e7o est\u00e1 autorizado para: Bradesco, Banco do Brasil, Nubank e Banco Neon. A expectativa \u00e9 de que at\u00e9 at\u00e9 o final do m\u00eas de abril todos os cart\u00f5es de cr\u00e9dito estejam habilitados.<\/p>\n\n","protected":false},"excerpt":{"rendered":"<p>A Cielo (CIEL3) informou ao mercado, por meio de um fato relevante, que devido ao cen\u00e1rio de evolu\u00e7\u00e3o da pandemia de coronav\u00edrus (Covid-19), o conselho de administra\u00e7\u00e3o da empresa decidiu cancelar as assembleias gerais ordin\u00e1ria e extraordin\u00e1ria. Os eventos estavam marcados para o dia 17 de abril. As informa\u00e7\u00f5es foram comunicadas na \u00faltima segunda-feira (6). [&hellip;]<\/p>\n","protected":false},"author":19,"featured_media":21570,"comment_status":"closed","ping_status":"closed","sticky":false,"template":"","format":"standard","meta":[],"categories":[64],"tags":[423],"suno_strategy":[],"class_list":["post-60693","post","type-post","status-publish","format-standard","has-post-thumbnail","hentry","category-negocios","tag-cielo-ciel3"],"yoast_head":"<!-- This site is optimized with the Yoast SEO plugin v24.4 - https:\/\/yoast.com\/wordpress\/plugins\/seo\/ -->\n<title>Cielo (CIEL3) cancela assembleia geral por conta do coronav\u00edrus<\/title>\n<meta name=\"description\" content=\"A Cielo informou que, devido a evolu\u00e7\u00e3o da pandemia de coronav\u00edrus, decidiu cancelar as assembleias gerais ordin\u00e1ria e extraordin\u00e1ria.\" \/>\n<meta name=\"robots\" content=\"index, follow, max-snippet:-1, max-image-preview:large, max-video-preview:-1\" \/>\n<link rel=\"canonical\" href=\"https:\/\/www.suno.com.br\/noticias\/cielo-ciel3-cancela-assembleia-geral-coronavirus\/\" \/>\n<meta property=\"og:locale\" content=\"pt_BR\" \/>\n<meta property=\"og:type\" content=\"article\" \/>\n<meta property=\"og:title\" content=\"Cielo (CIEL3) cancela assembleia geral por conta do coronav\u00edrus\" \/>\n<meta property=\"og:description\" content=\"A Cielo informou que, devido a evolu\u00e7\u00e3o da pandemia de coronav\u00edrus, decidiu cancelar as assembleias gerais ordin\u00e1ria e extraordin\u00e1ria.\" \/>\n<meta property=\"og:url\" content=\"https:\/\/www.suno.com.br\/noticias\/cielo-ciel3-cancela-assembleia-geral-coronavirus\/\" \/>\n<meta property=\"og:site_name\" content=\"Suno Not\u00edcias\" \/>\n<meta property=\"article:publisher\" content=\"https:\/\/facebook.com\/sunoresearch\" \/>\n<meta property=\"og:image\" content=\"https:\/\/files.sunoresearch.com.br\/n\/uploads\/2019\/04\/34b840a9-cielo-divulga\u00e7\u00e3o-corte-blog.jpg\" \/>\n\t<meta property=\"og:image:width\" content=\"748\" \/>\n\t<meta property=\"og:image:height\" content=\"410\" \/>\n\t<meta property=\"og:image:type\" content=\"image\/jpeg\" \/>\n<meta name=\"author\" content=\"Juliano Passaro\" \/>\n<meta name=\"twitter:card\" content=\"summary_large_image\" \/>\n<meta name=\"twitter:creator\" content=\"@sunoresearch\" \/>\n<meta name=\"twitter:site\" content=\"@sunoresearch\" \/>\n<meta name=\"twitter:label1\" content=\"Escrito por\" \/>\n\t<meta name=\"twitter:data1\" content=\"Juliano Passaro\" \/>\n\t<meta name=\"twitter:label2\" content=\"Est. tempo de leitura\" \/>\n\t<meta name=\"twitter:data2\" content=\"2 minutos\" \/>\n<script type=\"application\/ld+json\" class=\"yoast-schema-graph\">{\"@context\":\"https:\/\/schema.org\",\"@graph\":[{\"@type\":\"NewsArticle\",\"@id\":\"https:\/\/www.suno.com.br\/noticias\/cielo-ciel3-cancela-assembleia-geral-coronavirus\/#article\",\"isPartOf\":{\"@id\":\"https:\/\/www.suno.com.br\/noticias\/cielo-ciel3-cancela-assembleia-geral-coronavirus\/\"},\"author\":{\"name\":\"Juliano Passaro\",\"@id\":\"https:\/\/www.suno.com.br\/noticias\/#\/schema\/person\/1db762f78ffd8919a648a63e425953e3\"},\"headline\":\"Cielo (CIEL3) cancela assembleia geral por conta do avan\u00e7o do coronav\u00edrus\",\"datePublished\":\"2020-04-07T10:07:04+00:00\",\"dateModified\":\"2020-04-07T10:07:49+00:00\",\"mainEntityOfPage\":{\"@id\":\"https:\/\/www.suno.com.br\/noticias\/cielo-ciel3-cancela-assembleia-geral-coronavirus\/\"},\"wordCount\":460,\"publisher\":{\"@id\":\"https:\/\/www.suno.com.br\/noticias\/#organization\"},\"image\":{\"@id\":\"https:\/\/www.suno.com.br\/noticias\/cielo-ciel3-cancela-assembleia-geral-coronavirus\/#primaryimage\"},\"thumbnailUrl\":\"https:\/\/files.sunoresearch.com.br\/n\/uploads\/2019\/04\/34b840a9-cielo-divulga\u00e7\u00e3o-corte-blog-jpg.webp\",\"keywords\":[\"Cielo (CIEL3)\"],\"articleSection\":[\"Neg\u00f3cios\"],\"inLanguage\":\"pt-BR\"},{\"@type\":\"WebPage\",\"@id\":\"https:\/\/www.suno.com.br\/noticias\/cielo-ciel3-cancela-assembleia-geral-coronavirus\/\",\"url\":\"https:\/\/www.suno.com.br\/noticias\/cielo-ciel3-cancela-assembleia-geral-coronavirus\/\",\"name\":\"Cielo (CIEL3) cancela assembleia geral por conta do coronav\u00edrus\",\"isPartOf\":{\"@id\":\"https:\/\/www.suno.com.br\/noticias\/#website\"},\"primaryImageOfPage\":{\"@id\":\"https:\/\/www.suno.com.br\/noticias\/cielo-ciel3-cancela-assembleia-geral-coronavirus\/#primaryimage\"},\"image\":{\"@id\":\"https:\/\/www.suno.com.br\/noticias\/cielo-ciel3-cancela-assembleia-geral-coronavirus\/#primaryimage\"},\"thumbnailUrl\":\"https:\/\/files.sunoresearch.com.br\/n\/uploads\/2019\/04\/34b840a9-cielo-divulga\u00e7\u00e3o-corte-blog-jpg.webp\",\"datePublished\":\"2020-04-07T10:07:04+00:00\",\"dateModified\":\"2020-04-07T10:07:49+00:00\",\"description\":\"A Cielo informou que, devido a evolu\u00e7\u00e3o da pandemia de coronav\u00edrus, decidiu cancelar as assembleias gerais ordin\u00e1ria e extraordin\u00e1ria.\",\"breadcrumb\":{\"@id\":\"https:\/\/www.suno.com.br\/noticias\/cielo-ciel3-cancela-assembleia-geral-coronavirus\/#breadcrumb\"},\"inLanguage\":\"pt-BR\",\"potentialAction\":[{\"@type\":\"ReadAction\",\"target\":[\"https:\/\/www.suno.com.br\/noticias\/cielo-ciel3-cancela-assembleia-geral-coronavirus\/\"]}]},{\"@type\":\"ImageObject\",\"inLanguage\":\"pt-BR\",\"@id\":\"https:\/\/www.suno.com.br\/noticias\/cielo-ciel3-cancela-assembleia-geral-coronavirus\/#primaryimage\",\"url\":\"https:\/\/files.sunoresearch.com.br\/n\/uploads\/2019\/04\/34b840a9-cielo-divulga\u00e7\u00e3o-corte-blog-jpg.webp\",\"contentUrl\":\"https:\/\/files.sunoresearch.com.br\/n\/uploads\/2019\/04\/34b840a9-cielo-divulga\u00e7\u00e3o-corte-blog-jpg.webp\",\"width\":748,\"height\":410,\"caption\":\"Cielo (divulga\u00e7\u00e3o)\"},{\"@type\":\"BreadcrumbList\",\"@id\":\"https:\/\/www.suno.com.br\/noticias\/cielo-ciel3-cancela-assembleia-geral-coronavirus\/#breadcrumb\",\"itemListElement\":[{\"@type\":\"ListItem\",\"position\":1,\"name\":\"Not\u00edcias\",\"item\":\"https:\/\/www.suno.com.br\/noticias\/\"},{\"@type\":\"ListItem\",\"position\":2,\"name\":\"Neg\u00f3cios\",\"item\":\"https:\/\/www.suno.com.br\/noticias\/negocios\/\"},{\"@type\":\"ListItem\",\"position\":3,\"name\":\"Cielo (CIEL3) cancela assembleia geral por conta do avan\u00e7o do coronav\u00edrus\"}]},{\"@type\":\"WebSite\",\"@id\":\"https:\/\/www.suno.com.br\/noticias\/#website\",\"url\":\"https:\/\/www.suno.com.br\/noticias\/\",\"name\":\"Suno Not\u00edcias\",\"description\":\"Seu portal de informa\u00e7\u00e3o sobre o mundo dos investimentos\",\"publisher\":{\"@id\":\"https:\/\/www.suno.com.br\/noticias\/#organization\"},\"potentialAction\":[{\"@type\":\"SearchAction\",\"target\":{\"@type\":\"EntryPoint\",\"urlTemplate\":\"https:\/\/www.suno.com.br\/noticias\/?s={search_term_string}\"},\"query-input\":{\"@type\":\"PropertyValueSpecification\",\"valueRequired\":true,\"valueName\":\"search_term_string\"}}],\"inLanguage\":\"pt-BR\"},{\"@type\":\"Organization\",\"@id\":\"https:\/\/www.suno.com.br\/noticias\/#organization\",\"name\":\"Suno Not\u00edcias\",\"url\":\"https:\/\/www.suno.com.br\/noticias\/\",\"logo\":{\"@type\":\"ImageObject\",\"inLanguage\":\"pt-BR\",\"@id\":\"https:\/\/www.suno.com.br\/noticias\/#\/schema\/logo\/image\/\",\"url\":\"https:\/\/files.sunoresearch.com.br\/n\/uploads\/2021\/09\/suno-logo.png\",\"contentUrl\":\"https:\/\/files.sunoresearch.com.br\/n\/uploads\/2021\/09\/suno-logo.png\",\"width\":180,\"height\":180,\"caption\":\"Suno Not\u00edcias\"},\"image\":{\"@id\":\"https:\/\/www.suno.com.br\/noticias\/#\/schema\/logo\/image\/\"},\"sameAs\":[\"https:\/\/facebook.com\/sunoresearch\",\"https:\/\/x.com\/sunoresearch\",\"https:\/\/www.instagram.com\/suno\",\"https:\/\/www.linkedin.com\/company\/suno-research\/\",\"https:\/\/www.youtube.com\/c\/sunoresearch\"]},{\"@type\":\"Person\",\"@id\":\"https:\/\/www.suno.com.br\/noticias\/#\/schema\/person\/1db762f78ffd8919a648a63e425953e3\",\"name\":\"Juliano Passaro\",\"image\":{\"@type\":\"ImageObject\",\"inLanguage\":\"pt-BR\",\"@id\":\"https:\/\/www.suno.com.br\/noticias\/#\/schema\/person\/image\/\",\"url\":\"https:\/\/secure.gravatar.com\/avatar\/743d4df28eebf6dcc46b4ad03c319e92?s=96&r=g\",\"contentUrl\":\"https:\/\/secure.gravatar.com\/avatar\/743d4df28eebf6dcc46b4ad03c319e92?s=96&r=g\",\"caption\":\"Juliano Passaro\"},\"description\":\"Juliano Passaro escreve sobre pol\u00edtica, economia e neg\u00f3cios para o portal da Suno Research. Antes da Suno, trabalhou no Portal da Band. \u00c9 formado em jornalismo pela Universidade Presbiteriana Mackenzie.\",\"url\":\"https:\/\/www.suno.com.br\/noticias\/author\/juliano\/\"}]}<\/script>\n<!-- \/ Yoast SEO plugin. -->","yoast_head_json":{"title":"Cielo (CIEL3) cancela assembleia geral por conta do coronav\u00edrus","description":"A Cielo informou que, devido a evolu\u00e7\u00e3o da pandemia de coronav\u00edrus, decidiu cancelar as assembleias gerais ordin\u00e1ria e extraordin\u00e1ria.","robots":{"index":"index","follow":"follow","max-snippet":"max-snippet:-1","max-image-preview":"max-image-preview:large","max-video-preview":"max-video-preview:-1"},"canonical":"https:\/\/www.suno.com.br\/noticias\/cielo-ciel3-cancela-assembleia-geral-coronavirus\/","og_locale":"pt_BR","og_type":"article","og_title":"Cielo (CIEL3) cancela assembleia geral por conta do coronav\u00edrus","og_description":"A Cielo informou que, devido a evolu\u00e7\u00e3o da pandemia de coronav\u00edrus, decidiu cancelar as assembleias gerais ordin\u00e1ria e extraordin\u00e1ria.","og_url":"https:\/\/www.suno.com.br\/noticias\/cielo-ciel3-cancela-assembleia-geral-coronavirus\/","og_site_name":"Suno Not\u00edcias","article_publisher":"https:\/\/facebook.com\/sunoresearch","og_image":[{"width":748,"height":410,"url":"https:\/\/files.sunoresearch.com.br\/n\/uploads\/2019\/04\/34b840a9-cielo-divulga\u00e7\u00e3o-corte-blog.jpg","type":"image\/jpeg"}],"author":"Juliano Passaro","twitter_card":"summary_large_image","twitter_creator":"@sunoresearch","twitter_site":"@sunoresearch","twitter_misc":{"Escrito por":"Juliano Passaro","Est. tempo de leitura":"2 minutos"},"schema":{"@context":"https:\/\/schema.org","@graph":[{"@type":"NewsArticle","@id":"https:\/\/www.suno.com.br\/noticias\/cielo-ciel3-cancela-assembleia-geral-coronavirus\/#article","isPartOf":{"@id":"https:\/\/www.suno.com.br\/noticias\/cielo-ciel3-cancela-assembleia-geral-coronavirus\/"},"author":{"name":"Juliano Passaro","@id":"https:\/\/www.suno.com.br\/noticias\/#\/schema\/person\/1db762f78ffd8919a648a63e425953e3"},"headline":"Cielo (CIEL3) cancela assembleia geral por conta do avan\u00e7o do coronav\u00edrus","datePublished":"2020-04-07T10:07:04+00:00","dateModified":"2020-04-07T10:07:49+00:00","mainEntityOfPage":{"@id":"https:\/\/www.suno.com.br\/noticias\/cielo-ciel3-cancela-assembleia-geral-coronavirus\/"},"wordCount":460,"publisher":{"@id":"https:\/\/www.suno.com.br\/noticias\/#organization"},"image":{"@id":"https:\/\/www.suno.com.br\/noticias\/cielo-ciel3-cancela-assembleia-geral-coronavirus\/#primaryimage"},"thumbnailUrl":"https:\/\/files.sunoresearch.com.br\/n\/uploads\/2019\/04\/34b840a9-cielo-divulga\u00e7\u00e3o-corte-blog-jpg.webp","keywords":["Cielo (CIEL3)"],"articleSection":["Neg\u00f3cios"],"inLanguage":"pt-BR"},{"@type":"WebPage","@id":"https:\/\/www.suno.com.br\/noticias\/cielo-ciel3-cancela-assembleia-geral-coronavirus\/","url":"https:\/\/www.suno.com.br\/noticias\/cielo-ciel3-cancela-assembleia-geral-coronavirus\/","name":"Cielo (CIEL3) cancela assembleia geral por conta do coronav\u00edrus","isPartOf":{"@id":"https:\/\/www.suno.com.br\/noticias\/#website"},"primaryImageOfPage":{"@id":"https:\/\/www.suno.com.br\/noticias\/cielo-ciel3-cancela-assembleia-geral-coronavirus\/#primaryimage"},"image":{"@id":"https:\/\/www.suno.com.br\/noticias\/cielo-ciel3-cancela-assembleia-geral-coronavirus\/#primaryimage"},"thumbnailUrl":"https:\/\/files.sunoresearch.com.br\/n\/uploads\/2019\/04\/34b840a9-cielo-divulga\u00e7\u00e3o-corte-blog-jpg.webp","datePublished":"2020-04-07T10:07:04+00:00","dateModified":"2020-04-07T10:07:49+00:00","description":"A Cielo informou que, devido a evolu\u00e7\u00e3o da pandemia de coronav\u00edrus, decidiu cancelar as assembleias gerais ordin\u00e1ria e extraordin\u00e1ria.","breadcrumb":{"@id":"https:\/\/www.suno.com.br\/noticias\/cielo-ciel3-cancela-assembleia-geral-coronavirus\/#breadcrumb"},"inLanguage":"pt-BR","potentialAction":[{"@type":"ReadAction","target":["https:\/\/www.suno.com.br\/noticias\/cielo-ciel3-cancela-assembleia-geral-coronavirus\/"]}]},{"@type":"ImageObject","inLanguage":"pt-BR","@id":"https:\/\/www.suno.com.br\/noticias\/cielo-ciel3-cancela-assembleia-geral-coronavirus\/#primaryimage","url":"https:\/\/files.sunoresearch.com.br\/n\/uploads\/2019\/04\/34b840a9-cielo-divulga\u00e7\u00e3o-corte-blog-jpg.webp","contentUrl":"https:\/\/files.sunoresearch.com.br\/n\/uploads\/2019\/04\/34b840a9-cielo-divulga\u00e7\u00e3o-corte-blog-jpg.webp","width":748,"height":410,"caption":"Cielo (divulga\u00e7\u00e3o)"},{"@type":"BreadcrumbList","@id":"https:\/\/www.suno.com.br\/noticias\/cielo-ciel3-cancela-assembleia-geral-coronavirus\/#breadcrumb","itemListElement":[{"@type":"ListItem","position":1,"name":"Not\u00edcias","item":"https:\/\/www.suno.com.br\/noticias\/"},{"@type":"ListItem","position":2,"name":"Neg\u00f3cios","item":"https:\/\/www.suno.com.br\/noticias\/negocios\/"},{"@type":"ListItem","position":3,"name":"Cielo (CIEL3) cancela assembleia geral por conta do avan\u00e7o do coronav\u00edrus"}]},{"@type":"WebSite","@id":"https:\/\/www.suno.com.br\/noticias\/#website","url":"https:\/\/www.suno.com.br\/noticias\/","name":"Suno Not\u00edcias","description":"Seu portal de informa\u00e7\u00e3o sobre o mundo dos investimentos","publisher":{"@id":"https:\/\/www.suno.com.br\/noticias\/#organization"},"potentialAction":[{"@type":"SearchAction","target":{"@type":"EntryPoint","urlTemplate":"https:\/\/www.suno.com.br\/noticias\/?s={search_term_string}"},"query-input":{"@type":"PropertyValueSpecification","valueRequired":true,"valueName":"search_term_string"}}],"inLanguage":"pt-BR"},{"@type":"Organization","@id":"https:\/\/www.suno.com.br\/noticias\/#organization","name":"Suno Not\u00edcias","url":"https:\/\/www.suno.com.br\/noticias\/","logo":{"@type":"ImageObject","inLanguage":"pt-BR","@id":"https:\/\/www.suno.com.br\/noticias\/#\/schema\/logo\/image\/","url":"https:\/\/files.sunoresearch.com.br\/n\/uploads\/2021\/09\/suno-logo.png","contentUrl":"https:\/\/files.sunoresearch.com.br\/n\/uploads\/2021\/09\/suno-logo.png","width":180,"height":180,"caption":"Suno Not\u00edcias"},"image":{"@id":"https:\/\/www.suno.com.br\/noticias\/#\/schema\/logo\/image\/"},"sameAs":["https:\/\/facebook.com\/sunoresearch","https:\/\/x.com\/sunoresearch","https:\/\/www.instagram.com\/suno","https:\/\/www.linkedin.com\/company\/suno-research\/","https:\/\/www.youtube.com\/c\/sunoresearch"]},{"@type":"Person","@id":"https:\/\/www.suno.com.br\/noticias\/#\/schema\/person\/1db762f78ffd8919a648a63e425953e3","name":"Juliano Passaro","image":{"@type":"ImageObject","inLanguage":"pt-BR","@id":"https:\/\/www.suno.com.br\/noticias\/#\/schema\/person\/image\/","url":"https:\/\/secure.gravatar.com\/avatar\/743d4df28eebf6dcc46b4ad03c319e92?s=96&r=g","contentUrl":"https:\/\/secure.gravatar.com\/avatar\/743d4df28eebf6dcc46b4ad03c319e92?s=96&r=g","caption":"Juliano Passaro"},"description":"Juliano Passaro escreve sobre pol\u00edtica, economia e neg\u00f3cios para o portal da Suno Research. Antes da Suno, trabalhou no Portal da Band. \u00c9 formado em jornalismo pela Universidade Presbiteriana Mackenzie.","url":"https:\/\/www.suno.com.br\/noticias\/author\/juliano\/"}]}},"default_loop_html":"<div class=\"cardsPage__listCard__boxs\"><div class=\"cardsPage__listCard__boxs__img\"><a href=\"https:\/\/www.suno.com.br\/noticias\/cielo-ciel3-cancela-assembleia-geral-coronavirus\/\"><img class=\"mask\" src=\"https:\/\/www.suno.com.br\/noticias\/wp-content\/themes\/suno\/resources\/images\/spotlight\/spotlight1img\/bg-mask.png\" alt=\"Image Mask\"\/><img src=\"https:\/\/files.sunoresearch.com.br\/n\/uploads\/2019\/04\/34b840a9-cielo-divulga\u00e7\u00e3o-corte-blog-400x200.webp\" alt=\"Cielo (CIEL3) cancela assembleia geral por conta do avan\u00e7o do coronav\u00edrus\"\/><\/a><span class=\"spotlightCategory\"><a href=\"https:\/\/www.suno.com.br\/noticias\/negocios\/\">Neg\u00f3cios<\/a><\/span><\/div><div class=\"cardsPage__listCard__boxs__content\"><a href=\"https:\/\/www.suno.com.br\/noticias\/cielo-ciel3-cancela-assembleia-geral-coronavirus\/\"><h2 class=\"content__title\">Cielo (CIEL3) cancela assembleia geral por conta do avan\u00e7o do coronav\u00edrus<\/h2><\/a><div class=\"newsContent__article__meta\"><div class=\"newsContent__article__meta__authorBox\"><a href=\"https:\/\/www.suno.com.br\/noticias\/author\/juliano\/\" class=\"authorBox__avatar noMobi\"><img src=\"https:\/\/files.sunoresearch.com.br\/n\/uploads\/2019\/06\/7cc3efea-whatsapp-image-2019-07-18-at-21.59.33-e1563499821209-150x150.webp\" alt=\"Juliano Passaro\"><\/a><div class=\"authorBox__name\"><span>por\n\t\t\t<a href=\"https:\/\/www.suno.com.br\/noticias\/author\/juliano\/\"><span itemprop=\"author\">Juliano Passaro<\/span><\/a><\/span><time datetime=\"2020-04-07T07:07:04-03:00\" itemprop=\"datePublished\">07\/04\/2020 07:07<\/time><\/div><\/div><\/div><\/div><\/div>","single_layout":"posts","amp_enabled":true,"_links":{"self":[{"href":"https:\/\/www.suno.com.br\/noticias\/wp-json\/wp\/v2\/posts\/60693"}],"collection":[{"href":"https:\/\/www.suno.com.br\/noticias\/wp-json\/wp\/v2\/posts"}],"about":[{"href":"https:\/\/www.suno.com.br\/noticias\/wp-json\/wp\/v2\/types\/post"}],"author":[{"embeddable":true,"href":"https:\/\/www.suno.com.br\/noticias\/wp-json\/wp\/v2\/users\/19"}],"replies":[{"embeddable":true,"href":"https:\/\/www.suno.com.br\/noticias\/wp-json\/wp\/v2\/comments?post=60693"}],"version-history":[{"count":0,"href":"https:\/\/www.suno.com.br\/noticias\/wp-json\/wp\/v2\/posts\/60693\/revisions"}],"wp:featuredmedia":[{"embeddable":true,"href":"https:\/\/www.suno.com.br\/noticias\/wp-json\/wp\/v2\/media\/21570"}],"wp:attachment":[{"href":"https:\/\/www.suno.com.br\/noticias\/wp-json\/wp\/v2\/media?parent=60693"}],"wp:term":[{"taxonomy":"category","embeddable":true,"href":"https:\/\/www.suno.com.br\/noticias\/wp-json\/wp\/v2\/categories?post=60693"},{"taxonomy":"post_tag","embeddable":true,"href":"https:\/\/www.suno.com.br\/noticias\/wp-json\/wp\/v2\/tags?post=60693"},{"taxonomy":"suno_strategy","embeddable":true,"href":"https:\/\/www.suno.com.br\/noticias\/wp-json\/wp\/v2\/suno_strategy?post=60693"}],"curies":[{"name":"wp","href":"https:\/\/api.w.org\/{rel}","templated":true}]}}