{"id":60647,"date":"2020-04-06T17:36:01","date_gmt":"2020-04-06T20:36:01","guid":{"rendered":"https:\/\/www.suno.com.br\/noticias\/?p=60647"},"modified":"2021-02-17T22:43:36","modified_gmt":"2021-02-18T01:43:36","slug":"dolar-encerra-em-queda-de-064-cotado-em-r-5292-06042020","status":"publish","type":"post","link":"https:\/\/www.suno.com.br\/noticias\/dolar-encerra-em-queda-de-064-cotado-em-r-5292-06042020\/","title":{"rendered":"D\u00f3lar encerra em queda de 0,64%, cotado em R$ 5,292"},"content":{"rendered":"<p>O <strong>d\u00f3lar<\/strong> encerrou nesta segunda-feira (6) em queda de 0,64%, negociado a R$ 5,292 na venda.<\/p>\t<div class=\"wrapper-featured-image\">\n\t\t<figure class=\"spotlightImg\">\n\n\t\t\t<picture>\n\t\t\t\t<source media=\"(max-width: 768px)\" srcset=\"https:\/\/files.sunoresearch.com.br\/n\/uploads\/2019\/04\/53db1664-d\u00f3lar--400x200.webp\">\n\t\t\t\t<img loading=\"lazy\" decoding=\"async\" class=\"newsContent__article__imgCapa lazyloadDisabled newsContent__article__imgCapa--noCaption\" src=\"https:\/\/files.sunoresearch.com.br\/n\/uploads\/2019\/04\/53db1664-d\u00f3lar--800x450.webp\" width=\"800\" height=\"450\" alt=\"D\u00f3lar encerra em queda de 0,64%, cotado em R$ 5,292\" fetchpriority=high \/>\n\t\t\t<\/picture>\n\n\t\t\t<figcaption class=\"wp-caption-text wp-caption-text--hide\">O d\u00f3lar encerrou nesta segunda-feira (6) em queda de 0,64%, negociado a R$ 5,292 na venda. Clique aqui para saber mais<\/figcaption>\n\t\t<\/figure>\n\t<\/div>\n\n\n\n<p>Confira as not\u00edcias que movimentaram o mercado nessa segunda-feira:<\/p>\n<ul>\n<li><strong>Boletim Focus<\/strong> prev\u00ea queda de 1,18% no PIB de 2020;<\/li>\n<li><strong>Goldman Sachs<\/strong> prev\u00ea que d\u00e9ficit prim\u00e1rio do Brasil ser\u00e1 9% do PIB;<\/li>\n<li><strong>BCE<\/strong> triplica compra de d\u00edvidas dos governos da zona do euro.<\/li>\n<\/ul>\n<h2>Boletim Focus prev\u00ea queda de 1,18% no PIB brasileiro<\/h2>\n<p>Os especialistas do mercado financeiro, respons\u00e1veis pela elabora\u00e7\u00e3o do<strong> <a href=\"https:\/\/www.suno.com.br\/artigos\/relatorio-focus\/\">Boletim Focus<\/a><\/strong>, cortaram a previs\u00e3o do <a href=\"https:\/\/www.suno.com.br\/artigos\/pib-produto-interno-bruto\/\">Produto Interno Bruto (<strong>PIB<\/strong>)<\/a> de 2020 novamente. Na divulga\u00e7\u00e3o desta segunda-feira, a estimativa \u00e9 de uma recess\u00e3o na economia brasileira, com uma queda de 1,18%. Na semana passada a previs\u00e3o era de -0,48%.<\/p>\n<p>J\u00e1 a previs\u00e3o da taxa b\u00e1sica de juros da economia (Selic), foi diminu\u00edda para 3,25%. H\u00e1 cerca de tr\u00eas semanas, o <a href=\"https:\/\/www.suno.com.br\/artigos\/copom\/\"><strong>Comit\u00ea de Pol\u00edtica Monet\u00e1ria <\/strong>(Copom)<\/a> decidiu cortar a taxa de juros mais uma vez, deixando-a em 3,75%, no menor patamar de sua s\u00e9rie hist\u00f3rica.<\/p>\n<p><a href=\"https:\/\/www.suno.com.br\/noticias\/boletim-focus-preve-queda-de-118-no-pib-de-2020\/\">Saiba mais: Boletim Focus prev\u00ea queda de 1,18% no PIB de 2020<\/a><\/p>\n<p>A expectativa pelo <a href=\"https:\/\/www.suno.com.br\/artigos\/ipca\/\"><strong>\u00cdndice Nacional de Pre\u00e7os ao Consumidor Amplo <\/strong>(IPCA)<\/a> para este ano, de acordo com a divulga\u00e7\u00e3o do BC, foi cortada pela quarta semana consecutiva. Segundo os especialistas ouvidos pela autoridade monet\u00e1ria central do Brasil, a <strong>infla\u00e7\u00e3o<\/strong> de 2020 ser\u00e1 de 2,72%. Na \u00faltima semana, a estimativa era de 2,94%.<\/p>\n<h2>Goldman Sachs prev\u00ea que d\u00e9ficit prim\u00e1rio do Brasil ser\u00e1 9% do PIB<\/h2>\n<p>O Goldman Sachs informou que o d\u00e9ficit prim\u00e1rio do Brasil deve ficar entre 7% e 9% do <a href=\"https:\/\/www.suno.com.br\/artigos\/pib-produto-interno-bruto\/\">Produto Interno Bruto (<strong>PIB<\/strong>)<\/a> e a d\u00edvida bruta deve ser de 87% a 91% do <strong>PIB<\/strong> brasileiro, em 2020. A informa\u00e7\u00e3o foi divulgada nessa segunda-feira (6) em um relat\u00f3rio do banco que analisa os impactos da pandemia do novo coronav\u00edrus (Covid-19) em 7 pa\u00edses da Am\u00e9rica Latina.<\/p>\n<p><a href=\"https:\/\/www.suno.com.br\/nossas-assinaturas\/suno-premium\/\">Bolsa em queda livre!? Aproveita as maiores oportunidades da bolsa brasileira com nosso acesso Suno Premium<\/a><\/p>\n<p>No ano passado, o <a href=\"https:\/\/www.suno.com.br\/artigos\/deficit-primario\/\"><strong>d\u00e9ficit prim\u00e1rio<\/strong><\/a> do Brasil foi 0,9% do PIB, enquanto a d\u00edvida p\u00fablica foi 75,8% do Produto. Al\u00e9m disso, o Goldman Sachs informou que o pacote fiscal anunciado para combater os danos na economia, causados pela nova doen\u00e7a, ir\u00e3o danificar ainda mais o quadro fiscal do brasileiro.<\/p>\n\t<p>\n\t\t<a href=\"https:\/\/lp.suno.com.br\/ao\/sessao-estrategica-consultoria-c\/?utm_source=suno-noticias&#038;utm_medium=banner&#038;utm_campaing=dividendos-taxacao-pl\" target=\"_blank\" data-element=\"shortcode-suno-banner\" title=\"Banner SUNO, clique e saiba mais\">\n\t\t\t<picture>\n\t\t\t\t<source media=\"(max-width: 500px)\" srcset=\"https:\/\/files.sunoresearch.com.br\/n\/uploads\/2025\/09\/300x400.webp\">\n\t\t\t\t<img class=\"newsContent__article__imgCapa newsContent__article__imgCapa--banner\"\n\t\t\t\t\tsrc=\"https:\/\/files.sunoresearch.com.br\/n\/uploads\/2025\/09\/SN-DT-1420x240-1.webp\"\n\t\t\t\t\tdata-promo-id=\"628283\"\t\t\t\t\t\t\t\t\t\twidth='1420' height='240'\t\t\t\t\talt=\"https:\/\/files.sunoresearch.com.br\/n\/uploads\/2025\/09\/SN-DT-1420x240-1.webp\"\n\t\t\t\t>\n\t\t\t<\/picture>\n\t\t<\/a>\n\t<\/p>\n\n\n<p>O Brasil \u00e9, entre os pa\u00edses analisados pela institui\u00e7\u00e3o, que tem a d\u00edvida mais alta e por isso poder\u00e1 apresentar o maior <a href=\"https:\/\/www.suno.com.br\/artigos\/deficit-publico\/\">d\u00e9ficit prim\u00e1rio.<\/a><\/p>\n<h2>BCE triplica compra de d\u00edvidas dos governos da zona do euro<\/h2>\n<p>O <a href=\"https:\/\/www.suno.com.br\/artigos\/bce\/\"><strong>Banco Central Europeu (BCE)<\/strong><\/a> triplicou, no m\u00eas de mar\u00e7o, sua compra de d\u00edvidas de governos europeus da <a href=\"https:\/\/www.suno.com.br\/artigos\/zona-do-euro\/\">zona do euro<\/a>, em compara\u00e7\u00e3o com o m\u00eas anterior.<\/p>\n<p>A a\u00e7\u00e3o do <strong>BCE<\/strong> foi no sentido de frear o aumento nos custos do s empr\u00e9stimos dos pa\u00edses do sul do continente europeu, amplamente atingidos pela crise do novo coronav\u00edrus.<\/p>\n<p><a href=\"https:\/\/www.suno.com.br\/nossas-assinaturas\/suno-premium\/\">Coronav\u00edrus e Mercado Financeiro | Saiba quais oportunidades voc\u00ea pode estar perdendo<\/a><\/p>\n<p>Conforme dados divulgados nesta segunda-feira pela entidade monet\u00e1ria, as compras se concentraram na It\u00e1lia, na Fran\u00e7a e na Espanha. Somente a <strong>It\u00e1lia<\/strong> foi respons\u00e1vel por um ter\u00e7o do volume de compras de b\u00f4nus realizado em mar\u00e7o pelo BCE sob seu <a href=\"https:\/\/www.suno.com.br\/artigos\/quantitative-easing\/\">programa de al\u00edvio quantitativo (QE)<\/a>.<\/p>\n<h2>\u00daltima cota\u00e7\u00e3o do d\u00f3lar<\/h2>\n<p>Na \u00faltima sess\u00e3o, sexta-feira, o <strong>d\u00f3lar<\/strong> encerrou em alta de 1,14%, negociado a R$ 5,326 na venda batendo um novo recorde nominal.<\/p>\n\n","protected":false},"excerpt":{"rendered":"<p>O d\u00f3lar encerrou nesta segunda-feira (6) em queda de 0,64%, negociado a R$ 5,292 na venda. O d\u00f3lar encerrou nesta segunda-feira (6) em queda de 0,64%, negociado a R$ 5,292 na venda. Clique aqui para saber mais Confira as not\u00edcias que movimentaram o mercado nessa segunda-feira: Boletim Focus prev\u00ea queda de 1,18% no PIB de [&hellip;]<\/p>\n","protected":false},"author":39,"featured_media":21302,"comment_status":"closed","ping_status":"closed","sticky":false,"template":"","format":"standard","meta":[],"categories":[60],"tags":[863,834,326,775],"suno_strategy":[],"class_list":["post-60647","post","type-post","status-publish","format-standard","has-post-thumbnail","hentry","category-mercado","tag-banco-central-europeu-bce","tag-boletim-focus","tag-dolar","tag-goldman-sachs-gsgi34"],"yoast_head":"<!-- This site is optimized with the Yoast SEO plugin v24.4 - https:\/\/yoast.com\/wordpress\/plugins\/seo\/ -->\n<title>D\u00f3lar encerra em queda de 0,64%, cotado em R$ 5,292<\/title>\n<meta name=\"description\" content=\"O d\u00f3lar encerrou nesta segunda-feira (6) em queda de 0,64%, negociado a R$ 5,292 na venda. Clique aqui para saber mais\" \/>\n<meta name=\"robots\" content=\"index, follow, max-snippet:-1, max-image-preview:large, max-video-preview:-1\" \/>\n<link rel=\"canonical\" href=\"https:\/\/www.suno.com.br\/noticias\/dolar-encerra-em-queda-de-064-cotado-em-r-5292-06042020\/\" \/>\n<meta property=\"og:locale\" content=\"pt_BR\" \/>\n<meta property=\"og:type\" content=\"article\" \/>\n<meta property=\"og:title\" content=\"D\u00f3lar encerra em queda de 0,64%, cotado em R$ 5,292\" \/>\n<meta property=\"og:description\" content=\"O d\u00f3lar encerrou nesta segunda-feira (6) em queda de 0,64%, negociado a R$ 5,292 na venda. Clique aqui para saber mais\" \/>\n<meta property=\"og:url\" content=\"https:\/\/www.suno.com.br\/noticias\/dolar-encerra-em-queda-de-064-cotado-em-r-5292-06042020\/\" \/>\n<meta property=\"og:site_name\" content=\"Suno Not\u00edcias\" \/>\n<meta property=\"article:publisher\" content=\"https:\/\/facebook.com\/sunoresearch\" \/>\n<meta property=\"og:image\" content=\"https:\/\/files.sunoresearch.com.br\/n\/uploads\/2019\/04\/53db1664-d\u00f3lar-.jpg\" \/>\n\t<meta property=\"og:image:width\" content=\"1140\" \/>\n\t<meta property=\"og:image:height\" content=\"760\" \/>\n\t<meta property=\"og:image:type\" content=\"image\/jpeg\" \/>\n<meta name=\"author\" content=\"Laura Moutinho\" \/>\n<meta name=\"twitter:card\" content=\"summary_large_image\" \/>\n<meta name=\"twitter:creator\" content=\"@sunoresearch\" \/>\n<meta name=\"twitter:site\" content=\"@sunoresearch\" \/>\n<meta name=\"twitter:label1\" content=\"Escrito por\" \/>\n\t<meta name=\"twitter:data1\" content=\"Laura Moutinho\" \/>\n\t<meta name=\"twitter:label2\" content=\"Est. tempo de leitura\" \/>\n\t<meta name=\"twitter:data2\" content=\"3 minutos\" \/>\n<script type=\"application\/ld+json\" class=\"yoast-schema-graph\">{\"@context\":\"https:\/\/schema.org\",\"@graph\":[{\"@type\":\"NewsArticle\",\"@id\":\"https:\/\/www.suno.com.br\/noticias\/dolar-encerra-em-queda-de-064-cotado-em-r-5292-06042020\/#article\",\"isPartOf\":{\"@id\":\"https:\/\/www.suno.com.br\/noticias\/dolar-encerra-em-queda-de-064-cotado-em-r-5292-06042020\/\"},\"author\":{\"name\":\"Laura Moutinho\",\"@id\":\"https:\/\/www.suno.com.br\/noticias\/#\/schema\/person\/3df0d2808748b74496efe5dbeaef2c72\"},\"headline\":\"D\u00f3lar encerra em queda de 0,64%, cotado em R$ 5,292\",\"datePublished\":\"2020-04-06T20:36:01+00:00\",\"dateModified\":\"2021-02-18T01:43:36+00:00\",\"mainEntityOfPage\":{\"@id\":\"https:\/\/www.suno.com.br\/noticias\/dolar-encerra-em-queda-de-064-cotado-em-r-5292-06042020\/\"},\"wordCount\":599,\"publisher\":{\"@id\":\"https:\/\/www.suno.com.br\/noticias\/#organization\"},\"image\":{\"@id\":\"https:\/\/www.suno.com.br\/noticias\/dolar-encerra-em-queda-de-064-cotado-em-r-5292-06042020\/#primaryimage\"},\"thumbnailUrl\":\"https:\/\/files.sunoresearch.com.br\/n\/uploads\/2019\/04\/53db1664-d\u00f3lar--jpg.webp\",\"keywords\":[\"Banco Central Europeu (BCE)\",\"Boletim Focus\",\"d\u00f3lar\",\"Goldman Sachs (GSGI34)\"],\"articleSection\":[\"Mercado\"],\"inLanguage\":\"pt-BR\"},{\"@type\":\"WebPage\",\"@id\":\"https:\/\/www.suno.com.br\/noticias\/dolar-encerra-em-queda-de-064-cotado-em-r-5292-06042020\/\",\"url\":\"https:\/\/www.suno.com.br\/noticias\/dolar-encerra-em-queda-de-064-cotado-em-r-5292-06042020\/\",\"name\":\"D\u00f3lar encerra em queda de 0,64%, cotado em R$ 5,292\",\"isPartOf\":{\"@id\":\"https:\/\/www.suno.com.br\/noticias\/#website\"},\"primaryImageOfPage\":{\"@id\":\"https:\/\/www.suno.com.br\/noticias\/dolar-encerra-em-queda-de-064-cotado-em-r-5292-06042020\/#primaryimage\"},\"image\":{\"@id\":\"https:\/\/www.suno.com.br\/noticias\/dolar-encerra-em-queda-de-064-cotado-em-r-5292-06042020\/#primaryimage\"},\"thumbnailUrl\":\"https:\/\/files.sunoresearch.com.br\/n\/uploads\/2019\/04\/53db1664-d\u00f3lar--jpg.webp\",\"datePublished\":\"2020-04-06T20:36:01+00:00\",\"dateModified\":\"2021-02-18T01:43:36+00:00\",\"description\":\"O d\u00f3lar encerrou nesta segunda-feira (6) em queda de 0,64%, negociado a R$ 5,292 na venda. Clique aqui para saber mais\",\"breadcrumb\":{\"@id\":\"https:\/\/www.suno.com.br\/noticias\/dolar-encerra-em-queda-de-064-cotado-em-r-5292-06042020\/#breadcrumb\"},\"inLanguage\":\"pt-BR\",\"potentialAction\":[{\"@type\":\"ReadAction\",\"target\":[\"https:\/\/www.suno.com.br\/noticias\/dolar-encerra-em-queda-de-064-cotado-em-r-5292-06042020\/\"]}]},{\"@type\":\"ImageObject\",\"inLanguage\":\"pt-BR\",\"@id\":\"https:\/\/www.suno.com.br\/noticias\/dolar-encerra-em-queda-de-064-cotado-em-r-5292-06042020\/#primaryimage\",\"url\":\"https:\/\/files.sunoresearch.com.br\/n\/uploads\/2019\/04\/53db1664-d\u00f3lar--jpg.webp\",\"contentUrl\":\"https:\/\/files.sunoresearch.com.br\/n\/uploads\/2019\/04\/53db1664-d\u00f3lar--jpg.webp\",\"width\":1140,\"height\":760,\"caption\":\"O d\u00f3lar encerrou nesta segunda-feira (6) em queda de 0,64%, negociado a R$ 5,292 na venda. Clique aqui para saber mais\"},{\"@type\":\"BreadcrumbList\",\"@id\":\"https:\/\/www.suno.com.br\/noticias\/dolar-encerra-em-queda-de-064-cotado-em-r-5292-06042020\/#breadcrumb\",\"itemListElement\":[{\"@type\":\"ListItem\",\"position\":1,\"name\":\"Not\u00edcias\",\"item\":\"https:\/\/www.suno.com.br\/noticias\/\"},{\"@type\":\"ListItem\",\"position\":2,\"name\":\"Mercado\",\"item\":\"https:\/\/www.suno.com.br\/noticias\/mercado\/\"},{\"@type\":\"ListItem\",\"position\":3,\"name\":\"D\u00f3lar encerra em queda de 0,64%, cotado em R$ 5,292\"}]},{\"@type\":\"WebSite\",\"@id\":\"https:\/\/www.suno.com.br\/noticias\/#website\",\"url\":\"https:\/\/www.suno.com.br\/noticias\/\",\"name\":\"Suno Not\u00edcias\",\"description\":\"Seu portal de informa\u00e7\u00e3o sobre o mundo dos investimentos\",\"publisher\":{\"@id\":\"https:\/\/www.suno.com.br\/noticias\/#organization\"},\"potentialAction\":[{\"@type\":\"SearchAction\",\"target\":{\"@type\":\"EntryPoint\",\"urlTemplate\":\"https:\/\/www.suno.com.br\/noticias\/?s={search_term_string}\"},\"query-input\":{\"@type\":\"PropertyValueSpecification\",\"valueRequired\":true,\"valueName\":\"search_term_string\"}}],\"inLanguage\":\"pt-BR\"},{\"@type\":\"Organization\",\"@id\":\"https:\/\/www.suno.com.br\/noticias\/#organization\",\"name\":\"Suno Not\u00edcias\",\"url\":\"https:\/\/www.suno.com.br\/noticias\/\",\"logo\":{\"@type\":\"ImageObject\",\"inLanguage\":\"pt-BR\",\"@id\":\"https:\/\/www.suno.com.br\/noticias\/#\/schema\/logo\/image\/\",\"url\":\"https:\/\/files.sunoresearch.com.br\/n\/uploads\/2021\/09\/suno-logo.png\",\"contentUrl\":\"https:\/\/files.sunoresearch.com.br\/n\/uploads\/2021\/09\/suno-logo.png\",\"width\":180,\"height\":180,\"caption\":\"Suno Not\u00edcias\"},\"image\":{\"@id\":\"https:\/\/www.suno.com.br\/noticias\/#\/schema\/logo\/image\/\"},\"sameAs\":[\"https:\/\/facebook.com\/sunoresearch\",\"https:\/\/x.com\/sunoresearch\",\"https:\/\/www.instagram.com\/suno\",\"https:\/\/www.linkedin.com\/company\/suno-research\/\",\"https:\/\/www.youtube.com\/c\/sunoresearch\"]},{\"@type\":\"Person\",\"@id\":\"https:\/\/www.suno.com.br\/noticias\/#\/schema\/person\/3df0d2808748b74496efe5dbeaef2c72\",\"name\":\"Laura Moutinho\",\"image\":{\"@type\":\"ImageObject\",\"inLanguage\":\"pt-BR\",\"@id\":\"https:\/\/www.suno.com.br\/noticias\/#\/schema\/person\/image\/\",\"url\":\"https:\/\/secure.gravatar.com\/avatar\/7571c7c8ca3a6fca5e41384ece5557ff?s=96&r=g\",\"contentUrl\":\"https:\/\/secure.gravatar.com\/avatar\/7571c7c8ca3a6fca5e41384ece5557ff?s=96&r=g\",\"caption\":\"Laura Moutinho\"},\"description\":\"Estagi\u00e1ria na Suno Not\u00edcias, escreve not\u00edcias que afetam o mercado financeiro. Estuda administra\u00e7\u00e3o na Universidade Presbiteriana Mackenzie.\",\"url\":\"https:\/\/www.suno.com.br\/noticias\/author\/laura-moutinho\/\"}]}<\/script>\n<!-- \/ Yoast SEO plugin. -->","yoast_head_json":{"title":"D\u00f3lar encerra em queda de 0,64%, cotado em R$ 5,292","description":"O d\u00f3lar encerrou nesta segunda-feira (6) em queda de 0,64%, negociado a R$ 5,292 na venda. Clique aqui para saber mais","robots":{"index":"index","follow":"follow","max-snippet":"max-snippet:-1","max-image-preview":"max-image-preview:large","max-video-preview":"max-video-preview:-1"},"canonical":"https:\/\/www.suno.com.br\/noticias\/dolar-encerra-em-queda-de-064-cotado-em-r-5292-06042020\/","og_locale":"pt_BR","og_type":"article","og_title":"D\u00f3lar encerra em queda de 0,64%, cotado em R$ 5,292","og_description":"O d\u00f3lar encerrou nesta segunda-feira (6) em queda de 0,64%, negociado a R$ 5,292 na venda. Clique aqui para saber mais","og_url":"https:\/\/www.suno.com.br\/noticias\/dolar-encerra-em-queda-de-064-cotado-em-r-5292-06042020\/","og_site_name":"Suno Not\u00edcias","article_publisher":"https:\/\/facebook.com\/sunoresearch","og_image":[{"width":1140,"height":760,"url":"https:\/\/files.sunoresearch.com.br\/n\/uploads\/2019\/04\/53db1664-d\u00f3lar-.jpg","type":"image\/jpeg"}],"author":"Laura Moutinho","twitter_card":"summary_large_image","twitter_creator":"@sunoresearch","twitter_site":"@sunoresearch","twitter_misc":{"Escrito por":"Laura Moutinho","Est. tempo de leitura":"3 minutos"},"schema":{"@context":"https:\/\/schema.org","@graph":[{"@type":"NewsArticle","@id":"https:\/\/www.suno.com.br\/noticias\/dolar-encerra-em-queda-de-064-cotado-em-r-5292-06042020\/#article","isPartOf":{"@id":"https:\/\/www.suno.com.br\/noticias\/dolar-encerra-em-queda-de-064-cotado-em-r-5292-06042020\/"},"author":{"name":"Laura Moutinho","@id":"https:\/\/www.suno.com.br\/noticias\/#\/schema\/person\/3df0d2808748b74496efe5dbeaef2c72"},"headline":"D\u00f3lar encerra em queda de 0,64%, cotado em R$ 5,292","datePublished":"2020-04-06T20:36:01+00:00","dateModified":"2021-02-18T01:43:36+00:00","mainEntityOfPage":{"@id":"https:\/\/www.suno.com.br\/noticias\/dolar-encerra-em-queda-de-064-cotado-em-r-5292-06042020\/"},"wordCount":599,"publisher":{"@id":"https:\/\/www.suno.com.br\/noticias\/#organization"},"image":{"@id":"https:\/\/www.suno.com.br\/noticias\/dolar-encerra-em-queda-de-064-cotado-em-r-5292-06042020\/#primaryimage"},"thumbnailUrl":"https:\/\/files.sunoresearch.com.br\/n\/uploads\/2019\/04\/53db1664-d\u00f3lar--jpg.webp","keywords":["Banco Central Europeu (BCE)","Boletim Focus","d\u00f3lar","Goldman Sachs (GSGI34)"],"articleSection":["Mercado"],"inLanguage":"pt-BR"},{"@type":"WebPage","@id":"https:\/\/www.suno.com.br\/noticias\/dolar-encerra-em-queda-de-064-cotado-em-r-5292-06042020\/","url":"https:\/\/www.suno.com.br\/noticias\/dolar-encerra-em-queda-de-064-cotado-em-r-5292-06042020\/","name":"D\u00f3lar encerra em queda de 0,64%, cotado em R$ 5,292","isPartOf":{"@id":"https:\/\/www.suno.com.br\/noticias\/#website"},"primaryImageOfPage":{"@id":"https:\/\/www.suno.com.br\/noticias\/dolar-encerra-em-queda-de-064-cotado-em-r-5292-06042020\/#primaryimage"},"image":{"@id":"https:\/\/www.suno.com.br\/noticias\/dolar-encerra-em-queda-de-064-cotado-em-r-5292-06042020\/#primaryimage"},"thumbnailUrl":"https:\/\/files.sunoresearch.com.br\/n\/uploads\/2019\/04\/53db1664-d\u00f3lar--jpg.webp","datePublished":"2020-04-06T20:36:01+00:00","dateModified":"2021-02-18T01:43:36+00:00","description":"O d\u00f3lar encerrou nesta segunda-feira (6) em queda de 0,64%, negociado a R$ 5,292 na venda. Clique aqui para saber mais","breadcrumb":{"@id":"https:\/\/www.suno.com.br\/noticias\/dolar-encerra-em-queda-de-064-cotado-em-r-5292-06042020\/#breadcrumb"},"inLanguage":"pt-BR","potentialAction":[{"@type":"ReadAction","target":["https:\/\/www.suno.com.br\/noticias\/dolar-encerra-em-queda-de-064-cotado-em-r-5292-06042020\/"]}]},{"@type":"ImageObject","inLanguage":"pt-BR","@id":"https:\/\/www.suno.com.br\/noticias\/dolar-encerra-em-queda-de-064-cotado-em-r-5292-06042020\/#primaryimage","url":"https:\/\/files.sunoresearch.com.br\/n\/uploads\/2019\/04\/53db1664-d\u00f3lar--jpg.webp","contentUrl":"https:\/\/files.sunoresearch.com.br\/n\/uploads\/2019\/04\/53db1664-d\u00f3lar--jpg.webp","width":1140,"height":760,"caption":"O d\u00f3lar encerrou nesta segunda-feira (6) em queda de 0,64%, negociado a R$ 5,292 na venda. Clique aqui para saber mais"},{"@type":"BreadcrumbList","@id":"https:\/\/www.suno.com.br\/noticias\/dolar-encerra-em-queda-de-064-cotado-em-r-5292-06042020\/#breadcrumb","itemListElement":[{"@type":"ListItem","position":1,"name":"Not\u00edcias","item":"https:\/\/www.suno.com.br\/noticias\/"},{"@type":"ListItem","position":2,"name":"Mercado","item":"https:\/\/www.suno.com.br\/noticias\/mercado\/"},{"@type":"ListItem","position":3,"name":"D\u00f3lar encerra em queda de 0,64%, cotado em R$ 5,292"}]},{"@type":"WebSite","@id":"https:\/\/www.suno.com.br\/noticias\/#website","url":"https:\/\/www.suno.com.br\/noticias\/","name":"Suno Not\u00edcias","description":"Seu portal de informa\u00e7\u00e3o sobre o mundo dos investimentos","publisher":{"@id":"https:\/\/www.suno.com.br\/noticias\/#organization"},"potentialAction":[{"@type":"SearchAction","target":{"@type":"EntryPoint","urlTemplate":"https:\/\/www.suno.com.br\/noticias\/?s={search_term_string}"},"query-input":{"@type":"PropertyValueSpecification","valueRequired":true,"valueName":"search_term_string"}}],"inLanguage":"pt-BR"},{"@type":"Organization","@id":"https:\/\/www.suno.com.br\/noticias\/#organization","name":"Suno Not\u00edcias","url":"https:\/\/www.suno.com.br\/noticias\/","logo":{"@type":"ImageObject","inLanguage":"pt-BR","@id":"https:\/\/www.suno.com.br\/noticias\/#\/schema\/logo\/image\/","url":"https:\/\/files.sunoresearch.com.br\/n\/uploads\/2021\/09\/suno-logo.png","contentUrl":"https:\/\/files.sunoresearch.com.br\/n\/uploads\/2021\/09\/suno-logo.png","width":180,"height":180,"caption":"Suno Not\u00edcias"},"image":{"@id":"https:\/\/www.suno.com.br\/noticias\/#\/schema\/logo\/image\/"},"sameAs":["https:\/\/facebook.com\/sunoresearch","https:\/\/x.com\/sunoresearch","https:\/\/www.instagram.com\/suno","https:\/\/www.linkedin.com\/company\/suno-research\/","https:\/\/www.youtube.com\/c\/sunoresearch"]},{"@type":"Person","@id":"https:\/\/www.suno.com.br\/noticias\/#\/schema\/person\/3df0d2808748b74496efe5dbeaef2c72","name":"Laura Moutinho","image":{"@type":"ImageObject","inLanguage":"pt-BR","@id":"https:\/\/www.suno.com.br\/noticias\/#\/schema\/person\/image\/","url":"https:\/\/secure.gravatar.com\/avatar\/7571c7c8ca3a6fca5e41384ece5557ff?s=96&r=g","contentUrl":"https:\/\/secure.gravatar.com\/avatar\/7571c7c8ca3a6fca5e41384ece5557ff?s=96&r=g","caption":"Laura Moutinho"},"description":"Estagi\u00e1ria na Suno Not\u00edcias, escreve not\u00edcias que afetam o mercado financeiro. Estuda administra\u00e7\u00e3o na Universidade Presbiteriana Mackenzie.","url":"https:\/\/www.suno.com.br\/noticias\/author\/laura-moutinho\/"}]}},"default_loop_html":"<div class=\"cardsPage__listCard__boxs\"><div class=\"cardsPage__listCard__boxs__img\"><a href=\"https:\/\/www.suno.com.br\/noticias\/dolar-encerra-em-queda-de-064-cotado-em-r-5292-06042020\/\"><img class=\"mask\" src=\"https:\/\/www.suno.com.br\/noticias\/wp-content\/themes\/suno\/resources\/images\/spotlight\/spotlight1img\/bg-mask.png\" alt=\"Image Mask\"\/><img src=\"https:\/\/files.sunoresearch.com.br\/n\/uploads\/2019\/04\/53db1664-d\u00f3lar--400x200.webp\" alt=\"D\u00f3lar encerra em queda de 0,64%, cotado em R$ 5,292\"\/><\/a><span class=\"spotlightCategory\"><a href=\"https:\/\/www.suno.com.br\/noticias\/mercado\/\">Mercado<\/a><\/span><\/div><div class=\"cardsPage__listCard__boxs__content\"><a href=\"https:\/\/www.suno.com.br\/noticias\/dolar-encerra-em-queda-de-064-cotado-em-r-5292-06042020\/\"><h2 class=\"content__title\">D\u00f3lar encerra em queda de 0,64%, cotado em R$ 5,292<\/h2><\/a><div class=\"newsContent__article__meta\"><div class=\"newsContent__article__meta__authorBox\"><a href=\"https:\/\/www.suno.com.br\/noticias\/author\/laura-moutinho\/\" class=\"authorBox__avatar noMobi\"><img src=\"https:\/\/files.sunoresearch.com.br\/n\/uploads\/2020\/08\/531ff69d-whatsapp-image-2020-08-03-at-14.54.38-150x150.webp\" alt=\"Laura Moutinho\"><\/a><div class=\"authorBox__name\"><span>por\n\t\t\t<a href=\"https:\/\/www.suno.com.br\/noticias\/author\/laura-moutinho\/\"><span itemprop=\"author\">Laura Moutinho<\/span><\/a><\/span><time datetime=\"2020-04-06T17:36:01-03:00\" itemprop=\"datePublished\">06\/04\/2020 17:36<\/time><\/div><\/div><\/div><\/div><\/div>","single_layout":"posts","amp_enabled":true,"_links":{"self":[{"href":"https:\/\/www.suno.com.br\/noticias\/wp-json\/wp\/v2\/posts\/60647"}],"collection":[{"href":"https:\/\/www.suno.com.br\/noticias\/wp-json\/wp\/v2\/posts"}],"about":[{"href":"https:\/\/www.suno.com.br\/noticias\/wp-json\/wp\/v2\/types\/post"}],"author":[{"embeddable":true,"href":"https:\/\/www.suno.com.br\/noticias\/wp-json\/wp\/v2\/users\/39"}],"replies":[{"embeddable":true,"href":"https:\/\/www.suno.com.br\/noticias\/wp-json\/wp\/v2\/comments?post=60647"}],"version-history":[{"count":0,"href":"https:\/\/www.suno.com.br\/noticias\/wp-json\/wp\/v2\/posts\/60647\/revisions"}],"wp:featuredmedia":[{"embeddable":true,"href":"https:\/\/www.suno.com.br\/noticias\/wp-json\/wp\/v2\/media\/21302"}],"wp:attachment":[{"href":"https:\/\/www.suno.com.br\/noticias\/wp-json\/wp\/v2\/media?parent=60647"}],"wp:term":[{"taxonomy":"category","embeddable":true,"href":"https:\/\/www.suno.com.br\/noticias\/wp-json\/wp\/v2\/categories?post=60647"},{"taxonomy":"post_tag","embeddable":true,"href":"https:\/\/www.suno.com.br\/noticias\/wp-json\/wp\/v2\/tags?post=60647"},{"taxonomy":"suno_strategy","embeddable":true,"href":"https:\/\/www.suno.com.br\/noticias\/wp-json\/wp\/v2\/suno_strategy?post=60647"}],"curies":[{"name":"wp","href":"https:\/\/api.w.org\/{rel}","templated":true}]}}