{"id":60645,"date":"2020-04-06T17:30:12","date_gmt":"2020-04-06T20:30:12","guid":{"rendered":"https:\/\/www.suno.com.br\/noticias\/?p=60645"},"modified":"2021-05-10T13:07:42","modified_gmt":"2021-05-10T16:07:42","slug":"bce-triplica-compra-dividas","status":"publish","type":"post","link":"https:\/\/www.suno.com.br\/noticias\/bce-triplica-compra-dividas\/","title":{"rendered":"BCE triplica compra de d\u00edvidas dos governos da zona do euro"},"content":{"rendered":"<p>O <a href=\"https:\/\/www.suno.com.br\/artigos\/bce\/\"><strong>Banco Central Europeu (BCE)<\/strong><\/a> triplicou, no m\u00eas de mar\u00e7o, sua compra de d\u00edvidas de governos europeus da <a href=\"https:\/\/www.suno.com.br\/artigos\/zona-do-euro\/\">zona do euro<\/a>, em compara\u00e7\u00e3o com o m\u00eas anterior.<\/p>\t<div class=\"wrapper-featured-image\">\n\t\t<figure class=\"spotlightImg\">\n\n\t\t\t<picture>\n\t\t\t\t<source media=\"(max-width: 768px)\" srcset=\"https:\/\/files.sunoresearch.com.br\/n\/uploads\/2019\/09\/22a9a642-bce-400x200.webp\">\n\t\t\t\t<img loading=\"lazy\" decoding=\"async\" class=\"newsContent__article__imgCapa lazyloadDisabled newsContent__article__imgCapa--noCaption\" src=\"https:\/\/files.sunoresearch.com.br\/n\/uploads\/2019\/09\/22a9a642-bce-800x450.webp\" width=\"800\" height=\"450\" alt=\"BCE triplica compra de d\u00edvidas dos governos da zona do euro\" fetchpriority=high \/>\n\t\t\t<\/picture>\n\n\t\t\t<figcaption class=\"wp-caption-text wp-caption-text--hide\">BCE <\/figcaption>\n\t\t<\/figure>\n\t<\/div>\n\n\n\n<p>A a\u00e7\u00e3o do <strong>BCE<\/strong> foi no sentido de frear o aumento nos custos do s empr\u00e9stimos dos pa\u00edses do sul do continente europeu, amplamente atingidos pela crise do novo coronav\u00edrus (covid-19).<\/p>\n<p><a href=\"https:\/\/www.suno.com.br\/noticias\/coronavirus-na-europa-bce-anuncia-medidas-de-estimulo\/\">Saiba mais: Coronav\u00edrus: Na Europa, BCE anuncia medidas de est\u00edmulo<\/a><\/p>\n<p>Conforme dados divulgados nesta segunda-feira pela entidade monet\u00e1ria, as compras se concentraram na It\u00e1lia, na Fran\u00e7a e na Espanha. Somente a <strong>It\u00e1lia<\/strong> foi respons\u00e1vel por um ter\u00e7o do volume de compras de b\u00f4nus realizado em mar\u00e7o pelo BCE sob seu <a href=\"https:\/\/www.suno.com.br\/artigos\/quantitative-easing\/\">programa de al\u00edvio quantitativo (QE)<\/a>.<\/p>\n<h2>Compra de t\u00edtulos p\u00fablicos feita pelo BCE<\/h2>\n<p>A soma de compras da d\u00edvida p\u00fablica no \u00e2mbito desse programa, lan\u00e7ado h\u00e1 cinco anos, subiu para bilh\u00f5es de euros, ante 12 bilh\u00f5es de euros no m\u00eas de fevereiro.<\/p>\n<p>Em fun\u00e7\u00e3o da preocupa\u00e7\u00e3o dos investidores com o crescente endividamento do pa\u00eds, os rendimentos do t\u00edtulos do governo italiano registraram n\u00edvel mais alto em meses durante o m\u00eas de mar\u00e7o. Dessa forma, as a\u00e7\u00f5es do BCE ajudaram a reduzir esses valores.<\/p>\n\t<p>\n\t\t<a href=\"https:\/\/lp.statusinvest.com.br\/cl\/carteira-automatizada\/\" target=\"_blank\" data-element=\"shortcode-suno-banner\" title=\"Banner SUNO, clique e saiba mais\">\n\t\t\t<picture>\n\t\t\t\t<source media=\"(max-width: 500px)\" srcset=\"https:\/\/files.sunoresearch.com.br\/n\/uploads\/2024\/02\/400x300-Mobile.png\">\n\t\t\t\t<img class=\"newsContent__article__imgCapa newsContent__article__imgCapa--banner\"\n\t\t\t\t\tsrc=\"https:\/\/files.sunoresearch.com.br\/n\/uploads\/2024\/02\/1420x240-Desktop.png\"\n\t\t\t\t\tdata-promo-id=\"518879\"\t\t\t\t\t\t\t\t\t\twidth='1420' height='240'\t\t\t\t\talt=\"https:\/\/files.sunoresearch.com.br\/n\/uploads\/2024\/02\/1420x240-Desktop.png\"\n\t\t\t\t>\n\t\t\t<\/picture>\n\t\t<\/a>\n\t<\/p>\n\n\n<p>No entanto, o aux\u00edlio feito a It\u00e1lia se desviou de normas autoimpostas da autoridade monet\u00e1ria. De acordo com o limites da entidade, a compra de t\u00edtulos do governo deve ser feita conforme o tamanho de cada economia. O BCE comprou no m\u00eas passado apenas cerca de 2 bilh\u00f5es de euros do governo alem\u00e3o sob seu programa de QE.<\/p>\n<p><a href=\"https:\/\/www.suno.com.br\/noticias\/coronavirus-presidente-bce-politica-fiscal-coordenada\/\">Saiba mais: Coronav\u00edrus: Presidente do BCE diz que \u00e9 necess\u00e1rio uma pol\u00edtica fiscal coordenada<\/a><\/p>\n<p>Ap\u00f3s uma s\u00e9rie de imprecis\u00f5es realizadas por altos funcion\u00e1rios ligados a autoridade monet\u00e1ria, o <strong>BCE<\/strong> lan\u00e7ou o um novo programa de compra de t\u00edtulos p\u00fablico de 750 bilh\u00f5es de euros, o Programa de Compra de Emerg\u00eancia Pand\u00eamica (PEPP, na sigla em ingl\u00eas). Segundo dados, a entidade comprou cerca de 15 bilh\u00f5es de d\u00edvidas governamentais e corporativas no final de mar\u00e7o.<\/p>\n\n","protected":false},"excerpt":{"rendered":"<p>O Banco Central Europeu (BCE) triplicou, no m\u00eas de mar\u00e7o, sua compra de d\u00edvidas de governos europeus da zona do euro, em compara\u00e7\u00e3o com o m\u00eas anterior. BCE A a\u00e7\u00e3o do BCE foi no sentido de frear o aumento nos custos do s empr\u00e9stimos dos pa\u00edses do sul do continente europeu, amplamente atingidos pela crise [&hellip;]<\/p>\n","protected":false},"author":35,"featured_media":37310,"comment_status":"closed","ping_status":"closed","sticky":false,"template":"","format":"standard","meta":[],"categories":[63],"tags":[863,2135],"suno_strategy":[],"class_list":["post-60645","post","type-post","status-publish","format-standard","has-post-thumbnail","hentry","category-internacional","tag-banco-central-europeu-bce","tag-titulos-de-divida"],"yoast_head":"<!-- This site is optimized with the Yoast SEO plugin v24.4 - https:\/\/yoast.com\/wordpress\/plugins\/seo\/ -->\n<title>BCE triplica compra de d\u00edvidas dos governos da zona do euro<\/title>\n<meta name=\"description\" content=\"O BCE triplicou em mar\u00e7o sua compra de d\u00edvidas de governos europeus da zona do euro, em compara\u00e7\u00e3o com o m\u00eas anterior. Clique para saber mais\" \/>\n<meta name=\"robots\" content=\"index, follow, max-snippet:-1, max-image-preview:large, max-video-preview:-1\" \/>\n<link rel=\"canonical\" href=\"https:\/\/www.suno.com.br\/noticias\/bce-triplica-compra-dividas\/\" \/>\n<meta property=\"og:locale\" content=\"pt_BR\" \/>\n<meta property=\"og:type\" content=\"article\" \/>\n<meta property=\"og:title\" content=\"BCE triplica compra de d\u00edvidas dos governos da zona do euro\" \/>\n<meta property=\"og:description\" content=\"O BCE triplicou em mar\u00e7o sua compra de d\u00edvidas de governos europeus da zona do euro, em compara\u00e7\u00e3o com o m\u00eas anterior. Clique para saber mais\" \/>\n<meta property=\"og:url\" content=\"https:\/\/www.suno.com.br\/noticias\/bce-triplica-compra-dividas\/\" \/>\n<meta property=\"og:site_name\" content=\"Suno Not\u00edcias\" \/>\n<meta property=\"article:publisher\" content=\"https:\/\/facebook.com\/sunoresearch\" \/>\n<meta property=\"og:image\" content=\"https:\/\/files.sunoresearch.com.br\/n\/uploads\/2019\/09\/22a9a642-bce-1024x614.jpg\" \/>\n\t<meta property=\"og:image:width\" content=\"1024\" \/>\n\t<meta property=\"og:image:height\" content=\"614\" \/>\n\t<meta property=\"og:image:type\" content=\"image\/jpeg\" \/>\n<meta name=\"author\" content=\"Arthur Guimar\u00e3es\" \/>\n<meta name=\"twitter:card\" content=\"summary_large_image\" \/>\n<meta name=\"twitter:creator\" content=\"@sunoresearch\" \/>\n<meta name=\"twitter:site\" content=\"@sunoresearch\" \/>\n<meta name=\"twitter:label1\" content=\"Escrito por\" \/>\n\t<meta name=\"twitter:data1\" content=\"Arthur Guimar\u00e3es\" \/>\n\t<meta name=\"twitter:label2\" content=\"Est. tempo de leitura\" \/>\n\t<meta name=\"twitter:data2\" content=\"2 minutos\" \/>\n<script type=\"application\/ld+json\" class=\"yoast-schema-graph\">{\"@context\":\"https:\/\/schema.org\",\"@graph\":[{\"@type\":\"NewsArticle\",\"@id\":\"https:\/\/www.suno.com.br\/noticias\/bce-triplica-compra-dividas\/#article\",\"isPartOf\":{\"@id\":\"https:\/\/www.suno.com.br\/noticias\/bce-triplica-compra-dividas\/\"},\"author\":{\"name\":\"Arthur Guimar\u00e3es\",\"@id\":\"https:\/\/www.suno.com.br\/noticias\/#\/schema\/person\/053a750a709a263919a20f976caae91c\"},\"headline\":\"BCE triplica compra de d\u00edvidas dos governos da zona do euro\",\"datePublished\":\"2020-04-06T20:30:12+00:00\",\"dateModified\":\"2021-05-10T16:07:42+00:00\",\"mainEntityOfPage\":{\"@id\":\"https:\/\/www.suno.com.br\/noticias\/bce-triplica-compra-dividas\/\"},\"wordCount\":401,\"publisher\":{\"@id\":\"https:\/\/www.suno.com.br\/noticias\/#organization\"},\"image\":{\"@id\":\"https:\/\/www.suno.com.br\/noticias\/bce-triplica-compra-dividas\/#primaryimage\"},\"thumbnailUrl\":\"https:\/\/files.sunoresearch.com.br\/n\/uploads\/2019\/09\/22a9a642-bce-jpg.webp\",\"keywords\":[\"Banco Central Europeu (BCE)\",\"t\u00edtulos de d\u00edvida\"],\"articleSection\":[\"Internacional\"],\"inLanguage\":\"pt-BR\"},{\"@type\":\"WebPage\",\"@id\":\"https:\/\/www.suno.com.br\/noticias\/bce-triplica-compra-dividas\/\",\"url\":\"https:\/\/www.suno.com.br\/noticias\/bce-triplica-compra-dividas\/\",\"name\":\"BCE triplica compra de d\u00edvidas dos governos da zona do euro\",\"isPartOf\":{\"@id\":\"https:\/\/www.suno.com.br\/noticias\/#website\"},\"primaryImageOfPage\":{\"@id\":\"https:\/\/www.suno.com.br\/noticias\/bce-triplica-compra-dividas\/#primaryimage\"},\"image\":{\"@id\":\"https:\/\/www.suno.com.br\/noticias\/bce-triplica-compra-dividas\/#primaryimage\"},\"thumbnailUrl\":\"https:\/\/files.sunoresearch.com.br\/n\/uploads\/2019\/09\/22a9a642-bce-jpg.webp\",\"datePublished\":\"2020-04-06T20:30:12+00:00\",\"dateModified\":\"2021-05-10T16:07:42+00:00\",\"description\":\"O BCE triplicou em mar\u00e7o sua compra de d\u00edvidas de governos europeus da zona do euro, em compara\u00e7\u00e3o com o m\u00eas anterior. Clique para saber mais\",\"breadcrumb\":{\"@id\":\"https:\/\/www.suno.com.br\/noticias\/bce-triplica-compra-dividas\/#breadcrumb\"},\"inLanguage\":\"pt-BR\",\"potentialAction\":[{\"@type\":\"ReadAction\",\"target\":[\"https:\/\/www.suno.com.br\/noticias\/bce-triplica-compra-dividas\/\"]}]},{\"@type\":\"ImageObject\",\"inLanguage\":\"pt-BR\",\"@id\":\"https:\/\/www.suno.com.br\/noticias\/bce-triplica-compra-dividas\/#primaryimage\",\"url\":\"https:\/\/files.sunoresearch.com.br\/n\/uploads\/2019\/09\/22a9a642-bce-jpg.webp\",\"contentUrl\":\"https:\/\/files.sunoresearch.com.br\/n\/uploads\/2019\/09\/22a9a642-bce-jpg.webp\",\"width\":2560,\"height\":1536,\"caption\":\"BCE\"},{\"@type\":\"BreadcrumbList\",\"@id\":\"https:\/\/www.suno.com.br\/noticias\/bce-triplica-compra-dividas\/#breadcrumb\",\"itemListElement\":[{\"@type\":\"ListItem\",\"position\":1,\"name\":\"Not\u00edcias\",\"item\":\"https:\/\/www.suno.com.br\/noticias\/\"},{\"@type\":\"ListItem\",\"position\":2,\"name\":\"Internacional\",\"item\":\"https:\/\/www.suno.com.br\/noticias\/internacional\/\"},{\"@type\":\"ListItem\",\"position\":3,\"name\":\"BCE triplica compra de d\u00edvidas dos governos da zona do euro\"}]},{\"@type\":\"WebSite\",\"@id\":\"https:\/\/www.suno.com.br\/noticias\/#website\",\"url\":\"https:\/\/www.suno.com.br\/noticias\/\",\"name\":\"Suno Not\u00edcias\",\"description\":\"Seu portal de informa\u00e7\u00e3o sobre o mundo dos investimentos\",\"publisher\":{\"@id\":\"https:\/\/www.suno.com.br\/noticias\/#organization\"},\"potentialAction\":[{\"@type\":\"SearchAction\",\"target\":{\"@type\":\"EntryPoint\",\"urlTemplate\":\"https:\/\/www.suno.com.br\/noticias\/?s={search_term_string}\"},\"query-input\":{\"@type\":\"PropertyValueSpecification\",\"valueRequired\":true,\"valueName\":\"search_term_string\"}}],\"inLanguage\":\"pt-BR\"},{\"@type\":\"Organization\",\"@id\":\"https:\/\/www.suno.com.br\/noticias\/#organization\",\"name\":\"Suno Not\u00edcias\",\"url\":\"https:\/\/www.suno.com.br\/noticias\/\",\"logo\":{\"@type\":\"ImageObject\",\"inLanguage\":\"pt-BR\",\"@id\":\"https:\/\/www.suno.com.br\/noticias\/#\/schema\/logo\/image\/\",\"url\":\"https:\/\/files.sunoresearch.com.br\/n\/uploads\/2021\/09\/suno-logo.png\",\"contentUrl\":\"https:\/\/files.sunoresearch.com.br\/n\/uploads\/2021\/09\/suno-logo.png\",\"width\":180,\"height\":180,\"caption\":\"Suno Not\u00edcias\"},\"image\":{\"@id\":\"https:\/\/www.suno.com.br\/noticias\/#\/schema\/logo\/image\/\"},\"sameAs\":[\"https:\/\/facebook.com\/sunoresearch\",\"https:\/\/x.com\/sunoresearch\",\"https:\/\/www.instagram.com\/suno\",\"https:\/\/www.linkedin.com\/company\/suno-research\/\",\"https:\/\/www.youtube.com\/c\/sunoresearch\"]},{\"@type\":\"Person\",\"@id\":\"https:\/\/www.suno.com.br\/noticias\/#\/schema\/person\/053a750a709a263919a20f976caae91c\",\"name\":\"Arthur Guimar\u00e3es\",\"image\":{\"@type\":\"ImageObject\",\"inLanguage\":\"pt-BR\",\"@id\":\"https:\/\/www.suno.com.br\/noticias\/#\/schema\/person\/image\/\",\"url\":\"https:\/\/secure.gravatar.com\/avatar\/1affd86a11209ae09eb6dd3bcad3e96c?s=96&r=g\",\"contentUrl\":\"https:\/\/secure.gravatar.com\/avatar\/1affd86a11209ae09eb6dd3bcad3e96c?s=96&r=g\",\"caption\":\"Arthur Guimar\u00e3es\"},\"description\":\"Arthur Guimar\u00e3es escreve sobre pol\u00edtica, economia e neg\u00f3cios para o portal de not\u00edcias da Suno Research. Atualmente, \u00e9 estudante de jornalismo pela Faculdade C\u00e1sper L\u00edbero.\",\"url\":\"https:\/\/www.suno.com.br\/noticias\/author\/arthur-guimaraes\/\"}]}<\/script>\n<!-- \/ Yoast SEO plugin. -->","yoast_head_json":{"title":"BCE triplica compra de d\u00edvidas dos governos da zona do euro","description":"O BCE triplicou em mar\u00e7o sua compra de d\u00edvidas de governos europeus da zona do euro, em compara\u00e7\u00e3o com o m\u00eas anterior. Clique para saber mais","robots":{"index":"index","follow":"follow","max-snippet":"max-snippet:-1","max-image-preview":"max-image-preview:large","max-video-preview":"max-video-preview:-1"},"canonical":"https:\/\/www.suno.com.br\/noticias\/bce-triplica-compra-dividas\/","og_locale":"pt_BR","og_type":"article","og_title":"BCE triplica compra de d\u00edvidas dos governos da zona do euro","og_description":"O BCE triplicou em mar\u00e7o sua compra de d\u00edvidas de governos europeus da zona do euro, em compara\u00e7\u00e3o com o m\u00eas anterior. Clique para saber mais","og_url":"https:\/\/www.suno.com.br\/noticias\/bce-triplica-compra-dividas\/","og_site_name":"Suno Not\u00edcias","article_publisher":"https:\/\/facebook.com\/sunoresearch","og_image":[{"width":1024,"height":614,"url":"https:\/\/files.sunoresearch.com.br\/n\/uploads\/2019\/09\/22a9a642-bce-1024x614.jpg","type":"image\/jpeg"}],"author":"Arthur Guimar\u00e3es","twitter_card":"summary_large_image","twitter_creator":"@sunoresearch","twitter_site":"@sunoresearch","twitter_misc":{"Escrito por":"Arthur Guimar\u00e3es","Est. tempo de leitura":"2 minutos"},"schema":{"@context":"https:\/\/schema.org","@graph":[{"@type":"NewsArticle","@id":"https:\/\/www.suno.com.br\/noticias\/bce-triplica-compra-dividas\/#article","isPartOf":{"@id":"https:\/\/www.suno.com.br\/noticias\/bce-triplica-compra-dividas\/"},"author":{"name":"Arthur Guimar\u00e3es","@id":"https:\/\/www.suno.com.br\/noticias\/#\/schema\/person\/053a750a709a263919a20f976caae91c"},"headline":"BCE triplica compra de d\u00edvidas dos governos da zona do euro","datePublished":"2020-04-06T20:30:12+00:00","dateModified":"2021-05-10T16:07:42+00:00","mainEntityOfPage":{"@id":"https:\/\/www.suno.com.br\/noticias\/bce-triplica-compra-dividas\/"},"wordCount":401,"publisher":{"@id":"https:\/\/www.suno.com.br\/noticias\/#organization"},"image":{"@id":"https:\/\/www.suno.com.br\/noticias\/bce-triplica-compra-dividas\/#primaryimage"},"thumbnailUrl":"https:\/\/files.sunoresearch.com.br\/n\/uploads\/2019\/09\/22a9a642-bce-jpg.webp","keywords":["Banco Central Europeu (BCE)","t\u00edtulos de d\u00edvida"],"articleSection":["Internacional"],"inLanguage":"pt-BR"},{"@type":"WebPage","@id":"https:\/\/www.suno.com.br\/noticias\/bce-triplica-compra-dividas\/","url":"https:\/\/www.suno.com.br\/noticias\/bce-triplica-compra-dividas\/","name":"BCE triplica compra de d\u00edvidas dos governos da zona do euro","isPartOf":{"@id":"https:\/\/www.suno.com.br\/noticias\/#website"},"primaryImageOfPage":{"@id":"https:\/\/www.suno.com.br\/noticias\/bce-triplica-compra-dividas\/#primaryimage"},"image":{"@id":"https:\/\/www.suno.com.br\/noticias\/bce-triplica-compra-dividas\/#primaryimage"},"thumbnailUrl":"https:\/\/files.sunoresearch.com.br\/n\/uploads\/2019\/09\/22a9a642-bce-jpg.webp","datePublished":"2020-04-06T20:30:12+00:00","dateModified":"2021-05-10T16:07:42+00:00","description":"O BCE triplicou em mar\u00e7o sua compra de d\u00edvidas de governos europeus da zona do euro, em compara\u00e7\u00e3o com o m\u00eas anterior. Clique para saber mais","breadcrumb":{"@id":"https:\/\/www.suno.com.br\/noticias\/bce-triplica-compra-dividas\/#breadcrumb"},"inLanguage":"pt-BR","potentialAction":[{"@type":"ReadAction","target":["https:\/\/www.suno.com.br\/noticias\/bce-triplica-compra-dividas\/"]}]},{"@type":"ImageObject","inLanguage":"pt-BR","@id":"https:\/\/www.suno.com.br\/noticias\/bce-triplica-compra-dividas\/#primaryimage","url":"https:\/\/files.sunoresearch.com.br\/n\/uploads\/2019\/09\/22a9a642-bce-jpg.webp","contentUrl":"https:\/\/files.sunoresearch.com.br\/n\/uploads\/2019\/09\/22a9a642-bce-jpg.webp","width":2560,"height":1536,"caption":"BCE"},{"@type":"BreadcrumbList","@id":"https:\/\/www.suno.com.br\/noticias\/bce-triplica-compra-dividas\/#breadcrumb","itemListElement":[{"@type":"ListItem","position":1,"name":"Not\u00edcias","item":"https:\/\/www.suno.com.br\/noticias\/"},{"@type":"ListItem","position":2,"name":"Internacional","item":"https:\/\/www.suno.com.br\/noticias\/internacional\/"},{"@type":"ListItem","position":3,"name":"BCE triplica compra de d\u00edvidas dos governos da zona do euro"}]},{"@type":"WebSite","@id":"https:\/\/www.suno.com.br\/noticias\/#website","url":"https:\/\/www.suno.com.br\/noticias\/","name":"Suno Not\u00edcias","description":"Seu portal de informa\u00e7\u00e3o sobre o mundo dos investimentos","publisher":{"@id":"https:\/\/www.suno.com.br\/noticias\/#organization"},"potentialAction":[{"@type":"SearchAction","target":{"@type":"EntryPoint","urlTemplate":"https:\/\/www.suno.com.br\/noticias\/?s={search_term_string}"},"query-input":{"@type":"PropertyValueSpecification","valueRequired":true,"valueName":"search_term_string"}}],"inLanguage":"pt-BR"},{"@type":"Organization","@id":"https:\/\/www.suno.com.br\/noticias\/#organization","name":"Suno Not\u00edcias","url":"https:\/\/www.suno.com.br\/noticias\/","logo":{"@type":"ImageObject","inLanguage":"pt-BR","@id":"https:\/\/www.suno.com.br\/noticias\/#\/schema\/logo\/image\/","url":"https:\/\/files.sunoresearch.com.br\/n\/uploads\/2021\/09\/suno-logo.png","contentUrl":"https:\/\/files.sunoresearch.com.br\/n\/uploads\/2021\/09\/suno-logo.png","width":180,"height":180,"caption":"Suno Not\u00edcias"},"image":{"@id":"https:\/\/www.suno.com.br\/noticias\/#\/schema\/logo\/image\/"},"sameAs":["https:\/\/facebook.com\/sunoresearch","https:\/\/x.com\/sunoresearch","https:\/\/www.instagram.com\/suno","https:\/\/www.linkedin.com\/company\/suno-research\/","https:\/\/www.youtube.com\/c\/sunoresearch"]},{"@type":"Person","@id":"https:\/\/www.suno.com.br\/noticias\/#\/schema\/person\/053a750a709a263919a20f976caae91c","name":"Arthur Guimar\u00e3es","image":{"@type":"ImageObject","inLanguage":"pt-BR","@id":"https:\/\/www.suno.com.br\/noticias\/#\/schema\/person\/image\/","url":"https:\/\/secure.gravatar.com\/avatar\/1affd86a11209ae09eb6dd3bcad3e96c?s=96&r=g","contentUrl":"https:\/\/secure.gravatar.com\/avatar\/1affd86a11209ae09eb6dd3bcad3e96c?s=96&r=g","caption":"Arthur Guimar\u00e3es"},"description":"Arthur Guimar\u00e3es escreve sobre pol\u00edtica, economia e neg\u00f3cios para o portal de not\u00edcias da Suno Research. Atualmente, \u00e9 estudante de jornalismo pela Faculdade C\u00e1sper L\u00edbero.","url":"https:\/\/www.suno.com.br\/noticias\/author\/arthur-guimaraes\/"}]}},"default_loop_html":"<div class=\"cardsPage__listCard__boxs\"><div class=\"cardsPage__listCard__boxs__img\"><a href=\"https:\/\/www.suno.com.br\/noticias\/bce-triplica-compra-dividas\/\"><img class=\"mask\" src=\"https:\/\/www.suno.com.br\/noticias\/wp-content\/themes\/suno\/resources\/images\/spotlight\/spotlight1img\/bg-mask.png\" alt=\"Image Mask\"\/><img src=\"https:\/\/files.sunoresearch.com.br\/n\/uploads\/2019\/09\/22a9a642-bce-400x200.webp\" alt=\"BCE triplica compra de d\u00edvidas dos governos da zona do euro\"\/><\/a><span class=\"spotlightCategory\"><a href=\"https:\/\/www.suno.com.br\/noticias\/internacional\/\">Internacional<\/a><\/span><\/div><div class=\"cardsPage__listCard__boxs__content\"><a href=\"https:\/\/www.suno.com.br\/noticias\/bce-triplica-compra-dividas\/\"><h2 class=\"content__title\">BCE triplica compra de d\u00edvidas dos governos da zona do euro<\/h2><\/a><div class=\"newsContent__article__meta\"><div class=\"newsContent__article__meta__authorBox\"><a href=\"https:\/\/www.suno.com.br\/noticias\/author\/arthur-guimaraes\/\" class=\"authorBox__avatar noMobi\"><img src=\"https:\/\/files.sunoresearch.com.br\/n\/uploads\/2020\/02\/dfb40897-eu-150x150.webp\" alt=\"Arthur Guimar\u00e3es\"><\/a><div class=\"authorBox__name\"><span>por\n\t\t\t<a href=\"https:\/\/www.suno.com.br\/noticias\/author\/arthur-guimaraes\/\"><span itemprop=\"author\">Arthur Guimar\u00e3es<\/span><\/a><\/span><time datetime=\"2020-04-06T17:30:12-03:00\" itemprop=\"datePublished\">06\/04\/2020 17:30<\/time><\/div><\/div><\/div><\/div><\/div>","single_layout":"posts","amp_enabled":true,"_links":{"self":[{"href":"https:\/\/www.suno.com.br\/noticias\/wp-json\/wp\/v2\/posts\/60645"}],"collection":[{"href":"https:\/\/www.suno.com.br\/noticias\/wp-json\/wp\/v2\/posts"}],"about":[{"href":"https:\/\/www.suno.com.br\/noticias\/wp-json\/wp\/v2\/types\/post"}],"author":[{"embeddable":true,"href":"https:\/\/www.suno.com.br\/noticias\/wp-json\/wp\/v2\/users\/35"}],"replies":[{"embeddable":true,"href":"https:\/\/www.suno.com.br\/noticias\/wp-json\/wp\/v2\/comments?post=60645"}],"version-history":[{"count":1,"href":"https:\/\/www.suno.com.br\/noticias\/wp-json\/wp\/v2\/posts\/60645\/revisions"}],"predecessor-version":[{"id":146254,"href":"https:\/\/www.suno.com.br\/noticias\/wp-json\/wp\/v2\/posts\/60645\/revisions\/146254"}],"wp:featuredmedia":[{"embeddable":true,"href":"https:\/\/www.suno.com.br\/noticias\/wp-json\/wp\/v2\/media\/37310"}],"wp:attachment":[{"href":"https:\/\/www.suno.com.br\/noticias\/wp-json\/wp\/v2\/media?parent=60645"}],"wp:term":[{"taxonomy":"category","embeddable":true,"href":"https:\/\/www.suno.com.br\/noticias\/wp-json\/wp\/v2\/categories?post=60645"},{"taxonomy":"post_tag","embeddable":true,"href":"https:\/\/www.suno.com.br\/noticias\/wp-json\/wp\/v2\/tags?post=60645"},{"taxonomy":"suno_strategy","embeddable":true,"href":"https:\/\/www.suno.com.br\/noticias\/wp-json\/wp\/v2\/suno_strategy?post=60645"}],"curies":[{"name":"wp","href":"https:\/\/api.w.org\/{rel}","templated":true}]}}